{"id":21963,"date":"2020-06-29T05:00:00","date_gmt":"2020-06-29T03:00:00","guid":{"rendered":"https:\/\/www.mzone.cz\/?p=21963"},"modified":"2020-06-06T14:34:28","modified_gmt":"2020-06-06T12:34:28","slug":"sport-koronavirus-nezmeni-rikaji-komentatori","status":"publish","type":"post","link":"https:\/\/www.mzone.cz\/en\/sport-koronavirus-nezmeni-rikaji-komentatori\/","title":{"rendered":"Sport koronavirus nezm\u011bn\u00ed, \u0159\u00edkaj\u00ed sportovn\u00ed koment\u00e1to\u0159i"},"content":{"rendered":"<p><strong>Pr\u00e1ce sportovn\u00edho koment\u00e1tora je snem nejen mnoha mal\u00fdch chlapc\u016f, ale tak\u00e9 o n\u011bco dosp\u011blej\u0161\u00edch fand\u016f. Jako u ka\u017ed\u00e9 jin\u00e9 profese, cesta na vrchol nen\u00ed snadn\u00e1, prov\u00e1z\u00ed ji v\u0161emo\u017en\u00e1 \u00faskal\u00ed a n\u00e1strahy. Dok\u00e1\u017ee v\u0161ak zprost\u0159edkov\u00e1vat radost div\u00e1k\u016fm u televizn\u00edch obrazovek. Dva p\u0159edn\u00ed koment\u00e1to\u0159i Ond\u0159ej Vor\u0161ilka a Michal Micka se rozpov\u00eddali o sv\u00e9 cest\u011b ke sportovn\u00edmu mikrofonu a tak\u00e9 o tom, jak\u00e9 bude m\u00edt koronavirov\u00e1 krize dopady na n\u011b samotn\u00e9 i sport obecn\u011b.<\/strong><\/p><br>\n\n\n\n<h4 class=\"has-vivid-red-color has-text-color wp-block-heading\">Jak\u00e1 byla va\u0161e motivace st\u00e1t se koment\u00e1torem?<\/h4>\n\n\n\n<p><strong>Ond\u0159ej Vor\u0161ilka:<\/strong> Od mali\u010dka m\u011b sport fascinoval. Asi v \u0161esti letech jsem dostal prvn\u00ed brusle, hokejku a u\u017e to bylo. Poka\u017ed\u00e9 kdy\u017e jsem hr\u00e1l hokejov\u00fd z\u00e1pas jsem si p\u0159edstavoval okam\u017eiky ze z\u00e1pas\u016f, kter\u00e9 jsem sledoval v televizi. Fascinovala m\u011b pr\u00e1ce koment\u00e1tor\u016f, v\u017edy m\u011b zaj\u00edmalo, jak\u00e9 to mus\u00ed b\u00fdt v emoc\u00edch p\u0159ibli\u017eovat n\u00e1rodu ty kr\u00e1sn\u00e9 momenty velk\u00fdch z\u00e1pas\u016f.<\/p>\n\n\n\n<blockquote class=\"wp-block-quote is-layout-flow wp-block-quote-is-layout-flow\"><p>\u010casto jsem si na koment\u00e1tora hr\u00e1val u\u017e v ma\u010d\u00edch za bar\u00e1kem. Pravda je, \u017ee te\u010f u\u017e bych ty v\u00fdkony asi zp\u011btn\u011b sly\u0161et necht\u011bl. Ale podstatn\u00e9 je, \u017ee m\u011b to nepustilo.\u00a0<\/p><\/blockquote>\n\n\n\n<p><strong>Michal Micka:<\/strong> Hlavn\u00ed motivac\u00ed byla rozhodn\u011b mo\u017enost spojit svou celo\u017eivotn\u00ed l\u00e1sku, tedy sport, s prac\u00ed. Tak\u0159ka ka\u017ed\u00fd mlad\u0161\u00ed nebo star\u0161\u00ed sportovn\u00ed nad\u0161enec n\u011bkdy alespo\u0148 zap\u0159em\u00fd\u0161lel, jak\u00e9 to je usednout na koment\u00e1torsk\u00e9 stanovi\u0161t\u011b na stadionu a sna\u017eit se zprost\u0159edkovat ud\u00e1lost, kterou s\u00e1m pova\u017euje za v\u00fdjime\u010dnou.<\/p><br>\n\n\n\n<figure class=\"wp-block-image size-large\"><img loading=\"lazy\" decoding=\"async\" width=\"720\" height=\"480\" src=\"https:\/\/www.mzone.cz\/wp-content\/uploads\/2020\/06\/83929535_10213085798219371_8435789654560604160_n_49972422393_o.jpg\" alt=\"Sportovn\u00ed koment\u00e1tor Ond\u0159ej Vor\u0161ilka\" class=\"wp-image-21969\" srcset=\"https:\/\/www.mzone.cz\/wp-content\/uploads\/2020\/06\/83929535_10213085798219371_8435789654560604160_n_49972422393_o.jpg 720w, https:\/\/www.mzone.cz\/wp-content\/uploads\/2020\/06\/83929535_10213085798219371_8435789654560604160_n_49972422393_o-300x200.jpg 300w, https:\/\/www.mzone.cz\/wp-content\/uploads\/2020\/06\/83929535_10213085798219371_8435789654560604160_n_49972422393_o-400x267.jpg 400w, https:\/\/www.mzone.cz\/wp-content\/uploads\/2020\/06\/83929535_10213085798219371_8435789654560604160_n_49972422393_o-500x333.jpg 500w, https:\/\/www.mzone.cz\/wp-content\/uploads\/2020\/06\/83929535_10213085798219371_8435789654560604160_n_49972422393_o-590x393.jpg 590w\" sizes=\"auto, (max-width: 720px) 100vw, 720px\" \/><\/figure><br>\n\n\n\n<h4 class=\"has-vivid-red-color has-text-color wp-block-heading\">Vzpomenete si na n\u011bjakou trapnou situaci?<\/h4>\n\n\n\n<p><strong>Ond\u0159ej Vor\u0161ilka:<\/strong> Do \u00faskal\u00ed se dostane koment\u00e1tor pom\u011brn\u011b \u010dasto a kolikr\u00e1t za to ani nem\u016f\u017ee. Nej\u010dast\u011bji jde o r\u016fzn\u00e9 n\u00e1hl\u00e9 zm\u011bny na h\u0159i\u0161ti, kter\u00e9 nejsou z\u0159ejm\u00e9 z koment\u00e1torsk\u00e9 pozice, ale div\u00e1k je v p\u0159enose vid\u00ed. Pak jste samoz\u0159ejm\u011b chvilku za \u0148oumu. Kapitola sama o sob\u011b jsou p\u0159e\u0159eky. A ano, jeden z t\u011bch nej\u0161\u00edlen\u011bj\u0161\u00edch, kter\u00fd si ka\u017ed\u00fd velmi rychle p\u0159edstav\u00ed, se mi poda\u0159il. V exponovan\u00e9m okam\u017eiku nejmenovan\u00e9ho hokejov\u00e9ho utk\u00e1n\u00ed jsem ve v\u011bt\u011b \u201evyslal st\u0159elu na branku\u201c zam\u011bnil prvn\u00ed L za R. Styd\u00edm se dodnes. Nebo kdy\u017e jsem sv\u00e9ho \u010dasu d\u011blal rozhovor se Zdenem Ch\u00e1rou, m\u00e1lem jsem se se sv\u00fdmi 178 cm neve\u0161el do z\u00e1b\u011bru.\u00a0<\/p>\n\n\n\n<p><strong>Michal Micka:<\/strong> Jeden nejv\u011bt\u0161\u00ed trapas se popravd\u011b hled\u00e1 t\u011b\u017eko, nicm\u00e9n\u011b je to kompenzov\u00e1no spoustou trapas\u016f men\u0161\u00edch. Ty se t\u00fdkaj\u00ed nedokonal\u00e9 p\u0159ipravenosti \u010di nervozity v prvn\u00edch komentovan\u00fdch z\u00e1pasech, kdy m\u011b v \u00favodu p\u0159i soust\u0159ed\u011bn\u00e9m \u010dten\u00ed sestav p\u0159ekvapila n\u00e1hl\u00e1 st\u0159ela do ty\u010de nebo dokonce branka. B\u011b\u017en\u00e9 byly tak\u00e9 chyby v identifikaci hr\u00e1\u010d\u016f, zvl\u00e1\u0161t\u011b kdy\u017e hr\u00e1\u010d u\u017e t\u0159eba byl st\u0159\u00edd\u00e1n, ale j\u00e1 jsem v danou chv\u00edli nezku\u0161en\u011b listoval ve sv\u00e9 p\u0159\u00edprav\u011b a nezpozoroval jsem, \u017ee doty\u010dn\u00fd u\u017e v z\u00e1pase v\u016fbec nefiguruje. A mo\u017en\u00e1 v\u016fbec &#8220;nejobl\u00edben\u011bj\u0161\u00ed&#8221; jsou situace, kdy se mi do koment\u00e1\u0159e vkrade del\u0161\u00ed, na v\u00fdslovnost slo\u017eit\u011bj\u0161\u00ed slovo, kter\u00e9 nat\u0159ikr\u00e1t nedok\u00e1\u017eu \u0159\u00edct spr\u00e1vn\u011b. To u\u017e je takzvan\u011b na ru\u010dn\u00edk.<\/p><br>\n\n\n\n<h4 class=\"has-vivid-red-color has-text-color wp-block-heading\">Jak\u00fd je v\u00e1\u0161 nejv\u011bt\u0161\u00ed z\u00e1\u017eitek p\u0159i komentov\u00e1n\u00ed?<\/h4>\n\n\n\n<p><strong>Ond\u0159ej Vor\u0161ilka:<\/strong> V\u0161eobecn\u011b se d\u00e1 \u0159\u00edct, \u017ee to jsou velk\u00e9 fin\u00e1lov\u00e9 z\u00e1pasy komentovan\u00e9 p\u0159\u00edmo na stadionu. Ta atmosf\u00e9ra a emoce, kter\u00e9 pro\u017e\u00edv\u00e1te, to se t\u011b\u017eko popisuje. V t\u011bch okam\u017eic\u00edch si \u0159\u00edk\u00e1m, \u017ee p\u0159esn\u011b pro tohle to d\u011bl\u00e1m. Samoz\u0159ejm\u011b p\u0159istupuji profesion\u00e1ln\u011b ke v\u0161em z\u00e1pas\u016fm, kter\u00e9 komentuji. Je \u00fapln\u011b jedno, jak\u00e1 je to sout\u011b\u017e, fin\u00e1le nebo prvn\u00ed z\u00e1pas sezony, sv\u00e9 pr\u00e1ce si v\u017edy v\u00e1\u017e\u00edm. N\u011bkdy ale m\u00e1te adrenalin a\u017e za u\u0161ima.<\/p>\n\n\n\n<blockquote class=\"wp-block-quote is-layout-flow wp-block-quote-is-layout-flow\"><p>V roce 2014 hr\u00e1l fin\u00e1le KHL \u010desk\u00fd t\u00fdm HC Lev Praha. Nikdy nezapomenu na vyprodanou bou\u0159\u00edc\u00ed O2 arenu, na neskute\u010dn\u00fd obrat v \u0161est\u00e9m utk\u00e1n\u00ed a pak samoz\u0159ejm\u011b na sedm\u00fd rozhoduj\u00edc\u00ed z\u00e1pas v Magnitogorsku a n\u00e1sledn\u00fd let s t\u00fdmem na palub\u011b do Prahy. St\u0159\u00edbrn\u00e9 oslavy byly velkolep\u00e9.\u00a0<\/p><\/blockquote>\n\n\n\n<figure class=\"wp-block-image size-large\"><img loading=\"lazy\" decoding=\"async\" width=\"960\" height=\"640\" src=\"https:\/\/www.mzone.cz\/wp-content\/uploads\/2020\/06\/72433441_10212379357358791_6193011127622828032_n_49972422418_o.jpg\" alt=\"Komentov\u00e1n\u00ed sportovn\u00edch utk\u00e1n\u00ed je pro koment\u00e1tory \u010dasto radost\" class=\"wp-image-21975\" srcset=\"https:\/\/www.mzone.cz\/wp-content\/uploads\/2020\/06\/72433441_10212379357358791_6193011127622828032_n_49972422418_o.jpg 960w, https:\/\/www.mzone.cz\/wp-content\/uploads\/2020\/06\/72433441_10212379357358791_6193011127622828032_n_49972422418_o-300x200.jpg 300w, https:\/\/www.mzone.cz\/wp-content\/uploads\/2020\/06\/72433441_10212379357358791_6193011127622828032_n_49972422418_o-768x512.jpg 768w, https:\/\/www.mzone.cz\/wp-content\/uploads\/2020\/06\/72433441_10212379357358791_6193011127622828032_n_49972422418_o-800x533.jpg 800w, https:\/\/www.mzone.cz\/wp-content\/uploads\/2020\/06\/72433441_10212379357358791_6193011127622828032_n_49972422418_o-400x267.jpg 400w, https:\/\/www.mzone.cz\/wp-content\/uploads\/2020\/06\/72433441_10212379357358791_6193011127622828032_n_49972422418_o-500x333.jpg 500w, https:\/\/www.mzone.cz\/wp-content\/uploads\/2020\/06\/72433441_10212379357358791_6193011127622828032_n_49972422418_o-590x393.jpg 590w\" sizes=\"auto, (max-width: 960px) 100vw, 960px\" \/><\/figure><br>\n\n\n\n<p><strong>Michal Micka:<\/strong> El Cl\u00e1sico na stadionu <a href=\"https:\/\/cs.wikipedia.org\/wiki\/Estadio_Santiago_Bernab\u00e9u\" target=\"_blank\" rel=\"noreferrer noopener\">Santiago Bernab\u00e9u<\/a> v Madridu. Bezm\u00e1la 100 tis\u00edc fanou\u0161k\u016f, kte\u0159\u00ed jednohlasn\u011b zp\u00edvali klubovou hymnu Realu Madrid tak hlasit\u011b, \u017ee jsem nesly\u0161el vlastn\u00ed koment\u00e1\u0159 ve sluch\u00e1tk\u00e1ch. Vid\u011bt Messiho, Ronalda a dal\u0161\u00ed legendy p\u0159\u00edmo na tr\u00e1vn\u00edku, absolvovat tiskovou konferenci p\u0159ed z\u00e1pasem a obecn\u011b nas\u00e1t lok\u00e1ln\u00ed nad\u0161en\u00ed z nejv\u011bt\u0161\u00edho klubov\u00e9ho fotbalov\u00e9ho sv\u00e1tku, to prost\u011b stoj\u00ed za to. A to i p\u0159esto, \u017ee Real ani Barcelona nejsou zdaleka kluby m\u00e9ho srdce.<\/p><br>\n\n\n\n<h4 class=\"has-vivid-red-color has-text-color wp-block-heading\">Provozujete aktivn\u011b n\u011bjak\u00fd sport?<\/h4>\n\n\n\n<p><strong>Ond\u0159ej Vor\u0161ilka:<\/strong> Up\u0159\u00edmn\u011b \u0159e\u010deno, neum\u011bl bych si bez toho \u017eivot p\u0159edstavit. Od mali\u010dka jsem hr\u00e1l hokej i fotbal z\u00e1vodn\u011b. Hokej hraji dodnes, dvakr\u00e1t t\u00fddn\u011b v r\u00e1mci neprofesion\u00e1ln\u00edch sout\u011b\u017e\u00ed \u010di prost\u011b jen tak pro z\u00e1bavu. M\u00e1m i sv\u00e9ho crossfit kou\u010de, kter\u00fd mi dost nakl\u00e1d\u00e1. D\u011bl\u00e1m to jednak proto, \u017ee chci b\u00fdt kv\u016fli pr\u00e1ci v kontaktu s re\u00e1ln\u00fdm sportem a tak\u00e9 kv\u016fli kondici. M\u00e1m tak\u00e9 z\u00e1kladn\u00ed hokejovou tren\u00e9rskou licenci. Ne \u017ee bych cht\u011bl komentov\u00e1n\u00ed pov\u011bsit na h\u0159eb\u00edk a dot\u00e1hnout to na kou\u010de n\u00e1ro\u010f\u00e1ku. Cht\u011bl jsem jen z\u00edskat dal\u0161\u00ed vhled do tohoto sportu, abych byl lep\u0161\u00edm koment\u00e1torem. Chci na sob\u011b po\u0159\u00e1d pracovat.<\/p><br>\n\n\n\n<div class=\"wp-block-image\"><figure class=\"alignleft size-large is-resized\"><img loading=\"lazy\" decoding=\"async\" src=\"https:\/\/www.mzone.cz\/wp-content\/uploads\/2020\/04\/Tom\u00e1\u0161-Vacl\u00edk-1024x682.jpg\" alt=\"\" class=\"wp-image-19728\" width=\"159\" height=\"105\" srcset=\"https:\/\/www.mzone.cz\/wp-content\/uploads\/2020\/04\/Tom\u00e1\u0161-Vacl\u00edk-1024x682.jpg 1024w, https:\/\/www.mzone.cz\/wp-content\/uploads\/2020\/04\/Tom\u00e1\u0161-Vacl\u00edk-300x200.jpg 300w, https:\/\/www.mzone.cz\/wp-content\/uploads\/2020\/04\/Tom\u00e1\u0161-Vacl\u00edk-768x512.jpg 768w, https:\/\/www.mzone.cz\/wp-content\/uploads\/2020\/04\/Tom\u00e1\u0161-Vacl\u00edk-800x533.jpg 800w, https:\/\/www.mzone.cz\/wp-content\/uploads\/2020\/04\/Tom\u00e1\u0161-Vacl\u00edk-400x267.jpg 400w, https:\/\/www.mzone.cz\/wp-content\/uploads\/2020\/04\/Tom\u00e1\u0161-Vacl\u00edk-500x333.jpg 500w, https:\/\/www.mzone.cz\/wp-content\/uploads\/2020\/04\/Tom\u00e1\u0161-Vacl\u00edk-590x393.jpg 590w, https:\/\/www.mzone.cz\/wp-content\/uploads\/2020\/04\/Tom\u00e1\u0161-Vacl\u00edk.jpg 1079w\" sizes=\"auto, (max-width: 159px) 100vw, 159px\" \/><\/figure><\/div>\n\n\n\n<h4><a href=\"https:\/\/www.mzone.cz\/cas-travim-nejradeji-s-rodinou-rika-tomas-vaclik\/\">Kon\u00ed\u010dky nem\u00e1m, \u010das tr\u00e1v\u00edm nejrad\u011bji se svou rodinou, \u0159\u00edk\u00e1 fotbalov\u00fd brank\u00e1\u0159 Tom\u00e1\u0161 Vacl\u00edk<\/a><\/h4><br>\n\n\n\n<p><strong>Michal Micka:<\/strong> V sou\u010dasn\u00e9 dob\u011b se v\u011bnuji p\u0159edev\u0161\u00edm vytrvalostn\u00edmu b\u011bhu a sekund\u00e1rn\u011b posilovn\u011b. Na dal\u0161\u00ed rekrea\u010dn\u00ed sporty, v\u010detn\u011b milovan\u00e9ho fotbalu, u\u017e bohu\u017eel tolik prostoru nen\u00ed. Ka\u017edop\u00e1dn\u011b je\u0161t\u011b relativn\u011b ned\u00e1vno jsem pracoval jako tren\u00e9r v akademii jednoho z velk\u00fdch pra\u017esk\u00fdch fotbalov\u00fdch klub\u016f, co\u017e sice nen\u00ed tradi\u010dn\u00ed sportovn\u00ed aktivita, ale energie u toho \u010dlov\u011bk s d\u011btmi vyd\u00e1 mo\u017en\u00e1 je\u0161t\u011b v\u00edce.<\/p><br>\n\n\n\n<h4 class=\"has-vivid-red-color has-text-color wp-block-heading\">Jak se podle V\u00e1s zm\u011bn\u00ed profesion\u00e1ln\u00ed sport po koronavirov\u00e9 krizi?<\/h4>\n\n\n\n<p><strong>Ond\u0159ej Vor\u0161ilka:<\/strong> Sport jako takov\u00fd se nezm\u011bn\u00ed. Zm\u011bn\u00ed se ale do\u010dasn\u011b p\u0159\u00edstup k n\u011bmu. Mysl\u00edm si, \u017ee to, co jsme pro\u017eili a je\u0161t\u011b pro\u017e\u00edv\u00e1me, trochu uprav\u00ed lidem hodnotov\u00e9 \u017eeb\u0159\u00ed\u010dky. Zavedou se jist\u00e1 pravidla, kter\u00e1 budou p\u0159etrv\u00e1vat hodn\u011b dlouho. V\u0161ichni poc\u00edt\u00edme, \u017ee &#8220;svoboda&#8221;, kterou jsme p\u0159i sledov\u00e1n\u00ed sportu brali jako samoz\u0159ejmost, prost\u011b zmiz\u00ed. V\u0161e se bude hodn\u011b kontrolovat, pohyb hr\u00e1\u010d\u016f na stadionech bude mnohem striktn\u011bji odd\u011blen od fanou\u0161k\u016f \u010di pracovn\u00edk\u016f m\u00e9di\u00ed a boj\u00edm se, \u017ee pr\u00e1ce sportovn\u00edch novin\u00e1\u0159\u016f se t\u00edm hodn\u011b zt\u00ed\u017e\u00ed. Ale je nutn\u00e9 to respektovat. Na druhou stranu si mysl\u00edm, \u017ee se to v horizontu n\u011bkolika let, pokud nenastane n\u011bjak\u00e1 fat\u00e1ln\u00ed recidiva COVID-19 \u010di n\u011b\u010deho podobn\u00e9ho, vr\u00e1t\u00ed do star\u00fdch kolej\u00ed.<\/p><br>\n\n\n\n<figure class=\"wp-block-image size-large\"><img loading=\"lazy\" decoding=\"async\" width=\"1024\" height=\"520\" src=\"https:\/\/www.mzone.cz\/wp-content\/uploads\/2020\/06\/football-4928264_1920-1024x520.jpg\" alt=\"Sport a koronavirus\" class=\"wp-image-21988\" srcset=\"https:\/\/www.mzone.cz\/wp-content\/uploads\/2020\/06\/football-4928264_1920-1024x520.jpg 1024w, https:\/\/www.mzone.cz\/wp-content\/uploads\/2020\/06\/football-4928264_1920-300x152.jpg 300w, https:\/\/www.mzone.cz\/wp-content\/uploads\/2020\/06\/football-4928264_1920-768x390.jpg 768w, https:\/\/www.mzone.cz\/wp-content\/uploads\/2020\/06\/football-4928264_1920-1536x780.jpg 1536w, https:\/\/www.mzone.cz\/wp-content\/uploads\/2020\/06\/football-4928264_1920-590x300.jpg 590w, https:\/\/www.mzone.cz\/wp-content\/uploads\/2020\/06\/football-4928264_1920.jpg 1920w\" sizes=\"auto, (max-width: 1024px) 100vw, 1024px\" \/><\/figure><br>\n\n\n\n<p><strong>Michal Micka:<\/strong> Nemysl\u00edm si, \u017ee by se po krizi profesion\u00e1ln\u00ed sport z dlouhodob\u00e9ho hlediska m\u011bnil n\u011bjak\u00fdm z\u00e1sadn\u00edm zp\u016fsobem. Ur\u010dit\u011b bude kladen v\u011bt\u0161\u00ed d\u016fraz na hygienick\u00e9 podm\u00ednky a r\u016fzn\u00e1 drobn\u00e1 opat\u0159en\u00ed t\u00fdkaj\u00edc\u00ed se div\u00e1k\u016f i sportovc\u016f. D\u0159\u00edve \u010di pozd\u011bji se ale znovu za\u010dne tr\u00e9novat b\u011b\u017en\u00fdm zp\u016fsobem a samotn\u00e1 utk\u00e1n\u00ed v r\u016fzn\u00fdch sportech budou vypadat stejn\u011b jako p\u0159ed kriz\u00ed. Pokud ov\u0161em v budoucnu p\u0159ijdou informace o mo\u017en\u00e9 epidemii jak\u00e9hokoliv druhu, bude se mo\u017en\u00e1 u\u017e z preventivn\u00edch d\u016fvod\u016f hr\u00e1t bez div\u00e1ck\u00e9 \u00fa\u010dasti.<\/p><br>\n\n\n\n<h4 class=\"has-vivid-red-color has-text-color wp-block-heading\">Jak\u00fd bude m\u00edt krize vliv na v\u00fdkony sportovc\u016f?<\/h4>\n\n\n\n<p><strong>Ond\u0159ej Vor\u0161ilka:<\/strong> U profesion\u00e1l\u016f si trouf\u00e1m tvrdit, \u017ee \u017e\u00e1dn\u00fd. Pakli\u017ee budou zdrav\u00ed, nem\u016f\u017ee je ten v\u00fdpadek z\u00e1pasov\u00e9ho vyt\u00ed\u017een\u00ed a n\u00e1sledn\u00e9 zhu\u0161t\u011bn\u00ed v p\u0159\u00edpad\u011b dohr\u00e1van\u00fdch sezon nijak ovlivnit. Jsou to sportovci, prof\u00edci, maj\u00ed kolem sebe cel\u00e9 t\u00fdmy kou\u010d\u016f, mus\u00ed v\u011bd\u011bt, jak s t\u00edm nalo\u017eit.\u00a0<\/p>\n\n\n\n<p><strong>Michal Micka:<\/strong> Vliv bude patrn\u00fd p\u0159edev\u0161\u00edm v n\u00e1sleduj\u00edc\u00edch t\u00fddnech. Dohnat tr\u00e9ninkov\u00e9 manko v p\u0159eru\u0161en\u00e9 sez\u00f3n\u011b, zvl\u00e1\u0161t\u011b u fyzicky n\u00e1ro\u010dn\u011bj\u0161\u00edch sport\u016f, nen\u00ed legrace. Ka\u017ed\u00e9 p\u0159eru\u0161en\u00ed kontinuity m\u016f\u017ee m\u00edt negativn\u00ed dopad. Na druhou stranu by d\u016fsledky nem\u011bly b\u00fdt tak z\u00e1sadn\u00ed, abychom jako div\u00e1ci sledovali v\u00fdrazn\u011b zhor\u0161en\u00e9 v\u00fdkony v \u010demkoliv. Kl\u00ed\u010dov\u00e9 m\u016f\u017ee b\u00fdt mo\u017en\u00e1 sp\u00ed\u0161e ment\u00e1ln\u00ed rozpolo\u017een\u00ed sportovc\u016f, kte\u0159\u00ed dlouh\u00e9 t\u00fddny tr\u00e9novali sami.<\/p><br>\n\n\n\n<h4 class=\"has-vivid-red-color has-text-color wp-block-heading\">Zm\u011bn\u00ed se zvyky fanou\u0161k\u016f? Budou m\u00e9n\u011b chodit na utk\u00e1n\u00ed, a je\u0161t\u011b v\u00edce sledovat sport z pohodl\u00ed domova?<\/h4>\n\n\n\n<p><strong>Ond\u0159ej Vor\u0161ilka:<\/strong> Trochu se boj\u00edm, \u017ee ano, a bude to probl\u00e9m. U n\u00e1s se v\u0161eobecn\u011b na sport tolik nechod\u00ed jako jinde ve sv\u011bt\u011b a u\u017e p\u0159ed kriz\u00ed m\u011bla \u0159ada klub\u016f daleko k ide\u00e1ln\u00edm n\u00e1v\u0161t\u011bvnostem.<\/p>\n\n\n\n<blockquote class=\"wp-block-quote is-layout-flow wp-block-quote-is-layout-flow\"><p>To, co pro\u017e\u00edv\u00e1me s COVID-19, je pro drtivou v\u011bt\u0161inu z n\u00e1s bezprecedentn\u00ed. Nemysl\u00edm jen fakticky, ale vzhledem k medializaci, vl\u00e1dn\u00edm opat\u0159en\u00edm a cel\u00e9mu tomu koloto\u010di. M\u00e1lokdo z kl\u00ed\u010dov\u00fdch generac\u00ed sou\u010dasn\u00fdch n\u00e1v\u0161t\u011bvn\u00edk\u016f sportovn\u00edch utk\u00e1n\u00ed za\u017eil t\u0159eba v\u00e1lku nebo jin\u00e9 tak psychicky n\u00e1ro\u010dn\u00e9 hrozby.<\/p><\/blockquote>\n\n\n\n<p>V lidech chv\u00edli z\u016fstane, \u017ee n\u011bco nen\u00ed v po\u0159\u00e1dku a boj\u00edm se, \u017ee nej\u00edt na stadion a kouknout se rad\u011bji z domova, bude velk\u00e9 l\u00e1kadlo. Ale ur\u010dit\u011b ne skokov\u011b.<\/p>\n\n\n\n<p><strong>Michal Micka:<\/strong> Kr\u00e1tce po krizi se asi daj\u00ed o\u010dek\u00e1vat sn\u00ed\u017een\u00e9 po\u010dty fanou\u0161k\u016f p\u0159\u00edmo na sportovn\u00edch akc\u00edch. Strach n\u011bjak\u00fd \u010das p\u0159eci jen bude p\u0159etrv\u00e1vat. Nicm\u00e9n\u011b pokud se situace nebude zhor\u0161ovat, nep\u0159ijde v\u00fdrazn\u011bj\u0161\u00ed druh\u00e1 vlna epidemie, v nov\u00e9 sez\u00f3n\u011b u\u017e se v\u0161e m\u016f\u017ee vracet k p\u016fvodn\u00edm po\u010dt\u016fm s t\u00edm, \u017ee n\u011bkdo bude t\u0159eba na velk\u00e9 akce nosit rou\u0161ky, \u017ee na stadionech budou dlouhodob\u011b instalov\u00e1ny z\u00e1sobn\u00edky s dezinfekc\u00ed a podobn\u011b. Toho se mo\u017en\u00e1 u\u017e nezbav\u00edme, ale m\u011blo by to b\u00fdt na b\u00e1zi dobrovolnosti.<\/p><br>\n\n\n\n<h4 class=\"has-vivid-red-color has-text-color wp-block-heading\">Jak se s kriz\u00ed poperou kluby po ekonomick\u00e9 str\u00e1nce? \u010cek\u00e1te, \u017ee n\u011bkter\u00e9 skon\u010d\u00ed?<\/h4>\n\n\n\n<p><strong>Ond\u0159ej Vor\u0161ilka:<\/strong> Budou to m\u00edt t\u011b\u017ek\u00e9. Poc\u00edt\u00ed to i ty nejv\u011bt\u0161\u00ed, i kdy\u017e samoz\u0159ejm\u011b ne tak, jako ty lok\u00e1ln\u00ed, kter\u00e9 jsou z\u00e1visl\u00e9 opravdu na ka\u017ed\u00e9 korun\u011b. Men\u0161\u00ed region\u00e1ln\u00ed firmy si nebudou moci dovolit sport podporovat ve st\u00e1vaj\u00edc\u00ed m\u00ed\u0159e, v\u011bt\u0161\u00ed firmy je zahrnou do \u00fasporn\u00fdch opat\u0159en\u00ed. T\u0159eba v KHL maj\u00ed probl\u00e9my nejen ti, kte\u0159\u00ed balancovali na hran\u011b je\u0161t\u011b p\u0159ed kriz\u00ed. P\u0159\u00edkladem budi\u017e Vladivostok, kde gubern\u00e1tor rusk\u00e9 P\u0159\u00edmo\u0159sk\u00e9 oblasti okam\u017eit\u011b utnul ve\u0161ker\u00e9 st\u00e1tn\u00ed dotace pro sport a t\u00edm tamn\u00ed klub Admiral fakticky odsoudil k z\u00e1niku. Ale poc\u00edt\u00ed to tak\u00e9 siln\u00ed hr\u00e1\u010di. I n\u011bkter\u00e9 velk\u00e9 hv\u011bzdy budou muset se sv\u00fdmi platy dol\u016f. Zn\u00e1m\u00fd je p\u0159\u00edpad norsk\u00e9ho klubu Valerenga Oslo, kter\u00fd skon\u010dil mezi prvn\u00edmi. Tak\u017ee ano, pro hodn\u011b sportovn\u00edch organizac\u00ed to bu\u010f ji\u017e m\u011blo, nebo bude m\u00edt fat\u00e1ln\u00ed d\u016fsledky.<\/p><br>\n\n\n\n<div class=\"wp-block-image\"><figure class=\"alignleft size-large is-resized\"><img loading=\"lazy\" decoding=\"async\" src=\"https:\/\/www.mzone.cz\/wp-content\/uploads\/2020\/02\/Martina-S\u00e1bl\u00edkov\u00e1-1024x683.jpg\" alt=\"\" class=\"wp-image-18269\" width=\"131\" height=\"86\" srcset=\"https:\/\/www.mzone.cz\/wp-content\/uploads\/2020\/02\/Martina-S\u00e1bl\u00edkov\u00e1-1024x683.jpg 1024w, https:\/\/www.mzone.cz\/wp-content\/uploads\/2020\/02\/Martina-S\u00e1bl\u00edkov\u00e1-300x200.jpg 300w, https:\/\/www.mzone.cz\/wp-content\/uploads\/2020\/02\/Martina-S\u00e1bl\u00edkov\u00e1-768x512.jpg 768w, https:\/\/www.mzone.cz\/wp-content\/uploads\/2020\/02\/Martina-S\u00e1bl\u00edkov\u00e1-1536x1024.jpg 1536w, https:\/\/www.mzone.cz\/wp-content\/uploads\/2020\/02\/Martina-S\u00e1bl\u00edkov\u00e1-2048x1365.jpg 2048w, https:\/\/www.mzone.cz\/wp-content\/uploads\/2020\/02\/Martina-S\u00e1bl\u00edkov\u00e1-800x533.jpg 800w, https:\/\/www.mzone.cz\/wp-content\/uploads\/2020\/02\/Martina-S\u00e1bl\u00edkov\u00e1-400x267.jpg 400w, https:\/\/www.mzone.cz\/wp-content\/uploads\/2020\/02\/Martina-S\u00e1bl\u00edkov\u00e1-500x333.jpg 500w, https:\/\/www.mzone.cz\/wp-content\/uploads\/2020\/02\/Martina-S\u00e1bl\u00edkov\u00e1-1170x780.jpg 1170w, https:\/\/www.mzone.cz\/wp-content\/uploads\/2020\/02\/Martina-S\u00e1bl\u00edkov\u00e1-590x393.jpg 590w\" sizes=\"auto, (max-width: 131px) 100vw, 131px\" \/><\/figure><\/div>\n\n\n\n<h4><a href=\"https:\/\/www.mzone.cz\/martina-sablikova-rychlobrusleni-je-laska-na-cely-zivot\/\">Martina S\u00e1bl\u00edkov\u00e1: Rychlobruslen\u00ed je l\u00e1ska na cel\u00fd \u017eivot<\/a><\/h4><br>\n\n\n\n<p><strong>Michal Micka:<\/strong> Mnoho klub\u016f bude po krizi jednozna\u010dn\u011b ve ztr\u00e1t\u011b p\u0159edev\u0161\u00edm kv\u016fli odchodu sponzor\u016f, ale v\u011bt\u0161ina prvoligov\u00fdch klub\u016f by snad z\u00e1sadn\u011bj\u0161\u00ed finan\u010dn\u00ed probl\u00e9my sm\u011b\u0159uj\u00edc\u00ed k bankrotu nebo konci m\u00edt nem\u011bla. Nejproblemati\u010dt\u011bj\u0161\u00ed situace samoz\u0159ejm\u011b bude pro kluby z ni\u017e\u0161\u00edch sout\u011b\u017e\u00ed, jejich\u017e rozpo\u010dty jsou napjat\u00e9 dlouhodob\u011b. Tam z\u00e1nik bohu\u017eel vylou\u010dit nelze. Dr\u017eme palce.<\/p><br>\n\n\n\n<h4 class=\"has-vivid-red-color has-text-color wp-block-heading\">Jak se zm\u011bnil sv\u011bt pro V\u00e1s?<\/h4>\n\n\n\n<p><strong>Ond\u0159ej Vor\u0161ilka:<\/strong> Fakticky se nezm\u011bnil. Sp\u00ed\u0161 po str\u00e1nce vlastn\u00ed sebereflexe. \u010clov\u011bk tak n\u011bjak vystoup\u00ed ze sv\u00e9ho mikrosv\u011bta a uv\u011bdom\u00ed si, \u017ee a\u0165 chce nebo nechce, jeho v\u0161edn\u00ed starosti a radosti mus\u00ed po\u010dkat, j\u00edt do \u00fastran\u00ed, nebo se prost\u011b n\u011bjak zm\u011bn\u00ed. Ka\u017ed\u00fd \u010dlov\u011bk m\u00e1 svou malou m\u00edru latentn\u00ed sobeckosti a \u0161tve ho, kdy\u017e se mus\u00ed n\u011b\u010deho vzd\u00e1t. Kdy\u017e ho n\u011bco omezuje. Na druhou stranu si znovu uv\u011bdom\u00ed, jak d\u016fle\u017eit\u00e9 jsou jin\u00e9 v\u011bci. Rodina, bl\u00edzc\u00ed, zdrav\u00ed. A\u0165 u\u017e je koronavirus opravdu takovou hrozbou, jakou ho sv\u011bt prezentuje, nebo nen\u00ed, po\u0159\u00e1dn\u011b testuje na\u0161i osobnost a vyzr\u00e1lost.<\/p><br>\n\n\n\n<figure class=\"wp-block-image size-large\"><img loading=\"lazy\" decoding=\"async\" width=\"750\" height=\"500\" src=\"https:\/\/www.mzone.cz\/wp-content\/uploads\/2020\/06\/mmicka_49972422398_o.png\" alt=\"\" class=\"wp-image-22002\" srcset=\"https:\/\/www.mzone.cz\/wp-content\/uploads\/2020\/06\/mmicka_49972422398_o.png 750w, https:\/\/www.mzone.cz\/wp-content\/uploads\/2020\/06\/mmicka_49972422398_o-300x200.png 300w, https:\/\/www.mzone.cz\/wp-content\/uploads\/2020\/06\/mmicka_49972422398_o-400x267.png 400w, https:\/\/www.mzone.cz\/wp-content\/uploads\/2020\/06\/mmicka_49972422398_o-500x333.png 500w, https:\/\/www.mzone.cz\/wp-content\/uploads\/2020\/06\/mmicka_49972422398_o-590x393.png 590w\" sizes=\"auto, (max-width: 750px) 100vw, 750px\" \/><\/figure><br>\n\n\n\n<p><strong>Michal Micka:<\/strong> Ani\u017e bych cht\u011bl sni\u017eovat v\u00e1hu toho, co se v posledn\u00edch t\u00fddnech d\u011blo, pro m\u011b osobn\u011b se zm\u011bnil sv\u011bt sp\u00ed\u0161e v praktick\u00e9m ohledu. Z\u00edskal jsem hlub\u0161\u00ed pov\u011bdom\u00ed o hrozb\u00e1ch, kter\u00e9 m\u016f\u017eou m\u00edt vliv na na\u0161e zdrav\u00ed. Budu je\u0161t\u011b v\u00edce db\u00e1t na hygienick\u00e9 n\u00e1vyky, zvl\u00e1\u0161t\u011b pokud se z\u00fa\u010dastn\u00edm v\u011bt\u0161\u00edch sportovn\u00edch akc\u00ed. Budu p\u0159ipraven na to, \u017ee mohou p\u0159ij\u00edt dal\u0161\u00ed karant\u00e9nn\u00ed opat\u0159en\u00ed a omezen\u00ed. Ale jinak se chci sna\u017eit optimisticky nav\u00e1zat na zp\u016fsob \u017eivota, kter\u00fd jsem vedl p\u0159ed kriz\u00ed. Tedy s respektem, ale bez paniky.<\/p><br>\n\n\n\n<h4 class=\"has-vivid-red-color has-text-color wp-block-heading\">Jak vypad\u00e1 den sportovn\u00edho koment\u00e1tora p\u0159i koronavirov\u00e9 krizi?<\/h4>\n\n\n\n<p><strong>Ond\u0159ej Vor\u0161ilka:<\/strong> Pro m\u011b osobn\u011b to byla velk\u00e1 zm\u011bna hlavn\u011b na za\u010d\u00e1tku, kdy byly p\u0159eru\u0161en\u00e9 v\u0161echny hlavn\u00ed sout\u011b\u017ee. Zrovna za\u010dalo playoff KHL, t\u011bsn\u011b p\u0159ed startem m\u011blo playoff \u0161v\u00e9dsk\u00e9 ligy, tak\u017ee pro m\u011b, hokejov\u00e9ho koment\u00e1tora, to bylo jako kdy\u017e vraz\u00edte v pln\u00e9 rychlosti do zdi. Stejn\u011b tak u sportovc\u016f. Ve vrcholn\u00e9 form\u011b najednou p\u0159i\u0161la stopka.<\/p>\n\n\n\n<blockquote class=\"wp-block-quote is-layout-flow wp-block-quote-is-layout-flow\"><p>Ale televize je na\u0161t\u011bst\u00ed m\u00e9dium, kter\u00e9 prost\u011b mus\u00ed jet d\u00e1l, a naopak se sna\u017eit n\u011bjak\u00fd obsah generovat. Tak jsem se z hokejov\u00e9ho koment\u00e1tora p\u0159enastavil na koment\u00e1tora d\u0159evorubeck\u00fdch sout\u011b\u017e\u00ed, \u0161ampion\u00e1tu v pliv\u00e1n\u00ed t\u0159e\u0161\u0148ov\u00e9 pecky \u010di mistrovstv\u00ed sv\u011bta v Tetris.<\/p><\/blockquote>\n\n\n\n<p>N\u00e1hodou, je to skv\u011bl\u00e1 zku\u0161enost. Za\u0159adili jsme do vys\u00edl\u00e1n\u00ed zaj\u00edmav\u00fd seri\u00e1l ESPN Funny sports, vys\u00edl\u00e1me online \u0161ipky elitn\u00ed organizace PDC. Vyb\u00edr\u00e1me co nejzaj\u00edmav\u011bj\u0161\u00ed repr\u00edzy z minul\u00fdch sez\u00f3n \u010di virtu\u00e1ln\u00ed Formuli 1. Pr\u00e1ce je pom\u011brn\u011b dost, jen je trochu jin\u00e1, ne\u017e m\u011bla touto dobou b\u00fdt.<\/p><br>\n\n\n\n<div class=\"wp-block-image\"><figure class=\"alignleft size-large is-resized\"><img loading=\"lazy\" decoding=\"async\" src=\"https:\/\/www.mzone.cz\/wp-content\/uploads\/2020\/05\/Netradi\u010dn\u00ed-sporty-1024x683.png\" alt=\"\" class=\"wp-image-21468\" width=\"127\" height=\"84\" srcset=\"https:\/\/www.mzone.cz\/wp-content\/uploads\/2020\/05\/Netradi\u010dn\u00ed-sporty-1024x683.png 1024w, https:\/\/www.mzone.cz\/wp-content\/uploads\/2020\/05\/Netradi\u010dn\u00ed-sporty-300x200.png 300w, https:\/\/www.mzone.cz\/wp-content\/uploads\/2020\/05\/Netradi\u010dn\u00ed-sporty-768x512.png 768w, https:\/\/www.mzone.cz\/wp-content\/uploads\/2020\/05\/Netradi\u010dn\u00ed-sporty-1536x1024.png 1536w, https:\/\/www.mzone.cz\/wp-content\/uploads\/2020\/05\/Netradi\u010dn\u00ed-sporty-2048x1365.png 2048w, https:\/\/www.mzone.cz\/wp-content\/uploads\/2020\/05\/Netradi\u010dn\u00ed-sporty-800x533.png 800w, https:\/\/www.mzone.cz\/wp-content\/uploads\/2020\/05\/Netradi\u010dn\u00ed-sporty-400x267.png 400w, https:\/\/www.mzone.cz\/wp-content\/uploads\/2020\/05\/Netradi\u010dn\u00ed-sporty-500x333.png 500w, https:\/\/www.mzone.cz\/wp-content\/uploads\/2020\/05\/Netradi\u010dn\u00ed-sporty-1170x780.png 1170w, https:\/\/www.mzone.cz\/wp-content\/uploads\/2020\/05\/Netradi\u010dn\u00ed-sporty-590x393.png 590w\" sizes=\"auto, (max-width: 127px) 100vw, 127px\" \/><\/figure><\/div>\n\n\n\n<h4><a href=\"https:\/\/www.mzone.cz\/neni-sport-jako-sport\/\">Pliv\u00e1n\u00ed t\u0159e\u0161\u0148ov\u00e9 pecky i z\u00e1vody tramvaj\u00ed aneb nen\u00ed sport jako sport<\/a><\/h4><br>\n\n\n\n<p><strong>Michal Micka:<\/strong> Sport, pro m\u011b konkr\u00e9tn\u011b fotbal, mi v takov\u00e9 situaci neskute\u010dn\u00fdm zp\u016fsobem chyb\u00ed. Rekrea\u010dn\u011b, div\u00e1cky i profesion\u00e1ln\u011b. Ale jinak je to samoz\u0159ejm\u011b prostor pro sebevzd\u011bl\u00e1v\u00e1n\u00ed, kter\u00e9ho v t\u00e9to profesi nen\u00ed nikdy dost. J\u00e1 osobn\u011b jsem \u010dasu vyu\u017eil p\u0159edev\u0161\u00edm k \u010detb\u011b knih s fotbalovou t\u00e9matikou a za dva m\u011bs\u00edce se mi jich poda\u0159ilo p\u0159e\u010d\u00edst zhruba 30. Od biografi\u00ed fotbalist\u016f, p\u0159es taktick\u00e9 anal\u00fdzy, a\u017e po skl\u00e1d\u00e1n\u00ed tr\u00e9nink\u016f, co\u017e douf\u00e1m vyu\u017eiji p\u0159i komentov\u00e1n\u00ed. I p\u0159esto mi ale je\u0161t\u011b n\u011bkolik knih z\u016fstalo ve front\u011b. Na ty douf\u00e1m dojde d\u0159\u00edve, ne\u017e p\u0159ijde n\u011bjak\u00e1 dal\u0161\u00ed krize<\/p>","protected":false},"excerpt":{"rendered":"<p>Pr\u00e1ce sportovn\u00edho koment\u00e1tora je snem nejen mnoha mal\u00fdch chlapc\u016f, ale tak\u00e9 o n\u011bco dosp\u011blej\u0161\u00edch fand\u016f. Jako u ka\u017ed\u00e9 jin\u00e9 profese, cesta na vrchol nen\u00ed snadn\u00e1, prov\u00e1z\u00ed ji v\u0161emo\u017en\u00e1 \u00faskal\u00ed a n\u00e1strahy. Dok\u00e1\u017ee v\u0161ak zprost\u0159edkov\u00e1vat radost div\u00e1k\u016fm u televizn\u00edch obrazovek. Dva p\u0159edn\u00ed koment\u00e1to\u0159i Ond\u0159ej Vor\u0161ilka a Michal Micka se rozpov\u00eddali o sv\u00e9 cest\u011b ke sportovn\u00edmu mikrofonu [&hellip;]<\/p>\n","protected":false},"author":4,"featured_media":21965,"comment_status":"open","ping_status":"closed","sticky":false,"template":"","format":"standard","meta":{"kk_blocks_editor_width":"","_kiokenblocks_attr":"","_kiokenblocks_dimensions":"","footnotes":""},"categories":[80],"tags":[3619,3013,1806,3926,3743,3560,3929,3928,3571,37,42,3927,3925,2091,2174],"class_list":["post-21963","post","type-post","status-publish","format-standard","has-post-thumbnail","hentry","category-sport","tag-covid-19","tag-epidemie","tag-interview","tag-komentovani","tag-koronakrize","tag-koronavirus","tag-michal-micka","tag-ondrej-vorsilka","tag-pandemie","tag-rozhovor","tag-sport","tag-sportovni-komentator","tag-sportovni-prenosy","tag-zmena","tag-zmeny"],"yoast_head":"<!-- This site is optimized with the Yoast SEO plugin v27.5 - https:\/\/yoast.com\/product\/yoast-seo-wordpress\/ -->\n<title>Sport koronavirus nezm\u011bn\u00ed, \u0159\u00edkaj\u00ed sportovn\u00ed koment\u00e1to\u0159i - Mzone<\/title>\n<meta name=\"description\" content=\"Pr\u00e1ce sportovn\u00edho koment\u00e1tora je snem nejen mnoha mal\u00fdch chlapc\u016f, ale tak\u00e9 o n\u011bco dosp\u011blej\u0161\u00edch fand\u016f. Jako u ka\u017ed\u00e9 jin\u00e9 profese, cesta na vrchol nen\u00ed snadn\u00e1, prov\u00e1z\u00ed ji v\u0161emo\u017en\u00e1 \u00faskal\u00ed a n\u00e1strahy. Dok\u00e1\u017ee v\u0161ak zprost\u0159edkov\u00e1vat radost div\u00e1k\u016fm u televizn\u00edch obrazovek. Dva p\u0159edn\u00ed koment\u00e1to\u0159i Ond\u0159ej Vor\u0161ilka a Michal Micka se rozpov\u00eddali o sv\u00e9 cest\u011b ke sportovn\u00edmu mikrofonu a tak\u00e9 o tom, jak\u00e9 bude m\u00edt koronavirov\u00e1 krize dopady na n\u011b samotn\u00e9 i sport obecn\u011b.\" \/>\n<meta name=\"robots\" content=\"index, follow, max-snippet:-1, max-image-preview:large, max-video-preview:-1\" \/>\n<link rel=\"canonical\" href=\"https:\/\/www.mzone.cz\/en\/sport-koronavirus-nezmeni-rikaji-komentatori\/\" \/>\n<meta property=\"og:locale\" content=\"en_US\" \/>\n<meta property=\"og:type\" content=\"article\" \/>\n<meta property=\"og:title\" content=\"Sport koronavirus nezm\u011bn\u00ed, \u0159\u00edkaj\u00ed sportovn\u00ed koment\u00e1to\u0159i - Mzone\" \/>\n<meta property=\"og:description\" content=\"Pr\u00e1ce sportovn\u00edho koment\u00e1tora je snem nejen mnoha mal\u00fdch chlapc\u016f, ale tak\u00e9 o n\u011bco dosp\u011blej\u0161\u00edch fand\u016f. Jako u ka\u017ed\u00e9 jin\u00e9 profese, cesta na vrchol nen\u00ed snadn\u00e1, prov\u00e1z\u00ed ji v\u0161emo\u017en\u00e1 \u00faskal\u00ed a n\u00e1strahy. Dok\u00e1\u017ee v\u0161ak zprost\u0159edkov\u00e1vat radost div\u00e1k\u016fm u televizn\u00edch obrazovek. Dva p\u0159edn\u00ed koment\u00e1to\u0159i Ond\u0159ej Vor\u0161ilka a Michal Micka se rozpov\u00eddali o sv\u00e9 cest\u011b ke sportovn\u00edmu mikrofonu a tak\u00e9 o tom, jak\u00e9 bude m\u00edt koronavirov\u00e1 krize dopady na n\u011b samotn\u00e9 i sport obecn\u011b.\" \/>\n<meta property=\"og:url\" content=\"https:\/\/www.mzone.cz\/en\/sport-koronavirus-nezmeni-rikaji-komentatori\/\" \/>\n<meta property=\"og:site_name\" content=\"Mzone\" \/>\n<meta property=\"article:publisher\" content=\"https:\/\/www.facebook.com\/MzoneCZ\/\" \/>\n<meta property=\"article:published_time\" content=\"2020-06-29T03:00:00+00:00\" \/>\n<meta property=\"og:image\" content=\"https:\/\/www.mzone.cz\/wp-content\/uploads\/2020\/06\/Sport-a-koronavirus.jpg\" \/>\n\t<meta property=\"og:image:width\" content=\"1800\" \/>\n\t<meta property=\"og:image:height\" content=\"1200\" \/>\n\t<meta property=\"og:image:type\" content=\"image\/jpeg\" \/>\n<meta name=\"author\" content=\"Mzone\" \/>\n<meta name=\"twitter:card\" content=\"summary_large_image\" \/>\n<meta name=\"twitter:label1\" content=\"Written by\" \/>\n\t<meta name=\"twitter:data1\" content=\"Mzone\" \/>\n\t<meta name=\"twitter:label2\" content=\"Est. reading time\" \/>\n\t<meta name=\"twitter:data2\" content=\"14 minutes\" \/>\n<script type=\"application\/ld+json\" class=\"yoast-schema-graph\">{\"@context\":\"https:\\\/\\\/schema.org\",\"@graph\":[{\"@type\":\"Article\",\"@id\":\"https:\\\/\\\/www.mzone.cz\\\/sport-koronavirus-nezmeni-rikaji-komentatori\\\/#article\",\"isPartOf\":{\"@id\":\"https:\\\/\\\/www.mzone.cz\\\/sport-koronavirus-nezmeni-rikaji-komentatori\\\/\"},\"author\":{\"name\":\"Mzone\",\"@id\":\"https:\\\/\\\/www.mzone.cz\\\/#\\\/schema\\\/person\\\/9bc20cc422a99cac4af6ff9297da32d4\"},\"headline\":\"Sport koronavirus nezm\u011bn\u00ed, \u0159\u00edkaj\u00ed sportovn\u00ed koment\u00e1to\u0159i\",\"datePublished\":\"2020-06-29T03:00:00+00:00\",\"mainEntityOfPage\":{\"@id\":\"https:\\\/\\\/www.mzone.cz\\\/sport-koronavirus-nezmeni-rikaji-komentatori\\\/\"},\"wordCount\":2733,\"commentCount\":1,\"image\":{\"@id\":\"https:\\\/\\\/www.mzone.cz\\\/sport-koronavirus-nezmeni-rikaji-komentatori\\\/#primaryimage\"},\"thumbnailUrl\":\"https:\\\/\\\/www.mzone.cz\\\/wp-content\\\/uploads\\\/2020\\\/06\\\/Sport-a-koronavirus.jpg\",\"keywords\":[\"COVID-19\",\"epidemie\",\"interview\",\"komentov\u00e1n\u00ed\",\"koronakrize\",\"koronavirus\",\"Michal Micka\",\"Ond\u0159ej Vor\u0161ilka\",\"pandemie\",\"Rozhovor\",\"Sport\",\"sportovn\u00ed koment\u00e1tor\",\"sportovn\u00ed p\u0159enosy\",\"zm\u011bna\",\"zm\u011bny\"],\"articleSection\":[\"Sport\"],\"inLanguage\":\"en-US\",\"potentialAction\":[{\"@type\":\"CommentAction\",\"name\":\"Comment\",\"target\":[\"https:\\\/\\\/www.mzone.cz\\\/sport-koronavirus-nezmeni-rikaji-komentatori\\\/#respond\"]}]},{\"@type\":\"WebPage\",\"@id\":\"https:\\\/\\\/www.mzone.cz\\\/sport-koronavirus-nezmeni-rikaji-komentatori\\\/\",\"url\":\"https:\\\/\\\/www.mzone.cz\\\/sport-koronavirus-nezmeni-rikaji-komentatori\\\/\",\"name\":\"Sport koronavirus nezm\u011bn\u00ed, \u0159\u00edkaj\u00ed sportovn\u00ed koment\u00e1to\u0159i - Mzone\",\"isPartOf\":{\"@id\":\"https:\\\/\\\/www.mzone.cz\\\/#website\"},\"primaryImageOfPage\":{\"@id\":\"https:\\\/\\\/www.mzone.cz\\\/sport-koronavirus-nezmeni-rikaji-komentatori\\\/#primaryimage\"},\"image\":{\"@id\":\"https:\\\/\\\/www.mzone.cz\\\/sport-koronavirus-nezmeni-rikaji-komentatori\\\/#primaryimage\"},\"thumbnailUrl\":\"https:\\\/\\\/www.mzone.cz\\\/wp-content\\\/uploads\\\/2020\\\/06\\\/Sport-a-koronavirus.jpg\",\"datePublished\":\"2020-06-29T03:00:00+00:00\",\"author\":{\"@id\":\"https:\\\/\\\/www.mzone.cz\\\/#\\\/schema\\\/person\\\/9bc20cc422a99cac4af6ff9297da32d4\"},\"description\":\"Pr\u00e1ce sportovn\u00edho koment\u00e1tora je snem nejen mnoha mal\u00fdch chlapc\u016f, ale tak\u00e9 o n\u011bco dosp\u011blej\u0161\u00edch fand\u016f. Jako u ka\u017ed\u00e9 jin\u00e9 profese, cesta na vrchol nen\u00ed snadn\u00e1, prov\u00e1z\u00ed ji v\u0161emo\u017en\u00e1 \u00faskal\u00ed a n\u00e1strahy. Dok\u00e1\u017ee v\u0161ak zprost\u0159edkov\u00e1vat radost div\u00e1k\u016fm u televizn\u00edch obrazovek. Dva p\u0159edn\u00ed koment\u00e1to\u0159i Ond\u0159ej Vor\u0161ilka a Michal Micka se rozpov\u00eddali o sv\u00e9 cest\u011b ke sportovn\u00edmu mikrofonu a tak\u00e9 o tom, jak\u00e9 bude m\u00edt koronavirov\u00e1 krize dopady na n\u011b samotn\u00e9 i sport obecn\u011b.\",\"breadcrumb\":{\"@id\":\"https:\\\/\\\/www.mzone.cz\\\/sport-koronavirus-nezmeni-rikaji-komentatori\\\/#breadcrumb\"},\"inLanguage\":\"en-US\",\"potentialAction\":[{\"@type\":\"ReadAction\",\"target\":[\"https:\\\/\\\/www.mzone.cz\\\/sport-koronavirus-nezmeni-rikaji-komentatori\\\/\"]}]},{\"@type\":\"ImageObject\",\"inLanguage\":\"en-US\",\"@id\":\"https:\\\/\\\/www.mzone.cz\\\/sport-koronavirus-nezmeni-rikaji-komentatori\\\/#primaryimage\",\"url\":\"https:\\\/\\\/www.mzone.cz\\\/wp-content\\\/uploads\\\/2020\\\/06\\\/Sport-a-koronavirus.jpg\",\"contentUrl\":\"https:\\\/\\\/www.mzone.cz\\\/wp-content\\\/uploads\\\/2020\\\/06\\\/Sport-a-koronavirus.jpg\",\"width\":1800,\"height\":1200},{\"@type\":\"BreadcrumbList\",\"@id\":\"https:\\\/\\\/www.mzone.cz\\\/sport-koronavirus-nezmeni-rikaji-komentatori\\\/#breadcrumb\",\"itemListElement\":[{\"@type\":\"ListItem\",\"position\":1,\"name\":\"Dom\u016f\",\"item\":\"https:\\\/\\\/www.mzone.cz\\\/\"},{\"@type\":\"ListItem\",\"position\":2,\"name\":\"Sport koronavirus nezm\u011bn\u00ed, \u0159\u00edkaj\u00ed sportovn\u00ed koment\u00e1to\u0159i\"}]},{\"@type\":\"WebSite\",\"@id\":\"https:\\\/\\\/www.mzone.cz\\\/#website\",\"url\":\"https:\\\/\\\/www.mzone.cz\\\/\",\"name\":\"Mzone\",\"description\":\"Magaz\u00edn nejen pro mu\u017ee\",\"potentialAction\":[{\"@type\":\"SearchAction\",\"target\":{\"@type\":\"EntryPoint\",\"urlTemplate\":\"https:\\\/\\\/www.mzone.cz\\\/?s={search_term_string}\"},\"query-input\":{\"@type\":\"PropertyValueSpecification\",\"valueRequired\":true,\"valueName\":\"search_term_string\"}}],\"inLanguage\":\"en-US\"},{\"@type\":\"Person\",\"@id\":\"https:\\\/\\\/www.mzone.cz\\\/#\\\/schema\\\/person\\\/9bc20cc422a99cac4af6ff9297da32d4\",\"name\":\"Mzone\",\"image\":{\"@type\":\"ImageObject\",\"inLanguage\":\"en-US\",\"@id\":\"https:\\\/\\\/secure.gravatar.com\\\/avatar\\\/e780a8630f3182a3d06dd667ab6bea151a0d155b0951bc15fe22633acdac0676?s=96&d=mm&r=g\",\"url\":\"https:\\\/\\\/secure.gravatar.com\\\/avatar\\\/e780a8630f3182a3d06dd667ab6bea151a0d155b0951bc15fe22633acdac0676?s=96&d=mm&r=g\",\"contentUrl\":\"https:\\\/\\\/secure.gravatar.com\\\/avatar\\\/e780a8630f3182a3d06dd667ab6bea151a0d155b0951bc15fe22633acdac0676?s=96&d=mm&r=g\",\"caption\":\"Mzone\"},\"url\":\"https:\\\/\\\/www.mzone.cz\\\/en\\\/author\\\/jakub\\\/\"}]}<\/script>\n<!-- \/ Yoast SEO plugin. -->","yoast_head_json":{"title":"Sport koronavirus nezm\u011bn\u00ed, \u0159\u00edkaj\u00ed sportovn\u00ed koment\u00e1to\u0159i - Mzone","description":"Pr\u00e1ce sportovn\u00edho koment\u00e1tora je snem nejen mnoha mal\u00fdch chlapc\u016f, ale tak\u00e9 o n\u011bco dosp\u011blej\u0161\u00edch fand\u016f. Jako u ka\u017ed\u00e9 jin\u00e9 profese, cesta na vrchol nen\u00ed snadn\u00e1, prov\u00e1z\u00ed ji v\u0161emo\u017en\u00e1 \u00faskal\u00ed a n\u00e1strahy. Dok\u00e1\u017ee v\u0161ak zprost\u0159edkov\u00e1vat radost div\u00e1k\u016fm u televizn\u00edch obrazovek. Dva p\u0159edn\u00ed koment\u00e1to\u0159i Ond\u0159ej Vor\u0161ilka a Michal Micka se rozpov\u00eddali o sv\u00e9 cest\u011b ke sportovn\u00edmu mikrofonu a tak\u00e9 o tom, jak\u00e9 bude m\u00edt koronavirov\u00e1 krize dopady na n\u011b samotn\u00e9 i sport obecn\u011b.","robots":{"index":"index","follow":"follow","max-snippet":"max-snippet:-1","max-image-preview":"max-image-preview:large","max-video-preview":"max-video-preview:-1"},"canonical":"https:\/\/www.mzone.cz\/en\/sport-koronavirus-nezmeni-rikaji-komentatori\/","og_locale":"en_US","og_type":"article","og_title":"Sport koronavirus nezm\u011bn\u00ed, \u0159\u00edkaj\u00ed sportovn\u00ed koment\u00e1to\u0159i - Mzone","og_description":"Pr\u00e1ce sportovn\u00edho koment\u00e1tora je snem nejen mnoha mal\u00fdch chlapc\u016f, ale tak\u00e9 o n\u011bco dosp\u011blej\u0161\u00edch fand\u016f. Jako u ka\u017ed\u00e9 jin\u00e9 profese, cesta na vrchol nen\u00ed snadn\u00e1, prov\u00e1z\u00ed ji v\u0161emo\u017en\u00e1 \u00faskal\u00ed a n\u00e1strahy. Dok\u00e1\u017ee v\u0161ak zprost\u0159edkov\u00e1vat radost div\u00e1k\u016fm u televizn\u00edch obrazovek. Dva p\u0159edn\u00ed koment\u00e1to\u0159i Ond\u0159ej Vor\u0161ilka a Michal Micka se rozpov\u00eddali o sv\u00e9 cest\u011b ke sportovn\u00edmu mikrofonu a tak\u00e9 o tom, jak\u00e9 bude m\u00edt koronavirov\u00e1 krize dopady na n\u011b samotn\u00e9 i sport obecn\u011b.","og_url":"https:\/\/www.mzone.cz\/en\/sport-koronavirus-nezmeni-rikaji-komentatori\/","og_site_name":"Mzone","article_publisher":"https:\/\/www.facebook.com\/MzoneCZ\/","article_published_time":"2020-06-29T03:00:00+00:00","og_image":[{"width":1800,"height":1200,"url":"https:\/\/www.mzone.cz\/wp-content\/uploads\/2020\/06\/Sport-a-koronavirus.jpg","type":"image\/jpeg"}],"author":"Mzone","twitter_card":"summary_large_image","twitter_misc":{"Written by":"Mzone","Est. reading time":"14 minutes"},"schema":{"@context":"https:\/\/schema.org","@graph":[{"@type":"Article","@id":"https:\/\/www.mzone.cz\/sport-koronavirus-nezmeni-rikaji-komentatori\/#article","isPartOf":{"@id":"https:\/\/www.mzone.cz\/sport-koronavirus-nezmeni-rikaji-komentatori\/"},"author":{"name":"Mzone","@id":"https:\/\/www.mzone.cz\/#\/schema\/person\/9bc20cc422a99cac4af6ff9297da32d4"},"headline":"Sport koronavirus nezm\u011bn\u00ed, \u0159\u00edkaj\u00ed sportovn\u00ed koment\u00e1to\u0159i","datePublished":"2020-06-29T03:00:00+00:00","mainEntityOfPage":{"@id":"https:\/\/www.mzone.cz\/sport-koronavirus-nezmeni-rikaji-komentatori\/"},"wordCount":2733,"commentCount":1,"image":{"@id":"https:\/\/www.mzone.cz\/sport-koronavirus-nezmeni-rikaji-komentatori\/#primaryimage"},"thumbnailUrl":"https:\/\/www.mzone.cz\/wp-content\/uploads\/2020\/06\/Sport-a-koronavirus.jpg","keywords":["COVID-19","epidemie","interview","komentov\u00e1n\u00ed","koronakrize","koronavirus","Michal Micka","Ond\u0159ej Vor\u0161ilka","pandemie","Rozhovor","Sport","sportovn\u00ed koment\u00e1tor","sportovn\u00ed p\u0159enosy","zm\u011bna","zm\u011bny"],"articleSection":["Sport"],"inLanguage":"en-US","potentialAction":[{"@type":"CommentAction","name":"Comment","target":["https:\/\/www.mzone.cz\/sport-koronavirus-nezmeni-rikaji-komentatori\/#respond"]}]},{"@type":"WebPage","@id":"https:\/\/www.mzone.cz\/sport-koronavirus-nezmeni-rikaji-komentatori\/","url":"https:\/\/www.mzone.cz\/sport-koronavirus-nezmeni-rikaji-komentatori\/","name":"Sport koronavirus nezm\u011bn\u00ed, \u0159\u00edkaj\u00ed sportovn\u00ed koment\u00e1to\u0159i - Mzone","isPartOf":{"@id":"https:\/\/www.mzone.cz\/#website"},"primaryImageOfPage":{"@id":"https:\/\/www.mzone.cz\/sport-koronavirus-nezmeni-rikaji-komentatori\/#primaryimage"},"image":{"@id":"https:\/\/www.mzone.cz\/sport-koronavirus-nezmeni-rikaji-komentatori\/#primaryimage"},"thumbnailUrl":"https:\/\/www.mzone.cz\/wp-content\/uploads\/2020\/06\/Sport-a-koronavirus.jpg","datePublished":"2020-06-29T03:00:00+00:00","author":{"@id":"https:\/\/www.mzone.cz\/#\/schema\/person\/9bc20cc422a99cac4af6ff9297da32d4"},"description":"Pr\u00e1ce sportovn\u00edho koment\u00e1tora je snem nejen mnoha mal\u00fdch chlapc\u016f, ale tak\u00e9 o n\u011bco dosp\u011blej\u0161\u00edch fand\u016f. Jako u ka\u017ed\u00e9 jin\u00e9 profese, cesta na vrchol nen\u00ed snadn\u00e1, prov\u00e1z\u00ed ji v\u0161emo\u017en\u00e1 \u00faskal\u00ed a n\u00e1strahy. Dok\u00e1\u017ee v\u0161ak zprost\u0159edkov\u00e1vat radost div\u00e1k\u016fm u televizn\u00edch obrazovek. Dva p\u0159edn\u00ed koment\u00e1to\u0159i Ond\u0159ej Vor\u0161ilka a Michal Micka se rozpov\u00eddali o sv\u00e9 cest\u011b ke sportovn\u00edmu mikrofonu a tak\u00e9 o tom, jak\u00e9 bude m\u00edt koronavirov\u00e1 krize dopady na n\u011b samotn\u00e9 i sport obecn\u011b.","breadcrumb":{"@id":"https:\/\/www.mzone.cz\/sport-koronavirus-nezmeni-rikaji-komentatori\/#breadcrumb"},"inLanguage":"en-US","potentialAction":[{"@type":"ReadAction","target":["https:\/\/www.mzone.cz\/sport-koronavirus-nezmeni-rikaji-komentatori\/"]}]},{"@type":"ImageObject","inLanguage":"en-US","@id":"https:\/\/www.mzone.cz\/sport-koronavirus-nezmeni-rikaji-komentatori\/#primaryimage","url":"https:\/\/www.mzone.cz\/wp-content\/uploads\/2020\/06\/Sport-a-koronavirus.jpg","contentUrl":"https:\/\/www.mzone.cz\/wp-content\/uploads\/2020\/06\/Sport-a-koronavirus.jpg","width":1800,"height":1200},{"@type":"BreadcrumbList","@id":"https:\/\/www.mzone.cz\/sport-koronavirus-nezmeni-rikaji-komentatori\/#breadcrumb","itemListElement":[{"@type":"ListItem","position":1,"name":"Dom\u016f","item":"https:\/\/www.mzone.cz\/"},{"@type":"ListItem","position":2,"name":"Sport koronavirus nezm\u011bn\u00ed, \u0159\u00edkaj\u00ed sportovn\u00ed koment\u00e1to\u0159i"}]},{"@type":"WebSite","@id":"https:\/\/www.mzone.cz\/#website","url":"https:\/\/www.mzone.cz\/","name":"Mzone","description":"Magaz\u00edn nejen pro mu\u017ee","potentialAction":[{"@type":"SearchAction","target":{"@type":"EntryPoint","urlTemplate":"https:\/\/www.mzone.cz\/?s={search_term_string}"},"query-input":{"@type":"PropertyValueSpecification","valueRequired":true,"valueName":"search_term_string"}}],"inLanguage":"en-US"},{"@type":"Person","@id":"https:\/\/www.mzone.cz\/#\/schema\/person\/9bc20cc422a99cac4af6ff9297da32d4","name":"Mzone","image":{"@type":"ImageObject","inLanguage":"en-US","@id":"https:\/\/secure.gravatar.com\/avatar\/e780a8630f3182a3d06dd667ab6bea151a0d155b0951bc15fe22633acdac0676?s=96&d=mm&r=g","url":"https:\/\/secure.gravatar.com\/avatar\/e780a8630f3182a3d06dd667ab6bea151a0d155b0951bc15fe22633acdac0676?s=96&d=mm&r=g","contentUrl":"https:\/\/secure.gravatar.com\/avatar\/e780a8630f3182a3d06dd667ab6bea151a0d155b0951bc15fe22633acdac0676?s=96&d=mm&r=g","caption":"Mzone"},"url":"https:\/\/www.mzone.cz\/en\/author\/jakub\/"}]}},"_links":{"self":[{"href":"https:\/\/www.mzone.cz\/en\/wp-json\/wp\/v2\/posts\/21963","targetHints":{"allow":["GET"]}}],"collection":[{"href":"https:\/\/www.mzone.cz\/en\/wp-json\/wp\/v2\/posts"}],"about":[{"href":"https:\/\/www.mzone.cz\/en\/wp-json\/wp\/v2\/types\/post"}],"author":[{"embeddable":true,"href":"https:\/\/www.mzone.cz\/en\/wp-json\/wp\/v2\/users\/4"}],"replies":[{"embeddable":true,"href":"https:\/\/www.mzone.cz\/en\/wp-json\/wp\/v2\/comments?post=21963"}],"version-history":[{"count":31,"href":"https:\/\/www.mzone.cz\/en\/wp-json\/wp\/v2\/posts\/21963\/revisions"}],"predecessor-version":[{"id":22010,"href":"https:\/\/www.mzone.cz\/en\/wp-json\/wp\/v2\/posts\/21963\/revisions\/22010"}],"wp:featuredmedia":[{"embeddable":true,"href":"https:\/\/www.mzone.cz\/en\/wp-json\/wp\/v2\/media\/21965"}],"wp:attachment":[{"href":"https:\/\/www.mzone.cz\/en\/wp-json\/wp\/v2\/media?parent=21963"}],"wp:term":[{"taxonomy":"category","embeddable":true,"href":"https:\/\/www.mzone.cz\/en\/wp-json\/wp\/v2\/categories?post=21963"},{"taxonomy":"post_tag","embeddable":true,"href":"https:\/\/www.mzone.cz\/en\/wp-json\/wp\/v2\/tags?post=21963"}],"curies":[{"name":"wp","href":"https:\/\/api.w.org\/{rel}","templated":true}]}}