{"id":2217,"date":"2018-12-11T06:00:33","date_gmt":"2018-12-11T05:00:33","guid":{"rendered":"http:\/\/www.mzone.cz\/?p=2217"},"modified":"2019-10-02T17:10:16","modified_gmt":"2019-10-02T15:10:16","slug":"v-praze-otevreli-selfie-kavarnu-ktera-vam-naserviruje-kafe-s-oblicejem-anebo-klidne-i-s-nadry","status":"publish","type":"post","link":"https:\/\/www.mzone.cz\/en\/v-praze-otevreli-selfie-kavarnu-ktera-vam-naserviruje-kafe-s-oblicejem-anebo-klidne-i-s-nadry\/","title":{"rendered":"V Praze otev\u0159eli selfie kav\u00e1rnu, kter\u00e1 v\u00e1m naserv\u00edruje kafe s obli\u010dejem. Anebo klidn\u011b i s \u0148adry"},"content":{"rendered":"<p><strong>Ve Vodi\u010dkov\u011b ulici v pas\u00e1\u017ei u Nov\u00e1k\u016f se nach\u00e1z\u00ed mal\u00e1 \u00fatuln\u00e1 kav\u00e1rni\u010dka, kter\u00e1 v cel\u00e9 \u010cesk\u00e9 republice nem\u00e1 obdoby. Jmenuje se Selfie kav\u00e1rna a na prvn\u00ed pohled se ni\u010d\u00edm neli\u0161\u00ed od stovek ostatn\u00edch pra\u017esk\u00fdch podnik\u016f, kam se sl\u00e9zaj\u00ed kav\u00e1ren\u0161t\u00ed povale\u010di, byznysmeni, turist\u00e9 i rodiny na rann\u00ed i odpoledn\u00ed d\u00fdch\u00e1nky. Dominantou \u010dist\u00e9ho \u010dernob\u00edl\u00e9ho interi\u00e9ru je logo na zdi, prozrazuj\u00edc\u00ed sofistikovan\u00fd koncept tohoto podniku. Pr\u00e1v\u011b zde v\u00e1m zku\u0161en\u00ed barist\u00e9 a z\u00e1rove\u0148 majitel\u00e9, Adam a jeho p\u0159\u00edtelkyn\u011b, naserv\u00edruj\u00ed to nejhez\u010d\u00ed kafe prvot\u0159\u00eddn\u00ed kvality, kter\u00e9 je \u0161koda zam\u00edchat a vyp\u00edt.<\/strong><\/p>\n<p>Z\u00e1kazn\u00edci zde maj\u00ed mo\u017enost si na svoje cappuccino, latt\u00e9 \u010di kakao natisknout nejen sv\u016fj vlastn\u00ed portr\u00e9t, ale jakoukoli fotografii sv\u00e9ho mazl\u00ed\u010dka, p\u0159\u00edtele, firemn\u00edho loga \u010di \u010dehokoli jin\u00e9ho, co p\u0159i v\u00fdb\u011bru p\u0159ijde z\u00e1kazn\u00edkovi na mysl.<\/p>\n<blockquote><p>Mu\u017ei si velmi  r\u00e1di nam\u00edsto sv\u00e9ho portr\u00e9tu sv\u00e9 kafe kr\u00e1\u0161l\u00ed r\u016fzn\u00fdmi spros\u0165\u00e1rnami. A nez\u00e1le\u017e\u00ed na tom, zda si jejich p\u0159\u00edtelkyn\u011b vyhrne tri\u010dko p\u0159\u00edmo v kav\u00e1rn\u011b, nebo po\u0161lou baristovi ulo\u017eenou fotku, mo\u017en\u00e9 je oboj\u00ed.<\/p><\/blockquote>\n<p>Barista skrz aplikaci po\u0161le fotografii do speci\u00e1ln\u00ed 2D tisk\u00e1rny, do kter\u00e9 vlo\u017e\u00ed \u0161\u00e1lek n\u00e1poje va\u0161eho v\u00fdb\u011bru a b\u011bhem \u010dty\u0159iceti sekund je pod n\u00e1nosem potravin\u00e1\u0159sk\u00e9ho barviva va\u0161e lahodn\u00e9 d\u00edlo p\u0159ipraven\u00e9 k autentick\u00e9mu gastronomick\u00e9mu z\u00e1\u017eitku, kter\u00fd t\u011b\u0161\u00ed oko i chu\u0165ov\u00e9 bu\u0148ky ka\u017ed\u00e9ho z\u00e1kazn\u00edka.<\/p>\n<blockquote><p>&#8220;Je to stejn\u00e9 jako kdy\u017e si tisknete n\u011bco na pap\u00edr,&#8221; \u0159\u00edk\u00e1 majitel Adam Marek.<\/p><\/blockquote>\n<p>Kr\u00e1tce nato\u010d\u00edm p\u0159\u00edpravu toho nejkr\u00e1sn\u011bj\u0161\u00edho kapu\u010d\u00edna m\u00e9ho \u017eivota a ne\u017e si ho sta\u010d\u00edm vyp\u00edt, pt\u00e1m se, odkud tento n\u00e1pad poch\u00e1z\u00ed. A dozv\u00edm se, \u017ee i takov\u00e1 dovolen\u00e1 v Singapuru m\u016f\u017ee do Prahy p\u0159in\u00e9st exotick\u00fd milionov\u00fd z\u00e1\u017eitek.<\/p>\n<p><img loading=\"lazy\" decoding=\"async\" src=\"http:\/\/www.mzone.cz\/wp-content\/uploads\/2018\/12\/DSC_1951-1024x683.jpg\" width=\"600\" height=\"400\" class=\"alignnone size-large wp-image-2222\" srcset=\"https:\/\/www.mzone.cz\/wp-content\/uploads\/2018\/12\/DSC_1951-1024x683.jpg 1024w, https:\/\/www.mzone.cz\/wp-content\/uploads\/2018\/12\/DSC_1951-300x200.jpg 300w, https:\/\/www.mzone.cz\/wp-content\/uploads\/2018\/12\/DSC_1951-768x512.jpg 768w, https:\/\/www.mzone.cz\/wp-content\/uploads\/2018\/12\/DSC_1951-800x533.jpg 800w, https:\/\/www.mzone.cz\/wp-content\/uploads\/2018\/12\/DSC_1951-400x267.jpg 400w, https:\/\/www.mzone.cz\/wp-content\/uploads\/2018\/12\/DSC_1951-500x333.jpg 500w, https:\/\/www.mzone.cz\/wp-content\/uploads\/2018\/12\/DSC_1951-1170x780.jpg 1170w, https:\/\/www.mzone.cz\/wp-content\/uploads\/2018\/12\/DSC_1951-590x393.jpg 590w\" sizes=\"auto, (max-width: 600px) 100vw, 600px\" \/><\/p>\n<p>Ka\u017ed\u00e1 legrace ale n\u011bco stoj\u00ed. V tomto p\u0159\u00edpad\u011b si za kafe zaplat\u00edte p\u0159ibli\u017en\u011b 65 korun. Tisk\u00e1rna natiskne obr\u00e1zky i na dal\u0161\u00ed n\u00e1poje, jako je latt\u00e9 \u010di kakao. Jedin\u00e1 nev\u00fdhoda spo\u010d\u00edv\u00e1 v tom, \u017ee si barist\u00e9 p\u0159ej\u00ed, abyste si k\u00e1vu vychutnali v pohodl\u00ed stylov\u00fdch k\u0159es\u00edlek za doprovodu p\u0159\u00edjemn\u00e9 hudby. Selfie kafe na zbrklou cestu do pr\u00e1ce tu tedy rozhodn\u011b ne\u010dekejte, a rad\u0161i si na n\u011bj zajd\u011bte ve sv\u00e9m volnu.<\/p>","protected":false},"excerpt":{"rendered":"<p>Ve Vodi\u010dkov\u011b ulici v pas\u00e1\u017ei u Nov\u00e1k\u016f se nach\u00e1z\u00ed mal\u00e1 \u00fatuln\u00e1 kav\u00e1rni\u010dka, kter\u00e1 v cel\u00e9 \u010cesk\u00e9 republice nem\u00e1 obdoby. Jmenuje se Selfie kav\u00e1rna a na prvn\u00ed pohled se ni\u010d\u00edm neli\u0161\u00ed od stovek ostatn\u00edch pra\u017esk\u00fdch podnik\u016f, kam se sl\u00e9zaj\u00ed kav\u00e1ren\u0161t\u00ed povale\u010di, byznysmeni, turist\u00e9 i rodiny na rann\u00ed i odpoledn\u00ed d\u00fdch\u00e1nky. Dominantou \u010dist\u00e9ho \u010dernob\u00edl\u00e9ho interi\u00e9ru je logo [&hellip;]<\/p>\n","protected":false},"author":4,"featured_media":2218,"comment_status":"open","ping_status":"open","sticky":false,"template":"","format":"standard","meta":{"kk_blocks_editor_width":"","_kiokenblocks_attr":"","_kiokenblocks_dimensions":"","footnotes":""},"categories":[63,29,25,64],"tags":[835,833,832,834,17,838,407,836,837,363,309,156,490,148],"class_list":["post-2217","post","type-post","status-publish","format-standard","has-post-thumbnail","hentry","category-jidlo","category-lifestyle","category-style","category-trendy","tag-hit","tag-kafe","tag-kava","tag-kavarna","tag-lifestyle","tag-napad","tag-napoje","tag-obcerstveni","tag-originalita","tag-praha","tag-selfie","tag-styl","tag-style","tag-trendy"],"yoast_head":"<!-- This site is optimized with the Yoast SEO plugin v27.5 - https:\/\/yoast.com\/product\/yoast-seo-wordpress\/ -->\n<title>V Praze otev\u0159eli selfie kav\u00e1rnu, kter\u00e1 v\u00e1m naserv\u00edruje kafe s obli\u010dejem. Anebo klidn\u011b i s \u0148adry - Mzone<\/title>\n<meta name=\"description\" content=\"Ve Vodi\u010dkov\u011b ulici v pas\u00e1\u017ei u Nov\u00e1k\u016f se nach\u00e1z\u00ed mal\u00e1 \u00fatuln\u00e1 kav\u00e1rni\u010dka, kter\u00e1 v cel\u00e9 \u010cesk\u00e9 republice nem\u00e1 obdoby. Jmenuje se Selfie kav\u00e1rna a na prvn\u00ed pohled se ni\u010d\u00edm neli\u0161\u00ed od stovek ostatn\u00edch pra\u017esk\u00fdch podnik\u016f, kam se sl\u00e9zaj\u00ed kav\u00e1ren\u0161t\u00ed povale\u010di, byznysmeni, turist\u00e9 i rodiny na rann\u00ed i odpoledn\u00ed d\u00fdch\u00e1nky. Dominantou \u010dist\u00e9ho \u010dernob\u00edl\u00e9ho interi\u00e9ru je logo na zdi, prozrazuj\u00edc\u00ed sofistikovan\u00fd koncept tohoto podniku. Pr\u00e1v\u011b zde v\u00e1m zku\u0161en\u00ed barist\u00e9 a z\u00e1rove\u0148 majitel\u00e9, Adam a jeho p\u0159\u00edtelkyn\u011b, naserv\u00edruj\u00ed to nejhez\u010d\u00ed kafe prvot\u0159\u00eddn\u00ed kvality, kter\u00e9 je \u0161koda zam\u00edchat a vyp\u00edt.\" \/>\n<meta name=\"robots\" content=\"index, follow, max-snippet:-1, max-image-preview:large, max-video-preview:-1\" \/>\n<link rel=\"canonical\" href=\"https:\/\/www.mzone.cz\/en\/v-praze-otevreli-selfie-kavarnu-ktera-vam-naserviruje-kafe-s-oblicejem-anebo-klidne-i-s-nadry\/\" \/>\n<meta property=\"og:locale\" content=\"en_US\" \/>\n<meta property=\"og:type\" content=\"article\" \/>\n<meta property=\"og:title\" content=\"V Praze otev\u0159eli selfie kav\u00e1rnu, kter\u00e1 v\u00e1m naserv\u00edruje kafe s obli\u010dejem. Anebo klidn\u011b i s \u0148adry - Mzone\" \/>\n<meta property=\"og:description\" content=\"Ve Vodi\u010dkov\u011b ulici v pas\u00e1\u017ei u Nov\u00e1k\u016f se nach\u00e1z\u00ed mal\u00e1 \u00fatuln\u00e1 kav\u00e1rni\u010dka, kter\u00e1 v cel\u00e9 \u010cesk\u00e9 republice nem\u00e1 obdoby. Jmenuje se Selfie kav\u00e1rna a na prvn\u00ed pohled se ni\u010d\u00edm neli\u0161\u00ed od stovek ostatn\u00edch pra\u017esk\u00fdch podnik\u016f, kam se sl\u00e9zaj\u00ed kav\u00e1ren\u0161t\u00ed povale\u010di, byznysmeni, turist\u00e9 i rodiny na rann\u00ed i odpoledn\u00ed d\u00fdch\u00e1nky. Dominantou \u010dist\u00e9ho \u010dernob\u00edl\u00e9ho interi\u00e9ru je logo na zdi, prozrazuj\u00edc\u00ed sofistikovan\u00fd koncept tohoto podniku. Pr\u00e1v\u011b zde v\u00e1m zku\u0161en\u00ed barist\u00e9 a z\u00e1rove\u0148 majitel\u00e9, Adam a jeho p\u0159\u00edtelkyn\u011b, naserv\u00edruj\u00ed to nejhez\u010d\u00ed kafe prvot\u0159\u00eddn\u00ed kvality, kter\u00e9 je \u0161koda zam\u00edchat a vyp\u00edt.\" \/>\n<meta property=\"og:url\" content=\"https:\/\/www.mzone.cz\/en\/v-praze-otevreli-selfie-kavarnu-ktera-vam-naserviruje-kafe-s-oblicejem-anebo-klidne-i-s-nadry\/\" \/>\n<meta property=\"og:site_name\" content=\"Mzone\" \/>\n<meta property=\"article:publisher\" content=\"https:\/\/www.facebook.com\/MzoneCZ\/\" \/>\n<meta property=\"article:published_time\" content=\"2018-12-11T05:00:33+00:00\" \/>\n<meta property=\"article:modified_time\" content=\"2019-10-02T15:10:16+00:00\" \/>\n<meta property=\"og:image\" content=\"https:\/\/www.mzone.cz\/wp-content\/uploads\/2018\/12\/DSC_1955.jpg\" \/>\n\t<meta property=\"og:image:width\" content=\"2560\" \/>\n\t<meta property=\"og:image:height\" content=\"1708\" \/>\n\t<meta property=\"og:image:type\" content=\"image\/jpeg\" \/>\n<meta name=\"author\" content=\"Mzone\" \/>\n<meta name=\"twitter:card\" content=\"summary_large_image\" \/>\n<meta name=\"twitter:label1\" content=\"Written by\" \/>\n\t<meta name=\"twitter:data1\" content=\"Mzone\" \/>\n\t<meta name=\"twitter:label2\" content=\"Est. reading time\" \/>\n\t<meta name=\"twitter:data2\" content=\"2 minutes\" \/>\n<script type=\"application\/ld+json\" class=\"yoast-schema-graph\">{\"@context\":\"https:\\\/\\\/schema.org\",\"@graph\":[{\"@type\":\"Article\",\"@id\":\"https:\\\/\\\/www.mzone.cz\\\/v-praze-otevreli-selfie-kavarnu-ktera-vam-naserviruje-kafe-s-oblicejem-anebo-klidne-i-s-nadry\\\/#article\",\"isPartOf\":{\"@id\":\"https:\\\/\\\/www.mzone.cz\\\/v-praze-otevreli-selfie-kavarnu-ktera-vam-naserviruje-kafe-s-oblicejem-anebo-klidne-i-s-nadry\\\/\"},\"author\":{\"name\":\"Mzone\",\"@id\":\"https:\\\/\\\/www.mzone.cz\\\/#\\\/schema\\\/person\\\/9bc20cc422a99cac4af6ff9297da32d4\"},\"headline\":\"V Praze otev\u0159eli selfie kav\u00e1rnu, kter\u00e1 v\u00e1m naserv\u00edruje kafe s obli\u010dejem. Anebo klidn\u011b i s \u0148adry\",\"datePublished\":\"2018-12-11T05:00:33+00:00\",\"dateModified\":\"2019-10-02T15:10:16+00:00\",\"mainEntityOfPage\":{\"@id\":\"https:\\\/\\\/www.mzone.cz\\\/v-praze-otevreli-selfie-kavarnu-ktera-vam-naserviruje-kafe-s-oblicejem-anebo-klidne-i-s-nadry\\\/\"},\"wordCount\":463,\"commentCount\":0,\"image\":{\"@id\":\"https:\\\/\\\/www.mzone.cz\\\/v-praze-otevreli-selfie-kavarnu-ktera-vam-naserviruje-kafe-s-oblicejem-anebo-klidne-i-s-nadry\\\/#primaryimage\"},\"thumbnailUrl\":\"https:\\\/\\\/www.mzone.cz\\\/wp-content\\\/uploads\\\/2018\\\/12\\\/DSC_1955.jpg\",\"keywords\":[\"hit\",\"kafe\",\"k\u00e1va\",\"kav\u00e1rna\",\"Lifestyle\",\"n\u00e1pad\",\"n\u00e1poje\",\"ob\u010derstven\u00ed\",\"originalita\",\"Praha\",\"Selfie\",\"styl\",\"style\",\"trendy\"],\"articleSection\":[\"J\u00eddlo a pit\u00ed\",\"Lifestyle\",\"Style\",\"Trendy\"],\"inLanguage\":\"en-US\",\"potentialAction\":[{\"@type\":\"CommentAction\",\"name\":\"Comment\",\"target\":[\"https:\\\/\\\/www.mzone.cz\\\/v-praze-otevreli-selfie-kavarnu-ktera-vam-naserviruje-kafe-s-oblicejem-anebo-klidne-i-s-nadry\\\/#respond\"]}]},{\"@type\":\"WebPage\",\"@id\":\"https:\\\/\\\/www.mzone.cz\\\/v-praze-otevreli-selfie-kavarnu-ktera-vam-naserviruje-kafe-s-oblicejem-anebo-klidne-i-s-nadry\\\/\",\"url\":\"https:\\\/\\\/www.mzone.cz\\\/v-praze-otevreli-selfie-kavarnu-ktera-vam-naserviruje-kafe-s-oblicejem-anebo-klidne-i-s-nadry\\\/\",\"name\":\"V Praze otev\u0159eli selfie kav\u00e1rnu, kter\u00e1 v\u00e1m naserv\u00edruje kafe s obli\u010dejem. Anebo klidn\u011b i s \u0148adry - Mzone\",\"isPartOf\":{\"@id\":\"https:\\\/\\\/www.mzone.cz\\\/#website\"},\"primaryImageOfPage\":{\"@id\":\"https:\\\/\\\/www.mzone.cz\\\/v-praze-otevreli-selfie-kavarnu-ktera-vam-naserviruje-kafe-s-oblicejem-anebo-klidne-i-s-nadry\\\/#primaryimage\"},\"image\":{\"@id\":\"https:\\\/\\\/www.mzone.cz\\\/v-praze-otevreli-selfie-kavarnu-ktera-vam-naserviruje-kafe-s-oblicejem-anebo-klidne-i-s-nadry\\\/#primaryimage\"},\"thumbnailUrl\":\"https:\\\/\\\/www.mzone.cz\\\/wp-content\\\/uploads\\\/2018\\\/12\\\/DSC_1955.jpg\",\"datePublished\":\"2018-12-11T05:00:33+00:00\",\"dateModified\":\"2019-10-02T15:10:16+00:00\",\"author\":{\"@id\":\"https:\\\/\\\/www.mzone.cz\\\/#\\\/schema\\\/person\\\/9bc20cc422a99cac4af6ff9297da32d4\"},\"description\":\"Ve Vodi\u010dkov\u011b ulici v pas\u00e1\u017ei u Nov\u00e1k\u016f se nach\u00e1z\u00ed mal\u00e1 \u00fatuln\u00e1 kav\u00e1rni\u010dka, kter\u00e1 v cel\u00e9 \u010cesk\u00e9 republice nem\u00e1 obdoby. Jmenuje se Selfie kav\u00e1rna a na prvn\u00ed pohled se ni\u010d\u00edm neli\u0161\u00ed od stovek ostatn\u00edch pra\u017esk\u00fdch podnik\u016f, kam se sl\u00e9zaj\u00ed kav\u00e1ren\u0161t\u00ed povale\u010di, byznysmeni, turist\u00e9 i rodiny na rann\u00ed i odpoledn\u00ed d\u00fdch\u00e1nky. Dominantou \u010dist\u00e9ho \u010dernob\u00edl\u00e9ho interi\u00e9ru je logo na zdi, prozrazuj\u00edc\u00ed sofistikovan\u00fd koncept tohoto podniku. Pr\u00e1v\u011b zde v\u00e1m zku\u0161en\u00ed barist\u00e9 a z\u00e1rove\u0148 majitel\u00e9, Adam a jeho p\u0159\u00edtelkyn\u011b, naserv\u00edruj\u00ed to nejhez\u010d\u00ed kafe prvot\u0159\u00eddn\u00ed kvality, kter\u00e9 je \u0161koda zam\u00edchat a vyp\u00edt.\",\"breadcrumb\":{\"@id\":\"https:\\\/\\\/www.mzone.cz\\\/v-praze-otevreli-selfie-kavarnu-ktera-vam-naserviruje-kafe-s-oblicejem-anebo-klidne-i-s-nadry\\\/#breadcrumb\"},\"inLanguage\":\"en-US\",\"potentialAction\":[{\"@type\":\"ReadAction\",\"target\":[\"https:\\\/\\\/www.mzone.cz\\\/v-praze-otevreli-selfie-kavarnu-ktera-vam-naserviruje-kafe-s-oblicejem-anebo-klidne-i-s-nadry\\\/\"]}]},{\"@type\":\"ImageObject\",\"inLanguage\":\"en-US\",\"@id\":\"https:\\\/\\\/www.mzone.cz\\\/v-praze-otevreli-selfie-kavarnu-ktera-vam-naserviruje-kafe-s-oblicejem-anebo-klidne-i-s-nadry\\\/#primaryimage\",\"url\":\"https:\\\/\\\/www.mzone.cz\\\/wp-content\\\/uploads\\\/2018\\\/12\\\/DSC_1955.jpg\",\"contentUrl\":\"https:\\\/\\\/www.mzone.cz\\\/wp-content\\\/uploads\\\/2018\\\/12\\\/DSC_1955.jpg\",\"width\":2560,\"height\":1708},{\"@type\":\"BreadcrumbList\",\"@id\":\"https:\\\/\\\/www.mzone.cz\\\/v-praze-otevreli-selfie-kavarnu-ktera-vam-naserviruje-kafe-s-oblicejem-anebo-klidne-i-s-nadry\\\/#breadcrumb\",\"itemListElement\":[{\"@type\":\"ListItem\",\"position\":1,\"name\":\"Dom\u016f\",\"item\":\"https:\\\/\\\/www.mzone.cz\\\/\"},{\"@type\":\"ListItem\",\"position\":2,\"name\":\"V Praze otev\u0159eli selfie kav\u00e1rnu, kter\u00e1 v\u00e1m naserv\u00edruje kafe s obli\u010dejem. Anebo klidn\u011b i s \u0148adry\"}]},{\"@type\":\"WebSite\",\"@id\":\"https:\\\/\\\/www.mzone.cz\\\/#website\",\"url\":\"https:\\\/\\\/www.mzone.cz\\\/\",\"name\":\"Mzone\",\"description\":\"Magaz\u00edn nejen pro mu\u017ee\",\"potentialAction\":[{\"@type\":\"SearchAction\",\"target\":{\"@type\":\"EntryPoint\",\"urlTemplate\":\"https:\\\/\\\/www.mzone.cz\\\/?s={search_term_string}\"},\"query-input\":{\"@type\":\"PropertyValueSpecification\",\"valueRequired\":true,\"valueName\":\"search_term_string\"}}],\"inLanguage\":\"en-US\"},{\"@type\":\"Person\",\"@id\":\"https:\\\/\\\/www.mzone.cz\\\/#\\\/schema\\\/person\\\/9bc20cc422a99cac4af6ff9297da32d4\",\"name\":\"Mzone\",\"image\":{\"@type\":\"ImageObject\",\"inLanguage\":\"en-US\",\"@id\":\"https:\\\/\\\/secure.gravatar.com\\\/avatar\\\/e780a8630f3182a3d06dd667ab6bea151a0d155b0951bc15fe22633acdac0676?s=96&d=mm&r=g\",\"url\":\"https:\\\/\\\/secure.gravatar.com\\\/avatar\\\/e780a8630f3182a3d06dd667ab6bea151a0d155b0951bc15fe22633acdac0676?s=96&d=mm&r=g\",\"contentUrl\":\"https:\\\/\\\/secure.gravatar.com\\\/avatar\\\/e780a8630f3182a3d06dd667ab6bea151a0d155b0951bc15fe22633acdac0676?s=96&d=mm&r=g\",\"caption\":\"Mzone\"},\"url\":\"https:\\\/\\\/www.mzone.cz\\\/en\\\/author\\\/jakub\\\/\"}]}<\/script>\n<!-- \/ Yoast SEO plugin. -->","yoast_head_json":{"title":"V Praze otev\u0159eli selfie kav\u00e1rnu, kter\u00e1 v\u00e1m naserv\u00edruje kafe s obli\u010dejem. Anebo klidn\u011b i s \u0148adry - Mzone","description":"Ve Vodi\u010dkov\u011b ulici v pas\u00e1\u017ei u Nov\u00e1k\u016f se nach\u00e1z\u00ed mal\u00e1 \u00fatuln\u00e1 kav\u00e1rni\u010dka, kter\u00e1 v cel\u00e9 \u010cesk\u00e9 republice nem\u00e1 obdoby. Jmenuje se Selfie kav\u00e1rna a na prvn\u00ed pohled se ni\u010d\u00edm neli\u0161\u00ed od stovek ostatn\u00edch pra\u017esk\u00fdch podnik\u016f, kam se sl\u00e9zaj\u00ed kav\u00e1ren\u0161t\u00ed povale\u010di, byznysmeni, turist\u00e9 i rodiny na rann\u00ed i odpoledn\u00ed d\u00fdch\u00e1nky. Dominantou \u010dist\u00e9ho \u010dernob\u00edl\u00e9ho interi\u00e9ru je logo na zdi, prozrazuj\u00edc\u00ed sofistikovan\u00fd koncept tohoto podniku. Pr\u00e1v\u011b zde v\u00e1m zku\u0161en\u00ed barist\u00e9 a z\u00e1rove\u0148 majitel\u00e9, Adam a jeho p\u0159\u00edtelkyn\u011b, naserv\u00edruj\u00ed to nejhez\u010d\u00ed kafe prvot\u0159\u00eddn\u00ed kvality, kter\u00e9 je \u0161koda zam\u00edchat a vyp\u00edt.","robots":{"index":"index","follow":"follow","max-snippet":"max-snippet:-1","max-image-preview":"max-image-preview:large","max-video-preview":"max-video-preview:-1"},"canonical":"https:\/\/www.mzone.cz\/en\/v-praze-otevreli-selfie-kavarnu-ktera-vam-naserviruje-kafe-s-oblicejem-anebo-klidne-i-s-nadry\/","og_locale":"en_US","og_type":"article","og_title":"V Praze otev\u0159eli selfie kav\u00e1rnu, kter\u00e1 v\u00e1m naserv\u00edruje kafe s obli\u010dejem. Anebo klidn\u011b i s \u0148adry - Mzone","og_description":"Ve Vodi\u010dkov\u011b ulici v pas\u00e1\u017ei u Nov\u00e1k\u016f se nach\u00e1z\u00ed mal\u00e1 \u00fatuln\u00e1 kav\u00e1rni\u010dka, kter\u00e1 v cel\u00e9 \u010cesk\u00e9 republice nem\u00e1 obdoby. Jmenuje se Selfie kav\u00e1rna a na prvn\u00ed pohled se ni\u010d\u00edm neli\u0161\u00ed od stovek ostatn\u00edch pra\u017esk\u00fdch podnik\u016f, kam se sl\u00e9zaj\u00ed kav\u00e1ren\u0161t\u00ed povale\u010di, byznysmeni, turist\u00e9 i rodiny na rann\u00ed i odpoledn\u00ed d\u00fdch\u00e1nky. Dominantou \u010dist\u00e9ho \u010dernob\u00edl\u00e9ho interi\u00e9ru je logo na zdi, prozrazuj\u00edc\u00ed sofistikovan\u00fd koncept tohoto podniku. Pr\u00e1v\u011b zde v\u00e1m zku\u0161en\u00ed barist\u00e9 a z\u00e1rove\u0148 majitel\u00e9, Adam a jeho p\u0159\u00edtelkyn\u011b, naserv\u00edruj\u00ed to nejhez\u010d\u00ed kafe prvot\u0159\u00eddn\u00ed kvality, kter\u00e9 je \u0161koda zam\u00edchat a vyp\u00edt.","og_url":"https:\/\/www.mzone.cz\/en\/v-praze-otevreli-selfie-kavarnu-ktera-vam-naserviruje-kafe-s-oblicejem-anebo-klidne-i-s-nadry\/","og_site_name":"Mzone","article_publisher":"https:\/\/www.facebook.com\/MzoneCZ\/","article_published_time":"2018-12-11T05:00:33+00:00","article_modified_time":"2019-10-02T15:10:16+00:00","og_image":[{"width":2560,"height":1708,"url":"https:\/\/www.mzone.cz\/wp-content\/uploads\/2018\/12\/DSC_1955.jpg","type":"image\/jpeg"}],"author":"Mzone","twitter_card":"summary_large_image","twitter_misc":{"Written by":"Mzone","Est. reading time":"2 minutes"},"schema":{"@context":"https:\/\/schema.org","@graph":[{"@type":"Article","@id":"https:\/\/www.mzone.cz\/v-praze-otevreli-selfie-kavarnu-ktera-vam-naserviruje-kafe-s-oblicejem-anebo-klidne-i-s-nadry\/#article","isPartOf":{"@id":"https:\/\/www.mzone.cz\/v-praze-otevreli-selfie-kavarnu-ktera-vam-naserviruje-kafe-s-oblicejem-anebo-klidne-i-s-nadry\/"},"author":{"name":"Mzone","@id":"https:\/\/www.mzone.cz\/#\/schema\/person\/9bc20cc422a99cac4af6ff9297da32d4"},"headline":"V Praze otev\u0159eli selfie kav\u00e1rnu, kter\u00e1 v\u00e1m naserv\u00edruje kafe s obli\u010dejem. Anebo klidn\u011b i s \u0148adry","datePublished":"2018-12-11T05:00:33+00:00","dateModified":"2019-10-02T15:10:16+00:00","mainEntityOfPage":{"@id":"https:\/\/www.mzone.cz\/v-praze-otevreli-selfie-kavarnu-ktera-vam-naserviruje-kafe-s-oblicejem-anebo-klidne-i-s-nadry\/"},"wordCount":463,"commentCount":0,"image":{"@id":"https:\/\/www.mzone.cz\/v-praze-otevreli-selfie-kavarnu-ktera-vam-naserviruje-kafe-s-oblicejem-anebo-klidne-i-s-nadry\/#primaryimage"},"thumbnailUrl":"https:\/\/www.mzone.cz\/wp-content\/uploads\/2018\/12\/DSC_1955.jpg","keywords":["hit","kafe","k\u00e1va","kav\u00e1rna","Lifestyle","n\u00e1pad","n\u00e1poje","ob\u010derstven\u00ed","originalita","Praha","Selfie","styl","style","trendy"],"articleSection":["J\u00eddlo a pit\u00ed","Lifestyle","Style","Trendy"],"inLanguage":"en-US","potentialAction":[{"@type":"CommentAction","name":"Comment","target":["https:\/\/www.mzone.cz\/v-praze-otevreli-selfie-kavarnu-ktera-vam-naserviruje-kafe-s-oblicejem-anebo-klidne-i-s-nadry\/#respond"]}]},{"@type":"WebPage","@id":"https:\/\/www.mzone.cz\/v-praze-otevreli-selfie-kavarnu-ktera-vam-naserviruje-kafe-s-oblicejem-anebo-klidne-i-s-nadry\/","url":"https:\/\/www.mzone.cz\/v-praze-otevreli-selfie-kavarnu-ktera-vam-naserviruje-kafe-s-oblicejem-anebo-klidne-i-s-nadry\/","name":"V Praze otev\u0159eli selfie kav\u00e1rnu, kter\u00e1 v\u00e1m naserv\u00edruje kafe s obli\u010dejem. Anebo klidn\u011b i s \u0148adry - Mzone","isPartOf":{"@id":"https:\/\/www.mzone.cz\/#website"},"primaryImageOfPage":{"@id":"https:\/\/www.mzone.cz\/v-praze-otevreli-selfie-kavarnu-ktera-vam-naserviruje-kafe-s-oblicejem-anebo-klidne-i-s-nadry\/#primaryimage"},"image":{"@id":"https:\/\/www.mzone.cz\/v-praze-otevreli-selfie-kavarnu-ktera-vam-naserviruje-kafe-s-oblicejem-anebo-klidne-i-s-nadry\/#primaryimage"},"thumbnailUrl":"https:\/\/www.mzone.cz\/wp-content\/uploads\/2018\/12\/DSC_1955.jpg","datePublished":"2018-12-11T05:00:33+00:00","dateModified":"2019-10-02T15:10:16+00:00","author":{"@id":"https:\/\/www.mzone.cz\/#\/schema\/person\/9bc20cc422a99cac4af6ff9297da32d4"},"description":"Ve Vodi\u010dkov\u011b ulici v pas\u00e1\u017ei u Nov\u00e1k\u016f se nach\u00e1z\u00ed mal\u00e1 \u00fatuln\u00e1 kav\u00e1rni\u010dka, kter\u00e1 v cel\u00e9 \u010cesk\u00e9 republice nem\u00e1 obdoby. Jmenuje se Selfie kav\u00e1rna a na prvn\u00ed pohled se ni\u010d\u00edm neli\u0161\u00ed od stovek ostatn\u00edch pra\u017esk\u00fdch podnik\u016f, kam se sl\u00e9zaj\u00ed kav\u00e1ren\u0161t\u00ed povale\u010di, byznysmeni, turist\u00e9 i rodiny na rann\u00ed i odpoledn\u00ed d\u00fdch\u00e1nky. Dominantou \u010dist\u00e9ho \u010dernob\u00edl\u00e9ho interi\u00e9ru je logo na zdi, prozrazuj\u00edc\u00ed sofistikovan\u00fd koncept tohoto podniku. Pr\u00e1v\u011b zde v\u00e1m zku\u0161en\u00ed barist\u00e9 a z\u00e1rove\u0148 majitel\u00e9, Adam a jeho p\u0159\u00edtelkyn\u011b, naserv\u00edruj\u00ed to nejhez\u010d\u00ed kafe prvot\u0159\u00eddn\u00ed kvality, kter\u00e9 je \u0161koda zam\u00edchat a vyp\u00edt.","breadcrumb":{"@id":"https:\/\/www.mzone.cz\/v-praze-otevreli-selfie-kavarnu-ktera-vam-naserviruje-kafe-s-oblicejem-anebo-klidne-i-s-nadry\/#breadcrumb"},"inLanguage":"en-US","potentialAction":[{"@type":"ReadAction","target":["https:\/\/www.mzone.cz\/v-praze-otevreli-selfie-kavarnu-ktera-vam-naserviruje-kafe-s-oblicejem-anebo-klidne-i-s-nadry\/"]}]},{"@type":"ImageObject","inLanguage":"en-US","@id":"https:\/\/www.mzone.cz\/v-praze-otevreli-selfie-kavarnu-ktera-vam-naserviruje-kafe-s-oblicejem-anebo-klidne-i-s-nadry\/#primaryimage","url":"https:\/\/www.mzone.cz\/wp-content\/uploads\/2018\/12\/DSC_1955.jpg","contentUrl":"https:\/\/www.mzone.cz\/wp-content\/uploads\/2018\/12\/DSC_1955.jpg","width":2560,"height":1708},{"@type":"BreadcrumbList","@id":"https:\/\/www.mzone.cz\/v-praze-otevreli-selfie-kavarnu-ktera-vam-naserviruje-kafe-s-oblicejem-anebo-klidne-i-s-nadry\/#breadcrumb","itemListElement":[{"@type":"ListItem","position":1,"name":"Dom\u016f","item":"https:\/\/www.mzone.cz\/"},{"@type":"ListItem","position":2,"name":"V Praze otev\u0159eli selfie kav\u00e1rnu, kter\u00e1 v\u00e1m naserv\u00edruje kafe s obli\u010dejem. Anebo klidn\u011b i s \u0148adry"}]},{"@type":"WebSite","@id":"https:\/\/www.mzone.cz\/#website","url":"https:\/\/www.mzone.cz\/","name":"Mzone","description":"Magaz\u00edn nejen pro mu\u017ee","potentialAction":[{"@type":"SearchAction","target":{"@type":"EntryPoint","urlTemplate":"https:\/\/www.mzone.cz\/?s={search_term_string}"},"query-input":{"@type":"PropertyValueSpecification","valueRequired":true,"valueName":"search_term_string"}}],"inLanguage":"en-US"},{"@type":"Person","@id":"https:\/\/www.mzone.cz\/#\/schema\/person\/9bc20cc422a99cac4af6ff9297da32d4","name":"Mzone","image":{"@type":"ImageObject","inLanguage":"en-US","@id":"https:\/\/secure.gravatar.com\/avatar\/e780a8630f3182a3d06dd667ab6bea151a0d155b0951bc15fe22633acdac0676?s=96&d=mm&r=g","url":"https:\/\/secure.gravatar.com\/avatar\/e780a8630f3182a3d06dd667ab6bea151a0d155b0951bc15fe22633acdac0676?s=96&d=mm&r=g","contentUrl":"https:\/\/secure.gravatar.com\/avatar\/e780a8630f3182a3d06dd667ab6bea151a0d155b0951bc15fe22633acdac0676?s=96&d=mm&r=g","caption":"Mzone"},"url":"https:\/\/www.mzone.cz\/en\/author\/jakub\/"}]}},"_links":{"self":[{"href":"https:\/\/www.mzone.cz\/en\/wp-json\/wp\/v2\/posts\/2217","targetHints":{"allow":["GET"]}}],"collection":[{"href":"https:\/\/www.mzone.cz\/en\/wp-json\/wp\/v2\/posts"}],"about":[{"href":"https:\/\/www.mzone.cz\/en\/wp-json\/wp\/v2\/types\/post"}],"author":[{"embeddable":true,"href":"https:\/\/www.mzone.cz\/en\/wp-json\/wp\/v2\/users\/4"}],"replies":[{"embeddable":true,"href":"https:\/\/www.mzone.cz\/en\/wp-json\/wp\/v2\/comments?post=2217"}],"version-history":[{"count":1,"href":"https:\/\/www.mzone.cz\/en\/wp-json\/wp\/v2\/posts\/2217\/revisions"}],"predecessor-version":[{"id":13183,"href":"https:\/\/www.mzone.cz\/en\/wp-json\/wp\/v2\/posts\/2217\/revisions\/13183"}],"wp:featuredmedia":[{"embeddable":true,"href":"https:\/\/www.mzone.cz\/en\/wp-json\/wp\/v2\/media\/2218"}],"wp:attachment":[{"href":"https:\/\/www.mzone.cz\/en\/wp-json\/wp\/v2\/media?parent=2217"}],"wp:term":[{"taxonomy":"category","embeddable":true,"href":"https:\/\/www.mzone.cz\/en\/wp-json\/wp\/v2\/categories?post=2217"},{"taxonomy":"post_tag","embeddable":true,"href":"https:\/\/www.mzone.cz\/en\/wp-json\/wp\/v2\/tags?post=2217"}],"curies":[{"name":"wp","href":"https:\/\/api.w.org\/{rel}","templated":true}]}}