{"id":22388,"date":"2020-06-24T05:00:00","date_gmt":"2020-06-24T03:00:00","guid":{"rendered":"https:\/\/www.mzone.cz\/?p=22388"},"modified":"2020-06-23T20:06:50","modified_gmt":"2020-06-23T18:06:50","slug":"poradani-akci-v-dobe-koronavirove-tedxprague","status":"publish","type":"post","link":"https:\/\/www.mzone.cz\/en\/poradani-akci-v-dobe-koronavirove-tedxprague\/","title":{"rendered":"Co d\u011blaj\u00ed po\u0159adatel\u00e9 akc\u00ed v dob\u011b koronavirov\u00e9? T\u00fdm TEDxPrague z n\u00ed chce vyj\u00edt pos\u00edlen!"},"content":{"rendered":"<p><strong>Pandemie koronaviru ochromila v uplynul\u00fdch m\u011bs\u00edc\u00edch mnoho odv\u011btv\u00ed. Vedle cestovn\u00edho ruchu a pohostinstv\u00ed v\u00fdrazn\u011b zas\u00e1hla tak\u00e9 po\u0159adatele kulturn\u00edch a spole\u010densk\u00fdch akc\u00ed, mimo jin\u00e9 i konference. Mohou po\u0159adatel\u00e9 z t\u00e9to t\u011b\u017ek\u00e9 situace vyj\u00edt nakonec jako v\u00edt\u011bzov\u00e9?<\/strong><\/p><br>\n\n\n\n<p>Tuhle situaci nelze organiz\u00e1tor\u016fm v \u017e\u00e1dn\u00e9m p\u0159\u00edpad\u011b z\u00e1vid\u011bt. Ti, kte\u0159\u00ed m\u011bli akce napl\u00e1novan\u00e9 na jaro \u010di l\u00e9to, maj\u00ed z velk\u00e9 \u010d\u00e1sti sm\u016flu. Snadn\u00e9 to ale nemaj\u00ed ani ti, kte\u0159\u00ed chystaj\u00ed v\u011bt\u0161\u00ed akce na podzim tohoto roku, proto\u017ee kalend\u00e1\u0159e n\u00e1v\u0161t\u011bvn\u00edk\u016f se rychle pln\u00ed akcemi p\u0159esunut\u00fdmi z p\u0159edchoz\u00edch m\u011bs\u00edc\u016f, a to i p\u0159es n\u00e1\u010drty hrozby druh\u00e9 vlny pandemie.<\/p><br>\n\n\n\n<p>V takov\u00e9 atmosf\u00e9\u0159e se chyst\u00e1 akce pro stovky \u010di dokonce tis\u00edcovky lid\u00ed jen velmi t\u011b\u017eko. P\u0159esto se s t\u00edm \u0159ada z nich mus\u00ed popasovat. Mezi takov\u00e9 akce \u201ev ohro\u017een\u00ed\u201d pat\u0159\u00ed tak\u00e9 obl\u00edben\u00fd pra\u017esk\u00fd TEDx, kter\u00fd se v posledn\u00edch letech konal pravideln\u011b na za\u010d\u00e1tku listopadu. To je sice je\u0161t\u011b daleko, ale p\u0159\u00edprava takov\u00e9 akce trv\u00e1 tak\u0159ka cel\u00fd rok. Jak si s t\u00edm poradit v \u010dase, kdy nen\u00ed jasn\u00e9 zhola nic?<\/p>\n\n\n\n<blockquote class=\"wp-block-quote is-layout-flow wp-block-quote-is-layout-flow\"><p>\u201eV dob\u011b, je\u017e trvala t\u00fddny a kdy panovala absolutn\u00ed nejistota snad ve v\u0161ech sm\u011brech, n\u00e1s podr\u017eela s\u00edla ducha t\u00fdmu. Velkou v\u00fdhodou byla pospolitost na\u0161eho t\u00fdmu a v\u00edra, \u017ee se situace zklidn\u00ed a my najdeme \u0159e\u0161en\u00ed, jak v\u00e1m zprost\u0159edkovat \u0161\u00ed\u0159en\u00ed skv\u011bl\u00fdch my\u0161lenek, kter\u00e9 je samou podstatou TEDx, i letos,\u201d \u0159\u00edk\u00e1 k cel\u00e9 situaci n\u00e1\u010deln\u00edk pra\u017esk\u00e9ho TEDxu Ji\u0159\u00ed Vodi\u010dka.<\/p><\/blockquote>\n\n\n\n<p>P\u0159\u00edpravy se tak ani v dob\u011b karant\u00e9ny zcela nezastavily, a to navzdory tomu, \u017ee nebylo jasn\u00e9, zdali bude v\u016fbec mo\u017en\u00e9 na podzim akci uskute\u010dnit. D\u00edky konferen\u010dn\u00edm hovor\u016fm ale nad\u00e1le prob\u00edhaly pravideln\u00e9 sch\u016fzky po\u0159adatelsk\u00e9ho t\u00fdmu a \u0159e\u0161ily se mo\u017en\u00e9 varianty.<\/p><br>\n\n\n\n<p>\u201eV sou\u010dasnosti zva\u017eujeme n\u011bkolik mo\u017enost\u00ed, jak my\u0161lenk\u00e1m pomoci do sv\u011bta. O r\u016fzn\u00fdch variant\u00e1ch jsme diskutovali i s na\u0161imi \u0159e\u010dn\u00edky. Mo\u017en\u00e1 v\u00e1s napad\u00e1, \u017ee bychom mohli TEDxPrague uspo\u0159\u00e1dat 100% online, co\u017e je sm\u011br, kter\u00fd se nab\u00edz\u00ed a j\u00edm\u017e se vyd\u00e1v\u00e1 zna\u010dn\u00e9 mno\u017estv\u00ed r\u016fzn\u00fdch subjekt\u016f. V\u011bzte, \u017ee jsme se na tento sc\u00e9n\u00e1\u0159 zeptali na\u0161ich \u0159e\u010dn\u00edk\u016f, a velk\u00e1 \u010d\u00e1st z na\u0161ich \u00fa\u010dinkuj\u00edc\u00edch zd\u016fraznila d\u016fle\u017eitost \u017eiv\u00e9 p\u0159\u00edtomnosti div\u00e1k\u016f p\u0159i jejich p\u0159ednesu. D\u00edvat se jen do kamer nam\u00edsto tv\u00e1\u0159\u00ed lid\u00ed je pro n\u011b t\u011b\u017eko p\u0159edstaviteln\u00e1 a vskutku nezaj\u00edmav\u00e1 varianta ochuzen\u00e1 o \u017eivou lidskou interakci,\u201d vysv\u011btluje Ji\u0159\u00ed Vodi\u010dka, kter\u00fd stoj\u00ed v \u010dele TEDxPrague u\u017e \u010dty\u0159i roky.<\/p><br>\n\n\n\n<p>V\u0161e tedy sm\u011b\u0159uje k tomu, \u017ee na podzim TEDxPrague bude, i kdy\u017e nikdo zat\u00edm nev\u00ed, jak p\u0159esn\u011b bude vypadat. Je mo\u017en\u00e9, \u017ee bude omezen po\u010det n\u00e1v\u0161t\u011bvn\u00edk\u016f, mo\u017en\u00e1 bude nutn\u00e9 zajistit v\u011bt\u0161\u00ed rozestupy mezi lidmi, d\u016fle\u017eit\u00e9 ale je, \u017ee bude. Zcela jist\u011b to bude jin\u00e9 ne\u017e v minul\u00fdch letech, ale to nemus\u00ed nutn\u011b znamenat, \u017ee to bude hor\u0161\u00ed.<\/p>\n\n\n\n<blockquote class=\"wp-block-quote is-layout-flow wp-block-quote-is-layout-flow\"><p>\u201eKoronavirov\u00e1 epidemie zbo\u0159ila p\u0159esv\u011bd\u010den\u00ed o tom, \u017ee sv\u011bt jede podle st\u00e1le rostouc\u00ed k\u0159ivky a nic se nem\u011bn\u00ed. Vid\u011bli jsme, \u017ee najednou m\u016f\u017ee b\u00fdt v\u0161e \u00fapln\u011b jinak. A to m\u016f\u017ee b\u00fdt velkou p\u0159\u00edle\u017eitost\u00ed ke zm\u011bn\u00e1m. V\u017edy, kdy\u017e se d\u011bje n\u011bco zlomov\u00e9ho, vznikaj\u00ed nov\u00e9 v\u011bci,\u201c \u0159\u00edk\u00e1 optimisticky Ji\u0159\u00ed Vodi\u010dka.<\/p><\/blockquote>\n\n\n\n<p>Cel\u00e1 situace tak nau\u010dila t\u00fdm dobrovoln\u00edk\u016f, kte\u0159\u00ed TEDxPrague chystaj\u00ed, spoust\u011b nov\u00fdch v\u011bc\u00ed. V dne\u0161n\u00ed dob\u011b je nutn\u00e9 se um\u011bt p\u0159izp\u016fsobit, z\u016fstat v\u011brn\u00fd misi a hledat mo\u017enosti, jak z cel\u00e9 \u201ekrize\u201d vyj\u00edt siln\u011bj\u0161\u00ed ne\u017e d\u0159\u00edv. O tom, jestli se to pra\u017esk\u00e9mu TEDxu poda\u0159\u00ed, se budeme moci p\u0159esv\u011bd\u010dit na podzim. Tak dr\u017eme palce!<\/p><br>\n\n\n\n<figure class=\"wp-block-image size-large\"><img loading=\"lazy\" decoding=\"async\" width=\"1024\" height=\"683\" src=\"https:\/\/www.mzone.cz\/wp-content\/uploads\/2020\/06\/TEDxPrague_Jiri-Vodicka_02-1024x683.jpg\" alt=\"Ji\u0159\u00ed Vodi\u010dka na TEDxPrague\" class=\"wp-image-22387\" srcset=\"https:\/\/www.mzone.cz\/wp-content\/uploads\/2020\/06\/TEDxPrague_Jiri-Vodicka_02-1024x683.jpg 1024w, https:\/\/www.mzone.cz\/wp-content\/uploads\/2020\/06\/TEDxPrague_Jiri-Vodicka_02-300x200.jpg 300w, https:\/\/www.mzone.cz\/wp-content\/uploads\/2020\/06\/TEDxPrague_Jiri-Vodicka_02-768x512.jpg 768w, https:\/\/www.mzone.cz\/wp-content\/uploads\/2020\/06\/TEDxPrague_Jiri-Vodicka_02-1536x1024.jpg 1536w, https:\/\/www.mzone.cz\/wp-content\/uploads\/2020\/06\/TEDxPrague_Jiri-Vodicka_02-800x533.jpg 800w, https:\/\/www.mzone.cz\/wp-content\/uploads\/2020\/06\/TEDxPrague_Jiri-Vodicka_02-400x267.jpg 400w, https:\/\/www.mzone.cz\/wp-content\/uploads\/2020\/06\/TEDxPrague_Jiri-Vodicka_02-500x333.jpg 500w, https:\/\/www.mzone.cz\/wp-content\/uploads\/2020\/06\/TEDxPrague_Jiri-Vodicka_02-1170x780.jpg 1170w, https:\/\/www.mzone.cz\/wp-content\/uploads\/2020\/06\/TEDxPrague_Jiri-Vodicka_02-590x393.jpg 590w, https:\/\/www.mzone.cz\/wp-content\/uploads\/2020\/06\/TEDxPrague_Jiri-Vodicka_02.jpg 2048w\" sizes=\"auto, (max-width: 1024px) 100vw, 1024px\" \/><\/figure><br>\n\n\n\n<p>TEDx je neziskov\u00e1 iniciativa, jej\u00edm\u017e centrem jsou \u201cmy\u0161lenky hodn\u00e9 \u0161\u00ed\u0159en\u00ed\u201d \u2013 sd\u00edlen\u00ed podn\u011btn\u00fdch n\u00e1pad\u016f a p\u0159\u00edb\u011bh\u016f. TEDxPrague vznikl v roce 2009 inspirov\u00e1n <a href=\"https:\/\/www.ted.com\" target=\"_blank\" aria-label=\"undefined (opens in a new tab)\" rel=\"noreferrer noopener\" class=\"yoast-seo-link\">TED<\/a> a pod jeho licenc\u00ed. D\u00edky tomu je sou\u010d\u00e1st\u00ed celosv\u011btov\u00e9ho hnut\u00ed TEDx.<\/p><br>\n\n\n\n<div class=\"wp-block-image\"><figure class=\"alignleft size-large is-resized\"><img loading=\"lazy\" decoding=\"async\" src=\"https:\/\/www.mzone.cz\/wp-content\/uploads\/2020\/03\/TEDxPrague-1024x682.jpg\" alt=\"\" class=\"wp-image-19598\" width=\"155\" height=\"102\" srcset=\"https:\/\/www.mzone.cz\/wp-content\/uploads\/2020\/03\/TEDxPrague-1024x682.jpg 1024w, https:\/\/www.mzone.cz\/wp-content\/uploads\/2020\/03\/TEDxPrague-300x200.jpg 300w, https:\/\/www.mzone.cz\/wp-content\/uploads\/2020\/03\/TEDxPrague-768x512.jpg 768w, https:\/\/www.mzone.cz\/wp-content\/uploads\/2020\/03\/TEDxPrague-1536x1024.jpg 1536w, https:\/\/www.mzone.cz\/wp-content\/uploads\/2020\/03\/TEDxPrague-800x533.jpg 800w, https:\/\/www.mzone.cz\/wp-content\/uploads\/2020\/03\/TEDxPrague-400x267.jpg 400w, https:\/\/www.mzone.cz\/wp-content\/uploads\/2020\/03\/TEDxPrague-500x333.jpg 500w, https:\/\/www.mzone.cz\/wp-content\/uploads\/2020\/03\/TEDxPrague-1170x780.jpg 1170w, https:\/\/www.mzone.cz\/wp-content\/uploads\/2020\/03\/TEDxPrague-590x393.jpg 590w, https:\/\/www.mzone.cz\/wp-content\/uploads\/2020\/03\/TEDxPrague.jpg 1781w\" sizes=\"auto, (max-width: 155px) 100vw, 155px\" \/><\/figure><\/div>\n\n\n\n<h4><a href=\"https:\/\/www.mzone.cz\/bude-letos-tedx-pripravy-jsou-v-plnem-proudu\/\" class=\"yoast-seo-link\">Bude letos TEDx? P\u0159\u00edpravy jsou v pln\u00e9m proudu navzdory celorepublikov\u00e9 karant\u00e9n\u011b<\/a><\/h4><br>","protected":false},"excerpt":{"rendered":"<p>Pandemie koronaviru ochromila v uplynul\u00fdch m\u011bs\u00edc\u00edch mnoho odv\u011btv\u00ed. Vedle cestovn\u00edho ruchu a pohostinstv\u00ed v\u00fdrazn\u011b zas\u00e1hla tak\u00e9 po\u0159adatele kulturn\u00edch a spole\u010densk\u00fdch akc\u00ed, mimo jin\u00e9 i konference. Mohou po\u0159adatel\u00e9 z t\u00e9to t\u011b\u017ek\u00e9 situace vyj\u00edt nakonec jako v\u00edt\u011bzov\u00e9? Tuhle situaci nelze organiz\u00e1tor\u016fm v \u017e\u00e1dn\u00e9m p\u0159\u00edpad\u011b z\u00e1vid\u011bt. Ti, kte\u0159\u00ed m\u011bli akce napl\u00e1novan\u00e9 na jaro \u010di l\u00e9to, maj\u00ed z velk\u00e9 [&hellip;]<\/p>\n","protected":false},"author":4,"featured_media":22386,"comment_status":"open","ping_status":"closed","sticky":false,"template":"","format":"standard","meta":{"kk_blocks_editor_width":"","_kiokenblocks_attr":"","_kiokenblocks_dimensions":"","footnotes":""},"categories":[25,64],"tags":[147,3619,3951,1283,3743,3560,3953,3950,3623,2121,1279,3621,3952],"class_list":["post-22388","post","type-post","status-publish","format-standard","has-post-thumbnail","hentry","category-style","category-trendy","tag-akce","tag-covid-19","tag-eventy","tag-konference","tag-koronakrize","tag-koronavirus","tag-organizace","tag-poradatele","tag-pripravy","tag-pristup","tag-tedx","tag-tedxprague","tag-zmena-mysleni"],"yoast_head":"<!-- This site is optimized with the Yoast SEO plugin v27.5 - https:\/\/yoast.com\/product\/yoast-seo-wordpress\/ -->\n<title>Co d\u011blaj\u00ed po\u0159adatel\u00e9 akc\u00ed v dob\u011b koronavirov\u00e9? T\u00fdm TEDxPrague z n\u00ed chce vyj\u00edt pos\u00edlen! - Mzone<\/title>\n<meta name=\"description\" content=\"Pandemie koronaviru ochromila v uplynul\u00fdch m\u011bs\u00edc\u00edch mnoho odv\u011btv\u00ed. Vedle cestovn\u00edho ruchu a pohostinstv\u00ed v\u00fdrazn\u011b zas\u00e1hla tak\u00e9 po\u0159adatele kulturn\u00edch a spole\u010densk\u00fdch akc\u00ed, mimo jin\u00e9 i konference.\" \/>\n<meta name=\"robots\" content=\"index, follow, max-snippet:-1, max-image-preview:large, max-video-preview:-1\" \/>\n<link rel=\"canonical\" href=\"https:\/\/www.mzone.cz\/en\/poradani-akci-v-dobe-koronavirove-tedxprague\/\" \/>\n<meta property=\"og:locale\" content=\"en_US\" \/>\n<meta property=\"og:type\" content=\"article\" \/>\n<meta property=\"og:title\" content=\"Co d\u011blaj\u00ed po\u0159adatel\u00e9 akc\u00ed v dob\u011b koronavirov\u00e9? T\u00fdm TEDxPrague z n\u00ed chce vyj\u00edt pos\u00edlen! - Mzone\" \/>\n<meta property=\"og:description\" content=\"Pandemie koronaviru ochromila v uplynul\u00fdch m\u011bs\u00edc\u00edch mnoho odv\u011btv\u00ed. Vedle cestovn\u00edho ruchu a pohostinstv\u00ed v\u00fdrazn\u011b zas\u00e1hla tak\u00e9 po\u0159adatele kulturn\u00edch a spole\u010densk\u00fdch akc\u00ed, mimo jin\u00e9 i konference.\" \/>\n<meta property=\"og:url\" content=\"https:\/\/www.mzone.cz\/en\/poradani-akci-v-dobe-koronavirove-tedxprague\/\" \/>\n<meta property=\"og:site_name\" content=\"Mzone\" \/>\n<meta property=\"article:publisher\" content=\"https:\/\/www.facebook.com\/MzoneCZ\/\" \/>\n<meta property=\"article:published_time\" content=\"2020-06-24T03:00:00+00:00\" \/>\n<meta property=\"og:image\" content=\"https:\/\/www.mzone.cz\/wp-content\/uploads\/2020\/06\/TEDxPrague_Jiri-Vodicka_01.jpg\" \/>\n\t<meta property=\"og:image:width\" content=\"1800\" \/>\n\t<meta property=\"og:image:height\" content=\"1200\" \/>\n\t<meta property=\"og:image:type\" content=\"image\/jpeg\" \/>\n<meta name=\"author\" content=\"Mzone\" \/>\n<meta name=\"twitter:card\" content=\"summary_large_image\" \/>\n<meta name=\"twitter:label1\" content=\"Written by\" \/>\n\t<meta name=\"twitter:data1\" content=\"Mzone\" \/>\n\t<meta name=\"twitter:label2\" content=\"Est. reading time\" \/>\n\t<meta name=\"twitter:data2\" content=\"4 minutes\" \/>\n<script type=\"application\/ld+json\" class=\"yoast-schema-graph\">{\"@context\":\"https:\\\/\\\/schema.org\",\"@graph\":[{\"@type\":\"Article\",\"@id\":\"https:\\\/\\\/www.mzone.cz\\\/poradani-akci-v-dobe-koronavirove-tedxprague\\\/#article\",\"isPartOf\":{\"@id\":\"https:\\\/\\\/www.mzone.cz\\\/poradani-akci-v-dobe-koronavirove-tedxprague\\\/\"},\"author\":{\"name\":\"Mzone\",\"@id\":\"https:\\\/\\\/www.mzone.cz\\\/#\\\/schema\\\/person\\\/9bc20cc422a99cac4af6ff9297da32d4\"},\"headline\":\"Co d\u011blaj\u00ed po\u0159adatel\u00e9 akc\u00ed v dob\u011b koronavirov\u00e9? T\u00fdm TEDxPrague z n\u00ed chce vyj\u00edt pos\u00edlen!\",\"datePublished\":\"2020-06-24T03:00:00+00:00\",\"mainEntityOfPage\":{\"@id\":\"https:\\\/\\\/www.mzone.cz\\\/poradani-akci-v-dobe-koronavirove-tedxprague\\\/\"},\"wordCount\":791,\"commentCount\":0,\"image\":{\"@id\":\"https:\\\/\\\/www.mzone.cz\\\/poradani-akci-v-dobe-koronavirove-tedxprague\\\/#primaryimage\"},\"thumbnailUrl\":\"https:\\\/\\\/www.mzone.cz\\\/wp-content\\\/uploads\\\/2020\\\/06\\\/TEDxPrague_Jiri-Vodicka_01.jpg\",\"keywords\":[\"akce\",\"COVID-19\",\"eventy\",\"konference\",\"koronakrize\",\"koronavirus\",\"organizace\",\"po\u0159adatel\u00e9\",\"p\u0159\u00edpravy\",\"p\u0159\u00edstup\",\"TEDx\",\"TEDxPrague\",\"zm\u011bna my\u0161len\u00ed\"],\"articleSection\":[\"Style\",\"Trendy\"],\"inLanguage\":\"en-US\",\"potentialAction\":[{\"@type\":\"CommentAction\",\"name\":\"Comment\",\"target\":[\"https:\\\/\\\/www.mzone.cz\\\/poradani-akci-v-dobe-koronavirove-tedxprague\\\/#respond\"]}]},{\"@type\":\"WebPage\",\"@id\":\"https:\\\/\\\/www.mzone.cz\\\/poradani-akci-v-dobe-koronavirove-tedxprague\\\/\",\"url\":\"https:\\\/\\\/www.mzone.cz\\\/poradani-akci-v-dobe-koronavirove-tedxprague\\\/\",\"name\":\"Co d\u011blaj\u00ed po\u0159adatel\u00e9 akc\u00ed v dob\u011b koronavirov\u00e9? T\u00fdm TEDxPrague z n\u00ed chce vyj\u00edt pos\u00edlen! - Mzone\",\"isPartOf\":{\"@id\":\"https:\\\/\\\/www.mzone.cz\\\/#website\"},\"primaryImageOfPage\":{\"@id\":\"https:\\\/\\\/www.mzone.cz\\\/poradani-akci-v-dobe-koronavirove-tedxprague\\\/#primaryimage\"},\"image\":{\"@id\":\"https:\\\/\\\/www.mzone.cz\\\/poradani-akci-v-dobe-koronavirove-tedxprague\\\/#primaryimage\"},\"thumbnailUrl\":\"https:\\\/\\\/www.mzone.cz\\\/wp-content\\\/uploads\\\/2020\\\/06\\\/TEDxPrague_Jiri-Vodicka_01.jpg\",\"datePublished\":\"2020-06-24T03:00:00+00:00\",\"author\":{\"@id\":\"https:\\\/\\\/www.mzone.cz\\\/#\\\/schema\\\/person\\\/9bc20cc422a99cac4af6ff9297da32d4\"},\"description\":\"Pandemie koronaviru ochromila v uplynul\u00fdch m\u011bs\u00edc\u00edch mnoho odv\u011btv\u00ed. Vedle cestovn\u00edho ruchu a pohostinstv\u00ed v\u00fdrazn\u011b zas\u00e1hla tak\u00e9 po\u0159adatele kulturn\u00edch a spole\u010densk\u00fdch akc\u00ed, mimo jin\u00e9 i konference.\",\"breadcrumb\":{\"@id\":\"https:\\\/\\\/www.mzone.cz\\\/poradani-akci-v-dobe-koronavirove-tedxprague\\\/#breadcrumb\"},\"inLanguage\":\"en-US\",\"potentialAction\":[{\"@type\":\"ReadAction\",\"target\":[\"https:\\\/\\\/www.mzone.cz\\\/poradani-akci-v-dobe-koronavirove-tedxprague\\\/\"]}]},{\"@type\":\"ImageObject\",\"inLanguage\":\"en-US\",\"@id\":\"https:\\\/\\\/www.mzone.cz\\\/poradani-akci-v-dobe-koronavirove-tedxprague\\\/#primaryimage\",\"url\":\"https:\\\/\\\/www.mzone.cz\\\/wp-content\\\/uploads\\\/2020\\\/06\\\/TEDxPrague_Jiri-Vodicka_01.jpg\",\"contentUrl\":\"https:\\\/\\\/www.mzone.cz\\\/wp-content\\\/uploads\\\/2020\\\/06\\\/TEDxPrague_Jiri-Vodicka_01.jpg\",\"width\":1800,\"height\":1200},{\"@type\":\"BreadcrumbList\",\"@id\":\"https:\\\/\\\/www.mzone.cz\\\/poradani-akci-v-dobe-koronavirove-tedxprague\\\/#breadcrumb\",\"itemListElement\":[{\"@type\":\"ListItem\",\"position\":1,\"name\":\"Dom\u016f\",\"item\":\"https:\\\/\\\/www.mzone.cz\\\/\"},{\"@type\":\"ListItem\",\"position\":2,\"name\":\"Co d\u011blaj\u00ed po\u0159adatel\u00e9 akc\u00ed v dob\u011b koronavirov\u00e9? T\u00fdm TEDxPrague z n\u00ed chce vyj\u00edt pos\u00edlen!\"}]},{\"@type\":\"WebSite\",\"@id\":\"https:\\\/\\\/www.mzone.cz\\\/#website\",\"url\":\"https:\\\/\\\/www.mzone.cz\\\/\",\"name\":\"Mzone\",\"description\":\"Magaz\u00edn nejen pro mu\u017ee\",\"potentialAction\":[{\"@type\":\"SearchAction\",\"target\":{\"@type\":\"EntryPoint\",\"urlTemplate\":\"https:\\\/\\\/www.mzone.cz\\\/?s={search_term_string}\"},\"query-input\":{\"@type\":\"PropertyValueSpecification\",\"valueRequired\":true,\"valueName\":\"search_term_string\"}}],\"inLanguage\":\"en-US\"},{\"@type\":\"Person\",\"@id\":\"https:\\\/\\\/www.mzone.cz\\\/#\\\/schema\\\/person\\\/9bc20cc422a99cac4af6ff9297da32d4\",\"name\":\"Mzone\",\"image\":{\"@type\":\"ImageObject\",\"inLanguage\":\"en-US\",\"@id\":\"https:\\\/\\\/secure.gravatar.com\\\/avatar\\\/e780a8630f3182a3d06dd667ab6bea151a0d155b0951bc15fe22633acdac0676?s=96&d=mm&r=g\",\"url\":\"https:\\\/\\\/secure.gravatar.com\\\/avatar\\\/e780a8630f3182a3d06dd667ab6bea151a0d155b0951bc15fe22633acdac0676?s=96&d=mm&r=g\",\"contentUrl\":\"https:\\\/\\\/secure.gravatar.com\\\/avatar\\\/e780a8630f3182a3d06dd667ab6bea151a0d155b0951bc15fe22633acdac0676?s=96&d=mm&r=g\",\"caption\":\"Mzone\"},\"url\":\"https:\\\/\\\/www.mzone.cz\\\/en\\\/author\\\/jakub\\\/\"}]}<\/script>\n<!-- \/ Yoast SEO plugin. -->","yoast_head_json":{"title":"Co d\u011blaj\u00ed po\u0159adatel\u00e9 akc\u00ed v dob\u011b koronavirov\u00e9? T\u00fdm TEDxPrague z n\u00ed chce vyj\u00edt pos\u00edlen! - Mzone","description":"Pandemie koronaviru ochromila v uplynul\u00fdch m\u011bs\u00edc\u00edch mnoho odv\u011btv\u00ed. Vedle cestovn\u00edho ruchu a pohostinstv\u00ed v\u00fdrazn\u011b zas\u00e1hla tak\u00e9 po\u0159adatele kulturn\u00edch a spole\u010densk\u00fdch akc\u00ed, mimo jin\u00e9 i konference.","robots":{"index":"index","follow":"follow","max-snippet":"max-snippet:-1","max-image-preview":"max-image-preview:large","max-video-preview":"max-video-preview:-1"},"canonical":"https:\/\/www.mzone.cz\/en\/poradani-akci-v-dobe-koronavirove-tedxprague\/","og_locale":"en_US","og_type":"article","og_title":"Co d\u011blaj\u00ed po\u0159adatel\u00e9 akc\u00ed v dob\u011b koronavirov\u00e9? T\u00fdm TEDxPrague z n\u00ed chce vyj\u00edt pos\u00edlen! - Mzone","og_description":"Pandemie koronaviru ochromila v uplynul\u00fdch m\u011bs\u00edc\u00edch mnoho odv\u011btv\u00ed. Vedle cestovn\u00edho ruchu a pohostinstv\u00ed v\u00fdrazn\u011b zas\u00e1hla tak\u00e9 po\u0159adatele kulturn\u00edch a spole\u010densk\u00fdch akc\u00ed, mimo jin\u00e9 i konference.","og_url":"https:\/\/www.mzone.cz\/en\/poradani-akci-v-dobe-koronavirove-tedxprague\/","og_site_name":"Mzone","article_publisher":"https:\/\/www.facebook.com\/MzoneCZ\/","article_published_time":"2020-06-24T03:00:00+00:00","og_image":[{"width":1800,"height":1200,"url":"https:\/\/www.mzone.cz\/wp-content\/uploads\/2020\/06\/TEDxPrague_Jiri-Vodicka_01.jpg","type":"image\/jpeg"}],"author":"Mzone","twitter_card":"summary_large_image","twitter_misc":{"Written by":"Mzone","Est. reading time":"4 minutes"},"schema":{"@context":"https:\/\/schema.org","@graph":[{"@type":"Article","@id":"https:\/\/www.mzone.cz\/poradani-akci-v-dobe-koronavirove-tedxprague\/#article","isPartOf":{"@id":"https:\/\/www.mzone.cz\/poradani-akci-v-dobe-koronavirove-tedxprague\/"},"author":{"name":"Mzone","@id":"https:\/\/www.mzone.cz\/#\/schema\/person\/9bc20cc422a99cac4af6ff9297da32d4"},"headline":"Co d\u011blaj\u00ed po\u0159adatel\u00e9 akc\u00ed v dob\u011b koronavirov\u00e9? T\u00fdm TEDxPrague z n\u00ed chce vyj\u00edt pos\u00edlen!","datePublished":"2020-06-24T03:00:00+00:00","mainEntityOfPage":{"@id":"https:\/\/www.mzone.cz\/poradani-akci-v-dobe-koronavirove-tedxprague\/"},"wordCount":791,"commentCount":0,"image":{"@id":"https:\/\/www.mzone.cz\/poradani-akci-v-dobe-koronavirove-tedxprague\/#primaryimage"},"thumbnailUrl":"https:\/\/www.mzone.cz\/wp-content\/uploads\/2020\/06\/TEDxPrague_Jiri-Vodicka_01.jpg","keywords":["akce","COVID-19","eventy","konference","koronakrize","koronavirus","organizace","po\u0159adatel\u00e9","p\u0159\u00edpravy","p\u0159\u00edstup","TEDx","TEDxPrague","zm\u011bna my\u0161len\u00ed"],"articleSection":["Style","Trendy"],"inLanguage":"en-US","potentialAction":[{"@type":"CommentAction","name":"Comment","target":["https:\/\/www.mzone.cz\/poradani-akci-v-dobe-koronavirove-tedxprague\/#respond"]}]},{"@type":"WebPage","@id":"https:\/\/www.mzone.cz\/poradani-akci-v-dobe-koronavirove-tedxprague\/","url":"https:\/\/www.mzone.cz\/poradani-akci-v-dobe-koronavirove-tedxprague\/","name":"Co d\u011blaj\u00ed po\u0159adatel\u00e9 akc\u00ed v dob\u011b koronavirov\u00e9? T\u00fdm TEDxPrague z n\u00ed chce vyj\u00edt pos\u00edlen! - Mzone","isPartOf":{"@id":"https:\/\/www.mzone.cz\/#website"},"primaryImageOfPage":{"@id":"https:\/\/www.mzone.cz\/poradani-akci-v-dobe-koronavirove-tedxprague\/#primaryimage"},"image":{"@id":"https:\/\/www.mzone.cz\/poradani-akci-v-dobe-koronavirove-tedxprague\/#primaryimage"},"thumbnailUrl":"https:\/\/www.mzone.cz\/wp-content\/uploads\/2020\/06\/TEDxPrague_Jiri-Vodicka_01.jpg","datePublished":"2020-06-24T03:00:00+00:00","author":{"@id":"https:\/\/www.mzone.cz\/#\/schema\/person\/9bc20cc422a99cac4af6ff9297da32d4"},"description":"Pandemie koronaviru ochromila v uplynul\u00fdch m\u011bs\u00edc\u00edch mnoho odv\u011btv\u00ed. Vedle cestovn\u00edho ruchu a pohostinstv\u00ed v\u00fdrazn\u011b zas\u00e1hla tak\u00e9 po\u0159adatele kulturn\u00edch a spole\u010densk\u00fdch akc\u00ed, mimo jin\u00e9 i konference.","breadcrumb":{"@id":"https:\/\/www.mzone.cz\/poradani-akci-v-dobe-koronavirove-tedxprague\/#breadcrumb"},"inLanguage":"en-US","potentialAction":[{"@type":"ReadAction","target":["https:\/\/www.mzone.cz\/poradani-akci-v-dobe-koronavirove-tedxprague\/"]}]},{"@type":"ImageObject","inLanguage":"en-US","@id":"https:\/\/www.mzone.cz\/poradani-akci-v-dobe-koronavirove-tedxprague\/#primaryimage","url":"https:\/\/www.mzone.cz\/wp-content\/uploads\/2020\/06\/TEDxPrague_Jiri-Vodicka_01.jpg","contentUrl":"https:\/\/www.mzone.cz\/wp-content\/uploads\/2020\/06\/TEDxPrague_Jiri-Vodicka_01.jpg","width":1800,"height":1200},{"@type":"BreadcrumbList","@id":"https:\/\/www.mzone.cz\/poradani-akci-v-dobe-koronavirove-tedxprague\/#breadcrumb","itemListElement":[{"@type":"ListItem","position":1,"name":"Dom\u016f","item":"https:\/\/www.mzone.cz\/"},{"@type":"ListItem","position":2,"name":"Co d\u011blaj\u00ed po\u0159adatel\u00e9 akc\u00ed v dob\u011b koronavirov\u00e9? T\u00fdm TEDxPrague z n\u00ed chce vyj\u00edt pos\u00edlen!"}]},{"@type":"WebSite","@id":"https:\/\/www.mzone.cz\/#website","url":"https:\/\/www.mzone.cz\/","name":"Mzone","description":"Magaz\u00edn nejen pro mu\u017ee","potentialAction":[{"@type":"SearchAction","target":{"@type":"EntryPoint","urlTemplate":"https:\/\/www.mzone.cz\/?s={search_term_string}"},"query-input":{"@type":"PropertyValueSpecification","valueRequired":true,"valueName":"search_term_string"}}],"inLanguage":"en-US"},{"@type":"Person","@id":"https:\/\/www.mzone.cz\/#\/schema\/person\/9bc20cc422a99cac4af6ff9297da32d4","name":"Mzone","image":{"@type":"ImageObject","inLanguage":"en-US","@id":"https:\/\/secure.gravatar.com\/avatar\/e780a8630f3182a3d06dd667ab6bea151a0d155b0951bc15fe22633acdac0676?s=96&d=mm&r=g","url":"https:\/\/secure.gravatar.com\/avatar\/e780a8630f3182a3d06dd667ab6bea151a0d155b0951bc15fe22633acdac0676?s=96&d=mm&r=g","contentUrl":"https:\/\/secure.gravatar.com\/avatar\/e780a8630f3182a3d06dd667ab6bea151a0d155b0951bc15fe22633acdac0676?s=96&d=mm&r=g","caption":"Mzone"},"url":"https:\/\/www.mzone.cz\/en\/author\/jakub\/"}]}},"_links":{"self":[{"href":"https:\/\/www.mzone.cz\/en\/wp-json\/wp\/v2\/posts\/22388","targetHints":{"allow":["GET"]}}],"collection":[{"href":"https:\/\/www.mzone.cz\/en\/wp-json\/wp\/v2\/posts"}],"about":[{"href":"https:\/\/www.mzone.cz\/en\/wp-json\/wp\/v2\/types\/post"}],"author":[{"embeddable":true,"href":"https:\/\/www.mzone.cz\/en\/wp-json\/wp\/v2\/users\/4"}],"replies":[{"embeddable":true,"href":"https:\/\/www.mzone.cz\/en\/wp-json\/wp\/v2\/comments?post=22388"}],"version-history":[{"count":11,"href":"https:\/\/www.mzone.cz\/en\/wp-json\/wp\/v2\/posts\/22388\/revisions"}],"predecessor-version":[{"id":22402,"href":"https:\/\/www.mzone.cz\/en\/wp-json\/wp\/v2\/posts\/22388\/revisions\/22402"}],"wp:featuredmedia":[{"embeddable":true,"href":"https:\/\/www.mzone.cz\/en\/wp-json\/wp\/v2\/media\/22386"}],"wp:attachment":[{"href":"https:\/\/www.mzone.cz\/en\/wp-json\/wp\/v2\/media?parent=22388"}],"wp:term":[{"taxonomy":"category","embeddable":true,"href":"https:\/\/www.mzone.cz\/en\/wp-json\/wp\/v2\/categories?post=22388"},{"taxonomy":"post_tag","embeddable":true,"href":"https:\/\/www.mzone.cz\/en\/wp-json\/wp\/v2\/tags?post=22388"}],"curies":[{"name":"wp","href":"https:\/\/api.w.org\/{rel}","templated":true}]}}