{"id":22639,"date":"2020-12-11T05:00:00","date_gmt":"2020-12-11T04:00:00","guid":{"rendered":"https:\/\/www.mzone.cz\/?p=22639"},"modified":"2020-07-06T16:59:11","modified_gmt":"2020-07-06T14:59:11","slug":"karel-capek-skodovkou-zdolaval-alpske-kopce","status":"publish","type":"post","link":"https:\/\/www.mzone.cz\/en\/karel-capek-skodovkou-zdolaval-alpske-kopce\/","title":{"rendered":"\u010c\u00edm jezdil Karel \u010capek? \u0160kodovkou zdol\u00e1val alpsk\u00e9 kopce!"},"content":{"rendered":"<p><strong>\u0160kodovka si letos p\u0159ipom\u00edn\u00e1 125 let sv\u00fdch po\u010d\u00e1tk\u016f v roce 1895 i \u0159adu dal\u0161\u00edch zaj\u00edmav\u00fdch jubile\u00ed. K nim pat\u0159\u00ed i to spojen\u00e9 s p\u0159\u00edb\u011bhem jednoho slavn\u00e9ho \u010desk\u00e9ho spisovatele. T\u00edm byl Karel \u010capek, kter\u00fd pat\u0159il mezi spokojen\u00e9 z\u00e1kazn\u00edky t\u00e9to automobilky.<\/strong><\/p><br>\n\n\n\n<p>Majiteli automobil\u016f vyr\u00e1b\u011bn\u00fdch v Mlad\u00e9 Boleslavi ji\u017e od roku 1905 se b\u011bhem n\u00e1sleduj\u00edc\u00edch desetilet\u00ed stal bezpo\u010det\u00a0v\u00fdznamn\u00fdch dom\u00e1c\u00edch i zahrani\u010dn\u00edch osobnost\u00ed.\u00a0Z\u00a0obdob\u00ed prvn\u00ed \u010deskoslovensk\u00e9 republiky (1918 \u2013 1938) p\u0159ipome\u0148me prezidenta T. G. Masaryka (\u0160koda Hispano-Suiza), opern\u00edho p\u011bvce Pavla Ludikara (\u0160koda Superb), fotbalov\u00e9ho\u00a0brank\u00e1\u0159e Franti\u0161ka Pl\u00e1ni\u010dku\u00a0(\u0160koda Popular) nebo dramatika, spisovatele a novin\u00e1\u0159e Karla \u010capka (1890 \u2013\u00a01938).<\/p>\n\n\n\n<blockquote class=\"wp-block-quote is-layout-flow wp-block-quote-is-layout-flow\"><p>V\u00a0jeho dom\u00e1cnosti se vyst\u0159\u00eddaly dva automobily \u0160koda, vlastn\u011bn\u00e9\u00a0partnerkou, here\u010dkou\u00a0Olgou Scheinpflugovou (1902\u00a0\u2013\u00a01968).\u00a0Karel \u010capek toti\u017e\u00a0pro\u00a0z\u00e1va\u017en\u00e9 onemocn\u011bn\u00ed\u00a0nez\u00edskal\u00a0\u201ev\u016fd\u010d\u00ed list\u201c, tedy \u0159idi\u010dsk\u00fd pr\u016fkaz. Pro del\u0161\u00ed cesty dvojice vyu\u017e\u00edvala slu\u017eeb profesion\u00e1ln\u00edch \u0159idi\u010d\u016f.<\/p><\/blockquote>\n\n\n\n<p>Prvn\u00edm vozem byl podle dobov\u00e9ho z\u00e1znamu dochovan\u00e9ho v\u00a0archivu \u0160koda Muzea z\u00e1kladn\u00ed model tehdej\u0161\u00ed mladoboleslavsk\u00e9 nab\u00eddky, litrov\u00fd \u010dty\u0159v\u00e1lec \u0160koda Popular typu 418.\u00a0\u0160lo o uzav\u0159en\u00fd dvoudve\u0159ov\u00fd automobil v\u00a0hodnot\u011b 19\u00a0900 K\u010d.<\/p><br>\n\n\n\n<figure class=\"wp-block-image size-large\"><img loading=\"lazy\" decoding=\"async\" width=\"1024\" height=\"683\" src=\"https:\/\/www.mzone.cz\/wp-content\/uploads\/2020\/07\/200703-\u0160KODA-POPULAR-K.\u010capek-04.JPG-1024x683.jpg\" alt=\"\u0160koda Popular, kterou jezdil spisovatel Karel \u010capek\" class=\"wp-image-22646\" srcset=\"https:\/\/www.mzone.cz\/wp-content\/uploads\/2020\/07\/200703-\u0160KODA-POPULAR-K.\u010capek-04.JPG-1024x683.jpg 1024w, https:\/\/www.mzone.cz\/wp-content\/uploads\/2020\/07\/200703-\u0160KODA-POPULAR-K.\u010capek-04.JPG-300x200.jpg 300w, https:\/\/www.mzone.cz\/wp-content\/uploads\/2020\/07\/200703-\u0160KODA-POPULAR-K.\u010capek-04.JPG-768x513.jpg 768w, https:\/\/www.mzone.cz\/wp-content\/uploads\/2020\/07\/200703-\u0160KODA-POPULAR-K.\u010capek-04.JPG-1536x1025.jpg 1536w, https:\/\/www.mzone.cz\/wp-content\/uploads\/2020\/07\/200703-\u0160KODA-POPULAR-K.\u010capek-04.JPG-2048x1367.jpg 2048w, https:\/\/www.mzone.cz\/wp-content\/uploads\/2020\/07\/200703-\u0160KODA-POPULAR-K.\u010capek-04.JPG-800x533.jpg 800w, https:\/\/www.mzone.cz\/wp-content\/uploads\/2020\/07\/200703-\u0160KODA-POPULAR-K.\u010capek-04.JPG-400x267.jpg 400w, https:\/\/www.mzone.cz\/wp-content\/uploads\/2020\/07\/200703-\u0160KODA-POPULAR-K.\u010capek-04.JPG-500x333.jpg 500w, https:\/\/www.mzone.cz\/wp-content\/uploads\/2020\/07\/200703-\u0160KODA-POPULAR-K.\u010capek-04.JPG-1170x780.jpg 1170w, https:\/\/www.mzone.cz\/wp-content\/uploads\/2020\/07\/200703-\u0160KODA-POPULAR-K.\u010capek-04.JPG-590x394.jpg 590w\" sizes=\"auto, (max-width: 1024px) 100vw, 1024px\" \/><\/figure><br>\n\n\n\n<p>\u010cty\u0159sedadlov\u00fd Popular\u00a0o v\u00fdkonu 22 kon\u00ed (16 kW)\u00a0bez pos\u00e1dky v\u00e1\u017eil asi 750 kg a dosahoval rychlosti 90 km\/h p\u0159i spot\u0159eb\u011b 7,5 l na 100 km.\u00a0V\u00a0p\u00e1tek 5. \u010dervence 1935 se Karel \u010capek s\u00a0<a href=\"https:\/\/www.csfd.cz\/tvurce\/7367-olga-scheinpflugova\/\" target=\"_blank\" aria-label=\"undefined (opens in a new tab)\" rel=\"noreferrer noopener\">Olgou Scheinpflugovou<\/a> vydali\u00a0t\u00edmto vozem na dovolenou do Alp a na Slovensko, b\u011bhem n\u00ed\u017e spisovatel po\u017e\u00e1dal here\u010dku po\u00a015let\u00e9 zn\u00e1mosti o ruku. Po n\u00e1vratu do Prahy je 26. srpna 1935 ten sam\u00fd v\u016fz dovezl na svatbu.<\/p><br>\n\n\n\n<p>V\u00a0reklamn\u00ed kampani zna\u010dky \u0160koda se v\u00a0roce 1935\u00a0uplatnilo dobrozd\u00e1n\u00ed popul\u00e1rn\u00ed um\u011blkyn\u011b, p\u00f3zuj\u00edc\u00ed s\u00a0vozem\u00a0Popular na vysokohorsk\u00e9 silnici: \u201eDopis \u0160kodovce. R\u00e1da podepisuji, \u017ee zasn\u011b\u017een\u00e9 hory v\u00a0pozad\u00ed jsou\u00a0neka\u0161\u00edrovan\u00e1 skute\u010dnost a naprosto \u017e\u00e1dn\u00e9 divadeln\u00ed dekorace. Jsou to pasy \u0160v\u00fdcar a Dolomit, jich\u017e v\u00fd\u0161ku 2200 m Popular vyjel bez pr\u00e1sk\u00e1n\u00ed bi\u010dem. M\u00e1m na sv\u016fj mal\u00fd v\u016fz hezk\u00e9 vzpom\u00ednky jako \u017eena i jako \u0161of\u00e9r, tak a\u017e ho roztrh\u00e1m, koup\u00edm si asi zase n\u011bco z Va\u0161ich st\u00e1j\u00ed. Srde\u010dn\u011b Olga Scheinpflugov\u00e1.\u201c<\/p><br>\n\n\n\n<p>V\u00a0pond\u011bl\u00ed 8. b\u0159ezna 1937 vyst\u0159\u00eddal v dom\u00e1cnosti Karla \u010capka p\u016fvodn\u00ed Popular automobil st\u0159edn\u00ed t\u0159\u00eddy \u0160koda\u00a0Rapid, op\u011bt s dvoudve\u0159ovou uzav\u0159enou karoseri\u00ed. T\u00edmto \u010dty\u0159metrov\u00fdm vozem, dosahuj\u00edc\u00edm d\u00edky \u010dty\u0159v\u00e1lci 1386 cm3 o\u00a0v\u00fdkonu 31 kon\u00ed (23 kW) rychlosti a\u017e 100 km\/h p\u0159i 9,5litrov\u00e9 spot\u0159eb\u011b lihobenzinov\u00e9ho paliva, se man\u017eel\u00e9 v l\u00e9t\u011b 1937\u00a0znovu\u00a0vydali do Alp. Tentokr\u00e1t je asi 3500 dlouh\u00e1 trasa dovedla a\u017e do Chamonix, na \u00fapat\u00ed Mont Blanku. \u010capkovy vozy Popular a Rapid se do sou\u010dasnosti z\u0159ejm\u011b nedochovaly.<\/p><br>\n\n\n\n<figure class=\"wp-block-image size-large\"><img loading=\"lazy\" decoding=\"async\" width=\"1024\" height=\"683\" src=\"https:\/\/www.mzone.cz\/wp-content\/uploads\/2020\/07\/Karel-\u010capek-a-jeho-v\u016fz-1024x683.jpg\" alt=\"Karel \u010capek a jeho \u017eena Olga Scheinpflugov\u00e1 na v\u00fdlet\u011b v Alp\u00e1ch\" class=\"wp-image-22640\" srcset=\"https:\/\/www.mzone.cz\/wp-content\/uploads\/2020\/07\/Karel-\u010capek-a-jeho-v\u016fz-1024x683.jpg 1024w, https:\/\/www.mzone.cz\/wp-content\/uploads\/2020\/07\/Karel-\u010capek-a-jeho-v\u016fz-300x200.jpg 300w, https:\/\/www.mzone.cz\/wp-content\/uploads\/2020\/07\/Karel-\u010capek-a-jeho-v\u016fz-768x512.jpg 768w, https:\/\/www.mzone.cz\/wp-content\/uploads\/2020\/07\/Karel-\u010capek-a-jeho-v\u016fz-1536x1024.jpg 1536w, https:\/\/www.mzone.cz\/wp-content\/uploads\/2020\/07\/Karel-\u010capek-a-jeho-v\u016fz-800x533.jpg 800w, https:\/\/www.mzone.cz\/wp-content\/uploads\/2020\/07\/Karel-\u010capek-a-jeho-v\u016fz-400x267.jpg 400w, https:\/\/www.mzone.cz\/wp-content\/uploads\/2020\/07\/Karel-\u010capek-a-jeho-v\u016fz-500x333.jpg 500w, https:\/\/www.mzone.cz\/wp-content\/uploads\/2020\/07\/Karel-\u010capek-a-jeho-v\u016fz-1170x780.jpg 1170w, https:\/\/www.mzone.cz\/wp-content\/uploads\/2020\/07\/Karel-\u010capek-a-jeho-v\u016fz-590x393.jpg 590w, https:\/\/www.mzone.cz\/wp-content\/uploads\/2020\/07\/Karel-\u010capek-a-jeho-v\u016fz.jpg 1686w\" sizes=\"auto, (max-width: 1024px) 100vw, 1024px\" \/><\/figure><br>\n\n\n\n<p>V\u00a0are\u00e1lu Pam\u00e1tn\u00edku Karla \u010capka ve Star\u00e9 Huti u Dob\u0159\u00ed\u0161e, tedy romantick\u00e9ho letn\u00edho domu se zahradou, kde slavn\u00fd\u00a0spisovatel str\u00e1vil v\u011bt\u0161inu \u010dasu od\u00a0podzimu 1935 do sv\u00e9 smrti 25. prosince 1938, se dochovala gar\u00e1\u017e\u00a0ve velmi autentick\u00e9m stavu. Nov\u011b je v\u00a0n\u00ed vystavena dobov\u00e1\u00a0\u0160koda Rapid, kter\u00e1 p\u0159ipom\u00edn\u00e1 vztah slavn\u00e9ho spisovatele k dom\u00e1c\u00ed automobilce &#8211; expon\u00e1t nese v\u00fdrobn\u00ed \u010d\u00edslo 48\u00a0443, v\u016fz Olgy Scheinpflugov\u00e9 m\u011bl\u00a048 434. Kontrola obou\u00a0\u201echassis\u201c (podvozk\u016f) prob\u011bhla\u00a0v automobilce ve stejn\u00fd den 12. ledna 1937,\u00a0shoduje se i datum dokon\u010den\u00ed obou voz\u016f\u00a013. ledna.<\/p><br>\n\n\n\n<div class=\"wp-block-image\"><figure class=\"alignleft size-large is-resized\"><img loading=\"lazy\" decoding=\"async\" src=\"https:\/\/www.mzone.cz\/wp-content\/uploads\/2020\/01\/Ferdinand-Porsche-1024x683.jpg\" alt=\"\" class=\"wp-image-17534\" width=\"132\" height=\"87\" srcset=\"https:\/\/www.mzone.cz\/wp-content\/uploads\/2020\/01\/Ferdinand-Porsche-1024x683.jpg 1024w, https:\/\/www.mzone.cz\/wp-content\/uploads\/2020\/01\/Ferdinand-Porsche-300x200.jpg 300w, https:\/\/www.mzone.cz\/wp-content\/uploads\/2020\/01\/Ferdinand-Porsche-768x513.jpg 768w, https:\/\/www.mzone.cz\/wp-content\/uploads\/2020\/01\/Ferdinand-Porsche-800x533.jpg 800w, https:\/\/www.mzone.cz\/wp-content\/uploads\/2020\/01\/Ferdinand-Porsche-400x267.jpg 400w, https:\/\/www.mzone.cz\/wp-content\/uploads\/2020\/01\/Ferdinand-Porsche-500x333.jpg 500w, https:\/\/www.mzone.cz\/wp-content\/uploads\/2020\/01\/Ferdinand-Porsche-1170x780.jpg 1170w, https:\/\/www.mzone.cz\/wp-content\/uploads\/2020\/01\/Ferdinand-Porsche-590x394.jpg 590w, https:\/\/www.mzone.cz\/wp-content\/uploads\/2020\/01\/Ferdinand-Porsche.jpg 1530w\" sizes=\"auto, (max-width: 132px) 100vw, 132px\" \/><\/figure><\/div>\n\n\n\n<h4><a href=\"https:\/\/www.mzone.cz\/ferdinand-porsche-konstrukter-s-ceskymi-koreny\/\">Ferdinand Porsche \u2013 slavn\u00fd konstrukt\u00e9r s \u010desk\u00fdmi ko\u0159eny<\/a><\/h4><br>","protected":false},"excerpt":{"rendered":"<p>\u0160kodovka si letos p\u0159ipom\u00edn\u00e1 125 let sv\u00fdch po\u010d\u00e1tk\u016f v roce 1895 i \u0159adu dal\u0161\u00edch zaj\u00edmav\u00fdch jubile\u00ed. K nim pat\u0159\u00ed i to spojen\u00e9 s p\u0159\u00edb\u011bhem jednoho slavn\u00e9ho \u010desk\u00e9ho spisovatele. T\u00edm byl Karel \u010capek, kter\u00fd pat\u0159il mezi spokojen\u00e9 z\u00e1kazn\u00edky t\u00e9to automobilky. Majiteli automobil\u016f vyr\u00e1b\u011bn\u00fdch v Mlad\u00e9 Boleslavi ji\u017e od roku 1905 se b\u011bhem n\u00e1sleduj\u00edc\u00edch desetilet\u00ed stal bezpo\u010det\u00a0v\u00fdznamn\u00fdch [&hellip;]<\/p>\n","protected":false},"author":4,"featured_media":22640,"comment_status":"open","ping_status":"closed","sticky":false,"template":"","format":"standard","meta":{"kk_blocks_editor_width":"","_kiokenblocks_attr":"","_kiokenblocks_dimensions":"","footnotes":""},"categories":[69,387,71,1846],"tags":[2578,585,82,462,552,512,87,3974,1711,1715,3976,3975,1716,1782,764],"class_list":["post-22639","post","type-post","status-publish","format-standard","has-post-thumbnail","hentry","category-auto-moto","category-historie","category-kultura","category-literatura","tag-alpy","tag-auta","tag-auto","tag-auto-moto","tag-automobily","tag-cestovani","tag-historie","tag-karel-capek","tag-skoda","tag-skoda-auto","tag-skoda-popular","tag-skoda-rapid","tag-skodovka","tag-spisovatel","tag-vylet"],"yoast_head":"<!-- This site is optimized with the Yoast SEO plugin v27.5 - https:\/\/yoast.com\/product\/yoast-seo-wordpress\/ -->\n<title>\u010c\u00edm jezdil Karel \u010capek? \u0160kodovkou zdol\u00e1val alpsk\u00e9 kopce! - Mzone<\/title>\n<meta name=\"description\" content=\"\u0160kodovka si letos p\u0159ipom\u00edn\u00e1 125 let sv\u00fdch po\u010d\u00e1tk\u016f v roce 1895 i \u0159adu dal\u0161\u00edch zaj\u00edmav\u00fdch jubile\u00ed. K nim pat\u0159\u00ed i to spojen\u00e9 s p\u0159\u00edb\u011bhem jednoho slavn\u00e9ho \u010desk\u00e9ho spisovatele. T\u00edm byl Karel \u010capek, kter\u00fd pat\u0159il mezi spokojen\u00e9 z\u00e1kazn\u00edky t\u00e9to automobilky.\" \/>\n<meta name=\"robots\" content=\"index, follow, max-snippet:-1, max-image-preview:large, max-video-preview:-1\" \/>\n<link rel=\"canonical\" href=\"https:\/\/www.mzone.cz\/en\/karel-capek-skodovkou-zdolaval-alpske-kopce\/\" \/>\n<meta property=\"og:locale\" content=\"en_US\" \/>\n<meta property=\"og:type\" content=\"article\" \/>\n<meta property=\"og:title\" content=\"\u010c\u00edm jezdil Karel \u010capek? \u0160kodovkou zdol\u00e1val alpsk\u00e9 kopce! - Mzone\" \/>\n<meta property=\"og:description\" content=\"\u0160kodovka si letos p\u0159ipom\u00edn\u00e1 125 let sv\u00fdch po\u010d\u00e1tk\u016f v roce 1895 i \u0159adu dal\u0161\u00edch zaj\u00edmav\u00fdch jubile\u00ed. K nim pat\u0159\u00ed i to spojen\u00e9 s p\u0159\u00edb\u011bhem jednoho slavn\u00e9ho \u010desk\u00e9ho spisovatele. T\u00edm byl Karel \u010capek, kter\u00fd pat\u0159il mezi spokojen\u00e9 z\u00e1kazn\u00edky t\u00e9to automobilky.\" \/>\n<meta property=\"og:url\" content=\"https:\/\/www.mzone.cz\/en\/karel-capek-skodovkou-zdolaval-alpske-kopce\/\" \/>\n<meta property=\"og:site_name\" content=\"Mzone\" \/>\n<meta property=\"article:publisher\" content=\"https:\/\/www.facebook.com\/MzoneCZ\/\" \/>\n<meta property=\"article:published_time\" content=\"2020-12-11T04:00:00+00:00\" \/>\n<meta property=\"og:image\" content=\"https:\/\/www.mzone.cz\/wp-content\/uploads\/2020\/07\/Karel-\u010capek-a-jeho-v\u016fz.jpg\" \/>\n\t<meta property=\"og:image:width\" content=\"1686\" \/>\n\t<meta property=\"og:image:height\" content=\"1124\" \/>\n\t<meta property=\"og:image:type\" content=\"image\/jpeg\" \/>\n<meta name=\"author\" content=\"Mzone\" \/>\n<meta name=\"twitter:card\" content=\"summary_large_image\" \/>\n<meta name=\"twitter:label1\" content=\"Written by\" \/>\n\t<meta name=\"twitter:data1\" content=\"Mzone\" \/>\n\t<meta name=\"twitter:label2\" content=\"Est. reading time\" \/>\n\t<meta name=\"twitter:data2\" content=\"3 minutes\" \/>\n<script type=\"application\/ld+json\" class=\"yoast-schema-graph\">{\"@context\":\"https:\\\/\\\/schema.org\",\"@graph\":[{\"@type\":\"Article\",\"@id\":\"https:\\\/\\\/www.mzone.cz\\\/karel-capek-skodovkou-zdolaval-alpske-kopce\\\/#article\",\"isPartOf\":{\"@id\":\"https:\\\/\\\/www.mzone.cz\\\/karel-capek-skodovkou-zdolaval-alpske-kopce\\\/\"},\"author\":{\"name\":\"Mzone\",\"@id\":\"https:\\\/\\\/www.mzone.cz\\\/#\\\/schema\\\/person\\\/9bc20cc422a99cac4af6ff9297da32d4\"},\"headline\":\"\u010c\u00edm jezdil Karel \u010capek? \u0160kodovkou zdol\u00e1val alpsk\u00e9 kopce!\",\"datePublished\":\"2020-12-11T04:00:00+00:00\",\"mainEntityOfPage\":{\"@id\":\"https:\\\/\\\/www.mzone.cz\\\/karel-capek-skodovkou-zdolaval-alpske-kopce\\\/\"},\"wordCount\":610,\"commentCount\":0,\"image\":{\"@id\":\"https:\\\/\\\/www.mzone.cz\\\/karel-capek-skodovkou-zdolaval-alpske-kopce\\\/#primaryimage\"},\"thumbnailUrl\":\"https:\\\/\\\/www.mzone.cz\\\/wp-content\\\/uploads\\\/2020\\\/07\\\/Karel-\u010capek-a-jeho-v\u016fz.jpg\",\"keywords\":[\"Alpy\",\"auta\",\"Auto\",\"auto-moto\",\"automobily\",\"cestov\u00e1n\u00ed\",\"Historie\",\"Karel \u010capek\",\"\u0160koda\",\"\u0160koda Auto\",\"\u0160koda Popular\",\"\u0160koda Rapid\",\"\u0160kodovka\",\"spisovatel\",\"v\u00fdlet\"],\"articleSection\":[\"Auto-moto\",\"Historie\",\"Kultura\",\"Literatura\"],\"inLanguage\":\"en-US\",\"potentialAction\":[{\"@type\":\"CommentAction\",\"name\":\"Comment\",\"target\":[\"https:\\\/\\\/www.mzone.cz\\\/karel-capek-skodovkou-zdolaval-alpske-kopce\\\/#respond\"]}]},{\"@type\":\"WebPage\",\"@id\":\"https:\\\/\\\/www.mzone.cz\\\/karel-capek-skodovkou-zdolaval-alpske-kopce\\\/\",\"url\":\"https:\\\/\\\/www.mzone.cz\\\/karel-capek-skodovkou-zdolaval-alpske-kopce\\\/\",\"name\":\"\u010c\u00edm jezdil Karel \u010capek? \u0160kodovkou zdol\u00e1val alpsk\u00e9 kopce! - Mzone\",\"isPartOf\":{\"@id\":\"https:\\\/\\\/www.mzone.cz\\\/#website\"},\"primaryImageOfPage\":{\"@id\":\"https:\\\/\\\/www.mzone.cz\\\/karel-capek-skodovkou-zdolaval-alpske-kopce\\\/#primaryimage\"},\"image\":{\"@id\":\"https:\\\/\\\/www.mzone.cz\\\/karel-capek-skodovkou-zdolaval-alpske-kopce\\\/#primaryimage\"},\"thumbnailUrl\":\"https:\\\/\\\/www.mzone.cz\\\/wp-content\\\/uploads\\\/2020\\\/07\\\/Karel-\u010capek-a-jeho-v\u016fz.jpg\",\"datePublished\":\"2020-12-11T04:00:00+00:00\",\"author\":{\"@id\":\"https:\\\/\\\/www.mzone.cz\\\/#\\\/schema\\\/person\\\/9bc20cc422a99cac4af6ff9297da32d4\"},\"description\":\"\u0160kodovka si letos p\u0159ipom\u00edn\u00e1 125 let sv\u00fdch po\u010d\u00e1tk\u016f v roce 1895 i \u0159adu dal\u0161\u00edch zaj\u00edmav\u00fdch jubile\u00ed. K nim pat\u0159\u00ed i to spojen\u00e9 s p\u0159\u00edb\u011bhem jednoho slavn\u00e9ho \u010desk\u00e9ho spisovatele. T\u00edm byl Karel \u010capek, kter\u00fd pat\u0159il mezi spokojen\u00e9 z\u00e1kazn\u00edky t\u00e9to automobilky.\",\"breadcrumb\":{\"@id\":\"https:\\\/\\\/www.mzone.cz\\\/karel-capek-skodovkou-zdolaval-alpske-kopce\\\/#breadcrumb\"},\"inLanguage\":\"en-US\",\"potentialAction\":[{\"@type\":\"ReadAction\",\"target\":[\"https:\\\/\\\/www.mzone.cz\\\/karel-capek-skodovkou-zdolaval-alpske-kopce\\\/\"]}]},{\"@type\":\"ImageObject\",\"inLanguage\":\"en-US\",\"@id\":\"https:\\\/\\\/www.mzone.cz\\\/karel-capek-skodovkou-zdolaval-alpske-kopce\\\/#primaryimage\",\"url\":\"https:\\\/\\\/www.mzone.cz\\\/wp-content\\\/uploads\\\/2020\\\/07\\\/Karel-\u010capek-a-jeho-v\u016fz.jpg\",\"contentUrl\":\"https:\\\/\\\/www.mzone.cz\\\/wp-content\\\/uploads\\\/2020\\\/07\\\/Karel-\u010capek-a-jeho-v\u016fz.jpg\",\"width\":1686,\"height\":1124},{\"@type\":\"BreadcrumbList\",\"@id\":\"https:\\\/\\\/www.mzone.cz\\\/karel-capek-skodovkou-zdolaval-alpske-kopce\\\/#breadcrumb\",\"itemListElement\":[{\"@type\":\"ListItem\",\"position\":1,\"name\":\"Dom\u016f\",\"item\":\"https:\\\/\\\/www.mzone.cz\\\/\"},{\"@type\":\"ListItem\",\"position\":2,\"name\":\"\u010c\u00edm jezdil Karel \u010capek? \u0160kodovkou zdol\u00e1val alpsk\u00e9 kopce!\"}]},{\"@type\":\"WebSite\",\"@id\":\"https:\\\/\\\/www.mzone.cz\\\/#website\",\"url\":\"https:\\\/\\\/www.mzone.cz\\\/\",\"name\":\"Mzone\",\"description\":\"Magaz\u00edn nejen pro mu\u017ee\",\"potentialAction\":[{\"@type\":\"SearchAction\",\"target\":{\"@type\":\"EntryPoint\",\"urlTemplate\":\"https:\\\/\\\/www.mzone.cz\\\/?s={search_term_string}\"},\"query-input\":{\"@type\":\"PropertyValueSpecification\",\"valueRequired\":true,\"valueName\":\"search_term_string\"}}],\"inLanguage\":\"en-US\"},{\"@type\":\"Person\",\"@id\":\"https:\\\/\\\/www.mzone.cz\\\/#\\\/schema\\\/person\\\/9bc20cc422a99cac4af6ff9297da32d4\",\"name\":\"Mzone\",\"image\":{\"@type\":\"ImageObject\",\"inLanguage\":\"en-US\",\"@id\":\"https:\\\/\\\/secure.gravatar.com\\\/avatar\\\/e780a8630f3182a3d06dd667ab6bea151a0d155b0951bc15fe22633acdac0676?s=96&d=mm&r=g\",\"url\":\"https:\\\/\\\/secure.gravatar.com\\\/avatar\\\/e780a8630f3182a3d06dd667ab6bea151a0d155b0951bc15fe22633acdac0676?s=96&d=mm&r=g\",\"contentUrl\":\"https:\\\/\\\/secure.gravatar.com\\\/avatar\\\/e780a8630f3182a3d06dd667ab6bea151a0d155b0951bc15fe22633acdac0676?s=96&d=mm&r=g\",\"caption\":\"Mzone\"},\"url\":\"https:\\\/\\\/www.mzone.cz\\\/en\\\/author\\\/jakub\\\/\"}]}<\/script>\n<!-- \/ Yoast SEO plugin. -->","yoast_head_json":{"title":"\u010c\u00edm jezdil Karel \u010capek? \u0160kodovkou zdol\u00e1val alpsk\u00e9 kopce! - Mzone","description":"\u0160kodovka si letos p\u0159ipom\u00edn\u00e1 125 let sv\u00fdch po\u010d\u00e1tk\u016f v roce 1895 i \u0159adu dal\u0161\u00edch zaj\u00edmav\u00fdch jubile\u00ed. K nim pat\u0159\u00ed i to spojen\u00e9 s p\u0159\u00edb\u011bhem jednoho slavn\u00e9ho \u010desk\u00e9ho spisovatele. T\u00edm byl Karel \u010capek, kter\u00fd pat\u0159il mezi spokojen\u00e9 z\u00e1kazn\u00edky t\u00e9to automobilky.","robots":{"index":"index","follow":"follow","max-snippet":"max-snippet:-1","max-image-preview":"max-image-preview:large","max-video-preview":"max-video-preview:-1"},"canonical":"https:\/\/www.mzone.cz\/en\/karel-capek-skodovkou-zdolaval-alpske-kopce\/","og_locale":"en_US","og_type":"article","og_title":"\u010c\u00edm jezdil Karel \u010capek? \u0160kodovkou zdol\u00e1val alpsk\u00e9 kopce! - Mzone","og_description":"\u0160kodovka si letos p\u0159ipom\u00edn\u00e1 125 let sv\u00fdch po\u010d\u00e1tk\u016f v roce 1895 i \u0159adu dal\u0161\u00edch zaj\u00edmav\u00fdch jubile\u00ed. K nim pat\u0159\u00ed i to spojen\u00e9 s p\u0159\u00edb\u011bhem jednoho slavn\u00e9ho \u010desk\u00e9ho spisovatele. T\u00edm byl Karel \u010capek, kter\u00fd pat\u0159il mezi spokojen\u00e9 z\u00e1kazn\u00edky t\u00e9to automobilky.","og_url":"https:\/\/www.mzone.cz\/en\/karel-capek-skodovkou-zdolaval-alpske-kopce\/","og_site_name":"Mzone","article_publisher":"https:\/\/www.facebook.com\/MzoneCZ\/","article_published_time":"2020-12-11T04:00:00+00:00","og_image":[{"width":1686,"height":1124,"url":"https:\/\/www.mzone.cz\/wp-content\/uploads\/2020\/07\/Karel-\u010capek-a-jeho-v\u016fz.jpg","type":"image\/jpeg"}],"author":"Mzone","twitter_card":"summary_large_image","twitter_misc":{"Written by":"Mzone","Est. reading time":"3 minutes"},"schema":{"@context":"https:\/\/schema.org","@graph":[{"@type":"Article","@id":"https:\/\/www.mzone.cz\/karel-capek-skodovkou-zdolaval-alpske-kopce\/#article","isPartOf":{"@id":"https:\/\/www.mzone.cz\/karel-capek-skodovkou-zdolaval-alpske-kopce\/"},"author":{"name":"Mzone","@id":"https:\/\/www.mzone.cz\/#\/schema\/person\/9bc20cc422a99cac4af6ff9297da32d4"},"headline":"\u010c\u00edm jezdil Karel \u010capek? \u0160kodovkou zdol\u00e1val alpsk\u00e9 kopce!","datePublished":"2020-12-11T04:00:00+00:00","mainEntityOfPage":{"@id":"https:\/\/www.mzone.cz\/karel-capek-skodovkou-zdolaval-alpske-kopce\/"},"wordCount":610,"commentCount":0,"image":{"@id":"https:\/\/www.mzone.cz\/karel-capek-skodovkou-zdolaval-alpske-kopce\/#primaryimage"},"thumbnailUrl":"https:\/\/www.mzone.cz\/wp-content\/uploads\/2020\/07\/Karel-\u010capek-a-jeho-v\u016fz.jpg","keywords":["Alpy","auta","Auto","auto-moto","automobily","cestov\u00e1n\u00ed","Historie","Karel \u010capek","\u0160koda","\u0160koda Auto","\u0160koda Popular","\u0160koda Rapid","\u0160kodovka","spisovatel","v\u00fdlet"],"articleSection":["Auto-moto","Historie","Kultura","Literatura"],"inLanguage":"en-US","potentialAction":[{"@type":"CommentAction","name":"Comment","target":["https:\/\/www.mzone.cz\/karel-capek-skodovkou-zdolaval-alpske-kopce\/#respond"]}]},{"@type":"WebPage","@id":"https:\/\/www.mzone.cz\/karel-capek-skodovkou-zdolaval-alpske-kopce\/","url":"https:\/\/www.mzone.cz\/karel-capek-skodovkou-zdolaval-alpske-kopce\/","name":"\u010c\u00edm jezdil Karel \u010capek? \u0160kodovkou zdol\u00e1val alpsk\u00e9 kopce! - Mzone","isPartOf":{"@id":"https:\/\/www.mzone.cz\/#website"},"primaryImageOfPage":{"@id":"https:\/\/www.mzone.cz\/karel-capek-skodovkou-zdolaval-alpske-kopce\/#primaryimage"},"image":{"@id":"https:\/\/www.mzone.cz\/karel-capek-skodovkou-zdolaval-alpske-kopce\/#primaryimage"},"thumbnailUrl":"https:\/\/www.mzone.cz\/wp-content\/uploads\/2020\/07\/Karel-\u010capek-a-jeho-v\u016fz.jpg","datePublished":"2020-12-11T04:00:00+00:00","author":{"@id":"https:\/\/www.mzone.cz\/#\/schema\/person\/9bc20cc422a99cac4af6ff9297da32d4"},"description":"\u0160kodovka si letos p\u0159ipom\u00edn\u00e1 125 let sv\u00fdch po\u010d\u00e1tk\u016f v roce 1895 i \u0159adu dal\u0161\u00edch zaj\u00edmav\u00fdch jubile\u00ed. K nim pat\u0159\u00ed i to spojen\u00e9 s p\u0159\u00edb\u011bhem jednoho slavn\u00e9ho \u010desk\u00e9ho spisovatele. T\u00edm byl Karel \u010capek, kter\u00fd pat\u0159il mezi spokojen\u00e9 z\u00e1kazn\u00edky t\u00e9to automobilky.","breadcrumb":{"@id":"https:\/\/www.mzone.cz\/karel-capek-skodovkou-zdolaval-alpske-kopce\/#breadcrumb"},"inLanguage":"en-US","potentialAction":[{"@type":"ReadAction","target":["https:\/\/www.mzone.cz\/karel-capek-skodovkou-zdolaval-alpske-kopce\/"]}]},{"@type":"ImageObject","inLanguage":"en-US","@id":"https:\/\/www.mzone.cz\/karel-capek-skodovkou-zdolaval-alpske-kopce\/#primaryimage","url":"https:\/\/www.mzone.cz\/wp-content\/uploads\/2020\/07\/Karel-\u010capek-a-jeho-v\u016fz.jpg","contentUrl":"https:\/\/www.mzone.cz\/wp-content\/uploads\/2020\/07\/Karel-\u010capek-a-jeho-v\u016fz.jpg","width":1686,"height":1124},{"@type":"BreadcrumbList","@id":"https:\/\/www.mzone.cz\/karel-capek-skodovkou-zdolaval-alpske-kopce\/#breadcrumb","itemListElement":[{"@type":"ListItem","position":1,"name":"Dom\u016f","item":"https:\/\/www.mzone.cz\/"},{"@type":"ListItem","position":2,"name":"\u010c\u00edm jezdil Karel \u010capek? \u0160kodovkou zdol\u00e1val alpsk\u00e9 kopce!"}]},{"@type":"WebSite","@id":"https:\/\/www.mzone.cz\/#website","url":"https:\/\/www.mzone.cz\/","name":"Mzone","description":"Magaz\u00edn nejen pro mu\u017ee","potentialAction":[{"@type":"SearchAction","target":{"@type":"EntryPoint","urlTemplate":"https:\/\/www.mzone.cz\/?s={search_term_string}"},"query-input":{"@type":"PropertyValueSpecification","valueRequired":true,"valueName":"search_term_string"}}],"inLanguage":"en-US"},{"@type":"Person","@id":"https:\/\/www.mzone.cz\/#\/schema\/person\/9bc20cc422a99cac4af6ff9297da32d4","name":"Mzone","image":{"@type":"ImageObject","inLanguage":"en-US","@id":"https:\/\/secure.gravatar.com\/avatar\/e780a8630f3182a3d06dd667ab6bea151a0d155b0951bc15fe22633acdac0676?s=96&d=mm&r=g","url":"https:\/\/secure.gravatar.com\/avatar\/e780a8630f3182a3d06dd667ab6bea151a0d155b0951bc15fe22633acdac0676?s=96&d=mm&r=g","contentUrl":"https:\/\/secure.gravatar.com\/avatar\/e780a8630f3182a3d06dd667ab6bea151a0d155b0951bc15fe22633acdac0676?s=96&d=mm&r=g","caption":"Mzone"},"url":"https:\/\/www.mzone.cz\/en\/author\/jakub\/"}]}},"_links":{"self":[{"href":"https:\/\/www.mzone.cz\/en\/wp-json\/wp\/v2\/posts\/22639","targetHints":{"allow":["GET"]}}],"collection":[{"href":"https:\/\/www.mzone.cz\/en\/wp-json\/wp\/v2\/posts"}],"about":[{"href":"https:\/\/www.mzone.cz\/en\/wp-json\/wp\/v2\/types\/post"}],"author":[{"embeddable":true,"href":"https:\/\/www.mzone.cz\/en\/wp-json\/wp\/v2\/users\/4"}],"replies":[{"embeddable":true,"href":"https:\/\/www.mzone.cz\/en\/wp-json\/wp\/v2\/comments?post=22639"}],"version-history":[{"count":13,"href":"https:\/\/www.mzone.cz\/en\/wp-json\/wp\/v2\/posts\/22639\/revisions"}],"predecessor-version":[{"id":22659,"href":"https:\/\/www.mzone.cz\/en\/wp-json\/wp\/v2\/posts\/22639\/revisions\/22659"}],"wp:featuredmedia":[{"embeddable":true,"href":"https:\/\/www.mzone.cz\/en\/wp-json\/wp\/v2\/media\/22640"}],"wp:attachment":[{"href":"https:\/\/www.mzone.cz\/en\/wp-json\/wp\/v2\/media?parent=22639"}],"wp:term":[{"taxonomy":"category","embeddable":true,"href":"https:\/\/www.mzone.cz\/en\/wp-json\/wp\/v2\/categories?post=22639"},{"taxonomy":"post_tag","embeddable":true,"href":"https:\/\/www.mzone.cz\/en\/wp-json\/wp\/v2\/tags?post=22639"}],"curies":[{"name":"wp","href":"https:\/\/api.w.org\/{rel}","templated":true}]}}