{"id":22731,"date":"2020-07-12T05:00:00","date_gmt":"2020-07-12T03:00:00","guid":{"rendered":"https:\/\/www.mzone.cz\/?p=22731"},"modified":"2020-07-09T16:52:51","modified_gmt":"2020-07-09T14:52:51","slug":"skoda-slavia-kabriolet-od-skodovky-zakovsky-vuz","status":"publish","type":"post","link":"https:\/\/www.mzone.cz\/en\/skoda-slavia-kabriolet-od-skodovky-zakovsky-vuz\/","title":{"rendered":"\u0160kodovka pracuje na kabrioletu! Bude se jmenovat Slavia"},"content":{"rendered":"<p><strong>Kabriolet od \u0160kodovky? Ne, to nen\u00ed vtip! V r\u00e1mci u\u010dili\u0161t\u011b \u0160koda Auto vznik\u00e1 v rukou student\u016f unik\u00e1tn\u00ed v\u016fz bez st\u0159echy, kter\u00fd ponese jm\u00e9no Slavia.<\/strong><\/p><br>\n\n\n\n<p>Z modelu&nbsp;Scala se stala Slavia:&nbsp;Jm\u00e9nem sedm\u00e9ho&nbsp;\u017e\u00e1kovsk\u00e9ho vozu \u0160koda si \u017e\u00e1ci St\u0159edn\u00edho odborn\u00e9ho u\u010dili\u0161t\u011b stroj\u00edrensk\u00e9ho p\u0159ipom\u00ednaj\u00ed 125. v\u00fdro\u010d\u00ed zalo\u017een\u00ed dne\u0161n\u00ed spole\u010dnosti \u0160koda Auto. V\u00e1clav Laurin&nbsp;a&nbsp;V\u00e1clav Klement tehdy spole\u010dn\u011b prod\u00e1vali sv\u00e1 prvn\u00ed vyvinut\u00e1 j\u00edzdn\u00ed kola pr\u00e1v\u011b pod obchodn\u00edm n\u00e1zvem&nbsp;Slavia.&nbsp;Nyn\u00ed ponese toto jm\u00e9no kompaktn\u00ed model v karos\u00e1\u0159sk\u00e9 variant\u011b&nbsp;spider, tedy bez st\u0159echy. Scala je v\u016fbec poprv\u00e9 z\u00e1kladem tohoto projektu \u0160koda Akademie, realizovan\u00e9ho ka\u017edoro\u010dn\u011b u\u017e od roku&nbsp;2014.&nbsp;Ji\u017e brzy bude&nbsp;tento unik\u00e1t, vyvinut\u00fd a vlastnoru\u010dn\u011b vyroben\u00fd \u017e\u00e1ky u\u010dili\u0161t\u011b, p\u0159edstaven ve\u0159ejnosti.<\/p><br>\n\n\n\n<figure class=\"wp-block-image size-large\"><img loading=\"lazy\" decoding=\"async\" width=\"1024\" height=\"682\" src=\"https:\/\/www.mzone.cz\/wp-content\/uploads\/2020\/07\/200709-Seventh-SKODA-Student-Car-is-called-SLAVIA-1024x682.jpg\" alt=\"Kabriolet od \u0160kodovky ponese n\u00e1zev Slavia\" class=\"wp-image-22734\" srcset=\"https:\/\/www.mzone.cz\/wp-content\/uploads\/2020\/07\/200709-Seventh-SKODA-Student-Car-is-called-SLAVIA-1024x682.jpg 1024w, https:\/\/www.mzone.cz\/wp-content\/uploads\/2020\/07\/200709-Seventh-SKODA-Student-Car-is-called-SLAVIA-300x200.jpg 300w, https:\/\/www.mzone.cz\/wp-content\/uploads\/2020\/07\/200709-Seventh-SKODA-Student-Car-is-called-SLAVIA-768x512.jpg 768w, https:\/\/www.mzone.cz\/wp-content\/uploads\/2020\/07\/200709-Seventh-SKODA-Student-Car-is-called-SLAVIA-1536x1024.jpg 1536w, https:\/\/www.mzone.cz\/wp-content\/uploads\/2020\/07\/200709-Seventh-SKODA-Student-Car-is-called-SLAVIA-2048x1365.jpg 2048w, https:\/\/www.mzone.cz\/wp-content\/uploads\/2020\/07\/200709-Seventh-SKODA-Student-Car-is-called-SLAVIA-800x533.jpg 800w, https:\/\/www.mzone.cz\/wp-content\/uploads\/2020\/07\/200709-Seventh-SKODA-Student-Car-is-called-SLAVIA-400x267.jpg 400w, https:\/\/www.mzone.cz\/wp-content\/uploads\/2020\/07\/200709-Seventh-SKODA-Student-Car-is-called-SLAVIA-500x333.jpg 500w, https:\/\/www.mzone.cz\/wp-content\/uploads\/2020\/07\/200709-Seventh-SKODA-Student-Car-is-called-SLAVIA-1170x780.jpg 1170w, https:\/\/www.mzone.cz\/wp-content\/uploads\/2020\/07\/200709-Seventh-SKODA-Student-Car-is-called-SLAVIA-590x393.jpg 590w\" sizes=\"auto, (max-width: 1024px) 100vw, 1024px\" \/><\/figure><br>\n\n\n\n<p>\u0160koda Scala&nbsp;v&nbsp;emocion\u00e1ln\u00ed karos\u00e1\u0159sk\u00e9 verzi&nbsp;spider&nbsp;je reminiscenc\u00ed po\u010d\u00e1tk\u016f zna\u010dky.&nbsp;V&nbsp;leto\u0161n\u00edm&nbsp;roce 125. v\u00fdro\u010d\u00ed zalo\u017een\u00ed spole\u010dnosti si i \u017e\u00e1ci \u0160koda&nbsp;Akademie&nbsp;sv\u00fdm tradi\u010dn\u00edm projektem \u017e\u00e1kovsk\u00e9ho vozu p\u0159ipomn\u011bli zrod \u010desk\u00e9&nbsp;automobilky.<\/p><br>\n\n\n\n<p>V roce&nbsp;1895 za\u010dali oba zakladatel\u00e9 V\u00e1clav Laurin a V\u00e1clav Klement&nbsp;v&nbsp;Mlad\u00e9 Boleslavi nejprve&nbsp;s&nbsp;opravami j\u00edzdn\u00edch kol.&nbsp;Brzy na to za\u010dali navrhovat vlastn\u00ed j\u00edzdn\u00ed kola, kter\u00e1 od roku&nbsp;1896&nbsp;\u00fasp\u011b\u0161n\u011b prod\u00e1vali pod zna\u010dkou Slavia.&nbsp;Nov\u00fd \u017e\u00e1kovsk\u00fd v\u016fz tak do \u017eivota vrac\u00ed jednu z&nbsp;legend historie firmy.<\/p>\n\n\n\n<blockquote class=\"wp-block-quote is-layout-flow wp-block-quote-is-layout-flow\"><p>Historick\u00fd n\u00e1zev se skv\u011ble hod\u00ed k my\u0161lence student\u016f podniknout s modern\u011b st\u0159i\u017een\u00fdm modelem Scala&nbsp;cestu&nbsp;do minulosti, do \u010das\u016f, kdy m\u011bly automobily otev\u0159enou karoserii.&nbsp;Klasick\u00fd&nbsp;spider&nbsp;je divok\u00fd a nespoutan\u00fd.<\/p><\/blockquote>\n\n\n\n<p>Ve sv\u00e9 d\u016fsledn\u00e9 otev\u0159enosti se \u0160kodovka nedr\u017e\u00ed b\u011b\u017en\u00fdch konvenc\u00ed a symbolizuje svobodn\u00e9 my\u0161len\u00ed a non\u0161alantn\u00ed bezstarostnost mlad\u00e9 generace.&nbsp;D\u00edky absenci st\u0159echy nab\u00edz\u00ed&nbsp;v\u016fz&nbsp;mimo\u0159\u00e1dn\u011b intenzivn\u00ed po\u017eitek z j\u00edzdy.&nbsp;Dal\u0161\u00ed c\u00edlen\u00e9 \u00fapravy na karoserii dod\u00e1vaj\u00ed&nbsp;spideru je\u0161t\u011b sportovn\u011bj\u0161\u00ed vzhled, ne\u017e m\u00e1&nbsp;b\u011b\u017en\u00e1 Scala.<\/p><br>\n\n\n\n<p>Tradice projektu&nbsp;\u017e\u00e1kovsk\u00e9ho vozu \u0160koda sah\u00e1 a\u017e do roku&nbsp;2014.&nbsp;\u017d\u00e1ci <a href=\"https:\/\/www.sou-skoda.cz\" target=\"_blank\" aria-label=\"undefined (opens in a new tab)\" rel=\"noreferrer noopener\">St\u0159edn\u00edho odborn\u00e9ho u\u010dili\u0161t\u011b<\/a> v Mlad\u00e9 Boleslavi mohou od t\u00e9 doby ka\u017edoro\u010dn\u011b napl\u00e1novat, vyvinout&nbsp;a vlastnoru\u010dn\u011b postavit zaj\u00edmav\u00fd koncept&nbsp;vozu.&nbsp;Ka\u017ed\u00fd&nbsp;z&nbsp;t\u011bchto koncept\u016f&nbsp;je dokladem kreativity a&nbsp;zapojen\u00ed dorostu zna\u010dky \u0160koda.<\/p><br>\n\n\n\n<h2 class=\"wp-block-heading\">V\u00edte, \u017ee&#8230;<\/h2>\n\n\n\n<ul><li><strong>Slavia&nbsp;<\/strong>byla pojmenov\u00e1na po slovansk\u00e9m jm\u00e9nu Slavia.&nbsp;Toto jm\u00e9no pou\u017e\u00edv\u00e1&nbsp;i&nbsp;n\u011bkolik zn\u00e1m\u00fdch sportovn\u00edch klub\u016f v \u010cesk\u00e9 republice, nap\u0159\u00edklad \u010derstv\u00fd fotbalov\u00fd ligov\u00fd mistr&nbsp;Slavia Praha.&nbsp;Jej\u00ed kapit\u00e1n,&nbsp;Jan&nbsp;Bo\u0159il, se ve st\u0159edn\u00edm odborn\u00e9m u\u010dili\u0161ti tak\u00e9 vyu\u010dil.<\/li><li>P\u016fvodn\u00ed v\u00fdznam slova&nbsp;<strong>Slavia&nbsp;<\/strong>je alegorie&nbsp;Slovanstva ve slovansk\u00e9 mytologii. Vyskytuje se v&nbsp;podob\u00e1ch&nbsp;Slavia, Slavie nebo&nbsp;Sl\u00e1vie.<\/li><li><strong>Slavia&nbsp;<\/strong>je&nbsp;asteroid st\u0159edn\u00edho hlavn\u00edho p\u00e1su, kter\u00fd&nbsp;18.&nbsp;kv\u011btna&nbsp;1972&nbsp;objevil \u010deskoslovensk\u00fd astronom Anton\u00edn&nbsp;Mrkos v&nbsp;observato\u0159i Kle\u0165 u \u010cesk\u00e9ho Krumlova&nbsp;(k\u00f3d&nbsp;IAU 046).<\/li><li><strong>Slavia&nbsp;<\/strong>je tak\u00e9 zn\u00e1m\u00e1 pra\u017esk\u00e1 um\u011bleck\u00e1 kav\u00e1rna ve stylu t\u0159ic\u00e1t\u00fdch let na n\u00e1b\u0159e\u017e\u00ed Vltavy.<\/li><\/ul><br>\n\n\n\n<div class=\"wp-block-image\"><figure class=\"alignleft size-large is-resized\"><img loading=\"lazy\" decoding=\"async\" src=\"https:\/\/www.mzone.cz\/wp-content\/uploads\/2020\/03\/\u0160koda-Scala-kabriolet-1024x683.jpg\" alt=\"\" class=\"wp-image-19413\" width=\"140\" height=\"93\" srcset=\"https:\/\/www.mzone.cz\/wp-content\/uploads\/2020\/03\/\u0160koda-Scala-kabriolet-1024x683.jpg 1024w, https:\/\/www.mzone.cz\/wp-content\/uploads\/2020\/03\/\u0160koda-Scala-kabriolet-300x200.jpg 300w, https:\/\/www.mzone.cz\/wp-content\/uploads\/2020\/03\/\u0160koda-Scala-kabriolet-768x512.jpg 768w, https:\/\/www.mzone.cz\/wp-content\/uploads\/2020\/03\/\u0160koda-Scala-kabriolet-1536x1024.jpg 1536w, https:\/\/www.mzone.cz\/wp-content\/uploads\/2020\/03\/\u0160koda-Scala-kabriolet-2048x1365.jpg 2048w, https:\/\/www.mzone.cz\/wp-content\/uploads\/2020\/03\/\u0160koda-Scala-kabriolet-800x533.jpg 800w, https:\/\/www.mzone.cz\/wp-content\/uploads\/2020\/03\/\u0160koda-Scala-kabriolet-400x267.jpg 400w, https:\/\/www.mzone.cz\/wp-content\/uploads\/2020\/03\/\u0160koda-Scala-kabriolet-500x333.jpg 500w, https:\/\/www.mzone.cz\/wp-content\/uploads\/2020\/03\/\u0160koda-Scala-kabriolet-1170x780.jpg 1170w, https:\/\/www.mzone.cz\/wp-content\/uploads\/2020\/03\/\u0160koda-Scala-kabriolet-590x393.jpg 590w\" sizes=\"auto, (max-width: 140px) 100vw, 140px\" \/><\/figure><\/div>\n\n\n\n<h4><a href=\"https:\/\/www.mzone.cz\/skoda-scala-jako-dvoumistny-kabriolet\/\">\u0160koda Scala jako dvoum\u00edstn\u00fd kabriolet? Prototyp bude hotov\u00fd v \u010dervnu!<\/a><\/h4><br>","protected":false},"excerpt":{"rendered":"<p>Kabriolet od \u0160kodovky? Ne, to nen\u00ed vtip! V r\u00e1mci u\u010dili\u0161t\u011b \u0160koda Auto vznik\u00e1 v rukou student\u016f unik\u00e1tn\u00ed v\u016fz bez st\u0159echy, kter\u00fd ponese jm\u00e9no Slavia. Z modelu&nbsp;Scala se stala Slavia:&nbsp;Jm\u00e9nem sedm\u00e9ho&nbsp;\u017e\u00e1kovsk\u00e9ho vozu \u0160koda si \u017e\u00e1ci St\u0159edn\u00edho odborn\u00e9ho u\u010dili\u0161t\u011b stroj\u00edrensk\u00e9ho p\u0159ipom\u00ednaj\u00ed 125. v\u00fdro\u010d\u00ed zalo\u017een\u00ed dne\u0161n\u00ed spole\u010dnosti \u0160koda Auto. V\u00e1clav Laurin&nbsp;a&nbsp;V\u00e1clav Klement tehdy spole\u010dn\u011b prod\u00e1vali sv\u00e1 prvn\u00ed vyvinut\u00e1 [&hellip;]<\/p>\n","protected":false},"author":4,"featured_media":19413,"comment_status":"open","ping_status":"closed","sticky":false,"template":"","format":"standard","meta":{"kk_blocks_editor_width":"","_kiokenblocks_attr":"","_kiokenblocks_dimensions":"","footnotes":""},"categories":[69],"tags":[585,82,462,724,1395,1394,2288,16,1358,1391,1711,1715,3993,1716,3285,3606,2021,223,3602],"class_list":["post-22731","post","type-post","status-publish","format-standard","has-post-thumbnail","hentry","category-auto-moto","tag-auta","tag-auto","tag-auto-moto","tag-automobil","tag-kabrio","tag-kabriolet","tag-koncept","tag-novinka","tag-prototyp","tag-roadster","tag-skoda","tag-skoda-auto","tag-skoda-slavia","tag-skodovka","tag-slavia","tag-spider","tag-studenti","tag-studie","tag-zakovsky-vuz"],"yoast_head":"<!-- This site is optimized with the Yoast SEO plugin v27.5 - https:\/\/yoast.com\/product\/yoast-seo-wordpress\/ -->\n<title>\u0160kodovka pracuje na kabrioletu! Bude se jmenovat Slavia - Mzone<\/title>\n<meta name=\"description\" content=\"Kabriolet od \u0160kodovky? Ne, to nen\u00ed vtip! V r\u00e1mci u\u010dili\u0161t\u011b \u0160koda Auto vznik\u00e1 v rukou student\u016f unik\u00e1tn\u00ed v\u016fz bez st\u0159echy, kter\u00fd ponese jm\u00e9no Slavia.\" \/>\n<meta name=\"robots\" content=\"index, follow, max-snippet:-1, max-image-preview:large, max-video-preview:-1\" \/>\n<link rel=\"canonical\" href=\"https:\/\/www.mzone.cz\/en\/skoda-slavia-kabriolet-od-skodovky-zakovsky-vuz\/\" \/>\n<meta property=\"og:locale\" content=\"en_US\" \/>\n<meta property=\"og:type\" content=\"article\" \/>\n<meta property=\"og:title\" content=\"\u0160kodovka pracuje na kabrioletu! Bude se jmenovat Slavia - Mzone\" \/>\n<meta property=\"og:description\" content=\"Kabriolet od \u0160kodovky? Ne, to nen\u00ed vtip! V r\u00e1mci u\u010dili\u0161t\u011b \u0160koda Auto vznik\u00e1 v rukou student\u016f unik\u00e1tn\u00ed v\u016fz bez st\u0159echy, kter\u00fd ponese jm\u00e9no Slavia.\" \/>\n<meta property=\"og:url\" content=\"https:\/\/www.mzone.cz\/en\/skoda-slavia-kabriolet-od-skodovky-zakovsky-vuz\/\" \/>\n<meta property=\"og:site_name\" content=\"Mzone\" \/>\n<meta property=\"article:publisher\" content=\"https:\/\/www.facebook.com\/MzoneCZ\/\" \/>\n<meta property=\"article:published_time\" content=\"2020-07-12T03:00:00+00:00\" \/>\n<meta property=\"og:image\" content=\"https:\/\/www.mzone.cz\/wp-content\/uploads\/2020\/03\/\u0160koda-Scala-kabriolet-scaled.jpg\" \/>\n\t<meta property=\"og:image:width\" content=\"2560\" \/>\n\t<meta property=\"og:image:height\" content=\"1706\" \/>\n\t<meta property=\"og:image:type\" content=\"image\/jpeg\" \/>\n<meta name=\"author\" content=\"Mzone\" \/>\n<meta name=\"twitter:card\" content=\"summary_large_image\" \/>\n<meta name=\"twitter:label1\" content=\"Written by\" \/>\n\t<meta name=\"twitter:data1\" content=\"Mzone\" \/>\n\t<meta name=\"twitter:label2\" content=\"Est. reading time\" \/>\n\t<meta name=\"twitter:data2\" content=\"3 minutes\" \/>\n<script type=\"application\/ld+json\" class=\"yoast-schema-graph\">{\"@context\":\"https:\\\/\\\/schema.org\",\"@graph\":[{\"@type\":\"Article\",\"@id\":\"https:\\\/\\\/www.mzone.cz\\\/skoda-slavia-kabriolet-od-skodovky-zakovsky-vuz\\\/#article\",\"isPartOf\":{\"@id\":\"https:\\\/\\\/www.mzone.cz\\\/skoda-slavia-kabriolet-od-skodovky-zakovsky-vuz\\\/\"},\"author\":{\"name\":\"Mzone\",\"@id\":\"https:\\\/\\\/www.mzone.cz\\\/#\\\/schema\\\/person\\\/9bc20cc422a99cac4af6ff9297da32d4\"},\"headline\":\"\u0160kodovka pracuje na kabrioletu! Bude se jmenovat Slavia\",\"datePublished\":\"2020-07-12T03:00:00+00:00\",\"mainEntityOfPage\":{\"@id\":\"https:\\\/\\\/www.mzone.cz\\\/skoda-slavia-kabriolet-od-skodovky-zakovsky-vuz\\\/\"},\"wordCount\":635,\"commentCount\":1,\"image\":{\"@id\":\"https:\\\/\\\/www.mzone.cz\\\/skoda-slavia-kabriolet-od-skodovky-zakovsky-vuz\\\/#primaryimage\"},\"thumbnailUrl\":\"https:\\\/\\\/www.mzone.cz\\\/wp-content\\\/uploads\\\/2020\\\/03\\\/\u0160koda-Scala-kabriolet-scaled.jpg\",\"keywords\":[\"auta\",\"Auto\",\"auto-moto\",\"automobil\",\"kabrio\",\"kabriolet\",\"koncept\",\"Novinka\",\"prototyp\",\"roadster\",\"\u0160koda\",\"\u0160koda Auto\",\"\u0160koda Slavia\",\"\u0160kodovka\",\"Slavia\",\"spider\",\"studenti\",\"studie\",\"\u017e\u00e1kovsk\u00fd v\u016fz\"],\"articleSection\":[\"Auto-moto\"],\"inLanguage\":\"en-US\",\"potentialAction\":[{\"@type\":\"CommentAction\",\"name\":\"Comment\",\"target\":[\"https:\\\/\\\/www.mzone.cz\\\/skoda-slavia-kabriolet-od-skodovky-zakovsky-vuz\\\/#respond\"]}]},{\"@type\":\"WebPage\",\"@id\":\"https:\\\/\\\/www.mzone.cz\\\/skoda-slavia-kabriolet-od-skodovky-zakovsky-vuz\\\/\",\"url\":\"https:\\\/\\\/www.mzone.cz\\\/skoda-slavia-kabriolet-od-skodovky-zakovsky-vuz\\\/\",\"name\":\"\u0160kodovka pracuje na kabrioletu! Bude se jmenovat Slavia - Mzone\",\"isPartOf\":{\"@id\":\"https:\\\/\\\/www.mzone.cz\\\/#website\"},\"primaryImageOfPage\":{\"@id\":\"https:\\\/\\\/www.mzone.cz\\\/skoda-slavia-kabriolet-od-skodovky-zakovsky-vuz\\\/#primaryimage\"},\"image\":{\"@id\":\"https:\\\/\\\/www.mzone.cz\\\/skoda-slavia-kabriolet-od-skodovky-zakovsky-vuz\\\/#primaryimage\"},\"thumbnailUrl\":\"https:\\\/\\\/www.mzone.cz\\\/wp-content\\\/uploads\\\/2020\\\/03\\\/\u0160koda-Scala-kabriolet-scaled.jpg\",\"datePublished\":\"2020-07-12T03:00:00+00:00\",\"author\":{\"@id\":\"https:\\\/\\\/www.mzone.cz\\\/#\\\/schema\\\/person\\\/9bc20cc422a99cac4af6ff9297da32d4\"},\"description\":\"Kabriolet od \u0160kodovky? Ne, to nen\u00ed vtip! V r\u00e1mci u\u010dili\u0161t\u011b \u0160koda Auto vznik\u00e1 v rukou student\u016f unik\u00e1tn\u00ed v\u016fz bez st\u0159echy, kter\u00fd ponese jm\u00e9no Slavia.\",\"breadcrumb\":{\"@id\":\"https:\\\/\\\/www.mzone.cz\\\/skoda-slavia-kabriolet-od-skodovky-zakovsky-vuz\\\/#breadcrumb\"},\"inLanguage\":\"en-US\",\"potentialAction\":[{\"@type\":\"ReadAction\",\"target\":[\"https:\\\/\\\/www.mzone.cz\\\/skoda-slavia-kabriolet-od-skodovky-zakovsky-vuz\\\/\"]}]},{\"@type\":\"ImageObject\",\"inLanguage\":\"en-US\",\"@id\":\"https:\\\/\\\/www.mzone.cz\\\/skoda-slavia-kabriolet-od-skodovky-zakovsky-vuz\\\/#primaryimage\",\"url\":\"https:\\\/\\\/www.mzone.cz\\\/wp-content\\\/uploads\\\/2020\\\/03\\\/\u0160koda-Scala-kabriolet-scaled.jpg\",\"contentUrl\":\"https:\\\/\\\/www.mzone.cz\\\/wp-content\\\/uploads\\\/2020\\\/03\\\/\u0160koda-Scala-kabriolet-scaled.jpg\",\"width\":2560,\"height\":1706},{\"@type\":\"BreadcrumbList\",\"@id\":\"https:\\\/\\\/www.mzone.cz\\\/skoda-slavia-kabriolet-od-skodovky-zakovsky-vuz\\\/#breadcrumb\",\"itemListElement\":[{\"@type\":\"ListItem\",\"position\":1,\"name\":\"Dom\u016f\",\"item\":\"https:\\\/\\\/www.mzone.cz\\\/\"},{\"@type\":\"ListItem\",\"position\":2,\"name\":\"\u0160kodovka pracuje na kabrioletu! Bude se jmenovat Slavia\"}]},{\"@type\":\"WebSite\",\"@id\":\"https:\\\/\\\/www.mzone.cz\\\/#website\",\"url\":\"https:\\\/\\\/www.mzone.cz\\\/\",\"name\":\"Mzone\",\"description\":\"Magaz\u00edn nejen pro mu\u017ee\",\"potentialAction\":[{\"@type\":\"SearchAction\",\"target\":{\"@type\":\"EntryPoint\",\"urlTemplate\":\"https:\\\/\\\/www.mzone.cz\\\/?s={search_term_string}\"},\"query-input\":{\"@type\":\"PropertyValueSpecification\",\"valueRequired\":true,\"valueName\":\"search_term_string\"}}],\"inLanguage\":\"en-US\"},{\"@type\":\"Person\",\"@id\":\"https:\\\/\\\/www.mzone.cz\\\/#\\\/schema\\\/person\\\/9bc20cc422a99cac4af6ff9297da32d4\",\"name\":\"Mzone\",\"image\":{\"@type\":\"ImageObject\",\"inLanguage\":\"en-US\",\"@id\":\"https:\\\/\\\/secure.gravatar.com\\\/avatar\\\/e780a8630f3182a3d06dd667ab6bea151a0d155b0951bc15fe22633acdac0676?s=96&d=mm&r=g\",\"url\":\"https:\\\/\\\/secure.gravatar.com\\\/avatar\\\/e780a8630f3182a3d06dd667ab6bea151a0d155b0951bc15fe22633acdac0676?s=96&d=mm&r=g\",\"contentUrl\":\"https:\\\/\\\/secure.gravatar.com\\\/avatar\\\/e780a8630f3182a3d06dd667ab6bea151a0d155b0951bc15fe22633acdac0676?s=96&d=mm&r=g\",\"caption\":\"Mzone\"},\"url\":\"https:\\\/\\\/www.mzone.cz\\\/en\\\/author\\\/jakub\\\/\"}]}<\/script>\n<!-- \/ Yoast SEO plugin. -->","yoast_head_json":{"title":"\u0160kodovka pracuje na kabrioletu! Bude se jmenovat Slavia - Mzone","description":"Kabriolet od \u0160kodovky? Ne, to nen\u00ed vtip! V r\u00e1mci u\u010dili\u0161t\u011b \u0160koda Auto vznik\u00e1 v rukou student\u016f unik\u00e1tn\u00ed v\u016fz bez st\u0159echy, kter\u00fd ponese jm\u00e9no Slavia.","robots":{"index":"index","follow":"follow","max-snippet":"max-snippet:-1","max-image-preview":"max-image-preview:large","max-video-preview":"max-video-preview:-1"},"canonical":"https:\/\/www.mzone.cz\/en\/skoda-slavia-kabriolet-od-skodovky-zakovsky-vuz\/","og_locale":"en_US","og_type":"article","og_title":"\u0160kodovka pracuje na kabrioletu! Bude se jmenovat Slavia - Mzone","og_description":"Kabriolet od \u0160kodovky? Ne, to nen\u00ed vtip! V r\u00e1mci u\u010dili\u0161t\u011b \u0160koda Auto vznik\u00e1 v rukou student\u016f unik\u00e1tn\u00ed v\u016fz bez st\u0159echy, kter\u00fd ponese jm\u00e9no Slavia.","og_url":"https:\/\/www.mzone.cz\/en\/skoda-slavia-kabriolet-od-skodovky-zakovsky-vuz\/","og_site_name":"Mzone","article_publisher":"https:\/\/www.facebook.com\/MzoneCZ\/","article_published_time":"2020-07-12T03:00:00+00:00","og_image":[{"width":2560,"height":1706,"url":"https:\/\/www.mzone.cz\/wp-content\/uploads\/2020\/03\/\u0160koda-Scala-kabriolet-scaled.jpg","type":"image\/jpeg"}],"author":"Mzone","twitter_card":"summary_large_image","twitter_misc":{"Written by":"Mzone","Est. reading time":"3 minutes"},"schema":{"@context":"https:\/\/schema.org","@graph":[{"@type":"Article","@id":"https:\/\/www.mzone.cz\/skoda-slavia-kabriolet-od-skodovky-zakovsky-vuz\/#article","isPartOf":{"@id":"https:\/\/www.mzone.cz\/skoda-slavia-kabriolet-od-skodovky-zakovsky-vuz\/"},"author":{"name":"Mzone","@id":"https:\/\/www.mzone.cz\/#\/schema\/person\/9bc20cc422a99cac4af6ff9297da32d4"},"headline":"\u0160kodovka pracuje na kabrioletu! Bude se jmenovat Slavia","datePublished":"2020-07-12T03:00:00+00:00","mainEntityOfPage":{"@id":"https:\/\/www.mzone.cz\/skoda-slavia-kabriolet-od-skodovky-zakovsky-vuz\/"},"wordCount":635,"commentCount":1,"image":{"@id":"https:\/\/www.mzone.cz\/skoda-slavia-kabriolet-od-skodovky-zakovsky-vuz\/#primaryimage"},"thumbnailUrl":"https:\/\/www.mzone.cz\/wp-content\/uploads\/2020\/03\/\u0160koda-Scala-kabriolet-scaled.jpg","keywords":["auta","Auto","auto-moto","automobil","kabrio","kabriolet","koncept","Novinka","prototyp","roadster","\u0160koda","\u0160koda Auto","\u0160koda Slavia","\u0160kodovka","Slavia","spider","studenti","studie","\u017e\u00e1kovsk\u00fd v\u016fz"],"articleSection":["Auto-moto"],"inLanguage":"en-US","potentialAction":[{"@type":"CommentAction","name":"Comment","target":["https:\/\/www.mzone.cz\/skoda-slavia-kabriolet-od-skodovky-zakovsky-vuz\/#respond"]}]},{"@type":"WebPage","@id":"https:\/\/www.mzone.cz\/skoda-slavia-kabriolet-od-skodovky-zakovsky-vuz\/","url":"https:\/\/www.mzone.cz\/skoda-slavia-kabriolet-od-skodovky-zakovsky-vuz\/","name":"\u0160kodovka pracuje na kabrioletu! Bude se jmenovat Slavia - Mzone","isPartOf":{"@id":"https:\/\/www.mzone.cz\/#website"},"primaryImageOfPage":{"@id":"https:\/\/www.mzone.cz\/skoda-slavia-kabriolet-od-skodovky-zakovsky-vuz\/#primaryimage"},"image":{"@id":"https:\/\/www.mzone.cz\/skoda-slavia-kabriolet-od-skodovky-zakovsky-vuz\/#primaryimage"},"thumbnailUrl":"https:\/\/www.mzone.cz\/wp-content\/uploads\/2020\/03\/\u0160koda-Scala-kabriolet-scaled.jpg","datePublished":"2020-07-12T03:00:00+00:00","author":{"@id":"https:\/\/www.mzone.cz\/#\/schema\/person\/9bc20cc422a99cac4af6ff9297da32d4"},"description":"Kabriolet od \u0160kodovky? Ne, to nen\u00ed vtip! V r\u00e1mci u\u010dili\u0161t\u011b \u0160koda Auto vznik\u00e1 v rukou student\u016f unik\u00e1tn\u00ed v\u016fz bez st\u0159echy, kter\u00fd ponese jm\u00e9no Slavia.","breadcrumb":{"@id":"https:\/\/www.mzone.cz\/skoda-slavia-kabriolet-od-skodovky-zakovsky-vuz\/#breadcrumb"},"inLanguage":"en-US","potentialAction":[{"@type":"ReadAction","target":["https:\/\/www.mzone.cz\/skoda-slavia-kabriolet-od-skodovky-zakovsky-vuz\/"]}]},{"@type":"ImageObject","inLanguage":"en-US","@id":"https:\/\/www.mzone.cz\/skoda-slavia-kabriolet-od-skodovky-zakovsky-vuz\/#primaryimage","url":"https:\/\/www.mzone.cz\/wp-content\/uploads\/2020\/03\/\u0160koda-Scala-kabriolet-scaled.jpg","contentUrl":"https:\/\/www.mzone.cz\/wp-content\/uploads\/2020\/03\/\u0160koda-Scala-kabriolet-scaled.jpg","width":2560,"height":1706},{"@type":"BreadcrumbList","@id":"https:\/\/www.mzone.cz\/skoda-slavia-kabriolet-od-skodovky-zakovsky-vuz\/#breadcrumb","itemListElement":[{"@type":"ListItem","position":1,"name":"Dom\u016f","item":"https:\/\/www.mzone.cz\/"},{"@type":"ListItem","position":2,"name":"\u0160kodovka pracuje na kabrioletu! Bude se jmenovat Slavia"}]},{"@type":"WebSite","@id":"https:\/\/www.mzone.cz\/#website","url":"https:\/\/www.mzone.cz\/","name":"Mzone","description":"Magaz\u00edn nejen pro mu\u017ee","potentialAction":[{"@type":"SearchAction","target":{"@type":"EntryPoint","urlTemplate":"https:\/\/www.mzone.cz\/?s={search_term_string}"},"query-input":{"@type":"PropertyValueSpecification","valueRequired":true,"valueName":"search_term_string"}}],"inLanguage":"en-US"},{"@type":"Person","@id":"https:\/\/www.mzone.cz\/#\/schema\/person\/9bc20cc422a99cac4af6ff9297da32d4","name":"Mzone","image":{"@type":"ImageObject","inLanguage":"en-US","@id":"https:\/\/secure.gravatar.com\/avatar\/e780a8630f3182a3d06dd667ab6bea151a0d155b0951bc15fe22633acdac0676?s=96&d=mm&r=g","url":"https:\/\/secure.gravatar.com\/avatar\/e780a8630f3182a3d06dd667ab6bea151a0d155b0951bc15fe22633acdac0676?s=96&d=mm&r=g","contentUrl":"https:\/\/secure.gravatar.com\/avatar\/e780a8630f3182a3d06dd667ab6bea151a0d155b0951bc15fe22633acdac0676?s=96&d=mm&r=g","caption":"Mzone"},"url":"https:\/\/www.mzone.cz\/en\/author\/jakub\/"}]}},"_links":{"self":[{"href":"https:\/\/www.mzone.cz\/en\/wp-json\/wp\/v2\/posts\/22731","targetHints":{"allow":["GET"]}}],"collection":[{"href":"https:\/\/www.mzone.cz\/en\/wp-json\/wp\/v2\/posts"}],"about":[{"href":"https:\/\/www.mzone.cz\/en\/wp-json\/wp\/v2\/types\/post"}],"author":[{"embeddable":true,"href":"https:\/\/www.mzone.cz\/en\/wp-json\/wp\/v2\/users\/4"}],"replies":[{"embeddable":true,"href":"https:\/\/www.mzone.cz\/en\/wp-json\/wp\/v2\/comments?post=22731"}],"version-history":[{"count":13,"href":"https:\/\/www.mzone.cz\/en\/wp-json\/wp\/v2\/posts\/22731\/revisions"}],"predecessor-version":[{"id":22749,"href":"https:\/\/www.mzone.cz\/en\/wp-json\/wp\/v2\/posts\/22731\/revisions\/22749"}],"wp:featuredmedia":[{"embeddable":true,"href":"https:\/\/www.mzone.cz\/en\/wp-json\/wp\/v2\/media\/19413"}],"wp:attachment":[{"href":"https:\/\/www.mzone.cz\/en\/wp-json\/wp\/v2\/media?parent=22731"}],"wp:term":[{"taxonomy":"category","embeddable":true,"href":"https:\/\/www.mzone.cz\/en\/wp-json\/wp\/v2\/categories?post=22731"},{"taxonomy":"post_tag","embeddable":true,"href":"https:\/\/www.mzone.cz\/en\/wp-json\/wp\/v2\/tags?post=22731"}],"curies":[{"name":"wp","href":"https:\/\/api.w.org\/{rel}","templated":true}]}}