{"id":22845,"date":"2020-08-08T05:00:00","date_gmt":"2020-08-08T03:00:00","guid":{"rendered":"https:\/\/www.mzone.cz\/?p=22845"},"modified":"2020-11-01T18:32:34","modified_gmt":"2020-11-01T17:32:34","slug":"interiery-design-trendy-v-bydleni","status":"publish","type":"post","link":"https:\/\/www.mzone.cz\/en\/interiery-design-trendy-v-bydleni\/","title":{"rendered":"Trendy v bydlen\u00ed: Interi\u00e9r\u016fm v\u00e9vod\u00ed p\u0159\u00edroda a  propojenost"},"content":{"rendered":"<p><strong>Interi\u00e9rov\u00fd design se st\u00e1le m\u011bn\u00ed, vyv\u00edj\u00ed a p\u0159izp\u016fsobuje aktu\u00e1ln\u00edm trend\u016fm i po\u017eadavk\u016f nejen na styl, ale i funk\u010dnost. P\u0159in\u00e1\u0161\u00edme v\u00e1m aktu\u00e1ln\u00ed trendy, kter\u00e9 vn\u00e1\u0161\u00ed do domov\u016f nov\u00fd n\u00e1boj i \u017eivot.<\/strong><\/p><br>\n\n\n\n<h2 class=\"wp-block-heading\"><strong>P\u0159\u00edrodn\u00ed prvky<\/strong><\/h2>\n\n\n\n<p>Biofiln\u00ed design je trendem designu interi\u00e9ru leto\u0161n\u00edho roku, kter\u00fd za\u010dle\u0148uje p\u0159\u00edrodn\u00ed prvky, p\u0159edev\u0161\u00edm pak materi\u00e1ly, sv\u011btlo, ale tak\u00e9 vegetaci do modern\u00edho prost\u0159ed\u00ed. \u201eP\u0159\u00edrodn\u00ed prvky, kter\u00e9 se zrcadl\u00ed nejen na pou\u017eit\u00fdch materi\u00e1lech, mno\u017estv\u00ed rostlin, ale tak\u00e9 dostatku denn\u00edho sv\u011btla v interi\u00e9ru, m\u00e1 p\u0159\u00edm\u00fd dopad na na\u0161e celkov\u00e9 zdrav\u00ed,\u201c \u0159\u00edk\u00e1 Jakub Brandal\u00edk, ze spole\u010dnosti Lightway, kter\u00e1 se specializuje na sv\u011btlovody.<\/p>\n\n\n\n<blockquote class=\"wp-block-quote is-layout-flow wp-block-quote-is-layout-flow\"><p>R\u016fzn\u00e9 v\u00fdzkumy tak\u00e9 ukazuj\u00ed, \u017ee za\u010dlen\u011bn\u00ed p\u0159\u00edm\u00fdch nebo nep\u0159\u00edm\u00fdch p\u0159\u00edrodn\u00edch prvk\u016f do interi\u00e9ru m\u00e1 vliv na sni\u017eov\u00e1n\u00ed stresu a vyrovn\u00e1v\u00e1n\u00ed hladiny krevn\u00edho tlaku i srde\u010dn\u00ed frekvence. Tento typ designu nav\u00edc zvy\u0161uje produktivitu, kreativitu a m\u00edru spokojenosti.<\/p><\/blockquote>\n\n\n\n<h2 class=\"wp-block-heading\"><strong>Barvy zem\u011b<\/strong><\/h2>\n\n\n\n<p>Ka\u017ed\u00fd rok vybran\u00e9 instituce, jako je nap\u0159\u00edklad uzn\u00e1van\u00e1 spole\u010dnost Pantone, vyhla\u0161uj\u00ed barevn\u00e9 odst\u00edny, kter\u00e9 ovliv\u0148uj\u00ed nadch\u00e1zej\u00edc\u00edch 12 m\u011bs\u00edc\u016f. Pro leto\u0161n\u00ed rok byla zvolena klasick\u00e1 modr\u00e1 barva, kter\u00e1 p\u0159edstavuje harmonii, bezpe\u010dnost a stabilitu, zejm\u00e9na ve srovn\u00e1n\u00ed s n\u011bkter\u00fdmi odv\u00e1\u017en\u00fdmi a pobu\u0159uj\u00edc\u00edmi barvami v p\u0159edchoz\u00edch letech. Krom\u011b klasick\u00e9, chladn\u00e9 modr\u00e9 se objevuj\u00ed ale tak\u00e9 dal\u0161\u00ed barevn\u00e9 vzorce, kter\u00e9 zahrnuj\u00ed t\u00f3ny zem\u011b, je\u017e souvis\u00ed s leto\u0161n\u00edm trendem, kter\u00fd jde naproti p\u0159\u00edrod\u011b. Mezi takov\u00e9 barvy pat\u0159\u00ed p\u0159edev\u0161\u00edm olivov\u011b zelen\u00e1, okrov\u011b \u017elut\u00e1 nebo p\u00e1len\u00e1 oran\u017eov\u00e1.<\/p><br>\n\n\n\n<figure class=\"wp-block-image size-large\"><img loading=\"lazy\" decoding=\"async\" width=\"1024\" height=\"592\" src=\"https:\/\/www.mzone.cz\/wp-content\/uploads\/2020\/07\/Interiery_MOODEN_Design_1-1024x592.jpg\" alt=\"Interi\u00e9rov\u00fd design - Interi\u00e9ry v modr\u00e9 \u010di zelen\u00e9 barv\u011b fr\u010d\u00ed\" class=\"wp-image-22850\" srcset=\"https:\/\/www.mzone.cz\/wp-content\/uploads\/2020\/07\/Interiery_MOODEN_Design_1-1024x592.jpg 1024w, https:\/\/www.mzone.cz\/wp-content\/uploads\/2020\/07\/Interiery_MOODEN_Design_1-300x173.jpg 300w, https:\/\/www.mzone.cz\/wp-content\/uploads\/2020\/07\/Interiery_MOODEN_Design_1-768x444.jpg 768w, https:\/\/www.mzone.cz\/wp-content\/uploads\/2020\/07\/Interiery_MOODEN_Design_1-1536x888.jpg 1536w, https:\/\/www.mzone.cz\/wp-content\/uploads\/2020\/07\/Interiery_MOODEN_Design_1-2048x1183.jpg 2048w, https:\/\/www.mzone.cz\/wp-content\/uploads\/2020\/07\/Interiery_MOODEN_Design_1-590x341.jpg 590w\" sizes=\"auto, (max-width: 1024px) 100vw, 1024px\" \/><\/figure><br>\n\n\n\n<h2 class=\"wp-block-heading\"><strong>Zak\u0159iven\u00e9 tvary<\/strong><\/h2>\n\n\n\n<p>Tento trend je n\u00e1vratem v \u010dase, do interi\u00e9r\u016f se vrac\u00ed n\u00e1bytek inspirovan\u00fd 60. a 70. lety, kter\u00fd p\u0159esto, \u017ee je cestou zp\u011bt, m\u00e1 nov\u00fd modern\u00ed n\u00e1boj. Kr\u00e1su formy zv\u00fdraz\u0148uj\u00ed zak\u0159iven\u00e9 \u010d\u00e1ry a k\u0159ivky p\u0159edev\u0161\u00edm \u010daloun\u011bn\u00e9ho n\u00e1bytku jako jsou pohovky, leno\u0161ky a lavi\u010dky, kter\u00e9 jsou navr\u017een\u00e9 s vlnovkou a asymetri\u00ed. Zak\u0159iven\u00e9 linie v\u00edtaj\u00ed k posezen\u00ed a konverzaci a propojuj\u00ed tak rodinu. Design napodobuj\u00edc\u00ed vlnky, kruhy, k\u0159ivky tak\u00e9 z\u00e1rove\u0148 vn\u00e1\u0161\u00ed do na\u0161eho ka\u017edodenn\u00edho \u017eivota jemnost a klidnou energii, kter\u00e1 d\u00e1v\u00e1 smysl a po n\u00ed\u017e tou\u017e\u00edme.<\/p><br>\n\n\n\n<h2 class=\"wp-block-heading\"><strong>Kulat\u00e1 zrcadla<\/strong><\/h2>\n\n\n\n<p>O obl\u00fdch tvarech v interi\u00e9rech a o tom, jak jsou pr\u00e1v\u011b te\u010f m\u00f3dn\u00ed u\u017e v\u00edme. Krom\u011b n\u00e1bytku se obl\u00e9 tvary ale prosazuj\u00ed tak\u00e9 jinde v interi\u00e9ru.\u00a0 Pozornost si zaslou\u017e\u00ed p\u0159edev\u0161\u00edm zrcadla, kter\u00e1 se postupn\u011b st\u00e1vaj\u00ed st\u00e1le zaj\u00edmav\u011bj\u0161\u00ed ve sv\u00e9 kulat\u00e9 verzi.<\/p><br>\n\n\n\n<p>\u201eKulat\u00e1 zrcadla jsou trendem v r\u016fzn\u00fdch velikostech, kter\u00e9 pln\u00ed nejen estetickou, ale i funk\u010dn\u00ed vlastnost. Stejn\u011b tak se li\u0161\u00ed zp\u016fsob jejich p\u0159ichycen\u00ed, kdy se nab\u00edz\u00ed krom\u011b klasick\u00e9ho p\u0159ivrt\u00e1n\u00ed do zdi nebo nalepen\u00ed, tak\u00e9 jejich zav\u011b\u0161en\u00ed pomoc\u00ed p\u00e1sk\u016f nebo \u0161\u0148\u016fry, kter\u00e9 vn\u00e1\u0161\u00ed do interi\u00e9ru dal\u0161\u00ed zaj\u00edmav\u00fd prvek,\u201c \u0159\u00edk\u00e1 Lucie Hronov\u00e1, ze spole\u010dnosti Amirro specializuj\u00edc\u00ed se na v\u00fdrobu zrcadel.<\/p><br>\n\n\n\n<figure class=\"wp-block-image size-large\"><img loading=\"lazy\" decoding=\"async\" width=\"941\" height=\"807\" src=\"https:\/\/www.mzone.cz\/wp-content\/uploads\/2020\/07\/Zrcadlo_RING_50_Amirro_2.jpg\" alt=\"Interi\u00e9rov\u00fd design - kruhov\u00e1 zrcadla interi\u00e9r\u016fm slu\u0161\u00ed\" class=\"wp-image-22858\" srcset=\"https:\/\/www.mzone.cz\/wp-content\/uploads\/2020\/07\/Zrcadlo_RING_50_Amirro_2.jpg 941w, https:\/\/www.mzone.cz\/wp-content\/uploads\/2020\/07\/Zrcadlo_RING_50_Amirro_2-300x257.jpg 300w, https:\/\/www.mzone.cz\/wp-content\/uploads\/2020\/07\/Zrcadlo_RING_50_Amirro_2-768x659.jpg 768w, https:\/\/www.mzone.cz\/wp-content\/uploads\/2020\/07\/Zrcadlo_RING_50_Amirro_2-590x506.jpg 590w\" sizes=\"auto, (max-width: 941px) 100vw, 941px\" \/><\/figure><br>\n\n\n\n<h2 class=\"wp-block-heading\"><strong>Multifunk\u010dn\u00ed m\u00edstnosti<\/strong><\/h2>\n\n\n\n<p>V \u0159ad\u011b dom\u00e1cnost\u00ed v leto\u0161n\u00edm roce mnohem \u010dast\u011bji prob\u00edh\u00e1 pr\u00e1ce z domova, dom\u00e1c\u00ed studium, v\u00fduka d\u011bt\u00ed nebo sportovn\u00ed aktivity. Multifunk\u010dn\u00ed prostory se tak st\u00e1vaj\u00ed jedn\u00edm z nejd\u016fle\u017eit\u011bj\u0161\u00edch trend\u016f, kter\u00fd se v leto\u0161n\u00edm roce objevil.\u00a0\u201eOtev\u0159en\u00e9 prostory v bytech i domech u\u017e se n\u011bjakou dobu uplat\u0148uj\u00ed, zejm\u00e9na propojen\u00ed kuchyn\u011b a j\u00eddelny. Trendem jsou kuchy\u0148sk\u00e9 ostr\u016fvky, kter\u00e9 slou\u017e\u00ed nejen jako pracovn\u00ed plocha p\u0159i va\u0159en\u00ed, ale tak\u00e9 jako m\u00edsto pro stolov\u00e1n\u00ed nebo pro pr\u00e1ci b\u011bhem dne. Takov\u00e9 vyu\u017eit\u00ed se hod\u00ed zejm\u00e9na do men\u0161\u00edch prostor, proto\u017ee zde odpad\u00e1 pot\u0159eba dal\u0161\u00ed m\u00edstnosti,\u201c \u0159\u00edk\u00e1 Barbora Bure\u0161ov\u00e1 z <a aria-label=\"undefined (opens in a new tab)\" href=\"https:\/\/mooden.design\" target=\"_blank\" rel=\"noreferrer noopener\">designov\u00e9ho studia Mooden<\/a>.<\/p><br>\n\n\n\n<div class=\"wp-block-image\"><figure class=\"alignleft size-large is-resized\"><img loading=\"lazy\" decoding=\"async\" src=\"https:\/\/www.mzone.cz\/wp-content\/uploads\/2020\/04\/Chytr\u00e1-dom\u00e1cnost-1024x682.jpg\" alt=\"\" class=\"wp-image-20037\" width=\"159\" height=\"105\" srcset=\"https:\/\/www.mzone.cz\/wp-content\/uploads\/2020\/04\/Chytr\u00e1-dom\u00e1cnost-1024x682.jpg 1024w, https:\/\/www.mzone.cz\/wp-content\/uploads\/2020\/04\/Chytr\u00e1-dom\u00e1cnost-300x200.jpg 300w, https:\/\/www.mzone.cz\/wp-content\/uploads\/2020\/04\/Chytr\u00e1-dom\u00e1cnost-768x512.jpg 768w, https:\/\/www.mzone.cz\/wp-content\/uploads\/2020\/04\/Chytr\u00e1-dom\u00e1cnost-800x533.jpg 800w, https:\/\/www.mzone.cz\/wp-content\/uploads\/2020\/04\/Chytr\u00e1-dom\u00e1cnost-400x267.jpg 400w, https:\/\/www.mzone.cz\/wp-content\/uploads\/2020\/04\/Chytr\u00e1-dom\u00e1cnost-500x333.jpg 500w, https:\/\/www.mzone.cz\/wp-content\/uploads\/2020\/04\/Chytr\u00e1-dom\u00e1cnost-590x393.jpg 590w, https:\/\/www.mzone.cz\/wp-content\/uploads\/2020\/04\/Chytr\u00e1-dom\u00e1cnost.jpg 1028w\" sizes=\"auto, (max-width: 159px) 100vw, 159px\" \/><\/figure><\/div>\n\n\n\n<h4><a href=\"https:\/\/www.mzone.cz\/4-technologicke-vychytavky-ktere-zprijemni-bydleni\/\">Prom\u011b\u0148te sv\u016fj domov! Tohle jsou 4 trendy technologick\u00e9 vychyt\u00e1vky, kter\u00e9 zp\u0159\u00edjemn\u00ed va\u0161e bydlen\u00ed<\/a><\/h4><br>\n\n\n\n<p>Dal\u0161\u00ed variantou propojen\u00ed m\u00edstnost\u00ed jsou m\u00edsta pro d\u011bti mimo d\u011btsk\u00fd pokoj. Takov\u00e9 \u0159e\u0161en\u00ed se nab\u00edz\u00ed zejm\u00e9na v p\u0159\u00edpad\u011b, kdy pot\u0159ebujete dohl\u00ed\u017eet na d\u011bti nap\u0159\u00edklad v dob\u011b, kdy pracujete. Poslou\u017eit k tomu m\u016f\u017ee nap\u0159\u00edklad roh ob\u00fdvac\u00edho pokoje nebo t\u0159eba prostor pod schody. A v neposledn\u00ed \u0159ad\u011b je to tak\u00e9 pot\u0159eba cvi\u010den\u00ed doma, kter\u00e9 je st\u00e1le popul\u00e1rn\u011bj\u0161\u00ed. Zde se doporu\u010duje volit minimalistick\u00e9 cvi\u010debn\u00ed pom\u016fcky, kter\u00e9 jsou skladn\u00e9 a lze je tak pou\u017e\u00edvat kdekoliv v interi\u00e9ru, kde je ke cvi\u010den\u00ed prostor.<\/p>","protected":false},"excerpt":{"rendered":"<p>Interi\u00e9rov\u00fd design se st\u00e1le m\u011bn\u00ed, vyv\u00edj\u00ed a p\u0159izp\u016fsobuje aktu\u00e1ln\u00edm trend\u016fm i po\u017eadavk\u016f nejen na styl, ale i funk\u010dnost. P\u0159in\u00e1\u0161\u00edme v\u00e1m aktu\u00e1ln\u00ed trendy, kter\u00e9 vn\u00e1\u0161\u00ed do domov\u016f nov\u00fd n\u00e1boj i \u017eivot. P\u0159\u00edrodn\u00ed prvky Biofiln\u00ed design je trendem designu interi\u00e9ru leto\u0161n\u00edho roku, kter\u00fd za\u010dle\u0148uje p\u0159\u00edrodn\u00ed prvky, p\u0159edev\u0161\u00edm pak materi\u00e1ly, sv\u011btlo, ale tak\u00e9 vegetaci do modern\u00edho prost\u0159ed\u00ed. \u201eP\u0159\u00edrodn\u00ed [&hellip;]<\/p>\n","protected":false},"author":4,"featured_media":22847,"comment_status":"open","ping_status":"closed","sticky":false,"template":"","format":"standard","meta":{"kk_blocks_editor_width":"","_kiokenblocks_attr":"","_kiokenblocks_dimensions":"","footnotes":""},"categories":[4328,25,64],"tags":[461,2379,4008,159,864,460,4009,4006,298,4007,490,572,148],"class_list":["post-22845","post","type-post","status-publish","format-standard","has-post-thumbnail","hentry","category-bydleni","category-style","category-trendy","tag-architektura","tag-bydleni","tag-byty","tag-design","tag-domy","tag-interier","tag-interierovy-design","tag-interiery","tag-priroda","tag-propojenost","tag-style","tag-tipy","tag-trendy"],"yoast_head":"<!-- This site is optimized with the Yoast SEO plugin v27.5 - https:\/\/yoast.com\/product\/yoast-seo-wordpress\/ -->\n<title>Trendy v bydlen\u00ed: Interi\u00e9r\u016fm v\u00e9vod\u00ed p\u0159\u00edroda a propojenost - Mzone<\/title>\n<meta name=\"description\" content=\"Interi\u00e9rov\u00fd design se st\u00e1le m\u011bn\u00ed, vyv\u00edj\u00ed a p\u0159izp\u016fsobuje aktu\u00e1ln\u00edm trend\u016fm i po\u017eadavk\u016f nejen na styl, ale i funk\u010dnost. P\u0159in\u00e1\u0161\u00edme v\u00e1m aktu\u00e1ln\u00ed trendy, kter\u00e9 vn\u00e1\u0161\u00ed do domov\u016f nov\u00fd n\u00e1boj i \u017eivot.\" \/>\n<meta name=\"robots\" content=\"index, follow, max-snippet:-1, max-image-preview:large, max-video-preview:-1\" \/>\n<link rel=\"canonical\" href=\"https:\/\/www.mzone.cz\/en\/interiery-design-trendy-v-bydleni\/\" \/>\n<meta property=\"og:locale\" content=\"en_US\" \/>\n<meta property=\"og:type\" content=\"article\" \/>\n<meta property=\"og:title\" content=\"Trendy v bydlen\u00ed: Interi\u00e9r\u016fm v\u00e9vod\u00ed p\u0159\u00edroda a propojenost - Mzone\" \/>\n<meta property=\"og:description\" content=\"Interi\u00e9rov\u00fd design se st\u00e1le m\u011bn\u00ed, vyv\u00edj\u00ed a p\u0159izp\u016fsobuje aktu\u00e1ln\u00edm trend\u016fm i po\u017eadavk\u016f nejen na styl, ale i funk\u010dnost. P\u0159in\u00e1\u0161\u00edme v\u00e1m aktu\u00e1ln\u00ed trendy, kter\u00e9 vn\u00e1\u0161\u00ed do domov\u016f nov\u00fd n\u00e1boj i \u017eivot.\" \/>\n<meta property=\"og:url\" content=\"https:\/\/www.mzone.cz\/en\/interiery-design-trendy-v-bydleni\/\" \/>\n<meta property=\"og:site_name\" content=\"Mzone\" \/>\n<meta property=\"article:publisher\" content=\"https:\/\/www.facebook.com\/MzoneCZ\/\" \/>\n<meta property=\"article:published_time\" content=\"2020-08-08T03:00:00+00:00\" \/>\n<meta property=\"article:modified_time\" content=\"2020-11-01T17:32:34+00:00\" \/>\n<meta property=\"og:image\" content=\"https:\/\/www.mzone.cz\/wp-content\/uploads\/2020\/08\/Interi\u00e9ry-trendy-scaled.jpg\" \/>\n\t<meta property=\"og:image:width\" content=\"2560\" \/>\n\t<meta property=\"og:image:height\" content=\"1707\" \/>\n\t<meta property=\"og:image:type\" content=\"image\/jpeg\" \/>\n<meta name=\"author\" content=\"Mzone\" \/>\n<meta name=\"twitter:card\" content=\"summary_large_image\" \/>\n<meta name=\"twitter:label1\" content=\"Written by\" \/>\n\t<meta name=\"twitter:data1\" content=\"Mzone\" \/>\n\t<meta name=\"twitter:label2\" content=\"Est. reading time\" \/>\n\t<meta name=\"twitter:data2\" content=\"4 minutes\" \/>\n<script type=\"application\/ld+json\" class=\"yoast-schema-graph\">{\"@context\":\"https:\\\/\\\/schema.org\",\"@graph\":[{\"@type\":\"Article\",\"@id\":\"https:\\\/\\\/www.mzone.cz\\\/interiery-design-trendy-v-bydleni\\\/#article\",\"isPartOf\":{\"@id\":\"https:\\\/\\\/www.mzone.cz\\\/interiery-design-trendy-v-bydleni\\\/\"},\"author\":{\"name\":\"Mzone\",\"@id\":\"https:\\\/\\\/www.mzone.cz\\\/#\\\/schema\\\/person\\\/9bc20cc422a99cac4af6ff9297da32d4\"},\"headline\":\"Trendy v bydlen\u00ed: Interi\u00e9r\u016fm v\u00e9vod\u00ed p\u0159\u00edroda a propojenost\",\"datePublished\":\"2020-08-08T03:00:00+00:00\",\"dateModified\":\"2020-11-01T17:32:34+00:00\",\"mainEntityOfPage\":{\"@id\":\"https:\\\/\\\/www.mzone.cz\\\/interiery-design-trendy-v-bydleni\\\/\"},\"wordCount\":818,\"commentCount\":1,\"image\":{\"@id\":\"https:\\\/\\\/www.mzone.cz\\\/interiery-design-trendy-v-bydleni\\\/#primaryimage\"},\"thumbnailUrl\":\"https:\\\/\\\/www.mzone.cz\\\/wp-content\\\/uploads\\\/2020\\\/08\\\/Interi\u00e9ry-trendy-scaled.jpg\",\"keywords\":[\"architektura\",\"bydlen\u00ed\",\"byty\",\"design\",\"domy\",\"interi\u00e9r\",\"interi\u00e9rov\u00fd design\",\"interi\u00e9ry\",\"p\u0159\u00edroda\",\"propojenost\",\"style\",\"tipy\",\"trendy\"],\"articleSection\":[\"Bydlen\u00ed\",\"Style\",\"Trendy\"],\"inLanguage\":\"en-US\",\"potentialAction\":[{\"@type\":\"CommentAction\",\"name\":\"Comment\",\"target\":[\"https:\\\/\\\/www.mzone.cz\\\/interiery-design-trendy-v-bydleni\\\/#respond\"]}]},{\"@type\":\"WebPage\",\"@id\":\"https:\\\/\\\/www.mzone.cz\\\/interiery-design-trendy-v-bydleni\\\/\",\"url\":\"https:\\\/\\\/www.mzone.cz\\\/interiery-design-trendy-v-bydleni\\\/\",\"name\":\"Trendy v bydlen\u00ed: Interi\u00e9r\u016fm v\u00e9vod\u00ed p\u0159\u00edroda a propojenost - Mzone\",\"isPartOf\":{\"@id\":\"https:\\\/\\\/www.mzone.cz\\\/#website\"},\"primaryImageOfPage\":{\"@id\":\"https:\\\/\\\/www.mzone.cz\\\/interiery-design-trendy-v-bydleni\\\/#primaryimage\"},\"image\":{\"@id\":\"https:\\\/\\\/www.mzone.cz\\\/interiery-design-trendy-v-bydleni\\\/#primaryimage\"},\"thumbnailUrl\":\"https:\\\/\\\/www.mzone.cz\\\/wp-content\\\/uploads\\\/2020\\\/08\\\/Interi\u00e9ry-trendy-scaled.jpg\",\"datePublished\":\"2020-08-08T03:00:00+00:00\",\"dateModified\":\"2020-11-01T17:32:34+00:00\",\"author\":{\"@id\":\"https:\\\/\\\/www.mzone.cz\\\/#\\\/schema\\\/person\\\/9bc20cc422a99cac4af6ff9297da32d4\"},\"description\":\"Interi\u00e9rov\u00fd design se st\u00e1le m\u011bn\u00ed, vyv\u00edj\u00ed a p\u0159izp\u016fsobuje aktu\u00e1ln\u00edm trend\u016fm i po\u017eadavk\u016f nejen na styl, ale i funk\u010dnost. P\u0159in\u00e1\u0161\u00edme v\u00e1m aktu\u00e1ln\u00ed trendy, kter\u00e9 vn\u00e1\u0161\u00ed do domov\u016f nov\u00fd n\u00e1boj i \u017eivot.\",\"breadcrumb\":{\"@id\":\"https:\\\/\\\/www.mzone.cz\\\/interiery-design-trendy-v-bydleni\\\/#breadcrumb\"},\"inLanguage\":\"en-US\",\"potentialAction\":[{\"@type\":\"ReadAction\",\"target\":[\"https:\\\/\\\/www.mzone.cz\\\/interiery-design-trendy-v-bydleni\\\/\"]}]},{\"@type\":\"ImageObject\",\"inLanguage\":\"en-US\",\"@id\":\"https:\\\/\\\/www.mzone.cz\\\/interiery-design-trendy-v-bydleni\\\/#primaryimage\",\"url\":\"https:\\\/\\\/www.mzone.cz\\\/wp-content\\\/uploads\\\/2020\\\/08\\\/Interi\u00e9ry-trendy-scaled.jpg\",\"contentUrl\":\"https:\\\/\\\/www.mzone.cz\\\/wp-content\\\/uploads\\\/2020\\\/08\\\/Interi\u00e9ry-trendy-scaled.jpg\",\"width\":2560,\"height\":1707,\"caption\":\"Interi\u00e9ry trendy\"},{\"@type\":\"BreadcrumbList\",\"@id\":\"https:\\\/\\\/www.mzone.cz\\\/interiery-design-trendy-v-bydleni\\\/#breadcrumb\",\"itemListElement\":[{\"@type\":\"ListItem\",\"position\":1,\"name\":\"Dom\u016f\",\"item\":\"https:\\\/\\\/www.mzone.cz\\\/\"},{\"@type\":\"ListItem\",\"position\":2,\"name\":\"Trendy v bydlen\u00ed: Interi\u00e9r\u016fm v\u00e9vod\u00ed p\u0159\u00edroda a propojenost\"}]},{\"@type\":\"WebSite\",\"@id\":\"https:\\\/\\\/www.mzone.cz\\\/#website\",\"url\":\"https:\\\/\\\/www.mzone.cz\\\/\",\"name\":\"Mzone\",\"description\":\"Magaz\u00edn nejen pro mu\u017ee\",\"potentialAction\":[{\"@type\":\"SearchAction\",\"target\":{\"@type\":\"EntryPoint\",\"urlTemplate\":\"https:\\\/\\\/www.mzone.cz\\\/?s={search_term_string}\"},\"query-input\":{\"@type\":\"PropertyValueSpecification\",\"valueRequired\":true,\"valueName\":\"search_term_string\"}}],\"inLanguage\":\"en-US\"},{\"@type\":\"Person\",\"@id\":\"https:\\\/\\\/www.mzone.cz\\\/#\\\/schema\\\/person\\\/9bc20cc422a99cac4af6ff9297da32d4\",\"name\":\"Mzone\",\"image\":{\"@type\":\"ImageObject\",\"inLanguage\":\"en-US\",\"@id\":\"https:\\\/\\\/secure.gravatar.com\\\/avatar\\\/e780a8630f3182a3d06dd667ab6bea151a0d155b0951bc15fe22633acdac0676?s=96&d=mm&r=g\",\"url\":\"https:\\\/\\\/secure.gravatar.com\\\/avatar\\\/e780a8630f3182a3d06dd667ab6bea151a0d155b0951bc15fe22633acdac0676?s=96&d=mm&r=g\",\"contentUrl\":\"https:\\\/\\\/secure.gravatar.com\\\/avatar\\\/e780a8630f3182a3d06dd667ab6bea151a0d155b0951bc15fe22633acdac0676?s=96&d=mm&r=g\",\"caption\":\"Mzone\"},\"url\":\"https:\\\/\\\/www.mzone.cz\\\/en\\\/author\\\/jakub\\\/\"}]}<\/script>\n<!-- \/ Yoast SEO plugin. -->","yoast_head_json":{"title":"Trendy v bydlen\u00ed: Interi\u00e9r\u016fm v\u00e9vod\u00ed p\u0159\u00edroda a propojenost - Mzone","description":"Interi\u00e9rov\u00fd design se st\u00e1le m\u011bn\u00ed, vyv\u00edj\u00ed a p\u0159izp\u016fsobuje aktu\u00e1ln\u00edm trend\u016fm i po\u017eadavk\u016f nejen na styl, ale i funk\u010dnost. P\u0159in\u00e1\u0161\u00edme v\u00e1m aktu\u00e1ln\u00ed trendy, kter\u00e9 vn\u00e1\u0161\u00ed do domov\u016f nov\u00fd n\u00e1boj i \u017eivot.","robots":{"index":"index","follow":"follow","max-snippet":"max-snippet:-1","max-image-preview":"max-image-preview:large","max-video-preview":"max-video-preview:-1"},"canonical":"https:\/\/www.mzone.cz\/en\/interiery-design-trendy-v-bydleni\/","og_locale":"en_US","og_type":"article","og_title":"Trendy v bydlen\u00ed: Interi\u00e9r\u016fm v\u00e9vod\u00ed p\u0159\u00edroda a propojenost - Mzone","og_description":"Interi\u00e9rov\u00fd design se st\u00e1le m\u011bn\u00ed, vyv\u00edj\u00ed a p\u0159izp\u016fsobuje aktu\u00e1ln\u00edm trend\u016fm i po\u017eadavk\u016f nejen na styl, ale i funk\u010dnost. P\u0159in\u00e1\u0161\u00edme v\u00e1m aktu\u00e1ln\u00ed trendy, kter\u00e9 vn\u00e1\u0161\u00ed do domov\u016f nov\u00fd n\u00e1boj i \u017eivot.","og_url":"https:\/\/www.mzone.cz\/en\/interiery-design-trendy-v-bydleni\/","og_site_name":"Mzone","article_publisher":"https:\/\/www.facebook.com\/MzoneCZ\/","article_published_time":"2020-08-08T03:00:00+00:00","article_modified_time":"2020-11-01T17:32:34+00:00","og_image":[{"width":2560,"height":1707,"url":"https:\/\/www.mzone.cz\/wp-content\/uploads\/2020\/08\/Interi\u00e9ry-trendy-scaled.jpg","type":"image\/jpeg"}],"author":"Mzone","twitter_card":"summary_large_image","twitter_misc":{"Written by":"Mzone","Est. reading time":"4 minutes"},"schema":{"@context":"https:\/\/schema.org","@graph":[{"@type":"Article","@id":"https:\/\/www.mzone.cz\/interiery-design-trendy-v-bydleni\/#article","isPartOf":{"@id":"https:\/\/www.mzone.cz\/interiery-design-trendy-v-bydleni\/"},"author":{"name":"Mzone","@id":"https:\/\/www.mzone.cz\/#\/schema\/person\/9bc20cc422a99cac4af6ff9297da32d4"},"headline":"Trendy v bydlen\u00ed: Interi\u00e9r\u016fm v\u00e9vod\u00ed p\u0159\u00edroda a propojenost","datePublished":"2020-08-08T03:00:00+00:00","dateModified":"2020-11-01T17:32:34+00:00","mainEntityOfPage":{"@id":"https:\/\/www.mzone.cz\/interiery-design-trendy-v-bydleni\/"},"wordCount":818,"commentCount":1,"image":{"@id":"https:\/\/www.mzone.cz\/interiery-design-trendy-v-bydleni\/#primaryimage"},"thumbnailUrl":"https:\/\/www.mzone.cz\/wp-content\/uploads\/2020\/08\/Interi\u00e9ry-trendy-scaled.jpg","keywords":["architektura","bydlen\u00ed","byty","design","domy","interi\u00e9r","interi\u00e9rov\u00fd design","interi\u00e9ry","p\u0159\u00edroda","propojenost","style","tipy","trendy"],"articleSection":["Bydlen\u00ed","Style","Trendy"],"inLanguage":"en-US","potentialAction":[{"@type":"CommentAction","name":"Comment","target":["https:\/\/www.mzone.cz\/interiery-design-trendy-v-bydleni\/#respond"]}]},{"@type":"WebPage","@id":"https:\/\/www.mzone.cz\/interiery-design-trendy-v-bydleni\/","url":"https:\/\/www.mzone.cz\/interiery-design-trendy-v-bydleni\/","name":"Trendy v bydlen\u00ed: Interi\u00e9r\u016fm v\u00e9vod\u00ed p\u0159\u00edroda a propojenost - Mzone","isPartOf":{"@id":"https:\/\/www.mzone.cz\/#website"},"primaryImageOfPage":{"@id":"https:\/\/www.mzone.cz\/interiery-design-trendy-v-bydleni\/#primaryimage"},"image":{"@id":"https:\/\/www.mzone.cz\/interiery-design-trendy-v-bydleni\/#primaryimage"},"thumbnailUrl":"https:\/\/www.mzone.cz\/wp-content\/uploads\/2020\/08\/Interi\u00e9ry-trendy-scaled.jpg","datePublished":"2020-08-08T03:00:00+00:00","dateModified":"2020-11-01T17:32:34+00:00","author":{"@id":"https:\/\/www.mzone.cz\/#\/schema\/person\/9bc20cc422a99cac4af6ff9297da32d4"},"description":"Interi\u00e9rov\u00fd design se st\u00e1le m\u011bn\u00ed, vyv\u00edj\u00ed a p\u0159izp\u016fsobuje aktu\u00e1ln\u00edm trend\u016fm i po\u017eadavk\u016f nejen na styl, ale i funk\u010dnost. P\u0159in\u00e1\u0161\u00edme v\u00e1m aktu\u00e1ln\u00ed trendy, kter\u00e9 vn\u00e1\u0161\u00ed do domov\u016f nov\u00fd n\u00e1boj i \u017eivot.","breadcrumb":{"@id":"https:\/\/www.mzone.cz\/interiery-design-trendy-v-bydleni\/#breadcrumb"},"inLanguage":"en-US","potentialAction":[{"@type":"ReadAction","target":["https:\/\/www.mzone.cz\/interiery-design-trendy-v-bydleni\/"]}]},{"@type":"ImageObject","inLanguage":"en-US","@id":"https:\/\/www.mzone.cz\/interiery-design-trendy-v-bydleni\/#primaryimage","url":"https:\/\/www.mzone.cz\/wp-content\/uploads\/2020\/08\/Interi\u00e9ry-trendy-scaled.jpg","contentUrl":"https:\/\/www.mzone.cz\/wp-content\/uploads\/2020\/08\/Interi\u00e9ry-trendy-scaled.jpg","width":2560,"height":1707,"caption":"Interi\u00e9ry trendy"},{"@type":"BreadcrumbList","@id":"https:\/\/www.mzone.cz\/interiery-design-trendy-v-bydleni\/#breadcrumb","itemListElement":[{"@type":"ListItem","position":1,"name":"Dom\u016f","item":"https:\/\/www.mzone.cz\/"},{"@type":"ListItem","position":2,"name":"Trendy v bydlen\u00ed: Interi\u00e9r\u016fm v\u00e9vod\u00ed p\u0159\u00edroda a propojenost"}]},{"@type":"WebSite","@id":"https:\/\/www.mzone.cz\/#website","url":"https:\/\/www.mzone.cz\/","name":"Mzone","description":"Magaz\u00edn nejen pro mu\u017ee","potentialAction":[{"@type":"SearchAction","target":{"@type":"EntryPoint","urlTemplate":"https:\/\/www.mzone.cz\/?s={search_term_string}"},"query-input":{"@type":"PropertyValueSpecification","valueRequired":true,"valueName":"search_term_string"}}],"inLanguage":"en-US"},{"@type":"Person","@id":"https:\/\/www.mzone.cz\/#\/schema\/person\/9bc20cc422a99cac4af6ff9297da32d4","name":"Mzone","image":{"@type":"ImageObject","inLanguage":"en-US","@id":"https:\/\/secure.gravatar.com\/avatar\/e780a8630f3182a3d06dd667ab6bea151a0d155b0951bc15fe22633acdac0676?s=96&d=mm&r=g","url":"https:\/\/secure.gravatar.com\/avatar\/e780a8630f3182a3d06dd667ab6bea151a0d155b0951bc15fe22633acdac0676?s=96&d=mm&r=g","contentUrl":"https:\/\/secure.gravatar.com\/avatar\/e780a8630f3182a3d06dd667ab6bea151a0d155b0951bc15fe22633acdac0676?s=96&d=mm&r=g","caption":"Mzone"},"url":"https:\/\/www.mzone.cz\/en\/author\/jakub\/"}]}},"_links":{"self":[{"href":"https:\/\/www.mzone.cz\/en\/wp-json\/wp\/v2\/posts\/22845","targetHints":{"allow":["GET"]}}],"collection":[{"href":"https:\/\/www.mzone.cz\/en\/wp-json\/wp\/v2\/posts"}],"about":[{"href":"https:\/\/www.mzone.cz\/en\/wp-json\/wp\/v2\/types\/post"}],"author":[{"embeddable":true,"href":"https:\/\/www.mzone.cz\/en\/wp-json\/wp\/v2\/users\/4"}],"replies":[{"embeddable":true,"href":"https:\/\/www.mzone.cz\/en\/wp-json\/wp\/v2\/comments?post=22845"}],"version-history":[{"count":14,"href":"https:\/\/www.mzone.cz\/en\/wp-json\/wp\/v2\/posts\/22845\/revisions"}],"predecessor-version":[{"id":22866,"href":"https:\/\/www.mzone.cz\/en\/wp-json\/wp\/v2\/posts\/22845\/revisions\/22866"}],"wp:featuredmedia":[{"embeddable":true,"href":"https:\/\/www.mzone.cz\/en\/wp-json\/wp\/v2\/media\/22847"}],"wp:attachment":[{"href":"https:\/\/www.mzone.cz\/en\/wp-json\/wp\/v2\/media?parent=22845"}],"wp:term":[{"taxonomy":"category","embeddable":true,"href":"https:\/\/www.mzone.cz\/en\/wp-json\/wp\/v2\/categories?post=22845"},{"taxonomy":"post_tag","embeddable":true,"href":"https:\/\/www.mzone.cz\/en\/wp-json\/wp\/v2\/tags?post=22845"}],"curies":[{"name":"wp","href":"https:\/\/api.w.org\/{rel}","templated":true}]}}