{"id":2317,"date":"2018-12-25T06:00:55","date_gmt":"2018-12-25T05:00:55","guid":{"rendered":"http:\/\/www.mzone.cz\/?p=2317"},"modified":"2019-10-02T16:43:30","modified_gmt":"2019-10-02T14:43:30","slug":"v-lednu-se-pojede-zavod-po-trase-legendarniho-dakaru-na-startu-nebude-chybet-ani-lukas-kvapil","status":"publish","type":"post","link":"https:\/\/www.mzone.cz\/en\/v-lednu-se-pojede-zavod-po-trase-legendarniho-dakaru-na-startu-nebude-chybet-ani-lukas-kvapil\/","title":{"rendered":"V lednu se pojede z\u00e1vod po trase legend\u00e1rn\u00edho Dakaru, na startu nebude chyb\u011bt ani Luk\u00e1\u0161 Kvapil"},"content":{"rendered":"<p><strong>Z\u00e1vodn\u00edk Luk\u00e1\u0161 Kvapil si pln\u00ed dal\u0161\u00ed sen a po dvou letech se vrac\u00ed jako motocyklov\u00fd z\u00e1vodn\u00edk, a rovnou na start extr\u00e9mn\u00edho vytrvalostn\u00edho podniku Africa Eco Race, jedouc\u00edho se po trase p\u016fvodn\u00ed Dakar Rallye, s&nbsp;c\u00edlem pr\u00e1v\u011b v&nbsp;senegalsk\u00e9m Dakaru.<\/strong><\/p><br>\n\n\n\n<p><\/p>\n\n\n\n<p>B\u011bhem ro\u010dn\u00ed p\u0159est\u00e1vky, kterou Luk\u00e1\u0161 Kvapil vyplnil rekonvalescenc\u00ed, tr\u00e9ninkem i \u00fa\u010dast\u00ed na Dakar Rallye 2018 jako \u010dlen doprovodn\u00e9ho t\u00fdmu, dal dohromady sebe, svoji kondici, nov\u00fd t\u00fdm i techniku, tak, aby ji\u017e 1. ledna 2019 mohl stanout na startu 1. etapy. Od 1. do 13. ledna jej tak \u010dek\u00e1 dvan\u00e1ct n\u00e1ro\u010dn\u00fdch etap Marokem, Mauret\u00e1ni\u00ed a Senegalem, s&nbsp;tradi\u010dn\u00edm c\u00edlem \u2013 u R\u016f\u017eov\u00e9ho jezera, na severn\u00edm b\u0159ehu Dakaru. Pro Luk\u00e1\u0161e Kvapila tak bude 11. ro\u010dn\u00edk Africa Eco Race dal\u0161\u00ed velkou zkou\u0161kou a zku\u0161enost\u00ed &#8211; sebe, t\u00fdmu i techniky.<\/p>\n\n\n\n<p><br>\u201eJsem r\u00e1d, \u017ee po v\u00edce jak roce budu moci op\u011bt za\u017e\u00edt pocit ze z\u00e1vod\u011bn\u00ed pln\u00fd adrenalinu, nap\u011bt\u00ed, p\u0159ekon\u00e1v\u00e1n\u00ed vlastn\u00edch mo\u017enost\u00ed i radosti z&nbsp;ka\u017ed\u00e9ho zdolan\u00e9ho kilometru a ka\u017ed\u00e9 projet\u00e9 duny.  N\u011bjakou dobu jsem pom\u00fd\u0161lel na z\u00e1vod\u011bn\u00ed na \u010dty\u0159ech kolech, ale term\u00edny jsou ne\u00faprosn\u00e9 a finan\u010dn\u00ed n\u00e1roky oproti motorce mnohon\u00e1sobn\u011b vy\u0161\u0161\u00ed. Kdy do toho p\u0159i\u0161la nab\u00eddka, kterou jsem nemohl odm\u00edtnout, bylo rozhodnuto. Za \u0159\u00edd\u00edtky motocyklu m\u00e1m nejv\u00edce zku\u0161enost\u00ed, a nav\u00edc je to po m\u011b i nejnitern\u011bj\u0161\u00ed forma z\u00e1vod\u011bn\u00ed, kde jsem nejbl\u00ed\u017ee samotn\u00e9mu ter\u00e9nu,\u201c \u0159\u00edk\u00e1 Luk\u00e1\u0161 Kvapil. Kdy\u017e nav\u00edc b\u011bhem roku 2018 p\u0159ekonal i dal\u0161\u00ed zdravotn\u00ed probl\u00e9my zp\u016fsoben\u00e9 sv\u00fdm zran\u011bn\u00edm na Dakar Rallye 2017, jeho sen usednout znovu do sedla motocyklu za\u010dal nab\u00edrat re\u00e1ln\u011bj\u0161\u00ed podobu.<\/p>\n\n\n\n<blockquote class=\"wp-block-quote is-layout-flow wp-block-quote-is-layout-flow\"><p>Luk\u00e1\u0161 absolvuje extr\u00e9mn\u00ed d\u00e1lkov\u00fd vytrvalostn\u00ed z\u00e1vod Africa Eco Race na motocyklu Husqvarna FE 450 rally. Jedn\u00e1 se p\u0159\u00edmo o dakarsk\u00fd speci\u00e1l, kter\u00fd nepot\u0159ebuje s\u00e1m o sob\u011b \u017e\u00e1dn\u00e9 \u00fapravy. D\u016fle\u017eit\u00e9 je nastaven\u00ed podvozku, kter\u00e9 m\u00e1 p\u0159\u00edmo na m\u00edru.<\/p><\/blockquote>\n\n\n\n<p><br>Aktu\u00e1ln\u011b m\u00e1 Luk\u00e1\u0161 Kvapil za sebou tr\u00e9nink v&nbsp;Tunisku, kde si mohl vyzkou\u0161et motocykl, t\u00fdm i celou techniku, a kter\u00fd podle jeho slov vy\u0161el na jedni\u010dku. \u201eTestov\u00e1n\u00ed v&nbsp;Tunisku bylo od za\u010d\u00e1tku do konce naprosto senza\u010dn\u00ed. Trochu jsem m\u011bl s\u00e1m ze sebe strach, usednout po dvou letech na motocykl, ale je to, jako jezdit na kole, to se prost\u011b nezapomene. Nikdy jsem nebyl v&nbsp;lep\u0161\u00ed form\u011b, v\u0161echno se skv\u011ble se\u0161lo. Fyzick\u00e1 p\u0159\u00edprava byla v\u00fdborn\u011b na\u010dasovan\u00e1 a motorka je naprosto dokonal\u00e1,\u201c dod\u00e1v\u00e1 Kvapil.<\/p><br>\n\n\n\n<figure class=\"wp-block-image\"><img loading=\"lazy\" decoding=\"async\" width=\"800\" height=\"534\" src=\"http:\/\/www.mzone.cz\/wp-content\/uploads\/2018\/12\/IMG_9221.jpeg\" alt=\"\" class=\"wp-image-2331\" srcset=\"https:\/\/www.mzone.cz\/wp-content\/uploads\/2018\/12\/IMG_9221.jpeg 800w, https:\/\/www.mzone.cz\/wp-content\/uploads\/2018\/12\/IMG_9221-300x200.jpeg 300w, https:\/\/www.mzone.cz\/wp-content\/uploads\/2018\/12\/IMG_9221-768x513.jpeg 768w, https:\/\/www.mzone.cz\/wp-content\/uploads\/2018\/12\/IMG_9221-400x267.jpeg 400w, https:\/\/www.mzone.cz\/wp-content\/uploads\/2018\/12\/IMG_9221-500x333.jpeg 500w, https:\/\/www.mzone.cz\/wp-content\/uploads\/2018\/12\/IMG_9221-590x394.jpeg 590w\" sizes=\"auto, (max-width: 800px) 100vw, 800px\" \/><\/figure>\n\n\n\n<p>P\u0159ipome\u0148me, \u017ee Africa Eco Race je extr\u00e9mn\u00ed d\u00e1lkov\u00fd vytrvalostn\u00ed z\u00e1vod, jedouc\u00ed se nap\u0159\u00ed\u010d Marokem, Mauret\u00e1ni\u00ed a Senegalem, s&nbsp;c\u00edlem v&nbsp;Dakaru. Z\u00e1vod, jeho\u017e 11. ro\u010dn\u00edk se v&nbsp;lednu 2019 uskute\u010dn\u00ed, se jede po p\u016fvodn\u00ed trase Dakar Rallye, kterou z\u00e1vodn\u00edci absolvovali p\u0159ed p\u0159esunut\u00edm podniku do ji\u017en\u00ed Ameriky, pr\u00e1v\u011b p\u0159ed 11 lety. Leto\u0161n\u00ed Africa Eco Race bude m\u00edt 12 etap, kdy 1. etapa p\u0159ipad\u00e1 na 1. ledna a posledn\u00ed na 13. ledna. Ofici\u00e1ln\u00ed start z\u00e1vodu je stanoven na 30. prosince 2018, kdy se z\u00e1vodn\u00edci potkaj\u00ed v&nbsp;Monaku a n\u00e1sleduj\u00edc\u00ed den, na Silvestra, je \u010dek\u00e1 p\u0159esun na trajektu do Maroka.<\/p>","protected":false},"excerpt":{"rendered":"<p>Z\u00e1vodn\u00edk Luk\u00e1\u0161 Kvapil si pln\u00ed dal\u0161\u00ed sen a po dvou letech se vrac\u00ed jako motocyklov\u00fd z\u00e1vodn\u00edk, a rovnou na start extr\u00e9mn\u00edho vytrvalostn\u00edho podniku Africa Eco Race, jedouc\u00edho se po trase p\u016fvodn\u00ed Dakar Rallye, s&nbsp;c\u00edlem pr\u00e1v\u011b v&nbsp;senegalsk\u00e9m Dakaru. B\u011bhem ro\u010dn\u00ed p\u0159est\u00e1vky, kterou Luk\u00e1\u0161 Kvapil vyplnil rekonvalescenc\u00ed, tr\u00e9ninkem i \u00fa\u010dast\u00ed na Dakar Rallye 2018 jako \u010dlen doprovodn\u00e9ho [&hellip;]<\/p>\n","protected":false},"author":4,"featured_media":2318,"comment_status":"open","ping_status":"open","sticky":false,"template":"","format":"standard","meta":{"kk_blocks_editor_width":"","_kiokenblocks_attr":"","_kiokenblocks_dimensions":"","footnotes":""},"categories":[69,80],"tags":[876,877,462,875,878,602,464,636,42,735],"class_list":["post-2317","post","type-post","status-publish","format-standard","has-post-thumbnail","hentry","category-auto-moto","category-sport","tag-africa-eco-race","tag-afrika","tag-auto-moto","tag-dakar","tag-lukas-kvapil","tag-motocykl","tag-motocykly","tag-motorsport","tag-sport","tag-zavod"],"yoast_head":"<!-- This site is optimized with the Yoast SEO plugin v27.5 - https:\/\/yoast.com\/product\/yoast-seo-wordpress\/ -->\n<title>V lednu se pojede z\u00e1vod po trase legend\u00e1rn\u00edho Dakaru, na startu nebude chyb\u011bt ani Luk\u00e1\u0161 Kvapil - Mzone<\/title>\n<meta name=\"description\" content=\"Z\u00e1vodn\u00edk Luk\u00e1\u0161 Kvapil si pln\u00ed dal\u0161\u00ed sen a po dvou letech se vrac\u00ed jako motocyklov\u00fd z\u00e1vodn\u00edk, a rovnou na start extr\u00e9mn\u00edho vytrvalostn\u00edho podniku Africa Eco Race, jedouc\u00edho se po trase p\u016fvodn\u00ed Dakar Rallye, s\u00a0c\u00edlem pr\u00e1v\u011b v\u00a0senegalsk\u00e9m Dakaru.\" \/>\n<meta name=\"robots\" content=\"index, follow, max-snippet:-1, max-image-preview:large, max-video-preview:-1\" \/>\n<link rel=\"canonical\" href=\"https:\/\/www.mzone.cz\/en\/v-lednu-se-pojede-zavod-po-trase-legendarniho-dakaru-na-startu-nebude-chybet-ani-lukas-kvapil\/\" \/>\n<meta property=\"og:locale\" content=\"en_US\" \/>\n<meta property=\"og:type\" content=\"article\" \/>\n<meta property=\"og:title\" content=\"V lednu se pojede z\u00e1vod po trase legend\u00e1rn\u00edho Dakaru, na startu nebude chyb\u011bt ani Luk\u00e1\u0161 Kvapil - Mzone\" \/>\n<meta property=\"og:description\" content=\"Z\u00e1vodn\u00edk Luk\u00e1\u0161 Kvapil si pln\u00ed dal\u0161\u00ed sen a po dvou letech se vrac\u00ed jako motocyklov\u00fd z\u00e1vodn\u00edk, a rovnou na start extr\u00e9mn\u00edho vytrvalostn\u00edho podniku Africa Eco Race, jedouc\u00edho se po trase p\u016fvodn\u00ed Dakar Rallye, s\u00a0c\u00edlem pr\u00e1v\u011b v\u00a0senegalsk\u00e9m Dakaru.\" \/>\n<meta property=\"og:url\" content=\"https:\/\/www.mzone.cz\/en\/v-lednu-se-pojede-zavod-po-trase-legendarniho-dakaru-na-startu-nebude-chybet-ani-lukas-kvapil\/\" \/>\n<meta property=\"og:site_name\" content=\"Mzone\" \/>\n<meta property=\"article:publisher\" content=\"https:\/\/www.facebook.com\/MzoneCZ\/\" \/>\n<meta property=\"article:published_time\" content=\"2018-12-25T05:00:55+00:00\" \/>\n<meta property=\"article:modified_time\" content=\"2019-10-02T14:43:30+00:00\" \/>\n<meta property=\"og:image\" content=\"https:\/\/www.mzone.cz\/wp-content\/uploads\/2018\/12\/IMG_9090.jpg\" \/>\n\t<meta property=\"og:image:width\" content=\"636\" \/>\n\t<meta property=\"og:image:height\" content=\"424\" \/>\n\t<meta property=\"og:image:type\" content=\"image\/jpeg\" \/>\n<meta name=\"author\" content=\"Mzone\" \/>\n<meta name=\"twitter:card\" content=\"summary_large_image\" \/>\n<meta name=\"twitter:label1\" content=\"Written by\" \/>\n\t<meta name=\"twitter:data1\" content=\"Mzone\" \/>\n\t<meta name=\"twitter:label2\" content=\"Est. reading time\" \/>\n\t<meta name=\"twitter:data2\" content=\"3 minutes\" \/>\n<script type=\"application\/ld+json\" class=\"yoast-schema-graph\">{\"@context\":\"https:\\\/\\\/schema.org\",\"@graph\":[{\"@type\":\"Article\",\"@id\":\"https:\\\/\\\/www.mzone.cz\\\/v-lednu-se-pojede-zavod-po-trase-legendarniho-dakaru-na-startu-nebude-chybet-ani-lukas-kvapil\\\/#article\",\"isPartOf\":{\"@id\":\"https:\\\/\\\/www.mzone.cz\\\/v-lednu-se-pojede-zavod-po-trase-legendarniho-dakaru-na-startu-nebude-chybet-ani-lukas-kvapil\\\/\"},\"author\":{\"name\":\"Mzone\",\"@id\":\"https:\\\/\\\/www.mzone.cz\\\/#\\\/schema\\\/person\\\/9bc20cc422a99cac4af6ff9297da32d4\"},\"headline\":\"V lednu se pojede z\u00e1vod po trase legend\u00e1rn\u00edho Dakaru, na startu nebude chyb\u011bt ani Luk\u00e1\u0161 Kvapil\",\"datePublished\":\"2018-12-25T05:00:55+00:00\",\"dateModified\":\"2019-10-02T14:43:30+00:00\",\"mainEntityOfPage\":{\"@id\":\"https:\\\/\\\/www.mzone.cz\\\/v-lednu-se-pojede-zavod-po-trase-legendarniho-dakaru-na-startu-nebude-chybet-ani-lukas-kvapil\\\/\"},\"wordCount\":615,\"commentCount\":0,\"image\":{\"@id\":\"https:\\\/\\\/www.mzone.cz\\\/v-lednu-se-pojede-zavod-po-trase-legendarniho-dakaru-na-startu-nebude-chybet-ani-lukas-kvapil\\\/#primaryimage\"},\"thumbnailUrl\":\"https:\\\/\\\/www.mzone.cz\\\/wp-content\\\/uploads\\\/2018\\\/12\\\/IMG_9090.jpg\",\"keywords\":[\"Africa Eco Race\",\"Afrika\",\"auto-moto\",\"Dakar\",\"Luk\u00e1\u0161 Kvapil\",\"motocykl\",\"motocykly\",\"motorsport\",\"Sport\",\"z\u00e1vod\"],\"articleSection\":[\"Auto-moto\",\"Sport\"],\"inLanguage\":\"en-US\",\"potentialAction\":[{\"@type\":\"CommentAction\",\"name\":\"Comment\",\"target\":[\"https:\\\/\\\/www.mzone.cz\\\/v-lednu-se-pojede-zavod-po-trase-legendarniho-dakaru-na-startu-nebude-chybet-ani-lukas-kvapil\\\/#respond\"]}]},{\"@type\":\"WebPage\",\"@id\":\"https:\\\/\\\/www.mzone.cz\\\/v-lednu-se-pojede-zavod-po-trase-legendarniho-dakaru-na-startu-nebude-chybet-ani-lukas-kvapil\\\/\",\"url\":\"https:\\\/\\\/www.mzone.cz\\\/v-lednu-se-pojede-zavod-po-trase-legendarniho-dakaru-na-startu-nebude-chybet-ani-lukas-kvapil\\\/\",\"name\":\"V lednu se pojede z\u00e1vod po trase legend\u00e1rn\u00edho Dakaru, na startu nebude chyb\u011bt ani Luk\u00e1\u0161 Kvapil - Mzone\",\"isPartOf\":{\"@id\":\"https:\\\/\\\/www.mzone.cz\\\/#website\"},\"primaryImageOfPage\":{\"@id\":\"https:\\\/\\\/www.mzone.cz\\\/v-lednu-se-pojede-zavod-po-trase-legendarniho-dakaru-na-startu-nebude-chybet-ani-lukas-kvapil\\\/#primaryimage\"},\"image\":{\"@id\":\"https:\\\/\\\/www.mzone.cz\\\/v-lednu-se-pojede-zavod-po-trase-legendarniho-dakaru-na-startu-nebude-chybet-ani-lukas-kvapil\\\/#primaryimage\"},\"thumbnailUrl\":\"https:\\\/\\\/www.mzone.cz\\\/wp-content\\\/uploads\\\/2018\\\/12\\\/IMG_9090.jpg\",\"datePublished\":\"2018-12-25T05:00:55+00:00\",\"dateModified\":\"2019-10-02T14:43:30+00:00\",\"author\":{\"@id\":\"https:\\\/\\\/www.mzone.cz\\\/#\\\/schema\\\/person\\\/9bc20cc422a99cac4af6ff9297da32d4\"},\"description\":\"Z\u00e1vodn\u00edk Luk\u00e1\u0161 Kvapil si pln\u00ed dal\u0161\u00ed sen a po dvou letech se vrac\u00ed jako motocyklov\u00fd z\u00e1vodn\u00edk, a rovnou na start extr\u00e9mn\u00edho vytrvalostn\u00edho podniku Africa Eco Race, jedouc\u00edho se po trase p\u016fvodn\u00ed Dakar Rallye, s\u00a0c\u00edlem pr\u00e1v\u011b v\u00a0senegalsk\u00e9m Dakaru.\",\"breadcrumb\":{\"@id\":\"https:\\\/\\\/www.mzone.cz\\\/v-lednu-se-pojede-zavod-po-trase-legendarniho-dakaru-na-startu-nebude-chybet-ani-lukas-kvapil\\\/#breadcrumb\"},\"inLanguage\":\"en-US\",\"potentialAction\":[{\"@type\":\"ReadAction\",\"target\":[\"https:\\\/\\\/www.mzone.cz\\\/v-lednu-se-pojede-zavod-po-trase-legendarniho-dakaru-na-startu-nebude-chybet-ani-lukas-kvapil\\\/\"]}]},{\"@type\":\"ImageObject\",\"inLanguage\":\"en-US\",\"@id\":\"https:\\\/\\\/www.mzone.cz\\\/v-lednu-se-pojede-zavod-po-trase-legendarniho-dakaru-na-startu-nebude-chybet-ani-lukas-kvapil\\\/#primaryimage\",\"url\":\"https:\\\/\\\/www.mzone.cz\\\/wp-content\\\/uploads\\\/2018\\\/12\\\/IMG_9090.jpg\",\"contentUrl\":\"https:\\\/\\\/www.mzone.cz\\\/wp-content\\\/uploads\\\/2018\\\/12\\\/IMG_9090.jpg\",\"width\":636,\"height\":424},{\"@type\":\"BreadcrumbList\",\"@id\":\"https:\\\/\\\/www.mzone.cz\\\/v-lednu-se-pojede-zavod-po-trase-legendarniho-dakaru-na-startu-nebude-chybet-ani-lukas-kvapil\\\/#breadcrumb\",\"itemListElement\":[{\"@type\":\"ListItem\",\"position\":1,\"name\":\"Dom\u016f\",\"item\":\"https:\\\/\\\/www.mzone.cz\\\/\"},{\"@type\":\"ListItem\",\"position\":2,\"name\":\"V lednu se pojede z\u00e1vod po trase legend\u00e1rn\u00edho Dakaru, na startu nebude chyb\u011bt ani Luk\u00e1\u0161 Kvapil\"}]},{\"@type\":\"WebSite\",\"@id\":\"https:\\\/\\\/www.mzone.cz\\\/#website\",\"url\":\"https:\\\/\\\/www.mzone.cz\\\/\",\"name\":\"Mzone\",\"description\":\"Magaz\u00edn nejen pro mu\u017ee\",\"potentialAction\":[{\"@type\":\"SearchAction\",\"target\":{\"@type\":\"EntryPoint\",\"urlTemplate\":\"https:\\\/\\\/www.mzone.cz\\\/?s={search_term_string}\"},\"query-input\":{\"@type\":\"PropertyValueSpecification\",\"valueRequired\":true,\"valueName\":\"search_term_string\"}}],\"inLanguage\":\"en-US\"},{\"@type\":\"Person\",\"@id\":\"https:\\\/\\\/www.mzone.cz\\\/#\\\/schema\\\/person\\\/9bc20cc422a99cac4af6ff9297da32d4\",\"name\":\"Mzone\",\"image\":{\"@type\":\"ImageObject\",\"inLanguage\":\"en-US\",\"@id\":\"https:\\\/\\\/secure.gravatar.com\\\/avatar\\\/e780a8630f3182a3d06dd667ab6bea151a0d155b0951bc15fe22633acdac0676?s=96&d=mm&r=g\",\"url\":\"https:\\\/\\\/secure.gravatar.com\\\/avatar\\\/e780a8630f3182a3d06dd667ab6bea151a0d155b0951bc15fe22633acdac0676?s=96&d=mm&r=g\",\"contentUrl\":\"https:\\\/\\\/secure.gravatar.com\\\/avatar\\\/e780a8630f3182a3d06dd667ab6bea151a0d155b0951bc15fe22633acdac0676?s=96&d=mm&r=g\",\"caption\":\"Mzone\"},\"url\":\"https:\\\/\\\/www.mzone.cz\\\/en\\\/author\\\/jakub\\\/\"}]}<\/script>\n<!-- \/ Yoast SEO plugin. -->","yoast_head_json":{"title":"V lednu se pojede z\u00e1vod po trase legend\u00e1rn\u00edho Dakaru, na startu nebude chyb\u011bt ani Luk\u00e1\u0161 Kvapil - Mzone","description":"Z\u00e1vodn\u00edk Luk\u00e1\u0161 Kvapil si pln\u00ed dal\u0161\u00ed sen a po dvou letech se vrac\u00ed jako motocyklov\u00fd z\u00e1vodn\u00edk, a rovnou na start extr\u00e9mn\u00edho vytrvalostn\u00edho podniku Africa Eco Race, jedouc\u00edho se po trase p\u016fvodn\u00ed Dakar Rallye, s\u00a0c\u00edlem pr\u00e1v\u011b v\u00a0senegalsk\u00e9m Dakaru.","robots":{"index":"index","follow":"follow","max-snippet":"max-snippet:-1","max-image-preview":"max-image-preview:large","max-video-preview":"max-video-preview:-1"},"canonical":"https:\/\/www.mzone.cz\/en\/v-lednu-se-pojede-zavod-po-trase-legendarniho-dakaru-na-startu-nebude-chybet-ani-lukas-kvapil\/","og_locale":"en_US","og_type":"article","og_title":"V lednu se pojede z\u00e1vod po trase legend\u00e1rn\u00edho Dakaru, na startu nebude chyb\u011bt ani Luk\u00e1\u0161 Kvapil - Mzone","og_description":"Z\u00e1vodn\u00edk Luk\u00e1\u0161 Kvapil si pln\u00ed dal\u0161\u00ed sen a po dvou letech se vrac\u00ed jako motocyklov\u00fd z\u00e1vodn\u00edk, a rovnou na start extr\u00e9mn\u00edho vytrvalostn\u00edho podniku Africa Eco Race, jedouc\u00edho se po trase p\u016fvodn\u00ed Dakar Rallye, s\u00a0c\u00edlem pr\u00e1v\u011b v\u00a0senegalsk\u00e9m Dakaru.","og_url":"https:\/\/www.mzone.cz\/en\/v-lednu-se-pojede-zavod-po-trase-legendarniho-dakaru-na-startu-nebude-chybet-ani-lukas-kvapil\/","og_site_name":"Mzone","article_publisher":"https:\/\/www.facebook.com\/MzoneCZ\/","article_published_time":"2018-12-25T05:00:55+00:00","article_modified_time":"2019-10-02T14:43:30+00:00","og_image":[{"width":636,"height":424,"url":"https:\/\/www.mzone.cz\/wp-content\/uploads\/2018\/12\/IMG_9090.jpg","type":"image\/jpeg"}],"author":"Mzone","twitter_card":"summary_large_image","twitter_misc":{"Written by":"Mzone","Est. reading time":"3 minutes"},"schema":{"@context":"https:\/\/schema.org","@graph":[{"@type":"Article","@id":"https:\/\/www.mzone.cz\/v-lednu-se-pojede-zavod-po-trase-legendarniho-dakaru-na-startu-nebude-chybet-ani-lukas-kvapil\/#article","isPartOf":{"@id":"https:\/\/www.mzone.cz\/v-lednu-se-pojede-zavod-po-trase-legendarniho-dakaru-na-startu-nebude-chybet-ani-lukas-kvapil\/"},"author":{"name":"Mzone","@id":"https:\/\/www.mzone.cz\/#\/schema\/person\/9bc20cc422a99cac4af6ff9297da32d4"},"headline":"V lednu se pojede z\u00e1vod po trase legend\u00e1rn\u00edho Dakaru, na startu nebude chyb\u011bt ani Luk\u00e1\u0161 Kvapil","datePublished":"2018-12-25T05:00:55+00:00","dateModified":"2019-10-02T14:43:30+00:00","mainEntityOfPage":{"@id":"https:\/\/www.mzone.cz\/v-lednu-se-pojede-zavod-po-trase-legendarniho-dakaru-na-startu-nebude-chybet-ani-lukas-kvapil\/"},"wordCount":615,"commentCount":0,"image":{"@id":"https:\/\/www.mzone.cz\/v-lednu-se-pojede-zavod-po-trase-legendarniho-dakaru-na-startu-nebude-chybet-ani-lukas-kvapil\/#primaryimage"},"thumbnailUrl":"https:\/\/www.mzone.cz\/wp-content\/uploads\/2018\/12\/IMG_9090.jpg","keywords":["Africa Eco Race","Afrika","auto-moto","Dakar","Luk\u00e1\u0161 Kvapil","motocykl","motocykly","motorsport","Sport","z\u00e1vod"],"articleSection":["Auto-moto","Sport"],"inLanguage":"en-US","potentialAction":[{"@type":"CommentAction","name":"Comment","target":["https:\/\/www.mzone.cz\/v-lednu-se-pojede-zavod-po-trase-legendarniho-dakaru-na-startu-nebude-chybet-ani-lukas-kvapil\/#respond"]}]},{"@type":"WebPage","@id":"https:\/\/www.mzone.cz\/v-lednu-se-pojede-zavod-po-trase-legendarniho-dakaru-na-startu-nebude-chybet-ani-lukas-kvapil\/","url":"https:\/\/www.mzone.cz\/v-lednu-se-pojede-zavod-po-trase-legendarniho-dakaru-na-startu-nebude-chybet-ani-lukas-kvapil\/","name":"V lednu se pojede z\u00e1vod po trase legend\u00e1rn\u00edho Dakaru, na startu nebude chyb\u011bt ani Luk\u00e1\u0161 Kvapil - Mzone","isPartOf":{"@id":"https:\/\/www.mzone.cz\/#website"},"primaryImageOfPage":{"@id":"https:\/\/www.mzone.cz\/v-lednu-se-pojede-zavod-po-trase-legendarniho-dakaru-na-startu-nebude-chybet-ani-lukas-kvapil\/#primaryimage"},"image":{"@id":"https:\/\/www.mzone.cz\/v-lednu-se-pojede-zavod-po-trase-legendarniho-dakaru-na-startu-nebude-chybet-ani-lukas-kvapil\/#primaryimage"},"thumbnailUrl":"https:\/\/www.mzone.cz\/wp-content\/uploads\/2018\/12\/IMG_9090.jpg","datePublished":"2018-12-25T05:00:55+00:00","dateModified":"2019-10-02T14:43:30+00:00","author":{"@id":"https:\/\/www.mzone.cz\/#\/schema\/person\/9bc20cc422a99cac4af6ff9297da32d4"},"description":"Z\u00e1vodn\u00edk Luk\u00e1\u0161 Kvapil si pln\u00ed dal\u0161\u00ed sen a po dvou letech se vrac\u00ed jako motocyklov\u00fd z\u00e1vodn\u00edk, a rovnou na start extr\u00e9mn\u00edho vytrvalostn\u00edho podniku Africa Eco Race, jedouc\u00edho se po trase p\u016fvodn\u00ed Dakar Rallye, s\u00a0c\u00edlem pr\u00e1v\u011b v\u00a0senegalsk\u00e9m Dakaru.","breadcrumb":{"@id":"https:\/\/www.mzone.cz\/v-lednu-se-pojede-zavod-po-trase-legendarniho-dakaru-na-startu-nebude-chybet-ani-lukas-kvapil\/#breadcrumb"},"inLanguage":"en-US","potentialAction":[{"@type":"ReadAction","target":["https:\/\/www.mzone.cz\/v-lednu-se-pojede-zavod-po-trase-legendarniho-dakaru-na-startu-nebude-chybet-ani-lukas-kvapil\/"]}]},{"@type":"ImageObject","inLanguage":"en-US","@id":"https:\/\/www.mzone.cz\/v-lednu-se-pojede-zavod-po-trase-legendarniho-dakaru-na-startu-nebude-chybet-ani-lukas-kvapil\/#primaryimage","url":"https:\/\/www.mzone.cz\/wp-content\/uploads\/2018\/12\/IMG_9090.jpg","contentUrl":"https:\/\/www.mzone.cz\/wp-content\/uploads\/2018\/12\/IMG_9090.jpg","width":636,"height":424},{"@type":"BreadcrumbList","@id":"https:\/\/www.mzone.cz\/v-lednu-se-pojede-zavod-po-trase-legendarniho-dakaru-na-startu-nebude-chybet-ani-lukas-kvapil\/#breadcrumb","itemListElement":[{"@type":"ListItem","position":1,"name":"Dom\u016f","item":"https:\/\/www.mzone.cz\/"},{"@type":"ListItem","position":2,"name":"V lednu se pojede z\u00e1vod po trase legend\u00e1rn\u00edho Dakaru, na startu nebude chyb\u011bt ani Luk\u00e1\u0161 Kvapil"}]},{"@type":"WebSite","@id":"https:\/\/www.mzone.cz\/#website","url":"https:\/\/www.mzone.cz\/","name":"Mzone","description":"Magaz\u00edn nejen pro mu\u017ee","potentialAction":[{"@type":"SearchAction","target":{"@type":"EntryPoint","urlTemplate":"https:\/\/www.mzone.cz\/?s={search_term_string}"},"query-input":{"@type":"PropertyValueSpecification","valueRequired":true,"valueName":"search_term_string"}}],"inLanguage":"en-US"},{"@type":"Person","@id":"https:\/\/www.mzone.cz\/#\/schema\/person\/9bc20cc422a99cac4af6ff9297da32d4","name":"Mzone","image":{"@type":"ImageObject","inLanguage":"en-US","@id":"https:\/\/secure.gravatar.com\/avatar\/e780a8630f3182a3d06dd667ab6bea151a0d155b0951bc15fe22633acdac0676?s=96&d=mm&r=g","url":"https:\/\/secure.gravatar.com\/avatar\/e780a8630f3182a3d06dd667ab6bea151a0d155b0951bc15fe22633acdac0676?s=96&d=mm&r=g","contentUrl":"https:\/\/secure.gravatar.com\/avatar\/e780a8630f3182a3d06dd667ab6bea151a0d155b0951bc15fe22633acdac0676?s=96&d=mm&r=g","caption":"Mzone"},"url":"https:\/\/www.mzone.cz\/en\/author\/jakub\/"}]}},"_links":{"self":[{"href":"https:\/\/www.mzone.cz\/en\/wp-json\/wp\/v2\/posts\/2317","targetHints":{"allow":["GET"]}}],"collection":[{"href":"https:\/\/www.mzone.cz\/en\/wp-json\/wp\/v2\/posts"}],"about":[{"href":"https:\/\/www.mzone.cz\/en\/wp-json\/wp\/v2\/types\/post"}],"author":[{"embeddable":true,"href":"https:\/\/www.mzone.cz\/en\/wp-json\/wp\/v2\/users\/4"}],"replies":[{"embeddable":true,"href":"https:\/\/www.mzone.cz\/en\/wp-json\/wp\/v2\/comments?post=2317"}],"version-history":[{"count":1,"href":"https:\/\/www.mzone.cz\/en\/wp-json\/wp\/v2\/posts\/2317\/revisions"}],"predecessor-version":[{"id":13145,"href":"https:\/\/www.mzone.cz\/en\/wp-json\/wp\/v2\/posts\/2317\/revisions\/13145"}],"wp:featuredmedia":[{"embeddable":true,"href":"https:\/\/www.mzone.cz\/en\/wp-json\/wp\/v2\/media\/2318"}],"wp:attachment":[{"href":"https:\/\/www.mzone.cz\/en\/wp-json\/wp\/v2\/media?parent=2317"}],"wp:term":[{"taxonomy":"category","embeddable":true,"href":"https:\/\/www.mzone.cz\/en\/wp-json\/wp\/v2\/categories?post=2317"},{"taxonomy":"post_tag","embeddable":true,"href":"https:\/\/www.mzone.cz\/en\/wp-json\/wp\/v2\/tags?post=2317"}],"curies":[{"name":"wp","href":"https:\/\/api.w.org\/{rel}","templated":true}]}}