{"id":23535,"date":"2020-08-18T05:00:42","date_gmt":"2020-08-18T03:00:42","guid":{"rendered":"https:\/\/www.mzone.cz\/?p=23535"},"modified":"2020-08-18T09:27:11","modified_gmt":"2020-08-18T07:27:11","slug":"blog-havel-smutny-pohled-na-hrad","status":"publish","type":"post","link":"https:\/\/www.mzone.cz\/en\/blog-havel-smutny-pohled-na-hrad\/","title":{"rendered":"Blog: Smutn\u00fd pohled na Hrad aneb vid\u011bl jsem film Havel"},"content":{"rendered":"<p><strong>Byl jsem v kin\u011b na filmu Havel. Nechci ale film nijak recenzovat, sp\u00ed\u0161 se pod\u011blit o my\u0161lenkov\u00e9 pochody, kter\u00e9 ve mn\u011b zanechal.<\/strong><\/p><br>\n\n\n\n<p>A\u0165 u\u017e m\u00e1te osobnost V\u00e1clava Havla r\u00e1di, nebo ne, mus\u00edte zcela jist\u011b vn\u00edmat jeho historickou roli v na\u0161ich novodob\u00fdch d\u011bjin\u00e1ch. P\u0159izn\u00e1m se, \u017ee osobn\u011b p\u0159\u00edli\u0161 nech\u00e1pu lidi, kte\u0159\u00ed na n\u011bho plivaj\u00ed a neuzn\u00e1vaj\u00ed ho. Ale ka\u017ed\u00fd m\u00e1 pr\u00e1vo na sv\u016fj n\u00e1zor a j\u00e1 jim ho vyvracet nebudu.<\/p><br>\n\n\n\n<p>Jde mi ale o n\u011bco jin\u00e9ho. Havel je <a href=\"https:\/\/www.csfd.cz\/film\/762583-havel\/\" target=\"_blank\" rel=\"noreferrer noopener\">ve filmu<\/a> vyobrazen jako \u010dlov\u011bk, pro kter\u00e9ho jsou jeho vnit\u0159n\u00ed z\u00e1sady, mor\u00e1lka a touha po spravedlnosti d\u016fle\u017eit\u011bj\u0161\u00ed ne\u017e osobn\u00ed prosp\u011bch. A to i v krajn\u00edch situac\u00edch, kde by v\u011bt\u0161ina z n\u00e1s zcela jist\u011b selhala. Osobn\u011b nedok\u00e1\u017eu posoudit, nakolik jsou tyto vlastnosti p\u0159ikr\u00e1\u0161leny ze strany filma\u0159\u016f, ve skrytu du\u0161e ale v\u011b\u0159\u00edm (anebo v\u00edm?), \u017ee takov\u00fd byl i ve skute\u010dnosti.<\/p>\n\n\n\n<blockquote class=\"wp-block-quote is-layout-flow wp-block-quote-is-layout-flow\"><p>A j\u00e1 se pt\u00e1m: Jak jsme mohli po dvaceti letech od Havla zvolit do \u010dela na\u0161\u00ed zem\u011b karikaturu v podob\u011b sou\u010dasn\u00e9ho prezidenta Zemana? N\u011bkoho natolik odli\u0161n\u00e9ho od V\u00e1clava Havla. N\u011bkoho, komu pojmy jako spravedlnost nebo mor\u00e1lka ne\u0159\u00edkaj\u00ed zhola nic. Vym\u011bnili jsme touhu po svobod\u011b za populismus a prosp\u011bch\u00e1\u0159stv\u00ed?<\/p><\/blockquote>\n\n\n\n<p>Milo\u0161 Zeman byl v\u017edy pragmatick\u00fd a\u017e prosp\u011bch\u00e1\u0159sk\u00fd. Nikdy by neud\u011blal n\u011bco, z \u010deho by nem\u011bl osobn\u00ed prosp\u011bch. V\u017edy se obklopoval lidmi s pohnutou minulost\u00ed, a\u0165 u\u017e se jedn\u00e1 o agenty StB nebo ned\u016fv\u011bryhodn\u00e9 podnikatele. Jeho kampa\u0148 p\u0159ed prezidentsk\u00fdmi volbami obsahovala \u0161p\u00ednu, l\u017ei a nepr\u016fhledn\u00e9 financov\u00e1n\u00ed. Zkr\u00e1tka p\u0159esn\u00fd opak Havla, kter\u00fd si rad\u011bji odep\u0159el svou vlastn\u00ed svobodu, ne\u017e aby ohnul h\u0159bet p\u0159ed zlov\u016fl\u00ed re\u017eimu.<\/p><br>\n\n\n\n<p>A to je moc smutn\u00e9. B\u011bhem jedn\u00e9 generace jsme do\u0161li od prezidenta, kter\u00e9ho si v\u00e1\u017eil cel\u00fd sv\u011bt, a\u017e po lidskou trosku, u kter\u00e9 je lep\u0161\u00ed, kdy\u017e se o n\u00ed nemluv\u00ed. A te\u010f nemysl\u00edm fyzickou trosku (prezidentovo zdrav\u00ed ponech\u00e1m stranou), ale trosku du\u0161evn\u00ed. A\u0165 se v\u00e1m to l\u00edb\u00ed, nebo ne, ten p\u00e1n na Hrad\u011b je u\u017e jen pomstychtiv\u00fd arogantn\u00ed \u010dlov\u011bk, u kter\u00e9ho byste ctnosti prvn\u00edho \u010desk\u00e9ho prezidenta hledali marn\u011b.<\/p><br>\n\n\n\n<p>Je mi tak trochu l\u00edto, \u017ee jsem polistopadovou euforii za\u017eil jen jako mal\u00e9 d\u00edt\u011b, v sou\u010dasn\u00e9 dob\u011b bych na ni toti\u017e hrozn\u011b r\u00e1d osobn\u011b vzpom\u00ednal. Asi jste to z m\u00e9ho textu poznali sami, ale stejn\u011b to sem na z\u00e1v\u011br nap\u00ed\u0161u: Styd\u00edm se za sv\u00e9ho prezidenta. A m\u00e1m r\u00e1d V\u00e1clava Havla.<\/p><br>\n\n\n\n<div class=\"wp-block-media-text alignwide is-stacked-on-mobile is-vertically-aligned-center\" style=\"grid-template-columns:20% auto\"><figure class=\"wp-block-media-text__media\"><a href=\"https:\/\/www.mzone.cz\/dokument-v-siti-ukazuje-to-nejhorsi-z-ceskeho-internetu-a-taky-neschopnost-statu\/\"><img loading=\"lazy\" decoding=\"async\" width=\"1024\" height=\"706\" src=\"https:\/\/www.mzone.cz\/wp-content\/uploads\/2019\/12\/V-s\u00edti-1024x706.jpg\" alt=\"\" class=\"wp-image-15540\" srcset=\"https:\/\/www.mzone.cz\/wp-content\/uploads\/2019\/12\/V-s\u00edti-1024x706.jpg 1024w, https:\/\/www.mzone.cz\/wp-content\/uploads\/2019\/12\/V-s\u00edti-300x207.jpg 300w, https:\/\/www.mzone.cz\/wp-content\/uploads\/2019\/12\/V-s\u00edti-768x529.jpg 768w, https:\/\/www.mzone.cz\/wp-content\/uploads\/2019\/12\/V-s\u00edti-590x407.jpg 590w, https:\/\/www.mzone.cz\/wp-content\/uploads\/2019\/12\/V-s\u00edti.jpg 1280w\" sizes=\"auto, (max-width: 1024px) 100vw, 1024px\" \/><\/a><\/figure><div class=\"wp-block-media-text__content\">\n<h4><a href=\"https:\/\/www.mzone.cz\/dokument-v-siti-ukazuje-to-nejhorsi-z-ceskeho-internetu-a-taky-neschopnost-statu\/\">Dokument \u201cV s\u00edti\u201d ukazuje to nejhor\u0161\u00ed z \u010desk\u00e9ho internetu. A taky neschopnost st\u00e1tu<\/a><\/h4><br>\n<\/div><\/div>","protected":false},"excerpt":{"rendered":"<p>Byl jsem v kin\u011b na filmu Havel. Nechci ale film nijak recenzovat, sp\u00ed\u0161 se pod\u011blit o my\u0161lenkov\u00e9 pochody, kter\u00e9 ve mn\u011b zanechal. A\u0165 u\u017e m\u00e1te osobnost V\u00e1clava Havla r\u00e1di, nebo ne, mus\u00edte zcela jist\u011b vn\u00edmat jeho historickou roli v na\u0161ich novodob\u00fdch d\u011bjin\u00e1ch. P\u0159izn\u00e1m se, \u017ee osobn\u011b p\u0159\u00edli\u0161 nech\u00e1pu lidi, kte\u0159\u00ed na n\u011bho plivaj\u00ed a neuzn\u00e1vaj\u00ed [&hellip;]<\/p>\n","protected":false},"author":4,"featured_media":23536,"comment_status":"open","ping_status":"closed","sticky":false,"template":"","format":"standard","meta":{"kk_blocks_editor_width":"","_kiokenblocks_attr":"","_kiokenblocks_dimensions":"","footnotes":""},"categories":[386,385,73,71],"tags":[593,59,541,4069,31,997,787,1018,990,1390,1205,4070],"class_list":["post-23535","post","type-post","status-publish","format-standard","has-post-thumbnail","hentry","category-bez-obalu","category-blog","category-filmy","category-kultura","tag-bez-obalu","tag-blog","tag-film","tag-havel","tag-kultura","tag-milos-zeman","tag-nazor","tag-politika","tag-prezident","tag-smutek","tag-srovnani","tag-vaclav-havel"],"yoast_head":"<!-- This site is optimized with the Yoast SEO plugin v27.5 - https:\/\/yoast.com\/product\/yoast-seo-wordpress\/ -->\n<title>Blog: Smutn\u00fd pohled na Hrad aneb vid\u011bl jsem film Havel - Mzone<\/title>\n<meta name=\"description\" content=\"Byl jsem v kin\u011b na filmu Havel. Nechci ale film nijak recenzovat, sp\u00ed\u0161 se pod\u011blit o my\u0161lenkov\u00e9 pochody, kter\u00e9 ve m\u011b zanechal.\" \/>\n<meta name=\"robots\" content=\"index, follow, max-snippet:-1, max-image-preview:large, max-video-preview:-1\" \/>\n<link rel=\"canonical\" href=\"https:\/\/www.mzone.cz\/en\/blog-havel-smutny-pohled-na-hrad\/\" \/>\n<meta property=\"og:locale\" content=\"en_US\" \/>\n<meta property=\"og:type\" content=\"article\" \/>\n<meta property=\"og:title\" content=\"Blog: Smutn\u00fd pohled na Hrad aneb vid\u011bl jsem film Havel - Mzone\" \/>\n<meta property=\"og:description\" content=\"Byl jsem v kin\u011b na filmu Havel. Nechci ale film nijak recenzovat, sp\u00ed\u0161 se pod\u011blit o my\u0161lenkov\u00e9 pochody, kter\u00e9 ve m\u011b zanechal.\" \/>\n<meta property=\"og:url\" content=\"https:\/\/www.mzone.cz\/en\/blog-havel-smutny-pohled-na-hrad\/\" \/>\n<meta property=\"og:site_name\" content=\"Mzone\" \/>\n<meta property=\"article:publisher\" content=\"https:\/\/www.facebook.com\/MzoneCZ\/\" \/>\n<meta property=\"article:published_time\" content=\"2020-08-18T03:00:42+00:00\" \/>\n<meta property=\"article:modified_time\" content=\"2020-08-18T07:27:11+00:00\" \/>\n<meta property=\"og:image\" content=\"https:\/\/www.mzone.cz\/wp-content\/uploads\/2020\/08\/Havel.jpg\" \/>\n\t<meta property=\"og:image:width\" content=\"531\" \/>\n\t<meta property=\"og:image:height\" content=\"354\" \/>\n\t<meta property=\"og:image:type\" content=\"image\/jpeg\" \/>\n<meta name=\"author\" content=\"Mzone\" \/>\n<meta name=\"twitter:card\" content=\"summary_large_image\" \/>\n<meta name=\"twitter:label1\" content=\"Written by\" \/>\n\t<meta name=\"twitter:data1\" content=\"Mzone\" \/>\n\t<meta name=\"twitter:label2\" content=\"Est. reading time\" \/>\n\t<meta name=\"twitter:data2\" content=\"2 minutes\" \/>\n<script type=\"application\/ld+json\" class=\"yoast-schema-graph\">{\"@context\":\"https:\\\/\\\/schema.org\",\"@graph\":[{\"@type\":\"Article\",\"@id\":\"https:\\\/\\\/www.mzone.cz\\\/blog-havel-smutny-pohled-na-hrad\\\/#article\",\"isPartOf\":{\"@id\":\"https:\\\/\\\/www.mzone.cz\\\/blog-havel-smutny-pohled-na-hrad\\\/\"},\"author\":{\"name\":\"Mzone\",\"@id\":\"https:\\\/\\\/www.mzone.cz\\\/#\\\/schema\\\/person\\\/9bc20cc422a99cac4af6ff9297da32d4\"},\"headline\":\"Blog: Smutn\u00fd pohled na Hrad aneb vid\u011bl jsem film Havel\",\"datePublished\":\"2020-08-18T03:00:42+00:00\",\"dateModified\":\"2020-08-18T07:27:11+00:00\",\"mainEntityOfPage\":{\"@id\":\"https:\\\/\\\/www.mzone.cz\\\/blog-havel-smutny-pohled-na-hrad\\\/\"},\"wordCount\":502,\"commentCount\":0,\"image\":{\"@id\":\"https:\\\/\\\/www.mzone.cz\\\/blog-havel-smutny-pohled-na-hrad\\\/#primaryimage\"},\"thumbnailUrl\":\"https:\\\/\\\/www.mzone.cz\\\/wp-content\\\/uploads\\\/2020\\\/08\\\/Havel.jpg\",\"keywords\":[\"bez obalu\",\"Blog\",\"film\",\"Havel\",\"Kultura\",\"Milo\u0161 Zeman\",\"n\u00e1zor\",\"politika\",\"prezident\",\"smutek\",\"srovn\u00e1n\u00ed\",\"V\u00e1clav Havel\"],\"articleSection\":[\"Bez obalu\",\"Blog\",\"Filmy\",\"Kultura\"],\"inLanguage\":\"en-US\",\"potentialAction\":[{\"@type\":\"CommentAction\",\"name\":\"Comment\",\"target\":[\"https:\\\/\\\/www.mzone.cz\\\/blog-havel-smutny-pohled-na-hrad\\\/#respond\"]}]},{\"@type\":\"WebPage\",\"@id\":\"https:\\\/\\\/www.mzone.cz\\\/blog-havel-smutny-pohled-na-hrad\\\/\",\"url\":\"https:\\\/\\\/www.mzone.cz\\\/blog-havel-smutny-pohled-na-hrad\\\/\",\"name\":\"Blog: Smutn\u00fd pohled na Hrad aneb vid\u011bl jsem film Havel - Mzone\",\"isPartOf\":{\"@id\":\"https:\\\/\\\/www.mzone.cz\\\/#website\"},\"primaryImageOfPage\":{\"@id\":\"https:\\\/\\\/www.mzone.cz\\\/blog-havel-smutny-pohled-na-hrad\\\/#primaryimage\"},\"image\":{\"@id\":\"https:\\\/\\\/www.mzone.cz\\\/blog-havel-smutny-pohled-na-hrad\\\/#primaryimage\"},\"thumbnailUrl\":\"https:\\\/\\\/www.mzone.cz\\\/wp-content\\\/uploads\\\/2020\\\/08\\\/Havel.jpg\",\"datePublished\":\"2020-08-18T03:00:42+00:00\",\"dateModified\":\"2020-08-18T07:27:11+00:00\",\"author\":{\"@id\":\"https:\\\/\\\/www.mzone.cz\\\/#\\\/schema\\\/person\\\/9bc20cc422a99cac4af6ff9297da32d4\"},\"description\":\"Byl jsem v kin\u011b na filmu Havel. Nechci ale film nijak recenzovat, sp\u00ed\u0161 se pod\u011blit o my\u0161lenkov\u00e9 pochody, kter\u00e9 ve m\u011b zanechal.\",\"breadcrumb\":{\"@id\":\"https:\\\/\\\/www.mzone.cz\\\/blog-havel-smutny-pohled-na-hrad\\\/#breadcrumb\"},\"inLanguage\":\"en-US\",\"potentialAction\":[{\"@type\":\"ReadAction\",\"target\":[\"https:\\\/\\\/www.mzone.cz\\\/blog-havel-smutny-pohled-na-hrad\\\/\"]}]},{\"@type\":\"ImageObject\",\"inLanguage\":\"en-US\",\"@id\":\"https:\\\/\\\/www.mzone.cz\\\/blog-havel-smutny-pohled-na-hrad\\\/#primaryimage\",\"url\":\"https:\\\/\\\/www.mzone.cz\\\/wp-content\\\/uploads\\\/2020\\\/08\\\/Havel.jpg\",\"contentUrl\":\"https:\\\/\\\/www.mzone.cz\\\/wp-content\\\/uploads\\\/2020\\\/08\\\/Havel.jpg\",\"width\":531,\"height\":354,\"caption\":\"Havel\"},{\"@type\":\"BreadcrumbList\",\"@id\":\"https:\\\/\\\/www.mzone.cz\\\/blog-havel-smutny-pohled-na-hrad\\\/#breadcrumb\",\"itemListElement\":[{\"@type\":\"ListItem\",\"position\":1,\"name\":\"Dom\u016f\",\"item\":\"https:\\\/\\\/www.mzone.cz\\\/\"},{\"@type\":\"ListItem\",\"position\":2,\"name\":\"Blog: Smutn\u00fd pohled na Hrad aneb vid\u011bl jsem film Havel\"}]},{\"@type\":\"WebSite\",\"@id\":\"https:\\\/\\\/www.mzone.cz\\\/#website\",\"url\":\"https:\\\/\\\/www.mzone.cz\\\/\",\"name\":\"Mzone\",\"description\":\"Magaz\u00edn nejen pro mu\u017ee\",\"potentialAction\":[{\"@type\":\"SearchAction\",\"target\":{\"@type\":\"EntryPoint\",\"urlTemplate\":\"https:\\\/\\\/www.mzone.cz\\\/?s={search_term_string}\"},\"query-input\":{\"@type\":\"PropertyValueSpecification\",\"valueRequired\":true,\"valueName\":\"search_term_string\"}}],\"inLanguage\":\"en-US\"},{\"@type\":\"Person\",\"@id\":\"https:\\\/\\\/www.mzone.cz\\\/#\\\/schema\\\/person\\\/9bc20cc422a99cac4af6ff9297da32d4\",\"name\":\"Mzone\",\"image\":{\"@type\":\"ImageObject\",\"inLanguage\":\"en-US\",\"@id\":\"https:\\\/\\\/secure.gravatar.com\\\/avatar\\\/e780a8630f3182a3d06dd667ab6bea151a0d155b0951bc15fe22633acdac0676?s=96&d=mm&r=g\",\"url\":\"https:\\\/\\\/secure.gravatar.com\\\/avatar\\\/e780a8630f3182a3d06dd667ab6bea151a0d155b0951bc15fe22633acdac0676?s=96&d=mm&r=g\",\"contentUrl\":\"https:\\\/\\\/secure.gravatar.com\\\/avatar\\\/e780a8630f3182a3d06dd667ab6bea151a0d155b0951bc15fe22633acdac0676?s=96&d=mm&r=g\",\"caption\":\"Mzone\"},\"url\":\"https:\\\/\\\/www.mzone.cz\\\/en\\\/author\\\/jakub\\\/\"}]}<\/script>\n<!-- \/ Yoast SEO plugin. -->","yoast_head_json":{"title":"Blog: Smutn\u00fd pohled na Hrad aneb vid\u011bl jsem film Havel - Mzone","description":"Byl jsem v kin\u011b na filmu Havel. Nechci ale film nijak recenzovat, sp\u00ed\u0161 se pod\u011blit o my\u0161lenkov\u00e9 pochody, kter\u00e9 ve m\u011b zanechal.","robots":{"index":"index","follow":"follow","max-snippet":"max-snippet:-1","max-image-preview":"max-image-preview:large","max-video-preview":"max-video-preview:-1"},"canonical":"https:\/\/www.mzone.cz\/en\/blog-havel-smutny-pohled-na-hrad\/","og_locale":"en_US","og_type":"article","og_title":"Blog: Smutn\u00fd pohled na Hrad aneb vid\u011bl jsem film Havel - Mzone","og_description":"Byl jsem v kin\u011b na filmu Havel. Nechci ale film nijak recenzovat, sp\u00ed\u0161 se pod\u011blit o my\u0161lenkov\u00e9 pochody, kter\u00e9 ve m\u011b zanechal.","og_url":"https:\/\/www.mzone.cz\/en\/blog-havel-smutny-pohled-na-hrad\/","og_site_name":"Mzone","article_publisher":"https:\/\/www.facebook.com\/MzoneCZ\/","article_published_time":"2020-08-18T03:00:42+00:00","article_modified_time":"2020-08-18T07:27:11+00:00","og_image":[{"width":531,"height":354,"url":"https:\/\/www.mzone.cz\/wp-content\/uploads\/2020\/08\/Havel.jpg","type":"image\/jpeg"}],"author":"Mzone","twitter_card":"summary_large_image","twitter_misc":{"Written by":"Mzone","Est. reading time":"2 minutes"},"schema":{"@context":"https:\/\/schema.org","@graph":[{"@type":"Article","@id":"https:\/\/www.mzone.cz\/blog-havel-smutny-pohled-na-hrad\/#article","isPartOf":{"@id":"https:\/\/www.mzone.cz\/blog-havel-smutny-pohled-na-hrad\/"},"author":{"name":"Mzone","@id":"https:\/\/www.mzone.cz\/#\/schema\/person\/9bc20cc422a99cac4af6ff9297da32d4"},"headline":"Blog: Smutn\u00fd pohled na Hrad aneb vid\u011bl jsem film Havel","datePublished":"2020-08-18T03:00:42+00:00","dateModified":"2020-08-18T07:27:11+00:00","mainEntityOfPage":{"@id":"https:\/\/www.mzone.cz\/blog-havel-smutny-pohled-na-hrad\/"},"wordCount":502,"commentCount":0,"image":{"@id":"https:\/\/www.mzone.cz\/blog-havel-smutny-pohled-na-hrad\/#primaryimage"},"thumbnailUrl":"https:\/\/www.mzone.cz\/wp-content\/uploads\/2020\/08\/Havel.jpg","keywords":["bez obalu","Blog","film","Havel","Kultura","Milo\u0161 Zeman","n\u00e1zor","politika","prezident","smutek","srovn\u00e1n\u00ed","V\u00e1clav Havel"],"articleSection":["Bez obalu","Blog","Filmy","Kultura"],"inLanguage":"en-US","potentialAction":[{"@type":"CommentAction","name":"Comment","target":["https:\/\/www.mzone.cz\/blog-havel-smutny-pohled-na-hrad\/#respond"]}]},{"@type":"WebPage","@id":"https:\/\/www.mzone.cz\/blog-havel-smutny-pohled-na-hrad\/","url":"https:\/\/www.mzone.cz\/blog-havel-smutny-pohled-na-hrad\/","name":"Blog: Smutn\u00fd pohled na Hrad aneb vid\u011bl jsem film Havel - Mzone","isPartOf":{"@id":"https:\/\/www.mzone.cz\/#website"},"primaryImageOfPage":{"@id":"https:\/\/www.mzone.cz\/blog-havel-smutny-pohled-na-hrad\/#primaryimage"},"image":{"@id":"https:\/\/www.mzone.cz\/blog-havel-smutny-pohled-na-hrad\/#primaryimage"},"thumbnailUrl":"https:\/\/www.mzone.cz\/wp-content\/uploads\/2020\/08\/Havel.jpg","datePublished":"2020-08-18T03:00:42+00:00","dateModified":"2020-08-18T07:27:11+00:00","author":{"@id":"https:\/\/www.mzone.cz\/#\/schema\/person\/9bc20cc422a99cac4af6ff9297da32d4"},"description":"Byl jsem v kin\u011b na filmu Havel. Nechci ale film nijak recenzovat, sp\u00ed\u0161 se pod\u011blit o my\u0161lenkov\u00e9 pochody, kter\u00e9 ve m\u011b zanechal.","breadcrumb":{"@id":"https:\/\/www.mzone.cz\/blog-havel-smutny-pohled-na-hrad\/#breadcrumb"},"inLanguage":"en-US","potentialAction":[{"@type":"ReadAction","target":["https:\/\/www.mzone.cz\/blog-havel-smutny-pohled-na-hrad\/"]}]},{"@type":"ImageObject","inLanguage":"en-US","@id":"https:\/\/www.mzone.cz\/blog-havel-smutny-pohled-na-hrad\/#primaryimage","url":"https:\/\/www.mzone.cz\/wp-content\/uploads\/2020\/08\/Havel.jpg","contentUrl":"https:\/\/www.mzone.cz\/wp-content\/uploads\/2020\/08\/Havel.jpg","width":531,"height":354,"caption":"Havel"},{"@type":"BreadcrumbList","@id":"https:\/\/www.mzone.cz\/blog-havel-smutny-pohled-na-hrad\/#breadcrumb","itemListElement":[{"@type":"ListItem","position":1,"name":"Dom\u016f","item":"https:\/\/www.mzone.cz\/"},{"@type":"ListItem","position":2,"name":"Blog: Smutn\u00fd pohled na Hrad aneb vid\u011bl jsem film Havel"}]},{"@type":"WebSite","@id":"https:\/\/www.mzone.cz\/#website","url":"https:\/\/www.mzone.cz\/","name":"Mzone","description":"Magaz\u00edn nejen pro mu\u017ee","potentialAction":[{"@type":"SearchAction","target":{"@type":"EntryPoint","urlTemplate":"https:\/\/www.mzone.cz\/?s={search_term_string}"},"query-input":{"@type":"PropertyValueSpecification","valueRequired":true,"valueName":"search_term_string"}}],"inLanguage":"en-US"},{"@type":"Person","@id":"https:\/\/www.mzone.cz\/#\/schema\/person\/9bc20cc422a99cac4af6ff9297da32d4","name":"Mzone","image":{"@type":"ImageObject","inLanguage":"en-US","@id":"https:\/\/secure.gravatar.com\/avatar\/e780a8630f3182a3d06dd667ab6bea151a0d155b0951bc15fe22633acdac0676?s=96&d=mm&r=g","url":"https:\/\/secure.gravatar.com\/avatar\/e780a8630f3182a3d06dd667ab6bea151a0d155b0951bc15fe22633acdac0676?s=96&d=mm&r=g","contentUrl":"https:\/\/secure.gravatar.com\/avatar\/e780a8630f3182a3d06dd667ab6bea151a0d155b0951bc15fe22633acdac0676?s=96&d=mm&r=g","caption":"Mzone"},"url":"https:\/\/www.mzone.cz\/en\/author\/jakub\/"}]}},"_links":{"self":[{"href":"https:\/\/www.mzone.cz\/en\/wp-json\/wp\/v2\/posts\/23535","targetHints":{"allow":["GET"]}}],"collection":[{"href":"https:\/\/www.mzone.cz\/en\/wp-json\/wp\/v2\/posts"}],"about":[{"href":"https:\/\/www.mzone.cz\/en\/wp-json\/wp\/v2\/types\/post"}],"author":[{"embeddable":true,"href":"https:\/\/www.mzone.cz\/en\/wp-json\/wp\/v2\/users\/4"}],"replies":[{"embeddable":true,"href":"https:\/\/www.mzone.cz\/en\/wp-json\/wp\/v2\/comments?post=23535"}],"version-history":[{"count":13,"href":"https:\/\/www.mzone.cz\/en\/wp-json\/wp\/v2\/posts\/23535\/revisions"}],"predecessor-version":[{"id":23556,"href":"https:\/\/www.mzone.cz\/en\/wp-json\/wp\/v2\/posts\/23535\/revisions\/23556"}],"wp:featuredmedia":[{"embeddable":true,"href":"https:\/\/www.mzone.cz\/en\/wp-json\/wp\/v2\/media\/23536"}],"wp:attachment":[{"href":"https:\/\/www.mzone.cz\/en\/wp-json\/wp\/v2\/media?parent=23535"}],"wp:term":[{"taxonomy":"category","embeddable":true,"href":"https:\/\/www.mzone.cz\/en\/wp-json\/wp\/v2\/categories?post=23535"},{"taxonomy":"post_tag","embeddable":true,"href":"https:\/\/www.mzone.cz\/en\/wp-json\/wp\/v2\/tags?post=23535"}],"curies":[{"name":"wp","href":"https:\/\/api.w.org\/{rel}","templated":true}]}}