{"id":23717,"date":"2020-08-22T17:00:10","date_gmt":"2020-08-22T15:00:10","guid":{"rendered":"https:\/\/www.mzone.cz\/?p=23717"},"modified":"2020-08-21T11:23:09","modified_gmt":"2020-08-21T09:23:09","slug":"black-mountains-aukcni-rekord-patrika-habla","status":"publish","type":"post","link":"https:\/\/www.mzone.cz\/en\/black-mountains-aukcni-rekord-patrika-habla\/","title":{"rendered":"\u010cesk\u00e1 jedni\u010dka: Dal\u0161\u00ed auk\u010dn\u00ed rekord Patrika H\u00e1bla v lond\u00fdnsk\u00e9 Sotheby&#8217;s"},"content":{"rendered":"<p><strong>Lond\u00fdnsk\u00e1 auk\u010dn\u00ed s\u00ed\u0148 Sotheby&#8217;s vydra\u017eila v\u010dera d\u00edlo Black Mouintains Patrika H\u00e1bla ve v\u00fdb\u011bru sou\u010dasn\u00e9ho um\u011bn\u00ed &#8211; Contemporary art London za 10 710 liber. H\u00e1bl op\u011btovn\u011b potvrdil svou pozici v kontextu sv\u011btov\u00e9ho um\u011bn\u00ed a p\u0159ipsal si tak sv\u016fj nov\u00fd auk\u010dn\u00ed rekord.<\/strong><\/p><br>\n\n\n\n<p>V leto\u0161n\u00ed b\u0159eznov\u00e9 aukci byl H\u00e1bl\u016fv obraz s n\u00e1zvem Blue Landscapes v Sotheby&#8217;s vydra\u017een za 6 875 liber. Patrik H\u00e1bl tak je prvn\u00edm \u017eij\u00edc\u00edm \u010desk\u00fdm mal\u00ed\u0159em, jeho\u017e d\u00edla se opakovan\u011b vydra\u017eila ve sv\u011btov\u00e9m v\u00fdb\u011bru sou\u010dasn\u00e9ho um\u011bn\u00ed v t\u00e9to nejpresti\u017en\u011bj\u0161\u00ed auk\u010dn\u00ed s\u00edni.<\/p>\n\n\n\n<blockquote class=\"wp-block-quote is-layout-flow wp-block-quote-is-layout-flow\"><p>Obraz Black Mouintains se dra\u017eil vedle um\u011blc\u016f jako jsou Ai Wei Wei, Richard Prince, Rudolf Stingel, Wolfgang Tillmans, Matthew Barney nebo David Hockney.<\/p><\/blockquote>\n\n\n\n<p>V listopadov\u00e9 aukci spole\u010dnosti Sotheby&#8217;s zam\u011b\u0159en\u00e9 na st\u0159edoevropsk\u00e9 um\u011bn\u00ed je nominov\u00e1no d\u00edky snaze Galerie Kodl n\u011bkolik sou\u010dasn\u00fdch \u010desk\u00fdch um\u011blc\u016f, kte\u0159\u00ed by mohli trend z\u00e1jmu o \u010desk\u00e9 um\u011bn\u00ed tak\u00e9 podpo\u0159it.<\/p><br>\n\n\n\n<figure class=\"wp-block-image size-large\"><img loading=\"lazy\" decoding=\"async\" width=\"1024\" height=\"683\" src=\"https:\/\/www.mzone.cz\/wp-content\/uploads\/2020\/08\/Black-Mountains-1024x683.jpg\" alt=\"H\u00e1bl\u016fv obraz Black Mountains\" class=\"wp-image-23718\" srcset=\"https:\/\/www.mzone.cz\/wp-content\/uploads\/2020\/08\/Black-Mountains-1024x683.jpg 1024w, https:\/\/www.mzone.cz\/wp-content\/uploads\/2020\/08\/Black-Mountains-300x200.jpg 300w, https:\/\/www.mzone.cz\/wp-content\/uploads\/2020\/08\/Black-Mountains-768x512.jpg 768w, https:\/\/www.mzone.cz\/wp-content\/uploads\/2020\/08\/Black-Mountains-800x533.jpg 800w, https:\/\/www.mzone.cz\/wp-content\/uploads\/2020\/08\/Black-Mountains-400x267.jpg 400w, https:\/\/www.mzone.cz\/wp-content\/uploads\/2020\/08\/Black-Mountains-500x333.jpg 500w, https:\/\/www.mzone.cz\/wp-content\/uploads\/2020\/08\/Black-Mountains-1170x780.jpg 1170w, https:\/\/www.mzone.cz\/wp-content\/uploads\/2020\/08\/Black-Mountains-590x393.jpg 590w, https:\/\/www.mzone.cz\/wp-content\/uploads\/2020\/08\/Black-Mountains.jpg 1275w\" sizes=\"auto, (max-width: 1024px) 100vw, 1024px\" \/><\/figure><br>\n\n\n\n<p>V sou\u010dasn\u00e9 dob\u011b prob\u00edhaj\u00ed paraleln\u011b \u010dty\u0159i H\u00e1blovy samostatn\u00e9 v\u00fdstavy a instalace ve ve\u0159ejn\u00e9m prostoru. Jedna z nich nese n\u00e1zev T\u011blo Obrazu, je\u017e byla p\u0159ed t\u00fddnem zah\u00e1jena zat\u00edm nerozs\u00e1hlej\u0161\u00ed H\u00e1blovou v\u00fdstavou, kter\u00e1 po\u010d\u00edt\u00e1 na 50 d\u011bl jeho tvorby v <a href=\"http:\/\/www.ogv.cz\" target=\"_blank\" rel=\"noreferrer noopener\">OGV v Jihlav\u011b<\/a> (do 18. 9.).<\/p><br>\n\n\n\n<p>Druhou samostatnou v\u00fdstavou s n\u00e1zvem \u201eSynchronizace barvy\u201c v Krajsk\u00e9 galerii v\u00fdtvarn\u00e9ho um\u011bn\u00ed ve Zl\u00edn\u011b (do 13. 9.) p\u0159edstavuje instalaci p\u0159\u00edmo na m\u00edru v rozm\u011bru 21 m a zam\u011b\u0159uje se na barevn\u00e9 spektrum a jeho \u00fa\u010dinek na div\u00e1ka. T\u0159et\u00ed v\u00fdstavou s n\u00e1zvem Obraz Obrazu s podtitulem H\u00e1bl &#8211; Cranach je v Diec\u00e9zn\u00edm muzeu v Litom\u011b\u0159ic\u00edch (do 18. 10), kde se pokusil rozehr\u00e1t p\u0159\u00edm\u00fd dialog s Lucasem Cranachem.<\/p><br>\n\n\n\n<p>Nejmonument\u00e1ln\u011bj\u0161\u00ed sou\u010dasnou instalac\u00ed ve ve\u0159ejn\u00e9m prostoru je v\u0161ak H\u00e1bl\u016fv Vodop\u00e1d vytvo\u0159en\u00fd v r\u00e1mci prob\u00edhaj\u00edc\u00edho Landscape festivalu, kter\u00fd se t\u00fd\u010d\u00ed na plo\u0161e 350 m\u00b2 ve v\u00fd\u0161ce 40 m \u010din\u017eovn\u00edho domu na \u017di\u017ekov\u011b.\u00a013. z\u00e1\u0159\u00ed leto\u0161n\u00edho roku pak bude zah\u00e1jena v\u00fdstava H\u00e1blov\u00fdch d\u011bl v Nizozemsk\u00e9m Leerdamu a v p\u0159\u00ed\u0161t\u00edm roce prob\u011bhne n\u011bkolik dal\u0161\u00edch zahrani\u010dn\u00edch v\u00fdstav.<\/p>\n\n\n\n<div class=\"wp-block-media-text alignwide is-stacked-on-mobile is-vertically-aligned-top\" style=\"grid-template-columns:29% auto\"><figure class=\"wp-block-media-text__media\"><a href=\"https:\/\/www.mzone.cz\/predni-svetova-aukcni-sin-sothebys-bude-drazit-dilo-ceskeho-vytvarnika-patrika-habla\/\"><img loading=\"lazy\" decoding=\"async\" width=\"505\" height=\"336\" src=\"https:\/\/www.mzone.cz\/wp-content\/uploads\/2019\/10\/Patrik_Habl.jpg\" alt=\"\" class=\"wp-image-13479\" srcset=\"https:\/\/www.mzone.cz\/wp-content\/uploads\/2019\/10\/Patrik_Habl.jpg 505w, https:\/\/www.mzone.cz\/wp-content\/uploads\/2019\/10\/Patrik_Habl-300x200.jpg 300w, https:\/\/www.mzone.cz\/wp-content\/uploads\/2019\/10\/Patrik_Habl-400x267.jpg 400w, https:\/\/www.mzone.cz\/wp-content\/uploads\/2019\/10\/Patrik_Habl-500x333.jpg 500w\" sizes=\"auto, (max-width: 505px) 100vw, 505px\" \/><\/a><\/figure><div class=\"wp-block-media-text__content\">\n<h4><a href=\"https:\/\/www.mzone.cz\/predni-svetova-aukcni-sin-sothebys-bude-drazit-dilo-ceskeho-vytvarnika-patrika-habla\/\">P\u0159edn\u00ed sv\u011btov\u00e1 auk\u010dn\u00ed s\u00ed\u0148 Sotheby\u2019s bude dra\u017eit d\u00edlo \u010desk\u00e9ho v\u00fdtvarn\u00edka Patrika H\u00e1bla<\/a><\/h4><br>\n<\/div><\/div>\n\n\n\n<p><\/p>","protected":false},"excerpt":{"rendered":"<p>Lond\u00fdnsk\u00e1 auk\u010dn\u00ed s\u00ed\u0148 Sotheby&#8217;s vydra\u017eila v\u010dera d\u00edlo Black Mouintains Patrika H\u00e1bla ve v\u00fdb\u011bru sou\u010dasn\u00e9ho um\u011bn\u00ed &#8211; Contemporary art London za 10 710 liber. H\u00e1bl op\u011btovn\u011b potvrdil svou pozici v kontextu sv\u011btov\u00e9ho um\u011bn\u00ed a p\u0159ipsal si tak sv\u016fj nov\u00fd auk\u010dn\u00ed rekord. V leto\u0161n\u00ed b\u0159eznov\u00e9 aukci byl H\u00e1bl\u016fv obraz s n\u00e1zvem Blue Landscapes v Sotheby&#8217;s vydra\u017een za [&hellip;]<\/p>\n","protected":false},"author":4,"featured_media":23718,"comment_status":"open","ping_status":"closed","sticky":false,"template":"","format":"standard","meta":{"kk_blocks_editor_width":"","_kiokenblocks_attr":"","_kiokenblocks_dimensions":"","footnotes":""},"categories":[71,72],"tags":[2101,4097,1987,2882,31,2152,2150,2879,1909,4098,1842,957],"class_list":["post-23717","post","type-post","status-publish","format-standard","has-post-thumbnail","hentry","category-kultura","category-umeni","tag-aukce","tag-black-mountains","tag-dilo","tag-drazba","tag-kultura","tag-malba","tag-malir","tag-patrik-habl","tag-rekord","tag-sothebys-2","tag-umelec","tag-umeni"],"yoast_head":"<!-- This site is optimized with the Yoast SEO plugin v27.5 - https:\/\/yoast.com\/product\/yoast-seo-wordpress\/ -->\n<title>\u010cesk\u00e1 jedni\u010dka: Dal\u0161\u00ed auk\u010dn\u00ed rekord Patrika H\u00e1bla v lond\u00fdnsk\u00e9 Sotheby&#039;s - Mzone<\/title>\n<meta name=\"description\" content=\"Lond\u00fdnsk\u00e1 auk\u010dn\u00ed s\u00ed\u0148 Sotheby&#039;s vydra\u017eila v\u010dera d\u00edlo Black Mouintains Patrika H\u00e1bla ve v\u00fdb\u011bru sou\u010dasn\u00e9ho um\u011bn\u00ed - Contemporary art London za 10 710 liber.\" \/>\n<meta name=\"robots\" content=\"index, follow, max-snippet:-1, max-image-preview:large, max-video-preview:-1\" \/>\n<link rel=\"canonical\" href=\"https:\/\/www.mzone.cz\/en\/black-mountains-aukcni-rekord-patrika-habla\/\" \/>\n<meta property=\"og:locale\" content=\"en_US\" \/>\n<meta property=\"og:type\" content=\"article\" \/>\n<meta property=\"og:title\" content=\"\u010cesk\u00e1 jedni\u010dka: Dal\u0161\u00ed auk\u010dn\u00ed rekord Patrika H\u00e1bla v lond\u00fdnsk\u00e9 Sotheby&#039;s - Mzone\" \/>\n<meta property=\"og:description\" content=\"Lond\u00fdnsk\u00e1 auk\u010dn\u00ed s\u00ed\u0148 Sotheby&#039;s vydra\u017eila v\u010dera d\u00edlo Black Mouintains Patrika H\u00e1bla ve v\u00fdb\u011bru sou\u010dasn\u00e9ho um\u011bn\u00ed - Contemporary art London za 10 710 liber.\" \/>\n<meta property=\"og:url\" content=\"https:\/\/www.mzone.cz\/en\/black-mountains-aukcni-rekord-patrika-habla\/\" \/>\n<meta property=\"og:site_name\" content=\"Mzone\" \/>\n<meta property=\"article:publisher\" content=\"https:\/\/www.facebook.com\/MzoneCZ\/\" \/>\n<meta property=\"article:published_time\" content=\"2020-08-22T15:00:10+00:00\" \/>\n<meta property=\"og:image\" content=\"https:\/\/www.mzone.cz\/wp-content\/uploads\/2020\/08\/Black-Mountains.jpg\" \/>\n\t<meta property=\"og:image:width\" content=\"1275\" \/>\n\t<meta property=\"og:image:height\" content=\"850\" \/>\n\t<meta property=\"og:image:type\" content=\"image\/jpeg\" \/>\n<meta name=\"author\" content=\"Mzone\" \/>\n<meta name=\"twitter:card\" content=\"summary_large_image\" \/>\n<meta name=\"twitter:label1\" content=\"Written by\" \/>\n\t<meta name=\"twitter:data1\" content=\"Mzone\" \/>\n\t<meta name=\"twitter:label2\" content=\"Est. reading time\" \/>\n\t<meta name=\"twitter:data2\" content=\"2 minutes\" \/>\n<script type=\"application\/ld+json\" class=\"yoast-schema-graph\">{\"@context\":\"https:\\\/\\\/schema.org\",\"@graph\":[{\"@type\":\"Article\",\"@id\":\"https:\\\/\\\/www.mzone.cz\\\/black-mountains-aukcni-rekord-patrika-habla\\\/#article\",\"isPartOf\":{\"@id\":\"https:\\\/\\\/www.mzone.cz\\\/black-mountains-aukcni-rekord-patrika-habla\\\/\"},\"author\":{\"name\":\"Mzone\",\"@id\":\"https:\\\/\\\/www.mzone.cz\\\/#\\\/schema\\\/person\\\/9bc20cc422a99cac4af6ff9297da32d4\"},\"headline\":\"\u010cesk\u00e1 jedni\u010dka: Dal\u0161\u00ed auk\u010dn\u00ed rekord Patrika H\u00e1bla v lond\u00fdnsk\u00e9 Sotheby&#8217;s\",\"datePublished\":\"2020-08-22T15:00:10+00:00\",\"mainEntityOfPage\":{\"@id\":\"https:\\\/\\\/www.mzone.cz\\\/black-mountains-aukcni-rekord-patrika-habla\\\/\"},\"wordCount\":453,\"commentCount\":0,\"image\":{\"@id\":\"https:\\\/\\\/www.mzone.cz\\\/black-mountains-aukcni-rekord-patrika-habla\\\/#primaryimage\"},\"thumbnailUrl\":\"https:\\\/\\\/www.mzone.cz\\\/wp-content\\\/uploads\\\/2020\\\/08\\\/Black-Mountains.jpg\",\"keywords\":[\"aukce\",\"Black Mountains\",\"d\u00edlo\",\"dra\u017eba\",\"Kultura\",\"malba\",\"mal\u00ed\u0159\",\"Patrik H\u00e1bl\",\"rekord\",\"Sothebys\",\"um\u011blec\",\"um\u011bn\u00ed\"],\"articleSection\":[\"Kultura\",\"Um\u011bn\u00ed\"],\"inLanguage\":\"en-US\",\"potentialAction\":[{\"@type\":\"CommentAction\",\"name\":\"Comment\",\"target\":[\"https:\\\/\\\/www.mzone.cz\\\/black-mountains-aukcni-rekord-patrika-habla\\\/#respond\"]}]},{\"@type\":\"WebPage\",\"@id\":\"https:\\\/\\\/www.mzone.cz\\\/black-mountains-aukcni-rekord-patrika-habla\\\/\",\"url\":\"https:\\\/\\\/www.mzone.cz\\\/black-mountains-aukcni-rekord-patrika-habla\\\/\",\"name\":\"\u010cesk\u00e1 jedni\u010dka: Dal\u0161\u00ed auk\u010dn\u00ed rekord Patrika H\u00e1bla v lond\u00fdnsk\u00e9 Sotheby's - Mzone\",\"isPartOf\":{\"@id\":\"https:\\\/\\\/www.mzone.cz\\\/#website\"},\"primaryImageOfPage\":{\"@id\":\"https:\\\/\\\/www.mzone.cz\\\/black-mountains-aukcni-rekord-patrika-habla\\\/#primaryimage\"},\"image\":{\"@id\":\"https:\\\/\\\/www.mzone.cz\\\/black-mountains-aukcni-rekord-patrika-habla\\\/#primaryimage\"},\"thumbnailUrl\":\"https:\\\/\\\/www.mzone.cz\\\/wp-content\\\/uploads\\\/2020\\\/08\\\/Black-Mountains.jpg\",\"datePublished\":\"2020-08-22T15:00:10+00:00\",\"author\":{\"@id\":\"https:\\\/\\\/www.mzone.cz\\\/#\\\/schema\\\/person\\\/9bc20cc422a99cac4af6ff9297da32d4\"},\"description\":\"Lond\u00fdnsk\u00e1 auk\u010dn\u00ed s\u00ed\u0148 Sotheby's vydra\u017eila v\u010dera d\u00edlo Black Mouintains Patrika H\u00e1bla ve v\u00fdb\u011bru sou\u010dasn\u00e9ho um\u011bn\u00ed - Contemporary art London za 10 710 liber.\",\"breadcrumb\":{\"@id\":\"https:\\\/\\\/www.mzone.cz\\\/black-mountains-aukcni-rekord-patrika-habla\\\/#breadcrumb\"},\"inLanguage\":\"en-US\",\"potentialAction\":[{\"@type\":\"ReadAction\",\"target\":[\"https:\\\/\\\/www.mzone.cz\\\/black-mountains-aukcni-rekord-patrika-habla\\\/\"]}]},{\"@type\":\"ImageObject\",\"inLanguage\":\"en-US\",\"@id\":\"https:\\\/\\\/www.mzone.cz\\\/black-mountains-aukcni-rekord-patrika-habla\\\/#primaryimage\",\"url\":\"https:\\\/\\\/www.mzone.cz\\\/wp-content\\\/uploads\\\/2020\\\/08\\\/Black-Mountains.jpg\",\"contentUrl\":\"https:\\\/\\\/www.mzone.cz\\\/wp-content\\\/uploads\\\/2020\\\/08\\\/Black-Mountains.jpg\",\"width\":1275,\"height\":850,\"caption\":\"Black Mountains\"},{\"@type\":\"BreadcrumbList\",\"@id\":\"https:\\\/\\\/www.mzone.cz\\\/black-mountains-aukcni-rekord-patrika-habla\\\/#breadcrumb\",\"itemListElement\":[{\"@type\":\"ListItem\",\"position\":1,\"name\":\"Dom\u016f\",\"item\":\"https:\\\/\\\/www.mzone.cz\\\/\"},{\"@type\":\"ListItem\",\"position\":2,\"name\":\"\u010cesk\u00e1 jedni\u010dka: Dal\u0161\u00ed auk\u010dn\u00ed rekord Patrika H\u00e1bla v lond\u00fdnsk\u00e9 Sotheby&#8217;s\"}]},{\"@type\":\"WebSite\",\"@id\":\"https:\\\/\\\/www.mzone.cz\\\/#website\",\"url\":\"https:\\\/\\\/www.mzone.cz\\\/\",\"name\":\"Mzone\",\"description\":\"Magaz\u00edn nejen pro mu\u017ee\",\"potentialAction\":[{\"@type\":\"SearchAction\",\"target\":{\"@type\":\"EntryPoint\",\"urlTemplate\":\"https:\\\/\\\/www.mzone.cz\\\/?s={search_term_string}\"},\"query-input\":{\"@type\":\"PropertyValueSpecification\",\"valueRequired\":true,\"valueName\":\"search_term_string\"}}],\"inLanguage\":\"en-US\"},{\"@type\":\"Person\",\"@id\":\"https:\\\/\\\/www.mzone.cz\\\/#\\\/schema\\\/person\\\/9bc20cc422a99cac4af6ff9297da32d4\",\"name\":\"Mzone\",\"image\":{\"@type\":\"ImageObject\",\"inLanguage\":\"en-US\",\"@id\":\"https:\\\/\\\/secure.gravatar.com\\\/avatar\\\/e780a8630f3182a3d06dd667ab6bea151a0d155b0951bc15fe22633acdac0676?s=96&d=mm&r=g\",\"url\":\"https:\\\/\\\/secure.gravatar.com\\\/avatar\\\/e780a8630f3182a3d06dd667ab6bea151a0d155b0951bc15fe22633acdac0676?s=96&d=mm&r=g\",\"contentUrl\":\"https:\\\/\\\/secure.gravatar.com\\\/avatar\\\/e780a8630f3182a3d06dd667ab6bea151a0d155b0951bc15fe22633acdac0676?s=96&d=mm&r=g\",\"caption\":\"Mzone\"},\"url\":\"https:\\\/\\\/www.mzone.cz\\\/en\\\/author\\\/jakub\\\/\"}]}<\/script>\n<!-- \/ Yoast SEO plugin. -->","yoast_head_json":{"title":"\u010cesk\u00e1 jedni\u010dka: Dal\u0161\u00ed auk\u010dn\u00ed rekord Patrika H\u00e1bla v lond\u00fdnsk\u00e9 Sotheby's - Mzone","description":"Lond\u00fdnsk\u00e1 auk\u010dn\u00ed s\u00ed\u0148 Sotheby's vydra\u017eila v\u010dera d\u00edlo Black Mouintains Patrika H\u00e1bla ve v\u00fdb\u011bru sou\u010dasn\u00e9ho um\u011bn\u00ed - Contemporary art London za 10 710 liber.","robots":{"index":"index","follow":"follow","max-snippet":"max-snippet:-1","max-image-preview":"max-image-preview:large","max-video-preview":"max-video-preview:-1"},"canonical":"https:\/\/www.mzone.cz\/en\/black-mountains-aukcni-rekord-patrika-habla\/","og_locale":"en_US","og_type":"article","og_title":"\u010cesk\u00e1 jedni\u010dka: Dal\u0161\u00ed auk\u010dn\u00ed rekord Patrika H\u00e1bla v lond\u00fdnsk\u00e9 Sotheby's - Mzone","og_description":"Lond\u00fdnsk\u00e1 auk\u010dn\u00ed s\u00ed\u0148 Sotheby's vydra\u017eila v\u010dera d\u00edlo Black Mouintains Patrika H\u00e1bla ve v\u00fdb\u011bru sou\u010dasn\u00e9ho um\u011bn\u00ed - Contemporary art London za 10 710 liber.","og_url":"https:\/\/www.mzone.cz\/en\/black-mountains-aukcni-rekord-patrika-habla\/","og_site_name":"Mzone","article_publisher":"https:\/\/www.facebook.com\/MzoneCZ\/","article_published_time":"2020-08-22T15:00:10+00:00","og_image":[{"width":1275,"height":850,"url":"https:\/\/www.mzone.cz\/wp-content\/uploads\/2020\/08\/Black-Mountains.jpg","type":"image\/jpeg"}],"author":"Mzone","twitter_card":"summary_large_image","twitter_misc":{"Written by":"Mzone","Est. reading time":"2 minutes"},"schema":{"@context":"https:\/\/schema.org","@graph":[{"@type":"Article","@id":"https:\/\/www.mzone.cz\/black-mountains-aukcni-rekord-patrika-habla\/#article","isPartOf":{"@id":"https:\/\/www.mzone.cz\/black-mountains-aukcni-rekord-patrika-habla\/"},"author":{"name":"Mzone","@id":"https:\/\/www.mzone.cz\/#\/schema\/person\/9bc20cc422a99cac4af6ff9297da32d4"},"headline":"\u010cesk\u00e1 jedni\u010dka: Dal\u0161\u00ed auk\u010dn\u00ed rekord Patrika H\u00e1bla v lond\u00fdnsk\u00e9 Sotheby&#8217;s","datePublished":"2020-08-22T15:00:10+00:00","mainEntityOfPage":{"@id":"https:\/\/www.mzone.cz\/black-mountains-aukcni-rekord-patrika-habla\/"},"wordCount":453,"commentCount":0,"image":{"@id":"https:\/\/www.mzone.cz\/black-mountains-aukcni-rekord-patrika-habla\/#primaryimage"},"thumbnailUrl":"https:\/\/www.mzone.cz\/wp-content\/uploads\/2020\/08\/Black-Mountains.jpg","keywords":["aukce","Black Mountains","d\u00edlo","dra\u017eba","Kultura","malba","mal\u00ed\u0159","Patrik H\u00e1bl","rekord","Sothebys","um\u011blec","um\u011bn\u00ed"],"articleSection":["Kultura","Um\u011bn\u00ed"],"inLanguage":"en-US","potentialAction":[{"@type":"CommentAction","name":"Comment","target":["https:\/\/www.mzone.cz\/black-mountains-aukcni-rekord-patrika-habla\/#respond"]}]},{"@type":"WebPage","@id":"https:\/\/www.mzone.cz\/black-mountains-aukcni-rekord-patrika-habla\/","url":"https:\/\/www.mzone.cz\/black-mountains-aukcni-rekord-patrika-habla\/","name":"\u010cesk\u00e1 jedni\u010dka: Dal\u0161\u00ed auk\u010dn\u00ed rekord Patrika H\u00e1bla v lond\u00fdnsk\u00e9 Sotheby's - Mzone","isPartOf":{"@id":"https:\/\/www.mzone.cz\/#website"},"primaryImageOfPage":{"@id":"https:\/\/www.mzone.cz\/black-mountains-aukcni-rekord-patrika-habla\/#primaryimage"},"image":{"@id":"https:\/\/www.mzone.cz\/black-mountains-aukcni-rekord-patrika-habla\/#primaryimage"},"thumbnailUrl":"https:\/\/www.mzone.cz\/wp-content\/uploads\/2020\/08\/Black-Mountains.jpg","datePublished":"2020-08-22T15:00:10+00:00","author":{"@id":"https:\/\/www.mzone.cz\/#\/schema\/person\/9bc20cc422a99cac4af6ff9297da32d4"},"description":"Lond\u00fdnsk\u00e1 auk\u010dn\u00ed s\u00ed\u0148 Sotheby's vydra\u017eila v\u010dera d\u00edlo Black Mouintains Patrika H\u00e1bla ve v\u00fdb\u011bru sou\u010dasn\u00e9ho um\u011bn\u00ed - Contemporary art London za 10 710 liber.","breadcrumb":{"@id":"https:\/\/www.mzone.cz\/black-mountains-aukcni-rekord-patrika-habla\/#breadcrumb"},"inLanguage":"en-US","potentialAction":[{"@type":"ReadAction","target":["https:\/\/www.mzone.cz\/black-mountains-aukcni-rekord-patrika-habla\/"]}]},{"@type":"ImageObject","inLanguage":"en-US","@id":"https:\/\/www.mzone.cz\/black-mountains-aukcni-rekord-patrika-habla\/#primaryimage","url":"https:\/\/www.mzone.cz\/wp-content\/uploads\/2020\/08\/Black-Mountains.jpg","contentUrl":"https:\/\/www.mzone.cz\/wp-content\/uploads\/2020\/08\/Black-Mountains.jpg","width":1275,"height":850,"caption":"Black Mountains"},{"@type":"BreadcrumbList","@id":"https:\/\/www.mzone.cz\/black-mountains-aukcni-rekord-patrika-habla\/#breadcrumb","itemListElement":[{"@type":"ListItem","position":1,"name":"Dom\u016f","item":"https:\/\/www.mzone.cz\/"},{"@type":"ListItem","position":2,"name":"\u010cesk\u00e1 jedni\u010dka: Dal\u0161\u00ed auk\u010dn\u00ed rekord Patrika H\u00e1bla v lond\u00fdnsk\u00e9 Sotheby&#8217;s"}]},{"@type":"WebSite","@id":"https:\/\/www.mzone.cz\/#website","url":"https:\/\/www.mzone.cz\/","name":"Mzone","description":"Magaz\u00edn nejen pro mu\u017ee","potentialAction":[{"@type":"SearchAction","target":{"@type":"EntryPoint","urlTemplate":"https:\/\/www.mzone.cz\/?s={search_term_string}"},"query-input":{"@type":"PropertyValueSpecification","valueRequired":true,"valueName":"search_term_string"}}],"inLanguage":"en-US"},{"@type":"Person","@id":"https:\/\/www.mzone.cz\/#\/schema\/person\/9bc20cc422a99cac4af6ff9297da32d4","name":"Mzone","image":{"@type":"ImageObject","inLanguage":"en-US","@id":"https:\/\/secure.gravatar.com\/avatar\/e780a8630f3182a3d06dd667ab6bea151a0d155b0951bc15fe22633acdac0676?s=96&d=mm&r=g","url":"https:\/\/secure.gravatar.com\/avatar\/e780a8630f3182a3d06dd667ab6bea151a0d155b0951bc15fe22633acdac0676?s=96&d=mm&r=g","contentUrl":"https:\/\/secure.gravatar.com\/avatar\/e780a8630f3182a3d06dd667ab6bea151a0d155b0951bc15fe22633acdac0676?s=96&d=mm&r=g","caption":"Mzone"},"url":"https:\/\/www.mzone.cz\/en\/author\/jakub\/"}]}},"_links":{"self":[{"href":"https:\/\/www.mzone.cz\/en\/wp-json\/wp\/v2\/posts\/23717","targetHints":{"allow":["GET"]}}],"collection":[{"href":"https:\/\/www.mzone.cz\/en\/wp-json\/wp\/v2\/posts"}],"about":[{"href":"https:\/\/www.mzone.cz\/en\/wp-json\/wp\/v2\/types\/post"}],"author":[{"embeddable":true,"href":"https:\/\/www.mzone.cz\/en\/wp-json\/wp\/v2\/users\/4"}],"replies":[{"embeddable":true,"href":"https:\/\/www.mzone.cz\/en\/wp-json\/wp\/v2\/comments?post=23717"}],"version-history":[{"count":7,"href":"https:\/\/www.mzone.cz\/en\/wp-json\/wp\/v2\/posts\/23717\/revisions"}],"predecessor-version":[{"id":23727,"href":"https:\/\/www.mzone.cz\/en\/wp-json\/wp\/v2\/posts\/23717\/revisions\/23727"}],"wp:featuredmedia":[{"embeddable":true,"href":"https:\/\/www.mzone.cz\/en\/wp-json\/wp\/v2\/media\/23718"}],"wp:attachment":[{"href":"https:\/\/www.mzone.cz\/en\/wp-json\/wp\/v2\/media?parent=23717"}],"wp:term":[{"taxonomy":"category","embeddable":true,"href":"https:\/\/www.mzone.cz\/en\/wp-json\/wp\/v2\/categories?post=23717"},{"taxonomy":"post_tag","embeddable":true,"href":"https:\/\/www.mzone.cz\/en\/wp-json\/wp\/v2\/tags?post=23717"}],"curies":[{"name":"wp","href":"https:\/\/api.w.org\/{rel}","templated":true}]}}