{"id":23802,"date":"2020-08-27T05:00:22","date_gmt":"2020-08-27T03:00:22","guid":{"rendered":"https:\/\/www.mzone.cz\/?p=23802"},"modified":"2020-08-26T12:24:20","modified_gmt":"2020-08-26T10:24:20","slug":"prazsky-tedx-se-letos-ponori-do-neviditelnych-temat-hned-na-dvou-mistech","status":"publish","type":"post","link":"https:\/\/www.mzone.cz\/en\/prazsky-tedx-se-letos-ponori-do-neviditelnych-temat-hned-na-dvou-mistech\/","title":{"rendered":"Pra\u017esk\u00fd TEDx se letos pono\u0159\u00ed do neviditeln\u00fdch t\u00e9mat! Konat se bude hned na dvou m\u00edstech najednou"},"content":{"rendered":"<p><strong>Dlouho o\u010dek\u00e1van\u00e1 zpr\u00e1va je tu! \u0158e\u010dnice a \u0159e\u010dn\u00edci leto\u0161n\u00edho TEDxPrague budou \u201eNeviditeln\u00ed\u201d. Ale nem\u011bjte obavy \u2013 pokud na akci, kter\u00e1 se letos uskute\u010dn\u00ed druhou listopadovou sobotu v Praze, doraz\u00edte, nebudete o n\u011b ochuzeni, a to ani vizu\u00e1ln\u011b. \u201eNeviditeln\u00e9\u201d je ov\u0161em t\u00e9matem, kter\u00e9 bude v\u0161echny leto\u0161n\u00ed pra\u017esk\u00e9 TEDtalky spojovat.<\/strong><\/p><br>\n\n\n\n<p>\u201eZam\u011b\u0159\u00edme se letos na t\u00e9mata, kter\u00e1 jsou d\u016fle\u017eit\u00e1, ale \u010dasto se o nich nemluv\u00ed, a tak je snadno m\u016f\u017eeme ztratit ze z\u0159etele. Jedn\u00e1 se o probl\u00e9my, kter\u00e9 nejsou na prvn\u00ed pohled viditeln\u00e9, ale nejsou o nic m\u00e9n\u011b z\u00e1va\u017en\u00e9,\u201d popisuje my\u0161lenku leto\u0161n\u00edho ro\u010dn\u00edku vedouc\u00ed programov\u00e9ho t\u00fdmu TEDxPrague Petra \u0160ebov\u00e1 a dod\u00e1v\u00e1, \u017ee n\u011bkter\u00e1 t\u00e9mata \u010dasto lid\u00e9 ani vid\u011bt necht\u011bj\u00ed.<\/p>\n\n\n\n<blockquote class=\"wp-block-quote is-layout-flow wp-block-quote-is-layout-flow\"><p>\u201eN\u011bkdy se ale m\u016f\u017ee jednat i o v\u011bci, kter\u00e9 jsou tak mal\u00e9, \u017ee ani nejsou vid\u011bt, jindy jde o lidi, kte\u0159\u00ed stoj\u00ed v pozad\u00ed velk\u00fdch projekt\u016f \u2013 nikdo je nezn\u00e1, p\u0159esto jsou ale velmi d\u016fle\u017eit\u00ed,\u201d nasti\u0148uje mo\u017en\u00e9 okruhy leto\u0161n\u00edch talk\u016f Petra \u0160ebov\u00e1.<\/p><\/blockquote>\n\n\n\n<p>T\u011b\u0161it se tak letos m\u016f\u017eete na zaj\u00edmav\u00e9 osobnosti, kter\u00e9 stoj\u00ed za obrovsk\u00fdmi \u00fasp\u011bchy a v\u00fdznamn\u00fdmi projekty, i kdy\u017e jste jejich tv\u00e1\u0159e mo\u017en\u00e1 nikdy nevid\u011bli. V\u00fdb\u011br \u0159e\u010dnic a \u0159e\u010dn\u00edk\u016f bude stejn\u011b jako v minul\u00fdch letech st\u00e1t za to.<\/p><br>\n\n\n\n<figure class=\"wp-block-image size-large\"><img loading=\"lazy\" decoding=\"async\" width=\"1024\" height=\"619\" src=\"https:\/\/www.mzone.cz\/wp-content\/uploads\/2020\/08\/49043771443_f7f605f61a_o-1024x619.jpg\" alt=\"TEDxPrague\" class=\"wp-image-23806\" srcset=\"https:\/\/www.mzone.cz\/wp-content\/uploads\/2020\/08\/49043771443_f7f605f61a_o-1024x619.jpg 1024w, https:\/\/www.mzone.cz\/wp-content\/uploads\/2020\/08\/49043771443_f7f605f61a_o-300x181.jpg 300w, https:\/\/www.mzone.cz\/wp-content\/uploads\/2020\/08\/49043771443_f7f605f61a_o-768x464.jpg 768w, https:\/\/www.mzone.cz\/wp-content\/uploads\/2020\/08\/49043771443_f7f605f61a_o-1536x929.jpg 1536w, https:\/\/www.mzone.cz\/wp-content\/uploads\/2020\/08\/49043771443_f7f605f61a_o-590x357.jpg 590w, https:\/\/www.mzone.cz\/wp-content\/uploads\/2020\/08\/49043771443_f7f605f61a_o.jpg 1884w\" sizes=\"auto, (max-width: 1024px) 100vw, 1024px\" \/><\/figure><br>\n\n\n\n<p>Leto\u0161n\u00ed ro\u010dn\u00edk TEDxPrague, kter\u00fd kv\u016fli epidemii koronaviru a s t\u00edm spojenou hrozbou mimo\u0159\u00e1dn\u00fdch opat\u0159en\u00ed z\u00edsk\u00e1v\u00e1 kone\u010dnou podobu o n\u011bco pozd\u011bji, ne\u017e jsme zvykl\u00ed, by se m\u011bl uskute\u010dnit v sobotu 14. listopadu 2020 v Praze, a to hned na dvou m\u00edstech nedaleko od sebe.<\/p><br>\n\n\n\n<p>\u201eKapacita ka\u017ed\u00e9 z lokalit se o\u010dek\u00e1v\u00e1 p\u0159ibli\u017en\u011b 200 lid\u00ed pro p\u0159\u00edpad sn\u00ed\u017een\u00ed hranice povolen\u00e9ho po\u010dtu lid\u00ed pro akce ve vnit\u0159n\u00edch prostorech. Z\u00e1rove\u0148 po\u010d\u00edt\u00e1me s \u017eiv\u00fdmi p\u0159enosy jednotliv\u00fdch talk\u016f mezi ob\u011bma m\u00edsty navz\u00e1jem,\u201d vysv\u011btluje hlavn\u00ed zm\u011bnu oproti p\u0159edchoz\u00edm ro\u010dn\u00edk\u016fm n\u00e1\u010deln\u00edk TEDxPrague Ji\u0159\u00ed Vodi\u010dka a dod\u00e1v\u00e1: \u201eJsem r\u00e1d, \u017ee jsme i p\u0159es nejistotu, kter\u00e1 v uplynul\u00fdch m\u011bs\u00edc\u00edch panovala, nerezignovali a \u017ee se TEDxPrague uskute\u010dn\u00ed i letos. Rozhodn\u011b bude leto\u0161n\u00ed ro\u010dn\u00edk jin\u00fd a nezapomenuteln\u00fd, jak si mnoho z n\u00e1s posledn\u00ed roky p\u0159\u00e1lo.\u201d<\/p><br>\n\n\n\n<p>Vstupenky na akci p\u016fjdou do prodeje v pr\u016fb\u011bhu m\u011bs\u00edce z\u00e1\u0159\u00ed, zakoupit je bude mo\u017en\u00e9 na <a href=\"http:\/\/www.tedxprague.cz\" target=\"_blank\" rel=\"noreferrer noopener\">www.tedxprague.cz<\/a> nebo prost\u0159ednictv\u00edm <a href=\"https:\/\/www.goout.net\/\" target=\"_blank\" rel=\"noreferrer noopener\">GoOut<\/a>.<\/p><br>\n\n\n\n<div class=\"wp-block-media-text alignwide is-stacked-on-mobile is-vertically-aligned-top\" style=\"grid-template-columns:30% auto\"><figure class=\"wp-block-media-text__media\"><a href=\"https:\/\/www.mzone.cz\/poradani-akci-v-dobe-koronavirove-tedxprague\/\"><img loading=\"lazy\" decoding=\"async\" width=\"1024\" height=\"683\" src=\"https:\/\/www.mzone.cz\/wp-content\/uploads\/2020\/06\/TEDxPrague_Jiri-Vodicka_01-1024x683.jpg\" alt=\"\" class=\"wp-image-22386\" srcset=\"https:\/\/www.mzone.cz\/wp-content\/uploads\/2020\/06\/TEDxPrague_Jiri-Vodicka_01-1024x683.jpg 1024w, https:\/\/www.mzone.cz\/wp-content\/uploads\/2020\/06\/TEDxPrague_Jiri-Vodicka_01-300x200.jpg 300w, https:\/\/www.mzone.cz\/wp-content\/uploads\/2020\/06\/TEDxPrague_Jiri-Vodicka_01-768x512.jpg 768w, https:\/\/www.mzone.cz\/wp-content\/uploads\/2020\/06\/TEDxPrague_Jiri-Vodicka_01-1536x1024.jpg 1536w, https:\/\/www.mzone.cz\/wp-content\/uploads\/2020\/06\/TEDxPrague_Jiri-Vodicka_01-800x533.jpg 800w, https:\/\/www.mzone.cz\/wp-content\/uploads\/2020\/06\/TEDxPrague_Jiri-Vodicka_01-400x267.jpg 400w, https:\/\/www.mzone.cz\/wp-content\/uploads\/2020\/06\/TEDxPrague_Jiri-Vodicka_01-500x333.jpg 500w, https:\/\/www.mzone.cz\/wp-content\/uploads\/2020\/06\/TEDxPrague_Jiri-Vodicka_01-1170x780.jpg 1170w, https:\/\/www.mzone.cz\/wp-content\/uploads\/2020\/06\/TEDxPrague_Jiri-Vodicka_01-590x393.jpg 590w, https:\/\/www.mzone.cz\/wp-content\/uploads\/2020\/06\/TEDxPrague_Jiri-Vodicka_01.jpg 1800w\" sizes=\"auto, (max-width: 1024px) 100vw, 1024px\" \/><\/a><\/figure><div class=\"wp-block-media-text__content\">\n<h4><a href=\"https:\/\/www.mzone.cz\/poradani-akci-v-dobe-koronavirove-tedxprague\/\">Co d\u011blaj\u00ed po\u0159adatel\u00e9 akc\u00ed v dob\u011b koronavirov\u00e9? T\u00fdm TEDxPrague z n\u00ed chce vyj\u00edt pos\u00edlen!<\/a><\/h4><br><br>\n<\/div><\/div>\n\n\n\n<p>TEDx je neziskov\u00e1 iniciativa, jej\u00edm\u017e centrem jsou \u201cmy\u0161lenky hodn\u00e9 \u0161\u00ed\u0159en\u00ed\u201d \u2013 sd\u00edlen\u00ed podn\u011btn\u00fdch n\u00e1pad\u016f a p\u0159\u00edb\u011bh\u016f. TEDxPrague vznikl v roce 2009 inspirov\u00e1n TED a pod jeho licenc\u00ed. D\u00edky tomu je sou\u010d\u00e1st\u00ed celosv\u011btov\u00e9ho hnut\u00ed TEDx.<\/p>","protected":false},"excerpt":{"rendered":"<p>Dlouho o\u010dek\u00e1van\u00e1 zpr\u00e1va je tu! \u0158e\u010dnice a \u0159e\u010dn\u00edci leto\u0161n\u00edho TEDxPrague budou \u201eNeviditeln\u00ed\u201d. Ale nem\u011bjte obavy \u2013 pokud na akci, kter\u00e1 se letos uskute\u010dn\u00ed druhou listopadovou sobotu v Praze, doraz\u00edte, nebudete o n\u011b ochuzeni, a to ani vizu\u00e1ln\u011b. \u201eNeviditeln\u00e9\u201d je ov\u0161em t\u00e9matem, kter\u00e9 bude v\u0161echny leto\u0161n\u00ed pra\u017esk\u00e9 TEDtalky spojovat. \u201eZam\u011b\u0159\u00edme se letos na t\u00e9mata, kter\u00e1 jsou [&hellip;]<\/p>\n","protected":false},"author":4,"featured_media":23803,"comment_status":"open","ping_status":"closed","sticky":false,"template":"","format":"standard","meta":{"kk_blocks_editor_width":"","_kiokenblocks_attr":"","_kiokenblocks_dimensions":"","footnotes":""},"categories":[29,25],"tags":[147,4108,1283,4109,2772,363,4111,490,4112,4113,1279,3621,4110,1582],"class_list":["post-23802","post","type-post","status-publish","format-standard","has-post-thumbnail","hentry","category-lifestyle","category-style","tag-akce","tag-event","tag-konference","tag-neviditelne","tag-odhaleni","tag-praha","tag-recnici","tag-style","tag-talky","tag-tedtalky","tag-tedx","tag-tedxprague","tag-tema","tag-vystoupeni"],"yoast_head":"<!-- This site is optimized with the Yoast SEO plugin v27.5 - https:\/\/yoast.com\/product\/yoast-seo-wordpress\/ -->\n<title>Pra\u017esk\u00fd TEDx se letos pono\u0159\u00ed do neviditeln\u00fdch t\u00e9mat! Konat se bude hned na dvou m\u00edstech najednou - Mzone<\/title>\n<meta name=\"description\" content=\"\u0158e\u010dnice a \u0159e\u010dn\u00edci leto\u0161n\u00edho TEDxPrague budou \u201eNeviditeln\u00ed\u201d. Ale nem\u011bjte obavy \u2013 pokud na akci, kter\u00e1 se letos uskute\u010dn\u00ed druhou listopadovou sobotu v Praze, doraz\u00edte, nebudete o n\u011b ochuzeni, a to ani vizu\u00e1ln\u011b.\" \/>\n<meta name=\"robots\" content=\"index, follow, max-snippet:-1, max-image-preview:large, max-video-preview:-1\" \/>\n<link rel=\"canonical\" href=\"https:\/\/www.mzone.cz\/en\/prazsky-tedx-se-letos-ponori-do-neviditelnych-temat-hned-na-dvou-mistech\/\" \/>\n<meta property=\"og:locale\" content=\"en_US\" \/>\n<meta property=\"og:type\" content=\"article\" \/>\n<meta property=\"og:title\" content=\"Pra\u017esk\u00fd TEDx se letos pono\u0159\u00ed do neviditeln\u00fdch t\u00e9mat! Konat se bude hned na dvou m\u00edstech najednou - Mzone\" \/>\n<meta property=\"og:description\" content=\"\u0158e\u010dnice a \u0159e\u010dn\u00edci leto\u0161n\u00edho TEDxPrague budou \u201eNeviditeln\u00ed\u201d. Ale nem\u011bjte obavy \u2013 pokud na akci, kter\u00e1 se letos uskute\u010dn\u00ed druhou listopadovou sobotu v Praze, doraz\u00edte, nebudete o n\u011b ochuzeni, a to ani vizu\u00e1ln\u011b.\" \/>\n<meta property=\"og:url\" content=\"https:\/\/www.mzone.cz\/en\/prazsky-tedx-se-letos-ponori-do-neviditelnych-temat-hned-na-dvou-mistech\/\" \/>\n<meta property=\"og:site_name\" content=\"Mzone\" \/>\n<meta property=\"article:publisher\" content=\"https:\/\/www.facebook.com\/MzoneCZ\/\" \/>\n<meta property=\"article:published_time\" content=\"2020-08-27T03:00:22+00:00\" \/>\n<meta property=\"og:image\" content=\"https:\/\/www.mzone.cz\/wp-content\/uploads\/2020\/08\/TEDxPrague.jpg\" \/>\n\t<meta property=\"og:image:width\" content=\"1107\" \/>\n\t<meta property=\"og:image:height\" content=\"738\" \/>\n\t<meta property=\"og:image:type\" content=\"image\/jpeg\" \/>\n<meta name=\"author\" content=\"Mzone\" \/>\n<meta name=\"twitter:card\" content=\"summary_large_image\" \/>\n<meta name=\"twitter:label1\" content=\"Written by\" \/>\n\t<meta name=\"twitter:data1\" content=\"Mzone\" \/>\n\t<meta name=\"twitter:label2\" content=\"Est. reading time\" \/>\n\t<meta name=\"twitter:data2\" content=\"3 minutes\" \/>\n<script type=\"application\/ld+json\" class=\"yoast-schema-graph\">{\"@context\":\"https:\\\/\\\/schema.org\",\"@graph\":[{\"@type\":\"Article\",\"@id\":\"https:\\\/\\\/www.mzone.cz\\\/prazsky-tedx-se-letos-ponori-do-neviditelnych-temat-hned-na-dvou-mistech\\\/#article\",\"isPartOf\":{\"@id\":\"https:\\\/\\\/www.mzone.cz\\\/prazsky-tedx-se-letos-ponori-do-neviditelnych-temat-hned-na-dvou-mistech\\\/\"},\"author\":{\"name\":\"Mzone\",\"@id\":\"https:\\\/\\\/www.mzone.cz\\\/#\\\/schema\\\/person\\\/9bc20cc422a99cac4af6ff9297da32d4\"},\"headline\":\"Pra\u017esk\u00fd TEDx se letos pono\u0159\u00ed do neviditeln\u00fdch t\u00e9mat! Konat se bude hned na dvou m\u00edstech najednou\",\"datePublished\":\"2020-08-27T03:00:22+00:00\",\"mainEntityOfPage\":{\"@id\":\"https:\\\/\\\/www.mzone.cz\\\/prazsky-tedx-se-letos-ponori-do-neviditelnych-temat-hned-na-dvou-mistech\\\/\"},\"wordCount\":542,\"commentCount\":0,\"image\":{\"@id\":\"https:\\\/\\\/www.mzone.cz\\\/prazsky-tedx-se-letos-ponori-do-neviditelnych-temat-hned-na-dvou-mistech\\\/#primaryimage\"},\"thumbnailUrl\":\"https:\\\/\\\/www.mzone.cz\\\/wp-content\\\/uploads\\\/2020\\\/08\\\/TEDxPrague.jpg\",\"keywords\":[\"akce\",\"event\",\"konference\",\"neviditeln\u00e9\",\"odhalen\u00ed\",\"Praha\",\"\u0159e\u010dn\u00edci\",\"style\",\"talky\",\"TEDtalky\",\"TEDx\",\"TEDxPrague\",\"t\u00e9ma\",\"vystoupen\u00ed\"],\"articleSection\":[\"Lifestyle\",\"Style\"],\"inLanguage\":\"en-US\",\"potentialAction\":[{\"@type\":\"CommentAction\",\"name\":\"Comment\",\"target\":[\"https:\\\/\\\/www.mzone.cz\\\/prazsky-tedx-se-letos-ponori-do-neviditelnych-temat-hned-na-dvou-mistech\\\/#respond\"]}]},{\"@type\":\"WebPage\",\"@id\":\"https:\\\/\\\/www.mzone.cz\\\/prazsky-tedx-se-letos-ponori-do-neviditelnych-temat-hned-na-dvou-mistech\\\/\",\"url\":\"https:\\\/\\\/www.mzone.cz\\\/prazsky-tedx-se-letos-ponori-do-neviditelnych-temat-hned-na-dvou-mistech\\\/\",\"name\":\"Pra\u017esk\u00fd TEDx se letos pono\u0159\u00ed do neviditeln\u00fdch t\u00e9mat! Konat se bude hned na dvou m\u00edstech najednou - Mzone\",\"isPartOf\":{\"@id\":\"https:\\\/\\\/www.mzone.cz\\\/#website\"},\"primaryImageOfPage\":{\"@id\":\"https:\\\/\\\/www.mzone.cz\\\/prazsky-tedx-se-letos-ponori-do-neviditelnych-temat-hned-na-dvou-mistech\\\/#primaryimage\"},\"image\":{\"@id\":\"https:\\\/\\\/www.mzone.cz\\\/prazsky-tedx-se-letos-ponori-do-neviditelnych-temat-hned-na-dvou-mistech\\\/#primaryimage\"},\"thumbnailUrl\":\"https:\\\/\\\/www.mzone.cz\\\/wp-content\\\/uploads\\\/2020\\\/08\\\/TEDxPrague.jpg\",\"datePublished\":\"2020-08-27T03:00:22+00:00\",\"author\":{\"@id\":\"https:\\\/\\\/www.mzone.cz\\\/#\\\/schema\\\/person\\\/9bc20cc422a99cac4af6ff9297da32d4\"},\"description\":\"\u0158e\u010dnice a \u0159e\u010dn\u00edci leto\u0161n\u00edho TEDxPrague budou \u201eNeviditeln\u00ed\u201d. Ale nem\u011bjte obavy \u2013 pokud na akci, kter\u00e1 se letos uskute\u010dn\u00ed druhou listopadovou sobotu v Praze, doraz\u00edte, nebudete o n\u011b ochuzeni, a to ani vizu\u00e1ln\u011b.\",\"breadcrumb\":{\"@id\":\"https:\\\/\\\/www.mzone.cz\\\/prazsky-tedx-se-letos-ponori-do-neviditelnych-temat-hned-na-dvou-mistech\\\/#breadcrumb\"},\"inLanguage\":\"en-US\",\"potentialAction\":[{\"@type\":\"ReadAction\",\"target\":[\"https:\\\/\\\/www.mzone.cz\\\/prazsky-tedx-se-letos-ponori-do-neviditelnych-temat-hned-na-dvou-mistech\\\/\"]}]},{\"@type\":\"ImageObject\",\"inLanguage\":\"en-US\",\"@id\":\"https:\\\/\\\/www.mzone.cz\\\/prazsky-tedx-se-letos-ponori-do-neviditelnych-temat-hned-na-dvou-mistech\\\/#primaryimage\",\"url\":\"https:\\\/\\\/www.mzone.cz\\\/wp-content\\\/uploads\\\/2020\\\/08\\\/TEDxPrague.jpg\",\"contentUrl\":\"https:\\\/\\\/www.mzone.cz\\\/wp-content\\\/uploads\\\/2020\\\/08\\\/TEDxPrague.jpg\",\"width\":1107,\"height\":738,\"caption\":\"TEDxPrague\"},{\"@type\":\"BreadcrumbList\",\"@id\":\"https:\\\/\\\/www.mzone.cz\\\/prazsky-tedx-se-letos-ponori-do-neviditelnych-temat-hned-na-dvou-mistech\\\/#breadcrumb\",\"itemListElement\":[{\"@type\":\"ListItem\",\"position\":1,\"name\":\"Dom\u016f\",\"item\":\"https:\\\/\\\/www.mzone.cz\\\/\"},{\"@type\":\"ListItem\",\"position\":2,\"name\":\"Pra\u017esk\u00fd TEDx se letos pono\u0159\u00ed do neviditeln\u00fdch t\u00e9mat! Konat se bude hned na dvou m\u00edstech najednou\"}]},{\"@type\":\"WebSite\",\"@id\":\"https:\\\/\\\/www.mzone.cz\\\/#website\",\"url\":\"https:\\\/\\\/www.mzone.cz\\\/\",\"name\":\"Mzone\",\"description\":\"Magaz\u00edn nejen pro mu\u017ee\",\"potentialAction\":[{\"@type\":\"SearchAction\",\"target\":{\"@type\":\"EntryPoint\",\"urlTemplate\":\"https:\\\/\\\/www.mzone.cz\\\/?s={search_term_string}\"},\"query-input\":{\"@type\":\"PropertyValueSpecification\",\"valueRequired\":true,\"valueName\":\"search_term_string\"}}],\"inLanguage\":\"en-US\"},{\"@type\":\"Person\",\"@id\":\"https:\\\/\\\/www.mzone.cz\\\/#\\\/schema\\\/person\\\/9bc20cc422a99cac4af6ff9297da32d4\",\"name\":\"Mzone\",\"image\":{\"@type\":\"ImageObject\",\"inLanguage\":\"en-US\",\"@id\":\"https:\\\/\\\/secure.gravatar.com\\\/avatar\\\/e780a8630f3182a3d06dd667ab6bea151a0d155b0951bc15fe22633acdac0676?s=96&d=mm&r=g\",\"url\":\"https:\\\/\\\/secure.gravatar.com\\\/avatar\\\/e780a8630f3182a3d06dd667ab6bea151a0d155b0951bc15fe22633acdac0676?s=96&d=mm&r=g\",\"contentUrl\":\"https:\\\/\\\/secure.gravatar.com\\\/avatar\\\/e780a8630f3182a3d06dd667ab6bea151a0d155b0951bc15fe22633acdac0676?s=96&d=mm&r=g\",\"caption\":\"Mzone\"},\"url\":\"https:\\\/\\\/www.mzone.cz\\\/en\\\/author\\\/jakub\\\/\"}]}<\/script>\n<!-- \/ Yoast SEO plugin. -->","yoast_head_json":{"title":"Pra\u017esk\u00fd TEDx se letos pono\u0159\u00ed do neviditeln\u00fdch t\u00e9mat! Konat se bude hned na dvou m\u00edstech najednou - Mzone","description":"\u0158e\u010dnice a \u0159e\u010dn\u00edci leto\u0161n\u00edho TEDxPrague budou \u201eNeviditeln\u00ed\u201d. Ale nem\u011bjte obavy \u2013 pokud na akci, kter\u00e1 se letos uskute\u010dn\u00ed druhou listopadovou sobotu v Praze, doraz\u00edte, nebudete o n\u011b ochuzeni, a to ani vizu\u00e1ln\u011b.","robots":{"index":"index","follow":"follow","max-snippet":"max-snippet:-1","max-image-preview":"max-image-preview:large","max-video-preview":"max-video-preview:-1"},"canonical":"https:\/\/www.mzone.cz\/en\/prazsky-tedx-se-letos-ponori-do-neviditelnych-temat-hned-na-dvou-mistech\/","og_locale":"en_US","og_type":"article","og_title":"Pra\u017esk\u00fd TEDx se letos pono\u0159\u00ed do neviditeln\u00fdch t\u00e9mat! Konat se bude hned na dvou m\u00edstech najednou - Mzone","og_description":"\u0158e\u010dnice a \u0159e\u010dn\u00edci leto\u0161n\u00edho TEDxPrague budou \u201eNeviditeln\u00ed\u201d. Ale nem\u011bjte obavy \u2013 pokud na akci, kter\u00e1 se letos uskute\u010dn\u00ed druhou listopadovou sobotu v Praze, doraz\u00edte, nebudete o n\u011b ochuzeni, a to ani vizu\u00e1ln\u011b.","og_url":"https:\/\/www.mzone.cz\/en\/prazsky-tedx-se-letos-ponori-do-neviditelnych-temat-hned-na-dvou-mistech\/","og_site_name":"Mzone","article_publisher":"https:\/\/www.facebook.com\/MzoneCZ\/","article_published_time":"2020-08-27T03:00:22+00:00","og_image":[{"width":1107,"height":738,"url":"https:\/\/www.mzone.cz\/wp-content\/uploads\/2020\/08\/TEDxPrague.jpg","type":"image\/jpeg"}],"author":"Mzone","twitter_card":"summary_large_image","twitter_misc":{"Written by":"Mzone","Est. reading time":"3 minutes"},"schema":{"@context":"https:\/\/schema.org","@graph":[{"@type":"Article","@id":"https:\/\/www.mzone.cz\/prazsky-tedx-se-letos-ponori-do-neviditelnych-temat-hned-na-dvou-mistech\/#article","isPartOf":{"@id":"https:\/\/www.mzone.cz\/prazsky-tedx-se-letos-ponori-do-neviditelnych-temat-hned-na-dvou-mistech\/"},"author":{"name":"Mzone","@id":"https:\/\/www.mzone.cz\/#\/schema\/person\/9bc20cc422a99cac4af6ff9297da32d4"},"headline":"Pra\u017esk\u00fd TEDx se letos pono\u0159\u00ed do neviditeln\u00fdch t\u00e9mat! Konat se bude hned na dvou m\u00edstech najednou","datePublished":"2020-08-27T03:00:22+00:00","mainEntityOfPage":{"@id":"https:\/\/www.mzone.cz\/prazsky-tedx-se-letos-ponori-do-neviditelnych-temat-hned-na-dvou-mistech\/"},"wordCount":542,"commentCount":0,"image":{"@id":"https:\/\/www.mzone.cz\/prazsky-tedx-se-letos-ponori-do-neviditelnych-temat-hned-na-dvou-mistech\/#primaryimage"},"thumbnailUrl":"https:\/\/www.mzone.cz\/wp-content\/uploads\/2020\/08\/TEDxPrague.jpg","keywords":["akce","event","konference","neviditeln\u00e9","odhalen\u00ed","Praha","\u0159e\u010dn\u00edci","style","talky","TEDtalky","TEDx","TEDxPrague","t\u00e9ma","vystoupen\u00ed"],"articleSection":["Lifestyle","Style"],"inLanguage":"en-US","potentialAction":[{"@type":"CommentAction","name":"Comment","target":["https:\/\/www.mzone.cz\/prazsky-tedx-se-letos-ponori-do-neviditelnych-temat-hned-na-dvou-mistech\/#respond"]}]},{"@type":"WebPage","@id":"https:\/\/www.mzone.cz\/prazsky-tedx-se-letos-ponori-do-neviditelnych-temat-hned-na-dvou-mistech\/","url":"https:\/\/www.mzone.cz\/prazsky-tedx-se-letos-ponori-do-neviditelnych-temat-hned-na-dvou-mistech\/","name":"Pra\u017esk\u00fd TEDx se letos pono\u0159\u00ed do neviditeln\u00fdch t\u00e9mat! Konat se bude hned na dvou m\u00edstech najednou - Mzone","isPartOf":{"@id":"https:\/\/www.mzone.cz\/#website"},"primaryImageOfPage":{"@id":"https:\/\/www.mzone.cz\/prazsky-tedx-se-letos-ponori-do-neviditelnych-temat-hned-na-dvou-mistech\/#primaryimage"},"image":{"@id":"https:\/\/www.mzone.cz\/prazsky-tedx-se-letos-ponori-do-neviditelnych-temat-hned-na-dvou-mistech\/#primaryimage"},"thumbnailUrl":"https:\/\/www.mzone.cz\/wp-content\/uploads\/2020\/08\/TEDxPrague.jpg","datePublished":"2020-08-27T03:00:22+00:00","author":{"@id":"https:\/\/www.mzone.cz\/#\/schema\/person\/9bc20cc422a99cac4af6ff9297da32d4"},"description":"\u0158e\u010dnice a \u0159e\u010dn\u00edci leto\u0161n\u00edho TEDxPrague budou \u201eNeviditeln\u00ed\u201d. Ale nem\u011bjte obavy \u2013 pokud na akci, kter\u00e1 se letos uskute\u010dn\u00ed druhou listopadovou sobotu v Praze, doraz\u00edte, nebudete o n\u011b ochuzeni, a to ani vizu\u00e1ln\u011b.","breadcrumb":{"@id":"https:\/\/www.mzone.cz\/prazsky-tedx-se-letos-ponori-do-neviditelnych-temat-hned-na-dvou-mistech\/#breadcrumb"},"inLanguage":"en-US","potentialAction":[{"@type":"ReadAction","target":["https:\/\/www.mzone.cz\/prazsky-tedx-se-letos-ponori-do-neviditelnych-temat-hned-na-dvou-mistech\/"]}]},{"@type":"ImageObject","inLanguage":"en-US","@id":"https:\/\/www.mzone.cz\/prazsky-tedx-se-letos-ponori-do-neviditelnych-temat-hned-na-dvou-mistech\/#primaryimage","url":"https:\/\/www.mzone.cz\/wp-content\/uploads\/2020\/08\/TEDxPrague.jpg","contentUrl":"https:\/\/www.mzone.cz\/wp-content\/uploads\/2020\/08\/TEDxPrague.jpg","width":1107,"height":738,"caption":"TEDxPrague"},{"@type":"BreadcrumbList","@id":"https:\/\/www.mzone.cz\/prazsky-tedx-se-letos-ponori-do-neviditelnych-temat-hned-na-dvou-mistech\/#breadcrumb","itemListElement":[{"@type":"ListItem","position":1,"name":"Dom\u016f","item":"https:\/\/www.mzone.cz\/"},{"@type":"ListItem","position":2,"name":"Pra\u017esk\u00fd TEDx se letos pono\u0159\u00ed do neviditeln\u00fdch t\u00e9mat! Konat se bude hned na dvou m\u00edstech najednou"}]},{"@type":"WebSite","@id":"https:\/\/www.mzone.cz\/#website","url":"https:\/\/www.mzone.cz\/","name":"Mzone","description":"Magaz\u00edn nejen pro mu\u017ee","potentialAction":[{"@type":"SearchAction","target":{"@type":"EntryPoint","urlTemplate":"https:\/\/www.mzone.cz\/?s={search_term_string}"},"query-input":{"@type":"PropertyValueSpecification","valueRequired":true,"valueName":"search_term_string"}}],"inLanguage":"en-US"},{"@type":"Person","@id":"https:\/\/www.mzone.cz\/#\/schema\/person\/9bc20cc422a99cac4af6ff9297da32d4","name":"Mzone","image":{"@type":"ImageObject","inLanguage":"en-US","@id":"https:\/\/secure.gravatar.com\/avatar\/e780a8630f3182a3d06dd667ab6bea151a0d155b0951bc15fe22633acdac0676?s=96&d=mm&r=g","url":"https:\/\/secure.gravatar.com\/avatar\/e780a8630f3182a3d06dd667ab6bea151a0d155b0951bc15fe22633acdac0676?s=96&d=mm&r=g","contentUrl":"https:\/\/secure.gravatar.com\/avatar\/e780a8630f3182a3d06dd667ab6bea151a0d155b0951bc15fe22633acdac0676?s=96&d=mm&r=g","caption":"Mzone"},"url":"https:\/\/www.mzone.cz\/en\/author\/jakub\/"}]}},"_links":{"self":[{"href":"https:\/\/www.mzone.cz\/en\/wp-json\/wp\/v2\/posts\/23802","targetHints":{"allow":["GET"]}}],"collection":[{"href":"https:\/\/www.mzone.cz\/en\/wp-json\/wp\/v2\/posts"}],"about":[{"href":"https:\/\/www.mzone.cz\/en\/wp-json\/wp\/v2\/types\/post"}],"author":[{"embeddable":true,"href":"https:\/\/www.mzone.cz\/en\/wp-json\/wp\/v2\/users\/4"}],"replies":[{"embeddable":true,"href":"https:\/\/www.mzone.cz\/en\/wp-json\/wp\/v2\/comments?post=23802"}],"version-history":[{"count":9,"href":"https:\/\/www.mzone.cz\/en\/wp-json\/wp\/v2\/posts\/23802\/revisions"}],"predecessor-version":[{"id":23815,"href":"https:\/\/www.mzone.cz\/en\/wp-json\/wp\/v2\/posts\/23802\/revisions\/23815"}],"wp:featuredmedia":[{"embeddable":true,"href":"https:\/\/www.mzone.cz\/en\/wp-json\/wp\/v2\/media\/23803"}],"wp:attachment":[{"href":"https:\/\/www.mzone.cz\/en\/wp-json\/wp\/v2\/media?parent=23802"}],"wp:term":[{"taxonomy":"category","embeddable":true,"href":"https:\/\/www.mzone.cz\/en\/wp-json\/wp\/v2\/categories?post=23802"},{"taxonomy":"post_tag","embeddable":true,"href":"https:\/\/www.mzone.cz\/en\/wp-json\/wp\/v2\/tags?post=23802"}],"curies":[{"name":"wp","href":"https:\/\/api.w.org\/{rel}","templated":true}]}}