{"id":24146,"date":"2020-09-13T05:00:58","date_gmt":"2020-09-13T03:00:58","guid":{"rendered":"https:\/\/www.mzone.cz\/?p=24146"},"modified":"2020-09-09T20:10:13","modified_gmt":"2020-09-09T18:10:13","slug":"blog-na-ministerstvu-nelze-sedet-na-dvou-zidlich","status":"publish","type":"post","link":"https:\/\/www.mzone.cz\/en\/blog-na-ministerstvu-nelze-sedet-na-dvou-zidlich\/","title":{"rendered":"Blog: Nelze sed\u011bt na dvou \u017eidl\u00edch, na ministerstvu ur\u010dit\u011b ne"},"content":{"rendered":"<p><strong>Ministerstvo dopravy je jedn\u00edm z\u00a0nejslo\u017eit\u011bj\u0161\u00edch resort\u016f. Proto u\u017e p\u0159es p\u016fl roku m\u016f\u017eeme s\u00a0\u00fadivem sledovat situaci, kdy pro n\u011bj sou\u010dasn\u00e1 vl\u00e1da nem\u00e1 kompetentn\u00edho \u010dlov\u011bka, kter\u00fd by se mu naplno v\u011bnoval. B\u00fdt ministrem dopravy zkr\u00e1tka nen\u00ed zam\u011bstn\u00e1n\u00edm na p\u016fl \u00favazku.<\/strong><\/p><br>\n\n\n\n<p>I kdy\u017e p\u0159esn\u011bj\u0161\u00ed by mo\u017en\u00e1 bylo \u0159\u00edct na d\u00e1lku. Ministr tam toti\u017e \u00fadajn\u011b pouze ob\u010das p\u0159ijede podepsat to, co mu pod\u0159\u00edzen\u00ed p\u0159iprav\u00ed. To je samoz\u0159ejm\u011b n\u011bco, co od vl\u00e1dy neo\u010dek\u00e1v\u00e1me. A \u0159e\u010dmi o tom, v\u00a0kolik hodin kdo vst\u00e1v\u00e1, to neokec\u00e1me.<\/p><br>\n\n\n\n<h2 class=\"wp-block-heading\"><strong>Velk\u00e9 v\u00fdzvy pro ministerstvo<\/strong><\/h2>\n\n\n\n<p>Ministerstva <a href=\"https:\/\/www.mdcr.cz\/\" target=\"_blank\" rel=\"noreferrer noopener\">dopravy<\/a> a <a href=\"https:\/\/www.mpo.cz\/\" target=\"_blank\" rel=\"noreferrer noopener\">pr\u016fmyslu<\/a> jsou a v\u00a0nejbli\u017e\u0161\u00ed dob\u011b budou vystaveny st\u00e1le siln\u011bj\u0161\u00edmu tlaku spojen\u00e9mu s\u00a0tak zvanou dekarbonizac\u00ed neboli omezov\u00e1n\u00edm produkce oxidu uhli\u010dit\u00e9ho.\u00a0Na\u0161e zem\u011b k\u00a0tomu jednak nem\u00e1 vhodn\u00e9 dispozice a z\u00e1rove\u0148 to m\u016f\u017ee b\u00fdt pro na\u0161i ekonomiku likvida\u010dn\u00ed.<\/p>\n\n\n\n<blockquote class=\"wp-block-quote is-layout-flow wp-block-quote-is-layout-flow\"><p>V\u00a0t\u00e9to situaci pot\u0159ebuje ka\u017ed\u00e9 ministerstvo (v\u00a0doprav\u011b a pr\u016fmyslu to plat\u00ed n\u011bkolikan\u00e1sobn\u011b) silnou osobnost, kter\u00e1 takov\u00e9mu tlaku bude \u010delit. P\u0159es esemesky to samoz\u0159ejm\u011b nep\u016fjde.<\/p><\/blockquote>\n\n\n\n<p>Vedle toho je ministerstvo dopravy pod n\u00e1porem r\u016fzn\u00fdch z\u00e1jmov\u00fdch skupin. To bez ka\u017edodenn\u00edho sou\u017eit\u00ed se sv\u00fdmi pod\u0159\u00edzen\u00fdmi nelze ani pochopit, nato\u017e se um\u011bt jednotliv\u00fdm tlak\u016fm postavit. Jedn\u00e1 se o z\u00e1jmy stavebn\u00edch firem, ekologick\u00fdch aktivist\u016f, dopravc\u016f (v r\u016fzn\u00fdch a technologicky naprosto odli\u0161n\u00fdch druz\u00edch dopravy). Opravdu takov\u00fdm tlak\u016fm m\u016f\u017ee rozum\u011bt n\u011bkdo, kdo si na ministerstvo dopravy odsko\u010d\u00ed v\u00a0okam\u017eiku, kdy m\u00e1 zrovna na ministerstvu pr\u016fmyslu chvilku volna?<\/p><br>\n\n\n\n<h2 class=\"wp-block-heading\"><strong>Probrala n\u00e1s a\u017e vlakov\u00e1 ne\u0161t\u011bst\u00ed<\/strong><\/h2>\n\n\n\n<p>Je zaj\u00edmav\u00e9, \u017ee m\u00e9dia tomuto fenom\u00e9nu za\u010dala v\u011bnovat pozornost a\u017e v\u00a0okam\u017eiku, kdy do\u0161lo v\u00a0kr\u00e1tk\u00e9m \u010dase k\u00a0n\u011bkolika nehod\u00e1m na \u017eeleznici.<\/p>\n\n\n\n<blockquote class=\"wp-block-quote is-layout-flow wp-block-quote-is-layout-flow\"><p>To se opravdu nev\u00ed, \u017ee jsou strojvedouc\u00ed p\u0159et\u00ed\u017eeni? To se nev\u00ed, \u017ee na mnoh\u00fdch \u017eelezni\u010dn\u00edch trat\u00edch je bezpe\u010dnost dopravy zaji\u0161t\u011bna p\u0159edpotopn\u00edm zp\u016fsobem naprosto neodpov\u00eddaj\u00edc\u00edm sou\u010dasn\u00fdm technologi\u00edm?<\/p><\/blockquote>\n\n\n\n<p>To je takov\u00fd probl\u00e9m vytvo\u0159it datab\u00e1zi, kter\u00e1 by shroma\u017e\u010fovala \u00fadaje o r\u016fzn\u00fdch \u00favazc\u00edch strojvedouc\u00edch a jejich aktu\u00e1ln\u00edch slu\u017eb\u00e1ch? Samoz\u0159ejm\u011b nen\u00ed. Jen by se doprav\u011b musel v\u011bnovat n\u011bkdo kompetentn\u00ed, a p\u0159edev\u0161\u00edm na pln\u00fd \u00favazek.<\/p><br>\n\n\n\n<div class=\"wp-block-media-text alignwide is-stacked-on-mobile is-vertically-aligned-top\" style=\"grid-template-columns:23% auto\"><figure class=\"wp-block-media-text__media\"><a href=\"https:\/\/www.mzone.cz\/blog-zeleznicni-prejezdy-si-porad-vybiraji-krutou-dan\/\"><img loading=\"lazy\" decoding=\"async\" width=\"1024\" height=\"689\" src=\"https:\/\/www.mzone.cz\/wp-content\/uploads\/2019\/07\/blog_prejezdy-1024x689.jpg\" alt=\"\" class=\"wp-image-10970\" srcset=\"https:\/\/www.mzone.cz\/wp-content\/uploads\/2019\/07\/blog_prejezdy-1024x689.jpg 1024w, https:\/\/www.mzone.cz\/wp-content\/uploads\/2019\/07\/blog_prejezdy-300x202.jpg 300w, https:\/\/www.mzone.cz\/wp-content\/uploads\/2019\/07\/blog_prejezdy-768x516.jpg 768w, https:\/\/www.mzone.cz\/wp-content\/uploads\/2019\/07\/blog_prejezdy-590x397.jpg 590w, https:\/\/www.mzone.cz\/wp-content\/uploads\/2019\/07\/blog_prejezdy.jpg 1667w\" sizes=\"auto, (max-width: 1024px) 100vw, 1024px\" \/><\/a><\/figure><div class=\"wp-block-media-text__content\">\n<h4><a href=\"https:\/\/www.mzone.cz\/blog-zeleznicni-prejezdy-si-porad-vybiraji-krutou-dan\/\">Blog: \u017delezni\u010dn\u00ed p\u0159ejezdy si po\u0159\u00e1d vyb\u00edraj\u00ed krutou da\u0148<\/a><\/h4><br>\n<\/div><\/div>","protected":false},"excerpt":{"rendered":"<p>Ministerstvo dopravy je jedn\u00edm z\u00a0nejslo\u017eit\u011bj\u0161\u00edch resort\u016f. Proto u\u017e p\u0159es p\u016fl roku m\u016f\u017eeme s\u00a0\u00fadivem sledovat situaci, kdy pro n\u011bj sou\u010dasn\u00e1 vl\u00e1da nem\u00e1 kompetentn\u00edho \u010dlov\u011bka, kter\u00fd by se mu naplno v\u011bnoval. B\u00fdt ministrem dopravy zkr\u00e1tka nen\u00ed zam\u011bstn\u00e1n\u00edm na p\u016fl \u00favazku. I kdy\u017e p\u0159esn\u011bj\u0161\u00ed by mo\u017en\u00e1 bylo \u0159\u00edct na d\u00e1lku. Ministr tam toti\u017e \u00fadajn\u011b pouze ob\u010das p\u0159ijede podepsat [&hellip;]<\/p>\n","protected":false},"author":4,"featured_media":24148,"comment_status":"open","ping_status":"closed","sticky":false,"template":"","format":"standard","meta":{"kk_blocks_editor_width":"","_kiokenblocks_attr":"","_kiokenblocks_dimensions":"","footnotes":""},"categories":[386,385],"tags":[4152,593,59,989,1030,751,4151,4153,1720,4149,4148,4150,787,747,1018,1095,1055],"class_list":["post-24146","post","type-post","status-publish","format-standard","has-post-thumbnail","hentry","category-bez-obalu","category-blog","tag-antonin-fryc","tag-bez-obalu","tag-blog","tag-ceska-republika","tag-cesko","tag-doprava","tag-glosa","tag-karel-havlicek","tag-komentar","tag-ministerstvo","tag-ministerstvo-dopravy","tag-ministerstvo-prumyslu-a-obchodu","tag-nazor","tag-nazory","tag-politika","tag-prumysl","tag-vlada"],"yoast_head":"<!-- This site is optimized with the Yoast SEO plugin v27.5 - https:\/\/yoast.com\/product\/yoast-seo-wordpress\/ -->\n<title>Blog: Nelze sed\u011bt na dvou \u017eidl\u00edch, na ministerstvu ur\u010dit\u011b ne - Mzone<\/title>\n<meta name=\"description\" content=\"Ministerstvo dopravy je jedn\u00edm z nejslo\u017eit\u011bj\u0161\u00edch resort\u016f. Proto u\u017e p\u0159es p\u016fl roku m\u016f\u017eeme s \u00fadivem sledovat situaci, kdy pro n\u011bj sou\u010dasn\u00e1 vl\u00e1da nem\u00e1 kompetentn\u00edho \u010dlov\u011bka, kter\u00fd by se mu naplno v\u011bnoval.\" \/>\n<meta name=\"robots\" content=\"index, follow, max-snippet:-1, max-image-preview:large, max-video-preview:-1\" \/>\n<link rel=\"canonical\" href=\"https:\/\/www.mzone.cz\/en\/blog-na-ministerstvu-nelze-sedet-na-dvou-zidlich\/\" \/>\n<meta property=\"og:locale\" content=\"en_US\" \/>\n<meta property=\"og:type\" content=\"article\" \/>\n<meta property=\"og:title\" content=\"Blog: Nelze sed\u011bt na dvou \u017eidl\u00edch, na ministerstvu ur\u010dit\u011b ne - Mzone\" \/>\n<meta property=\"og:description\" content=\"Ministerstvo dopravy je jedn\u00edm z nejslo\u017eit\u011bj\u0161\u00edch resort\u016f. Proto u\u017e p\u0159es p\u016fl roku m\u016f\u017eeme s \u00fadivem sledovat situaci, kdy pro n\u011bj sou\u010dasn\u00e1 vl\u00e1da nem\u00e1 kompetentn\u00edho \u010dlov\u011bka, kter\u00fd by se mu naplno v\u011bnoval.\" \/>\n<meta property=\"og:url\" content=\"https:\/\/www.mzone.cz\/en\/blog-na-ministerstvu-nelze-sedet-na-dvou-zidlich\/\" \/>\n<meta property=\"og:site_name\" content=\"Mzone\" \/>\n<meta property=\"article:publisher\" content=\"https:\/\/www.facebook.com\/MzoneCZ\/\" \/>\n<meta property=\"article:published_time\" content=\"2020-09-13T03:00:58+00:00\" \/>\n<meta property=\"og:image\" content=\"https:\/\/www.mzone.cz\/wp-content\/uploads\/2020\/09\/Karel-Havlicek.jpeg\" \/>\n\t<meta property=\"og:image:width\" content=\"1187\" \/>\n\t<meta property=\"og:image:height\" content=\"792\" \/>\n\t<meta property=\"og:image:type\" content=\"image\/jpeg\" \/>\n<meta name=\"author\" content=\"Mzone\" \/>\n<meta name=\"twitter:card\" content=\"summary_large_image\" \/>\n<meta name=\"twitter:label1\" content=\"Written by\" \/>\n\t<meta name=\"twitter:data1\" content=\"Mzone\" \/>\n\t<meta name=\"twitter:label2\" content=\"Est. reading time\" \/>\n\t<meta name=\"twitter:data2\" content=\"2 minutes\" \/>\n<script type=\"application\/ld+json\" class=\"yoast-schema-graph\">{\"@context\":\"https:\\\/\\\/schema.org\",\"@graph\":[{\"@type\":\"Article\",\"@id\":\"https:\\\/\\\/www.mzone.cz\\\/blog-na-ministerstvu-nelze-sedet-na-dvou-zidlich\\\/#article\",\"isPartOf\":{\"@id\":\"https:\\\/\\\/www.mzone.cz\\\/blog-na-ministerstvu-nelze-sedet-na-dvou-zidlich\\\/\"},\"author\":{\"name\":\"Mzone\",\"@id\":\"https:\\\/\\\/www.mzone.cz\\\/#\\\/schema\\\/person\\\/9bc20cc422a99cac4af6ff9297da32d4\"},\"headline\":\"Blog: Nelze sed\u011bt na dvou \u017eidl\u00edch, na ministerstvu ur\u010dit\u011b ne\",\"datePublished\":\"2020-09-13T03:00:58+00:00\",\"mainEntityOfPage\":{\"@id\":\"https:\\\/\\\/www.mzone.cz\\\/blog-na-ministerstvu-nelze-sedet-na-dvou-zidlich\\\/\"},\"wordCount\":467,\"commentCount\":0,\"image\":{\"@id\":\"https:\\\/\\\/www.mzone.cz\\\/blog-na-ministerstvu-nelze-sedet-na-dvou-zidlich\\\/#primaryimage\"},\"thumbnailUrl\":\"https:\\\/\\\/www.mzone.cz\\\/wp-content\\\/uploads\\\/2020\\\/09\\\/Karel-Havlicek.jpeg\",\"keywords\":[\"Anton\u00edn Fry\u010d\",\"bez obalu\",\"Blog\",\"\u010cesk\u00e1 republika\",\"\u010cesko\",\"doprava\",\"glosa\",\"Karel Havl\u00ed\u010dek\",\"koment\u00e1\u0159\",\"ministerstvo\",\"ministerstvo dopravy\",\"ministerstvo pr\u016fmyslu a obchodu\",\"n\u00e1zor\",\"n\u00e1zory\",\"politika\",\"pr\u016fmysl\",\"vl\u00e1da\"],\"articleSection\":[\"Bez obalu\",\"Blog\"],\"inLanguage\":\"en-US\",\"potentialAction\":[{\"@type\":\"CommentAction\",\"name\":\"Comment\",\"target\":[\"https:\\\/\\\/www.mzone.cz\\\/blog-na-ministerstvu-nelze-sedet-na-dvou-zidlich\\\/#respond\"]}]},{\"@type\":\"WebPage\",\"@id\":\"https:\\\/\\\/www.mzone.cz\\\/blog-na-ministerstvu-nelze-sedet-na-dvou-zidlich\\\/\",\"url\":\"https:\\\/\\\/www.mzone.cz\\\/blog-na-ministerstvu-nelze-sedet-na-dvou-zidlich\\\/\",\"name\":\"Blog: Nelze sed\u011bt na dvou \u017eidl\u00edch, na ministerstvu ur\u010dit\u011b ne - Mzone\",\"isPartOf\":{\"@id\":\"https:\\\/\\\/www.mzone.cz\\\/#website\"},\"primaryImageOfPage\":{\"@id\":\"https:\\\/\\\/www.mzone.cz\\\/blog-na-ministerstvu-nelze-sedet-na-dvou-zidlich\\\/#primaryimage\"},\"image\":{\"@id\":\"https:\\\/\\\/www.mzone.cz\\\/blog-na-ministerstvu-nelze-sedet-na-dvou-zidlich\\\/#primaryimage\"},\"thumbnailUrl\":\"https:\\\/\\\/www.mzone.cz\\\/wp-content\\\/uploads\\\/2020\\\/09\\\/Karel-Havlicek.jpeg\",\"datePublished\":\"2020-09-13T03:00:58+00:00\",\"author\":{\"@id\":\"https:\\\/\\\/www.mzone.cz\\\/#\\\/schema\\\/person\\\/9bc20cc422a99cac4af6ff9297da32d4\"},\"description\":\"Ministerstvo dopravy je jedn\u00edm z nejslo\u017eit\u011bj\u0161\u00edch resort\u016f. Proto u\u017e p\u0159es p\u016fl roku m\u016f\u017eeme s \u00fadivem sledovat situaci, kdy pro n\u011bj sou\u010dasn\u00e1 vl\u00e1da nem\u00e1 kompetentn\u00edho \u010dlov\u011bka, kter\u00fd by se mu naplno v\u011bnoval.\",\"breadcrumb\":{\"@id\":\"https:\\\/\\\/www.mzone.cz\\\/blog-na-ministerstvu-nelze-sedet-na-dvou-zidlich\\\/#breadcrumb\"},\"inLanguage\":\"en-US\",\"potentialAction\":[{\"@type\":\"ReadAction\",\"target\":[\"https:\\\/\\\/www.mzone.cz\\\/blog-na-ministerstvu-nelze-sedet-na-dvou-zidlich\\\/\"]}]},{\"@type\":\"ImageObject\",\"inLanguage\":\"en-US\",\"@id\":\"https:\\\/\\\/www.mzone.cz\\\/blog-na-ministerstvu-nelze-sedet-na-dvou-zidlich\\\/#primaryimage\",\"url\":\"https:\\\/\\\/www.mzone.cz\\\/wp-content\\\/uploads\\\/2020\\\/09\\\/Karel-Havlicek.jpeg\",\"contentUrl\":\"https:\\\/\\\/www.mzone.cz\\\/wp-content\\\/uploads\\\/2020\\\/09\\\/Karel-Havlicek.jpeg\",\"width\":1187,\"height\":792},{\"@type\":\"BreadcrumbList\",\"@id\":\"https:\\\/\\\/www.mzone.cz\\\/blog-na-ministerstvu-nelze-sedet-na-dvou-zidlich\\\/#breadcrumb\",\"itemListElement\":[{\"@type\":\"ListItem\",\"position\":1,\"name\":\"Dom\u016f\",\"item\":\"https:\\\/\\\/www.mzone.cz\\\/\"},{\"@type\":\"ListItem\",\"position\":2,\"name\":\"Blog: Nelze sed\u011bt na dvou \u017eidl\u00edch, na ministerstvu ur\u010dit\u011b ne\"}]},{\"@type\":\"WebSite\",\"@id\":\"https:\\\/\\\/www.mzone.cz\\\/#website\",\"url\":\"https:\\\/\\\/www.mzone.cz\\\/\",\"name\":\"Mzone\",\"description\":\"Magaz\u00edn nejen pro mu\u017ee\",\"potentialAction\":[{\"@type\":\"SearchAction\",\"target\":{\"@type\":\"EntryPoint\",\"urlTemplate\":\"https:\\\/\\\/www.mzone.cz\\\/?s={search_term_string}\"},\"query-input\":{\"@type\":\"PropertyValueSpecification\",\"valueRequired\":true,\"valueName\":\"search_term_string\"}}],\"inLanguage\":\"en-US\"},{\"@type\":\"Person\",\"@id\":\"https:\\\/\\\/www.mzone.cz\\\/#\\\/schema\\\/person\\\/9bc20cc422a99cac4af6ff9297da32d4\",\"name\":\"Mzone\",\"image\":{\"@type\":\"ImageObject\",\"inLanguage\":\"en-US\",\"@id\":\"https:\\\/\\\/secure.gravatar.com\\\/avatar\\\/e780a8630f3182a3d06dd667ab6bea151a0d155b0951bc15fe22633acdac0676?s=96&d=mm&r=g\",\"url\":\"https:\\\/\\\/secure.gravatar.com\\\/avatar\\\/e780a8630f3182a3d06dd667ab6bea151a0d155b0951bc15fe22633acdac0676?s=96&d=mm&r=g\",\"contentUrl\":\"https:\\\/\\\/secure.gravatar.com\\\/avatar\\\/e780a8630f3182a3d06dd667ab6bea151a0d155b0951bc15fe22633acdac0676?s=96&d=mm&r=g\",\"caption\":\"Mzone\"},\"url\":\"https:\\\/\\\/www.mzone.cz\\\/en\\\/author\\\/jakub\\\/\"}]}<\/script>\n<!-- \/ Yoast SEO plugin. -->","yoast_head_json":{"title":"Blog: Nelze sed\u011bt na dvou \u017eidl\u00edch, na ministerstvu ur\u010dit\u011b ne - Mzone","description":"Ministerstvo dopravy je jedn\u00edm z nejslo\u017eit\u011bj\u0161\u00edch resort\u016f. Proto u\u017e p\u0159es p\u016fl roku m\u016f\u017eeme s \u00fadivem sledovat situaci, kdy pro n\u011bj sou\u010dasn\u00e1 vl\u00e1da nem\u00e1 kompetentn\u00edho \u010dlov\u011bka, kter\u00fd by se mu naplno v\u011bnoval.","robots":{"index":"index","follow":"follow","max-snippet":"max-snippet:-1","max-image-preview":"max-image-preview:large","max-video-preview":"max-video-preview:-1"},"canonical":"https:\/\/www.mzone.cz\/en\/blog-na-ministerstvu-nelze-sedet-na-dvou-zidlich\/","og_locale":"en_US","og_type":"article","og_title":"Blog: Nelze sed\u011bt na dvou \u017eidl\u00edch, na ministerstvu ur\u010dit\u011b ne - Mzone","og_description":"Ministerstvo dopravy je jedn\u00edm z nejslo\u017eit\u011bj\u0161\u00edch resort\u016f. Proto u\u017e p\u0159es p\u016fl roku m\u016f\u017eeme s \u00fadivem sledovat situaci, kdy pro n\u011bj sou\u010dasn\u00e1 vl\u00e1da nem\u00e1 kompetentn\u00edho \u010dlov\u011bka, kter\u00fd by se mu naplno v\u011bnoval.","og_url":"https:\/\/www.mzone.cz\/en\/blog-na-ministerstvu-nelze-sedet-na-dvou-zidlich\/","og_site_name":"Mzone","article_publisher":"https:\/\/www.facebook.com\/MzoneCZ\/","article_published_time":"2020-09-13T03:00:58+00:00","og_image":[{"width":1187,"height":792,"url":"https:\/\/www.mzone.cz\/wp-content\/uploads\/2020\/09\/Karel-Havlicek.jpeg","type":"image\/jpeg"}],"author":"Mzone","twitter_card":"summary_large_image","twitter_misc":{"Written by":"Mzone","Est. reading time":"2 minutes"},"schema":{"@context":"https:\/\/schema.org","@graph":[{"@type":"Article","@id":"https:\/\/www.mzone.cz\/blog-na-ministerstvu-nelze-sedet-na-dvou-zidlich\/#article","isPartOf":{"@id":"https:\/\/www.mzone.cz\/blog-na-ministerstvu-nelze-sedet-na-dvou-zidlich\/"},"author":{"name":"Mzone","@id":"https:\/\/www.mzone.cz\/#\/schema\/person\/9bc20cc422a99cac4af6ff9297da32d4"},"headline":"Blog: Nelze sed\u011bt na dvou \u017eidl\u00edch, na ministerstvu ur\u010dit\u011b ne","datePublished":"2020-09-13T03:00:58+00:00","mainEntityOfPage":{"@id":"https:\/\/www.mzone.cz\/blog-na-ministerstvu-nelze-sedet-na-dvou-zidlich\/"},"wordCount":467,"commentCount":0,"image":{"@id":"https:\/\/www.mzone.cz\/blog-na-ministerstvu-nelze-sedet-na-dvou-zidlich\/#primaryimage"},"thumbnailUrl":"https:\/\/www.mzone.cz\/wp-content\/uploads\/2020\/09\/Karel-Havlicek.jpeg","keywords":["Anton\u00edn Fry\u010d","bez obalu","Blog","\u010cesk\u00e1 republika","\u010cesko","doprava","glosa","Karel Havl\u00ed\u010dek","koment\u00e1\u0159","ministerstvo","ministerstvo dopravy","ministerstvo pr\u016fmyslu a obchodu","n\u00e1zor","n\u00e1zory","politika","pr\u016fmysl","vl\u00e1da"],"articleSection":["Bez obalu","Blog"],"inLanguage":"en-US","potentialAction":[{"@type":"CommentAction","name":"Comment","target":["https:\/\/www.mzone.cz\/blog-na-ministerstvu-nelze-sedet-na-dvou-zidlich\/#respond"]}]},{"@type":"WebPage","@id":"https:\/\/www.mzone.cz\/blog-na-ministerstvu-nelze-sedet-na-dvou-zidlich\/","url":"https:\/\/www.mzone.cz\/blog-na-ministerstvu-nelze-sedet-na-dvou-zidlich\/","name":"Blog: Nelze sed\u011bt na dvou \u017eidl\u00edch, na ministerstvu ur\u010dit\u011b ne - Mzone","isPartOf":{"@id":"https:\/\/www.mzone.cz\/#website"},"primaryImageOfPage":{"@id":"https:\/\/www.mzone.cz\/blog-na-ministerstvu-nelze-sedet-na-dvou-zidlich\/#primaryimage"},"image":{"@id":"https:\/\/www.mzone.cz\/blog-na-ministerstvu-nelze-sedet-na-dvou-zidlich\/#primaryimage"},"thumbnailUrl":"https:\/\/www.mzone.cz\/wp-content\/uploads\/2020\/09\/Karel-Havlicek.jpeg","datePublished":"2020-09-13T03:00:58+00:00","author":{"@id":"https:\/\/www.mzone.cz\/#\/schema\/person\/9bc20cc422a99cac4af6ff9297da32d4"},"description":"Ministerstvo dopravy je jedn\u00edm z nejslo\u017eit\u011bj\u0161\u00edch resort\u016f. Proto u\u017e p\u0159es p\u016fl roku m\u016f\u017eeme s \u00fadivem sledovat situaci, kdy pro n\u011bj sou\u010dasn\u00e1 vl\u00e1da nem\u00e1 kompetentn\u00edho \u010dlov\u011bka, kter\u00fd by se mu naplno v\u011bnoval.","breadcrumb":{"@id":"https:\/\/www.mzone.cz\/blog-na-ministerstvu-nelze-sedet-na-dvou-zidlich\/#breadcrumb"},"inLanguage":"en-US","potentialAction":[{"@type":"ReadAction","target":["https:\/\/www.mzone.cz\/blog-na-ministerstvu-nelze-sedet-na-dvou-zidlich\/"]}]},{"@type":"ImageObject","inLanguage":"en-US","@id":"https:\/\/www.mzone.cz\/blog-na-ministerstvu-nelze-sedet-na-dvou-zidlich\/#primaryimage","url":"https:\/\/www.mzone.cz\/wp-content\/uploads\/2020\/09\/Karel-Havlicek.jpeg","contentUrl":"https:\/\/www.mzone.cz\/wp-content\/uploads\/2020\/09\/Karel-Havlicek.jpeg","width":1187,"height":792},{"@type":"BreadcrumbList","@id":"https:\/\/www.mzone.cz\/blog-na-ministerstvu-nelze-sedet-na-dvou-zidlich\/#breadcrumb","itemListElement":[{"@type":"ListItem","position":1,"name":"Dom\u016f","item":"https:\/\/www.mzone.cz\/"},{"@type":"ListItem","position":2,"name":"Blog: Nelze sed\u011bt na dvou \u017eidl\u00edch, na ministerstvu ur\u010dit\u011b ne"}]},{"@type":"WebSite","@id":"https:\/\/www.mzone.cz\/#website","url":"https:\/\/www.mzone.cz\/","name":"Mzone","description":"Magaz\u00edn nejen pro mu\u017ee","potentialAction":[{"@type":"SearchAction","target":{"@type":"EntryPoint","urlTemplate":"https:\/\/www.mzone.cz\/?s={search_term_string}"},"query-input":{"@type":"PropertyValueSpecification","valueRequired":true,"valueName":"search_term_string"}}],"inLanguage":"en-US"},{"@type":"Person","@id":"https:\/\/www.mzone.cz\/#\/schema\/person\/9bc20cc422a99cac4af6ff9297da32d4","name":"Mzone","image":{"@type":"ImageObject","inLanguage":"en-US","@id":"https:\/\/secure.gravatar.com\/avatar\/e780a8630f3182a3d06dd667ab6bea151a0d155b0951bc15fe22633acdac0676?s=96&d=mm&r=g","url":"https:\/\/secure.gravatar.com\/avatar\/e780a8630f3182a3d06dd667ab6bea151a0d155b0951bc15fe22633acdac0676?s=96&d=mm&r=g","contentUrl":"https:\/\/secure.gravatar.com\/avatar\/e780a8630f3182a3d06dd667ab6bea151a0d155b0951bc15fe22633acdac0676?s=96&d=mm&r=g","caption":"Mzone"},"url":"https:\/\/www.mzone.cz\/en\/author\/jakub\/"}]}},"_links":{"self":[{"href":"https:\/\/www.mzone.cz\/en\/wp-json\/wp\/v2\/posts\/24146","targetHints":{"allow":["GET"]}}],"collection":[{"href":"https:\/\/www.mzone.cz\/en\/wp-json\/wp\/v2\/posts"}],"about":[{"href":"https:\/\/www.mzone.cz\/en\/wp-json\/wp\/v2\/types\/post"}],"author":[{"embeddable":true,"href":"https:\/\/www.mzone.cz\/en\/wp-json\/wp\/v2\/users\/4"}],"replies":[{"embeddable":true,"href":"https:\/\/www.mzone.cz\/en\/wp-json\/wp\/v2\/comments?post=24146"}],"version-history":[{"count":7,"href":"https:\/\/www.mzone.cz\/en\/wp-json\/wp\/v2\/posts\/24146\/revisions"}],"predecessor-version":[{"id":24156,"href":"https:\/\/www.mzone.cz\/en\/wp-json\/wp\/v2\/posts\/24146\/revisions\/24156"}],"wp:featuredmedia":[{"embeddable":true,"href":"https:\/\/www.mzone.cz\/en\/wp-json\/wp\/v2\/media\/24148"}],"wp:attachment":[{"href":"https:\/\/www.mzone.cz\/en\/wp-json\/wp\/v2\/media?parent=24146"}],"wp:term":[{"taxonomy":"category","embeddable":true,"href":"https:\/\/www.mzone.cz\/en\/wp-json\/wp\/v2\/categories?post=24146"},{"taxonomy":"post_tag","embeddable":true,"href":"https:\/\/www.mzone.cz\/en\/wp-json\/wp\/v2\/tags?post=24146"}],"curies":[{"name":"wp","href":"https:\/\/api.w.org\/{rel}","templated":true}]}}