{"id":24404,"date":"2020-09-22T17:00:12","date_gmt":"2020-09-22T15:00:12","guid":{"rendered":"https:\/\/www.mzone.cz\/?p=24404"},"modified":"2020-09-21T15:24:08","modified_gmt":"2020-09-21T13:24:08","slug":"tedx-business-salon-recnici-ze-sveta-byznysu-i-diskuze-s-navstevniky","status":"publish","type":"post","link":"https:\/\/www.mzone.cz\/en\/tedx-business-salon-recnici-ze-sveta-byznysu-i-diskuze-s-navstevniky\/","title":{"rendered":"\u0158e\u010dn\u00edci ze sv\u011bta byznysu i diskuze s n\u00e1v\u0161t\u011bvn\u00edky: To je nov\u00fd TEDx Business Salon!"},"content":{"rendered":"<p><strong>Podzim pat\u0159\u00ed TEDx\u016fm! Pro ty, kte\u0159\u00ed se u\u017e nemohou do\u010dkat tradi\u010dn\u00edho listopadov\u00e9ho TEDxPrague, m\u00e1me ji\u017e v z\u00e1\u0159\u00ed ochutn\u00e1vku v podob\u011b TEDxPragueBusinessSalon 2020. Zcela nov\u00fd form\u00e1t akce p\u0159in\u00e1\u0161\u00ed prostor pro diskuzi o sou\u010dasn\u00e9m byznysu, a to v unik\u00e1tn\u00edm prostoru Spojka Events v Karl\u00edn\u011b.<\/strong><\/p><br>\n\n\n\n<p>Pr\u00e1v\u011b diskuze mezi jednotliv\u00fdmi \u0159e\u010dn\u00edky i n\u00e1v\u0161t\u011bvn\u00edky je t\u00edm hlavn\u00edm, \u010d\u00edm se nov\u011b vznikl\u00e1 akce pod hlavi\u010dkou TEDu bude li\u0161it od tradi\u010dn\u00edho TEDxPrague. Vytv\u00e1\u0159\u00ed se tak zcela nov\u00fd prostor pro diskuzi o pal\u010div\u00fdch ot\u00e1zk\u00e1ch sou\u010dasn\u00e9ho byznysu.<\/p>\n\n\n\n<blockquote class=\"wp-block-quote is-layout-flow wp-block-quote-is-layout-flow\"><p>\u201eOtev\u00edr\u00e1me t\u00e9mata nep\u0159\u00edjemn\u00e1, a\u017e tabuizovan\u00e1, p\u0159ehl\u00ed\u017een\u00e1 a odkl\u00e1dan\u00e1. P\u0159in\u00e1\u0161\u00edme progresivn\u00ed n\u00e1zory na sou\u010dasn\u00fd management, na pot\u0159eby firem i zam\u011bstnanc\u016f. Pt\u00e1me se po podstat\u011b, rozeb\u00edr\u00e1me dopady a \u0161\u00ed\u0159\u00edme my\u0161lenky hodn\u00e9 \u0161\u00ed\u0159en\u00ed,\u201d popisuje my\u0161lenku akce hlavn\u00ed organiz\u00e1torka TEDxPragueBusinessSalon Marie Kozmov\u00e1.<\/p><\/blockquote>\n\n\n\n<p>T\u00e9matem prvn\u00edho Salonu je <strong>\u201eDiverzita \u2013 m\u00fdtus nebo realita?\u201d<\/strong>. Jak diverzn\u00ed je n\u00e1\u0161 pracovn\u00ed sv\u011bt? Podporujeme tuto diverzitu nebo naopak tlum\u00edme? Jak se diverzita v pr\u00e1ci poj\u00ed s obchodn\u00edmi v\u00fdsledky a jak ovliv\u0148uje n\u00e1\u0161 zp\u016fsob \u0159e\u0161en\u00ed kriz\u00ed? Jsou kv\u00f3ty sou\u010d\u00e1st \u0159e\u0161en\u00ed, nebo probl\u00e9mu? O t\u011bchto ot\u00e1zk\u00e1ch, ale i \u0159ad\u011b dal\u0161\u00edch, budou diskutovat \u0159e\u010dn\u00edci Hana Vackov\u00e1 (novin\u00e1\u0159ka ve vydavatelstv\u00ed Economia), Zuzana Labudov\u00e1 (lektorka kurz\u016f s t\u00e9matikou rovn\u00fdch p\u0159\u00edle\u017eitost\u00ed pro firmy a instituce) a Martin Z\u00e1klasn\u00edk (v\u00fdkonn\u00fd \u0159editel E.ON Energie a.s.).<\/p><br>\n\n\n\n<figure class=\"wp-block-image size-large\"><img loading=\"lazy\" decoding=\"async\" width=\"1024\" height=\"576\" src=\"https:\/\/www.mzone.cz\/wp-content\/uploads\/2020\/09\/TEDxPrague-1024x576.jpg\" alt=\"TEDxPrague chyst\u00e1 novou akci v podob\u011b TEDxPragueBusinessSalon\" class=\"wp-image-24416\" srcset=\"https:\/\/www.mzone.cz\/wp-content\/uploads\/2020\/09\/TEDxPrague-1024x576.jpg 1024w, https:\/\/www.mzone.cz\/wp-content\/uploads\/2020\/09\/TEDxPrague-300x169.jpg 300w, https:\/\/www.mzone.cz\/wp-content\/uploads\/2020\/09\/TEDxPrague-768x432.jpg 768w, https:\/\/www.mzone.cz\/wp-content\/uploads\/2020\/09\/TEDxPrague-1536x864.jpg 1536w, https:\/\/www.mzone.cz\/wp-content\/uploads\/2020\/09\/TEDxPrague-590x332.jpg 590w, https:\/\/www.mzone.cz\/wp-content\/uploads\/2020\/09\/TEDxPrague.jpg 1640w\" sizes=\"auto, (max-width: 1024px) 100vw, 1024px\" \/><\/figure><br>\n\n\n\n<p>Prvn\u00ed TEDxPragueBusinessSalon se bude konat 23. z\u00e1\u0159\u00ed 2020 od 18:30 v unik\u00e1tn\u00edm prostoru Spojka Events v pra\u017esk\u00e9m Karl\u00edn\u011b. Ochutn\u00e1vku m\u00edstn\u00edch dobrot budou m\u00edt n\u00e1v\u0161t\u011bvn\u00edci v cen\u011b vstupenky. Ty lze po\u0159\u00eddit na <a href=\"https:\/\/www.tedxprague.cz\/\" target=\"_blank\" rel=\"noreferrer noopener\">www.tedxprague.cz<\/a> nebo prost\u0159ednictv\u00edm GoOut. Z t\u00e9to akce nevzniknou klasick\u00e1 TED videa, jak je zn\u00e1te. Prost\u011b p\u0159ij\u010fte! Ve\u0161ker\u00e1 aktu\u00e1ln\u00ed COVID opat\u0159en\u00ed budou dodr\u017eena, aby se v\u0161ichni \u00fa\u010dastn\u00edci mohli c\u00edtit bezpe\u010dn\u011b.<\/p><br>\n\n\n\n<p>TEDx je neziskov\u00e1 iniciativa, jej\u00edm\u017e centrem jsou \u201cmy\u0161lenky hodn\u00e9 \u0161\u00ed\u0159en\u00ed\u201d \u2013 sd\u00edlen\u00ed podn\u011btn\u00fdch n\u00e1pad\u016f a p\u0159\u00edb\u011bh\u016f. Mate\u0159sk\u00fd TEDxPrague vznikl v roce 2009 inspirov\u00e1n TED a pod jeho licenc\u00ed. D\u00edky tomu je sou\u010d\u00e1st\u00ed celosv\u011btov\u00e9ho hnut\u00ed TEDx.<\/p><br>\n\n\n\n<div class=\"wp-block-media-text alignwide is-stacked-on-mobile is-vertically-aligned-top\" style=\"grid-template-columns:35% auto\"><figure class=\"wp-block-media-text__media\"><a href=\"https:\/\/www.mzone.cz\/prazsky-tedx-se-letos-ponori-do-neviditelnych-temat-hned-na-dvou-mistech\/\"><img loading=\"lazy\" decoding=\"async\" width=\"1024\" height=\"683\" src=\"https:\/\/www.mzone.cz\/wp-content\/uploads\/2020\/08\/TEDxPrague-1024x683.jpg\" alt=\"\" class=\"wp-image-23803\" srcset=\"https:\/\/www.mzone.cz\/wp-content\/uploads\/2020\/08\/TEDxPrague-1024x683.jpg 1024w, https:\/\/www.mzone.cz\/wp-content\/uploads\/2020\/08\/TEDxPrague-300x200.jpg 300w, https:\/\/www.mzone.cz\/wp-content\/uploads\/2020\/08\/TEDxPrague-768x512.jpg 768w, https:\/\/www.mzone.cz\/wp-content\/uploads\/2020\/08\/TEDxPrague-800x533.jpg 800w, https:\/\/www.mzone.cz\/wp-content\/uploads\/2020\/08\/TEDxPrague-400x267.jpg 400w, https:\/\/www.mzone.cz\/wp-content\/uploads\/2020\/08\/TEDxPrague-500x333.jpg 500w, https:\/\/www.mzone.cz\/wp-content\/uploads\/2020\/08\/TEDxPrague-590x393.jpg 590w, https:\/\/www.mzone.cz\/wp-content\/uploads\/2020\/08\/TEDxPrague.jpg 1107w\" sizes=\"auto, (max-width: 1024px) 100vw, 1024px\" \/><\/a><\/figure><div class=\"wp-block-media-text__content\">\n<h4><a href=\"https:\/\/www.mzone.cz\/prazsky-tedx-se-letos-ponori-do-neviditelnych-temat-hned-na-dvou-mistech\/\">Pra\u017esk\u00fd TEDx se letos pono\u0159\u00ed do neviditeln\u00fdch t\u00e9mat! Konat se bude hned na dvou m\u00edstech najednou<\/a><\/h4><br>\n<\/div><\/div>","protected":false},"excerpt":{"rendered":"<p>Podzim pat\u0159\u00ed TEDx\u016fm! Pro ty, kte\u0159\u00ed se u\u017e nemohou do\u010dkat tradi\u010dn\u00edho listopadov\u00e9ho TEDxPrague, m\u00e1me ji\u017e v z\u00e1\u0159\u00ed ochutn\u00e1vku v podob\u011b TEDxPragueBusinessSalon 2020. Zcela nov\u00fd form\u00e1t akce p\u0159in\u00e1\u0161\u00ed prostor pro diskuzi o sou\u010dasn\u00e9m byznysu, a to v unik\u00e1tn\u00edm prostoru Spojka Events v Karl\u00edn\u011b. Pr\u00e1v\u011b diskuze mezi jednotliv\u00fdmi \u0159e\u010dn\u00edky i n\u00e1v\u0161t\u011bvn\u00edky je t\u00edm hlavn\u00edm, \u010d\u00edm se nov\u011b [&hellip;]<\/p>\n","protected":false},"author":4,"featured_media":24405,"comment_status":"open","ping_status":"closed","sticky":false,"template":"","format":"standard","meta":{"kk_blocks_editor_width":"","_kiokenblocks_attr":"","_kiokenblocks_dimensions":"","footnotes":""},"categories":[25],"tags":[147,4181,2159,749,4108,1283,4183,363,4111,4182,1279,3621,4184],"class_list":["post-24404","post","type-post","status-publish","format-standard","has-post-thumbnail","hentry","category-style","tag-akce","tag-business","tag-byznys","tag-diskuze","tag-event","tag-konference","tag-nova-akce","tag-praha","tag-recnici","tag-salon","tag-tedx","tag-tedxprague","tag-tedxpraguebusinesssalon"],"yoast_head":"<!-- This site is optimized with the Yoast SEO plugin v27.5 - https:\/\/yoast.com\/product\/yoast-seo-wordpress\/ -->\n<title>\u0158e\u010dn\u00edci ze sv\u011bta byznysu i diskuze s n\u00e1v\u0161t\u011bvn\u00edky: To je nov\u00fd TEDx Business Salon! - Mzone<\/title>\n<meta name=\"description\" content=\"Pro ty, kte\u0159\u00ed se u\u017e nemohou do\u010dkat tradi\u010dn\u00edho listopadov\u00e9ho TEDxPrague, m\u00e1me ji\u017e v z\u00e1\u0159\u00ed ochutn\u00e1vku v podob\u011b TEDxPragueBusinessSalon 2020.\" \/>\n<meta name=\"robots\" content=\"index, follow, max-snippet:-1, max-image-preview:large, max-video-preview:-1\" \/>\n<link rel=\"canonical\" href=\"https:\/\/www.mzone.cz\/en\/tedx-business-salon-recnici-ze-sveta-byznysu-i-diskuze-s-navstevniky\/\" \/>\n<meta property=\"og:locale\" content=\"en_US\" \/>\n<meta property=\"og:type\" content=\"article\" \/>\n<meta property=\"og:title\" content=\"\u0158e\u010dn\u00edci ze sv\u011bta byznysu i diskuze s n\u00e1v\u0161t\u011bvn\u00edky: To je nov\u00fd TEDx Business Salon! - Mzone\" \/>\n<meta property=\"og:description\" content=\"Pro ty, kte\u0159\u00ed se u\u017e nemohou do\u010dkat tradi\u010dn\u00edho listopadov\u00e9ho TEDxPrague, m\u00e1me ji\u017e v z\u00e1\u0159\u00ed ochutn\u00e1vku v podob\u011b TEDxPragueBusinessSalon 2020.\" \/>\n<meta property=\"og:url\" content=\"https:\/\/www.mzone.cz\/en\/tedx-business-salon-recnici-ze-sveta-byznysu-i-diskuze-s-navstevniky\/\" \/>\n<meta property=\"og:site_name\" content=\"Mzone\" \/>\n<meta property=\"article:publisher\" content=\"https:\/\/www.facebook.com\/MzoneCZ\/\" \/>\n<meta property=\"article:published_time\" content=\"2020-09-22T15:00:12+00:00\" \/>\n<meta property=\"og:image\" content=\"https:\/\/www.mzone.cz\/wp-content\/uploads\/2020\/09\/49044269716_00014ee6e8_o.jpg\" \/>\n\t<meta property=\"og:image:width\" content=\"1443\" \/>\n\t<meta property=\"og:image:height\" content=\"962\" \/>\n\t<meta property=\"og:image:type\" content=\"image\/jpeg\" \/>\n<meta name=\"author\" content=\"Mzone\" \/>\n<meta name=\"twitter:card\" content=\"summary_large_image\" \/>\n<meta name=\"twitter:label1\" content=\"Written by\" \/>\n\t<meta name=\"twitter:data1\" content=\"Mzone\" \/>\n\t<meta name=\"twitter:label2\" content=\"Est. reading time\" \/>\n\t<meta name=\"twitter:data2\" content=\"2 minutes\" \/>\n<script type=\"application\/ld+json\" class=\"yoast-schema-graph\">{\"@context\":\"https:\\\/\\\/schema.org\",\"@graph\":[{\"@type\":\"Article\",\"@id\":\"https:\\\/\\\/www.mzone.cz\\\/tedx-business-salon-recnici-ze-sveta-byznysu-i-diskuze-s-navstevniky\\\/#article\",\"isPartOf\":{\"@id\":\"https:\\\/\\\/www.mzone.cz\\\/tedx-business-salon-recnici-ze-sveta-byznysu-i-diskuze-s-navstevniky\\\/\"},\"author\":{\"name\":\"Mzone\",\"@id\":\"https:\\\/\\\/www.mzone.cz\\\/#\\\/schema\\\/person\\\/9bc20cc422a99cac4af6ff9297da32d4\"},\"headline\":\"\u0158e\u010dn\u00edci ze sv\u011bta byznysu i diskuze s n\u00e1v\u0161t\u011bvn\u00edky: To je nov\u00fd TEDx Business Salon!\",\"datePublished\":\"2020-09-22T15:00:12+00:00\",\"mainEntityOfPage\":{\"@id\":\"https:\\\/\\\/www.mzone.cz\\\/tedx-business-salon-recnici-ze-sveta-byznysu-i-diskuze-s-navstevniky\\\/\"},\"wordCount\":452,\"commentCount\":0,\"image\":{\"@id\":\"https:\\\/\\\/www.mzone.cz\\\/tedx-business-salon-recnici-ze-sveta-byznysu-i-diskuze-s-navstevniky\\\/#primaryimage\"},\"thumbnailUrl\":\"https:\\\/\\\/www.mzone.cz\\\/wp-content\\\/uploads\\\/2020\\\/09\\\/49044269716_00014ee6e8_o.jpg\",\"keywords\":[\"akce\",\"business\",\"byznys\",\"diskuze\",\"event\",\"konference\",\"nov\u00e1 akce\",\"Praha\",\"\u0159e\u010dn\u00edci\",\"salon\",\"TEDx\",\"TEDxPrague\",\"TEDxPragueBusinessSalon\"],\"articleSection\":[\"Style\"],\"inLanguage\":\"en-US\",\"potentialAction\":[{\"@type\":\"CommentAction\",\"name\":\"Comment\",\"target\":[\"https:\\\/\\\/www.mzone.cz\\\/tedx-business-salon-recnici-ze-sveta-byznysu-i-diskuze-s-navstevniky\\\/#respond\"]}]},{\"@type\":\"WebPage\",\"@id\":\"https:\\\/\\\/www.mzone.cz\\\/tedx-business-salon-recnici-ze-sveta-byznysu-i-diskuze-s-navstevniky\\\/\",\"url\":\"https:\\\/\\\/www.mzone.cz\\\/tedx-business-salon-recnici-ze-sveta-byznysu-i-diskuze-s-navstevniky\\\/\",\"name\":\"\u0158e\u010dn\u00edci ze sv\u011bta byznysu i diskuze s n\u00e1v\u0161t\u011bvn\u00edky: To je nov\u00fd TEDx Business Salon! - Mzone\",\"isPartOf\":{\"@id\":\"https:\\\/\\\/www.mzone.cz\\\/#website\"},\"primaryImageOfPage\":{\"@id\":\"https:\\\/\\\/www.mzone.cz\\\/tedx-business-salon-recnici-ze-sveta-byznysu-i-diskuze-s-navstevniky\\\/#primaryimage\"},\"image\":{\"@id\":\"https:\\\/\\\/www.mzone.cz\\\/tedx-business-salon-recnici-ze-sveta-byznysu-i-diskuze-s-navstevniky\\\/#primaryimage\"},\"thumbnailUrl\":\"https:\\\/\\\/www.mzone.cz\\\/wp-content\\\/uploads\\\/2020\\\/09\\\/49044269716_00014ee6e8_o.jpg\",\"datePublished\":\"2020-09-22T15:00:12+00:00\",\"author\":{\"@id\":\"https:\\\/\\\/www.mzone.cz\\\/#\\\/schema\\\/person\\\/9bc20cc422a99cac4af6ff9297da32d4\"},\"description\":\"Pro ty, kte\u0159\u00ed se u\u017e nemohou do\u010dkat tradi\u010dn\u00edho listopadov\u00e9ho TEDxPrague, m\u00e1me ji\u017e v z\u00e1\u0159\u00ed ochutn\u00e1vku v podob\u011b TEDxPragueBusinessSalon 2020.\",\"breadcrumb\":{\"@id\":\"https:\\\/\\\/www.mzone.cz\\\/tedx-business-salon-recnici-ze-sveta-byznysu-i-diskuze-s-navstevniky\\\/#breadcrumb\"},\"inLanguage\":\"en-US\",\"potentialAction\":[{\"@type\":\"ReadAction\",\"target\":[\"https:\\\/\\\/www.mzone.cz\\\/tedx-business-salon-recnici-ze-sveta-byznysu-i-diskuze-s-navstevniky\\\/\"]}]},{\"@type\":\"ImageObject\",\"inLanguage\":\"en-US\",\"@id\":\"https:\\\/\\\/www.mzone.cz\\\/tedx-business-salon-recnici-ze-sveta-byznysu-i-diskuze-s-navstevniky\\\/#primaryimage\",\"url\":\"https:\\\/\\\/www.mzone.cz\\\/wp-content\\\/uploads\\\/2020\\\/09\\\/49044269716_00014ee6e8_o.jpg\",\"contentUrl\":\"https:\\\/\\\/www.mzone.cz\\\/wp-content\\\/uploads\\\/2020\\\/09\\\/49044269716_00014ee6e8_o.jpg\",\"width\":1443,\"height\":962,\"caption\":\"TEDxPrague\"},{\"@type\":\"BreadcrumbList\",\"@id\":\"https:\\\/\\\/www.mzone.cz\\\/tedx-business-salon-recnici-ze-sveta-byznysu-i-diskuze-s-navstevniky\\\/#breadcrumb\",\"itemListElement\":[{\"@type\":\"ListItem\",\"position\":1,\"name\":\"Dom\u016f\",\"item\":\"https:\\\/\\\/www.mzone.cz\\\/\"},{\"@type\":\"ListItem\",\"position\":2,\"name\":\"\u0158e\u010dn\u00edci ze sv\u011bta byznysu i diskuze s n\u00e1v\u0161t\u011bvn\u00edky: To je nov\u00fd TEDx Business Salon!\"}]},{\"@type\":\"WebSite\",\"@id\":\"https:\\\/\\\/www.mzone.cz\\\/#website\",\"url\":\"https:\\\/\\\/www.mzone.cz\\\/\",\"name\":\"Mzone\",\"description\":\"Magaz\u00edn nejen pro mu\u017ee\",\"potentialAction\":[{\"@type\":\"SearchAction\",\"target\":{\"@type\":\"EntryPoint\",\"urlTemplate\":\"https:\\\/\\\/www.mzone.cz\\\/?s={search_term_string}\"},\"query-input\":{\"@type\":\"PropertyValueSpecification\",\"valueRequired\":true,\"valueName\":\"search_term_string\"}}],\"inLanguage\":\"en-US\"},{\"@type\":\"Person\",\"@id\":\"https:\\\/\\\/www.mzone.cz\\\/#\\\/schema\\\/person\\\/9bc20cc422a99cac4af6ff9297da32d4\",\"name\":\"Mzone\",\"image\":{\"@type\":\"ImageObject\",\"inLanguage\":\"en-US\",\"@id\":\"https:\\\/\\\/secure.gravatar.com\\\/avatar\\\/e780a8630f3182a3d06dd667ab6bea151a0d155b0951bc15fe22633acdac0676?s=96&d=mm&r=g\",\"url\":\"https:\\\/\\\/secure.gravatar.com\\\/avatar\\\/e780a8630f3182a3d06dd667ab6bea151a0d155b0951bc15fe22633acdac0676?s=96&d=mm&r=g\",\"contentUrl\":\"https:\\\/\\\/secure.gravatar.com\\\/avatar\\\/e780a8630f3182a3d06dd667ab6bea151a0d155b0951bc15fe22633acdac0676?s=96&d=mm&r=g\",\"caption\":\"Mzone\"},\"url\":\"https:\\\/\\\/www.mzone.cz\\\/en\\\/author\\\/jakub\\\/\"}]}<\/script>\n<!-- \/ Yoast SEO plugin. -->","yoast_head_json":{"title":"\u0158e\u010dn\u00edci ze sv\u011bta byznysu i diskuze s n\u00e1v\u0161t\u011bvn\u00edky: To je nov\u00fd TEDx Business Salon! - Mzone","description":"Pro ty, kte\u0159\u00ed se u\u017e nemohou do\u010dkat tradi\u010dn\u00edho listopadov\u00e9ho TEDxPrague, m\u00e1me ji\u017e v z\u00e1\u0159\u00ed ochutn\u00e1vku v podob\u011b TEDxPragueBusinessSalon 2020.","robots":{"index":"index","follow":"follow","max-snippet":"max-snippet:-1","max-image-preview":"max-image-preview:large","max-video-preview":"max-video-preview:-1"},"canonical":"https:\/\/www.mzone.cz\/en\/tedx-business-salon-recnici-ze-sveta-byznysu-i-diskuze-s-navstevniky\/","og_locale":"en_US","og_type":"article","og_title":"\u0158e\u010dn\u00edci ze sv\u011bta byznysu i diskuze s n\u00e1v\u0161t\u011bvn\u00edky: To je nov\u00fd TEDx Business Salon! - Mzone","og_description":"Pro ty, kte\u0159\u00ed se u\u017e nemohou do\u010dkat tradi\u010dn\u00edho listopadov\u00e9ho TEDxPrague, m\u00e1me ji\u017e v z\u00e1\u0159\u00ed ochutn\u00e1vku v podob\u011b TEDxPragueBusinessSalon 2020.","og_url":"https:\/\/www.mzone.cz\/en\/tedx-business-salon-recnici-ze-sveta-byznysu-i-diskuze-s-navstevniky\/","og_site_name":"Mzone","article_publisher":"https:\/\/www.facebook.com\/MzoneCZ\/","article_published_time":"2020-09-22T15:00:12+00:00","og_image":[{"width":1443,"height":962,"url":"https:\/\/www.mzone.cz\/wp-content\/uploads\/2020\/09\/49044269716_00014ee6e8_o.jpg","type":"image\/jpeg"}],"author":"Mzone","twitter_card":"summary_large_image","twitter_misc":{"Written by":"Mzone","Est. reading time":"2 minutes"},"schema":{"@context":"https:\/\/schema.org","@graph":[{"@type":"Article","@id":"https:\/\/www.mzone.cz\/tedx-business-salon-recnici-ze-sveta-byznysu-i-diskuze-s-navstevniky\/#article","isPartOf":{"@id":"https:\/\/www.mzone.cz\/tedx-business-salon-recnici-ze-sveta-byznysu-i-diskuze-s-navstevniky\/"},"author":{"name":"Mzone","@id":"https:\/\/www.mzone.cz\/#\/schema\/person\/9bc20cc422a99cac4af6ff9297da32d4"},"headline":"\u0158e\u010dn\u00edci ze sv\u011bta byznysu i diskuze s n\u00e1v\u0161t\u011bvn\u00edky: To je nov\u00fd TEDx Business Salon!","datePublished":"2020-09-22T15:00:12+00:00","mainEntityOfPage":{"@id":"https:\/\/www.mzone.cz\/tedx-business-salon-recnici-ze-sveta-byznysu-i-diskuze-s-navstevniky\/"},"wordCount":452,"commentCount":0,"image":{"@id":"https:\/\/www.mzone.cz\/tedx-business-salon-recnici-ze-sveta-byznysu-i-diskuze-s-navstevniky\/#primaryimage"},"thumbnailUrl":"https:\/\/www.mzone.cz\/wp-content\/uploads\/2020\/09\/49044269716_00014ee6e8_o.jpg","keywords":["akce","business","byznys","diskuze","event","konference","nov\u00e1 akce","Praha","\u0159e\u010dn\u00edci","salon","TEDx","TEDxPrague","TEDxPragueBusinessSalon"],"articleSection":["Style"],"inLanguage":"en-US","potentialAction":[{"@type":"CommentAction","name":"Comment","target":["https:\/\/www.mzone.cz\/tedx-business-salon-recnici-ze-sveta-byznysu-i-diskuze-s-navstevniky\/#respond"]}]},{"@type":"WebPage","@id":"https:\/\/www.mzone.cz\/tedx-business-salon-recnici-ze-sveta-byznysu-i-diskuze-s-navstevniky\/","url":"https:\/\/www.mzone.cz\/tedx-business-salon-recnici-ze-sveta-byznysu-i-diskuze-s-navstevniky\/","name":"\u0158e\u010dn\u00edci ze sv\u011bta byznysu i diskuze s n\u00e1v\u0161t\u011bvn\u00edky: To je nov\u00fd TEDx Business Salon! - Mzone","isPartOf":{"@id":"https:\/\/www.mzone.cz\/#website"},"primaryImageOfPage":{"@id":"https:\/\/www.mzone.cz\/tedx-business-salon-recnici-ze-sveta-byznysu-i-diskuze-s-navstevniky\/#primaryimage"},"image":{"@id":"https:\/\/www.mzone.cz\/tedx-business-salon-recnici-ze-sveta-byznysu-i-diskuze-s-navstevniky\/#primaryimage"},"thumbnailUrl":"https:\/\/www.mzone.cz\/wp-content\/uploads\/2020\/09\/49044269716_00014ee6e8_o.jpg","datePublished":"2020-09-22T15:00:12+00:00","author":{"@id":"https:\/\/www.mzone.cz\/#\/schema\/person\/9bc20cc422a99cac4af6ff9297da32d4"},"description":"Pro ty, kte\u0159\u00ed se u\u017e nemohou do\u010dkat tradi\u010dn\u00edho listopadov\u00e9ho TEDxPrague, m\u00e1me ji\u017e v z\u00e1\u0159\u00ed ochutn\u00e1vku v podob\u011b TEDxPragueBusinessSalon 2020.","breadcrumb":{"@id":"https:\/\/www.mzone.cz\/tedx-business-salon-recnici-ze-sveta-byznysu-i-diskuze-s-navstevniky\/#breadcrumb"},"inLanguage":"en-US","potentialAction":[{"@type":"ReadAction","target":["https:\/\/www.mzone.cz\/tedx-business-salon-recnici-ze-sveta-byznysu-i-diskuze-s-navstevniky\/"]}]},{"@type":"ImageObject","inLanguage":"en-US","@id":"https:\/\/www.mzone.cz\/tedx-business-salon-recnici-ze-sveta-byznysu-i-diskuze-s-navstevniky\/#primaryimage","url":"https:\/\/www.mzone.cz\/wp-content\/uploads\/2020\/09\/49044269716_00014ee6e8_o.jpg","contentUrl":"https:\/\/www.mzone.cz\/wp-content\/uploads\/2020\/09\/49044269716_00014ee6e8_o.jpg","width":1443,"height":962,"caption":"TEDxPrague"},{"@type":"BreadcrumbList","@id":"https:\/\/www.mzone.cz\/tedx-business-salon-recnici-ze-sveta-byznysu-i-diskuze-s-navstevniky\/#breadcrumb","itemListElement":[{"@type":"ListItem","position":1,"name":"Dom\u016f","item":"https:\/\/www.mzone.cz\/"},{"@type":"ListItem","position":2,"name":"\u0158e\u010dn\u00edci ze sv\u011bta byznysu i diskuze s n\u00e1v\u0161t\u011bvn\u00edky: To je nov\u00fd TEDx Business Salon!"}]},{"@type":"WebSite","@id":"https:\/\/www.mzone.cz\/#website","url":"https:\/\/www.mzone.cz\/","name":"Mzone","description":"Magaz\u00edn nejen pro mu\u017ee","potentialAction":[{"@type":"SearchAction","target":{"@type":"EntryPoint","urlTemplate":"https:\/\/www.mzone.cz\/?s={search_term_string}"},"query-input":{"@type":"PropertyValueSpecification","valueRequired":true,"valueName":"search_term_string"}}],"inLanguage":"en-US"},{"@type":"Person","@id":"https:\/\/www.mzone.cz\/#\/schema\/person\/9bc20cc422a99cac4af6ff9297da32d4","name":"Mzone","image":{"@type":"ImageObject","inLanguage":"en-US","@id":"https:\/\/secure.gravatar.com\/avatar\/e780a8630f3182a3d06dd667ab6bea151a0d155b0951bc15fe22633acdac0676?s=96&d=mm&r=g","url":"https:\/\/secure.gravatar.com\/avatar\/e780a8630f3182a3d06dd667ab6bea151a0d155b0951bc15fe22633acdac0676?s=96&d=mm&r=g","contentUrl":"https:\/\/secure.gravatar.com\/avatar\/e780a8630f3182a3d06dd667ab6bea151a0d155b0951bc15fe22633acdac0676?s=96&d=mm&r=g","caption":"Mzone"},"url":"https:\/\/www.mzone.cz\/en\/author\/jakub\/"}]}},"_links":{"self":[{"href":"https:\/\/www.mzone.cz\/en\/wp-json\/wp\/v2\/posts\/24404","targetHints":{"allow":["GET"]}}],"collection":[{"href":"https:\/\/www.mzone.cz\/en\/wp-json\/wp\/v2\/posts"}],"about":[{"href":"https:\/\/www.mzone.cz\/en\/wp-json\/wp\/v2\/types\/post"}],"author":[{"embeddable":true,"href":"https:\/\/www.mzone.cz\/en\/wp-json\/wp\/v2\/users\/4"}],"replies":[{"embeddable":true,"href":"https:\/\/www.mzone.cz\/en\/wp-json\/wp\/v2\/comments?post=24404"}],"version-history":[{"count":11,"href":"https:\/\/www.mzone.cz\/en\/wp-json\/wp\/v2\/posts\/24404\/revisions"}],"predecessor-version":[{"id":24442,"href":"https:\/\/www.mzone.cz\/en\/wp-json\/wp\/v2\/posts\/24404\/revisions\/24442"}],"wp:featuredmedia":[{"embeddable":true,"href":"https:\/\/www.mzone.cz\/en\/wp-json\/wp\/v2\/media\/24405"}],"wp:attachment":[{"href":"https:\/\/www.mzone.cz\/en\/wp-json\/wp\/v2\/media?parent=24404"}],"wp:term":[{"taxonomy":"category","embeddable":true,"href":"https:\/\/www.mzone.cz\/en\/wp-json\/wp\/v2\/categories?post=24404"},{"taxonomy":"post_tag","embeddable":true,"href":"https:\/\/www.mzone.cz\/en\/wp-json\/wp\/v2\/tags?post=24404"}],"curies":[{"name":"wp","href":"https:\/\/api.w.org\/{rel}","templated":true}]}}