{"id":24771,"date":"2020-12-03T05:00:07","date_gmt":"2020-12-03T04:00:07","guid":{"rendered":"https:\/\/www.mzone.cz\/?p=24771"},"modified":"2020-11-05T22:41:32","modified_gmt":"2020-11-05T21:41:32","slug":"suzuki-slavi-100-let-historie-spolecnosti","status":"publish","type":"post","link":"https:\/\/www.mzone.cz\/en\/suzuki-slavi-100-let-historie-spolecnosti\/","title":{"rendered":"Od tkalcovsk\u00fdch stav\u016f po auta: Suzuki slav\u00ed 100 let!"},"content":{"rendered":"<p><strong>V roce 1920 byla zalo\u017eena akciov\u00e1 spole\u010dnost Suzuki Loom Manufacturing Company. Zakladatel Michio Suzuki t\u00edm podnikl z\u00e1sadn\u00ed krok pro budouc\u00ed expanzi, kdy\u017e svoji d\u00edlnu na v\u00fdrobu tkalcovsk\u00fdch stav\u016f transformoval na obchodn\u00ed spole\u010dnost.<\/strong><\/p><br>\n\n\n\n<p>Ko\u0159eny spole\u010dnosti Suzuki sahaj\u00ed a\u017e do roku 1909, kdy Michio Suzuki ve sv\u00e9m rodn\u00e9m m\u011bst\u011b Hamamatsu zalo\u017eil d\u00edlnu na v\u00fdrobu tkalcovsk\u00fdch stav\u016f. Toto um\u00edst\u011bn\u00ed nen\u00ed n\u00e1hodn\u00e9, Hamamatsu je nejv\u011bt\u0161\u00edm m\u011bstem historick\u00e9ho regionu Enshu, kter\u00fd je odjak\u017eiva japonsk\u00fdm centrem inovac\u00ed.<\/p><br>\n\n\n\n<p>D\u00edky p\u0159\u00edzniv\u00e9mu klimatu a rozvinut\u00e9mu zem\u011bd\u011blstv\u00ed se v&nbsp;regionu Enshu u\u017e od st\u0159edov\u011bku da\u0159ilo pokro\u010dil\u00fdm \u0159emesln\u00fdm postup\u016fm. Tato tradice se s postupuj\u00edc\u00edm dvac\u00e1t\u00fdm stolet\u00edm p\u0159irozen\u011b prom\u00edtla do rozvoje pr\u016fmyslu. Z&nbsp;Enshu tak vedle Suzuki poch\u00e1z\u00ed t\u0159i dal\u0161\u00ed japonsk\u00e9 spole\u010dnosti vyr\u00e1b\u011bj\u00edc\u00ed auta a motocykly nebo t\u0159eba celosv\u011btov\u011b zn\u00e1m\u00fd v\u00fdrobce hudebn\u00edch n\u00e1stroj\u016f. V\u0161echny tyto firmy mimochodem za\u010d\u00ednaly jako rodinn\u00e9 podniky.<\/p>\n\n\n\n<blockquote class=\"wp-block-quote is-layout-flow wp-block-quote-is-layout-flow\"><p>Prvn\u00ed tkalcovsk\u00fd stav vyrobil Michio Suzuki pro svoji matku. Perfektn\u00ed funk\u010dnost a spolehlivost mu dodala odvahu zalo\u017eit komer\u010dn\u00ed d\u00edlnu na v\u00fdrobu stav\u016f. Na jejich v\u00fdvoji spolupracoval p\u0159\u00edmo se sv\u00fdmi z\u00e1kazn\u00edky, co\u017e zvy\u0161ovalo reputaci jeho d\u00edlny.<\/p><\/blockquote>\n\n\n\n<p>Tkalcovsk\u00e9 stavy Suzuki byly proslul\u00e9 technick\u00fdmi inovacemi, kter\u00e9 usnad\u0148ovaly a zrychlovaly pr\u00e1ci. Michio Suzuki na z\u00e1klad\u011b podn\u011bt\u016f od sv\u00fdch z\u00e1kazn\u00edk\u016f postupn\u011b z\u00edskal t\u0159i patenty a na 120 pr\u016fmyslov\u011b chr\u00e1n\u011bn\u00fdch inovac\u00ed. Jeho heslem bylo: \u201eKdy\u017e z\u00e1kazn\u00edk n\u011bco pot\u0159ebuje, mus\u00edme ud\u011blat v\u0161e pro to, abychom naplnili jeho pot\u0159eby.\u201c Tento princip spole\u010dnost Suzuki vyzn\u00e1v\u00e1 dodnes.<\/p><br>\n\n\n\n<figure class=\"wp-block-image size-large\"><img loading=\"lazy\" decoding=\"async\" width=\"1024\" height=\"682\" src=\"https:\/\/www.mzone.cz\/wp-content\/uploads\/2020\/10\/1930_Suzuki_History_sici_stroj-1024x682.jpg\" alt=\"Tkalcovsk\u00fd stav Suzuki\" class=\"wp-image-24777\" srcset=\"https:\/\/www.mzone.cz\/wp-content\/uploads\/2020\/10\/1930_Suzuki_History_sici_stroj-1024x682.jpg 1024w, https:\/\/www.mzone.cz\/wp-content\/uploads\/2020\/10\/1930_Suzuki_History_sici_stroj-300x200.jpg 300w, https:\/\/www.mzone.cz\/wp-content\/uploads\/2020\/10\/1930_Suzuki_History_sici_stroj-768x511.jpg 768w, https:\/\/www.mzone.cz\/wp-content\/uploads\/2020\/10\/1930_Suzuki_History_sici_stroj-800x533.jpg 800w, https:\/\/www.mzone.cz\/wp-content\/uploads\/2020\/10\/1930_Suzuki_History_sici_stroj-400x267.jpg 400w, https:\/\/www.mzone.cz\/wp-content\/uploads\/2020\/10\/1930_Suzuki_History_sici_stroj-500x333.jpg 500w, https:\/\/www.mzone.cz\/wp-content\/uploads\/2020\/10\/1930_Suzuki_History_sici_stroj-1170x780.jpg 1170w, https:\/\/www.mzone.cz\/wp-content\/uploads\/2020\/10\/1930_Suzuki_History_sici_stroj-590x393.jpg 590w, https:\/\/www.mzone.cz\/wp-content\/uploads\/2020\/10\/1930_Suzuki_History_sici_stroj.jpg 1260w\" sizes=\"auto, (max-width: 1024px) 100vw, 1024px\" \/><\/figure><br>\n\n\n\n<p>K&nbsp;p\u016fvodn\u011b st\u011b\u017eejn\u00ed&nbsp;v\u00fdrob\u011b tkalcovsk\u00fdch stav\u016f Suzuki postupn\u011b p\u0159idalo dal\u0161\u00ed aktivity: v\u00fdrobu motocykl\u016f, osobn\u00edch, ter\u00e9nn\u00edch a n\u00e1kladn\u00edch automobil\u016f, lodn\u00edch motor\u016f, ter\u00e9nn\u00edch \u010dty\u0159kolek ATV, sn\u011b\u017en\u00fdch sk\u00fatr\u016f a dal\u0161\u00edch produkt\u016f. Prototypy dopravn\u00edch prost\u0159edk\u016f vyv\u00edjela ji\u017e p\u0159ed druhou sv\u011btovou v\u00e1lkou, ne\u017e japonsk\u00e1 vl\u00e1da p\u0159ik\u00e1zala v\u00fdrobn\u00ed a v\u00fdvojov\u00e9 kapacity nasm\u011brovat pro pot\u0159eby arm\u00e1dy.<\/p><br>\n\n\n\n<p>Prvn\u00ed prototyp automobilu proto spat\u0159il sv\u011btlo sv\u011bta ji\u017e v&nbsp;roce 1937. Na z\u00edskan\u00e9 know-how spole\u010dnost nav\u00e1zala v&nbsp;pov\u00e1le\u010dn\u00e9m obdob\u00ed. Nejprve v&nbsp;roce 1952 uvedla na trh jednoduch\u00fd bicykl Power Free s&nbsp;dvoutaktn\u00edm spalovac\u00edm motorem, o rok pozd\u011bji se p\u0159idal prvn\u00ed motocykl Diamond Free, n\u00e1sledovan\u00fd \u010dty\u0159taktn\u00edm motocyklem Colleda. A v&nbsp;roce 1955 se portfolio roz\u0161\u00ed\u0159ilo o osobn\u00ed automobil Suzulight.<\/p><br>\n\n\n\n<figure class=\"wp-block-image size-large\"><img loading=\"lazy\" decoding=\"async\" width=\"1024\" height=\"660\" src=\"https:\/\/www.mzone.cz\/wp-content\/uploads\/2020\/10\/1954_Suzuki_History_testovani_Suzukight-1024x660.jpg\" alt=\"Suzuki Suzulight\" class=\"wp-image-24780\" srcset=\"https:\/\/www.mzone.cz\/wp-content\/uploads\/2020\/10\/1954_Suzuki_History_testovani_Suzukight-1024x660.jpg 1024w, https:\/\/www.mzone.cz\/wp-content\/uploads\/2020\/10\/1954_Suzuki_History_testovani_Suzukight-300x193.jpg 300w, https:\/\/www.mzone.cz\/wp-content\/uploads\/2020\/10\/1954_Suzuki_History_testovani_Suzukight-768x495.jpg 768w, https:\/\/www.mzone.cz\/wp-content\/uploads\/2020\/10\/1954_Suzuki_History_testovani_Suzukight-1536x990.jpg 1536w, https:\/\/www.mzone.cz\/wp-content\/uploads\/2020\/10\/1954_Suzuki_History_testovani_Suzukight-2048x1319.jpg 2048w, https:\/\/www.mzone.cz\/wp-content\/uploads\/2020\/10\/1954_Suzuki_History_testovani_Suzukight-590x380.jpg 590w\" sizes=\"auto, (max-width: 1024px) 100vw, 1024px\" \/><\/figure><br>\n\n\n\n<p>V&nbsp;tomto obdob\u00ed se tak\u00e9 zm\u011bnil n\u00e1zev spole\u010dnosti na Suzuki Motor Corporation, bylo p\u0159edstaveno logo ve tvaru stylizovan\u00e9ho p\u00edsmene S&nbsp;a Michio Suzuki p\u0159edal veden\u00ed spole\u010dnosti sv\u00e9mu synovi Shunzo Suzukimu.<\/p><br>\n\n\n\n<p>V&nbsp;n\u00e1sleduj\u00edc\u00edch dvou desetilet\u00edch zna\u010dka rozvinula nab\u00eddku mal\u00fdch a kompaktn\u00edch voz\u016f na dom\u00e1c\u00edm trhu do komplexn\u00edho portfolia. Ve stejn\u00e9 dob\u011b za\u010dalo expandovat na exportn\u00ed trhy na v\u0161ech kontinentech a sb\u00edrat prvn\u00ed mezin\u00e1rodn\u00ed \u00fasp\u011bchy v&nbsp;motocyklov\u00fdch z\u00e1vodech, jako t\u0159eba v\u00edt\u011bzstv\u00ed v Isle of Man TT v&nbsp;roce 1962, kdy Ernst Degner vyhr\u00e1l s dvoutaktn\u00edm strojem Suzuki v&nbsp;kategorii 50 ccm.<\/p>\n\n\n\n<blockquote class=\"wp-block-quote is-layout-flow wp-block-quote-is-layout-flow\"><p>Nejv\u00fdznamn\u011bj\u0161\u00ed ud\u00e1lost\u00ed t\u00e9to etapy ale bylo p\u0159edstaven\u00ed prvn\u00edho modelu s&nbsp;pohonem v\u0161ech kol v&nbsp;roce 1970. T\u00edm byla zalo\u017eena tradice, kter\u00e1 d\u00e1v\u00e1 automobilce v\u00fdznamnou&nbsp;v\u00fdhodu proti konkurenci \u2013 jako jedin\u00e1 zna\u010dka na \u010desk\u00e9m trhu dnes nab\u00edz\u00ed 4&#215;4 ve v\u0161ech sv\u00fdch modelov\u00fdch \u0159ad\u00e1ch.<\/p><\/blockquote>\n\n\n\n<p>Suzuki v\u017edy sledovalo trendy a p\u0159izp\u016fsobovalo se nov\u00fdm pot\u0159eb\u00e1m sv\u00fdch z\u00e1kazn\u00edk\u016f. D\u00edky tomu v&nbsp;roce 1988 vznikl dal\u0161\u00ed p\u0159elomov\u00fd v\u016fz \u2013 Vitara. Lehk\u00fd, kompaktn\u00ed a cenov\u011b dostupn\u00fd v\u016fz s&nbsp;pohonem 4&#215;4 st\u00e1l u zrodu obl\u00edben\u00e9 kategorie SUV. Vitara je jedn\u00edm z&nbsp;nejd\u016fle\u017eit\u011bj\u0161\u00edch model\u016f zna\u010dky dodnes, ka\u017ed\u00e1 ze \u010dty\u0159 dosud p\u0159edstaven\u00fdch generac\u00ed reagovala na v\u00fdvoj trhu. D\u00edky tomu pat\u0159\u00ed Vitara mezi nej\u017e\u00e1dan\u011bj\u0161\u00ed vozy s&nbsp;pohonem 4&#215;4 i nejprod\u00e1van\u011bj\u0161\u00ed kompaktn\u00ed SUV.<\/p><br>\n\n\n\n<figure class=\"wp-block-image size-large\"><img loading=\"lazy\" decoding=\"async\" width=\"1024\" height=\"683\" src=\"https:\/\/www.mzone.cz\/wp-content\/uploads\/2020\/10\/1988_Vitara-1024x683.jpg\" alt=\"Suzuki Vitara\" class=\"wp-image-24781\" srcset=\"https:\/\/www.mzone.cz\/wp-content\/uploads\/2020\/10\/1988_Vitara-1024x683.jpg 1024w, https:\/\/www.mzone.cz\/wp-content\/uploads\/2020\/10\/1988_Vitara-300x200.jpg 300w, https:\/\/www.mzone.cz\/wp-content\/uploads\/2020\/10\/1988_Vitara-768x512.jpg 768w, https:\/\/www.mzone.cz\/wp-content\/uploads\/2020\/10\/1988_Vitara-1536x1024.jpg 1536w, https:\/\/www.mzone.cz\/wp-content\/uploads\/2020\/10\/1988_Vitara-2048x1365.jpg 2048w, https:\/\/www.mzone.cz\/wp-content\/uploads\/2020\/10\/1988_Vitara-800x533.jpg 800w, https:\/\/www.mzone.cz\/wp-content\/uploads\/2020\/10\/1988_Vitara-400x267.jpg 400w, https:\/\/www.mzone.cz\/wp-content\/uploads\/2020\/10\/1988_Vitara-500x333.jpg 500w, https:\/\/www.mzone.cz\/wp-content\/uploads\/2020\/10\/1988_Vitara-1170x780.jpg 1170w, https:\/\/www.mzone.cz\/wp-content\/uploads\/2020\/10\/1988_Vitara-590x393.jpg 590w\" sizes=\"auto, (max-width: 1024px) 100vw, 1024px\" \/><\/figure>\n\n\n\n<p>Dal\u0161\u00edm p\u0159elomov\u00fdm modelem je SX4, crossover poprv\u00e9 p\u0159edstaven\u00fd v&nbsp;roce 2006. Pr\u00e1v\u011b model SX4 zalo\u017eil kategorii kompaktn\u00edch voz\u016f s&nbsp;vy\u0161\u0161\u00ed stavbou karoserie a voliteln\u00fdm pohonem v\u0161ech kol, kter\u00e1 se t\u011b\u0161\u00ed st\u00e1le rostouc\u00ed oblib\u011b, a podobn\u00fdch model\u016f na trhu neust\u00e1le p\u0159ib\u00fdv\u00e1. Na \u00fasp\u011bchy SX4 navazuje jak S-Cross, tak nejnov\u011bj\u0161\u00ed proveden\u00ed Vitary, kter\u00e9 spojuje tradici modelu SUV s&nbsp;obl\u00edben\u00fdmi rysy kompaktn\u00edch crossover\u016f.<\/p>\n\n\n\n<blockquote class=\"wp-block-quote is-layout-flow wp-block-quote-is-layout-flow\"><p>St\u00e1lic\u00ed v&nbsp;nab\u00eddce je tak\u00e9 hatchback Swift, vyr\u00e1b\u011bn\u00fd nep\u0159etr\u017eit\u011b od roku 1983. Jen v&nbsp;posledn\u00edch t\u0159ech generac\u00edch se celosv\u011btov\u011b od roku 2005 prodalo t\u00e9m\u011b\u0159 6 milion\u016f kus\u016f.<\/p><\/blockquote>\n\n\n\n<p>Sou\u010dasnost a budoucnost pat\u0159\u00ed elektrifikaci. Suzuki je pr\u016fkopn\u00edkem chyt\u0159e navr\u017een\u00e9ho mild-hybridn\u00edho pohonu, kter\u00fd spojuje nejmodern\u011bj\u0161\u00ed spalovac\u00ed motory s&nbsp;kompaktn\u00edm pomocn\u00fdm elektrick\u00fdm pohonem. D\u00edky pomoci elektromotoru dosahuje mild-hybrid mimo\u0159\u00e1dn\u011b n\u00edzk\u00e9 spot\u0159eby paliva bez kompromis\u016f v&nbsp;praktick\u00e9 vyu\u017eitelnosti a bez jak\u00fdchkoliv n\u00e1rok\u016f na \u0159idi\u010de. Dnes je na evropsk\u00fdch trz\u00edch hybridn\u00ed pohon s\u00e9riovou v\u00fdbavou v\u0161ech model\u016f s&nbsp;motory 1,2 DualJet a 1,4 BoosterJet.<\/p><br>\n\n\n\n<h2 class=\"wp-block-heading\"><strong>28 let na \u010desk\u00e9m trhu<\/strong><\/h2>\n\n\n\n<p>Na \u010desk\u00fd trh vstoupila zna\u010dka Suzuki je\u0161t\u011b za existence \u010ceskoslovenska, v&nbsp;roce 1992. Suzuki nejprve zastupoval nez\u00e1visl\u00fd import\u00e9r, v&nbsp;roce 1997 vznikla spole\u010dnost Suzuki Motor Czech, jej\u00edmi\u017e pod\u00edln\u00edky byly sama automobilka a japonsk\u00e1 obchodn\u00ed korporace Itochu. Od roku 2013 obchodn\u00ed aktivity spadaj\u00ed pod Magyar Suzuki Corporation. V&nbsp;letech 1997 a\u017e 2019 vedl zastoupen\u00ed zna\u010dky na \u010desk\u00e9m trhu V\u00e1clav Lula, od roku 2019 je \u0159editelem Tom\u00e1\u0161 Teufl.<\/p>\n\n\n\n<blockquote class=\"wp-block-quote is-layout-flow wp-block-quote-is-layout-flow\"><p>Podle statistik Svazu dovozc\u016f automobil\u016f se za existenci samostatn\u00e9 \u010cesk\u00e9 republiky prodalo, resp. bylo zaregistrov\u00e1no p\u0159es 59 tis\u00edc automobil\u016f Suzuki.<\/p><\/blockquote>\n\n\n\n<p>Suzuki je jednou z&nbsp;nejdynami\u010dt\u011bji rostouc\u00edch zna\u010dek, v&nbsp;posledn\u00edm desetilet\u00ed dok\u00e1zalo sv\u00e9 v\u00fdsledky t\u00e9m\u011b\u0159 zdvojn\u00e1sobit. Zat\u00edm rekordn\u00edm byl rok 2018 s&nbsp;4 530 zaregistrovan\u00fdmi kusy. Suzuki m\u00e1 aktu\u00e1ln\u011b 29 prodejn\u00edch m\u00edst, kter\u00e1 pokr\u00fdvaj\u00ed cel\u00e9 \u010desk\u00e9 \u00fazem\u00ed. Pro srovn\u00e1n\u00ed v&nbsp;roce 1997 jich bylo jen 10 a dohromady se za rok prodalo jen 420 voz\u016f, desetkr\u00e1t m\u00e9n\u011b ne\u017e v&nbsp;sou\u010dasnosti.<\/p><br>\n\n\n\n<h2 class=\"wp-block-heading\">Postaven\u00ed Suzuki ve sv\u011bt\u011b<\/h2>\n\n\n\n<p>Filozofi\u00ed sv\u00e9ho zakladatele se Suzuki Motor Corporation \u0159\u00edd\u00ed i po sto letech. Prioritou ve v\u0161ech oblastech v\u017edy byla, a i do budoucna z\u016fstane, snaha nab\u00eddnout maxim\u00e1ln\u00ed u\u017eitnou hodnotu a v\u00fdrobky d\u016fsledn\u011b zam\u011b\u0159en\u00e9 na pot\u0159eby b\u011b\u017en\u00fdch lid\u00ed. K&nbsp;tomu dopom\u00e1h\u00e1 i unik\u00e1tn\u00ed skute\u010dnost, \u017ee dnes, po sto letech existence, kdy Suzuki vyr\u00e1b\u00ed p\u0159es 3,3 milionu automobil\u016f a 1,7 milionu motocykl\u016f ro\u010dn\u011b, spole\u010dnost st\u00e1le vedou \u010dlenov\u00e9 rodiny <a href=\"https:\/\/en.wikipedia.org\/wiki\/Michio_Suzuki_(inventor)\" target=\"_blank\" rel=\"noreferrer noopener\">zakladatele Michia Suzukiho<\/a>.<\/p><br>\n\n\n\n<figure class=\"wp-block-image size-large\"><img loading=\"lazy\" decoding=\"async\" width=\"1024\" height=\"683\" src=\"https:\/\/www.mzone.cz\/wp-content\/uploads\/2020\/10\/Suzuki_History_Michio_Suzuki-1024x683.jpg\" alt=\"Michio Suzuki\" class=\"wp-image-24783\" srcset=\"https:\/\/www.mzone.cz\/wp-content\/uploads\/2020\/10\/Suzuki_History_Michio_Suzuki-1024x683.jpg 1024w, https:\/\/www.mzone.cz\/wp-content\/uploads\/2020\/10\/Suzuki_History_Michio_Suzuki-300x200.jpg 300w, https:\/\/www.mzone.cz\/wp-content\/uploads\/2020\/10\/Suzuki_History_Michio_Suzuki-768x512.jpg 768w, https:\/\/www.mzone.cz\/wp-content\/uploads\/2020\/10\/Suzuki_History_Michio_Suzuki-1536x1024.jpg 1536w, https:\/\/www.mzone.cz\/wp-content\/uploads\/2020\/10\/Suzuki_History_Michio_Suzuki-2048x1365.jpg 2048w, https:\/\/www.mzone.cz\/wp-content\/uploads\/2020\/10\/Suzuki_History_Michio_Suzuki-800x533.jpg 800w, https:\/\/www.mzone.cz\/wp-content\/uploads\/2020\/10\/Suzuki_History_Michio_Suzuki-400x267.jpg 400w, https:\/\/www.mzone.cz\/wp-content\/uploads\/2020\/10\/Suzuki_History_Michio_Suzuki-500x333.jpg 500w, https:\/\/www.mzone.cz\/wp-content\/uploads\/2020\/10\/Suzuki_History_Michio_Suzuki-1170x780.jpg 1170w, https:\/\/www.mzone.cz\/wp-content\/uploads\/2020\/10\/Suzuki_History_Michio_Suzuki-590x393.jpg 590w\" sizes=\"auto, (max-width: 1024px) 100vw, 1024px\" \/><\/figure><br>\n\n\n\n<p>K&nbsp;nejd\u016fle\u017eit\u011bj\u0161\u00edm produkt\u016fm spole\u010dnosti Suzuki pat\u0159\u00ed automobily s&nbsp;pohonem v\u0161ech kol pro pracovn\u00ed, resp. univerz\u00e1ln\u00ed pou\u017eit\u00ed. D\u00edky desetilet\u00edm zku\u0161enost\u00ed a milion\u016fm spokojen\u00fdch z\u00e1kazn\u00edk\u016f pat\u0159\u00ed Suzuki k&nbsp;p\u0159edn\u00edm v\u00fdrobc\u016fm automobil\u016f s 4&#215;4 a pohon v\u0161ech kol nab\u00edz\u00ed i v&nbsp;tr\u017en\u00edch segmentech, kde jde o unik\u00e1tn\u00ed nab\u00eddku bez konkurence.<\/p>\n\n\n\n<blockquote class=\"wp-block-quote is-layout-flow wp-block-quote-is-layout-flow\"><p>Suzuki je jeden\u00e1ctou nejv\u011bt\u0161\u00ed automobilkou na sv\u011bt\u011b, v&nbsp;n\u011bkter\u00fdch zem\u00edch m\u00e1 ale mnohem siln\u011bj\u0161\u00ed postaven\u00ed. Suver\u00e9nn\u011b nejprod\u00e1van\u011bj\u0161\u00ed zna\u010dkou je v&nbsp;Ma\u010farsku, kde se tak\u00e9 vyr\u00e1b\u00ed modely Vitara a S-Cross.<\/p><\/blockquote>\n\n\n\n<p>Dominantn\u00ed je pak Suzuki v&nbsp;Indii, kde dlouhodob\u011b dr\u017e\u00ed nadpolovi\u010dn\u00ed tr\u017en\u00ed pod\u00edl ze v\u0161ech prodan\u00fdch voz\u016f v&nbsp;zemi. Tot\u00e9\u017e plat\u00ed i pro sousedn\u00ed Myanmar a P\u00e1kist\u00e1n. Dlouhodob\u011b vl\u00e1dne kategorii miniaut \u201ekei\u201c doma v&nbsp;Japonsku a pat\u0159\u00ed k&nbsp;nejprod\u00e1van\u011bj\u0161\u00edm zna\u010dk\u00e1m v&nbsp;mnoha dal\u0161\u00edch v\u00fdchodoasijsk\u00fdch zem\u00edch.<\/p><br>\n\n\n\n<div class=\"wp-block-media-text alignwide is-stacked-on-mobile is-vertically-aligned-top\" style=\"grid-template-columns:29% auto\"><figure class=\"wp-block-media-text__media\"><a href=\"https:\/\/www.mzone.cz\/logo-renault-pribeh-vzniku\/\"><img loading=\"lazy\" decoding=\"async\" width=\"1024\" height=\"683\" src=\"https:\/\/www.mzone.cz\/wp-content\/uploads\/2020\/04\/Renault-logo-1024x683.jpg\" alt=\"\" class=\"wp-image-20846\" srcset=\"https:\/\/www.mzone.cz\/wp-content\/uploads\/2020\/04\/Renault-logo-1024x683.jpg 1024w, https:\/\/www.mzone.cz\/wp-content\/uploads\/2020\/04\/Renault-logo-300x200.jpg 300w, https:\/\/www.mzone.cz\/wp-content\/uploads\/2020\/04\/Renault-logo-768x512.jpg 768w, https:\/\/www.mzone.cz\/wp-content\/uploads\/2020\/04\/Renault-logo-1536x1024.jpg 1536w, https:\/\/www.mzone.cz\/wp-content\/uploads\/2020\/04\/Renault-logo-2048x1365.jpg 2048w, https:\/\/www.mzone.cz\/wp-content\/uploads\/2020\/04\/Renault-logo-800x533.jpg 800w, https:\/\/www.mzone.cz\/wp-content\/uploads\/2020\/04\/Renault-logo-400x267.jpg 400w, https:\/\/www.mzone.cz\/wp-content\/uploads\/2020\/04\/Renault-logo-500x333.jpg 500w, https:\/\/www.mzone.cz\/wp-content\/uploads\/2020\/04\/Renault-logo-1170x780.jpg 1170w, https:\/\/www.mzone.cz\/wp-content\/uploads\/2020\/04\/Renault-logo-590x393.jpg 590w\" sizes=\"auto, (max-width: 1024px) 100vw, 1024px\" \/><\/a><\/figure><div class=\"wp-block-media-text__content\">\n<h4><a href=\"https:\/\/www.mzone.cz\/logo-renault-pribeh-vzniku\/\">Zapome\u0148te na spros\u0165\u00e1rny! Tohle je opravdov\u00fd p\u0159\u00edb\u011bh vzniku loga zna\u010dky Renault<\/a><\/h4><br>\n<\/div><\/div>","protected":false},"excerpt":{"rendered":"<p>V roce 1920 byla zalo\u017eena akciov\u00e1 spole\u010dnost Suzuki Loom Manufacturing Company. Zakladatel Michio Suzuki t\u00edm podnikl z\u00e1sadn\u00ed krok pro budouc\u00ed expanzi, kdy\u017e svoji d\u00edlnu na v\u00fdrobu tkalcovsk\u00fdch stav\u016f transformoval na obchodn\u00ed spole\u010dnost. Ko\u0159eny spole\u010dnosti Suzuki sahaj\u00ed a\u017e do roku 1909, kdy Michio Suzuki ve sv\u00e9m rodn\u00e9m m\u011bst\u011b Hamamatsu zalo\u017eil d\u00edlnu na v\u00fdrobu tkalcovsk\u00fdch stav\u016f. Toto [&hellip;]<\/p>\n","protected":false},"author":4,"featured_media":24772,"comment_status":"open","ping_status":"closed","sticky":false,"template":"","format":"standard","meta":{"kk_blocks_editor_width":"","_kiokenblocks_attr":"","_kiokenblocks_dimensions":"","footnotes":""},"categories":[69,387],"tags":[4231,585,82,462,1160,552,4205,87,540,4230,920,1103],"class_list":["post-24771","post","type-post","status-publish","format-standard","has-post-thumbnail","hentry","category-auto-moto","category-historie","tag-100-let","tag-auta","tag-auto","tag-auto-moto","tag-automobilka","tag-automobily","tag-firma","tag-historie","tag-spolecnost","tag-suzuki","tag-vyroci","tag-vyvoj"],"yoast_head":"<!-- This site is optimized with the Yoast SEO plugin v27.5 - https:\/\/yoast.com\/product\/yoast-seo-wordpress\/ -->\n<title>Od tkalcovsk\u00fdch stav\u016f po auta: Suzuki slav\u00ed 100 let! - Mzone<\/title>\n<meta name=\"description\" content=\"V roce 1920 byla zalo\u017eena akciov\u00e1 spole\u010dnost Suzuki Loom Manufacturing Company. Zakladatel Michio Suzuki t\u00edm podnikl z\u00e1sadn\u00ed krok pro budouc\u00ed expanzi, kdy\u017e svoji d\u00edlnu na v\u00fdrobu tkalcovsk\u00fdch stav\u016f transformoval na obchodn\u00ed spole\u010dnost.\" \/>\n<meta name=\"robots\" content=\"index, follow, max-snippet:-1, max-image-preview:large, max-video-preview:-1\" \/>\n<link rel=\"canonical\" href=\"https:\/\/www.mzone.cz\/en\/suzuki-slavi-100-let-historie-spolecnosti\/\" \/>\n<meta property=\"og:locale\" content=\"en_US\" \/>\n<meta property=\"og:type\" content=\"article\" \/>\n<meta property=\"og:title\" content=\"Od tkalcovsk\u00fdch stav\u016f po auta: Suzuki slav\u00ed 100 let! - Mzone\" \/>\n<meta property=\"og:description\" content=\"V roce 1920 byla zalo\u017eena akciov\u00e1 spole\u010dnost Suzuki Loom Manufacturing Company. Zakladatel Michio Suzuki t\u00edm podnikl z\u00e1sadn\u00ed krok pro budouc\u00ed expanzi, kdy\u017e svoji d\u00edlnu na v\u00fdrobu tkalcovsk\u00fdch stav\u016f transformoval na obchodn\u00ed spole\u010dnost.\" \/>\n<meta property=\"og:url\" content=\"https:\/\/www.mzone.cz\/en\/suzuki-slavi-100-let-historie-spolecnosti\/\" \/>\n<meta property=\"og:site_name\" content=\"Mzone\" \/>\n<meta property=\"article:publisher\" content=\"https:\/\/www.facebook.com\/MzoneCZ\/\" \/>\n<meta property=\"article:published_time\" content=\"2020-12-03T04:00:07+00:00\" \/>\n<meta property=\"og:image\" content=\"https:\/\/www.mzone.cz\/wp-content\/uploads\/2020\/10\/Suzuki.jpg\" \/>\n\t<meta property=\"og:image:width\" content=\"1755\" \/>\n\t<meta property=\"og:image:height\" content=\"1170\" \/>\n\t<meta property=\"og:image:type\" content=\"image\/jpeg\" \/>\n<meta name=\"author\" content=\"Mzone\" \/>\n<meta name=\"twitter:card\" content=\"summary_large_image\" \/>\n<meta name=\"twitter:label1\" content=\"Written by\" \/>\n\t<meta name=\"twitter:data1\" content=\"Mzone\" \/>\n\t<meta name=\"twitter:label2\" content=\"Est. reading time\" \/>\n\t<meta name=\"twitter:data2\" content=\"7 minutes\" \/>\n<script type=\"application\/ld+json\" class=\"yoast-schema-graph\">{\"@context\":\"https:\\\/\\\/schema.org\",\"@graph\":[{\"@type\":\"Article\",\"@id\":\"https:\\\/\\\/www.mzone.cz\\\/suzuki-slavi-100-let-historie-spolecnosti\\\/#article\",\"isPartOf\":{\"@id\":\"https:\\\/\\\/www.mzone.cz\\\/suzuki-slavi-100-let-historie-spolecnosti\\\/\"},\"author\":{\"name\":\"Mzone\",\"@id\":\"https:\\\/\\\/www.mzone.cz\\\/#\\\/schema\\\/person\\\/9bc20cc422a99cac4af6ff9297da32d4\"},\"headline\":\"Od tkalcovsk\u00fdch stav\u016f po auta: Suzuki slav\u00ed 100 let!\",\"datePublished\":\"2020-12-03T04:00:07+00:00\",\"mainEntityOfPage\":{\"@id\":\"https:\\\/\\\/www.mzone.cz\\\/suzuki-slavi-100-let-historie-spolecnosti\\\/\"},\"wordCount\":1447,\"commentCount\":0,\"image\":{\"@id\":\"https:\\\/\\\/www.mzone.cz\\\/suzuki-slavi-100-let-historie-spolecnosti\\\/#primaryimage\"},\"thumbnailUrl\":\"https:\\\/\\\/www.mzone.cz\\\/wp-content\\\/uploads\\\/2020\\\/10\\\/Suzuki.jpg\",\"keywords\":[\"100 let\",\"auta\",\"Auto\",\"auto-moto\",\"automobilka\",\"automobily\",\"firma\",\"Historie\",\"spole\u010dnost\",\"Suzuki\",\"v\u00fdro\u010d\u00ed\",\"v\u00fdvoj\"],\"articleSection\":[\"Auto-moto\",\"Historie\"],\"inLanguage\":\"en-US\",\"potentialAction\":[{\"@type\":\"CommentAction\",\"name\":\"Comment\",\"target\":[\"https:\\\/\\\/www.mzone.cz\\\/suzuki-slavi-100-let-historie-spolecnosti\\\/#respond\"]}]},{\"@type\":\"WebPage\",\"@id\":\"https:\\\/\\\/www.mzone.cz\\\/suzuki-slavi-100-let-historie-spolecnosti\\\/\",\"url\":\"https:\\\/\\\/www.mzone.cz\\\/suzuki-slavi-100-let-historie-spolecnosti\\\/\",\"name\":\"Od tkalcovsk\u00fdch stav\u016f po auta: Suzuki slav\u00ed 100 let! - Mzone\",\"isPartOf\":{\"@id\":\"https:\\\/\\\/www.mzone.cz\\\/#website\"},\"primaryImageOfPage\":{\"@id\":\"https:\\\/\\\/www.mzone.cz\\\/suzuki-slavi-100-let-historie-spolecnosti\\\/#primaryimage\"},\"image\":{\"@id\":\"https:\\\/\\\/www.mzone.cz\\\/suzuki-slavi-100-let-historie-spolecnosti\\\/#primaryimage\"},\"thumbnailUrl\":\"https:\\\/\\\/www.mzone.cz\\\/wp-content\\\/uploads\\\/2020\\\/10\\\/Suzuki.jpg\",\"datePublished\":\"2020-12-03T04:00:07+00:00\",\"author\":{\"@id\":\"https:\\\/\\\/www.mzone.cz\\\/#\\\/schema\\\/person\\\/9bc20cc422a99cac4af6ff9297da32d4\"},\"description\":\"V roce 1920 byla zalo\u017eena akciov\u00e1 spole\u010dnost Suzuki Loom Manufacturing Company. Zakladatel Michio Suzuki t\u00edm podnikl z\u00e1sadn\u00ed krok pro budouc\u00ed expanzi, kdy\u017e svoji d\u00edlnu na v\u00fdrobu tkalcovsk\u00fdch stav\u016f transformoval na obchodn\u00ed spole\u010dnost.\",\"breadcrumb\":{\"@id\":\"https:\\\/\\\/www.mzone.cz\\\/suzuki-slavi-100-let-historie-spolecnosti\\\/#breadcrumb\"},\"inLanguage\":\"en-US\",\"potentialAction\":[{\"@type\":\"ReadAction\",\"target\":[\"https:\\\/\\\/www.mzone.cz\\\/suzuki-slavi-100-let-historie-spolecnosti\\\/\"]}]},{\"@type\":\"ImageObject\",\"inLanguage\":\"en-US\",\"@id\":\"https:\\\/\\\/www.mzone.cz\\\/suzuki-slavi-100-let-historie-spolecnosti\\\/#primaryimage\",\"url\":\"https:\\\/\\\/www.mzone.cz\\\/wp-content\\\/uploads\\\/2020\\\/10\\\/Suzuki.jpg\",\"contentUrl\":\"https:\\\/\\\/www.mzone.cz\\\/wp-content\\\/uploads\\\/2020\\\/10\\\/Suzuki.jpg\",\"width\":1755,\"height\":1170,\"caption\":\"Suzuki\"},{\"@type\":\"BreadcrumbList\",\"@id\":\"https:\\\/\\\/www.mzone.cz\\\/suzuki-slavi-100-let-historie-spolecnosti\\\/#breadcrumb\",\"itemListElement\":[{\"@type\":\"ListItem\",\"position\":1,\"name\":\"Dom\u016f\",\"item\":\"https:\\\/\\\/www.mzone.cz\\\/\"},{\"@type\":\"ListItem\",\"position\":2,\"name\":\"Od tkalcovsk\u00fdch stav\u016f po auta: Suzuki slav\u00ed 100 let!\"}]},{\"@type\":\"WebSite\",\"@id\":\"https:\\\/\\\/www.mzone.cz\\\/#website\",\"url\":\"https:\\\/\\\/www.mzone.cz\\\/\",\"name\":\"Mzone\",\"description\":\"Magaz\u00edn nejen pro mu\u017ee\",\"potentialAction\":[{\"@type\":\"SearchAction\",\"target\":{\"@type\":\"EntryPoint\",\"urlTemplate\":\"https:\\\/\\\/www.mzone.cz\\\/?s={search_term_string}\"},\"query-input\":{\"@type\":\"PropertyValueSpecification\",\"valueRequired\":true,\"valueName\":\"search_term_string\"}}],\"inLanguage\":\"en-US\"},{\"@type\":\"Person\",\"@id\":\"https:\\\/\\\/www.mzone.cz\\\/#\\\/schema\\\/person\\\/9bc20cc422a99cac4af6ff9297da32d4\",\"name\":\"Mzone\",\"image\":{\"@type\":\"ImageObject\",\"inLanguage\":\"en-US\",\"@id\":\"https:\\\/\\\/secure.gravatar.com\\\/avatar\\\/e780a8630f3182a3d06dd667ab6bea151a0d155b0951bc15fe22633acdac0676?s=96&d=mm&r=g\",\"url\":\"https:\\\/\\\/secure.gravatar.com\\\/avatar\\\/e780a8630f3182a3d06dd667ab6bea151a0d155b0951bc15fe22633acdac0676?s=96&d=mm&r=g\",\"contentUrl\":\"https:\\\/\\\/secure.gravatar.com\\\/avatar\\\/e780a8630f3182a3d06dd667ab6bea151a0d155b0951bc15fe22633acdac0676?s=96&d=mm&r=g\",\"caption\":\"Mzone\"},\"url\":\"https:\\\/\\\/www.mzone.cz\\\/en\\\/author\\\/jakub\\\/\"}]}<\/script>\n<!-- \/ Yoast SEO plugin. -->","yoast_head_json":{"title":"Od tkalcovsk\u00fdch stav\u016f po auta: Suzuki slav\u00ed 100 let! - Mzone","description":"V roce 1920 byla zalo\u017eena akciov\u00e1 spole\u010dnost Suzuki Loom Manufacturing Company. Zakladatel Michio Suzuki t\u00edm podnikl z\u00e1sadn\u00ed krok pro budouc\u00ed expanzi, kdy\u017e svoji d\u00edlnu na v\u00fdrobu tkalcovsk\u00fdch stav\u016f transformoval na obchodn\u00ed spole\u010dnost.","robots":{"index":"index","follow":"follow","max-snippet":"max-snippet:-1","max-image-preview":"max-image-preview:large","max-video-preview":"max-video-preview:-1"},"canonical":"https:\/\/www.mzone.cz\/en\/suzuki-slavi-100-let-historie-spolecnosti\/","og_locale":"en_US","og_type":"article","og_title":"Od tkalcovsk\u00fdch stav\u016f po auta: Suzuki slav\u00ed 100 let! - Mzone","og_description":"V roce 1920 byla zalo\u017eena akciov\u00e1 spole\u010dnost Suzuki Loom Manufacturing Company. Zakladatel Michio Suzuki t\u00edm podnikl z\u00e1sadn\u00ed krok pro budouc\u00ed expanzi, kdy\u017e svoji d\u00edlnu na v\u00fdrobu tkalcovsk\u00fdch stav\u016f transformoval na obchodn\u00ed spole\u010dnost.","og_url":"https:\/\/www.mzone.cz\/en\/suzuki-slavi-100-let-historie-spolecnosti\/","og_site_name":"Mzone","article_publisher":"https:\/\/www.facebook.com\/MzoneCZ\/","article_published_time":"2020-12-03T04:00:07+00:00","og_image":[{"width":1755,"height":1170,"url":"https:\/\/www.mzone.cz\/wp-content\/uploads\/2020\/10\/Suzuki.jpg","type":"image\/jpeg"}],"author":"Mzone","twitter_card":"summary_large_image","twitter_misc":{"Written by":"Mzone","Est. reading time":"7 minutes"},"schema":{"@context":"https:\/\/schema.org","@graph":[{"@type":"Article","@id":"https:\/\/www.mzone.cz\/suzuki-slavi-100-let-historie-spolecnosti\/#article","isPartOf":{"@id":"https:\/\/www.mzone.cz\/suzuki-slavi-100-let-historie-spolecnosti\/"},"author":{"name":"Mzone","@id":"https:\/\/www.mzone.cz\/#\/schema\/person\/9bc20cc422a99cac4af6ff9297da32d4"},"headline":"Od tkalcovsk\u00fdch stav\u016f po auta: Suzuki slav\u00ed 100 let!","datePublished":"2020-12-03T04:00:07+00:00","mainEntityOfPage":{"@id":"https:\/\/www.mzone.cz\/suzuki-slavi-100-let-historie-spolecnosti\/"},"wordCount":1447,"commentCount":0,"image":{"@id":"https:\/\/www.mzone.cz\/suzuki-slavi-100-let-historie-spolecnosti\/#primaryimage"},"thumbnailUrl":"https:\/\/www.mzone.cz\/wp-content\/uploads\/2020\/10\/Suzuki.jpg","keywords":["100 let","auta","Auto","auto-moto","automobilka","automobily","firma","Historie","spole\u010dnost","Suzuki","v\u00fdro\u010d\u00ed","v\u00fdvoj"],"articleSection":["Auto-moto","Historie"],"inLanguage":"en-US","potentialAction":[{"@type":"CommentAction","name":"Comment","target":["https:\/\/www.mzone.cz\/suzuki-slavi-100-let-historie-spolecnosti\/#respond"]}]},{"@type":"WebPage","@id":"https:\/\/www.mzone.cz\/suzuki-slavi-100-let-historie-spolecnosti\/","url":"https:\/\/www.mzone.cz\/suzuki-slavi-100-let-historie-spolecnosti\/","name":"Od tkalcovsk\u00fdch stav\u016f po auta: Suzuki slav\u00ed 100 let! - Mzone","isPartOf":{"@id":"https:\/\/www.mzone.cz\/#website"},"primaryImageOfPage":{"@id":"https:\/\/www.mzone.cz\/suzuki-slavi-100-let-historie-spolecnosti\/#primaryimage"},"image":{"@id":"https:\/\/www.mzone.cz\/suzuki-slavi-100-let-historie-spolecnosti\/#primaryimage"},"thumbnailUrl":"https:\/\/www.mzone.cz\/wp-content\/uploads\/2020\/10\/Suzuki.jpg","datePublished":"2020-12-03T04:00:07+00:00","author":{"@id":"https:\/\/www.mzone.cz\/#\/schema\/person\/9bc20cc422a99cac4af6ff9297da32d4"},"description":"V roce 1920 byla zalo\u017eena akciov\u00e1 spole\u010dnost Suzuki Loom Manufacturing Company. Zakladatel Michio Suzuki t\u00edm podnikl z\u00e1sadn\u00ed krok pro budouc\u00ed expanzi, kdy\u017e svoji d\u00edlnu na v\u00fdrobu tkalcovsk\u00fdch stav\u016f transformoval na obchodn\u00ed spole\u010dnost.","breadcrumb":{"@id":"https:\/\/www.mzone.cz\/suzuki-slavi-100-let-historie-spolecnosti\/#breadcrumb"},"inLanguage":"en-US","potentialAction":[{"@type":"ReadAction","target":["https:\/\/www.mzone.cz\/suzuki-slavi-100-let-historie-spolecnosti\/"]}]},{"@type":"ImageObject","inLanguage":"en-US","@id":"https:\/\/www.mzone.cz\/suzuki-slavi-100-let-historie-spolecnosti\/#primaryimage","url":"https:\/\/www.mzone.cz\/wp-content\/uploads\/2020\/10\/Suzuki.jpg","contentUrl":"https:\/\/www.mzone.cz\/wp-content\/uploads\/2020\/10\/Suzuki.jpg","width":1755,"height":1170,"caption":"Suzuki"},{"@type":"BreadcrumbList","@id":"https:\/\/www.mzone.cz\/suzuki-slavi-100-let-historie-spolecnosti\/#breadcrumb","itemListElement":[{"@type":"ListItem","position":1,"name":"Dom\u016f","item":"https:\/\/www.mzone.cz\/"},{"@type":"ListItem","position":2,"name":"Od tkalcovsk\u00fdch stav\u016f po auta: Suzuki slav\u00ed 100 let!"}]},{"@type":"WebSite","@id":"https:\/\/www.mzone.cz\/#website","url":"https:\/\/www.mzone.cz\/","name":"Mzone","description":"Magaz\u00edn nejen pro mu\u017ee","potentialAction":[{"@type":"SearchAction","target":{"@type":"EntryPoint","urlTemplate":"https:\/\/www.mzone.cz\/?s={search_term_string}"},"query-input":{"@type":"PropertyValueSpecification","valueRequired":true,"valueName":"search_term_string"}}],"inLanguage":"en-US"},{"@type":"Person","@id":"https:\/\/www.mzone.cz\/#\/schema\/person\/9bc20cc422a99cac4af6ff9297da32d4","name":"Mzone","image":{"@type":"ImageObject","inLanguage":"en-US","@id":"https:\/\/secure.gravatar.com\/avatar\/e780a8630f3182a3d06dd667ab6bea151a0d155b0951bc15fe22633acdac0676?s=96&d=mm&r=g","url":"https:\/\/secure.gravatar.com\/avatar\/e780a8630f3182a3d06dd667ab6bea151a0d155b0951bc15fe22633acdac0676?s=96&d=mm&r=g","contentUrl":"https:\/\/secure.gravatar.com\/avatar\/e780a8630f3182a3d06dd667ab6bea151a0d155b0951bc15fe22633acdac0676?s=96&d=mm&r=g","caption":"Mzone"},"url":"https:\/\/www.mzone.cz\/en\/author\/jakub\/"}]}},"_links":{"self":[{"href":"https:\/\/www.mzone.cz\/en\/wp-json\/wp\/v2\/posts\/24771","targetHints":{"allow":["GET"]}}],"collection":[{"href":"https:\/\/www.mzone.cz\/en\/wp-json\/wp\/v2\/posts"}],"about":[{"href":"https:\/\/www.mzone.cz\/en\/wp-json\/wp\/v2\/types\/post"}],"author":[{"embeddable":true,"href":"https:\/\/www.mzone.cz\/en\/wp-json\/wp\/v2\/users\/4"}],"replies":[{"embeddable":true,"href":"https:\/\/www.mzone.cz\/en\/wp-json\/wp\/v2\/comments?post=24771"}],"version-history":[{"count":12,"href":"https:\/\/www.mzone.cz\/en\/wp-json\/wp\/v2\/posts\/24771\/revisions"}],"predecessor-version":[{"id":25601,"href":"https:\/\/www.mzone.cz\/en\/wp-json\/wp\/v2\/posts\/24771\/revisions\/25601"}],"wp:featuredmedia":[{"embeddable":true,"href":"https:\/\/www.mzone.cz\/en\/wp-json\/wp\/v2\/media\/24772"}],"wp:attachment":[{"href":"https:\/\/www.mzone.cz\/en\/wp-json\/wp\/v2\/media?parent=24771"}],"wp:term":[{"taxonomy":"category","embeddable":true,"href":"https:\/\/www.mzone.cz\/en\/wp-json\/wp\/v2\/categories?post=24771"},{"taxonomy":"post_tag","embeddable":true,"href":"https:\/\/www.mzone.cz\/en\/wp-json\/wp\/v2\/tags?post=24771"}],"curies":[{"name":"wp","href":"https:\/\/api.w.org\/{rel}","templated":true}]}}