{"id":24800,"date":"2020-10-07T05:00:56","date_gmt":"2020-10-07T03:00:56","guid":{"rendered":"https:\/\/www.mzone.cz\/?p=24800"},"modified":"2020-10-07T08:39:34","modified_gmt":"2020-10-07T06:39:34","slug":"gaspi-ucil-odvazlivce-jezdit-v-alpach","status":"publish","type":"post","link":"https:\/\/www.mzone.cz\/en\/gaspi-ucil-odvazlivce-jezdit-v-alpach\/","title":{"rendered":"Gaspiho stopou: Zn\u00e1m\u00fd biker u\u010dil odv\u00e1\u017elivce jezdit v Alp\u00e1ch"},"content":{"rendered":"<p><strong>Od t\u00e9 doby, co jezd\u00edm na kole p\u0159ev\u00e1\u017en\u011b z kopce, jezd\u00edm na Campy s Gaspim. Tyhle Campy nejsou jen o v\u00fduce techniky, ale i o objevov\u00e1n\u00ed. Letos jsme byli zkouknout relativn\u011b m\u00e9n\u011b zn\u00e1m\u00e9 traily v Rakousk\u00e9m regionu Schladming-Dachstein. Sportovn\u00ed turist\u00e9 to tu znaj\u00ed p\u0159ev\u00e1\u017en\u011b pod sn\u011bhem, ale se zkracuj\u00edc\u00ed se&nbsp;zimn\u00ed sezonou se m\u00edstn\u00ed sna\u017e\u00ed investovat i do t\u00e9 letn\u00ed.<\/strong><\/p><br>\n\n\n\n<p>Bikepark na Planai&nbsp;m\u00e1 trochu ode v\u0161eho. Flow trail je ide\u00e1ln\u00ed na rozje\u017ed\u011bn\u00ed pro n\u00e1s&nbsp;sv\u00e1te\u010dn\u00ed bikery.&nbsp;Techni\u010dt\u011bj\u0161\u00ed \u010derven\u00e9 traily maj\u00ed trochu v\u011bt\u0161\u00ed sp\u00e1d. Jump-line&nbsp;nab\u00edz\u00ed \u0161irokou \u0161k\u00e1lu skok\u016f r\u016fzn\u00fdch&nbsp;obt\u00ed\u017enost\u00ed. A nakonec pro ty, komu jde o rychlost, je tu i downhillov\u00e1 tra\u0165 kde se jezd\u00edval i sv\u011btov\u00fd \u0161ampion\u00e1t.<\/p><br>\n\n\n\n<p>Na\u0161e skupina str\u00e1vila dopoledne prvn\u00edho dne na flow trailu. Jako v\u017edy byla na\u0161e kempov\u00e1 skupina&nbsp;r\u016fznorod\u00e1, jak v\u011bkov\u011b, tak pokro\u010dilost\u00ed.&nbsp;Rozd\u00edly ve fyzick\u00e9 kondici se u sjezd\u016f jednodu\u0161e&nbsp;ztrat\u00ed, nebo\u0165&nbsp;technick\u00e9 dovednosti jsou v\u011bt\u0161inou d\u016fle\u017eit\u011bj\u0161\u00ed.<\/p>\n\n\n\n<blockquote class=\"wp-block-quote is-layout-flow wp-block-quote-is-layout-flow\"><p>Na flow trailech s n\u00e1mi Gaspi pro\u0161el n\u011bjakou z\u00e1kladn\u00ed&nbsp;techniku. Nov\u00e1\u010dci se s technikou poprv\u00e9 sezn\u00e1m\u00ed, ostatn\u00ed si to procvi\u010d\u00ed, pop\u0159\u00edpad\u011b Gaspi rychle zachyt\u00ed&nbsp;jak\u00e9koli&nbsp;zlozvyky, kter\u00e9 jsme si&nbsp;v pr\u016fb\u011bhu \u010dasu vybudovali.<\/p><\/blockquote>\n\n\n\n<p>D\u00edky \u010dast\u00fdm zast\u00e1vk\u00e1m a vysv\u011btlov\u00e1n\u00ed m\u011bl i fotograf&nbsp;dostatek \u010dasu&nbsp;na&nbsp;sb\u011br materi\u00e1lu, co\u017e jist\u011b ud\u011blalo radost \u00fa\u010dastn\u00edk\u016fm s instagramov\u00fdm profilem.<\/p><br>\n\n\n\n<figure class=\"wp-block-image size-large\"><img loading=\"lazy\" decoding=\"async\" width=\"1024\" height=\"683\" src=\"https:\/\/www.mzone.cz\/wp-content\/uploads\/2020\/10\/MGL1668-1024x683.jpg\" alt=\"Gaspi a jeho bikov\u00fd kemp\" class=\"wp-image-24804\" srcset=\"https:\/\/www.mzone.cz\/wp-content\/uploads\/2020\/10\/MGL1668-1024x683.jpg 1024w, https:\/\/www.mzone.cz\/wp-content\/uploads\/2020\/10\/MGL1668-300x200.jpg 300w, https:\/\/www.mzone.cz\/wp-content\/uploads\/2020\/10\/MGL1668-768x512.jpg 768w, https:\/\/www.mzone.cz\/wp-content\/uploads\/2020\/10\/MGL1668-1536x1024.jpg 1536w, https:\/\/www.mzone.cz\/wp-content\/uploads\/2020\/10\/MGL1668-2048x1365.jpg 2048w, https:\/\/www.mzone.cz\/wp-content\/uploads\/2020\/10\/MGL1668-16x12.jpg 16w, https:\/\/www.mzone.cz\/wp-content\/uploads\/2020\/10\/MGL1668-800x533.jpg 800w, https:\/\/www.mzone.cz\/wp-content\/uploads\/2020\/10\/MGL1668-400x267.jpg 400w, https:\/\/www.mzone.cz\/wp-content\/uploads\/2020\/10\/MGL1668-500x333.jpg 500w, https:\/\/www.mzone.cz\/wp-content\/uploads\/2020\/10\/MGL1668-1170x780.jpg 1170w, https:\/\/www.mzone.cz\/wp-content\/uploads\/2020\/10\/MGL1668-590x393.jpg 590w\" sizes=\"auto, (max-width: 1024px) 100vw, 1024px\" \/><\/figure><br>\n\n\n\n<p>Po dopoledn\u00edm je\u017ed\u011bn\u00ed p\u0159i\u0161la \u0159ada na tradi\u010dn\u00ed rakouskou kuchyni, tak jsme se v\u0161ichni velmi tradi\u010dn\u011b&nbsp;p\u0159ejedli. N\u011bkte\u0159\u00ed se p\u0159i ob\u011bd\u011b trochu sp\u00e1lili, ale p\u0159ece si nebudeme st\u011b\u017eovat na kr\u00e1sn\u00e9 po\u010das\u00ed&#8230; Odpoledne jsme objevovali traily&nbsp;techni\u010dt\u011bj\u0161\u00ed, p\u0159\u00edrodn\u011bj\u0161\u00ed.&nbsp;Tyto traily jsou rychlej\u0161\u00ed a m\u00e9n\u011b vhodn\u00e9 pro&nbsp;nat\u00e1\u010den\u00ed, focen\u00ed a v\u00fduku co\u017e vyhovuje t\u011bm z n\u00e1s, co stejn\u011b nem\u00e1me Instagram.<\/p>\n\n\n\n<blockquote class=\"wp-block-quote is-layout-flow wp-block-quote-is-layout-flow\"><p>Jak \u0159\u00edk\u00e1 Gaspi, na konci tohohle dne n\u00e1s bolely i v\u011bci v batohu.<\/p><\/blockquote>\n\n\n\n<p>Do druh\u00e9ho dne u\u017e se nastupovalo s novou energii,&nbsp;hotelov\u00e1 kuchyn\u011b a rann\u00ed koupa\u010dka v m\u00edstn\u00ed horsk\u00e9&nbsp;\u0159ece tomu jist\u011b napomohly.&nbsp;Vr\u00e1tili jsme se do stejn\u00e9ho bikeparku na Planai, ale po v\u011bt\u0161inu dne jsme&nbsp;jezdili m\u00edstn\u00ed&nbsp;\u201cjump-line\u201d.<\/p><br>\n\n\n\n<figure class=\"wp-block-image size-large\"><img loading=\"lazy\" decoding=\"async\" width=\"1024\" height=\"683\" src=\"https:\/\/www.mzone.cz\/wp-content\/uploads\/2020\/10\/MGL2217-1024x683.jpg\" alt=\"Gaspi a jeho bikov\u00fd kemp\" class=\"wp-image-24808\" srcset=\"https:\/\/www.mzone.cz\/wp-content\/uploads\/2020\/10\/MGL2217-1024x683.jpg 1024w, https:\/\/www.mzone.cz\/wp-content\/uploads\/2020\/10\/MGL2217-300x200.jpg 300w, https:\/\/www.mzone.cz\/wp-content\/uploads\/2020\/10\/MGL2217-768x512.jpg 768w, https:\/\/www.mzone.cz\/wp-content\/uploads\/2020\/10\/MGL2217-1536x1024.jpg 1536w, https:\/\/www.mzone.cz\/wp-content\/uploads\/2020\/10\/MGL2217-2048x1365.jpg 2048w, https:\/\/www.mzone.cz\/wp-content\/uploads\/2020\/10\/MGL2217-16x12.jpg 16w, https:\/\/www.mzone.cz\/wp-content\/uploads\/2020\/10\/MGL2217-800x533.jpg 800w, https:\/\/www.mzone.cz\/wp-content\/uploads\/2020\/10\/MGL2217-400x267.jpg 400w, https:\/\/www.mzone.cz\/wp-content\/uploads\/2020\/10\/MGL2217-500x333.jpg 500w, https:\/\/www.mzone.cz\/wp-content\/uploads\/2020\/10\/MGL2217-1170x780.jpg 1170w, https:\/\/www.mzone.cz\/wp-content\/uploads\/2020\/10\/MGL2217-590x393.jpg 590w\" sizes=\"auto, (max-width: 1024px) 100vw, 1024px\" \/><\/figure><br>\n\n\n\n<p>Ka\u017edou j\u00edzdou si ka\u017ed\u00fd \u010dlen t\u00fdmu vychyt\u00e1v\u00e1 rychlost na vybran\u00e9 skoky. V\u0161echny prvky na jump-lajn\u011b se daj\u00ed objet, tak\u017ee cel\u00e1 skupina m\u016f\u017ee jezdit st\u00e1le spolu, a ka\u017ed\u00fd&nbsp;pojede skoky dle vlastn\u00edho&nbsp;uv\u00e1\u017een\u00ed. Asi by to trvalo d\u00e9le ne\u017e den, ne\u017e bych si vychytal rychlosti na v\u0161echny lavice a skoky,&nbsp;kter\u00e9&nbsp;zaj\u00edmaly m\u011b. Na\u0161t\u011bst\u00ed jedna j\u00edzda za Gaspim tento probl\u00e9m prakticky vy\u0159e\u0161\u00ed.<\/p>\n\n\n\n<blockquote class=\"wp-block-quote is-layout-flow wp-block-quote-is-layout-flow\"><p>Gaspi v\u00ed, co si kter\u00fd biker ze&nbsp;skupiny m\u016f\u017ee dovolit a jak\u00e1 rychlost na jak\u00fd skok je pro ka\u017ed\u00e9ho pot\u0159eba. Tak\u017ee kdy\u017e zavel\u00ed: \u201cKdo chce&nbsp;skok,&nbsp;je\u010fte za mnou moj\u00ed rychlost\u00ed,\u201d v\u00edme, \u017ee to d\u00e1me jak nic. Gaspiho stopou a ide\u00e1ln\u00ed rychlost\u00ed se to&nbsp;prost\u011b sk\u00e1\u010de l\u00edp.<\/p><\/blockquote>\n\n\n\n<p>U ve\u010de\u0159e se Gaspi sp\u0159\u00e1telil s m\u00edstn\u00edm majitelem hotelu, a ten n\u00e1s pak v\u0161echny pohostil meru\u0148kov\u00fdm&nbsp;\u0161napsem. Z konverzace bylo jasn\u00e9, \u017ee si m\u00edstn\u00ed uv\u011bdomuj\u00ed, jak perspektivn\u00ed jsou pro tento region horsk\u00e1&nbsp;kola. To se dob\u0159e poslouch\u00e1, znamen\u00e1 to, \u017ee rok od roku bude v\u00edc a v\u00edc co jezdit.<\/p><br>\n\n\n\n<figure class=\"wp-block-image size-large\"><img loading=\"lazy\" decoding=\"async\" width=\"1024\" height=\"682\" src=\"https:\/\/www.mzone.cz\/wp-content\/uploads\/2020\/10\/MGL1942-1024x682.jpg\" alt=\"Gaspi a jeho bikov\u00fd kemp\" class=\"wp-image-24813\" srcset=\"https:\/\/www.mzone.cz\/wp-content\/uploads\/2020\/10\/MGL1942-1024x682.jpg 1024w, https:\/\/www.mzone.cz\/wp-content\/uploads\/2020\/10\/MGL1942-300x200.jpg 300w, https:\/\/www.mzone.cz\/wp-content\/uploads\/2020\/10\/MGL1942-768x512.jpg 768w, https:\/\/www.mzone.cz\/wp-content\/uploads\/2020\/10\/MGL1942-1536x1024.jpg 1536w, https:\/\/www.mzone.cz\/wp-content\/uploads\/2020\/10\/MGL1942-2048x1365.jpg 2048w, https:\/\/www.mzone.cz\/wp-content\/uploads\/2020\/10\/MGL1942-16x12.jpg 16w, https:\/\/www.mzone.cz\/wp-content\/uploads\/2020\/10\/MGL1942-800x533.jpg 800w, https:\/\/www.mzone.cz\/wp-content\/uploads\/2020\/10\/MGL1942-400x267.jpg 400w, https:\/\/www.mzone.cz\/wp-content\/uploads\/2020\/10\/MGL1942-500x333.jpg 500w, https:\/\/www.mzone.cz\/wp-content\/uploads\/2020\/10\/MGL1942-1170x780.jpg 1170w, https:\/\/www.mzone.cz\/wp-content\/uploads\/2020\/10\/MGL1942-590x393.jpg 590w\" sizes=\"auto, (max-width: 1024px) 100vw, 1024px\" \/><\/figure><br>\n\n\n\n<p>T\u0159et\u00ed den jsme se posunuli o kopec vedle,&nbsp;na <a href=\"https:\/\/www.schladming-dachstein.at\/en\/summer\/biking\/reiteralm-trails\" target=\"_blank\" rel=\"noreferrer noopener\">Reiteralm traily<\/a>. Sice&nbsp;tu nen\u00ed \u017e\u00e1dn\u00e1 Jump-line, ale zato tu maj\u00ed opravdu dob\u0159e upravenou za\u010d\u00e1te\u010dnickou flow-line. Klopen\u00e9 zat\u00e1\u010dky vyhlazen\u00e9 jako by je je\u0161t\u011b nikdo&nbsp;nejel, opravdu \u201cflow\u201d trail hodn\u00fd toho ozna\u010den\u00ed. Kola se n\u00e1m p\u0159estala to\u010dit jen ve chv\u00edl\u00edch, kdy Gaspi s kameramanem vyt\u00e1hli fo\u0165\u00e1ky a drony.<\/p>\n\n\n\n<blockquote class=\"wp-block-quote is-layout-flow wp-block-quote-is-layout-flow\"><p>Sice slunce u\u017e nesv\u00edtilo jako prvn\u00ed dva dny, ale mlha v dopoledn\u00edch&nbsp;hodin\u00e1ch&nbsp;kr\u00e1se hor rozhodn\u011b neubrala.<\/p><\/blockquote>\n\n\n\n<p>Soudr\u017enost t\u00fdmu se projevila i u ob\u011bda, kdy jsme si v\u0161ichni zvolili&nbsp;m\u00edstn\u00ed gul\u00e1\u0161. Nutno \u0159\u00edct \u017ee takhle ticho&nbsp;na cel\u00e9m kempu nebylo p\u0159edt\u00edm ani potom.&nbsp;Odpoledne jsme projeli v\u0161echny zbyl\u00e9 traily v bikeparku.&nbsp;P\u0159i posledn\u00ed j\u00edzd\u011b se sice spustil d\u00e9\u0161\u0165, ale to n\u00e1m&nbsp;rozhodn\u011b den nezkazilo. Trail se&nbsp;na vod\u011b&nbsp;sice jel pomaleji, ale zato byl najednou o n\u011bco technicky&nbsp;zaj\u00edmav\u011bj\u0161\u00ed.<\/p><br>\n\n\n\n<figure class=\"wp-block-image size-large\"><img loading=\"lazy\" decoding=\"async\" width=\"1024\" height=\"683\" src=\"https:\/\/www.mzone.cz\/wp-content\/uploads\/2020\/10\/MGL2485-1024x683.jpg\" alt=\"Gaspi Bike Camp\" class=\"wp-image-24815\" srcset=\"https:\/\/www.mzone.cz\/wp-content\/uploads\/2020\/10\/MGL2485-1024x683.jpg 1024w, https:\/\/www.mzone.cz\/wp-content\/uploads\/2020\/10\/MGL2485-300x200.jpg 300w, https:\/\/www.mzone.cz\/wp-content\/uploads\/2020\/10\/MGL2485-768x512.jpg 768w, https:\/\/www.mzone.cz\/wp-content\/uploads\/2020\/10\/MGL2485-1536x1024.jpg 1536w, https:\/\/www.mzone.cz\/wp-content\/uploads\/2020\/10\/MGL2485-2048x1365.jpg 2048w, https:\/\/www.mzone.cz\/wp-content\/uploads\/2020\/10\/MGL2485-16x12.jpg 16w, https:\/\/www.mzone.cz\/wp-content\/uploads\/2020\/10\/MGL2485-800x533.jpg 800w, https:\/\/www.mzone.cz\/wp-content\/uploads\/2020\/10\/MGL2485-400x267.jpg 400w, https:\/\/www.mzone.cz\/wp-content\/uploads\/2020\/10\/MGL2485-500x333.jpg 500w, https:\/\/www.mzone.cz\/wp-content\/uploads\/2020\/10\/MGL2485-1170x780.jpg 1170w, https:\/\/www.mzone.cz\/wp-content\/uploads\/2020\/10\/MGL2485-590x393.jpg 590w\" sizes=\"auto, (max-width: 1024px) 100vw, 1024px\" \/><\/figure><br>\n\n\n\n<p>Na \u010dtvrt\u00fd den bylo p\u016fvodn\u011b pl\u00e1novan\u00e9 dopoledn\u00ed je\u017ed\u011bn\u00ed, ale od na\u0161eho posledn\u00edho trailu nep\u0159estalo&nbsp;pr\u0161et. Jeliko\u017e \u0161lo o den \u010dtvrt\u00fd, v\u0161ichni u\u017e byli natolik vyje\u017ed\u011bn\u00ed, \u017ee jsme se jednohlasn\u011b rozhodli tuto&nbsp;bahenn\u00ed l\u00e1ze\u0148 neabsolvovat.&nbsp;U\u017e se v\u0161ichni t\u011b\u0161\u00edme, kam to bude p\u0159\u00ed\u0161t\u011b.<\/p><br>\n\n\n\n<p><strong>Na video z t\u00e9to vyda\u0159en\u00e9 akce se m\u016f\u017eete pod\u00edvat zde:<\/strong><\/p>\n\n\n\n<figure class=\"wp-block-embed-youtube wp-block-embed is-type-video is-provider-youtube wp-embed-aspect-16-9 wp-has-aspect-ratio\"><div class=\"wp-block-embed__wrapper\">\n<iframe loading=\"lazy\" title=\"Gaspi Bike Camp - Schladming-Dachstein\" width=\"600\" height=\"338\" src=\"https:\/\/www.youtube.com\/embed\/qclsVREAF34?feature=oembed\" frameborder=\"0\" allow=\"accelerometer; autoplay; clipboard-write; encrypted-media; gyroscope; picture-in-picture; web-share\" referrerpolicy=\"strict-origin-when-cross-origin\" allowfullscreen><\/iframe>\n<\/div><\/figure><br>\n\n\n\n<div class=\"wp-block-media-text alignwide is-stacked-on-mobile is-vertically-aligned-top\" style=\"grid-template-columns:29% auto\"><figure class=\"wp-block-media-text__media\"><a href=\"https:\/\/www.mzone.cz\/selfie-video-radotin-richard-gaspi-gasperotti\/\"><img loading=\"lazy\" decoding=\"async\" width=\"1024\" height=\"683\" src=\"https:\/\/www.mzone.cz\/wp-content\/uploads\/2020\/07\/Radotin-selfie-video-Gaspi-1024x683.jpg\" alt=\"\" class=\"wp-image-22661\" srcset=\"https:\/\/www.mzone.cz\/wp-content\/uploads\/2020\/07\/Radotin-selfie-video-Gaspi-1024x683.jpg 1024w, https:\/\/www.mzone.cz\/wp-content\/uploads\/2020\/07\/Radotin-selfie-video-Gaspi-300x200.jpg 300w, https:\/\/www.mzone.cz\/wp-content\/uploads\/2020\/07\/Radotin-selfie-video-Gaspi-768x512.jpg 768w, https:\/\/www.mzone.cz\/wp-content\/uploads\/2020\/07\/Radotin-selfie-video-Gaspi-1536x1024.jpg 1536w, https:\/\/www.mzone.cz\/wp-content\/uploads\/2020\/07\/Radotin-selfie-video-Gaspi-800x533.jpg 800w, https:\/\/www.mzone.cz\/wp-content\/uploads\/2020\/07\/Radotin-selfie-video-Gaspi-400x267.jpg 400w, https:\/\/www.mzone.cz\/wp-content\/uploads\/2020\/07\/Radotin-selfie-video-Gaspi-500x333.jpg 500w, https:\/\/www.mzone.cz\/wp-content\/uploads\/2020\/07\/Radotin-selfie-video-Gaspi-1170x780.jpg 1170w, https:\/\/www.mzone.cz\/wp-content\/uploads\/2020\/07\/Radotin-selfie-video-Gaspi-590x393.jpg 590w, https:\/\/www.mzone.cz\/wp-content\/uploads\/2020\/07\/Radotin-selfie-video-Gaspi.jpg 1564w\" sizes=\"auto, (max-width: 1024px) 100vw, 1024px\" \/><\/a><\/figure><div class=\"wp-block-media-text__content\">\n<h4><a href=\"https:\/\/www.mzone.cz\/selfie-video-radotin-richard-gaspi-gasperotti\/\">Richard \u201cGaspi\u201d Gasperotti nato\u010dil prvn\u00ed bikov\u00e9 selfie-video! Jezd\u00ed na n\u011bm ve sv\u00e9 domovin\u011b<\/a><\/h4><br>\n<\/div><\/div>","protected":false},"excerpt":{"rendered":"<p>Od t\u00e9 doby, co jezd\u00edm na kole p\u0159ev\u00e1\u017en\u011b z kopce, jezd\u00edm na Campy s Gaspim. Tyhle Campy nejsou jen o v\u00fduce techniky, ale i o objevov\u00e1n\u00ed. Letos jsme byli zkouknout relativn\u011b m\u00e9n\u011b zn\u00e1m\u00e9 traily v Rakousk\u00e9m regionu Schladming-Dachstein. Sportovn\u00ed turist\u00e9 to tu znaj\u00ed p\u0159ev\u00e1\u017en\u011b pod sn\u011bhem, ale se zkracuj\u00edc\u00ed se&nbsp;zimn\u00ed sezonou se m\u00edstn\u00ed sna\u017e\u00ed investovat [&hellip;]<\/p>\n","protected":false},"author":4,"featured_media":24802,"comment_status":"open","ping_status":"closed","sticky":false,"template":"","format":"standard","meta":{"kk_blocks_editor_width":"","_kiokenblocks_attr":"","_kiokenblocks_dimensions":"","footnotes":""},"categories":[80,30],"tags":[18,2578,3101,3979,4237,1950,4235,471,2428,4233,2430,4238,4236,3977,2429,2583,4232,4234,42,36,3801],"class_list":["post-24800","post","type-post","status-publish","format-standard","has-post-thumbnail","hentry","category-sport","category-video","tag-adrenalin","tag-alpy","tag-bike","tag-biker","tag-camp","tag-cyklistika","tag-dachstein","tag-extremni-sporty","tag-freeride","tag-freerider","tag-gaspi","tag-gaspi-bike-camp","tag-kemp","tag-mountain-biking","tag-mtb","tag-rakousko","tag-richard-gaspi-gasperotti","tag-schladming","tag-sport","tag-video","tag-zazitky"],"yoast_head":"<!-- This site is optimized with the Yoast SEO plugin v27.5 - https:\/\/yoast.com\/product\/yoast-seo-wordpress\/ -->\n<title>Gaspiho stopou: Zn\u00e1m\u00fd biker u\u010dil odv\u00e1\u017elivce jezdit v Alp\u00e1ch - Mzone<\/title>\n<meta name=\"description\" content=\"Od t\u00e9 doby, co jezd\u00edm na kole p\u0159ev\u00e1\u017en\u011b z kopce, jezd\u00edm na Campy s Gaspim. Tyhle Campy nejsou jen o v\u00fduce techniky, ale i o objevov\u00e1n\u00ed. Letos jsme byli zkouknout relativn\u011b m\u00e9n\u011b zn\u00e1m\u00e9 traily v Rakousk\u00e9m regionu Schladming-Dachstein.\" \/>\n<meta name=\"robots\" content=\"index, follow, max-snippet:-1, max-image-preview:large, max-video-preview:-1\" \/>\n<link rel=\"canonical\" href=\"https:\/\/www.mzone.cz\/en\/gaspi-ucil-odvazlivce-jezdit-v-alpach\/\" \/>\n<meta property=\"og:locale\" content=\"en_US\" \/>\n<meta property=\"og:type\" content=\"article\" \/>\n<meta property=\"og:title\" content=\"Gaspiho stopou: Zn\u00e1m\u00fd biker u\u010dil odv\u00e1\u017elivce jezdit v Alp\u00e1ch - Mzone\" \/>\n<meta property=\"og:description\" content=\"Od t\u00e9 doby, co jezd\u00edm na kole p\u0159ev\u00e1\u017en\u011b z kopce, jezd\u00edm na Campy s Gaspim. Tyhle Campy nejsou jen o v\u00fduce techniky, ale i o objevov\u00e1n\u00ed. Letos jsme byli zkouknout relativn\u011b m\u00e9n\u011b zn\u00e1m\u00e9 traily v Rakousk\u00e9m regionu Schladming-Dachstein.\" \/>\n<meta property=\"og:url\" content=\"https:\/\/www.mzone.cz\/en\/gaspi-ucil-odvazlivce-jezdit-v-alpach\/\" \/>\n<meta property=\"og:site_name\" content=\"Mzone\" \/>\n<meta property=\"article:publisher\" content=\"https:\/\/www.facebook.com\/MzoneCZ\/\" \/>\n<meta property=\"article:published_time\" content=\"2020-10-07T03:00:56+00:00\" \/>\n<meta property=\"article:modified_time\" content=\"2020-10-07T06:39:34+00:00\" \/>\n<meta property=\"og:image\" content=\"https:\/\/www.mzone.cz\/wp-content\/uploads\/2020\/10\/Gaspi-kemp-scaled.jpg\" \/>\n\t<meta property=\"og:image:width\" content=\"2560\" \/>\n\t<meta property=\"og:image:height\" content=\"1706\" \/>\n\t<meta property=\"og:image:type\" content=\"image\/jpeg\" \/>\n<meta name=\"author\" content=\"Mzone\" \/>\n<meta name=\"twitter:card\" content=\"summary_large_image\" \/>\n<meta name=\"twitter:label1\" content=\"Written by\" \/>\n\t<meta name=\"twitter:data1\" content=\"Mzone\" \/>\n\t<meta name=\"twitter:label2\" content=\"Est. reading time\" \/>\n\t<meta name=\"twitter:data2\" content=\"5 minutes\" \/>\n<script type=\"application\/ld+json\" class=\"yoast-schema-graph\">{\"@context\":\"https:\\\/\\\/schema.org\",\"@graph\":[{\"@type\":\"Article\",\"@id\":\"https:\\\/\\\/www.mzone.cz\\\/gaspi-ucil-odvazlivce-jezdit-v-alpach\\\/#article\",\"isPartOf\":{\"@id\":\"https:\\\/\\\/www.mzone.cz\\\/gaspi-ucil-odvazlivce-jezdit-v-alpach\\\/\"},\"author\":{\"name\":\"Mzone\",\"@id\":\"https:\\\/\\\/www.mzone.cz\\\/#\\\/schema\\\/person\\\/9bc20cc422a99cac4af6ff9297da32d4\"},\"headline\":\"Gaspiho stopou: Zn\u00e1m\u00fd biker u\u010dil odv\u00e1\u017elivce jezdit v Alp\u00e1ch\",\"datePublished\":\"2020-10-07T03:00:56+00:00\",\"dateModified\":\"2020-10-07T06:39:34+00:00\",\"mainEntityOfPage\":{\"@id\":\"https:\\\/\\\/www.mzone.cz\\\/gaspi-ucil-odvazlivce-jezdit-v-alpach\\\/\"},\"wordCount\":939,\"commentCount\":0,\"image\":{\"@id\":\"https:\\\/\\\/www.mzone.cz\\\/gaspi-ucil-odvazlivce-jezdit-v-alpach\\\/#primaryimage\"},\"thumbnailUrl\":\"https:\\\/\\\/www.mzone.cz\\\/wp-content\\\/uploads\\\/2020\\\/10\\\/Gaspi-kemp-scaled.jpg\",\"keywords\":[\"Adrenalin\",\"Alpy\",\"bike\",\"biker\",\"camp\",\"cyklistika\",\"Dachstein\",\"extr\u00e9mn\u00ed sporty\",\"freeride\",\"freerider\",\"Gaspi\",\"Gaspi Bike Camp\",\"kemp\",\"mountain biking\",\"MTB\",\"Rakousko\",\"Richard Gaspi Gasperotti\",\"Schladming\",\"Sport\",\"Video\",\"z\u00e1\u017eitky\"],\"articleSection\":[\"Sport\",\"Video\"],\"inLanguage\":\"en-US\",\"potentialAction\":[{\"@type\":\"CommentAction\",\"name\":\"Comment\",\"target\":[\"https:\\\/\\\/www.mzone.cz\\\/gaspi-ucil-odvazlivce-jezdit-v-alpach\\\/#respond\"]}]},{\"@type\":\"WebPage\",\"@id\":\"https:\\\/\\\/www.mzone.cz\\\/gaspi-ucil-odvazlivce-jezdit-v-alpach\\\/\",\"url\":\"https:\\\/\\\/www.mzone.cz\\\/gaspi-ucil-odvazlivce-jezdit-v-alpach\\\/\",\"name\":\"Gaspiho stopou: Zn\u00e1m\u00fd biker u\u010dil odv\u00e1\u017elivce jezdit v Alp\u00e1ch - Mzone\",\"isPartOf\":{\"@id\":\"https:\\\/\\\/www.mzone.cz\\\/#website\"},\"primaryImageOfPage\":{\"@id\":\"https:\\\/\\\/www.mzone.cz\\\/gaspi-ucil-odvazlivce-jezdit-v-alpach\\\/#primaryimage\"},\"image\":{\"@id\":\"https:\\\/\\\/www.mzone.cz\\\/gaspi-ucil-odvazlivce-jezdit-v-alpach\\\/#primaryimage\"},\"thumbnailUrl\":\"https:\\\/\\\/www.mzone.cz\\\/wp-content\\\/uploads\\\/2020\\\/10\\\/Gaspi-kemp-scaled.jpg\",\"datePublished\":\"2020-10-07T03:00:56+00:00\",\"dateModified\":\"2020-10-07T06:39:34+00:00\",\"author\":{\"@id\":\"https:\\\/\\\/www.mzone.cz\\\/#\\\/schema\\\/person\\\/9bc20cc422a99cac4af6ff9297da32d4\"},\"description\":\"Od t\u00e9 doby, co jezd\u00edm na kole p\u0159ev\u00e1\u017en\u011b z kopce, jezd\u00edm na Campy s Gaspim. Tyhle Campy nejsou jen o v\u00fduce techniky, ale i o objevov\u00e1n\u00ed. Letos jsme byli zkouknout relativn\u011b m\u00e9n\u011b zn\u00e1m\u00e9 traily v Rakousk\u00e9m regionu Schladming-Dachstein.\",\"breadcrumb\":{\"@id\":\"https:\\\/\\\/www.mzone.cz\\\/gaspi-ucil-odvazlivce-jezdit-v-alpach\\\/#breadcrumb\"},\"inLanguage\":\"en-US\",\"potentialAction\":[{\"@type\":\"ReadAction\",\"target\":[\"https:\\\/\\\/www.mzone.cz\\\/gaspi-ucil-odvazlivce-jezdit-v-alpach\\\/\"]}]},{\"@type\":\"ImageObject\",\"inLanguage\":\"en-US\",\"@id\":\"https:\\\/\\\/www.mzone.cz\\\/gaspi-ucil-odvazlivce-jezdit-v-alpach\\\/#primaryimage\",\"url\":\"https:\\\/\\\/www.mzone.cz\\\/wp-content\\\/uploads\\\/2020\\\/10\\\/Gaspi-kemp-scaled.jpg\",\"contentUrl\":\"https:\\\/\\\/www.mzone.cz\\\/wp-content\\\/uploads\\\/2020\\\/10\\\/Gaspi-kemp-scaled.jpg\",\"width\":2560,\"height\":1706,\"caption\":\"Gaspi kemp\"},{\"@type\":\"BreadcrumbList\",\"@id\":\"https:\\\/\\\/www.mzone.cz\\\/gaspi-ucil-odvazlivce-jezdit-v-alpach\\\/#breadcrumb\",\"itemListElement\":[{\"@type\":\"ListItem\",\"position\":1,\"name\":\"Dom\u016f\",\"item\":\"https:\\\/\\\/www.mzone.cz\\\/\"},{\"@type\":\"ListItem\",\"position\":2,\"name\":\"Gaspiho stopou: Zn\u00e1m\u00fd biker u\u010dil odv\u00e1\u017elivce jezdit v Alp\u00e1ch\"}]},{\"@type\":\"WebSite\",\"@id\":\"https:\\\/\\\/www.mzone.cz\\\/#website\",\"url\":\"https:\\\/\\\/www.mzone.cz\\\/\",\"name\":\"Mzone\",\"description\":\"Magaz\u00edn nejen pro mu\u017ee\",\"potentialAction\":[{\"@type\":\"SearchAction\",\"target\":{\"@type\":\"EntryPoint\",\"urlTemplate\":\"https:\\\/\\\/www.mzone.cz\\\/?s={search_term_string}\"},\"query-input\":{\"@type\":\"PropertyValueSpecification\",\"valueRequired\":true,\"valueName\":\"search_term_string\"}}],\"inLanguage\":\"en-US\"},{\"@type\":\"Person\",\"@id\":\"https:\\\/\\\/www.mzone.cz\\\/#\\\/schema\\\/person\\\/9bc20cc422a99cac4af6ff9297da32d4\",\"name\":\"Mzone\",\"image\":{\"@type\":\"ImageObject\",\"inLanguage\":\"en-US\",\"@id\":\"https:\\\/\\\/secure.gravatar.com\\\/avatar\\\/e780a8630f3182a3d06dd667ab6bea151a0d155b0951bc15fe22633acdac0676?s=96&d=mm&r=g\",\"url\":\"https:\\\/\\\/secure.gravatar.com\\\/avatar\\\/e780a8630f3182a3d06dd667ab6bea151a0d155b0951bc15fe22633acdac0676?s=96&d=mm&r=g\",\"contentUrl\":\"https:\\\/\\\/secure.gravatar.com\\\/avatar\\\/e780a8630f3182a3d06dd667ab6bea151a0d155b0951bc15fe22633acdac0676?s=96&d=mm&r=g\",\"caption\":\"Mzone\"},\"url\":\"https:\\\/\\\/www.mzone.cz\\\/en\\\/author\\\/jakub\\\/\"}]}<\/script>\n<!-- \/ Yoast SEO plugin. -->","yoast_head_json":{"title":"Gaspiho stopou: Zn\u00e1m\u00fd biker u\u010dil odv\u00e1\u017elivce jezdit v Alp\u00e1ch - Mzone","description":"Od t\u00e9 doby, co jezd\u00edm na kole p\u0159ev\u00e1\u017en\u011b z kopce, jezd\u00edm na Campy s Gaspim. Tyhle Campy nejsou jen o v\u00fduce techniky, ale i o objevov\u00e1n\u00ed. Letos jsme byli zkouknout relativn\u011b m\u00e9n\u011b zn\u00e1m\u00e9 traily v Rakousk\u00e9m regionu Schladming-Dachstein.","robots":{"index":"index","follow":"follow","max-snippet":"max-snippet:-1","max-image-preview":"max-image-preview:large","max-video-preview":"max-video-preview:-1"},"canonical":"https:\/\/www.mzone.cz\/en\/gaspi-ucil-odvazlivce-jezdit-v-alpach\/","og_locale":"en_US","og_type":"article","og_title":"Gaspiho stopou: Zn\u00e1m\u00fd biker u\u010dil odv\u00e1\u017elivce jezdit v Alp\u00e1ch - Mzone","og_description":"Od t\u00e9 doby, co jezd\u00edm na kole p\u0159ev\u00e1\u017en\u011b z kopce, jezd\u00edm na Campy s Gaspim. Tyhle Campy nejsou jen o v\u00fduce techniky, ale i o objevov\u00e1n\u00ed. Letos jsme byli zkouknout relativn\u011b m\u00e9n\u011b zn\u00e1m\u00e9 traily v Rakousk\u00e9m regionu Schladming-Dachstein.","og_url":"https:\/\/www.mzone.cz\/en\/gaspi-ucil-odvazlivce-jezdit-v-alpach\/","og_site_name":"Mzone","article_publisher":"https:\/\/www.facebook.com\/MzoneCZ\/","article_published_time":"2020-10-07T03:00:56+00:00","article_modified_time":"2020-10-07T06:39:34+00:00","og_image":[{"width":2560,"height":1706,"url":"https:\/\/www.mzone.cz\/wp-content\/uploads\/2020\/10\/Gaspi-kemp-scaled.jpg","type":"image\/jpeg"}],"author":"Mzone","twitter_card":"summary_large_image","twitter_misc":{"Written by":"Mzone","Est. reading time":"5 minutes"},"schema":{"@context":"https:\/\/schema.org","@graph":[{"@type":"Article","@id":"https:\/\/www.mzone.cz\/gaspi-ucil-odvazlivce-jezdit-v-alpach\/#article","isPartOf":{"@id":"https:\/\/www.mzone.cz\/gaspi-ucil-odvazlivce-jezdit-v-alpach\/"},"author":{"name":"Mzone","@id":"https:\/\/www.mzone.cz\/#\/schema\/person\/9bc20cc422a99cac4af6ff9297da32d4"},"headline":"Gaspiho stopou: Zn\u00e1m\u00fd biker u\u010dil odv\u00e1\u017elivce jezdit v Alp\u00e1ch","datePublished":"2020-10-07T03:00:56+00:00","dateModified":"2020-10-07T06:39:34+00:00","mainEntityOfPage":{"@id":"https:\/\/www.mzone.cz\/gaspi-ucil-odvazlivce-jezdit-v-alpach\/"},"wordCount":939,"commentCount":0,"image":{"@id":"https:\/\/www.mzone.cz\/gaspi-ucil-odvazlivce-jezdit-v-alpach\/#primaryimage"},"thumbnailUrl":"https:\/\/www.mzone.cz\/wp-content\/uploads\/2020\/10\/Gaspi-kemp-scaled.jpg","keywords":["Adrenalin","Alpy","bike","biker","camp","cyklistika","Dachstein","extr\u00e9mn\u00ed sporty","freeride","freerider","Gaspi","Gaspi Bike Camp","kemp","mountain biking","MTB","Rakousko","Richard Gaspi Gasperotti","Schladming","Sport","Video","z\u00e1\u017eitky"],"articleSection":["Sport","Video"],"inLanguage":"en-US","potentialAction":[{"@type":"CommentAction","name":"Comment","target":["https:\/\/www.mzone.cz\/gaspi-ucil-odvazlivce-jezdit-v-alpach\/#respond"]}]},{"@type":"WebPage","@id":"https:\/\/www.mzone.cz\/gaspi-ucil-odvazlivce-jezdit-v-alpach\/","url":"https:\/\/www.mzone.cz\/gaspi-ucil-odvazlivce-jezdit-v-alpach\/","name":"Gaspiho stopou: Zn\u00e1m\u00fd biker u\u010dil odv\u00e1\u017elivce jezdit v Alp\u00e1ch - Mzone","isPartOf":{"@id":"https:\/\/www.mzone.cz\/#website"},"primaryImageOfPage":{"@id":"https:\/\/www.mzone.cz\/gaspi-ucil-odvazlivce-jezdit-v-alpach\/#primaryimage"},"image":{"@id":"https:\/\/www.mzone.cz\/gaspi-ucil-odvazlivce-jezdit-v-alpach\/#primaryimage"},"thumbnailUrl":"https:\/\/www.mzone.cz\/wp-content\/uploads\/2020\/10\/Gaspi-kemp-scaled.jpg","datePublished":"2020-10-07T03:00:56+00:00","dateModified":"2020-10-07T06:39:34+00:00","author":{"@id":"https:\/\/www.mzone.cz\/#\/schema\/person\/9bc20cc422a99cac4af6ff9297da32d4"},"description":"Od t\u00e9 doby, co jezd\u00edm na kole p\u0159ev\u00e1\u017en\u011b z kopce, jezd\u00edm na Campy s Gaspim. Tyhle Campy nejsou jen o v\u00fduce techniky, ale i o objevov\u00e1n\u00ed. Letos jsme byli zkouknout relativn\u011b m\u00e9n\u011b zn\u00e1m\u00e9 traily v Rakousk\u00e9m regionu Schladming-Dachstein.","breadcrumb":{"@id":"https:\/\/www.mzone.cz\/gaspi-ucil-odvazlivce-jezdit-v-alpach\/#breadcrumb"},"inLanguage":"en-US","potentialAction":[{"@type":"ReadAction","target":["https:\/\/www.mzone.cz\/gaspi-ucil-odvazlivce-jezdit-v-alpach\/"]}]},{"@type":"ImageObject","inLanguage":"en-US","@id":"https:\/\/www.mzone.cz\/gaspi-ucil-odvazlivce-jezdit-v-alpach\/#primaryimage","url":"https:\/\/www.mzone.cz\/wp-content\/uploads\/2020\/10\/Gaspi-kemp-scaled.jpg","contentUrl":"https:\/\/www.mzone.cz\/wp-content\/uploads\/2020\/10\/Gaspi-kemp-scaled.jpg","width":2560,"height":1706,"caption":"Gaspi kemp"},{"@type":"BreadcrumbList","@id":"https:\/\/www.mzone.cz\/gaspi-ucil-odvazlivce-jezdit-v-alpach\/#breadcrumb","itemListElement":[{"@type":"ListItem","position":1,"name":"Dom\u016f","item":"https:\/\/www.mzone.cz\/"},{"@type":"ListItem","position":2,"name":"Gaspiho stopou: Zn\u00e1m\u00fd biker u\u010dil odv\u00e1\u017elivce jezdit v Alp\u00e1ch"}]},{"@type":"WebSite","@id":"https:\/\/www.mzone.cz\/#website","url":"https:\/\/www.mzone.cz\/","name":"Mzone","description":"Magaz\u00edn nejen pro mu\u017ee","potentialAction":[{"@type":"SearchAction","target":{"@type":"EntryPoint","urlTemplate":"https:\/\/www.mzone.cz\/?s={search_term_string}"},"query-input":{"@type":"PropertyValueSpecification","valueRequired":true,"valueName":"search_term_string"}}],"inLanguage":"en-US"},{"@type":"Person","@id":"https:\/\/www.mzone.cz\/#\/schema\/person\/9bc20cc422a99cac4af6ff9297da32d4","name":"Mzone","image":{"@type":"ImageObject","inLanguage":"en-US","@id":"https:\/\/secure.gravatar.com\/avatar\/e780a8630f3182a3d06dd667ab6bea151a0d155b0951bc15fe22633acdac0676?s=96&d=mm&r=g","url":"https:\/\/secure.gravatar.com\/avatar\/e780a8630f3182a3d06dd667ab6bea151a0d155b0951bc15fe22633acdac0676?s=96&d=mm&r=g","contentUrl":"https:\/\/secure.gravatar.com\/avatar\/e780a8630f3182a3d06dd667ab6bea151a0d155b0951bc15fe22633acdac0676?s=96&d=mm&r=g","caption":"Mzone"},"url":"https:\/\/www.mzone.cz\/en\/author\/jakub\/"}]}},"_links":{"self":[{"href":"https:\/\/www.mzone.cz\/en\/wp-json\/wp\/v2\/posts\/24800","targetHints":{"allow":["GET"]}}],"collection":[{"href":"https:\/\/www.mzone.cz\/en\/wp-json\/wp\/v2\/posts"}],"about":[{"href":"https:\/\/www.mzone.cz\/en\/wp-json\/wp\/v2\/types\/post"}],"author":[{"embeddable":true,"href":"https:\/\/www.mzone.cz\/en\/wp-json\/wp\/v2\/users\/4"}],"replies":[{"embeddable":true,"href":"https:\/\/www.mzone.cz\/en\/wp-json\/wp\/v2\/comments?post=24800"}],"version-history":[{"count":15,"href":"https:\/\/www.mzone.cz\/en\/wp-json\/wp\/v2\/posts\/24800\/revisions"}],"predecessor-version":[{"id":24825,"href":"https:\/\/www.mzone.cz\/en\/wp-json\/wp\/v2\/posts\/24800\/revisions\/24825"}],"wp:featuredmedia":[{"embeddable":true,"href":"https:\/\/www.mzone.cz\/en\/wp-json\/wp\/v2\/media\/24802"}],"wp:attachment":[{"href":"https:\/\/www.mzone.cz\/en\/wp-json\/wp\/v2\/media?parent=24800"}],"wp:term":[{"taxonomy":"category","embeddable":true,"href":"https:\/\/www.mzone.cz\/en\/wp-json\/wp\/v2\/categories?post=24800"},{"taxonomy":"post_tag","embeddable":true,"href":"https:\/\/www.mzone.cz\/en\/wp-json\/wp\/v2\/tags?post=24800"}],"curies":[{"name":"wp","href":"https:\/\/api.w.org\/{rel}","templated":true}]}}