{"id":24842,"date":"2020-11-13T05:00:00","date_gmt":"2020-11-13T04:00:00","guid":{"rendered":"https:\/\/www.mzone.cz\/?p=24842"},"modified":"2020-11-10T15:05:20","modified_gmt":"2020-11-10T14:05:20","slug":"dream-bike-cyklisticky-nadsenec-nataci-uchvatna-videa","status":"publish","type":"post","link":"https:\/\/www.mzone.cz\/en\/dream-bike-cyklisticky-nadsenec-nataci-uchvatna-videa\/","title":{"rendered":"Dream Bike: Cyklistick\u00fd nad\u0161enec krom\u011b je\u017ed\u011bn\u00ed nat\u00e1\u010d\u00ed i \u00fachvatn\u00e1 videa"},"content":{"rendered":"<p><strong>Cyklista Filippo Mari se krom\u011b je\u017ed\u011bn\u00ed na kole v\u011bnuje tak\u00e9 nat\u00e1\u010den\u00ed vide\u00ed. Jeho posledn\u00ed po\u010din s n\u00e1zvem Dream Bike nahl\u00ed\u017e\u00ed pod pokli\u010dku v\u00fdroby stylov\u00e9ho j\u00edzdn\u00edho kola na m\u00edru. A to kolo nen\u00ed jen tak ledajak\u00e9 \u2013 jedn\u00e1 se o legend\u00e1rn\u00ed Festku v modern\u00edm pojet\u00ed!<\/strong><\/p><br>\n\n\n\n<p>Filippo si ka\u017ed\u00fd rok vybere jeden projekt, o kter\u00e9m si mysl\u00ed, \u017ee stoj\u00ed za sd\u00edlen\u00ed, a vytvo\u0159\u00ed o n\u011bm video. Tento rok se se sv\u00fdm t\u00fdmem rozhodli ud\u011blat dokument o v\u00fdrob\u011b kola na zak\u00e1zku. Jejich st\u0159edem z\u00e1jmu se tak na n\u011bkolik m\u011bs\u00edc\u016f stalo ikonick\u00e9 kolo Festka.<\/p><br>\n\n\n\n<h4 class=\"has-vivid-red-color has-text-color wp-block-heading\">Filippo, p\u0159ed t\u00edm, ne\u017e budeme mluvit o dokumentu, \u0159ekni n\u00e1m pros\u00edm n\u011bco v\u00edc o sob\u011b.<\/h4>\n\n\n\n<p>Samoz\u0159ejm\u011b! Jsem z It\u00e1lie ale \u017eiji v Praze. P\u0159ed v\u00edce ne\u017e 10 lety jsem v \u010cesku potkal svou \u017eenu, kdy\u017e jsem na kole jel z It\u00e1lie do Norska a proto jsem si z \u010ceska ud\u011blal sv\u016fj domov. V tu dobu jsem pracoval ve velk\u00e9 korpor\u00e1tn\u00ed firm\u011b a hledal jsem zm\u011bnu. Tak jsem se od t\u00e9 doby oddal cyklistice a snaze roz\u0161\u00ed\u0159it mou v\u00e1\u0161e\u0148 pro tuto skv\u011blou \u010dinnost. Zalo\u017eil jsem cyklistickou turistickou spole\u010dnost jm\u00e9nem BIKO, cestuji abych na\u0161el nejlep\u0161\u00ed cyklistick\u00e9 p\u0159\u00edb\u011bhy pro vytv\u00e1\u0159en\u00ed vide\u00ed, p\u00ed\u0161i \u010dl\u00e1nky pro cyklistick\u00e9 magaz\u00edny, navrhuji design tri\u010dek s cyklistickou tematikou a vytv\u00e1\u0159\u00edm obsah pro podniky, kter\u00e9 se mnou spolupracuj\u00ed.<\/p><br>\n\n\n\n<figure class=\"wp-block-image size-large\"><img loading=\"lazy\" decoding=\"async\" width=\"1024\" height=\"576\" src=\"https:\/\/www.mzone.cz\/wp-content\/uploads\/2020\/10\/DJI_0198.00_00_18_15.Still022-1024x576.jpg\" alt=\"Filippo Mari - Dream Bike\" class=\"wp-image-24848\" srcset=\"https:\/\/www.mzone.cz\/wp-content\/uploads\/2020\/10\/DJI_0198.00_00_18_15.Still022-1024x576.jpg 1024w, https:\/\/www.mzone.cz\/wp-content\/uploads\/2020\/10\/DJI_0198.00_00_18_15.Still022-300x169.jpg 300w, https:\/\/www.mzone.cz\/wp-content\/uploads\/2020\/10\/DJI_0198.00_00_18_15.Still022-768x432.jpg 768w, https:\/\/www.mzone.cz\/wp-content\/uploads\/2020\/10\/DJI_0198.00_00_18_15.Still022-1536x864.jpg 1536w, https:\/\/www.mzone.cz\/wp-content\/uploads\/2020\/10\/DJI_0198.00_00_18_15.Still022-2048x1152.jpg 2048w, https:\/\/www.mzone.cz\/wp-content\/uploads\/2020\/10\/DJI_0198.00_00_18_15.Still022-16x9.jpg 16w, https:\/\/www.mzone.cz\/wp-content\/uploads\/2020\/10\/DJI_0198.00_00_18_15.Still022-590x332.jpg 590w\" sizes=\"auto, (max-width: 1024px) 100vw, 1024px\" \/><\/figure><br>\n\n\n\n<h4 class=\"has-vivid-red-color has-text-color wp-block-heading\">Jak jsi dostal n\u00e1pad p\u0159\u00edmo na video \u201cDream Bike\u201d?<\/h4>\n\n\n\n<p>P\u0159ed p\u00e1r lety jsem \u010detl knihu \u201cIt\u2019s all about the bike\u201d, kterou napsal Robert Penn. Je to o Pennov\u011b v\u00fdprav\u011b kolem sv\u011bta za c\u00edlem vytvo\u0159it jeho vysn\u011bn\u00e9 kolo. Ten n\u00e1pad jsem si zamiloval a od t\u00e9 doby mi to vrt\u00e1 hlavou. Ned\u00e1vno, kdy\u017e jsem hledal ta nejlep\u0161\u00ed kola pro mou cestovn\u00ed kancel\u00e1\u0159 BIKO, jsem zjistil, \u017ee p\u0159\u00edmo tady v Praze je spole\u010dnost, kter\u00e1 vytv\u00e1\u0159\u00ed skv\u011bl\u00e1 kola na m\u00edru. Jmenuj\u00ed se <a href=\"https:\/\/www.festka.com\/\" target=\"_blank\" rel=\"noreferrer noopener\">Festka<\/a>.<\/p>\n\n\n\n<blockquote class=\"wp-block-quote is-layout-flow wp-block-quote-is-layout-flow\"><p>Potkal jsem se s Michalem, zakladatelem Festky, abychom si promluvili o mo\u017en\u00e9 spolupr\u00e1ci a m\u011b jejich produkt tolik nadchnul, \u017ee jsem si od nich nechal jedno vytvo\u0159it. Napadlo m\u011b ud\u011blat o v\u00fdrob\u011b kola video a ve Festce se jim n\u00e1pad l\u00edbil. Dokonce n\u00e1m, pro na\u0161e kamery, otev\u0159eli dve\u0159e do jejich v\u00fdrobny.<\/p><\/blockquote>\n\n\n\n<h4 class=\"has-vivid-red-color has-text-color wp-block-heading\"><strong>Jestli tomu spr\u00e1vn\u011b rozum\u00edme, produkci filmu jsi d\u011blal ty s\u00e1m. Co t\u011b motivuje k investov\u00e1n\u00ed tolik \u010dasu, energie a pen\u011bz k tvo\u0159en\u00ed videa jako je \u201cDream Bike\u201d?<\/strong><\/h4>\n\n\n\n<p>Ka\u017ed\u00fd rok vytv\u00e1\u0159\u00edm mnoho vide\u00ed jak pro mou spole\u010dnost, tak i pro t\u0159et\u00ed strany, ale v\u017edy si vyberu n\u011bjak\u00fd projekt, o kter\u00e9m si mysl\u00edm, \u017ee m\u00e1 cenu \u0161\u00ed\u0159it do sv\u011bta. N\u011bco, co m\u00e1 hodnotu. D\u011bl\u00e1 mi to radost, proto\u017ee t\u00edm p\u0159isp\u00edv\u00e1m do komunity.<\/p><br>\n\n\n\n<figure class=\"wp-block-image size-large\"><img loading=\"lazy\" decoding=\"async\" width=\"1024\" height=\"576\" src=\"https:\/\/www.mzone.cz\/wp-content\/uploads\/2020\/10\/DJI_0198.00_00_27_20.Still068-1024x576.jpg\" alt=\"Filippo Mari - Dream Bike\" class=\"wp-image-24852\" srcset=\"https:\/\/www.mzone.cz\/wp-content\/uploads\/2020\/10\/DJI_0198.00_00_27_20.Still068-1024x576.jpg 1024w, https:\/\/www.mzone.cz\/wp-content\/uploads\/2020\/10\/DJI_0198.00_00_27_20.Still068-300x169.jpg 300w, https:\/\/www.mzone.cz\/wp-content\/uploads\/2020\/10\/DJI_0198.00_00_27_20.Still068-768x432.jpg 768w, https:\/\/www.mzone.cz\/wp-content\/uploads\/2020\/10\/DJI_0198.00_00_27_20.Still068-1536x864.jpg 1536w, https:\/\/www.mzone.cz\/wp-content\/uploads\/2020\/10\/DJI_0198.00_00_27_20.Still068-2048x1152.jpg 2048w, https:\/\/www.mzone.cz\/wp-content\/uploads\/2020\/10\/DJI_0198.00_00_27_20.Still068-16x9.jpg 16w, https:\/\/www.mzone.cz\/wp-content\/uploads\/2020\/10\/DJI_0198.00_00_27_20.Still068-590x332.jpg 590w\" sizes=\"auto, (max-width: 1024px) 100vw, 1024px\" \/><\/figure><br>\n\n\n\n<p>Nap\u0159\u00edklad minul\u00fd rok jsem d\u011blal video o <a href=\"https:\/\/youtu.be\/tQAABjVWVLw\">metod\u011b Wim Hof<\/a>, kter\u00e1 mi zlep\u0161ila \u017eivot a vykon\u00e1v\u00e1m ji ka\u017ed\u00fd den. Ka\u017ed\u00fd t\u00fdden dost\u00e1v\u00e1m zpr\u00e1vy od cyklist\u016f po cel\u00e9m sv\u011bt\u011b, kte\u0159\u00ed metodu vyzkou\u0161eli po tom, co dokument vid\u011bli a to mi d\u011bl\u00e1 velkou radost. Mysl\u00edm si, \u017ee tento dokument je velmi zaj\u00edmav\u00fd, proto\u017ee Festka, jak v dokumentu m\u016f\u017eete vid\u011bt, je velmi neobvykl\u00fd stroj. Tak\u00e9 miluji v\u00fdzvy a proto se sna\u017e\u00edm tvo\u0159it videa o t\u00e9matech, se kter\u00fdmi jsem doposud nepracoval, abychom se j\u00e1 i m\u016fj t\u00fdm mohli zlep\u0161ovat v nat\u00e1\u010den\u00ed.<\/p><br>\n\n\n\n<h4 class=\"has-vivid-red-color has-text-color wp-block-heading\"><strong>S tolika mo\u017en\u00fdmi koly na trhu, pro\u010d sis vybral pr\u00e1v\u011b Festku jako tv\u00e9 vysn\u011bn\u00e9 kolo?<\/strong><\/h4>\n\n\n\n<p>Vid\u011bl jsem o nich \u010dl\u00e1nek ve Forbesu a jejich kola mn\u011b velmi zaujala. V t\u00e9 dob\u011b jsem p\u0159ipravoval prezentaci, kterou jsem d\u011blal v San Francisku pro velmi pr\u00e9miov\u00e9 potenci\u00e1ln\u00ed klienty o na\u0161em v\u00fdlet\u011b v Alp\u00e1ch. Napadlo m\u011b: \u201cNebylo by skv\u011bl\u00e9, je posadit na Festku?\u201d Tak jsem kontaktoval zakladatele, Michala.<\/p>\n\n\n\n<blockquote class=\"wp-block-quote is-layout-flow wp-block-quote-is-layout-flow\"><p>\u010c\u00edm v\u00edc mi d\u00e1val detail\u016f o jejich kolech, t\u00edm nov\u011bj\u0161\u00ed a zaj\u00edmav\u011bj\u0161\u00ed to pro m\u011b bylo. N\u011bco, co jsem do t\u00e9 doby ani nev\u011bd\u011bl, \u017ee existuje, se mi otev\u0159elo. V kostce mluv\u00edm o tom, \u017ee kola od Festky jsou vyr\u00e1b\u011bny v\u00edce udr\u017eiteln\u00fdm zp\u016fsobem ne\u017e klasickou velkov\u00fdrobou a jejich r\u00e1my se neni\u010d\u00ed s \u010dasem, tud\u00ed\u017e vydr\u017e\u00ed nav\u017edy.<\/p><\/blockquote>\n\n\n\n<p>A tak to nejsou jen skv\u011ble vypadaj\u00edc\u00ed kola s perfektn\u00edm v\u00fdkonem, ale tak\u00e9 m\u011b uspokojuj\u00ed z pohledu eti\u010dnosti. Popravd\u011b mi nebylo p\u0159\u00edjemn\u00e9, \u017ee jsem posledn\u00ed dobou musel prod\u00e1vat m\u00e1 kola ka\u017ed\u00fd rok, abych si udr\u017eel v\u00fd\u0161ku investice, abych v\u017edy m\u011bl posledn\u00ed model a abych m\u011bl kolo, kter\u00e9 m\u00e1 takov\u00fd v\u00fdkon, jak\u00fd si p\u0159edstavuji. Mysl\u00edm, \u017ee kolo by nem\u011blo b\u00fdt jako mobil, kter\u00fd se velmi rychle stane zastaral\u00fdm. Zkr\u00e1tka i p\u0159es to, \u017ee kola od Festky nejsou levn\u00e1, dlouhodob\u011b je to ur\u010dit\u011b dobr\u00e1 investice. A j\u00e1 jsem do toho \u0161el!<\/p><br>\n\n\n\n<figure class=\"wp-block-image size-large\"><img loading=\"lazy\" decoding=\"async\" width=\"1024\" height=\"576\" src=\"https:\/\/www.mzone.cz\/wp-content\/uploads\/2020\/10\/DJI_0198.00_00_19_15.Still013-1024x576.jpg\" alt=\"Festka je pro Filippa jeho Dream Bike\" class=\"wp-image-24856\" srcset=\"https:\/\/www.mzone.cz\/wp-content\/uploads\/2020\/10\/DJI_0198.00_00_19_15.Still013-1024x576.jpg 1024w, https:\/\/www.mzone.cz\/wp-content\/uploads\/2020\/10\/DJI_0198.00_00_19_15.Still013-300x169.jpg 300w, https:\/\/www.mzone.cz\/wp-content\/uploads\/2020\/10\/DJI_0198.00_00_19_15.Still013-768x432.jpg 768w, https:\/\/www.mzone.cz\/wp-content\/uploads\/2020\/10\/DJI_0198.00_00_19_15.Still013-1536x864.jpg 1536w, https:\/\/www.mzone.cz\/wp-content\/uploads\/2020\/10\/DJI_0198.00_00_19_15.Still013-2048x1152.jpg 2048w, https:\/\/www.mzone.cz\/wp-content\/uploads\/2020\/10\/DJI_0198.00_00_19_15.Still013-16x9.jpg 16w, https:\/\/www.mzone.cz\/wp-content\/uploads\/2020\/10\/DJI_0198.00_00_19_15.Still013-590x332.jpg 590w\" sizes=\"auto, (max-width: 1024px) 100vw, 1024px\" \/><\/figure><br>\n\n\n\n<h4 class=\"has-vivid-red-color has-text-color wp-block-heading\"><strong>Vybral sis Festka Rover, to je tzv. gravel. Co t\u011b p\u0159im\u011blo si vybrat zrovna tento model?<\/strong><\/h4>\n\n\n\n<p>V\u017edy jsem jezdil na Mtb\u010dku, str\u00e1vil jsem na hor\u00e1c\u00edch cel\u00fd m\u016fj \u017eivot a st\u00e1le to miluju. Ale na silni\u010dce jsem za\u010d\u00ednal kdysi v It\u00e1lii a ned\u00e1vno jsem se k tomu vr\u00e1til d\u00edky pr\u00e1ci. Dokonce jsem klienty pr\u016fvodcoval v Alp\u00e1ch a Dolomitech a na to pot\u0159ebuji dobrou silni\u010dku. Ale jak jsem ji\u017e \u0159ekl, nejrad\u0161i jezd\u00edm v ter\u00e9nu a jakmile m\u00e1m p\u0159\u00edle\u017eitost, tak tam jedu. Tak\u017ee i s m\u00fdm silni\u010dn\u00edm kolem jsem kolikr\u00e1t jel dost n\u00e1ro\u010dn\u00fd ter\u00e9n.<\/p>\n\n\n\n<blockquote class=\"wp-block-quote is-layout-flow wp-block-quote-is-layout-flow\"><p>Posledn\u00ed dobou jsou gravely na vzestupu a j\u00e1 jsem o n\u011bj tak\u00e9 dostal z\u00e1jem b\u011bhem m\u00e9 prvn\u00ed sch\u016fzky s Yahorem, obchodn\u00edm z\u00e1stupce Festky. Doporu\u010dil mi Rover s t\u00edm, \u017ee je to perfektn\u00ed hybrid.<\/p><\/blockquote>\n\n\n\n<p>S p\u0159edn\u00edm troj\u00faheln\u00edkem z jejich nejv\u00fdkon\u011bj\u0161\u00edch kol jako je Scalatore a Spectre, tak\u017ee velmi tvrd\u00fd. Troj\u00faheln\u00edk zadn\u00ed stavby orientovan\u00fd do Gravelu, tak\u017ee se tam daj\u00ed d\u00e1t i kola 650b. Kolo p\u0159\u00edmo pro m\u011b.<\/p><br>\n\n\n\n<figure class=\"wp-block-image size-large\"><img loading=\"lazy\" decoding=\"async\" width=\"1024\" height=\"576\" src=\"https:\/\/www.mzone.cz\/wp-content\/uploads\/2020\/10\/DJI_0198.00_01_13_00.Still063-1024x576.jpg\" alt=\"Dream Bike - Festka Rover\" class=\"wp-image-24859\" srcset=\"https:\/\/www.mzone.cz\/wp-content\/uploads\/2020\/10\/DJI_0198.00_01_13_00.Still063-1024x576.jpg 1024w, https:\/\/www.mzone.cz\/wp-content\/uploads\/2020\/10\/DJI_0198.00_01_13_00.Still063-300x169.jpg 300w, https:\/\/www.mzone.cz\/wp-content\/uploads\/2020\/10\/DJI_0198.00_01_13_00.Still063-768x432.jpg 768w, https:\/\/www.mzone.cz\/wp-content\/uploads\/2020\/10\/DJI_0198.00_01_13_00.Still063-1536x864.jpg 1536w, https:\/\/www.mzone.cz\/wp-content\/uploads\/2020\/10\/DJI_0198.00_01_13_00.Still063-2048x1152.jpg 2048w, https:\/\/www.mzone.cz\/wp-content\/uploads\/2020\/10\/DJI_0198.00_01_13_00.Still063-16x9.jpg 16w, https:\/\/www.mzone.cz\/wp-content\/uploads\/2020\/10\/DJI_0198.00_01_13_00.Still063-590x332.jpg 590w\" sizes=\"auto, (max-width: 1024px) 100vw, 1024px\" \/><\/figure><br>\n\n\n\n<p>Vybrali jsme Shimano Ultegra Di2 s 11-34 kazetou a 33-50 vep\u0159edu co\u017e je perfektn\u00ed kombinace na silnici i gravel. Po\u0159\u00eddil jsem si dva sety kol. Do gravelu jsem vybral Mavic Allroad Pro UST Disc 650b. A na silnici jsem si ud\u011blal radost a \u0161el jsem do setu Light weight Wegweiser EVO. Tak\u017ee, kdy\u017e nejezd\u00edm enduro traily, tak m\u00e1m z\u00e1bavn\u00e9 a versatiln\u00ed kolo, na kter\u00fdm si m\u016f\u017eu u\u017e\u00edt ka\u017ed\u00fd den.<\/p><br>\n\n\n\n<h4 class=\"has-vivid-red-color has-text-color wp-block-heading\"><strong>Kter\u00e1 \u010d\u00e1st dokumentu t\u011b bavila nat\u00e1\u010det nejv\u00edc?<\/strong><\/h4>\n\n\n\n<p>Bez pochyby testovac\u00ed j\u00edzda na konci. Nejen proto, \u017ee r\u00e1di nat\u00e1\u010d\u00edme ak\u010dn\u00ed z\u00e1b\u011bry, ale hlavn\u011b proto, \u017ee jsem mohl kone\u010dn\u011b vyzkou\u0161et m\u00e9 nov\u00e9 kolo!<\/p><br>\n\n\n\n<h4 class=\"has-vivid-red-color has-text-color wp-block-heading\">A <strong>kter\u00e1 \u010d\u00e1st byla nejn\u00e1ro\u010dn\u011bj\u0161\u00ed nat\u00e1\u010det?<\/strong><\/h4>\n\n\n\n<p>Bez pochyby ta ve v\u00fdrobn\u011b. Cht\u011bli jsme to ud\u011blat dostate\u010dn\u011b jednoduch\u00e9, aby to lidi neza\u010dalo nudit, ale z\u00e1rove\u0148 jsme necht\u011bli \u017e\u00e1dnou \u010d\u00e1st vynechat. Tuto \u010d\u00e1st jsme nat\u00e1\u010deli dvakr\u00e1t a vlo\u017eili jsme do n\u00ed nekone\u010dn\u00e9 hodiny editov\u00e1n\u00ed.<\/p><br>\n\n\n\n<figure class=\"wp-block-image size-large\"><img loading=\"lazy\" decoding=\"async\" width=\"1024\" height=\"576\" src=\"https:\/\/www.mzone.cz\/wp-content\/uploads\/2020\/10\/DJI_0198.00_01_28_00.Still092-1024x576.jpg\" alt=\"V\u00fdroba kola Festka na zak\u00e1zku\" class=\"wp-image-24864\" srcset=\"https:\/\/www.mzone.cz\/wp-content\/uploads\/2020\/10\/DJI_0198.00_01_28_00.Still092-1024x576.jpg 1024w, https:\/\/www.mzone.cz\/wp-content\/uploads\/2020\/10\/DJI_0198.00_01_28_00.Still092-300x169.jpg 300w, https:\/\/www.mzone.cz\/wp-content\/uploads\/2020\/10\/DJI_0198.00_01_28_00.Still092-768x432.jpg 768w, https:\/\/www.mzone.cz\/wp-content\/uploads\/2020\/10\/DJI_0198.00_01_28_00.Still092-1536x864.jpg 1536w, https:\/\/www.mzone.cz\/wp-content\/uploads\/2020\/10\/DJI_0198.00_01_28_00.Still092-2048x1152.jpg 2048w, https:\/\/www.mzone.cz\/wp-content\/uploads\/2020\/10\/DJI_0198.00_01_28_00.Still092-16x9.jpg 16w, https:\/\/www.mzone.cz\/wp-content\/uploads\/2020\/10\/DJI_0198.00_01_28_00.Still092-590x332.jpg 590w\" sizes=\"auto, (max-width: 1024px) 100vw, 1024px\" \/><\/figure><br>\n\n\n\n<h4 class=\"has-vivid-red-color has-text-color wp-block-heading\"><strong>Velmi n\u00e1s bavily ty \u010d\u00e1sti, kde byly tv\u00e9 d\u011bti. Hlavn\u011b v titulk\u00e1ch\/poka\u017een\u00fdch z\u00e1b\u011brech, kde tv\u016fj mlad\u0161\u00ed syn sabotuje posledn\u00ed z\u00e1b\u011br. \u0158ekni n\u00e1m o tom v\u00edce.<\/strong><\/h4>\n\n\n\n<p>J\u00e1 jsem jen oby\u010dejn\u00fd \u010dlov\u011bk, kter\u00fd miluje kola a kone\u010dn\u011b jsem m\u011bl mo\u017enost nechat si ud\u011blat jedno na m\u00edru. Tak\u017ee, stejn\u011b jako ka\u017ed\u00fd norm\u00e1ln\u00ed \u010dlov\u011bk, jsem musel p\u0159emluvit svou \u017eenu a tak jsem se na to t\u011b\u0161il, \u017ee jsem jim o tom neust\u00e1le vypr\u00e1v\u011bl. Vypr\u00e1v\u011bl jsem jim o tom tak moc, \u017ee m\u00e1m pocit, \u017ee se nakonec stalo rodinnou z\u00e1le\u017eitost\u00ed tak moc, \u017ee museli b\u00fdt sou\u010d\u00e1st\u00ed.<\/p><br>\n\n\n\n<h4 class=\"has-vivid-red-color has-text-color wp-block-heading\"><strong>Jak dlouho trvalo nato\u010dit dokument?<\/strong><\/h4>\n\n\n\n<p>Takov\u00e9 kolo, kter\u00e9 pro m\u011b Festka vyr\u00e1b\u011bla trv\u00e1 norm\u00e1ln\u011b p\u0159ibli\u017en\u011b 3 m\u011bs\u00edce. V m\u00e9m p\u0159\u00edpad\u011b byla v\u00fdroba trochu opo\u017ed\u011bna kv\u016fli Covidu. Hlavn\u011b kv\u016fli tomu, \u017ee n\u011bkter\u00e9 \u010d\u00e1sti mus\u00ed b\u00fdt p\u0159ivezeny z Francie a It\u00e1lie. Tak\u017ee to nakonec trvalo 5 m\u011bs\u00edc\u016f. Tak\u017ee nat\u00e1\u010den\u00ed trvalo 5 mes\u00edc\u016f plus 1 extra, kter\u00fd byl rozd\u011blen na nat\u00e1\u010den\u00ed posledn\u00edch z\u00e1b\u011br\u016f a postprodukci.<\/p><br>\n\n\n\n<h4 class=\"has-vivid-red-color has-text-color wp-block-heading\"><strong>Jak\u00e9 vybaven\u00ed jste pou\u017eili k nat\u00e1\u010den\u00ed?<\/strong><\/h4>\n\n\n\n<p>Za posledn\u00edch 10 let jsme se s t\u00fdmem nau\u010dili pracovat velmi minimalisticky, proto\u017ee jsme d\u011blali mnoho vide\u00ed pro a\u0161e klienty b\u011bhem toho, co oni jezdili v \u00fa\u017easn\u00fdch lokalit\u00e1ch jako Dolomity nebo Tosk\u00e1nsko. Trik, v t\u00e9hle velikosti produkce, je neru\u0161it klienty nat\u00e1\u010den\u00edm, proto\u017ee p\u0159eci jen jsou na dovolen\u00e9 a cht\u011bj\u00ed si u\u017e\u00edt cyklistiku. Tak\u017ee jsme pou\u017e\u00edvali vybaven\u00ed, kter\u00e9 je jednoduch\u00e9 na manipulaci a lze jej rychle p\u0159emis\u0165ovat. Nakonec jsme pou\u017eili velmi podobn\u00e9 vybaven\u00ed i p\u0159i v\u011bt\u0161\u00ed produkci. 90 procent videa je nat\u00e1\u010deno na Panasonic Lumix GH5 s Canon, Sigma a Lumix objektivy, podle situace Manfrotto stativ nebo gimbal DJI Ronin, Rode mikrofon pro rozhovory, Tascam recorder pro cestovn\u00ed z\u00e1znam zvuk\u016f a Zoom Podtrak P4.<\/p><br>\n\n\n\n<p><strong>Na cel\u00e9 video o vzniku Festky se m\u016f\u017eete pod\u00edvat zde:<\/strong><\/p>\n\n\n\n<figure class=\"wp-block-embed-youtube wp-block-embed is-type-video is-provider-youtube wp-embed-aspect-16-9 wp-has-aspect-ratio\"><div class=\"wp-block-embed__wrapper\">\n<iframe loading=\"lazy\" title=\"Dream Bike  | A documentary about making a Festka Rover custom bike (ENG, CZ and IT subtitles).\" width=\"600\" height=\"338\" src=\"https:\/\/www.youtube.com\/embed\/k--KvuNxG14?feature=oembed\" frameborder=\"0\" allow=\"accelerometer; autoplay; clipboard-write; encrypted-media; gyroscope; picture-in-picture; web-share\" referrerpolicy=\"strict-origin-when-cross-origin\" allowfullscreen><\/iframe>\n<\/div><\/figure><br>\n\n\n\n<h4 class=\"has-vivid-red-color has-text-color wp-block-heading\"><strong>Jak to zat\u00edm jde s nov\u00fdm kolem?<\/strong><\/h4>\n\n\n\n<p>Miluju ho. D\u011blal jsem n\u011bkolik bikepackov\u00fdch v\u00fdlet\u016f p\u0159i nat\u00e1\u010den\u00ed vide\u00ed pro projekt <a href=\"http:\/\/www.ceskookolo.cz\/\">\u010cesko Okolo<\/a>, tak\u017ee kolo bylo docela nalo\u017een\u00e9 vybaven\u00edm na nat\u00e1\u010den\u00ed a kempov\u00e1n\u00ed a st\u00e1le m\u011blo skv\u011bl\u00fd v\u00fdkon a se silni\u010dn\u00edma kolama jsem p\u0159ekonal v\u0161echny m\u00e9 p\u0159edchoz\u00ed segmenty na Strav\u011b.<\/p><br>\n\n\n\n<h4 class=\"has-vivid-red-color has-text-color wp-block-heading\"><strong>Jak\u00fd je tv\u016fj dal\u0161\u00ed projekt?<\/strong><\/h4>\n\n\n\n<p>Je\u0161t\u011b si nejsem jist\u00fd. Minul\u00fd rok jsem zkusil keto dietu a <em>intermittent fasting<\/em> a hodn\u011b mi to prosp\u011blo jak v cyklistice tak i v norm\u00e1ln\u00edm \u017eivot\u011b. Mo\u017en\u00e1 zkus\u00edm n\u011bco podobn\u00e9ho. Tak\u00e9 se mi moc l\u00edb\u00ed cyklistick\u00e1 sc\u00e9na v Praze, m\u00e1 spoustu dimenz\u00ed. Uvid\u00edme. Nikdy na to netla\u010d\u00edm, inspirace se v\u017edy objev\u00ed.<\/p><br>\n\n\n\n<div class=\"wp-block-media-text alignwide is-stacked-on-mobile is-vertically-aligned-top\" style=\"grid-template-columns:24% auto\"><figure class=\"wp-block-media-text__media\"><a href=\"https:\/\/www.mzone.cz\/slavia-versus-festka-scalatore\/\"><img loading=\"lazy\" decoding=\"async\" width=\"1024\" height=\"682\" src=\"https:\/\/www.mzone.cz\/wp-content\/uploads\/2020\/03\/slavie-versus-festka-1024x682.jpg\" alt=\"\" class=\"wp-image-16780\" srcset=\"https:\/\/www.mzone.cz\/wp-content\/uploads\/2020\/03\/slavie-versus-festka-1024x682.jpg 1024w, https:\/\/www.mzone.cz\/wp-content\/uploads\/2020\/03\/slavie-versus-festka-300x200.jpg 300w, https:\/\/www.mzone.cz\/wp-content\/uploads\/2020\/03\/slavie-versus-festka-768x512.jpg 768w, https:\/\/www.mzone.cz\/wp-content\/uploads\/2020\/03\/slavie-versus-festka-1536x1024.jpg 1536w, https:\/\/www.mzone.cz\/wp-content\/uploads\/2020\/03\/slavie-versus-festka-800x533.jpg 800w, https:\/\/www.mzone.cz\/wp-content\/uploads\/2020\/03\/slavie-versus-festka-400x267.jpg 400w, https:\/\/www.mzone.cz\/wp-content\/uploads\/2020\/03\/slavie-versus-festka-500x333.jpg 500w, https:\/\/www.mzone.cz\/wp-content\/uploads\/2020\/03\/slavie-versus-festka-1170x780.jpg 1170w, https:\/\/www.mzone.cz\/wp-content\/uploads\/2020\/03\/slavie-versus-festka-590x393.jpg 590w, https:\/\/www.mzone.cz\/wp-content\/uploads\/2020\/03\/slavie-versus-festka.jpg 1631w\" sizes=\"auto, (max-width: 1024px) 100vw, 1024px\" \/><\/a><\/figure><div class=\"wp-block-media-text__content\">\n<h4><a href=\"https:\/\/www.mzone.cz\/slavia-versus-festka-scalatore\/\">Slavia versus Festka Scalatore: 120 let cyklistick\u00e9 evoluce<\/a><\/h4><br>\n<\/div><\/div>","protected":false},"excerpt":{"rendered":"<p>Cyklista Filippo Mari se krom\u011b je\u017ed\u011bn\u00ed na kole v\u011bnuje tak\u00e9 nat\u00e1\u010den\u00ed vide\u00ed. Jeho posledn\u00ed po\u010din s n\u00e1zvem Dream Bike nahl\u00ed\u017e\u00ed pod pokli\u010dku v\u00fdroby stylov\u00e9ho j\u00edzdn\u00edho kola na m\u00edru. A to kolo nen\u00ed jen tak ledajak\u00e9 \u2013 jedn\u00e1 se o legend\u00e1rn\u00ed Festku v modern\u00edm pojet\u00ed! Filippo si ka\u017ed\u00fd rok vybere jeden projekt, o kter\u00e9m si mysl\u00ed, [&hellip;]<\/p>\n","protected":false},"author":4,"featured_media":24843,"comment_status":"open","ping_status":"closed","sticky":false,"template":"","format":"standard","meta":{"kk_blocks_editor_width":"","_kiokenblocks_attr":"","_kiokenblocks_dimensions":"","footnotes":""},"categories":[73,71,80,30],"tags":[1952,4241,1950,4227,2977,4242,3287,4243,541,1953,31,4240,37,42,534,1280,36,622,2519],"class_list":["post-24842","post","type-post","status-publish","format-standard","has-post-thumbnail","hentry","category-filmy","category-kultura","category-sport","category-video","tag-cyklista","tag-cyklisticka-videa","tag-cyklistika","tag-dobrodruh","tag-dokument","tag-dream-bike","tag-festka","tag-filippo-mari","tag-film","tag-kolo","tag-kultura","tag-nadsenec","tag-rozhovor","tag-sport","tag-sportovec","tag-videa","tag-video","tag-vyroba","tag-vznik"],"yoast_head":"<!-- This site is optimized with the Yoast SEO plugin v27.5 - https:\/\/yoast.com\/product\/yoast-seo-wordpress\/ -->\n<title>Dream Bike: Cyklistick\u00fd nad\u0161enec krom\u011b je\u017ed\u011bn\u00ed nat\u00e1\u010d\u00ed i \u00fachvatn\u00e1 videa - Mzone<\/title>\n<meta name=\"description\" content=\"Cyklista Filippo Mari se krom\u011b je\u017ed\u011bn\u00ed na kole v\u011bnuje tak\u00e9 nat\u00e1\u010den\u00ed vide\u00ed. Jeho posledn\u00ed po\u010din s n\u00e1zvem Dream Bike nahl\u00ed\u017e\u00ed pod pokli\u010dku v\u00fdroby stylov\u00e9ho j\u00edzdn\u00edho kola na m\u00edru.\" \/>\n<meta name=\"robots\" content=\"index, follow, max-snippet:-1, max-image-preview:large, max-video-preview:-1\" \/>\n<link rel=\"canonical\" href=\"https:\/\/www.mzone.cz\/en\/dream-bike-cyklisticky-nadsenec-nataci-uchvatna-videa\/\" \/>\n<meta property=\"og:locale\" content=\"en_US\" \/>\n<meta property=\"og:type\" content=\"article\" \/>\n<meta property=\"og:title\" content=\"Dream Bike: Cyklistick\u00fd nad\u0161enec krom\u011b je\u017ed\u011bn\u00ed nat\u00e1\u010d\u00ed i \u00fachvatn\u00e1 videa - Mzone\" \/>\n<meta property=\"og:description\" content=\"Cyklista Filippo Mari se krom\u011b je\u017ed\u011bn\u00ed na kole v\u011bnuje tak\u00e9 nat\u00e1\u010den\u00ed vide\u00ed. Jeho posledn\u00ed po\u010din s n\u00e1zvem Dream Bike nahl\u00ed\u017e\u00ed pod pokli\u010dku v\u00fdroby stylov\u00e9ho j\u00edzdn\u00edho kola na m\u00edru.\" \/>\n<meta property=\"og:url\" content=\"https:\/\/www.mzone.cz\/en\/dream-bike-cyklisticky-nadsenec-nataci-uchvatna-videa\/\" \/>\n<meta property=\"og:site_name\" content=\"Mzone\" \/>\n<meta property=\"article:publisher\" content=\"https:\/\/www.facebook.com\/MzoneCZ\/\" \/>\n<meta property=\"article:published_time\" content=\"2020-11-13T04:00:00+00:00\" \/>\n<meta property=\"og:image\" content=\"https:\/\/www.mzone.cz\/wp-content\/uploads\/2020\/10\/Dream-Bike-scaled.jpg\" \/>\n\t<meta property=\"og:image:width\" content=\"2560\" \/>\n\t<meta property=\"og:image:height\" content=\"1706\" \/>\n\t<meta property=\"og:image:type\" content=\"image\/jpeg\" \/>\n<meta name=\"author\" content=\"Mzone\" \/>\n<meta name=\"twitter:card\" content=\"summary_large_image\" \/>\n<meta name=\"twitter:label1\" content=\"Written by\" \/>\n\t<meta name=\"twitter:data1\" content=\"Mzone\" \/>\n\t<meta name=\"twitter:label2\" content=\"Est. reading time\" \/>\n\t<meta name=\"twitter:data2\" content=\"9 minutes\" \/>\n<script type=\"application\/ld+json\" class=\"yoast-schema-graph\">{\"@context\":\"https:\\\/\\\/schema.org\",\"@graph\":[{\"@type\":\"Article\",\"@id\":\"https:\\\/\\\/www.mzone.cz\\\/dream-bike-cyklisticky-nadsenec-nataci-uchvatna-videa\\\/#article\",\"isPartOf\":{\"@id\":\"https:\\\/\\\/www.mzone.cz\\\/dream-bike-cyklisticky-nadsenec-nataci-uchvatna-videa\\\/\"},\"author\":{\"name\":\"Mzone\",\"@id\":\"https:\\\/\\\/www.mzone.cz\\\/#\\\/schema\\\/person\\\/9bc20cc422a99cac4af6ff9297da32d4\"},\"headline\":\"Dream Bike: Cyklistick\u00fd nad\u0161enec krom\u011b je\u017ed\u011bn\u00ed nat\u00e1\u010d\u00ed i \u00fachvatn\u00e1 videa\",\"datePublished\":\"2020-11-13T04:00:00+00:00\",\"mainEntityOfPage\":{\"@id\":\"https:\\\/\\\/www.mzone.cz\\\/dream-bike-cyklisticky-nadsenec-nataci-uchvatna-videa\\\/\"},\"wordCount\":1826,\"commentCount\":0,\"image\":{\"@id\":\"https:\\\/\\\/www.mzone.cz\\\/dream-bike-cyklisticky-nadsenec-nataci-uchvatna-videa\\\/#primaryimage\"},\"thumbnailUrl\":\"https:\\\/\\\/www.mzone.cz\\\/wp-content\\\/uploads\\\/2020\\\/10\\\/Dream-Bike-scaled.jpg\",\"keywords\":[\"cyklista\",\"cyklistick\u00e1 videa\",\"cyklistika\",\"dobrodruh\",\"dokument\",\"Dream Bike\",\"Festka\",\"Filippo Mari\",\"film\",\"kolo\",\"Kultura\",\"nad\u0161enec\",\"Rozhovor\",\"Sport\",\"sportovec\",\"videa\",\"Video\",\"v\u00fdroba\",\"vznik\"],\"articleSection\":[\"Filmy\",\"Kultura\",\"Sport\",\"Video\"],\"inLanguage\":\"en-US\",\"potentialAction\":[{\"@type\":\"CommentAction\",\"name\":\"Comment\",\"target\":[\"https:\\\/\\\/www.mzone.cz\\\/dream-bike-cyklisticky-nadsenec-nataci-uchvatna-videa\\\/#respond\"]}]},{\"@type\":\"WebPage\",\"@id\":\"https:\\\/\\\/www.mzone.cz\\\/dream-bike-cyklisticky-nadsenec-nataci-uchvatna-videa\\\/\",\"url\":\"https:\\\/\\\/www.mzone.cz\\\/dream-bike-cyklisticky-nadsenec-nataci-uchvatna-videa\\\/\",\"name\":\"Dream Bike: Cyklistick\u00fd nad\u0161enec krom\u011b je\u017ed\u011bn\u00ed nat\u00e1\u010d\u00ed i \u00fachvatn\u00e1 videa - Mzone\",\"isPartOf\":{\"@id\":\"https:\\\/\\\/www.mzone.cz\\\/#website\"},\"primaryImageOfPage\":{\"@id\":\"https:\\\/\\\/www.mzone.cz\\\/dream-bike-cyklisticky-nadsenec-nataci-uchvatna-videa\\\/#primaryimage\"},\"image\":{\"@id\":\"https:\\\/\\\/www.mzone.cz\\\/dream-bike-cyklisticky-nadsenec-nataci-uchvatna-videa\\\/#primaryimage\"},\"thumbnailUrl\":\"https:\\\/\\\/www.mzone.cz\\\/wp-content\\\/uploads\\\/2020\\\/10\\\/Dream-Bike-scaled.jpg\",\"datePublished\":\"2020-11-13T04:00:00+00:00\",\"author\":{\"@id\":\"https:\\\/\\\/www.mzone.cz\\\/#\\\/schema\\\/person\\\/9bc20cc422a99cac4af6ff9297da32d4\"},\"description\":\"Cyklista Filippo Mari se krom\u011b je\u017ed\u011bn\u00ed na kole v\u011bnuje tak\u00e9 nat\u00e1\u010den\u00ed vide\u00ed. Jeho posledn\u00ed po\u010din s n\u00e1zvem Dream Bike nahl\u00ed\u017e\u00ed pod pokli\u010dku v\u00fdroby stylov\u00e9ho j\u00edzdn\u00edho kola na m\u00edru.\",\"breadcrumb\":{\"@id\":\"https:\\\/\\\/www.mzone.cz\\\/dream-bike-cyklisticky-nadsenec-nataci-uchvatna-videa\\\/#breadcrumb\"},\"inLanguage\":\"en-US\",\"potentialAction\":[{\"@type\":\"ReadAction\",\"target\":[\"https:\\\/\\\/www.mzone.cz\\\/dream-bike-cyklisticky-nadsenec-nataci-uchvatna-videa\\\/\"]}]},{\"@type\":\"ImageObject\",\"inLanguage\":\"en-US\",\"@id\":\"https:\\\/\\\/www.mzone.cz\\\/dream-bike-cyklisticky-nadsenec-nataci-uchvatna-videa\\\/#primaryimage\",\"url\":\"https:\\\/\\\/www.mzone.cz\\\/wp-content\\\/uploads\\\/2020\\\/10\\\/Dream-Bike-scaled.jpg\",\"contentUrl\":\"https:\\\/\\\/www.mzone.cz\\\/wp-content\\\/uploads\\\/2020\\\/10\\\/Dream-Bike-scaled.jpg\",\"width\":2560,\"height\":1706,\"caption\":\"Dream Bike\"},{\"@type\":\"BreadcrumbList\",\"@id\":\"https:\\\/\\\/www.mzone.cz\\\/dream-bike-cyklisticky-nadsenec-nataci-uchvatna-videa\\\/#breadcrumb\",\"itemListElement\":[{\"@type\":\"ListItem\",\"position\":1,\"name\":\"Dom\u016f\",\"item\":\"https:\\\/\\\/www.mzone.cz\\\/\"},{\"@type\":\"ListItem\",\"position\":2,\"name\":\"Dream Bike: Cyklistick\u00fd nad\u0161enec krom\u011b je\u017ed\u011bn\u00ed nat\u00e1\u010d\u00ed i \u00fachvatn\u00e1 videa\"}]},{\"@type\":\"WebSite\",\"@id\":\"https:\\\/\\\/www.mzone.cz\\\/#website\",\"url\":\"https:\\\/\\\/www.mzone.cz\\\/\",\"name\":\"Mzone\",\"description\":\"Magaz\u00edn nejen pro mu\u017ee\",\"potentialAction\":[{\"@type\":\"SearchAction\",\"target\":{\"@type\":\"EntryPoint\",\"urlTemplate\":\"https:\\\/\\\/www.mzone.cz\\\/?s={search_term_string}\"},\"query-input\":{\"@type\":\"PropertyValueSpecification\",\"valueRequired\":true,\"valueName\":\"search_term_string\"}}],\"inLanguage\":\"en-US\"},{\"@type\":\"Person\",\"@id\":\"https:\\\/\\\/www.mzone.cz\\\/#\\\/schema\\\/person\\\/9bc20cc422a99cac4af6ff9297da32d4\",\"name\":\"Mzone\",\"image\":{\"@type\":\"ImageObject\",\"inLanguage\":\"en-US\",\"@id\":\"https:\\\/\\\/secure.gravatar.com\\\/avatar\\\/e780a8630f3182a3d06dd667ab6bea151a0d155b0951bc15fe22633acdac0676?s=96&d=mm&r=g\",\"url\":\"https:\\\/\\\/secure.gravatar.com\\\/avatar\\\/e780a8630f3182a3d06dd667ab6bea151a0d155b0951bc15fe22633acdac0676?s=96&d=mm&r=g\",\"contentUrl\":\"https:\\\/\\\/secure.gravatar.com\\\/avatar\\\/e780a8630f3182a3d06dd667ab6bea151a0d155b0951bc15fe22633acdac0676?s=96&d=mm&r=g\",\"caption\":\"Mzone\"},\"url\":\"https:\\\/\\\/www.mzone.cz\\\/en\\\/author\\\/jakub\\\/\"}]}<\/script>\n<!-- \/ Yoast SEO plugin. -->","yoast_head_json":{"title":"Dream Bike: Cyklistick\u00fd nad\u0161enec krom\u011b je\u017ed\u011bn\u00ed nat\u00e1\u010d\u00ed i \u00fachvatn\u00e1 videa - Mzone","description":"Cyklista Filippo Mari se krom\u011b je\u017ed\u011bn\u00ed na kole v\u011bnuje tak\u00e9 nat\u00e1\u010den\u00ed vide\u00ed. Jeho posledn\u00ed po\u010din s n\u00e1zvem Dream Bike nahl\u00ed\u017e\u00ed pod pokli\u010dku v\u00fdroby stylov\u00e9ho j\u00edzdn\u00edho kola na m\u00edru.","robots":{"index":"index","follow":"follow","max-snippet":"max-snippet:-1","max-image-preview":"max-image-preview:large","max-video-preview":"max-video-preview:-1"},"canonical":"https:\/\/www.mzone.cz\/en\/dream-bike-cyklisticky-nadsenec-nataci-uchvatna-videa\/","og_locale":"en_US","og_type":"article","og_title":"Dream Bike: Cyklistick\u00fd nad\u0161enec krom\u011b je\u017ed\u011bn\u00ed nat\u00e1\u010d\u00ed i \u00fachvatn\u00e1 videa - Mzone","og_description":"Cyklista Filippo Mari se krom\u011b je\u017ed\u011bn\u00ed na kole v\u011bnuje tak\u00e9 nat\u00e1\u010den\u00ed vide\u00ed. Jeho posledn\u00ed po\u010din s n\u00e1zvem Dream Bike nahl\u00ed\u017e\u00ed pod pokli\u010dku v\u00fdroby stylov\u00e9ho j\u00edzdn\u00edho kola na m\u00edru.","og_url":"https:\/\/www.mzone.cz\/en\/dream-bike-cyklisticky-nadsenec-nataci-uchvatna-videa\/","og_site_name":"Mzone","article_publisher":"https:\/\/www.facebook.com\/MzoneCZ\/","article_published_time":"2020-11-13T04:00:00+00:00","og_image":[{"width":2560,"height":1706,"url":"https:\/\/www.mzone.cz\/wp-content\/uploads\/2020\/10\/Dream-Bike-scaled.jpg","type":"image\/jpeg"}],"author":"Mzone","twitter_card":"summary_large_image","twitter_misc":{"Written by":"Mzone","Est. reading time":"9 minutes"},"schema":{"@context":"https:\/\/schema.org","@graph":[{"@type":"Article","@id":"https:\/\/www.mzone.cz\/dream-bike-cyklisticky-nadsenec-nataci-uchvatna-videa\/#article","isPartOf":{"@id":"https:\/\/www.mzone.cz\/dream-bike-cyklisticky-nadsenec-nataci-uchvatna-videa\/"},"author":{"name":"Mzone","@id":"https:\/\/www.mzone.cz\/#\/schema\/person\/9bc20cc422a99cac4af6ff9297da32d4"},"headline":"Dream Bike: Cyklistick\u00fd nad\u0161enec krom\u011b je\u017ed\u011bn\u00ed nat\u00e1\u010d\u00ed i \u00fachvatn\u00e1 videa","datePublished":"2020-11-13T04:00:00+00:00","mainEntityOfPage":{"@id":"https:\/\/www.mzone.cz\/dream-bike-cyklisticky-nadsenec-nataci-uchvatna-videa\/"},"wordCount":1826,"commentCount":0,"image":{"@id":"https:\/\/www.mzone.cz\/dream-bike-cyklisticky-nadsenec-nataci-uchvatna-videa\/#primaryimage"},"thumbnailUrl":"https:\/\/www.mzone.cz\/wp-content\/uploads\/2020\/10\/Dream-Bike-scaled.jpg","keywords":["cyklista","cyklistick\u00e1 videa","cyklistika","dobrodruh","dokument","Dream Bike","Festka","Filippo Mari","film","kolo","Kultura","nad\u0161enec","Rozhovor","Sport","sportovec","videa","Video","v\u00fdroba","vznik"],"articleSection":["Filmy","Kultura","Sport","Video"],"inLanguage":"en-US","potentialAction":[{"@type":"CommentAction","name":"Comment","target":["https:\/\/www.mzone.cz\/dream-bike-cyklisticky-nadsenec-nataci-uchvatna-videa\/#respond"]}]},{"@type":"WebPage","@id":"https:\/\/www.mzone.cz\/dream-bike-cyklisticky-nadsenec-nataci-uchvatna-videa\/","url":"https:\/\/www.mzone.cz\/dream-bike-cyklisticky-nadsenec-nataci-uchvatna-videa\/","name":"Dream Bike: Cyklistick\u00fd nad\u0161enec krom\u011b je\u017ed\u011bn\u00ed nat\u00e1\u010d\u00ed i \u00fachvatn\u00e1 videa - Mzone","isPartOf":{"@id":"https:\/\/www.mzone.cz\/#website"},"primaryImageOfPage":{"@id":"https:\/\/www.mzone.cz\/dream-bike-cyklisticky-nadsenec-nataci-uchvatna-videa\/#primaryimage"},"image":{"@id":"https:\/\/www.mzone.cz\/dream-bike-cyklisticky-nadsenec-nataci-uchvatna-videa\/#primaryimage"},"thumbnailUrl":"https:\/\/www.mzone.cz\/wp-content\/uploads\/2020\/10\/Dream-Bike-scaled.jpg","datePublished":"2020-11-13T04:00:00+00:00","author":{"@id":"https:\/\/www.mzone.cz\/#\/schema\/person\/9bc20cc422a99cac4af6ff9297da32d4"},"description":"Cyklista Filippo Mari se krom\u011b je\u017ed\u011bn\u00ed na kole v\u011bnuje tak\u00e9 nat\u00e1\u010den\u00ed vide\u00ed. Jeho posledn\u00ed po\u010din s n\u00e1zvem Dream Bike nahl\u00ed\u017e\u00ed pod pokli\u010dku v\u00fdroby stylov\u00e9ho j\u00edzdn\u00edho kola na m\u00edru.","breadcrumb":{"@id":"https:\/\/www.mzone.cz\/dream-bike-cyklisticky-nadsenec-nataci-uchvatna-videa\/#breadcrumb"},"inLanguage":"en-US","potentialAction":[{"@type":"ReadAction","target":["https:\/\/www.mzone.cz\/dream-bike-cyklisticky-nadsenec-nataci-uchvatna-videa\/"]}]},{"@type":"ImageObject","inLanguage":"en-US","@id":"https:\/\/www.mzone.cz\/dream-bike-cyklisticky-nadsenec-nataci-uchvatna-videa\/#primaryimage","url":"https:\/\/www.mzone.cz\/wp-content\/uploads\/2020\/10\/Dream-Bike-scaled.jpg","contentUrl":"https:\/\/www.mzone.cz\/wp-content\/uploads\/2020\/10\/Dream-Bike-scaled.jpg","width":2560,"height":1706,"caption":"Dream Bike"},{"@type":"BreadcrumbList","@id":"https:\/\/www.mzone.cz\/dream-bike-cyklisticky-nadsenec-nataci-uchvatna-videa\/#breadcrumb","itemListElement":[{"@type":"ListItem","position":1,"name":"Dom\u016f","item":"https:\/\/www.mzone.cz\/"},{"@type":"ListItem","position":2,"name":"Dream Bike: Cyklistick\u00fd nad\u0161enec krom\u011b je\u017ed\u011bn\u00ed nat\u00e1\u010d\u00ed i \u00fachvatn\u00e1 videa"}]},{"@type":"WebSite","@id":"https:\/\/www.mzone.cz\/#website","url":"https:\/\/www.mzone.cz\/","name":"Mzone","description":"Magaz\u00edn nejen pro mu\u017ee","potentialAction":[{"@type":"SearchAction","target":{"@type":"EntryPoint","urlTemplate":"https:\/\/www.mzone.cz\/?s={search_term_string}"},"query-input":{"@type":"PropertyValueSpecification","valueRequired":true,"valueName":"search_term_string"}}],"inLanguage":"en-US"},{"@type":"Person","@id":"https:\/\/www.mzone.cz\/#\/schema\/person\/9bc20cc422a99cac4af6ff9297da32d4","name":"Mzone","image":{"@type":"ImageObject","inLanguage":"en-US","@id":"https:\/\/secure.gravatar.com\/avatar\/e780a8630f3182a3d06dd667ab6bea151a0d155b0951bc15fe22633acdac0676?s=96&d=mm&r=g","url":"https:\/\/secure.gravatar.com\/avatar\/e780a8630f3182a3d06dd667ab6bea151a0d155b0951bc15fe22633acdac0676?s=96&d=mm&r=g","contentUrl":"https:\/\/secure.gravatar.com\/avatar\/e780a8630f3182a3d06dd667ab6bea151a0d155b0951bc15fe22633acdac0676?s=96&d=mm&r=g","caption":"Mzone"},"url":"https:\/\/www.mzone.cz\/en\/author\/jakub\/"}]}},"_links":{"self":[{"href":"https:\/\/www.mzone.cz\/en\/wp-json\/wp\/v2\/posts\/24842","targetHints":{"allow":["GET"]}}],"collection":[{"href":"https:\/\/www.mzone.cz\/en\/wp-json\/wp\/v2\/posts"}],"about":[{"href":"https:\/\/www.mzone.cz\/en\/wp-json\/wp\/v2\/types\/post"}],"author":[{"embeddable":true,"href":"https:\/\/www.mzone.cz\/en\/wp-json\/wp\/v2\/users\/4"}],"replies":[{"embeddable":true,"href":"https:\/\/www.mzone.cz\/en\/wp-json\/wp\/v2\/comments?post=24842"}],"version-history":[{"count":21,"href":"https:\/\/www.mzone.cz\/en\/wp-json\/wp\/v2\/posts\/24842\/revisions"}],"predecessor-version":[{"id":25756,"href":"https:\/\/www.mzone.cz\/en\/wp-json\/wp\/v2\/posts\/24842\/revisions\/25756"}],"wp:featuredmedia":[{"embeddable":true,"href":"https:\/\/www.mzone.cz\/en\/wp-json\/wp\/v2\/media\/24843"}],"wp:attachment":[{"href":"https:\/\/www.mzone.cz\/en\/wp-json\/wp\/v2\/media?parent=24842"}],"wp:term":[{"taxonomy":"category","embeddable":true,"href":"https:\/\/www.mzone.cz\/en\/wp-json\/wp\/v2\/categories?post=24842"},{"taxonomy":"post_tag","embeddable":true,"href":"https:\/\/www.mzone.cz\/en\/wp-json\/wp\/v2\/tags?post=24842"}],"curies":[{"name":"wp","href":"https:\/\/api.w.org\/{rel}","templated":true}]}}