{"id":24876,"date":"2020-10-14T05:00:27","date_gmt":"2020-10-14T03:00:27","guid":{"rendered":"https:\/\/www.mzone.cz\/?p=24876"},"modified":"2020-10-13T12:41:19","modified_gmt":"2020-10-13T10:41:19","slug":"sarlatan-vyrazi-do-boje-o-oscara","status":"publish","type":"post","link":"https:\/\/www.mzone.cz\/en\/sarlatan-vyrazi-do-boje-o-oscara\/","title":{"rendered":"Do boje o Oscara vyraz\u00ed i \u010desk\u00fd film \u0160arlat\u00e1n"},"content":{"rendered":"<p><strong>\u010cesk\u00e1 filmov\u00e1 a televizn\u00ed akademie, kter\u00e1 stoj\u00ed za ud\u00edlen\u00edm cen \u010cesk\u00fd lev, ka\u017edoro\u010dn\u011b vyb\u00edr\u00e1 i kandid\u00e1ta na Oscara za \u010ceskou republiku. Letos do boje o nejpresti\u017en\u011bj\u0161\u00ed filmovou cenu vys\u00edl\u00e1 drama \u0160arlat\u00e1n.<\/strong><\/p><br>\n\n\n\n<p>Sv\u016fj posledn\u00ed sn\u00edmek, inspirovan\u00fd skute\u010dn\u00fdmi osudy l\u00e9\u010ditele Jana Mikol\u00e1\u0161ka, nato\u010dila re\u017eis\u00e9rka Agnieszka Holland podle sc\u00e9n\u00e1\u0159e Marka Epsteina a do hlavn\u00ed role obsadila Ivana Trojana a jeho syna Josefa Trojana. Film byl uveden v premi\u00e9\u0159e na leto\u0161n\u00edm 70. ro\u010dn\u00edku Berl\u00ednsk\u00e9ho mezin\u00e1rodn\u00edho filmov\u00e9ho festivalu \u2013 Berlinale.&nbsp;<\/p>\n\n\n\n<blockquote class=\"wp-block-quote is-layout-flow wp-block-quote-is-layout-flow\"><p>Slavnostn\u00ed ceremoni\u00e1l v po\u0159ad\u00ed 93. ro\u010dn\u00edku cen americk\u00e9 Akademie filmov\u00e9ho um\u011bn\u00ed a v\u011bd se uskute\u010dn\u00ed 25. dubna 2021 v Los Angeles.<\/p><\/blockquote>\n\n\n\n<p>Akademici v leto\u0161n\u00edm roce vyb\u00edrali z 10 \u010desk\u00fdch hran\u00fdch a dokument\u00e1rn\u00edch film\u016f, p\u0159ihl\u00e1\u0161en\u00fdch jejich producenty. Hlasov\u00e1n\u00ed prob\u00edhalo od 1. do 11. \u0159\u00edjna 2020.<\/p><br>\n\n\n\n<p>Film \u0160arlat\u00e1n vznikl v \u010desko-irsko-polsko-slovensk\u00e9 koprodukci a nab\u00edz\u00ed strhuj\u00edc\u00ed \u017eivotopisn\u00e9 drama v\u00fdjime\u010dn\u00e9ho mu\u017ee obda\u0159en\u00e9ho l\u00e9\u010ditelsk\u00fdmi schopnostmi na pozad\u00ed dobov\u00fdch ud\u00e1lost\u00ed. P\u0159\u00edb\u011bh je inspirov\u00e1n skute\u010dn\u00fdmi osudy <a href=\"https:\/\/cs.wikipedia.org\/wiki\/Jan_Mikol\u00e1\u0161ek\" target=\"_blank\" rel=\"noreferrer noopener\">l\u00e9\u010ditele Jana Mikol\u00e1\u0161ka<\/a>, na kter\u00e9ho se v pr\u016fb\u011bhu n\u011bkolika desetilet\u00ed obracely s prosbou o pomoc tis\u00edce lid\u00ed ze v\u0161ech spole\u010densk\u00fdch vrstev v\u010detn\u011b nejv\u00fdznamn\u011bj\u0161\u00edch osobnost\u00ed politick\u00e9ho i kulturn\u00edho \u017eivota.<\/p><br>\n\n\n\n<p>Mikol\u00e1\u0161ek je \u010dlov\u011bk bez odborn\u00e9ho l\u00e9ka\u0159sk\u00e9ho vzd\u011bl\u00e1n\u00ed, ale s nev\u0161edn\u00edm a nevysv\u011btliteln\u00fdm nad\u00e1n\u00edm diagnostikovat a pomoc\u00ed bylinek l\u00e9\u010dit nemoci, se kter\u00fdmi si ani dokto\u0159i nev\u011bd\u00ed rady. Jeho mimo\u0159\u00e1dn\u00e9 schopnosti jsou v\u0161ak vykoupeny bojem s vlastn\u00edmi d\u00e9mony. L\u00e9\u010ditelstv\u00ed je jeho vnit\u0159n\u00ed sp\u00e1sou a ochranou p\u0159ed sebou sam\u00fdm\u2026<\/p>\n\n\n\n<blockquote class=\"wp-block-quote is-layout-flow wp-block-quote-is-layout-flow\"><p>\u201eBylo mi pot\u011b\u0161en\u00edm a ct\u00ed po Ho\u0159\u00edc\u00edm ke\u0159i to\u010dit op\u011bt v \u010cesku, kter\u00e9 je m\u00e9mu srdci nejbli\u017e\u0161\u00ed,\u201c \u0159\u00edk\u00e1 re\u017eis\u00e9rka Agnieszka Holland.<\/p><\/blockquote>\n\n\n\n<p>Ta po boku Ivana a Josefa Trojanov\u00fdch obsadila nap\u0159\u00edklad herce Juraje Loje, Jaroslavu Pokornou, Martina My\u0161i\u010dku, Miroslava Hanu\u0161e, Ji\u0159\u00edho \u010cern\u00e9ho, Tom\u00e1\u0161e Je\u0159\u00e1bka nebo Jana Buda\u0159e. Film nese rukopis kameramana Martina \u0160trby a kost\u00fdmn\u00ed v\u00fdtvarnice Katar\u00edny \u0160trbov\u00e9-Bielikov\u00e9.<\/p><br>\n\n\n\n<p><strong>Na trailer k filmu se m\u016f\u017eete pod\u00edvat zde:<\/strong><\/p>\n\n\n\n<figure class=\"wp-block-embed-youtube wp-block-embed is-type-video is-provider-youtube wp-embed-aspect-16-9 wp-has-aspect-ratio\"><div class=\"wp-block-embed__wrapper\">\n<iframe loading=\"lazy\" title=\"\u0160arlat\u00e1n (2020) ofici\u00e1ln\u00ed trailer\" width=\"600\" height=\"338\" src=\"https:\/\/www.youtube.com\/embed\/r8a3eJR4Tjs?feature=oembed\" frameborder=\"0\" allow=\"accelerometer; autoplay; clipboard-write; encrypted-media; gyroscope; picture-in-picture; web-share\" referrerpolicy=\"strict-origin-when-cross-origin\" allowfullscreen><\/iframe>\n<\/div><\/figure><br>\n\n\n\n<p>P\u0159edn\u00ed polsk\u00e1 re\u017eis\u00e9rka a scen\u00e1ristka Agnieszka Holland je absolventkou pra\u017esk\u00e9 FAMU. V roce 2017 z\u00edskala na Berlinale St\u0159\u00edbrn\u00e9ho medv\u011bda za film P\u0159es kosti mrtv\u00fdch a v roce 2019 byla nominov\u00e1na se sn\u00edmkem Pan Jones na Zlat\u00e9ho medv\u011bda za nejlep\u0161\u00ed film. Je dr\u017eitelkou \u010cesk\u00e9ho lva za drama Ho\u0159\u00edc\u00ed ke\u0159 a na sv\u00e9m kont\u011b m\u00e1 i t\u0159i nominace na Oscara. Jako asistentka re\u017eie na za\u010d\u00e1tku sv\u00e9 filmov\u00e9 dr\u00e1hy spolupracovala s legendami polsk\u00e9 kinematografie Andrzejem Wajdou a Krzysztofem Zanussim. Debutovala psychologick\u00fdm dramatem Provin\u010dn\u00ed herci (1980), metaforou na tehdej\u0161\u00ed politickou situaci v Polsku ocen\u011bnou na festivalu v Cannes Cenou mezin\u00e1rodn\u00ed kritiky.<\/p>\n\n\n\n<blockquote class=\"wp-block-quote is-layout-flow wp-block-quote-is-layout-flow\"><p>Z jej\u00ed pestr\u00e9 filmografie, kterou Agnieszka Holland nat\u00e1\u010d\u00ed v USA, Polsku, ale i u n\u00e1s, stoj\u00ed za pozornost \u017eivotopisn\u00e1 dramata \u00dapln\u00e9 zatm\u011bn\u00ed s exceluj\u00edc\u00edm Leonardem DiCapriem (1995) a Ve st\u00ednu Beethovena (2006) nebo oce\u0148ovan\u00e1 televizn\u00ed s\u00e9rie Ho\u0159\u00edc\u00ed ke\u0159 (2013).<\/p><\/blockquote>\n\n\n\n<p>Ceny americk\u00e9 Akademie filmov\u00e9ho um\u011bn\u00ed a v\u011bd, kter\u00e9 jsou ud\u011blov\u00e1ny od roku 1929, jsou pova\u017eov\u00e1ny za nejpresti\u017en\u011bj\u0161\u00ed ocen\u011bn\u00ed v oblasti filmu. Oscarov\u00fd shortlist bude zve\u0159ejn\u011bn 9. \u00fanora 2021\u00a0a nominace budou zve\u0159ejn\u011bny 15. b\u0159ezna 2021. Slavnostn\u00ed ceremoni\u00e1l pak prob\u011bhne 25. dubna 2021 v Los Angeles.<\/p><br>\n\n\n\n<p>V lo\u0148sk\u00e9m roce byl do boje na Oscara vysl\u00e1n film V\u00e1clava Marhoula <strong>Nabarven\u00e9 pt\u00e1\u010de<\/strong>, kter\u00fd se probojoval mezi nejlep\u0161\u00edch deset film\u016f. Za t\u00e9m\u011b\u0159 stoletou historii \u201eOscar\u016f\u201c se poda\u0159ilo cenu za nejlep\u0161\u00ed cizojazy\u010dn\u00fd film z\u00edskat dv\u011bma \u010deskoslovensk\u00fdm a jednomu \u010desk\u00e9mu filmu. V roce 1965 to byl <strong>Obchod na korze<\/strong> J\u00e1na K\u00e1d\u00e1ra a Elmara Klose. O dva roky pozd\u011bji zv\u00edt\u011bzily <strong>Ost\u0159e sledovan\u00e9 vlaky<\/strong> Ji\u0159\u00edho Menzela a v roce 1996 <strong>Kolja<\/strong> Jana Sv\u011br\u00e1ka.<\/p><br>\n\n\n\n<figure class=\"wp-block-image size-large\"><img loading=\"lazy\" decoding=\"async\" width=\"800\" height=\"450\" src=\"https:\/\/www.mzone.cz\/wp-content\/uploads\/2020\/10\/Kolja.jpg\" alt=\"Kolja\" class=\"wp-image-24886\" srcset=\"https:\/\/www.mzone.cz\/wp-content\/uploads\/2020\/10\/Kolja.jpg 800w, https:\/\/www.mzone.cz\/wp-content\/uploads\/2020\/10\/Kolja-300x169.jpg 300w, https:\/\/www.mzone.cz\/wp-content\/uploads\/2020\/10\/Kolja-768x432.jpg 768w, https:\/\/www.mzone.cz\/wp-content\/uploads\/2020\/10\/Kolja-16x9.jpg 16w, https:\/\/www.mzone.cz\/wp-content\/uploads\/2020\/10\/Kolja-590x332.jpg 590w\" sizes=\"auto, (max-width: 800px) 100vw, 800px\" \/><\/figure><br>\n\n\n\n<p>\u0160est dal\u0161\u00edch \u010desk\u00fdch film\u016f pak postoupilo do neu\u017e\u0161\u00edch nominac\u00ed: <strong>L\u00e1sky jedn\u00e9 plavovl\u00e1sky<\/strong> Milo\u0161e Formana v roce 1966 a <strong>Ho\u0159\u00ed m\u00e1 panenko<\/strong> t\u00e9ho\u017e re\u017eis\u00e9ra o dva roky pozd\u011bji. Po druh\u00e9 \u0161el do boje o Oscara Ji\u0159\u00ed Menzel roku 1986 s filmem <strong>Vesni\u010dko m\u00e1 st\u0159ediskov\u00e1<\/strong>, naopak svoji prvn\u00ed nominaci z\u00edskal Jan Sv\u011br\u00e1k za <strong>Obecnou \u0161kolu<\/strong> v roce 1991. Roku 2000 vyjel do Los Angeles Jan H\u0159ebejk s nominovan\u00fdm filmem <strong>Mus\u00edme si pom\u00e1hat<\/strong> a roku 2003 zaujaly akademiky <strong>\u017delary<\/strong> Ond\u0159eje Trojana.<\/p><br>\n\n\n\n<div class=\"wp-block-media-text alignwide is-stacked-on-mobile is-vertically-aligned-top\" style=\"grid-template-columns:24% auto\"><figure class=\"wp-block-media-text__media\"><a href=\"https:\/\/www.mzone.cz\/pribehy-ktere-inspirovaly-filmove-trhaky\/\"><img loading=\"lazy\" decoding=\"async\" width=\"607\" height=\"405\" src=\"https:\/\/www.mzone.cz\/wp-content\/uploads\/2020\/09\/Opravdove-pribehy-Americky-sniper.jpg\" alt=\"\" class=\"wp-image-23989\" srcset=\"https:\/\/www.mzone.cz\/wp-content\/uploads\/2020\/09\/Opravdove-pribehy-Americky-sniper.jpg 607w, https:\/\/www.mzone.cz\/wp-content\/uploads\/2020\/09\/Opravdove-pribehy-Americky-sniper-300x200.jpg 300w, https:\/\/www.mzone.cz\/wp-content\/uploads\/2020\/09\/Opravdove-pribehy-Americky-sniper-400x267.jpg 400w, https:\/\/www.mzone.cz\/wp-content\/uploads\/2020\/09\/Opravdove-pribehy-Americky-sniper-500x333.jpg 500w, https:\/\/www.mzone.cz\/wp-content\/uploads\/2020\/09\/Opravdove-pribehy-Americky-sniper-590x394.jpg 590w\" sizes=\"auto, (max-width: 607px) 100vw, 607px\" \/><\/a><\/figure><div class=\"wp-block-media-text__content\">\n<h4><a href=\"https:\/\/www.mzone.cz\/pribehy-ktere-inspirovaly-filmove-trhaky\/\">Opravdov\u00e9 p\u0159\u00edb\u011bhy, kter\u00e9 inspirovaly filmov\u00e9 trh\u00e1ky<\/a><\/h4><br>\n<\/div><\/div>","protected":false},"excerpt":{"rendered":"<p>\u010cesk\u00e1 filmov\u00e1 a televizn\u00ed akademie, kter\u00e1 stoj\u00ed za ud\u00edlen\u00edm cen \u010cesk\u00fd lev, ka\u017edoro\u010dn\u011b vyb\u00edr\u00e1 i kandid\u00e1ta na Oscara za \u010ceskou republiku. Letos do boje o nejpresti\u017en\u011bj\u0161\u00ed filmovou cenu vys\u00edl\u00e1 drama \u0160arlat\u00e1n. Sv\u016fj posledn\u00ed sn\u00edmek, inspirovan\u00fd skute\u010dn\u00fdmi osudy l\u00e9\u010ditele Jana Mikol\u00e1\u0161ka, nato\u010dila re\u017eis\u00e9rka Agnieszka Holland podle sc\u00e9n\u00e1\u0159e Marka Epsteina a do hlavn\u00ed role obsadila Ivana Trojana [&hellip;]<\/p>\n","protected":false},"author":4,"featured_media":24877,"comment_status":"open","ping_status":"closed","sticky":false,"template":"","format":"standard","meta":{"kk_blocks_editor_width":"","_kiokenblocks_attr":"","_kiokenblocks_dimensions":"","footnotes":""},"categories":[73,71],"tags":[4247,84,3027,2327,541,1344,314,4246,31,1347,1343,4245,4244],"class_list":["post-24876","post","type-post","status-publish","format-standard","has-post-thumbnail","hentry","category-filmy","category-kultura","tag-agnieszka-holland","tag-cena","tag-cfta","tag-drama","tag-film","tag-filmove-ceny","tag-filmy","tag-kandidatura","tag-kultura","tag-oceneni","tag-oscar","tag-oskari","tag-sarlatan"],"yoast_head":"<!-- This site is optimized with the Yoast SEO plugin v27.5 - https:\/\/yoast.com\/product\/yoast-seo-wordpress\/ -->\n<title>Do boje o Oscara vyraz\u00ed i \u010desk\u00fd film \u0160arlat\u00e1n - Mzone<\/title>\n<meta name=\"description\" content=\"\u010cesk\u00e1 filmov\u00e1 a televizn\u00ed akademie, kter\u00e1 stoj\u00ed za ud\u00edlen\u00edm cen \u010cesk\u00fd lev, ka\u017edoro\u010dn\u011b vyb\u00edr\u00e1 i kandid\u00e1ta na Oscara za \u010ceskou republiku. Letos do boje o nejpresti\u017en\u011bj\u0161\u00ed filmovou cenu vys\u00edl\u00e1 drama \u0160arlat\u00e1n.\" \/>\n<meta name=\"robots\" content=\"index, follow, max-snippet:-1, max-image-preview:large, max-video-preview:-1\" \/>\n<link rel=\"canonical\" href=\"https:\/\/www.mzone.cz\/en\/sarlatan-vyrazi-do-boje-o-oscara\/\" \/>\n<meta property=\"og:locale\" content=\"en_US\" \/>\n<meta property=\"og:type\" content=\"article\" \/>\n<meta property=\"og:title\" content=\"Do boje o Oscara vyraz\u00ed i \u010desk\u00fd film \u0160arlat\u00e1n - Mzone\" \/>\n<meta property=\"og:description\" content=\"\u010cesk\u00e1 filmov\u00e1 a televizn\u00ed akademie, kter\u00e1 stoj\u00ed za ud\u00edlen\u00edm cen \u010cesk\u00fd lev, ka\u017edoro\u010dn\u011b vyb\u00edr\u00e1 i kandid\u00e1ta na Oscara za \u010ceskou republiku. Letos do boje o nejpresti\u017en\u011bj\u0161\u00ed filmovou cenu vys\u00edl\u00e1 drama \u0160arlat\u00e1n.\" \/>\n<meta property=\"og:url\" content=\"https:\/\/www.mzone.cz\/en\/sarlatan-vyrazi-do-boje-o-oscara\/\" \/>\n<meta property=\"og:site_name\" content=\"Mzone\" \/>\n<meta property=\"article:publisher\" content=\"https:\/\/www.facebook.com\/MzoneCZ\/\" \/>\n<meta property=\"article:published_time\" content=\"2020-10-14T03:00:27+00:00\" \/>\n<meta property=\"og:image\" content=\"https:\/\/www.mzone.cz\/wp-content\/uploads\/2020\/10\/Sarlatan.jpg\" \/>\n\t<meta property=\"og:image:width\" content=\"1103\" \/>\n\t<meta property=\"og:image:height\" content=\"735\" \/>\n\t<meta property=\"og:image:type\" content=\"image\/jpeg\" \/>\n<meta name=\"author\" content=\"Mzone\" \/>\n<meta name=\"twitter:card\" content=\"summary_large_image\" \/>\n<meta name=\"twitter:label1\" content=\"Written by\" \/>\n\t<meta name=\"twitter:data1\" content=\"Mzone\" \/>\n\t<meta name=\"twitter:label2\" content=\"Est. reading time\" \/>\n\t<meta name=\"twitter:data2\" content=\"4 minutes\" \/>\n<script type=\"application\/ld+json\" class=\"yoast-schema-graph\">{\"@context\":\"https:\\\/\\\/schema.org\",\"@graph\":[{\"@type\":\"Article\",\"@id\":\"https:\\\/\\\/www.mzone.cz\\\/sarlatan-vyrazi-do-boje-o-oscara\\\/#article\",\"isPartOf\":{\"@id\":\"https:\\\/\\\/www.mzone.cz\\\/sarlatan-vyrazi-do-boje-o-oscara\\\/\"},\"author\":{\"name\":\"Mzone\",\"@id\":\"https:\\\/\\\/www.mzone.cz\\\/#\\\/schema\\\/person\\\/9bc20cc422a99cac4af6ff9297da32d4\"},\"headline\":\"Do boje o Oscara vyraz\u00ed i \u010desk\u00fd film \u0160arlat\u00e1n\",\"datePublished\":\"2020-10-14T03:00:27+00:00\",\"mainEntityOfPage\":{\"@id\":\"https:\\\/\\\/www.mzone.cz\\\/sarlatan-vyrazi-do-boje-o-oscara\\\/\"},\"wordCount\":843,\"commentCount\":0,\"image\":{\"@id\":\"https:\\\/\\\/www.mzone.cz\\\/sarlatan-vyrazi-do-boje-o-oscara\\\/#primaryimage\"},\"thumbnailUrl\":\"https:\\\/\\\/www.mzone.cz\\\/wp-content\\\/uploads\\\/2020\\\/10\\\/Sarlatan.jpg\",\"keywords\":[\"Agnieszka Holland\",\"cena\",\"\u010cFTA\",\"drama\",\"film\",\"filmov\u00e9 ceny\",\"Filmy\",\"kandidatura\",\"Kultura\",\"ocen\u011bn\u00ed\",\"Oscar\",\"Oska\u0159i\",\"\u0160arlat\u00e1n\"],\"articleSection\":[\"Filmy\",\"Kultura\"],\"inLanguage\":\"en-US\",\"potentialAction\":[{\"@type\":\"CommentAction\",\"name\":\"Comment\",\"target\":[\"https:\\\/\\\/www.mzone.cz\\\/sarlatan-vyrazi-do-boje-o-oscara\\\/#respond\"]}]},{\"@type\":\"WebPage\",\"@id\":\"https:\\\/\\\/www.mzone.cz\\\/sarlatan-vyrazi-do-boje-o-oscara\\\/\",\"url\":\"https:\\\/\\\/www.mzone.cz\\\/sarlatan-vyrazi-do-boje-o-oscara\\\/\",\"name\":\"Do boje o Oscara vyraz\u00ed i \u010desk\u00fd film \u0160arlat\u00e1n - Mzone\",\"isPartOf\":{\"@id\":\"https:\\\/\\\/www.mzone.cz\\\/#website\"},\"primaryImageOfPage\":{\"@id\":\"https:\\\/\\\/www.mzone.cz\\\/sarlatan-vyrazi-do-boje-o-oscara\\\/#primaryimage\"},\"image\":{\"@id\":\"https:\\\/\\\/www.mzone.cz\\\/sarlatan-vyrazi-do-boje-o-oscara\\\/#primaryimage\"},\"thumbnailUrl\":\"https:\\\/\\\/www.mzone.cz\\\/wp-content\\\/uploads\\\/2020\\\/10\\\/Sarlatan.jpg\",\"datePublished\":\"2020-10-14T03:00:27+00:00\",\"author\":{\"@id\":\"https:\\\/\\\/www.mzone.cz\\\/#\\\/schema\\\/person\\\/9bc20cc422a99cac4af6ff9297da32d4\"},\"description\":\"\u010cesk\u00e1 filmov\u00e1 a televizn\u00ed akademie, kter\u00e1 stoj\u00ed za ud\u00edlen\u00edm cen \u010cesk\u00fd lev, ka\u017edoro\u010dn\u011b vyb\u00edr\u00e1 i kandid\u00e1ta na Oscara za \u010ceskou republiku. Letos do boje o nejpresti\u017en\u011bj\u0161\u00ed filmovou cenu vys\u00edl\u00e1 drama \u0160arlat\u00e1n.\",\"breadcrumb\":{\"@id\":\"https:\\\/\\\/www.mzone.cz\\\/sarlatan-vyrazi-do-boje-o-oscara\\\/#breadcrumb\"},\"inLanguage\":\"en-US\",\"potentialAction\":[{\"@type\":\"ReadAction\",\"target\":[\"https:\\\/\\\/www.mzone.cz\\\/sarlatan-vyrazi-do-boje-o-oscara\\\/\"]}]},{\"@type\":\"ImageObject\",\"inLanguage\":\"en-US\",\"@id\":\"https:\\\/\\\/www.mzone.cz\\\/sarlatan-vyrazi-do-boje-o-oscara\\\/#primaryimage\",\"url\":\"https:\\\/\\\/www.mzone.cz\\\/wp-content\\\/uploads\\\/2020\\\/10\\\/Sarlatan.jpg\",\"contentUrl\":\"https:\\\/\\\/www.mzone.cz\\\/wp-content\\\/uploads\\\/2020\\\/10\\\/Sarlatan.jpg\",\"width\":1103,\"height\":735,\"caption\":\"\u0160arlat\u00e1n\"},{\"@type\":\"BreadcrumbList\",\"@id\":\"https:\\\/\\\/www.mzone.cz\\\/sarlatan-vyrazi-do-boje-o-oscara\\\/#breadcrumb\",\"itemListElement\":[{\"@type\":\"ListItem\",\"position\":1,\"name\":\"Dom\u016f\",\"item\":\"https:\\\/\\\/www.mzone.cz\\\/\"},{\"@type\":\"ListItem\",\"position\":2,\"name\":\"Do boje o Oscara vyraz\u00ed i \u010desk\u00fd film \u0160arlat\u00e1n\"}]},{\"@type\":\"WebSite\",\"@id\":\"https:\\\/\\\/www.mzone.cz\\\/#website\",\"url\":\"https:\\\/\\\/www.mzone.cz\\\/\",\"name\":\"Mzone\",\"description\":\"Magaz\u00edn nejen pro mu\u017ee\",\"potentialAction\":[{\"@type\":\"SearchAction\",\"target\":{\"@type\":\"EntryPoint\",\"urlTemplate\":\"https:\\\/\\\/www.mzone.cz\\\/?s={search_term_string}\"},\"query-input\":{\"@type\":\"PropertyValueSpecification\",\"valueRequired\":true,\"valueName\":\"search_term_string\"}}],\"inLanguage\":\"en-US\"},{\"@type\":\"Person\",\"@id\":\"https:\\\/\\\/www.mzone.cz\\\/#\\\/schema\\\/person\\\/9bc20cc422a99cac4af6ff9297da32d4\",\"name\":\"Mzone\",\"image\":{\"@type\":\"ImageObject\",\"inLanguage\":\"en-US\",\"@id\":\"https:\\\/\\\/secure.gravatar.com\\\/avatar\\\/e780a8630f3182a3d06dd667ab6bea151a0d155b0951bc15fe22633acdac0676?s=96&d=mm&r=g\",\"url\":\"https:\\\/\\\/secure.gravatar.com\\\/avatar\\\/e780a8630f3182a3d06dd667ab6bea151a0d155b0951bc15fe22633acdac0676?s=96&d=mm&r=g\",\"contentUrl\":\"https:\\\/\\\/secure.gravatar.com\\\/avatar\\\/e780a8630f3182a3d06dd667ab6bea151a0d155b0951bc15fe22633acdac0676?s=96&d=mm&r=g\",\"caption\":\"Mzone\"},\"url\":\"https:\\\/\\\/www.mzone.cz\\\/en\\\/author\\\/jakub\\\/\"}]}<\/script>\n<!-- \/ Yoast SEO plugin. -->","yoast_head_json":{"title":"Do boje o Oscara vyraz\u00ed i \u010desk\u00fd film \u0160arlat\u00e1n - Mzone","description":"\u010cesk\u00e1 filmov\u00e1 a televizn\u00ed akademie, kter\u00e1 stoj\u00ed za ud\u00edlen\u00edm cen \u010cesk\u00fd lev, ka\u017edoro\u010dn\u011b vyb\u00edr\u00e1 i kandid\u00e1ta na Oscara za \u010ceskou republiku. Letos do boje o nejpresti\u017en\u011bj\u0161\u00ed filmovou cenu vys\u00edl\u00e1 drama \u0160arlat\u00e1n.","robots":{"index":"index","follow":"follow","max-snippet":"max-snippet:-1","max-image-preview":"max-image-preview:large","max-video-preview":"max-video-preview:-1"},"canonical":"https:\/\/www.mzone.cz\/en\/sarlatan-vyrazi-do-boje-o-oscara\/","og_locale":"en_US","og_type":"article","og_title":"Do boje o Oscara vyraz\u00ed i \u010desk\u00fd film \u0160arlat\u00e1n - Mzone","og_description":"\u010cesk\u00e1 filmov\u00e1 a televizn\u00ed akademie, kter\u00e1 stoj\u00ed za ud\u00edlen\u00edm cen \u010cesk\u00fd lev, ka\u017edoro\u010dn\u011b vyb\u00edr\u00e1 i kandid\u00e1ta na Oscara za \u010ceskou republiku. Letos do boje o nejpresti\u017en\u011bj\u0161\u00ed filmovou cenu vys\u00edl\u00e1 drama \u0160arlat\u00e1n.","og_url":"https:\/\/www.mzone.cz\/en\/sarlatan-vyrazi-do-boje-o-oscara\/","og_site_name":"Mzone","article_publisher":"https:\/\/www.facebook.com\/MzoneCZ\/","article_published_time":"2020-10-14T03:00:27+00:00","og_image":[{"width":1103,"height":735,"url":"https:\/\/www.mzone.cz\/wp-content\/uploads\/2020\/10\/Sarlatan.jpg","type":"image\/jpeg"}],"author":"Mzone","twitter_card":"summary_large_image","twitter_misc":{"Written by":"Mzone","Est. reading time":"4 minutes"},"schema":{"@context":"https:\/\/schema.org","@graph":[{"@type":"Article","@id":"https:\/\/www.mzone.cz\/sarlatan-vyrazi-do-boje-o-oscara\/#article","isPartOf":{"@id":"https:\/\/www.mzone.cz\/sarlatan-vyrazi-do-boje-o-oscara\/"},"author":{"name":"Mzone","@id":"https:\/\/www.mzone.cz\/#\/schema\/person\/9bc20cc422a99cac4af6ff9297da32d4"},"headline":"Do boje o Oscara vyraz\u00ed i \u010desk\u00fd film \u0160arlat\u00e1n","datePublished":"2020-10-14T03:00:27+00:00","mainEntityOfPage":{"@id":"https:\/\/www.mzone.cz\/sarlatan-vyrazi-do-boje-o-oscara\/"},"wordCount":843,"commentCount":0,"image":{"@id":"https:\/\/www.mzone.cz\/sarlatan-vyrazi-do-boje-o-oscara\/#primaryimage"},"thumbnailUrl":"https:\/\/www.mzone.cz\/wp-content\/uploads\/2020\/10\/Sarlatan.jpg","keywords":["Agnieszka Holland","cena","\u010cFTA","drama","film","filmov\u00e9 ceny","Filmy","kandidatura","Kultura","ocen\u011bn\u00ed","Oscar","Oska\u0159i","\u0160arlat\u00e1n"],"articleSection":["Filmy","Kultura"],"inLanguage":"en-US","potentialAction":[{"@type":"CommentAction","name":"Comment","target":["https:\/\/www.mzone.cz\/sarlatan-vyrazi-do-boje-o-oscara\/#respond"]}]},{"@type":"WebPage","@id":"https:\/\/www.mzone.cz\/sarlatan-vyrazi-do-boje-o-oscara\/","url":"https:\/\/www.mzone.cz\/sarlatan-vyrazi-do-boje-o-oscara\/","name":"Do boje o Oscara vyraz\u00ed i \u010desk\u00fd film \u0160arlat\u00e1n - Mzone","isPartOf":{"@id":"https:\/\/www.mzone.cz\/#website"},"primaryImageOfPage":{"@id":"https:\/\/www.mzone.cz\/sarlatan-vyrazi-do-boje-o-oscara\/#primaryimage"},"image":{"@id":"https:\/\/www.mzone.cz\/sarlatan-vyrazi-do-boje-o-oscara\/#primaryimage"},"thumbnailUrl":"https:\/\/www.mzone.cz\/wp-content\/uploads\/2020\/10\/Sarlatan.jpg","datePublished":"2020-10-14T03:00:27+00:00","author":{"@id":"https:\/\/www.mzone.cz\/#\/schema\/person\/9bc20cc422a99cac4af6ff9297da32d4"},"description":"\u010cesk\u00e1 filmov\u00e1 a televizn\u00ed akademie, kter\u00e1 stoj\u00ed za ud\u00edlen\u00edm cen \u010cesk\u00fd lev, ka\u017edoro\u010dn\u011b vyb\u00edr\u00e1 i kandid\u00e1ta na Oscara za \u010ceskou republiku. Letos do boje o nejpresti\u017en\u011bj\u0161\u00ed filmovou cenu vys\u00edl\u00e1 drama \u0160arlat\u00e1n.","breadcrumb":{"@id":"https:\/\/www.mzone.cz\/sarlatan-vyrazi-do-boje-o-oscara\/#breadcrumb"},"inLanguage":"en-US","potentialAction":[{"@type":"ReadAction","target":["https:\/\/www.mzone.cz\/sarlatan-vyrazi-do-boje-o-oscara\/"]}]},{"@type":"ImageObject","inLanguage":"en-US","@id":"https:\/\/www.mzone.cz\/sarlatan-vyrazi-do-boje-o-oscara\/#primaryimage","url":"https:\/\/www.mzone.cz\/wp-content\/uploads\/2020\/10\/Sarlatan.jpg","contentUrl":"https:\/\/www.mzone.cz\/wp-content\/uploads\/2020\/10\/Sarlatan.jpg","width":1103,"height":735,"caption":"\u0160arlat\u00e1n"},{"@type":"BreadcrumbList","@id":"https:\/\/www.mzone.cz\/sarlatan-vyrazi-do-boje-o-oscara\/#breadcrumb","itemListElement":[{"@type":"ListItem","position":1,"name":"Dom\u016f","item":"https:\/\/www.mzone.cz\/"},{"@type":"ListItem","position":2,"name":"Do boje o Oscara vyraz\u00ed i \u010desk\u00fd film \u0160arlat\u00e1n"}]},{"@type":"WebSite","@id":"https:\/\/www.mzone.cz\/#website","url":"https:\/\/www.mzone.cz\/","name":"Mzone","description":"Magaz\u00edn nejen pro mu\u017ee","potentialAction":[{"@type":"SearchAction","target":{"@type":"EntryPoint","urlTemplate":"https:\/\/www.mzone.cz\/?s={search_term_string}"},"query-input":{"@type":"PropertyValueSpecification","valueRequired":true,"valueName":"search_term_string"}}],"inLanguage":"en-US"},{"@type":"Person","@id":"https:\/\/www.mzone.cz\/#\/schema\/person\/9bc20cc422a99cac4af6ff9297da32d4","name":"Mzone","image":{"@type":"ImageObject","inLanguage":"en-US","@id":"https:\/\/secure.gravatar.com\/avatar\/e780a8630f3182a3d06dd667ab6bea151a0d155b0951bc15fe22633acdac0676?s=96&d=mm&r=g","url":"https:\/\/secure.gravatar.com\/avatar\/e780a8630f3182a3d06dd667ab6bea151a0d155b0951bc15fe22633acdac0676?s=96&d=mm&r=g","contentUrl":"https:\/\/secure.gravatar.com\/avatar\/e780a8630f3182a3d06dd667ab6bea151a0d155b0951bc15fe22633acdac0676?s=96&d=mm&r=g","caption":"Mzone"},"url":"https:\/\/www.mzone.cz\/en\/author\/jakub\/"}]}},"_links":{"self":[{"href":"https:\/\/www.mzone.cz\/en\/wp-json\/wp\/v2\/posts\/24876","targetHints":{"allow":["GET"]}}],"collection":[{"href":"https:\/\/www.mzone.cz\/en\/wp-json\/wp\/v2\/posts"}],"about":[{"href":"https:\/\/www.mzone.cz\/en\/wp-json\/wp\/v2\/types\/post"}],"author":[{"embeddable":true,"href":"https:\/\/www.mzone.cz\/en\/wp-json\/wp\/v2\/users\/4"}],"replies":[{"embeddable":true,"href":"https:\/\/www.mzone.cz\/en\/wp-json\/wp\/v2\/comments?post=24876"}],"version-history":[{"count":12,"href":"https:\/\/www.mzone.cz\/en\/wp-json\/wp\/v2\/posts\/24876\/revisions"}],"predecessor-version":[{"id":24891,"href":"https:\/\/www.mzone.cz\/en\/wp-json\/wp\/v2\/posts\/24876\/revisions\/24891"}],"wp:featuredmedia":[{"embeddable":true,"href":"https:\/\/www.mzone.cz\/en\/wp-json\/wp\/v2\/media\/24877"}],"wp:attachment":[{"href":"https:\/\/www.mzone.cz\/en\/wp-json\/wp\/v2\/media?parent=24876"}],"wp:term":[{"taxonomy":"category","embeddable":true,"href":"https:\/\/www.mzone.cz\/en\/wp-json\/wp\/v2\/categories?post=24876"},{"taxonomy":"post_tag","embeddable":true,"href":"https:\/\/www.mzone.cz\/en\/wp-json\/wp\/v2\/tags?post=24876"}],"curies":[{"name":"wp","href":"https:\/\/api.w.org\/{rel}","templated":true}]}}