{"id":25035,"date":"2021-01-13T05:00:24","date_gmt":"2021-01-13T04:00:24","guid":{"rendered":"https:\/\/www.mzone.cz\/?p=25035"},"modified":"2021-01-13T12:04:42","modified_gmt":"2021-01-13T11:04:42","slug":"svetr-vime-ktery-vas-zahreje","status":"publish","type":"post","link":"https:\/\/www.mzone.cz\/en\/svetr-vime-ktery-vas-zahreje\/","title":{"rendered":"Nen\u00ed svetr jako svetr! V\u00edme, kter\u00fd v\u00e1s skute\u010dn\u011b zah\u0159eje"},"content":{"rendered":"<p><strong>Tak jako se m\u016f\u017eete spolehnout na to, \u017ee na podzim pad\u00e1 list\u00ed, je jist\u00e9, \u017ee doma nikomu nechyb\u00ed alespo\u0148 jeden svetr. D\u0159\u00edve \u010di pozd\u011bji v\u00e1s chladn\u011bj\u0161\u00ed podzimn\u00ed r\u00e1na donut\u00ed po n\u011bm s\u00e1hnout a v zim\u011b \u201cu\u017e nen\u00ed o \u010dem\u201c.<\/strong><\/p><br>\n\n\n\n<p>Jako d\u011bti jsme se o\u0161\u00edvaly, jak po dom\u00e1cku pleten\u00e9 svetry kou\u0161ou, jako dosp\u011bl\u00ed se do nich bal\u00edme zcela dobrovoln\u011b, abychom se udr\u017eeli v teple. Nab\u00eddka materi\u00e1l\u016f, barev a st\u0159ih\u016f se zna\u010dn\u011b roz\u0161\u00ed\u0159ila a svetr je dnes m\u00f3dn\u00ed z\u00e1le\u017eitost\u00ed. Nezapome\u0148te ale na jeho prim\u00e1rn\u00ed funkci \u2013 svetr m\u00e1 p\u0159edev\u0161\u00edm h\u0159\u00e1t.<\/p><br>\n\n\n\n<p>Tento popul\u00e1rn\u00ed h\u0159ejiv\u00fd svr\u0161ek tak, jak ho zn\u00e1me dnes nebyl v\u017edy m\u00f3dn\u00ed z\u00e1le\u017eitost\u00ed. Zprvu slou\u017eil sp\u00ed\u0161e jako funk\u010dn\u00ed oble\u010den\u00ed a pleteniny d\u0159\u00edve slou\u017eily jako spodn\u00ed pr\u00e1dlo. Vlna se s p\u0159\u00edchodem 1. sv\u011btov\u00e9 v\u00e1lky stala velmi nedostatkov\u00fdm a luxusn\u00edm zbo\u017e\u00edm, proto\u017ee byla t\u0159eba pro voj\u00e1ky na front\u00e1ch.<\/p>\n\n\n\n<blockquote class=\"wp-block-quote is-layout-flow wp-block-quote-is-layout-flow\"><p>Po skon\u010den\u00ed v\u00e1lky u\u017e ale nebylo nutn\u00e9 v\u0161echnu vlnu ob\u011btovat arm\u00e1d\u011b a s rostouc\u00ed oblibou sportovn\u00edch aktivit se svetry staly kousky, na kter\u00e9 pro jejich vlastnosti spol\u00e9hali jachta\u0159i, ly\u017ea\u0159i, golfisti a dal\u0161\u00ed sportovci.<\/p><\/blockquote>\n\n\n\n<p>Dnes u\u017e nen\u00ed t\u0159eba spol\u00e9hat na vlastn\u00ed dovednosti \u010di pletac\u00ed jehlice na\u0161ich babi\u010dek. P\u0159i v\u00fdb\u011bru svetru ale pozorn\u011b dbejte nejen na to, jak v\u00e1m \u201epadne\u201c, ale tak\u00e9 na to, co je uvedeno na cedulce. S v\u011bt\u0161\u00edm mno\u017estv\u00edm \u0161iroce roz\u0161\u00ed\u0159en\u00fdch syntetick\u00fdch vl\u00e1ken toti\u017e svetr ztr\u00e1c\u00ed sv\u00e9 izola\u010dn\u00ed vlastnosti a jakkoli hu\u0148at\u00fd m\u016f\u017ee b\u00fdt, neh\u0159eje. Ve stoprocentn\u011b akrylov\u00e9m svetru jednodu\u0161e v teple nebudete. Tato syntetick\u00e1 l\u00e1tka m\u016f\u017ee vypadat na prvn\u00ed pohled podobn\u011b jako vlna, ale jej\u00ed vlastnosti jsou odli\u0161n\u00e9.<\/p><br>\n\n\n\n<p>Um\u011bl\u00e9 materi\u00e1ly nejsou v\u017edy zcela pachov\u011b komfortn\u00ed a rychleji \u201e\u017emolkovat\u00ed\u201c. Na druhou stranu je ale lehk\u00fd, nema\u010dk\u00e1 se, rychle schne, nekou\u0161e a je odoln\u00fd proti mol\u016fm. Proto hledejte takov\u00e9 kousky, kde akryl tvo\u0159\u00ed pouze \u010d\u00e1st pou\u017eit\u00fdch materi\u00e1l\u016f.<\/p><br>\n\n\n\n<p>Za to s vlnou jak\u00e9hokoli typu nem\u016f\u017eete ud\u011blat chybu. V\u0161echny druhy v\u00e1s dok\u00e1\u017e\u00ed zah\u0159\u00e1t, nema\u010dkaj\u00ed se a d\u00edky sv\u00e9 odolnosti v\u016f\u010di u\u0161pin\u011bn\u00ed ani nepot\u0159ebuj\u00ed \u010dast\u00e9 pran\u00ed. Pokud na cedulce uvid\u00edte slova jako merino, moh\u00e9r, \u010di ka\u0161m\u00edr, je to s\u00e1zka na jistotu.<\/p>\n\n\n\n<blockquote class=\"wp-block-quote is-layout-flow wp-block-quote-is-layout-flow\"><p>V p\u0159\u00edpad\u011b ka\u0161m\u00edru se nenechte zm\u00e1st tlou\u0161\u0165kou dan\u00e9ho svet\u0159\u00edku. L\u00e1tka, kter\u00e1 vznik\u00e1 z vlny ka\u0161m\u00edrsk\u00fdch koz, je m\u011bkk\u00e1 a tenk\u00e1, p\u0159esto velice h\u0159ejiv\u00e1.<\/p><\/blockquote>\n\n\n\n<p>V tomto p\u0159\u00edpad\u011b se m\u016f\u017eete spolehnout na p\u0159\u00edmou \u00fam\u011bru \u2013 \u010d\u00edm v\u00edce ka\u0161m\u00edru, t\u00edm vy\u0161\u0161\u00ed cena svetru. Ale v\u011b\u0159te, \u017ee investice do ka\u0161m\u00edrov\u00e9ho svetru se v\u00e1m skute\u010dn\u011b vyplat\u00ed. P\u0159i spr\u00e1vn\u00e9 p\u00e9\u010di v\u00e1m ka\u0161m\u00edr vydr\u017e\u00ed dlouh\u00e9 roky, ani\u017e by ztratil sv\u00e9 vlastnosti.<\/p><br>\n\n\n\n<figure class=\"wp-block-image size-large\"><img loading=\"lazy\" decoding=\"async\" width=\"1024\" height=\"682\" src=\"https:\/\/www.mzone.cz\/wp-content\/uploads\/2020\/10\/Svetr-2-1024x682.jpg\" alt=\"Svetr\" class=\"wp-image-25043\" srcset=\"https:\/\/www.mzone.cz\/wp-content\/uploads\/2020\/10\/Svetr-2-1024x682.jpg 1024w, https:\/\/www.mzone.cz\/wp-content\/uploads\/2020\/10\/Svetr-2-300x200.jpg 300w, https:\/\/www.mzone.cz\/wp-content\/uploads\/2020\/10\/Svetr-2-768x512.jpg 768w, https:\/\/www.mzone.cz\/wp-content\/uploads\/2020\/10\/Svetr-2-16x12.jpg 16w, https:\/\/www.mzone.cz\/wp-content\/uploads\/2020\/10\/Svetr-2-800x533.jpg 800w, https:\/\/www.mzone.cz\/wp-content\/uploads\/2020\/10\/Svetr-2-400x267.jpg 400w, https:\/\/www.mzone.cz\/wp-content\/uploads\/2020\/10\/Svetr-2-500x333.jpg 500w, https:\/\/www.mzone.cz\/wp-content\/uploads\/2020\/10\/Svetr-2-1170x780.jpg 1170w, https:\/\/www.mzone.cz\/wp-content\/uploads\/2020\/10\/Svetr-2-590x393.jpg 590w, https:\/\/www.mzone.cz\/wp-content\/uploads\/2020\/10\/Svetr-2.jpg 1280w\" sizes=\"auto, (max-width: 1024px) 100vw, 1024px\" \/><\/figure><br>\n\n\n\n<p>P\u0159i n\u00e1kupech myslete i na to, za jak\u00fdm \u00fa\u010delem a pro jakou p\u0159\u00edle\u017eitost si svetr kupujete. Akryl, kter\u00fd se pou\u017e\u00edv\u00e1 nej\u010dast\u011bji, se v porovn\u00e1n\u00ed s p\u0159\u00edrodn\u00ed vlnou ve dvou bodech z\u00e1sadn\u011b li\u0161\u00ed.<\/p>\n\n\n\n<blockquote class=\"wp-block-quote is-layout-flow wp-block-quote-is-layout-flow\"><p>Vln\u011bn\u00e9 v\u00fdrobky jsou sice n\u00e1ro\u010dn\u011bj\u0161\u00ed na \u00fadr\u017ebu, ale m\u016f\u017eete si je vz\u00edt do spole\u010dnosti, na ty&nbsp;nejd\u016fle\u017eit\u011bj\u0161\u00ed sch\u016fzky a ud\u00e1losti bez toho, ani\u017e byste se dopustili m\u00f3dn\u00edho faux-pas.<\/p><\/blockquote>\n\n\n\n<p>Akryl se udr\u017euje velmi snadno, ale hod\u00ed se sp\u00ed\u0161e pro v\u0161edn\u00ed p\u0159\u00edle\u017eitosti, zku\u0161en\u00e9 oko tento materi\u00e1l pozn\u00e1 na prvn\u00ed pohled. Typy, st\u0159ihy a materi\u00e1ly jsou p\u0159i v\u00fdb\u011bru pouze na v\u00e1s. Pokud si nechcete p\u0159i obl\u00e9k\u00e1n\u00ed poni\u010dit \u00fa\u010des, t\u00edm nejlep\u0161\u00edm pro v\u00e1s bude <a href=\"https:\/\/www.thetrendspotter.net\/how-to-wear-a-cardigan\/\" target=\"_blank\" rel=\"noreferrer noopener\">cardigan na knofl\u00edky<\/a>, p\u0159\u00edpadn\u011b svetr s v\u00fdst\u0159ihem do V, kter\u00fd se bude tak\u00e9 snadn\u011bji obl\u00e9kat. Ti ostatn\u00ed, kte\u0159\u00ed maj\u00ed r\u00e1di teplo a\u017e ke krku si mohou vybrat svetr se stoj\u00e1\u010dkem nebo rovnou rol\u00e1k, d\u00edky kter\u00e9mu nebude t\u0159eba ani \u0161\u00e1la \u010di \u0161\u00e1tek.<\/p><br>\n\n\n\n<p><strong>Velk\u00fd v\u00fdb\u011br svetr\u016f najdete nap\u0159\u00edklad v pra\u017esk\u00e9m outletu <a href=\"https:\/\/fashion-arena.cz\/\" target=\"_blank\" rel=\"noreferrer noopener\">Fashion Arena Prague Outlet<\/a>.<\/strong><\/p><br>\n\n\n\n<div class=\"wp-block-media-text alignwide is-stacked-on-mobile is-vertically-aligned-top\" style=\"grid-template-columns:24% auto\"><figure class=\"wp-block-media-text__media\"><a href=\"https:\/\/www.mzone.cz\/pasek-do-spolecnosti-jak-vybrat-ten-spravny\/\"><img loading=\"lazy\" decoding=\"async\" width=\"1024\" height=\"683\" src=\"https:\/\/www.mzone.cz\/wp-content\/uploads\/2020\/09\/Pasek-1024x683.jpg\" alt=\"\" class=\"wp-image-24470 size-full\" srcset=\"https:\/\/www.mzone.cz\/wp-content\/uploads\/2020\/09\/Pasek-1024x683.jpg 1024w, https:\/\/www.mzone.cz\/wp-content\/uploads\/2020\/09\/Pasek-300x200.jpg 300w, https:\/\/www.mzone.cz\/wp-content\/uploads\/2020\/09\/Pasek-768x512.jpg 768w, https:\/\/www.mzone.cz\/wp-content\/uploads\/2020\/09\/Pasek-1536x1024.jpg 1536w, https:\/\/www.mzone.cz\/wp-content\/uploads\/2020\/09\/Pasek-2048x1366.jpg 2048w, https:\/\/www.mzone.cz\/wp-content\/uploads\/2020\/09\/Pasek-800x533.jpg 800w, https:\/\/www.mzone.cz\/wp-content\/uploads\/2020\/09\/Pasek-400x267.jpg 400w, https:\/\/www.mzone.cz\/wp-content\/uploads\/2020\/09\/Pasek-500x333.jpg 500w, https:\/\/www.mzone.cz\/wp-content\/uploads\/2020\/09\/Pasek-1170x780.jpg 1170w, https:\/\/www.mzone.cz\/wp-content\/uploads\/2020\/09\/Pasek-590x393.jpg 590w\" sizes=\"auto, (max-width: 1024px) 100vw, 1024px\" \/><\/a><\/figure><div class=\"wp-block-media-text__content\">\n<h4><a href=\"https:\/\/www.mzone.cz\/pasek-do-spolecnosti-jak-vybrat-ten-spravny\/\">Do spole\u010dnosti bez p\u00e1sku? Ani n\u00e1hodou! Jak vybrat ten spr\u00e1vn\u00fd?<\/a><\/h4><br>\n<\/div><\/div>","protected":false},"excerpt":{"rendered":"<p>Tak jako se m\u016f\u017eete spolehnout na to, \u017ee na podzim pad\u00e1 list\u00ed, je jist\u00e9, \u017ee doma nikomu nechyb\u00ed alespo\u0148 jeden svetr. D\u0159\u00edve \u010di pozd\u011bji v\u00e1s chladn\u011bj\u0161\u00ed podzimn\u00ed r\u00e1na donut\u00ed po n\u011bm s\u00e1hnout a v zim\u011b \u201cu\u017e nen\u00ed o \u010dem\u201c. Jako d\u011bti jsme se o\u0161\u00edvaly, jak po dom\u00e1cku pleten\u00e9 svetry kou\u0161ou, jako dosp\u011bl\u00ed se do nich [&hellip;]<\/p>\n","protected":false},"author":4,"featured_media":25036,"comment_status":"open","ping_status":"closed","sticky":false,"template":"","format":"standard","meta":{"kk_blocks_editor_width":"","_kiokenblocks_attr":"","_kiokenblocks_dimensions":"","footnotes":""},"categories":[28,25],"tags":[4268,4271,4266,4269,34,3177,630,655,2543,490,371,4267,572,509,4270,670,723],"class_list":["post-25035","post","type-post","status-publish","format-standard","has-post-thumbnail","hentry","category-moda-vizaz","category-style","tag-chlad","tag-druhy","tag-druhy-svetru","tag-kasmir","tag-moda","tag-moda-a-vizaz","tag-obleceni","tag-oblekani","tag-panska-moda","tag-style","tag-svetr","tag-svetry","tag-tipy","tag-tipy-a-rady","tag-vlna","tag-vyber","tag-zima"],"yoast_head":"<!-- This site is optimized with the Yoast SEO plugin v27.5 - https:\/\/yoast.com\/product\/yoast-seo-wordpress\/ -->\n<title>Nen\u00ed svetr jako svetr! V\u00edme, kter\u00fd v\u00e1s skute\u010dn\u011b zah\u0159eje - Mzone<\/title>\n<meta name=\"description\" content=\"Tak jako se m\u016f\u017eete spolehnout na to, \u017ee na podzim pad\u00e1 list\u00ed, je jist\u00e9, \u017ee doma nikomu nechyb\u00ed alespo\u0148 jeden svetr. D\u0159\u00edve \u010di pozd\u011bji v\u00e1s chladn\u011bj\u0161\u00ed podzimn\u00ed r\u00e1na donut\u00ed po n\u011bm s\u00e1hnout a v zim\u011b \u201cu\u017e nen\u00ed o \u010dem\u201c.\" \/>\n<meta name=\"robots\" content=\"index, follow, max-snippet:-1, max-image-preview:large, max-video-preview:-1\" \/>\n<link rel=\"canonical\" href=\"https:\/\/www.mzone.cz\/en\/svetr-vime-ktery-vas-zahreje\/\" \/>\n<meta property=\"og:locale\" content=\"en_US\" \/>\n<meta property=\"og:type\" content=\"article\" \/>\n<meta property=\"og:title\" content=\"Nen\u00ed svetr jako svetr! V\u00edme, kter\u00fd v\u00e1s skute\u010dn\u011b zah\u0159eje - Mzone\" \/>\n<meta property=\"og:description\" content=\"Tak jako se m\u016f\u017eete spolehnout na to, \u017ee na podzim pad\u00e1 list\u00ed, je jist\u00e9, \u017ee doma nikomu nechyb\u00ed alespo\u0148 jeden svetr. D\u0159\u00edve \u010di pozd\u011bji v\u00e1s chladn\u011bj\u0161\u00ed podzimn\u00ed r\u00e1na donut\u00ed po n\u011bm s\u00e1hnout a v zim\u011b \u201cu\u017e nen\u00ed o \u010dem\u201c.\" \/>\n<meta property=\"og:url\" content=\"https:\/\/www.mzone.cz\/en\/svetr-vime-ktery-vas-zahreje\/\" \/>\n<meta property=\"og:site_name\" content=\"Mzone\" \/>\n<meta property=\"article:publisher\" content=\"https:\/\/www.facebook.com\/MzoneCZ\/\" \/>\n<meta property=\"article:published_time\" content=\"2021-01-13T04:00:24+00:00\" \/>\n<meta property=\"article:modified_time\" content=\"2021-01-13T11:04:42+00:00\" \/>\n<meta property=\"og:image\" content=\"https:\/\/www.mzone.cz\/wp-content\/uploads\/2020\/10\/Svetr-scaled.jpg\" \/>\n\t<meta property=\"og:image:width\" content=\"2560\" \/>\n\t<meta property=\"og:image:height\" content=\"1707\" \/>\n\t<meta property=\"og:image:type\" content=\"image\/jpeg\" \/>\n<meta name=\"author\" content=\"Mzone\" \/>\n<meta name=\"twitter:card\" content=\"summary_large_image\" \/>\n<meta name=\"twitter:label1\" content=\"Written by\" \/>\n\t<meta name=\"twitter:data1\" content=\"Mzone\" \/>\n\t<meta name=\"twitter:label2\" content=\"Est. reading time\" \/>\n\t<meta name=\"twitter:data2\" content=\"3 minutes\" \/>\n<script type=\"application\/ld+json\" class=\"yoast-schema-graph\">{\"@context\":\"https:\\\/\\\/schema.org\",\"@graph\":[{\"@type\":\"Article\",\"@id\":\"https:\\\/\\\/www.mzone.cz\\\/svetr-vime-ktery-vas-zahreje\\\/#article\",\"isPartOf\":{\"@id\":\"https:\\\/\\\/www.mzone.cz\\\/svetr-vime-ktery-vas-zahreje\\\/\"},\"author\":{\"name\":\"Mzone\",\"@id\":\"https:\\\/\\\/www.mzone.cz\\\/#\\\/schema\\\/person\\\/9bc20cc422a99cac4af6ff9297da32d4\"},\"headline\":\"Nen\u00ed svetr jako svetr! V\u00edme, kter\u00fd v\u00e1s skute\u010dn\u011b zah\u0159eje\",\"datePublished\":\"2021-01-13T04:00:24+00:00\",\"dateModified\":\"2021-01-13T11:04:42+00:00\",\"mainEntityOfPage\":{\"@id\":\"https:\\\/\\\/www.mzone.cz\\\/svetr-vime-ktery-vas-zahreje\\\/\"},\"wordCount\":780,\"commentCount\":0,\"image\":{\"@id\":\"https:\\\/\\\/www.mzone.cz\\\/svetr-vime-ktery-vas-zahreje\\\/#primaryimage\"},\"thumbnailUrl\":\"https:\\\/\\\/www.mzone.cz\\\/wp-content\\\/uploads\\\/2020\\\/10\\\/Svetr-scaled.jpg\",\"keywords\":[\"chlad\",\"druhy\",\"druhy svetr\u016f\",\"ka\u0161m\u00edr\",\"M\u00f3da\",\"m\u00f3da a viz\u00e1\u017e\",\"oble\u010den\u00ed\",\"obl\u00e9k\u00e1n\u00ed\",\"p\u00e1nsk\u00e1 m\u00f3da\",\"style\",\"svetr\",\"svetry\",\"tipy\",\"tipy a rady\",\"vlna\",\"v\u00fdb\u011br\",\"zima\"],\"articleSection\":[\"M\u00f3da a viz\u00e1\u017e\",\"Style\"],\"inLanguage\":\"en-US\",\"potentialAction\":[{\"@type\":\"CommentAction\",\"name\":\"Comment\",\"target\":[\"https:\\\/\\\/www.mzone.cz\\\/svetr-vime-ktery-vas-zahreje\\\/#respond\"]}]},{\"@type\":\"WebPage\",\"@id\":\"https:\\\/\\\/www.mzone.cz\\\/svetr-vime-ktery-vas-zahreje\\\/\",\"url\":\"https:\\\/\\\/www.mzone.cz\\\/svetr-vime-ktery-vas-zahreje\\\/\",\"name\":\"Nen\u00ed svetr jako svetr! V\u00edme, kter\u00fd v\u00e1s skute\u010dn\u011b zah\u0159eje - Mzone\",\"isPartOf\":{\"@id\":\"https:\\\/\\\/www.mzone.cz\\\/#website\"},\"primaryImageOfPage\":{\"@id\":\"https:\\\/\\\/www.mzone.cz\\\/svetr-vime-ktery-vas-zahreje\\\/#primaryimage\"},\"image\":{\"@id\":\"https:\\\/\\\/www.mzone.cz\\\/svetr-vime-ktery-vas-zahreje\\\/#primaryimage\"},\"thumbnailUrl\":\"https:\\\/\\\/www.mzone.cz\\\/wp-content\\\/uploads\\\/2020\\\/10\\\/Svetr-scaled.jpg\",\"datePublished\":\"2021-01-13T04:00:24+00:00\",\"dateModified\":\"2021-01-13T11:04:42+00:00\",\"author\":{\"@id\":\"https:\\\/\\\/www.mzone.cz\\\/#\\\/schema\\\/person\\\/9bc20cc422a99cac4af6ff9297da32d4\"},\"description\":\"Tak jako se m\u016f\u017eete spolehnout na to, \u017ee na podzim pad\u00e1 list\u00ed, je jist\u00e9, \u017ee doma nikomu nechyb\u00ed alespo\u0148 jeden svetr. D\u0159\u00edve \u010di pozd\u011bji v\u00e1s chladn\u011bj\u0161\u00ed podzimn\u00ed r\u00e1na donut\u00ed po n\u011bm s\u00e1hnout a v zim\u011b \u201cu\u017e nen\u00ed o \u010dem\u201c.\",\"breadcrumb\":{\"@id\":\"https:\\\/\\\/www.mzone.cz\\\/svetr-vime-ktery-vas-zahreje\\\/#breadcrumb\"},\"inLanguage\":\"en-US\",\"potentialAction\":[{\"@type\":\"ReadAction\",\"target\":[\"https:\\\/\\\/www.mzone.cz\\\/svetr-vime-ktery-vas-zahreje\\\/\"]}]},{\"@type\":\"ImageObject\",\"inLanguage\":\"en-US\",\"@id\":\"https:\\\/\\\/www.mzone.cz\\\/svetr-vime-ktery-vas-zahreje\\\/#primaryimage\",\"url\":\"https:\\\/\\\/www.mzone.cz\\\/wp-content\\\/uploads\\\/2020\\\/10\\\/Svetr-scaled.jpg\",\"contentUrl\":\"https:\\\/\\\/www.mzone.cz\\\/wp-content\\\/uploads\\\/2020\\\/10\\\/Svetr-scaled.jpg\",\"width\":2560,\"height\":1707,\"caption\":\"Svetr\"},{\"@type\":\"BreadcrumbList\",\"@id\":\"https:\\\/\\\/www.mzone.cz\\\/svetr-vime-ktery-vas-zahreje\\\/#breadcrumb\",\"itemListElement\":[{\"@type\":\"ListItem\",\"position\":1,\"name\":\"Dom\u016f\",\"item\":\"https:\\\/\\\/www.mzone.cz\\\/\"},{\"@type\":\"ListItem\",\"position\":2,\"name\":\"Nen\u00ed svetr jako svetr! V\u00edme, kter\u00fd v\u00e1s skute\u010dn\u011b zah\u0159eje\"}]},{\"@type\":\"WebSite\",\"@id\":\"https:\\\/\\\/www.mzone.cz\\\/#website\",\"url\":\"https:\\\/\\\/www.mzone.cz\\\/\",\"name\":\"Mzone\",\"description\":\"Magaz\u00edn nejen pro mu\u017ee\",\"potentialAction\":[{\"@type\":\"SearchAction\",\"target\":{\"@type\":\"EntryPoint\",\"urlTemplate\":\"https:\\\/\\\/www.mzone.cz\\\/?s={search_term_string}\"},\"query-input\":{\"@type\":\"PropertyValueSpecification\",\"valueRequired\":true,\"valueName\":\"search_term_string\"}}],\"inLanguage\":\"en-US\"},{\"@type\":\"Person\",\"@id\":\"https:\\\/\\\/www.mzone.cz\\\/#\\\/schema\\\/person\\\/9bc20cc422a99cac4af6ff9297da32d4\",\"name\":\"Mzone\",\"image\":{\"@type\":\"ImageObject\",\"inLanguage\":\"en-US\",\"@id\":\"https:\\\/\\\/secure.gravatar.com\\\/avatar\\\/e780a8630f3182a3d06dd667ab6bea151a0d155b0951bc15fe22633acdac0676?s=96&d=mm&r=g\",\"url\":\"https:\\\/\\\/secure.gravatar.com\\\/avatar\\\/e780a8630f3182a3d06dd667ab6bea151a0d155b0951bc15fe22633acdac0676?s=96&d=mm&r=g\",\"contentUrl\":\"https:\\\/\\\/secure.gravatar.com\\\/avatar\\\/e780a8630f3182a3d06dd667ab6bea151a0d155b0951bc15fe22633acdac0676?s=96&d=mm&r=g\",\"caption\":\"Mzone\"},\"url\":\"https:\\\/\\\/www.mzone.cz\\\/en\\\/author\\\/jakub\\\/\"}]}<\/script>\n<!-- \/ Yoast SEO plugin. -->","yoast_head_json":{"title":"Nen\u00ed svetr jako svetr! V\u00edme, kter\u00fd v\u00e1s skute\u010dn\u011b zah\u0159eje - Mzone","description":"Tak jako se m\u016f\u017eete spolehnout na to, \u017ee na podzim pad\u00e1 list\u00ed, je jist\u00e9, \u017ee doma nikomu nechyb\u00ed alespo\u0148 jeden svetr. D\u0159\u00edve \u010di pozd\u011bji v\u00e1s chladn\u011bj\u0161\u00ed podzimn\u00ed r\u00e1na donut\u00ed po n\u011bm s\u00e1hnout a v zim\u011b \u201cu\u017e nen\u00ed o \u010dem\u201c.","robots":{"index":"index","follow":"follow","max-snippet":"max-snippet:-1","max-image-preview":"max-image-preview:large","max-video-preview":"max-video-preview:-1"},"canonical":"https:\/\/www.mzone.cz\/en\/svetr-vime-ktery-vas-zahreje\/","og_locale":"en_US","og_type":"article","og_title":"Nen\u00ed svetr jako svetr! V\u00edme, kter\u00fd v\u00e1s skute\u010dn\u011b zah\u0159eje - Mzone","og_description":"Tak jako se m\u016f\u017eete spolehnout na to, \u017ee na podzim pad\u00e1 list\u00ed, je jist\u00e9, \u017ee doma nikomu nechyb\u00ed alespo\u0148 jeden svetr. D\u0159\u00edve \u010di pozd\u011bji v\u00e1s chladn\u011bj\u0161\u00ed podzimn\u00ed r\u00e1na donut\u00ed po n\u011bm s\u00e1hnout a v zim\u011b \u201cu\u017e nen\u00ed o \u010dem\u201c.","og_url":"https:\/\/www.mzone.cz\/en\/svetr-vime-ktery-vas-zahreje\/","og_site_name":"Mzone","article_publisher":"https:\/\/www.facebook.com\/MzoneCZ\/","article_published_time":"2021-01-13T04:00:24+00:00","article_modified_time":"2021-01-13T11:04:42+00:00","og_image":[{"width":2560,"height":1707,"url":"https:\/\/www.mzone.cz\/wp-content\/uploads\/2020\/10\/Svetr-scaled.jpg","type":"image\/jpeg"}],"author":"Mzone","twitter_card":"summary_large_image","twitter_misc":{"Written by":"Mzone","Est. reading time":"3 minutes"},"schema":{"@context":"https:\/\/schema.org","@graph":[{"@type":"Article","@id":"https:\/\/www.mzone.cz\/svetr-vime-ktery-vas-zahreje\/#article","isPartOf":{"@id":"https:\/\/www.mzone.cz\/svetr-vime-ktery-vas-zahreje\/"},"author":{"name":"Mzone","@id":"https:\/\/www.mzone.cz\/#\/schema\/person\/9bc20cc422a99cac4af6ff9297da32d4"},"headline":"Nen\u00ed svetr jako svetr! V\u00edme, kter\u00fd v\u00e1s skute\u010dn\u011b zah\u0159eje","datePublished":"2021-01-13T04:00:24+00:00","dateModified":"2021-01-13T11:04:42+00:00","mainEntityOfPage":{"@id":"https:\/\/www.mzone.cz\/svetr-vime-ktery-vas-zahreje\/"},"wordCount":780,"commentCount":0,"image":{"@id":"https:\/\/www.mzone.cz\/svetr-vime-ktery-vas-zahreje\/#primaryimage"},"thumbnailUrl":"https:\/\/www.mzone.cz\/wp-content\/uploads\/2020\/10\/Svetr-scaled.jpg","keywords":["chlad","druhy","druhy svetr\u016f","ka\u0161m\u00edr","M\u00f3da","m\u00f3da a viz\u00e1\u017e","oble\u010den\u00ed","obl\u00e9k\u00e1n\u00ed","p\u00e1nsk\u00e1 m\u00f3da","style","svetr","svetry","tipy","tipy a rady","vlna","v\u00fdb\u011br","zima"],"articleSection":["M\u00f3da a viz\u00e1\u017e","Style"],"inLanguage":"en-US","potentialAction":[{"@type":"CommentAction","name":"Comment","target":["https:\/\/www.mzone.cz\/svetr-vime-ktery-vas-zahreje\/#respond"]}]},{"@type":"WebPage","@id":"https:\/\/www.mzone.cz\/svetr-vime-ktery-vas-zahreje\/","url":"https:\/\/www.mzone.cz\/svetr-vime-ktery-vas-zahreje\/","name":"Nen\u00ed svetr jako svetr! V\u00edme, kter\u00fd v\u00e1s skute\u010dn\u011b zah\u0159eje - Mzone","isPartOf":{"@id":"https:\/\/www.mzone.cz\/#website"},"primaryImageOfPage":{"@id":"https:\/\/www.mzone.cz\/svetr-vime-ktery-vas-zahreje\/#primaryimage"},"image":{"@id":"https:\/\/www.mzone.cz\/svetr-vime-ktery-vas-zahreje\/#primaryimage"},"thumbnailUrl":"https:\/\/www.mzone.cz\/wp-content\/uploads\/2020\/10\/Svetr-scaled.jpg","datePublished":"2021-01-13T04:00:24+00:00","dateModified":"2021-01-13T11:04:42+00:00","author":{"@id":"https:\/\/www.mzone.cz\/#\/schema\/person\/9bc20cc422a99cac4af6ff9297da32d4"},"description":"Tak jako se m\u016f\u017eete spolehnout na to, \u017ee na podzim pad\u00e1 list\u00ed, je jist\u00e9, \u017ee doma nikomu nechyb\u00ed alespo\u0148 jeden svetr. D\u0159\u00edve \u010di pozd\u011bji v\u00e1s chladn\u011bj\u0161\u00ed podzimn\u00ed r\u00e1na donut\u00ed po n\u011bm s\u00e1hnout a v zim\u011b \u201cu\u017e nen\u00ed o \u010dem\u201c.","breadcrumb":{"@id":"https:\/\/www.mzone.cz\/svetr-vime-ktery-vas-zahreje\/#breadcrumb"},"inLanguage":"en-US","potentialAction":[{"@type":"ReadAction","target":["https:\/\/www.mzone.cz\/svetr-vime-ktery-vas-zahreje\/"]}]},{"@type":"ImageObject","inLanguage":"en-US","@id":"https:\/\/www.mzone.cz\/svetr-vime-ktery-vas-zahreje\/#primaryimage","url":"https:\/\/www.mzone.cz\/wp-content\/uploads\/2020\/10\/Svetr-scaled.jpg","contentUrl":"https:\/\/www.mzone.cz\/wp-content\/uploads\/2020\/10\/Svetr-scaled.jpg","width":2560,"height":1707,"caption":"Svetr"},{"@type":"BreadcrumbList","@id":"https:\/\/www.mzone.cz\/svetr-vime-ktery-vas-zahreje\/#breadcrumb","itemListElement":[{"@type":"ListItem","position":1,"name":"Dom\u016f","item":"https:\/\/www.mzone.cz\/"},{"@type":"ListItem","position":2,"name":"Nen\u00ed svetr jako svetr! V\u00edme, kter\u00fd v\u00e1s skute\u010dn\u011b zah\u0159eje"}]},{"@type":"WebSite","@id":"https:\/\/www.mzone.cz\/#website","url":"https:\/\/www.mzone.cz\/","name":"Mzone","description":"Magaz\u00edn nejen pro mu\u017ee","potentialAction":[{"@type":"SearchAction","target":{"@type":"EntryPoint","urlTemplate":"https:\/\/www.mzone.cz\/?s={search_term_string}"},"query-input":{"@type":"PropertyValueSpecification","valueRequired":true,"valueName":"search_term_string"}}],"inLanguage":"en-US"},{"@type":"Person","@id":"https:\/\/www.mzone.cz\/#\/schema\/person\/9bc20cc422a99cac4af6ff9297da32d4","name":"Mzone","image":{"@type":"ImageObject","inLanguage":"en-US","@id":"https:\/\/secure.gravatar.com\/avatar\/e780a8630f3182a3d06dd667ab6bea151a0d155b0951bc15fe22633acdac0676?s=96&d=mm&r=g","url":"https:\/\/secure.gravatar.com\/avatar\/e780a8630f3182a3d06dd667ab6bea151a0d155b0951bc15fe22633acdac0676?s=96&d=mm&r=g","contentUrl":"https:\/\/secure.gravatar.com\/avatar\/e780a8630f3182a3d06dd667ab6bea151a0d155b0951bc15fe22633acdac0676?s=96&d=mm&r=g","caption":"Mzone"},"url":"https:\/\/www.mzone.cz\/en\/author\/jakub\/"}]}},"_links":{"self":[{"href":"https:\/\/www.mzone.cz\/en\/wp-json\/wp\/v2\/posts\/25035","targetHints":{"allow":["GET"]}}],"collection":[{"href":"https:\/\/www.mzone.cz\/en\/wp-json\/wp\/v2\/posts"}],"about":[{"href":"https:\/\/www.mzone.cz\/en\/wp-json\/wp\/v2\/types\/post"}],"author":[{"embeddable":true,"href":"https:\/\/www.mzone.cz\/en\/wp-json\/wp\/v2\/users\/4"}],"replies":[{"embeddable":true,"href":"https:\/\/www.mzone.cz\/en\/wp-json\/wp\/v2\/comments?post=25035"}],"version-history":[{"count":13,"href":"https:\/\/www.mzone.cz\/en\/wp-json\/wp\/v2\/posts\/25035\/revisions"}],"predecessor-version":[{"id":27817,"href":"https:\/\/www.mzone.cz\/en\/wp-json\/wp\/v2\/posts\/25035\/revisions\/27817"}],"wp:featuredmedia":[{"embeddable":true,"href":"https:\/\/www.mzone.cz\/en\/wp-json\/wp\/v2\/media\/25036"}],"wp:attachment":[{"href":"https:\/\/www.mzone.cz\/en\/wp-json\/wp\/v2\/media?parent=25035"}],"wp:term":[{"taxonomy":"category","embeddable":true,"href":"https:\/\/www.mzone.cz\/en\/wp-json\/wp\/v2\/categories?post=25035"},{"taxonomy":"post_tag","embeddable":true,"href":"https:\/\/www.mzone.cz\/en\/wp-json\/wp\/v2\/tags?post=25035"}],"curies":[{"name":"wp","href":"https:\/\/api.w.org\/{rel}","templated":true}]}}