{"id":25093,"date":"2020-10-21T05:00:35","date_gmt":"2020-10-21T03:00:35","guid":{"rendered":"https:\/\/www.mzone.cz\/?p=25093"},"modified":"2020-10-21T09:39:04","modified_gmt":"2020-10-21T07:39:04","slug":"tedxprague-se-odsouva-na-neurcito-tema-neviditelne-zustava","status":"publish","type":"post","link":"https:\/\/www.mzone.cz\/en\/tedxprague-se-odsouva-na-neurcito-tema-neviditelne-zustava\/","title":{"rendered":"Leto\u0161n\u00ed TEDx se odsouv\u00e1 na neur\u010dito, t\u00e9ma \u201eNeviditeln\u00e9\u201d z\u016fst\u00e1v\u00e1"},"content":{"rendered":"<p><strong>Z d\u016fvodu epidemie koronaviru a s t\u00edm spojen\u00fdmi vl\u00e1dn\u00edmi na\u0159\u00edzen\u00edmi museli organiz\u00e1to\u0159i TEDxPrague doj\u00edt k t\u011b\u017ek\u00e9mu rozhodnut\u00ed a podzimn\u00ed akci odsunout na neur\u010dito. TEDxPrague se p\u0159esto nevzd\u00e1v\u00e1 a v nejbli\u017e\u0161\u00edm mo\u017en\u00e9m term\u00ednu nab\u00eddne dle slov po\u0159adatel\u016f sv\u00fdm fanou\u0161k\u016fm plnohodnotn\u00fd event!<\/strong><\/p><br>\n\n\n\n<p>Ano, nakonec je to skute\u010dn\u011b tak, tento rok TEDxPrague bohu\u017eel nebude, a\u010dkoliv organiza\u010dn\u00ed t\u00fdm do posledn\u00ed chv\u00edle d\u011blal v\u0161e pro to, aby se akce mohla i v tomto nelehk\u00e9m obdob\u00ed uskute\u010dnit. Leto\u0161n\u00ed t\u00e9ma \u201eNeviditeln\u00e9\u201d ale z\u016fst\u00e1v\u00e1 nad\u00e1le ve h\u0159e a plnohodnotn\u00fd event se bude konat ve chv\u00edli, kdy na to bude vhodn\u00e1 doba.<\/p>\n\n\n\n<blockquote class=\"wp-block-quote is-layout-flow wp-block-quote-is-layout-flow\"><p>\u201eZv\u00edt\u011bzilo zodpov\u011bdn\u00e9 rozhodnut\u00ed a proto\u017ee st\u00e1le v\u011b\u0159\u00edme, \u017ee podstatn\u00fd aspekt <a href=\"https:\/\/www.ted.com\/\" target=\"_blank\" rel=\"noreferrer noopener\">TED akc\u00ed<\/a> je osobn\u00ed setk\u00e1v\u00e1n\u00ed, on-line forma pro n\u00e1s nen\u00ed uspokojivou alternativou. Pracujeme d\u00e1l na p\u0159\u00edprav\u00e1ch nejlep\u0161\u00edho mo\u017en\u00e9ho eventu,\u201d \u0159\u00edk\u00e1 k situaci n\u00e1\u010deln\u00edk TEDxPrague Ji\u0159\u00ed Vodi\u010dka.<\/p><\/blockquote>\n\n\n\n<p>Situace byla v uplynul\u00fdch dnech napjat\u00e1 a organiz\u00e1to\u0159i TEDxPrague do posledn\u00ed chv\u00edle neztr\u00e1celi nad\u011bji a vym\u00fd\u0161leli alternativy, jak akci alespo\u0148 s omezen\u00fdm po\u010dtem n\u00e1v\u0161t\u011bvn\u00edk\u016f uskute\u010dnit. Bohu\u017eel je ale situace v\u00e1\u017en\u00e1 a vzhledem k vl\u00e1dn\u00edm opat\u0159en\u00edm to nakonec nen\u00ed ani p\u0159i nejlep\u0161\u00ed v\u016fli mo\u017en\u00e9.<\/p>\n\n\n\n<figure class=\"wp-block-embed-twitter wp-block-embed is-type-rich is-provider-twitter\"><div class=\"wp-block-embed__wrapper\">\n<blockquote class=\"twitter-tweet\" data-width=\"550\" data-dnt=\"true\"><p lang=\"cs\" dir=\"ltr\">Neviditeln\u00e9 z\u016fst\u00e1v\u00e1 neviditeln\u00fdm. Vzhledem k sou\u010dasn\u00e9 situaci jsme museli doj\u00edt k t\u011b\u017ek\u00e9mu rozhodnut\u00ed. Podzimn\u00ed akci odsouv\u00e1me na neur\u010dito\ud83d\ude14 <a href=\"https:\/\/twitter.com\/hashtag\/tedxprague?src=hash&amp;ref_src=twsrc%5Etfw\">#tedxprague<\/a> <a href=\"https:\/\/twitter.com\/hashtag\/tedxprague2020?src=hash&amp;ref_src=twsrc%5Etfw\">#tedxprague2020<\/a> <a href=\"https:\/\/twitter.com\/hashtag\/neviditelne?src=hash&amp;ref_src=twsrc%5Etfw\">#neviditelne<\/a> <a href=\"https:\/\/t.co\/xheHqFAjH0\">pic.twitter.com\/xheHqFAjH0<\/a><\/p>&mdash; TEDxPrague (@TEDxPrague) <a href=\"https:\/\/twitter.com\/TEDxPrague\/status\/1318525708013101056?ref_src=twsrc%5Etfw\">October 20, 2020<\/a><\/blockquote><script async src=\"https:\/\/platform.twitter.com\/widgets.js\" charset=\"utf-8\"><\/script>\n<\/div><\/figure><br>\n\n\n\n<p>\u201eA\u010dkoliv v t\u00fdmu padaly nejr\u016fzn\u011bj\u0161\u00ed n\u00e1pady, nechceme se v \u017e\u00e1dn\u00e9m p\u0159\u00edpad\u011b chovat nezodpov\u011bdn\u011b a vl\u00e1dn\u00ed opat\u0159en\u00ed jakkoliv kreativn\u011b obch\u00e1zet,\u201d vysv\u011btluje Ji\u0159\u00ed Vodi\u010dka.<\/p><br>\n\n\n\n<p>Pra\u017esk\u00fd TEDx tak nakonec v roce 2020 po deseti \u00fasp\u011b\u0161n\u00fdch ro\u010dn\u00edc\u00edch v \u0159ad\u011b poprv\u00e9 nebude, o to v\u00edc se ale p\u0159\u00edznivci TEDxu mohou t\u011b\u0161it na akci, kter\u00e1 se uskute\u010dn\u00ed v&nbsp;bezpe\u010dn\u00e9 dob\u011b ihned, jakmile to bude mo\u017en\u00e9. Do t\u00e9 doby si v\u0161ichni dr\u017eme palce a u\u017e\u00edvejme si bezeventov\u00e9 obdob\u00ed ve zdrav\u00ed. TEDxPrague se dle slov organiz\u00e1tor\u016f brzy vr\u00e1t\u00ed v pln\u00e9 s\u00edle!<\/p><br>\n\n\n\n<div class=\"wp-block-media-text alignwide is-stacked-on-mobile is-vertically-aligned-top\" style=\"grid-template-columns:36% auto\"><figure class=\"wp-block-media-text__media\"><a href=\"https:\/\/www.mzone.cz\/prazsky-tedx-se-letos-ponori-do-neviditelnych-temat-hned-na-dvou-mistech\/\"><img loading=\"lazy\" decoding=\"async\" width=\"1024\" height=\"683\" src=\"https:\/\/www.mzone.cz\/wp-content\/uploads\/2020\/08\/TEDxPrague-1024x683.jpg\" alt=\"\" class=\"wp-image-23803\" srcset=\"https:\/\/www.mzone.cz\/wp-content\/uploads\/2020\/08\/TEDxPrague-1024x683.jpg 1024w, https:\/\/www.mzone.cz\/wp-content\/uploads\/2020\/08\/TEDxPrague-300x200.jpg 300w, https:\/\/www.mzone.cz\/wp-content\/uploads\/2020\/08\/TEDxPrague-768x512.jpg 768w, https:\/\/www.mzone.cz\/wp-content\/uploads\/2020\/08\/TEDxPrague-800x533.jpg 800w, https:\/\/www.mzone.cz\/wp-content\/uploads\/2020\/08\/TEDxPrague-400x267.jpg 400w, https:\/\/www.mzone.cz\/wp-content\/uploads\/2020\/08\/TEDxPrague-500x333.jpg 500w, https:\/\/www.mzone.cz\/wp-content\/uploads\/2020\/08\/TEDxPrague-590x393.jpg 590w, https:\/\/www.mzone.cz\/wp-content\/uploads\/2020\/08\/TEDxPrague.jpg 1107w\" sizes=\"auto, (max-width: 1024px) 100vw, 1024px\" \/><\/a><\/figure><div class=\"wp-block-media-text__content\">\n<h4><a href=\"https:\/\/www.mzone.cz\/prazsky-tedx-se-letos-ponori-do-neviditelnych-temat-hned-na-dvou-mistech\/\">Pra\u017esk\u00fd TEDx se letos pono\u0159\u00ed do neviditeln\u00fdch t\u00e9mat! Konat se bude hned na dvou m\u00edstech najednou<\/a><\/h4><br>\n<\/div><\/div>","protected":false},"excerpt":{"rendered":"<p>Z d\u016fvodu epidemie koronaviru a s t\u00edm spojen\u00fdmi vl\u00e1dn\u00edmi na\u0159\u00edzen\u00edmi museli organiz\u00e1to\u0159i TEDxPrague doj\u00edt k t\u011b\u017ek\u00e9mu rozhodnut\u00ed a podzimn\u00ed akci odsunout na neur\u010dito. TEDxPrague se p\u0159esto nevzd\u00e1v\u00e1 a v nejbli\u017e\u0161\u00edm mo\u017en\u00e9m term\u00ednu nab\u00eddne dle slov po\u0159adatel\u016f sv\u00fdm fanou\u0161k\u016fm plnohodnotn\u00fd event! Ano, nakonec je to skute\u010dn\u011b tak, tento rok TEDxPrague bohu\u017eel nebude, a\u010dkoliv organiza\u010dn\u00ed t\u00fdm do [&hellip;]<\/p>\n","protected":false},"author":4,"featured_media":24405,"comment_status":"open","ping_status":"closed","sticky":false,"template":"","format":"standard","meta":{"kk_blocks_editor_width":"","_kiokenblocks_attr":"","_kiokenblocks_dimensions":"","footnotes":""},"categories":[25],"tags":[147,3619,3013,4108,1420,1283,3560,3571,4274,490,1279,3621,2091],"class_list":["post-25093","post","type-post","status-publish","format-standard","has-post-thumbnail","hentry","category-style","tag-akce","tag-covid-19","tag-epidemie","tag-event","tag-komplikace","tag-konference","tag-koronavirus","tag-pandemie","tag-presunuti","tag-style","tag-tedx","tag-tedxprague","tag-zmena"],"yoast_head":"<!-- This site is optimized with the Yoast SEO plugin v27.5 - https:\/\/yoast.com\/product\/yoast-seo-wordpress\/ -->\n<title>Leto\u0161n\u00ed TEDx se odsouv\u00e1 na neur\u010dito, t\u00e9ma \u201eNeviditeln\u00e9\u201d z\u016fst\u00e1v\u00e1 - Mzone<\/title>\n<meta name=\"description\" content=\"Z d\u016fvodu epidemie koronaviru museli organiz\u00e1to\u0159i TEDxPrague doj\u00edt k t\u011b\u017ek\u00e9mu rozhodnut\u00ed a podzimn\u00ed akci odsunout na neur\u010dito.\" \/>\n<meta name=\"robots\" content=\"index, follow, max-snippet:-1, max-image-preview:large, max-video-preview:-1\" \/>\n<link rel=\"canonical\" href=\"https:\/\/www.mzone.cz\/en\/tedxprague-se-odsouva-na-neurcito-tema-neviditelne-zustava\/\" \/>\n<meta property=\"og:locale\" content=\"en_US\" \/>\n<meta property=\"og:type\" content=\"article\" \/>\n<meta property=\"og:title\" content=\"Leto\u0161n\u00ed TEDx se odsouv\u00e1 na neur\u010dito, t\u00e9ma \u201eNeviditeln\u00e9\u201d z\u016fst\u00e1v\u00e1 - Mzone\" \/>\n<meta property=\"og:description\" content=\"Z d\u016fvodu epidemie koronaviru museli organiz\u00e1to\u0159i TEDxPrague doj\u00edt k t\u011b\u017ek\u00e9mu rozhodnut\u00ed a podzimn\u00ed akci odsunout na neur\u010dito.\" \/>\n<meta property=\"og:url\" content=\"https:\/\/www.mzone.cz\/en\/tedxprague-se-odsouva-na-neurcito-tema-neviditelne-zustava\/\" \/>\n<meta property=\"og:site_name\" content=\"Mzone\" \/>\n<meta property=\"article:publisher\" content=\"https:\/\/www.facebook.com\/MzoneCZ\/\" \/>\n<meta property=\"article:published_time\" content=\"2020-10-21T03:00:35+00:00\" \/>\n<meta property=\"article:modified_time\" content=\"2020-10-21T07:39:04+00:00\" \/>\n<meta property=\"og:image\" content=\"https:\/\/www.mzone.cz\/wp-content\/uploads\/2020\/09\/49044269716_00014ee6e8_o.jpg\" \/>\n\t<meta property=\"og:image:width\" content=\"1443\" \/>\n\t<meta property=\"og:image:height\" content=\"962\" \/>\n\t<meta property=\"og:image:type\" content=\"image\/jpeg\" \/>\n<meta name=\"author\" content=\"Mzone\" \/>\n<meta name=\"twitter:card\" content=\"summary_large_image\" \/>\n<meta name=\"twitter:label1\" content=\"Written by\" \/>\n\t<meta name=\"twitter:data1\" content=\"Mzone\" \/>\n\t<meta name=\"twitter:label2\" content=\"Est. reading time\" \/>\n\t<meta name=\"twitter:data2\" content=\"2 minutes\" \/>\n<script type=\"application\/ld+json\" class=\"yoast-schema-graph\">{\"@context\":\"https:\\\/\\\/schema.org\",\"@graph\":[{\"@type\":\"Article\",\"@id\":\"https:\\\/\\\/www.mzone.cz\\\/tedxprague-se-odsouva-na-neurcito-tema-neviditelne-zustava\\\/#article\",\"isPartOf\":{\"@id\":\"https:\\\/\\\/www.mzone.cz\\\/tedxprague-se-odsouva-na-neurcito-tema-neviditelne-zustava\\\/\"},\"author\":{\"name\":\"Mzone\",\"@id\":\"https:\\\/\\\/www.mzone.cz\\\/#\\\/schema\\\/person\\\/9bc20cc422a99cac4af6ff9297da32d4\"},\"headline\":\"Leto\u0161n\u00ed TEDx se odsouv\u00e1 na neur\u010dito, t\u00e9ma \u201eNeviditeln\u00e9\u201d z\u016fst\u00e1v\u00e1\",\"datePublished\":\"2020-10-21T03:00:35+00:00\",\"dateModified\":\"2020-10-21T07:39:04+00:00\",\"mainEntityOfPage\":{\"@id\":\"https:\\\/\\\/www.mzone.cz\\\/tedxprague-se-odsouva-na-neurcito-tema-neviditelne-zustava\\\/\"},\"wordCount\":408,\"commentCount\":0,\"image\":{\"@id\":\"https:\\\/\\\/www.mzone.cz\\\/tedxprague-se-odsouva-na-neurcito-tema-neviditelne-zustava\\\/#primaryimage\"},\"thumbnailUrl\":\"https:\\\/\\\/www.mzone.cz\\\/wp-content\\\/uploads\\\/2020\\\/09\\\/49044269716_00014ee6e8_o.jpg\",\"keywords\":[\"akce\",\"COVID-19\",\"epidemie\",\"event\",\"komplikace\",\"konference\",\"koronavirus\",\"pandemie\",\"p\u0159esunut\u00ed\",\"style\",\"TEDx\",\"TEDxPrague\",\"zm\u011bna\"],\"articleSection\":[\"Style\"],\"inLanguage\":\"en-US\",\"potentialAction\":[{\"@type\":\"CommentAction\",\"name\":\"Comment\",\"target\":[\"https:\\\/\\\/www.mzone.cz\\\/tedxprague-se-odsouva-na-neurcito-tema-neviditelne-zustava\\\/#respond\"]}]},{\"@type\":\"WebPage\",\"@id\":\"https:\\\/\\\/www.mzone.cz\\\/tedxprague-se-odsouva-na-neurcito-tema-neviditelne-zustava\\\/\",\"url\":\"https:\\\/\\\/www.mzone.cz\\\/tedxprague-se-odsouva-na-neurcito-tema-neviditelne-zustava\\\/\",\"name\":\"Leto\u0161n\u00ed TEDx se odsouv\u00e1 na neur\u010dito, t\u00e9ma \u201eNeviditeln\u00e9\u201d z\u016fst\u00e1v\u00e1 - Mzone\",\"isPartOf\":{\"@id\":\"https:\\\/\\\/www.mzone.cz\\\/#website\"},\"primaryImageOfPage\":{\"@id\":\"https:\\\/\\\/www.mzone.cz\\\/tedxprague-se-odsouva-na-neurcito-tema-neviditelne-zustava\\\/#primaryimage\"},\"image\":{\"@id\":\"https:\\\/\\\/www.mzone.cz\\\/tedxprague-se-odsouva-na-neurcito-tema-neviditelne-zustava\\\/#primaryimage\"},\"thumbnailUrl\":\"https:\\\/\\\/www.mzone.cz\\\/wp-content\\\/uploads\\\/2020\\\/09\\\/49044269716_00014ee6e8_o.jpg\",\"datePublished\":\"2020-10-21T03:00:35+00:00\",\"dateModified\":\"2020-10-21T07:39:04+00:00\",\"author\":{\"@id\":\"https:\\\/\\\/www.mzone.cz\\\/#\\\/schema\\\/person\\\/9bc20cc422a99cac4af6ff9297da32d4\"},\"description\":\"Z d\u016fvodu epidemie koronaviru museli organiz\u00e1to\u0159i TEDxPrague doj\u00edt k t\u011b\u017ek\u00e9mu rozhodnut\u00ed a podzimn\u00ed akci odsunout na neur\u010dito.\",\"breadcrumb\":{\"@id\":\"https:\\\/\\\/www.mzone.cz\\\/tedxprague-se-odsouva-na-neurcito-tema-neviditelne-zustava\\\/#breadcrumb\"},\"inLanguage\":\"en-US\",\"potentialAction\":[{\"@type\":\"ReadAction\",\"target\":[\"https:\\\/\\\/www.mzone.cz\\\/tedxprague-se-odsouva-na-neurcito-tema-neviditelne-zustava\\\/\"]}]},{\"@type\":\"ImageObject\",\"inLanguage\":\"en-US\",\"@id\":\"https:\\\/\\\/www.mzone.cz\\\/tedxprague-se-odsouva-na-neurcito-tema-neviditelne-zustava\\\/#primaryimage\",\"url\":\"https:\\\/\\\/www.mzone.cz\\\/wp-content\\\/uploads\\\/2020\\\/09\\\/49044269716_00014ee6e8_o.jpg\",\"contentUrl\":\"https:\\\/\\\/www.mzone.cz\\\/wp-content\\\/uploads\\\/2020\\\/09\\\/49044269716_00014ee6e8_o.jpg\",\"width\":1443,\"height\":962,\"caption\":\"TEDxPrague\"},{\"@type\":\"BreadcrumbList\",\"@id\":\"https:\\\/\\\/www.mzone.cz\\\/tedxprague-se-odsouva-na-neurcito-tema-neviditelne-zustava\\\/#breadcrumb\",\"itemListElement\":[{\"@type\":\"ListItem\",\"position\":1,\"name\":\"Dom\u016f\",\"item\":\"https:\\\/\\\/www.mzone.cz\\\/\"},{\"@type\":\"ListItem\",\"position\":2,\"name\":\"Leto\u0161n\u00ed TEDx se odsouv\u00e1 na neur\u010dito, t\u00e9ma \u201eNeviditeln\u00e9\u201d z\u016fst\u00e1v\u00e1\"}]},{\"@type\":\"WebSite\",\"@id\":\"https:\\\/\\\/www.mzone.cz\\\/#website\",\"url\":\"https:\\\/\\\/www.mzone.cz\\\/\",\"name\":\"Mzone\",\"description\":\"Magaz\u00edn nejen pro mu\u017ee\",\"potentialAction\":[{\"@type\":\"SearchAction\",\"target\":{\"@type\":\"EntryPoint\",\"urlTemplate\":\"https:\\\/\\\/www.mzone.cz\\\/?s={search_term_string}\"},\"query-input\":{\"@type\":\"PropertyValueSpecification\",\"valueRequired\":true,\"valueName\":\"search_term_string\"}}],\"inLanguage\":\"en-US\"},{\"@type\":\"Person\",\"@id\":\"https:\\\/\\\/www.mzone.cz\\\/#\\\/schema\\\/person\\\/9bc20cc422a99cac4af6ff9297da32d4\",\"name\":\"Mzone\",\"image\":{\"@type\":\"ImageObject\",\"inLanguage\":\"en-US\",\"@id\":\"https:\\\/\\\/secure.gravatar.com\\\/avatar\\\/e780a8630f3182a3d06dd667ab6bea151a0d155b0951bc15fe22633acdac0676?s=96&d=mm&r=g\",\"url\":\"https:\\\/\\\/secure.gravatar.com\\\/avatar\\\/e780a8630f3182a3d06dd667ab6bea151a0d155b0951bc15fe22633acdac0676?s=96&d=mm&r=g\",\"contentUrl\":\"https:\\\/\\\/secure.gravatar.com\\\/avatar\\\/e780a8630f3182a3d06dd667ab6bea151a0d155b0951bc15fe22633acdac0676?s=96&d=mm&r=g\",\"caption\":\"Mzone\"},\"url\":\"https:\\\/\\\/www.mzone.cz\\\/en\\\/author\\\/jakub\\\/\"}]}<\/script>\n<!-- \/ Yoast SEO plugin. -->","yoast_head_json":{"title":"Leto\u0161n\u00ed TEDx se odsouv\u00e1 na neur\u010dito, t\u00e9ma \u201eNeviditeln\u00e9\u201d z\u016fst\u00e1v\u00e1 - Mzone","description":"Z d\u016fvodu epidemie koronaviru museli organiz\u00e1to\u0159i TEDxPrague doj\u00edt k t\u011b\u017ek\u00e9mu rozhodnut\u00ed a podzimn\u00ed akci odsunout na neur\u010dito.","robots":{"index":"index","follow":"follow","max-snippet":"max-snippet:-1","max-image-preview":"max-image-preview:large","max-video-preview":"max-video-preview:-1"},"canonical":"https:\/\/www.mzone.cz\/en\/tedxprague-se-odsouva-na-neurcito-tema-neviditelne-zustava\/","og_locale":"en_US","og_type":"article","og_title":"Leto\u0161n\u00ed TEDx se odsouv\u00e1 na neur\u010dito, t\u00e9ma \u201eNeviditeln\u00e9\u201d z\u016fst\u00e1v\u00e1 - Mzone","og_description":"Z d\u016fvodu epidemie koronaviru museli organiz\u00e1to\u0159i TEDxPrague doj\u00edt k t\u011b\u017ek\u00e9mu rozhodnut\u00ed a podzimn\u00ed akci odsunout na neur\u010dito.","og_url":"https:\/\/www.mzone.cz\/en\/tedxprague-se-odsouva-na-neurcito-tema-neviditelne-zustava\/","og_site_name":"Mzone","article_publisher":"https:\/\/www.facebook.com\/MzoneCZ\/","article_published_time":"2020-10-21T03:00:35+00:00","article_modified_time":"2020-10-21T07:39:04+00:00","og_image":[{"width":1443,"height":962,"url":"https:\/\/www.mzone.cz\/wp-content\/uploads\/2020\/09\/49044269716_00014ee6e8_o.jpg","type":"image\/jpeg"}],"author":"Mzone","twitter_card":"summary_large_image","twitter_misc":{"Written by":"Mzone","Est. reading time":"2 minutes"},"schema":{"@context":"https:\/\/schema.org","@graph":[{"@type":"Article","@id":"https:\/\/www.mzone.cz\/tedxprague-se-odsouva-na-neurcito-tema-neviditelne-zustava\/#article","isPartOf":{"@id":"https:\/\/www.mzone.cz\/tedxprague-se-odsouva-na-neurcito-tema-neviditelne-zustava\/"},"author":{"name":"Mzone","@id":"https:\/\/www.mzone.cz\/#\/schema\/person\/9bc20cc422a99cac4af6ff9297da32d4"},"headline":"Leto\u0161n\u00ed TEDx se odsouv\u00e1 na neur\u010dito, t\u00e9ma \u201eNeviditeln\u00e9\u201d z\u016fst\u00e1v\u00e1","datePublished":"2020-10-21T03:00:35+00:00","dateModified":"2020-10-21T07:39:04+00:00","mainEntityOfPage":{"@id":"https:\/\/www.mzone.cz\/tedxprague-se-odsouva-na-neurcito-tema-neviditelne-zustava\/"},"wordCount":408,"commentCount":0,"image":{"@id":"https:\/\/www.mzone.cz\/tedxprague-se-odsouva-na-neurcito-tema-neviditelne-zustava\/#primaryimage"},"thumbnailUrl":"https:\/\/www.mzone.cz\/wp-content\/uploads\/2020\/09\/49044269716_00014ee6e8_o.jpg","keywords":["akce","COVID-19","epidemie","event","komplikace","konference","koronavirus","pandemie","p\u0159esunut\u00ed","style","TEDx","TEDxPrague","zm\u011bna"],"articleSection":["Style"],"inLanguage":"en-US","potentialAction":[{"@type":"CommentAction","name":"Comment","target":["https:\/\/www.mzone.cz\/tedxprague-se-odsouva-na-neurcito-tema-neviditelne-zustava\/#respond"]}]},{"@type":"WebPage","@id":"https:\/\/www.mzone.cz\/tedxprague-se-odsouva-na-neurcito-tema-neviditelne-zustava\/","url":"https:\/\/www.mzone.cz\/tedxprague-se-odsouva-na-neurcito-tema-neviditelne-zustava\/","name":"Leto\u0161n\u00ed TEDx se odsouv\u00e1 na neur\u010dito, t\u00e9ma \u201eNeviditeln\u00e9\u201d z\u016fst\u00e1v\u00e1 - Mzone","isPartOf":{"@id":"https:\/\/www.mzone.cz\/#website"},"primaryImageOfPage":{"@id":"https:\/\/www.mzone.cz\/tedxprague-se-odsouva-na-neurcito-tema-neviditelne-zustava\/#primaryimage"},"image":{"@id":"https:\/\/www.mzone.cz\/tedxprague-se-odsouva-na-neurcito-tema-neviditelne-zustava\/#primaryimage"},"thumbnailUrl":"https:\/\/www.mzone.cz\/wp-content\/uploads\/2020\/09\/49044269716_00014ee6e8_o.jpg","datePublished":"2020-10-21T03:00:35+00:00","dateModified":"2020-10-21T07:39:04+00:00","author":{"@id":"https:\/\/www.mzone.cz\/#\/schema\/person\/9bc20cc422a99cac4af6ff9297da32d4"},"description":"Z d\u016fvodu epidemie koronaviru museli organiz\u00e1to\u0159i TEDxPrague doj\u00edt k t\u011b\u017ek\u00e9mu rozhodnut\u00ed a podzimn\u00ed akci odsunout na neur\u010dito.","breadcrumb":{"@id":"https:\/\/www.mzone.cz\/tedxprague-se-odsouva-na-neurcito-tema-neviditelne-zustava\/#breadcrumb"},"inLanguage":"en-US","potentialAction":[{"@type":"ReadAction","target":["https:\/\/www.mzone.cz\/tedxprague-se-odsouva-na-neurcito-tema-neviditelne-zustava\/"]}]},{"@type":"ImageObject","inLanguage":"en-US","@id":"https:\/\/www.mzone.cz\/tedxprague-se-odsouva-na-neurcito-tema-neviditelne-zustava\/#primaryimage","url":"https:\/\/www.mzone.cz\/wp-content\/uploads\/2020\/09\/49044269716_00014ee6e8_o.jpg","contentUrl":"https:\/\/www.mzone.cz\/wp-content\/uploads\/2020\/09\/49044269716_00014ee6e8_o.jpg","width":1443,"height":962,"caption":"TEDxPrague"},{"@type":"BreadcrumbList","@id":"https:\/\/www.mzone.cz\/tedxprague-se-odsouva-na-neurcito-tema-neviditelne-zustava\/#breadcrumb","itemListElement":[{"@type":"ListItem","position":1,"name":"Dom\u016f","item":"https:\/\/www.mzone.cz\/"},{"@type":"ListItem","position":2,"name":"Leto\u0161n\u00ed TEDx se odsouv\u00e1 na neur\u010dito, t\u00e9ma \u201eNeviditeln\u00e9\u201d z\u016fst\u00e1v\u00e1"}]},{"@type":"WebSite","@id":"https:\/\/www.mzone.cz\/#website","url":"https:\/\/www.mzone.cz\/","name":"Mzone","description":"Magaz\u00edn nejen pro mu\u017ee","potentialAction":[{"@type":"SearchAction","target":{"@type":"EntryPoint","urlTemplate":"https:\/\/www.mzone.cz\/?s={search_term_string}"},"query-input":{"@type":"PropertyValueSpecification","valueRequired":true,"valueName":"search_term_string"}}],"inLanguage":"en-US"},{"@type":"Person","@id":"https:\/\/www.mzone.cz\/#\/schema\/person\/9bc20cc422a99cac4af6ff9297da32d4","name":"Mzone","image":{"@type":"ImageObject","inLanguage":"en-US","@id":"https:\/\/secure.gravatar.com\/avatar\/e780a8630f3182a3d06dd667ab6bea151a0d155b0951bc15fe22633acdac0676?s=96&d=mm&r=g","url":"https:\/\/secure.gravatar.com\/avatar\/e780a8630f3182a3d06dd667ab6bea151a0d155b0951bc15fe22633acdac0676?s=96&d=mm&r=g","contentUrl":"https:\/\/secure.gravatar.com\/avatar\/e780a8630f3182a3d06dd667ab6bea151a0d155b0951bc15fe22633acdac0676?s=96&d=mm&r=g","caption":"Mzone"},"url":"https:\/\/www.mzone.cz\/en\/author\/jakub\/"}]}},"_links":{"self":[{"href":"https:\/\/www.mzone.cz\/en\/wp-json\/wp\/v2\/posts\/25093","targetHints":{"allow":["GET"]}}],"collection":[{"href":"https:\/\/www.mzone.cz\/en\/wp-json\/wp\/v2\/posts"}],"about":[{"href":"https:\/\/www.mzone.cz\/en\/wp-json\/wp\/v2\/types\/post"}],"author":[{"embeddable":true,"href":"https:\/\/www.mzone.cz\/en\/wp-json\/wp\/v2\/users\/4"}],"replies":[{"embeddable":true,"href":"https:\/\/www.mzone.cz\/en\/wp-json\/wp\/v2\/comments?post=25093"}],"version-history":[{"count":11,"href":"https:\/\/www.mzone.cz\/en\/wp-json\/wp\/v2\/posts\/25093\/revisions"}],"predecessor-version":[{"id":25154,"href":"https:\/\/www.mzone.cz\/en\/wp-json\/wp\/v2\/posts\/25093\/revisions\/25154"}],"wp:featuredmedia":[{"embeddable":true,"href":"https:\/\/www.mzone.cz\/en\/wp-json\/wp\/v2\/media\/24405"}],"wp:attachment":[{"href":"https:\/\/www.mzone.cz\/en\/wp-json\/wp\/v2\/media?parent=25093"}],"wp:term":[{"taxonomy":"category","embeddable":true,"href":"https:\/\/www.mzone.cz\/en\/wp-json\/wp\/v2\/categories?post=25093"},{"taxonomy":"post_tag","embeddable":true,"href":"https:\/\/www.mzone.cz\/en\/wp-json\/wp\/v2\/tags?post=25093"}],"curies":[{"name":"wp","href":"https:\/\/api.w.org\/{rel}","templated":true}]}}