{"id":25137,"date":"2020-11-25T05:00:47","date_gmt":"2020-11-25T04:00:47","guid":{"rendered":"https:\/\/www.mzone.cz\/?p=25137"},"modified":"2020-10-21T09:23:33","modified_gmt":"2020-10-21T07:23:33","slug":"volkswagen-k70-slavi-padesatiny","status":"publish","type":"post","link":"https:\/\/www.mzone.cz\/en\/volkswagen-k70-slavi-padesatiny\/","title":{"rendered":"Happy Birthday K70! Tich\u00fd revolucion\u00e1\u0159 slav\u00ed pades\u00e1tiny, zn\u00e1te ho?"},"content":{"rendered":"<p><strong>\u201eVW K70 si zamilujete. Proto\u017ee VW s\u00a0n\u00edm za\u010d\u00edn\u00e1 zcela novou kapitolu.\u201c S\u00a0reklamn\u00edm sloganem v\u00a0tomto zn\u011bn\u00ed p\u0159i\u0161el p\u0159ed 50 lety na trh Volkswagen K70. Sedan st\u0159edn\u00ed t\u0159\u00eddy zah\u00e1jil u Volkswagenu novou \u00e9ru kapalinou chlazen\u00fdm motorem, pohonem p\u0159edn\u00edch kol a modern\u00edm designem.<\/strong><\/p><br>\n\n\n\n<p>Volkswagen p\u0159edstavil 20. \u0159\u00edjna 1970 na tiskov\u00e9 konferenci v&nbsp;Salzgitteru nov\u00fd model K70 spole\u010dn\u011b s v\u00fdrobn\u00edm z\u00e1vodem vybudovan\u00fdm speci\u00e1ln\u011b pro produkci tohoto vozidla. Tiskov\u00e9 podklady slibovaly: \u201eNov\u00fd Volkswagen, jin\u00fd ne\u017e v\u0161echny dosavadn\u00ed \u2013 to je VW K70.\u201c A sedan se stup\u0148ovitou z\u00e1d\u00ed vskutku ukazoval v&nbsp;mnoha ohledech nov\u00fd sm\u011br. Volkswagen st\u00e1l s&nbsp;t\u00edmto modelem na prahu nov\u00e9, \u00fasp\u011b\u0161n\u00e9 \u00e9ry.<\/p><br>\n\n\n\n<h2 class=\"wp-block-heading\"><strong>Technika<\/strong><\/h2>\n\n\n\n<p>Volkswagen p\u0159e\u0161el s\u00a0kapalinou chlazen\u00fdm motorem a pohonem p\u0159edn\u00edch kol v\u00a0modelu K70 na koncept pohonu, kter\u00fd byl pro tuto zna\u010dku zcela nov\u00fd, ale pozd\u011bji se \u00fasp\u011b\u0161n\u011b prosadil v\u00a0modelech Passat a Golf. K70 disponoval podvozkem s\u00a0nez\u00e1visl\u00fdm zav\u011b\u0161en\u00edm v\u0161ech kol, kter\u00fd odpov\u00eddal nejmodern\u011bj\u0161\u00edm standard\u016fm. Mimo\u0159\u00e1dn\u011b dlouh\u00fd rozvor umo\u017enil vytvo\u0159it velkoryse prostorn\u00fd interi\u00e9r a p\u0159isp\u00edval k\u00a0nadm\u00edru p\u0159\u00edjemn\u00e9mu cestov\u00e1n\u00ed.<\/p><br>\n\n\n\n<figure class=\"wp-block-image size-large\"><img loading=\"lazy\" decoding=\"async\" width=\"1024\" height=\"683\" src=\"https:\/\/www.mzone.cz\/wp-content\/uploads\/2020\/10\/DB2020AL01107_overfull-1024x683.jpg\" alt=\"Volkswagen K70\" class=\"wp-image-25140\" srcset=\"https:\/\/www.mzone.cz\/wp-content\/uploads\/2020\/10\/DB2020AL01107_overfull-1024x683.jpg 1024w, https:\/\/www.mzone.cz\/wp-content\/uploads\/2020\/10\/DB2020AL01107_overfull-300x200.jpg 300w, https:\/\/www.mzone.cz\/wp-content\/uploads\/2020\/10\/DB2020AL01107_overfull-768x512.jpg 768w, https:\/\/www.mzone.cz\/wp-content\/uploads\/2020\/10\/DB2020AL01107_overfull-1536x1024.jpg 1536w, https:\/\/www.mzone.cz\/wp-content\/uploads\/2020\/10\/DB2020AL01107_overfull-2048x1365.jpg 2048w, https:\/\/www.mzone.cz\/wp-content\/uploads\/2020\/10\/DB2020AL01107_overfull-16x12.jpg 16w, https:\/\/www.mzone.cz\/wp-content\/uploads\/2020\/10\/DB2020AL01107_overfull-800x533.jpg 800w, https:\/\/www.mzone.cz\/wp-content\/uploads\/2020\/10\/DB2020AL01107_overfull-400x267.jpg 400w, https:\/\/www.mzone.cz\/wp-content\/uploads\/2020\/10\/DB2020AL01107_overfull-500x333.jpg 500w, https:\/\/www.mzone.cz\/wp-content\/uploads\/2020\/10\/DB2020AL01107_overfull-1170x780.jpg 1170w, https:\/\/www.mzone.cz\/wp-content\/uploads\/2020\/10\/DB2020AL01107_overfull-590x393.jpg 590w\" sizes=\"auto, (max-width: 1024px) 100vw, 1024px\" \/><\/figure><br>\n\n\n\n<h2 class=\"wp-block-heading\"><strong>Bezpe\u010dnost<\/strong><\/h2>\n\n\n\n<p>Navzdory ve\u0161ker\u00e9mu komfortu byla hlavn\u00ed pozornost v\u011bnov\u00e1na aktivn\u00ed a pasivn\u00ed bezpe\u010dnosti. M\u011b\u0159\u00edtka stanovil nap\u0159\u00edklad vyztu\u017een\u00fd skelet karoserie spolu s deforma\u010dn\u00edmi z\u00f3nami na p\u0159\u00eddi a z\u00e1di, ulo\u017een\u00edm palivov\u00e9 n\u00e1dr\u017ee v\u00a0chr\u00e1n\u011bn\u00e9m prostoru vzadu a s\u00e9riov\u011b dod\u00e1vanou p\u0159\u00edpravou pro bezpe\u010dnostn\u00ed p\u00e1sy na v\u0161ech sedadlech.<\/p><br>\n\n\n\n<h2 class=\"wp-block-heading\"><strong>Design<\/strong><\/h2>\n\n\n\n<p>V\u011bcn\u00fd design s\u00a0\u010dist\u00fdmi liniemi sm\u011b\u0159oval do budoucnosti a dodnes p\u016fsob\u00ed modern\u011b. Sedan se stup\u0148ovitou z\u00e1d\u00ed navrhl Claus Luthe, jeden z\u00a0nejv\u00fdznamn\u011bj\u0161\u00edch automobilov\u00fdch design\u00e9r\u016f sv\u00e9 doby. Prvky jeho rukopisu charakterizovaly i pozd\u011bj\u0161\u00ed modely zna\u010dky Volkswagen, nap\u0159\u00edklad Golf nebo Polo.<\/p><br>\n\n\n\n<figure class=\"wp-block-image size-large\"><img loading=\"lazy\" decoding=\"async\" width=\"1024\" height=\"677\" src=\"https:\/\/www.mzone.cz\/wp-content\/uploads\/2020\/10\/DB2020AL01110_overfull-2-1024x677.jpg\" alt=\"Volkswagen K70\" class=\"wp-image-25142\" srcset=\"https:\/\/www.mzone.cz\/wp-content\/uploads\/2020\/10\/DB2020AL01110_overfull-2-1024x677.jpg 1024w, https:\/\/www.mzone.cz\/wp-content\/uploads\/2020\/10\/DB2020AL01110_overfull-2-300x198.jpg 300w, https:\/\/www.mzone.cz\/wp-content\/uploads\/2020\/10\/DB2020AL01110_overfull-2-768x508.jpg 768w, https:\/\/www.mzone.cz\/wp-content\/uploads\/2020\/10\/DB2020AL01110_overfull-2-1536x1015.jpg 1536w, https:\/\/www.mzone.cz\/wp-content\/uploads\/2020\/10\/DB2020AL01110_overfull-2-2048x1353.jpg 2048w, https:\/\/www.mzone.cz\/wp-content\/uploads\/2020\/10\/DB2020AL01110_overfull-2-16x12.jpg 16w, https:\/\/www.mzone.cz\/wp-content\/uploads\/2020\/10\/DB2020AL01110_overfull-2-590x390.jpg 590w\" sizes=\"auto, (max-width: 1024px) 100vw, 1024px\" \/><\/figure><br>\n\n\n\n<h2 class=\"wp-block-heading\"><strong>P\u0159esv\u011bd\u010den od za\u010d\u00e1tku<\/strong><\/h2>\n\n\n\n<p>Karl-G\u00fcnter Quei\u00dfer je jedn\u00edm z\u00a0t\u011bch, kte\u0159\u00ed bezprost\u0159edn\u011b za\u017eili p\u0159\u00edchod modelu K70 a dobu nov\u00e9ho rozkv\u011btu spole\u010dnosti Volkswagen. Dnes 79let\u00fd mu\u017e zah\u00e1jil v\u00a0roce 1970 svou kari\u00e9ru ve spole\u010dnosti Volkswagen v\u00a0jej\u00edm nov\u00e9m z\u00e1vod\u011b v\u00a0Salzgitteru jako mal\u00ed\u0159 a lak\u00fdrn\u00edk. Dodnes si dob\u0159e pamatuje prvn\u00ed roky, kter\u00e9 byly f\u00e1z\u00ed vzestupu a zm\u011bn. \u201eBylo to n\u011bco opravdu mimo\u0159\u00e1dn\u00e9ho\u201c \u2013 t\u011bmito slovy shrnuje dobu modelu K70.<\/p><br>\n\n\n\n<p>Automobil s\u00a0kapalinou chlazen\u00fdm motorem, kter\u00fd poh\u00e1n\u011bl p\u0159edn\u00ed kola, se \u010dty\u0159mi dve\u0159mi a p\u0159edev\u0161\u00edm se senza\u010dn\u00ed nab\u00eddkou vnit\u0159n\u00edho prostoru pro cestuj\u00edc\u00ed i zavazadla Quei\u00dfera okam\u017eit\u011b p\u0159esv\u011bd\u010dil.<\/p>\n\n\n\n<blockquote class=\"wp-block-quote is-layout-flow wp-block-quote-is-layout-flow\"><p>Sv\u016fj prvn\u00ed v\u016fz K70 si po\u0159\u00eddil u\u017e na podzim 1971. Do t\u00e9 doby jezdil v\u00a0Broukovi \u2013 tato zm\u011bna byla kvantov\u00fdm skokem. Po t\u0159ech vozech K70 zaparkoval v\u00a0jeho gar\u00e1\u017ei Volkswagen Golf. \u201eA tak to jde po\u0159\u00e1d d\u00e1l,\u201c \u0159\u00edk\u00e1 mu\u017e, kter\u00fd zm\u011bny z\u00e1sadn\u011b v\u00edt\u00e1 a m\u00e1 z\u00a0nich radost.<\/p><\/blockquote>\n\n\n\n<figure class=\"wp-block-image size-large\"><img loading=\"lazy\" decoding=\"async\" width=\"1024\" height=\"683\" src=\"https:\/\/www.mzone.cz\/wp-content\/uploads\/2020\/10\/DB2020AL01111_overfull-1024x683.jpg\" alt=\"Karl-G\u00fcnter Quei\u00dfer a Volkswagen K70\" class=\"wp-image-25145\" srcset=\"https:\/\/www.mzone.cz\/wp-content\/uploads\/2020\/10\/DB2020AL01111_overfull-1024x683.jpg 1024w, https:\/\/www.mzone.cz\/wp-content\/uploads\/2020\/10\/DB2020AL01111_overfull-300x200.jpg 300w, https:\/\/www.mzone.cz\/wp-content\/uploads\/2020\/10\/DB2020AL01111_overfull-768x512.jpg 768w, https:\/\/www.mzone.cz\/wp-content\/uploads\/2020\/10\/DB2020AL01111_overfull-1536x1024.jpg 1536w, https:\/\/www.mzone.cz\/wp-content\/uploads\/2020\/10\/DB2020AL01111_overfull-2048x1365.jpg 2048w, https:\/\/www.mzone.cz\/wp-content\/uploads\/2020\/10\/DB2020AL01111_overfull-16x12.jpg 16w, https:\/\/www.mzone.cz\/wp-content\/uploads\/2020\/10\/DB2020AL01111_overfull-800x533.jpg 800w, https:\/\/www.mzone.cz\/wp-content\/uploads\/2020\/10\/DB2020AL01111_overfull-400x267.jpg 400w, https:\/\/www.mzone.cz\/wp-content\/uploads\/2020\/10\/DB2020AL01111_overfull-500x333.jpg 500w, https:\/\/www.mzone.cz\/wp-content\/uploads\/2020\/10\/DB2020AL01111_overfull-1170x780.jpg 1170w, https:\/\/www.mzone.cz\/wp-content\/uploads\/2020\/10\/DB2020AL01111_overfull-590x393.jpg 590w\" sizes=\"auto, (max-width: 1024px) 100vw, 1024px\" \/><\/figure><br>\n\n\n\n<h2 class=\"wp-block-heading\"><strong>Neodvratn\u00fd v\u00fdvoj<\/strong><\/h2>\n\n\n\n<p>Dnes \u0159\u00edd\u00ed oba modely: K70 LS a Golf 8. S\u00a0vozem K70 si splnil sen a s\u00a0t\u00edmto klasick\u00fdm vozem se \u00fasp\u011b\u0161n\u011b \u00fa\u010dastn\u00ed sout\u011b\u017e\u00ed a podnik\u00e1 v\u00fdlety. V\u00a0z\u00e1\u0159\u00ed se vydal do <a href=\"https:\/\/cs.wikipedia.org\/wiki\/Salzgitter\" target=\"_blank\" rel=\"noreferrer noopener\">Salzgitteru<\/a> nav\u0161t\u00edvit sv\u00e9 star\u00e9 p\u016fsobi\u0161t\u011b. Nep\u0159\u00edzniv\u00e9 okolnosti v\u00a0leto\u0161n\u00edm roce \u017eel znemo\u017enily jeho fanklubu oslavit 50. v\u00fdro\u010d\u00ed modelu K70 velkolepou j\u00edzdou a jubilejn\u00ed akc\u00ed. A tak slavili v \u201emal\u00e9m kruhu\u201c v\u00a0Salzgitteru vzpom\u00ednkami na onu v\u00fdjime\u010dnou dobu. Sou\u010dasn\u00ed zam\u011bstnanci z\u00e1vodu se u neobvykl\u00e9ho vozidla st\u00e1le znovu se z\u00e1jmem zastavovali \u2013 a jejich b\u00fdval\u00fd kolega Quei\u00dfer jim ochotn\u011b odpov\u00eddal na v\u0161echny ot\u00e1zky.<\/p><br>\n\n\n\n<p>Mimo\u0159\u00e1dn\u011b hrd\u00fd je na to, \u017ee dosud \u0159\u00eddil ka\u017edou generaci Golfu. S \u201edigit\u00e1ln\u00edm\u201c Golfem 8 p\u0159ijal zm\u011bnu a v\u00fdzvu znovu s\u00a0otev\u0159enou n\u00e1ru\u010d\u00ed, \u017eivot jde zkr\u00e1tka po\u0159\u00e1d d\u00e1l. A Quei\u00dferovi je tak\u00e9 jasn\u00e9, \u017ee v\u00a0gar\u00e1\u017ei bude m\u00edt i elektromobil ID.3!<\/p><br>\n\n\n\n<div class=\"wp-block-media-text alignwide is-stacked-on-mobile is-vertically-aligned-top\" style=\"grid-template-columns:24% auto\"><figure class=\"wp-block-media-text__media\"><a href=\"https:\/\/www.mzone.cz\/skoda-110-r-sportovni-kupe-slavi-50-let\/\"><img loading=\"lazy\" decoding=\"async\" width=\"1024\" height=\"682\" src=\"https:\/\/www.mzone.cz\/wp-content\/uploads\/2020\/09\/Skoda-110-R-1024x682.jpg\" alt=\"\" class=\"wp-image-24037\" srcset=\"https:\/\/www.mzone.cz\/wp-content\/uploads\/2020\/09\/Skoda-110-R-1024x682.jpg 1024w, https:\/\/www.mzone.cz\/wp-content\/uploads\/2020\/09\/Skoda-110-R-300x200.jpg 300w, https:\/\/www.mzone.cz\/wp-content\/uploads\/2020\/09\/Skoda-110-R-768x512.jpg 768w, https:\/\/www.mzone.cz\/wp-content\/uploads\/2020\/09\/Skoda-110-R-1536x1024.jpg 1536w, https:\/\/www.mzone.cz\/wp-content\/uploads\/2020\/09\/Skoda-110-R-2048x1365.jpg 2048w, https:\/\/www.mzone.cz\/wp-content\/uploads\/2020\/09\/Skoda-110-R-800x533.jpg 800w, https:\/\/www.mzone.cz\/wp-content\/uploads\/2020\/09\/Skoda-110-R-400x267.jpg 400w, https:\/\/www.mzone.cz\/wp-content\/uploads\/2020\/09\/Skoda-110-R-500x333.jpg 500w, https:\/\/www.mzone.cz\/wp-content\/uploads\/2020\/09\/Skoda-110-R-1170x780.jpg 1170w, https:\/\/www.mzone.cz\/wp-content\/uploads\/2020\/09\/Skoda-110-R-590x393.jpg 590w\" sizes=\"auto, (max-width: 1024px) 100vw, 1024px\" \/><\/a><\/figure><div class=\"wp-block-media-text__content\">\n<h4><a href=\"https:\/\/www.mzone.cz\/skoda-110-r-sportovni-kupe-slavi-50-let\/\">Sportovn\u00ed kup\u00e9 \u0160koda 110 R slav\u00ed 50 let<\/a><\/h4><br>\n<\/div><\/div>","protected":false},"excerpt":{"rendered":"<p>\u201eVW K70 si zamilujete. Proto\u017ee VW s\u00a0n\u00edm za\u010d\u00edn\u00e1 zcela novou kapitolu.\u201c S\u00a0reklamn\u00edm sloganem v\u00a0tomto zn\u011bn\u00ed p\u0159i\u0161el p\u0159ed 50 lety na trh Volkswagen K70. Sedan st\u0159edn\u00ed t\u0159\u00eddy zah\u00e1jil u Volkswagenu novou \u00e9ru kapalinou chlazen\u00fdm motorem, pohonem p\u0159edn\u00edch kol a modern\u00edm designem. Volkswagen p\u0159edstavil 20. \u0159\u00edjna 1970 na tiskov\u00e9 konferenci v&nbsp;Salzgitteru nov\u00fd model K70 spole\u010dn\u011b s v\u00fdrobn\u00edm [&hellip;]<\/p>\n","protected":false},"author":4,"featured_media":25138,"comment_status":"open","ping_status":"closed","sticky":false,"template":"","format":"standard","meta":{"kk_blocks_editor_width":"","_kiokenblocks_attr":"","_kiokenblocks_dimensions":"","footnotes":""},"categories":[69],"tags":[585,82,462,724,87,1548,1396,4279,2738,4277,4278,920],"class_list":["post-25137","post","type-post","status-publish","format-standard","has-post-thumbnail","hentry","category-auto-moto","tag-auta","tag-auto","tag-auto-moto","tag-automobil","tag-historie","tag-model","tag-narozeniny","tag-sedan","tag-volkswagen","tag-volkswagen-k70","tag-vw","tag-vyroci"],"yoast_head":"<!-- This site is optimized with the Yoast SEO plugin v27.5 - https:\/\/yoast.com\/product\/yoast-seo-wordpress\/ -->\n<title>Happy Birthday K70! Tich\u00fd revolucion\u00e1\u0159 slav\u00ed pades\u00e1tiny, zn\u00e1te ho? - Mzone<\/title>\n<meta name=\"description\" content=\"\u201eVW K70 si zamilujete. Proto\u017ee VW s n\u00edm za\u010d\u00edn\u00e1 zcela novou kapitolu.\u201c S reklamn\u00edm sloganem v tomto zn\u011bn\u00ed p\u0159i\u0161el p\u0159ed 50 lety na trh Volkswagen K70.\" \/>\n<meta name=\"robots\" content=\"index, follow, max-snippet:-1, max-image-preview:large, max-video-preview:-1\" \/>\n<link rel=\"canonical\" href=\"https:\/\/www.mzone.cz\/en\/volkswagen-k70-slavi-padesatiny\/\" \/>\n<meta property=\"og:locale\" content=\"en_US\" \/>\n<meta property=\"og:type\" content=\"article\" \/>\n<meta property=\"og:title\" content=\"Happy Birthday K70! Tich\u00fd revolucion\u00e1\u0159 slav\u00ed pades\u00e1tiny, zn\u00e1te ho? - Mzone\" \/>\n<meta property=\"og:description\" content=\"\u201eVW K70 si zamilujete. Proto\u017ee VW s n\u00edm za\u010d\u00edn\u00e1 zcela novou kapitolu.\u201c S reklamn\u00edm sloganem v tomto zn\u011bn\u00ed p\u0159i\u0161el p\u0159ed 50 lety na trh Volkswagen K70.\" \/>\n<meta property=\"og:url\" content=\"https:\/\/www.mzone.cz\/en\/volkswagen-k70-slavi-padesatiny\/\" \/>\n<meta property=\"og:site_name\" content=\"Mzone\" \/>\n<meta property=\"article:publisher\" content=\"https:\/\/www.facebook.com\/MzoneCZ\/\" \/>\n<meta property=\"article:published_time\" content=\"2020-11-25T04:00:47+00:00\" \/>\n<meta property=\"og:image\" content=\"https:\/\/www.mzone.cz\/wp-content\/uploads\/2020\/10\/Volkswagen-K70.jpg\" \/>\n\t<meta property=\"og:image:width\" content=\"1322\" \/>\n\t<meta property=\"og:image:height\" content=\"882\" \/>\n\t<meta property=\"og:image:type\" content=\"image\/jpeg\" \/>\n<meta name=\"author\" content=\"Mzone\" \/>\n<meta name=\"twitter:card\" content=\"summary_large_image\" \/>\n<meta name=\"twitter:label1\" content=\"Written by\" \/>\n\t<meta name=\"twitter:data1\" content=\"Mzone\" \/>\n\t<meta name=\"twitter:label2\" content=\"Est. reading time\" \/>\n\t<meta name=\"twitter:data2\" content=\"4 minutes\" \/>\n<script type=\"application\/ld+json\" class=\"yoast-schema-graph\">{\"@context\":\"https:\\\/\\\/schema.org\",\"@graph\":[{\"@type\":\"Article\",\"@id\":\"https:\\\/\\\/www.mzone.cz\\\/volkswagen-k70-slavi-padesatiny\\\/#article\",\"isPartOf\":{\"@id\":\"https:\\\/\\\/www.mzone.cz\\\/volkswagen-k70-slavi-padesatiny\\\/\"},\"author\":{\"name\":\"Mzone\",\"@id\":\"https:\\\/\\\/www.mzone.cz\\\/#\\\/schema\\\/person\\\/9bc20cc422a99cac4af6ff9297da32d4\"},\"headline\":\"Happy Birthday K70! Tich\u00fd revolucion\u00e1\u0159 slav\u00ed pades\u00e1tiny, zn\u00e1te ho?\",\"datePublished\":\"2020-11-25T04:00:47+00:00\",\"mainEntityOfPage\":{\"@id\":\"https:\\\/\\\/www.mzone.cz\\\/volkswagen-k70-slavi-padesatiny\\\/\"},\"wordCount\":732,\"commentCount\":0,\"image\":{\"@id\":\"https:\\\/\\\/www.mzone.cz\\\/volkswagen-k70-slavi-padesatiny\\\/#primaryimage\"},\"thumbnailUrl\":\"https:\\\/\\\/www.mzone.cz\\\/wp-content\\\/uploads\\\/2020\\\/10\\\/Volkswagen-K70.jpg\",\"keywords\":[\"auta\",\"Auto\",\"auto-moto\",\"automobil\",\"Historie\",\"model\",\"narozeniny\",\"sedan\",\"Volkswagen\",\"Volkswagen K70\",\"VW\",\"v\u00fdro\u010d\u00ed\"],\"articleSection\":[\"Auto-moto\"],\"inLanguage\":\"en-US\",\"potentialAction\":[{\"@type\":\"CommentAction\",\"name\":\"Comment\",\"target\":[\"https:\\\/\\\/www.mzone.cz\\\/volkswagen-k70-slavi-padesatiny\\\/#respond\"]}]},{\"@type\":\"WebPage\",\"@id\":\"https:\\\/\\\/www.mzone.cz\\\/volkswagen-k70-slavi-padesatiny\\\/\",\"url\":\"https:\\\/\\\/www.mzone.cz\\\/volkswagen-k70-slavi-padesatiny\\\/\",\"name\":\"Happy Birthday K70! Tich\u00fd revolucion\u00e1\u0159 slav\u00ed pades\u00e1tiny, zn\u00e1te ho? - Mzone\",\"isPartOf\":{\"@id\":\"https:\\\/\\\/www.mzone.cz\\\/#website\"},\"primaryImageOfPage\":{\"@id\":\"https:\\\/\\\/www.mzone.cz\\\/volkswagen-k70-slavi-padesatiny\\\/#primaryimage\"},\"image\":{\"@id\":\"https:\\\/\\\/www.mzone.cz\\\/volkswagen-k70-slavi-padesatiny\\\/#primaryimage\"},\"thumbnailUrl\":\"https:\\\/\\\/www.mzone.cz\\\/wp-content\\\/uploads\\\/2020\\\/10\\\/Volkswagen-K70.jpg\",\"datePublished\":\"2020-11-25T04:00:47+00:00\",\"author\":{\"@id\":\"https:\\\/\\\/www.mzone.cz\\\/#\\\/schema\\\/person\\\/9bc20cc422a99cac4af6ff9297da32d4\"},\"description\":\"\u201eVW K70 si zamilujete. Proto\u017ee VW s n\u00edm za\u010d\u00edn\u00e1 zcela novou kapitolu.\u201c S reklamn\u00edm sloganem v tomto zn\u011bn\u00ed p\u0159i\u0161el p\u0159ed 50 lety na trh Volkswagen K70.\",\"breadcrumb\":{\"@id\":\"https:\\\/\\\/www.mzone.cz\\\/volkswagen-k70-slavi-padesatiny\\\/#breadcrumb\"},\"inLanguage\":\"en-US\",\"potentialAction\":[{\"@type\":\"ReadAction\",\"target\":[\"https:\\\/\\\/www.mzone.cz\\\/volkswagen-k70-slavi-padesatiny\\\/\"]}]},{\"@type\":\"ImageObject\",\"inLanguage\":\"en-US\",\"@id\":\"https:\\\/\\\/www.mzone.cz\\\/volkswagen-k70-slavi-padesatiny\\\/#primaryimage\",\"url\":\"https:\\\/\\\/www.mzone.cz\\\/wp-content\\\/uploads\\\/2020\\\/10\\\/Volkswagen-K70.jpg\",\"contentUrl\":\"https:\\\/\\\/www.mzone.cz\\\/wp-content\\\/uploads\\\/2020\\\/10\\\/Volkswagen-K70.jpg\",\"width\":1322,\"height\":882,\"caption\":\"Volkswagen K70\"},{\"@type\":\"BreadcrumbList\",\"@id\":\"https:\\\/\\\/www.mzone.cz\\\/volkswagen-k70-slavi-padesatiny\\\/#breadcrumb\",\"itemListElement\":[{\"@type\":\"ListItem\",\"position\":1,\"name\":\"Dom\u016f\",\"item\":\"https:\\\/\\\/www.mzone.cz\\\/\"},{\"@type\":\"ListItem\",\"position\":2,\"name\":\"Happy Birthday K70! Tich\u00fd revolucion\u00e1\u0159 slav\u00ed pades\u00e1tiny, zn\u00e1te ho?\"}]},{\"@type\":\"WebSite\",\"@id\":\"https:\\\/\\\/www.mzone.cz\\\/#website\",\"url\":\"https:\\\/\\\/www.mzone.cz\\\/\",\"name\":\"Mzone\",\"description\":\"Magaz\u00edn nejen pro mu\u017ee\",\"potentialAction\":[{\"@type\":\"SearchAction\",\"target\":{\"@type\":\"EntryPoint\",\"urlTemplate\":\"https:\\\/\\\/www.mzone.cz\\\/?s={search_term_string}\"},\"query-input\":{\"@type\":\"PropertyValueSpecification\",\"valueRequired\":true,\"valueName\":\"search_term_string\"}}],\"inLanguage\":\"en-US\"},{\"@type\":\"Person\",\"@id\":\"https:\\\/\\\/www.mzone.cz\\\/#\\\/schema\\\/person\\\/9bc20cc422a99cac4af6ff9297da32d4\",\"name\":\"Mzone\",\"image\":{\"@type\":\"ImageObject\",\"inLanguage\":\"en-US\",\"@id\":\"https:\\\/\\\/secure.gravatar.com\\\/avatar\\\/e780a8630f3182a3d06dd667ab6bea151a0d155b0951bc15fe22633acdac0676?s=96&d=mm&r=g\",\"url\":\"https:\\\/\\\/secure.gravatar.com\\\/avatar\\\/e780a8630f3182a3d06dd667ab6bea151a0d155b0951bc15fe22633acdac0676?s=96&d=mm&r=g\",\"contentUrl\":\"https:\\\/\\\/secure.gravatar.com\\\/avatar\\\/e780a8630f3182a3d06dd667ab6bea151a0d155b0951bc15fe22633acdac0676?s=96&d=mm&r=g\",\"caption\":\"Mzone\"},\"url\":\"https:\\\/\\\/www.mzone.cz\\\/en\\\/author\\\/jakub\\\/\"}]}<\/script>\n<!-- \/ Yoast SEO plugin. -->","yoast_head_json":{"title":"Happy Birthday K70! Tich\u00fd revolucion\u00e1\u0159 slav\u00ed pades\u00e1tiny, zn\u00e1te ho? - Mzone","description":"\u201eVW K70 si zamilujete. Proto\u017ee VW s n\u00edm za\u010d\u00edn\u00e1 zcela novou kapitolu.\u201c S reklamn\u00edm sloganem v tomto zn\u011bn\u00ed p\u0159i\u0161el p\u0159ed 50 lety na trh Volkswagen K70.","robots":{"index":"index","follow":"follow","max-snippet":"max-snippet:-1","max-image-preview":"max-image-preview:large","max-video-preview":"max-video-preview:-1"},"canonical":"https:\/\/www.mzone.cz\/en\/volkswagen-k70-slavi-padesatiny\/","og_locale":"en_US","og_type":"article","og_title":"Happy Birthday K70! Tich\u00fd revolucion\u00e1\u0159 slav\u00ed pades\u00e1tiny, zn\u00e1te ho? - Mzone","og_description":"\u201eVW K70 si zamilujete. Proto\u017ee VW s n\u00edm za\u010d\u00edn\u00e1 zcela novou kapitolu.\u201c S reklamn\u00edm sloganem v tomto zn\u011bn\u00ed p\u0159i\u0161el p\u0159ed 50 lety na trh Volkswagen K70.","og_url":"https:\/\/www.mzone.cz\/en\/volkswagen-k70-slavi-padesatiny\/","og_site_name":"Mzone","article_publisher":"https:\/\/www.facebook.com\/MzoneCZ\/","article_published_time":"2020-11-25T04:00:47+00:00","og_image":[{"width":1322,"height":882,"url":"https:\/\/www.mzone.cz\/wp-content\/uploads\/2020\/10\/Volkswagen-K70.jpg","type":"image\/jpeg"}],"author":"Mzone","twitter_card":"summary_large_image","twitter_misc":{"Written by":"Mzone","Est. reading time":"4 minutes"},"schema":{"@context":"https:\/\/schema.org","@graph":[{"@type":"Article","@id":"https:\/\/www.mzone.cz\/volkswagen-k70-slavi-padesatiny\/#article","isPartOf":{"@id":"https:\/\/www.mzone.cz\/volkswagen-k70-slavi-padesatiny\/"},"author":{"name":"Mzone","@id":"https:\/\/www.mzone.cz\/#\/schema\/person\/9bc20cc422a99cac4af6ff9297da32d4"},"headline":"Happy Birthday K70! Tich\u00fd revolucion\u00e1\u0159 slav\u00ed pades\u00e1tiny, zn\u00e1te ho?","datePublished":"2020-11-25T04:00:47+00:00","mainEntityOfPage":{"@id":"https:\/\/www.mzone.cz\/volkswagen-k70-slavi-padesatiny\/"},"wordCount":732,"commentCount":0,"image":{"@id":"https:\/\/www.mzone.cz\/volkswagen-k70-slavi-padesatiny\/#primaryimage"},"thumbnailUrl":"https:\/\/www.mzone.cz\/wp-content\/uploads\/2020\/10\/Volkswagen-K70.jpg","keywords":["auta","Auto","auto-moto","automobil","Historie","model","narozeniny","sedan","Volkswagen","Volkswagen K70","VW","v\u00fdro\u010d\u00ed"],"articleSection":["Auto-moto"],"inLanguage":"en-US","potentialAction":[{"@type":"CommentAction","name":"Comment","target":["https:\/\/www.mzone.cz\/volkswagen-k70-slavi-padesatiny\/#respond"]}]},{"@type":"WebPage","@id":"https:\/\/www.mzone.cz\/volkswagen-k70-slavi-padesatiny\/","url":"https:\/\/www.mzone.cz\/volkswagen-k70-slavi-padesatiny\/","name":"Happy Birthday K70! Tich\u00fd revolucion\u00e1\u0159 slav\u00ed pades\u00e1tiny, zn\u00e1te ho? - Mzone","isPartOf":{"@id":"https:\/\/www.mzone.cz\/#website"},"primaryImageOfPage":{"@id":"https:\/\/www.mzone.cz\/volkswagen-k70-slavi-padesatiny\/#primaryimage"},"image":{"@id":"https:\/\/www.mzone.cz\/volkswagen-k70-slavi-padesatiny\/#primaryimage"},"thumbnailUrl":"https:\/\/www.mzone.cz\/wp-content\/uploads\/2020\/10\/Volkswagen-K70.jpg","datePublished":"2020-11-25T04:00:47+00:00","author":{"@id":"https:\/\/www.mzone.cz\/#\/schema\/person\/9bc20cc422a99cac4af6ff9297da32d4"},"description":"\u201eVW K70 si zamilujete. Proto\u017ee VW s n\u00edm za\u010d\u00edn\u00e1 zcela novou kapitolu.\u201c S reklamn\u00edm sloganem v tomto zn\u011bn\u00ed p\u0159i\u0161el p\u0159ed 50 lety na trh Volkswagen K70.","breadcrumb":{"@id":"https:\/\/www.mzone.cz\/volkswagen-k70-slavi-padesatiny\/#breadcrumb"},"inLanguage":"en-US","potentialAction":[{"@type":"ReadAction","target":["https:\/\/www.mzone.cz\/volkswagen-k70-slavi-padesatiny\/"]}]},{"@type":"ImageObject","inLanguage":"en-US","@id":"https:\/\/www.mzone.cz\/volkswagen-k70-slavi-padesatiny\/#primaryimage","url":"https:\/\/www.mzone.cz\/wp-content\/uploads\/2020\/10\/Volkswagen-K70.jpg","contentUrl":"https:\/\/www.mzone.cz\/wp-content\/uploads\/2020\/10\/Volkswagen-K70.jpg","width":1322,"height":882,"caption":"Volkswagen K70"},{"@type":"BreadcrumbList","@id":"https:\/\/www.mzone.cz\/volkswagen-k70-slavi-padesatiny\/#breadcrumb","itemListElement":[{"@type":"ListItem","position":1,"name":"Dom\u016f","item":"https:\/\/www.mzone.cz\/"},{"@type":"ListItem","position":2,"name":"Happy Birthday K70! Tich\u00fd revolucion\u00e1\u0159 slav\u00ed pades\u00e1tiny, zn\u00e1te ho?"}]},{"@type":"WebSite","@id":"https:\/\/www.mzone.cz\/#website","url":"https:\/\/www.mzone.cz\/","name":"Mzone","description":"Magaz\u00edn nejen pro mu\u017ee","potentialAction":[{"@type":"SearchAction","target":{"@type":"EntryPoint","urlTemplate":"https:\/\/www.mzone.cz\/?s={search_term_string}"},"query-input":{"@type":"PropertyValueSpecification","valueRequired":true,"valueName":"search_term_string"}}],"inLanguage":"en-US"},{"@type":"Person","@id":"https:\/\/www.mzone.cz\/#\/schema\/person\/9bc20cc422a99cac4af6ff9297da32d4","name":"Mzone","image":{"@type":"ImageObject","inLanguage":"en-US","@id":"https:\/\/secure.gravatar.com\/avatar\/e780a8630f3182a3d06dd667ab6bea151a0d155b0951bc15fe22633acdac0676?s=96&d=mm&r=g","url":"https:\/\/secure.gravatar.com\/avatar\/e780a8630f3182a3d06dd667ab6bea151a0d155b0951bc15fe22633acdac0676?s=96&d=mm&r=g","contentUrl":"https:\/\/secure.gravatar.com\/avatar\/e780a8630f3182a3d06dd667ab6bea151a0d155b0951bc15fe22633acdac0676?s=96&d=mm&r=g","caption":"Mzone"},"url":"https:\/\/www.mzone.cz\/en\/author\/jakub\/"}]}},"_links":{"self":[{"href":"https:\/\/www.mzone.cz\/en\/wp-json\/wp\/v2\/posts\/25137","targetHints":{"allow":["GET"]}}],"collection":[{"href":"https:\/\/www.mzone.cz\/en\/wp-json\/wp\/v2\/posts"}],"about":[{"href":"https:\/\/www.mzone.cz\/en\/wp-json\/wp\/v2\/types\/post"}],"author":[{"embeddable":true,"href":"https:\/\/www.mzone.cz\/en\/wp-json\/wp\/v2\/users\/4"}],"replies":[{"embeddable":true,"href":"https:\/\/www.mzone.cz\/en\/wp-json\/wp\/v2\/comments?post=25137"}],"version-history":[{"count":9,"href":"https:\/\/www.mzone.cz\/en\/wp-json\/wp\/v2\/posts\/25137\/revisions"}],"predecessor-version":[{"id":25153,"href":"https:\/\/www.mzone.cz\/en\/wp-json\/wp\/v2\/posts\/25137\/revisions\/25153"}],"wp:featuredmedia":[{"embeddable":true,"href":"https:\/\/www.mzone.cz\/en\/wp-json\/wp\/v2\/media\/25138"}],"wp:attachment":[{"href":"https:\/\/www.mzone.cz\/en\/wp-json\/wp\/v2\/media?parent=25137"}],"wp:term":[{"taxonomy":"category","embeddable":true,"href":"https:\/\/www.mzone.cz\/en\/wp-json\/wp\/v2\/categories?post=25137"},{"taxonomy":"post_tag","embeddable":true,"href":"https:\/\/www.mzone.cz\/en\/wp-json\/wp\/v2\/tags?post=25137"}],"curies":[{"name":"wp","href":"https:\/\/api.w.org\/{rel}","templated":true}]}}