{"id":25711,"date":"2020-12-08T05:00:51","date_gmt":"2020-12-08T04:00:51","guid":{"rendered":"https:\/\/www.mzone.cz\/?p=25711"},"modified":"2020-11-09T20:42:52","modified_gmt":"2020-11-09T19:42:52","slug":"elektromobilni-ostrov-prvni-vznikne-v-recku","status":"publish","type":"post","link":"https:\/\/www.mzone.cz\/en\/elektromobilni-ostrov-prvni-vznikne-v-recku\/","title":{"rendered":"V \u0158ecku vznikne prvn\u00ed elektromobiln\u00ed ostrov"},"content":{"rendered":"<p><strong>Koncern Volkswagen uzav\u0159el s\u00a0\u0158eckem dohodu o v\u00fdstavb\u011b pr\u016fkopnick\u00e9ho syst\u00e9mu mobility na st\u0159edomo\u0159sk\u00e9m ostrov\u011b Astypalaia. Sou\u010dasn\u00fd syst\u00e9m dopravy na tomto ostrov\u011b p\u0159ejde na elektromobily a energie z\u00a0obnoviteln\u00fdch zdroj\u016f.<\/strong><\/p><br>\n\n\n\n<p>V\u00a0dlouhodob\u00e9m horizontu se Astypalaia stane ostrovem, kter\u00fd bude vzorem pro klimaticky neutr\u00e1ln\u00ed mobilitu. P\u0159\u00edslu\u0161nou smlouvu podepsali na za\u010d\u00e1tku listopadu ve Wolfsburgu a At\u00e9n\u00e1ch Konstantinos Fragogiannis, n\u00e1m\u011bstek ministra zahrani\u010d\u00ed pro ekonomickou diplomacii a otev\u0159enou zahrani\u010dn\u00ed politiku \u0158eck\u00e9 republiky, a Herbert Diess, p\u0159edseda p\u0159edstavenstva koncernu Volkswagen. Nov\u00e9 slu\u017eby v\u00a0oblasti mobility, jak\u00fdmi jsou nap\u0159\u00edklad sd\u00edlen\u00ed vozidel nebo j\u00edzd, p\u0159isp\u011bj\u00ed ke sni\u017eov\u00e1n\u00ed intenzity dopravy a zvy\u0161ov\u00e1n\u00ed jej\u00ed kvality.<\/p>\n\n\n\n<blockquote class=\"wp-block-quote is-layout-flow wp-block-quote-is-layout-flow\"><p>Elektrick\u00e1 energie bude poch\u00e1zet p\u0159ev\u00e1\u017en\u011b ze sol\u00e1rn\u00edch a v\u011btrn\u00fdch elektr\u00e1ren vyu\u017e\u00edvaj\u00edc\u00edch m\u00edstn\u00ed obnoviteln\u00e9 zdroje. Projekt je pl\u00e1nov\u00e1n na \u0161est let.<\/p><\/blockquote>\n\n\n\n<p>\u201eOdpov\u011bdnost za omezov\u00e1n\u00ed zm\u011bny klimatu spole\u010dn\u011b nese jak politick\u00e1, tak ekonomick\u00e1 sf\u00e9ra, i cel\u00e1 spole\u010dnost. Na\u0161\u00edm dlouhodob\u00fdm c\u00edlem je klimaticky neutr\u00e1ln\u00ed mobilita pro v\u0161echny. A v\u00a0r\u00e1mci projektu Astypalaia zjist\u00edme, jak lze tuto vizi realizovat ji\u017e dnes. E-mobilita a inteligentn\u00ed slu\u017eby zv\u00fd\u0161\u00ed kvalitu \u017eivota a sou\u010dasn\u011b p\u0159isp\u011bj\u00ed k\u00a0budoucnosti s\u00a0neutr\u00e1ln\u00ed bilanc\u00ed emis\u00ed CO<sub>2<\/sub>,\u201c \u0159\u00edk\u00e1 k projektu p\u0159edseda p\u0159edstavenstva koncernu Volkswagen Herbert Diess.<\/p><br>\n\n\n\n<figure class=\"wp-block-image size-large\"><img loading=\"lazy\" decoding=\"async\" width=\"1024\" height=\"665\" src=\"https:\/\/www.mzone.cz\/wp-content\/uploads\/2020\/12\/Ostrov-Astypalaia-1024x665.jpg\" alt=\"Ostrov Astypalaia\" class=\"wp-image-25718\" srcset=\"https:\/\/www.mzone.cz\/wp-content\/uploads\/2020\/12\/Ostrov-Astypalaia-1024x665.jpg 1024w, https:\/\/www.mzone.cz\/wp-content\/uploads\/2020\/12\/Ostrov-Astypalaia-300x195.jpg 300w, https:\/\/www.mzone.cz\/wp-content\/uploads\/2020\/12\/Ostrov-Astypalaia-768x499.jpg 768w, https:\/\/www.mzone.cz\/wp-content\/uploads\/2020\/12\/Ostrov-Astypalaia-1536x998.jpg 1536w, https:\/\/www.mzone.cz\/wp-content\/uploads\/2020\/12\/Ostrov-Astypalaia-2048x1331.jpg 2048w, https:\/\/www.mzone.cz\/wp-content\/uploads\/2020\/12\/Ostrov-Astypalaia-16x10.jpg 16w, https:\/\/www.mzone.cz\/wp-content\/uploads\/2020\/12\/Ostrov-Astypalaia-590x383.jpg 590w\" sizes=\"auto, (max-width: 1024px) 100vw, 1024px\" \/><\/figure><br>\n\n\n\n<p>P\u0159edseda \u0159eck\u00e9 vl\u00e1dy Kyriakos Mitsotakis \u0159ekl p\u0159i podeps\u00e1n\u00ed smlouvy o p\u0159\u00edslu\u0161n\u00e9m z\u00e1m\u011bru: \u201eJsem pevn\u011b p\u0159esv\u011bd\u010den o p\u0159\u00ednosech takov\u00fdch partnerstv\u00ed. Samotn\u00e9 vl\u00e1dy nedok\u00e1\u017eou splnit v\u0161echna o\u010dek\u00e1v\u00e1n\u00ed a soukrom\u00fd sektor nem\u00e1 odpov\u011bdi na v\u0161echny ot\u00e1zky.&#8221;<\/p><br>\n\n\n\n<p>\u201eProto je tento ambici\u00f3zn\u00ed projekt v\u00fdsledkem t\u011bsn\u00e9ho partnerstv\u00ed mezi \u0159eck\u00fdm st\u00e1tem a koncernem Volkswagen, kter\u00fd si jako glob\u00e1ln\u00ed l\u00eddr automobilov\u00e9ho pr\u016fmysl stanovil c\u00edl dos\u00e1hnout do roku 2050 klimatick\u00e9 neutrality pro kompletn\u00ed portfolio vyr\u00e1b\u011bn\u00fdch vozidel i ve\u0161ker\u00e9 sv\u00e9 aktivity. Volkswagen se nyn\u00ed spojuje s&nbsp;evropsk\u00fdm n\u00e1rodem, kter\u00fd proch\u00e1z\u00ed rozs\u00e1hlou transformac\u00ed,\u201c dodal \u0159eck\u00fd premi\u00e9r.<\/p>\n\n\n\n<blockquote class=\"wp-block-quote is-layout-flow wp-block-quote-is-layout-flow\"><p>\u201eDnes je velk\u00fd den pro Astypalaiu, Dodekany, Egejsk\u00e9 mo\u0159e a cel\u00e9 \u0158ecko. Dnes v\u00a0na\u0161\u00ed zemi spou\u0161t\u00edme prvn\u00ed projekt \u201aSmart Green Island\u2018, a vyty\u010dujeme tak miln\u00edk pro budoucnost na\u0161\u00ed zem\u011b,&#8221; \u0159\u00edk\u00e1 k projektu n\u00e1m\u011bstek \u0159eck\u00e9ho ministra zahrani\u010d\u00ed Konstantinos Fragogiannis.<\/p><\/blockquote>\n\n\n\n<p>\u201eElektrick\u00e1 mobilita a komplexn\u00ed pl\u00e1n ekologick\u00fdch a trvale udr\u017eiteln\u00fdch opat\u0159en\u00ed v\u00fdrazn\u011b zlep\u0161\u00ed ka\u017edodenn\u00ed \u017eivot obyvatel ostrova. Spole\u010dn\u011b se zcela nov\u00fdm syst\u00e9mem m\u00edstn\u00ed dopravy prom\u011bn\u00edme progresivn\u00ed n\u00e1pady v\u00a0realitu. \u0158ecko dnes ukazuje, \u017ee je p\u0159ipraveno na pr\u016fkopnick\u00e9 a inovativn\u00ed investice, kter\u00e9 jsou vzorem pro dal\u0161\u00ed v\u00fdvoj a posouvaj\u00ed spole\u010dnost na novou \u00farove\u0148 v\u00a0oblastech s\u00ed\u0165ov\u00e9ho propojen\u00ed, inteligentn\u00ed trval\u00e9 udr\u017eitelnosti a u\u017eivatelsk\u00e9 p\u0159\u00edv\u011btivosti,\u201c dod\u00e1v\u00e1 Fragogiannis.<\/p><br>\n\n\n\n<figure class=\"wp-block-image size-large\"><img loading=\"lazy\" decoding=\"async\" width=\"1024\" height=\"611\" src=\"https:\/\/www.mzone.cz\/wp-content\/uploads\/2020\/11\/DB2020NR00517_overfull-1024x611.jpg\" alt=\"Ostrov Astypalaia bude prvn\u00edm elektromobiln\u00edm ostrovem\" class=\"wp-image-25723\" srcset=\"https:\/\/www.mzone.cz\/wp-content\/uploads\/2020\/11\/DB2020NR00517_overfull-1024x611.jpg 1024w, https:\/\/www.mzone.cz\/wp-content\/uploads\/2020\/11\/DB2020NR00517_overfull-300x179.jpg 300w, https:\/\/www.mzone.cz\/wp-content\/uploads\/2020\/11\/DB2020NR00517_overfull-768x459.jpg 768w, https:\/\/www.mzone.cz\/wp-content\/uploads\/2020\/11\/DB2020NR00517_overfull-1536x917.jpg 1536w, https:\/\/www.mzone.cz\/wp-content\/uploads\/2020\/11\/DB2020NR00517_overfull-2048x1223.jpg 2048w, https:\/\/www.mzone.cz\/wp-content\/uploads\/2020\/11\/DB2020NR00517_overfull-16x10.jpg 16w, https:\/\/www.mzone.cz\/wp-content\/uploads\/2020\/11\/DB2020NR00517_overfull-590x352.jpg 590w\" sizes=\"auto, (max-width: 1024px) 100vw, 1024px\" \/><\/figure><br>\n\n\n\n<p>Z\u00e1kladem projektu bude zcela nov\u00fd, velmi modern\u00ed dopravn\u00ed syst\u00e9m se slu\u017ebami pro chytrou mobilitu, mezi n\u011b\u017e pat\u0159\u00ed celoro\u010dn\u00ed slu\u017eba sd\u00edlen\u00ed j\u00edzd elektromobilem, kter\u00e1 zv\u00fd\u0161\u00ed atraktivitu dnes je\u0161t\u011b velmi omezen\u00e9 autobusov\u00e9 dopravy.<\/p>\n\n\n\n<blockquote class=\"wp-block-quote is-layout-flow wp-block-quote-is-layout-flow\"><p>Spole\u010dn\u011b s\u00a0lok\u00e1ln\u00edmi partnery se \u010d\u00e1st tradi\u010dn\u00edho sektoru pronaj\u00edm\u00e1n\u00ed automobil\u016f p\u0159em\u011bn\u00ed na sd\u00edlen\u00ed vozidel, kter\u00e9 krom\u011b elektromobil\u016f nab\u00eddne tak\u00e9 elektrick\u00e9 sk\u00fatry koncernov\u00e9 zna\u010dky Seat a elektricky poh\u00e1n\u011bn\u00e1 j\u00edzdn\u00ed kola.<\/p><\/blockquote>\n\n\n\n<p>Ji\u017e t\u00edmto krokem se vozov\u00fd park na ostrov\u011b v\u00fdrazn\u011b zmen\u0161\u00ed. Celkem m\u00e1 b\u00fdt 1500 vozidel se spalovac\u00edm motorem nahrazeno 1000 elektromobily. Volkswagen spou\u0161t\u00ed s\u00a0uveden\u00edm nov\u00e9 rodiny elektromobil\u016f ID. na trh rozs\u00e1hlou elektrickou ofenzivu. Krom\u011b kompaktn\u00edho modelu ID.3\u00a0a SUV ID.4 pl\u00e1nuje pro p\u0159\u00ed\u0161t\u00ed roky mnoho dal\u0161\u00edch model\u016f.<\/p><br>\n\n\n\n<figure class=\"wp-block-image size-large\"><img loading=\"lazy\" decoding=\"async\" width=\"1024\" height=\"576\" src=\"https:\/\/www.mzone.cz\/wp-content\/uploads\/2020\/11\/DB2020AU01841_overfull-1024x576.jpg\" alt=\"Volkswagen ID.3\" class=\"wp-image-25726\" srcset=\"https:\/\/www.mzone.cz\/wp-content\/uploads\/2020\/11\/DB2020AU01841_overfull-1024x576.jpg 1024w, https:\/\/www.mzone.cz\/wp-content\/uploads\/2020\/11\/DB2020AU01841_overfull-300x169.jpg 300w, https:\/\/www.mzone.cz\/wp-content\/uploads\/2020\/11\/DB2020AU01841_overfull-768x432.jpg 768w, https:\/\/www.mzone.cz\/wp-content\/uploads\/2020\/11\/DB2020AU01841_overfull-1536x864.jpg 1536w, https:\/\/www.mzone.cz\/wp-content\/uploads\/2020\/11\/DB2020AU01841_overfull-2048x1152.jpg 2048w, https:\/\/www.mzone.cz\/wp-content\/uploads\/2020\/11\/DB2020AU01841_overfull-16x9.jpg 16w, https:\/\/www.mzone.cz\/wp-content\/uploads\/2020\/11\/DB2020AU01841_overfull-590x332.jpg 590w\" sizes=\"auto, (max-width: 1024px) 100vw, 1024px\" \/><\/figure><br>\n\n\n\n<p>Tak\u00e9 u\u017eitkov\u00e1 vozidla, pou\u017e\u00edvan\u00e1 m\u00edstn\u00edmi firmami, a automobily ve slu\u017eb\u00e1ch \u00fa\u0159ad\u016f a ve\u0159ejn\u00fdch instituc\u00ed od policejn\u00edch voz\u016f p\u0159es sanitn\u00ed vozidla a\u017e po vozov\u00fd park ve\u0159ejn\u00e9ho sektoru \u010dek\u00e1 elektrifikace. Volkswagen nav\u00edc na cel\u00e9m ostrov\u011b nainstaluje n\u00e1st\u011bnn\u00e9 nab\u00edje\u010dky Elli, aby byla zaji\u0161t\u011bna rozs\u00e1hl\u00e1 nab\u00edjec\u00ed infrastruktura.<\/p>\n\n\n\n<blockquote class=\"wp-block-quote is-layout-flow wp-block-quote-is-layout-flow\"><p>Projekt slou\u017e\u00ed jako podrobn\u00fd pl\u00e1n pro realizaci strategie dekarbonizace koncernu Volkswagen, a proto m\u00e1 silnou podporu nez\u00e1visl\u00e9ho poradn\u00edho sboru koncernu pro ot\u00e1zky trval\u00e9 udr\u017eitelnosti.<\/p><\/blockquote>\n\n\n\n<p>\u201eZm\u011bna klimatu ohro\u017euje existenci lidstva. E-mobilita p\u0159isp\u011bje ve spojen\u00ed s\u00a0energiemi z\u00a0obnoviteln\u00fdch zdroj\u016f k\u00a0minimalizaci nejhor\u0161\u00edch projev\u016f zm\u011bny klimatu. Jak \u0159ekl Aristoteles: \u201aV na\u0161ich nejtemn\u011bj\u0161\u00edch chv\u00edl\u00edch se mus\u00edme soust\u0159edit na to, abychom vid\u011bli sv\u011btlo.\u2018 Projekt Astypalaia je sv\u011btlem ve tm\u011b a p\u0159isp\u011bje k\u00a0realizaci \u010dist\u00e9 mobility budoucnosti,\u201c \u0159\u00edk\u00e1 \u010dlenka poradn\u00edho sboru pro trvalou udr\u017eitelnost a b\u00fdval\u00e1 \u0159editelka \u00da\u0159adu pro dopravu a kvalitu ovzdu\u0161\u00ed americk\u00e9 Agentury pro ochranu \u017eivotn\u00edho prost\u0159ed\u00ed EPA (<a href=\"https:\/\/www.epa.gov\/\" target=\"_blank\" rel=\"noreferrer noopener\">Environmental Protection Agency<\/a>) Margo T. Ogeov\u00e1.<\/p>\n\n\n\n<blockquote class=\"wp-block-quote is-layout-flow wp-block-quote-is-layout-flow\"><p>Astypalaia je ostrovem v\u00a0ji\u017en\u00ed \u010d\u00e1sti Egejsk\u00e9ho mo\u0159e. S\u00a0plochou cca 100 kilometr\u016f \u010dtvere\u010dn\u00edch je porovnateln\u00fd nap\u0159\u00edklad s\u00a0n\u011bmeck\u00fdm ostrovem Sylt.\u00a0 Na ostrov\u011b \u017eije cca 1300 obyvatel a ka\u017ed\u00fd rok jej nav\u0161t\u00edv\u00ed 72\u00a0000 turist\u016f.<\/p><\/blockquote>\n\n\n\n<p>Ostrov Astypalaia v\u00a0sou\u010dasnosti nab\u00edz\u00ed jen velmi omezenou ve\u0159ejnou dopravu dv\u011bma autobusy, kter\u00e9 dopravn\u011b obsluhuj\u00ed pouze malou \u010d\u00e1st ostrova. Dosud pokr\u00fdvaj\u00ed spot\u0159ebu energie t\u00e9m\u011b\u0159 v\u00fdhradn\u011b fosiln\u00ed zdroje. V\u00a0budoucnosti sehraje ostrov roli pr\u016fkopn\u00edka trvale udr\u017eiteln\u00e9ho cestovn\u00edho ruchu. Z\u00e1sadn\u00edm pil\u00ed\u0159em je p\u0159itom p\u0159echod na trvale udr\u017eitelnou mobilitu. \u0158eck\u00e1 republika tuto transformaci podporuje v\u00a0r\u00e1mci sv\u00fdch n\u00e1rodn\u00edch energetick\u00fdch a klimatick\u00fdch pl\u00e1n\u016f.<\/p><br>\n\n\n\n<figure class=\"wp-block-image size-large\"><img loading=\"lazy\" decoding=\"async\" width=\"1024\" height=\"553\" src=\"https:\/\/www.mzone.cz\/wp-content\/uploads\/2020\/11\/DB2020NR00516_overfull-1024x553.jpg\" alt=\"Ostrov Astypalaia\" class=\"wp-image-25731\" srcset=\"https:\/\/www.mzone.cz\/wp-content\/uploads\/2020\/11\/DB2020NR00516_overfull-1024x553.jpg 1024w, https:\/\/www.mzone.cz\/wp-content\/uploads\/2020\/11\/DB2020NR00516_overfull-300x162.jpg 300w, https:\/\/www.mzone.cz\/wp-content\/uploads\/2020\/11\/DB2020NR00516_overfull-768x415.jpg 768w, https:\/\/www.mzone.cz\/wp-content\/uploads\/2020\/11\/DB2020NR00516_overfull-1536x830.jpg 1536w, https:\/\/www.mzone.cz\/wp-content\/uploads\/2020\/11\/DB2020NR00516_overfull-2048x1107.jpg 2048w, https:\/\/www.mzone.cz\/wp-content\/uploads\/2020\/11\/DB2020NR00516_overfull-16x9.jpg 16w, https:\/\/www.mzone.cz\/wp-content\/uploads\/2020\/11\/DB2020NR00516_overfull-590x319.jpg 590w\" sizes=\"auto, (max-width: 1024px) 100vw, 1024px\" \/><\/figure><br>\n\n\n\n<p>Koncern Volkswagen se hl\u00e1s\u00ed k\u00a0c\u00edl\u016fm Pa\u0159\u00ed\u017esk\u00e9 klimatick\u00e9 dohody. Koncern usiluje o dosa\u017een\u00ed klimatick\u00e9 neutrality do roku 2050 a za t\u00edm \u00fa\u010delem vypracoval trvale udr\u017eitelnou strategii \u201egoTOzero\u201c. Z\u00e1kladem t\u00e9to strategie je nejv\u011bt\u0161\u00ed elektrick\u00e1 ofenziva v\u00a0automobilov\u00e9m pr\u016fmyslu.<\/p>\n\n\n\n<blockquote class=\"wp-block-quote is-layout-flow wp-block-quote-is-layout-flow\"><p>Koncern v\u00a0p\u0159\u00ed\u0161t\u00edch p\u011bti letech investuje 33 miliard eur do elektromobility a do roku 2029 uvede na trh 75 nov\u00fdch elektricky poh\u00e1n\u011bn\u00fdch model\u016f.<\/p><\/blockquote>\n\n\n\n<p>Jedn\u00edm z\u00a0prvn\u00edch model\u016f je kompaktn\u00ed elektromobil ID.3, uveden\u00fd ned\u00e1vno na trh. Projekt Astypalaia je sou\u010d\u00e1st\u00ed strategie \u201egoTOzero\u201c a poslou\u017e\u00ed jako vzor pro dekarbonizaci mobility. V\u00a0r\u00e1mci koncernu Volkswagen se na n\u011bm bude pod\u00edlet v\u011bt\u0161\u00ed po\u010det zna\u010dek \u2013 mimo jin\u00e9 Volkswagen, Seat, Volkswagen U\u017eitkov\u00e9 vozy, poskytovatel slu\u017eeb pro nab\u00edjen\u00ed a z\u00e1sobov\u00e1n\u00ed elektrickou energi\u00ed Elli a spole\u010dnost UMI Urban Mobility International se slu\u017ebou \u201eWe Share\u201c.<\/p><br>\n\n\n\n<div class=\"wp-block-media-text alignwide is-stacked-on-mobile is-vertically-aligned-top\" style=\"grid-template-columns:24% auto\"><figure class=\"wp-block-media-text__media\"><a href=\"https:\/\/www.mzone.cz\/elektromobilni-mestecko-appy-francie-renault\/\"><img loading=\"lazy\" decoding=\"async\" width=\"1024\" height=\"683\" src=\"https:\/\/www.mzone.cz\/wp-content\/uploads\/2020\/08\/Elektrick\u00e9-m\u011bste\u010dko-1024x683.jpg\" alt=\"\" class=\"wp-image-23417\" srcset=\"https:\/\/www.mzone.cz\/wp-content\/uploads\/2020\/08\/Elektrick\u00e9-m\u011bste\u010dko-1024x683.jpg 1024w, https:\/\/www.mzone.cz\/wp-content\/uploads\/2020\/08\/Elektrick\u00e9-m\u011bste\u010dko-300x200.jpg 300w, https:\/\/www.mzone.cz\/wp-content\/uploads\/2020\/08\/Elektrick\u00e9-m\u011bste\u010dko-768x512.jpg 768w, https:\/\/www.mzone.cz\/wp-content\/uploads\/2020\/08\/Elektrick\u00e9-m\u011bste\u010dko-1536x1024.jpg 1536w, https:\/\/www.mzone.cz\/wp-content\/uploads\/2020\/08\/Elektrick\u00e9-m\u011bste\u010dko-2048x1365.jpg 2048w, https:\/\/www.mzone.cz\/wp-content\/uploads\/2020\/08\/Elektrick\u00e9-m\u011bste\u010dko-800x533.jpg 800w, https:\/\/www.mzone.cz\/wp-content\/uploads\/2020\/08\/Elektrick\u00e9-m\u011bste\u010dko-400x267.jpg 400w, https:\/\/www.mzone.cz\/wp-content\/uploads\/2020\/08\/Elektrick\u00e9-m\u011bste\u010dko-500x333.jpg 500w, https:\/\/www.mzone.cz\/wp-content\/uploads\/2020\/08\/Elektrick\u00e9-m\u011bste\u010dko-1170x780.jpg 1170w, https:\/\/www.mzone.cz\/wp-content\/uploads\/2020\/08\/Elektrick\u00e9-m\u011bste\u010dko-590x393.jpg 590w\" sizes=\"auto, (max-width: 1024px) 100vw, 1024px\" \/><\/a><\/figure><div class=\"wp-block-media-text__content\">\n<h4><a href=\"https:\/\/www.mzone.cz\/elektromobilni-mestecko-appy-francie-renault\/\">Ve Francii vznik\u00e1 prvn\u00ed 100% elektromobiln\u00ed m\u011bste\u010dko<\/a><\/h4><br>\n<\/div><\/div>","protected":false},"excerpt":{"rendered":"<p>Koncern Volkswagen uzav\u0159el s\u00a0\u0158eckem dohodu o v\u00fdstavb\u011b pr\u016fkopnick\u00e9ho syst\u00e9mu mobility na st\u0159edomo\u0159sk\u00e9m ostrov\u011b Astypalaia. Sou\u010dasn\u00fd syst\u00e9m dopravy na tomto ostrov\u011b p\u0159ejde na elektromobily a energie z\u00a0obnoviteln\u00fdch zdroj\u016f. V\u00a0dlouhodob\u00e9m horizontu se Astypalaia stane ostrovem, kter\u00fd bude vzorem pro klimaticky neutr\u00e1ln\u00ed mobilitu. P\u0159\u00edslu\u0161nou smlouvu podepsali na za\u010d\u00e1tku listopadu ve Wolfsburgu a At\u00e9n\u00e1ch Konstantinos Fragogiannis, n\u00e1m\u011bstek ministra zahrani\u010d\u00ed [&hellip;]<\/p>\n","protected":false},"author":4,"featured_media":25712,"comment_status":"open","ping_status":"closed","sticky":false,"template":"","format":"standard","meta":{"kk_blocks_editor_width":"","_kiokenblocks_attr":"","_kiokenblocks_dimensions":"","footnotes":""},"categories":[69,66,65],"tags":[4357,585,82,462,552,2610,691,692,4358,2613,4359,3565,3410,515,4356,434,19,2738],"class_list":["post-25711","post","type-post","status-publish","format-standard","has-post-thumbnail","hentry","category-auto-moto","category-elektro","category-technika","tag-astypalaia","tag-auta","tag-auto","tag-auto-moto","tag-automobily","tag-ekologie","tag-elektro","tag-elektromobilita","tag-elektromobilni-ostrov","tag-elektromobily","tag-infrastruktura","tag-mobilita","tag-obnovitelne-zdroje","tag-ostrov","tag-recko","tag-technika","tag-technologie","tag-volkswagen"],"yoast_head":"<!-- This site is optimized with the Yoast SEO plugin v27.5 - https:\/\/yoast.com\/product\/yoast-seo-wordpress\/ -->\n<title>V \u0158ecku vznikne prvn\u00ed elektromobiln\u00ed ostrov - Mzone<\/title>\n<meta name=\"description\" content=\"Koncern Volkswagen uzav\u0159el s \u0158eckem dohodu o v\u00fdstavb\u011b pr\u016fkopnick\u00e9ho syst\u00e9mu mobility na st\u0159edomo\u0159sk\u00e9m ostrov\u011b Astypalaia.\" \/>\n<meta name=\"robots\" content=\"index, follow, max-snippet:-1, max-image-preview:large, max-video-preview:-1\" \/>\n<link rel=\"canonical\" href=\"https:\/\/www.mzone.cz\/en\/elektromobilni-ostrov-prvni-vznikne-v-recku\/\" \/>\n<meta property=\"og:locale\" content=\"en_US\" \/>\n<meta property=\"og:type\" content=\"article\" \/>\n<meta property=\"og:title\" content=\"V \u0158ecku vznikne prvn\u00ed elektromobiln\u00ed ostrov - Mzone\" \/>\n<meta property=\"og:description\" content=\"Koncern Volkswagen uzav\u0159el s \u0158eckem dohodu o v\u00fdstavb\u011b pr\u016fkopnick\u00e9ho syst\u00e9mu mobility na st\u0159edomo\u0159sk\u00e9m ostrov\u011b Astypalaia.\" \/>\n<meta property=\"og:url\" content=\"https:\/\/www.mzone.cz\/en\/elektromobilni-ostrov-prvni-vznikne-v-recku\/\" \/>\n<meta property=\"og:site_name\" content=\"Mzone\" \/>\n<meta property=\"article:publisher\" content=\"https:\/\/www.facebook.com\/MzoneCZ\/\" \/>\n<meta property=\"article:published_time\" content=\"2020-12-08T04:00:51+00:00\" \/>\n<meta property=\"og:image\" content=\"https:\/\/www.mzone.cz\/wp-content\/uploads\/2020\/11\/Elektromobilni-ostrov.jpg\" \/>\n\t<meta property=\"og:image:width\" content=\"1729\" \/>\n\t<meta property=\"og:image:height\" content=\"1152\" \/>\n\t<meta property=\"og:image:type\" content=\"image\/jpeg\" \/>\n<meta name=\"author\" content=\"Mzone\" \/>\n<meta name=\"twitter:card\" content=\"summary_large_image\" \/>\n<meta name=\"twitter:label1\" content=\"Written by\" \/>\n\t<meta name=\"twitter:data1\" content=\"Mzone\" \/>\n\t<meta name=\"twitter:label2\" content=\"Est. reading time\" \/>\n\t<meta name=\"twitter:data2\" content=\"6 minutes\" \/>\n<script type=\"application\/ld+json\" class=\"yoast-schema-graph\">{\"@context\":\"https:\\\/\\\/schema.org\",\"@graph\":[{\"@type\":\"Article\",\"@id\":\"https:\\\/\\\/www.mzone.cz\\\/elektromobilni-ostrov-prvni-vznikne-v-recku\\\/#article\",\"isPartOf\":{\"@id\":\"https:\\\/\\\/www.mzone.cz\\\/elektromobilni-ostrov-prvni-vznikne-v-recku\\\/\"},\"author\":{\"name\":\"Mzone\",\"@id\":\"https:\\\/\\\/www.mzone.cz\\\/#\\\/schema\\\/person\\\/9bc20cc422a99cac4af6ff9297da32d4\"},\"headline\":\"V \u0158ecku vznikne prvn\u00ed elektromobiln\u00ed ostrov\",\"datePublished\":\"2020-12-08T04:00:51+00:00\",\"mainEntityOfPage\":{\"@id\":\"https:\\\/\\\/www.mzone.cz\\\/elektromobilni-ostrov-prvni-vznikne-v-recku\\\/\"},\"wordCount\":1145,\"commentCount\":0,\"image\":{\"@id\":\"https:\\\/\\\/www.mzone.cz\\\/elektromobilni-ostrov-prvni-vznikne-v-recku\\\/#primaryimage\"},\"thumbnailUrl\":\"https:\\\/\\\/www.mzone.cz\\\/wp-content\\\/uploads\\\/2020\\\/11\\\/Elektromobilni-ostrov.jpg\",\"keywords\":[\"Astypalaia\",\"auta\",\"Auto\",\"auto-moto\",\"automobily\",\"ekologie\",\"elektro\",\"elektromobilita\",\"elektromobiln\u00ed ostrov\",\"elektromobily\",\"infrastruktura\",\"mobilita\",\"obnoviteln\u00e9 zdroje\",\"ostrov\",\"\u0158ecko\",\"technika\",\"Technologie\",\"Volkswagen\"],\"articleSection\":[\"Auto-moto\",\"Elektro\",\"Technika\"],\"inLanguage\":\"en-US\",\"potentialAction\":[{\"@type\":\"CommentAction\",\"name\":\"Comment\",\"target\":[\"https:\\\/\\\/www.mzone.cz\\\/elektromobilni-ostrov-prvni-vznikne-v-recku\\\/#respond\"]}]},{\"@type\":\"WebPage\",\"@id\":\"https:\\\/\\\/www.mzone.cz\\\/elektromobilni-ostrov-prvni-vznikne-v-recku\\\/\",\"url\":\"https:\\\/\\\/www.mzone.cz\\\/elektromobilni-ostrov-prvni-vznikne-v-recku\\\/\",\"name\":\"V \u0158ecku vznikne prvn\u00ed elektromobiln\u00ed ostrov - Mzone\",\"isPartOf\":{\"@id\":\"https:\\\/\\\/www.mzone.cz\\\/#website\"},\"primaryImageOfPage\":{\"@id\":\"https:\\\/\\\/www.mzone.cz\\\/elektromobilni-ostrov-prvni-vznikne-v-recku\\\/#primaryimage\"},\"image\":{\"@id\":\"https:\\\/\\\/www.mzone.cz\\\/elektromobilni-ostrov-prvni-vznikne-v-recku\\\/#primaryimage\"},\"thumbnailUrl\":\"https:\\\/\\\/www.mzone.cz\\\/wp-content\\\/uploads\\\/2020\\\/11\\\/Elektromobilni-ostrov.jpg\",\"datePublished\":\"2020-12-08T04:00:51+00:00\",\"author\":{\"@id\":\"https:\\\/\\\/www.mzone.cz\\\/#\\\/schema\\\/person\\\/9bc20cc422a99cac4af6ff9297da32d4\"},\"description\":\"Koncern Volkswagen uzav\u0159el s \u0158eckem dohodu o v\u00fdstavb\u011b pr\u016fkopnick\u00e9ho syst\u00e9mu mobility na st\u0159edomo\u0159sk\u00e9m ostrov\u011b Astypalaia.\",\"breadcrumb\":{\"@id\":\"https:\\\/\\\/www.mzone.cz\\\/elektromobilni-ostrov-prvni-vznikne-v-recku\\\/#breadcrumb\"},\"inLanguage\":\"en-US\",\"potentialAction\":[{\"@type\":\"ReadAction\",\"target\":[\"https:\\\/\\\/www.mzone.cz\\\/elektromobilni-ostrov-prvni-vznikne-v-recku\\\/\"]}]},{\"@type\":\"ImageObject\",\"inLanguage\":\"en-US\",\"@id\":\"https:\\\/\\\/www.mzone.cz\\\/elektromobilni-ostrov-prvni-vznikne-v-recku\\\/#primaryimage\",\"url\":\"https:\\\/\\\/www.mzone.cz\\\/wp-content\\\/uploads\\\/2020\\\/11\\\/Elektromobilni-ostrov.jpg\",\"contentUrl\":\"https:\\\/\\\/www.mzone.cz\\\/wp-content\\\/uploads\\\/2020\\\/11\\\/Elektromobilni-ostrov.jpg\",\"width\":1729,\"height\":1152,\"caption\":\"Elektromobiln\u00ed ostrov\"},{\"@type\":\"BreadcrumbList\",\"@id\":\"https:\\\/\\\/www.mzone.cz\\\/elektromobilni-ostrov-prvni-vznikne-v-recku\\\/#breadcrumb\",\"itemListElement\":[{\"@type\":\"ListItem\",\"position\":1,\"name\":\"Dom\u016f\",\"item\":\"https:\\\/\\\/www.mzone.cz\\\/\"},{\"@type\":\"ListItem\",\"position\":2,\"name\":\"V \u0158ecku vznikne prvn\u00ed elektromobiln\u00ed ostrov\"}]},{\"@type\":\"WebSite\",\"@id\":\"https:\\\/\\\/www.mzone.cz\\\/#website\",\"url\":\"https:\\\/\\\/www.mzone.cz\\\/\",\"name\":\"Mzone\",\"description\":\"Magaz\u00edn nejen pro mu\u017ee\",\"potentialAction\":[{\"@type\":\"SearchAction\",\"target\":{\"@type\":\"EntryPoint\",\"urlTemplate\":\"https:\\\/\\\/www.mzone.cz\\\/?s={search_term_string}\"},\"query-input\":{\"@type\":\"PropertyValueSpecification\",\"valueRequired\":true,\"valueName\":\"search_term_string\"}}],\"inLanguage\":\"en-US\"},{\"@type\":\"Person\",\"@id\":\"https:\\\/\\\/www.mzone.cz\\\/#\\\/schema\\\/person\\\/9bc20cc422a99cac4af6ff9297da32d4\",\"name\":\"Mzone\",\"image\":{\"@type\":\"ImageObject\",\"inLanguage\":\"en-US\",\"@id\":\"https:\\\/\\\/secure.gravatar.com\\\/avatar\\\/e780a8630f3182a3d06dd667ab6bea151a0d155b0951bc15fe22633acdac0676?s=96&d=mm&r=g\",\"url\":\"https:\\\/\\\/secure.gravatar.com\\\/avatar\\\/e780a8630f3182a3d06dd667ab6bea151a0d155b0951bc15fe22633acdac0676?s=96&d=mm&r=g\",\"contentUrl\":\"https:\\\/\\\/secure.gravatar.com\\\/avatar\\\/e780a8630f3182a3d06dd667ab6bea151a0d155b0951bc15fe22633acdac0676?s=96&d=mm&r=g\",\"caption\":\"Mzone\"},\"url\":\"https:\\\/\\\/www.mzone.cz\\\/en\\\/author\\\/jakub\\\/\"}]}<\/script>\n<!-- \/ Yoast SEO plugin. -->","yoast_head_json":{"title":"V \u0158ecku vznikne prvn\u00ed elektromobiln\u00ed ostrov - Mzone","description":"Koncern Volkswagen uzav\u0159el s \u0158eckem dohodu o v\u00fdstavb\u011b pr\u016fkopnick\u00e9ho syst\u00e9mu mobility na st\u0159edomo\u0159sk\u00e9m ostrov\u011b Astypalaia.","robots":{"index":"index","follow":"follow","max-snippet":"max-snippet:-1","max-image-preview":"max-image-preview:large","max-video-preview":"max-video-preview:-1"},"canonical":"https:\/\/www.mzone.cz\/en\/elektromobilni-ostrov-prvni-vznikne-v-recku\/","og_locale":"en_US","og_type":"article","og_title":"V \u0158ecku vznikne prvn\u00ed elektromobiln\u00ed ostrov - Mzone","og_description":"Koncern Volkswagen uzav\u0159el s \u0158eckem dohodu o v\u00fdstavb\u011b pr\u016fkopnick\u00e9ho syst\u00e9mu mobility na st\u0159edomo\u0159sk\u00e9m ostrov\u011b Astypalaia.","og_url":"https:\/\/www.mzone.cz\/en\/elektromobilni-ostrov-prvni-vznikne-v-recku\/","og_site_name":"Mzone","article_publisher":"https:\/\/www.facebook.com\/MzoneCZ\/","article_published_time":"2020-12-08T04:00:51+00:00","og_image":[{"width":1729,"height":1152,"url":"https:\/\/www.mzone.cz\/wp-content\/uploads\/2020\/11\/Elektromobilni-ostrov.jpg","type":"image\/jpeg"}],"author":"Mzone","twitter_card":"summary_large_image","twitter_misc":{"Written by":"Mzone","Est. reading time":"6 minutes"},"schema":{"@context":"https:\/\/schema.org","@graph":[{"@type":"Article","@id":"https:\/\/www.mzone.cz\/elektromobilni-ostrov-prvni-vznikne-v-recku\/#article","isPartOf":{"@id":"https:\/\/www.mzone.cz\/elektromobilni-ostrov-prvni-vznikne-v-recku\/"},"author":{"name":"Mzone","@id":"https:\/\/www.mzone.cz\/#\/schema\/person\/9bc20cc422a99cac4af6ff9297da32d4"},"headline":"V \u0158ecku vznikne prvn\u00ed elektromobiln\u00ed ostrov","datePublished":"2020-12-08T04:00:51+00:00","mainEntityOfPage":{"@id":"https:\/\/www.mzone.cz\/elektromobilni-ostrov-prvni-vznikne-v-recku\/"},"wordCount":1145,"commentCount":0,"image":{"@id":"https:\/\/www.mzone.cz\/elektromobilni-ostrov-prvni-vznikne-v-recku\/#primaryimage"},"thumbnailUrl":"https:\/\/www.mzone.cz\/wp-content\/uploads\/2020\/11\/Elektromobilni-ostrov.jpg","keywords":["Astypalaia","auta","Auto","auto-moto","automobily","ekologie","elektro","elektromobilita","elektromobiln\u00ed ostrov","elektromobily","infrastruktura","mobilita","obnoviteln\u00e9 zdroje","ostrov","\u0158ecko","technika","Technologie","Volkswagen"],"articleSection":["Auto-moto","Elektro","Technika"],"inLanguage":"en-US","potentialAction":[{"@type":"CommentAction","name":"Comment","target":["https:\/\/www.mzone.cz\/elektromobilni-ostrov-prvni-vznikne-v-recku\/#respond"]}]},{"@type":"WebPage","@id":"https:\/\/www.mzone.cz\/elektromobilni-ostrov-prvni-vznikne-v-recku\/","url":"https:\/\/www.mzone.cz\/elektromobilni-ostrov-prvni-vznikne-v-recku\/","name":"V \u0158ecku vznikne prvn\u00ed elektromobiln\u00ed ostrov - Mzone","isPartOf":{"@id":"https:\/\/www.mzone.cz\/#website"},"primaryImageOfPage":{"@id":"https:\/\/www.mzone.cz\/elektromobilni-ostrov-prvni-vznikne-v-recku\/#primaryimage"},"image":{"@id":"https:\/\/www.mzone.cz\/elektromobilni-ostrov-prvni-vznikne-v-recku\/#primaryimage"},"thumbnailUrl":"https:\/\/www.mzone.cz\/wp-content\/uploads\/2020\/11\/Elektromobilni-ostrov.jpg","datePublished":"2020-12-08T04:00:51+00:00","author":{"@id":"https:\/\/www.mzone.cz\/#\/schema\/person\/9bc20cc422a99cac4af6ff9297da32d4"},"description":"Koncern Volkswagen uzav\u0159el s \u0158eckem dohodu o v\u00fdstavb\u011b pr\u016fkopnick\u00e9ho syst\u00e9mu mobility na st\u0159edomo\u0159sk\u00e9m ostrov\u011b Astypalaia.","breadcrumb":{"@id":"https:\/\/www.mzone.cz\/elektromobilni-ostrov-prvni-vznikne-v-recku\/#breadcrumb"},"inLanguage":"en-US","potentialAction":[{"@type":"ReadAction","target":["https:\/\/www.mzone.cz\/elektromobilni-ostrov-prvni-vznikne-v-recku\/"]}]},{"@type":"ImageObject","inLanguage":"en-US","@id":"https:\/\/www.mzone.cz\/elektromobilni-ostrov-prvni-vznikne-v-recku\/#primaryimage","url":"https:\/\/www.mzone.cz\/wp-content\/uploads\/2020\/11\/Elektromobilni-ostrov.jpg","contentUrl":"https:\/\/www.mzone.cz\/wp-content\/uploads\/2020\/11\/Elektromobilni-ostrov.jpg","width":1729,"height":1152,"caption":"Elektromobiln\u00ed ostrov"},{"@type":"BreadcrumbList","@id":"https:\/\/www.mzone.cz\/elektromobilni-ostrov-prvni-vznikne-v-recku\/#breadcrumb","itemListElement":[{"@type":"ListItem","position":1,"name":"Dom\u016f","item":"https:\/\/www.mzone.cz\/"},{"@type":"ListItem","position":2,"name":"V \u0158ecku vznikne prvn\u00ed elektromobiln\u00ed ostrov"}]},{"@type":"WebSite","@id":"https:\/\/www.mzone.cz\/#website","url":"https:\/\/www.mzone.cz\/","name":"Mzone","description":"Magaz\u00edn nejen pro mu\u017ee","potentialAction":[{"@type":"SearchAction","target":{"@type":"EntryPoint","urlTemplate":"https:\/\/www.mzone.cz\/?s={search_term_string}"},"query-input":{"@type":"PropertyValueSpecification","valueRequired":true,"valueName":"search_term_string"}}],"inLanguage":"en-US"},{"@type":"Person","@id":"https:\/\/www.mzone.cz\/#\/schema\/person\/9bc20cc422a99cac4af6ff9297da32d4","name":"Mzone","image":{"@type":"ImageObject","inLanguage":"en-US","@id":"https:\/\/secure.gravatar.com\/avatar\/e780a8630f3182a3d06dd667ab6bea151a0d155b0951bc15fe22633acdac0676?s=96&d=mm&r=g","url":"https:\/\/secure.gravatar.com\/avatar\/e780a8630f3182a3d06dd667ab6bea151a0d155b0951bc15fe22633acdac0676?s=96&d=mm&r=g","contentUrl":"https:\/\/secure.gravatar.com\/avatar\/e780a8630f3182a3d06dd667ab6bea151a0d155b0951bc15fe22633acdac0676?s=96&d=mm&r=g","caption":"Mzone"},"url":"https:\/\/www.mzone.cz\/en\/author\/jakub\/"}]}},"_links":{"self":[{"href":"https:\/\/www.mzone.cz\/en\/wp-json\/wp\/v2\/posts\/25711","targetHints":{"allow":["GET"]}}],"collection":[{"href":"https:\/\/www.mzone.cz\/en\/wp-json\/wp\/v2\/posts"}],"about":[{"href":"https:\/\/www.mzone.cz\/en\/wp-json\/wp\/v2\/types\/post"}],"author":[{"embeddable":true,"href":"https:\/\/www.mzone.cz\/en\/wp-json\/wp\/v2\/users\/4"}],"replies":[{"embeddable":true,"href":"https:\/\/www.mzone.cz\/en\/wp-json\/wp\/v2\/comments?post=25711"}],"version-history":[{"count":20,"href":"https:\/\/www.mzone.cz\/en\/wp-json\/wp\/v2\/posts\/25711\/revisions"}],"predecessor-version":[{"id":25739,"href":"https:\/\/www.mzone.cz\/en\/wp-json\/wp\/v2\/posts\/25711\/revisions\/25739"}],"wp:featuredmedia":[{"embeddable":true,"href":"https:\/\/www.mzone.cz\/en\/wp-json\/wp\/v2\/media\/25712"}],"wp:attachment":[{"href":"https:\/\/www.mzone.cz\/en\/wp-json\/wp\/v2\/media?parent=25711"}],"wp:term":[{"taxonomy":"category","embeddable":true,"href":"https:\/\/www.mzone.cz\/en\/wp-json\/wp\/v2\/categories?post=25711"},{"taxonomy":"post_tag","embeddable":true,"href":"https:\/\/www.mzone.cz\/en\/wp-json\/wp\/v2\/tags?post=25711"}],"curies":[{"name":"wp","href":"https:\/\/api.w.org\/{rel}","templated":true}]}}