{"id":26014,"date":"2020-12-30T05:00:37","date_gmt":"2020-12-30T04:00:37","guid":{"rendered":"https:\/\/www.mzone.cz\/?p=26014"},"modified":"2020-11-12T23:39:26","modified_gmt":"2020-11-12T22:39:26","slug":"za-15-let-provozu-naletaly-ceske-gripeny-30-000-hodin","status":"publish","type":"post","link":"https:\/\/www.mzone.cz\/en\/za-15-let-provozu-naletaly-ceske-gripeny-30-000-hodin\/","title":{"rendered":"Za 15 let provozu nal\u00e9taly \u010desk\u00e9 Gripeny 30 000 hodin"},"content":{"rendered":"<p><strong>18. dubna 2005 p\u0159ist\u00e1lo na leti\u0161ti v \u010c\u00e1slavi prvn\u00edch \u0161est jednom\u00edstn\u00fdch nadzvukov\u00fdch bojov\u00fdch letoun\u016f JAS-39C Gripen s v\u00fdsostn\u00fdmi znaky \u010cesk\u00e9 republiky. Ihned pot\u00e9 se na \u010d\u00e1slavsk\u00e9 z\u00e1kladn\u011b rozb\u011bhl intenzivn\u00ed leteck\u00fd v\u00fdcvik.<\/strong><\/p><br>\n\n\n\n<p>1. \u010dervence 2005 v 06.00 hodin r\u00e1no byly Gripeny nasazeny do pohotovostn\u00edho syst\u00e9mu protivzdu\u0161n\u00e9 a protiraketov\u00e9 obrany NATO (NATINADS, pozd\u011bji NATINAMDS) a nahradily tak slu\u017ebu letoun\u016f MiG-21 MFN. Do konce srpna roku 2005 byly postupn\u011b dod\u00e1ny v\u0161echny stroje \u2013 12 jednom\u00edstn\u00fdch a dva dvoum\u00edstn\u00e9.<\/p>\n\n\n\n<blockquote class=\"wp-block-quote is-layout-flow wp-block-quote-is-layout-flow\"><p>Prim\u00e1rn\u00edm \u00fakolem 211. taktick\u00e9 letky, kter\u00e1 je letouny vyzbrojena, je ochrana vzdu\u0161n\u00e9ho prostoru \u010cesk\u00e9 republiky a vzdu\u0161n\u00e9ho prostoru zem\u00ed Severoatlantick\u00e9 aliance.<\/p><\/blockquote>\n\n\n\n<p>Vedle toho letka zaji\u0161\u0165uje tak\u00e9 p\u0159e\u0161kolov\u00e1n\u00ed dal\u0161\u00edch pilot\u016f na letouny gripen a v\u011bnuje se i dal\u0161\u00edm \u010dinnostem, jako je nap\u0159\u00edklad elektronick\u00fd boj, ni\u010den\u00ed vzdu\u0161n\u00fdch c\u00edl\u016f, vzdu\u0161n\u00e9 souboje za hranic\u00ed viditelnosti, \u00fatoky na pozemn\u00ed c\u00edle, dopl\u0148ov\u00e1n\u00ed paliva za letu (Air-to-Air Refuelling) a spole\u010dn\u00fd v\u00fdcvik s ostatn\u00edmi jednotkami NATO.<\/p><br>\n\n\n\n<figure class=\"wp-block-image size-large\"><img loading=\"lazy\" decoding=\"async\" width=\"1024\" height=\"684\" src=\"https:\/\/www.mzone.cz\/wp-content\/uploads\/2020\/11\/foto-2_393.jpg\" alt=\"\u010cesk\u00e9 Gripeny maj\u00ed nal\u00e9t\u00e1no u\u017e 30 tis\u00edc hodin\" class=\"wp-image-26019\" srcset=\"https:\/\/www.mzone.cz\/wp-content\/uploads\/2020\/11\/foto-2_393.jpg 1024w, https:\/\/www.mzone.cz\/wp-content\/uploads\/2020\/11\/foto-2_393-300x200.jpg 300w, https:\/\/www.mzone.cz\/wp-content\/uploads\/2020\/11\/foto-2_393-768x513.jpg 768w, https:\/\/www.mzone.cz\/wp-content\/uploads\/2020\/11\/foto-2_393-16x12.jpg 16w, https:\/\/www.mzone.cz\/wp-content\/uploads\/2020\/11\/foto-2_393-800x533.jpg 800w, https:\/\/www.mzone.cz\/wp-content\/uploads\/2020\/11\/foto-2_393-400x267.jpg 400w, https:\/\/www.mzone.cz\/wp-content\/uploads\/2020\/11\/foto-2_393-500x333.jpg 500w, https:\/\/www.mzone.cz\/wp-content\/uploads\/2020\/11\/foto-2_393-590x394.jpg 590w\" sizes=\"auto, (max-width: 1024px) 100vw, 1024px\" \/><\/figure><br>\n\n\n\n<h2 class=\"wp-block-heading\"><strong>L\u00e9taj\u00edc\u00ed i pozemn\u00ed technick\u00fd person\u00e1l slou\u017e\u00ed spole\u010dn\u011b<\/strong><\/h2>\n\n\n\n<p>Organiza\u010dn\u00ed struktura letky je zalo\u017eena na sou\u010dasn\u00e9m trendu, kdy l\u00e9taj\u00edc\u00ed i pozemn\u00ed technick\u00fd person\u00e1l slou\u017e\u00ed spole\u010dn\u011b v r\u00e1mci jedn\u00e9 jednotky. Po\u010det p\u0159\u00edslu\u0161n\u00edk\u016f letky tak dosahuje kolem 170, z nich\u017e 140 p\u0159ipad\u00e1 na pozemn\u00ed technick\u00fd person\u00e1l, deset na p\u0159\u00edslu\u0161n\u00edky \u0161t\u00e1bu a zhruba dvacet na st\u00edhac\u00ed piloty. Ti jsou za\u0159azeni do celkem t\u0159\u00ed pilotn\u00edch roj\u016f. V\u011bt\u0161ina pilot\u016f m\u00e1 nal\u00e9t\u00e1no v\u00edce ne\u017e 1000 hodin a n\u011bkte\u0159\u00ed dokonce p\u0159es 2000 hodin. Na gripenech piloti nal\u00e9taj\u00ed v pr\u016fm\u011bru kolem 120 hodin za rok.<\/p>\n\n\n\n<blockquote class=\"wp-block-quote is-layout-flow wp-block-quote-is-layout-flow\"><p>Za 15 let provozu gripen\u016f bylo ve \u0160v\u00e9dsku p\u0159e\u0161koleno 35 pilot\u016f a v\u00edce ne\u017e 110 technik\u016f. Z tohoto po\u010dtu je zhruba 20 pilot\u016f a 70 technik\u016f opera\u010dn\u011b nasaditeln\u00fdch.<\/p><\/blockquote>\n\n\n\n<p>K zat\u00edm posledn\u00edmu p\u0159e\u0161kolen\u00ed, nov\u00fdch \u010dty\u0159\u00a0pilot\u016f a p\u011bti technik\u016f na letoun JAS-39 Gripen, do\u0161lo v prvn\u00ed polovin\u011b tohoto roku. P\u0159esto\u017ee se m\u016f\u017ee zd\u00e1t, \u017ee pr\u00e1ce leteck\u00e9ho technika je v\u00fdsadou mu\u017e\u016f, v \u0159ad\u00e1ch technick\u00e9 person\u00e1lu 211. letky najdeme tak\u00e9 \u017eeny, kter\u00e9 tuto pr\u00e1ci zvl\u00e1daj\u00ed stejn\u011b dob\u0159e jako jejich mu\u017e\u0161t\u00ed kolegov\u00e9.<\/p><br>\n\n\n\n<h2 class=\"wp-block-heading\"><strong>30 000 hodin ve vzduchu na Den veter\u00e1n\u016f<\/strong><\/h2>\n\n\n\n<p>Jak ji\u017e bylo zm\u00edn\u011bno, od roku 2005 jsou tyto letouny nep\u0159etr\u017eit\u011b 24 hodin 7 dn\u00ed v t\u00fddnu za\u0159azeny v syst\u00e9mu NATINAMDS. Symbolicky na Den v\u00e1le\u010dn\u00fdch veter\u00e1n\u016f \u2013 11. listopadu 2020 \u2013 letouny 211. taktick\u00e9 letky \u010d\u00e1slavsk\u00e9 z\u00e1kladny p\u0159ekonaly magickou hranici 30 000 letov\u00fdch hodin.<\/p><br>\n\n\n\n<h2 class=\"wp-block-heading\"><strong>V\u00fdborn\u00e1 zn\u00e1mka pro person\u00e1l<\/strong><\/h2>\n\n\n\n<p>S gripeny je od sam\u00e9ho za\u010d\u00e1tku jejich provozu v \u010cesk\u00e9 republice spjat\u00fd podplukovn\u00edk Michal Dan\u011bk. \u201eByl to v\u00fdznamn\u00fd kvalitativn\u00ed a technologick\u00fd krok pro letectvo, kter\u00fd n\u00e1s posunul na \u00farove\u0148 alian\u010dn\u00edch partner\u016f. Dosa\u017een\u00ed 30 tis\u00edc hodin se 14\u00a0letouny za 15 let je v\u00fdznamn\u00fd mezn\u00edk, jen\u017e nem\u00e1 konkurenci mezi ostatn\u00edmi u\u017eivateli letoun\u016f gripen. Ji\u017e toto samo o sob\u011b je v\u00fdborn\u00e1 zn\u00e1mka spolehlivosti a z\u00e1rove\u0148 sv\u011bd\u010d\u00ed o vysok\u00e9 erudovanosti person\u00e1lu, bez kter\u00e9 bychom tohoto v\u00fdsledku jist\u011b nedos\u00e1hli,\u201c \u0159\u00edk\u00e1 velitel 211. taktick\u00e9 letky a jeden z nejzku\u0161en\u011bj\u0161\u00edch pilot\u016f podplukovn\u00edk Michal Dan\u011bk.<\/p><br>\n\n\n\n<figure class=\"wp-block-image size-large\"><img loading=\"lazy\" decoding=\"async\" width=\"1024\" height=\"682\" src=\"https:\/\/www.mzone.cz\/wp-content\/uploads\/2020\/11\/foto-4_320.jpg\" alt=\"Letoun JAS-39C Gripen\" class=\"wp-image-26025\" srcset=\"https:\/\/www.mzone.cz\/wp-content\/uploads\/2020\/11\/foto-4_320.jpg 1024w, https:\/\/www.mzone.cz\/wp-content\/uploads\/2020\/11\/foto-4_320-300x200.jpg 300w, https:\/\/www.mzone.cz\/wp-content\/uploads\/2020\/11\/foto-4_320-768x512.jpg 768w, https:\/\/www.mzone.cz\/wp-content\/uploads\/2020\/11\/foto-4_320-16x12.jpg 16w, https:\/\/www.mzone.cz\/wp-content\/uploads\/2020\/11\/foto-4_320-800x533.jpg 800w, https:\/\/www.mzone.cz\/wp-content\/uploads\/2020\/11\/foto-4_320-400x267.jpg 400w, https:\/\/www.mzone.cz\/wp-content\/uploads\/2020\/11\/foto-4_320-500x333.jpg 500w, https:\/\/www.mzone.cz\/wp-content\/uploads\/2020\/11\/foto-4_320-590x393.jpg 590w\" sizes=\"auto, (max-width: 1024px) 100vw, 1024px\" \/><\/figure><br>\n\n\n\n<p>Za patn\u00e1ct let sou\u017eit\u00ed s touto sofistifikovanou vojenskou leteckou technologi\u00ed ud\u011blal leteck\u00fd pozemn\u00ed person\u00e1l 211. taktick\u00e9 letky obrovsk\u00fd a s ni\u010d\u00edm nesrovnateln\u00fd pokrok. Letouny JAS-39 C\/D v letech 2004-2005 p\u0159inesly do prost\u0159ed\u00ed letectva A\u010cR zcela nov\u00e9 standardy a zp\u016fsoby my\u0161len\u00ed v p\u0159\u00edstupu k problematice \u00fadr\u017eby a provozu vojensk\u00e9 leteck\u00e9 techniky.<\/p><br>\n\n\n\n<h2 class=\"wp-block-heading\"><strong>Vz\u00e1jemn\u00e1 inspirace funguje<\/strong><\/h2>\n\n\n\n<p>\u010cesk\u00fd leteck\u00fd pozemn\u00ed person\u00e1l vstupoval do projektu gripen se svoj\u00ed lety prov\u011b\u0159enou kvalitou a s velmi vysok\u00fdmi standardy a obecn\u00fdmi znalostmi. V mnoh\u00e9m naopak za t\u011bch spoustu let velice \u00fazk\u00e9 spolupr\u00e1ce inspiroval \u0161v\u00e9dsk\u00e9 kolegy a i ostatn\u00ed u\u017eivatele syst\u00e9mu gripen v Evrop\u011b i mimo n\u00ed.<\/p><br>\n\n\n\n<p>Velik\u00fdm p\u0159\u00ednosem t\u00e9to mnohon\u00e1rodn\u00ed spolupr\u00e1ce byla mimo jin\u00e9 implementace teorie \u201eHuman Factor\u201c do prost\u0159ed\u00ed provozu leteck\u00e9 techniky, a s t\u00edm souvisej\u00edc\u00ed obecn\u00e9\u00a0zv\u00fd\u0161en\u00ed bezpe\u010dnosti p\u0159i pr\u00e1ci na leteck\u00e9 technice a zv\u00fd\u0161en\u00ed bezpe\u010dnosti let\u016f jako takov\u00e9.<\/p>\n\n\n\n<blockquote class=\"wp-block-quote is-layout-flow wp-block-quote-is-layout-flow\"><p>\u201ePo deseti letech provozu jsme se v roce 2015 fakticky osamostatnili od \u0161v\u00e9dsk\u00e9ho podp\u016frn\u00e9ho syst\u00e9mu a \u010d\u00e1slavsk\u00e1 letka gripen\u016f se stala zcela autonomn\u00edm subjektem tzv. gripen family a to co do pl\u00e1nov\u00e1n\u00ed, \u00fadr\u017eby i samotn\u00e9ho provozu \u201ena\u0161ich\u201c gripen\u016f,\u201c objas\u0148uje major \u010eucha, z\u00e1stupce velitele 211. taktick\u00e9 letky pro ILS.<\/p><\/blockquote>\n\n\n\n<h2 class=\"wp-block-heading\"><strong>Air Policing i pravideln\u00e1 cvi\u010den\u00ed<\/strong><\/h2>\n\n\n\n<p>\u010cesk\u00e9 gripeny absolvovaly \u0161est zahrani\u010dn\u00edch operac\u00ed Air Policing. St\u0159e\u017eily vzdu\u0161n\u00fd prostor Loty\u0161ska, Litvy a Estonska v letech 2009, 2012 a 2019. V letech 2014, 2015 a 2016 pak \u010de\u0161t\u00ed st\u00edha\u010di st\u0159e\u017eili vzdu\u0161n\u00fd prostor Islandu. Piloti gripen\u016f se s letouny \u00fa\u010dastn\u00ed mnoha mezin\u00e1rodn\u00edch cvi\u010den\u00ed. K t\u011bm nejv\u00fdznamn\u011bj\u0161\u00edm pat\u0159\u00ed <a href=\"https:\/\/www.natotigers.org\/\" target=\"_blank\" rel=\"noreferrer noopener\">NATO Tiger Meet<\/a>, Lion Effort, Sky Avanger a dal\u0161\u00ed.<\/p>\n\n\n\n<blockquote class=\"wp-block-quote is-layout-flow wp-block-quote-is-layout-flow\"><p>Flotila \u010desk\u00fdch gripen\u016f v pr\u016fm\u011bru l\u00e9t\u00e1 2000 letov\u00fdch hodin ro\u010dn\u011b a toto tempo se da\u0159\u00ed trvale udr\u017eovat. Pro tak malou jednotku, \u010d\u00edtaj\u00edc\u00ed pouze 14 letoun\u016f, jde o velice kvalitn\u00ed a s okoln\u00edm sv\u011btem srovnateln\u00fd parametr.<\/p><\/blockquote>\n\n\n\n<figure class=\"wp-block-image size-large\"><img loading=\"lazy\" decoding=\"async\" width=\"1024\" height=\"682\" src=\"https:\/\/www.mzone.cz\/wp-content\/uploads\/2020\/11\/foto-3_349.jpg\" alt=\"\u010cesk\u00e9 gripeny\" class=\"wp-image-26032\" srcset=\"https:\/\/www.mzone.cz\/wp-content\/uploads\/2020\/11\/foto-3_349.jpg 1024w, https:\/\/www.mzone.cz\/wp-content\/uploads\/2020\/11\/foto-3_349-300x200.jpg 300w, https:\/\/www.mzone.cz\/wp-content\/uploads\/2020\/11\/foto-3_349-768x512.jpg 768w, https:\/\/www.mzone.cz\/wp-content\/uploads\/2020\/11\/foto-3_349-16x12.jpg 16w, https:\/\/www.mzone.cz\/wp-content\/uploads\/2020\/11\/foto-3_349-800x533.jpg 800w, https:\/\/www.mzone.cz\/wp-content\/uploads\/2020\/11\/foto-3_349-400x267.jpg 400w, https:\/\/www.mzone.cz\/wp-content\/uploads\/2020\/11\/foto-3_349-500x333.jpg 500w, https:\/\/www.mzone.cz\/wp-content\/uploads\/2020\/11\/foto-3_349-590x393.jpg 590w\" sizes=\"auto, (max-width: 1024px) 100vw, 1024px\" \/><\/figure><br>\n\n\n\n<p>Za 15 let slu\u017eby letoun\u016f u Vzdu\u0161n\u00fdch sil Arm\u00e1dy \u010cesk\u00e9 republiky gripeny pro\u0161ly postupnou modernizac\u00ed, kter\u00e1 prob\u00edh\u00e1 ve \u0160v\u00e9dsku. T\u00fdkala se p\u0159edev\u0161\u00edm softwaru, instalace jednotek syst\u00e9mu Link-16, syst\u00e9mu utajen\u00e9 komunikace. D\u00e1le byl letoun vybaven pr\u016fzkumn\u00fdm kontejnerem (Laser Designator Pod), kabina byla upravena k pou\u017e\u00edv\u00e1n\u00ed br\u00fdl\u00ed no\u010dn\u00edho vid\u011bn\u00ed. To v\u0161e vedlo k n\u00e1r\u016fstu opera\u010dn\u00edch schopnost\u00ed letoun\u016f JAS-39 C\/D Gripen.<\/p><br>\n\n\n\n<div class=\"wp-block-media-text alignwide is-stacked-on-mobile is-vertically-aligned-top\" style=\"grid-template-columns:24% auto\"><figure class=\"wp-block-media-text__media\"><a href=\"https:\/\/www.mzone.cz\/pelikan-ultra-letoun-ktery-unese-35-tanku-a-900-vojaku\/\"><img loading=\"lazy\" decoding=\"async\" width=\"333\" height=\"222\" src=\"https:\/\/www.mzone.cz\/wp-content\/uploads\/2020\/09\/Pelican-Ultra.jpg\" alt=\"\" class=\"wp-image-20575\" srcset=\"https:\/\/www.mzone.cz\/wp-content\/uploads\/2020\/09\/Pelican-Ultra.jpg 333w, https:\/\/www.mzone.cz\/wp-content\/uploads\/2020\/09\/Pelican-Ultra-300x200.jpg 300w\" sizes=\"auto, (max-width: 333px) 100vw, 333px\" \/><\/a><\/figure><div class=\"wp-block-media-text__content\">\n<h4><a href=\"https:\/\/www.mzone.cz\/pelikan-ultra-letoun-ktery-unese-35-tanku-a-900-vojaku\/\">Pelik\u00e1n Ultra \u2013 letoun, kter\u00fd unese 35 tank\u016f a 900 voj\u00e1k\u016f<\/a><\/h4><br>\n<\/div><\/div>","protected":false},"excerpt":{"rendered":"<p>18. dubna 2005 p\u0159ist\u00e1lo na leti\u0161ti v \u010c\u00e1slavi prvn\u00edch \u0161est jednom\u00edstn\u00fdch nadzvukov\u00fdch bojov\u00fdch letoun\u016f JAS-39C Gripen s v\u00fdsostn\u00fdmi znaky \u010cesk\u00e9 republiky. Ihned pot\u00e9 se na \u010d\u00e1slavsk\u00e9 z\u00e1kladn\u011b rozb\u011bhl intenzivn\u00ed leteck\u00fd v\u00fdcvik. 1. \u010dervence 2005 v 06.00 hodin r\u00e1no byly Gripeny nasazeny do pohotovostn\u00edho syst\u00e9mu protivzdu\u0161n\u00e9 a protiraketov\u00e9 obrany NATO (NATINADS, pozd\u011bji NATINAMDS) a nahradily tak [&hellip;]<\/p>\n","protected":false},"author":4,"featured_media":26015,"comment_status":"open","ping_status":"closed","sticky":false,"template":"","format":"standard","meta":{"kk_blocks_editor_width":"","_kiokenblocks_attr":"","_kiokenblocks_dimensions":"","footnotes":""},"categories":[65,68],"tags":[4385,95,4384,4393,4394,4395,754,4396,3184,3754,3183,3182,4397,434,675,674,39],"class_list":["post-26014","post","type-post","status-publish","format-standard","has-post-thumbnail","hentry","category-technika","category-zbrane","tag-acr","tag-armada","tag-armada-ceske-republiky","tag-gripen","tag-gripeny","tag-jas-39c","tag-letadla","tag-letecka-obrana","tag-letectvo","tag-letoun","tag-letouny","tag-stihaci-letadla","tag-stihacky","tag-technika","tag-vojaci","tag-vojsko","tag-zbrane"],"yoast_head":"<!-- This site is optimized with the Yoast SEO plugin v27.5 - https:\/\/yoast.com\/product\/yoast-seo-wordpress\/ -->\n<title>Za 15 let provozu nal\u00e9taly \u010desk\u00e9 Gripeny 30 000 hodin - Mzone<\/title>\n<meta name=\"description\" content=\"18. dubna 2005 p\u0159ist\u00e1lo na leti\u0161ti v \u010c\u00e1slavi prvn\u00edch \u0161est jednom\u00edstn\u00fdch nadzvukov\u00fdch bojov\u00fdch letoun\u016f JAS-39C Gripen s v\u00fdsostn\u00fdmi znaky \u010cesk\u00e9 republiky. Ihned pot\u00e9 se na \u010d\u00e1slavsk\u00e9 z\u00e1kladn\u011b rozb\u011bhl intenzivn\u00ed leteck\u00fd v\u00fdcvik.\" \/>\n<meta name=\"robots\" content=\"index, follow, max-snippet:-1, max-image-preview:large, max-video-preview:-1\" \/>\n<link rel=\"canonical\" href=\"https:\/\/www.mzone.cz\/en\/za-15-let-provozu-naletaly-ceske-gripeny-30-000-hodin\/\" \/>\n<meta property=\"og:locale\" content=\"en_US\" \/>\n<meta property=\"og:type\" content=\"article\" \/>\n<meta property=\"og:title\" content=\"Za 15 let provozu nal\u00e9taly \u010desk\u00e9 Gripeny 30 000 hodin - Mzone\" \/>\n<meta property=\"og:description\" content=\"18. dubna 2005 p\u0159ist\u00e1lo na leti\u0161ti v \u010c\u00e1slavi prvn\u00edch \u0161est jednom\u00edstn\u00fdch nadzvukov\u00fdch bojov\u00fdch letoun\u016f JAS-39C Gripen s v\u00fdsostn\u00fdmi znaky \u010cesk\u00e9 republiky. Ihned pot\u00e9 se na \u010d\u00e1slavsk\u00e9 z\u00e1kladn\u011b rozb\u011bhl intenzivn\u00ed leteck\u00fd v\u00fdcvik.\" \/>\n<meta property=\"og:url\" content=\"https:\/\/www.mzone.cz\/en\/za-15-let-provozu-naletaly-ceske-gripeny-30-000-hodin\/\" \/>\n<meta property=\"og:site_name\" content=\"Mzone\" \/>\n<meta property=\"article:publisher\" content=\"https:\/\/www.facebook.com\/MzoneCZ\/\" \/>\n<meta property=\"article:published_time\" content=\"2020-12-30T04:00:37+00:00\" \/>\n<meta property=\"og:image\" content=\"https:\/\/www.mzone.cz\/wp-content\/uploads\/2020\/11\/Gripeny.jpg\" \/>\n\t<meta property=\"og:image:width\" content=\"983\" \/>\n\t<meta property=\"og:image:height\" content=\"655\" \/>\n\t<meta property=\"og:image:type\" content=\"image\/jpeg\" \/>\n<meta name=\"author\" content=\"Mzone\" \/>\n<meta name=\"twitter:card\" content=\"summary_large_image\" \/>\n<meta name=\"twitter:label1\" content=\"Written by\" \/>\n\t<meta name=\"twitter:data1\" content=\"Mzone\" \/>\n\t<meta name=\"twitter:label2\" content=\"Est. reading time\" \/>\n\t<meta name=\"twitter:data2\" content=\"5 minutes\" \/>\n<script type=\"application\/ld+json\" class=\"yoast-schema-graph\">{\"@context\":\"https:\\\/\\\/schema.org\",\"@graph\":[{\"@type\":\"Article\",\"@id\":\"https:\\\/\\\/www.mzone.cz\\\/za-15-let-provozu-naletaly-ceske-gripeny-30-000-hodin\\\/#article\",\"isPartOf\":{\"@id\":\"https:\\\/\\\/www.mzone.cz\\\/za-15-let-provozu-naletaly-ceske-gripeny-30-000-hodin\\\/\"},\"author\":{\"name\":\"Mzone\",\"@id\":\"https:\\\/\\\/www.mzone.cz\\\/#\\\/schema\\\/person\\\/9bc20cc422a99cac4af6ff9297da32d4\"},\"headline\":\"Za 15 let provozu nal\u00e9taly \u010desk\u00e9 Gripeny 30 000 hodin\",\"datePublished\":\"2020-12-30T04:00:37+00:00\",\"mainEntityOfPage\":{\"@id\":\"https:\\\/\\\/www.mzone.cz\\\/za-15-let-provozu-naletaly-ceske-gripeny-30-000-hodin\\\/\"},\"wordCount\":1020,\"commentCount\":0,\"image\":{\"@id\":\"https:\\\/\\\/www.mzone.cz\\\/za-15-let-provozu-naletaly-ceske-gripeny-30-000-hodin\\\/#primaryimage\"},\"thumbnailUrl\":\"https:\\\/\\\/www.mzone.cz\\\/wp-content\\\/uploads\\\/2020\\\/11\\\/Gripeny.jpg\",\"keywords\":[\"A\u010cR\",\"Arm\u00e1da\",\"Arm\u00e1da \u010cesk\u00e9 republiky\",\"Gripen\",\"Gripeny\",\"JAS-39C\",\"letadla\",\"leteck\u00e1 obrana\",\"letectvo\",\"letoun\",\"letouny\",\"st\u00edhac\u00ed letadla\",\"st\u00edha\u010dky\",\"technika\",\"voj\u00e1ci\",\"vojsko\",\"Zbran\u011b\"],\"articleSection\":[\"Technika\",\"Zbran\u011b\"],\"inLanguage\":\"en-US\",\"potentialAction\":[{\"@type\":\"CommentAction\",\"name\":\"Comment\",\"target\":[\"https:\\\/\\\/www.mzone.cz\\\/za-15-let-provozu-naletaly-ceske-gripeny-30-000-hodin\\\/#respond\"]}]},{\"@type\":\"WebPage\",\"@id\":\"https:\\\/\\\/www.mzone.cz\\\/za-15-let-provozu-naletaly-ceske-gripeny-30-000-hodin\\\/\",\"url\":\"https:\\\/\\\/www.mzone.cz\\\/za-15-let-provozu-naletaly-ceske-gripeny-30-000-hodin\\\/\",\"name\":\"Za 15 let provozu nal\u00e9taly \u010desk\u00e9 Gripeny 30 000 hodin - Mzone\",\"isPartOf\":{\"@id\":\"https:\\\/\\\/www.mzone.cz\\\/#website\"},\"primaryImageOfPage\":{\"@id\":\"https:\\\/\\\/www.mzone.cz\\\/za-15-let-provozu-naletaly-ceske-gripeny-30-000-hodin\\\/#primaryimage\"},\"image\":{\"@id\":\"https:\\\/\\\/www.mzone.cz\\\/za-15-let-provozu-naletaly-ceske-gripeny-30-000-hodin\\\/#primaryimage\"},\"thumbnailUrl\":\"https:\\\/\\\/www.mzone.cz\\\/wp-content\\\/uploads\\\/2020\\\/11\\\/Gripeny.jpg\",\"datePublished\":\"2020-12-30T04:00:37+00:00\",\"author\":{\"@id\":\"https:\\\/\\\/www.mzone.cz\\\/#\\\/schema\\\/person\\\/9bc20cc422a99cac4af6ff9297da32d4\"},\"description\":\"18. dubna 2005 p\u0159ist\u00e1lo na leti\u0161ti v \u010c\u00e1slavi prvn\u00edch \u0161est jednom\u00edstn\u00fdch nadzvukov\u00fdch bojov\u00fdch letoun\u016f JAS-39C Gripen s v\u00fdsostn\u00fdmi znaky \u010cesk\u00e9 republiky. Ihned pot\u00e9 se na \u010d\u00e1slavsk\u00e9 z\u00e1kladn\u011b rozb\u011bhl intenzivn\u00ed leteck\u00fd v\u00fdcvik.\",\"breadcrumb\":{\"@id\":\"https:\\\/\\\/www.mzone.cz\\\/za-15-let-provozu-naletaly-ceske-gripeny-30-000-hodin\\\/#breadcrumb\"},\"inLanguage\":\"en-US\",\"potentialAction\":[{\"@type\":\"ReadAction\",\"target\":[\"https:\\\/\\\/www.mzone.cz\\\/za-15-let-provozu-naletaly-ceske-gripeny-30-000-hodin\\\/\"]}]},{\"@type\":\"ImageObject\",\"inLanguage\":\"en-US\",\"@id\":\"https:\\\/\\\/www.mzone.cz\\\/za-15-let-provozu-naletaly-ceske-gripeny-30-000-hodin\\\/#primaryimage\",\"url\":\"https:\\\/\\\/www.mzone.cz\\\/wp-content\\\/uploads\\\/2020\\\/11\\\/Gripeny.jpg\",\"contentUrl\":\"https:\\\/\\\/www.mzone.cz\\\/wp-content\\\/uploads\\\/2020\\\/11\\\/Gripeny.jpg\",\"width\":983,\"height\":655,\"caption\":\"Gripeny\"},{\"@type\":\"BreadcrumbList\",\"@id\":\"https:\\\/\\\/www.mzone.cz\\\/za-15-let-provozu-naletaly-ceske-gripeny-30-000-hodin\\\/#breadcrumb\",\"itemListElement\":[{\"@type\":\"ListItem\",\"position\":1,\"name\":\"Dom\u016f\",\"item\":\"https:\\\/\\\/www.mzone.cz\\\/\"},{\"@type\":\"ListItem\",\"position\":2,\"name\":\"Za 15 let provozu nal\u00e9taly \u010desk\u00e9 Gripeny 30 000 hodin\"}]},{\"@type\":\"WebSite\",\"@id\":\"https:\\\/\\\/www.mzone.cz\\\/#website\",\"url\":\"https:\\\/\\\/www.mzone.cz\\\/\",\"name\":\"Mzone\",\"description\":\"Magaz\u00edn nejen pro mu\u017ee\",\"potentialAction\":[{\"@type\":\"SearchAction\",\"target\":{\"@type\":\"EntryPoint\",\"urlTemplate\":\"https:\\\/\\\/www.mzone.cz\\\/?s={search_term_string}\"},\"query-input\":{\"@type\":\"PropertyValueSpecification\",\"valueRequired\":true,\"valueName\":\"search_term_string\"}}],\"inLanguage\":\"en-US\"},{\"@type\":\"Person\",\"@id\":\"https:\\\/\\\/www.mzone.cz\\\/#\\\/schema\\\/person\\\/9bc20cc422a99cac4af6ff9297da32d4\",\"name\":\"Mzone\",\"image\":{\"@type\":\"ImageObject\",\"inLanguage\":\"en-US\",\"@id\":\"https:\\\/\\\/secure.gravatar.com\\\/avatar\\\/e780a8630f3182a3d06dd667ab6bea151a0d155b0951bc15fe22633acdac0676?s=96&d=mm&r=g\",\"url\":\"https:\\\/\\\/secure.gravatar.com\\\/avatar\\\/e780a8630f3182a3d06dd667ab6bea151a0d155b0951bc15fe22633acdac0676?s=96&d=mm&r=g\",\"contentUrl\":\"https:\\\/\\\/secure.gravatar.com\\\/avatar\\\/e780a8630f3182a3d06dd667ab6bea151a0d155b0951bc15fe22633acdac0676?s=96&d=mm&r=g\",\"caption\":\"Mzone\"},\"url\":\"https:\\\/\\\/www.mzone.cz\\\/en\\\/author\\\/jakub\\\/\"}]}<\/script>\n<!-- \/ Yoast SEO plugin. -->","yoast_head_json":{"title":"Za 15 let provozu nal\u00e9taly \u010desk\u00e9 Gripeny 30 000 hodin - Mzone","description":"18. dubna 2005 p\u0159ist\u00e1lo na leti\u0161ti v \u010c\u00e1slavi prvn\u00edch \u0161est jednom\u00edstn\u00fdch nadzvukov\u00fdch bojov\u00fdch letoun\u016f JAS-39C Gripen s v\u00fdsostn\u00fdmi znaky \u010cesk\u00e9 republiky. Ihned pot\u00e9 se na \u010d\u00e1slavsk\u00e9 z\u00e1kladn\u011b rozb\u011bhl intenzivn\u00ed leteck\u00fd v\u00fdcvik.","robots":{"index":"index","follow":"follow","max-snippet":"max-snippet:-1","max-image-preview":"max-image-preview:large","max-video-preview":"max-video-preview:-1"},"canonical":"https:\/\/www.mzone.cz\/en\/za-15-let-provozu-naletaly-ceske-gripeny-30-000-hodin\/","og_locale":"en_US","og_type":"article","og_title":"Za 15 let provozu nal\u00e9taly \u010desk\u00e9 Gripeny 30 000 hodin - Mzone","og_description":"18. dubna 2005 p\u0159ist\u00e1lo na leti\u0161ti v \u010c\u00e1slavi prvn\u00edch \u0161est jednom\u00edstn\u00fdch nadzvukov\u00fdch bojov\u00fdch letoun\u016f JAS-39C Gripen s v\u00fdsostn\u00fdmi znaky \u010cesk\u00e9 republiky. Ihned pot\u00e9 se na \u010d\u00e1slavsk\u00e9 z\u00e1kladn\u011b rozb\u011bhl intenzivn\u00ed leteck\u00fd v\u00fdcvik.","og_url":"https:\/\/www.mzone.cz\/en\/za-15-let-provozu-naletaly-ceske-gripeny-30-000-hodin\/","og_site_name":"Mzone","article_publisher":"https:\/\/www.facebook.com\/MzoneCZ\/","article_published_time":"2020-12-30T04:00:37+00:00","og_image":[{"width":983,"height":655,"url":"https:\/\/www.mzone.cz\/wp-content\/uploads\/2020\/11\/Gripeny.jpg","type":"image\/jpeg"}],"author":"Mzone","twitter_card":"summary_large_image","twitter_misc":{"Written by":"Mzone","Est. reading time":"5 minutes"},"schema":{"@context":"https:\/\/schema.org","@graph":[{"@type":"Article","@id":"https:\/\/www.mzone.cz\/za-15-let-provozu-naletaly-ceske-gripeny-30-000-hodin\/#article","isPartOf":{"@id":"https:\/\/www.mzone.cz\/za-15-let-provozu-naletaly-ceske-gripeny-30-000-hodin\/"},"author":{"name":"Mzone","@id":"https:\/\/www.mzone.cz\/#\/schema\/person\/9bc20cc422a99cac4af6ff9297da32d4"},"headline":"Za 15 let provozu nal\u00e9taly \u010desk\u00e9 Gripeny 30 000 hodin","datePublished":"2020-12-30T04:00:37+00:00","mainEntityOfPage":{"@id":"https:\/\/www.mzone.cz\/za-15-let-provozu-naletaly-ceske-gripeny-30-000-hodin\/"},"wordCount":1020,"commentCount":0,"image":{"@id":"https:\/\/www.mzone.cz\/za-15-let-provozu-naletaly-ceske-gripeny-30-000-hodin\/#primaryimage"},"thumbnailUrl":"https:\/\/www.mzone.cz\/wp-content\/uploads\/2020\/11\/Gripeny.jpg","keywords":["A\u010cR","Arm\u00e1da","Arm\u00e1da \u010cesk\u00e9 republiky","Gripen","Gripeny","JAS-39C","letadla","leteck\u00e1 obrana","letectvo","letoun","letouny","st\u00edhac\u00ed letadla","st\u00edha\u010dky","technika","voj\u00e1ci","vojsko","Zbran\u011b"],"articleSection":["Technika","Zbran\u011b"],"inLanguage":"en-US","potentialAction":[{"@type":"CommentAction","name":"Comment","target":["https:\/\/www.mzone.cz\/za-15-let-provozu-naletaly-ceske-gripeny-30-000-hodin\/#respond"]}]},{"@type":"WebPage","@id":"https:\/\/www.mzone.cz\/za-15-let-provozu-naletaly-ceske-gripeny-30-000-hodin\/","url":"https:\/\/www.mzone.cz\/za-15-let-provozu-naletaly-ceske-gripeny-30-000-hodin\/","name":"Za 15 let provozu nal\u00e9taly \u010desk\u00e9 Gripeny 30 000 hodin - Mzone","isPartOf":{"@id":"https:\/\/www.mzone.cz\/#website"},"primaryImageOfPage":{"@id":"https:\/\/www.mzone.cz\/za-15-let-provozu-naletaly-ceske-gripeny-30-000-hodin\/#primaryimage"},"image":{"@id":"https:\/\/www.mzone.cz\/za-15-let-provozu-naletaly-ceske-gripeny-30-000-hodin\/#primaryimage"},"thumbnailUrl":"https:\/\/www.mzone.cz\/wp-content\/uploads\/2020\/11\/Gripeny.jpg","datePublished":"2020-12-30T04:00:37+00:00","author":{"@id":"https:\/\/www.mzone.cz\/#\/schema\/person\/9bc20cc422a99cac4af6ff9297da32d4"},"description":"18. dubna 2005 p\u0159ist\u00e1lo na leti\u0161ti v \u010c\u00e1slavi prvn\u00edch \u0161est jednom\u00edstn\u00fdch nadzvukov\u00fdch bojov\u00fdch letoun\u016f JAS-39C Gripen s v\u00fdsostn\u00fdmi znaky \u010cesk\u00e9 republiky. Ihned pot\u00e9 se na \u010d\u00e1slavsk\u00e9 z\u00e1kladn\u011b rozb\u011bhl intenzivn\u00ed leteck\u00fd v\u00fdcvik.","breadcrumb":{"@id":"https:\/\/www.mzone.cz\/za-15-let-provozu-naletaly-ceske-gripeny-30-000-hodin\/#breadcrumb"},"inLanguage":"en-US","potentialAction":[{"@type":"ReadAction","target":["https:\/\/www.mzone.cz\/za-15-let-provozu-naletaly-ceske-gripeny-30-000-hodin\/"]}]},{"@type":"ImageObject","inLanguage":"en-US","@id":"https:\/\/www.mzone.cz\/za-15-let-provozu-naletaly-ceske-gripeny-30-000-hodin\/#primaryimage","url":"https:\/\/www.mzone.cz\/wp-content\/uploads\/2020\/11\/Gripeny.jpg","contentUrl":"https:\/\/www.mzone.cz\/wp-content\/uploads\/2020\/11\/Gripeny.jpg","width":983,"height":655,"caption":"Gripeny"},{"@type":"BreadcrumbList","@id":"https:\/\/www.mzone.cz\/za-15-let-provozu-naletaly-ceske-gripeny-30-000-hodin\/#breadcrumb","itemListElement":[{"@type":"ListItem","position":1,"name":"Dom\u016f","item":"https:\/\/www.mzone.cz\/"},{"@type":"ListItem","position":2,"name":"Za 15 let provozu nal\u00e9taly \u010desk\u00e9 Gripeny 30 000 hodin"}]},{"@type":"WebSite","@id":"https:\/\/www.mzone.cz\/#website","url":"https:\/\/www.mzone.cz\/","name":"Mzone","description":"Magaz\u00edn nejen pro mu\u017ee","potentialAction":[{"@type":"SearchAction","target":{"@type":"EntryPoint","urlTemplate":"https:\/\/www.mzone.cz\/?s={search_term_string}"},"query-input":{"@type":"PropertyValueSpecification","valueRequired":true,"valueName":"search_term_string"}}],"inLanguage":"en-US"},{"@type":"Person","@id":"https:\/\/www.mzone.cz\/#\/schema\/person\/9bc20cc422a99cac4af6ff9297da32d4","name":"Mzone","image":{"@type":"ImageObject","inLanguage":"en-US","@id":"https:\/\/secure.gravatar.com\/avatar\/e780a8630f3182a3d06dd667ab6bea151a0d155b0951bc15fe22633acdac0676?s=96&d=mm&r=g","url":"https:\/\/secure.gravatar.com\/avatar\/e780a8630f3182a3d06dd667ab6bea151a0d155b0951bc15fe22633acdac0676?s=96&d=mm&r=g","contentUrl":"https:\/\/secure.gravatar.com\/avatar\/e780a8630f3182a3d06dd667ab6bea151a0d155b0951bc15fe22633acdac0676?s=96&d=mm&r=g","caption":"Mzone"},"url":"https:\/\/www.mzone.cz\/en\/author\/jakub\/"}]}},"_links":{"self":[{"href":"https:\/\/www.mzone.cz\/en\/wp-json\/wp\/v2\/posts\/26014","targetHints":{"allow":["GET"]}}],"collection":[{"href":"https:\/\/www.mzone.cz\/en\/wp-json\/wp\/v2\/posts"}],"about":[{"href":"https:\/\/www.mzone.cz\/en\/wp-json\/wp\/v2\/types\/post"}],"author":[{"embeddable":true,"href":"https:\/\/www.mzone.cz\/en\/wp-json\/wp\/v2\/users\/4"}],"replies":[{"embeddable":true,"href":"https:\/\/www.mzone.cz\/en\/wp-json\/wp\/v2\/comments?post=26014"}],"version-history":[{"count":17,"href":"https:\/\/www.mzone.cz\/en\/wp-json\/wp\/v2\/posts\/26014\/revisions"}],"predecessor-version":[{"id":26037,"href":"https:\/\/www.mzone.cz\/en\/wp-json\/wp\/v2\/posts\/26014\/revisions\/26037"}],"wp:featuredmedia":[{"embeddable":true,"href":"https:\/\/www.mzone.cz\/en\/wp-json\/wp\/v2\/media\/26015"}],"wp:attachment":[{"href":"https:\/\/www.mzone.cz\/en\/wp-json\/wp\/v2\/media?parent=26014"}],"wp:term":[{"taxonomy":"category","embeddable":true,"href":"https:\/\/www.mzone.cz\/en\/wp-json\/wp\/v2\/categories?post=26014"},{"taxonomy":"post_tag","embeddable":true,"href":"https:\/\/www.mzone.cz\/en\/wp-json\/wp\/v2\/tags?post=26014"}],"curies":[{"name":"wp","href":"https:\/\/api.w.org\/{rel}","templated":true}]}}