{"id":26222,"date":"2021-01-22T05:00:42","date_gmt":"2021-01-22T04:00:42","guid":{"rendered":"https:\/\/www.mzone.cz\/?p=26222"},"modified":"2020-11-20T13:10:05","modified_gmt":"2020-11-20T12:10:05","slug":"mikov-storm-nuz-podpori-vojensky-fond-solidarity","status":"publish","type":"post","link":"https:\/\/www.mzone.cz\/en\/mikov-storm-nuz-podpori-vojensky-fond-solidarity\/","title":{"rendered":"Prodej nov\u00e9ho no\u017ee Storm podpo\u0159\u00ed Vojensk\u00fd fond solidarity"},"content":{"rendered":"<p><strong>Projekt V\u00e1le\u010dn\u00fd veter\u00e1n Vojensk\u00e9ho fondu solidarity a firmy Mikov chce ka\u017ed\u00fd rok p\u0159edstavit jeden n\u016f\u017e, kter\u00fd p\u0159ipomene novodob\u00e9 zahrani\u010dn\u00ed mise \u010desk\u00e9 arm\u00e1dy. Prvn\u00edm ze s\u00e9rie je n\u016f\u017e Storm, kter\u00fd je v\u011bnov\u00e1n operaci Pou\u0161tn\u00ed bou\u0159e.<\/strong><\/p><br>\n\n\n\n<p>Na designu no\u017ee se pod\u00edleli spolu se zam\u011bstnanci firmy Mikov tak\u00e9 major Roman Hipp\u00edk, vedouc\u00ed instruktor boje zbl\u00edzka Arm\u00e1dy \u010cR, kter\u00fd se na boj no\u017eem specializuje, a Zbyn\u011bk Zedn\u00ed\u010dek. Inspirac\u00ed jim byly p\u0159edev\u0161\u00edm pro\u017eitky a vzpom\u00ednky veter\u00e1n\u016f z t\u00e9to mise. A aby propojen\u00ed bylo \u00fapln\u00e9, 300 korun z ka\u017ed\u00e9ho prodan\u00e9ho kusu, kter\u00fd je \u010d\u00edslovan\u00fd, nikoliv limitovan\u00fd, p\u016fjde na \u00fa\u010det Vojensk\u00e9ho fondu solidarity (VFS).<\/p>\n\n\n\n<blockquote class=\"wp-block-quote is-layout-flow wp-block-quote-is-layout-flow\"><p>\u201eJe \u00fa\u017easn\u00e9 u\u017e jen se pod\u00edvat na tradici v\u00fdroby no\u017e\u016f v Mikul\u00e1\u0161ovic\u00edch a na dlouholetou spolupr\u00e1ci s arm\u00e1dou, kter\u00e9 si nesm\u00edrn\u011b v\u00e1\u017e\u00edm,&#8221; sd\u011blil ke spolupr\u00e1ci n\u00e1\u010deln\u00edk Gener\u00e1ln\u00edho \u0161t\u00e1bu arm\u00e1dn\u00ed gener\u00e1l Ale\u0161 Opata.<\/p><\/blockquote>\n\n\n\n<p>\u201eVelice m\u011b t\u011b\u0161\u00ed spolupr\u00e1ce s firmou Mikov, d\u00edky n\u00ed\u017e Vojensk\u00fd fond solidarity z\u00edsk\u00e1 300 korun z ka\u017ed\u00e9ho prodan\u00e9ho kusu a pom\u016f\u017ee tak pot\u0159ebn\u00fdm. N\u016f\u017e Storm je prvn\u00ed vla\u0161tovkou projektu a ji\u0161t\u011b ne posledn\u00ed. Spojen\u00ed arm\u00e1dy a no\u017e\u016f Mikov trv\u00e1 ji\u017e dlouho, p\u0159\u00edkladem je i legend\u00e1rn\u00ed n\u016f\u017e UTON,&#8221; sd\u011blila brig\u00e1dn\u00ed gener\u00e1lka Lenka \u0160merodv\u00e1, p\u0159edsedkyn\u011b v\u00fdboru Vojensk\u00e9ho fondu solidarity.<\/p>\n\n\n\n<figure class=\"wp-block-image size-large\"><img loading=\"lazy\" decoding=\"async\" width=\"1024\" height=\"683\" src=\"https:\/\/www.mzone.cz\/wp-content\/uploads\/2020\/11\/nuz-storm.jpg\" alt=\"N\u016f\u017e Mikov Storm\" class=\"wp-image-26227\" srcset=\"https:\/\/www.mzone.cz\/wp-content\/uploads\/2020\/11\/nuz-storm.jpg 1024w, https:\/\/www.mzone.cz\/wp-content\/uploads\/2020\/11\/nuz-storm-300x200.jpg 300w, https:\/\/www.mzone.cz\/wp-content\/uploads\/2020\/11\/nuz-storm-768x512.jpg 768w, https:\/\/www.mzone.cz\/wp-content\/uploads\/2020\/11\/nuz-storm-16x12.jpg 16w, https:\/\/www.mzone.cz\/wp-content\/uploads\/2020\/11\/nuz-storm-800x533.jpg 800w, https:\/\/www.mzone.cz\/wp-content\/uploads\/2020\/11\/nuz-storm-400x267.jpg 400w, https:\/\/www.mzone.cz\/wp-content\/uploads\/2020\/11\/nuz-storm-500x333.jpg 500w, https:\/\/www.mzone.cz\/wp-content\/uploads\/2020\/11\/nuz-storm-590x394.jpg 590w\" sizes=\"auto, (max-width: 1024px) 100vw, 1024px\" \/><\/figure><br>\n\n\n\n<h2 class=\"wp-block-heading\"><strong>Spojen\u00ed d\u011bjin a legend\u00e1rn\u00edho UTONu<\/strong><\/h2>\n\n\n\n<p>Spojit v\u00fdvoj a v\u00fdrobu nov\u00e9 chladn\u00e9 zbran\u011b s d\u011bjinnou ud\u00e1lost\u00ed bylo&nbsp;skute\u010dnou v\u00fdzvou. Auto\u0159i si kladou za c\u00edl p\u0159ipom\u00ednat odkaz voj\u00e1k\u016f, kte\u0159\u00ed v novodob\u00e9 historii jako prvn\u00ed plnili \u00fakoly daleko od domova a zanechali zde nesmazatelnou stopu. I proto je tvar no\u017ee \u010d\u00e1ste\u010dn\u011b inspirov\u00e1n \u010desk\u00fdm \u00fato\u010dn\u00fdm no\u017eem vz. 75 (UTON), kter\u00fd m\u011bli voj\u00e1ci v misi u sebe. A proto v sob\u011b nese lehk\u00e9 n\u00e1znaky tvar\u016f letoun\u016f technologie Stealth, kter\u00e9 byly v operaci poprv\u00e9 pou\u017eity.<\/p>\n\n\n\n<blockquote class=\"wp-block-quote is-layout-flow wp-block-quote-is-layout-flow\"><p>Konstrukc\u00ed se Storm \u0159ad\u00ed mezi integr\u00e1ln\u00ed bojov\u00e9 no\u017ee. \u010cepel, kter\u00e1 je z oceli N690, je opat\u0159ena oboustrann\u00fdm ost\u0159\u00edm. Spodn\u00ed ost\u0159\u00ed o d\u00e9lce 142 mm s vyv\u00fd\u0161en\u00fdm hrotem je stejn\u00e9 jako u no\u017ee UTON.<\/p><\/blockquote>\n\n\n\n<p>Horn\u00ed ost\u0159\u00ed je rozd\u011bleno do dvou \u010d\u00e1st\u00ed. P\u0159edn\u00ed sestupn\u00e9 v d\u00e9lce 74 mm navazuje na vyv\u00fd\u0161en\u00fd hrot, kter\u00fd zpev\u0148uje a zvy\u0161uje jeho bodn\u00e9 vlastnosti. Zadn\u00ed fale\u0161n\u00e9 ost\u0159\u00ed o d\u00e9lce 54 mm slou\u017e\u00ed jako op\u011brka pro palec a je prota\u017eeno sm\u011brem k z\u00e1\u0161tit\u011b na h\u0159betu ru\u010dky. Rukoje\u0165 no\u017ee je soudkov\u00e9ho typu s p\u0159\u00edlo\u017ekami z materi\u00e1lu G-10 \u010dern\u00e9 barvy. Ergonomie ru\u010dky je navr\u017eena tak, aby vyhovovala v\u0161em \u00fachop\u016fm bez ohledu na velikost ruky.<\/p>\n\n\n\n<figure class=\"wp-block-image size-large\"><img loading=\"lazy\" decoding=\"async\" width=\"1024\" height=\"683\" src=\"https:\/\/www.mzone.cz\/wp-content\/uploads\/2020\/11\/nuz-umoznuje-radu-variaci-uchopu.jpg\" alt=\"N\u016f\u017e Mikov Storm\" class=\"wp-image-26230\" srcset=\"https:\/\/www.mzone.cz\/wp-content\/uploads\/2020\/11\/nuz-umoznuje-radu-variaci-uchopu.jpg 1024w, https:\/\/www.mzone.cz\/wp-content\/uploads\/2020\/11\/nuz-umoznuje-radu-variaci-uchopu-300x200.jpg 300w, https:\/\/www.mzone.cz\/wp-content\/uploads\/2020\/11\/nuz-umoznuje-radu-variaci-uchopu-768x512.jpg 768w, https:\/\/www.mzone.cz\/wp-content\/uploads\/2020\/11\/nuz-umoznuje-radu-variaci-uchopu-16x12.jpg 16w, https:\/\/www.mzone.cz\/wp-content\/uploads\/2020\/11\/nuz-umoznuje-radu-variaci-uchopu-800x533.jpg 800w, https:\/\/www.mzone.cz\/wp-content\/uploads\/2020\/11\/nuz-umoznuje-radu-variaci-uchopu-400x267.jpg 400w, https:\/\/www.mzone.cz\/wp-content\/uploads\/2020\/11\/nuz-umoznuje-radu-variaci-uchopu-500x333.jpg 500w, https:\/\/www.mzone.cz\/wp-content\/uploads\/2020\/11\/nuz-umoznuje-radu-variaci-uchopu-590x394.jpg 590w\" sizes=\"auto, (max-width: 1024px) 100vw, 1024px\" \/><\/figure><br>\n\n\n\n<h2 class=\"wp-block-heading\"><strong>Modul\u00e1rn\u00ed pouzdro, \u010d\u00edslov\u00e1n\u00ed a certifik\u00e1t<\/strong><\/h2>\n\n\n\n<p>Ka\u017ed\u00fd n\u016f\u017e je opat\u0159en zna\u010dkami tv\u016frce, v\u00fdrobce, po\u0159adov\u00fdm \u010d\u00edslem a rokem v\u00fdroby. Zna\u010den\u00ed bude provedeno ra\u017ebou nebo laserem. Textiln\u00ed pouzdro se skl\u00e1d\u00e1 ze dvou \u010d\u00e1st\u00ed \u2013 modul\u00e1rn\u00ed pochvy a odd\u011bliteln\u00e9ho z\u00e1v\u011bsn\u00edku. Konstrukce pouzdra umo\u017e\u0148uje p\u0159ipevn\u011bn\u00ed n\u011bkolika zp\u016fsoby k opasku i k m\u0159\u00ed\u017ekov\u00e9 vazb\u011b. Pochva no\u017ee je vyrobena z laminovan\u00e9 neho\u0159lav\u00e9 Cordury 500 \u010dern\u00e9 barvy. Popruhy jsou pak z polyamidu odoln\u00e9mu v\u016f\u010di ot\u011bru a roztr\u017een\u00ed.<\/p>\n\n\n\n<blockquote class=\"wp-block-quote is-layout-flow wp-block-quote-is-layout-flow\"><p>Na \u010deln\u00ed stran\u011b pochvy je vygrav\u00edrov\u00e1n ruk\u00e1vov\u00fd znak jednotky pou\u017e\u00edvan\u00fd v roce 1990\u20131991.<\/p><\/blockquote>\n\n\n\n<p>Sou\u010d\u00e1st\u00ed balen\u00ed ka\u017ed\u00e9ho no\u017ee bude i bro\u017eura, kter\u00e1 vznikla ve spolupr\u00e1ci s Vojensk\u00fdm historick\u00fdm \u00fastavem Praha. V n\u00ed je \u00favodn\u00ed slovo n\u00e1\u010deln\u00edka Gener\u00e1ln\u00edho \u0161t\u00e1bu A\u010cR arm\u00e1dn\u00edho gener\u00e1la Ale\u0161e Opaty. Bro\u017eura pak d\u00e1le obsahuje historick\u00e9 skute\u010dnosti o operaci Pou\u0161tn\u00ed bou\u0159e a samoz\u0159ejm\u011b popis vzniku a inspirace no\u017ee Storm.<\/p><br>\n\n\n\n<figure class=\"wp-block-image size-large\"><img loading=\"lazy\" decoding=\"async\" width=\"1024\" height=\"682\" src=\"https:\/\/www.mzone.cz\/wp-content\/uploads\/2020\/11\/20201119_113632.jpg\" alt=\"Bro\u017eura k no\u017ei Mikov Storm\" class=\"wp-image-26235\" srcset=\"https:\/\/www.mzone.cz\/wp-content\/uploads\/2020\/11\/20201119_113632.jpg 1024w, https:\/\/www.mzone.cz\/wp-content\/uploads\/2020\/11\/20201119_113632-300x200.jpg 300w, https:\/\/www.mzone.cz\/wp-content\/uploads\/2020\/11\/20201119_113632-768x512.jpg 768w, https:\/\/www.mzone.cz\/wp-content\/uploads\/2020\/11\/20201119_113632-16x12.jpg 16w, https:\/\/www.mzone.cz\/wp-content\/uploads\/2020\/11\/20201119_113632-800x533.jpg 800w, https:\/\/www.mzone.cz\/wp-content\/uploads\/2020\/11\/20201119_113632-400x267.jpg 400w, https:\/\/www.mzone.cz\/wp-content\/uploads\/2020\/11\/20201119_113632-500x333.jpg 500w, https:\/\/www.mzone.cz\/wp-content\/uploads\/2020\/11\/20201119_113632-590x393.jpg 590w\" sizes=\"auto, (max-width: 1024px) 100vw, 1024px\" \/><\/figure><br>\n\n\n\n<p><strong>Cena no\u017ee je 5690 K\u010d s DPH, z toho jde na \u00fa\u010det VFS 300 K\u010d. N\u016f\u017e se stane b\u011b\u017enou <a href=\"https:\/\/www.mikov.cz\/z36196-nuz-storm\" target=\"_blank\" rel=\"noreferrer noopener\">sou\u010d\u00e1st\u00ed nab\u00eddky Mikovu<\/a>, na \u00fa\u010det fondu tak v budoucnu p\u016fjde tato \u010d\u00e1stka z ka\u017ed\u00e9ho prodan\u00e9ho no\u017ee nikoliv jen z prvn\u00edch kus\u016f.<\/strong><\/p><br>\n\n\n\n<div class=\"wp-block-media-text alignwide is-stacked-on-mobile is-vertically-aligned-top\" style=\"grid-template-columns:24% auto\"><figure class=\"wp-block-media-text__media\"><a href=\"https:\/\/www.mzone.cz\/nuz-vyber-ve-3-krocich\/\"><img loading=\"lazy\" decoding=\"async\" width=\"843\" height=\"562\" src=\"https:\/\/www.mzone.cz\/wp-content\/uploads\/2020\/08\/Nuz.jpg\" alt=\"\" class=\"wp-image-23856\" srcset=\"https:\/\/www.mzone.cz\/wp-content\/uploads\/2020\/08\/Nuz.jpg 843w, https:\/\/www.mzone.cz\/wp-content\/uploads\/2020\/08\/Nuz-300x200.jpg 300w, https:\/\/www.mzone.cz\/wp-content\/uploads\/2020\/08\/Nuz-768x512.jpg 768w, https:\/\/www.mzone.cz\/wp-content\/uploads\/2020\/08\/Nuz-800x533.jpg 800w, https:\/\/www.mzone.cz\/wp-content\/uploads\/2020\/08\/Nuz-400x267.jpg 400w, https:\/\/www.mzone.cz\/wp-content\/uploads\/2020\/08\/Nuz-500x333.jpg 500w, https:\/\/www.mzone.cz\/wp-content\/uploads\/2020\/08\/Nuz-590x393.jpg 590w\" sizes=\"auto, (max-width: 843px) 100vw, 843px\" \/><\/a><\/figure><div class=\"wp-block-media-text__content\">\n<h4><a href=\"https:\/\/www.mzone.cz\/nuz-vyber-ve-3-krocich\/\">Kr\u00e1lovstv\u00ed za po\u0159\u00e1dnou kudlu! Jak vybrat n\u016f\u017e ve 3 kroc\u00edch<\/a><\/h4><br>\n<\/div><\/div>","protected":false},"excerpt":{"rendered":"<p>Projekt V\u00e1le\u010dn\u00fd veter\u00e1n Vojensk\u00e9ho fondu solidarity a firmy Mikov chce ka\u017ed\u00fd rok p\u0159edstavit jeden n\u016f\u017e, kter\u00fd p\u0159ipomene novodob\u00e9 zahrani\u010dn\u00ed mise \u010desk\u00e9 arm\u00e1dy. Prvn\u00edm ze s\u00e9rie je n\u016f\u017e Storm, kter\u00fd je v\u011bnov\u00e1n operaci Pou\u0161tn\u00ed bou\u0159e. Na designu no\u017ee se pod\u00edleli spolu se zam\u011bstnanci firmy Mikov tak\u00e9 major Roman Hipp\u00edk, vedouc\u00ed instruktor boje zbl\u00edzka Arm\u00e1dy \u010cR, kter\u00fd [&hellip;]<\/p>\n","protected":false},"author":4,"featured_media":26223,"comment_status":"open","ping_status":"closed","sticky":false,"template":"","format":"standard","meta":{"kk_blocks_editor_width":"","_kiokenblocks_attr":"","_kiokenblocks_dimensions":"","footnotes":""},"categories":[65,68],"tags":[95,4384,4093,4421,16,1536,1534,4419,3604,4418,434,4417,4420,674,39],"class_list":["post-26222","post","type-post","status-publish","format-standard","has-post-thumbnail","hentry","category-technika","category-zbrane","tag-armada","tag-armada-ceske-republiky","tag-charita","tag-mikov","tag-novinka","tag-noze","tag-nuz","tag-poustni-boure","tag-projekt","tag-storm","tag-technika","tag-valecny-veteran","tag-vojensky-fond-solidarity","tag-vojsko","tag-zbrane"],"yoast_head":"<!-- This site is optimized with the Yoast SEO plugin v27.5 - https:\/\/yoast.com\/product\/yoast-seo-wordpress\/ -->\n<title>Prodej nov\u00e9ho no\u017ee Storm podpo\u0159\u00ed Vojensk\u00fd fond solidarity - Mzone<\/title>\n<meta name=\"description\" content=\"Projekt V\u00e1le\u010dn\u00fd veter\u00e1n Vojensk\u00e9ho fondu solidarity a firmy Mikov chce ka\u017ed\u00fd rok p\u0159edstavit jeden n\u016f\u017e, kter\u00fd p\u0159ipomene novodob\u00e9 zahrani\u010dn\u00ed mise \u010desk\u00e9 arm\u00e1dy. Prvn\u00edm ze s\u00e9rie je n\u016f\u017e Storm, kter\u00fd je v\u011bnov\u00e1n operaci Pou\u0161tn\u00ed bou\u0159e.\" \/>\n<meta name=\"robots\" content=\"index, follow, max-snippet:-1, max-image-preview:large, max-video-preview:-1\" \/>\n<link rel=\"canonical\" href=\"https:\/\/www.mzone.cz\/en\/mikov-storm-nuz-podpori-vojensky-fond-solidarity\/\" \/>\n<meta property=\"og:locale\" content=\"en_US\" \/>\n<meta property=\"og:type\" content=\"article\" \/>\n<meta property=\"og:title\" content=\"Prodej nov\u00e9ho no\u017ee Storm podpo\u0159\u00ed Vojensk\u00fd fond solidarity - Mzone\" \/>\n<meta property=\"og:description\" content=\"Projekt V\u00e1le\u010dn\u00fd veter\u00e1n Vojensk\u00e9ho fondu solidarity a firmy Mikov chce ka\u017ed\u00fd rok p\u0159edstavit jeden n\u016f\u017e, kter\u00fd p\u0159ipomene novodob\u00e9 zahrani\u010dn\u00ed mise \u010desk\u00e9 arm\u00e1dy. Prvn\u00edm ze s\u00e9rie je n\u016f\u017e Storm, kter\u00fd je v\u011bnov\u00e1n operaci Pou\u0161tn\u00ed bou\u0159e.\" \/>\n<meta property=\"og:url\" content=\"https:\/\/www.mzone.cz\/en\/mikov-storm-nuz-podpori-vojensky-fond-solidarity\/\" \/>\n<meta property=\"og:site_name\" content=\"Mzone\" \/>\n<meta property=\"article:publisher\" content=\"https:\/\/www.facebook.com\/MzoneCZ\/\" \/>\n<meta property=\"article:published_time\" content=\"2021-01-22T04:00:42+00:00\" \/>\n<meta property=\"og:image\" content=\"https:\/\/www.mzone.cz\/wp-content\/uploads\/2020\/11\/Mikov-Storm.jpg\" \/>\n\t<meta property=\"og:image:width\" content=\"967\" \/>\n\t<meta property=\"og:image:height\" content=\"644\" \/>\n\t<meta property=\"og:image:type\" content=\"image\/jpeg\" \/>\n<meta name=\"author\" content=\"Mzone\" \/>\n<meta name=\"twitter:card\" content=\"summary_large_image\" \/>\n<meta name=\"twitter:label1\" content=\"Written by\" \/>\n\t<meta name=\"twitter:data1\" content=\"Mzone\" \/>\n\t<meta name=\"twitter:label2\" content=\"Est. reading time\" \/>\n\t<meta name=\"twitter:data2\" content=\"4 minutes\" \/>\n<script type=\"application\/ld+json\" class=\"yoast-schema-graph\">{\"@context\":\"https:\\\/\\\/schema.org\",\"@graph\":[{\"@type\":\"Article\",\"@id\":\"https:\\\/\\\/www.mzone.cz\\\/mikov-storm-nuz-podpori-vojensky-fond-solidarity\\\/#article\",\"isPartOf\":{\"@id\":\"https:\\\/\\\/www.mzone.cz\\\/mikov-storm-nuz-podpori-vojensky-fond-solidarity\\\/\"},\"author\":{\"name\":\"Mzone\",\"@id\":\"https:\\\/\\\/www.mzone.cz\\\/#\\\/schema\\\/person\\\/9bc20cc422a99cac4af6ff9297da32d4\"},\"headline\":\"Prodej nov\u00e9ho no\u017ee Storm podpo\u0159\u00ed Vojensk\u00fd fond solidarity\",\"datePublished\":\"2021-01-22T04:00:42+00:00\",\"mainEntityOfPage\":{\"@id\":\"https:\\\/\\\/www.mzone.cz\\\/mikov-storm-nuz-podpori-vojensky-fond-solidarity\\\/\"},\"wordCount\":750,\"commentCount\":0,\"image\":{\"@id\":\"https:\\\/\\\/www.mzone.cz\\\/mikov-storm-nuz-podpori-vojensky-fond-solidarity\\\/#primaryimage\"},\"thumbnailUrl\":\"https:\\\/\\\/www.mzone.cz\\\/wp-content\\\/uploads\\\/2020\\\/11\\\/Mikov-Storm.jpg\",\"keywords\":[\"Arm\u00e1da\",\"Arm\u00e1da \u010cesk\u00e9 republiky\",\"charita\",\"Mikov\",\"Novinka\",\"no\u017ee\",\"n\u016f\u017e\",\"Pou\u0161tn\u00ed bou\u0159e\",\"projekt\",\"Storm\",\"technika\",\"V\u00e1le\u010dn\u00fd veter\u00e1n\",\"Vojensk\u00fd fond solidarity\",\"vojsko\",\"Zbran\u011b\"],\"articleSection\":[\"Technika\",\"Zbran\u011b\"],\"inLanguage\":\"en-US\",\"potentialAction\":[{\"@type\":\"CommentAction\",\"name\":\"Comment\",\"target\":[\"https:\\\/\\\/www.mzone.cz\\\/mikov-storm-nuz-podpori-vojensky-fond-solidarity\\\/#respond\"]}]},{\"@type\":\"WebPage\",\"@id\":\"https:\\\/\\\/www.mzone.cz\\\/mikov-storm-nuz-podpori-vojensky-fond-solidarity\\\/\",\"url\":\"https:\\\/\\\/www.mzone.cz\\\/mikov-storm-nuz-podpori-vojensky-fond-solidarity\\\/\",\"name\":\"Prodej nov\u00e9ho no\u017ee Storm podpo\u0159\u00ed Vojensk\u00fd fond solidarity - Mzone\",\"isPartOf\":{\"@id\":\"https:\\\/\\\/www.mzone.cz\\\/#website\"},\"primaryImageOfPage\":{\"@id\":\"https:\\\/\\\/www.mzone.cz\\\/mikov-storm-nuz-podpori-vojensky-fond-solidarity\\\/#primaryimage\"},\"image\":{\"@id\":\"https:\\\/\\\/www.mzone.cz\\\/mikov-storm-nuz-podpori-vojensky-fond-solidarity\\\/#primaryimage\"},\"thumbnailUrl\":\"https:\\\/\\\/www.mzone.cz\\\/wp-content\\\/uploads\\\/2020\\\/11\\\/Mikov-Storm.jpg\",\"datePublished\":\"2021-01-22T04:00:42+00:00\",\"author\":{\"@id\":\"https:\\\/\\\/www.mzone.cz\\\/#\\\/schema\\\/person\\\/9bc20cc422a99cac4af6ff9297da32d4\"},\"description\":\"Projekt V\u00e1le\u010dn\u00fd veter\u00e1n Vojensk\u00e9ho fondu solidarity a firmy Mikov chce ka\u017ed\u00fd rok p\u0159edstavit jeden n\u016f\u017e, kter\u00fd p\u0159ipomene novodob\u00e9 zahrani\u010dn\u00ed mise \u010desk\u00e9 arm\u00e1dy. Prvn\u00edm ze s\u00e9rie je n\u016f\u017e Storm, kter\u00fd je v\u011bnov\u00e1n operaci Pou\u0161tn\u00ed bou\u0159e.\",\"breadcrumb\":{\"@id\":\"https:\\\/\\\/www.mzone.cz\\\/mikov-storm-nuz-podpori-vojensky-fond-solidarity\\\/#breadcrumb\"},\"inLanguage\":\"en-US\",\"potentialAction\":[{\"@type\":\"ReadAction\",\"target\":[\"https:\\\/\\\/www.mzone.cz\\\/mikov-storm-nuz-podpori-vojensky-fond-solidarity\\\/\"]}]},{\"@type\":\"ImageObject\",\"inLanguage\":\"en-US\",\"@id\":\"https:\\\/\\\/www.mzone.cz\\\/mikov-storm-nuz-podpori-vojensky-fond-solidarity\\\/#primaryimage\",\"url\":\"https:\\\/\\\/www.mzone.cz\\\/wp-content\\\/uploads\\\/2020\\\/11\\\/Mikov-Storm.jpg\",\"contentUrl\":\"https:\\\/\\\/www.mzone.cz\\\/wp-content\\\/uploads\\\/2020\\\/11\\\/Mikov-Storm.jpg\",\"width\":967,\"height\":644,\"caption\":\"Mikov Storm\"},{\"@type\":\"BreadcrumbList\",\"@id\":\"https:\\\/\\\/www.mzone.cz\\\/mikov-storm-nuz-podpori-vojensky-fond-solidarity\\\/#breadcrumb\",\"itemListElement\":[{\"@type\":\"ListItem\",\"position\":1,\"name\":\"Dom\u016f\",\"item\":\"https:\\\/\\\/www.mzone.cz\\\/\"},{\"@type\":\"ListItem\",\"position\":2,\"name\":\"Prodej nov\u00e9ho no\u017ee Storm podpo\u0159\u00ed Vojensk\u00fd fond solidarity\"}]},{\"@type\":\"WebSite\",\"@id\":\"https:\\\/\\\/www.mzone.cz\\\/#website\",\"url\":\"https:\\\/\\\/www.mzone.cz\\\/\",\"name\":\"Mzone\",\"description\":\"Magaz\u00edn nejen pro mu\u017ee\",\"potentialAction\":[{\"@type\":\"SearchAction\",\"target\":{\"@type\":\"EntryPoint\",\"urlTemplate\":\"https:\\\/\\\/www.mzone.cz\\\/?s={search_term_string}\"},\"query-input\":{\"@type\":\"PropertyValueSpecification\",\"valueRequired\":true,\"valueName\":\"search_term_string\"}}],\"inLanguage\":\"en-US\"},{\"@type\":\"Person\",\"@id\":\"https:\\\/\\\/www.mzone.cz\\\/#\\\/schema\\\/person\\\/9bc20cc422a99cac4af6ff9297da32d4\",\"name\":\"Mzone\",\"image\":{\"@type\":\"ImageObject\",\"inLanguage\":\"en-US\",\"@id\":\"https:\\\/\\\/secure.gravatar.com\\\/avatar\\\/e780a8630f3182a3d06dd667ab6bea151a0d155b0951bc15fe22633acdac0676?s=96&d=mm&r=g\",\"url\":\"https:\\\/\\\/secure.gravatar.com\\\/avatar\\\/e780a8630f3182a3d06dd667ab6bea151a0d155b0951bc15fe22633acdac0676?s=96&d=mm&r=g\",\"contentUrl\":\"https:\\\/\\\/secure.gravatar.com\\\/avatar\\\/e780a8630f3182a3d06dd667ab6bea151a0d155b0951bc15fe22633acdac0676?s=96&d=mm&r=g\",\"caption\":\"Mzone\"},\"url\":\"https:\\\/\\\/www.mzone.cz\\\/en\\\/author\\\/jakub\\\/\"}]}<\/script>\n<!-- \/ Yoast SEO plugin. -->","yoast_head_json":{"title":"Prodej nov\u00e9ho no\u017ee Storm podpo\u0159\u00ed Vojensk\u00fd fond solidarity - Mzone","description":"Projekt V\u00e1le\u010dn\u00fd veter\u00e1n Vojensk\u00e9ho fondu solidarity a firmy Mikov chce ka\u017ed\u00fd rok p\u0159edstavit jeden n\u016f\u017e, kter\u00fd p\u0159ipomene novodob\u00e9 zahrani\u010dn\u00ed mise \u010desk\u00e9 arm\u00e1dy. Prvn\u00edm ze s\u00e9rie je n\u016f\u017e Storm, kter\u00fd je v\u011bnov\u00e1n operaci Pou\u0161tn\u00ed bou\u0159e.","robots":{"index":"index","follow":"follow","max-snippet":"max-snippet:-1","max-image-preview":"max-image-preview:large","max-video-preview":"max-video-preview:-1"},"canonical":"https:\/\/www.mzone.cz\/en\/mikov-storm-nuz-podpori-vojensky-fond-solidarity\/","og_locale":"en_US","og_type":"article","og_title":"Prodej nov\u00e9ho no\u017ee Storm podpo\u0159\u00ed Vojensk\u00fd fond solidarity - Mzone","og_description":"Projekt V\u00e1le\u010dn\u00fd veter\u00e1n Vojensk\u00e9ho fondu solidarity a firmy Mikov chce ka\u017ed\u00fd rok p\u0159edstavit jeden n\u016f\u017e, kter\u00fd p\u0159ipomene novodob\u00e9 zahrani\u010dn\u00ed mise \u010desk\u00e9 arm\u00e1dy. Prvn\u00edm ze s\u00e9rie je n\u016f\u017e Storm, kter\u00fd je v\u011bnov\u00e1n operaci Pou\u0161tn\u00ed bou\u0159e.","og_url":"https:\/\/www.mzone.cz\/en\/mikov-storm-nuz-podpori-vojensky-fond-solidarity\/","og_site_name":"Mzone","article_publisher":"https:\/\/www.facebook.com\/MzoneCZ\/","article_published_time":"2021-01-22T04:00:42+00:00","og_image":[{"width":967,"height":644,"url":"https:\/\/www.mzone.cz\/wp-content\/uploads\/2020\/11\/Mikov-Storm.jpg","type":"image\/jpeg"}],"author":"Mzone","twitter_card":"summary_large_image","twitter_misc":{"Written by":"Mzone","Est. reading time":"4 minutes"},"schema":{"@context":"https:\/\/schema.org","@graph":[{"@type":"Article","@id":"https:\/\/www.mzone.cz\/mikov-storm-nuz-podpori-vojensky-fond-solidarity\/#article","isPartOf":{"@id":"https:\/\/www.mzone.cz\/mikov-storm-nuz-podpori-vojensky-fond-solidarity\/"},"author":{"name":"Mzone","@id":"https:\/\/www.mzone.cz\/#\/schema\/person\/9bc20cc422a99cac4af6ff9297da32d4"},"headline":"Prodej nov\u00e9ho no\u017ee Storm podpo\u0159\u00ed Vojensk\u00fd fond solidarity","datePublished":"2021-01-22T04:00:42+00:00","mainEntityOfPage":{"@id":"https:\/\/www.mzone.cz\/mikov-storm-nuz-podpori-vojensky-fond-solidarity\/"},"wordCount":750,"commentCount":0,"image":{"@id":"https:\/\/www.mzone.cz\/mikov-storm-nuz-podpori-vojensky-fond-solidarity\/#primaryimage"},"thumbnailUrl":"https:\/\/www.mzone.cz\/wp-content\/uploads\/2020\/11\/Mikov-Storm.jpg","keywords":["Arm\u00e1da","Arm\u00e1da \u010cesk\u00e9 republiky","charita","Mikov","Novinka","no\u017ee","n\u016f\u017e","Pou\u0161tn\u00ed bou\u0159e","projekt","Storm","technika","V\u00e1le\u010dn\u00fd veter\u00e1n","Vojensk\u00fd fond solidarity","vojsko","Zbran\u011b"],"articleSection":["Technika","Zbran\u011b"],"inLanguage":"en-US","potentialAction":[{"@type":"CommentAction","name":"Comment","target":["https:\/\/www.mzone.cz\/mikov-storm-nuz-podpori-vojensky-fond-solidarity\/#respond"]}]},{"@type":"WebPage","@id":"https:\/\/www.mzone.cz\/mikov-storm-nuz-podpori-vojensky-fond-solidarity\/","url":"https:\/\/www.mzone.cz\/mikov-storm-nuz-podpori-vojensky-fond-solidarity\/","name":"Prodej nov\u00e9ho no\u017ee Storm podpo\u0159\u00ed Vojensk\u00fd fond solidarity - Mzone","isPartOf":{"@id":"https:\/\/www.mzone.cz\/#website"},"primaryImageOfPage":{"@id":"https:\/\/www.mzone.cz\/mikov-storm-nuz-podpori-vojensky-fond-solidarity\/#primaryimage"},"image":{"@id":"https:\/\/www.mzone.cz\/mikov-storm-nuz-podpori-vojensky-fond-solidarity\/#primaryimage"},"thumbnailUrl":"https:\/\/www.mzone.cz\/wp-content\/uploads\/2020\/11\/Mikov-Storm.jpg","datePublished":"2021-01-22T04:00:42+00:00","author":{"@id":"https:\/\/www.mzone.cz\/#\/schema\/person\/9bc20cc422a99cac4af6ff9297da32d4"},"description":"Projekt V\u00e1le\u010dn\u00fd veter\u00e1n Vojensk\u00e9ho fondu solidarity a firmy Mikov chce ka\u017ed\u00fd rok p\u0159edstavit jeden n\u016f\u017e, kter\u00fd p\u0159ipomene novodob\u00e9 zahrani\u010dn\u00ed mise \u010desk\u00e9 arm\u00e1dy. Prvn\u00edm ze s\u00e9rie je n\u016f\u017e Storm, kter\u00fd je v\u011bnov\u00e1n operaci Pou\u0161tn\u00ed bou\u0159e.","breadcrumb":{"@id":"https:\/\/www.mzone.cz\/mikov-storm-nuz-podpori-vojensky-fond-solidarity\/#breadcrumb"},"inLanguage":"en-US","potentialAction":[{"@type":"ReadAction","target":["https:\/\/www.mzone.cz\/mikov-storm-nuz-podpori-vojensky-fond-solidarity\/"]}]},{"@type":"ImageObject","inLanguage":"en-US","@id":"https:\/\/www.mzone.cz\/mikov-storm-nuz-podpori-vojensky-fond-solidarity\/#primaryimage","url":"https:\/\/www.mzone.cz\/wp-content\/uploads\/2020\/11\/Mikov-Storm.jpg","contentUrl":"https:\/\/www.mzone.cz\/wp-content\/uploads\/2020\/11\/Mikov-Storm.jpg","width":967,"height":644,"caption":"Mikov Storm"},{"@type":"BreadcrumbList","@id":"https:\/\/www.mzone.cz\/mikov-storm-nuz-podpori-vojensky-fond-solidarity\/#breadcrumb","itemListElement":[{"@type":"ListItem","position":1,"name":"Dom\u016f","item":"https:\/\/www.mzone.cz\/"},{"@type":"ListItem","position":2,"name":"Prodej nov\u00e9ho no\u017ee Storm podpo\u0159\u00ed Vojensk\u00fd fond solidarity"}]},{"@type":"WebSite","@id":"https:\/\/www.mzone.cz\/#website","url":"https:\/\/www.mzone.cz\/","name":"Mzone","description":"Magaz\u00edn nejen pro mu\u017ee","potentialAction":[{"@type":"SearchAction","target":{"@type":"EntryPoint","urlTemplate":"https:\/\/www.mzone.cz\/?s={search_term_string}"},"query-input":{"@type":"PropertyValueSpecification","valueRequired":true,"valueName":"search_term_string"}}],"inLanguage":"en-US"},{"@type":"Person","@id":"https:\/\/www.mzone.cz\/#\/schema\/person\/9bc20cc422a99cac4af6ff9297da32d4","name":"Mzone","image":{"@type":"ImageObject","inLanguage":"en-US","@id":"https:\/\/secure.gravatar.com\/avatar\/e780a8630f3182a3d06dd667ab6bea151a0d155b0951bc15fe22633acdac0676?s=96&d=mm&r=g","url":"https:\/\/secure.gravatar.com\/avatar\/e780a8630f3182a3d06dd667ab6bea151a0d155b0951bc15fe22633acdac0676?s=96&d=mm&r=g","contentUrl":"https:\/\/secure.gravatar.com\/avatar\/e780a8630f3182a3d06dd667ab6bea151a0d155b0951bc15fe22633acdac0676?s=96&d=mm&r=g","caption":"Mzone"},"url":"https:\/\/www.mzone.cz\/en\/author\/jakub\/"}]}},"_links":{"self":[{"href":"https:\/\/www.mzone.cz\/en\/wp-json\/wp\/v2\/posts\/26222","targetHints":{"allow":["GET"]}}],"collection":[{"href":"https:\/\/www.mzone.cz\/en\/wp-json\/wp\/v2\/posts"}],"about":[{"href":"https:\/\/www.mzone.cz\/en\/wp-json\/wp\/v2\/types\/post"}],"author":[{"embeddable":true,"href":"https:\/\/www.mzone.cz\/en\/wp-json\/wp\/v2\/users\/4"}],"replies":[{"embeddable":true,"href":"https:\/\/www.mzone.cz\/en\/wp-json\/wp\/v2\/comments?post=26222"}],"version-history":[{"count":13,"href":"https:\/\/www.mzone.cz\/en\/wp-json\/wp\/v2\/posts\/26222\/revisions"}],"predecessor-version":[{"id":26241,"href":"https:\/\/www.mzone.cz\/en\/wp-json\/wp\/v2\/posts\/26222\/revisions\/26241"}],"wp:featuredmedia":[{"embeddable":true,"href":"https:\/\/www.mzone.cz\/en\/wp-json\/wp\/v2\/media\/26223"}],"wp:attachment":[{"href":"https:\/\/www.mzone.cz\/en\/wp-json\/wp\/v2\/media?parent=26222"}],"wp:term":[{"taxonomy":"category","embeddable":true,"href":"https:\/\/www.mzone.cz\/en\/wp-json\/wp\/v2\/categories?post=26222"},{"taxonomy":"post_tag","embeddable":true,"href":"https:\/\/www.mzone.cz\/en\/wp-json\/wp\/v2\/tags?post=26222"}],"curies":[{"name":"wp","href":"https:\/\/api.w.org\/{rel}","templated":true}]}}