{"id":26372,"date":"2020-12-02T18:02:54","date_gmt":"2020-12-02T17:02:54","guid":{"rendered":"https:\/\/www.mzone.cz\/?p=26372"},"modified":"2020-12-02T18:03:34","modified_gmt":"2020-12-02T17:03:34","slug":"ztraci-se-vam-ponozky-mozna-je-najdete-v-muzeu-lichozroutu","status":"publish","type":"post","link":"https:\/\/www.mzone.cz\/en\/ztraci-se-vam-ponozky-mozna-je-najdete-v-muzeu-lichozroutu\/","title":{"rendered":"Ztr\u00e1c\u00ed se v\u00e1m pono\u017eky? Mo\u017en\u00e1 je najdete v Muzeu Licho\u017erout\u016f!"},"content":{"rendered":"<p><strong>\u010ctvrte\u010dn\u00ed znovuotev\u0159en\u00ed galeri\u00ed v\u00edt\u00e1 Villa Pell\u00e9 zbrusu novou v\u00fdstavou Galiny Mikl\u00ednov\u00e9 s n\u00e1zvem Muzeum Licho\u017erout\u016f &#8211; vstup v\u00edtan\u00fd!!!<\/strong><\/p><br>\n\n\n\n<p>V\u00fdb\u011brov\u00e1 multimedi\u00e1ln\u00ed retrospektiva origin\u00e1ln\u00ed ilustr\u00e1torky, v\u00fdtvarnice a filma\u0159ky zve mal\u00e9 i velk\u00e9 n\u00e1v\u0161t\u011bvn\u00edky do sv\u011bta Licho\u017erout\u016f, jejich\u017e p\u0159\u00edb\u011bhy kongeni\u00e1ln\u011b vytvo\u0159ila spolu s b\u00e1sn\u00edkem Pavlem \u0160rutem. Vesm\u011bs sympati\u010dt\u00ed pleten\u00ed ro\u0161\u0165\u00e1ci, kte\u0159\u00ed se stali nep\u0159ehl\u00e9dnuteln\u00fdm a univerz\u00e1ln\u00edm kni\u017en\u00edm i filmov\u00fdm fenom\u00e9nem, v\u0161ak nechaj\u00ed prostor i pro dal\u0161\u00ed poveden\u00e1 d\u00edtka sv\u00e9 stvo\u0159itelky.<\/p><br>\n\n\n\n<figure class=\"wp-block-image size-large\"><img loading=\"lazy\" decoding=\"async\" width=\"1024\" height=\"683\" src=\"https:\/\/www.mzone.cz\/wp-content\/uploads\/2020\/12\/ATM04635-1024x683.jpeg\" alt=\"Muzeum Licho\u017erout\u016f\" class=\"wp-image-26378\" srcset=\"https:\/\/www.mzone.cz\/wp-content\/uploads\/2020\/12\/ATM04635-1024x683.jpeg 1024w, https:\/\/www.mzone.cz\/wp-content\/uploads\/2020\/12\/ATM04635-300x200.jpeg 300w, https:\/\/www.mzone.cz\/wp-content\/uploads\/2020\/12\/ATM04635-768x512.jpeg 768w, https:\/\/www.mzone.cz\/wp-content\/uploads\/2020\/12\/ATM04635-1536x1024.jpeg 1536w, https:\/\/www.mzone.cz\/wp-content\/uploads\/2020\/12\/ATM04635-2048x1366.jpeg 2048w, https:\/\/www.mzone.cz\/wp-content\/uploads\/2020\/12\/ATM04635-16x12.jpeg 16w, https:\/\/www.mzone.cz\/wp-content\/uploads\/2020\/12\/ATM04635-800x533.jpeg 800w, https:\/\/www.mzone.cz\/wp-content\/uploads\/2020\/12\/ATM04635-400x267.jpeg 400w, https:\/\/www.mzone.cz\/wp-content\/uploads\/2020\/12\/ATM04635-500x333.jpeg 500w, https:\/\/www.mzone.cz\/wp-content\/uploads\/2020\/12\/ATM04635-1170x780.jpeg 1170w, https:\/\/www.mzone.cz\/wp-content\/uploads\/2020\/12\/ATM04635-590x393.jpeg 590w\" sizes=\"auto, (max-width: 1024px) 100vw, 1024px\" \/><\/figure><br>\n\n\n\n<p>\u201eN\u00e1v\u0161t\u011bvn\u00edci se na v\u00fdstav\u011b setkaj\u00ed i s popul\u00e1rn\u00edm Vombatem Jirkou a C\u00edlovn\u00edky Evy Papou\u0161kov\u00e9 a s &#8220;klanar\u00e1dy&#8221; klanu H2O &#8211; Hugem, Hubertem a Of\u00e9li\u00ed z obl\u00edben\u00fdch knih Petra Stan\u010d\u00edka. D\u00e1le se \u0160rutov\u00fdm Kokosov\u00fdm d\u011bdkem, panem Kdybychem, My\u0161utem a jin\u00fdmi. A tak\u00e9 s P\u00e9\u0165ou Fotkou a Kanaf\u00e1skem,\u201c dod\u00e1v\u00e1 Galina Mikl\u00ednov\u00e1.\u00a0<\/p>\n\n\n\n<blockquote class=\"wp-block-quote is-layout-flow wp-block-quote-is-layout-flow\"><p>Tvorba Mikl\u00ednov\u00e9 plynule p\u0159ech\u00e1z\u00ed z tradi\u010dn\u00ed formy ilustrace do komiksu \u010di animovan\u00e9ho filmu, rozum\u00ed si se slovem i hudbou a umo\u017e\u0148uje tak multimedi\u00e1ln\u00ed pojet\u00ed v\u00fdstavy, kter\u00e1 lehce vt\u00e1hne sv\u00e9 mal\u00e9 i velk\u00e9 n\u00e1v\u0161t\u011bvn\u00edky do p\u0159\u00edb\u011bh\u016f jednotliv\u00fdch postav.<\/p><\/blockquote>\n\n\n\n<p>\u201eV\u00fdstava Galiny Mikl\u00ednov\u00e9, kterou pova\u017eujeme za jednu z nejv\u00fdrazn\u011bj\u0161\u00edch ilustr\u00e1torek prvn\u00edch dvou dek\u00e1d tohoto stolet\u00ed, je logick\u00fdm pokra\u010dov\u00e1n\u00edm na\u0161\u00ed snahy p\u0159edstavit \u0161pi\u010dku t\u00e9to v\u00fdtvarn\u00e9 oblasti nejen od n\u00e1s,\u201d \u0159\u00edk\u00e1 \u0159editelka Galerie Villa Pell\u00e9 Vladana R\u00fddlov\u00e1 a dod\u00e1v\u00e1: \u201eJsme r\u00e1di, \u017ee se tak pr\u00e1vem p\u0159id\u00e1 po bok takov\u00fdch velik\u00e1n\u016fm, jako byli Ji\u0159\u00ed \u0160alamoun, Ji\u0159\u00ed \u0160litr, Daisy Mr\u00e1zkov\u00e1 nebo Jean-Jacques Semp\u00e9.\u201c<\/p><br>\n\n\n\n<p>Muzeum Licho\u017erout\u016f se zabydlelo <a href=\"https:\/\/www.villapelle.cz\/\" target=\"_blank\" rel=\"noreferrer noopener\">ve Ville Pell\u00e9<\/a> a\u017e do 28. b\u0159ezna 2021. Od ledna pak galerie nab\u00eddne bohat\u00fd doprovodn\u00fd program tv\u016fr\u010d\u00edch d\u00edlen, besed a komentovan\u00fdch prohl\u00eddek nejen pro d\u011bti. Pravideln\u011b Villa Pell\u00e9 nab\u00edz\u00ed i eduka\u010dn\u00ed programy pro \u0161koly. Muzeum Licho\u017erout\u016f, do kter\u00e9ho je vstup v\u00edtan\u00fd, p\u0159ipravili spolu s autorkou kur\u00e1tor Radim Kop\u00e1\u010d, sc\u00e9nograf Jan Tom\u0161\u016f a grafick\u00e9 studio Carton Clan.<\/p><br>\n\n\n\n<p>Galina Mikl\u00ednov\u00e1 (*1970 v Ostrav\u011b) vystudovala SUP\u0160 v Uhersk\u00e9m Hradi\u0161ti (u\u017eit\u00e1 grafika) a V\u0160UP v Praze (ateli\u00e9r filmov\u00e9 a televizn\u00ed grafiky; M. J\u00e1gr a J. Barta). Absolvovala st\u00e1\u017e na Humberside University ve Velk\u00e9 Brit\u00e1nii, obor animovan\u00fd film.<\/p><br>\n\n\n\n<figure class=\"wp-block-image size-large is-resized\"><img loading=\"lazy\" decoding=\"async\" src=\"https:\/\/www.mzone.cz\/wp-content\/uploads\/2020\/12\/Galina_Miklinova_portret.jpg\" alt=\"Galina Mikl\u00ednov\u00e1\" class=\"wp-image-26381\" width=\"565\" height=\"377\" srcset=\"https:\/\/www.mzone.cz\/wp-content\/uploads\/2020\/12\/Galina_Miklinova_portret.jpg 300w, https:\/\/www.mzone.cz\/wp-content\/uploads\/2020\/12\/Galina_Miklinova_portret-16x12.jpg 16w\" sizes=\"auto, (max-width: 565px) 100vw, 565px\" \/><\/figure><br>\n\n\n\n<p>Je z\u0159ejm\u011b nejzn\u00e1m\u011bj\u0161\u00ed \u010desk\u00e1 ilustr\u00e1torka knih pro d\u011bti a ml\u00e1de\u017e po roce 2000, proslaven\u00e1 hlavn\u011b spoluprac\u00ed s <strong>b\u00e1sn\u00edkem Pavlem \u0160rutem<\/strong> (1940\u20132018), zejm\u00e9na jejich rom\u00e1novou trilogi\u00ed Licho\u017erouti (Kniha desetilet\u00ed v sout\u011b\u017ei Magnesia Litera, Nejkr\u00e1sn\u011bj\u0161\u00ed kniha 2008,\u00a0cca 150 tis\u00edc prodan\u00fdch v\u00fdtisk\u016f v \u010de\u0161tin\u011b, p\u0159eklady do cca 17 jazyk\u016f, filmov\u00e1 verze 2016), ale i s dal\u0161\u00edmi autory, jako <strong>Eva Papou\u0161kov\u00e1<\/strong> (C\u00edlovn\u00edci, Vombat Jirka, Kosprd a Telec\u00ed), <strong>Petr Stan\u010d\u00edk<\/strong> (s\u00e9rie H2O) nebo <strong>Alena Morn\u0161tajnov\u00e1<\/strong> (Stra\u0161id\u00fdlko Str\u00e1\u0161a). Je tak\u00e9 filmovou scen\u00e1ristkou, v\u00fdtvarnic\u00ed a re\u017eis\u00e9rkou, krom\u011b Licho\u017erout\u016f vytvo\u0159ila nap\u0159\u00edklad t\u0159i \u0159ady \u00fasp\u011b\u0161n\u00fdch ve\u010dern\u00ed\u010dk\u016f O Kanaf\u00e1skovi pro \u010ceskou televizi.<\/p><br>\n\n\n\n<div class=\"wp-block-media-text alignwide is-stacked-on-mobile is-vertically-aligned-top\" style=\"grid-template-columns:23% auto\"><figure class=\"wp-block-media-text__media\"><a href=\"https:\/\/www.mzone.cz\/black-mountains-aukcni-rekord-patrika-habla\/\"><img loading=\"lazy\" decoding=\"async\" width=\"1024\" height=\"683\" src=\"https:\/\/www.mzone.cz\/wp-content\/uploads\/2020\/08\/Black-Mountains-1024x683.jpg\" alt=\"\" class=\"wp-image-23718\" srcset=\"https:\/\/www.mzone.cz\/wp-content\/uploads\/2020\/08\/Black-Mountains-1024x683.jpg 1024w, https:\/\/www.mzone.cz\/wp-content\/uploads\/2020\/08\/Black-Mountains-300x200.jpg 300w, https:\/\/www.mzone.cz\/wp-content\/uploads\/2020\/08\/Black-Mountains-768x512.jpg 768w, https:\/\/www.mzone.cz\/wp-content\/uploads\/2020\/08\/Black-Mountains-800x533.jpg 800w, https:\/\/www.mzone.cz\/wp-content\/uploads\/2020\/08\/Black-Mountains-400x267.jpg 400w, https:\/\/www.mzone.cz\/wp-content\/uploads\/2020\/08\/Black-Mountains-500x333.jpg 500w, https:\/\/www.mzone.cz\/wp-content\/uploads\/2020\/08\/Black-Mountains-1170x780.jpg 1170w, https:\/\/www.mzone.cz\/wp-content\/uploads\/2020\/08\/Black-Mountains-590x393.jpg 590w, https:\/\/www.mzone.cz\/wp-content\/uploads\/2020\/08\/Black-Mountains.jpg 1275w\" sizes=\"auto, (max-width: 1024px) 100vw, 1024px\" \/><\/a><\/figure><div class=\"wp-block-media-text__content\">\n<h4><a href=\"https:\/\/www.mzone.cz\/black-mountains-aukcni-rekord-patrika-habla\/\">\u010cesk\u00e1 jedni\u010dka: Dal\u0161\u00ed auk\u010dn\u00ed rekord Patrika H\u00e1bla v lond\u00fdnsk\u00e9 Sotheby\u2019s<\/a><\/h4><br>\n<\/div><\/div>","protected":false},"excerpt":{"rendered":"<p>\u010ctvrte\u010dn\u00ed znovuotev\u0159en\u00ed galeri\u00ed v\u00edt\u00e1 Villa Pell\u00e9 zbrusu novou v\u00fdstavou Galiny Mikl\u00ednov\u00e9 s n\u00e1zvem Muzeum Licho\u017erout\u016f &#8211; vstup v\u00edtan\u00fd!!! V\u00fdb\u011brov\u00e1 multimedi\u00e1ln\u00ed retrospektiva origin\u00e1ln\u00ed ilustr\u00e1torky, v\u00fdtvarnice a filma\u0159ky zve mal\u00e9 i velk\u00e9 n\u00e1v\u0161t\u011bvn\u00edky do sv\u011bta Licho\u017erout\u016f, jejich\u017e p\u0159\u00edb\u011bhy kongeni\u00e1ln\u011b vytvo\u0159ila spolu s b\u00e1sn\u00edkem Pavlem \u0160rutem. Vesm\u011bs sympati\u010dt\u00ed pleten\u00ed ro\u0161\u0165\u00e1ci, kte\u0159\u00ed se stali nep\u0159ehl\u00e9dnuteln\u00fdm a univerz\u00e1ln\u00edm kni\u017en\u00edm i [&hellip;]<\/p>\n","protected":false},"author":4,"featured_media":26377,"comment_status":"open","ping_status":"closed","sticky":false,"template":"","format":"standard","meta":{"kk_blocks_editor_width":"","_kiokenblocks_attr":"","_kiokenblocks_dimensions":"","footnotes":""},"categories":[71,72],"tags":[4441,31,4440,2179,4439,658,363,957,3971,1839],"class_list":["post-26372","post","type-post","status-publish","format-standard","has-post-thumbnail","hentry","category-kultura","category-umeni","tag-galina-miklinova","tag-kultura","tag-lichozrouti","tag-muzeum","tag-muzeum-lichozroutu","tag-ponozky","tag-praha","tag-umeni","tag-villa-pelle","tag-vystava"],"yoast_head":"<!-- This site is optimized with the Yoast SEO plugin v27.5 - https:\/\/yoast.com\/product\/yoast-seo-wordpress\/ -->\n<title>Ztr\u00e1c\u00ed se v\u00e1m pono\u017eky? Mo\u017en\u00e1 je najdete v Muzeu Licho\u017erout\u016f! - Mzone<\/title>\n<meta name=\"description\" content=\"\u010ctvrte\u010dn\u00ed znovuotev\u0159en\u00ed galeri\u00ed v\u00edt\u00e1 Villa Pell\u00e9 zbrusu novou v\u00fdstavou Galiny Mikl\u00ednov\u00e9 s n\u00e1zvem Muzeum Licho\u017erout\u016f - vstup v\u00edtan\u00fd!!!\" \/>\n<meta name=\"robots\" content=\"index, follow, max-snippet:-1, max-image-preview:large, max-video-preview:-1\" \/>\n<link rel=\"canonical\" href=\"https:\/\/www.mzone.cz\/en\/ztraci-se-vam-ponozky-mozna-je-najdete-v-muzeu-lichozroutu\/\" \/>\n<meta property=\"og:locale\" content=\"en_US\" \/>\n<meta property=\"og:type\" content=\"article\" \/>\n<meta property=\"og:title\" content=\"Ztr\u00e1c\u00ed se v\u00e1m pono\u017eky? Mo\u017en\u00e1 je najdete v Muzeu Licho\u017erout\u016f! - Mzone\" \/>\n<meta property=\"og:description\" content=\"\u010ctvrte\u010dn\u00ed znovuotev\u0159en\u00ed galeri\u00ed v\u00edt\u00e1 Villa Pell\u00e9 zbrusu novou v\u00fdstavou Galiny Mikl\u00ednov\u00e9 s n\u00e1zvem Muzeum Licho\u017erout\u016f - vstup v\u00edtan\u00fd!!!\" \/>\n<meta property=\"og:url\" content=\"https:\/\/www.mzone.cz\/en\/ztraci-se-vam-ponozky-mozna-je-najdete-v-muzeu-lichozroutu\/\" \/>\n<meta property=\"og:site_name\" content=\"Mzone\" \/>\n<meta property=\"article:publisher\" content=\"https:\/\/www.facebook.com\/MzoneCZ\/\" \/>\n<meta property=\"article:published_time\" content=\"2020-12-02T17:02:54+00:00\" \/>\n<meta property=\"article:modified_time\" content=\"2020-12-02T17:03:34+00:00\" \/>\n<meta property=\"og:image\" content=\"https:\/\/www.mzone.cz\/wp-content\/uploads\/2020\/12\/Muzeum-Lichozroutu-scaled.jpg\" \/>\n\t<meta property=\"og:image:width\" content=\"2560\" \/>\n\t<meta property=\"og:image:height\" content=\"1707\" \/>\n\t<meta property=\"og:image:type\" content=\"image\/jpeg\" \/>\n<meta name=\"author\" content=\"Mzone\" \/>\n<meta name=\"twitter:card\" content=\"summary_large_image\" \/>\n<meta name=\"twitter:label1\" content=\"Written by\" \/>\n\t<meta name=\"twitter:data1\" content=\"Mzone\" \/>\n\t<meta name=\"twitter:label2\" content=\"Est. reading time\" \/>\n\t<meta name=\"twitter:data2\" content=\"3 minutes\" \/>\n<script type=\"application\/ld+json\" class=\"yoast-schema-graph\">{\"@context\":\"https:\\\/\\\/schema.org\",\"@graph\":[{\"@type\":\"Article\",\"@id\":\"https:\\\/\\\/www.mzone.cz\\\/ztraci-se-vam-ponozky-mozna-je-najdete-v-muzeu-lichozroutu\\\/#article\",\"isPartOf\":{\"@id\":\"https:\\\/\\\/www.mzone.cz\\\/ztraci-se-vam-ponozky-mozna-je-najdete-v-muzeu-lichozroutu\\\/\"},\"author\":{\"name\":\"Mzone\",\"@id\":\"https:\\\/\\\/www.mzone.cz\\\/#\\\/schema\\\/person\\\/9bc20cc422a99cac4af6ff9297da32d4\"},\"headline\":\"Ztr\u00e1c\u00ed se v\u00e1m pono\u017eky? Mo\u017en\u00e1 je najdete v Muzeu Licho\u017erout\u016f!\",\"datePublished\":\"2020-12-02T17:02:54+00:00\",\"dateModified\":\"2020-12-02T17:03:34+00:00\",\"mainEntityOfPage\":{\"@id\":\"https:\\\/\\\/www.mzone.cz\\\/ztraci-se-vam-ponozky-mozna-je-najdete-v-muzeu-lichozroutu\\\/\"},\"wordCount\":602,\"commentCount\":0,\"image\":{\"@id\":\"https:\\\/\\\/www.mzone.cz\\\/ztraci-se-vam-ponozky-mozna-je-najdete-v-muzeu-lichozroutu\\\/#primaryimage\"},\"thumbnailUrl\":\"https:\\\/\\\/www.mzone.cz\\\/wp-content\\\/uploads\\\/2020\\\/12\\\/Muzeum-Lichozroutu-scaled.jpg\",\"keywords\":[\"Galina Mikl\u00ednov\u00e1\",\"Kultura\",\"Licho\u017erouti\",\"muzeum\",\"Muzeum Licho\u017erout\u016f\",\"pono\u017eky\",\"Praha\",\"um\u011bn\u00ed\",\"Villa Pell\u00e9\",\"v\u00fdstava\"],\"articleSection\":[\"Kultura\",\"Um\u011bn\u00ed\"],\"inLanguage\":\"en-US\",\"potentialAction\":[{\"@type\":\"CommentAction\",\"name\":\"Comment\",\"target\":[\"https:\\\/\\\/www.mzone.cz\\\/ztraci-se-vam-ponozky-mozna-je-najdete-v-muzeu-lichozroutu\\\/#respond\"]}]},{\"@type\":\"WebPage\",\"@id\":\"https:\\\/\\\/www.mzone.cz\\\/ztraci-se-vam-ponozky-mozna-je-najdete-v-muzeu-lichozroutu\\\/\",\"url\":\"https:\\\/\\\/www.mzone.cz\\\/ztraci-se-vam-ponozky-mozna-je-najdete-v-muzeu-lichozroutu\\\/\",\"name\":\"Ztr\u00e1c\u00ed se v\u00e1m pono\u017eky? Mo\u017en\u00e1 je najdete v Muzeu Licho\u017erout\u016f! - Mzone\",\"isPartOf\":{\"@id\":\"https:\\\/\\\/www.mzone.cz\\\/#website\"},\"primaryImageOfPage\":{\"@id\":\"https:\\\/\\\/www.mzone.cz\\\/ztraci-se-vam-ponozky-mozna-je-najdete-v-muzeu-lichozroutu\\\/#primaryimage\"},\"image\":{\"@id\":\"https:\\\/\\\/www.mzone.cz\\\/ztraci-se-vam-ponozky-mozna-je-najdete-v-muzeu-lichozroutu\\\/#primaryimage\"},\"thumbnailUrl\":\"https:\\\/\\\/www.mzone.cz\\\/wp-content\\\/uploads\\\/2020\\\/12\\\/Muzeum-Lichozroutu-scaled.jpg\",\"datePublished\":\"2020-12-02T17:02:54+00:00\",\"dateModified\":\"2020-12-02T17:03:34+00:00\",\"author\":{\"@id\":\"https:\\\/\\\/www.mzone.cz\\\/#\\\/schema\\\/person\\\/9bc20cc422a99cac4af6ff9297da32d4\"},\"description\":\"\u010ctvrte\u010dn\u00ed znovuotev\u0159en\u00ed galeri\u00ed v\u00edt\u00e1 Villa Pell\u00e9 zbrusu novou v\u00fdstavou Galiny Mikl\u00ednov\u00e9 s n\u00e1zvem Muzeum Licho\u017erout\u016f - vstup v\u00edtan\u00fd!!!\",\"breadcrumb\":{\"@id\":\"https:\\\/\\\/www.mzone.cz\\\/ztraci-se-vam-ponozky-mozna-je-najdete-v-muzeu-lichozroutu\\\/#breadcrumb\"},\"inLanguage\":\"en-US\",\"potentialAction\":[{\"@type\":\"ReadAction\",\"target\":[\"https:\\\/\\\/www.mzone.cz\\\/ztraci-se-vam-ponozky-mozna-je-najdete-v-muzeu-lichozroutu\\\/\"]}]},{\"@type\":\"ImageObject\",\"inLanguage\":\"en-US\",\"@id\":\"https:\\\/\\\/www.mzone.cz\\\/ztraci-se-vam-ponozky-mozna-je-najdete-v-muzeu-lichozroutu\\\/#primaryimage\",\"url\":\"https:\\\/\\\/www.mzone.cz\\\/wp-content\\\/uploads\\\/2020\\\/12\\\/Muzeum-Lichozroutu-scaled.jpg\",\"contentUrl\":\"https:\\\/\\\/www.mzone.cz\\\/wp-content\\\/uploads\\\/2020\\\/12\\\/Muzeum-Lichozroutu-scaled.jpg\",\"width\":2560,\"height\":1707,\"caption\":\"Muzeum Licho\u017erout\u016f\"},{\"@type\":\"BreadcrumbList\",\"@id\":\"https:\\\/\\\/www.mzone.cz\\\/ztraci-se-vam-ponozky-mozna-je-najdete-v-muzeu-lichozroutu\\\/#breadcrumb\",\"itemListElement\":[{\"@type\":\"ListItem\",\"position\":1,\"name\":\"Dom\u016f\",\"item\":\"https:\\\/\\\/www.mzone.cz\\\/\"},{\"@type\":\"ListItem\",\"position\":2,\"name\":\"Ztr\u00e1c\u00ed se v\u00e1m pono\u017eky? Mo\u017en\u00e1 je najdete v Muzeu Licho\u017erout\u016f!\"}]},{\"@type\":\"WebSite\",\"@id\":\"https:\\\/\\\/www.mzone.cz\\\/#website\",\"url\":\"https:\\\/\\\/www.mzone.cz\\\/\",\"name\":\"Mzone\",\"description\":\"Magaz\u00edn nejen pro mu\u017ee\",\"potentialAction\":[{\"@type\":\"SearchAction\",\"target\":{\"@type\":\"EntryPoint\",\"urlTemplate\":\"https:\\\/\\\/www.mzone.cz\\\/?s={search_term_string}\"},\"query-input\":{\"@type\":\"PropertyValueSpecification\",\"valueRequired\":true,\"valueName\":\"search_term_string\"}}],\"inLanguage\":\"en-US\"},{\"@type\":\"Person\",\"@id\":\"https:\\\/\\\/www.mzone.cz\\\/#\\\/schema\\\/person\\\/9bc20cc422a99cac4af6ff9297da32d4\",\"name\":\"Mzone\",\"image\":{\"@type\":\"ImageObject\",\"inLanguage\":\"en-US\",\"@id\":\"https:\\\/\\\/secure.gravatar.com\\\/avatar\\\/e780a8630f3182a3d06dd667ab6bea151a0d155b0951bc15fe22633acdac0676?s=96&d=mm&r=g\",\"url\":\"https:\\\/\\\/secure.gravatar.com\\\/avatar\\\/e780a8630f3182a3d06dd667ab6bea151a0d155b0951bc15fe22633acdac0676?s=96&d=mm&r=g\",\"contentUrl\":\"https:\\\/\\\/secure.gravatar.com\\\/avatar\\\/e780a8630f3182a3d06dd667ab6bea151a0d155b0951bc15fe22633acdac0676?s=96&d=mm&r=g\",\"caption\":\"Mzone\"},\"url\":\"https:\\\/\\\/www.mzone.cz\\\/en\\\/author\\\/jakub\\\/\"}]}<\/script>\n<!-- \/ Yoast SEO plugin. -->","yoast_head_json":{"title":"Ztr\u00e1c\u00ed se v\u00e1m pono\u017eky? Mo\u017en\u00e1 je najdete v Muzeu Licho\u017erout\u016f! - Mzone","description":"\u010ctvrte\u010dn\u00ed znovuotev\u0159en\u00ed galeri\u00ed v\u00edt\u00e1 Villa Pell\u00e9 zbrusu novou v\u00fdstavou Galiny Mikl\u00ednov\u00e9 s n\u00e1zvem Muzeum Licho\u017erout\u016f - vstup v\u00edtan\u00fd!!!","robots":{"index":"index","follow":"follow","max-snippet":"max-snippet:-1","max-image-preview":"max-image-preview:large","max-video-preview":"max-video-preview:-1"},"canonical":"https:\/\/www.mzone.cz\/en\/ztraci-se-vam-ponozky-mozna-je-najdete-v-muzeu-lichozroutu\/","og_locale":"en_US","og_type":"article","og_title":"Ztr\u00e1c\u00ed se v\u00e1m pono\u017eky? Mo\u017en\u00e1 je najdete v Muzeu Licho\u017erout\u016f! - Mzone","og_description":"\u010ctvrte\u010dn\u00ed znovuotev\u0159en\u00ed galeri\u00ed v\u00edt\u00e1 Villa Pell\u00e9 zbrusu novou v\u00fdstavou Galiny Mikl\u00ednov\u00e9 s n\u00e1zvem Muzeum Licho\u017erout\u016f - vstup v\u00edtan\u00fd!!!","og_url":"https:\/\/www.mzone.cz\/en\/ztraci-se-vam-ponozky-mozna-je-najdete-v-muzeu-lichozroutu\/","og_site_name":"Mzone","article_publisher":"https:\/\/www.facebook.com\/MzoneCZ\/","article_published_time":"2020-12-02T17:02:54+00:00","article_modified_time":"2020-12-02T17:03:34+00:00","og_image":[{"width":2560,"height":1707,"url":"https:\/\/www.mzone.cz\/wp-content\/uploads\/2020\/12\/Muzeum-Lichozroutu-scaled.jpg","type":"image\/jpeg"}],"author":"Mzone","twitter_card":"summary_large_image","twitter_misc":{"Written by":"Mzone","Est. reading time":"3 minutes"},"schema":{"@context":"https:\/\/schema.org","@graph":[{"@type":"Article","@id":"https:\/\/www.mzone.cz\/ztraci-se-vam-ponozky-mozna-je-najdete-v-muzeu-lichozroutu\/#article","isPartOf":{"@id":"https:\/\/www.mzone.cz\/ztraci-se-vam-ponozky-mozna-je-najdete-v-muzeu-lichozroutu\/"},"author":{"name":"Mzone","@id":"https:\/\/www.mzone.cz\/#\/schema\/person\/9bc20cc422a99cac4af6ff9297da32d4"},"headline":"Ztr\u00e1c\u00ed se v\u00e1m pono\u017eky? Mo\u017en\u00e1 je najdete v Muzeu Licho\u017erout\u016f!","datePublished":"2020-12-02T17:02:54+00:00","dateModified":"2020-12-02T17:03:34+00:00","mainEntityOfPage":{"@id":"https:\/\/www.mzone.cz\/ztraci-se-vam-ponozky-mozna-je-najdete-v-muzeu-lichozroutu\/"},"wordCount":602,"commentCount":0,"image":{"@id":"https:\/\/www.mzone.cz\/ztraci-se-vam-ponozky-mozna-je-najdete-v-muzeu-lichozroutu\/#primaryimage"},"thumbnailUrl":"https:\/\/www.mzone.cz\/wp-content\/uploads\/2020\/12\/Muzeum-Lichozroutu-scaled.jpg","keywords":["Galina Mikl\u00ednov\u00e1","Kultura","Licho\u017erouti","muzeum","Muzeum Licho\u017erout\u016f","pono\u017eky","Praha","um\u011bn\u00ed","Villa Pell\u00e9","v\u00fdstava"],"articleSection":["Kultura","Um\u011bn\u00ed"],"inLanguage":"en-US","potentialAction":[{"@type":"CommentAction","name":"Comment","target":["https:\/\/www.mzone.cz\/ztraci-se-vam-ponozky-mozna-je-najdete-v-muzeu-lichozroutu\/#respond"]}]},{"@type":"WebPage","@id":"https:\/\/www.mzone.cz\/ztraci-se-vam-ponozky-mozna-je-najdete-v-muzeu-lichozroutu\/","url":"https:\/\/www.mzone.cz\/ztraci-se-vam-ponozky-mozna-je-najdete-v-muzeu-lichozroutu\/","name":"Ztr\u00e1c\u00ed se v\u00e1m pono\u017eky? Mo\u017en\u00e1 je najdete v Muzeu Licho\u017erout\u016f! - Mzone","isPartOf":{"@id":"https:\/\/www.mzone.cz\/#website"},"primaryImageOfPage":{"@id":"https:\/\/www.mzone.cz\/ztraci-se-vam-ponozky-mozna-je-najdete-v-muzeu-lichozroutu\/#primaryimage"},"image":{"@id":"https:\/\/www.mzone.cz\/ztraci-se-vam-ponozky-mozna-je-najdete-v-muzeu-lichozroutu\/#primaryimage"},"thumbnailUrl":"https:\/\/www.mzone.cz\/wp-content\/uploads\/2020\/12\/Muzeum-Lichozroutu-scaled.jpg","datePublished":"2020-12-02T17:02:54+00:00","dateModified":"2020-12-02T17:03:34+00:00","author":{"@id":"https:\/\/www.mzone.cz\/#\/schema\/person\/9bc20cc422a99cac4af6ff9297da32d4"},"description":"\u010ctvrte\u010dn\u00ed znovuotev\u0159en\u00ed galeri\u00ed v\u00edt\u00e1 Villa Pell\u00e9 zbrusu novou v\u00fdstavou Galiny Mikl\u00ednov\u00e9 s n\u00e1zvem Muzeum Licho\u017erout\u016f - vstup v\u00edtan\u00fd!!!","breadcrumb":{"@id":"https:\/\/www.mzone.cz\/ztraci-se-vam-ponozky-mozna-je-najdete-v-muzeu-lichozroutu\/#breadcrumb"},"inLanguage":"en-US","potentialAction":[{"@type":"ReadAction","target":["https:\/\/www.mzone.cz\/ztraci-se-vam-ponozky-mozna-je-najdete-v-muzeu-lichozroutu\/"]}]},{"@type":"ImageObject","inLanguage":"en-US","@id":"https:\/\/www.mzone.cz\/ztraci-se-vam-ponozky-mozna-je-najdete-v-muzeu-lichozroutu\/#primaryimage","url":"https:\/\/www.mzone.cz\/wp-content\/uploads\/2020\/12\/Muzeum-Lichozroutu-scaled.jpg","contentUrl":"https:\/\/www.mzone.cz\/wp-content\/uploads\/2020\/12\/Muzeum-Lichozroutu-scaled.jpg","width":2560,"height":1707,"caption":"Muzeum Licho\u017erout\u016f"},{"@type":"BreadcrumbList","@id":"https:\/\/www.mzone.cz\/ztraci-se-vam-ponozky-mozna-je-najdete-v-muzeu-lichozroutu\/#breadcrumb","itemListElement":[{"@type":"ListItem","position":1,"name":"Dom\u016f","item":"https:\/\/www.mzone.cz\/"},{"@type":"ListItem","position":2,"name":"Ztr\u00e1c\u00ed se v\u00e1m pono\u017eky? Mo\u017en\u00e1 je najdete v Muzeu Licho\u017erout\u016f!"}]},{"@type":"WebSite","@id":"https:\/\/www.mzone.cz\/#website","url":"https:\/\/www.mzone.cz\/","name":"Mzone","description":"Magaz\u00edn nejen pro mu\u017ee","potentialAction":[{"@type":"SearchAction","target":{"@type":"EntryPoint","urlTemplate":"https:\/\/www.mzone.cz\/?s={search_term_string}"},"query-input":{"@type":"PropertyValueSpecification","valueRequired":true,"valueName":"search_term_string"}}],"inLanguage":"en-US"},{"@type":"Person","@id":"https:\/\/www.mzone.cz\/#\/schema\/person\/9bc20cc422a99cac4af6ff9297da32d4","name":"Mzone","image":{"@type":"ImageObject","inLanguage":"en-US","@id":"https:\/\/secure.gravatar.com\/avatar\/e780a8630f3182a3d06dd667ab6bea151a0d155b0951bc15fe22633acdac0676?s=96&d=mm&r=g","url":"https:\/\/secure.gravatar.com\/avatar\/e780a8630f3182a3d06dd667ab6bea151a0d155b0951bc15fe22633acdac0676?s=96&d=mm&r=g","contentUrl":"https:\/\/secure.gravatar.com\/avatar\/e780a8630f3182a3d06dd667ab6bea151a0d155b0951bc15fe22633acdac0676?s=96&d=mm&r=g","caption":"Mzone"},"url":"https:\/\/www.mzone.cz\/en\/author\/jakub\/"}]}},"_links":{"self":[{"href":"https:\/\/www.mzone.cz\/en\/wp-json\/wp\/v2\/posts\/26372","targetHints":{"allow":["GET"]}}],"collection":[{"href":"https:\/\/www.mzone.cz\/en\/wp-json\/wp\/v2\/posts"}],"about":[{"href":"https:\/\/www.mzone.cz\/en\/wp-json\/wp\/v2\/types\/post"}],"author":[{"embeddable":true,"href":"https:\/\/www.mzone.cz\/en\/wp-json\/wp\/v2\/users\/4"}],"replies":[{"embeddable":true,"href":"https:\/\/www.mzone.cz\/en\/wp-json\/wp\/v2\/comments?post=26372"}],"version-history":[{"count":10,"href":"https:\/\/www.mzone.cz\/en\/wp-json\/wp\/v2\/posts\/26372\/revisions"}],"predecessor-version":[{"id":26385,"href":"https:\/\/www.mzone.cz\/en\/wp-json\/wp\/v2\/posts\/26372\/revisions\/26385"}],"wp:featuredmedia":[{"embeddable":true,"href":"https:\/\/www.mzone.cz\/en\/wp-json\/wp\/v2\/media\/26377"}],"wp:attachment":[{"href":"https:\/\/www.mzone.cz\/en\/wp-json\/wp\/v2\/media?parent=26372"}],"wp:term":[{"taxonomy":"category","embeddable":true,"href":"https:\/\/www.mzone.cz\/en\/wp-json\/wp\/v2\/categories?post=26372"},{"taxonomy":"post_tag","embeddable":true,"href":"https:\/\/www.mzone.cz\/en\/wp-json\/wp\/v2\/tags?post=26372"}],"curies":[{"name":"wp","href":"https:\/\/api.w.org\/{rel}","templated":true}]}}