{"id":26442,"date":"2020-12-18T05:00:59","date_gmt":"2020-12-18T04:00:59","guid":{"rendered":"https:\/\/www.mzone.cz\/?p=26442"},"modified":"2020-12-04T19:40:07","modified_gmt":"2020-12-04T18:40:07","slug":"pandemie-nepreje-obeznim-cim-vyssi-bmi-tim-tezsi-boj-s-viry","status":"publish","type":"post","link":"https:\/\/www.mzone.cz\/en\/pandemie-nepreje-obeznim-cim-vyssi-bmi-tim-tezsi-boj-s-viry\/","title":{"rendered":"Pandemie nep\u0159eje ob\u00e9zn\u00edm! \u010c\u00edm vy\u0161\u0161\u00ed BMI, t\u00edm t\u011b\u017e\u0161\u00ed boj s viry"},"content":{"rendered":"<p><strong>Zdrav\u00e1 v\u00e1ha pom\u00e1h\u00e1 nejen v prevenci civiliza\u010dn\u00edch nemoc\u00ed, ale i v boji proti pandemii koronaviru. Data n\u011bkolika studi\u00ed, v\u010detn\u011b metastudie 75 v\u00fdzkum\u016f proveden\u00fdch na 400 tis\u00edc\u00edch pacientech z Evropy, Asie i Ameriky, uk\u00e1zala, \u017ee obezita je jedn\u00edm z hlavn\u00edch rizikov\u00fdch faktor\u016f onemocn\u011bn\u00ed covid-19.<\/strong><\/p><br>\n\n\n\n<p>Ob\u00e9zn\u00ed se nakaz\u00ed dvakr\u00e1t \u010dast\u011bji ne\u017e ti s norm\u00e1ln\u00edm BMI a dvakr\u00e1t \u010dast\u011bji skon\u010d\u00ed v nemocnici. A v\u011bdci se tak\u00e9 ob\u00e1vaj\u00ed, \u017ee u ob\u00e9zn\u00edch nebude dostate\u010dn\u011b \u00fa\u010dinkovat ani vakc\u00edna. Nadv\u00e1hu m\u00e1 p\u0159itom p\u0159ibli\u017en\u011b polovina \u010desk\u00fdch mu\u017e\u016f a t\u0159etina \u017een a p\u0159ibli\u017en\u011b p\u011btina lid\u00ed je u\u017e ob\u00e9zn\u00edch. <a href=\"https:\/\/www.ncbi.nlm.nih.gov\/pmc\/articles\/PMC7474583\/\" target=\"_blank\" rel=\"noreferrer noopener\">Podle studi\u00ed<\/a> publikovan\u00fdch u\u017e v kv\u011btnu 2020 se ob\u00e9zn\u00ed pacienti pot\u00fdkaj\u00ed s mnohem hor\u0161\u00edm pr\u016fb\u011bhem infekc\u00ed COVID-19 ne\u017e lid\u00e9 se zdravou hmotnost\u00ed.<\/p>\n\n\n\n<blockquote class=\"wp-block-quote is-layout-flow wp-block-quote-is-layout-flow\"><p>Podle V\u0161eobecn\u00e9 l\u00e9ka\u0159sk\u00e9 spole\u010dnosti je n\u00e1r\u016fst hospitalizac\u00ed na JIP u ob\u00e9zn\u00edch pacient\u016f s koronavirem o 74 % vy\u0161\u0161\u00ed ne\u017e u neob\u00e9zn\u00edch a riziko \u00famrt\u00ed je a\u017e o 48 % v\u011bt\u0161\u00ed ne\u017e u neob\u00e9zn\u00ed populace.<\/p><\/blockquote>\n\n\n\n<p>Mezi dal\u0161\u00ed z\u00e1sadn\u00ed faktory pat\u0159\u00ed i v\u011bk, pohlav\u00ed (mu\u017ei onemocn\u00ed \u010dast\u011bji), diabetes, siln\u00e9 astma a tak\u00e9 onemocn\u011bn\u00ed kardiovaskul\u00e1rn\u00edho syst\u00e9mu, kam pat\u0159\u00ed nap\u0159\u00edklad vysok\u00fd krevn\u00ed tlak, ateroskler\u00f3za nebo infarkt.<\/p><br>\n\n\n\n<figure class=\"wp-block-image size-large\"><img loading=\"lazy\" decoding=\"async\" width=\"1024\" height=\"683\" src=\"https:\/\/www.mzone.cz\/wp-content\/uploads\/2020\/12\/Obezita-1024x683.jpg\" alt=\"Ob\u00e9zn\u00ed mu\u017e\" class=\"wp-image-26448\" srcset=\"https:\/\/www.mzone.cz\/wp-content\/uploads\/2020\/12\/Obezita-1024x683.jpg 1024w, https:\/\/www.mzone.cz\/wp-content\/uploads\/2020\/12\/Obezita-300x200.jpg 300w, https:\/\/www.mzone.cz\/wp-content\/uploads\/2020\/12\/Obezita-768x512.jpg 768w, https:\/\/www.mzone.cz\/wp-content\/uploads\/2020\/12\/Obezita-1536x1024.jpg 1536w, https:\/\/www.mzone.cz\/wp-content\/uploads\/2020\/12\/Obezita-2048x1365.jpg 2048w, https:\/\/www.mzone.cz\/wp-content\/uploads\/2020\/12\/Obezita-16x12.jpg 16w, https:\/\/www.mzone.cz\/wp-content\/uploads\/2020\/12\/Obezita-800x533.jpg 800w, https:\/\/www.mzone.cz\/wp-content\/uploads\/2020\/12\/Obezita-400x267.jpg 400w, https:\/\/www.mzone.cz\/wp-content\/uploads\/2020\/12\/Obezita-500x333.jpg 500w, https:\/\/www.mzone.cz\/wp-content\/uploads\/2020\/12\/Obezita-1170x780.jpg 1170w, https:\/\/www.mzone.cz\/wp-content\/uploads\/2020\/12\/Obezita-590x393.jpg 590w\" sizes=\"auto, (max-width: 1024px) 100vw, 1024px\" \/><\/figure><br>\n\n\n\n<h2 class=\"wp-block-heading\">Kila nav\u00edc \u2013 mnoho komplikac\u00ed<\/h2>\n\n\n\n<p>Pro\u010d? Zv\u00fd\u0161en\u00e1 glyk\u00e9mie, spojen\u00e1 s obezitou a nevhodnou stravou, zhor\u0161uje okysli\u010den\u00ed bun\u011bk, zv\u00fd\u0161en\u00fd cholesterol zase favorizuje RNA viry, ty se sn\u00e1ze replikuj\u00ed v organismu, sn\u00e1ze napadaj\u00ed bu\u0148ky a sn\u00e1ze se v organismu mno\u017e\u00ed. Lid\u00e9 s vysokou hmotnost\u00ed jsou tak\u00e9 n\u00e1chyln\u011bj\u0161\u00ed k syndromu akutn\u00ed respira\u010dn\u00ed t\u00edsn\u011b, hlavn\u00ed p\u0159\u00ed\u010din\u011b \u00famrt\u00ed pacient\u016f na koronavirus. A p\u0159i\u010dt\u011bme i obecnou inklinaci k infekc\u00edm.<\/p><br>\n\n\n\n<p>Ob\u00e9zn\u00ed \u010dlov\u011bk m\u00e1 v tukov\u00e9 tk\u00e1ni nahromad\u011bny imunitn\u00ed bu\u0148ky, kter\u00e9 zhor\u0161uj\u00ed jeho mo\u017enost br\u00e1nit se infekc\u00edm. Proto nejde jen o sou\u010dasnou pandemii. \u201eOb\u00e9zn\u00ed lid\u00e9, zejm\u00e9na ti s velk\u00fdm mno\u017estv\u00edm b\u0159i\u0161n\u00edho tuku, jsou obecn\u011b n\u00e1chyln\u011bj\u0161\u00ed k infekc\u00edm,\u201c vysv\u011btluje MUDr. Ond\u0159ej N\u00fdvlt. A l\u00e9ka\u0159i se ob\u00e1vaj\u00ed, \u017ee ob\u00e9zn\u00ed lid\u00e9 budou m\u00edt probl\u00e9my i s efektem chystan\u00e9 vakc\u00edny. O\u010dek\u00e1vaj\u00ed, \u017ee stejn\u011b jako u o\u010dkov\u00e1n\u00ed proti ch\u0159ipce nebude t\u011blo schopno reagovat.<\/p><br>\n\n\n\n<h2 class=\"wp-block-heading\">Vst\u0159\u00edc \u017eivotn\u00ed rovnov\u00e1ze<\/h2>\n\n\n\n<p>Nucen\u00e1 pr\u00e1ce z domova, omezen\u00ed pohybu, zav\u0159en\u00e1 sportovi\u0161t\u011b a nav\u00edc stres \u2013 nejistota z budoucnosti, strach o zdrav\u00ed sv\u00e9 i bl\u00edzk\u00fdch a mnoho nov\u00fdch povinnost\u00ed \u2013 to v\u0161e p\u0159isp\u011blo k tomu, \u017ee lid\u00e9 b\u011bhem jarn\u00ed vlny p\u0159ibrali, mluv\u00ed se a\u017e o 5 kilogramech. D\u00e1 se proto p\u0159edpokl\u00e1dat, \u017ee i letos bude nej\u010dast\u011bj\u0161\u00edm p\u0159edsevzet\u00edm v\u011bt\u0161iny \u010cech\u016f pr\u00e1v\u011b hubnut\u00ed.<\/p><br>\n\n\n\n<p>\u201eNe\u010dekejte na nov\u00fd rok a za\u010dn\u011bte na p\u0159edsevzet\u00ed pracovat je\u0161t\u011b p\u0159ed V\u00e1noci. Letos v\u00e1s nemohou sv\u00e1d\u011bt v\u00e1no\u010dn\u00ed ve\u010d\u00edrky pln\u00e9 nezdrav\u00fdch dobrot a alkoholu, co\u017e v\u00e1m v odhodl\u00e1n\u00ed pom\u016f\u017ee. Nebu\u010fte na sebe p\u0159\u00edsn\u00ed, nastavte si re\u00e1ln\u00e9 c\u00edle a uvid\u00edte, \u017ee ke \u0161t\u011bdrove\u010dern\u00ed tabuli budete usedat s mnohem lep\u0161\u00edm pocitem, \u0159\u00edk\u00e1 nutri\u010dn\u00ed specialistka Ing. Monika Bartolom\u011bjov\u00e1 ze s\u00edt\u011b klinik Nutriadapt, je\u017e se zam\u011b\u0159uje na pomoc klient\u016fm v oblasti zdrav\u00e9ho stravov\u00e1n\u00ed. Nikdy nen\u00ed pozd\u011b dostat svou v\u00e1hu pod kontrolu.<\/p><br>\n\n\n\n<h2 class=\"wp-block-heading\">Utu\u017eujte zdrav\u00ed i v mraziv\u00e9m po\u010das\u00ed<\/h2>\n\n\n\n<p>Z\u00e1kladn\u00ed prevenc\u00ed je dodr\u017eov\u00e1n\u00ed z\u00e1sad zdrav\u00e9 v\u00fd\u017eivy a dostatek pohybu. S klesaj\u00edc\u00ed venkovn\u00ed teplotou se venkovn\u00ed aktivity sni\u017euj\u00ed a rad\u011bji se zav\u00edr\u00e1me do vyh\u0159\u00e1t\u00e9ho domova. Paradoxn\u00ed ale je, \u017ee pr\u00e1v\u011b v tepl\u00e9m a nev\u011btran\u00e9m prost\u0159ed\u00ed se viry odhodl\u00e1vaj\u00ed k tomu n\u00e1s oslabit. Kolikr\u00e1t sta\u010d\u00ed jen p\u00e1r zm\u011bn, kter\u00fdmi lze podpo\u0159it organismus k tomu, aby byl odoln\u011bj\u0161\u00ed. Pohyb venku, a to i v mraziv\u00fdch dnech, je d\u016fle\u017eit\u00fd jak k prevenci, tak i k podpo\u0159e imunity. T\u011blo se v zim\u011b rychleji zah\u0159eje a nav\u00edc snadn\u011bji spaluje kalorie.<\/p><br>\n\n\n\n<h3 class=\"wp-block-heading\">V\u011bd\u011bli jste, \u017ee\u2026<\/h3>\n\n\n\n<ul><li>Pravd\u011bpodobnost hospitalizace je u lid\u00ed s nadv\u00e1hou a\u017e 1,39x v\u011bt\u0161\u00ed ne\u017e u lid\u00ed s BMI v norm\u011b?<\/li><li>Na hran\u011b obezity 1. stupn\u011b se pravd\u011bpodobnost zvy\u0161uje a\u017e 1,70x a u lid\u00ed s obezitou 2. stupn\u011b dokonce a\u017e 3,38x?<\/li><\/ul><br>\n\n\n\n<div class=\"wp-block-media-text alignwide is-stacked-on-mobile is-vertically-aligned-top\" style=\"grid-template-columns:23% auto\"><figure class=\"wp-block-media-text__media\"><a href=\"https:\/\/www.mzone.cz\/jak-bojovat-s-viry-zacnete-silnou-imunitou\/\"><img loading=\"lazy\" decoding=\"async\" width=\"879\" height=\"586\" src=\"https:\/\/www.mzone.cz\/wp-content\/uploads\/2020\/10\/Virus-imunita.jpg\" alt=\"\" class=\"wp-image-24607\" srcset=\"https:\/\/www.mzone.cz\/wp-content\/uploads\/2020\/10\/Virus-imunita.jpg 879w, https:\/\/www.mzone.cz\/wp-content\/uploads\/2020\/10\/Virus-imunita-300x200.jpg 300w, https:\/\/www.mzone.cz\/wp-content\/uploads\/2020\/10\/Virus-imunita-768x512.jpg 768w, https:\/\/www.mzone.cz\/wp-content\/uploads\/2020\/10\/Virus-imunita-800x533.jpg 800w, https:\/\/www.mzone.cz\/wp-content\/uploads\/2020\/10\/Virus-imunita-400x267.jpg 400w, https:\/\/www.mzone.cz\/wp-content\/uploads\/2020\/10\/Virus-imunita-500x333.jpg 500w, https:\/\/www.mzone.cz\/wp-content\/uploads\/2020\/10\/Virus-imunita-590x393.jpg 590w\" sizes=\"auto, (max-width: 879px) 100vw, 879px\" \/><\/a><\/figure><div class=\"wp-block-media-text__content\">\n<h4><a href=\"https:\/\/www.mzone.cz\/jak-bojovat-s-viry-zacnete-silnou-imunitou\/\">Jak aktu\u00e1ln\u011b bojovat s viry? Za\u010dn\u011bte silnou imunitou!<\/a><\/h4><br>\n<\/div><\/div>","protected":false},"excerpt":{"rendered":"<p>Zdrav\u00e1 v\u00e1ha pom\u00e1h\u00e1 nejen v prevenci civiliza\u010dn\u00edch nemoc\u00ed, ale i v boji proti pandemii koronaviru. Data n\u011bkolika studi\u00ed, v\u010detn\u011b metastudie 75 v\u00fdzkum\u016f proveden\u00fdch na 400 tis\u00edc\u00edch pacientech z Evropy, Asie i Ameriky, uk\u00e1zala, \u017ee obezita je jedn\u00edm z hlavn\u00edch rizikov\u00fdch faktor\u016f onemocn\u011bn\u00ed covid-19. Ob\u00e9zn\u00ed se nakaz\u00ed dvakr\u00e1t \u010dast\u011bji ne\u017e ti s norm\u00e1ln\u00edm BMI a dvakr\u00e1t [&hellip;]<\/p>\n","protected":false},"author":4,"featured_media":26444,"comment_status":"open","ping_status":"closed","sticky":false,"template":"","format":"standard","meta":{"kk_blocks_editor_width":"","_kiokenblocks_attr":"","_kiokenblocks_dimensions":"","footnotes":""},"categories":[386,25,62],"tags":[593,3619,3013,4453,3560,4454,502,2715,1231,3571,3763,490,2357,3561,3326,3325,250,149],"class_list":["post-26442","post","type-post","status-publish","format-standard","has-post-thumbnail","hentry","category-bez-obalu","category-style","category-zdravi","tag-bez-obalu","tag-covid-19","tag-epidemie","tag-hmotnost","tag-koronavirus","tag-nadvaha","tag-nemoc","tag-obezita","tag-onemocneni","tag-pandemie","tag-prubeh","tag-style","tag-vaha","tag-vir","tag-virus","tag-viry","tag-vyzkum","tag-zdravi"],"yoast_head":"<!-- This site is optimized with the Yoast SEO plugin v27.5 - https:\/\/yoast.com\/product\/yoast-seo-wordpress\/ -->\n<title>Pandemie nep\u0159eje ob\u00e9zn\u00edm! \u010c\u00edm vy\u0161\u0161\u00ed BMI, t\u00edm t\u011b\u017e\u0161\u00ed boj s viry - Mzone<\/title>\n<meta name=\"description\" content=\"Zdrav\u00e1 v\u00e1ha pom\u00e1h\u00e1 nejen v prevenci civiliza\u010dn\u00edch nemoc\u00ed, ale i v boji proti pandemii koronaviru.\" \/>\n<meta name=\"robots\" content=\"index, follow, max-snippet:-1, max-image-preview:large, max-video-preview:-1\" \/>\n<link rel=\"canonical\" href=\"https:\/\/www.mzone.cz\/en\/pandemie-nepreje-obeznim-cim-vyssi-bmi-tim-tezsi-boj-s-viry\/\" \/>\n<meta property=\"og:locale\" content=\"en_US\" \/>\n<meta property=\"og:type\" content=\"article\" \/>\n<meta property=\"og:title\" content=\"Pandemie nep\u0159eje ob\u00e9zn\u00edm! \u010c\u00edm vy\u0161\u0161\u00ed BMI, t\u00edm t\u011b\u017e\u0161\u00ed boj s viry - Mzone\" \/>\n<meta property=\"og:description\" content=\"Zdrav\u00e1 v\u00e1ha pom\u00e1h\u00e1 nejen v prevenci civiliza\u010dn\u00edch nemoc\u00ed, ale i v boji proti pandemii koronaviru.\" \/>\n<meta property=\"og:url\" content=\"https:\/\/www.mzone.cz\/en\/pandemie-nepreje-obeznim-cim-vyssi-bmi-tim-tezsi-boj-s-viry\/\" \/>\n<meta property=\"og:site_name\" content=\"Mzone\" \/>\n<meta property=\"article:publisher\" content=\"https:\/\/www.facebook.com\/MzoneCZ\/\" \/>\n<meta property=\"article:published_time\" content=\"2020-12-18T04:00:59+00:00\" \/>\n<meta property=\"og:image\" content=\"https:\/\/www.mzone.cz\/wp-content\/uploads\/2020\/12\/Obezni-muz-scaled.jpg\" \/>\n\t<meta property=\"og:image:width\" content=\"2560\" \/>\n\t<meta property=\"og:image:height\" content=\"1706\" \/>\n\t<meta property=\"og:image:type\" content=\"image\/jpeg\" \/>\n<meta name=\"author\" content=\"Mzone\" \/>\n<meta name=\"twitter:card\" content=\"summary_large_image\" \/>\n<meta name=\"twitter:label1\" content=\"Written by\" \/>\n\t<meta name=\"twitter:data1\" content=\"Mzone\" \/>\n\t<meta name=\"twitter:label2\" content=\"Est. reading time\" \/>\n\t<meta name=\"twitter:data2\" content=\"4 minutes\" \/>\n<script type=\"application\/ld+json\" class=\"yoast-schema-graph\">{\"@context\":\"https:\\\/\\\/schema.org\",\"@graph\":[{\"@type\":\"Article\",\"@id\":\"https:\\\/\\\/www.mzone.cz\\\/pandemie-nepreje-obeznim-cim-vyssi-bmi-tim-tezsi-boj-s-viry\\\/#article\",\"isPartOf\":{\"@id\":\"https:\\\/\\\/www.mzone.cz\\\/pandemie-nepreje-obeznim-cim-vyssi-bmi-tim-tezsi-boj-s-viry\\\/\"},\"author\":{\"name\":\"Mzone\",\"@id\":\"https:\\\/\\\/www.mzone.cz\\\/#\\\/schema\\\/person\\\/9bc20cc422a99cac4af6ff9297da32d4\"},\"headline\":\"Pandemie nep\u0159eje ob\u00e9zn\u00edm! \u010c\u00edm vy\u0161\u0161\u00ed BMI, t\u00edm t\u011b\u017e\u0161\u00ed boj s viry\",\"datePublished\":\"2020-12-18T04:00:59+00:00\",\"mainEntityOfPage\":{\"@id\":\"https:\\\/\\\/www.mzone.cz\\\/pandemie-nepreje-obeznim-cim-vyssi-bmi-tim-tezsi-boj-s-viry\\\/\"},\"wordCount\":808,\"commentCount\":0,\"image\":{\"@id\":\"https:\\\/\\\/www.mzone.cz\\\/pandemie-nepreje-obeznim-cim-vyssi-bmi-tim-tezsi-boj-s-viry\\\/#primaryimage\"},\"thumbnailUrl\":\"https:\\\/\\\/www.mzone.cz\\\/wp-content\\\/uploads\\\/2020\\\/12\\\/Obezni-muz-scaled.jpg\",\"keywords\":[\"bez obalu\",\"COVID-19\",\"epidemie\",\"hmotnost\",\"koronavirus\",\"nadv\u00e1ha\",\"nemoc\",\"obezita\",\"onemocn\u011bn\u00ed\",\"pandemie\",\"pr\u016fb\u011bh\",\"style\",\"v\u00e1ha\",\"vir\",\"virus\",\"viry\",\"v\u00fdzkum\",\"zdrav\u00ed\"],\"articleSection\":[\"Bez obalu\",\"Style\",\"Zdrav\u00ed\"],\"inLanguage\":\"en-US\",\"potentialAction\":[{\"@type\":\"CommentAction\",\"name\":\"Comment\",\"target\":[\"https:\\\/\\\/www.mzone.cz\\\/pandemie-nepreje-obeznim-cim-vyssi-bmi-tim-tezsi-boj-s-viry\\\/#respond\"]}]},{\"@type\":\"WebPage\",\"@id\":\"https:\\\/\\\/www.mzone.cz\\\/pandemie-nepreje-obeznim-cim-vyssi-bmi-tim-tezsi-boj-s-viry\\\/\",\"url\":\"https:\\\/\\\/www.mzone.cz\\\/pandemie-nepreje-obeznim-cim-vyssi-bmi-tim-tezsi-boj-s-viry\\\/\",\"name\":\"Pandemie nep\u0159eje ob\u00e9zn\u00edm! \u010c\u00edm vy\u0161\u0161\u00ed BMI, t\u00edm t\u011b\u017e\u0161\u00ed boj s viry - Mzone\",\"isPartOf\":{\"@id\":\"https:\\\/\\\/www.mzone.cz\\\/#website\"},\"primaryImageOfPage\":{\"@id\":\"https:\\\/\\\/www.mzone.cz\\\/pandemie-nepreje-obeznim-cim-vyssi-bmi-tim-tezsi-boj-s-viry\\\/#primaryimage\"},\"image\":{\"@id\":\"https:\\\/\\\/www.mzone.cz\\\/pandemie-nepreje-obeznim-cim-vyssi-bmi-tim-tezsi-boj-s-viry\\\/#primaryimage\"},\"thumbnailUrl\":\"https:\\\/\\\/www.mzone.cz\\\/wp-content\\\/uploads\\\/2020\\\/12\\\/Obezni-muz-scaled.jpg\",\"datePublished\":\"2020-12-18T04:00:59+00:00\",\"author\":{\"@id\":\"https:\\\/\\\/www.mzone.cz\\\/#\\\/schema\\\/person\\\/9bc20cc422a99cac4af6ff9297da32d4\"},\"description\":\"Zdrav\u00e1 v\u00e1ha pom\u00e1h\u00e1 nejen v prevenci civiliza\u010dn\u00edch nemoc\u00ed, ale i v boji proti pandemii koronaviru.\",\"breadcrumb\":{\"@id\":\"https:\\\/\\\/www.mzone.cz\\\/pandemie-nepreje-obeznim-cim-vyssi-bmi-tim-tezsi-boj-s-viry\\\/#breadcrumb\"},\"inLanguage\":\"en-US\",\"potentialAction\":[{\"@type\":\"ReadAction\",\"target\":[\"https:\\\/\\\/www.mzone.cz\\\/pandemie-nepreje-obeznim-cim-vyssi-bmi-tim-tezsi-boj-s-viry\\\/\"]}]},{\"@type\":\"ImageObject\",\"inLanguage\":\"en-US\",\"@id\":\"https:\\\/\\\/www.mzone.cz\\\/pandemie-nepreje-obeznim-cim-vyssi-bmi-tim-tezsi-boj-s-viry\\\/#primaryimage\",\"url\":\"https:\\\/\\\/www.mzone.cz\\\/wp-content\\\/uploads\\\/2020\\\/12\\\/Obezni-muz-scaled.jpg\",\"contentUrl\":\"https:\\\/\\\/www.mzone.cz\\\/wp-content\\\/uploads\\\/2020\\\/12\\\/Obezni-muz-scaled.jpg\",\"width\":2560,\"height\":1706,\"caption\":\"Obezn\u00ed mu\u017e\"},{\"@type\":\"BreadcrumbList\",\"@id\":\"https:\\\/\\\/www.mzone.cz\\\/pandemie-nepreje-obeznim-cim-vyssi-bmi-tim-tezsi-boj-s-viry\\\/#breadcrumb\",\"itemListElement\":[{\"@type\":\"ListItem\",\"position\":1,\"name\":\"Dom\u016f\",\"item\":\"https:\\\/\\\/www.mzone.cz\\\/\"},{\"@type\":\"ListItem\",\"position\":2,\"name\":\"Pandemie nep\u0159eje ob\u00e9zn\u00edm! \u010c\u00edm vy\u0161\u0161\u00ed BMI, t\u00edm t\u011b\u017e\u0161\u00ed boj s viry\"}]},{\"@type\":\"WebSite\",\"@id\":\"https:\\\/\\\/www.mzone.cz\\\/#website\",\"url\":\"https:\\\/\\\/www.mzone.cz\\\/\",\"name\":\"Mzone\",\"description\":\"Magaz\u00edn nejen pro mu\u017ee\",\"potentialAction\":[{\"@type\":\"SearchAction\",\"target\":{\"@type\":\"EntryPoint\",\"urlTemplate\":\"https:\\\/\\\/www.mzone.cz\\\/?s={search_term_string}\"},\"query-input\":{\"@type\":\"PropertyValueSpecification\",\"valueRequired\":true,\"valueName\":\"search_term_string\"}}],\"inLanguage\":\"en-US\"},{\"@type\":\"Person\",\"@id\":\"https:\\\/\\\/www.mzone.cz\\\/#\\\/schema\\\/person\\\/9bc20cc422a99cac4af6ff9297da32d4\",\"name\":\"Mzone\",\"image\":{\"@type\":\"ImageObject\",\"inLanguage\":\"en-US\",\"@id\":\"https:\\\/\\\/secure.gravatar.com\\\/avatar\\\/e780a8630f3182a3d06dd667ab6bea151a0d155b0951bc15fe22633acdac0676?s=96&d=mm&r=g\",\"url\":\"https:\\\/\\\/secure.gravatar.com\\\/avatar\\\/e780a8630f3182a3d06dd667ab6bea151a0d155b0951bc15fe22633acdac0676?s=96&d=mm&r=g\",\"contentUrl\":\"https:\\\/\\\/secure.gravatar.com\\\/avatar\\\/e780a8630f3182a3d06dd667ab6bea151a0d155b0951bc15fe22633acdac0676?s=96&d=mm&r=g\",\"caption\":\"Mzone\"},\"url\":\"https:\\\/\\\/www.mzone.cz\\\/en\\\/author\\\/jakub\\\/\"}]}<\/script>\n<!-- \/ Yoast SEO plugin. -->","yoast_head_json":{"title":"Pandemie nep\u0159eje ob\u00e9zn\u00edm! \u010c\u00edm vy\u0161\u0161\u00ed BMI, t\u00edm t\u011b\u017e\u0161\u00ed boj s viry - Mzone","description":"Zdrav\u00e1 v\u00e1ha pom\u00e1h\u00e1 nejen v prevenci civiliza\u010dn\u00edch nemoc\u00ed, ale i v boji proti pandemii koronaviru.","robots":{"index":"index","follow":"follow","max-snippet":"max-snippet:-1","max-image-preview":"max-image-preview:large","max-video-preview":"max-video-preview:-1"},"canonical":"https:\/\/www.mzone.cz\/en\/pandemie-nepreje-obeznim-cim-vyssi-bmi-tim-tezsi-boj-s-viry\/","og_locale":"en_US","og_type":"article","og_title":"Pandemie nep\u0159eje ob\u00e9zn\u00edm! \u010c\u00edm vy\u0161\u0161\u00ed BMI, t\u00edm t\u011b\u017e\u0161\u00ed boj s viry - Mzone","og_description":"Zdrav\u00e1 v\u00e1ha pom\u00e1h\u00e1 nejen v prevenci civiliza\u010dn\u00edch nemoc\u00ed, ale i v boji proti pandemii koronaviru.","og_url":"https:\/\/www.mzone.cz\/en\/pandemie-nepreje-obeznim-cim-vyssi-bmi-tim-tezsi-boj-s-viry\/","og_site_name":"Mzone","article_publisher":"https:\/\/www.facebook.com\/MzoneCZ\/","article_published_time":"2020-12-18T04:00:59+00:00","og_image":[{"width":2560,"height":1706,"url":"https:\/\/www.mzone.cz\/wp-content\/uploads\/2020\/12\/Obezni-muz-scaled.jpg","type":"image\/jpeg"}],"author":"Mzone","twitter_card":"summary_large_image","twitter_misc":{"Written by":"Mzone","Est. reading time":"4 minutes"},"schema":{"@context":"https:\/\/schema.org","@graph":[{"@type":"Article","@id":"https:\/\/www.mzone.cz\/pandemie-nepreje-obeznim-cim-vyssi-bmi-tim-tezsi-boj-s-viry\/#article","isPartOf":{"@id":"https:\/\/www.mzone.cz\/pandemie-nepreje-obeznim-cim-vyssi-bmi-tim-tezsi-boj-s-viry\/"},"author":{"name":"Mzone","@id":"https:\/\/www.mzone.cz\/#\/schema\/person\/9bc20cc422a99cac4af6ff9297da32d4"},"headline":"Pandemie nep\u0159eje ob\u00e9zn\u00edm! \u010c\u00edm vy\u0161\u0161\u00ed BMI, t\u00edm t\u011b\u017e\u0161\u00ed boj s viry","datePublished":"2020-12-18T04:00:59+00:00","mainEntityOfPage":{"@id":"https:\/\/www.mzone.cz\/pandemie-nepreje-obeznim-cim-vyssi-bmi-tim-tezsi-boj-s-viry\/"},"wordCount":808,"commentCount":0,"image":{"@id":"https:\/\/www.mzone.cz\/pandemie-nepreje-obeznim-cim-vyssi-bmi-tim-tezsi-boj-s-viry\/#primaryimage"},"thumbnailUrl":"https:\/\/www.mzone.cz\/wp-content\/uploads\/2020\/12\/Obezni-muz-scaled.jpg","keywords":["bez obalu","COVID-19","epidemie","hmotnost","koronavirus","nadv\u00e1ha","nemoc","obezita","onemocn\u011bn\u00ed","pandemie","pr\u016fb\u011bh","style","v\u00e1ha","vir","virus","viry","v\u00fdzkum","zdrav\u00ed"],"articleSection":["Bez obalu","Style","Zdrav\u00ed"],"inLanguage":"en-US","potentialAction":[{"@type":"CommentAction","name":"Comment","target":["https:\/\/www.mzone.cz\/pandemie-nepreje-obeznim-cim-vyssi-bmi-tim-tezsi-boj-s-viry\/#respond"]}]},{"@type":"WebPage","@id":"https:\/\/www.mzone.cz\/pandemie-nepreje-obeznim-cim-vyssi-bmi-tim-tezsi-boj-s-viry\/","url":"https:\/\/www.mzone.cz\/pandemie-nepreje-obeznim-cim-vyssi-bmi-tim-tezsi-boj-s-viry\/","name":"Pandemie nep\u0159eje ob\u00e9zn\u00edm! \u010c\u00edm vy\u0161\u0161\u00ed BMI, t\u00edm t\u011b\u017e\u0161\u00ed boj s viry - Mzone","isPartOf":{"@id":"https:\/\/www.mzone.cz\/#website"},"primaryImageOfPage":{"@id":"https:\/\/www.mzone.cz\/pandemie-nepreje-obeznim-cim-vyssi-bmi-tim-tezsi-boj-s-viry\/#primaryimage"},"image":{"@id":"https:\/\/www.mzone.cz\/pandemie-nepreje-obeznim-cim-vyssi-bmi-tim-tezsi-boj-s-viry\/#primaryimage"},"thumbnailUrl":"https:\/\/www.mzone.cz\/wp-content\/uploads\/2020\/12\/Obezni-muz-scaled.jpg","datePublished":"2020-12-18T04:00:59+00:00","author":{"@id":"https:\/\/www.mzone.cz\/#\/schema\/person\/9bc20cc422a99cac4af6ff9297da32d4"},"description":"Zdrav\u00e1 v\u00e1ha pom\u00e1h\u00e1 nejen v prevenci civiliza\u010dn\u00edch nemoc\u00ed, ale i v boji proti pandemii koronaviru.","breadcrumb":{"@id":"https:\/\/www.mzone.cz\/pandemie-nepreje-obeznim-cim-vyssi-bmi-tim-tezsi-boj-s-viry\/#breadcrumb"},"inLanguage":"en-US","potentialAction":[{"@type":"ReadAction","target":["https:\/\/www.mzone.cz\/pandemie-nepreje-obeznim-cim-vyssi-bmi-tim-tezsi-boj-s-viry\/"]}]},{"@type":"ImageObject","inLanguage":"en-US","@id":"https:\/\/www.mzone.cz\/pandemie-nepreje-obeznim-cim-vyssi-bmi-tim-tezsi-boj-s-viry\/#primaryimage","url":"https:\/\/www.mzone.cz\/wp-content\/uploads\/2020\/12\/Obezni-muz-scaled.jpg","contentUrl":"https:\/\/www.mzone.cz\/wp-content\/uploads\/2020\/12\/Obezni-muz-scaled.jpg","width":2560,"height":1706,"caption":"Obezn\u00ed mu\u017e"},{"@type":"BreadcrumbList","@id":"https:\/\/www.mzone.cz\/pandemie-nepreje-obeznim-cim-vyssi-bmi-tim-tezsi-boj-s-viry\/#breadcrumb","itemListElement":[{"@type":"ListItem","position":1,"name":"Dom\u016f","item":"https:\/\/www.mzone.cz\/"},{"@type":"ListItem","position":2,"name":"Pandemie nep\u0159eje ob\u00e9zn\u00edm! \u010c\u00edm vy\u0161\u0161\u00ed BMI, t\u00edm t\u011b\u017e\u0161\u00ed boj s viry"}]},{"@type":"WebSite","@id":"https:\/\/www.mzone.cz\/#website","url":"https:\/\/www.mzone.cz\/","name":"Mzone","description":"Magaz\u00edn nejen pro mu\u017ee","potentialAction":[{"@type":"SearchAction","target":{"@type":"EntryPoint","urlTemplate":"https:\/\/www.mzone.cz\/?s={search_term_string}"},"query-input":{"@type":"PropertyValueSpecification","valueRequired":true,"valueName":"search_term_string"}}],"inLanguage":"en-US"},{"@type":"Person","@id":"https:\/\/www.mzone.cz\/#\/schema\/person\/9bc20cc422a99cac4af6ff9297da32d4","name":"Mzone","image":{"@type":"ImageObject","inLanguage":"en-US","@id":"https:\/\/secure.gravatar.com\/avatar\/e780a8630f3182a3d06dd667ab6bea151a0d155b0951bc15fe22633acdac0676?s=96&d=mm&r=g","url":"https:\/\/secure.gravatar.com\/avatar\/e780a8630f3182a3d06dd667ab6bea151a0d155b0951bc15fe22633acdac0676?s=96&d=mm&r=g","contentUrl":"https:\/\/secure.gravatar.com\/avatar\/e780a8630f3182a3d06dd667ab6bea151a0d155b0951bc15fe22633acdac0676?s=96&d=mm&r=g","caption":"Mzone"},"url":"https:\/\/www.mzone.cz\/en\/author\/jakub\/"}]}},"_links":{"self":[{"href":"https:\/\/www.mzone.cz\/en\/wp-json\/wp\/v2\/posts\/26442","targetHints":{"allow":["GET"]}}],"collection":[{"href":"https:\/\/www.mzone.cz\/en\/wp-json\/wp\/v2\/posts"}],"about":[{"href":"https:\/\/www.mzone.cz\/en\/wp-json\/wp\/v2\/types\/post"}],"author":[{"embeddable":true,"href":"https:\/\/www.mzone.cz\/en\/wp-json\/wp\/v2\/users\/4"}],"replies":[{"embeddable":true,"href":"https:\/\/www.mzone.cz\/en\/wp-json\/wp\/v2\/comments?post=26442"}],"version-history":[{"count":13,"href":"https:\/\/www.mzone.cz\/en\/wp-json\/wp\/v2\/posts\/26442\/revisions"}],"predecessor-version":[{"id":26458,"href":"https:\/\/www.mzone.cz\/en\/wp-json\/wp\/v2\/posts\/26442\/revisions\/26458"}],"wp:featuredmedia":[{"embeddable":true,"href":"https:\/\/www.mzone.cz\/en\/wp-json\/wp\/v2\/media\/26444"}],"wp:attachment":[{"href":"https:\/\/www.mzone.cz\/en\/wp-json\/wp\/v2\/media?parent=26442"}],"wp:term":[{"taxonomy":"category","embeddable":true,"href":"https:\/\/www.mzone.cz\/en\/wp-json\/wp\/v2\/categories?post=26442"},{"taxonomy":"post_tag","embeddable":true,"href":"https:\/\/www.mzone.cz\/en\/wp-json\/wp\/v2\/tags?post=26442"}],"curies":[{"name":"wp","href":"https:\/\/api.w.org\/{rel}","templated":true}]}}