{"id":26543,"date":"2020-12-07T18:00:07","date_gmt":"2020-12-07T17:00:07","guid":{"rendered":"https:\/\/www.mzone.cz\/?p=26543"},"modified":"2020-12-07T10:14:17","modified_gmt":"2020-12-07T09:14:17","slug":"cesky-lev-se-prozene-rudolfinem-6-brezna","status":"publish","type":"post","link":"https:\/\/www.mzone.cz\/en\/cesky-lev-se-prozene-rudolfinem-6-brezna\/","title":{"rendered":"\u010cesk\u00fd lev se pro\u017eene Rudolfinem 6. b\u0159ezna"},"content":{"rendered":"<p><strong>V\u00fdro\u010dn\u00ed ceny \u010cesk\u00e9 filmov\u00e9 a televizn\u00ed akademie (\u010cFTA), kter\u00e9 symbolizuj\u00ed so\u0161ky \u010cesk\u00e9ho lva, zam\u00ed\u0159\u00ed po osmadvac\u00e1t\u00e9 do rukou filmov\u00fdch tv\u016frc\u016f v sobotu 6. b\u0159ezna 2021 ve Dvo\u0159\u00e1kov\u011b s\u00edni pra\u017esk\u00e9ho Rudolfina.<\/strong><\/p><br>\n\n\n\n<p>Slavnostn\u00ed ceremoni\u00e1l budou moci tradi\u010dn\u011b sledovat i div\u00e1ci \u010cesk\u00e9 televize v p\u0159\u00edm\u00e9m p\u0159enosu na programu \u010cT1 od 20.10 hodin. Moder\u00e1torem ve\u010dera bude ji\u017e pot\u0159et\u00ed herec V\u00e1clav Kopta. Ot\u011b\u017ee ve\u010dera bude m\u00edt pevn\u011b, le\u010d s dostate\u010dnou kreativn\u00ed volnost\u00ed, v rukou op\u011bt osv\u011bd\u010den\u00e9 trio: re\u017eijn\u00ed supervizor Marek Najbrt, re\u017eis\u00e9r slavnostn\u00edho ve\u010dera Michael \u010cech a sc\u00e9nograf Martin Chocholou\u0161ek.<\/p><br>\n\n\n\n<p>\u010cesk\u00fd lev vstupuje do sv\u00e9ho 28. ro\u010dn\u00edku s vizu\u00e1lem studia Formaat. Nominace pro ceny \u010cesk\u00e9 filmov\u00e9 a televizn\u00ed akademie za rok 2020 budou vyhl\u00e1\u0161eny 18. ledna 2021. Hlasov\u00e1n\u00ed akademik\u016f za\u010dalo v minul\u00e9m t\u00fddnu.<\/p>\n\n\n\n<blockquote class=\"wp-block-quote is-layout-flow wp-block-quote-is-layout-flow\"><p>V\u00fdro\u010dn\u00ed ceny \u010cesk\u00fd lev budou v nadch\u00e1zej\u00edc\u00edm ro\u010dn\u00edku ud\u011blov\u00e1ny celkem ve 21 kategori\u00edch. V b\u0159eznu p\u0159\u00ed\u0161t\u00edho roku si nov\u011b mohou b\u011bhem slavnostn\u00edho ceremoni\u00e1lu so\u0161ku \u010cesk\u00e9ho lva odn\u00e9st i tv\u016frci animovan\u00fdch a kr\u00e1tk\u00fdch film\u016f.<\/p><\/blockquote>\n\n\n\n<p>Doch\u00e1z\u00ed tak\u00e9 ke zm\u011bn\u00e1m v kategori\u00edch pro televizn\u00ed projekty. Tv\u016frci televizn\u00edch film\u016f, minis\u00e9ri\u00ed a seri\u00e1l\u016f mohou b\u00fdt nov\u011b ocen\u011bni i v kategori\u00edch nejlep\u0161\u00ed hereck\u00fd v\u00fdkon v hlavn\u00ed a vedlej\u0161\u00ed roli i dal\u0161\u00edch kategori\u00edch, jako nap\u0159. kamera nebo hudba. Ty byly do leto\u0161n\u00edho roku ur\u010den\u00e9 jen celove\u010dern\u00edm film\u016fm, p\u0159\u00edpadn\u011b dokument\u016fm. Ob\u011b televizn\u00ed kategorie se otev\u00edraj\u00ed i pro d\u00edla distribuovan\u00e1 prost\u0159ednictv\u00edm internetu.<\/p><br>\n\n\n\n<p>\u201eP\u0159esto\u017ee rok 2020 p\u0159inesl do na\u0161ich \u017eivot\u016f zcela ne\u010dekan\u00e9 zm\u011bny, \u010desk\u00e1 filmov\u00e1 produkce m\u00e1 co nab\u00eddnout,\u201d \u0159\u00edk\u00e1 v\u00fdkonn\u00e1 \u0159editelka \u010cFTA Tereza Rychnovsk\u00e1 a vysv\u011btluje d\u00e1le: \u201eP\u0159es 300 renomovan\u00fdch filmov\u00fdch profesion\u00e1l\u016f hodnot\u00ed p\u0159i 28. ro\u010dn\u00edku 22 hran\u00fdch celove\u010dern\u00edch film\u016f, 7 animovan\u00fdch a 18 kr\u00e1tk\u00fdch film\u016f. Z celkem 32 leto\u0161n\u00edch dokument\u00e1rn\u00edch film\u016f vybrala p\u0159edv\u00fdb\u011brov\u00e1 komise sestaven\u00e1 ze \u010dlen\u016f akademie 15 sn\u00edmk\u016f, ze kter\u00fdch nakonec vzhledem k situaci s uzav\u0159en\u00fdmi kiny spln\u00ed statut leto\u0161n\u00edho ro\u010dn\u00edku 14, o kter\u00fdch budou akademici v prvn\u00edm kole hlasovat. Akademici hlasuj\u00ed tak\u00e9 o deseti televizn\u00edch d\u00edlech.\u201d<\/p><br>\n\n\n\n<p>Patn\u00e1cti\u010dlenn\u00e9 prez\u00eddium <a href=\"https:\/\/www.filmovaakademie.cz\/\" target=\"_blank\" rel=\"noreferrer noopener\">\u010cFTA<\/a> pak oce\u0148uje ka\u017edoro\u010dn\u011b mimo\u0159\u00e1dn\u00fd p\u0159\u00ednos \u010desk\u00e9 kinematografii a m\u016f\u017ee ud\u011blit i cenu za mimo\u0159\u00e1dn\u00fd po\u010din v oblasti audiovize.<\/p>\n\n\n\n<blockquote class=\"wp-block-quote is-layout-flow wp-block-quote-is-layout-flow\"><p>Letos v b\u0159eznu si nejv\u00edce lv\u00edch so\u0161ek za rok 2019 odnesl sn\u00edmek V\u00e1clava Marhoula Nabarven\u00e9 pt\u00e1\u010de, kter\u00fd se probojoval do u\u017e\u0161\u00edho v\u00fdb\u011bru americk\u00e9 Akademie filmov\u00e9ho um\u011bn\u00ed a v\u011bd ud\u011bluj\u00edc\u00ed Oscary a nyn\u00ed je nominov\u00e1n na Evropsk\u00e9 filmov\u00e9 ceny v kategorii nejlep\u0161\u00ed film.<\/p><\/blockquote>\n\n\n\n<p>Pr\u016fb\u011bh slavnostn\u00edho ve\u010dera \u010cesk\u00fd lev 2020 z\u016fst\u00e1v\u00e1 prozat\u00edm zahalen tajemstv\u00edm. \u201eStejn\u011b jako v p\u0159edchoz\u00edch letech se bude n\u00e1\u0161 ve\u010der op\u00edrat p\u0159edev\u0161\u00edm o elegantn\u00ed v\u00fdkon spolehliv\u00e9ho moder\u00e1tora V\u00e1clava Kopty,\u201c prozrazuje supervizor \u010cesk\u00fdch lv\u016f Marek Najbrt a dod\u00e1v\u00e1: \u201eMinul\u00fd ro\u010dn\u00edk \u010cesk\u00fdch lv\u016f se uskute\u010dnil t\u011bsn\u011b p\u0159ed vypuknut\u00edm covidov\u00e9ho \u0161\u00edlenstv\u00ed u n\u00e1s i v Evrop\u011b. Proto bych si p\u0159\u00e1l, aby ten nadch\u00e1zej\u00edc\u00ed tuhle nesnadnou \u00e9ru symbolicky a slavnostn\u011b uzav\u0159el.\u201c<\/p><br>\n\n\n\n<figure class=\"wp-block-image size-large\"><img loading=\"lazy\" decoding=\"async\" width=\"1024\" height=\"681\" src=\"https:\/\/www.mzone.cz\/wp-content\/uploads\/2020\/12\/27_Cesky_lev_predavani_cen_004_c_PetraHajska-1024x681.jpg\" alt=\"\u010cesk\u00e9 lvy bude op\u011bt moderovat V\u00e1clav Kopta\" class=\"wp-image-26554\" srcset=\"https:\/\/www.mzone.cz\/wp-content\/uploads\/2020\/12\/27_Cesky_lev_predavani_cen_004_c_PetraHajska-1024x681.jpg 1024w, https:\/\/www.mzone.cz\/wp-content\/uploads\/2020\/12\/27_Cesky_lev_predavani_cen_004_c_PetraHajska-300x200.jpg 300w, https:\/\/www.mzone.cz\/wp-content\/uploads\/2020\/12\/27_Cesky_lev_predavani_cen_004_c_PetraHajska-768x511.jpg 768w, https:\/\/www.mzone.cz\/wp-content\/uploads\/2020\/12\/27_Cesky_lev_predavani_cen_004_c_PetraHajska-1536x1022.jpg 1536w, https:\/\/www.mzone.cz\/wp-content\/uploads\/2020\/12\/27_Cesky_lev_predavani_cen_004_c_PetraHajska-2048x1362.jpg 2048w, https:\/\/www.mzone.cz\/wp-content\/uploads\/2020\/12\/27_Cesky_lev_predavani_cen_004_c_PetraHajska-16x12.jpg 16w, https:\/\/www.mzone.cz\/wp-content\/uploads\/2020\/12\/27_Cesky_lev_predavani_cen_004_c_PetraHajska-800x533.jpg 800w, https:\/\/www.mzone.cz\/wp-content\/uploads\/2020\/12\/27_Cesky_lev_predavani_cen_004_c_PetraHajska-400x267.jpg 400w, https:\/\/www.mzone.cz\/wp-content\/uploads\/2020\/12\/27_Cesky_lev_predavani_cen_004_c_PetraHajska-500x333.jpg 500w, https:\/\/www.mzone.cz\/wp-content\/uploads\/2020\/12\/27_Cesky_lev_predavani_cen_004_c_PetraHajska-590x393.jpg 590w\" sizes=\"auto, (max-width: 1024px) 100vw, 1024px\" \/><\/figure><br>\n\n\n\n<p>V\u00e1clav Kopta bude moder\u00e1torem \u010cesk\u00fdch lv\u016f pot\u0159et\u00ed a svou roli komentuje s humorem sob\u011b vlastn\u00edm: \u201eKdy\u017e jsem \u010cesk\u00e9ho lva moderoval podruh\u00e9, sta\u010dilo zvolat: Dvakr\u00e1t do stejn\u00e9 \u0159eky nevstoup\u00ed\u0161! J\u00e1 to risknul a \u2013 neutonul jsem! V b\u0159eznu 2021 si tedy p\u016fjdu zaplavat pot\u0159et\u00ed a budu doufat, \u017ee se nenapln\u00ed ani heslo: T\u0159ikr\u00e1t a dost! T\u011b\u0161\u00edm se na v\u0161echny tv\u016frce i filmov\u00e9 p\u0159\u00edznivce\u2026 hlavn\u011b aby u\u017e byla otev\u0159en\u00e1 plov\u00e1rna!\u201c<\/p>\n\n\n\n<blockquote class=\"wp-block-quote is-layout-flow wp-block-quote-is-layout-flow\"><p>Za vizu\u00e1lem nadch\u00e1zej\u00edc\u00edho ro\u010dn\u00edku stoj\u00ed studio Formaat, kter\u00e9 poprv\u00e9 nevy\u017e\u00edv\u00e1 jako hlavn\u00ed motiv so\u0161ku \u010cesk\u00e9ho lva, ale v nov\u00e9m designu sv\u011b\u0159ilo hlavn\u00ed roli rovn\u011b\u017e V\u00e1clavu Koptovi. Pohled do pr\u00e1zdn\u00e9ho kina na vizu\u00e1lu nen\u00ed n\u00e1hodn\u00fd.<\/p><\/blockquote>\n\n\n\n<figure class=\"wp-block-image size-large\"><img loading=\"lazy\" decoding=\"async\" width=\"807\" height=\"1024\" src=\"https:\/\/www.mzone.cz\/wp-content\/uploads\/2020\/12\/28_Cesky_lev_VS_Formaat-807x1024.jpg\" alt=\"\u010cesk\u00fd lev\" class=\"wp-image-26557\" srcset=\"https:\/\/www.mzone.cz\/wp-content\/uploads\/2020\/12\/28_Cesky_lev_VS_Formaat-807x1024.jpg 807w, https:\/\/www.mzone.cz\/wp-content\/uploads\/2020\/12\/28_Cesky_lev_VS_Formaat-236x300.jpg 236w, https:\/\/www.mzone.cz\/wp-content\/uploads\/2020\/12\/28_Cesky_lev_VS_Formaat-768x975.jpg 768w, https:\/\/www.mzone.cz\/wp-content\/uploads\/2020\/12\/28_Cesky_lev_VS_Formaat-9x12.jpg 9w, https:\/\/www.mzone.cz\/wp-content\/uploads\/2020\/12\/28_Cesky_lev_VS_Formaat-787x999.jpg 787w, https:\/\/www.mzone.cz\/wp-content\/uploads\/2020\/12\/28_Cesky_lev_VS_Formaat-590x749.jpg 590w, https:\/\/www.mzone.cz\/wp-content\/uploads\/2020\/12\/28_Cesky_lev_VS_Formaat.jpg 1200w\" sizes=\"auto, (max-width: 807px) 100vw, 807px\" \/><\/figure><br>\n\n\n\n<p>Hlavn\u00edm medi\u00e1ln\u00edm partnerem \u010cesk\u00fdch lv\u016f je \u010cesk\u00e1 televize, kter\u00e1 je z\u00e1rove\u0148 v\u00fdznamn\u00fdm podporovatelem tuzemsk\u00e9 kinematografie. \u201eV lo\u0148sk\u00e9m roce m\u011blo premi\u00e9ru sedmat\u0159icet film\u016f, na nich\u017e se pod\u00edlela \u010cesk\u00e1 televize, a to v\u010detn\u011b sn\u00edmku <strong>Nabarven\u00e9 pt\u00e1\u010de<\/strong>, kter\u00fd s dev\u00edti cenami ovl\u00e1dl pr\u00e1v\u011b \u010cesk\u00e9 lvy a nyn\u00ed bude bojovat o Evropskou filmovou cenu. Letos se n\u00e1m, navzdory pandemii, poda\u0159ilo p\u0159edstavit div\u00e1k\u016fm sedmadvacet nov\u00fdch hran\u00fdch, dokument\u00e1rn\u00edch i animovan\u00fdch film\u016f, mezi nimi\u017e nechyb\u011bl historicky nej\u00fasp\u011b\u0161n\u011bj\u0161\u00ed \u010desk\u00fd dokument <strong>V s\u00edti<\/strong>, celove\u010dern\u00ed sn\u00edmek <strong>Havel<\/strong> nebo \u017eivotopisn\u00e9 drama <strong>\u0160arlat\u00e1n<\/strong>, kter\u00e9 je za \u010cesko vyslan\u00e9 do boje o Oscara,\u201c \u0159\u00edk\u00e1 gener\u00e1ln\u00ed \u0159editel \u010cesk\u00e9 televize Petr Dvo\u0159\u00e1k a dod\u00e1v\u00e1: \u201e\u010cesk\u00e1 televize je zkr\u00e1tka nejv\u00fdznamn\u011bj\u0161\u00edm partnerem tuzemsk\u00e9 filmov\u00e9 tvorby a v kl\u00ed\u010dov\u00e9 podpo\u0159e kinematografie nepolevujeme ani za sou\u010dasn\u00e9, nep\u0159\u00edzniv\u00e9 situace.\u201c<\/p><br>\n\n\n\n<div class=\"wp-block-media-text alignwide is-stacked-on-mobile is-vertically-aligned-top\" style=\"grid-template-columns:22% auto\"><figure class=\"wp-block-media-text__media\"><a href=\"https:\/\/www.mzone.cz\/sarlatan-vyrazi-do-boje-o-oscara\/\"><img loading=\"lazy\" decoding=\"async\" width=\"1024\" height=\"682\" src=\"https:\/\/www.mzone.cz\/wp-content\/uploads\/2020\/10\/Sarlatan-1024x682.jpg\" alt=\"\" class=\"wp-image-24877\" srcset=\"https:\/\/www.mzone.cz\/wp-content\/uploads\/2020\/10\/Sarlatan-1024x682.jpg 1024w, https:\/\/www.mzone.cz\/wp-content\/uploads\/2020\/10\/Sarlatan-300x200.jpg 300w, https:\/\/www.mzone.cz\/wp-content\/uploads\/2020\/10\/Sarlatan-768x512.jpg 768w, https:\/\/www.mzone.cz\/wp-content\/uploads\/2020\/10\/Sarlatan-16x12.jpg 16w, https:\/\/www.mzone.cz\/wp-content\/uploads\/2020\/10\/Sarlatan-800x533.jpg 800w, https:\/\/www.mzone.cz\/wp-content\/uploads\/2020\/10\/Sarlatan-400x267.jpg 400w, https:\/\/www.mzone.cz\/wp-content\/uploads\/2020\/10\/Sarlatan-500x333.jpg 500w, https:\/\/www.mzone.cz\/wp-content\/uploads\/2020\/10\/Sarlatan-590x393.jpg 590w, https:\/\/www.mzone.cz\/wp-content\/uploads\/2020\/10\/Sarlatan.jpg 1103w\" sizes=\"auto, (max-width: 1024px) 100vw, 1024px\" \/><\/a><\/figure><div class=\"wp-block-media-text__content\">\n<h4><a href=\"https:\/\/www.mzone.cz\/sarlatan-vyrazi-do-boje-o-oscara\/\">Do boje o Oscara vyraz\u00ed i \u010desk\u00fd film \u0160arlat\u00e1n<\/a><\/h4><br>\n<\/div><\/div>","protected":false},"excerpt":{"rendered":"<p>V\u00fdro\u010dn\u00ed ceny \u010cesk\u00e9 filmov\u00e9 a televizn\u00ed akademie (\u010cFTA), kter\u00e9 symbolizuj\u00ed so\u0161ky \u010cesk\u00e9ho lva, zam\u00ed\u0159\u00ed po osmadvac\u00e1t\u00e9 do rukou filmov\u00fdch tv\u016frc\u016f v sobotu 6. b\u0159ezna 2021 ve Dvo\u0159\u00e1kov\u011b s\u00edni pra\u017esk\u00e9ho Rudolfina. Slavnostn\u00ed ceremoni\u00e1l budou moci tradi\u010dn\u011b sledovat i div\u00e1ci \u010cesk\u00e9 televize v p\u0159\u00edm\u00e9m p\u0159enosu na programu \u010cT1 od 20.10 hodin. Moder\u00e1torem ve\u010dera bude ji\u017e pot\u0159et\u00ed herec [&hellip;]<\/p>\n","protected":false},"author":4,"featured_media":26544,"comment_status":"open","ping_status":"closed","sticky":false,"template":"","format":"standard","meta":{"kk_blocks_editor_width":"","_kiokenblocks_attr":"","_kiokenblocks_dimensions":"","footnotes":""},"categories":[73,71],"tags":[2256,1792,3027,541,314,31,1347,4459,4458,4457],"class_list":["post-26543","post","type-post","status-publish","format-standard","has-post-thumbnail","hentry","category-filmy","category-kultura","tag-ceny","tag-cesky-lev","tag-cfta","tag-film","tag-filmy","tag-kultura","tag-oceneni","tag-predani-cen","tag-rudolfinum","tag-slavnostni-vecer"],"yoast_head":"<!-- This site is optimized with the Yoast SEO plugin v27.5 - https:\/\/yoast.com\/product\/yoast-seo-wordpress\/ -->\n<title>\u010cesk\u00fd lev se pro\u017eene Rudolfinem 6. b\u0159ezna - Mzone<\/title>\n<meta name=\"description\" content=\"V\u00fdro\u010dn\u00ed ceny \u010cesk\u00fd lev zam\u00ed\u0159\u00ed po osmadvac\u00e1t\u00e9 do rukou filmov\u00fdch tv\u016frc\u016f v sobotu 6. b\u0159ezna 2021 ve Dvo\u0159\u00e1kov\u011b s\u00edni pra\u017esk\u00e9ho Rudolfina.\" \/>\n<meta name=\"robots\" content=\"index, follow, max-snippet:-1, max-image-preview:large, max-video-preview:-1\" \/>\n<link rel=\"canonical\" href=\"https:\/\/www.mzone.cz\/en\/cesky-lev-se-prozene-rudolfinem-6-brezna\/\" \/>\n<meta property=\"og:locale\" content=\"en_US\" \/>\n<meta property=\"og:type\" content=\"article\" \/>\n<meta property=\"og:title\" content=\"\u010cesk\u00fd lev se pro\u017eene Rudolfinem 6. b\u0159ezna - Mzone\" \/>\n<meta property=\"og:description\" content=\"V\u00fdro\u010dn\u00ed ceny \u010cesk\u00fd lev zam\u00ed\u0159\u00ed po osmadvac\u00e1t\u00e9 do rukou filmov\u00fdch tv\u016frc\u016f v sobotu 6. b\u0159ezna 2021 ve Dvo\u0159\u00e1kov\u011b s\u00edni pra\u017esk\u00e9ho Rudolfina.\" \/>\n<meta property=\"og:url\" content=\"https:\/\/www.mzone.cz\/en\/cesky-lev-se-prozene-rudolfinem-6-brezna\/\" \/>\n<meta property=\"og:site_name\" content=\"Mzone\" \/>\n<meta property=\"article:publisher\" content=\"https:\/\/www.facebook.com\/MzoneCZ\/\" \/>\n<meta property=\"article:published_time\" content=\"2020-12-07T17:00:07+00:00\" \/>\n<meta property=\"og:image\" content=\"https:\/\/www.mzone.cz\/wp-content\/uploads\/2020\/12\/Cesky-lev-scaled.jpg\" \/>\n\t<meta property=\"og:image:width\" content=\"2560\" \/>\n\t<meta property=\"og:image:height\" content=\"1707\" \/>\n\t<meta property=\"og:image:type\" content=\"image\/jpeg\" \/>\n<meta name=\"author\" content=\"Mzone\" \/>\n<meta name=\"twitter:card\" content=\"summary_large_image\" \/>\n<meta name=\"twitter:label1\" content=\"Written by\" \/>\n\t<meta name=\"twitter:data1\" content=\"Mzone\" \/>\n\t<meta name=\"twitter:label2\" content=\"Est. reading time\" \/>\n\t<meta name=\"twitter:data2\" content=\"5 minutes\" \/>\n<script type=\"application\/ld+json\" class=\"yoast-schema-graph\">{\"@context\":\"https:\\\/\\\/schema.org\",\"@graph\":[{\"@type\":\"Article\",\"@id\":\"https:\\\/\\\/www.mzone.cz\\\/cesky-lev-se-prozene-rudolfinem-6-brezna\\\/#article\",\"isPartOf\":{\"@id\":\"https:\\\/\\\/www.mzone.cz\\\/cesky-lev-se-prozene-rudolfinem-6-brezna\\\/\"},\"author\":{\"name\":\"Mzone\",\"@id\":\"https:\\\/\\\/www.mzone.cz\\\/#\\\/schema\\\/person\\\/9bc20cc422a99cac4af6ff9297da32d4\"},\"headline\":\"\u010cesk\u00fd lev se pro\u017eene Rudolfinem 6. b\u0159ezna\",\"datePublished\":\"2020-12-07T17:00:07+00:00\",\"mainEntityOfPage\":{\"@id\":\"https:\\\/\\\/www.mzone.cz\\\/cesky-lev-se-prozene-rudolfinem-6-brezna\\\/\"},\"wordCount\":926,\"commentCount\":0,\"image\":{\"@id\":\"https:\\\/\\\/www.mzone.cz\\\/cesky-lev-se-prozene-rudolfinem-6-brezna\\\/#primaryimage\"},\"thumbnailUrl\":\"https:\\\/\\\/www.mzone.cz\\\/wp-content\\\/uploads\\\/2020\\\/12\\\/Cesky-lev-scaled.jpg\",\"keywords\":[\"ceny\",\"\u010cesk\u00fd lev\",\"\u010cFTA\",\"film\",\"Filmy\",\"Kultura\",\"ocen\u011bn\u00ed\",\"p\u0159ed\u00e1n\u00ed cen\",\"Rudolfinum\",\"slavnostn\u00ed ve\u010der\"],\"articleSection\":[\"Filmy\",\"Kultura\"],\"inLanguage\":\"en-US\",\"potentialAction\":[{\"@type\":\"CommentAction\",\"name\":\"Comment\",\"target\":[\"https:\\\/\\\/www.mzone.cz\\\/cesky-lev-se-prozene-rudolfinem-6-brezna\\\/#respond\"]}]},{\"@type\":\"WebPage\",\"@id\":\"https:\\\/\\\/www.mzone.cz\\\/cesky-lev-se-prozene-rudolfinem-6-brezna\\\/\",\"url\":\"https:\\\/\\\/www.mzone.cz\\\/cesky-lev-se-prozene-rudolfinem-6-brezna\\\/\",\"name\":\"\u010cesk\u00fd lev se pro\u017eene Rudolfinem 6. b\u0159ezna - Mzone\",\"isPartOf\":{\"@id\":\"https:\\\/\\\/www.mzone.cz\\\/#website\"},\"primaryImageOfPage\":{\"@id\":\"https:\\\/\\\/www.mzone.cz\\\/cesky-lev-se-prozene-rudolfinem-6-brezna\\\/#primaryimage\"},\"image\":{\"@id\":\"https:\\\/\\\/www.mzone.cz\\\/cesky-lev-se-prozene-rudolfinem-6-brezna\\\/#primaryimage\"},\"thumbnailUrl\":\"https:\\\/\\\/www.mzone.cz\\\/wp-content\\\/uploads\\\/2020\\\/12\\\/Cesky-lev-scaled.jpg\",\"datePublished\":\"2020-12-07T17:00:07+00:00\",\"author\":{\"@id\":\"https:\\\/\\\/www.mzone.cz\\\/#\\\/schema\\\/person\\\/9bc20cc422a99cac4af6ff9297da32d4\"},\"description\":\"V\u00fdro\u010dn\u00ed ceny \u010cesk\u00fd lev zam\u00ed\u0159\u00ed po osmadvac\u00e1t\u00e9 do rukou filmov\u00fdch tv\u016frc\u016f v sobotu 6. b\u0159ezna 2021 ve Dvo\u0159\u00e1kov\u011b s\u00edni pra\u017esk\u00e9ho Rudolfina.\",\"breadcrumb\":{\"@id\":\"https:\\\/\\\/www.mzone.cz\\\/cesky-lev-se-prozene-rudolfinem-6-brezna\\\/#breadcrumb\"},\"inLanguage\":\"en-US\",\"potentialAction\":[{\"@type\":\"ReadAction\",\"target\":[\"https:\\\/\\\/www.mzone.cz\\\/cesky-lev-se-prozene-rudolfinem-6-brezna\\\/\"]}]},{\"@type\":\"ImageObject\",\"inLanguage\":\"en-US\",\"@id\":\"https:\\\/\\\/www.mzone.cz\\\/cesky-lev-se-prozene-rudolfinem-6-brezna\\\/#primaryimage\",\"url\":\"https:\\\/\\\/www.mzone.cz\\\/wp-content\\\/uploads\\\/2020\\\/12\\\/Cesky-lev-scaled.jpg\",\"contentUrl\":\"https:\\\/\\\/www.mzone.cz\\\/wp-content\\\/uploads\\\/2020\\\/12\\\/Cesky-lev-scaled.jpg\",\"width\":2560,\"height\":1707,\"caption\":\"\u010cesk\u00fd lev\"},{\"@type\":\"BreadcrumbList\",\"@id\":\"https:\\\/\\\/www.mzone.cz\\\/cesky-lev-se-prozene-rudolfinem-6-brezna\\\/#breadcrumb\",\"itemListElement\":[{\"@type\":\"ListItem\",\"position\":1,\"name\":\"Dom\u016f\",\"item\":\"https:\\\/\\\/www.mzone.cz\\\/\"},{\"@type\":\"ListItem\",\"position\":2,\"name\":\"\u010cesk\u00fd lev se pro\u017eene Rudolfinem 6. b\u0159ezna\"}]},{\"@type\":\"WebSite\",\"@id\":\"https:\\\/\\\/www.mzone.cz\\\/#website\",\"url\":\"https:\\\/\\\/www.mzone.cz\\\/\",\"name\":\"Mzone\",\"description\":\"Magaz\u00edn nejen pro mu\u017ee\",\"potentialAction\":[{\"@type\":\"SearchAction\",\"target\":{\"@type\":\"EntryPoint\",\"urlTemplate\":\"https:\\\/\\\/www.mzone.cz\\\/?s={search_term_string}\"},\"query-input\":{\"@type\":\"PropertyValueSpecification\",\"valueRequired\":true,\"valueName\":\"search_term_string\"}}],\"inLanguage\":\"en-US\"},{\"@type\":\"Person\",\"@id\":\"https:\\\/\\\/www.mzone.cz\\\/#\\\/schema\\\/person\\\/9bc20cc422a99cac4af6ff9297da32d4\",\"name\":\"Mzone\",\"image\":{\"@type\":\"ImageObject\",\"inLanguage\":\"en-US\",\"@id\":\"https:\\\/\\\/secure.gravatar.com\\\/avatar\\\/e780a8630f3182a3d06dd667ab6bea151a0d155b0951bc15fe22633acdac0676?s=96&d=mm&r=g\",\"url\":\"https:\\\/\\\/secure.gravatar.com\\\/avatar\\\/e780a8630f3182a3d06dd667ab6bea151a0d155b0951bc15fe22633acdac0676?s=96&d=mm&r=g\",\"contentUrl\":\"https:\\\/\\\/secure.gravatar.com\\\/avatar\\\/e780a8630f3182a3d06dd667ab6bea151a0d155b0951bc15fe22633acdac0676?s=96&d=mm&r=g\",\"caption\":\"Mzone\"},\"url\":\"https:\\\/\\\/www.mzone.cz\\\/en\\\/author\\\/jakub\\\/\"}]}<\/script>\n<!-- \/ Yoast SEO plugin. -->","yoast_head_json":{"title":"\u010cesk\u00fd lev se pro\u017eene Rudolfinem 6. b\u0159ezna - Mzone","description":"V\u00fdro\u010dn\u00ed ceny \u010cesk\u00fd lev zam\u00ed\u0159\u00ed po osmadvac\u00e1t\u00e9 do rukou filmov\u00fdch tv\u016frc\u016f v sobotu 6. b\u0159ezna 2021 ve Dvo\u0159\u00e1kov\u011b s\u00edni pra\u017esk\u00e9ho Rudolfina.","robots":{"index":"index","follow":"follow","max-snippet":"max-snippet:-1","max-image-preview":"max-image-preview:large","max-video-preview":"max-video-preview:-1"},"canonical":"https:\/\/www.mzone.cz\/en\/cesky-lev-se-prozene-rudolfinem-6-brezna\/","og_locale":"en_US","og_type":"article","og_title":"\u010cesk\u00fd lev se pro\u017eene Rudolfinem 6. b\u0159ezna - Mzone","og_description":"V\u00fdro\u010dn\u00ed ceny \u010cesk\u00fd lev zam\u00ed\u0159\u00ed po osmadvac\u00e1t\u00e9 do rukou filmov\u00fdch tv\u016frc\u016f v sobotu 6. b\u0159ezna 2021 ve Dvo\u0159\u00e1kov\u011b s\u00edni pra\u017esk\u00e9ho Rudolfina.","og_url":"https:\/\/www.mzone.cz\/en\/cesky-lev-se-prozene-rudolfinem-6-brezna\/","og_site_name":"Mzone","article_publisher":"https:\/\/www.facebook.com\/MzoneCZ\/","article_published_time":"2020-12-07T17:00:07+00:00","og_image":[{"width":2560,"height":1707,"url":"https:\/\/www.mzone.cz\/wp-content\/uploads\/2020\/12\/Cesky-lev-scaled.jpg","type":"image\/jpeg"}],"author":"Mzone","twitter_card":"summary_large_image","twitter_misc":{"Written by":"Mzone","Est. reading time":"5 minutes"},"schema":{"@context":"https:\/\/schema.org","@graph":[{"@type":"Article","@id":"https:\/\/www.mzone.cz\/cesky-lev-se-prozene-rudolfinem-6-brezna\/#article","isPartOf":{"@id":"https:\/\/www.mzone.cz\/cesky-lev-se-prozene-rudolfinem-6-brezna\/"},"author":{"name":"Mzone","@id":"https:\/\/www.mzone.cz\/#\/schema\/person\/9bc20cc422a99cac4af6ff9297da32d4"},"headline":"\u010cesk\u00fd lev se pro\u017eene Rudolfinem 6. b\u0159ezna","datePublished":"2020-12-07T17:00:07+00:00","mainEntityOfPage":{"@id":"https:\/\/www.mzone.cz\/cesky-lev-se-prozene-rudolfinem-6-brezna\/"},"wordCount":926,"commentCount":0,"image":{"@id":"https:\/\/www.mzone.cz\/cesky-lev-se-prozene-rudolfinem-6-brezna\/#primaryimage"},"thumbnailUrl":"https:\/\/www.mzone.cz\/wp-content\/uploads\/2020\/12\/Cesky-lev-scaled.jpg","keywords":["ceny","\u010cesk\u00fd lev","\u010cFTA","film","Filmy","Kultura","ocen\u011bn\u00ed","p\u0159ed\u00e1n\u00ed cen","Rudolfinum","slavnostn\u00ed ve\u010der"],"articleSection":["Filmy","Kultura"],"inLanguage":"en-US","potentialAction":[{"@type":"CommentAction","name":"Comment","target":["https:\/\/www.mzone.cz\/cesky-lev-se-prozene-rudolfinem-6-brezna\/#respond"]}]},{"@type":"WebPage","@id":"https:\/\/www.mzone.cz\/cesky-lev-se-prozene-rudolfinem-6-brezna\/","url":"https:\/\/www.mzone.cz\/cesky-lev-se-prozene-rudolfinem-6-brezna\/","name":"\u010cesk\u00fd lev se pro\u017eene Rudolfinem 6. b\u0159ezna - Mzone","isPartOf":{"@id":"https:\/\/www.mzone.cz\/#website"},"primaryImageOfPage":{"@id":"https:\/\/www.mzone.cz\/cesky-lev-se-prozene-rudolfinem-6-brezna\/#primaryimage"},"image":{"@id":"https:\/\/www.mzone.cz\/cesky-lev-se-prozene-rudolfinem-6-brezna\/#primaryimage"},"thumbnailUrl":"https:\/\/www.mzone.cz\/wp-content\/uploads\/2020\/12\/Cesky-lev-scaled.jpg","datePublished":"2020-12-07T17:00:07+00:00","author":{"@id":"https:\/\/www.mzone.cz\/#\/schema\/person\/9bc20cc422a99cac4af6ff9297da32d4"},"description":"V\u00fdro\u010dn\u00ed ceny \u010cesk\u00fd lev zam\u00ed\u0159\u00ed po osmadvac\u00e1t\u00e9 do rukou filmov\u00fdch tv\u016frc\u016f v sobotu 6. b\u0159ezna 2021 ve Dvo\u0159\u00e1kov\u011b s\u00edni pra\u017esk\u00e9ho Rudolfina.","breadcrumb":{"@id":"https:\/\/www.mzone.cz\/cesky-lev-se-prozene-rudolfinem-6-brezna\/#breadcrumb"},"inLanguage":"en-US","potentialAction":[{"@type":"ReadAction","target":["https:\/\/www.mzone.cz\/cesky-lev-se-prozene-rudolfinem-6-brezna\/"]}]},{"@type":"ImageObject","inLanguage":"en-US","@id":"https:\/\/www.mzone.cz\/cesky-lev-se-prozene-rudolfinem-6-brezna\/#primaryimage","url":"https:\/\/www.mzone.cz\/wp-content\/uploads\/2020\/12\/Cesky-lev-scaled.jpg","contentUrl":"https:\/\/www.mzone.cz\/wp-content\/uploads\/2020\/12\/Cesky-lev-scaled.jpg","width":2560,"height":1707,"caption":"\u010cesk\u00fd lev"},{"@type":"BreadcrumbList","@id":"https:\/\/www.mzone.cz\/cesky-lev-se-prozene-rudolfinem-6-brezna\/#breadcrumb","itemListElement":[{"@type":"ListItem","position":1,"name":"Dom\u016f","item":"https:\/\/www.mzone.cz\/"},{"@type":"ListItem","position":2,"name":"\u010cesk\u00fd lev se pro\u017eene Rudolfinem 6. b\u0159ezna"}]},{"@type":"WebSite","@id":"https:\/\/www.mzone.cz\/#website","url":"https:\/\/www.mzone.cz\/","name":"Mzone","description":"Magaz\u00edn nejen pro mu\u017ee","potentialAction":[{"@type":"SearchAction","target":{"@type":"EntryPoint","urlTemplate":"https:\/\/www.mzone.cz\/?s={search_term_string}"},"query-input":{"@type":"PropertyValueSpecification","valueRequired":true,"valueName":"search_term_string"}}],"inLanguage":"en-US"},{"@type":"Person","@id":"https:\/\/www.mzone.cz\/#\/schema\/person\/9bc20cc422a99cac4af6ff9297da32d4","name":"Mzone","image":{"@type":"ImageObject","inLanguage":"en-US","@id":"https:\/\/secure.gravatar.com\/avatar\/e780a8630f3182a3d06dd667ab6bea151a0d155b0951bc15fe22633acdac0676?s=96&d=mm&r=g","url":"https:\/\/secure.gravatar.com\/avatar\/e780a8630f3182a3d06dd667ab6bea151a0d155b0951bc15fe22633acdac0676?s=96&d=mm&r=g","contentUrl":"https:\/\/secure.gravatar.com\/avatar\/e780a8630f3182a3d06dd667ab6bea151a0d155b0951bc15fe22633acdac0676?s=96&d=mm&r=g","caption":"Mzone"},"url":"https:\/\/www.mzone.cz\/en\/author\/jakub\/"}]}},"_links":{"self":[{"href":"https:\/\/www.mzone.cz\/en\/wp-json\/wp\/v2\/posts\/26543","targetHints":{"allow":["GET"]}}],"collection":[{"href":"https:\/\/www.mzone.cz\/en\/wp-json\/wp\/v2\/posts"}],"about":[{"href":"https:\/\/www.mzone.cz\/en\/wp-json\/wp\/v2\/types\/post"}],"author":[{"embeddable":true,"href":"https:\/\/www.mzone.cz\/en\/wp-json\/wp\/v2\/users\/4"}],"replies":[{"embeddable":true,"href":"https:\/\/www.mzone.cz\/en\/wp-json\/wp\/v2\/comments?post=26543"}],"version-history":[{"count":13,"href":"https:\/\/www.mzone.cz\/en\/wp-json\/wp\/v2\/posts\/26543\/revisions"}],"predecessor-version":[{"id":26564,"href":"https:\/\/www.mzone.cz\/en\/wp-json\/wp\/v2\/posts\/26543\/revisions\/26564"}],"wp:featuredmedia":[{"embeddable":true,"href":"https:\/\/www.mzone.cz\/en\/wp-json\/wp\/v2\/media\/26544"}],"wp:attachment":[{"href":"https:\/\/www.mzone.cz\/en\/wp-json\/wp\/v2\/media?parent=26543"}],"wp:term":[{"taxonomy":"category","embeddable":true,"href":"https:\/\/www.mzone.cz\/en\/wp-json\/wp\/v2\/categories?post=26543"},{"taxonomy":"post_tag","embeddable":true,"href":"https:\/\/www.mzone.cz\/en\/wp-json\/wp\/v2\/tags?post=26543"}],"curies":[{"name":"wp","href":"https:\/\/api.w.org\/{rel}","templated":true}]}}