{"id":26690,"date":"2021-02-07T05:00:00","date_gmt":"2021-02-07T04:00:00","guid":{"rendered":"https:\/\/www.mzone.cz\/?p=26690"},"modified":"2020-12-10T22:56:16","modified_gmt":"2020-12-10T21:56:16","slug":"restart-kariery-po-padesatce-neni-se-ceho-bat","status":"publish","type":"post","link":"https:\/\/www.mzone.cz\/en\/restart-kariery-po-padesatce-neni-se-ceho-bat\/","title":{"rendered":"Restart kari\u00e9ry po pades\u00e1tce? Nen\u00ed se \u010deho b\u00e1t!"},"content":{"rendered":"<p><strong>Pandemie zp\u016fsoben\u00e1 Covidem-19 za sebou na mnoha m\u00edstech nechala, a st\u00e1le nech\u00e1v\u00e1, p\u011bknou spou\u0161\u0165. Zasa\u017een byl zejm\u00e9na pracovn\u00ed trh, kde se spousta zam\u011bstnanc\u016f v lep\u0161\u00edm p\u0159\u00edpad\u011b musela sm\u00ed\u0159it se sn\u00ed\u017een\u00fdm platem, v hor\u0161\u00edm p\u0159\u00edpad\u011b s trvalou ztr\u00e1tou zam\u011bstn\u00e1n\u00ed.<\/strong><\/p><br>\n\n\n\n<p>Negativn\u00ed dopady koronavirov\u00e9 krize poc\u00edtilo dle posledn\u00edch dostupn\u00fdch \u00fadaj\u016f \u010cesk\u00e9ho statistick\u00e9ho \u00fa\u0159adu za 2. \u010dtvrtlet\u00ed lo\u0148sk\u00e9ho roku a\u017e 43 % zam\u011bstnanc\u016f a a\u017e 60 % samostatn\u011b v\u00fdd\u011ble\u010dn\u011b \u010dinn\u00fdch osob, propu\u0161t\u011bn\u00fdch bylo a\u017e 31 tis\u00edc. \u0158ada lid\u00ed tak byla nucena, a vlivem dal\u0161\u00edch protikoronavirov\u00fdch opat\u0159en\u00ed pravd\u011bpodobn\u011b bude muset, hledat nov\u00e9 zam\u011bstn\u00e1n\u00ed. Dost mo\u017en\u00e1 i v jin\u00e9m oboru.<\/p><br>\n\n\n\n<h2 class=\"wp-block-heading\">Krize si nevyb\u00edr\u00e1<\/h2>\n\n\n\n<p>V\u011bk pro odchod do d\u016fchodu se neust\u00e1le posouv\u00e1 a \u017eivou ot\u00e1zkou za\u010d\u00edn\u00e1 b\u00fdt zam\u011bstn\u00e1n\u00ed po pades\u00e1t\u00e9m roku. Na trhu pr\u00e1ce tvo\u0159\u00ed tito uchaze\u010di o zam\u011bstn\u00e1n\u00ed pom\u011brn\u011b zaj\u00edmavou a diskutovanou skupinu. Maj\u00ed \u0159adu zku\u0161enost\u00ed, b\u00fdvaj\u00ed zodpov\u011bdn\u00ed a zam\u011bstnavateli loaj\u00e1ln\u00ed, pokud hledaj\u00ed nov\u00e9 zam\u011bstn\u00e1n\u00ed, tak ide\u00e1ln\u011b na dlouhou dobu, a to t\u0159eba a\u017e do d\u016fchodu, i to m\u016f\u017ee zam\u011bstnavatel\u016fm p\u0159in\u00e9st \u0159adu v\u00fdhod. Z\u00e1rove\u0148 v\u0161ak bojuj\u00ed s p\u0159edsudky, \u017ee u\u017e nemaj\u00ed co nab\u00eddnout, nebo \u017ee pracuj\u00ed pomalej\u0161\u00edm tempem.<\/p><br>\n\n\n\n<figure class=\"wp-block-image size-large\"><img loading=\"lazy\" decoding=\"async\" width=\"1024\" height=\"682\" src=\"https:\/\/www.mzone.cz\/wp-content\/uploads\/2020\/12\/pexels-andrea-piacquadio-834863-1024x682.jpg\" alt=\"Ani po pades\u00e1tce nejste v zam\u011bstn\u00e1n\u00ed odepsan\u00ed\" class=\"wp-image-26698\" srcset=\"https:\/\/www.mzone.cz\/wp-content\/uploads\/2020\/12\/pexels-andrea-piacquadio-834863-1024x682.jpg 1024w, https:\/\/www.mzone.cz\/wp-content\/uploads\/2020\/12\/pexels-andrea-piacquadio-834863-300x200.jpg 300w, https:\/\/www.mzone.cz\/wp-content\/uploads\/2020\/12\/pexels-andrea-piacquadio-834863-768x512.jpg 768w, https:\/\/www.mzone.cz\/wp-content\/uploads\/2020\/12\/pexels-andrea-piacquadio-834863-16x12.jpg 16w, https:\/\/www.mzone.cz\/wp-content\/uploads\/2020\/12\/pexels-andrea-piacquadio-834863-800x533.jpg 800w, https:\/\/www.mzone.cz\/wp-content\/uploads\/2020\/12\/pexels-andrea-piacquadio-834863-400x267.jpg 400w, https:\/\/www.mzone.cz\/wp-content\/uploads\/2020\/12\/pexels-andrea-piacquadio-834863-500x333.jpg 500w, https:\/\/www.mzone.cz\/wp-content\/uploads\/2020\/12\/pexels-andrea-piacquadio-834863-1170x780.jpg 1170w, https:\/\/www.mzone.cz\/wp-content\/uploads\/2020\/12\/pexels-andrea-piacquadio-834863-590x393.jpg 590w, https:\/\/www.mzone.cz\/wp-content\/uploads\/2020\/12\/pexels-andrea-piacquadio-834863.jpg 1253w\" sizes=\"auto, (max-width: 1024px) 100vw, 1024px\" \/><\/figure><br>\n\n\n\n<p>Nav\u00edc v aktu\u00e1ln\u00edch podm\u00ednk\u00e1ch \u010dasto p\u0159ich\u00e1zej\u00ed o z\u00e1sadn\u00ed v\u00fdhodu, b\u00fdt odborn\u00edkem ve sv\u00e9m oboru, pokud je pr\u00e1v\u011b ten zasa\u017een kriz\u00ed. V tak\u00e9m p\u0159\u00edpad\u011b nezb\u00fdv\u00e1 ne\u017e si roz\u0161\u00ed\u0159it obzory. \u201eZm\u011bna kari\u00e9ry je ale s p\u0159ib\u00fdvaj\u00edc\u00edm v\u011bkem slo\u017eit\u011bj\u0161\u00ed, proto\u017ee je t\u011b\u017ek\u00e9 po letech budov\u00e1n\u00ed jin\u00e9 kari\u00e9ry za\u010d\u00ednat zase \u00fapln\u011b od znovu. Pokud je v\u0161ak \u010dlov\u011bk sm\u00ed\u0159en\u00fd s t\u00edm, \u017ee dost \u010dasto m\u016f\u017ee j\u00edt na za\u010d\u00e1tku s platem dol\u016f (v z\u00e1vislosti na tom, kde pracoval p\u0159edt\u00edm), bude pracovat \u00fapln\u011b naplno, ve voln\u00e9m \u010dase studovat, aby se zlep\u0161oval a bav\u00ed ho pr\u00e1ce v dynamick\u00e9m prost\u0159ed\u00ed, tak v\u011bk nen\u00ed p\u0159ek\u00e1\u017ekou,\u201c m\u00edn\u00ed Jana Ve\u010derkov\u00e1, zakladatelka bootcampu <a href=\"https:\/\/www.codingbootcamp.cz\/\" target=\"_blank\" rel=\"noreferrer noopener\">Coding Bootcapm Praha<\/a>, kter\u00fdm pro\u0161lo u\u017e v\u00edce n\u011b\u017e 200 nov\u00fdch program\u00e1tor\u016f.<\/p><br>\n\n\n\n<p>Pr\u00e1v\u011b obor IT je koronakriz\u00ed posti\u017een nejm\u00e9n\u011b a nen\u00ed divu, \u017ee \u0159ada nezam\u011bstnan\u00fdch hled\u00e1 restart sv\u00e9 kari\u00e9ry pr\u00e1v\u011b v n\u011bm. \u201eMimo nad\u0161ence o programov\u00e1n\u00ed je nyn\u00ed i v\u011bt\u0161\u00ed z\u00e1jem o kurzy od dvou skupin. Prvn\u00ed jsou \u00fapln\u00ed za\u010d\u00e1te\u010dn\u00edci, kte\u0159\u00ed vn\u00edmaj\u00ed nedostatek IT dovednost\u00ed jako p\u0159ek\u00e1\u017eku pro jejich budouc\u00ed kari\u00e9ru. Druh\u00e1 skupina jsou zam\u011bstnanci \u010di freelance\u0159i pracuj\u00edc\u00ed v oborech, o kter\u00fdch se mluv\u00ed jako o nejv\u00edce zasa\u017een\u00fdch Covid-19 kriz\u00ed, nap\u0159\u00edklad turismus \u010di oborech, kter\u00fdm Covid-19 usp\u00ed\u0161il i tak bl\u00ed\u017e\u00edc\u00ed se sn\u00ed\u017eenou popt\u00e1vku jako je automotive,\u201c potvrzuje Jana Ve\u010derkov\u00e1.<\/p><br>\n\n\n\n<p>Z\u00e1rove\u0148 i upozor\u0148uje na fakt, \u017ee d\u016fle\u017eit\u00e1 je chu\u0165 a odhodl\u00e1n\u00ed se nov\u00fdm podm\u00ednk\u00e1m p\u0159izp\u016fsobit. Nelze o\u010dek\u00e1vat, \u017ee nov\u00e1 pr\u00e1ce a technologick\u00e9 prost\u0159ed\u00ed se bude p\u0159izp\u016fsobovat \u010dlov\u011bku, s\u00e1m mus\u00ed cht\u00edt zapadnout a uk\u00e1zat, \u017ee je pro danou pr\u00e1ci vhodn\u00fd.<\/p>\n\n\n\n<blockquote class=\"wp-block-quote is-layout-flow wp-block-quote-is-layout-flow\"><p>\u201eStar\u0161\u00edm \u00fa\u010dastn\u00edk\u016fm doporu\u010dujeme, aby p\u0159i pohovorech prok\u00e1zali i sv\u00e9 dal\u0161\u00ed dovednosti, kter\u00e9 si za roky pr\u00e1ce v jin\u00fdch oblastech vybudovali \u2013 organiza\u010dn\u00ed a komunika\u010dn\u00ed dovednosti, znalosti pr\u00e1ce s klienty, produktov\u00fd management a podobn\u011b,\u201c \u0159\u00edk\u00e1 Ve\u010derkov\u00e1.<\/p><\/blockquote>\n\n\n\n<p>Jednodu\u0161e, neberte vy\u0161\u0161\u00ed v\u011bk jako nev\u00fdhodu, argumentujte sv\u00fdmi zku\u0161enostmi. Za\u010dn\u011bte u\u017e u sv\u00e9ho CV. Nap\u0159\u00edklad sv\u016fj v\u011bk u\u017e d\u00e1vno nemus\u00edte uv\u00e1d\u011bt, a personalist\u016fv zrak tak m\u016f\u017eete p\u0159esunout v\u00edce k pracovn\u00edm zku\u0161enostem ne\u017e k n\u011b\u010demu jin\u00e9mu. Tak hodn\u011b \u0161t\u011bst\u00ed!<\/p><br>\n\n\n\n<div class=\"wp-block-media-text alignwide is-stacked-on-mobile is-vertically-aligned-top\" style=\"grid-template-columns:23% auto\"><figure class=\"wp-block-media-text__media\"><a href=\"https:\/\/www.mzone.cz\/kariera-po-pandemii-5-tipu\/\"><img loading=\"lazy\" decoding=\"async\" width=\"1024\" height=\"683\" src=\"https:\/\/www.mzone.cz\/wp-content\/uploads\/2020\/08\/Kariera-nakopnuti-1024x683.jpg\" alt=\"\" class=\"wp-image-23598 size-full\" srcset=\"https:\/\/www.mzone.cz\/wp-content\/uploads\/2020\/08\/Kariera-nakopnuti-1024x683.jpg 1024w, https:\/\/www.mzone.cz\/wp-content\/uploads\/2020\/08\/Kariera-nakopnuti-300x200.jpg 300w, https:\/\/www.mzone.cz\/wp-content\/uploads\/2020\/08\/Kariera-nakopnuti-768x512.jpg 768w, https:\/\/www.mzone.cz\/wp-content\/uploads\/2020\/08\/Kariera-nakopnuti-1536x1024.jpg 1536w, https:\/\/www.mzone.cz\/wp-content\/uploads\/2020\/08\/Kariera-nakopnuti-800x533.jpg 800w, https:\/\/www.mzone.cz\/wp-content\/uploads\/2020\/08\/Kariera-nakopnuti-400x267.jpg 400w, https:\/\/www.mzone.cz\/wp-content\/uploads\/2020\/08\/Kariera-nakopnuti-500x333.jpg 500w, https:\/\/www.mzone.cz\/wp-content\/uploads\/2020\/08\/Kariera-nakopnuti-1170x780.jpg 1170w, https:\/\/www.mzone.cz\/wp-content\/uploads\/2020\/08\/Kariera-nakopnuti-590x393.jpg 590w, https:\/\/www.mzone.cz\/wp-content\/uploads\/2020\/08\/Kariera-nakopnuti.jpg 1780w\" sizes=\"auto, (max-width: 1024px) 100vw, 1024px\" \/><\/a><\/figure><div class=\"wp-block-media-text__content\">\n<h4><a href=\"https:\/\/www.mzone.cz\/kariera-po-pandemii-5-tipu\/\">5 tip\u016f, jak po pandemii nakopnout kari\u00e9ru<\/a><\/h4><br>\n<\/div><\/div>","protected":false},"excerpt":{"rendered":"<p>Pandemie zp\u016fsoben\u00e1 Covidem-19 za sebou na mnoha m\u00edstech nechala, a st\u00e1le nech\u00e1v\u00e1, p\u011bknou spou\u0161\u0165. Zasa\u017een byl zejm\u00e9na pracovn\u00ed trh, kde se spousta zam\u011bstnanc\u016f v lep\u0161\u00edm p\u0159\u00edpad\u011b musela sm\u00ed\u0159it se sn\u00ed\u017een\u00fdm platem, v hor\u0161\u00edm p\u0159\u00edpad\u011b s trvalou ztr\u00e1tou zam\u011bstn\u00e1n\u00ed. Negativn\u00ed dopady koronavirov\u00e9 krize poc\u00edtilo dle posledn\u00edch dostupn\u00fdch \u00fadaj\u016f \u010cesk\u00e9ho statistick\u00e9ho \u00fa\u0159adu za 2. \u010dtvrtlet\u00ed lo\u0148sk\u00e9ho roku [&hellip;]<\/p>\n","protected":false},"author":4,"featured_media":26696,"comment_status":"open","ping_status":"closed","sticky":false,"template":"","format":"standard","meta":{"kk_blocks_editor_width":"","_kiokenblocks_attr":"","_kiokenblocks_dimensions":"","footnotes":""},"categories":[29,25],"tags":[1261,2117,1809,17,720,1610,490,1372,1332,2091],"class_list":["post-26690","post","type-post","status-publish","format-standard","has-post-thumbnail","hentry","category-lifestyle","category-style","tag-duchod","tag-it","tag-kariera","tag-lifestyle","tag-prace","tag-profese","tag-style","tag-vek","tag-zamestnani","tag-zmena"],"yoast_head":"<!-- This site is optimized with the Yoast SEO plugin v27.5 - https:\/\/yoast.com\/product\/yoast-seo-wordpress\/ -->\n<title>Restart kari\u00e9ry po pades\u00e1tce? Nen\u00ed se \u010deho b\u00e1t! - Mzone<\/title>\n<meta name=\"description\" content=\"V\u011bk pro odchod do d\u016fchodu se neust\u00e1le posouv\u00e1 a ot\u00e1zkou za\u010d\u00edn\u00e1 b\u00fdt zam\u011bstn\u00e1n\u00ed po pades\u00e1t\u00e9m roku. Na trhu pr\u00e1ce tvo\u0159\u00ed tito uchaze\u010di o zam\u011bstn\u00e1n\u00ed zaj\u00edmavou a diskutovanou skupinu.\" \/>\n<meta name=\"robots\" content=\"index, follow, max-snippet:-1, max-image-preview:large, max-video-preview:-1\" \/>\n<link rel=\"canonical\" href=\"https:\/\/www.mzone.cz\/en\/restart-kariery-po-padesatce-neni-se-ceho-bat\/\" \/>\n<meta property=\"og:locale\" content=\"en_US\" \/>\n<meta property=\"og:type\" content=\"article\" \/>\n<meta property=\"og:title\" content=\"Restart kari\u00e9ry po pades\u00e1tce? Nen\u00ed se \u010deho b\u00e1t! - Mzone\" \/>\n<meta property=\"og:description\" content=\"V\u011bk pro odchod do d\u016fchodu se neust\u00e1le posouv\u00e1 a ot\u00e1zkou za\u010d\u00edn\u00e1 b\u00fdt zam\u011bstn\u00e1n\u00ed po pades\u00e1t\u00e9m roku. Na trhu pr\u00e1ce tvo\u0159\u00ed tito uchaze\u010di o zam\u011bstn\u00e1n\u00ed zaj\u00edmavou a diskutovanou skupinu.\" \/>\n<meta property=\"og:url\" content=\"https:\/\/www.mzone.cz\/en\/restart-kariery-po-padesatce-neni-se-ceho-bat\/\" \/>\n<meta property=\"og:site_name\" content=\"Mzone\" \/>\n<meta property=\"article:publisher\" content=\"https:\/\/www.facebook.com\/MzoneCZ\/\" \/>\n<meta property=\"article:published_time\" content=\"2021-02-07T04:00:00+00:00\" \/>\n<meta property=\"og:image\" content=\"https:\/\/www.mzone.cz\/wp-content\/uploads\/2021\/02\/Starsi-muz-v-zamestnani.jpg\" \/>\n\t<meta property=\"og:image:width\" content=\"1837\" \/>\n\t<meta property=\"og:image:height\" content=\"1224\" \/>\n\t<meta property=\"og:image:type\" content=\"image\/jpeg\" \/>\n<meta name=\"author\" content=\"Mzone\" \/>\n<meta name=\"twitter:card\" content=\"summary_large_image\" \/>\n<meta name=\"twitter:label1\" content=\"Written by\" \/>\n\t<meta name=\"twitter:data1\" content=\"Mzone\" \/>\n\t<meta name=\"twitter:label2\" content=\"Est. reading time\" \/>\n\t<meta name=\"twitter:data2\" content=\"4 minutes\" \/>\n<script type=\"application\/ld+json\" class=\"yoast-schema-graph\">{\"@context\":\"https:\\\/\\\/schema.org\",\"@graph\":[{\"@type\":\"Article\",\"@id\":\"https:\\\/\\\/www.mzone.cz\\\/restart-kariery-po-padesatce-neni-se-ceho-bat\\\/#article\",\"isPartOf\":{\"@id\":\"https:\\\/\\\/www.mzone.cz\\\/restart-kariery-po-padesatce-neni-se-ceho-bat\\\/\"},\"author\":{\"name\":\"Mzone\",\"@id\":\"https:\\\/\\\/www.mzone.cz\\\/#\\\/schema\\\/person\\\/9bc20cc422a99cac4af6ff9297da32d4\"},\"headline\":\"Restart kari\u00e9ry po pades\u00e1tce? Nen\u00ed se \u010deho b\u00e1t!\",\"datePublished\":\"2021-02-07T04:00:00+00:00\",\"mainEntityOfPage\":{\"@id\":\"https:\\\/\\\/www.mzone.cz\\\/restart-kariery-po-padesatce-neni-se-ceho-bat\\\/\"},\"wordCount\":719,\"commentCount\":0,\"image\":{\"@id\":\"https:\\\/\\\/www.mzone.cz\\\/restart-kariery-po-padesatce-neni-se-ceho-bat\\\/#primaryimage\"},\"thumbnailUrl\":\"https:\\\/\\\/www.mzone.cz\\\/wp-content\\\/uploads\\\/2021\\\/02\\\/Starsi-muz-v-zamestnani.jpg\",\"keywords\":[\"d\u016fchod\",\"IT\",\"kari\u00e9ra\",\"Lifestyle\",\"pr\u00e1ce\",\"profese\",\"style\",\"v\u011bk\",\"zam\u011bstn\u00e1n\u00ed\",\"zm\u011bna\"],\"articleSection\":[\"Lifestyle\",\"Style\"],\"inLanguage\":\"en-US\",\"potentialAction\":[{\"@type\":\"CommentAction\",\"name\":\"Comment\",\"target\":[\"https:\\\/\\\/www.mzone.cz\\\/restart-kariery-po-padesatce-neni-se-ceho-bat\\\/#respond\"]}]},{\"@type\":\"WebPage\",\"@id\":\"https:\\\/\\\/www.mzone.cz\\\/restart-kariery-po-padesatce-neni-se-ceho-bat\\\/\",\"url\":\"https:\\\/\\\/www.mzone.cz\\\/restart-kariery-po-padesatce-neni-se-ceho-bat\\\/\",\"name\":\"Restart kari\u00e9ry po pades\u00e1tce? Nen\u00ed se \u010deho b\u00e1t! - Mzone\",\"isPartOf\":{\"@id\":\"https:\\\/\\\/www.mzone.cz\\\/#website\"},\"primaryImageOfPage\":{\"@id\":\"https:\\\/\\\/www.mzone.cz\\\/restart-kariery-po-padesatce-neni-se-ceho-bat\\\/#primaryimage\"},\"image\":{\"@id\":\"https:\\\/\\\/www.mzone.cz\\\/restart-kariery-po-padesatce-neni-se-ceho-bat\\\/#primaryimage\"},\"thumbnailUrl\":\"https:\\\/\\\/www.mzone.cz\\\/wp-content\\\/uploads\\\/2021\\\/02\\\/Starsi-muz-v-zamestnani.jpg\",\"datePublished\":\"2021-02-07T04:00:00+00:00\",\"author\":{\"@id\":\"https:\\\/\\\/www.mzone.cz\\\/#\\\/schema\\\/person\\\/9bc20cc422a99cac4af6ff9297da32d4\"},\"description\":\"V\u011bk pro odchod do d\u016fchodu se neust\u00e1le posouv\u00e1 a ot\u00e1zkou za\u010d\u00edn\u00e1 b\u00fdt zam\u011bstn\u00e1n\u00ed po pades\u00e1t\u00e9m roku. Na trhu pr\u00e1ce tvo\u0159\u00ed tito uchaze\u010di o zam\u011bstn\u00e1n\u00ed zaj\u00edmavou a diskutovanou skupinu.\",\"breadcrumb\":{\"@id\":\"https:\\\/\\\/www.mzone.cz\\\/restart-kariery-po-padesatce-neni-se-ceho-bat\\\/#breadcrumb\"},\"inLanguage\":\"en-US\",\"potentialAction\":[{\"@type\":\"ReadAction\",\"target\":[\"https:\\\/\\\/www.mzone.cz\\\/restart-kariery-po-padesatce-neni-se-ceho-bat\\\/\"]}]},{\"@type\":\"ImageObject\",\"inLanguage\":\"en-US\",\"@id\":\"https:\\\/\\\/www.mzone.cz\\\/restart-kariery-po-padesatce-neni-se-ceho-bat\\\/#primaryimage\",\"url\":\"https:\\\/\\\/www.mzone.cz\\\/wp-content\\\/uploads\\\/2021\\\/02\\\/Starsi-muz-v-zamestnani.jpg\",\"contentUrl\":\"https:\\\/\\\/www.mzone.cz\\\/wp-content\\\/uploads\\\/2021\\\/02\\\/Starsi-muz-v-zamestnani.jpg\",\"width\":1837,\"height\":1224,\"caption\":\"Star\u0161\u00ed mu\u017e v zam\u011bstn\u00e1n\u00ed\"},{\"@type\":\"BreadcrumbList\",\"@id\":\"https:\\\/\\\/www.mzone.cz\\\/restart-kariery-po-padesatce-neni-se-ceho-bat\\\/#breadcrumb\",\"itemListElement\":[{\"@type\":\"ListItem\",\"position\":1,\"name\":\"Dom\u016f\",\"item\":\"https:\\\/\\\/www.mzone.cz\\\/\"},{\"@type\":\"ListItem\",\"position\":2,\"name\":\"Restart kari\u00e9ry po pades\u00e1tce? Nen\u00ed se \u010deho b\u00e1t!\"}]},{\"@type\":\"WebSite\",\"@id\":\"https:\\\/\\\/www.mzone.cz\\\/#website\",\"url\":\"https:\\\/\\\/www.mzone.cz\\\/\",\"name\":\"Mzone\",\"description\":\"Magaz\u00edn nejen pro mu\u017ee\",\"potentialAction\":[{\"@type\":\"SearchAction\",\"target\":{\"@type\":\"EntryPoint\",\"urlTemplate\":\"https:\\\/\\\/www.mzone.cz\\\/?s={search_term_string}\"},\"query-input\":{\"@type\":\"PropertyValueSpecification\",\"valueRequired\":true,\"valueName\":\"search_term_string\"}}],\"inLanguage\":\"en-US\"},{\"@type\":\"Person\",\"@id\":\"https:\\\/\\\/www.mzone.cz\\\/#\\\/schema\\\/person\\\/9bc20cc422a99cac4af6ff9297da32d4\",\"name\":\"Mzone\",\"image\":{\"@type\":\"ImageObject\",\"inLanguage\":\"en-US\",\"@id\":\"https:\\\/\\\/secure.gravatar.com\\\/avatar\\\/e780a8630f3182a3d06dd667ab6bea151a0d155b0951bc15fe22633acdac0676?s=96&d=mm&r=g\",\"url\":\"https:\\\/\\\/secure.gravatar.com\\\/avatar\\\/e780a8630f3182a3d06dd667ab6bea151a0d155b0951bc15fe22633acdac0676?s=96&d=mm&r=g\",\"contentUrl\":\"https:\\\/\\\/secure.gravatar.com\\\/avatar\\\/e780a8630f3182a3d06dd667ab6bea151a0d155b0951bc15fe22633acdac0676?s=96&d=mm&r=g\",\"caption\":\"Mzone\"},\"url\":\"https:\\\/\\\/www.mzone.cz\\\/en\\\/author\\\/jakub\\\/\"}]}<\/script>\n<!-- \/ Yoast SEO plugin. -->","yoast_head_json":{"title":"Restart kari\u00e9ry po pades\u00e1tce? Nen\u00ed se \u010deho b\u00e1t! - Mzone","description":"V\u011bk pro odchod do d\u016fchodu se neust\u00e1le posouv\u00e1 a ot\u00e1zkou za\u010d\u00edn\u00e1 b\u00fdt zam\u011bstn\u00e1n\u00ed po pades\u00e1t\u00e9m roku. Na trhu pr\u00e1ce tvo\u0159\u00ed tito uchaze\u010di o zam\u011bstn\u00e1n\u00ed zaj\u00edmavou a diskutovanou skupinu.","robots":{"index":"index","follow":"follow","max-snippet":"max-snippet:-1","max-image-preview":"max-image-preview:large","max-video-preview":"max-video-preview:-1"},"canonical":"https:\/\/www.mzone.cz\/en\/restart-kariery-po-padesatce-neni-se-ceho-bat\/","og_locale":"en_US","og_type":"article","og_title":"Restart kari\u00e9ry po pades\u00e1tce? Nen\u00ed se \u010deho b\u00e1t! - Mzone","og_description":"V\u011bk pro odchod do d\u016fchodu se neust\u00e1le posouv\u00e1 a ot\u00e1zkou za\u010d\u00edn\u00e1 b\u00fdt zam\u011bstn\u00e1n\u00ed po pades\u00e1t\u00e9m roku. Na trhu pr\u00e1ce tvo\u0159\u00ed tito uchaze\u010di o zam\u011bstn\u00e1n\u00ed zaj\u00edmavou a diskutovanou skupinu.","og_url":"https:\/\/www.mzone.cz\/en\/restart-kariery-po-padesatce-neni-se-ceho-bat\/","og_site_name":"Mzone","article_publisher":"https:\/\/www.facebook.com\/MzoneCZ\/","article_published_time":"2021-02-07T04:00:00+00:00","og_image":[{"width":1837,"height":1224,"url":"https:\/\/www.mzone.cz\/wp-content\/uploads\/2021\/02\/Starsi-muz-v-zamestnani.jpg","type":"image\/jpeg"}],"author":"Mzone","twitter_card":"summary_large_image","twitter_misc":{"Written by":"Mzone","Est. reading time":"4 minutes"},"schema":{"@context":"https:\/\/schema.org","@graph":[{"@type":"Article","@id":"https:\/\/www.mzone.cz\/restart-kariery-po-padesatce-neni-se-ceho-bat\/#article","isPartOf":{"@id":"https:\/\/www.mzone.cz\/restart-kariery-po-padesatce-neni-se-ceho-bat\/"},"author":{"name":"Mzone","@id":"https:\/\/www.mzone.cz\/#\/schema\/person\/9bc20cc422a99cac4af6ff9297da32d4"},"headline":"Restart kari\u00e9ry po pades\u00e1tce? Nen\u00ed se \u010deho b\u00e1t!","datePublished":"2021-02-07T04:00:00+00:00","mainEntityOfPage":{"@id":"https:\/\/www.mzone.cz\/restart-kariery-po-padesatce-neni-se-ceho-bat\/"},"wordCount":719,"commentCount":0,"image":{"@id":"https:\/\/www.mzone.cz\/restart-kariery-po-padesatce-neni-se-ceho-bat\/#primaryimage"},"thumbnailUrl":"https:\/\/www.mzone.cz\/wp-content\/uploads\/2021\/02\/Starsi-muz-v-zamestnani.jpg","keywords":["d\u016fchod","IT","kari\u00e9ra","Lifestyle","pr\u00e1ce","profese","style","v\u011bk","zam\u011bstn\u00e1n\u00ed","zm\u011bna"],"articleSection":["Lifestyle","Style"],"inLanguage":"en-US","potentialAction":[{"@type":"CommentAction","name":"Comment","target":["https:\/\/www.mzone.cz\/restart-kariery-po-padesatce-neni-se-ceho-bat\/#respond"]}]},{"@type":"WebPage","@id":"https:\/\/www.mzone.cz\/restart-kariery-po-padesatce-neni-se-ceho-bat\/","url":"https:\/\/www.mzone.cz\/restart-kariery-po-padesatce-neni-se-ceho-bat\/","name":"Restart kari\u00e9ry po pades\u00e1tce? Nen\u00ed se \u010deho b\u00e1t! - Mzone","isPartOf":{"@id":"https:\/\/www.mzone.cz\/#website"},"primaryImageOfPage":{"@id":"https:\/\/www.mzone.cz\/restart-kariery-po-padesatce-neni-se-ceho-bat\/#primaryimage"},"image":{"@id":"https:\/\/www.mzone.cz\/restart-kariery-po-padesatce-neni-se-ceho-bat\/#primaryimage"},"thumbnailUrl":"https:\/\/www.mzone.cz\/wp-content\/uploads\/2021\/02\/Starsi-muz-v-zamestnani.jpg","datePublished":"2021-02-07T04:00:00+00:00","author":{"@id":"https:\/\/www.mzone.cz\/#\/schema\/person\/9bc20cc422a99cac4af6ff9297da32d4"},"description":"V\u011bk pro odchod do d\u016fchodu se neust\u00e1le posouv\u00e1 a ot\u00e1zkou za\u010d\u00edn\u00e1 b\u00fdt zam\u011bstn\u00e1n\u00ed po pades\u00e1t\u00e9m roku. Na trhu pr\u00e1ce tvo\u0159\u00ed tito uchaze\u010di o zam\u011bstn\u00e1n\u00ed zaj\u00edmavou a diskutovanou skupinu.","breadcrumb":{"@id":"https:\/\/www.mzone.cz\/restart-kariery-po-padesatce-neni-se-ceho-bat\/#breadcrumb"},"inLanguage":"en-US","potentialAction":[{"@type":"ReadAction","target":["https:\/\/www.mzone.cz\/restart-kariery-po-padesatce-neni-se-ceho-bat\/"]}]},{"@type":"ImageObject","inLanguage":"en-US","@id":"https:\/\/www.mzone.cz\/restart-kariery-po-padesatce-neni-se-ceho-bat\/#primaryimage","url":"https:\/\/www.mzone.cz\/wp-content\/uploads\/2021\/02\/Starsi-muz-v-zamestnani.jpg","contentUrl":"https:\/\/www.mzone.cz\/wp-content\/uploads\/2021\/02\/Starsi-muz-v-zamestnani.jpg","width":1837,"height":1224,"caption":"Star\u0161\u00ed mu\u017e v zam\u011bstn\u00e1n\u00ed"},{"@type":"BreadcrumbList","@id":"https:\/\/www.mzone.cz\/restart-kariery-po-padesatce-neni-se-ceho-bat\/#breadcrumb","itemListElement":[{"@type":"ListItem","position":1,"name":"Dom\u016f","item":"https:\/\/www.mzone.cz\/"},{"@type":"ListItem","position":2,"name":"Restart kari\u00e9ry po pades\u00e1tce? Nen\u00ed se \u010deho b\u00e1t!"}]},{"@type":"WebSite","@id":"https:\/\/www.mzone.cz\/#website","url":"https:\/\/www.mzone.cz\/","name":"Mzone","description":"Magaz\u00edn nejen pro mu\u017ee","potentialAction":[{"@type":"SearchAction","target":{"@type":"EntryPoint","urlTemplate":"https:\/\/www.mzone.cz\/?s={search_term_string}"},"query-input":{"@type":"PropertyValueSpecification","valueRequired":true,"valueName":"search_term_string"}}],"inLanguage":"en-US"},{"@type":"Person","@id":"https:\/\/www.mzone.cz\/#\/schema\/person\/9bc20cc422a99cac4af6ff9297da32d4","name":"Mzone","image":{"@type":"ImageObject","inLanguage":"en-US","@id":"https:\/\/secure.gravatar.com\/avatar\/e780a8630f3182a3d06dd667ab6bea151a0d155b0951bc15fe22633acdac0676?s=96&d=mm&r=g","url":"https:\/\/secure.gravatar.com\/avatar\/e780a8630f3182a3d06dd667ab6bea151a0d155b0951bc15fe22633acdac0676?s=96&d=mm&r=g","contentUrl":"https:\/\/secure.gravatar.com\/avatar\/e780a8630f3182a3d06dd667ab6bea151a0d155b0951bc15fe22633acdac0676?s=96&d=mm&r=g","caption":"Mzone"},"url":"https:\/\/www.mzone.cz\/en\/author\/jakub\/"}]}},"_links":{"self":[{"href":"https:\/\/www.mzone.cz\/en\/wp-json\/wp\/v2\/posts\/26690","targetHints":{"allow":["GET"]}}],"collection":[{"href":"https:\/\/www.mzone.cz\/en\/wp-json\/wp\/v2\/posts"}],"about":[{"href":"https:\/\/www.mzone.cz\/en\/wp-json\/wp\/v2\/types\/post"}],"author":[{"embeddable":true,"href":"https:\/\/www.mzone.cz\/en\/wp-json\/wp\/v2\/users\/4"}],"replies":[{"embeddable":true,"href":"https:\/\/www.mzone.cz\/en\/wp-json\/wp\/v2\/comments?post=26690"}],"version-history":[{"count":11,"href":"https:\/\/www.mzone.cz\/en\/wp-json\/wp\/v2\/posts\/26690\/revisions"}],"predecessor-version":[{"id":26708,"href":"https:\/\/www.mzone.cz\/en\/wp-json\/wp\/v2\/posts\/26690\/revisions\/26708"}],"wp:featuredmedia":[{"embeddable":true,"href":"https:\/\/www.mzone.cz\/en\/wp-json\/wp\/v2\/media\/26696"}],"wp:attachment":[{"href":"https:\/\/www.mzone.cz\/en\/wp-json\/wp\/v2\/media?parent=26690"}],"wp:term":[{"taxonomy":"category","embeddable":true,"href":"https:\/\/www.mzone.cz\/en\/wp-json\/wp\/v2\/categories?post=26690"},{"taxonomy":"post_tag","embeddable":true,"href":"https:\/\/www.mzone.cz\/en\/wp-json\/wp\/v2\/tags?post=26690"}],"curies":[{"name":"wp","href":"https:\/\/api.w.org\/{rel}","templated":true}]}}