{"id":26874,"date":"2021-02-19T05:00:00","date_gmt":"2021-02-19T04:00:00","guid":{"rendered":"https:\/\/www.mzone.cz\/?p=26874"},"modified":"2020-12-16T21:14:27","modified_gmt":"2020-12-16T20:14:27","slug":"zajem-o-kurzy-it-roste-duvodem-je-i-covid","status":"publish","type":"post","link":"https:\/\/www.mzone.cz\/en\/zajem-o-kurzy-it-roste-duvodem-je-i-covid\/","title":{"rendered":"Z\u00e1jem o kurzy IT st\u00e1le roste! D\u016fvodem je i Covid"},"content":{"rendered":"<p><strong>Obor IT byl v\u017edy pova\u017eovan\u00fd jako lukrativn\u00ed, s velk\u00fdm potenci\u00e1lem uplatn\u011bn\u00ed. Z\u00e1jem o n\u011bj vzrostl o to v\u00edc vlivem pandemie koronaviru, nebo\u0165 pr\u00e1v\u011b ten je kriz\u00ed zasa\u017een\u00fd st\u00e1le nejm\u00e9n\u011b. Nav\u00edc jeho v\u00fdvoj je dynamick\u00fd a po zku\u0161en\u00fdch profesion\u00e1lech popt\u00e1vka neutuch\u00e1.<\/strong><\/p><br>\n\n\n\n<p>V\u00fdvoj v IT v posledn\u00edch letech sm\u011b\u0159uje k vyu\u017e\u00edv\u00e1n\u00ed p\u0159edp\u0159ipraven\u00fdch \u0159e\u0161en\u00ed, oproti programov\u00e1n\u00ed v\u0161eho od za\u010d\u00e1tku.&nbsp;\u201eOrientovat se v z\u00e1plav\u011b r\u016fzn\u00fdch \u0159e\u0161en\u00ed je discipl\u00edna sama o sob\u011b, stejn\u011b jako dok\u00e1zat se rozhodnout co m\u00e1 smysl k sob\u011b pou\u017e\u00edt. Tud\u00ed\u017e to klade je\u0161t\u011b v\u00edce n\u00e1rok\u016f na analytick\u00e9 my\u0161len\u00ed. Nen\u00ed tedy t\u0159eba se ob\u00e1vat, \u017ee by pr\u00e1ce v IT ubylo, naopak je v\u00fdhodou, \u017ee se program\u00e1tor\u016fm uvoln\u00ed \u010das na \u00fakoly s v\u00edce p\u0159idanou hodnotou,\u201c&nbsp;m\u00edn\u00ed Jana Ve\u010derkov\u00e1, zakladatelka projektu Coding Bootcamp Praha.<\/p><br>\n\n\n\n<p>Nen\u00ed tedy divu, \u017ee z\u00e1jem o tento obor roste a restart kari\u00e9ry v&nbsp;n\u011bm hled\u00e1 \u010d\u00edm d\u00e1l v\u00edce \u010cech\u016f. V\u00fdsledky pr\u016fzkumu vych\u00e1z\u00ed z&nbsp;anal\u00fdzy v\u00edce ne\u017e 3&nbsp;600 kl\u00ed\u010dov\u00fdch slov, ta byla n\u00e1sledn\u011b rozd\u011blena do segment\u016f, podle kter\u00fdch byl m\u011b\u0159en z\u00e1jem lid\u00ed p\u0159i vyhled\u00e1v\u00e1n\u00ed na internetu.<\/p><br>\n\n\n\n<h2 class=\"wp-block-heading\"><strong>Z\u00e1jem o vzd\u011bl\u00e1n\u00ed v&nbsp;IT roste<\/strong><\/h2>\n\n\n\n<p>Nen\u00ed pochyb, \u017ee IT kurzy za\u017e\u00edvaj\u00ed velk\u00fd boom. P\u0159i jejich vyhled\u00e1v\u00e1n\u00ed podle pr\u016fzkumu vyu\u017e\u00edvaj\u00ed \u010ce\u0161i nejr\u016fzn\u011bj\u0161\u00edch slovn\u00edch spojen\u00ed. Nejv\u00edce pou\u017e\u00edvan\u00fdm je v\u0161ak \u201ekurz programov\u00e1n\u00ed\u201c jeho\u017e vyhled\u00e1v\u00e1n\u00ed je nej\u010detn\u011bj\u0161\u00ed a st\u00e1le se zvy\u0161uje. Zv\u00fd\u0161en\u00fd n\u00e1r\u016fst z\u00e1jmu o tyto kurzy koreluje p\u0159edev\u0161\u00edm se za\u010d\u00e1tkem pandemie koronaviru.<\/p><br>\n\n\n\n<h2 class=\"wp-block-heading\"><strong>Z&nbsp;technologi\u00ed je nejv\u011bt\u0161\u00ed z\u00e1jem o JavaScript<\/strong><\/h2>\n\n\n\n<p>Z\u00e1jem o to se vzd\u011blat v&nbsp;IT je p\u0159edev\u0161\u00edm v&nbsp;technologi\u00edch jako jsou PHP, HTML, ux, nejv\u00edce ale o JavaScript. St\u00e1l\u00fd z\u00e1jem je potom o vzd\u011bl\u00e1n\u00ed v SEO. &#8220;SEO pat\u0159\u00ed do frontendov\u00e9 \u010d\u00e1sti webov\u00e9ho v\u00fdvoje, se kterou \u00fa\u010dastn\u00edky na\u0161ich bootcamp\u016f tak\u00e9 seznamujeme. SEO m\u00e1 jak technickou, tak marketingovou \u010d\u00e1st, proto\u017ee se jedn\u00e1 o soubor des\u00edtek r\u016fzn\u00fdch postup\u016f, jak optimalizovat vyhled\u00e1v\u00e1n\u00ed str\u00e1nek pro r\u016fzn\u00e1 kl\u00ed\u010dov\u00e1 slova,\u201d&nbsp;komentuje Jana Ve\u010derkov\u00e1.<\/p>\n\n\n\n<blockquote class=\"wp-block-quote is-layout-flow wp-block-quote-is-layout-flow\"><p>Nen\u00ed pochyb, \u017ee optimalizace webu pro vyhled\u00e1va\u010de se stala naprost\u00fdm z\u00e1kladem v&nbsp;marketingu a popt\u00e1vka po t\u011bchto odborn\u00edc\u00edch je st\u00e1l\u00e1.<\/p><\/blockquote>\n\n\n\n<h2 class=\"wp-block-heading\"><strong>Z\u00e1jem je p\u0159edev\u0161\u00edm o kurzy<\/strong><\/h2>\n\n\n\n<p>Pokud u\u017e z\u00e1jemci o vzd\u011bl\u00e1n\u00ed vyhled\u00e1vaj\u00ed formu studia IT na internetu, hledaj\u00ed nej\u010dast\u011bji spojen\u00ed se slovem \u201ekurz\u201c \u010di \u201e\u0161kolen\u00ed\u201c. Ze vzorku 3&nbsp;600 slov je to konkr\u00e9tn\u011b 69,4 %. V men\u0161\u00ed m\u00ed\u0159e se objevuj\u00ed i dal\u0161\u00ed slova jako \u201erekvalifikace\u201c, \u201ewebin\u00e1\u0159\u201c \u010di \u201ebootcamp\u201c. To m\u016f\u017ee b\u00fdt ovlivn\u011bno t\u00edm, \u017ee slova nejsou v&nbsp;na\u0161em prost\u0159ed\u00ed je\u0161t\u011b p\u0159ejat\u00e1 nebo n\u00e1m nejsou tyto formy studia tolik zn\u00e1me.<\/p><br>\n\n\n\n<figure class=\"wp-block-image size-large\"><img loading=\"lazy\" decoding=\"async\" width=\"1024\" height=\"682\" src=\"https:\/\/www.mzone.cz\/wp-content\/uploads\/2020\/12\/Coding-Bootcamp-Praha-kurzy-4-1024x682.jpg\" alt=\"Z\u00e1jem o kurzy IT st\u00e1le roste\" class=\"wp-image-26884\" srcset=\"https:\/\/www.mzone.cz\/wp-content\/uploads\/2020\/12\/Coding-Bootcamp-Praha-kurzy-4-1024x682.jpg 1024w, https:\/\/www.mzone.cz\/wp-content\/uploads\/2020\/12\/Coding-Bootcamp-Praha-kurzy-4-300x200.jpg 300w, https:\/\/www.mzone.cz\/wp-content\/uploads\/2020\/12\/Coding-Bootcamp-Praha-kurzy-4-768x512.jpg 768w, https:\/\/www.mzone.cz\/wp-content\/uploads\/2020\/12\/Coding-Bootcamp-Praha-kurzy-4-16x12.jpg 16w, https:\/\/www.mzone.cz\/wp-content\/uploads\/2020\/12\/Coding-Bootcamp-Praha-kurzy-4-800x533.jpg 800w, https:\/\/www.mzone.cz\/wp-content\/uploads\/2020\/12\/Coding-Bootcamp-Praha-kurzy-4-400x267.jpg 400w, https:\/\/www.mzone.cz\/wp-content\/uploads\/2020\/12\/Coding-Bootcamp-Praha-kurzy-4-500x333.jpg 500w, https:\/\/www.mzone.cz\/wp-content\/uploads\/2020\/12\/Coding-Bootcamp-Praha-kurzy-4-590x393.jpg 590w, https:\/\/www.mzone.cz\/wp-content\/uploads\/2020\/12\/Coding-Bootcamp-Praha-kurzy-4.jpg 1061w\" sizes=\"auto, (max-width: 1024px) 100vw, 1024px\" \/><\/figure><br>\n\n\n\n<h2 class=\"wp-block-heading\"><strong>D\u016fle\u017eit\u00e1 je lokalita<\/strong><\/h2>\n\n\n\n<p>Pakli\u017ee cht\u011bj\u00ed b\u00fdt z\u00e1jemci p\u0159i hled\u00e1n\u00ed kurz\u016f v&nbsp;IT konkr\u00e9tn\u011bj\u0161\u00ed, nej\u010dast\u011bji specifikuj\u00ed um\u00edst\u011bn\u00ed. Kurzy jsou vyhled\u00e1v\u00e1ny ve spojitosti se t\u0159emi nejv\u011bt\u0161\u00edmi m\u011bsty, a to Prahou, Brnem a Ostravou. Ve velk\u00e9 m\u00ed\u0159e online. Zaj\u00edmav\u00fdm zji\u0161t\u011bn\u00edm je ur\u010dit\u011b fakt, \u017ee vyhled\u00e1v\u00e1n\u00ed podle ceny hraje vedlej\u0161\u00ed roli. Pouze minim\u00e1ln\u011b, v&nbsp;jednotk\u00e1ch vyhled\u00e1v\u00e1n\u00ed, bylo p\u0159edm\u011btem hled\u00e1n\u00ed slovn\u00ed spojen\u00ed \u201ekurzy zdarma\u201c, tolik \u010dast\u00e9 nen\u00ed ani vyhled\u00e1v\u00e1n\u00ed kurzu v&nbsp;souvislosti s&nbsp;cenou. Lze tedy vyvodit, \u017ee za vzd\u011bl\u00e1n\u00ed v&nbsp;IT nemaj\u00ed \u010ce\u0161i probl\u00e9m si p\u0159iplatit.<\/p><br>\n\n\n\n<h2 class=\"wp-block-heading\"><strong>N\u011bco nav\u00edc: Co nej\u010dast\u011bji tr\u00e1p\u00ed ve spojitosti s JavaScriptem?<\/strong><\/h2>\n\n\n\n<p>Jak u\u017e to, tak b\u00fdv\u00e1, pro radu se dnes obrac\u00edme na vyhled\u00e1va\u010de. Stejn\u011b tomu tak je i u (budouc\u00edch) program\u00e1tor\u016f, kte\u0159\u00ed se sna\u017e\u00ed porozum\u011bt JavaScriptu. Pokud jsou p\u0159i sv\u00fdch vyhled\u00e1v\u00e1n\u00ed konkr\u00e9tn\u011bj\u0161\u00ed, pak nej\u010dast\u011bji hledan\u00e1 problematika JavaScriptu je spojen\u00e1 s cyklem for each.<\/p><br>\n\n\n\n<figure class=\"wp-block-image size-large\"><img loading=\"lazy\" decoding=\"async\" width=\"1024\" height=\"635\" src=\"https:\/\/www.mzone.cz\/wp-content\/uploads\/2020\/12\/graf-Co-uzivatele-nejvic-hledaji-ve-spojeni-s-JavaScript-1024x635.jpg\" alt=\"Co u\u017eivatel\u00e9 nejv\u00edce hledaj\u00ed ve spojen\u00ed s JavaScriptem\" class=\"wp-image-26902\" srcset=\"https:\/\/www.mzone.cz\/wp-content\/uploads\/2020\/12\/graf-Co-uzivatele-nejvic-hledaji-ve-spojeni-s-JavaScript-1024x635.jpg 1024w, https:\/\/www.mzone.cz\/wp-content\/uploads\/2020\/12\/graf-Co-uzivatele-nejvic-hledaji-ve-spojeni-s-JavaScript-300x186.jpg 300w, https:\/\/www.mzone.cz\/wp-content\/uploads\/2020\/12\/graf-Co-uzivatele-nejvic-hledaji-ve-spojeni-s-JavaScript-768x476.jpg 768w, https:\/\/www.mzone.cz\/wp-content\/uploads\/2020\/12\/graf-Co-uzivatele-nejvic-hledaji-ve-spojeni-s-JavaScript-16x10.jpg 16w, https:\/\/www.mzone.cz\/wp-content\/uploads\/2020\/12\/graf-Co-uzivatele-nejvic-hledaji-ve-spojeni-s-JavaScript-590x366.jpg 590w, https:\/\/www.mzone.cz\/wp-content\/uploads\/2020\/12\/graf-Co-uzivatele-nejvic-hledaji-ve-spojeni-s-JavaScript.jpg 1100w\" sizes=\"auto, (max-width: 1024px) 100vw, 1024px\" \/><\/figure><br>\n\n\n\n<h2 class=\"wp-block-heading\"><strong>Lid\u00e9 si \u017e\u00e1daj\u00ed info o mzd\u011b<\/strong><\/h2>\n\n\n\n<p>Vyj\u00edt vst\u0159\u00edc potenci\u00e1ln\u00edm pracovn\u00edk\u016fm by m\u011bly i firmy samotn\u00e9. Podle dal\u0161\u00edho pr\u016fzkumu proveden\u00e9ho spole\u010dnost\u00ed <a href=\"https:\/\/nofluffjobs.com\/cz\" target=\"_blank\" rel=\"noreferrer noopener\">No Fluff Jobs<\/a> a\u017e 71 % IT profesion\u00e1l\u016f nenalezne v&nbsp;pracovn\u00edch inzer\u00e1tech informaci o mzd\u011b. P\u0159itom jsou pr\u00e1v\u011b v&nbsp;tomto odv\u011btv\u00ed jedny z nejvy\u0161\u0161\u00edch o\u010dek\u00e1v\u00e1n\u00ed ohledn\u011b znalosti mzdy, a\u017e 87 % dotazovan\u00fdch pova\u017euje tyto informace za d\u016fle\u017eit\u00e9.<\/p><br>\n\n\n\n<figure class=\"wp-block-image size-large\"><img loading=\"lazy\" decoding=\"async\" width=\"1024\" height=\"682\" src=\"https:\/\/www.mzone.cz\/wp-content\/uploads\/2020\/12\/Coding-Bootcamp-Praha-kurzy-1-1024x682.jpg\" alt=\"Kurzy IT\" class=\"wp-image-26889\" srcset=\"https:\/\/www.mzone.cz\/wp-content\/uploads\/2020\/12\/Coding-Bootcamp-Praha-kurzy-1-1024x682.jpg 1024w, https:\/\/www.mzone.cz\/wp-content\/uploads\/2020\/12\/Coding-Bootcamp-Praha-kurzy-1-300x200.jpg 300w, https:\/\/www.mzone.cz\/wp-content\/uploads\/2020\/12\/Coding-Bootcamp-Praha-kurzy-1-768x512.jpg 768w, https:\/\/www.mzone.cz\/wp-content\/uploads\/2020\/12\/Coding-Bootcamp-Praha-kurzy-1-16x12.jpg 16w, https:\/\/www.mzone.cz\/wp-content\/uploads\/2020\/12\/Coding-Bootcamp-Praha-kurzy-1-800x533.jpg 800w, https:\/\/www.mzone.cz\/wp-content\/uploads\/2020\/12\/Coding-Bootcamp-Praha-kurzy-1-400x267.jpg 400w, https:\/\/www.mzone.cz\/wp-content\/uploads\/2020\/12\/Coding-Bootcamp-Praha-kurzy-1-500x333.jpg 500w, https:\/\/www.mzone.cz\/wp-content\/uploads\/2020\/12\/Coding-Bootcamp-Praha-kurzy-1-590x393.jpg 590w, https:\/\/www.mzone.cz\/wp-content\/uploads\/2020\/12\/Coding-Bootcamp-Praha-kurzy-1.jpg 1061w\" sizes=\"auto, (max-width: 1024px) 100vw, 1024px\" \/><\/figure><br>\n\n\n\n<p>Obor IT oce\u0148uje transparentn\u00ed mzdy. 37 tis\u00edc inzer\u00e1t\u016f zve\u0159ejn\u011bn\u00fdch na No Fluff Jobs b\u011bhem 6 let p\u016fsobnosti zahrnuje v\u00edce ne\u017e 4 000 spole\u010dnost\u00ed. Mezi nimi i zna\u010dky jako Amazon, RTB House, Motorola, Ergo, Nielsen, Randstad, Citi, Zalando, Cisco, Nordea a Circle K. Cht\u011bli v\u0161ichni zve\u0159ejnit rozsah mezd? Ne. P\u0159esto to nakonec ud\u011blali.<\/p>\n\n\n\n<blockquote class=\"wp-block-quote is-layout-flow wp-block-quote-is-layout-flow\"><p>\u201e6 let bojujeme za transparentnost mezd. Dob\u0159e v\u00edme, \u017ee nejv\u011bt\u0161\u00edm p\u0159\u00ednosem zve\u0159ej\u0148ov\u00e1n\u00ed mezd zam\u011bstnavatelem je budov\u00e1n\u00ed d\u016fv\u011bryhodnosti mezi n\u00edm a potenci\u00e1ln\u00edm uchaze\u010dem. B\u00fdt transparentn\u00ed se prost\u011b vyplat\u00ed.&nbsp;V 85 % p\u0159\u00edpad\u016f m\u00e1 vliv na rozhodnut\u00ed potenci\u00e1ln\u00edho zam\u011bstnance n\u00e1zor na zam\u011bstnavatele.&nbsp;65 % uchaze\u010d\u016f o zam\u011bstn\u00e1n\u00ed odepisuje nejd\u0159\u00edve spole\u010dnostem, kter\u00e9 v&nbsp;inzer\u00e1tech zve\u0159ej\u0148uj\u00ed rozmez\u00ed mezd. V\u00edme, \u017ee \u010desk\u00fd trh je na to p\u0159ipraven\u00fd,\u201c&nbsp;\u0159\u00edk\u00e1 Tomasz Bujok, CEO No Fluff Jobs.<\/p><\/blockquote>\n\n\n\n<h2 class=\"wp-block-heading\"><strong>Nedostatek IT pracovn\u00edk\u016f firmy tr\u00e1p\u00ed<\/strong><\/h2>\n\n\n\n<p>A\u010dkoliv je situace odli\u0161n\u00e1 v&nbsp;r\u016fzn\u00fdch odv\u011btv\u00edch ekonomiky, na nedostatku kvalitn\u00edch IT pracovn\u00edk\u016f se z\u00e1stupci firem shodnou.&nbsp;&nbsp;\u201eV na\u0161em oboru podnikov\u00e9ho softwaru je st\u00e1le velk\u00fd p\u0159evis popt\u00e1vky po kvalitn\u00edch zam\u011bstnanc\u00edch nad po\u010dtem uchaze\u010d\u016f,\u201c&nbsp;potvrzuje stav trhu Marcel Poul, \u0159editel realizace ve spole\u010dnosti BCV solutions zam\u011b\u0159uj\u00edc\u00ed se na IT, konzultace a servis.<\/p><br>\n\n\n\n<figure class=\"wp-block-image size-large\"><img loading=\"lazy\" decoding=\"async\" width=\"1024\" height=\"683\" src=\"https:\/\/www.mzone.cz\/wp-content\/uploads\/2021\/02\/Ajtak-1024x683.jpg\" alt=\"Obor IT m\u00e1 budoucnost\" class=\"wp-image-26805\" srcset=\"https:\/\/www.mzone.cz\/wp-content\/uploads\/2021\/02\/Ajtak-1024x683.jpg 1024w, https:\/\/www.mzone.cz\/wp-content\/uploads\/2021\/02\/Ajtak-300x200.jpg 300w, https:\/\/www.mzone.cz\/wp-content\/uploads\/2021\/02\/Ajtak-768x512.jpg 768w, https:\/\/www.mzone.cz\/wp-content\/uploads\/2021\/02\/Ajtak-1536x1024.jpg 1536w, https:\/\/www.mzone.cz\/wp-content\/uploads\/2021\/02\/Ajtak-2048x1365.jpg 2048w, https:\/\/www.mzone.cz\/wp-content\/uploads\/2021\/02\/Ajtak-16x12.jpg 16w, https:\/\/www.mzone.cz\/wp-content\/uploads\/2021\/02\/Ajtak-800x533.jpg 800w, https:\/\/www.mzone.cz\/wp-content\/uploads\/2021\/02\/Ajtak-400x267.jpg 400w, https:\/\/www.mzone.cz\/wp-content\/uploads\/2021\/02\/Ajtak-500x333.jpg 500w, https:\/\/www.mzone.cz\/wp-content\/uploads\/2021\/02\/Ajtak-1170x780.jpg 1170w, https:\/\/www.mzone.cz\/wp-content\/uploads\/2021\/02\/Ajtak-590x393.jpg 590w\" sizes=\"auto, (max-width: 1024px) 100vw, 1024px\" \/><\/figure><br>\n\n\n\n<p>P\u0159esto m\u00e1 n\u00e1bor proces. \u201eNa v\u0161ech pozic\u00edch kandid\u00e1ty prov\u011b\u0159ujeme nejprve p\u0159edev\u0161\u00edm formou dialogu. Dal\u0161\u00ed kola pohovoru jsou zam\u011b\u0159ena v\u00edce prakticky. U program\u00e1tor\u016f m\u00e1me konkr\u00e9tn\u00ed program\u00e1torsk\u00fd \u00fakol. U IT konzultant\u016f uchaze\u010d prezentuje \u0159e\u0161en\u00ed n\u011bjak\u00e9ho analytick\u00e9ho \u00fakolu nebo prezentuje p\u0159\u00ednosy softwaru, kter\u00fd implementujeme,\u201c&nbsp;dopl\u0148uje Poul z&nbsp;BCV solutions.<\/p><br>\n\n\n\n<p>Pokud \u0161ikovn\u00e9 zam\u011bstnance firmy maj\u00ed, sna\u017e\u00ed se je udr\u017eet, aby byly spokojen\u00ed. Ka\u017ed\u00e1 firma funguje na jin\u00fdch principech, \u0159\u00edd\u00ed se odli\u0161n\u00fdmi z\u00e1sadami a ke sv\u00fdm zam\u011bstnanc\u016fm p\u0159istupuje rozd\u00edln\u011b. N\u011bkde je \u0159\u00edzen\u00ed firmy zalo\u017een\u00e9 na pevn\u00fdch byrokratick\u00fdch z\u00e1kladech, jinde sp\u00ed\u0161e \u010derpaj\u00ed ze sm\u00fd\u0161len\u00ed svobodn\u00fdch firem. Pr\u00e1v\u011b t\u00edm se i inspiruj\u00ed ve &nbsp;webov\u00e9 a grafick\u00e9 agentu\u0159e Bene\u0161 &amp; Michl.&nbsp;\u201eVytv\u00e1\u0159\u00edme prost\u0159ed\u00ed, ve kter\u00e9m se kolegov\u00e9 c\u00edt\u00ed svobodn\u011b a zodpov\u011bdn\u011b. D\u00e1v\u00e1me jim pocit d\u016fle\u017eitosti.&nbsp;V\u0161ichni v&nbsp;na\u0161\u00ed agentu\u0159e m\u00e1me stejnou vizi a spole\u010dn\u00fd c\u00edl, kter\u00fd je pak rozd\u011blen\u00fd na men\u0161\u00ed, d\u00edl\u010d\u00ed c\u00edle z\u00e1visl\u00e9 na konkr\u00e9tn\u00edch kolez\u00edch.&nbsp;O d\u016fle\u017eit\u00fdch v\u011bcech ve firm\u011b rozhodujeme v\u0161ichni dohromady,\u201c&nbsp;popisuje neautoritativn\u00ed firemn\u00ed kulturu Jakub Michl, Pinkleader z Bene\u0161 &amp; Michl.<\/p><br>\n\n\n\n<div class=\"wp-block-media-text alignwide is-stacked-on-mobile is-vertically-aligned-top\" style=\"grid-template-columns:17% auto\"><figure class=\"wp-block-media-text__media\"><a href=\"https:\/\/www.mzone.cz\/3-tipy-pro-uspesny-web\/\"><img loading=\"lazy\" decoding=\"async\" width=\"1024\" height=\"683\" src=\"https:\/\/www.mzone.cz\/wp-content\/uploads\/2019\/05\/apple-desk-internet-209151-1024x683.jpg\" alt=\"\" class=\"wp-image-8301 size-full\" srcset=\"https:\/\/www.mzone.cz\/wp-content\/uploads\/2019\/05\/apple-desk-internet-209151-1024x683.jpg 1024w, https:\/\/www.mzone.cz\/wp-content\/uploads\/2019\/05\/apple-desk-internet-209151-300x200.jpg 300w, https:\/\/www.mzone.cz\/wp-content\/uploads\/2019\/05\/apple-desk-internet-209151-768x512.jpg 768w, https:\/\/www.mzone.cz\/wp-content\/uploads\/2019\/05\/apple-desk-internet-209151-800x533.jpg 800w, https:\/\/www.mzone.cz\/wp-content\/uploads\/2019\/05\/apple-desk-internet-209151-400x267.jpg 400w, https:\/\/www.mzone.cz\/wp-content\/uploads\/2019\/05\/apple-desk-internet-209151-500x333.jpg 500w, https:\/\/www.mzone.cz\/wp-content\/uploads\/2019\/05\/apple-desk-internet-209151-1170x780.jpg 1170w, https:\/\/www.mzone.cz\/wp-content\/uploads\/2019\/05\/apple-desk-internet-209151-590x393.jpg 590w, https:\/\/www.mzone.cz\/wp-content\/uploads\/2019\/05\/apple-desk-internet-209151.jpg 1920w\" sizes=\"auto, (max-width: 1024px) 100vw, 1024px\" \/><\/a><\/figure><div class=\"wp-block-media-text__content\">\n<h4><a href=\"https:\/\/www.mzone.cz\/3-tipy-pro-uspesny-web\/\">3 tipy pro \u00fasp\u011b\u0161n\u00fd web<\/a><\/h4><br>\n<\/div><\/div>","protected":false},"excerpt":{"rendered":"<p>Obor IT byl v\u017edy pova\u017eovan\u00fd jako lukrativn\u00ed, s velk\u00fdm potenci\u00e1lem uplatn\u011bn\u00ed. Z\u00e1jem o n\u011bj vzrostl o to v\u00edc vlivem pandemie koronaviru, nebo\u0165 pr\u00e1v\u011b ten je kriz\u00ed zasa\u017een\u00fd st\u00e1le nejm\u00e9n\u011b. Nav\u00edc jeho v\u00fdvoj je dynamick\u00fd a po zku\u0161en\u00fdch profesion\u00e1lech popt\u00e1vka neutuch\u00e1. V\u00fdvoj v IT v posledn\u00edch letech sm\u011b\u0159uje k vyu\u017e\u00edv\u00e1n\u00ed p\u0159edp\u0159ipraven\u00fdch \u0159e\u0161en\u00ed, oproti programov\u00e1n\u00ed v\u0161eho od [&hellip;]<\/p>\n","protected":false},"author":4,"featured_media":26876,"comment_status":"open","ping_status":"closed","sticky":false,"template":"","format":"standard","meta":{"kk_blocks_editor_width":"","_kiokenblocks_attr":"","_kiokenblocks_dimensions":"","footnotes":""},"categories":[25,64],"tags":[4497,3619,3013,4496,2117,3560,2731,2730,3571,800,1610,4476,490,148,874,2945],"class_list":["post-26874","post","type-post","status-publish","format-standard","has-post-thumbnail","hentry","category-style","category-trendy","tag-covid","tag-covid-19","tag-epidemie","tag-informacni-technologie","tag-it","tag-koronavirus","tag-kurz","tag-kurzy","tag-pandemie","tag-pocitace","tag-profese","tag-programovani","tag-style","tag-trendy","tag-vzdelavani","tag-zajem"],"yoast_head":"<!-- This site is optimized with the Yoast SEO plugin v27.5 - https:\/\/yoast.com\/product\/yoast-seo-wordpress\/ -->\n<title>Z\u00e1jem o kurzy IT st\u00e1le roste! D\u016fvodem je i Covid - Mzone<\/title>\n<meta name=\"description\" content=\"Obor IT byl v\u017edy pova\u017eovan\u00fd jako lukrativn\u00ed, s velk\u00fdm potenci\u00e1lem uplatn\u011bn\u00ed. Z\u00e1jem o n\u011bj vzrostl o to v\u00edc vlivem pandemie koronaviru, nebo\u0165 pr\u00e1v\u011b ten je kriz\u00ed zasa\u017een\u00fd st\u00e1le nejm\u00e9n\u011b.\" \/>\n<meta name=\"robots\" content=\"index, follow, max-snippet:-1, max-image-preview:large, max-video-preview:-1\" \/>\n<link rel=\"canonical\" href=\"https:\/\/www.mzone.cz\/en\/zajem-o-kurzy-it-roste-duvodem-je-i-covid\/\" \/>\n<meta property=\"og:locale\" content=\"en_US\" \/>\n<meta property=\"og:type\" content=\"article\" \/>\n<meta property=\"og:title\" content=\"Z\u00e1jem o kurzy IT st\u00e1le roste! D\u016fvodem je i Covid - Mzone\" \/>\n<meta property=\"og:description\" content=\"Obor IT byl v\u017edy pova\u017eovan\u00fd jako lukrativn\u00ed, s velk\u00fdm potenci\u00e1lem uplatn\u011bn\u00ed. Z\u00e1jem o n\u011bj vzrostl o to v\u00edc vlivem pandemie koronaviru, nebo\u0165 pr\u00e1v\u011b ten je kriz\u00ed zasa\u017een\u00fd st\u00e1le nejm\u00e9n\u011b.\" \/>\n<meta property=\"og:url\" content=\"https:\/\/www.mzone.cz\/en\/zajem-o-kurzy-it-roste-duvodem-je-i-covid\/\" \/>\n<meta property=\"og:site_name\" content=\"Mzone\" \/>\n<meta property=\"article:publisher\" content=\"https:\/\/www.facebook.com\/MzoneCZ\/\" \/>\n<meta property=\"article:published_time\" content=\"2021-02-19T04:00:00+00:00\" \/>\n<meta property=\"og:image\" content=\"https:\/\/www.mzone.cz\/wp-content\/uploads\/2021\/02\/IT.jpg\" \/>\n\t<meta property=\"og:image:width\" content=\"1756\" \/>\n\t<meta property=\"og:image:height\" content=\"1171\" \/>\n\t<meta property=\"og:image:type\" content=\"image\/jpeg\" \/>\n<meta name=\"author\" content=\"Mzone\" \/>\n<meta name=\"twitter:card\" content=\"summary_large_image\" \/>\n<meta name=\"twitter:label1\" content=\"Written by\" \/>\n\t<meta name=\"twitter:data1\" content=\"Mzone\" \/>\n\t<meta name=\"twitter:label2\" content=\"Est. reading time\" \/>\n\t<meta name=\"twitter:data2\" content=\"7 minutes\" \/>\n<script type=\"application\/ld+json\" class=\"yoast-schema-graph\">{\"@context\":\"https:\\\/\\\/schema.org\",\"@graph\":[{\"@type\":\"Article\",\"@id\":\"https:\\\/\\\/www.mzone.cz\\\/zajem-o-kurzy-it-roste-duvodem-je-i-covid\\\/#article\",\"isPartOf\":{\"@id\":\"https:\\\/\\\/www.mzone.cz\\\/zajem-o-kurzy-it-roste-duvodem-je-i-covid\\\/\"},\"author\":{\"name\":\"Mzone\",\"@id\":\"https:\\\/\\\/www.mzone.cz\\\/#\\\/schema\\\/person\\\/9bc20cc422a99cac4af6ff9297da32d4\"},\"headline\":\"Z\u00e1jem o kurzy IT st\u00e1le roste! D\u016fvodem je i Covid\",\"datePublished\":\"2021-02-19T04:00:00+00:00\",\"mainEntityOfPage\":{\"@id\":\"https:\\\/\\\/www.mzone.cz\\\/zajem-o-kurzy-it-roste-duvodem-je-i-covid\\\/\"},\"wordCount\":1326,\"commentCount\":0,\"image\":{\"@id\":\"https:\\\/\\\/www.mzone.cz\\\/zajem-o-kurzy-it-roste-duvodem-je-i-covid\\\/#primaryimage\"},\"thumbnailUrl\":\"https:\\\/\\\/www.mzone.cz\\\/wp-content\\\/uploads\\\/2021\\\/02\\\/IT.jpg\",\"keywords\":[\"covid\",\"COVID-19\",\"epidemie\",\"informa\u010dn\u00ed technologie\",\"IT\",\"koronavirus\",\"kurz\",\"kurzy\",\"pandemie\",\"po\u010d\u00edta\u010de\",\"profese\",\"programov\u00e1n\u00ed\",\"style\",\"trendy\",\"vzd\u011bl\u00e1v\u00e1n\u00ed\",\"z\u00e1jem\"],\"articleSection\":[\"Style\",\"Trendy\"],\"inLanguage\":\"en-US\",\"potentialAction\":[{\"@type\":\"CommentAction\",\"name\":\"Comment\",\"target\":[\"https:\\\/\\\/www.mzone.cz\\\/zajem-o-kurzy-it-roste-duvodem-je-i-covid\\\/#respond\"]}]},{\"@type\":\"WebPage\",\"@id\":\"https:\\\/\\\/www.mzone.cz\\\/zajem-o-kurzy-it-roste-duvodem-je-i-covid\\\/\",\"url\":\"https:\\\/\\\/www.mzone.cz\\\/zajem-o-kurzy-it-roste-duvodem-je-i-covid\\\/\",\"name\":\"Z\u00e1jem o kurzy IT st\u00e1le roste! D\u016fvodem je i Covid - Mzone\",\"isPartOf\":{\"@id\":\"https:\\\/\\\/www.mzone.cz\\\/#website\"},\"primaryImageOfPage\":{\"@id\":\"https:\\\/\\\/www.mzone.cz\\\/zajem-o-kurzy-it-roste-duvodem-je-i-covid\\\/#primaryimage\"},\"image\":{\"@id\":\"https:\\\/\\\/www.mzone.cz\\\/zajem-o-kurzy-it-roste-duvodem-je-i-covid\\\/#primaryimage\"},\"thumbnailUrl\":\"https:\\\/\\\/www.mzone.cz\\\/wp-content\\\/uploads\\\/2021\\\/02\\\/IT.jpg\",\"datePublished\":\"2021-02-19T04:00:00+00:00\",\"author\":{\"@id\":\"https:\\\/\\\/www.mzone.cz\\\/#\\\/schema\\\/person\\\/9bc20cc422a99cac4af6ff9297da32d4\"},\"description\":\"Obor IT byl v\u017edy pova\u017eovan\u00fd jako lukrativn\u00ed, s velk\u00fdm potenci\u00e1lem uplatn\u011bn\u00ed. Z\u00e1jem o n\u011bj vzrostl o to v\u00edc vlivem pandemie koronaviru, nebo\u0165 pr\u00e1v\u011b ten je kriz\u00ed zasa\u017een\u00fd st\u00e1le nejm\u00e9n\u011b.\",\"breadcrumb\":{\"@id\":\"https:\\\/\\\/www.mzone.cz\\\/zajem-o-kurzy-it-roste-duvodem-je-i-covid\\\/#breadcrumb\"},\"inLanguage\":\"en-US\",\"potentialAction\":[{\"@type\":\"ReadAction\",\"target\":[\"https:\\\/\\\/www.mzone.cz\\\/zajem-o-kurzy-it-roste-duvodem-je-i-covid\\\/\"]}]},{\"@type\":\"ImageObject\",\"inLanguage\":\"en-US\",\"@id\":\"https:\\\/\\\/www.mzone.cz\\\/zajem-o-kurzy-it-roste-duvodem-je-i-covid\\\/#primaryimage\",\"url\":\"https:\\\/\\\/www.mzone.cz\\\/wp-content\\\/uploads\\\/2021\\\/02\\\/IT.jpg\",\"contentUrl\":\"https:\\\/\\\/www.mzone.cz\\\/wp-content\\\/uploads\\\/2021\\\/02\\\/IT.jpg\",\"width\":1756,\"height\":1171,\"caption\":\"IT\"},{\"@type\":\"BreadcrumbList\",\"@id\":\"https:\\\/\\\/www.mzone.cz\\\/zajem-o-kurzy-it-roste-duvodem-je-i-covid\\\/#breadcrumb\",\"itemListElement\":[{\"@type\":\"ListItem\",\"position\":1,\"name\":\"Dom\u016f\",\"item\":\"https:\\\/\\\/www.mzone.cz\\\/\"},{\"@type\":\"ListItem\",\"position\":2,\"name\":\"Z\u00e1jem o kurzy IT st\u00e1le roste! D\u016fvodem je i Covid\"}]},{\"@type\":\"WebSite\",\"@id\":\"https:\\\/\\\/www.mzone.cz\\\/#website\",\"url\":\"https:\\\/\\\/www.mzone.cz\\\/\",\"name\":\"Mzone\",\"description\":\"Magaz\u00edn nejen pro mu\u017ee\",\"potentialAction\":[{\"@type\":\"SearchAction\",\"target\":{\"@type\":\"EntryPoint\",\"urlTemplate\":\"https:\\\/\\\/www.mzone.cz\\\/?s={search_term_string}\"},\"query-input\":{\"@type\":\"PropertyValueSpecification\",\"valueRequired\":true,\"valueName\":\"search_term_string\"}}],\"inLanguage\":\"en-US\"},{\"@type\":\"Person\",\"@id\":\"https:\\\/\\\/www.mzone.cz\\\/#\\\/schema\\\/person\\\/9bc20cc422a99cac4af6ff9297da32d4\",\"name\":\"Mzone\",\"image\":{\"@type\":\"ImageObject\",\"inLanguage\":\"en-US\",\"@id\":\"https:\\\/\\\/secure.gravatar.com\\\/avatar\\\/e780a8630f3182a3d06dd667ab6bea151a0d155b0951bc15fe22633acdac0676?s=96&d=mm&r=g\",\"url\":\"https:\\\/\\\/secure.gravatar.com\\\/avatar\\\/e780a8630f3182a3d06dd667ab6bea151a0d155b0951bc15fe22633acdac0676?s=96&d=mm&r=g\",\"contentUrl\":\"https:\\\/\\\/secure.gravatar.com\\\/avatar\\\/e780a8630f3182a3d06dd667ab6bea151a0d155b0951bc15fe22633acdac0676?s=96&d=mm&r=g\",\"caption\":\"Mzone\"},\"url\":\"https:\\\/\\\/www.mzone.cz\\\/en\\\/author\\\/jakub\\\/\"}]}<\/script>\n<!-- \/ Yoast SEO plugin. -->","yoast_head_json":{"title":"Z\u00e1jem o kurzy IT st\u00e1le roste! D\u016fvodem je i Covid - Mzone","description":"Obor IT byl v\u017edy pova\u017eovan\u00fd jako lukrativn\u00ed, s velk\u00fdm potenci\u00e1lem uplatn\u011bn\u00ed. Z\u00e1jem o n\u011bj vzrostl o to v\u00edc vlivem pandemie koronaviru, nebo\u0165 pr\u00e1v\u011b ten je kriz\u00ed zasa\u017een\u00fd st\u00e1le nejm\u00e9n\u011b.","robots":{"index":"index","follow":"follow","max-snippet":"max-snippet:-1","max-image-preview":"max-image-preview:large","max-video-preview":"max-video-preview:-1"},"canonical":"https:\/\/www.mzone.cz\/en\/zajem-o-kurzy-it-roste-duvodem-je-i-covid\/","og_locale":"en_US","og_type":"article","og_title":"Z\u00e1jem o kurzy IT st\u00e1le roste! D\u016fvodem je i Covid - Mzone","og_description":"Obor IT byl v\u017edy pova\u017eovan\u00fd jako lukrativn\u00ed, s velk\u00fdm potenci\u00e1lem uplatn\u011bn\u00ed. Z\u00e1jem o n\u011bj vzrostl o to v\u00edc vlivem pandemie koronaviru, nebo\u0165 pr\u00e1v\u011b ten je kriz\u00ed zasa\u017een\u00fd st\u00e1le nejm\u00e9n\u011b.","og_url":"https:\/\/www.mzone.cz\/en\/zajem-o-kurzy-it-roste-duvodem-je-i-covid\/","og_site_name":"Mzone","article_publisher":"https:\/\/www.facebook.com\/MzoneCZ\/","article_published_time":"2021-02-19T04:00:00+00:00","og_image":[{"width":1756,"height":1171,"url":"https:\/\/www.mzone.cz\/wp-content\/uploads\/2021\/02\/IT.jpg","type":"image\/jpeg"}],"author":"Mzone","twitter_card":"summary_large_image","twitter_misc":{"Written by":"Mzone","Est. reading time":"7 minutes"},"schema":{"@context":"https:\/\/schema.org","@graph":[{"@type":"Article","@id":"https:\/\/www.mzone.cz\/zajem-o-kurzy-it-roste-duvodem-je-i-covid\/#article","isPartOf":{"@id":"https:\/\/www.mzone.cz\/zajem-o-kurzy-it-roste-duvodem-je-i-covid\/"},"author":{"name":"Mzone","@id":"https:\/\/www.mzone.cz\/#\/schema\/person\/9bc20cc422a99cac4af6ff9297da32d4"},"headline":"Z\u00e1jem o kurzy IT st\u00e1le roste! D\u016fvodem je i Covid","datePublished":"2021-02-19T04:00:00+00:00","mainEntityOfPage":{"@id":"https:\/\/www.mzone.cz\/zajem-o-kurzy-it-roste-duvodem-je-i-covid\/"},"wordCount":1326,"commentCount":0,"image":{"@id":"https:\/\/www.mzone.cz\/zajem-o-kurzy-it-roste-duvodem-je-i-covid\/#primaryimage"},"thumbnailUrl":"https:\/\/www.mzone.cz\/wp-content\/uploads\/2021\/02\/IT.jpg","keywords":["covid","COVID-19","epidemie","informa\u010dn\u00ed technologie","IT","koronavirus","kurz","kurzy","pandemie","po\u010d\u00edta\u010de","profese","programov\u00e1n\u00ed","style","trendy","vzd\u011bl\u00e1v\u00e1n\u00ed","z\u00e1jem"],"articleSection":["Style","Trendy"],"inLanguage":"en-US","potentialAction":[{"@type":"CommentAction","name":"Comment","target":["https:\/\/www.mzone.cz\/zajem-o-kurzy-it-roste-duvodem-je-i-covid\/#respond"]}]},{"@type":"WebPage","@id":"https:\/\/www.mzone.cz\/zajem-o-kurzy-it-roste-duvodem-je-i-covid\/","url":"https:\/\/www.mzone.cz\/zajem-o-kurzy-it-roste-duvodem-je-i-covid\/","name":"Z\u00e1jem o kurzy IT st\u00e1le roste! D\u016fvodem je i Covid - Mzone","isPartOf":{"@id":"https:\/\/www.mzone.cz\/#website"},"primaryImageOfPage":{"@id":"https:\/\/www.mzone.cz\/zajem-o-kurzy-it-roste-duvodem-je-i-covid\/#primaryimage"},"image":{"@id":"https:\/\/www.mzone.cz\/zajem-o-kurzy-it-roste-duvodem-je-i-covid\/#primaryimage"},"thumbnailUrl":"https:\/\/www.mzone.cz\/wp-content\/uploads\/2021\/02\/IT.jpg","datePublished":"2021-02-19T04:00:00+00:00","author":{"@id":"https:\/\/www.mzone.cz\/#\/schema\/person\/9bc20cc422a99cac4af6ff9297da32d4"},"description":"Obor IT byl v\u017edy pova\u017eovan\u00fd jako lukrativn\u00ed, s velk\u00fdm potenci\u00e1lem uplatn\u011bn\u00ed. Z\u00e1jem o n\u011bj vzrostl o to v\u00edc vlivem pandemie koronaviru, nebo\u0165 pr\u00e1v\u011b ten je kriz\u00ed zasa\u017een\u00fd st\u00e1le nejm\u00e9n\u011b.","breadcrumb":{"@id":"https:\/\/www.mzone.cz\/zajem-o-kurzy-it-roste-duvodem-je-i-covid\/#breadcrumb"},"inLanguage":"en-US","potentialAction":[{"@type":"ReadAction","target":["https:\/\/www.mzone.cz\/zajem-o-kurzy-it-roste-duvodem-je-i-covid\/"]}]},{"@type":"ImageObject","inLanguage":"en-US","@id":"https:\/\/www.mzone.cz\/zajem-o-kurzy-it-roste-duvodem-je-i-covid\/#primaryimage","url":"https:\/\/www.mzone.cz\/wp-content\/uploads\/2021\/02\/IT.jpg","contentUrl":"https:\/\/www.mzone.cz\/wp-content\/uploads\/2021\/02\/IT.jpg","width":1756,"height":1171,"caption":"IT"},{"@type":"BreadcrumbList","@id":"https:\/\/www.mzone.cz\/zajem-o-kurzy-it-roste-duvodem-je-i-covid\/#breadcrumb","itemListElement":[{"@type":"ListItem","position":1,"name":"Dom\u016f","item":"https:\/\/www.mzone.cz\/"},{"@type":"ListItem","position":2,"name":"Z\u00e1jem o kurzy IT st\u00e1le roste! D\u016fvodem je i Covid"}]},{"@type":"WebSite","@id":"https:\/\/www.mzone.cz\/#website","url":"https:\/\/www.mzone.cz\/","name":"Mzone","description":"Magaz\u00edn nejen pro mu\u017ee","potentialAction":[{"@type":"SearchAction","target":{"@type":"EntryPoint","urlTemplate":"https:\/\/www.mzone.cz\/?s={search_term_string}"},"query-input":{"@type":"PropertyValueSpecification","valueRequired":true,"valueName":"search_term_string"}}],"inLanguage":"en-US"},{"@type":"Person","@id":"https:\/\/www.mzone.cz\/#\/schema\/person\/9bc20cc422a99cac4af6ff9297da32d4","name":"Mzone","image":{"@type":"ImageObject","inLanguage":"en-US","@id":"https:\/\/secure.gravatar.com\/avatar\/e780a8630f3182a3d06dd667ab6bea151a0d155b0951bc15fe22633acdac0676?s=96&d=mm&r=g","url":"https:\/\/secure.gravatar.com\/avatar\/e780a8630f3182a3d06dd667ab6bea151a0d155b0951bc15fe22633acdac0676?s=96&d=mm&r=g","contentUrl":"https:\/\/secure.gravatar.com\/avatar\/e780a8630f3182a3d06dd667ab6bea151a0d155b0951bc15fe22633acdac0676?s=96&d=mm&r=g","caption":"Mzone"},"url":"https:\/\/www.mzone.cz\/en\/author\/jakub\/"}]}},"_links":{"self":[{"href":"https:\/\/www.mzone.cz\/en\/wp-json\/wp\/v2\/posts\/26874","targetHints":{"allow":["GET"]}}],"collection":[{"href":"https:\/\/www.mzone.cz\/en\/wp-json\/wp\/v2\/posts"}],"about":[{"href":"https:\/\/www.mzone.cz\/en\/wp-json\/wp\/v2\/types\/post"}],"author":[{"embeddable":true,"href":"https:\/\/www.mzone.cz\/en\/wp-json\/wp\/v2\/users\/4"}],"replies":[{"embeddable":true,"href":"https:\/\/www.mzone.cz\/en\/wp-json\/wp\/v2\/comments?post=26874"}],"version-history":[{"count":17,"href":"https:\/\/www.mzone.cz\/en\/wp-json\/wp\/v2\/posts\/26874\/revisions"}],"predecessor-version":[{"id":26903,"href":"https:\/\/www.mzone.cz\/en\/wp-json\/wp\/v2\/posts\/26874\/revisions\/26903"}],"wp:featuredmedia":[{"embeddable":true,"href":"https:\/\/www.mzone.cz\/en\/wp-json\/wp\/v2\/media\/26876"}],"wp:attachment":[{"href":"https:\/\/www.mzone.cz\/en\/wp-json\/wp\/v2\/media?parent=26874"}],"wp:term":[{"taxonomy":"category","embeddable":true,"href":"https:\/\/www.mzone.cz\/en\/wp-json\/wp\/v2\/categories?post=26874"},{"taxonomy":"post_tag","embeddable":true,"href":"https:\/\/www.mzone.cz\/en\/wp-json\/wp\/v2\/tags?post=26874"}],"curies":[{"name":"wp","href":"https:\/\/api.w.org\/{rel}","templated":true}]}}