{"id":27179,"date":"2021-06-02T05:00:00","date_gmt":"2021-06-02T03:00:00","guid":{"rendered":"https:\/\/www.mzone.cz\/?p=27179"},"modified":"2021-03-15T17:10:49","modified_gmt":"2021-03-15T16:10:49","slug":"blog-pribeh-jednoho-vozu-aneb-proc-uz-mi-francouzska-auta-nesmi-pres-prah","status":"publish","type":"post","link":"https:\/\/www.mzone.cz\/en\/blog-pribeh-jednoho-vozu-aneb-proc-uz-mi-francouzska-auta-nesmi-pres-prah\/","title":{"rendered":"Blog: P\u0159\u00edb\u011bh jednoho vozu aneb pro\u010d u\u017e mi francouzsk\u00e1 auta nesm\u00ed p\u0159es pr\u00e1h"},"content":{"rendered":"<p><strong>Jednou u&nbsp;ob\u011bda mi&nbsp;takhle kolega \u0159\u00edk\u00e1, \u017ee&nbsp;a\u010dkoliv nikdy nep\u0159eprod\u00e1val auta za&nbsp;\u00fa\u010delem zisku, nikdy na&nbsp;prodeji sv\u00e9ho auta netratil. \u201eV\u017edycky jsem ho&nbsp;prodal za&nbsp;v\u00edc, ne\u017e&nbsp;jsem ho&nbsp;koupil,\u201d pochlubil se&nbsp;mi&nbsp;nad&nbsp;tal\u00ed\u0159em poctiv\u00e9 sv\u00ed\u010dkov\u00e9. J\u00e1&nbsp;jsem zabodl pohled do&nbsp;sv\u00e9&nbsp;bramborov\u00e9 ka\u0161e a&nbsp;\u0159ekl mu&nbsp;p\u0159\u00edb\u011bh o&nbsp;sv\u00e9m Renaultu Laguna, kter\u00fd mi&nbsp;kdysi parkoval p\u0159ed bar\u00e1kem. \u201eTy&nbsp;jo, o&nbsp;tom&nbsp;napi\u0161 norm\u00e1ln\u011b blog,\u201d \u0159ekl mi&nbsp;kolega, kdy\u017e jsem skon\u010dil. Tak&nbsp;tady je.<\/strong><\/p><br>\n\n\n\n<p>N\u011bkdo holt prod\u00e1 sv\u00e9 auto po n\u011bkolika letech je\u017ed\u011bn\u00ed za cenu vy\u0161\u0161\u00ed, ne\u017e za jakou ho po\u0159\u00eddil. A pak existuje druh\u00fd typ lid\u00ed &#8211; a to jsem j\u00e1. Ti jsou r\u00e1di, kdy\u017e auto udaj\u00ed za zlomek p\u016fvodn\u00ed ceny a doufaj\u00ed, \u017ee se nov\u00e9mu majiteli nerozsype je\u0161t\u011b na cest\u011b dom\u016f. P\u0159esn\u011b takhle jsem to m\u011bl p\u0159ed lety se sv\u00fdm dieselov\u00fdm Renaultem Laguna.<\/p>\n\n\n\n<blockquote class=\"wp-block-quote is-layout-flow wp-block-quote-is-layout-flow\"><p>Je to u\u017e hezk\u00fdch p\u00e1r let, ale do dne\u0161ka m\u00e1m tohle auto v \u017eiv\u00e9 pam\u011bti, by\u0165 jsem ho posledn\u00edch p\u00e1r m\u011bs\u00edc\u016f moc \u010dasto nevid\u011bl. Bylo toti\u017e v\u00edc v servisu ne\u017e na silnici.<\/p><\/blockquote>\n\n\n\n<p>Koupil jsem ho od kamar\u00e1da a m\u011bl jsem z n\u011bj fakt radost. Kone\u010dn\u011b po\u0159\u00e1dn\u00fd auto. Velk\u00fd a pohodln\u00fd. S p\u011bknou v\u00fdbavou. A za dobr\u00fd prachy. V\u017edy\u0165 nov\u00e9 st\u00e1lo skoro milion, no prost\u011b koup\u011b roku. Jen\u017ee\u2026<\/p><br>\n\n\n\n<figure class=\"wp-block-image size-large\"><img loading=\"lazy\" decoding=\"async\" width=\"1024\" height=\"683\" src=\"https:\/\/www.mzone.cz\/wp-content\/uploads\/2020\/12\/Laguna-1024x683.jpg\" alt=\"Proklet\u00e1 Laguna\" class=\"wp-image-27195\" srcset=\"https:\/\/www.mzone.cz\/wp-content\/uploads\/2020\/12\/Laguna-1024x683.jpg 1024w, https:\/\/www.mzone.cz\/wp-content\/uploads\/2020\/12\/Laguna-300x200.jpg 300w, https:\/\/www.mzone.cz\/wp-content\/uploads\/2020\/12\/Laguna-768x512.jpg 768w, https:\/\/www.mzone.cz\/wp-content\/uploads\/2020\/12\/Laguna-1536x1024.jpg 1536w, https:\/\/www.mzone.cz\/wp-content\/uploads\/2020\/12\/Laguna-2048x1365.jpg 2048w, https:\/\/www.mzone.cz\/wp-content\/uploads\/2020\/12\/Laguna-16x12.jpg 16w, https:\/\/www.mzone.cz\/wp-content\/uploads\/2020\/12\/Laguna-800x533.jpg 800w, https:\/\/www.mzone.cz\/wp-content\/uploads\/2020\/12\/Laguna-400x267.jpg 400w, https:\/\/www.mzone.cz\/wp-content\/uploads\/2020\/12\/Laguna-500x333.jpg 500w, https:\/\/www.mzone.cz\/wp-content\/uploads\/2020\/12\/Laguna-1170x780.jpg 1170w, https:\/\/www.mzone.cz\/wp-content\/uploads\/2020\/12\/Laguna-590x393.jpg 590w\" sizes=\"auto, (max-width: 1024px) 100vw, 1024px\" \/><figcaption>To je ona. V t\u00fd dob\u011b pro mlad\u00fdho kluka velk\u00e1 bomba. Bohu\u017eel jen na chv\u00edli&#8230;<\/figcaption><\/figure><br>\n\n\n\n<p>Ze za\u010d\u00e1tku to celkem \u0161lo. Ob\u010das n\u011bjak\u00e1 men\u0161\u00ed investice, ale to je u deset let star\u00e9ho ojet\u00e9ho auta norm\u00e1ln\u00ed. Ani nev\u00edm, kdy se to zlomilo, ale oprav postupn\u011b a nen\u00e1padn\u011b p\u0159ib\u00fdvalo. Brzdy, tlumi\u010de, senzor ABS, turbo, elekt\u0159ina, spojka\u2026 U\u017e to pomalu p\u0159est\u00e1valo b\u00fdt nen\u00e1padn\u00e9, hlavn\u011b pro moji pen\u011b\u017eenku.<\/p>\n\n\n\n<blockquote class=\"wp-block-quote is-layout-flow wp-block-quote-is-layout-flow\"><p>\u201eZbav se toho, to nem\u00e1 cenu,\u201d \u0159\u00edkali mi kamar\u00e1di. \u201eNe, te\u010f u\u017e je tam v\u0161echno ud\u011blan\u00fd, tak u\u017e to bude v pohod\u011b,\u201d odpov\u00eddal jsem jim na to opakovan\u011b j\u00e1.<\/p><\/blockquote>\n\n\n\n<p>Trvalo mi dal\u0161\u00ed rok, ne\u017e jsem to vzdal. Auto bylo tenkr\u00e1t v servisu m\u011bs\u00edc a p\u016fl a za opravu jsem vysolil 83 tis\u00edc. O dva dny pozd\u011bji jsem zase st\u00e1l na blika\u010dk\u00e1ch na sjezdu z Pra\u017esk\u00e9ho okruhu a \u010dekal na odtah. V tu chv\u00edli jsem si musel p\u0159iznat, \u017ee tenhle boj prost\u011b nevyhraju. Naposledy jsem nechal auto opravit a pak ho prodal. Za 55 tis\u00edc i se zim\u00e1kama, hlavn\u011b aby bylo z domu. Douf\u00e1m, \u017ee dal\u0161\u00ed majitel m\u011bl v\u00edc \u0161t\u011bst\u00ed a \u017ee opravdu t\u011b\u017eil z toho, \u017ee jsem mu v aut\u011b u\u017e v\u0161echno vym\u011bnil, n\u011bkter\u00e9 d\u00edly i n\u011bkolikr\u00e1t. Jestli ne, tak se mu za to zp\u011btn\u011b omlouv\u00e1m.<\/p><br>\n\n\n\n<p>J\u00e1 v\u00edm, m\u011bl jsem se v\u00edc rozepsat, proto\u017ee nic nepot\u011b\u0161\u00ed tolik jako ciz\u00ed ne\u0161t\u011bst\u00ed. Jen\u017ee p\u0159i t\u011bch vzpom\u00ednk\u00e1ch se mi hrnou slzy do o\u010d\u00ed a j\u00e1 u\u017e nevid\u00edm na kl\u00e1vesnici. A tak je \u0159ada na v\u00e1s &#8211; pochlubte se v koment\u00e1\u0159\u00edch, jak\u00fd \u010dern\u00fd petr parkoval u v\u00e1s p\u0159ed domem&#8230;<\/p><br>\n\n\n\n<div class=\"wp-block-media-text alignwide is-stacked-on-mobile is-vertically-aligned-top\" style=\"grid-template-columns:24% auto\"><figure class=\"wp-block-media-text__media\"><a href=\"https:\/\/www.mzone.cz\/en\/kupujete-nove-auto-tahle-jsou-nejspolehlivejsi\/\"><img loading=\"lazy\" decoding=\"async\" width=\"1024\" height=\"683\" src=\"https:\/\/www.mzone.cz\/wp-content\/uploads\/2018\/12\/Suzuki-SX4-2014-1280-1f-1024x683.jpg\" alt=\"\" class=\"wp-image-2169 size-full\" srcset=\"https:\/\/www.mzone.cz\/wp-content\/uploads\/2018\/12\/Suzuki-SX4-2014-1280-1f-1024x683.jpg 1024w, https:\/\/www.mzone.cz\/wp-content\/uploads\/2018\/12\/Suzuki-SX4-2014-1280-1f-300x200.jpg 300w, https:\/\/www.mzone.cz\/wp-content\/uploads\/2018\/12\/Suzuki-SX4-2014-1280-1f-768x512.jpg 768w, https:\/\/www.mzone.cz\/wp-content\/uploads\/2018\/12\/Suzuki-SX4-2014-1280-1f-800x533.jpg 800w, https:\/\/www.mzone.cz\/wp-content\/uploads\/2018\/12\/Suzuki-SX4-2014-1280-1f-400x267.jpg 400w, https:\/\/www.mzone.cz\/wp-content\/uploads\/2018\/12\/Suzuki-SX4-2014-1280-1f-500x333.jpg 500w, https:\/\/www.mzone.cz\/wp-content\/uploads\/2018\/12\/Suzuki-SX4-2014-1280-1f-590x393.jpg 590w, https:\/\/www.mzone.cz\/wp-content\/uploads\/2018\/12\/Suzuki-SX4-2014-1280-1f.jpg 1161w\" sizes=\"auto, (max-width: 1024px) 100vw, 1024px\" \/><\/a><\/figure><div class=\"wp-block-media-text__content\">\n<h4><a href=\"https:\/\/www.mzone.cz\/en\/kupujete-nove-auto-tahle-jsou-nejspolehlivejsi\/\">Kupujete nov\u00e9 auto? Tahle jsou nejspolehliv\u011bj\u0161\u00ed!<\/a><\/h4><br>\n<\/div><\/div>","protected":false},"excerpt":{"rendered":"<p>Jednou u&nbsp;ob\u011bda mi&nbsp;takhle kolega \u0159\u00edk\u00e1, \u017ee&nbsp;a\u010dkoliv nikdy nep\u0159eprod\u00e1val auta za&nbsp;\u00fa\u010delem zisku, nikdy na&nbsp;prodeji sv\u00e9ho auta netratil. \u201eV\u017edycky jsem ho&nbsp;prodal za&nbsp;v\u00edc, ne\u017e&nbsp;jsem ho&nbsp;koupil,\u201d pochlubil se&nbsp;mi&nbsp;nad&nbsp;tal\u00ed\u0159em poctiv\u00e9 sv\u00ed\u010dkov\u00e9. J\u00e1&nbsp;jsem zabodl pohled do&nbsp;sv\u00e9&nbsp;bramborov\u00e9 ka\u0161e a&nbsp;\u0159ekl mu&nbsp;p\u0159\u00edb\u011bh o&nbsp;sv\u00e9m Renaultu Laguna, kter\u00fd mi&nbsp;kdysi parkoval p\u0159ed bar\u00e1kem. \u201eTy&nbsp;jo, o&nbsp;tom&nbsp;napi\u0161 norm\u00e1ln\u011b blog,\u201d \u0159ekl mi&nbsp;kolega, kdy\u017e jsem skon\u010dil. Tak&nbsp;tady je. N\u011bkdo holt prod\u00e1 [&hellip;]<\/p>\n","protected":false},"author":4,"featured_media":27184,"comment_status":"open","ping_status":"closed","sticky":false,"template":"","format":"standard","meta":{"kk_blocks_editor_width":"","_kiokenblocks_attr":"","_kiokenblocks_dimensions":"","footnotes":""},"categories":[69,385],"tags":[585,82,462,724,59,4530,888,4532,4534,1663,609,785,4529,795,4533,4531,2265],"class_list":["post-27179","post","type-post","status-publish","format-standard","has-post-thumbnail","hentry","category-auto-moto","category-blog","tag-auta","tag-auto","tag-auto-moto","tag-automobil","tag-blog","tag-francouzska-auta","tag-investice","tag-ojetina","tag-ojetiny","tag-penize","tag-potize","tag-problemy","tag-renault-laguna","tag-servis","tag-smula","tag-trable","tag-zkusenost"],"yoast_head":"<!-- This site is optimized with the Yoast SEO plugin v27.5 - https:\/\/yoast.com\/product\/yoast-seo-wordpress\/ -->\n<title>Blog: P\u0159\u00edb\u011bh jednoho vozu aneb pro\u010d u\u017e mi francouzsk\u00e1 auta nesm\u00ed p\u0159es pr\u00e1h - Mzone<\/title>\n<meta name=\"description\" content=\"Jednou u\u00a0ob\u011bda mi\u00a0takhle kolega \u0159\u00edk\u00e1, \u017ee\u00a0a\u010dkoliv nikdy nep\u0159eprod\u00e1val auta za\u00a0\u00fa\u010delem zisku, nikdy na\u00a0prodeji sv\u00e9ho auta netratil. \u201eV\u017edycky jsem ho\u00a0prodal za\u00a0v\u00edc, ne\u017e\u00a0jsem ho\u00a0koupil,\u201d pochlubil se\u00a0mi\u00a0nad\u00a0tal\u00ed\u0159em poctiv\u00e9 sv\u00ed\u010dkov\u00e9. J\u00e1\u00a0jsem zabodl pohled do\u00a0sv\u00e9\u00a0bramborov\u00e9 ka\u0161e a\u00a0\u0159ekl mu\u00a0p\u0159\u00edb\u011bh o\u00a0sv\u00e9m Renaultu Laguna, kter\u00fd mi\u00a0kdysi parkoval p\u0159ed bar\u00e1kem. \u201eTy\u00a0jo, o\u00a0tom\u00a0napi\u0161 norm\u00e1ln\u011b blog,\u201d \u0159ekl mi\u00a0kolega, kdy\u017e jsem skon\u010dil. Tak\u00a0tady je.\" \/>\n<meta name=\"robots\" content=\"index, follow, max-snippet:-1, max-image-preview:large, max-video-preview:-1\" \/>\n<link rel=\"canonical\" href=\"https:\/\/www.mzone.cz\/en\/blog-pribeh-jednoho-vozu-aneb-proc-uz-mi-francouzska-auta-nesmi-pres-prah\/\" \/>\n<meta property=\"og:locale\" content=\"en_US\" \/>\n<meta property=\"og:type\" content=\"article\" \/>\n<meta property=\"og:title\" content=\"Blog: P\u0159\u00edb\u011bh jednoho vozu aneb pro\u010d u\u017e mi francouzsk\u00e1 auta nesm\u00ed p\u0159es pr\u00e1h - Mzone\" \/>\n<meta property=\"og:description\" content=\"Jednou u\u00a0ob\u011bda mi\u00a0takhle kolega \u0159\u00edk\u00e1, \u017ee\u00a0a\u010dkoliv nikdy nep\u0159eprod\u00e1val auta za\u00a0\u00fa\u010delem zisku, nikdy na\u00a0prodeji sv\u00e9ho auta netratil. \u201eV\u017edycky jsem ho\u00a0prodal za\u00a0v\u00edc, ne\u017e\u00a0jsem ho\u00a0koupil,\u201d pochlubil se\u00a0mi\u00a0nad\u00a0tal\u00ed\u0159em poctiv\u00e9 sv\u00ed\u010dkov\u00e9. J\u00e1\u00a0jsem zabodl pohled do\u00a0sv\u00e9\u00a0bramborov\u00e9 ka\u0161e a\u00a0\u0159ekl mu\u00a0p\u0159\u00edb\u011bh o\u00a0sv\u00e9m Renaultu Laguna, kter\u00fd mi\u00a0kdysi parkoval p\u0159ed bar\u00e1kem. \u201eTy\u00a0jo, o\u00a0tom\u00a0napi\u0161 norm\u00e1ln\u011b blog,\u201d \u0159ekl mi\u00a0kolega, kdy\u017e jsem skon\u010dil. Tak\u00a0tady je.\" \/>\n<meta property=\"og:url\" content=\"https:\/\/www.mzone.cz\/en\/blog-pribeh-jednoho-vozu-aneb-proc-uz-mi-francouzska-auta-nesmi-pres-prah\/\" \/>\n<meta property=\"og:site_name\" content=\"Mzone\" \/>\n<meta property=\"article:publisher\" content=\"https:\/\/www.facebook.com\/MzoneCZ\/\" \/>\n<meta property=\"article:published_time\" content=\"2021-06-02T03:00:00+00:00\" \/>\n<meta property=\"og:image\" content=\"https:\/\/www.mzone.cz\/wp-content\/uploads\/2021\/01\/Renault-Laguna-1024x683.jpeg\" \/>\n\t<meta property=\"og:image:width\" content=\"1024\" \/>\n\t<meta property=\"og:image:height\" content=\"683\" \/>\n\t<meta property=\"og:image:type\" content=\"image\/jpeg\" \/>\n<meta name=\"author\" content=\"Mzone\" \/>\n<meta name=\"twitter:card\" content=\"summary_large_image\" \/>\n<meta name=\"twitter:label1\" content=\"Written by\" \/>\n\t<meta name=\"twitter:data1\" content=\"Mzone\" \/>\n\t<meta name=\"twitter:label2\" content=\"Est. reading time\" \/>\n\t<meta name=\"twitter:data2\" content=\"3 minutes\" \/>\n<script type=\"application\/ld+json\" class=\"yoast-schema-graph\">{\"@context\":\"https:\\\/\\\/schema.org\",\"@graph\":[{\"@type\":\"Article\",\"@id\":\"https:\\\/\\\/www.mzone.cz\\\/blog-pribeh-jednoho-vozu-aneb-proc-uz-mi-francouzska-auta-nesmi-pres-prah\\\/#article\",\"isPartOf\":{\"@id\":\"https:\\\/\\\/www.mzone.cz\\\/blog-pribeh-jednoho-vozu-aneb-proc-uz-mi-francouzska-auta-nesmi-pres-prah\\\/\"},\"author\":{\"name\":\"Mzone\",\"@id\":\"https:\\\/\\\/www.mzone.cz\\\/#\\\/schema\\\/person\\\/9bc20cc422a99cac4af6ff9297da32d4\"},\"headline\":\"Blog: P\u0159\u00edb\u011bh jednoho vozu aneb pro\u010d u\u017e mi francouzsk\u00e1 auta nesm\u00ed p\u0159es pr\u00e1h\",\"datePublished\":\"2021-06-02T03:00:00+00:00\",\"mainEntityOfPage\":{\"@id\":\"https:\\\/\\\/www.mzone.cz\\\/blog-pribeh-jednoho-vozu-aneb-proc-uz-mi-francouzska-auta-nesmi-pres-prah\\\/\"},\"wordCount\":619,\"commentCount\":1,\"image\":{\"@id\":\"https:\\\/\\\/www.mzone.cz\\\/blog-pribeh-jednoho-vozu-aneb-proc-uz-mi-francouzska-auta-nesmi-pres-prah\\\/#primaryimage\"},\"thumbnailUrl\":\"https:\\\/\\\/www.mzone.cz\\\/wp-content\\\/uploads\\\/2021\\\/01\\\/Renault-Laguna.jpeg\",\"keywords\":[\"auta\",\"Auto\",\"auto-moto\",\"automobil\",\"Blog\",\"francouzsk\u00e1 auta\",\"investice\",\"ojetina\",\"ojetiny\",\"pen\u00edze\",\"pot\u00ed\u017ee\",\"probl\u00e9my\",\"Renault Laguna\",\"servis\",\"sm\u016fla\",\"trable\",\"zku\u0161enost\"],\"articleSection\":[\"Auto-moto\",\"Blog\"],\"inLanguage\":\"en-US\",\"potentialAction\":[{\"@type\":\"CommentAction\",\"name\":\"Comment\",\"target\":[\"https:\\\/\\\/www.mzone.cz\\\/blog-pribeh-jednoho-vozu-aneb-proc-uz-mi-francouzska-auta-nesmi-pres-prah\\\/#respond\"]}]},{\"@type\":\"WebPage\",\"@id\":\"https:\\\/\\\/www.mzone.cz\\\/blog-pribeh-jednoho-vozu-aneb-proc-uz-mi-francouzska-auta-nesmi-pres-prah\\\/\",\"url\":\"https:\\\/\\\/www.mzone.cz\\\/blog-pribeh-jednoho-vozu-aneb-proc-uz-mi-francouzska-auta-nesmi-pres-prah\\\/\",\"name\":\"Blog: P\u0159\u00edb\u011bh jednoho vozu aneb pro\u010d u\u017e mi francouzsk\u00e1 auta nesm\u00ed p\u0159es pr\u00e1h - Mzone\",\"isPartOf\":{\"@id\":\"https:\\\/\\\/www.mzone.cz\\\/#website\"},\"primaryImageOfPage\":{\"@id\":\"https:\\\/\\\/www.mzone.cz\\\/blog-pribeh-jednoho-vozu-aneb-proc-uz-mi-francouzska-auta-nesmi-pres-prah\\\/#primaryimage\"},\"image\":{\"@id\":\"https:\\\/\\\/www.mzone.cz\\\/blog-pribeh-jednoho-vozu-aneb-proc-uz-mi-francouzska-auta-nesmi-pres-prah\\\/#primaryimage\"},\"thumbnailUrl\":\"https:\\\/\\\/www.mzone.cz\\\/wp-content\\\/uploads\\\/2021\\\/01\\\/Renault-Laguna.jpeg\",\"datePublished\":\"2021-06-02T03:00:00+00:00\",\"author\":{\"@id\":\"https:\\\/\\\/www.mzone.cz\\\/#\\\/schema\\\/person\\\/9bc20cc422a99cac4af6ff9297da32d4\"},\"description\":\"Jednou u\u00a0ob\u011bda mi\u00a0takhle kolega \u0159\u00edk\u00e1, \u017ee\u00a0a\u010dkoliv nikdy nep\u0159eprod\u00e1val auta za\u00a0\u00fa\u010delem zisku, nikdy na\u00a0prodeji sv\u00e9ho auta netratil. \u201eV\u017edycky jsem ho\u00a0prodal za\u00a0v\u00edc, ne\u017e\u00a0jsem ho\u00a0koupil,\u201d pochlubil se\u00a0mi\u00a0nad\u00a0tal\u00ed\u0159em poctiv\u00e9 sv\u00ed\u010dkov\u00e9. J\u00e1\u00a0jsem zabodl pohled do\u00a0sv\u00e9\u00a0bramborov\u00e9 ka\u0161e a\u00a0\u0159ekl mu\u00a0p\u0159\u00edb\u011bh o\u00a0sv\u00e9m Renaultu Laguna, kter\u00fd mi\u00a0kdysi parkoval p\u0159ed bar\u00e1kem. \u201eTy\u00a0jo, o\u00a0tom\u00a0napi\u0161 norm\u00e1ln\u011b blog,\u201d \u0159ekl mi\u00a0kolega, kdy\u017e jsem skon\u010dil. Tak\u00a0tady je.\",\"breadcrumb\":{\"@id\":\"https:\\\/\\\/www.mzone.cz\\\/blog-pribeh-jednoho-vozu-aneb-proc-uz-mi-francouzska-auta-nesmi-pres-prah\\\/#breadcrumb\"},\"inLanguage\":\"en-US\",\"potentialAction\":[{\"@type\":\"ReadAction\",\"target\":[\"https:\\\/\\\/www.mzone.cz\\\/blog-pribeh-jednoho-vozu-aneb-proc-uz-mi-francouzska-auta-nesmi-pres-prah\\\/\"]}]},{\"@type\":\"ImageObject\",\"inLanguage\":\"en-US\",\"@id\":\"https:\\\/\\\/www.mzone.cz\\\/blog-pribeh-jednoho-vozu-aneb-proc-uz-mi-francouzska-auta-nesmi-pres-prah\\\/#primaryimage\",\"url\":\"https:\\\/\\\/www.mzone.cz\\\/wp-content\\\/uploads\\\/2021\\\/01\\\/Renault-Laguna.jpeg\",\"contentUrl\":\"https:\\\/\\\/www.mzone.cz\\\/wp-content\\\/uploads\\\/2021\\\/01\\\/Renault-Laguna.jpeg\",\"width\":2469,\"height\":1646,\"caption\":\"Renault Laguna\"},{\"@type\":\"BreadcrumbList\",\"@id\":\"https:\\\/\\\/www.mzone.cz\\\/blog-pribeh-jednoho-vozu-aneb-proc-uz-mi-francouzska-auta-nesmi-pres-prah\\\/#breadcrumb\",\"itemListElement\":[{\"@type\":\"ListItem\",\"position\":1,\"name\":\"Dom\u016f\",\"item\":\"https:\\\/\\\/www.mzone.cz\\\/\"},{\"@type\":\"ListItem\",\"position\":2,\"name\":\"Blog: P\u0159\u00edb\u011bh jednoho vozu aneb pro\u010d u\u017e mi francouzsk\u00e1 auta nesm\u00ed p\u0159es pr\u00e1h\"}]},{\"@type\":\"WebSite\",\"@id\":\"https:\\\/\\\/www.mzone.cz\\\/#website\",\"url\":\"https:\\\/\\\/www.mzone.cz\\\/\",\"name\":\"Mzone\",\"description\":\"Magaz\u00edn nejen pro mu\u017ee\",\"potentialAction\":[{\"@type\":\"SearchAction\",\"target\":{\"@type\":\"EntryPoint\",\"urlTemplate\":\"https:\\\/\\\/www.mzone.cz\\\/?s={search_term_string}\"},\"query-input\":{\"@type\":\"PropertyValueSpecification\",\"valueRequired\":true,\"valueName\":\"search_term_string\"}}],\"inLanguage\":\"en-US\"},{\"@type\":\"Person\",\"@id\":\"https:\\\/\\\/www.mzone.cz\\\/#\\\/schema\\\/person\\\/9bc20cc422a99cac4af6ff9297da32d4\",\"name\":\"Mzone\",\"image\":{\"@type\":\"ImageObject\",\"inLanguage\":\"en-US\",\"@id\":\"https:\\\/\\\/secure.gravatar.com\\\/avatar\\\/e780a8630f3182a3d06dd667ab6bea151a0d155b0951bc15fe22633acdac0676?s=96&d=mm&r=g\",\"url\":\"https:\\\/\\\/secure.gravatar.com\\\/avatar\\\/e780a8630f3182a3d06dd667ab6bea151a0d155b0951bc15fe22633acdac0676?s=96&d=mm&r=g\",\"contentUrl\":\"https:\\\/\\\/secure.gravatar.com\\\/avatar\\\/e780a8630f3182a3d06dd667ab6bea151a0d155b0951bc15fe22633acdac0676?s=96&d=mm&r=g\",\"caption\":\"Mzone\"},\"url\":\"https:\\\/\\\/www.mzone.cz\\\/en\\\/author\\\/jakub\\\/\"}]}<\/script>\n<!-- \/ Yoast SEO plugin. -->","yoast_head_json":{"title":"Blog: P\u0159\u00edb\u011bh jednoho vozu aneb pro\u010d u\u017e mi francouzsk\u00e1 auta nesm\u00ed p\u0159es pr\u00e1h - Mzone","description":"Jednou u\u00a0ob\u011bda mi\u00a0takhle kolega \u0159\u00edk\u00e1, \u017ee\u00a0a\u010dkoliv nikdy nep\u0159eprod\u00e1val auta za\u00a0\u00fa\u010delem zisku, nikdy na\u00a0prodeji sv\u00e9ho auta netratil. \u201eV\u017edycky jsem ho\u00a0prodal za\u00a0v\u00edc, ne\u017e\u00a0jsem ho\u00a0koupil,\u201d pochlubil se\u00a0mi\u00a0nad\u00a0tal\u00ed\u0159em poctiv\u00e9 sv\u00ed\u010dkov\u00e9. J\u00e1\u00a0jsem zabodl pohled do\u00a0sv\u00e9\u00a0bramborov\u00e9 ka\u0161e a\u00a0\u0159ekl mu\u00a0p\u0159\u00edb\u011bh o\u00a0sv\u00e9m Renaultu Laguna, kter\u00fd mi\u00a0kdysi parkoval p\u0159ed bar\u00e1kem. \u201eTy\u00a0jo, o\u00a0tom\u00a0napi\u0161 norm\u00e1ln\u011b blog,\u201d \u0159ekl mi\u00a0kolega, kdy\u017e jsem skon\u010dil. Tak\u00a0tady je.","robots":{"index":"index","follow":"follow","max-snippet":"max-snippet:-1","max-image-preview":"max-image-preview:large","max-video-preview":"max-video-preview:-1"},"canonical":"https:\/\/www.mzone.cz\/en\/blog-pribeh-jednoho-vozu-aneb-proc-uz-mi-francouzska-auta-nesmi-pres-prah\/","og_locale":"en_US","og_type":"article","og_title":"Blog: P\u0159\u00edb\u011bh jednoho vozu aneb pro\u010d u\u017e mi francouzsk\u00e1 auta nesm\u00ed p\u0159es pr\u00e1h - Mzone","og_description":"Jednou u\u00a0ob\u011bda mi\u00a0takhle kolega \u0159\u00edk\u00e1, \u017ee\u00a0a\u010dkoliv nikdy nep\u0159eprod\u00e1val auta za\u00a0\u00fa\u010delem zisku, nikdy na\u00a0prodeji sv\u00e9ho auta netratil. \u201eV\u017edycky jsem ho\u00a0prodal za\u00a0v\u00edc, ne\u017e\u00a0jsem ho\u00a0koupil,\u201d pochlubil se\u00a0mi\u00a0nad\u00a0tal\u00ed\u0159em poctiv\u00e9 sv\u00ed\u010dkov\u00e9. J\u00e1\u00a0jsem zabodl pohled do\u00a0sv\u00e9\u00a0bramborov\u00e9 ka\u0161e a\u00a0\u0159ekl mu\u00a0p\u0159\u00edb\u011bh o\u00a0sv\u00e9m Renaultu Laguna, kter\u00fd mi\u00a0kdysi parkoval p\u0159ed bar\u00e1kem. \u201eTy\u00a0jo, o\u00a0tom\u00a0napi\u0161 norm\u00e1ln\u011b blog,\u201d \u0159ekl mi\u00a0kolega, kdy\u017e jsem skon\u010dil. Tak\u00a0tady je.","og_url":"https:\/\/www.mzone.cz\/en\/blog-pribeh-jednoho-vozu-aneb-proc-uz-mi-francouzska-auta-nesmi-pres-prah\/","og_site_name":"Mzone","article_publisher":"https:\/\/www.facebook.com\/MzoneCZ\/","article_published_time":"2021-06-02T03:00:00+00:00","og_image":[{"width":1024,"height":683,"url":"https:\/\/www.mzone.cz\/wp-content\/uploads\/2021\/01\/Renault-Laguna-1024x683.jpeg","type":"image\/jpeg"}],"author":"Mzone","twitter_card":"summary_large_image","twitter_misc":{"Written by":"Mzone","Est. reading time":"3 minutes"},"schema":{"@context":"https:\/\/schema.org","@graph":[{"@type":"Article","@id":"https:\/\/www.mzone.cz\/blog-pribeh-jednoho-vozu-aneb-proc-uz-mi-francouzska-auta-nesmi-pres-prah\/#article","isPartOf":{"@id":"https:\/\/www.mzone.cz\/blog-pribeh-jednoho-vozu-aneb-proc-uz-mi-francouzska-auta-nesmi-pres-prah\/"},"author":{"name":"Mzone","@id":"https:\/\/www.mzone.cz\/#\/schema\/person\/9bc20cc422a99cac4af6ff9297da32d4"},"headline":"Blog: P\u0159\u00edb\u011bh jednoho vozu aneb pro\u010d u\u017e mi francouzsk\u00e1 auta nesm\u00ed p\u0159es pr\u00e1h","datePublished":"2021-06-02T03:00:00+00:00","mainEntityOfPage":{"@id":"https:\/\/www.mzone.cz\/blog-pribeh-jednoho-vozu-aneb-proc-uz-mi-francouzska-auta-nesmi-pres-prah\/"},"wordCount":619,"commentCount":1,"image":{"@id":"https:\/\/www.mzone.cz\/blog-pribeh-jednoho-vozu-aneb-proc-uz-mi-francouzska-auta-nesmi-pres-prah\/#primaryimage"},"thumbnailUrl":"https:\/\/www.mzone.cz\/wp-content\/uploads\/2021\/01\/Renault-Laguna.jpeg","keywords":["auta","Auto","auto-moto","automobil","Blog","francouzsk\u00e1 auta","investice","ojetina","ojetiny","pen\u00edze","pot\u00ed\u017ee","probl\u00e9my","Renault Laguna","servis","sm\u016fla","trable","zku\u0161enost"],"articleSection":["Auto-moto","Blog"],"inLanguage":"en-US","potentialAction":[{"@type":"CommentAction","name":"Comment","target":["https:\/\/www.mzone.cz\/blog-pribeh-jednoho-vozu-aneb-proc-uz-mi-francouzska-auta-nesmi-pres-prah\/#respond"]}]},{"@type":"WebPage","@id":"https:\/\/www.mzone.cz\/blog-pribeh-jednoho-vozu-aneb-proc-uz-mi-francouzska-auta-nesmi-pres-prah\/","url":"https:\/\/www.mzone.cz\/blog-pribeh-jednoho-vozu-aneb-proc-uz-mi-francouzska-auta-nesmi-pres-prah\/","name":"Blog: P\u0159\u00edb\u011bh jednoho vozu aneb pro\u010d u\u017e mi francouzsk\u00e1 auta nesm\u00ed p\u0159es pr\u00e1h - Mzone","isPartOf":{"@id":"https:\/\/www.mzone.cz\/#website"},"primaryImageOfPage":{"@id":"https:\/\/www.mzone.cz\/blog-pribeh-jednoho-vozu-aneb-proc-uz-mi-francouzska-auta-nesmi-pres-prah\/#primaryimage"},"image":{"@id":"https:\/\/www.mzone.cz\/blog-pribeh-jednoho-vozu-aneb-proc-uz-mi-francouzska-auta-nesmi-pres-prah\/#primaryimage"},"thumbnailUrl":"https:\/\/www.mzone.cz\/wp-content\/uploads\/2021\/01\/Renault-Laguna.jpeg","datePublished":"2021-06-02T03:00:00+00:00","author":{"@id":"https:\/\/www.mzone.cz\/#\/schema\/person\/9bc20cc422a99cac4af6ff9297da32d4"},"description":"Jednou u\u00a0ob\u011bda mi\u00a0takhle kolega \u0159\u00edk\u00e1, \u017ee\u00a0a\u010dkoliv nikdy nep\u0159eprod\u00e1val auta za\u00a0\u00fa\u010delem zisku, nikdy na\u00a0prodeji sv\u00e9ho auta netratil. \u201eV\u017edycky jsem ho\u00a0prodal za\u00a0v\u00edc, ne\u017e\u00a0jsem ho\u00a0koupil,\u201d pochlubil se\u00a0mi\u00a0nad\u00a0tal\u00ed\u0159em poctiv\u00e9 sv\u00ed\u010dkov\u00e9. J\u00e1\u00a0jsem zabodl pohled do\u00a0sv\u00e9\u00a0bramborov\u00e9 ka\u0161e a\u00a0\u0159ekl mu\u00a0p\u0159\u00edb\u011bh o\u00a0sv\u00e9m Renaultu Laguna, kter\u00fd mi\u00a0kdysi parkoval p\u0159ed bar\u00e1kem. \u201eTy\u00a0jo, o\u00a0tom\u00a0napi\u0161 norm\u00e1ln\u011b blog,\u201d \u0159ekl mi\u00a0kolega, kdy\u017e jsem skon\u010dil. Tak\u00a0tady je.","breadcrumb":{"@id":"https:\/\/www.mzone.cz\/blog-pribeh-jednoho-vozu-aneb-proc-uz-mi-francouzska-auta-nesmi-pres-prah\/#breadcrumb"},"inLanguage":"en-US","potentialAction":[{"@type":"ReadAction","target":["https:\/\/www.mzone.cz\/blog-pribeh-jednoho-vozu-aneb-proc-uz-mi-francouzska-auta-nesmi-pres-prah\/"]}]},{"@type":"ImageObject","inLanguage":"en-US","@id":"https:\/\/www.mzone.cz\/blog-pribeh-jednoho-vozu-aneb-proc-uz-mi-francouzska-auta-nesmi-pres-prah\/#primaryimage","url":"https:\/\/www.mzone.cz\/wp-content\/uploads\/2021\/01\/Renault-Laguna.jpeg","contentUrl":"https:\/\/www.mzone.cz\/wp-content\/uploads\/2021\/01\/Renault-Laguna.jpeg","width":2469,"height":1646,"caption":"Renault Laguna"},{"@type":"BreadcrumbList","@id":"https:\/\/www.mzone.cz\/blog-pribeh-jednoho-vozu-aneb-proc-uz-mi-francouzska-auta-nesmi-pres-prah\/#breadcrumb","itemListElement":[{"@type":"ListItem","position":1,"name":"Dom\u016f","item":"https:\/\/www.mzone.cz\/"},{"@type":"ListItem","position":2,"name":"Blog: P\u0159\u00edb\u011bh jednoho vozu aneb pro\u010d u\u017e mi francouzsk\u00e1 auta nesm\u00ed p\u0159es pr\u00e1h"}]},{"@type":"WebSite","@id":"https:\/\/www.mzone.cz\/#website","url":"https:\/\/www.mzone.cz\/","name":"Mzone","description":"Magaz\u00edn nejen pro mu\u017ee","potentialAction":[{"@type":"SearchAction","target":{"@type":"EntryPoint","urlTemplate":"https:\/\/www.mzone.cz\/?s={search_term_string}"},"query-input":{"@type":"PropertyValueSpecification","valueRequired":true,"valueName":"search_term_string"}}],"inLanguage":"en-US"},{"@type":"Person","@id":"https:\/\/www.mzone.cz\/#\/schema\/person\/9bc20cc422a99cac4af6ff9297da32d4","name":"Mzone","image":{"@type":"ImageObject","inLanguage":"en-US","@id":"https:\/\/secure.gravatar.com\/avatar\/e780a8630f3182a3d06dd667ab6bea151a0d155b0951bc15fe22633acdac0676?s=96&d=mm&r=g","url":"https:\/\/secure.gravatar.com\/avatar\/e780a8630f3182a3d06dd667ab6bea151a0d155b0951bc15fe22633acdac0676?s=96&d=mm&r=g","contentUrl":"https:\/\/secure.gravatar.com\/avatar\/e780a8630f3182a3d06dd667ab6bea151a0d155b0951bc15fe22633acdac0676?s=96&d=mm&r=g","caption":"Mzone"},"url":"https:\/\/www.mzone.cz\/en\/author\/jakub\/"}]}},"_links":{"self":[{"href":"https:\/\/www.mzone.cz\/en\/wp-json\/wp\/v2\/posts\/27179","targetHints":{"allow":["GET"]}}],"collection":[{"href":"https:\/\/www.mzone.cz\/en\/wp-json\/wp\/v2\/posts"}],"about":[{"href":"https:\/\/www.mzone.cz\/en\/wp-json\/wp\/v2\/types\/post"}],"author":[{"embeddable":true,"href":"https:\/\/www.mzone.cz\/en\/wp-json\/wp\/v2\/users\/4"}],"replies":[{"embeddable":true,"href":"https:\/\/www.mzone.cz\/en\/wp-json\/wp\/v2\/comments?post=27179"}],"version-history":[{"count":13,"href":"https:\/\/www.mzone.cz\/en\/wp-json\/wp\/v2\/posts\/27179\/revisions"}],"predecessor-version":[{"id":28624,"href":"https:\/\/www.mzone.cz\/en\/wp-json\/wp\/v2\/posts\/27179\/revisions\/28624"}],"wp:featuredmedia":[{"embeddable":true,"href":"https:\/\/www.mzone.cz\/en\/wp-json\/wp\/v2\/media\/27184"}],"wp:attachment":[{"href":"https:\/\/www.mzone.cz\/en\/wp-json\/wp\/v2\/media?parent=27179"}],"wp:term":[{"taxonomy":"category","embeddable":true,"href":"https:\/\/www.mzone.cz\/en\/wp-json\/wp\/v2\/categories?post=27179"},{"taxonomy":"post_tag","embeddable":true,"href":"https:\/\/www.mzone.cz\/en\/wp-json\/wp\/v2\/tags?post=27179"}],"curies":[{"name":"wp","href":"https:\/\/api.w.org\/{rel}","templated":true}]}}