{"id":2736,"date":"2024-03-27T18:00:05","date_gmt":"2024-03-27T17:00:05","guid":{"rendered":"http:\/\/www.mzone.cz\/?p=2736"},"modified":"2024-03-27T18:18:06","modified_gmt":"2024-03-27T17:18:06","slug":"5-osudovych-havarii-ktere-skoncily-smrti-ale-pak-zachranily-zivot-ostatnim","status":"publish","type":"post","link":"https:\/\/www.mzone.cz\/en\/5-osudovych-havarii-ktere-skoncily-smrti-ale-pak-zachranily-zivot-ostatnim\/","title":{"rendered":"5 osudov\u00fdch hav\u00e1ri\u00ed, kter\u00e9 skon\u010dily smrt\u00ed, ale pak zachr\u00e1nily \u017eivot ostatn\u00edm"},"content":{"rendered":"<p><strong>Vybrali jsme pro v\u00e1s p\u011bt o\u0161kliv\u00fdch nehod ze z\u00e1vodn\u00edch okruh\u016f, kter\u00e9 skon\u010dily smrt\u00ed, ale pak zachr\u00e1nily \u017eivot ostatn\u00edm.<\/strong><\/p><br>\n\n\n\n<p>\u0158\u00edk\u00e1 se, \u017ee cesta pokroku a pozn\u00e1n\u00ed je dl\u00e1\u017ed\u011bna pomn\u00edky padl\u00fdch objevitel\u016f. V t\u011bchto p\u011bti p\u0159\u00edpadech pak smrt z\u00e1vodn\u00edch jezdc\u016f a div\u00e1k\u016f znamenala zm\u011bnu pravidel a zaveden\u00fdch pom\u011br\u016f.<\/p><br>\n\n\n\n<h2 class=\"wp-block-heading\">1964 &#8211; 500 mil Indianapolis<\/h2>\n\n\n\n<figure class=\"wp-block-image\"><img loading=\"lazy\" decoding=\"async\" width=\"1024\" height=\"580\" src=\"http:\/\/www.mzone.cz\/wp-content\/uploads\/2018\/12\/2a0787b3f109c37c26422016fca6e9ec-1024x580.jpg\" alt=\"\" class=\"wp-image-2748\" srcset=\"https:\/\/www.mzone.cz\/wp-content\/uploads\/2018\/12\/2a0787b3f109c37c26422016fca6e9ec-1024x580.jpg 1024w, https:\/\/www.mzone.cz\/wp-content\/uploads\/2018\/12\/2a0787b3f109c37c26422016fca6e9ec-300x170.jpg 300w, https:\/\/www.mzone.cz\/wp-content\/uploads\/2018\/12\/2a0787b3f109c37c26422016fca6e9ec-768x435.jpg 768w, https:\/\/www.mzone.cz\/wp-content\/uploads\/2018\/12\/2a0787b3f109c37c26422016fca6e9ec-590x334.jpg 590w, https:\/\/www.mzone.cz\/wp-content\/uploads\/2018\/12\/2a0787b3f109c37c26422016fca6e9ec.jpg 1200w\" sizes=\"auto, (max-width: 1024px) 100vw, 1024px\" \/><\/figure>\n\n\n\n<p>Kdy\u017e osmadvacetilet\u00fd Dave McDonald dostal hned v prvn\u00edm kole ve \u010dtvrt\u00e9 zat\u00e1\u010dce smyk, skon\u010dil jeho monopost po n\u00e1razu do betonov\u00e9 zdi okam\u017eit\u011b v plamenech. Ho\u0159\u00edc\u00ed koule se pak je\u0161t\u011b odrazila zp\u00e1tky na dr\u00e1hu, kde okam\u017eit\u011b do\u0161lo k \u0159et\u011bzov\u00e9 nehod\u011b, p\u0159i kter\u00e9 krom\u011b McDonalda zem\u0159el na n\u00e1sledky pop\u00e1len\u00ed i Eddie Sachs. Obrovsk\u00fd, neuhasiteln\u00fd po\u017e\u00e1r voz\u016f byl zp\u016fsoben des\u00edtkami litr\u016f benzinu v n\u00e1dr\u017ei, tehdy nikdo ne\u0159e\u0161il, jestli je v aut\u011b sto nebo dv\u011b st\u011b litr\u016f paliva. Americk\u00fd autoklub reagoval okam\u017eit\u011b a zavedl na\u0159\u00edzen\u00ed o maxim\u00e1ln\u00edm mno\u017estv\u00ed paliva v n\u00e1dr\u017ei, kter\u00e9 plat\u00ed dodnes.<\/p><br>\n\n\n\n<h2 class=\"wp-block-heading\">1973 &#8211; GP Nizozemska<\/h2>\n\n\n\n<figure class=\"wp-block-image\"><img loading=\"lazy\" decoding=\"async\" width=\"1024\" height=\"677\" src=\"http:\/\/www.mzone.cz\/wp-content\/uploads\/2018\/12\/Fatal_accident_at_1973_Dutch_Grand_Prix-1024x677.jpg\" alt=\"\" class=\"wp-image-2751\" srcset=\"https:\/\/www.mzone.cz\/wp-content\/uploads\/2018\/12\/Fatal_accident_at_1973_Dutch_Grand_Prix-1024x677.jpg 1024w, https:\/\/www.mzone.cz\/wp-content\/uploads\/2018\/12\/Fatal_accident_at_1973_Dutch_Grand_Prix-300x198.jpg 300w, https:\/\/www.mzone.cz\/wp-content\/uploads\/2018\/12\/Fatal_accident_at_1973_Dutch_Grand_Prix-768x507.jpg 768w, https:\/\/www.mzone.cz\/wp-content\/uploads\/2018\/12\/Fatal_accident_at_1973_Dutch_Grand_Prix-590x390.jpg 590w\" sizes=\"auto, (max-width: 1024px) 100vw, 1024px\" \/><\/figure>\n\n\n\n<p>P\u011btadvacetilet\u00fd Roger Williamson jel na 13. m\u00edst\u011b, kdy\u017e nezvl\u00e1dl \u0159\u00edzen\u00ed a narazil do svodidel. Jeho monopost skon\u010dil koly vzh\u016fru a zastavil se o v\u00edc jak 250 metr\u016f daleko, p\u0159esto byl Williamson nezran\u011bn, bezpe\u010dnostn\u00ed p\u00e1sy zafungovaly skv\u011ble. Jen\u017ee jeho auto za\u010dalo ho\u0159et a on, zakl\u00edn\u011bn\u00fd, se nemohl z auta dostat\u2026 To co se d\u011blo pak byl jedno hr\u016fzn\u00e9 divadlo.<\/p>\n\n\n\n<blockquote class=\"wp-block-quote is-layout-flow wp-block-quote-is-layout-flow\"><p>Sna\u017eil se mu pomoci jeden dal\u0161\u00ed z\u00e1vodn\u00edk, kter\u00e9mu se ale nepovedlo dostat ho z auta ven a rychle mu do\u0161la n\u00e1pl\u0148 v jeho mal\u00e9m has\u00edc\u00edm p\u0159\u00edstroji. A tra\u0165ov\u00ed komisa\u0159i? Ti se b\u00e1li k ho\u0159\u00edc\u00edmu autu v\u016fbec p\u0159ibl\u00ed\u017eit!<\/p><\/blockquote>\n\n\n\n<p>Spole\u010dn\u011b s policisty nav\u00edc br\u00e1nili div\u00e1k\u016fm se k nehod\u011b p\u0159ibl\u00ed\u017eit, tak\u017ee Williamson z\u016fstal v aut\u011b, o\u010dit\u00ed sv\u011bdkov\u00e9 mluvili o tom, jak byl sly\u0161et jeho n\u00e1\u0159ek. Komisa\u0159i pak t\u011blo jen p\u0159ikryli plachtou a z\u00e1vod d\u00e1l pokra\u010doval!!! Od t\u00e9 doby mus\u00ed tra\u0165ov\u00ed mar\u0161\u00e1lov\u00e9 proj\u00edt speci\u00e1ln\u00edm z\u00e1chran\u00e1\u0159sk\u00fdm v\u00fdcvikem.<\/p><br>\n\n\n\n<h2 class=\"wp-block-heading\">1994 &#8211; GP San Marina<\/h2>\n\n\n\n<figure class=\"wp-block-image\"><img loading=\"lazy\" decoding=\"async\" width=\"1024\" height=\"689\" src=\"http:\/\/www.mzone.cz\/wp-content\/uploads\/2018\/12\/Incidente_di_Ayrton_Senna_a_Imola_1994_-_02-1024x689.jpg\" alt=\"\" class=\"wp-image-2754\" srcset=\"https:\/\/www.mzone.cz\/wp-content\/uploads\/2018\/12\/Incidente_di_Ayrton_Senna_a_Imola_1994_-_02.jpg 1024w, https:\/\/www.mzone.cz\/wp-content\/uploads\/2018\/12\/Incidente_di_Ayrton_Senna_a_Imola_1994_-_02-300x202.jpg 300w, https:\/\/www.mzone.cz\/wp-content\/uploads\/2018\/12\/Incidente_di_Ayrton_Senna_a_Imola_1994_-_02-768x517.jpg 768w, https:\/\/www.mzone.cz\/wp-content\/uploads\/2018\/12\/Incidente_di_Ayrton_Senna_a_Imola_1994_-_02-590x397.jpg 590w\" sizes=\"auto, (max-width: 1024px) 100vw, 1024px\" \/><\/figure>\n\n\n\n<p>Tragick\u00e1 nehoda Ayrtona Senny je jedn\u00edm z osudov\u00fdch okam\u017eik\u016f motorsportu. Po\u0161kozen\u00fd sloupek \u0159\u00edzen\u00ed znamenal tr\u00e1tu kontroly nad vozem a n\u00e1raz do zdi v rychlosti okolo 220 km\/h. V\u00fdsledkem byl zdemolovan\u00fd p\u0159edek monopostu a t\u011b\u017ek\u00e1 zran\u011bn\u00ed hlavy neslu\u010diteln\u00e1 se \u017eivotem. Smrt nejslavn\u011bj\u0161\u00edho z\u00e1vodn\u00edho pilota sv\u011bta pk donutila majitele okruh\u016f a stavitele trat\u00ed k p\u0159epracov\u00e1n\u00ed  \u00fanikov\u00fdch z\u00f3n a bezpe\u010dnostn\u00edch bari\u00e9r tak, aby se miminimalizovalo riziko n\u00e1razu ve vysok\u00e9 rychlosti, za\u010dalo se \u0159e\u0161it v jak\u00e9m \u00fahlu z\u00e1vodn\u00ed auto naraz\u00ed, a taky se za\u010dali stav\u011bt nov\u00e9 bezpe\u010dnostn\u00ed bari\u00e9ry, kter\u00e9 dok\u00e1\u017eou absorbovat mnohem v\u00edce energie.<\/p><br>\n\n\n\n<h2 class=\"wp-block-heading\">2001 &#8211; GP Austr\u00e1lie<\/h2>\n\n\n\n<figure class=\"wp-block-image is-resized\"><img loading=\"lazy\" decoding=\"async\" src=\"http:\/\/www.mzone.cz\/wp-content\/uploads\/2018\/12\/hqdefault.jpg\" alt=\"\" class=\"wp-image-2756\" width=\"588\" height=\"390\" srcset=\"https:\/\/www.mzone.cz\/wp-content\/uploads\/2018\/12\/hqdefault.jpg 468w, https:\/\/www.mzone.cz\/wp-content\/uploads\/2018\/12\/hqdefault-300x199.jpg 300w\" sizes=\"auto, (max-width: 588px) 100vw, 588px\" \/><\/figure>\n\n\n\n<p>P\u0159i t\u00e9to nehod\u011b sice nezem\u0159el \u017e\u00e1dn\u00fd z\u00e1vodn\u00edk, ale znamenala z\u00e1sadn\u00ed zm\u011bny v ochran\u011b div\u00e1k\u016f a tra\u0165ov\u00fdch komisa\u0159\u016f. Pr\u00e1v\u011b ti se toti\u017e stali neslavn\u00fdmi \u00fa\u010dastn\u00edky, kv\u016fli kter\u00fdm se m\u011bnila pravidla\u2026 V\u0161e se stalo hned zkraje z\u00e1vodu, kdy\u017e Jacques Villeneuve nezvl\u00e1dl na rovince celkem trivi\u00e1ln\u00ed p\u0159edj\u00ed\u017ed\u011bc\u00ed man\u00e9vr a v rychlosti 280 km\/h najel zezadu na monopost Ralfa Schumachera.<\/p>\n\n\n\n<blockquote class=\"wp-block-quote is-layout-flow wp-block-quote-is-layout-flow\"><p>Villene\u016fm monopost se prol\u011btel vzduchem, narazil do bari\u00e9ry a p\u0159esto\u017ee jezdci se nic nestalo, tak jedno utr\u017een\u00e9 kolo zas\u00e1hlo tra\u0165ov\u00e9ho komisa\u0159e Grahama Beveridgeho, kter\u00fd n\u00e1sledk\u016fm zran\u011bn\u00ed hrudn\u00edku podlehl. Karbonov\u00e9 \u00falomky pak zranily sedm div\u00e1k\u016f za plotem, jen z\u00e1zrakem se jednalo pouze o lehk\u00e1 zran\u011bn\u00ed.<\/p><\/blockquote>\n\n\n\n<p>Do t\u00e9 doby se o nedostate\u010dn\u00e9 ochran\u011b div\u00e1k\u016f jen mluvilo, pak se za\u010dalo jednat\u2026 Ploty se zv\u00fd\u0161ily, oka v nich zmen\u0161ila, dr\u00e1t\u011bn\u00e9 pletivo se d\u00e1v\u00e1 i v n\u011bkolika \u0159ad\u00e1ch. A ocelov\u00e1 lanka, na kter\u00fdch jsou kola monopostu p\u0159ipevn\u011bna pro p\u0159\u00edpad \u017ee dojde ke zlomen\u00ed zav\u011b\u0161en\u00ed, byla zdvojena a zes\u00edlena.<\/p><br>\n\n\n\n<h2 class=\"wp-block-heading\">2001 &#8211; Daytona 500<\/h2>\n\n\n\n<figure class=\"wp-block-image is-resized\"><img loading=\"lazy\" decoding=\"async\" src=\"http:\/\/www.mzone.cz\/wp-content\/uploads\/2018\/12\/hqdefault-2.jpg\" alt=\"\" class=\"wp-image-2757\" width=\"590\" height=\"352\" srcset=\"https:\/\/www.mzone.cz\/wp-content\/uploads\/2018\/12\/hqdefault-2.jpg 453w, https:\/\/www.mzone.cz\/wp-content\/uploads\/2018\/12\/hqdefault-2-300x179.jpg 300w\" sizes=\"auto, (max-width: 590px) 100vw, 590px\" \/><\/figure>\n\n\n\n<p>Nehoda sedmin\u00e1sobn\u00e9ho \u0161ampiona Daleho Earnhardta p\u0159i jednom z nejslavn\u011bj\u0161\u00edch z\u00e1vod\u016f sv\u011bta byla takov\u00e1, jak\u00fdch se st\u00e1vaj\u00ed b\u011bhem sez\u00f3ny des\u00edtky, ne-li stovky. Earnhardt v\u0161ak p\u0159i n\u00ed utrp\u011bl zran\u011bn\u00ed neslu\u010diteln\u00e1 se \u017eivotem &#8211; krom\u011b zlomenin lebe\u010dn\u00ed kosti m\u011bl pol\u00e1man\u00e9 i kr\u010dn\u00ed obratle, p\u0159et\u00ed\u017een\u00ed mu v podstat\u011b zlomilo vaz. Veden\u00ed s\u00e9rie Indy pak okam\u017eit\u011b zavedlo syst\u00e9m HANS, co\u017e je jak\u00fdsi l\u00edmec, kter\u00fd si jezdec p\u0159ipne k helm\u011b a zafixuje pod bezpe\u010dnostn\u00ed p\u00e1sy. V p\u0159\u00edpad\u011b nehody pak HANS nedovol\u00ed hlav\u011b fat\u00e1ln\u00ed \u0161kubnut\u00ed, jezdci toti\u017e zafixuje krk a ochr\u00e1n\u00ed mu kr\u010dn\u00ed p\u00e1te\u0159. HANS je pova\u017eov\u00e1n za nejd\u016fmysln\u011bj\u0161\u00ed bezpe\u010dnostn\u00ed prvek za posledn\u00edch t\u0159icet let a pou\u017e\u00edv\u00e1 se t\u00e9m\u011b\u0159 ve v\u0161ech odv\u011btv\u00edch motorsportu.<\/p>","protected":false},"excerpt":{"rendered":"<p>Vybrali jsme pro v\u00e1s p\u011bt o\u0161kliv\u00fdch nehod ze z\u00e1vodn\u00edch okruh\u016f, kter\u00e9 skon\u010dily smrt\u00ed, ale pak zachr\u00e1nily \u017eivot ostatn\u00edm. \u0158\u00edk\u00e1 se, \u017ee cesta pokroku a pozn\u00e1n\u00ed je dl\u00e1\u017ed\u011bna pomn\u00edky padl\u00fdch objevitel\u016f. V t\u011bchto p\u011bti p\u0159\u00edpadech pak smrt z\u00e1vodn\u00edch jezdc\u016f a div\u00e1k\u016f znamenala zm\u011bnu pravidel a zaveden\u00fdch pom\u011br\u016f. 1964 &#8211; 500 mil Indianapolis Kdy\u017e osmadvacetilet\u00fd Dave McDonald [&hellip;]<\/p>\n","protected":false},"author":4,"featured_media":2754,"comment_status":"open","ping_status":"open","sticky":false,"template":"","format":"standard","meta":{"kk_blocks_editor_width":"","_kiokenblocks_attr":"","_kiokenblocks_dimensions":"","footnotes":""},"categories":[69,387,80],"tags":[585,462,758,982,636,733,755,495,912,307,42,435,256,102],"class_list":["post-2736","post","type-post","status-publish","format-standard","has-post-thumbnail","hentry","category-auto-moto","category-historie","category-sport","tag-auta","tag-auto-moto","tag-bezpecnost","tag-havarie","tag-motorsport","tag-nehoda","tag-nehody","tag-okruh","tag-pokrok","tag-smrt","tag-sport","tag-tragedie","tag-umrti","tag-zavody"],"yoast_head":"<!-- This site is optimized with the Yoast SEO plugin v27.5 - https:\/\/yoast.com\/product\/yoast-seo-wordpress\/ -->\n<title>5 osudov\u00fdch hav\u00e1ri\u00ed, kter\u00e9 skon\u010dily smrt\u00ed, ale pak zachr\u00e1nily \u017eivot ostatn\u00edm - Mzone<\/title>\n<meta name=\"description\" content=\"Vybrali jsme pro v\u00e1s 5 o\u0161kliv\u00fdch nehod ze z\u00e1vodn\u00edch okruh\u016f, kter\u00e9 skon\u010dily smrt\u00ed, ale pak zachr\u00e1nily \u017eivot ostatn\u00edm. \u0158\u00edk\u00e1 se, \u017ee cesta pokroku a pozn\u00e1n\u00ed je dl\u00e1\u017ed\u011bna pomn\u00edky padl\u00fdch objevitel\u016f. V t\u011bchto p\u011bti p\u0159\u00edpadech pak smrt z\u00e1vodn\u00edch jezdc\u016f a div\u00e1k\u016f znamenala zm\u011bnu pravidel a zaveden\u00fdch pom\u011br\u016f.\" \/>\n<meta name=\"robots\" content=\"index, follow, max-snippet:-1, max-image-preview:large, max-video-preview:-1\" \/>\n<link rel=\"canonical\" href=\"https:\/\/www.mzone.cz\/en\/5-osudovych-havarii-ktere-skoncily-smrti-ale-pak-zachranily-zivot-ostatnim\/\" \/>\n<meta property=\"og:locale\" content=\"en_US\" \/>\n<meta property=\"og:type\" content=\"article\" \/>\n<meta property=\"og:title\" content=\"5 osudov\u00fdch hav\u00e1ri\u00ed, kter\u00e9 skon\u010dily smrt\u00ed, ale pak zachr\u00e1nily \u017eivot ostatn\u00edm - Mzone\" \/>\n<meta property=\"og:description\" content=\"Vybrali jsme pro v\u00e1s 5 o\u0161kliv\u00fdch nehod ze z\u00e1vodn\u00edch okruh\u016f, kter\u00e9 skon\u010dily smrt\u00ed, ale pak zachr\u00e1nily \u017eivot ostatn\u00edm. \u0158\u00edk\u00e1 se, \u017ee cesta pokroku a pozn\u00e1n\u00ed je dl\u00e1\u017ed\u011bna pomn\u00edky padl\u00fdch objevitel\u016f. V t\u011bchto p\u011bti p\u0159\u00edpadech pak smrt z\u00e1vodn\u00edch jezdc\u016f a div\u00e1k\u016f znamenala zm\u011bnu pravidel a zaveden\u00fdch pom\u011br\u016f.\" \/>\n<meta property=\"og:url\" content=\"https:\/\/www.mzone.cz\/en\/5-osudovych-havarii-ktere-skoncily-smrti-ale-pak-zachranily-zivot-ostatnim\/\" \/>\n<meta property=\"og:site_name\" content=\"Mzone\" \/>\n<meta property=\"article:publisher\" content=\"https:\/\/www.facebook.com\/MzoneCZ\/\" \/>\n<meta property=\"article:published_time\" content=\"2024-03-27T17:00:05+00:00\" \/>\n<meta property=\"article:modified_time\" content=\"2024-03-27T17:18:06+00:00\" \/>\n<meta property=\"og:image\" content=\"https:\/\/www.mzone.cz\/wp-content\/uploads\/2018\/12\/Incidente_di_Ayrton_Senna_a_Imola_1994_-_02.jpg\" \/>\n\t<meta property=\"og:image:width\" content=\"1024\" \/>\n\t<meta property=\"og:image:height\" content=\"689\" \/>\n\t<meta property=\"og:image:type\" content=\"image\/jpeg\" \/>\n<meta name=\"author\" content=\"Mzone\" \/>\n<meta name=\"twitter:card\" content=\"summary_large_image\" \/>\n<meta name=\"twitter:label1\" content=\"Written by\" \/>\n\t<meta name=\"twitter:data1\" content=\"Mzone\" \/>\n\t<meta name=\"twitter:label2\" content=\"Est. reading time\" \/>\n\t<meta name=\"twitter:data2\" content=\"4 minutes\" \/>\n<script type=\"application\/ld+json\" class=\"yoast-schema-graph\">{\"@context\":\"https:\\\/\\\/schema.org\",\"@graph\":[{\"@type\":\"Article\",\"@id\":\"https:\\\/\\\/www.mzone.cz\\\/5-osudovych-havarii-ktere-skoncily-smrti-ale-pak-zachranily-zivot-ostatnim\\\/#article\",\"isPartOf\":{\"@id\":\"https:\\\/\\\/www.mzone.cz\\\/5-osudovych-havarii-ktere-skoncily-smrti-ale-pak-zachranily-zivot-ostatnim\\\/\"},\"author\":{\"name\":\"Mzone\",\"@id\":\"https:\\\/\\\/www.mzone.cz\\\/#\\\/schema\\\/person\\\/9bc20cc422a99cac4af6ff9297da32d4\"},\"headline\":\"5 osudov\u00fdch hav\u00e1ri\u00ed, kter\u00e9 skon\u010dily smrt\u00ed, ale pak zachr\u00e1nily \u017eivot ostatn\u00edm\",\"datePublished\":\"2024-03-27T17:00:05+00:00\",\"dateModified\":\"2024-03-27T17:18:06+00:00\",\"mainEntityOfPage\":{\"@id\":\"https:\\\/\\\/www.mzone.cz\\\/5-osudovych-havarii-ktere-skoncily-smrti-ale-pak-zachranily-zivot-ostatnim\\\/\"},\"wordCount\":906,\"commentCount\":0,\"image\":{\"@id\":\"https:\\\/\\\/www.mzone.cz\\\/5-osudovych-havarii-ktere-skoncily-smrti-ale-pak-zachranily-zivot-ostatnim\\\/#primaryimage\"},\"thumbnailUrl\":\"https:\\\/\\\/www.mzone.cz\\\/wp-content\\\/uploads\\\/2018\\\/12\\\/Incidente_di_Ayrton_Senna_a_Imola_1994_-_02.jpg\",\"keywords\":[\"auta\",\"auto-moto\",\"bezpe\u010dnost\",\"hav\u00e1rie\",\"motorsport\",\"nehoda\",\"nehody\",\"okruh\",\"pokrok\",\"smrt\",\"Sport\",\"trag\u00e9die\",\"\u00famrt\u00ed\",\"Z\u00e1vody\"],\"articleSection\":[\"Auto-moto\",\"Historie\",\"Sport\"],\"inLanguage\":\"en-US\",\"potentialAction\":[{\"@type\":\"CommentAction\",\"name\":\"Comment\",\"target\":[\"https:\\\/\\\/www.mzone.cz\\\/5-osudovych-havarii-ktere-skoncily-smrti-ale-pak-zachranily-zivot-ostatnim\\\/#respond\"]}]},{\"@type\":\"WebPage\",\"@id\":\"https:\\\/\\\/www.mzone.cz\\\/5-osudovych-havarii-ktere-skoncily-smrti-ale-pak-zachranily-zivot-ostatnim\\\/\",\"url\":\"https:\\\/\\\/www.mzone.cz\\\/5-osudovych-havarii-ktere-skoncily-smrti-ale-pak-zachranily-zivot-ostatnim\\\/\",\"name\":\"5 osudov\u00fdch hav\u00e1ri\u00ed, kter\u00e9 skon\u010dily smrt\u00ed, ale pak zachr\u00e1nily \u017eivot ostatn\u00edm - Mzone\",\"isPartOf\":{\"@id\":\"https:\\\/\\\/www.mzone.cz\\\/#website\"},\"primaryImageOfPage\":{\"@id\":\"https:\\\/\\\/www.mzone.cz\\\/5-osudovych-havarii-ktere-skoncily-smrti-ale-pak-zachranily-zivot-ostatnim\\\/#primaryimage\"},\"image\":{\"@id\":\"https:\\\/\\\/www.mzone.cz\\\/5-osudovych-havarii-ktere-skoncily-smrti-ale-pak-zachranily-zivot-ostatnim\\\/#primaryimage\"},\"thumbnailUrl\":\"https:\\\/\\\/www.mzone.cz\\\/wp-content\\\/uploads\\\/2018\\\/12\\\/Incidente_di_Ayrton_Senna_a_Imola_1994_-_02.jpg\",\"datePublished\":\"2024-03-27T17:00:05+00:00\",\"dateModified\":\"2024-03-27T17:18:06+00:00\",\"author\":{\"@id\":\"https:\\\/\\\/www.mzone.cz\\\/#\\\/schema\\\/person\\\/9bc20cc422a99cac4af6ff9297da32d4\"},\"description\":\"Vybrali jsme pro v\u00e1s 5 o\u0161kliv\u00fdch nehod ze z\u00e1vodn\u00edch okruh\u016f, kter\u00e9 skon\u010dily smrt\u00ed, ale pak zachr\u00e1nily \u017eivot ostatn\u00edm. \u0158\u00edk\u00e1 se, \u017ee cesta pokroku a pozn\u00e1n\u00ed je dl\u00e1\u017ed\u011bna pomn\u00edky padl\u00fdch objevitel\u016f. V t\u011bchto p\u011bti p\u0159\u00edpadech pak smrt z\u00e1vodn\u00edch jezdc\u016f a div\u00e1k\u016f znamenala zm\u011bnu pravidel a zaveden\u00fdch pom\u011br\u016f.\",\"breadcrumb\":{\"@id\":\"https:\\\/\\\/www.mzone.cz\\\/5-osudovych-havarii-ktere-skoncily-smrti-ale-pak-zachranily-zivot-ostatnim\\\/#breadcrumb\"},\"inLanguage\":\"en-US\",\"potentialAction\":[{\"@type\":\"ReadAction\",\"target\":[\"https:\\\/\\\/www.mzone.cz\\\/5-osudovych-havarii-ktere-skoncily-smrti-ale-pak-zachranily-zivot-ostatnim\\\/\"]}]},{\"@type\":\"ImageObject\",\"inLanguage\":\"en-US\",\"@id\":\"https:\\\/\\\/www.mzone.cz\\\/5-osudovych-havarii-ktere-skoncily-smrti-ale-pak-zachranily-zivot-ostatnim\\\/#primaryimage\",\"url\":\"https:\\\/\\\/www.mzone.cz\\\/wp-content\\\/uploads\\\/2018\\\/12\\\/Incidente_di_Ayrton_Senna_a_Imola_1994_-_02.jpg\",\"contentUrl\":\"https:\\\/\\\/www.mzone.cz\\\/wp-content\\\/uploads\\\/2018\\\/12\\\/Incidente_di_Ayrton_Senna_a_Imola_1994_-_02.jpg\",\"width\":1024,\"height\":689},{\"@type\":\"BreadcrumbList\",\"@id\":\"https:\\\/\\\/www.mzone.cz\\\/5-osudovych-havarii-ktere-skoncily-smrti-ale-pak-zachranily-zivot-ostatnim\\\/#breadcrumb\",\"itemListElement\":[{\"@type\":\"ListItem\",\"position\":1,\"name\":\"Dom\u016f\",\"item\":\"https:\\\/\\\/www.mzone.cz\\\/\"},{\"@type\":\"ListItem\",\"position\":2,\"name\":\"5 osudov\u00fdch hav\u00e1ri\u00ed, kter\u00e9 skon\u010dily smrt\u00ed, ale pak zachr\u00e1nily \u017eivot ostatn\u00edm\"}]},{\"@type\":\"WebSite\",\"@id\":\"https:\\\/\\\/www.mzone.cz\\\/#website\",\"url\":\"https:\\\/\\\/www.mzone.cz\\\/\",\"name\":\"Mzone\",\"description\":\"Magaz\u00edn nejen pro mu\u017ee\",\"potentialAction\":[{\"@type\":\"SearchAction\",\"target\":{\"@type\":\"EntryPoint\",\"urlTemplate\":\"https:\\\/\\\/www.mzone.cz\\\/?s={search_term_string}\"},\"query-input\":{\"@type\":\"PropertyValueSpecification\",\"valueRequired\":true,\"valueName\":\"search_term_string\"}}],\"inLanguage\":\"en-US\"},{\"@type\":\"Person\",\"@id\":\"https:\\\/\\\/www.mzone.cz\\\/#\\\/schema\\\/person\\\/9bc20cc422a99cac4af6ff9297da32d4\",\"name\":\"Mzone\",\"image\":{\"@type\":\"ImageObject\",\"inLanguage\":\"en-US\",\"@id\":\"https:\\\/\\\/secure.gravatar.com\\\/avatar\\\/e780a8630f3182a3d06dd667ab6bea151a0d155b0951bc15fe22633acdac0676?s=96&d=mm&r=g\",\"url\":\"https:\\\/\\\/secure.gravatar.com\\\/avatar\\\/e780a8630f3182a3d06dd667ab6bea151a0d155b0951bc15fe22633acdac0676?s=96&d=mm&r=g\",\"contentUrl\":\"https:\\\/\\\/secure.gravatar.com\\\/avatar\\\/e780a8630f3182a3d06dd667ab6bea151a0d155b0951bc15fe22633acdac0676?s=96&d=mm&r=g\",\"caption\":\"Mzone\"},\"url\":\"https:\\\/\\\/www.mzone.cz\\\/en\\\/author\\\/jakub\\\/\"}]}<\/script>\n<!-- \/ Yoast SEO plugin. -->","yoast_head_json":{"title":"5 osudov\u00fdch hav\u00e1ri\u00ed, kter\u00e9 skon\u010dily smrt\u00ed, ale pak zachr\u00e1nily \u017eivot ostatn\u00edm - Mzone","description":"Vybrali jsme pro v\u00e1s 5 o\u0161kliv\u00fdch nehod ze z\u00e1vodn\u00edch okruh\u016f, kter\u00e9 skon\u010dily smrt\u00ed, ale pak zachr\u00e1nily \u017eivot ostatn\u00edm. \u0158\u00edk\u00e1 se, \u017ee cesta pokroku a pozn\u00e1n\u00ed je dl\u00e1\u017ed\u011bna pomn\u00edky padl\u00fdch objevitel\u016f. V t\u011bchto p\u011bti p\u0159\u00edpadech pak smrt z\u00e1vodn\u00edch jezdc\u016f a div\u00e1k\u016f znamenala zm\u011bnu pravidel a zaveden\u00fdch pom\u011br\u016f.","robots":{"index":"index","follow":"follow","max-snippet":"max-snippet:-1","max-image-preview":"max-image-preview:large","max-video-preview":"max-video-preview:-1"},"canonical":"https:\/\/www.mzone.cz\/en\/5-osudovych-havarii-ktere-skoncily-smrti-ale-pak-zachranily-zivot-ostatnim\/","og_locale":"en_US","og_type":"article","og_title":"5 osudov\u00fdch hav\u00e1ri\u00ed, kter\u00e9 skon\u010dily smrt\u00ed, ale pak zachr\u00e1nily \u017eivot ostatn\u00edm - Mzone","og_description":"Vybrali jsme pro v\u00e1s 5 o\u0161kliv\u00fdch nehod ze z\u00e1vodn\u00edch okruh\u016f, kter\u00e9 skon\u010dily smrt\u00ed, ale pak zachr\u00e1nily \u017eivot ostatn\u00edm. \u0158\u00edk\u00e1 se, \u017ee cesta pokroku a pozn\u00e1n\u00ed je dl\u00e1\u017ed\u011bna pomn\u00edky padl\u00fdch objevitel\u016f. V t\u011bchto p\u011bti p\u0159\u00edpadech pak smrt z\u00e1vodn\u00edch jezdc\u016f a div\u00e1k\u016f znamenala zm\u011bnu pravidel a zaveden\u00fdch pom\u011br\u016f.","og_url":"https:\/\/www.mzone.cz\/en\/5-osudovych-havarii-ktere-skoncily-smrti-ale-pak-zachranily-zivot-ostatnim\/","og_site_name":"Mzone","article_publisher":"https:\/\/www.facebook.com\/MzoneCZ\/","article_published_time":"2024-03-27T17:00:05+00:00","article_modified_time":"2024-03-27T17:18:06+00:00","og_image":[{"width":1024,"height":689,"url":"https:\/\/www.mzone.cz\/wp-content\/uploads\/2018\/12\/Incidente_di_Ayrton_Senna_a_Imola_1994_-_02.jpg","type":"image\/jpeg"}],"author":"Mzone","twitter_card":"summary_large_image","twitter_misc":{"Written by":"Mzone","Est. reading time":"4 minutes"},"schema":{"@context":"https:\/\/schema.org","@graph":[{"@type":"Article","@id":"https:\/\/www.mzone.cz\/5-osudovych-havarii-ktere-skoncily-smrti-ale-pak-zachranily-zivot-ostatnim\/#article","isPartOf":{"@id":"https:\/\/www.mzone.cz\/5-osudovych-havarii-ktere-skoncily-smrti-ale-pak-zachranily-zivot-ostatnim\/"},"author":{"name":"Mzone","@id":"https:\/\/www.mzone.cz\/#\/schema\/person\/9bc20cc422a99cac4af6ff9297da32d4"},"headline":"5 osudov\u00fdch hav\u00e1ri\u00ed, kter\u00e9 skon\u010dily smrt\u00ed, ale pak zachr\u00e1nily \u017eivot ostatn\u00edm","datePublished":"2024-03-27T17:00:05+00:00","dateModified":"2024-03-27T17:18:06+00:00","mainEntityOfPage":{"@id":"https:\/\/www.mzone.cz\/5-osudovych-havarii-ktere-skoncily-smrti-ale-pak-zachranily-zivot-ostatnim\/"},"wordCount":906,"commentCount":0,"image":{"@id":"https:\/\/www.mzone.cz\/5-osudovych-havarii-ktere-skoncily-smrti-ale-pak-zachranily-zivot-ostatnim\/#primaryimage"},"thumbnailUrl":"https:\/\/www.mzone.cz\/wp-content\/uploads\/2018\/12\/Incidente_di_Ayrton_Senna_a_Imola_1994_-_02.jpg","keywords":["auta","auto-moto","bezpe\u010dnost","hav\u00e1rie","motorsport","nehoda","nehody","okruh","pokrok","smrt","Sport","trag\u00e9die","\u00famrt\u00ed","Z\u00e1vody"],"articleSection":["Auto-moto","Historie","Sport"],"inLanguage":"en-US","potentialAction":[{"@type":"CommentAction","name":"Comment","target":["https:\/\/www.mzone.cz\/5-osudovych-havarii-ktere-skoncily-smrti-ale-pak-zachranily-zivot-ostatnim\/#respond"]}]},{"@type":"WebPage","@id":"https:\/\/www.mzone.cz\/5-osudovych-havarii-ktere-skoncily-smrti-ale-pak-zachranily-zivot-ostatnim\/","url":"https:\/\/www.mzone.cz\/5-osudovych-havarii-ktere-skoncily-smrti-ale-pak-zachranily-zivot-ostatnim\/","name":"5 osudov\u00fdch hav\u00e1ri\u00ed, kter\u00e9 skon\u010dily smrt\u00ed, ale pak zachr\u00e1nily \u017eivot ostatn\u00edm - Mzone","isPartOf":{"@id":"https:\/\/www.mzone.cz\/#website"},"primaryImageOfPage":{"@id":"https:\/\/www.mzone.cz\/5-osudovych-havarii-ktere-skoncily-smrti-ale-pak-zachranily-zivot-ostatnim\/#primaryimage"},"image":{"@id":"https:\/\/www.mzone.cz\/5-osudovych-havarii-ktere-skoncily-smrti-ale-pak-zachranily-zivot-ostatnim\/#primaryimage"},"thumbnailUrl":"https:\/\/www.mzone.cz\/wp-content\/uploads\/2018\/12\/Incidente_di_Ayrton_Senna_a_Imola_1994_-_02.jpg","datePublished":"2024-03-27T17:00:05+00:00","dateModified":"2024-03-27T17:18:06+00:00","author":{"@id":"https:\/\/www.mzone.cz\/#\/schema\/person\/9bc20cc422a99cac4af6ff9297da32d4"},"description":"Vybrali jsme pro v\u00e1s 5 o\u0161kliv\u00fdch nehod ze z\u00e1vodn\u00edch okruh\u016f, kter\u00e9 skon\u010dily smrt\u00ed, ale pak zachr\u00e1nily \u017eivot ostatn\u00edm. \u0158\u00edk\u00e1 se, \u017ee cesta pokroku a pozn\u00e1n\u00ed je dl\u00e1\u017ed\u011bna pomn\u00edky padl\u00fdch objevitel\u016f. V t\u011bchto p\u011bti p\u0159\u00edpadech pak smrt z\u00e1vodn\u00edch jezdc\u016f a div\u00e1k\u016f znamenala zm\u011bnu pravidel a zaveden\u00fdch pom\u011br\u016f.","breadcrumb":{"@id":"https:\/\/www.mzone.cz\/5-osudovych-havarii-ktere-skoncily-smrti-ale-pak-zachranily-zivot-ostatnim\/#breadcrumb"},"inLanguage":"en-US","potentialAction":[{"@type":"ReadAction","target":["https:\/\/www.mzone.cz\/5-osudovych-havarii-ktere-skoncily-smrti-ale-pak-zachranily-zivot-ostatnim\/"]}]},{"@type":"ImageObject","inLanguage":"en-US","@id":"https:\/\/www.mzone.cz\/5-osudovych-havarii-ktere-skoncily-smrti-ale-pak-zachranily-zivot-ostatnim\/#primaryimage","url":"https:\/\/www.mzone.cz\/wp-content\/uploads\/2018\/12\/Incidente_di_Ayrton_Senna_a_Imola_1994_-_02.jpg","contentUrl":"https:\/\/www.mzone.cz\/wp-content\/uploads\/2018\/12\/Incidente_di_Ayrton_Senna_a_Imola_1994_-_02.jpg","width":1024,"height":689},{"@type":"BreadcrumbList","@id":"https:\/\/www.mzone.cz\/5-osudovych-havarii-ktere-skoncily-smrti-ale-pak-zachranily-zivot-ostatnim\/#breadcrumb","itemListElement":[{"@type":"ListItem","position":1,"name":"Dom\u016f","item":"https:\/\/www.mzone.cz\/"},{"@type":"ListItem","position":2,"name":"5 osudov\u00fdch hav\u00e1ri\u00ed, kter\u00e9 skon\u010dily smrt\u00ed, ale pak zachr\u00e1nily \u017eivot ostatn\u00edm"}]},{"@type":"WebSite","@id":"https:\/\/www.mzone.cz\/#website","url":"https:\/\/www.mzone.cz\/","name":"Mzone","description":"Magaz\u00edn nejen pro mu\u017ee","potentialAction":[{"@type":"SearchAction","target":{"@type":"EntryPoint","urlTemplate":"https:\/\/www.mzone.cz\/?s={search_term_string}"},"query-input":{"@type":"PropertyValueSpecification","valueRequired":true,"valueName":"search_term_string"}}],"inLanguage":"en-US"},{"@type":"Person","@id":"https:\/\/www.mzone.cz\/#\/schema\/person\/9bc20cc422a99cac4af6ff9297da32d4","name":"Mzone","image":{"@type":"ImageObject","inLanguage":"en-US","@id":"https:\/\/secure.gravatar.com\/avatar\/e780a8630f3182a3d06dd667ab6bea151a0d155b0951bc15fe22633acdac0676?s=96&d=mm&r=g","url":"https:\/\/secure.gravatar.com\/avatar\/e780a8630f3182a3d06dd667ab6bea151a0d155b0951bc15fe22633acdac0676?s=96&d=mm&r=g","contentUrl":"https:\/\/secure.gravatar.com\/avatar\/e780a8630f3182a3d06dd667ab6bea151a0d155b0951bc15fe22633acdac0676?s=96&d=mm&r=g","caption":"Mzone"},"url":"https:\/\/www.mzone.cz\/en\/author\/jakub\/"}]}},"_links":{"self":[{"href":"https:\/\/www.mzone.cz\/en\/wp-json\/wp\/v2\/posts\/2736","targetHints":{"allow":["GET"]}}],"collection":[{"href":"https:\/\/www.mzone.cz\/en\/wp-json\/wp\/v2\/posts"}],"about":[{"href":"https:\/\/www.mzone.cz\/en\/wp-json\/wp\/v2\/types\/post"}],"author":[{"embeddable":true,"href":"https:\/\/www.mzone.cz\/en\/wp-json\/wp\/v2\/users\/4"}],"replies":[{"embeddable":true,"href":"https:\/\/www.mzone.cz\/en\/wp-json\/wp\/v2\/comments?post=2736"}],"version-history":[{"count":1,"href":"https:\/\/www.mzone.cz\/en\/wp-json\/wp\/v2\/posts\/2736\/revisions"}],"predecessor-version":[{"id":13094,"href":"https:\/\/www.mzone.cz\/en\/wp-json\/wp\/v2\/posts\/2736\/revisions\/13094"}],"wp:featuredmedia":[{"embeddable":true,"href":"https:\/\/www.mzone.cz\/en\/wp-json\/wp\/v2\/media\/2754"}],"wp:attachment":[{"href":"https:\/\/www.mzone.cz\/en\/wp-json\/wp\/v2\/media?parent=2736"}],"wp:term":[{"taxonomy":"category","embeddable":true,"href":"https:\/\/www.mzone.cz\/en\/wp-json\/wp\/v2\/categories?post=2736"},{"taxonomy":"post_tag","embeddable":true,"href":"https:\/\/www.mzone.cz\/en\/wp-json\/wp\/v2\/tags?post=2736"}],"curies":[{"name":"wp","href":"https:\/\/api.w.org\/{rel}","templated":true}]}}