{"id":27781,"date":"2021-02-26T05:00:00","date_gmt":"2021-02-26T04:00:00","guid":{"rendered":"https:\/\/www.mzone.cz\/?p=27781"},"modified":"2021-01-11T17:50:16","modified_gmt":"2021-01-11T16:50:16","slug":"profese-obory-koronakrize-perspektiva-do-budoucnosti","status":"publish","type":"post","link":"https:\/\/www.mzone.cz\/en\/profese-obory-koronakrize-perspektiva-do-budoucnosti\/","title":{"rendered":"Ve kter\u00fdch profes\u00edch nemaj\u00ed lid\u00e9 perspektivn\u00ed vyhl\u00eddky? V\u00edme to!"},"content":{"rendered":"<p><strong>Koronavirov\u00e1 krize \u0159\u00e1dn\u011b zacvi\u010dila pracovn\u00edm trhem. N\u011bkter\u00e9 obory na ni doplatily v\u00edce ne\u017e jin\u00e9 a lid\u00e9 v nich pracuj\u00edc\u00ed ztr\u00e1cej\u00ed jistotu a hledaj\u00ed si m\u00edsto jinde. V jin\u00fdch segmentech naopak te\u010f vznikaj\u00ed nov\u00e1 pracovn\u00ed m\u00edsta a z\u00e1jem o nov\u00e9 zam\u011bstnance nekles\u00e1.<\/strong><\/p><br>\n\n\n\n<h2 class=\"wp-block-heading\"><strong>Na koronu dopl\u00e1cej\u00ed nejv\u00edce slu\u017eby<\/strong><\/h2>\n\n\n\n<p>Covid-19 v\u00fdrazn\u011b zm\u011bnil na\u0161e \u017eivoty v\u010detn\u011b pracovn\u00edho trhu. Dobrou zpr\u00e1vou je, \u017ee nezam\u011bstnanost se zat\u00edm dr\u017e\u00ed na pom\u011brn\u011b n\u00edzk\u00fdch hodnot\u00e1ch, podle \u00fadaj\u016f EUROSTATu dokonce mezi nejni\u017e\u0161\u00edmi v cel\u00e9 EU.\u00a0<\/p>\n\n\n\n<blockquote class=\"wp-block-quote is-layout-flow wp-block-quote-is-layout-flow\"><p>Jsou ale obory, v nich\u017e lid\u00e9 opakovan\u011b p\u0159ich\u00e1zej\u00ed o mo\u017enost v\u00fdd\u011blku, tak\u017ee pro n\u011b jejich zam\u011bstn\u00e1n\u00ed p\u0159est\u00e1v\u00e1 b\u00fdt perspektivn\u00ed. \u0158ada z nich tak hled\u00e1 pr\u00e1ci v jin\u00fdch oborech \u2013 tato tendence je markantn\u00ed v oblastech spojen\u00fdch s cestovn\u00edm ruchem, ale tak\u00e9 v gastronomick\u00fdch slu\u017eb\u00e1ch a slu\u017eb\u00e1ch obecn\u011b.\u00a0<\/p><\/blockquote>\n\n\n\n<p>\u201eKles\u00e1 tak\u00e9 z\u00e1jem o zam\u011bstnance, kte\u0159\u00ed zast\u00e1vaj\u00ed back officov\u00e9 pozice, proto\u017ee chod kancel\u00e1\u0159\u00ed v dob\u011b, kdy v\u011bt\u0161ina zam\u011bstnanc\u016f pracuje z domova, nevy\u017eaduje tolik pracovn\u00edk\u016f. Sou\u010dasn\u00e1 situace ale vede i k ur\u010dit\u00fdm paradox\u016fm \u2013 na p\u0159elomu lo\u0148sk\u00e9ho l\u00e9ta a podzimu to byl nap\u0159\u00edklad v\u00fdrazn\u00fd nedostatek kucha\u0159\u016f a \u010d\u00ed\u0161n\u00edk\u016f, kte\u0159\u00ed v obav\u00e1ch o budoucnost hledali pr\u00e1ci v jin\u00fdch oborech,\u201c \u0159\u00edk\u00e1 Michal Nov\u00e1k z pracovn\u00edho port\u00e1lu <a href=\"https:\/\/www.profesia.cz\/\" target=\"_blank\" rel=\"noreferrer noopener\">Profesia<\/a>.<\/p><br>\n\n\n\n<figure class=\"wp-block-image size-large\"><img loading=\"lazy\" decoding=\"async\" width=\"1024\" height=\"683\" src=\"https:\/\/www.mzone.cz\/wp-content\/uploads\/2021\/01\/Vyhazov-z-prace-1024x683.jpg\" alt=\"N\u011bkter\u00e9 obory se po p\u0159\u00edchodu koronaviru ot\u0159\u00e1sly v z\u00e1kladech\" class=\"wp-image-27792\" srcset=\"https:\/\/www.mzone.cz\/wp-content\/uploads\/2021\/01\/Vyhazov-z-prace-1024x683.jpg 1024w, https:\/\/www.mzone.cz\/wp-content\/uploads\/2021\/01\/Vyhazov-z-prace-300x200.jpg 300w, https:\/\/www.mzone.cz\/wp-content\/uploads\/2021\/01\/Vyhazov-z-prace-768x512.jpg 768w, https:\/\/www.mzone.cz\/wp-content\/uploads\/2021\/01\/Vyhazov-z-prace-1536x1024.jpg 1536w, https:\/\/www.mzone.cz\/wp-content\/uploads\/2021\/01\/Vyhazov-z-prace-2048x1365.jpg 2048w, https:\/\/www.mzone.cz\/wp-content\/uploads\/2021\/01\/Vyhazov-z-prace-16x12.jpg 16w, https:\/\/www.mzone.cz\/wp-content\/uploads\/2021\/01\/Vyhazov-z-prace-800x533.jpg 800w, https:\/\/www.mzone.cz\/wp-content\/uploads\/2021\/01\/Vyhazov-z-prace-400x267.jpg 400w, https:\/\/www.mzone.cz\/wp-content\/uploads\/2021\/01\/Vyhazov-z-prace-500x333.jpg 500w, https:\/\/www.mzone.cz\/wp-content\/uploads\/2021\/01\/Vyhazov-z-prace-1170x780.jpg 1170w, https:\/\/www.mzone.cz\/wp-content\/uploads\/2021\/01\/Vyhazov-z-prace-590x393.jpg 590w\" sizes=\"auto, (max-width: 1024px) 100vw, 1024px\" \/><\/figure><br>\n\n\n\n<h2 class=\"wp-block-heading\"><strong>Kdo se nemus\u00ed b\u00e1t o svou budoucnost<\/strong><\/h2>\n\n\n\n<p>Velkou z\u00e1t\u011b\u017e\u00ed pro\u0161li lid\u00e9, kte\u0159\u00ed pracuj\u00ed ve zdravotnictv\u00ed, ve \u0161kolstv\u00ed a v n\u011bkter\u00fdch sektorech maloobchodu. Jde ale o obory, kde se lid\u00e9 o pr\u00e1ci rozhodn\u011b b\u00e1t nemusej\u00ed.<\/p>\n\n\n\n<blockquote class=\"wp-block-quote is-layout-flow wp-block-quote-is-layout-flow\"><p>L\u00e9ka\u0159, zdravotn\u00ed sest\u0159i\u010dka nebo t\u0159eba porodn\u00ed asistentka \u2013 to jsou profese, po kter\u00fdch i v n\u00e1sleduj\u00edc\u00edch letech poroste popt\u00e1vka.<\/p><\/blockquote>\n\n\n\n<p>Za obory budoucnosti je mo\u017en\u00e9 pova\u017eovat tak\u00e9 IT a profese, kter\u00e9 jsou spojen\u00e9 s digit\u00e1ln\u00edmi technologiemi. To potvrzuj\u00ed i n\u011bkte\u0159\u00ed zam\u011bstnavatel\u00e9.<\/p><br>\n\n\n\n<p>\u201eNejsme pouze poji\u0161\u0165ovna, ale tak\u00e9 technologick\u00e1 firma. V nov\u00e9m roce nab\u00edr\u00e1me i vysoce specializovan\u00e9 pozice do na\u0161eho IT centra \u2013 v\u00fdvoj\u00e1\u0159e software, IT architekty, solutions architekty apod. P\u0159esto\u017ee krize zp\u016fsoben\u00e1 covid-19 n\u00e1s zas\u00e1hla tak\u00e9, na\u0161e spole\u010dnost dok\u00e1zala v roce 2020 obchodn\u011b r\u016fst i v t\u011bchto n\u00e1ro\u010dn\u00fdch podm\u00ednk\u00e1ch. V roce 2021 a budeme hledat nov\u00e9 kolegy v oblasti obchodu, zpracov\u00e1n\u00ed pojistn\u00fdch ud\u00e1lost\u00ed \u010di projektov\u00e9ho managementu,\u201c \u0159\u00edk\u00e1 Kate\u0159ina Krist, HR mana\u017eerka BNP Paribas Cardif.<\/p><br>\n\n\n\n<p>Z\u00e1jem bude ale tak\u00e9 o \u0159emesln\u00edky \u2013 elektrik\u00e1\u0159e, oprav\u00e1\u0159e a r\u016fzn\u00e9 stavebn\u00ed profese, od zedn\u00edk\u016f, p\u0159es pokr\u00fdva\u010de, obklada\u010de, a\u017e po mal\u00ed\u0159e. O budoucnost se nemusej\u00ed b\u00e1t ani pedagogov\u00e9 nebo lid\u00e9 pracuj\u00edc\u00ed v soci\u00e1ln\u00edch slu\u017eb\u00e1ch.<\/p><br>\n\n\n\n<figure class=\"wp-block-image size-large\"><img loading=\"lazy\" decoding=\"async\" width=\"1024\" height=\"683\" src=\"https:\/\/www.mzone.cz\/wp-content\/uploads\/2021\/01\/Remeslnik-1024x683.jpg\" alt=\"\u0158emeslo m\u00e1 zlat\u00e9 dno\" class=\"wp-image-27797\" srcset=\"https:\/\/www.mzone.cz\/wp-content\/uploads\/2021\/01\/Remeslnik-1024x683.jpg 1024w, https:\/\/www.mzone.cz\/wp-content\/uploads\/2021\/01\/Remeslnik-300x200.jpg 300w, https:\/\/www.mzone.cz\/wp-content\/uploads\/2021\/01\/Remeslnik-768x512.jpg 768w, https:\/\/www.mzone.cz\/wp-content\/uploads\/2021\/01\/Remeslnik-1536x1024.jpg 1536w, https:\/\/www.mzone.cz\/wp-content\/uploads\/2021\/01\/Remeslnik-2048x1365.jpg 2048w, https:\/\/www.mzone.cz\/wp-content\/uploads\/2021\/01\/Remeslnik-16x12.jpg 16w, https:\/\/www.mzone.cz\/wp-content\/uploads\/2021\/01\/Remeslnik-800x533.jpg 800w, https:\/\/www.mzone.cz\/wp-content\/uploads\/2021\/01\/Remeslnik-400x267.jpg 400w, https:\/\/www.mzone.cz\/wp-content\/uploads\/2021\/01\/Remeslnik-500x333.jpg 500w, https:\/\/www.mzone.cz\/wp-content\/uploads\/2021\/01\/Remeslnik-1170x780.jpg 1170w, https:\/\/www.mzone.cz\/wp-content\/uploads\/2021\/01\/Remeslnik-590x393.jpg 590w\" sizes=\"auto, (max-width: 1024px) 100vw, 1024px\" \/><\/figure>\n\n\n\n<blockquote class=\"wp-block-quote is-layout-flow wp-block-quote-is-layout-flow\"><p>Vysok\u00e1 konkurence bude v kreativn\u00edch oborech. Krom\u011b t\u011bch um\u011bleck\u00fdch nap\u0159\u00edklad v profes\u00edch jako je fotograf, grafik, PR pracovn\u00edk nebo novin\u00e1\u0159.<\/p><\/blockquote>\n\n\n\n<p>R\u016f\u017eov\u00e1 budoucnost ale ne\u010dek\u00e1 ani investi\u010dn\u00ed analytiky, bankovn\u00ed \u00fa\u0159edn\u00edky \u010di makl\u00e9\u0159e, o p\u0159ep\u00e1\u017ekov\u00fdch pracovn\u00edc\u00edch v bankovnictv\u00ed a poji\u0161\u0165ovnictv\u00ed nemluv\u011b. Vzhledem k nar\u016fstaj\u00edc\u00ed automatizaci se tak\u00e9 p\u0159edpokl\u00e1d\u00e1 ni\u017e\u0161\u00ed popt\u00e1vka po pokladn\u00edch, recep\u010dn\u00edch a vr\u00e1tn\u00fdch, i kdy\u017e na m\u00edsta pokladn\u00edch moment\u00e1ln\u011b n\u00e1bor nepolevuje.<\/p><br>\n\n\n\n<p>\u201e\u00datlumu se mohou ob\u00e1vat i n\u011bkter\u00e9 v\u00fdrobn\u00ed obory, zejm\u00e9na vyvst\u00e1vaj\u00ed otazn\u00edky kolem budoucnosti automobilov\u00e9ho pr\u016fmyslu, a to z d\u016fvodu autonomn\u00edho \u0159\u00edzen\u00ed, \u010di kv\u016fli p\u0159echodu na elektrick\u00e9 pohonn\u00e9 jednotky. Tato transformace m\u00e1 n\u00e1sledn\u011b dopad na sekund\u00e1rn\u00ed obory jako jsou nap\u0159\u00edklad \u0159idi\u010di autobus\u016f, taxi a ostatn\u00edch dopravn\u00edch prost\u0159edk\u016f,\u201c \u0159\u00edk\u00e1 Karel Kotoun ze spole\u010dnosti <a href=\"https:\/\/www.accenture.com\/cz-en\" target=\"_blank\" rel=\"noreferrer noopener\">Accenture<\/a>.<\/p><br>\n\n\n\n<h2 class=\"wp-block-heading\"><strong>N\u00e1bor st\u00e1le nejv\u00edce jede ve v\u00fdrob\u011b<\/strong><\/h2>\n\n\n\n<p>I kdy\u017e se letos na trhu pr\u00e1ce leccos v\u00fdrazn\u011b zm\u011bnilo, nejv\u00edce nab\u00eddek pr\u00e1ce na port\u00e1lu Profesia je st\u00e1le do v\u00fdroby. Po\u010det nab\u00eddek zde p\u0159ed\u010dil hodnoty z p\u0159edch\u00e1zej\u00edc\u00edho roku opakovan\u011b \u2013 v z\u00e1\u0159\u00ed o 9 %, v \u0159\u00edjnu o 11 %, v listopadu dokonce o 38 % a v prosinci o 26 %.\u00a0 Velk\u00fdm \u201eskokanem\u201c je i stavebnictv\u00ed, kde v z\u00e1\u0159\u00ed stoupl po\u010det nab\u00eddek o 17 %, v \u0159\u00edjnu ale za\u010dal klesat. Krom\u011b t\u011bchto dvou obor\u016f jsme zaznamenali n\u00e1r\u016fst je\u0161t\u011b ve zdravotnictv\u00ed.<\/p>\n\n\n\n<blockquote class=\"wp-block-quote is-layout-flow wp-block-quote-is-layout-flow\"><p>Naopak propad byl nejv\u011bt\u0161\u00ed v cestovn\u00edm ruchu, gastronomick\u00fdch a hotelov\u00fdch slu\u017eb\u00e1ch, kde se od z\u00e1\u0159\u00ed pohybovaly propady oproti roku 2019 mezi 79 a 87 procenty, ve slu\u017eb\u00e1ch mezi 66 a 82 procenty. Nab\u00eddek v\u00fdznamn\u011b ubylo i v bankovnictv\u00ed, poji\u0161\u0165ovnictv\u00ed a z\u00e1kaznick\u00e9 podpo\u0159e.<\/p><\/blockquote>\n\n\n\n<p>Pracovn\u00edky do v\u00fdroby st\u00e1le hled\u00e1 tak\u00e9 nejv\u011bt\u0161\u00ed \u010desk\u00fd v\u00fdrobce zrcadel: \u201eS p\u0159\u00edchodem pandemie a uvoln\u011bn\u00edm pracovn\u00edch sil z posti\u017een\u00fdch obor\u016f jsme o\u010dek\u00e1vali zna\u010dn\u00fd n\u00e1r\u016fst z\u00e1jemc\u016f o vypsan\u00e9 pozice v na\u0161\u00ed v\u00fdrob\u011b. Realita je bohu\u017eel tristn\u00ed. Z\u00e1jemci sice jsou, ale v drtiv\u00e9 v\u011bt\u0161in\u011b p\u0159\u00edpad\u016f bu\u010f v\u016fbec nenastoup\u00ed nebo se p\u0159i nejbli\u017e\u0161\u00ed p\u0159\u00edle\u017eitosti tzv. hod\u00ed marod. Nesledujeme tedy \u017e\u00e1dnou zm\u011bnu oproti p\u0159edchoz\u00edm rok\u016fm,\u201c \u0159\u00edk\u00e1 \u0159editelka spole\u010dnosti Amirro Lucie Hronov\u00e1.<\/p><br>\n\n\n\n<div class=\"wp-block-media-text alignwide is-stacked-on-mobile is-vertically-aligned-top\" style=\"grid-template-columns:24% auto\"><figure class=\"wp-block-media-text__media\"><a href=\"https:\/\/www.mzone.cz\/ztrata-prace-lidi-strasi-krize-i-roboti\/\"><img loading=\"lazy\" decoding=\"async\" width=\"1024\" height=\"683\" src=\"https:\/\/www.mzone.cz\/wp-content\/uploads\/2020\/12\/Muz-ve-stresu-1024x683.jpg\" alt=\"\" class=\"wp-image-25680 size-full\" srcset=\"https:\/\/www.mzone.cz\/wp-content\/uploads\/2020\/12\/Muz-ve-stresu-1024x683.jpg 1024w, https:\/\/www.mzone.cz\/wp-content\/uploads\/2020\/12\/Muz-ve-stresu-300x200.jpg 300w, https:\/\/www.mzone.cz\/wp-content\/uploads\/2020\/12\/Muz-ve-stresu-768x512.jpg 768w, https:\/\/www.mzone.cz\/wp-content\/uploads\/2020\/12\/Muz-ve-stresu-1536x1024.jpg 1536w, https:\/\/www.mzone.cz\/wp-content\/uploads\/2020\/12\/Muz-ve-stresu-16x12.jpg 16w, https:\/\/www.mzone.cz\/wp-content\/uploads\/2020\/12\/Muz-ve-stresu-800x533.jpg 800w, https:\/\/www.mzone.cz\/wp-content\/uploads\/2020\/12\/Muz-ve-stresu-400x267.jpg 400w, https:\/\/www.mzone.cz\/wp-content\/uploads\/2020\/12\/Muz-ve-stresu-500x333.jpg 500w, https:\/\/www.mzone.cz\/wp-content\/uploads\/2020\/12\/Muz-ve-stresu-1170x780.jpg 1170w, https:\/\/www.mzone.cz\/wp-content\/uploads\/2020\/12\/Muz-ve-stresu-590x393.jpg 590w, https:\/\/www.mzone.cz\/wp-content\/uploads\/2020\/12\/Muz-ve-stresu.jpg 1893w\" sizes=\"auto, (max-width: 1024px) 100vw, 1024px\" \/><\/a><\/figure><div class=\"wp-block-media-text__content\">\n<h4><a href=\"https:\/\/www.mzone.cz\/ztrata-prace-lidi-strasi-krize-i-roboti\/\">Lid\u00e9 se boj\u00ed ztr\u00e1ty pr\u00e1ce. Stra\u0161\u00ed je krize i roboti<\/a><\/h4><br>\n<\/div><\/div>","protected":false},"excerpt":{"rendered":"<p>Koronavirov\u00e1 krize \u0159\u00e1dn\u011b zacvi\u010dila pracovn\u00edm trhem. N\u011bkter\u00e9 obory na ni doplatily v\u00edce ne\u017e jin\u00e9 a lid\u00e9 v nich pracuj\u00edc\u00ed ztr\u00e1cej\u00ed jistotu a hledaj\u00ed si m\u00edsto jinde. V jin\u00fdch segmentech naopak te\u010f vznikaj\u00ed nov\u00e1 pracovn\u00ed m\u00edsta a z\u00e1jem o nov\u00e9 zam\u011bstnance nekles\u00e1. Na koronu dopl\u00e1cej\u00ed nejv\u00edce slu\u017eby Covid-19 v\u00fdrazn\u011b zm\u011bnil na\u0161e \u017eivoty v\u010detn\u011b pracovn\u00edho trhu. Dobrou [&hellip;]<\/p>\n","protected":false},"author":4,"featured_media":27790,"comment_status":"open","ping_status":"closed","sticky":false,"template":"","format":"standard","meta":{"kk_blocks_editor_width":"","_kiokenblocks_attr":"","_kiokenblocks_dimensions":"","footnotes":""},"categories":[386,25,64],"tags":[593,950,4497,3619,3743,3560,1524,4622,4623,4624,4625,720,1610,490,148,1332],"class_list":["post-27781","post","type-post","status-publish","format-standard","has-post-thumbnail","hentry","category-bez-obalu","category-style","category-trendy","tag-bez-obalu","tag-budoucnost","tag-covid","tag-covid-19","tag-koronakrize","tag-koronavirus","tag-krize","tag-obor","tag-obory","tag-perspektiva","tag-potencial","tag-prace","tag-profese","tag-style","tag-trendy","tag-zamestnani"],"yoast_head":"<!-- This site is optimized with the Yoast SEO plugin v27.5 - https:\/\/yoast.com\/product\/yoast-seo-wordpress\/ -->\n<title>Ve kter\u00fdch profes\u00edch nemaj\u00ed lid\u00e9 perspektivn\u00ed vyhl\u00eddky? V\u00edme to! - Mzone<\/title>\n<meta name=\"description\" content=\"Koronavirov\u00e1 krize \u0159\u00e1dn\u011b zacvi\u010dila pracovn\u00edm trhem. N\u011bkter\u00e9 obory na ni doplatily v\u00edce ne\u017e jin\u00e9 a lid\u00e9 v nich pracuj\u00edc\u00ed ztr\u00e1cej\u00ed jistotu a hledaj\u00ed si m\u00edsto jinde. V jin\u00fdch segmentech naopak te\u010f vznikaj\u00ed nov\u00e1 pracovn\u00ed m\u00edsta a z\u00e1jem o nov\u00e9 zam\u011bstnance nekles\u00e1.\" \/>\n<meta name=\"robots\" content=\"index, follow, max-snippet:-1, max-image-preview:large, max-video-preview:-1\" \/>\n<link rel=\"canonical\" href=\"https:\/\/www.mzone.cz\/en\/profese-obory-koronakrize-perspektiva-do-budoucnosti\/\" \/>\n<meta property=\"og:locale\" content=\"en_US\" \/>\n<meta property=\"og:type\" content=\"article\" \/>\n<meta property=\"og:title\" content=\"Ve kter\u00fdch profes\u00edch nemaj\u00ed lid\u00e9 perspektivn\u00ed vyhl\u00eddky? V\u00edme to! - Mzone\" \/>\n<meta property=\"og:description\" content=\"Koronavirov\u00e1 krize \u0159\u00e1dn\u011b zacvi\u010dila pracovn\u00edm trhem. N\u011bkter\u00e9 obory na ni doplatily v\u00edce ne\u017e jin\u00e9 a lid\u00e9 v nich pracuj\u00edc\u00ed ztr\u00e1cej\u00ed jistotu a hledaj\u00ed si m\u00edsto jinde. V jin\u00fdch segmentech naopak te\u010f vznikaj\u00ed nov\u00e1 pracovn\u00ed m\u00edsta a z\u00e1jem o nov\u00e9 zam\u011bstnance nekles\u00e1.\" \/>\n<meta property=\"og:url\" content=\"https:\/\/www.mzone.cz\/en\/profese-obory-koronakrize-perspektiva-do-budoucnosti\/\" \/>\n<meta property=\"og:site_name\" content=\"Mzone\" \/>\n<meta property=\"article:publisher\" content=\"https:\/\/www.facebook.com\/MzoneCZ\/\" \/>\n<meta property=\"article:published_time\" content=\"2021-02-26T04:00:00+00:00\" \/>\n<meta property=\"og:image\" content=\"https:\/\/www.mzone.cz\/wp-content\/uploads\/2021\/02\/Profese-krize-nestastny-muz-scaled.jpg\" \/>\n\t<meta property=\"og:image:width\" content=\"2560\" \/>\n\t<meta property=\"og:image:height\" content=\"1707\" \/>\n\t<meta property=\"og:image:type\" content=\"image\/jpeg\" \/>\n<meta name=\"author\" content=\"Mzone\" \/>\n<meta name=\"twitter:card\" content=\"summary_large_image\" \/>\n<meta name=\"twitter:label1\" content=\"Written by\" \/>\n\t<meta name=\"twitter:data1\" content=\"Mzone\" \/>\n\t<meta name=\"twitter:label2\" content=\"Est. reading time\" \/>\n\t<meta name=\"twitter:data2\" content=\"5 minutes\" \/>\n<script type=\"application\/ld+json\" class=\"yoast-schema-graph\">{\"@context\":\"https:\\\/\\\/schema.org\",\"@graph\":[{\"@type\":\"Article\",\"@id\":\"https:\\\/\\\/www.mzone.cz\\\/profese-obory-koronakrize-perspektiva-do-budoucnosti\\\/#article\",\"isPartOf\":{\"@id\":\"https:\\\/\\\/www.mzone.cz\\\/profese-obory-koronakrize-perspektiva-do-budoucnosti\\\/\"},\"author\":{\"name\":\"Mzone\",\"@id\":\"https:\\\/\\\/www.mzone.cz\\\/#\\\/schema\\\/person\\\/9bc20cc422a99cac4af6ff9297da32d4\"},\"headline\":\"Ve kter\u00fdch profes\u00edch nemaj\u00ed lid\u00e9 perspektivn\u00ed vyhl\u00eddky? V\u00edme to!\",\"datePublished\":\"2021-02-26T04:00:00+00:00\",\"mainEntityOfPage\":{\"@id\":\"https:\\\/\\\/www.mzone.cz\\\/profese-obory-koronakrize-perspektiva-do-budoucnosti\\\/\"},\"wordCount\":943,\"commentCount\":0,\"image\":{\"@id\":\"https:\\\/\\\/www.mzone.cz\\\/profese-obory-koronakrize-perspektiva-do-budoucnosti\\\/#primaryimage\"},\"thumbnailUrl\":\"https:\\\/\\\/www.mzone.cz\\\/wp-content\\\/uploads\\\/2021\\\/02\\\/Profese-krize-nestastny-muz-scaled.jpg\",\"keywords\":[\"bez obalu\",\"budoucnost\",\"covid\",\"COVID-19\",\"koronakrize\",\"koronavirus\",\"krize\",\"obor\",\"obory\",\"perspektiva\",\"potenci\u00e1l\",\"pr\u00e1ce\",\"profese\",\"style\",\"trendy\",\"zam\u011bstn\u00e1n\u00ed\"],\"articleSection\":[\"Bez obalu\",\"Style\",\"Trendy\"],\"inLanguage\":\"en-US\",\"potentialAction\":[{\"@type\":\"CommentAction\",\"name\":\"Comment\",\"target\":[\"https:\\\/\\\/www.mzone.cz\\\/profese-obory-koronakrize-perspektiva-do-budoucnosti\\\/#respond\"]}]},{\"@type\":\"WebPage\",\"@id\":\"https:\\\/\\\/www.mzone.cz\\\/profese-obory-koronakrize-perspektiva-do-budoucnosti\\\/\",\"url\":\"https:\\\/\\\/www.mzone.cz\\\/profese-obory-koronakrize-perspektiva-do-budoucnosti\\\/\",\"name\":\"Ve kter\u00fdch profes\u00edch nemaj\u00ed lid\u00e9 perspektivn\u00ed vyhl\u00eddky? V\u00edme to! - Mzone\",\"isPartOf\":{\"@id\":\"https:\\\/\\\/www.mzone.cz\\\/#website\"},\"primaryImageOfPage\":{\"@id\":\"https:\\\/\\\/www.mzone.cz\\\/profese-obory-koronakrize-perspektiva-do-budoucnosti\\\/#primaryimage\"},\"image\":{\"@id\":\"https:\\\/\\\/www.mzone.cz\\\/profese-obory-koronakrize-perspektiva-do-budoucnosti\\\/#primaryimage\"},\"thumbnailUrl\":\"https:\\\/\\\/www.mzone.cz\\\/wp-content\\\/uploads\\\/2021\\\/02\\\/Profese-krize-nestastny-muz-scaled.jpg\",\"datePublished\":\"2021-02-26T04:00:00+00:00\",\"author\":{\"@id\":\"https:\\\/\\\/www.mzone.cz\\\/#\\\/schema\\\/person\\\/9bc20cc422a99cac4af6ff9297da32d4\"},\"description\":\"Koronavirov\u00e1 krize \u0159\u00e1dn\u011b zacvi\u010dila pracovn\u00edm trhem. N\u011bkter\u00e9 obory na ni doplatily v\u00edce ne\u017e jin\u00e9 a lid\u00e9 v nich pracuj\u00edc\u00ed ztr\u00e1cej\u00ed jistotu a hledaj\u00ed si m\u00edsto jinde. V jin\u00fdch segmentech naopak te\u010f vznikaj\u00ed nov\u00e1 pracovn\u00ed m\u00edsta a z\u00e1jem o nov\u00e9 zam\u011bstnance nekles\u00e1.\",\"breadcrumb\":{\"@id\":\"https:\\\/\\\/www.mzone.cz\\\/profese-obory-koronakrize-perspektiva-do-budoucnosti\\\/#breadcrumb\"},\"inLanguage\":\"en-US\",\"potentialAction\":[{\"@type\":\"ReadAction\",\"target\":[\"https:\\\/\\\/www.mzone.cz\\\/profese-obory-koronakrize-perspektiva-do-budoucnosti\\\/\"]}]},{\"@type\":\"ImageObject\",\"inLanguage\":\"en-US\",\"@id\":\"https:\\\/\\\/www.mzone.cz\\\/profese-obory-koronakrize-perspektiva-do-budoucnosti\\\/#primaryimage\",\"url\":\"https:\\\/\\\/www.mzone.cz\\\/wp-content\\\/uploads\\\/2021\\\/02\\\/Profese-krize-nestastny-muz-scaled.jpg\",\"contentUrl\":\"https:\\\/\\\/www.mzone.cz\\\/wp-content\\\/uploads\\\/2021\\\/02\\\/Profese-krize-nestastny-muz-scaled.jpg\",\"width\":2560,\"height\":1707},{\"@type\":\"BreadcrumbList\",\"@id\":\"https:\\\/\\\/www.mzone.cz\\\/profese-obory-koronakrize-perspektiva-do-budoucnosti\\\/#breadcrumb\",\"itemListElement\":[{\"@type\":\"ListItem\",\"position\":1,\"name\":\"Dom\u016f\",\"item\":\"https:\\\/\\\/www.mzone.cz\\\/\"},{\"@type\":\"ListItem\",\"position\":2,\"name\":\"Ve kter\u00fdch profes\u00edch nemaj\u00ed lid\u00e9 perspektivn\u00ed vyhl\u00eddky? V\u00edme to!\"}]},{\"@type\":\"WebSite\",\"@id\":\"https:\\\/\\\/www.mzone.cz\\\/#website\",\"url\":\"https:\\\/\\\/www.mzone.cz\\\/\",\"name\":\"Mzone\",\"description\":\"Magaz\u00edn nejen pro mu\u017ee\",\"potentialAction\":[{\"@type\":\"SearchAction\",\"target\":{\"@type\":\"EntryPoint\",\"urlTemplate\":\"https:\\\/\\\/www.mzone.cz\\\/?s={search_term_string}\"},\"query-input\":{\"@type\":\"PropertyValueSpecification\",\"valueRequired\":true,\"valueName\":\"search_term_string\"}}],\"inLanguage\":\"en-US\"},{\"@type\":\"Person\",\"@id\":\"https:\\\/\\\/www.mzone.cz\\\/#\\\/schema\\\/person\\\/9bc20cc422a99cac4af6ff9297da32d4\",\"name\":\"Mzone\",\"image\":{\"@type\":\"ImageObject\",\"inLanguage\":\"en-US\",\"@id\":\"https:\\\/\\\/secure.gravatar.com\\\/avatar\\\/e780a8630f3182a3d06dd667ab6bea151a0d155b0951bc15fe22633acdac0676?s=96&d=mm&r=g\",\"url\":\"https:\\\/\\\/secure.gravatar.com\\\/avatar\\\/e780a8630f3182a3d06dd667ab6bea151a0d155b0951bc15fe22633acdac0676?s=96&d=mm&r=g\",\"contentUrl\":\"https:\\\/\\\/secure.gravatar.com\\\/avatar\\\/e780a8630f3182a3d06dd667ab6bea151a0d155b0951bc15fe22633acdac0676?s=96&d=mm&r=g\",\"caption\":\"Mzone\"},\"url\":\"https:\\\/\\\/www.mzone.cz\\\/en\\\/author\\\/jakub\\\/\"}]}<\/script>\n<!-- \/ Yoast SEO plugin. -->","yoast_head_json":{"title":"Ve kter\u00fdch profes\u00edch nemaj\u00ed lid\u00e9 perspektivn\u00ed vyhl\u00eddky? V\u00edme to! - Mzone","description":"Koronavirov\u00e1 krize \u0159\u00e1dn\u011b zacvi\u010dila pracovn\u00edm trhem. N\u011bkter\u00e9 obory na ni doplatily v\u00edce ne\u017e jin\u00e9 a lid\u00e9 v nich pracuj\u00edc\u00ed ztr\u00e1cej\u00ed jistotu a hledaj\u00ed si m\u00edsto jinde. V jin\u00fdch segmentech naopak te\u010f vznikaj\u00ed nov\u00e1 pracovn\u00ed m\u00edsta a z\u00e1jem o nov\u00e9 zam\u011bstnance nekles\u00e1.","robots":{"index":"index","follow":"follow","max-snippet":"max-snippet:-1","max-image-preview":"max-image-preview:large","max-video-preview":"max-video-preview:-1"},"canonical":"https:\/\/www.mzone.cz\/en\/profese-obory-koronakrize-perspektiva-do-budoucnosti\/","og_locale":"en_US","og_type":"article","og_title":"Ve kter\u00fdch profes\u00edch nemaj\u00ed lid\u00e9 perspektivn\u00ed vyhl\u00eddky? V\u00edme to! - Mzone","og_description":"Koronavirov\u00e1 krize \u0159\u00e1dn\u011b zacvi\u010dila pracovn\u00edm trhem. N\u011bkter\u00e9 obory na ni doplatily v\u00edce ne\u017e jin\u00e9 a lid\u00e9 v nich pracuj\u00edc\u00ed ztr\u00e1cej\u00ed jistotu a hledaj\u00ed si m\u00edsto jinde. V jin\u00fdch segmentech naopak te\u010f vznikaj\u00ed nov\u00e1 pracovn\u00ed m\u00edsta a z\u00e1jem o nov\u00e9 zam\u011bstnance nekles\u00e1.","og_url":"https:\/\/www.mzone.cz\/en\/profese-obory-koronakrize-perspektiva-do-budoucnosti\/","og_site_name":"Mzone","article_publisher":"https:\/\/www.facebook.com\/MzoneCZ\/","article_published_time":"2021-02-26T04:00:00+00:00","og_image":[{"width":2560,"height":1707,"url":"https:\/\/www.mzone.cz\/wp-content\/uploads\/2021\/02\/Profese-krize-nestastny-muz-scaled.jpg","type":"image\/jpeg"}],"author":"Mzone","twitter_card":"summary_large_image","twitter_misc":{"Written by":"Mzone","Est. reading time":"5 minutes"},"schema":{"@context":"https:\/\/schema.org","@graph":[{"@type":"Article","@id":"https:\/\/www.mzone.cz\/profese-obory-koronakrize-perspektiva-do-budoucnosti\/#article","isPartOf":{"@id":"https:\/\/www.mzone.cz\/profese-obory-koronakrize-perspektiva-do-budoucnosti\/"},"author":{"name":"Mzone","@id":"https:\/\/www.mzone.cz\/#\/schema\/person\/9bc20cc422a99cac4af6ff9297da32d4"},"headline":"Ve kter\u00fdch profes\u00edch nemaj\u00ed lid\u00e9 perspektivn\u00ed vyhl\u00eddky? V\u00edme to!","datePublished":"2021-02-26T04:00:00+00:00","mainEntityOfPage":{"@id":"https:\/\/www.mzone.cz\/profese-obory-koronakrize-perspektiva-do-budoucnosti\/"},"wordCount":943,"commentCount":0,"image":{"@id":"https:\/\/www.mzone.cz\/profese-obory-koronakrize-perspektiva-do-budoucnosti\/#primaryimage"},"thumbnailUrl":"https:\/\/www.mzone.cz\/wp-content\/uploads\/2021\/02\/Profese-krize-nestastny-muz-scaled.jpg","keywords":["bez obalu","budoucnost","covid","COVID-19","koronakrize","koronavirus","krize","obor","obory","perspektiva","potenci\u00e1l","pr\u00e1ce","profese","style","trendy","zam\u011bstn\u00e1n\u00ed"],"articleSection":["Bez obalu","Style","Trendy"],"inLanguage":"en-US","potentialAction":[{"@type":"CommentAction","name":"Comment","target":["https:\/\/www.mzone.cz\/profese-obory-koronakrize-perspektiva-do-budoucnosti\/#respond"]}]},{"@type":"WebPage","@id":"https:\/\/www.mzone.cz\/profese-obory-koronakrize-perspektiva-do-budoucnosti\/","url":"https:\/\/www.mzone.cz\/profese-obory-koronakrize-perspektiva-do-budoucnosti\/","name":"Ve kter\u00fdch profes\u00edch nemaj\u00ed lid\u00e9 perspektivn\u00ed vyhl\u00eddky? V\u00edme to! - Mzone","isPartOf":{"@id":"https:\/\/www.mzone.cz\/#website"},"primaryImageOfPage":{"@id":"https:\/\/www.mzone.cz\/profese-obory-koronakrize-perspektiva-do-budoucnosti\/#primaryimage"},"image":{"@id":"https:\/\/www.mzone.cz\/profese-obory-koronakrize-perspektiva-do-budoucnosti\/#primaryimage"},"thumbnailUrl":"https:\/\/www.mzone.cz\/wp-content\/uploads\/2021\/02\/Profese-krize-nestastny-muz-scaled.jpg","datePublished":"2021-02-26T04:00:00+00:00","author":{"@id":"https:\/\/www.mzone.cz\/#\/schema\/person\/9bc20cc422a99cac4af6ff9297da32d4"},"description":"Koronavirov\u00e1 krize \u0159\u00e1dn\u011b zacvi\u010dila pracovn\u00edm trhem. N\u011bkter\u00e9 obory na ni doplatily v\u00edce ne\u017e jin\u00e9 a lid\u00e9 v nich pracuj\u00edc\u00ed ztr\u00e1cej\u00ed jistotu a hledaj\u00ed si m\u00edsto jinde. V jin\u00fdch segmentech naopak te\u010f vznikaj\u00ed nov\u00e1 pracovn\u00ed m\u00edsta a z\u00e1jem o nov\u00e9 zam\u011bstnance nekles\u00e1.","breadcrumb":{"@id":"https:\/\/www.mzone.cz\/profese-obory-koronakrize-perspektiva-do-budoucnosti\/#breadcrumb"},"inLanguage":"en-US","potentialAction":[{"@type":"ReadAction","target":["https:\/\/www.mzone.cz\/profese-obory-koronakrize-perspektiva-do-budoucnosti\/"]}]},{"@type":"ImageObject","inLanguage":"en-US","@id":"https:\/\/www.mzone.cz\/profese-obory-koronakrize-perspektiva-do-budoucnosti\/#primaryimage","url":"https:\/\/www.mzone.cz\/wp-content\/uploads\/2021\/02\/Profese-krize-nestastny-muz-scaled.jpg","contentUrl":"https:\/\/www.mzone.cz\/wp-content\/uploads\/2021\/02\/Profese-krize-nestastny-muz-scaled.jpg","width":2560,"height":1707},{"@type":"BreadcrumbList","@id":"https:\/\/www.mzone.cz\/profese-obory-koronakrize-perspektiva-do-budoucnosti\/#breadcrumb","itemListElement":[{"@type":"ListItem","position":1,"name":"Dom\u016f","item":"https:\/\/www.mzone.cz\/"},{"@type":"ListItem","position":2,"name":"Ve kter\u00fdch profes\u00edch nemaj\u00ed lid\u00e9 perspektivn\u00ed vyhl\u00eddky? V\u00edme to!"}]},{"@type":"WebSite","@id":"https:\/\/www.mzone.cz\/#website","url":"https:\/\/www.mzone.cz\/","name":"Mzone","description":"Magaz\u00edn nejen pro mu\u017ee","potentialAction":[{"@type":"SearchAction","target":{"@type":"EntryPoint","urlTemplate":"https:\/\/www.mzone.cz\/?s={search_term_string}"},"query-input":{"@type":"PropertyValueSpecification","valueRequired":true,"valueName":"search_term_string"}}],"inLanguage":"en-US"},{"@type":"Person","@id":"https:\/\/www.mzone.cz\/#\/schema\/person\/9bc20cc422a99cac4af6ff9297da32d4","name":"Mzone","image":{"@type":"ImageObject","inLanguage":"en-US","@id":"https:\/\/secure.gravatar.com\/avatar\/e780a8630f3182a3d06dd667ab6bea151a0d155b0951bc15fe22633acdac0676?s=96&d=mm&r=g","url":"https:\/\/secure.gravatar.com\/avatar\/e780a8630f3182a3d06dd667ab6bea151a0d155b0951bc15fe22633acdac0676?s=96&d=mm&r=g","contentUrl":"https:\/\/secure.gravatar.com\/avatar\/e780a8630f3182a3d06dd667ab6bea151a0d155b0951bc15fe22633acdac0676?s=96&d=mm&r=g","caption":"Mzone"},"url":"https:\/\/www.mzone.cz\/en\/author\/jakub\/"}]}},"_links":{"self":[{"href":"https:\/\/www.mzone.cz\/en\/wp-json\/wp\/v2\/posts\/27781","targetHints":{"allow":["GET"]}}],"collection":[{"href":"https:\/\/www.mzone.cz\/en\/wp-json\/wp\/v2\/posts"}],"about":[{"href":"https:\/\/www.mzone.cz\/en\/wp-json\/wp\/v2\/types\/post"}],"author":[{"embeddable":true,"href":"https:\/\/www.mzone.cz\/en\/wp-json\/wp\/v2\/users\/4"}],"replies":[{"embeddable":true,"href":"https:\/\/www.mzone.cz\/en\/wp-json\/wp\/v2\/comments?post=27781"}],"version-history":[{"count":17,"href":"https:\/\/www.mzone.cz\/en\/wp-json\/wp\/v2\/posts\/27781\/revisions"}],"predecessor-version":[{"id":27813,"href":"https:\/\/www.mzone.cz\/en\/wp-json\/wp\/v2\/posts\/27781\/revisions\/27813"}],"wp:featuredmedia":[{"embeddable":true,"href":"https:\/\/www.mzone.cz\/en\/wp-json\/wp\/v2\/media\/27790"}],"wp:attachment":[{"href":"https:\/\/www.mzone.cz\/en\/wp-json\/wp\/v2\/media?parent=27781"}],"wp:term":[{"taxonomy":"category","embeddable":true,"href":"https:\/\/www.mzone.cz\/en\/wp-json\/wp\/v2\/categories?post=27781"},{"taxonomy":"post_tag","embeddable":true,"href":"https:\/\/www.mzone.cz\/en\/wp-json\/wp\/v2\/tags?post=27781"}],"curies":[{"name":"wp","href":"https:\/\/api.w.org\/{rel}","templated":true}]}}