{"id":27854,"date":"2021-02-24T05:00:00","date_gmt":"2021-02-24T04:00:00","guid":{"rendered":"https:\/\/www.mzone.cz\/?p=27854"},"modified":"2021-01-14T13:42:30","modified_gmt":"2021-01-14T12:42:30","slug":"znacka-alpine-bere-nove-pod-kridla-vsechny-sportovni-divize-renaultu","status":"publish","type":"post","link":"https:\/\/www.mzone.cz\/en\/znacka-alpine-bere-nove-pod-kridla-vsechny-sportovni-divize-renaultu\/","title":{"rendered":"Zna\u010dka Alpine bere nov\u011b pod k\u0159\u00eddla v\u0161echny sportovn\u00ed divize Renaultu"},"content":{"rendered":"<p><strong>Aktivity zna\u010dek Alpine Cars, Renault Sport Cars a Renault Sport Racing budou nov\u011b spojeny do jedin\u00e9ho subjektu pod zna\u010dkou Alpine.\u00a0Alpine spoj\u00ed autenticitu sv\u00e9 zna\u010dky, specializovan\u00e9 v\u00fdroby, in\u017een\u00fdrstv\u00ed a v\u00fdraznou medi\u00e1ln\u00ed prezentaci Formule 1.<\/strong><\/p><br>\n\n\n\n<p>Alpine je bezpochyby zt\u011blesn\u011bn\u00edm francouzsk\u00e9ho automobilov\u00e9ho pr\u016fmyslu, uzn\u00e1vanou zna\u010dkou vych\u00e1zej\u00edc\u00ed ze slavn\u00e9ho z\u00e1vodn\u00edho d\u011bdictv\u00ed a vysoce kvalifikovan\u00fdch specialist\u016f vyr\u00e1b\u011bj\u00edc\u00edch A110 v z\u00e1vod\u011b v Dieppe.<\/p>\n\n\n\n<blockquote class=\"wp-block-quote is-layout-flow wp-block-quote-is-layout-flow\"><p>Renault Sport Cars disponuje t\u00fdmem 300 osob, kter\u00e9 jsou mistry ve v\u00fdvoji sportovn\u00edch automobil\u016f. Daly skupin\u011b Renault emblematick\u00e9 automobily, jako jsou R5 Turbo, Clio V6, M\u00e9gane RS Trophy a nov\u00e1 Alpine A110.<\/p><\/blockquote>\n\n\n\n<p>Renault Sport Racing a stejnojmenn\u00e1 st\u00e1j F1 \u010d\u00edtaj\u00ed 1 200 osob, kter\u00e9 vyv\u00edjej\u00ed pro automobilov\u00fd sport ekvivalent \u201enejslo\u017eit\u011bj\u0161\u00edch mechanick\u00fdch hodinek\u201c. Jedn\u00e1 se o jedny z nejlep\u0161\u00edch odborn\u00edk\u016f na aerodynamiku, o mechaniky a v\u00fdvoj\u00e1\u0159e zab\u00fdvaj\u00edc\u00ed se motory. Formule 1 tak\u00e9 nab\u00edz\u00ed obrovskou marketingovou platformu s p\u016flmiliardou fanou\u0161k\u016f p\u0159edstavuj\u00edc\u00ed jedine\u010dnou p\u0159\u00edle\u017eitost pro pos\u00edlen\u00ed image zna\u010dky Alpine v celosv\u011btov\u00e9m m\u011b\u0159\u00edtku.<\/p><br>\n\n\n\n<figure class=\"wp-block-image size-large\"><img loading=\"lazy\" decoding=\"async\" width=\"1024\" height=\"683\" src=\"https:\/\/www.mzone.cz\/wp-content\/uploads\/2021\/01\/2-2021-A521-1024x683.jpeg\" alt=\"Alpine F1\" class=\"wp-image-27860\" srcset=\"https:\/\/www.mzone.cz\/wp-content\/uploads\/2021\/01\/2-2021-A521-1024x683.jpeg 1024w, https:\/\/www.mzone.cz\/wp-content\/uploads\/2021\/01\/2-2021-A521-300x200.jpeg 300w, https:\/\/www.mzone.cz\/wp-content\/uploads\/2021\/01\/2-2021-A521-768x512.jpeg 768w, https:\/\/www.mzone.cz\/wp-content\/uploads\/2021\/01\/2-2021-A521-1536x1024.jpeg 1536w, https:\/\/www.mzone.cz\/wp-content\/uploads\/2021\/01\/2-2021-A521-2048x1366.jpeg 2048w, https:\/\/www.mzone.cz\/wp-content\/uploads\/2021\/01\/2-2021-A521-16x12.jpeg 16w, https:\/\/www.mzone.cz\/wp-content\/uploads\/2021\/01\/2-2021-A521-800x533.jpeg 800w, https:\/\/www.mzone.cz\/wp-content\/uploads\/2021\/01\/2-2021-A521-400x267.jpeg 400w, https:\/\/www.mzone.cz\/wp-content\/uploads\/2021\/01\/2-2021-A521-500x333.jpeg 500w, https:\/\/www.mzone.cz\/wp-content\/uploads\/2021\/01\/2-2021-A521-1170x780.jpeg 1170w, https:\/\/www.mzone.cz\/wp-content\/uploads\/2021\/01\/2-2021-A521-590x393.jpeg 590w\" sizes=\"auto, (max-width: 1024px) 100vw, 1024px\" \/><\/figure><br>\n\n\n\n<p>Alpine se bude spol\u00e9hat na velikost a prost\u0159edky skupiny Renault a Aliance RNM, jako je nov\u00e1 platforma Aliance EV, glob\u00e1ln\u00ed pr\u016fmyslov\u00e1 stopa, kupn\u00ed s\u00edla pro zaji\u0161t\u011bn\u00ed konkurenceschopnosti a optimalizaci n\u00e1klad\u016f, celosv\u011btovou prodejn\u00ed s\u00ed\u0165 a finan\u010dn\u00ed slu\u017eby RCI. C\u00edlem je dos\u00e1hnout rentability do roku 2025 p\u0159i zapo\u010dten\u00ed investic do automobilov\u00e9ho sportu.<\/p><br>\n\n\n\n<h2 class=\"wp-block-heading\">Vozov\u00fd park 100% na elektrick\u00fd pohon<\/h2>\n\n\n\n<p>Nov\u00e1 organizace, prohlouben\u00ed synergie se skupinou Renault a Alianc\u00ed a spolupr\u00e1ce s vybran\u00fdmi partnery budou m\u00edt z\u00e1sadn\u00ed v\u00fdznam pro podporu pl\u00e1nu v\u00fdroby. Chyst\u00e1 se nap\u0159\u00edklad:<\/p>\n\n\n\n<ul><li>Sportovn\u00ed vozidlo ni\u017e\u0161\u00ed st\u0159edn\u00ed t\u0159\u00eddy (Segment B) na 100 % elektrick\u00fd pohon zalo\u017een\u00e9 na platform\u011b aliance CMF-B EV<\/li><li>Sportovn\u00ed crossover (Segment C) na 100 % elektrick\u00fd pohon zalo\u017een\u00fd na platform\u011b aliance CMF-EV<\/li><li>N\u00e1stupce A110 na 100 % elektrick\u00fd pohon, vyv\u00edjen\u00e1 ve spolupr\u00e1ci s Lotusem<\/li><\/ul><br>\n\n\n\n<p>V r\u00e1mci rozvoje obchodn\u00ed jednotky podepsaly skupina Renault a skupina Lotus memorandum o porozum\u011bn\u00ed s c\u00edlem posoudit r\u016fzn\u00e9 oblast\u00ed spolupr\u00e1ce, mezi n\u011b\u017e pat\u0159\u00ed i spole\u010dn\u00fd v\u00fdvoj sportovn\u00edho elektromobilu. T\u00fdmy Alpine a Lotusu vypracuj\u00ed spole\u010dn\u011b kompletn\u00ed studii proveditelnosti pro in\u017een\u00fdrstv\u00ed, konstrukci a v\u00fdvoj takov\u00e9ho modelu a vyu\u017eij\u00ed p\u0159itom zdroje, zku\u0161enosti a za\u0159\u00edzen\u00ed p\u0159\u00edslu\u0161n\u00fdch subjekt\u016f ve Francii a Velk\u00e9 Brit\u00e1nii.<\/p><br>\n\n\n\n<p>Alpine bude na vrcholu inovac\u00ed ve skupin\u011b Renault, a\u0165 u\u017e se jedn\u00e1 o technologie, prodej, z\u00e1kaznick\u00e9 zku\u0161enosti nebo v\u0161echny ostatn\u00ed oblasti podstatn\u00e9 pro zna\u010dku a jej\u00ed z\u00e1kazn\u00edky.<\/p>\n\n\n\n<blockquote class=\"wp-block-quote is-layout-flow wp-block-quote-is-layout-flow\"><p>P\u0159\u00ed\u0161t\u00ed generace automobil\u016f Alpine bude vych\u00e1zet z nejnov\u011bj\u0161\u00edch inovac\u00ed skupiny Renault a bude vyu\u017e\u00edvat technologie a zku\u0161enosti z F1: efektivn\u00ed spr\u00e1va energie, bezpe\u010dnostn\u00ed syst\u00e9my a \u0159e\u0161en\u00ed konektivity odvozen\u00e9 od vysoce v\u00fdkonn\u00fdch \u0159e\u0161en\u00ed F1 t\u00fdkaj\u00edc\u00edch se anal\u00fdzy a zpracov\u00e1n\u00ed \u00fadaj\u016f, kter\u00e9 p\u0159inesou automobil\u016fm zna\u010dky v\u00fdraznou konkuren\u010dn\u00ed v\u00fdhodu.\u00a0<\/p><\/blockquote>\n\n\n\n<p>\u201eNov\u00fd subjekt kombinuje t\u0159i zna\u010dky s rozd\u00edln\u00fdmi p\u0159ednostmi a oblastmi, v nich\u017e vynikaj\u00ed, aby vznikl jedine\u010dn\u00fd a samostatn\u00fd podnik. Know-how na\u0161eho z\u00e1vodu v Dieppe a technick\u00e1 suverenita na\u0161ich t\u00fdm\u016f ve Formuli 1 a Renault Sport se z\u00faro\u010d\u00ed v na\u0161\u00ed modelov\u00e9 \u0159ad\u011b na 100 % elektrick\u00fd pohon, d\u00edky \u010demu\u017e upevn\u00ed n\u00e1zev Alpine v budoucnosti. Budeme na okruz\u00edch a na silnic\u00edch autenti\u010dt\u00ed a high-tech, nabit\u00ed a nad\u0161en\u00ed,\u201c \u0159\u00edk\u00e1 ke spojen\u00ed gener\u00e1ln\u00ed \u0159editel Alpine Laurent Rossi.<\/p><br>\n\n\n\n<figure class=\"wp-block-image size-large\"><img loading=\"lazy\" decoding=\"async\" width=\"1024\" height=\"665\" src=\"https:\/\/www.mzone.cz\/wp-content\/uploads\/2021\/01\/Alpine-A110_Rally-2020-1280-0d-1024x665.jpg\" alt=\"Alpine A110 Rally\" class=\"wp-image-27869\" srcset=\"https:\/\/www.mzone.cz\/wp-content\/uploads\/2021\/01\/Alpine-A110_Rally-2020-1280-0d-1024x665.jpg 1024w, https:\/\/www.mzone.cz\/wp-content\/uploads\/2021\/01\/Alpine-A110_Rally-2020-1280-0d-300x195.jpg 300w, https:\/\/www.mzone.cz\/wp-content\/uploads\/2021\/01\/Alpine-A110_Rally-2020-1280-0d-768x499.jpg 768w, https:\/\/www.mzone.cz\/wp-content\/uploads\/2021\/01\/Alpine-A110_Rally-2020-1280-0d-16x10.jpg 16w, https:\/\/www.mzone.cz\/wp-content\/uploads\/2021\/01\/Alpine-A110_Rally-2020-1280-0d-590x383.jpg 590w, https:\/\/www.mzone.cz\/wp-content\/uploads\/2021\/01\/Alpine-A110_Rally-2020-1280-0d.jpg 1280w\" sizes=\"auto, (max-width: 1024px) 100vw, 1024px\" \/><\/figure><br>\n\n\n\n<h2 class=\"wp-block-heading\">Pokra\u010dov\u00e1n\u00ed v z\u00e1vodech<\/h2>\n\n\n\n<p>Alpine a Renault maj\u00ed dlouhou z\u00e1vodn\u00ed historii a v\u00edt\u011bzily v \u0159ad\u011b kategori\u00ed, jako jsou Formule 1, rallye nebo vytrvalostn\u00ed z\u00e1vody. Z\u00e1vody z\u016fstanou v centru ambici\u00f3zn\u00edch projekt\u016f Alpine a Formule 1 bude j\u00e1drem sportovn\u00ed strategie zna\u010dky.<\/p>\n\n\n\n<blockquote class=\"wp-block-quote is-layout-flow wp-block-quote-is-layout-flow\"><p>Od roku 2021 bude t\u00fdm F1 Alpine sout\u011b\u017eit s nejpresti\u017en\u011bj\u0161\u00edmi jm\u00e9ny automobilov\u00e9ho pr\u016fmyslu a vstoup\u00ed do velmi exkluzivn\u00edho klubu tov\u00e1rn\u00edch tym\u016f.<\/p><\/blockquote>\n\n\n\n<p>\u201ePoskytnout silnou a specifickou identitu Formule 1, ale tak\u00e9 v\u0161em z\u00e1vodn\u00edm program\u016fm zna\u010dky, je povinnost a z\u00e1rove\u0148 p\u0159\u00edle\u017eitost. Kdy\u017e um\u00edst\u00edte automobilov\u00fd sport do centra va\u0161eho z\u00e1jmu, je kl\u00ed\u010dov\u00e1 grafick\u00e1 identita. P\u0159edstaven\u00fd design je prvn\u00edm zt\u011blesn\u011bn\u00edm nov\u00e9 identity st\u00e1je Alpine F1 Team. N\u011bkter\u00e9 grafick\u00e9 prvky z\u016fstanou na designu z\u00e1vodn\u00edho vozu a jin\u00e9 se budou m\u011bnit. Rozm\u011brn\u00fd znak Alpine a jeho trikol\u00f3rov\u00e9 grafick\u00e9 ztv\u00e1rn\u011bn\u00ed jsou prvn\u00edm v\u00fdznamn\u00fdm symbolem identity z\u00e1vodn\u00ed zna\u010dky. Modr\u00e1, b\u00edl\u00e1 a \u010derven\u00e1 odkazuj\u00ed na barvy francouzsk\u00e9 a anglick\u00e9 vlajky, co\u017e je v na\u0161ich o\u010d\u00edch velmi d\u016fle\u017eit\u00e9. Dal\u0161\u00ed grafick\u00e9 varianty v\u0161ech z\u00e1vodn\u00edch aktivit doraz\u00ed pozd\u011bji,\u201c vysv\u011btluje \u0159editel designu zna\u010dky Antony Villain.<\/p><br>\n\n\n\n<h2 class=\"wp-block-heading\">Zna\u010dka zrozen\u00e1 v z\u00e1vodech a pro z\u00e1vody<\/h2>\n\n\n\n<p>Alpine zalo\u017eil v roce 1955 Jean R\u00e9d\u00e9l\u00e9, mlad\u00fd \u010dlov\u011bk s v\u00e1\u0161n\u00ed pro motorsport, jeho\u017e obl\u00edben\u00e1 oblast \u2013 Alpy \u2013 mu byla inspirac\u00ed pro n\u00e1zev zna\u010dky. Podnik se za\u010d\u00edn\u00e1 rozv\u00edjet od doby, kdy se v roce 1962 objevila origin\u00e1ln\u00ed A110. V t\u00e9 dob\u011b Alpine a Renault \u00fazce spolupracuj\u00ed, nebo\u0165 vozidla Alpine prod\u00e1vaj\u00ed a servisuj\u00ed autorizovan\u00ed prodejci Renaultu.<\/p>\n\n\n\n<blockquote class=\"wp-block-quote is-layout-flow wp-block-quote-is-layout-flow\"><p>Na za\u010d\u00e1tku sedmdes\u00e1t\u00fdch let pat\u0159\u00ed Alpine mezi elitu v rallye. V roce 1971 Alpine ovl\u00e1dla stupn\u011b v\u00edt\u011bz\u016f na slavn\u00e9 Rallye Monte-Carlo, co\u017e se opakovalo v roce 1973, tedy v roce, kdy se stala prvn\u00edm korunovan\u00fdm mistrem sv\u011bta konstrukt\u00e9r\u016f v rallye.<\/p><\/blockquote>\n\n\n\n<p>Sou\u010dasn\u011b se za\u010daly prod\u00e1vat i s\u00e9riov\u00e9 vozy. Zna\u010dka se proto rozhoduje postavit p\u0159\u00edslu\u0161n\u00fd z\u00e1vod v Dieppe, kter\u00fd byl d\u00e1n do provozu v roce 1969, dnes se tu vyr\u00e1b\u00ed nov\u00e1 A110. V roce 1971, tedy dva roky p\u0159edt\u00edm, ne\u017e Alpine koupila skupina Renault, se objevuje na sc\u00e9n\u011b <a href=\"https:\/\/cs.wikipedia.org\/wiki\/Alpine_A310\" target=\"_blank\" rel=\"noreferrer noopener\">A310<\/a>.<\/p><br>\n\n\n\n<figure class=\"wp-block-image size-large\"><img loading=\"lazy\" decoding=\"async\" width=\"1024\" height=\"678\" src=\"https:\/\/www.mzone.cz\/wp-content\/uploads\/2021\/01\/1920px-Renault_Alpine_A_110_Sp-1024x678.jpg\" alt=\"Legend\u00e1rn\u00ed Alpine A110\" class=\"wp-image-27878\" srcset=\"https:\/\/www.mzone.cz\/wp-content\/uploads\/2021\/01\/1920px-Renault_Alpine_A_110_Sp-1024x678.jpg 1024w, https:\/\/www.mzone.cz\/wp-content\/uploads\/2021\/01\/1920px-Renault_Alpine_A_110_Sp-300x199.jpg 300w, https:\/\/www.mzone.cz\/wp-content\/uploads\/2021\/01\/1920px-Renault_Alpine_A_110_Sp-768x509.jpg 768w, https:\/\/www.mzone.cz\/wp-content\/uploads\/2021\/01\/1920px-Renault_Alpine_A_110_Sp-1536x1018.jpg 1536w, https:\/\/www.mzone.cz\/wp-content\/uploads\/2021\/01\/1920px-Renault_Alpine_A_110_Sp-16x12.jpg 16w, https:\/\/www.mzone.cz\/wp-content\/uploads\/2021\/01\/1920px-Renault_Alpine_A_110_Sp-590x391.jpg 590w, https:\/\/www.mzone.cz\/wp-content\/uploads\/2021\/01\/1920px-Renault_Alpine_A_110_Sp.jpg 1920w\" sizes=\"auto, (max-width: 1024px) 100vw, 1024px\" \/><\/figure><br>\n\n\n\n<p>Alpine zaznamenala nejv\u011bt\u0161\u00ed \u00fasp\u011bch v automobilov\u00e9m sportu v roce 1978, kdy vyhr\u00e1la z\u00e1vod 24 hodin Le Mans. Dieppe potom pokra\u010dovalo po dobu cel\u00fdch sedmdes\u00e1t\u00fdch a osmdes\u00e1t\u00fdch let v uv\u00e1d\u011bn\u00ed nov\u00fdch inovativn\u00edch model\u016f na trh, p\u0159i\u010dem\u017e \u0161lo zejm\u00e9na o A310 V6 a GTA, a\u017e do doby, ne\u017e se v\u00fdroba definitivn\u011b zastavila v roce 1995. V roce 2017 uvedla Alpine na trh novou A110, model v\u011brn\u00fd nad\u010dasov\u00fdm princip\u016fm origin\u00e1ln\u00ed A110, kter\u00fd m\u011bl okam\u017eit\u00fd \u00fasp\u011bch u nad\u0161enc\u016f a z\u00edskal \u0159adu mezin\u00e1rodn\u00edch cen.<\/p><br>\n\n\n\n<div class=\"wp-block-media-text alignwide is-stacked-on-mobile is-vertically-aligned-top\" style=\"grid-template-columns:24% auto\"><figure class=\"wp-block-media-text__media\"><a href=\"https:\/\/www.mzone.cz\/renault-5-turbo-slavi-40-let\/\"><img loading=\"lazy\" decoding=\"async\" width=\"1024\" height=\"683\" src=\"https:\/\/www.mzone.cz\/wp-content\/uploads\/2020\/06\/Renault-5-Turbo-1024x683.jpg\" alt=\"\" class=\"wp-image-22278 size-full\" srcset=\"https:\/\/www.mzone.cz\/wp-content\/uploads\/2020\/06\/Renault-5-Turbo-1024x683.jpg 1024w, https:\/\/www.mzone.cz\/wp-content\/uploads\/2020\/06\/Renault-5-Turbo-300x200.jpg 300w, https:\/\/www.mzone.cz\/wp-content\/uploads\/2020\/06\/Renault-5-Turbo-768x512.jpg 768w, https:\/\/www.mzone.cz\/wp-content\/uploads\/2020\/06\/Renault-5-Turbo-1536x1024.jpg 1536w, https:\/\/www.mzone.cz\/wp-content\/uploads\/2020\/06\/Renault-5-Turbo-2048x1366.jpg 2048w, https:\/\/www.mzone.cz\/wp-content\/uploads\/2020\/06\/Renault-5-Turbo-800x533.jpg 800w, https:\/\/www.mzone.cz\/wp-content\/uploads\/2020\/06\/Renault-5-Turbo-400x267.jpg 400w, https:\/\/www.mzone.cz\/wp-content\/uploads\/2020\/06\/Renault-5-Turbo-500x333.jpg 500w, https:\/\/www.mzone.cz\/wp-content\/uploads\/2020\/06\/Renault-5-Turbo-1170x780.jpg 1170w, https:\/\/www.mzone.cz\/wp-content\/uploads\/2020\/06\/Renault-5-Turbo-590x393.jpg 590w\" sizes=\"auto, (max-width: 1024px) 100vw, 1024px\" \/><\/a><\/figure><div class=\"wp-block-media-text__content\">\n<h4><a href=\"https:\/\/www.mzone.cz\/renault-5-turbo-slavi-40-let\/\">Renault 5 Turbo slav\u00ed 40 let! Zn\u00e1te tohohle roztomil\u00e9ho bou\u0159liv\u00e1ka?<\/a><\/h4><br>\n<\/div><\/div>","protected":false},"excerpt":{"rendered":"<p>Aktivity zna\u010dek Alpine Cars, Renault Sport Cars a Renault Sport Racing budou nov\u011b spojeny do jedin\u00e9ho subjektu pod zna\u010dkou Alpine.\u00a0Alpine spoj\u00ed autenticitu sv\u00e9 zna\u010dky, specializovan\u00e9 v\u00fdroby, in\u017een\u00fdrstv\u00ed a v\u00fdraznou medi\u00e1ln\u00ed prezentaci Formule 1. Alpine je bezpochyby zt\u011blesn\u011bn\u00edm francouzsk\u00e9ho automobilov\u00e9ho pr\u016fmyslu, uzn\u00e1vanou zna\u010dkou vych\u00e1zej\u00edc\u00ed ze slavn\u00e9ho z\u00e1vodn\u00edho d\u011bdictv\u00ed a vysoce kvalifikovan\u00fdch specialist\u016f vyr\u00e1b\u011bj\u00edc\u00edch A110 v z\u00e1vod\u011b [&hellip;]<\/p>\n","protected":false},"author":4,"featured_media":27855,"comment_status":"open","ping_status":"closed","sticky":false,"template":"","format":"standard","meta":{"kk_blocks_editor_width":"","_kiokenblocks_attr":"","_kiokenblocks_dimensions":"","footnotes":""},"categories":[69],"tags":[4632,4631,585,82,462,552,3635,4633,4634,2044,4635,1979,2907,102,1677],"class_list":["post-27854","post","type-post","status-publish","format-standard","has-post-thumbnail","hentry","category-auto-moto","tag-alpine","tag-alpine-cars","tag-auta","tag-auto","tag-auto-moto","tag-automobily","tag-renault","tag-renault-sport-cars","tag-renault-sport-racing","tag-spojeni","tag-sportovni-divize","tag-sportovni-vozy","tag-zavodni-vozy","tag-zavody","tag-znacka"],"yoast_head":"<!-- This site is optimized with the Yoast SEO plugin v27.5 - https:\/\/yoast.com\/product\/yoast-seo-wordpress\/ -->\n<title>Zna\u010dka Alpine bere nov\u011b pod k\u0159\u00eddla v\u0161echny sportovn\u00ed divize Renaultu - Mzone<\/title>\n<meta name=\"description\" content=\"Aktivity zna\u010dek Alpine Cars, Renault Sport Cars a Renault Sport Racing budou nov\u011b spojeny do jedin\u00e9ho subjektu pod zna\u010dkou Alpine.\" \/>\n<meta name=\"robots\" content=\"index, follow, max-snippet:-1, max-image-preview:large, max-video-preview:-1\" \/>\n<link rel=\"canonical\" href=\"https:\/\/www.mzone.cz\/en\/znacka-alpine-bere-nove-pod-kridla-vsechny-sportovni-divize-renaultu\/\" \/>\n<meta property=\"og:locale\" content=\"en_US\" \/>\n<meta property=\"og:type\" content=\"article\" \/>\n<meta property=\"og:title\" content=\"Zna\u010dka Alpine bere nov\u011b pod k\u0159\u00eddla v\u0161echny sportovn\u00ed divize Renaultu - Mzone\" \/>\n<meta property=\"og:description\" content=\"Aktivity zna\u010dek Alpine Cars, Renault Sport Cars a Renault Sport Racing budou nov\u011b spojeny do jedin\u00e9ho subjektu pod zna\u010dkou Alpine.\" \/>\n<meta property=\"og:url\" content=\"https:\/\/www.mzone.cz\/en\/znacka-alpine-bere-nove-pod-kridla-vsechny-sportovni-divize-renaultu\/\" \/>\n<meta property=\"og:site_name\" content=\"Mzone\" \/>\n<meta property=\"article:publisher\" content=\"https:\/\/www.facebook.com\/MzoneCZ\/\" \/>\n<meta property=\"article:published_time\" content=\"2021-02-24T04:00:00+00:00\" \/>\n<meta property=\"og:image\" content=\"https:\/\/www.mzone.cz\/wp-content\/uploads\/2021\/01\/Alpine.jpg\" \/>\n\t<meta property=\"og:image:width\" content=\"1189\" \/>\n\t<meta property=\"og:image:height\" content=\"793\" \/>\n\t<meta property=\"og:image:type\" content=\"image\/jpeg\" \/>\n<meta name=\"author\" content=\"Mzone\" \/>\n<meta name=\"twitter:card\" content=\"summary_large_image\" \/>\n<meta name=\"twitter:label1\" content=\"Written by\" \/>\n\t<meta name=\"twitter:data1\" content=\"Mzone\" \/>\n\t<meta name=\"twitter:label2\" content=\"Est. reading time\" \/>\n\t<meta name=\"twitter:data2\" content=\"5 minutes\" \/>\n<script type=\"application\/ld+json\" class=\"yoast-schema-graph\">{\"@context\":\"https:\\\/\\\/schema.org\",\"@graph\":[{\"@type\":\"Article\",\"@id\":\"https:\\\/\\\/www.mzone.cz\\\/znacka-alpine-bere-nove-pod-kridla-vsechny-sportovni-divize-renaultu\\\/#article\",\"isPartOf\":{\"@id\":\"https:\\\/\\\/www.mzone.cz\\\/znacka-alpine-bere-nove-pod-kridla-vsechny-sportovni-divize-renaultu\\\/\"},\"author\":{\"name\":\"Mzone\",\"@id\":\"https:\\\/\\\/www.mzone.cz\\\/#\\\/schema\\\/person\\\/9bc20cc422a99cac4af6ff9297da32d4\"},\"headline\":\"Zna\u010dka Alpine bere nov\u011b pod k\u0159\u00eddla v\u0161echny sportovn\u00ed divize Renaultu\",\"datePublished\":\"2021-02-24T04:00:00+00:00\",\"mainEntityOfPage\":{\"@id\":\"https:\\\/\\\/www.mzone.cz\\\/znacka-alpine-bere-nove-pod-kridla-vsechny-sportovni-divize-renaultu\\\/\"},\"wordCount\":1154,\"commentCount\":0,\"image\":{\"@id\":\"https:\\\/\\\/www.mzone.cz\\\/znacka-alpine-bere-nove-pod-kridla-vsechny-sportovni-divize-renaultu\\\/#primaryimage\"},\"thumbnailUrl\":\"https:\\\/\\\/www.mzone.cz\\\/wp-content\\\/uploads\\\/2021\\\/01\\\/Alpine.jpg\",\"keywords\":[\"Alpine\",\"Alpine Cars\",\"auta\",\"Auto\",\"auto-moto\",\"automobily\",\"Renault\",\"Renault Sport Cars\",\"Renault Sport Racing\",\"spojen\u00ed\",\"sportovn\u00ed divize\",\"sportovn\u00ed vozy\",\"z\u00e1vodn\u00ed vozy\",\"Z\u00e1vody\",\"zna\u010dka\"],\"articleSection\":[\"Auto-moto\"],\"inLanguage\":\"en-US\",\"potentialAction\":[{\"@type\":\"CommentAction\",\"name\":\"Comment\",\"target\":[\"https:\\\/\\\/www.mzone.cz\\\/znacka-alpine-bere-nove-pod-kridla-vsechny-sportovni-divize-renaultu\\\/#respond\"]}]},{\"@type\":\"WebPage\",\"@id\":\"https:\\\/\\\/www.mzone.cz\\\/znacka-alpine-bere-nove-pod-kridla-vsechny-sportovni-divize-renaultu\\\/\",\"url\":\"https:\\\/\\\/www.mzone.cz\\\/znacka-alpine-bere-nove-pod-kridla-vsechny-sportovni-divize-renaultu\\\/\",\"name\":\"Zna\u010dka Alpine bere nov\u011b pod k\u0159\u00eddla v\u0161echny sportovn\u00ed divize Renaultu - Mzone\",\"isPartOf\":{\"@id\":\"https:\\\/\\\/www.mzone.cz\\\/#website\"},\"primaryImageOfPage\":{\"@id\":\"https:\\\/\\\/www.mzone.cz\\\/znacka-alpine-bere-nove-pod-kridla-vsechny-sportovni-divize-renaultu\\\/#primaryimage\"},\"image\":{\"@id\":\"https:\\\/\\\/www.mzone.cz\\\/znacka-alpine-bere-nove-pod-kridla-vsechny-sportovni-divize-renaultu\\\/#primaryimage\"},\"thumbnailUrl\":\"https:\\\/\\\/www.mzone.cz\\\/wp-content\\\/uploads\\\/2021\\\/01\\\/Alpine.jpg\",\"datePublished\":\"2021-02-24T04:00:00+00:00\",\"author\":{\"@id\":\"https:\\\/\\\/www.mzone.cz\\\/#\\\/schema\\\/person\\\/9bc20cc422a99cac4af6ff9297da32d4\"},\"description\":\"Aktivity zna\u010dek Alpine Cars, Renault Sport Cars a Renault Sport Racing budou nov\u011b spojeny do jedin\u00e9ho subjektu pod zna\u010dkou Alpine.\",\"breadcrumb\":{\"@id\":\"https:\\\/\\\/www.mzone.cz\\\/znacka-alpine-bere-nove-pod-kridla-vsechny-sportovni-divize-renaultu\\\/#breadcrumb\"},\"inLanguage\":\"en-US\",\"potentialAction\":[{\"@type\":\"ReadAction\",\"target\":[\"https:\\\/\\\/www.mzone.cz\\\/znacka-alpine-bere-nove-pod-kridla-vsechny-sportovni-divize-renaultu\\\/\"]}]},{\"@type\":\"ImageObject\",\"inLanguage\":\"en-US\",\"@id\":\"https:\\\/\\\/www.mzone.cz\\\/znacka-alpine-bere-nove-pod-kridla-vsechny-sportovni-divize-renaultu\\\/#primaryimage\",\"url\":\"https:\\\/\\\/www.mzone.cz\\\/wp-content\\\/uploads\\\/2021\\\/01\\\/Alpine.jpg\",\"contentUrl\":\"https:\\\/\\\/www.mzone.cz\\\/wp-content\\\/uploads\\\/2021\\\/01\\\/Alpine.jpg\",\"width\":1189,\"height\":793,\"caption\":\"Alpine A110S\"},{\"@type\":\"BreadcrumbList\",\"@id\":\"https:\\\/\\\/www.mzone.cz\\\/znacka-alpine-bere-nove-pod-kridla-vsechny-sportovni-divize-renaultu\\\/#breadcrumb\",\"itemListElement\":[{\"@type\":\"ListItem\",\"position\":1,\"name\":\"Dom\u016f\",\"item\":\"https:\\\/\\\/www.mzone.cz\\\/\"},{\"@type\":\"ListItem\",\"position\":2,\"name\":\"Zna\u010dka Alpine bere nov\u011b pod k\u0159\u00eddla v\u0161echny sportovn\u00ed divize Renaultu\"}]},{\"@type\":\"WebSite\",\"@id\":\"https:\\\/\\\/www.mzone.cz\\\/#website\",\"url\":\"https:\\\/\\\/www.mzone.cz\\\/\",\"name\":\"Mzone\",\"description\":\"Magaz\u00edn nejen pro mu\u017ee\",\"potentialAction\":[{\"@type\":\"SearchAction\",\"target\":{\"@type\":\"EntryPoint\",\"urlTemplate\":\"https:\\\/\\\/www.mzone.cz\\\/?s={search_term_string}\"},\"query-input\":{\"@type\":\"PropertyValueSpecification\",\"valueRequired\":true,\"valueName\":\"search_term_string\"}}],\"inLanguage\":\"en-US\"},{\"@type\":\"Person\",\"@id\":\"https:\\\/\\\/www.mzone.cz\\\/#\\\/schema\\\/person\\\/9bc20cc422a99cac4af6ff9297da32d4\",\"name\":\"Mzone\",\"image\":{\"@type\":\"ImageObject\",\"inLanguage\":\"en-US\",\"@id\":\"https:\\\/\\\/secure.gravatar.com\\\/avatar\\\/e780a8630f3182a3d06dd667ab6bea151a0d155b0951bc15fe22633acdac0676?s=96&d=mm&r=g\",\"url\":\"https:\\\/\\\/secure.gravatar.com\\\/avatar\\\/e780a8630f3182a3d06dd667ab6bea151a0d155b0951bc15fe22633acdac0676?s=96&d=mm&r=g\",\"contentUrl\":\"https:\\\/\\\/secure.gravatar.com\\\/avatar\\\/e780a8630f3182a3d06dd667ab6bea151a0d155b0951bc15fe22633acdac0676?s=96&d=mm&r=g\",\"caption\":\"Mzone\"},\"url\":\"https:\\\/\\\/www.mzone.cz\\\/en\\\/author\\\/jakub\\\/\"}]}<\/script>\n<!-- \/ Yoast SEO plugin. -->","yoast_head_json":{"title":"Zna\u010dka Alpine bere nov\u011b pod k\u0159\u00eddla v\u0161echny sportovn\u00ed divize Renaultu - Mzone","description":"Aktivity zna\u010dek Alpine Cars, Renault Sport Cars a Renault Sport Racing budou nov\u011b spojeny do jedin\u00e9ho subjektu pod zna\u010dkou Alpine.","robots":{"index":"index","follow":"follow","max-snippet":"max-snippet:-1","max-image-preview":"max-image-preview:large","max-video-preview":"max-video-preview:-1"},"canonical":"https:\/\/www.mzone.cz\/en\/znacka-alpine-bere-nove-pod-kridla-vsechny-sportovni-divize-renaultu\/","og_locale":"en_US","og_type":"article","og_title":"Zna\u010dka Alpine bere nov\u011b pod k\u0159\u00eddla v\u0161echny sportovn\u00ed divize Renaultu - Mzone","og_description":"Aktivity zna\u010dek Alpine Cars, Renault Sport Cars a Renault Sport Racing budou nov\u011b spojeny do jedin\u00e9ho subjektu pod zna\u010dkou Alpine.","og_url":"https:\/\/www.mzone.cz\/en\/znacka-alpine-bere-nove-pod-kridla-vsechny-sportovni-divize-renaultu\/","og_site_name":"Mzone","article_publisher":"https:\/\/www.facebook.com\/MzoneCZ\/","article_published_time":"2021-02-24T04:00:00+00:00","og_image":[{"width":1189,"height":793,"url":"https:\/\/www.mzone.cz\/wp-content\/uploads\/2021\/01\/Alpine.jpg","type":"image\/jpeg"}],"author":"Mzone","twitter_card":"summary_large_image","twitter_misc":{"Written by":"Mzone","Est. reading time":"5 minutes"},"schema":{"@context":"https:\/\/schema.org","@graph":[{"@type":"Article","@id":"https:\/\/www.mzone.cz\/znacka-alpine-bere-nove-pod-kridla-vsechny-sportovni-divize-renaultu\/#article","isPartOf":{"@id":"https:\/\/www.mzone.cz\/znacka-alpine-bere-nove-pod-kridla-vsechny-sportovni-divize-renaultu\/"},"author":{"name":"Mzone","@id":"https:\/\/www.mzone.cz\/#\/schema\/person\/9bc20cc422a99cac4af6ff9297da32d4"},"headline":"Zna\u010dka Alpine bere nov\u011b pod k\u0159\u00eddla v\u0161echny sportovn\u00ed divize Renaultu","datePublished":"2021-02-24T04:00:00+00:00","mainEntityOfPage":{"@id":"https:\/\/www.mzone.cz\/znacka-alpine-bere-nove-pod-kridla-vsechny-sportovni-divize-renaultu\/"},"wordCount":1154,"commentCount":0,"image":{"@id":"https:\/\/www.mzone.cz\/znacka-alpine-bere-nove-pod-kridla-vsechny-sportovni-divize-renaultu\/#primaryimage"},"thumbnailUrl":"https:\/\/www.mzone.cz\/wp-content\/uploads\/2021\/01\/Alpine.jpg","keywords":["Alpine","Alpine Cars","auta","Auto","auto-moto","automobily","Renault","Renault Sport Cars","Renault Sport Racing","spojen\u00ed","sportovn\u00ed divize","sportovn\u00ed vozy","z\u00e1vodn\u00ed vozy","Z\u00e1vody","zna\u010dka"],"articleSection":["Auto-moto"],"inLanguage":"en-US","potentialAction":[{"@type":"CommentAction","name":"Comment","target":["https:\/\/www.mzone.cz\/znacka-alpine-bere-nove-pod-kridla-vsechny-sportovni-divize-renaultu\/#respond"]}]},{"@type":"WebPage","@id":"https:\/\/www.mzone.cz\/znacka-alpine-bere-nove-pod-kridla-vsechny-sportovni-divize-renaultu\/","url":"https:\/\/www.mzone.cz\/znacka-alpine-bere-nove-pod-kridla-vsechny-sportovni-divize-renaultu\/","name":"Zna\u010dka Alpine bere nov\u011b pod k\u0159\u00eddla v\u0161echny sportovn\u00ed divize Renaultu - Mzone","isPartOf":{"@id":"https:\/\/www.mzone.cz\/#website"},"primaryImageOfPage":{"@id":"https:\/\/www.mzone.cz\/znacka-alpine-bere-nove-pod-kridla-vsechny-sportovni-divize-renaultu\/#primaryimage"},"image":{"@id":"https:\/\/www.mzone.cz\/znacka-alpine-bere-nove-pod-kridla-vsechny-sportovni-divize-renaultu\/#primaryimage"},"thumbnailUrl":"https:\/\/www.mzone.cz\/wp-content\/uploads\/2021\/01\/Alpine.jpg","datePublished":"2021-02-24T04:00:00+00:00","author":{"@id":"https:\/\/www.mzone.cz\/#\/schema\/person\/9bc20cc422a99cac4af6ff9297da32d4"},"description":"Aktivity zna\u010dek Alpine Cars, Renault Sport Cars a Renault Sport Racing budou nov\u011b spojeny do jedin\u00e9ho subjektu pod zna\u010dkou Alpine.","breadcrumb":{"@id":"https:\/\/www.mzone.cz\/znacka-alpine-bere-nove-pod-kridla-vsechny-sportovni-divize-renaultu\/#breadcrumb"},"inLanguage":"en-US","potentialAction":[{"@type":"ReadAction","target":["https:\/\/www.mzone.cz\/znacka-alpine-bere-nove-pod-kridla-vsechny-sportovni-divize-renaultu\/"]}]},{"@type":"ImageObject","inLanguage":"en-US","@id":"https:\/\/www.mzone.cz\/znacka-alpine-bere-nove-pod-kridla-vsechny-sportovni-divize-renaultu\/#primaryimage","url":"https:\/\/www.mzone.cz\/wp-content\/uploads\/2021\/01\/Alpine.jpg","contentUrl":"https:\/\/www.mzone.cz\/wp-content\/uploads\/2021\/01\/Alpine.jpg","width":1189,"height":793,"caption":"Alpine A110S"},{"@type":"BreadcrumbList","@id":"https:\/\/www.mzone.cz\/znacka-alpine-bere-nove-pod-kridla-vsechny-sportovni-divize-renaultu\/#breadcrumb","itemListElement":[{"@type":"ListItem","position":1,"name":"Dom\u016f","item":"https:\/\/www.mzone.cz\/"},{"@type":"ListItem","position":2,"name":"Zna\u010dka Alpine bere nov\u011b pod k\u0159\u00eddla v\u0161echny sportovn\u00ed divize Renaultu"}]},{"@type":"WebSite","@id":"https:\/\/www.mzone.cz\/#website","url":"https:\/\/www.mzone.cz\/","name":"Mzone","description":"Magaz\u00edn nejen pro mu\u017ee","potentialAction":[{"@type":"SearchAction","target":{"@type":"EntryPoint","urlTemplate":"https:\/\/www.mzone.cz\/?s={search_term_string}"},"query-input":{"@type":"PropertyValueSpecification","valueRequired":true,"valueName":"search_term_string"}}],"inLanguage":"en-US"},{"@type":"Person","@id":"https:\/\/www.mzone.cz\/#\/schema\/person\/9bc20cc422a99cac4af6ff9297da32d4","name":"Mzone","image":{"@type":"ImageObject","inLanguage":"en-US","@id":"https:\/\/secure.gravatar.com\/avatar\/e780a8630f3182a3d06dd667ab6bea151a0d155b0951bc15fe22633acdac0676?s=96&d=mm&r=g","url":"https:\/\/secure.gravatar.com\/avatar\/e780a8630f3182a3d06dd667ab6bea151a0d155b0951bc15fe22633acdac0676?s=96&d=mm&r=g","contentUrl":"https:\/\/secure.gravatar.com\/avatar\/e780a8630f3182a3d06dd667ab6bea151a0d155b0951bc15fe22633acdac0676?s=96&d=mm&r=g","caption":"Mzone"},"url":"https:\/\/www.mzone.cz\/en\/author\/jakub\/"}]}},"_links":{"self":[{"href":"https:\/\/www.mzone.cz\/en\/wp-json\/wp\/v2\/posts\/27854","targetHints":{"allow":["GET"]}}],"collection":[{"href":"https:\/\/www.mzone.cz\/en\/wp-json\/wp\/v2\/posts"}],"about":[{"href":"https:\/\/www.mzone.cz\/en\/wp-json\/wp\/v2\/types\/post"}],"author":[{"embeddable":true,"href":"https:\/\/www.mzone.cz\/en\/wp-json\/wp\/v2\/users\/4"}],"replies":[{"embeddable":true,"href":"https:\/\/www.mzone.cz\/en\/wp-json\/wp\/v2\/comments?post=27854"}],"version-history":[{"count":20,"href":"https:\/\/www.mzone.cz\/en\/wp-json\/wp\/v2\/posts\/27854\/revisions"}],"predecessor-version":[{"id":27889,"href":"https:\/\/www.mzone.cz\/en\/wp-json\/wp\/v2\/posts\/27854\/revisions\/27889"}],"wp:featuredmedia":[{"embeddable":true,"href":"https:\/\/www.mzone.cz\/en\/wp-json\/wp\/v2\/media\/27855"}],"wp:attachment":[{"href":"https:\/\/www.mzone.cz\/en\/wp-json\/wp\/v2\/media?parent=27854"}],"wp:term":[{"taxonomy":"category","embeddable":true,"href":"https:\/\/www.mzone.cz\/en\/wp-json\/wp\/v2\/categories?post=27854"},{"taxonomy":"post_tag","embeddable":true,"href":"https:\/\/www.mzone.cz\/en\/wp-json\/wp\/v2\/tags?post=27854"}],"curies":[{"name":"wp","href":"https:\/\/api.w.org\/{rel}","templated":true}]}}