{"id":27890,"date":"2021-01-19T05:00:00","date_gmt":"2021-01-19T04:00:00","guid":{"rendered":"https:\/\/www.mzone.cz\/?p=27890"},"modified":"2021-01-14T15:42:48","modified_gmt":"2021-01-14T14:42:48","slug":"film-o-fotbalove-legende-janu-kollerovi","status":"publish","type":"post","link":"https:\/\/www.mzone.cz\/en\/film-o-fotbalove-legende-janu-kollerovi\/","title":{"rendered":"Vznik\u00e1 film o fotbalov\u00e9 legend\u011b Janu Kollerovi"},"content":{"rendered":"<p><strong>Dokument \u201eJan Koller \u2013 P\u0159\u00edb\u011bh oby\u010dejn\u00e9ho kluka\u201c se bude v\u011bnovat neuv\u011b\u0159iteln\u00e9 sportovn\u00ed cest\u011b hou\u017eevnat\u00e9ho amat\u00e9rsk\u00e9ho fotbalisty ze Smetanovy Lhoty, na kter\u00e9 se stal krom\u011b nejlep\u0161\u00edho st\u0159elce v\u00a0historii \u010desk\u00e9ho reprezenta\u010dn\u00edho t\u00fdmu a dr\u017eitele bronzov\u00e9 medaile z\u00a0Mistrovstv\u00ed Evropy 2004 tak\u00e9 nejlep\u0161\u00edm st\u0159elcem belgick\u00e9 ligy a klubov\u00fdm mistrem v\u00a0\u010cesk\u00e9 republice, N\u011bmecku a Belgii.<\/strong><\/p><br>\n\n\n\n<p>Dokument bude produkovat a re\u017e\u00edrovat zku\u0161en\u00fd promot\u00e9r Petr V\u011btrovsk\u00fd. Hlavn\u00ed protagonista dokumentu Jan Koller k filmu \u0159\u00edk\u00e1: \u201eU\u017e n\u011bkolik lid\u00ed d\u0159\u00edve nez\u00e1visle na sob\u011b \u0159\u00edkalo, \u017ee by moje kari\u00e9ra byla dobr\u00fdm n\u00e1m\u011btem pro film, ale j\u00e1 jsem si to nikdy neum\u011bl re\u00e1ln\u011b p\u0159edstavit. Kdy\u017e se mi ale jednou n\u00e1hodou ozval Petr V\u011btrovsk\u00fd, kter\u00fd nato\u010dil film Attila, tak jsme si sedli a snad 4 hodiny o tom v\u00e1\u017en\u011b diskutovali. Po diskuzi s Petrem jsem byl n\u00e1padem nad\u0161en\u00fd a najednou jsem uv\u011b\u0159il tomu, \u017ee by se to dalo opravdu nato\u010dit.&#8221;<\/p>\n\n\n\n<blockquote class=\"wp-block-quote is-layout-flow wp-block-quote-is-layout-flow\"><p>\u201ePo pravd\u011b jsem se ze za\u010d\u00e1tku nat\u00e1\u010den\u00ed trochu b\u00e1l, ale te\u010f m\u011b to vylo\u017een\u011b bav\u00ed. Jsem r\u00e1d, \u017ee se na tom m\u016f\u017eu pod\u00edlet, i mimo nat\u00e1\u010den\u00ed neust\u00e1le n\u011bco prob\u00edr\u00e1me. Mysl\u00edm, \u017ee film by mohl p\u0159edat za\u010d\u00ednaj\u00edc\u00edm sportovc\u016fm to, \u017ee kdy\u017e m\u00e1te sv\u016fj sen, tak se v\u00e1m ho m\u016f\u017ee poda\u0159it splnit i kdy\u017e si v\u011bt\u0161ina lid\u00ed mysl\u00ed, \u017ee to nen\u00ed mo\u017en\u00e9,&#8221; \u0159\u00edk\u00e1 Koller.<\/p><\/blockquote>\n\n\n\n<p>Petr V\u011btrovsk\u00fd k&nbsp;tomu dod\u00e1v\u00e1: \u201ePo filmu Attila jsem myslel, \u017ee u\u017e nikdy \u017e\u00e1dn\u00fd film nenato\u010d\u00edm. Situace se v\u0161ak zm\u011bnila a j\u00e1 z\u00edskal znovu chu\u0165. Film tohoto typu nejde realizovat bez siln\u00e9ho p\u0159\u00edb\u011bhu a ten Honz\u016fv je naprosto v\u00fdjime\u010dn\u00fd. Nebudu lh\u00e1t, kdy\u017e \u0159eknu, \u017ee je sv\u011btov\u011b nenapodobiteln\u00fd. Nav\u00edc je pod pokli\u010dkou je\u0161t\u011b \u00fachvatn\u011bj\u0161\u00ed. J\u00e1 se osobn\u011b ve fotbale pohybuji od ml\u00e1d\u00ed, a i tak jsem byl p\u0159ekvapen\u00fd. Jsem r\u00e1d, \u017ee Honza nab\u00eddku p\u0159ijal a s jakou ochotou a profesionalitou k nat\u00e1\u010den\u00ed p\u0159istupuje. Je to velk\u00fd \u010dlov\u011bk, a to nejen vzr\u016fstem. Jeho p\u0159\u00edb\u011bh d\u00e1 nad\u011bji ka\u017ed\u00e9mu klukovi i na t\u00e9 nejmen\u0161\u00ed vesnici, \u017ee nikdy nen\u00ed pozd\u011b sn\u00edt.\u201c<\/p><br>\n\n\n\n<figure class=\"wp-block-image size-large\"><img loading=\"lazy\" decoding=\"async\" width=\"1024\" height=\"574\" src=\"https:\/\/www.mzone.cz\/wp-content\/uploads\/2021\/01\/Jan-Koller-Pribeh-obycejneho-kluka-1024x574.jpg\" alt=\"Jan Koller - P\u0159\u00edb\u011bh oby\u010dejn\u00e9ho kluka\" class=\"wp-image-27900\" srcset=\"https:\/\/www.mzone.cz\/wp-content\/uploads\/2021\/01\/Jan-Koller-Pribeh-obycejneho-kluka-1024x574.jpg 1024w, https:\/\/www.mzone.cz\/wp-content\/uploads\/2021\/01\/Jan-Koller-Pribeh-obycejneho-kluka-300x168.jpg 300w, https:\/\/www.mzone.cz\/wp-content\/uploads\/2021\/01\/Jan-Koller-Pribeh-obycejneho-kluka-768x430.jpg 768w, https:\/\/www.mzone.cz\/wp-content\/uploads\/2021\/01\/Jan-Koller-Pribeh-obycejneho-kluka-16x9.jpg 16w, https:\/\/www.mzone.cz\/wp-content\/uploads\/2021\/01\/Jan-Koller-Pribeh-obycejneho-kluka-590x331.jpg 590w, https:\/\/www.mzone.cz\/wp-content\/uploads\/2021\/01\/Jan-Koller-Pribeh-obycejneho-kluka.jpg 1396w\" sizes=\"auto, (max-width: 1024px) 100vw, 1024px\" \/><\/figure><br>\n\n\n\n<h2 class=\"wp-block-heading\"><strong>Poh\u00e1dka o nejlep\u0161\u00edm st\u0159elci \u010desk\u00e9 reprezentace<\/strong><\/h2>\n\n\n\n<p>P\u0159\u00edb\u011bh fotbalisty Jana Kollera je skute\u010dnou poh\u00e1dkou o \u201e\u010desk\u00e9m Honzovi.\u201c Sympatick\u00fd dvoumetrov\u00fd obr s\u00a0p\u0159ezd\u00edvkou \u201eDino\u201c cel\u00e9 d\u011btstv\u00ed a ml\u00e1d\u00ed nastupoval za amat\u00e9rsk\u00e9 kluby na venkovsk\u00e9 \u00farovni, nej\u010dast\u011bji za Smetanovu Lhotu v\u00a0ji\u017en\u00edch \u010cech\u00e1ch. Nakonec se d\u00edky shod\u011b n\u00e1hod dostal do rezervn\u00edho t\u00fdmu AC Sparta Praha, ze kter\u00e9ho se d\u00edky sv\u00e9 p\u00edli prosadil dokonce do kabiny prvn\u00edho mu\u017estva.<\/p><br>\n\n\n\n<p>Po kr\u00e1tk\u00e9m anga\u017em\u00e1 v\u00a0pra\u017esk\u00e9 Spart\u011b zam\u00ed\u0159il do belgick\u00e9ho Lokerenu, v\u00a0jeho\u017e barv\u00e1ch se stal kr\u00e1lem st\u0159elc\u016f belgick\u00e9 ligy. Pozd\u011bji p\u0159estoupil do bruselsk\u00e9ho RSC Anderlecht, kter\u00fd je historicky nej\u00fasp\u011b\u0161n\u011bj\u0161\u00edm belgick\u00fdm klubem a se kter\u00fdm vyhr\u00e1l dva tituly. Mezi lety 2001 a 2006 p\u016fsobil v\u00a0n\u011bmeck\u00e9 Borussii Dortmund, se kterou vyhr\u00e1l ligov\u00fd titul a probojoval se a\u017e do fin\u00e1le Poh\u00e1ru UEFA, ve kter\u00e9m dokonce vst\u0159elil branku. N\u00e1sledn\u011b p\u016fsobil v\u00a0dal\u0161\u00edch klubech v\u00a0N\u011bmecku, Francii \u010di Rusku.<\/p>\n\n\n\n<blockquote class=\"wp-block-quote is-layout-flow wp-block-quote-is-layout-flow\"><p>Mezi lety 1999 a 2009 pravideln\u011b nastupoval tak\u00e9 za \u010desk\u00fd n\u00e1rodn\u00ed t\u00fdm, ve kter\u00e9m odehr\u00e1l celkem 91 z\u00e1pas\u016f a nast\u0159\u00edlel 55 branek. D\u00edky tomu se stal suver\u00e9nn\u011b nejlep\u0161\u00edm st\u0159elcem \u010desk\u00e9ho i \u010deskoslovensk\u00e9ho n\u00e1rodn\u00edho t\u00fdmu v\u00a0historii.<\/p><\/blockquote>\n\n\n\n<p>V\u00a0roce 2004 z\u00edskal spolu s\u00a0n\u00e1rodn\u00edm mu\u017estvem bronzovou medaili na Mistrovstv\u00ed Evropy v\u00a0Portugalsku. V\u00fdrazn\u011b tak\u00e9 pomohl \u010desk\u00e9 reprezentaci p\u0159i postupu na Mistrovstv\u00ed sv\u011bta 2006 v\u00a0N\u011bmecku. P\u0159\u00edb\u011bh Jana Kollera tak nen\u00ed jen p\u0159\u00edb\u011bhem \u010dlov\u011bka, kter\u00fd to nevzdal, i kdy\u017e mu na za\u010d\u00e1tku nikdo nev\u011b\u0159il. Je to tak\u00e9 p\u0159\u00edb\u011bh pro ka\u017ed\u00e9ho kluka, kter\u00fd dnes kope do m\u00ed\u010de n\u011bkde na vesnick\u00e9m h\u0159i\u0161ti. P\u0159\u00edb\u011bh o tom, \u017ee poh\u00e1dky se d\u011bj\u00ed a \u017ee v\u017edy je mo\u017en\u00e9 naj\u00edt motivaci j\u00edt d\u00e1l.<\/p><br>\n\n\n\n<figure class=\"wp-block-image size-large\"><img loading=\"lazy\" decoding=\"async\" width=\"1024\" height=\"683\" src=\"https:\/\/www.mzone.cz\/wp-content\/uploads\/2021\/01\/shutterstock_1786463723-1024x683.jpg\" alt=\"Jan Koller\" class=\"wp-image-27904\" srcset=\"https:\/\/www.mzone.cz\/wp-content\/uploads\/2021\/01\/shutterstock_1786463723-1024x683.jpg 1024w, https:\/\/www.mzone.cz\/wp-content\/uploads\/2021\/01\/shutterstock_1786463723-300x200.jpg 300w, https:\/\/www.mzone.cz\/wp-content\/uploads\/2021\/01\/shutterstock_1786463723-768x512.jpg 768w, https:\/\/www.mzone.cz\/wp-content\/uploads\/2021\/01\/shutterstock_1786463723-1536x1024.jpg 1536w, https:\/\/www.mzone.cz\/wp-content\/uploads\/2021\/01\/shutterstock_1786463723-2048x1366.jpg 2048w, https:\/\/www.mzone.cz\/wp-content\/uploads\/2021\/01\/shutterstock_1786463723-16x12.jpg 16w, https:\/\/www.mzone.cz\/wp-content\/uploads\/2021\/01\/shutterstock_1786463723-800x533.jpg 800w, https:\/\/www.mzone.cz\/wp-content\/uploads\/2021\/01\/shutterstock_1786463723-400x267.jpg 400w, https:\/\/www.mzone.cz\/wp-content\/uploads\/2021\/01\/shutterstock_1786463723-500x333.jpg 500w, https:\/\/www.mzone.cz\/wp-content\/uploads\/2021\/01\/shutterstock_1786463723-1170x780.jpg 1170w, https:\/\/www.mzone.cz\/wp-content\/uploads\/2021\/01\/shutterstock_1786463723-590x393.jpg 590w\" sizes=\"auto, (max-width: 1024px) 100vw, 1024px\" \/><\/figure><br>\n\n\n\n<h2 class=\"wp-block-heading\"><strong>Fotbalov\u00fd p\u0159\u00edb\u011bh v\u00a0evropsk\u00fdch televiz\u00edch i na Netflixu<\/strong><\/h2>\n\n\n\n<p>Film bude vznikat na re\u00e1ln\u00fdch m\u00edstech, kde Jan Koller p\u016fsobil. S\u00a0kamerou se tak dostaneme na stadion Sparty, do Dortmundu, Anderlechtu, Monaka a dal\u0161\u00edch d\u016fle\u017eit\u00fdch m\u00edst jeho kari\u00e9ry. V\u00a0dokumentu se objev\u00ed tak\u00e9 \u0159ada \u010desk\u00fdch i zahrani\u010dn\u00edch hv\u011bzd, nej\u010dast\u011bji b\u00fdval\u00fdch spoluhr\u00e1\u010d\u016f Jana Kollera. Dokument bude uveden v\u00a0kinech v n\u011bkolika evropsk\u00fdch zem\u00edch, kde Jan Koller zanechal v\u00fdraznou stopu, nap\u0159\u00edklad v\u00a0\u010cech\u00e1ch, na Slovensku, v\u00a0N\u011bmecku \u010di v\u00a0Belgii. K\u00a0vid\u011bn\u00ed bude tak\u00e9 na <a href=\"https:\/\/www.netflix.com\/\" target=\"_blank\" rel=\"noreferrer noopener\">Netflixu<\/a> a celost\u00e1tn\u00edch televiz\u00edch.<\/p><br>\n\n\n\n<div class=\"wp-block-media-text alignwide is-stacked-on-mobile is-vertically-aligned-top\" style=\"grid-template-columns:29% auto\"><figure class=\"wp-block-media-text__media\"><a href=\"https:\/\/www.mzone.cz\/cas-travim-nejradeji-s-rodinou-rika-tomas-vaclik\/\"><img loading=\"lazy\" decoding=\"async\" width=\"1024\" height=\"682\" src=\"https:\/\/www.mzone.cz\/wp-content\/uploads\/2020\/04\/Tom\u00e1\u0161-Vacl\u00edk-1024x682.jpg\" alt=\"\" class=\"wp-image-19728 size-full\" srcset=\"https:\/\/www.mzone.cz\/wp-content\/uploads\/2020\/04\/Tom\u00e1\u0161-Vacl\u00edk-1024x682.jpg 1024w, https:\/\/www.mzone.cz\/wp-content\/uploads\/2020\/04\/Tom\u00e1\u0161-Vacl\u00edk-300x200.jpg 300w, https:\/\/www.mzone.cz\/wp-content\/uploads\/2020\/04\/Tom\u00e1\u0161-Vacl\u00edk-768x512.jpg 768w, https:\/\/www.mzone.cz\/wp-content\/uploads\/2020\/04\/Tom\u00e1\u0161-Vacl\u00edk-800x533.jpg 800w, https:\/\/www.mzone.cz\/wp-content\/uploads\/2020\/04\/Tom\u00e1\u0161-Vacl\u00edk-400x267.jpg 400w, https:\/\/www.mzone.cz\/wp-content\/uploads\/2020\/04\/Tom\u00e1\u0161-Vacl\u00edk-500x333.jpg 500w, https:\/\/www.mzone.cz\/wp-content\/uploads\/2020\/04\/Tom\u00e1\u0161-Vacl\u00edk-590x393.jpg 590w, https:\/\/www.mzone.cz\/wp-content\/uploads\/2020\/04\/Tom\u00e1\u0161-Vacl\u00edk.jpg 1079w\" sizes=\"auto, (max-width: 1024px) 100vw, 1024px\" \/><\/a><\/figure><div class=\"wp-block-media-text__content\">\n<h4><a href=\"https:\/\/www.mzone.cz\/cas-travim-nejradeji-s-rodinou-rika-tomas-vaclik\/\">Kon\u00ed\u010dky nem\u00e1m, \u010das tr\u00e1v\u00edm nejrad\u011bji se svou rodinou, \u0159\u00edk\u00e1 fotbalov\u00fd brank\u00e1\u0159 Tom\u00e1\u0161 Vacl\u00edk<\/a><\/h4><br>\n<\/div><\/div>","protected":false},"excerpt":{"rendered":"<p>Dokument \u201eJan Koller \u2013 P\u0159\u00edb\u011bh oby\u010dejn\u00e9ho kluka\u201c se bude v\u011bnovat neuv\u011b\u0159iteln\u00e9 sportovn\u00ed cest\u011b hou\u017eevnat\u00e9ho amat\u00e9rsk\u00e9ho fotbalisty ze Smetanovy Lhoty, na kter\u00e9 se stal krom\u011b nejlep\u0161\u00edho st\u0159elce v\u00a0historii \u010desk\u00e9ho reprezenta\u010dn\u00edho t\u00fdmu a dr\u017eitele bronzov\u00e9 medaile z\u00a0Mistrovstv\u00ed Evropy 2004 tak\u00e9 nejlep\u0161\u00edm st\u0159elcem belgick\u00e9 ligy a klubov\u00fdm mistrem v\u00a0\u010cesk\u00e9 republice, N\u011bmecku a Belgii. Dokument bude produkovat a re\u017e\u00edrovat [&hellip;]<\/p>\n","protected":false},"author":4,"featured_media":27893,"comment_status":"open","ping_status":"closed","sticky":false,"template":"","format":"standard","meta":{"kk_blocks_editor_width":"","_kiokenblocks_attr":"","_kiokenblocks_dimensions":"","footnotes":""},"categories":[73,71,80],"tags":[2977,3136,541,314,390,533,4636,31,1452,3192,42,534],"class_list":["post-27890","post","type-post","status-publish","format-standard","has-post-thumbnail","hentry","category-filmy","category-kultura","category-sport","tag-dokument","tag-dokumentarni-film","tag-film","tag-filmy","tag-fotbal","tag-fotbalista","tag-jan-koller","tag-kultura","tag-legenda","tag-nataceni","tag-sport","tag-sportovec"],"yoast_head":"<!-- This site is optimized with the Yoast SEO plugin v27.5 - https:\/\/yoast.com\/product\/yoast-seo-wordpress\/ -->\n<title>Vznik\u00e1 film o fotbalov\u00e9 legend\u011b Janu Kollerovi - Mzone<\/title>\n<meta name=\"description\" content=\"Dokument \u201eJan Koller \u2013 P\u0159\u00edb\u011bh oby\u010dejn\u00e9ho kluka\u201c se bude v\u011bnovat neuv\u011b\u0159iteln\u00e9 sportovn\u00ed cest\u011b hou\u017eevnat\u00e9ho amat\u00e9rsk\u00e9ho fotbalisty ze Smetanovy Lhoty, na kter\u00e9 se stal krom\u011b nejlep\u0161\u00edho st\u0159elce v historii \u010desk\u00e9ho reprezenta\u010dn\u00edho t\u00fdmu a dr\u017eitele bronzov\u00e9 medaile z Mistrovstv\u00ed Evropy 2004 tak\u00e9 nejlep\u0161\u00edm st\u0159elcem belgick\u00e9 ligy a klubov\u00fdm mistrem v \u010cesk\u00e9 republice, N\u011bmecku a Belgii.\" \/>\n<meta name=\"robots\" content=\"index, follow, max-snippet:-1, max-image-preview:large, max-video-preview:-1\" \/>\n<link rel=\"canonical\" href=\"https:\/\/www.mzone.cz\/en\/film-o-fotbalove-legende-janu-kollerovi\/\" \/>\n<meta property=\"og:locale\" content=\"en_US\" \/>\n<meta property=\"og:type\" content=\"article\" \/>\n<meta property=\"og:title\" content=\"Vznik\u00e1 film o fotbalov\u00e9 legend\u011b Janu Kollerovi - Mzone\" \/>\n<meta property=\"og:description\" content=\"Dokument \u201eJan Koller \u2013 P\u0159\u00edb\u011bh oby\u010dejn\u00e9ho kluka\u201c se bude v\u011bnovat neuv\u011b\u0159iteln\u00e9 sportovn\u00ed cest\u011b hou\u017eevnat\u00e9ho amat\u00e9rsk\u00e9ho fotbalisty ze Smetanovy Lhoty, na kter\u00e9 se stal krom\u011b nejlep\u0161\u00edho st\u0159elce v historii \u010desk\u00e9ho reprezenta\u010dn\u00edho t\u00fdmu a dr\u017eitele bronzov\u00e9 medaile z Mistrovstv\u00ed Evropy 2004 tak\u00e9 nejlep\u0161\u00edm st\u0159elcem belgick\u00e9 ligy a klubov\u00fdm mistrem v \u010cesk\u00e9 republice, N\u011bmecku a Belgii.\" \/>\n<meta property=\"og:url\" content=\"https:\/\/www.mzone.cz\/en\/film-o-fotbalove-legende-janu-kollerovi\/\" \/>\n<meta property=\"og:site_name\" content=\"Mzone\" \/>\n<meta property=\"article:publisher\" content=\"https:\/\/www.facebook.com\/MzoneCZ\/\" \/>\n<meta property=\"article:published_time\" content=\"2021-01-19T04:00:00+00:00\" \/>\n<meta property=\"og:image\" content=\"https:\/\/www.mzone.cz\/wp-content\/uploads\/2021\/01\/Jan-Koller-scaled.jpg\" \/>\n\t<meta property=\"og:image:width\" content=\"2560\" \/>\n\t<meta property=\"og:image:height\" content=\"1706\" \/>\n\t<meta property=\"og:image:type\" content=\"image\/jpeg\" \/>\n<meta name=\"author\" content=\"Mzone\" \/>\n<meta name=\"twitter:card\" content=\"summary_large_image\" \/>\n<meta name=\"twitter:label1\" content=\"Written by\" \/>\n\t<meta name=\"twitter:data1\" content=\"Mzone\" \/>\n\t<meta name=\"twitter:label2\" content=\"Est. reading time\" \/>\n\t<meta name=\"twitter:data2\" content=\"4 minutes\" \/>\n<script type=\"application\/ld+json\" class=\"yoast-schema-graph\">{\"@context\":\"https:\\\/\\\/schema.org\",\"@graph\":[{\"@type\":\"Article\",\"@id\":\"https:\\\/\\\/www.mzone.cz\\\/film-o-fotbalove-legende-janu-kollerovi\\\/#article\",\"isPartOf\":{\"@id\":\"https:\\\/\\\/www.mzone.cz\\\/film-o-fotbalove-legende-janu-kollerovi\\\/\"},\"author\":{\"name\":\"Mzone\",\"@id\":\"https:\\\/\\\/www.mzone.cz\\\/#\\\/schema\\\/person\\\/9bc20cc422a99cac4af6ff9297da32d4\"},\"headline\":\"Vznik\u00e1 film o fotbalov\u00e9 legend\u011b Janu Kollerovi\",\"datePublished\":\"2021-01-19T04:00:00+00:00\",\"mainEntityOfPage\":{\"@id\":\"https:\\\/\\\/www.mzone.cz\\\/film-o-fotbalove-legende-janu-kollerovi\\\/\"},\"wordCount\":903,\"commentCount\":0,\"image\":{\"@id\":\"https:\\\/\\\/www.mzone.cz\\\/film-o-fotbalove-legende-janu-kollerovi\\\/#primaryimage\"},\"thumbnailUrl\":\"https:\\\/\\\/www.mzone.cz\\\/wp-content\\\/uploads\\\/2021\\\/01\\\/Jan-Koller-scaled.jpg\",\"keywords\":[\"dokument\",\"dokument\u00e1rn\u00ed film\",\"film\",\"Filmy\",\"fotbal\",\"fotbalista\",\"Jan Koller\",\"Kultura\",\"legenda\",\"nat\u00e1\u010den\u00ed\",\"Sport\",\"sportovec\"],\"articleSection\":[\"Filmy\",\"Kultura\",\"Sport\"],\"inLanguage\":\"en-US\",\"potentialAction\":[{\"@type\":\"CommentAction\",\"name\":\"Comment\",\"target\":[\"https:\\\/\\\/www.mzone.cz\\\/film-o-fotbalove-legende-janu-kollerovi\\\/#respond\"]}]},{\"@type\":\"WebPage\",\"@id\":\"https:\\\/\\\/www.mzone.cz\\\/film-o-fotbalove-legende-janu-kollerovi\\\/\",\"url\":\"https:\\\/\\\/www.mzone.cz\\\/film-o-fotbalove-legende-janu-kollerovi\\\/\",\"name\":\"Vznik\u00e1 film o fotbalov\u00e9 legend\u011b Janu Kollerovi - Mzone\",\"isPartOf\":{\"@id\":\"https:\\\/\\\/www.mzone.cz\\\/#website\"},\"primaryImageOfPage\":{\"@id\":\"https:\\\/\\\/www.mzone.cz\\\/film-o-fotbalove-legende-janu-kollerovi\\\/#primaryimage\"},\"image\":{\"@id\":\"https:\\\/\\\/www.mzone.cz\\\/film-o-fotbalove-legende-janu-kollerovi\\\/#primaryimage\"},\"thumbnailUrl\":\"https:\\\/\\\/www.mzone.cz\\\/wp-content\\\/uploads\\\/2021\\\/01\\\/Jan-Koller-scaled.jpg\",\"datePublished\":\"2021-01-19T04:00:00+00:00\",\"author\":{\"@id\":\"https:\\\/\\\/www.mzone.cz\\\/#\\\/schema\\\/person\\\/9bc20cc422a99cac4af6ff9297da32d4\"},\"description\":\"Dokument \u201eJan Koller \u2013 P\u0159\u00edb\u011bh oby\u010dejn\u00e9ho kluka\u201c se bude v\u011bnovat neuv\u011b\u0159iteln\u00e9 sportovn\u00ed cest\u011b hou\u017eevnat\u00e9ho amat\u00e9rsk\u00e9ho fotbalisty ze Smetanovy Lhoty, na kter\u00e9 se stal krom\u011b nejlep\u0161\u00edho st\u0159elce v historii \u010desk\u00e9ho reprezenta\u010dn\u00edho t\u00fdmu a dr\u017eitele bronzov\u00e9 medaile z Mistrovstv\u00ed Evropy 2004 tak\u00e9 nejlep\u0161\u00edm st\u0159elcem belgick\u00e9 ligy a klubov\u00fdm mistrem v \u010cesk\u00e9 republice, N\u011bmecku a Belgii.\",\"breadcrumb\":{\"@id\":\"https:\\\/\\\/www.mzone.cz\\\/film-o-fotbalove-legende-janu-kollerovi\\\/#breadcrumb\"},\"inLanguage\":\"en-US\",\"potentialAction\":[{\"@type\":\"ReadAction\",\"target\":[\"https:\\\/\\\/www.mzone.cz\\\/film-o-fotbalove-legende-janu-kollerovi\\\/\"]}]},{\"@type\":\"ImageObject\",\"inLanguage\":\"en-US\",\"@id\":\"https:\\\/\\\/www.mzone.cz\\\/film-o-fotbalove-legende-janu-kollerovi\\\/#primaryimage\",\"url\":\"https:\\\/\\\/www.mzone.cz\\\/wp-content\\\/uploads\\\/2021\\\/01\\\/Jan-Koller-scaled.jpg\",\"contentUrl\":\"https:\\\/\\\/www.mzone.cz\\\/wp-content\\\/uploads\\\/2021\\\/01\\\/Jan-Koller-scaled.jpg\",\"width\":2560,\"height\":1706,\"caption\":\"Jan Koller\"},{\"@type\":\"BreadcrumbList\",\"@id\":\"https:\\\/\\\/www.mzone.cz\\\/film-o-fotbalove-legende-janu-kollerovi\\\/#breadcrumb\",\"itemListElement\":[{\"@type\":\"ListItem\",\"position\":1,\"name\":\"Dom\u016f\",\"item\":\"https:\\\/\\\/www.mzone.cz\\\/\"},{\"@type\":\"ListItem\",\"position\":2,\"name\":\"Vznik\u00e1 film o fotbalov\u00e9 legend\u011b Janu Kollerovi\"}]},{\"@type\":\"WebSite\",\"@id\":\"https:\\\/\\\/www.mzone.cz\\\/#website\",\"url\":\"https:\\\/\\\/www.mzone.cz\\\/\",\"name\":\"Mzone\",\"description\":\"Magaz\u00edn nejen pro mu\u017ee\",\"potentialAction\":[{\"@type\":\"SearchAction\",\"target\":{\"@type\":\"EntryPoint\",\"urlTemplate\":\"https:\\\/\\\/www.mzone.cz\\\/?s={search_term_string}\"},\"query-input\":{\"@type\":\"PropertyValueSpecification\",\"valueRequired\":true,\"valueName\":\"search_term_string\"}}],\"inLanguage\":\"en-US\"},{\"@type\":\"Person\",\"@id\":\"https:\\\/\\\/www.mzone.cz\\\/#\\\/schema\\\/person\\\/9bc20cc422a99cac4af6ff9297da32d4\",\"name\":\"Mzone\",\"image\":{\"@type\":\"ImageObject\",\"inLanguage\":\"en-US\",\"@id\":\"https:\\\/\\\/secure.gravatar.com\\\/avatar\\\/e780a8630f3182a3d06dd667ab6bea151a0d155b0951bc15fe22633acdac0676?s=96&d=mm&r=g\",\"url\":\"https:\\\/\\\/secure.gravatar.com\\\/avatar\\\/e780a8630f3182a3d06dd667ab6bea151a0d155b0951bc15fe22633acdac0676?s=96&d=mm&r=g\",\"contentUrl\":\"https:\\\/\\\/secure.gravatar.com\\\/avatar\\\/e780a8630f3182a3d06dd667ab6bea151a0d155b0951bc15fe22633acdac0676?s=96&d=mm&r=g\",\"caption\":\"Mzone\"},\"url\":\"https:\\\/\\\/www.mzone.cz\\\/en\\\/author\\\/jakub\\\/\"}]}<\/script>\n<!-- \/ Yoast SEO plugin. -->","yoast_head_json":{"title":"Vznik\u00e1 film o fotbalov\u00e9 legend\u011b Janu Kollerovi - Mzone","description":"Dokument \u201eJan Koller \u2013 P\u0159\u00edb\u011bh oby\u010dejn\u00e9ho kluka\u201c se bude v\u011bnovat neuv\u011b\u0159iteln\u00e9 sportovn\u00ed cest\u011b hou\u017eevnat\u00e9ho amat\u00e9rsk\u00e9ho fotbalisty ze Smetanovy Lhoty, na kter\u00e9 se stal krom\u011b nejlep\u0161\u00edho st\u0159elce v historii \u010desk\u00e9ho reprezenta\u010dn\u00edho t\u00fdmu a dr\u017eitele bronzov\u00e9 medaile z Mistrovstv\u00ed Evropy 2004 tak\u00e9 nejlep\u0161\u00edm st\u0159elcem belgick\u00e9 ligy a klubov\u00fdm mistrem v \u010cesk\u00e9 republice, N\u011bmecku a Belgii.","robots":{"index":"index","follow":"follow","max-snippet":"max-snippet:-1","max-image-preview":"max-image-preview:large","max-video-preview":"max-video-preview:-1"},"canonical":"https:\/\/www.mzone.cz\/en\/film-o-fotbalove-legende-janu-kollerovi\/","og_locale":"en_US","og_type":"article","og_title":"Vznik\u00e1 film o fotbalov\u00e9 legend\u011b Janu Kollerovi - Mzone","og_description":"Dokument \u201eJan Koller \u2013 P\u0159\u00edb\u011bh oby\u010dejn\u00e9ho kluka\u201c se bude v\u011bnovat neuv\u011b\u0159iteln\u00e9 sportovn\u00ed cest\u011b hou\u017eevnat\u00e9ho amat\u00e9rsk\u00e9ho fotbalisty ze Smetanovy Lhoty, na kter\u00e9 se stal krom\u011b nejlep\u0161\u00edho st\u0159elce v historii \u010desk\u00e9ho reprezenta\u010dn\u00edho t\u00fdmu a dr\u017eitele bronzov\u00e9 medaile z Mistrovstv\u00ed Evropy 2004 tak\u00e9 nejlep\u0161\u00edm st\u0159elcem belgick\u00e9 ligy a klubov\u00fdm mistrem v \u010cesk\u00e9 republice, N\u011bmecku a Belgii.","og_url":"https:\/\/www.mzone.cz\/en\/film-o-fotbalove-legende-janu-kollerovi\/","og_site_name":"Mzone","article_publisher":"https:\/\/www.facebook.com\/MzoneCZ\/","article_published_time":"2021-01-19T04:00:00+00:00","og_image":[{"width":2560,"height":1706,"url":"https:\/\/www.mzone.cz\/wp-content\/uploads\/2021\/01\/Jan-Koller-scaled.jpg","type":"image\/jpeg"}],"author":"Mzone","twitter_card":"summary_large_image","twitter_misc":{"Written by":"Mzone","Est. reading time":"4 minutes"},"schema":{"@context":"https:\/\/schema.org","@graph":[{"@type":"Article","@id":"https:\/\/www.mzone.cz\/film-o-fotbalove-legende-janu-kollerovi\/#article","isPartOf":{"@id":"https:\/\/www.mzone.cz\/film-o-fotbalove-legende-janu-kollerovi\/"},"author":{"name":"Mzone","@id":"https:\/\/www.mzone.cz\/#\/schema\/person\/9bc20cc422a99cac4af6ff9297da32d4"},"headline":"Vznik\u00e1 film o fotbalov\u00e9 legend\u011b Janu Kollerovi","datePublished":"2021-01-19T04:00:00+00:00","mainEntityOfPage":{"@id":"https:\/\/www.mzone.cz\/film-o-fotbalove-legende-janu-kollerovi\/"},"wordCount":903,"commentCount":0,"image":{"@id":"https:\/\/www.mzone.cz\/film-o-fotbalove-legende-janu-kollerovi\/#primaryimage"},"thumbnailUrl":"https:\/\/www.mzone.cz\/wp-content\/uploads\/2021\/01\/Jan-Koller-scaled.jpg","keywords":["dokument","dokument\u00e1rn\u00ed film","film","Filmy","fotbal","fotbalista","Jan Koller","Kultura","legenda","nat\u00e1\u010den\u00ed","Sport","sportovec"],"articleSection":["Filmy","Kultura","Sport"],"inLanguage":"en-US","potentialAction":[{"@type":"CommentAction","name":"Comment","target":["https:\/\/www.mzone.cz\/film-o-fotbalove-legende-janu-kollerovi\/#respond"]}]},{"@type":"WebPage","@id":"https:\/\/www.mzone.cz\/film-o-fotbalove-legende-janu-kollerovi\/","url":"https:\/\/www.mzone.cz\/film-o-fotbalove-legende-janu-kollerovi\/","name":"Vznik\u00e1 film o fotbalov\u00e9 legend\u011b Janu Kollerovi - Mzone","isPartOf":{"@id":"https:\/\/www.mzone.cz\/#website"},"primaryImageOfPage":{"@id":"https:\/\/www.mzone.cz\/film-o-fotbalove-legende-janu-kollerovi\/#primaryimage"},"image":{"@id":"https:\/\/www.mzone.cz\/film-o-fotbalove-legende-janu-kollerovi\/#primaryimage"},"thumbnailUrl":"https:\/\/www.mzone.cz\/wp-content\/uploads\/2021\/01\/Jan-Koller-scaled.jpg","datePublished":"2021-01-19T04:00:00+00:00","author":{"@id":"https:\/\/www.mzone.cz\/#\/schema\/person\/9bc20cc422a99cac4af6ff9297da32d4"},"description":"Dokument \u201eJan Koller \u2013 P\u0159\u00edb\u011bh oby\u010dejn\u00e9ho kluka\u201c se bude v\u011bnovat neuv\u011b\u0159iteln\u00e9 sportovn\u00ed cest\u011b hou\u017eevnat\u00e9ho amat\u00e9rsk\u00e9ho fotbalisty ze Smetanovy Lhoty, na kter\u00e9 se stal krom\u011b nejlep\u0161\u00edho st\u0159elce v historii \u010desk\u00e9ho reprezenta\u010dn\u00edho t\u00fdmu a dr\u017eitele bronzov\u00e9 medaile z Mistrovstv\u00ed Evropy 2004 tak\u00e9 nejlep\u0161\u00edm st\u0159elcem belgick\u00e9 ligy a klubov\u00fdm mistrem v \u010cesk\u00e9 republice, N\u011bmecku a Belgii.","breadcrumb":{"@id":"https:\/\/www.mzone.cz\/film-o-fotbalove-legende-janu-kollerovi\/#breadcrumb"},"inLanguage":"en-US","potentialAction":[{"@type":"ReadAction","target":["https:\/\/www.mzone.cz\/film-o-fotbalove-legende-janu-kollerovi\/"]}]},{"@type":"ImageObject","inLanguage":"en-US","@id":"https:\/\/www.mzone.cz\/film-o-fotbalove-legende-janu-kollerovi\/#primaryimage","url":"https:\/\/www.mzone.cz\/wp-content\/uploads\/2021\/01\/Jan-Koller-scaled.jpg","contentUrl":"https:\/\/www.mzone.cz\/wp-content\/uploads\/2021\/01\/Jan-Koller-scaled.jpg","width":2560,"height":1706,"caption":"Jan Koller"},{"@type":"BreadcrumbList","@id":"https:\/\/www.mzone.cz\/film-o-fotbalove-legende-janu-kollerovi\/#breadcrumb","itemListElement":[{"@type":"ListItem","position":1,"name":"Dom\u016f","item":"https:\/\/www.mzone.cz\/"},{"@type":"ListItem","position":2,"name":"Vznik\u00e1 film o fotbalov\u00e9 legend\u011b Janu Kollerovi"}]},{"@type":"WebSite","@id":"https:\/\/www.mzone.cz\/#website","url":"https:\/\/www.mzone.cz\/","name":"Mzone","description":"Magaz\u00edn nejen pro mu\u017ee","potentialAction":[{"@type":"SearchAction","target":{"@type":"EntryPoint","urlTemplate":"https:\/\/www.mzone.cz\/?s={search_term_string}"},"query-input":{"@type":"PropertyValueSpecification","valueRequired":true,"valueName":"search_term_string"}}],"inLanguage":"en-US"},{"@type":"Person","@id":"https:\/\/www.mzone.cz\/#\/schema\/person\/9bc20cc422a99cac4af6ff9297da32d4","name":"Mzone","image":{"@type":"ImageObject","inLanguage":"en-US","@id":"https:\/\/secure.gravatar.com\/avatar\/e780a8630f3182a3d06dd667ab6bea151a0d155b0951bc15fe22633acdac0676?s=96&d=mm&r=g","url":"https:\/\/secure.gravatar.com\/avatar\/e780a8630f3182a3d06dd667ab6bea151a0d155b0951bc15fe22633acdac0676?s=96&d=mm&r=g","contentUrl":"https:\/\/secure.gravatar.com\/avatar\/e780a8630f3182a3d06dd667ab6bea151a0d155b0951bc15fe22633acdac0676?s=96&d=mm&r=g","caption":"Mzone"},"url":"https:\/\/www.mzone.cz\/en\/author\/jakub\/"}]}},"_links":{"self":[{"href":"https:\/\/www.mzone.cz\/en\/wp-json\/wp\/v2\/posts\/27890","targetHints":{"allow":["GET"]}}],"collection":[{"href":"https:\/\/www.mzone.cz\/en\/wp-json\/wp\/v2\/posts"}],"about":[{"href":"https:\/\/www.mzone.cz\/en\/wp-json\/wp\/v2\/types\/post"}],"author":[{"embeddable":true,"href":"https:\/\/www.mzone.cz\/en\/wp-json\/wp\/v2\/users\/4"}],"replies":[{"embeddable":true,"href":"https:\/\/www.mzone.cz\/en\/wp-json\/wp\/v2\/comments?post=27890"}],"version-history":[{"count":11,"href":"https:\/\/www.mzone.cz\/en\/wp-json\/wp\/v2\/posts\/27890\/revisions"}],"predecessor-version":[{"id":27911,"href":"https:\/\/www.mzone.cz\/en\/wp-json\/wp\/v2\/posts\/27890\/revisions\/27911"}],"wp:featuredmedia":[{"embeddable":true,"href":"https:\/\/www.mzone.cz\/en\/wp-json\/wp\/v2\/media\/27893"}],"wp:attachment":[{"href":"https:\/\/www.mzone.cz\/en\/wp-json\/wp\/v2\/media?parent=27890"}],"wp:term":[{"taxonomy":"category","embeddable":true,"href":"https:\/\/www.mzone.cz\/en\/wp-json\/wp\/v2\/categories?post=27890"},{"taxonomy":"post_tag","embeddable":true,"href":"https:\/\/www.mzone.cz\/en\/wp-json\/wp\/v2\/tags?post=27890"}],"curies":[{"name":"wp","href":"https:\/\/api.w.org\/{rel}","templated":true}]}}