{"id":28007,"date":"2021-01-18T16:43:50","date_gmt":"2021-01-18T15:43:50","guid":{"rendered":"https:\/\/www.mzone.cz\/?p=28007"},"modified":"2021-01-18T16:43:51","modified_gmt":"2021-01-18T15:43:51","slug":"nejvice-nominaci-na-ceskeho-lva-maji-filmy-krajina-ve-stinu-havel-a-sarlatan","status":"publish","type":"post","link":"https:\/\/www.mzone.cz\/en\/nejvice-nominaci-na-ceskeho-lva-maji-filmy-krajina-ve-stinu-havel-a-sarlatan\/","title":{"rendered":"Nejv\u00edce nominac\u00ed na \u010cesk\u00e9ho lva maj\u00ed filmy Krajina ve st\u00ednu, Havel a \u0160arlat\u00e1n"},"content":{"rendered":"<p><strong>\u010cesk\u00e1 filmov\u00e1 a televizn\u00ed akademie (\u010cFTA) dnes ozn\u00e1mila nominace pro 28. ro\u010dn\u00edk v\u00fdro\u010dn\u00edch cen \u010cesk\u00fd lev. Celkem 190 akademik\u016f hlasovalo o 87 hran\u00fdch, dokument\u00e1rn\u00edch, animovan\u00fdch a kr\u00e1tk\u00fdch filmech i televizn\u00edch d\u00edlech, kter\u00e9 splnily statut cen \u010cesk\u00fd lev.<\/strong><\/p><br>\n\n\n\n<p>Nejv\u00edce nominac\u00ed z\u00edskaly s tak\u0159ka vyrovnan\u00fdm po\u010dtem filmy Krajina ve st\u00ednu, Havel a \u0160arlat\u00e1n. Od leto\u0161n\u00edho ro\u010dn\u00edku se nov\u011b otev\u0159ely dal\u0161\u00ed kategorie i televizn\u00edm projekt\u016fm a d\u00edky tomu tak nap\u0159\u00edklad minis\u00e9rie Herec z\u00edskala 7 nominac\u00ed. \u010cFTA vyhl\u00e1sila poprv\u00e9 tak\u00e9 kategorie pro animovan\u00fd a kr\u00e1tk\u00fd film, kter\u00e9 v nominac\u00edch s p\u0159evahou ovl\u00e1dla nastupuj\u00edc\u00ed generace filma\u0159\u016f z \u0159ad student\u016f. O so\u0161ku \u010cesk\u00e9ho lva v 19 statut\u00e1rn\u00edch kategori\u00edch se tak bude uch\u00e1zet v z\u00e1v\u011bre\u010dn\u00e9m hlasov\u00e1n\u00ed 27 titul\u016f.<\/p><br>\n\n\n\n<p>Hlasov\u00e1n\u00ed o nominac\u00edch ve v\u0161ech kategori\u00edch 28. ro\u010dn\u00edku ocen\u011bn\u00ed \u010cesk\u00fd lev prob\u00edhalo od 1. prosince 2020 do 10. ledna 2021. Akademici hodnotili 21 hran\u00fdch celove\u010dern\u00edch film\u016f, 7 animovan\u00fdch a 18 kr\u00e1tk\u00fdch film\u016f, d\u00e1le 14 dokument\u00e1rn\u00edch film\u016f vybran\u00fdch p\u0159edv\u00fdb\u011brovou komis\u00ed sestavenou ze \u010dlen\u016f akademie a 10 televizn\u00edch d\u011bl.&nbsp;<\/p>\n\n\n\n<blockquote class=\"wp-block-quote is-layout-flow wp-block-quote-is-layout-flow\"><p>Z filmov\u00e9 produkce lo\u0148sk\u00e9ho roku nejv\u00edce akademiky zaujal s 15 nominacemi filmov\u00e9 drama Bohdana Sl\u00e1my <strong>Krajina ve st\u00ednu<\/strong>, kter\u00e9 je kronikou mal\u00e9 vesnice v pohrani\u010d\u00ed vl\u00e1\u010den\u00e9 d\u011bjinami t\u0159ic\u00e1t\u00fdch, \u010dty\u0159ic\u00e1t\u00fdch a pades\u00e1t\u00fdch let minul\u00e9ho stolet\u00ed.<\/p><\/blockquote>\n\n\n\n<p>Po 14 nominac\u00edch shodn\u011b z\u00edskal film re\u017eis\u00e9ra Sl\u00e1vka Hor\u00e1ka <strong>Havel<\/strong> inspirovan\u00fd \u017eivotem V\u00e1clava Havla a p\u0159\u00edb\u011bh vypr\u00e1v\u011bj\u00edc\u00ed osud l\u00e9\u010ditele Jana Mikol\u00e1\u0161ka <strong>\u0160arlat\u00e1n<\/strong> re\u017eis\u00e9rky Agnieszky Holland. \u00dasp\u011b\u0161n\u011b si vedla tak\u00e9 televizn\u00ed minis\u00e9rie <strong>Herec<\/strong> v re\u017eii Petera Bebjaka a sn\u00edmek <strong>Model\u00e1\u0159<\/strong> Petra Zelenky, kter\u00e9 z\u00edskaly od akademik\u016f po 7 nominac\u00edch.<\/p><br>\n\n\n\n<p>V kategorii nejlep\u0161\u00ed celove\u010dern\u00ed film za rok 2020 jsou nominov\u00e1ny filmy: <strong>Havel<\/strong> (producent Sl\u00e1vek Hor\u00e1k), <strong>Krajina ve st\u00ednu<\/strong> (producenti Martin R\u016f\u017ei\u010dka, Jind\u0159ich Mot\u00fdl), <strong>Model\u00e1\u0159<\/strong> (producenti Petr Zelenka, Martin Sehnal), <strong>\u0160arlat\u00e1n<\/strong> (producenti \u0160\u00e1rka Cimbalov\u00e1, Kevan Van Thompson) a <strong>\u017d\u00e1by bez jazyka<\/strong> (producenti Viktor Schwarcz, Mira Fornay).<\/p><br>\n\n\n\n<figure class=\"wp-block-image size-large\"><img loading=\"lazy\" decoding=\"async\" width=\"955\" height=\"400\" src=\"https:\/\/www.mzone.cz\/wp-content\/uploads\/2021\/01\/Havel_-foto-1_mm.png\" alt=\"Nominovan\u00fd film Havel\" class=\"wp-image-28012\" srcset=\"https:\/\/www.mzone.cz\/wp-content\/uploads\/2021\/01\/Havel_-foto-1_mm.png 955w, https:\/\/www.mzone.cz\/wp-content\/uploads\/2021\/01\/Havel_-foto-1_mm-300x126.png 300w, https:\/\/www.mzone.cz\/wp-content\/uploads\/2021\/01\/Havel_-foto-1_mm-768x322.png 768w, https:\/\/www.mzone.cz\/wp-content\/uploads\/2021\/01\/Havel_-foto-1_mm-16x7.png 16w, https:\/\/www.mzone.cz\/wp-content\/uploads\/2021\/01\/Havel_-foto-1_mm-590x247.png 590w\" sizes=\"auto, (max-width: 955px) 100vw, 955px\" \/><\/figure><br>\n\n\n\n<p>So\u0161ku \u010cesk\u00e9ho lva za nejlep\u0161\u00ed dokument\u00e1rn\u00ed film si mohou odn\u00e9st sn\u00edmky <strong>Alchymick\u00e1 pec<\/strong> (re\u017eie Jan Da\u0148hel, Adam O\u013eha, producenti Pavla Kallistov\u00e1, Zuzana Mistr\u00edkov\u00e1, \u013dubica Orechovsk\u00e1, Jan \u0160vankmajer, Jarom\u00edr Kallista), <strong>Kdo jin\u00e9mu j\u00e1mu \u2013 Rudolf Sl\u00e1nsk\u00fd<\/strong> (re\u017eie Martin Vadas, producentka Alena M\u00fcllerov\u00e1), <strong>M\u016fj otec Anton\u00edn Kratochv\u00edl<\/strong> (re\u017eie Andrea Sedl\u00e1\u010dkov\u00e1, producent Martin H\u016flovec), <strong>Posti\u017eeni muzikou<\/strong> (re\u017eie Radovan S\u00edbrt, producenti Al\u017eb\u011bta\u00a0Kar\u00e1skov\u00e1, Karel Poup\u011b), <strong>V s\u00edti <\/strong>(re\u017eie Barbora Chalupov\u00e1, V\u00edt Klus\u00e1k, producenti V\u00edt Klus\u00e1k a Filip Remunda).<\/p><br>\n\n\n\n<p>Na dne\u0161n\u00ed tiskov\u00e9 konferenci \u010cFTA byli ohl\u00e1\u0161eni i v\u00edt\u011bzov\u00e9 nestatut\u00e1rn\u00edch cen \u010cesk\u00e9ho lva. Cena za nejlep\u0161\u00ed filmov\u00fd plak\u00e1t putovala do rukou Jana Poukara za v\u00fdtvarn\u00fd n\u00e1vrh pro film <strong>Krajina ve st\u00ednu<\/strong>. Cenu filmov\u00fdch fanou\u0161k\u016f, kterou ud\u011bluje \u010cFTA ve spolupr\u00e1ci s CSFD.cz, si odnesl sn\u00edmek <strong>V s\u00edti<\/strong> re\u017eis\u00e9r\u016f Barbory Chalupov\u00e9 a V\u00edta Klus\u00e1ka.<\/p><br>\n\n\n\n<figure class=\"wp-block-image size-large is-resized\"><img loading=\"lazy\" decoding=\"async\" src=\"https:\/\/www.mzone.cz\/wp-content\/uploads\/2020\/01\/v-s\u00edti-Aero-Films.jpg\" alt=\"Film V s\u00edti\" class=\"wp-image-16985\" width=\"567\" height=\"379\" srcset=\"https:\/\/www.mzone.cz\/wp-content\/uploads\/2020\/01\/v-s\u00edti-Aero-Films.jpg 500w, https:\/\/www.mzone.cz\/wp-content\/uploads\/2020\/01\/v-s\u00edti-Aero-Films-300x200.jpg 300w, https:\/\/www.mzone.cz\/wp-content\/uploads\/2020\/01\/v-s\u00edti-Aero-Films-400x267.jpg 400w\" sizes=\"auto, (max-width: 567px) 100vw, 567px\" \/><\/figure><br>\n\n\n\n<p>So\u0161ku \u010cesk\u00e9ho lva pro nejlep\u0161\u00ed here\u010dku v hlavn\u00ed roli mohou v b\u0159eznu z\u00edskat: <strong>Jana Plodkov\u00e1<\/strong> za film B\u00e1bovky, <strong>Anna Geislerov\u00e1<\/strong> za roli ve filmu Havel, <strong>Jenov\u00e9fa Bokov\u00e1<\/strong> za v\u00fdkon v minis\u00e9rii Herec, <strong>Magdal\u00e9na Borov\u00e1<\/strong> za roli ve filmu Krajina ve st\u00ednu a <strong>Tereza T\u011b\u017ek\u00e1<\/strong> za dokument\u00e1rn\u00ed film V s\u00edti. V kategorii nejlep\u0161\u00ed here\u010dka ve vedlej\u0161\u00ed roli akademiky nejv\u00edce zaujaly: <strong>Barbora Seidlov\u00e1<\/strong> ve filmu Havel, <strong>Elizaveta Maximov\u00e1<\/strong> v minis\u00e9rii Herec, <strong>Barbora Pol\u00e1kov\u00e1<\/strong> a <strong>Petra \u0160palkov\u00e1<\/strong> v Krajin\u011b ve st\u00ednu a <strong>Jaroslava Pokorn\u00e1<\/strong> ve filmu \u0160arlat\u00e1n.<\/p><br>\n\n\n\n<p>V kategorii nejlep\u0161\u00ed herec v hlavn\u00ed roli byli do druh\u00e9ho kola nominov\u00e1ni: <strong>Viktor Dvo\u0159\u00e1k<\/strong> za hlavn\u00ed roli ve filmu Havel, <strong>Jan Cina<\/strong> za minis\u00e9rii Herec, <strong>Csongor Kassai<\/strong> za Krajinu ve st\u00ednu, <strong>Kry\u0161tof H\u00e1dek<\/strong> za film Model\u00e1\u0159 a <strong>Ivan Trojan<\/strong> za sn\u00edmek \u0160arlat\u00e1n. Nominace pro nejlep\u0161\u00edho herce ve vedlej\u0161\u00ed roli za rok 2020 z\u00edskali: <strong>Martin Hofmann<\/strong> za film Havel, <strong>Stanislav Majer<\/strong> za Krajinu ve st\u00ednu, <strong>Ji\u0159\u00ed M\u00e1dl<\/strong> za sn\u00edmek Model\u00e1\u0159 a <strong>Juraj Loj<\/strong> a <strong>Josef Trojan<\/strong> za role ve filmu \u0160arlat\u00e1n.<\/p>\n\n\n\n<blockquote class=\"wp-block-quote is-layout-flow wp-block-quote-is-layout-flow\"><p>\u010cesk\u00e9ho lva za nejlep\u0161\u00ed re\u017eii si mohou odn\u00e9st <strong>Sl\u00e1vek Hor\u00e1k<\/strong> za film Havel, <strong>Bohdan Sl\u00e1ma<\/strong> za Krajinu ve st\u00ednu, <strong>Petr Zelenka<\/strong> za Model\u00e1\u0159e, <strong>Agnieszka Holland<\/strong> za \u0160arlat\u00e1na a <strong>Mira Fornay<\/strong> za re\u017eii filmu \u017d\u00e1by bez jazyka.<\/p><\/blockquote>\n\n\n\n<p>Dnes byly zve\u0159ejn\u011bny i nominace v kategorii nejlep\u0161\u00ed televizn\u00ed film nebo minis\u00e9rie. O so\u0161ku \u010cesk\u00e9ho lva tak budou letos usilovat televizn\u00ed minis\u00e9rie <strong>Herec<\/strong> v re\u017eii Petera Bebjaka, <strong>Stockholmsk\u00fd syndrom<\/strong> re\u017eis\u00e9ra Dana Sv\u00e1tka a televizn\u00ed film <strong>Veter\u00e1n<\/strong> Jana H\u0159ebejka z produkce \u010cesk\u00e9 televize. \u010cesk\u00e9ho lva za nejlep\u0161\u00ed televizn\u00ed seri\u00e1l m\u016f\u017ee z\u00edskat <strong>M\u00edsto zlo\u010dinu Ostrava<\/strong> v re\u017eii Dana Wlodarczyka, Ji\u0159\u00edho Chlumsk\u00e9ho a Jana H\u0159ebejka, <strong>Zr\u00e1dci<\/strong> re\u017eis\u00e9r\u016f Viktora Tau\u0161e a Mat\u011bje Chlup\u00e1\u010dka z produkce \u010cesk\u00e9 televize nebo seri\u00e1l <strong>Specialist\u00e9<\/strong> tv\u016frc\u016f Heike Richter-Karsty a Michaela B\u00fctowa vytvo\u0159en\u00fd televiz\u00ed Nova.<\/p><br>\n\n\n\n<p>\u010cFTA dnes vyhl\u00e1sila tak\u00e9 p\u011btici nominac\u00ed na nestatut\u00e1rn\u00ed Cenu Magnesia za nejlep\u0161\u00ed studentsk\u00fd\u0301 film, kterou ud\u011bluje ve spolupr\u00e1ci s Mattoni 1873 a St\u00e1tn\u00edm fondem kinematografie. Studentskou cenu tak mohou z\u00edskat za\u010d\u00ednaj\u00edc\u00ed filma\u0159i za kr\u00e1tk\u00e9 filmy <strong>Anatomie \u010desk\u00e9ho odpoledne<\/strong> \u2013 Adam Martinec, <strong>Hranice<\/strong> &#8211; Dami\u00e1n Vondr\u00e1\u0161ek, <strong>Mus\u00ed to b\u00fdt bolestiv\u00fd<\/strong> &#8211; David Semler, <strong>Pripyat Piano<\/strong> &#8211; Eli\u0161ka C\u00edlkov\u00e1 a za animovan\u00fd film <strong>Jsme si o smrt bl\u00ed\u017e<\/strong> B\u00e1ra Anna Stejskalov\u00e1. Sn\u00edmky <strong>Anatomie \u010desk\u00e9ho odpoledne<\/strong>, <strong>Hranice<\/strong> a <strong>Pripyat Piano<\/strong> poustoupily rovn\u011b\u017e do nominac\u00ed v nov\u00e9 kategorii nejlep\u0161\u00ed kr\u00e1tk\u00fd film a sn\u00edmek <strong>Jsme si o smrt bl\u00ed\u017e<\/strong> z\u00edskal nominaci rovn\u011b\u017e v nov\u00e9 kategorii nejlep\u0161\u00ed animovan\u00fd film.<\/p><br>\n\n\n\n<p>Ceremoni\u00e1l p\u0159ed\u00e1v\u00e1n\u00ed <a href=\"https:\/\/www.ceskylev.cz\/\" target=\"_blank\" rel=\"noreferrer noopener\">v\u00fdro\u010dn\u00edch cen \u010cesk\u00e9 filmov\u00e9 a televizn\u00ed akademie<\/a>, kter\u00e9 symbolizuj\u00ed so\u0161ky \u010cesk\u00e9ho lva, prob\u011bhne v sobotu 6. b\u0159ezna 2021 od 20.10 hodin v p\u0159\u00edm\u00e9m p\u0159enosu na \u010cT1 z pra\u017esk\u00e9ho Rudolfina. Moder\u00e1torem ve\u010dera bude ji\u017e pot\u0159et\u00ed herec V\u00e1clav Kopta. Pr\u016fb\u011bh ve\u010dera bude op\u011bt \u0159\u00eddit osv\u011bd\u010den\u00e9 trio Marek Najbrt, re\u017eijn\u00ed supervizor, Michael \u010cech, re\u017eis\u00e9r slavnostn\u00edho ve\u010dera, a sc\u00e9nograf Martin Chocholou\u0161ek.<\/p><br>\n\n\n\n<div class=\"wp-block-media-text alignwide is-stacked-on-mobile is-vertically-aligned-top\" style=\"grid-template-columns:25% auto\"><figure class=\"wp-block-media-text__media\"><a href=\"https:\/\/www.mzone.cz\/sarlatan-vyrazi-do-boje-o-oscara\/\"><img loading=\"lazy\" decoding=\"async\" width=\"696\" height=\"449\" src=\"https:\/\/www.mzone.cz\/wp-content\/uploads\/2020\/01\/\u0160arlat\u00e1n-Marlene-Film-Production.jpg\" alt=\"\" class=\"wp-image-16995 size-full\" srcset=\"https:\/\/www.mzone.cz\/wp-content\/uploads\/2020\/01\/\u0160arlat\u00e1n-Marlene-Film-Production.jpg 696w, https:\/\/www.mzone.cz\/wp-content\/uploads\/2020\/01\/\u0160arlat\u00e1n-Marlene-Film-Production-300x194.jpg 300w, https:\/\/www.mzone.cz\/wp-content\/uploads\/2020\/01\/\u0160arlat\u00e1n-Marlene-Film-Production-590x381.jpg 590w\" sizes=\"auto, (max-width: 696px) 100vw, 696px\" \/><\/a><\/figure><div class=\"wp-block-media-text__content\">\n<h4><a href=\"https:\/\/www.mzone.cz\/sarlatan-vyrazi-do-boje-o-oscara\/\">Do boje o Oscara vyraz\u00ed i \u010desk\u00fd film \u0160arlat\u00e1n<\/a><\/h4><br>\n<\/div><\/div>","protected":false},"excerpt":{"rendered":"<p>\u010cesk\u00e1 filmov\u00e1 a televizn\u00ed akademie (\u010cFTA) dnes ozn\u00e1mila nominace pro 28. ro\u010dn\u00edk v\u00fdro\u010dn\u00edch cen \u010cesk\u00fd lev. Celkem 190 akademik\u016f hlasovalo o 87 hran\u00fdch, dokument\u00e1rn\u00edch, animovan\u00fdch a kr\u00e1tk\u00fdch filmech i televizn\u00edch d\u00edlech, kter\u00e9 splnily statut cen \u010cesk\u00fd lev. Nejv\u00edce nominac\u00ed z\u00edskaly s tak\u0159ka vyrovnan\u00fdm po\u010dtem filmy Krajina ve st\u00ednu, Havel a \u0160arlat\u00e1n. Od leto\u0161n\u00edho ro\u010dn\u00edku se [&hellip;]<\/p>\n","protected":false},"author":4,"featured_media":28009,"comment_status":"open","ping_status":"closed","sticky":false,"template":"","format":"standard","meta":{"kk_blocks_editor_width":"","_kiokenblocks_attr":"","_kiokenblocks_dimensions":"","footnotes":""},"categories":[73,71],"tags":[84,2256,1792,3027,541,314,4069,4641,31,2789,1347,4244],"class_list":["post-28007","post","type-post","status-publish","format-standard","has-post-thumbnail","hentry","category-filmy","category-kultura","tag-cena","tag-ceny","tag-cesky-lev","tag-cfta","tag-film","tag-filmy","tag-havel","tag-krajina-ve-stinu","tag-kultura","tag-nominace","tag-oceneni","tag-sarlatan"],"yoast_head":"<!-- This site is optimized with the Yoast SEO plugin v27.5 - https:\/\/yoast.com\/product\/yoast-seo-wordpress\/ -->\n<title>Nejv\u00edce nominac\u00ed na \u010cesk\u00e9ho lva maj\u00ed filmy Krajina ve st\u00ednu, Havel a \u0160arlat\u00e1n - Mzone<\/title>\n<meta name=\"description\" content=\"\u010cesk\u00e1 filmov\u00e1 a televizn\u00ed akademie (\u010cFTA) dnes ozn\u00e1mila nominace pro 28. ro\u010dn\u00edk v\u00fdro\u010dn\u00edch cen \u010cesk\u00fd lev. Celkem 190 akademik\u016f hlasovalo o 87 hran\u00fdch, dokument\u00e1rn\u00edch, animovan\u00fdch a kr\u00e1tk\u00fdch filmech i televizn\u00edch d\u00edlech, kter\u00e9 splnily statut cen \u010cesk\u00fd lev.\" \/>\n<meta name=\"robots\" content=\"index, follow, max-snippet:-1, max-image-preview:large, max-video-preview:-1\" \/>\n<link rel=\"canonical\" href=\"https:\/\/www.mzone.cz\/en\/nejvice-nominaci-na-ceskeho-lva-maji-filmy-krajina-ve-stinu-havel-a-sarlatan\/\" \/>\n<meta property=\"og:locale\" content=\"en_US\" \/>\n<meta property=\"og:type\" content=\"article\" \/>\n<meta property=\"og:title\" content=\"Nejv\u00edce nominac\u00ed na \u010cesk\u00e9ho lva maj\u00ed filmy Krajina ve st\u00ednu, Havel a \u0160arlat\u00e1n - Mzone\" \/>\n<meta property=\"og:description\" content=\"\u010cesk\u00e1 filmov\u00e1 a televizn\u00ed akademie (\u010cFTA) dnes ozn\u00e1mila nominace pro 28. ro\u010dn\u00edk v\u00fdro\u010dn\u00edch cen \u010cesk\u00fd lev. Celkem 190 akademik\u016f hlasovalo o 87 hran\u00fdch, dokument\u00e1rn\u00edch, animovan\u00fdch a kr\u00e1tk\u00fdch filmech i televizn\u00edch d\u00edlech, kter\u00e9 splnily statut cen \u010cesk\u00fd lev.\" \/>\n<meta property=\"og:url\" content=\"https:\/\/www.mzone.cz\/en\/nejvice-nominaci-na-ceskeho-lva-maji-filmy-krajina-ve-stinu-havel-a-sarlatan\/\" \/>\n<meta property=\"og:site_name\" content=\"Mzone\" \/>\n<meta property=\"article:publisher\" content=\"https:\/\/www.facebook.com\/MzoneCZ\/\" \/>\n<meta property=\"article:published_time\" content=\"2021-01-18T15:43:50+00:00\" \/>\n<meta property=\"article:modified_time\" content=\"2021-01-18T15:43:51+00:00\" \/>\n<meta property=\"og:image\" content=\"https:\/\/www.mzone.cz\/wp-content\/uploads\/2021\/01\/Sarlatan_foto-2_m.jpg\" \/>\n\t<meta property=\"og:image:width\" content=\"1732\" \/>\n\t<meta property=\"og:image:height\" content=\"1154\" \/>\n\t<meta property=\"og:image:type\" content=\"image\/jpeg\" \/>\n<meta name=\"author\" content=\"Mzone\" \/>\n<meta name=\"twitter:card\" content=\"summary_large_image\" \/>\n<meta name=\"twitter:label1\" content=\"Written by\" \/>\n\t<meta name=\"twitter:data1\" content=\"Mzone\" \/>\n\t<meta name=\"twitter:label2\" content=\"Est. reading time\" \/>\n\t<meta name=\"twitter:data2\" content=\"5 minutes\" \/>\n<script type=\"application\/ld+json\" class=\"yoast-schema-graph\">{\"@context\":\"https:\\\/\\\/schema.org\",\"@graph\":[{\"@type\":\"Article\",\"@id\":\"https:\\\/\\\/www.mzone.cz\\\/nejvice-nominaci-na-ceskeho-lva-maji-filmy-krajina-ve-stinu-havel-a-sarlatan\\\/#article\",\"isPartOf\":{\"@id\":\"https:\\\/\\\/www.mzone.cz\\\/nejvice-nominaci-na-ceskeho-lva-maji-filmy-krajina-ve-stinu-havel-a-sarlatan\\\/\"},\"author\":{\"name\":\"Mzone\",\"@id\":\"https:\\\/\\\/www.mzone.cz\\\/#\\\/schema\\\/person\\\/9bc20cc422a99cac4af6ff9297da32d4\"},\"headline\":\"Nejv\u00edce nominac\u00ed na \u010cesk\u00e9ho lva maj\u00ed filmy Krajina ve st\u00ednu, Havel a \u0160arlat\u00e1n\",\"datePublished\":\"2021-01-18T15:43:50+00:00\",\"dateModified\":\"2021-01-18T15:43:51+00:00\",\"mainEntityOfPage\":{\"@id\":\"https:\\\/\\\/www.mzone.cz\\\/nejvice-nominaci-na-ceskeho-lva-maji-filmy-krajina-ve-stinu-havel-a-sarlatan\\\/\"},\"wordCount\":1169,\"commentCount\":0,\"image\":{\"@id\":\"https:\\\/\\\/www.mzone.cz\\\/nejvice-nominaci-na-ceskeho-lva-maji-filmy-krajina-ve-stinu-havel-a-sarlatan\\\/#primaryimage\"},\"thumbnailUrl\":\"https:\\\/\\\/www.mzone.cz\\\/wp-content\\\/uploads\\\/2021\\\/01\\\/Sarlatan_foto-2_m.jpg\",\"keywords\":[\"cena\",\"ceny\",\"\u010cesk\u00fd lev\",\"\u010cFTA\",\"film\",\"Filmy\",\"Havel\",\"Krajina ve st\u00ednu\",\"Kultura\",\"nominace\",\"ocen\u011bn\u00ed\",\"\u0160arlat\u00e1n\"],\"articleSection\":[\"Filmy\",\"Kultura\"],\"inLanguage\":\"en-US\",\"potentialAction\":[{\"@type\":\"CommentAction\",\"name\":\"Comment\",\"target\":[\"https:\\\/\\\/www.mzone.cz\\\/nejvice-nominaci-na-ceskeho-lva-maji-filmy-krajina-ve-stinu-havel-a-sarlatan\\\/#respond\"]}]},{\"@type\":\"WebPage\",\"@id\":\"https:\\\/\\\/www.mzone.cz\\\/nejvice-nominaci-na-ceskeho-lva-maji-filmy-krajina-ve-stinu-havel-a-sarlatan\\\/\",\"url\":\"https:\\\/\\\/www.mzone.cz\\\/nejvice-nominaci-na-ceskeho-lva-maji-filmy-krajina-ve-stinu-havel-a-sarlatan\\\/\",\"name\":\"Nejv\u00edce nominac\u00ed na \u010cesk\u00e9ho lva maj\u00ed filmy Krajina ve st\u00ednu, Havel a \u0160arlat\u00e1n - Mzone\",\"isPartOf\":{\"@id\":\"https:\\\/\\\/www.mzone.cz\\\/#website\"},\"primaryImageOfPage\":{\"@id\":\"https:\\\/\\\/www.mzone.cz\\\/nejvice-nominaci-na-ceskeho-lva-maji-filmy-krajina-ve-stinu-havel-a-sarlatan\\\/#primaryimage\"},\"image\":{\"@id\":\"https:\\\/\\\/www.mzone.cz\\\/nejvice-nominaci-na-ceskeho-lva-maji-filmy-krajina-ve-stinu-havel-a-sarlatan\\\/#primaryimage\"},\"thumbnailUrl\":\"https:\\\/\\\/www.mzone.cz\\\/wp-content\\\/uploads\\\/2021\\\/01\\\/Sarlatan_foto-2_m.jpg\",\"datePublished\":\"2021-01-18T15:43:50+00:00\",\"dateModified\":\"2021-01-18T15:43:51+00:00\",\"author\":{\"@id\":\"https:\\\/\\\/www.mzone.cz\\\/#\\\/schema\\\/person\\\/9bc20cc422a99cac4af6ff9297da32d4\"},\"description\":\"\u010cesk\u00e1 filmov\u00e1 a televizn\u00ed akademie (\u010cFTA) dnes ozn\u00e1mila nominace pro 28. ro\u010dn\u00edk v\u00fdro\u010dn\u00edch cen \u010cesk\u00fd lev. Celkem 190 akademik\u016f hlasovalo o 87 hran\u00fdch, dokument\u00e1rn\u00edch, animovan\u00fdch a kr\u00e1tk\u00fdch filmech i televizn\u00edch d\u00edlech, kter\u00e9 splnily statut cen \u010cesk\u00fd lev.\",\"breadcrumb\":{\"@id\":\"https:\\\/\\\/www.mzone.cz\\\/nejvice-nominaci-na-ceskeho-lva-maji-filmy-krajina-ve-stinu-havel-a-sarlatan\\\/#breadcrumb\"},\"inLanguage\":\"en-US\",\"potentialAction\":[{\"@type\":\"ReadAction\",\"target\":[\"https:\\\/\\\/www.mzone.cz\\\/nejvice-nominaci-na-ceskeho-lva-maji-filmy-krajina-ve-stinu-havel-a-sarlatan\\\/\"]}]},{\"@type\":\"ImageObject\",\"inLanguage\":\"en-US\",\"@id\":\"https:\\\/\\\/www.mzone.cz\\\/nejvice-nominaci-na-ceskeho-lva-maji-filmy-krajina-ve-stinu-havel-a-sarlatan\\\/#primaryimage\",\"url\":\"https:\\\/\\\/www.mzone.cz\\\/wp-content\\\/uploads\\\/2021\\\/01\\\/Sarlatan_foto-2_m.jpg\",\"contentUrl\":\"https:\\\/\\\/www.mzone.cz\\\/wp-content\\\/uploads\\\/2021\\\/01\\\/Sarlatan_foto-2_m.jpg\",\"width\":1732,\"height\":1154,\"caption\":\"\u0160arlat\u00e1n\"},{\"@type\":\"BreadcrumbList\",\"@id\":\"https:\\\/\\\/www.mzone.cz\\\/nejvice-nominaci-na-ceskeho-lva-maji-filmy-krajina-ve-stinu-havel-a-sarlatan\\\/#breadcrumb\",\"itemListElement\":[{\"@type\":\"ListItem\",\"position\":1,\"name\":\"Dom\u016f\",\"item\":\"https:\\\/\\\/www.mzone.cz\\\/\"},{\"@type\":\"ListItem\",\"position\":2,\"name\":\"Nejv\u00edce nominac\u00ed na \u010cesk\u00e9ho lva maj\u00ed filmy Krajina ve st\u00ednu, Havel a \u0160arlat\u00e1n\"}]},{\"@type\":\"WebSite\",\"@id\":\"https:\\\/\\\/www.mzone.cz\\\/#website\",\"url\":\"https:\\\/\\\/www.mzone.cz\\\/\",\"name\":\"Mzone\",\"description\":\"Magaz\u00edn nejen pro mu\u017ee\",\"potentialAction\":[{\"@type\":\"SearchAction\",\"target\":{\"@type\":\"EntryPoint\",\"urlTemplate\":\"https:\\\/\\\/www.mzone.cz\\\/?s={search_term_string}\"},\"query-input\":{\"@type\":\"PropertyValueSpecification\",\"valueRequired\":true,\"valueName\":\"search_term_string\"}}],\"inLanguage\":\"en-US\"},{\"@type\":\"Person\",\"@id\":\"https:\\\/\\\/www.mzone.cz\\\/#\\\/schema\\\/person\\\/9bc20cc422a99cac4af6ff9297da32d4\",\"name\":\"Mzone\",\"image\":{\"@type\":\"ImageObject\",\"inLanguage\":\"en-US\",\"@id\":\"https:\\\/\\\/secure.gravatar.com\\\/avatar\\\/e780a8630f3182a3d06dd667ab6bea151a0d155b0951bc15fe22633acdac0676?s=96&d=mm&r=g\",\"url\":\"https:\\\/\\\/secure.gravatar.com\\\/avatar\\\/e780a8630f3182a3d06dd667ab6bea151a0d155b0951bc15fe22633acdac0676?s=96&d=mm&r=g\",\"contentUrl\":\"https:\\\/\\\/secure.gravatar.com\\\/avatar\\\/e780a8630f3182a3d06dd667ab6bea151a0d155b0951bc15fe22633acdac0676?s=96&d=mm&r=g\",\"caption\":\"Mzone\"},\"url\":\"https:\\\/\\\/www.mzone.cz\\\/en\\\/author\\\/jakub\\\/\"}]}<\/script>\n<!-- \/ Yoast SEO plugin. -->","yoast_head_json":{"title":"Nejv\u00edce nominac\u00ed na \u010cesk\u00e9ho lva maj\u00ed filmy Krajina ve st\u00ednu, Havel a \u0160arlat\u00e1n - Mzone","description":"\u010cesk\u00e1 filmov\u00e1 a televizn\u00ed akademie (\u010cFTA) dnes ozn\u00e1mila nominace pro 28. ro\u010dn\u00edk v\u00fdro\u010dn\u00edch cen \u010cesk\u00fd lev. Celkem 190 akademik\u016f hlasovalo o 87 hran\u00fdch, dokument\u00e1rn\u00edch, animovan\u00fdch a kr\u00e1tk\u00fdch filmech i televizn\u00edch d\u00edlech, kter\u00e9 splnily statut cen \u010cesk\u00fd lev.","robots":{"index":"index","follow":"follow","max-snippet":"max-snippet:-1","max-image-preview":"max-image-preview:large","max-video-preview":"max-video-preview:-1"},"canonical":"https:\/\/www.mzone.cz\/en\/nejvice-nominaci-na-ceskeho-lva-maji-filmy-krajina-ve-stinu-havel-a-sarlatan\/","og_locale":"en_US","og_type":"article","og_title":"Nejv\u00edce nominac\u00ed na \u010cesk\u00e9ho lva maj\u00ed filmy Krajina ve st\u00ednu, Havel a \u0160arlat\u00e1n - Mzone","og_description":"\u010cesk\u00e1 filmov\u00e1 a televizn\u00ed akademie (\u010cFTA) dnes ozn\u00e1mila nominace pro 28. ro\u010dn\u00edk v\u00fdro\u010dn\u00edch cen \u010cesk\u00fd lev. Celkem 190 akademik\u016f hlasovalo o 87 hran\u00fdch, dokument\u00e1rn\u00edch, animovan\u00fdch a kr\u00e1tk\u00fdch filmech i televizn\u00edch d\u00edlech, kter\u00e9 splnily statut cen \u010cesk\u00fd lev.","og_url":"https:\/\/www.mzone.cz\/en\/nejvice-nominaci-na-ceskeho-lva-maji-filmy-krajina-ve-stinu-havel-a-sarlatan\/","og_site_name":"Mzone","article_publisher":"https:\/\/www.facebook.com\/MzoneCZ\/","article_published_time":"2021-01-18T15:43:50+00:00","article_modified_time":"2021-01-18T15:43:51+00:00","og_image":[{"width":1732,"height":1154,"url":"https:\/\/www.mzone.cz\/wp-content\/uploads\/2021\/01\/Sarlatan_foto-2_m.jpg","type":"image\/jpeg"}],"author":"Mzone","twitter_card":"summary_large_image","twitter_misc":{"Written by":"Mzone","Est. reading time":"5 minutes"},"schema":{"@context":"https:\/\/schema.org","@graph":[{"@type":"Article","@id":"https:\/\/www.mzone.cz\/nejvice-nominaci-na-ceskeho-lva-maji-filmy-krajina-ve-stinu-havel-a-sarlatan\/#article","isPartOf":{"@id":"https:\/\/www.mzone.cz\/nejvice-nominaci-na-ceskeho-lva-maji-filmy-krajina-ve-stinu-havel-a-sarlatan\/"},"author":{"name":"Mzone","@id":"https:\/\/www.mzone.cz\/#\/schema\/person\/9bc20cc422a99cac4af6ff9297da32d4"},"headline":"Nejv\u00edce nominac\u00ed na \u010cesk\u00e9ho lva maj\u00ed filmy Krajina ve st\u00ednu, Havel a \u0160arlat\u00e1n","datePublished":"2021-01-18T15:43:50+00:00","dateModified":"2021-01-18T15:43:51+00:00","mainEntityOfPage":{"@id":"https:\/\/www.mzone.cz\/nejvice-nominaci-na-ceskeho-lva-maji-filmy-krajina-ve-stinu-havel-a-sarlatan\/"},"wordCount":1169,"commentCount":0,"image":{"@id":"https:\/\/www.mzone.cz\/nejvice-nominaci-na-ceskeho-lva-maji-filmy-krajina-ve-stinu-havel-a-sarlatan\/#primaryimage"},"thumbnailUrl":"https:\/\/www.mzone.cz\/wp-content\/uploads\/2021\/01\/Sarlatan_foto-2_m.jpg","keywords":["cena","ceny","\u010cesk\u00fd lev","\u010cFTA","film","Filmy","Havel","Krajina ve st\u00ednu","Kultura","nominace","ocen\u011bn\u00ed","\u0160arlat\u00e1n"],"articleSection":["Filmy","Kultura"],"inLanguage":"en-US","potentialAction":[{"@type":"CommentAction","name":"Comment","target":["https:\/\/www.mzone.cz\/nejvice-nominaci-na-ceskeho-lva-maji-filmy-krajina-ve-stinu-havel-a-sarlatan\/#respond"]}]},{"@type":"WebPage","@id":"https:\/\/www.mzone.cz\/nejvice-nominaci-na-ceskeho-lva-maji-filmy-krajina-ve-stinu-havel-a-sarlatan\/","url":"https:\/\/www.mzone.cz\/nejvice-nominaci-na-ceskeho-lva-maji-filmy-krajina-ve-stinu-havel-a-sarlatan\/","name":"Nejv\u00edce nominac\u00ed na \u010cesk\u00e9ho lva maj\u00ed filmy Krajina ve st\u00ednu, Havel a \u0160arlat\u00e1n - Mzone","isPartOf":{"@id":"https:\/\/www.mzone.cz\/#website"},"primaryImageOfPage":{"@id":"https:\/\/www.mzone.cz\/nejvice-nominaci-na-ceskeho-lva-maji-filmy-krajina-ve-stinu-havel-a-sarlatan\/#primaryimage"},"image":{"@id":"https:\/\/www.mzone.cz\/nejvice-nominaci-na-ceskeho-lva-maji-filmy-krajina-ve-stinu-havel-a-sarlatan\/#primaryimage"},"thumbnailUrl":"https:\/\/www.mzone.cz\/wp-content\/uploads\/2021\/01\/Sarlatan_foto-2_m.jpg","datePublished":"2021-01-18T15:43:50+00:00","dateModified":"2021-01-18T15:43:51+00:00","author":{"@id":"https:\/\/www.mzone.cz\/#\/schema\/person\/9bc20cc422a99cac4af6ff9297da32d4"},"description":"\u010cesk\u00e1 filmov\u00e1 a televizn\u00ed akademie (\u010cFTA) dnes ozn\u00e1mila nominace pro 28. ro\u010dn\u00edk v\u00fdro\u010dn\u00edch cen \u010cesk\u00fd lev. Celkem 190 akademik\u016f hlasovalo o 87 hran\u00fdch, dokument\u00e1rn\u00edch, animovan\u00fdch a kr\u00e1tk\u00fdch filmech i televizn\u00edch d\u00edlech, kter\u00e9 splnily statut cen \u010cesk\u00fd lev.","breadcrumb":{"@id":"https:\/\/www.mzone.cz\/nejvice-nominaci-na-ceskeho-lva-maji-filmy-krajina-ve-stinu-havel-a-sarlatan\/#breadcrumb"},"inLanguage":"en-US","potentialAction":[{"@type":"ReadAction","target":["https:\/\/www.mzone.cz\/nejvice-nominaci-na-ceskeho-lva-maji-filmy-krajina-ve-stinu-havel-a-sarlatan\/"]}]},{"@type":"ImageObject","inLanguage":"en-US","@id":"https:\/\/www.mzone.cz\/nejvice-nominaci-na-ceskeho-lva-maji-filmy-krajina-ve-stinu-havel-a-sarlatan\/#primaryimage","url":"https:\/\/www.mzone.cz\/wp-content\/uploads\/2021\/01\/Sarlatan_foto-2_m.jpg","contentUrl":"https:\/\/www.mzone.cz\/wp-content\/uploads\/2021\/01\/Sarlatan_foto-2_m.jpg","width":1732,"height":1154,"caption":"\u0160arlat\u00e1n"},{"@type":"BreadcrumbList","@id":"https:\/\/www.mzone.cz\/nejvice-nominaci-na-ceskeho-lva-maji-filmy-krajina-ve-stinu-havel-a-sarlatan\/#breadcrumb","itemListElement":[{"@type":"ListItem","position":1,"name":"Dom\u016f","item":"https:\/\/www.mzone.cz\/"},{"@type":"ListItem","position":2,"name":"Nejv\u00edce nominac\u00ed na \u010cesk\u00e9ho lva maj\u00ed filmy Krajina ve st\u00ednu, Havel a \u0160arlat\u00e1n"}]},{"@type":"WebSite","@id":"https:\/\/www.mzone.cz\/#website","url":"https:\/\/www.mzone.cz\/","name":"Mzone","description":"Magaz\u00edn nejen pro mu\u017ee","potentialAction":[{"@type":"SearchAction","target":{"@type":"EntryPoint","urlTemplate":"https:\/\/www.mzone.cz\/?s={search_term_string}"},"query-input":{"@type":"PropertyValueSpecification","valueRequired":true,"valueName":"search_term_string"}}],"inLanguage":"en-US"},{"@type":"Person","@id":"https:\/\/www.mzone.cz\/#\/schema\/person\/9bc20cc422a99cac4af6ff9297da32d4","name":"Mzone","image":{"@type":"ImageObject","inLanguage":"en-US","@id":"https:\/\/secure.gravatar.com\/avatar\/e780a8630f3182a3d06dd667ab6bea151a0d155b0951bc15fe22633acdac0676?s=96&d=mm&r=g","url":"https:\/\/secure.gravatar.com\/avatar\/e780a8630f3182a3d06dd667ab6bea151a0d155b0951bc15fe22633acdac0676?s=96&d=mm&r=g","contentUrl":"https:\/\/secure.gravatar.com\/avatar\/e780a8630f3182a3d06dd667ab6bea151a0d155b0951bc15fe22633acdac0676?s=96&d=mm&r=g","caption":"Mzone"},"url":"https:\/\/www.mzone.cz\/en\/author\/jakub\/"}]}},"_links":{"self":[{"href":"https:\/\/www.mzone.cz\/en\/wp-json\/wp\/v2\/posts\/28007","targetHints":{"allow":["GET"]}}],"collection":[{"href":"https:\/\/www.mzone.cz\/en\/wp-json\/wp\/v2\/posts"}],"about":[{"href":"https:\/\/www.mzone.cz\/en\/wp-json\/wp\/v2\/types\/post"}],"author":[{"embeddable":true,"href":"https:\/\/www.mzone.cz\/en\/wp-json\/wp\/v2\/users\/4"}],"replies":[{"embeddable":true,"href":"https:\/\/www.mzone.cz\/en\/wp-json\/wp\/v2\/comments?post=28007"}],"version-history":[{"count":8,"href":"https:\/\/www.mzone.cz\/en\/wp-json\/wp\/v2\/posts\/28007\/revisions"}],"predecessor-version":[{"id":28017,"href":"https:\/\/www.mzone.cz\/en\/wp-json\/wp\/v2\/posts\/28007\/revisions\/28017"}],"wp:featuredmedia":[{"embeddable":true,"href":"https:\/\/www.mzone.cz\/en\/wp-json\/wp\/v2\/media\/28009"}],"wp:attachment":[{"href":"https:\/\/www.mzone.cz\/en\/wp-json\/wp\/v2\/media?parent=28007"}],"wp:term":[{"taxonomy":"category","embeddable":true,"href":"https:\/\/www.mzone.cz\/en\/wp-json\/wp\/v2\/categories?post=28007"},{"taxonomy":"post_tag","embeddable":true,"href":"https:\/\/www.mzone.cz\/en\/wp-json\/wp\/v2\/tags?post=28007"}],"curies":[{"name":"wp","href":"https:\/\/api.w.org\/{rel}","templated":true}]}}