{"id":28018,"date":"2021-04-24T05:00:00","date_gmt":"2021-04-24T03:00:00","guid":{"rendered":"https:\/\/www.mzone.cz\/?p=28018"},"modified":"2021-03-03T18:42:54","modified_gmt":"2021-03-03T17:42:54","slug":"veda-je-pro-cechy-dulezita-vedcum-ale-nerozumi","status":"publish","type":"post","link":"https:\/\/www.mzone.cz\/en\/veda-je-pro-cechy-dulezita-vedcum-ale-nerozumi\/","title":{"rendered":"V\u011bda je pro \u010cechy d\u016fle\u017eit\u00e1, v\u011bdc\u016fm ale \u010dasto nerozum\u00ed"},"content":{"rendered":"<p><strong>Sedm z deseti \u010cech\u016f si v\u00e1\u017e\u00ed v\u011bdc\u016f a p\u0159\u00ednosu jejich pr\u00e1ce pro ka\u017edodenn\u00ed \u017eivot. Jak vypl\u00fdv\u00e1 z nejnov\u011bj\u0161\u00edho pr\u016fzkumu Bayer Barometr, kter\u00fd zpracovala agentura Median, nejv\u00edc vn\u00edmaj\u00ed vliv v\u00fdzkumu na zdravotnictv\u00ed a telekomunikace. V\u011bdci ale podle n\u011bj nedok\u00e1\u017e\u00ed v\u00fdsledky sv\u00e9 pr\u00e1ce dostate\u010dn\u011b vysv\u011btlit laick\u00e9 ve\u0159ejnosti. V\u00edce ne\u017e polovina osloven\u00fdch, cel\u00fdch 54 %, p\u0159izn\u00e1v\u00e1, \u017ee z\u00e1v\u011br\u016fm v\u011bdeck\u00e9 pr\u00e1ce tak, jak j\u00ed jsou p\u0159edkl\u00e1d\u00e1ny, \u010dasto nerozum\u00ed.<\/strong><\/p><br>\n\n\n\n<p>Studie zam\u011b\u0159en\u00e1 na roli v\u011bdy ve spole\u010dnosti p\u0159in\u00e1\u0161\u00ed pozitivn\u00ed zpr\u00e1vy. Uk\u00e1zala, \u017ee ka\u017ed\u00fd druh\u00fd z dot\u00e1zan\u00fdch vn\u00edm\u00e1 ka\u017edodenn\u00ed vliv v\u011bdy a v\u00fdzkumu a dokonce 70 % \u00fa\u010dastn\u00edk\u016f pr\u016fzkumu pova\u017euje p\u0159\u00ednos v\u011bdy za d\u016fle\u017eit\u00fd.<\/p>\n\n\n\n<blockquote class=\"wp-block-quote is-layout-flow wp-block-quote-is-layout-flow\"><p>Celkem 24 % dot\u00e1zan\u00fdch hodnot\u00ed v\u00fdznam v\u011bdeck\u00fdch v\u00fdsledk\u016f v jejich ka\u017edodenn\u00edm \u017eivot\u011b jako kl\u00ed\u010dov\u00fd, dal\u0161\u00edch 58 % je pova\u017euje za v\u00fdznamn\u00e9.<\/p><\/blockquote>\n\n\n\n<p>Polovina lid\u00ed je p\u0159esv\u011bd\u010den\u00e1, \u017ee v\u011bda na\u0161e \u017eivoty ovliv\u0148uje na denn\u00ed b\u00e1zi. Na druhou stranu 40 % lid\u00ed poci\u0165uje jej\u00ed vliv m\u00e1lo.<\/p><br>\n\n\n\n<figure class=\"wp-block-image size-large\"><img loading=\"lazy\" decoding=\"async\" width=\"1024\" height=\"683\" src=\"https:\/\/www.mzone.cz\/wp-content\/uploads\/2021\/01\/Veda-1024x683.jpg\" alt=\"V\u011bda\" class=\"wp-image-28024\" srcset=\"https:\/\/www.mzone.cz\/wp-content\/uploads\/2021\/01\/Veda-1024x683.jpg 1024w, https:\/\/www.mzone.cz\/wp-content\/uploads\/2021\/01\/Veda-300x200.jpg 300w, https:\/\/www.mzone.cz\/wp-content\/uploads\/2021\/01\/Veda-768x512.jpg 768w, https:\/\/www.mzone.cz\/wp-content\/uploads\/2021\/01\/Veda-1536x1025.jpg 1536w, https:\/\/www.mzone.cz\/wp-content\/uploads\/2021\/01\/Veda-16x12.jpg 16w, https:\/\/www.mzone.cz\/wp-content\/uploads\/2021\/01\/Veda-800x533.jpg 800w, https:\/\/www.mzone.cz\/wp-content\/uploads\/2021\/01\/Veda-400x267.jpg 400w, https:\/\/www.mzone.cz\/wp-content\/uploads\/2021\/01\/Veda-500x333.jpg 500w, https:\/\/www.mzone.cz\/wp-content\/uploads\/2021\/01\/Veda-1170x780.jpg 1170w, https:\/\/www.mzone.cz\/wp-content\/uploads\/2021\/01\/Veda-590x394.jpg 590w, https:\/\/www.mzone.cz\/wp-content\/uploads\/2021\/01\/Veda.jpg 1920w\" sizes=\"auto, (max-width: 1024px) 100vw, 1024px\" \/><\/figure><br>\n\n\n\n<h2 class=\"wp-block-heading\">Zdravotnictv\u00ed v hlavn\u00ed roli<\/h2>\n\n\n\n<p>Nejv\u011bt\u0161\u00ed vliv na \u017eivot \u010cech\u016f m\u00e1 podle 70 % lid\u00ed v\u00fdzkum v oblasti zdravotnictv\u00ed. Pro 64 % respondent\u016f je d\u016fle\u017eit\u00fd v\u00fdvoj v telekomunikac\u00edch a 44 % vn\u00edm\u00e1 p\u0159\u00ednos v\u011bdy v pr\u016fmyslu. Nejm\u00e9n\u011b je pr\u00fd zn\u00e1t v\u011bdeck\u00fd p\u0159\u00ednos ve \u0161kolstv\u00ed, kter\u00e9 uvedlo pouze 18 % dot\u00e1zan\u00fdch.<\/p><br>\n\n\n\n<p>Pozitivn\u00ed postoj ke zdravotnictv\u00ed dokazuj\u00ed \u010ce\u0161i i t\u00edm, \u017ee dbaj\u00ed na pravideln\u00e9 preventivn\u00ed prohl\u00eddky. K praktick\u00e9mu l\u00e9ka\u0159i chod\u00ed minim\u00e1ln\u011b jednou za dva roky 77 % dot\u00e1zan\u00fdch a 76 % chod\u00ed alespo\u0148 jednou ro\u010dn\u011b k zuba\u0159i. Frekvence n\u00e1v\u0161t\u011bv se p\u0159itom m\u00edrn\u011b zv\u00fd\u0161ila oproti lo\u0148sk\u00e9mu roku. Podle v\u00fdsledk\u016f Bayer Barometr z roku 2019 doch\u00e1zelo alespo\u0148 jednou ro\u010dn\u011b k praktick\u00e9mu l\u00e9ka\u0159i 34 % respondent\u016f, letos jejich po\u010det stoupl na 41 %.<\/p><br>\n\n\n\n<h2 class=\"wp-block-heading\">Pandemie v\u011bd\u011b pomohla, lid\u00e9 ale v\u011bdc\u016fm nerozum\u00ed<\/h2>\n\n\n\n<p>Pandemie koronaviru Covid-19 pomohla lidstvu pochopit v\u00fdznam v\u011bdy a v\u00fdzkumu. P\u0159esto\u017ee 66 % dot\u00e1zan\u00fdch uvedlo, \u017ee jejich n\u00e1zor z\u016fstal stejn\u00fd, u 22 % si v\u011bda polep\u0161ila. Jen u 9 % lid\u00ed d\u016fv\u011bryhodnost v\u011bdy b\u011bhem pandemie poklesla. Je\u0161t\u011b v\u00fdrazn\u011bji zam\u00edchala pandemie s postojem k v\u011bd\u011b na Slovensku. Stejn\u011b jako u n\u00e1s m\u00e1 55 % respondent\u016f stejn\u00fd n\u00e1zor a u 29 % \u00fa\u010dastn\u00edk\u016f pr\u016fzkumu si v\u011bda polep\u0161ila. Ale d\u016fv\u011bru ztratila u 12 % Slov\u00e1k\u016f. Necel\u00e1 desetina Slov\u00e1k\u016f (8 %) a 3 % \u010cech\u016f pak nedok\u00e1zali zm\u011bnu sv\u00e9ho postoje v r\u00e1mci pr\u016fzkumu zhodnotit.<\/p><br>\n\n\n\n<figure class=\"wp-block-image size-large\"><img loading=\"lazy\" decoding=\"async\" width=\"1024\" height=\"664\" src=\"https:\/\/www.mzone.cz\/wp-content\/uploads\/2021\/01\/Pohled-na-vedu-1024x664.jpg\" alt=\"\u010ce\u0161i a jejich pohled na v\u011bdu\" class=\"wp-image-28029\" srcset=\"https:\/\/www.mzone.cz\/wp-content\/uploads\/2021\/01\/Pohled-na-vedu-1024x664.jpg 1024w, https:\/\/www.mzone.cz\/wp-content\/uploads\/2021\/01\/Pohled-na-vedu-300x195.jpg 300w, https:\/\/www.mzone.cz\/wp-content\/uploads\/2021\/01\/Pohled-na-vedu-768x498.jpg 768w, https:\/\/www.mzone.cz\/wp-content\/uploads\/2021\/01\/Pohled-na-vedu-16x10.jpg 16w, https:\/\/www.mzone.cz\/wp-content\/uploads\/2021\/01\/Pohled-na-vedu-590x383.jpg 590w, https:\/\/www.mzone.cz\/wp-content\/uploads\/2021\/01\/Pohled-na-vedu.jpg 1150w\" sizes=\"auto, (max-width: 1024px) 100vw, 1024px\" \/><\/figure><br>\n\n\n\n<p>Pr\u016fzkum ukazuje na to, jak velk\u00fd probl\u00e9m je ale komunikace v\u00fdsledk\u016f v\u011bdeck\u00e9ho v\u00fdzkumu \u0161irok\u00e9, laick\u00e9 ve\u0159ejnosti.<\/p>\n\n\n\n<blockquote class=\"wp-block-quote is-layout-flow wp-block-quote-is-layout-flow\"><p>Informac\u00edm od v\u011bdeck\u00fdch pracovn\u00edk\u016f rozum\u00ed jen n\u011bco v\u00edce ne\u017e t\u0159etina osloven\u00fdch. Pouze 4 % respondent\u016f pova\u017euj\u00ed prezentaci v\u011bdy a jej\u00edch v\u00fdsledk\u016f za rozhodn\u011b srozumitelnou.<\/p><\/blockquote>\n\n\n\n<p>Sp\u00ed\u0161e srozumiteln\u00e1 je pro 32 % lid\u00ed, ale v\u00edce ne\u017e polovina lid\u00ed, cel\u00fdch 54 %, z\u00e1v\u011br\u016fm v\u011bdeck\u00e9 pr\u00e1ce tak, jak j\u00ed jsou p\u0159edkl\u00e1d\u00e1ny, nerozum\u00ed v\u016fbec. Prakticky toto\u017en\u00e9 jsou v t\u00e9to ot\u00e1zce i v\u00fdsledky ze Slovenska, kde jsou v\u011bdeck\u00e9 v\u00fdsledky srozumiteln\u00e9 pro 35 % populace, jako nesrozumiteln\u00e9 je hodnot\u00ed dokonce 57 % \u00fa\u010dastn\u00edk\u016f pr\u016fzkumu.<\/p><br>\n\n\n\n<h2 class=\"wp-block-heading\">V\u011bda, v\u00fdzkum a \u017eivotn\u00ed prost\u0159ed\u00ed<\/h2>\n\n\n\n<p>Technologick\u00e9 inovace mohou podle sedmi z deseti respondent\u016f pomoci vyrovnat se s d\u016fsledky klimatick\u00fdch zm\u011bn. Konkr\u00e9tn\u011b d\u00edky udr\u017eiteln\u00e9mu hospod\u00e1\u0159stv\u00ed, kter\u00e9 s pomoc\u00ed modern\u00edch technologi\u00ed a v\u011bdeck\u00fdch proces\u016f usiluje o maxim\u00e1ln\u00ed vyu\u017eit\u00ed zem\u011bd\u011blsk\u00e9 p\u016fdy.<\/p>\n\n\n\n<blockquote class=\"wp-block-quote is-layout-flow wp-block-quote-is-layout-flow\"><p>Situace \u017eivotn\u00edho prost\u0159ed\u00ed nen\u00ed v sou\u010dasn\u00e9 dob\u011b \u0159e\u0161ena dostate\u010dn\u011b podle n\u00e1zoru nadpolovi\u010dn\u00ed v\u011bt\u0161iny \u00fa\u010dastn\u00edk\u016f pr\u016fzkumu. Kriticky situaci hodnot\u00ed \u010dast\u011bji respondenti ve v\u011bku 34 let a mlad\u0161\u00ed, zejm\u00e9na v porovn\u00e1n\u00ed s v\u011bkovou kategori\u00ed 65 let a v\u00edce.<\/p><\/blockquote>\n\n\n\n<p>Hlavn\u00ed roli v \u0159e\u0161en\u00ed probl\u00e9m\u016f \u017eivotn\u00edho prost\u0159ed\u00ed m\u00e1 podle 80 % dot\u00e1zan\u00fdch Ministerstvo \u017eivotn\u00edho prost\u0159ed\u00ed \u010cR, 52 % z nich tak\u00e9 c\u00edt\u00ed zodpov\u011bdnost na stran\u011b samotn\u00fdch ob\u010dan\u016f. Zm\u011bnu klimatu ve sv\u00e9m ka\u017edodenn\u00edm \u017eivot\u011b respondenti poci\u0165uj\u00ed nej\u010dast\u011bji (77 %) v podob\u011b sucha a ub\u00fdv\u00e1n\u00ed vody, 70 % z nich si v\u0161\u00edm\u00e1 po\u0161kozen\u00ed les\u016f a rostlin, 55 % dot\u00e1zan\u00fdch tak\u00e9 poci\u0165uje neobvykle dlouh\u00e1 obdob\u00ed horka.<\/p><br>\n\n\n\n<figure class=\"wp-block-image size-large\"><img loading=\"lazy\" decoding=\"async\" width=\"1024\" height=\"683\" src=\"https:\/\/www.mzone.cz\/wp-content\/uploads\/2021\/01\/pexels-chokniti-khongchum-2280551-1024x683.jpg\" alt=\"V\u011bda pom\u00e1h\u00e1 tak\u00e9 \u017eivotn\u00edmu prost\u0159ed\u00ed\" class=\"wp-image-28036\" srcset=\"https:\/\/www.mzone.cz\/wp-content\/uploads\/2021\/01\/pexels-chokniti-khongchum-2280551-1024x683.jpg 1024w, https:\/\/www.mzone.cz\/wp-content\/uploads\/2021\/01\/pexels-chokniti-khongchum-2280551-300x200.jpg 300w, https:\/\/www.mzone.cz\/wp-content\/uploads\/2021\/01\/pexels-chokniti-khongchum-2280551-768x512.jpg 768w, https:\/\/www.mzone.cz\/wp-content\/uploads\/2021\/01\/pexels-chokniti-khongchum-2280551-16x12.jpg 16w, https:\/\/www.mzone.cz\/wp-content\/uploads\/2021\/01\/pexels-chokniti-khongchum-2280551-800x533.jpg 800w, https:\/\/www.mzone.cz\/wp-content\/uploads\/2021\/01\/pexels-chokniti-khongchum-2280551-400x267.jpg 400w, https:\/\/www.mzone.cz\/wp-content\/uploads\/2021\/01\/pexels-chokniti-khongchum-2280551-500x333.jpg 500w, https:\/\/www.mzone.cz\/wp-content\/uploads\/2021\/01\/pexels-chokniti-khongchum-2280551-1170x780.jpg 1170w, https:\/\/www.mzone.cz\/wp-content\/uploads\/2021\/01\/pexels-chokniti-khongchum-2280551-590x394.jpg 590w, https:\/\/www.mzone.cz\/wp-content\/uploads\/2021\/01\/pexels-chokniti-khongchum-2280551.jpg 1280w\" sizes=\"auto, (max-width: 1024px) 100vw, 1024px\" \/><\/figure><br>\n\n\n\n<p>Pr\u016fzkum Bayer Barometr realizovala <a href=\"https:\/\/www.median.eu\/cs\/\" target=\"_blank\" rel=\"noreferrer noopener\">agentura Median<\/a> v z\u00e1\u0159\u00ed a \u0159\u00edjnu roku 2020. Z\u00fa\u010dastnilo se ho 510 respondent\u016f ve v\u011bku 15\u201379 let.<\/p><br>\n\n\n\n<div class=\"wp-block-media-text alignwide is-stacked-on-mobile is-vertically-aligned-top\" style=\"grid-template-columns:29% auto\"><figure class=\"wp-block-media-text__media\"><a href=\"https:\/\/www.mzone.cz\/vynalezci-ceska-technika-veda\/\"><img loading=\"lazy\" decoding=\"async\" width=\"1024\" height=\"682\" src=\"https:\/\/www.mzone.cz\/wp-content\/uploads\/2020\/01\/\u010ce\u0161t\u00ed-vyn\u00e1lezci-1024x682.jpg\" alt=\"\" class=\"wp-image-17397 size-full\" srcset=\"https:\/\/www.mzone.cz\/wp-content\/uploads\/2020\/01\/\u010ce\u0161t\u00ed-vyn\u00e1lezci-1024x682.jpg 1024w, https:\/\/www.mzone.cz\/wp-content\/uploads\/2020\/01\/\u010ce\u0161t\u00ed-vyn\u00e1lezci-300x200.jpg 300w, https:\/\/www.mzone.cz\/wp-content\/uploads\/2020\/01\/\u010ce\u0161t\u00ed-vyn\u00e1lezci-768x512.jpg 768w, https:\/\/www.mzone.cz\/wp-content\/uploads\/2020\/01\/\u010ce\u0161t\u00ed-vyn\u00e1lezci-800x533.jpg 800w, https:\/\/www.mzone.cz\/wp-content\/uploads\/2020\/01\/\u010ce\u0161t\u00ed-vyn\u00e1lezci-400x267.jpg 400w, https:\/\/www.mzone.cz\/wp-content\/uploads\/2020\/01\/\u010ce\u0161t\u00ed-vyn\u00e1lezci-500x333.jpg 500w, https:\/\/www.mzone.cz\/wp-content\/uploads\/2020\/01\/\u010ce\u0161t\u00ed-vyn\u00e1lezci-590x393.jpg 590w, https:\/\/www.mzone.cz\/wp-content\/uploads\/2020\/01\/\u010ce\u0161t\u00ed-vyn\u00e1lezci.jpg 1043w\" sizes=\"auto, (max-width: 1024px) 100vw, 1024px\" \/><\/a><\/figure><div class=\"wp-block-media-text__content\">\n<h4><a href=\"https:\/\/www.mzone.cz\/vynalezci-ceska-technika-veda\/\">Obloukov\u00e1 lampa i kontaktn\u00ed \u010do\u010dky. Tohle jsou nejv\u00fdznamn\u011bj\u0161\u00ed \u010de\u0161t\u00ed vyn\u00e1lezci<\/a><\/h4><br>\n<\/div><\/div>","protected":false},"excerpt":{"rendered":"<p>Sedm z deseti \u010cech\u016f si v\u00e1\u017e\u00ed v\u011bdc\u016f a p\u0159\u00ednosu jejich pr\u00e1ce pro ka\u017edodenn\u00ed \u017eivot. Jak vypl\u00fdv\u00e1 z nejnov\u011bj\u0161\u00edho pr\u016fzkumu Bayer Barometr, kter\u00fd zpracovala agentura Median, nejv\u00edc vn\u00edmaj\u00ed vliv v\u00fdzkumu na zdravotnictv\u00ed a telekomunikace. V\u011bdci ale podle n\u011bj nedok\u00e1\u017e\u00ed v\u00fdsledky sv\u00e9 pr\u00e1ce dostate\u010dn\u011b vysv\u011btlit laick\u00e9 ve\u0159ejnosti. V\u00edce ne\u017e polovina osloven\u00fdch, cel\u00fdch 54 %, p\u0159izn\u00e1v\u00e1, \u017ee z\u00e1v\u011br\u016fm [&hellip;]<\/p>\n","protected":false},"author":4,"featured_media":28021,"comment_status":"open","ping_status":"closed","sticky":false,"template":"","format":"standard","meta":{"kk_blocks_editor_width":"","_kiokenblocks_attr":"","_kiokenblocks_dimensions":"","footnotes":""},"categories":[29,25,65,67],"tags":[1709,642,4643,1578,825,434,35,161,4642,1087,250],"class_list":["post-28018","post","type-post","status-publish","format-standard","has-post-thumbnail","hentry","category-lifestyle","category-style","category-technika","category-veda","tag-cesi","tag-komunikace","tag-porozumeni","tag-prezentace","tag-pruzkum","tag-technika","tag-veda","tag-vedci","tag-vedecka-cinnost","tag-vysledky","tag-vyzkum"],"yoast_head":"<!-- This site is optimized with the Yoast SEO plugin v27.5 - https:\/\/yoast.com\/product\/yoast-seo-wordpress\/ -->\n<title>V\u011bda je pro \u010cechy d\u016fle\u017eit\u00e1, v\u011bdc\u016fm ale \u010dasto nerozum\u00ed - Mzone<\/title>\n<meta name=\"description\" content=\"Sedm z deseti \u010cech\u016f si v\u00e1\u017e\u00ed v\u011bdc\u016f a p\u0159\u00ednosu jejich pr\u00e1ce pro ka\u017edodenn\u00ed \u017eivot. Jak vypl\u00fdv\u00e1 z nejnov\u011bj\u0161\u00edho pr\u016fzkumu, nejv\u00edc vn\u00edmaj\u00ed vliv v\u00fdzkumu na zdravotnictv\u00ed a telekomunikace.\" \/>\n<meta name=\"robots\" content=\"index, follow, max-snippet:-1, max-image-preview:large, max-video-preview:-1\" \/>\n<link rel=\"canonical\" href=\"https:\/\/www.mzone.cz\/en\/veda-je-pro-cechy-dulezita-vedcum-ale-nerozumi\/\" \/>\n<meta property=\"og:locale\" content=\"en_US\" \/>\n<meta property=\"og:type\" content=\"article\" \/>\n<meta property=\"og:title\" content=\"V\u011bda je pro \u010cechy d\u016fle\u017eit\u00e1, v\u011bdc\u016fm ale \u010dasto nerozum\u00ed - Mzone\" \/>\n<meta property=\"og:description\" content=\"Sedm z deseti \u010cech\u016f si v\u00e1\u017e\u00ed v\u011bdc\u016f a p\u0159\u00ednosu jejich pr\u00e1ce pro ka\u017edodenn\u00ed \u017eivot. Jak vypl\u00fdv\u00e1 z nejnov\u011bj\u0161\u00edho pr\u016fzkumu, nejv\u00edc vn\u00edmaj\u00ed vliv v\u00fdzkumu na zdravotnictv\u00ed a telekomunikace.\" \/>\n<meta property=\"og:url\" content=\"https:\/\/www.mzone.cz\/en\/veda-je-pro-cechy-dulezita-vedcum-ale-nerozumi\/\" \/>\n<meta property=\"og:site_name\" content=\"Mzone\" \/>\n<meta property=\"article:publisher\" content=\"https:\/\/www.facebook.com\/MzoneCZ\/\" \/>\n<meta property=\"article:published_time\" content=\"2021-04-24T03:00:00+00:00\" \/>\n<meta property=\"og:image\" content=\"https:\/\/www.mzone.cz\/wp-content\/uploads\/2021\/03\/Vedec.jpg\" \/>\n\t<meta property=\"og:image:width\" content=\"1856\" \/>\n\t<meta property=\"og:image:height\" content=\"1237\" \/>\n\t<meta property=\"og:image:type\" content=\"image\/jpeg\" \/>\n<meta name=\"author\" content=\"Mzone\" \/>\n<meta name=\"twitter:card\" content=\"summary_large_image\" \/>\n<meta name=\"twitter:label1\" content=\"Written by\" \/>\n\t<meta name=\"twitter:data1\" content=\"Mzone\" \/>\n\t<meta name=\"twitter:label2\" content=\"Est. reading time\" \/>\n\t<meta name=\"twitter:data2\" content=\"4 minutes\" \/>\n<script type=\"application\/ld+json\" class=\"yoast-schema-graph\">{\"@context\":\"https:\\\/\\\/schema.org\",\"@graph\":[{\"@type\":\"Article\",\"@id\":\"https:\\\/\\\/www.mzone.cz\\\/veda-je-pro-cechy-dulezita-vedcum-ale-nerozumi\\\/#article\",\"isPartOf\":{\"@id\":\"https:\\\/\\\/www.mzone.cz\\\/veda-je-pro-cechy-dulezita-vedcum-ale-nerozumi\\\/\"},\"author\":{\"name\":\"Mzone\",\"@id\":\"https:\\\/\\\/www.mzone.cz\\\/#\\\/schema\\\/person\\\/9bc20cc422a99cac4af6ff9297da32d4\"},\"headline\":\"V\u011bda je pro \u010cechy d\u016fle\u017eit\u00e1, v\u011bdc\u016fm ale \u010dasto nerozum\u00ed\",\"datePublished\":\"2021-04-24T03:00:00+00:00\",\"mainEntityOfPage\":{\"@id\":\"https:\\\/\\\/www.mzone.cz\\\/veda-je-pro-cechy-dulezita-vedcum-ale-nerozumi\\\/\"},\"wordCount\":822,\"commentCount\":0,\"image\":{\"@id\":\"https:\\\/\\\/www.mzone.cz\\\/veda-je-pro-cechy-dulezita-vedcum-ale-nerozumi\\\/#primaryimage\"},\"thumbnailUrl\":\"https:\\\/\\\/www.mzone.cz\\\/wp-content\\\/uploads\\\/2021\\\/03\\\/Vedec.jpg\",\"keywords\":[\"\u010ce\u0161i\",\"komunikace\",\"porozum\u011bn\u00ed\",\"prezentace\",\"pr\u016fzkum\",\"technika\",\"V\u011bda\",\"v\u011bdci\",\"v\u011bdeck\u00e1 \u010dinnost\",\"v\u00fdsledky\",\"v\u00fdzkum\"],\"articleSection\":[\"Lifestyle\",\"Style\",\"Technika\",\"V\u011bda\"],\"inLanguage\":\"en-US\",\"potentialAction\":[{\"@type\":\"CommentAction\",\"name\":\"Comment\",\"target\":[\"https:\\\/\\\/www.mzone.cz\\\/veda-je-pro-cechy-dulezita-vedcum-ale-nerozumi\\\/#respond\"]}]},{\"@type\":\"WebPage\",\"@id\":\"https:\\\/\\\/www.mzone.cz\\\/veda-je-pro-cechy-dulezita-vedcum-ale-nerozumi\\\/\",\"url\":\"https:\\\/\\\/www.mzone.cz\\\/veda-je-pro-cechy-dulezita-vedcum-ale-nerozumi\\\/\",\"name\":\"V\u011bda je pro \u010cechy d\u016fle\u017eit\u00e1, v\u011bdc\u016fm ale \u010dasto nerozum\u00ed - Mzone\",\"isPartOf\":{\"@id\":\"https:\\\/\\\/www.mzone.cz\\\/#website\"},\"primaryImageOfPage\":{\"@id\":\"https:\\\/\\\/www.mzone.cz\\\/veda-je-pro-cechy-dulezita-vedcum-ale-nerozumi\\\/#primaryimage\"},\"image\":{\"@id\":\"https:\\\/\\\/www.mzone.cz\\\/veda-je-pro-cechy-dulezita-vedcum-ale-nerozumi\\\/#primaryimage\"},\"thumbnailUrl\":\"https:\\\/\\\/www.mzone.cz\\\/wp-content\\\/uploads\\\/2021\\\/03\\\/Vedec.jpg\",\"datePublished\":\"2021-04-24T03:00:00+00:00\",\"author\":{\"@id\":\"https:\\\/\\\/www.mzone.cz\\\/#\\\/schema\\\/person\\\/9bc20cc422a99cac4af6ff9297da32d4\"},\"description\":\"Sedm z deseti \u010cech\u016f si v\u00e1\u017e\u00ed v\u011bdc\u016f a p\u0159\u00ednosu jejich pr\u00e1ce pro ka\u017edodenn\u00ed \u017eivot. Jak vypl\u00fdv\u00e1 z nejnov\u011bj\u0161\u00edho pr\u016fzkumu, nejv\u00edc vn\u00edmaj\u00ed vliv v\u00fdzkumu na zdravotnictv\u00ed a telekomunikace.\",\"breadcrumb\":{\"@id\":\"https:\\\/\\\/www.mzone.cz\\\/veda-je-pro-cechy-dulezita-vedcum-ale-nerozumi\\\/#breadcrumb\"},\"inLanguage\":\"en-US\",\"potentialAction\":[{\"@type\":\"ReadAction\",\"target\":[\"https:\\\/\\\/www.mzone.cz\\\/veda-je-pro-cechy-dulezita-vedcum-ale-nerozumi\\\/\"]}]},{\"@type\":\"ImageObject\",\"inLanguage\":\"en-US\",\"@id\":\"https:\\\/\\\/www.mzone.cz\\\/veda-je-pro-cechy-dulezita-vedcum-ale-nerozumi\\\/#primaryimage\",\"url\":\"https:\\\/\\\/www.mzone.cz\\\/wp-content\\\/uploads\\\/2021\\\/03\\\/Vedec.jpg\",\"contentUrl\":\"https:\\\/\\\/www.mzone.cz\\\/wp-content\\\/uploads\\\/2021\\\/03\\\/Vedec.jpg\",\"width\":1856,\"height\":1237,\"caption\":\"V\u011bdec\"},{\"@type\":\"BreadcrumbList\",\"@id\":\"https:\\\/\\\/www.mzone.cz\\\/veda-je-pro-cechy-dulezita-vedcum-ale-nerozumi\\\/#breadcrumb\",\"itemListElement\":[{\"@type\":\"ListItem\",\"position\":1,\"name\":\"Dom\u016f\",\"item\":\"https:\\\/\\\/www.mzone.cz\\\/\"},{\"@type\":\"ListItem\",\"position\":2,\"name\":\"V\u011bda je pro \u010cechy d\u016fle\u017eit\u00e1, v\u011bdc\u016fm ale \u010dasto nerozum\u00ed\"}]},{\"@type\":\"WebSite\",\"@id\":\"https:\\\/\\\/www.mzone.cz\\\/#website\",\"url\":\"https:\\\/\\\/www.mzone.cz\\\/\",\"name\":\"Mzone\",\"description\":\"Magaz\u00edn nejen pro mu\u017ee\",\"potentialAction\":[{\"@type\":\"SearchAction\",\"target\":{\"@type\":\"EntryPoint\",\"urlTemplate\":\"https:\\\/\\\/www.mzone.cz\\\/?s={search_term_string}\"},\"query-input\":{\"@type\":\"PropertyValueSpecification\",\"valueRequired\":true,\"valueName\":\"search_term_string\"}}],\"inLanguage\":\"en-US\"},{\"@type\":\"Person\",\"@id\":\"https:\\\/\\\/www.mzone.cz\\\/#\\\/schema\\\/person\\\/9bc20cc422a99cac4af6ff9297da32d4\",\"name\":\"Mzone\",\"image\":{\"@type\":\"ImageObject\",\"inLanguage\":\"en-US\",\"@id\":\"https:\\\/\\\/secure.gravatar.com\\\/avatar\\\/e780a8630f3182a3d06dd667ab6bea151a0d155b0951bc15fe22633acdac0676?s=96&d=mm&r=g\",\"url\":\"https:\\\/\\\/secure.gravatar.com\\\/avatar\\\/e780a8630f3182a3d06dd667ab6bea151a0d155b0951bc15fe22633acdac0676?s=96&d=mm&r=g\",\"contentUrl\":\"https:\\\/\\\/secure.gravatar.com\\\/avatar\\\/e780a8630f3182a3d06dd667ab6bea151a0d155b0951bc15fe22633acdac0676?s=96&d=mm&r=g\",\"caption\":\"Mzone\"},\"url\":\"https:\\\/\\\/www.mzone.cz\\\/en\\\/author\\\/jakub\\\/\"}]}<\/script>\n<!-- \/ Yoast SEO plugin. -->","yoast_head_json":{"title":"V\u011bda je pro \u010cechy d\u016fle\u017eit\u00e1, v\u011bdc\u016fm ale \u010dasto nerozum\u00ed - Mzone","description":"Sedm z deseti \u010cech\u016f si v\u00e1\u017e\u00ed v\u011bdc\u016f a p\u0159\u00ednosu jejich pr\u00e1ce pro ka\u017edodenn\u00ed \u017eivot. Jak vypl\u00fdv\u00e1 z nejnov\u011bj\u0161\u00edho pr\u016fzkumu, nejv\u00edc vn\u00edmaj\u00ed vliv v\u00fdzkumu na zdravotnictv\u00ed a telekomunikace.","robots":{"index":"index","follow":"follow","max-snippet":"max-snippet:-1","max-image-preview":"max-image-preview:large","max-video-preview":"max-video-preview:-1"},"canonical":"https:\/\/www.mzone.cz\/en\/veda-je-pro-cechy-dulezita-vedcum-ale-nerozumi\/","og_locale":"en_US","og_type":"article","og_title":"V\u011bda je pro \u010cechy d\u016fle\u017eit\u00e1, v\u011bdc\u016fm ale \u010dasto nerozum\u00ed - Mzone","og_description":"Sedm z deseti \u010cech\u016f si v\u00e1\u017e\u00ed v\u011bdc\u016f a p\u0159\u00ednosu jejich pr\u00e1ce pro ka\u017edodenn\u00ed \u017eivot. Jak vypl\u00fdv\u00e1 z nejnov\u011bj\u0161\u00edho pr\u016fzkumu, nejv\u00edc vn\u00edmaj\u00ed vliv v\u00fdzkumu na zdravotnictv\u00ed a telekomunikace.","og_url":"https:\/\/www.mzone.cz\/en\/veda-je-pro-cechy-dulezita-vedcum-ale-nerozumi\/","og_site_name":"Mzone","article_publisher":"https:\/\/www.facebook.com\/MzoneCZ\/","article_published_time":"2021-04-24T03:00:00+00:00","og_image":[{"width":1856,"height":1237,"url":"https:\/\/www.mzone.cz\/wp-content\/uploads\/2021\/03\/Vedec.jpg","type":"image\/jpeg"}],"author":"Mzone","twitter_card":"summary_large_image","twitter_misc":{"Written by":"Mzone","Est. reading time":"4 minutes"},"schema":{"@context":"https:\/\/schema.org","@graph":[{"@type":"Article","@id":"https:\/\/www.mzone.cz\/veda-je-pro-cechy-dulezita-vedcum-ale-nerozumi\/#article","isPartOf":{"@id":"https:\/\/www.mzone.cz\/veda-je-pro-cechy-dulezita-vedcum-ale-nerozumi\/"},"author":{"name":"Mzone","@id":"https:\/\/www.mzone.cz\/#\/schema\/person\/9bc20cc422a99cac4af6ff9297da32d4"},"headline":"V\u011bda je pro \u010cechy d\u016fle\u017eit\u00e1, v\u011bdc\u016fm ale \u010dasto nerozum\u00ed","datePublished":"2021-04-24T03:00:00+00:00","mainEntityOfPage":{"@id":"https:\/\/www.mzone.cz\/veda-je-pro-cechy-dulezita-vedcum-ale-nerozumi\/"},"wordCount":822,"commentCount":0,"image":{"@id":"https:\/\/www.mzone.cz\/veda-je-pro-cechy-dulezita-vedcum-ale-nerozumi\/#primaryimage"},"thumbnailUrl":"https:\/\/www.mzone.cz\/wp-content\/uploads\/2021\/03\/Vedec.jpg","keywords":["\u010ce\u0161i","komunikace","porozum\u011bn\u00ed","prezentace","pr\u016fzkum","technika","V\u011bda","v\u011bdci","v\u011bdeck\u00e1 \u010dinnost","v\u00fdsledky","v\u00fdzkum"],"articleSection":["Lifestyle","Style","Technika","V\u011bda"],"inLanguage":"en-US","potentialAction":[{"@type":"CommentAction","name":"Comment","target":["https:\/\/www.mzone.cz\/veda-je-pro-cechy-dulezita-vedcum-ale-nerozumi\/#respond"]}]},{"@type":"WebPage","@id":"https:\/\/www.mzone.cz\/veda-je-pro-cechy-dulezita-vedcum-ale-nerozumi\/","url":"https:\/\/www.mzone.cz\/veda-je-pro-cechy-dulezita-vedcum-ale-nerozumi\/","name":"V\u011bda je pro \u010cechy d\u016fle\u017eit\u00e1, v\u011bdc\u016fm ale \u010dasto nerozum\u00ed - Mzone","isPartOf":{"@id":"https:\/\/www.mzone.cz\/#website"},"primaryImageOfPage":{"@id":"https:\/\/www.mzone.cz\/veda-je-pro-cechy-dulezita-vedcum-ale-nerozumi\/#primaryimage"},"image":{"@id":"https:\/\/www.mzone.cz\/veda-je-pro-cechy-dulezita-vedcum-ale-nerozumi\/#primaryimage"},"thumbnailUrl":"https:\/\/www.mzone.cz\/wp-content\/uploads\/2021\/03\/Vedec.jpg","datePublished":"2021-04-24T03:00:00+00:00","author":{"@id":"https:\/\/www.mzone.cz\/#\/schema\/person\/9bc20cc422a99cac4af6ff9297da32d4"},"description":"Sedm z deseti \u010cech\u016f si v\u00e1\u017e\u00ed v\u011bdc\u016f a p\u0159\u00ednosu jejich pr\u00e1ce pro ka\u017edodenn\u00ed \u017eivot. Jak vypl\u00fdv\u00e1 z nejnov\u011bj\u0161\u00edho pr\u016fzkumu, nejv\u00edc vn\u00edmaj\u00ed vliv v\u00fdzkumu na zdravotnictv\u00ed a telekomunikace.","breadcrumb":{"@id":"https:\/\/www.mzone.cz\/veda-je-pro-cechy-dulezita-vedcum-ale-nerozumi\/#breadcrumb"},"inLanguage":"en-US","potentialAction":[{"@type":"ReadAction","target":["https:\/\/www.mzone.cz\/veda-je-pro-cechy-dulezita-vedcum-ale-nerozumi\/"]}]},{"@type":"ImageObject","inLanguage":"en-US","@id":"https:\/\/www.mzone.cz\/veda-je-pro-cechy-dulezita-vedcum-ale-nerozumi\/#primaryimage","url":"https:\/\/www.mzone.cz\/wp-content\/uploads\/2021\/03\/Vedec.jpg","contentUrl":"https:\/\/www.mzone.cz\/wp-content\/uploads\/2021\/03\/Vedec.jpg","width":1856,"height":1237,"caption":"V\u011bdec"},{"@type":"BreadcrumbList","@id":"https:\/\/www.mzone.cz\/veda-je-pro-cechy-dulezita-vedcum-ale-nerozumi\/#breadcrumb","itemListElement":[{"@type":"ListItem","position":1,"name":"Dom\u016f","item":"https:\/\/www.mzone.cz\/"},{"@type":"ListItem","position":2,"name":"V\u011bda je pro \u010cechy d\u016fle\u017eit\u00e1, v\u011bdc\u016fm ale \u010dasto nerozum\u00ed"}]},{"@type":"WebSite","@id":"https:\/\/www.mzone.cz\/#website","url":"https:\/\/www.mzone.cz\/","name":"Mzone","description":"Magaz\u00edn nejen pro mu\u017ee","potentialAction":[{"@type":"SearchAction","target":{"@type":"EntryPoint","urlTemplate":"https:\/\/www.mzone.cz\/?s={search_term_string}"},"query-input":{"@type":"PropertyValueSpecification","valueRequired":true,"valueName":"search_term_string"}}],"inLanguage":"en-US"},{"@type":"Person","@id":"https:\/\/www.mzone.cz\/#\/schema\/person\/9bc20cc422a99cac4af6ff9297da32d4","name":"Mzone","image":{"@type":"ImageObject","inLanguage":"en-US","@id":"https:\/\/secure.gravatar.com\/avatar\/e780a8630f3182a3d06dd667ab6bea151a0d155b0951bc15fe22633acdac0676?s=96&d=mm&r=g","url":"https:\/\/secure.gravatar.com\/avatar\/e780a8630f3182a3d06dd667ab6bea151a0d155b0951bc15fe22633acdac0676?s=96&d=mm&r=g","contentUrl":"https:\/\/secure.gravatar.com\/avatar\/e780a8630f3182a3d06dd667ab6bea151a0d155b0951bc15fe22633acdac0676?s=96&d=mm&r=g","caption":"Mzone"},"url":"https:\/\/www.mzone.cz\/en\/author\/jakub\/"}]}},"_links":{"self":[{"href":"https:\/\/www.mzone.cz\/en\/wp-json\/wp\/v2\/posts\/28018","targetHints":{"allow":["GET"]}}],"collection":[{"href":"https:\/\/www.mzone.cz\/en\/wp-json\/wp\/v2\/posts"}],"about":[{"href":"https:\/\/www.mzone.cz\/en\/wp-json\/wp\/v2\/types\/post"}],"author":[{"embeddable":true,"href":"https:\/\/www.mzone.cz\/en\/wp-json\/wp\/v2\/users\/4"}],"replies":[{"embeddable":true,"href":"https:\/\/www.mzone.cz\/en\/wp-json\/wp\/v2\/comments?post=28018"}],"version-history":[{"count":16,"href":"https:\/\/www.mzone.cz\/en\/wp-json\/wp\/v2\/posts\/28018\/revisions"}],"predecessor-version":[{"id":29890,"href":"https:\/\/www.mzone.cz\/en\/wp-json\/wp\/v2\/posts\/28018\/revisions\/29890"}],"wp:featuredmedia":[{"embeddable":true,"href":"https:\/\/www.mzone.cz\/en\/wp-json\/wp\/v2\/media\/28021"}],"wp:attachment":[{"href":"https:\/\/www.mzone.cz\/en\/wp-json\/wp\/v2\/media?parent=28018"}],"wp:term":[{"taxonomy":"category","embeddable":true,"href":"https:\/\/www.mzone.cz\/en\/wp-json\/wp\/v2\/categories?post=28018"},{"taxonomy":"post_tag","embeddable":true,"href":"https:\/\/www.mzone.cz\/en\/wp-json\/wp\/v2\/tags?post=28018"}],"curies":[{"name":"wp","href":"https:\/\/api.w.org\/{rel}","templated":true}]}}