{"id":2806,"date":"2019-01-02T18:00:28","date_gmt":"2019-01-02T17:00:28","guid":{"rendered":"http:\/\/www.mzone.cz\/?p=2806"},"modified":"2019-10-02T16:35:57","modified_gmt":"2019-10-02T14:35:57","slug":"blog-komu-poslouzil-nejapny-pruzkum","status":"publish","type":"post","link":"https:\/\/www.mzone.cz\/en\/blog-komu-poslouzil-nejapny-pruzkum\/","title":{"rendered":"Blog: Komu poslou\u017eil nejapn\u00fd pr\u016fzkum"},"content":{"rendered":"<p><strong>V&nbsp;z\u00e1v\u011bru V\u00e1no\u010dn\u00edho poselstv\u00ed citoval prezident v\u00fdsledky jednoho pr\u016fzkumu, kter\u00fd provedlo Centrum pro v\u00fdzkum ve\u0159ejn\u00e9ho m\u00edn\u011bn\u00ed (CVVM) v listopadu. Ten se sna\u017eil zjistit, jakou d\u016fv\u011bru maj\u00ed u ob\u010dan\u016f mimo jin\u00e9 instituce tak\u00e9 televize a c\u00edrkve.<\/strong><\/p>\n\n\n\n<p><br>Centrum tento v\u00fdzkum \u201ed\u016fv\u011bry vybran\u00fdm instituc\u00edm ve\u0159ejn\u00e9ho \u017eivota\u201c prov\u00e1d\u00ed dvakr\u00e1t ro\u010dn\u011b. P\u0159ekvapuje m\u011b, \u017ee CVVM je ochotno takov\u00fd podivn\u00fd v\u011bj\u00ed\u0159 instituc\u00ed opakovan\u011b zkoumat. Nap\u0159\u00edklad sd\u011blovac\u00ed prost\u0159edky jsou v&nbsp;n\u011bm rozd\u011bleny na tisk, r\u00e1dio, internet a televizi. Naproti tomu d\u011blost\u0159electvo, letectvo a dal\u0161\u00ed vojensk\u00e9 sou\u010d\u00e1sti jsou logicky shrnuty pod pojem arm\u00e1da.<\/p>\n\n\n\n<p><br>P\u0159esto\u017ee m\u00e9dia byla roz\u010dlen\u011bna na z\u00e1kladn\u00ed druhy, nebyl v\u016fbec br\u00e1n z\u0159etel na jejich strukturu. T\u0159eba tisk je p\u0159inejmen\u0161\u00edm odborn\u00fd, z\u00e1bavn\u00fd, bulv\u00e1rn\u00ed, zpravodajsk\u00fd a, a\u0165 chceme nebo ne, tiskem nutno rozum\u011bt i knihy. V&nbsp;p\u0159\u00edpad\u011b televize a r\u00e1dia je zapot\u0159eb\u00ed vz\u00edt v potaz, \u017ee m\u00e1me stanice soukrom\u00e9 a ve\u0159ejn\u011b pr\u00e1vn\u00ed. Maj\u00ed se ob\u010dan\u00e9 vyj\u00e1d\u0159it k&nbsp;t\u00e9 \u010di on\u00e9 sou\u010d\u00e1sti, to nen\u00ed up\u0159esn\u011bno, ale v\u00fdzkumn\u00edky to z&nbsp;klidu nevyru\u0161uje. Domn\u00edv\u00e1m se, \u017ee v\u00fdpov\u011bdn\u00ed hodnota pr\u016fzkumu s&nbsp;tak neuv\u011b\u0159iteln\u011b neur\u010dit\u00fdm zad\u00e1n\u00edm je velice miziv\u00e1.<\/p>\n\n\n\n<blockquote class=\"wp-block-quote is-layout-flow wp-block-quote-is-layout-flow\"><p>Zaj\u00edmav\u00e9 by asi tak\u00e9 bylo v\u011bd\u011bt, jak lid\u00e9 d\u016fv\u011b\u0159uj\u00ed nap\u0159\u00edklad hasi\u010d\u016fm, zdravotn\u00edk\u016fm, u\u010ditel\u016fm \u010di st\u00e1tn\u00edm \u00fa\u0159edn\u00edk\u016fm, kte\u0159\u00ed v\u00fdrazn\u011b ovliv\u0148uj\u00ed jejich \u017eivot. To v\u0161ak centrum nezaj\u00edm\u00e1.<\/p><\/blockquote>\n\n\n\n<p>C\u00edrkv\u00ed je zna\u010dn\u00e1 \u0159ada a m\u016f\u017ee d\u016fv\u011b\u0159ovat katol\u00edk protestantovi a obr\u00e1cen\u011b? Podobn\u00e1 situace je v&nbsp;bodu odbory. Na\u0161t\u011bst\u00ed dnes nejsou (zat\u00edm) jednotn\u00e9 (star\u0161\u00ed si pamatujeme ROH), n\u00fdbr\u017e profesn\u011b rozr\u016fzn\u011bn\u00e9, Nev\u00edm, zda \u010dlenov\u00e9 n\u011bkter\u00fdch odborov\u00fdch organizac\u00ed, kter\u00e9 nejsou sou\u010d\u00e1st\u00ed \u010ceskomoravsk\u00e9 konfederace odborov\u00fdch svaz\u016f, tomuto sdru\u017een\u00ed v\u011b\u0159\u00ed, ale \u017ee v\u011b\u0159\u00ed sami sob\u011b, to je velmi pravd\u011bpodobn\u00e9. A tak si mysl\u00edm, \u017ee i zde je hodnov\u011brnost odpov\u011bd\u00ed minim\u00e1ln\u011b na pov\u00e1\u017eenou.<\/p>\n\n\n\n<blockquote class=\"wp-block-quote is-layout-flow wp-block-quote-is-layout-flow\"><p>N\u00e1mitek proti zm\u00edn\u011bn\u00e9mu v\u00fdzkumu by bylo mo\u017en\u00e9 uv\u00e9st v\u00edce, le\u010d v\u0161eho s&nbsp;m\u00edrou a ob\u00e1v\u00e1m se, \u017ee jsem ji skoro p\u0159eplnil.<\/p><\/blockquote>\n\n\n\n<p>Prezident se s&nbsp;gustem sob\u011b vlastn\u00edm, vyu\u017eiv zpackan\u00e9ho v\u00fdzkumu, znovu op\u0159el do novin\u00e1\u0159sk\u00e9 obce. No, nic nov\u00e9ho. Stejn\u011b jako v&nbsp;cel\u00e9 jeho svato\u0161t\u011bp\u00e1nsk\u00e9 promluv\u011b. Kdo ono \u201eposelstv\u00ed\u201c neposlouchal, o nic nep\u0159i\u0161el. Naopak, m\u011bl \u010das v\u011bnovat se \u010dinnostem mnohem zaj\u00edmav\u011bj\u0161\u00edm.<\/p>\n\n\n\n<p>D\u011bkuji za p\u0159e\u010dten\u00ed. &nbsp; &nbsp; &nbsp; &nbsp; &nbsp; &nbsp; &nbsp; &nbsp; &nbsp; &nbsp; &nbsp; &nbsp; &nbsp; &nbsp; &nbsp; &nbsp; &nbsp; &nbsp; &nbsp; &nbsp; &nbsp; &nbsp; &nbsp; &nbsp; &nbsp; &nbsp; &nbsp; &nbsp; &nbsp; &nbsp; &nbsp; &nbsp; &nbsp; &nbsp; &nbsp; &nbsp; &nbsp; &nbsp; &nbsp; &nbsp;Ji\u0159\u00ed \u010cepel\u00e1k<\/p><br>\n\n\n\n<p><strong>Chcete se tak\u00e9 na str\u00e1nk\u00e1ch Mzone.cz pod\u011blit o sv\u016fj n\u00e1zor nebo se vypsat z n\u011b\u010deho, co v\u00e1s tr\u00e1p\u00ed? Blogovat m\u016f\u017eete i vy! Sv\u00e9 p\u0159\u00edsp\u011bvky zas\u00edlejte na e-mail redakce@mzone.cz a do p\u0159edm\u011btu uve\u010fte heslo \u201eBlog\u201c.<\/strong><\/p>","protected":false},"excerpt":{"rendered":"<p>V&nbsp;z\u00e1v\u011bru V\u00e1no\u010dn\u00edho poselstv\u00ed citoval prezident v\u00fdsledky jednoho pr\u016fzkumu, kter\u00fd provedlo Centrum pro v\u00fdzkum ve\u0159ejn\u00e9ho m\u00edn\u011bn\u00ed (CVVM) v listopadu. Ten se sna\u017eil zjistit, jakou d\u016fv\u011bru maj\u00ed u ob\u010dan\u016f mimo jin\u00e9 instituce tak\u00e9 televize a c\u00edrkve. Centrum tento v\u00fdzkum \u201ed\u016fv\u011bry vybran\u00fdm instituc\u00edm ve\u0159ejn\u00e9ho \u017eivota\u201c prov\u00e1d\u00ed dvakr\u00e1t ro\u010dn\u011b. P\u0159ekvapuje m\u011b, \u017ee CVVM je ochotno takov\u00fd podivn\u00fd v\u011bj\u00ed\u0159 instituc\u00ed [&hellip;]<\/p>\n","protected":false},"author":4,"featured_media":2807,"comment_status":"open","ping_status":"open","sticky":false,"template":"","format":"standard","meta":{"kk_blocks_editor_width":"","_kiokenblocks_attr":"","_kiokenblocks_dimensions":"","footnotes":""},"categories":[386,385],"tags":[593,59,989,590,998,995,295,997,991,990,993,992,825,994,410,996],"class_list":["post-2806","post","type-post","status-publish","format-standard","has-post-thumbnail","hentry","category-bez-obalu","category-blog","tag-bez-obalu","tag-blog","tag-ceska-republika","tag-cirkev","tag-cirkve","tag-cvvm","tag-duvera","tag-milos-zeman","tag-politik","tag-prezident","tag-projev","tag-proslov","tag-pruzkum","tag-statnik","tag-televize","tag-vanocni-poselstvi"],"yoast_head":"<!-- This site is optimized with the Yoast SEO plugin v27.5 - https:\/\/yoast.com\/product\/yoast-seo-wordpress\/ -->\n<title>Blog: Komu poslou\u017eil nejapn\u00fd pr\u016fzkum - Mzone<\/title>\n<meta name=\"description\" content=\"V\u00a0z\u00e1v\u011bru V\u00e1no\u010dn\u00edho poselstv\u00ed citoval prezident v\u00fdsledky jednoho pr\u016fzkumu, kter\u00fd provedlo Centrum pro v\u00fdzkum ve\u0159ejn\u00e9ho m\u00edn\u011bn\u00ed (CVVM) v listopadu. Ten se sna\u017eil zjistit, jakou d\u016fv\u011bru maj\u00ed u ob\u010dan\u016f mimo jin\u00e9 instituce tak\u00e9 televize a c\u00edrkve.\" \/>\n<meta name=\"robots\" content=\"index, follow, max-snippet:-1, max-image-preview:large, max-video-preview:-1\" \/>\n<link rel=\"canonical\" href=\"https:\/\/www.mzone.cz\/en\/blog-komu-poslouzil-nejapny-pruzkum\/\" \/>\n<meta property=\"og:locale\" content=\"en_US\" \/>\n<meta property=\"og:type\" content=\"article\" \/>\n<meta property=\"og:title\" content=\"Blog: Komu poslou\u017eil nejapn\u00fd pr\u016fzkum - Mzone\" \/>\n<meta property=\"og:description\" content=\"V\u00a0z\u00e1v\u011bru V\u00e1no\u010dn\u00edho poselstv\u00ed citoval prezident v\u00fdsledky jednoho pr\u016fzkumu, kter\u00fd provedlo Centrum pro v\u00fdzkum ve\u0159ejn\u00e9ho m\u00edn\u011bn\u00ed (CVVM) v listopadu. Ten se sna\u017eil zjistit, jakou d\u016fv\u011bru maj\u00ed u ob\u010dan\u016f mimo jin\u00e9 instituce tak\u00e9 televize a c\u00edrkve.\" \/>\n<meta property=\"og:url\" content=\"https:\/\/www.mzone.cz\/en\/blog-komu-poslouzil-nejapny-pruzkum\/\" \/>\n<meta property=\"og:site_name\" content=\"Mzone\" \/>\n<meta property=\"article:publisher\" content=\"https:\/\/www.facebook.com\/MzoneCZ\/\" \/>\n<meta property=\"article:published_time\" content=\"2019-01-02T17:00:28+00:00\" \/>\n<meta property=\"article:modified_time\" content=\"2019-10-02T14:35:57+00:00\" \/>\n<meta property=\"og:image\" content=\"https:\/\/www.mzone.cz\/wp-content\/uploads\/2019\/01\/blog_zeman.jpg\" \/>\n\t<meta property=\"og:image:width\" content=\"1667\" \/>\n\t<meta property=\"og:image:height\" content=\"1121\" \/>\n\t<meta property=\"og:image:type\" content=\"image\/jpeg\" \/>\n<meta name=\"author\" content=\"Mzone\" \/>\n<meta name=\"twitter:card\" content=\"summary_large_image\" \/>\n<meta name=\"twitter:label1\" content=\"Written by\" \/>\n\t<meta name=\"twitter:data1\" content=\"Mzone\" \/>\n\t<meta name=\"twitter:label2\" content=\"Est. reading time\" \/>\n\t<meta name=\"twitter:data2\" content=\"3 minutes\" \/>\n<script type=\"application\/ld+json\" class=\"yoast-schema-graph\">{\"@context\":\"https:\\\/\\\/schema.org\",\"@graph\":[{\"@type\":\"Article\",\"@id\":\"https:\\\/\\\/www.mzone.cz\\\/blog-komu-poslouzil-nejapny-pruzkum\\\/#article\",\"isPartOf\":{\"@id\":\"https:\\\/\\\/www.mzone.cz\\\/blog-komu-poslouzil-nejapny-pruzkum\\\/\"},\"author\":{\"name\":\"Mzone\",\"@id\":\"https:\\\/\\\/www.mzone.cz\\\/#\\\/schema\\\/person\\\/9bc20cc422a99cac4af6ff9297da32d4\"},\"headline\":\"Blog: Komu poslou\u017eil nejapn\u00fd pr\u016fzkum\",\"datePublished\":\"2019-01-02T17:00:28+00:00\",\"dateModified\":\"2019-10-02T14:35:57+00:00\",\"mainEntityOfPage\":{\"@id\":\"https:\\\/\\\/www.mzone.cz\\\/blog-komu-poslouzil-nejapny-pruzkum\\\/\"},\"wordCount\":591,\"commentCount\":0,\"image\":{\"@id\":\"https:\\\/\\\/www.mzone.cz\\\/blog-komu-poslouzil-nejapny-pruzkum\\\/#primaryimage\"},\"thumbnailUrl\":\"https:\\\/\\\/www.mzone.cz\\\/wp-content\\\/uploads\\\/2019\\\/01\\\/blog_zeman.jpg\",\"keywords\":[\"bez obalu\",\"Blog\",\"\u010cesk\u00e1 republika\",\"c\u00edrkev\",\"c\u00edrkve\",\"CVVM\",\"d\u016fv\u011bra\",\"Milo\u0161 Zeman\",\"politik\",\"prezident\",\"projev\",\"proslov\",\"pr\u016fzkum\",\"st\u00e1tn\u00edk\",\"televize\",\"V\u00e1no\u010dn\u00ed poselstv\u00ed\"],\"articleSection\":[\"Bez obalu\",\"Blog\"],\"inLanguage\":\"en-US\",\"potentialAction\":[{\"@type\":\"CommentAction\",\"name\":\"Comment\",\"target\":[\"https:\\\/\\\/www.mzone.cz\\\/blog-komu-poslouzil-nejapny-pruzkum\\\/#respond\"]}]},{\"@type\":\"WebPage\",\"@id\":\"https:\\\/\\\/www.mzone.cz\\\/blog-komu-poslouzil-nejapny-pruzkum\\\/\",\"url\":\"https:\\\/\\\/www.mzone.cz\\\/blog-komu-poslouzil-nejapny-pruzkum\\\/\",\"name\":\"Blog: Komu poslou\u017eil nejapn\u00fd pr\u016fzkum - Mzone\",\"isPartOf\":{\"@id\":\"https:\\\/\\\/www.mzone.cz\\\/#website\"},\"primaryImageOfPage\":{\"@id\":\"https:\\\/\\\/www.mzone.cz\\\/blog-komu-poslouzil-nejapny-pruzkum\\\/#primaryimage\"},\"image\":{\"@id\":\"https:\\\/\\\/www.mzone.cz\\\/blog-komu-poslouzil-nejapny-pruzkum\\\/#primaryimage\"},\"thumbnailUrl\":\"https:\\\/\\\/www.mzone.cz\\\/wp-content\\\/uploads\\\/2019\\\/01\\\/blog_zeman.jpg\",\"datePublished\":\"2019-01-02T17:00:28+00:00\",\"dateModified\":\"2019-10-02T14:35:57+00:00\",\"author\":{\"@id\":\"https:\\\/\\\/www.mzone.cz\\\/#\\\/schema\\\/person\\\/9bc20cc422a99cac4af6ff9297da32d4\"},\"description\":\"V\u00a0z\u00e1v\u011bru V\u00e1no\u010dn\u00edho poselstv\u00ed citoval prezident v\u00fdsledky jednoho pr\u016fzkumu, kter\u00fd provedlo Centrum pro v\u00fdzkum ve\u0159ejn\u00e9ho m\u00edn\u011bn\u00ed (CVVM) v listopadu. Ten se sna\u017eil zjistit, jakou d\u016fv\u011bru maj\u00ed u ob\u010dan\u016f mimo jin\u00e9 instituce tak\u00e9 televize a c\u00edrkve.\",\"breadcrumb\":{\"@id\":\"https:\\\/\\\/www.mzone.cz\\\/blog-komu-poslouzil-nejapny-pruzkum\\\/#breadcrumb\"},\"inLanguage\":\"en-US\",\"potentialAction\":[{\"@type\":\"ReadAction\",\"target\":[\"https:\\\/\\\/www.mzone.cz\\\/blog-komu-poslouzil-nejapny-pruzkum\\\/\"]}]},{\"@type\":\"ImageObject\",\"inLanguage\":\"en-US\",\"@id\":\"https:\\\/\\\/www.mzone.cz\\\/blog-komu-poslouzil-nejapny-pruzkum\\\/#primaryimage\",\"url\":\"https:\\\/\\\/www.mzone.cz\\\/wp-content\\\/uploads\\\/2019\\\/01\\\/blog_zeman.jpg\",\"contentUrl\":\"https:\\\/\\\/www.mzone.cz\\\/wp-content\\\/uploads\\\/2019\\\/01\\\/blog_zeman.jpg\",\"width\":1667,\"height\":1121},{\"@type\":\"BreadcrumbList\",\"@id\":\"https:\\\/\\\/www.mzone.cz\\\/blog-komu-poslouzil-nejapny-pruzkum\\\/#breadcrumb\",\"itemListElement\":[{\"@type\":\"ListItem\",\"position\":1,\"name\":\"Dom\u016f\",\"item\":\"https:\\\/\\\/www.mzone.cz\\\/\"},{\"@type\":\"ListItem\",\"position\":2,\"name\":\"Blog: Komu poslou\u017eil nejapn\u00fd pr\u016fzkum\"}]},{\"@type\":\"WebSite\",\"@id\":\"https:\\\/\\\/www.mzone.cz\\\/#website\",\"url\":\"https:\\\/\\\/www.mzone.cz\\\/\",\"name\":\"Mzone\",\"description\":\"Magaz\u00edn nejen pro mu\u017ee\",\"potentialAction\":[{\"@type\":\"SearchAction\",\"target\":{\"@type\":\"EntryPoint\",\"urlTemplate\":\"https:\\\/\\\/www.mzone.cz\\\/?s={search_term_string}\"},\"query-input\":{\"@type\":\"PropertyValueSpecification\",\"valueRequired\":true,\"valueName\":\"search_term_string\"}}],\"inLanguage\":\"en-US\"},{\"@type\":\"Person\",\"@id\":\"https:\\\/\\\/www.mzone.cz\\\/#\\\/schema\\\/person\\\/9bc20cc422a99cac4af6ff9297da32d4\",\"name\":\"Mzone\",\"image\":{\"@type\":\"ImageObject\",\"inLanguage\":\"en-US\",\"@id\":\"https:\\\/\\\/secure.gravatar.com\\\/avatar\\\/e780a8630f3182a3d06dd667ab6bea151a0d155b0951bc15fe22633acdac0676?s=96&d=mm&r=g\",\"url\":\"https:\\\/\\\/secure.gravatar.com\\\/avatar\\\/e780a8630f3182a3d06dd667ab6bea151a0d155b0951bc15fe22633acdac0676?s=96&d=mm&r=g\",\"contentUrl\":\"https:\\\/\\\/secure.gravatar.com\\\/avatar\\\/e780a8630f3182a3d06dd667ab6bea151a0d155b0951bc15fe22633acdac0676?s=96&d=mm&r=g\",\"caption\":\"Mzone\"},\"url\":\"https:\\\/\\\/www.mzone.cz\\\/en\\\/author\\\/jakub\\\/\"}]}<\/script>\n<!-- \/ Yoast SEO plugin. -->","yoast_head_json":{"title":"Blog: Komu poslou\u017eil nejapn\u00fd pr\u016fzkum - Mzone","description":"V\u00a0z\u00e1v\u011bru V\u00e1no\u010dn\u00edho poselstv\u00ed citoval prezident v\u00fdsledky jednoho pr\u016fzkumu, kter\u00fd provedlo Centrum pro v\u00fdzkum ve\u0159ejn\u00e9ho m\u00edn\u011bn\u00ed (CVVM) v listopadu. Ten se sna\u017eil zjistit, jakou d\u016fv\u011bru maj\u00ed u ob\u010dan\u016f mimo jin\u00e9 instituce tak\u00e9 televize a c\u00edrkve.","robots":{"index":"index","follow":"follow","max-snippet":"max-snippet:-1","max-image-preview":"max-image-preview:large","max-video-preview":"max-video-preview:-1"},"canonical":"https:\/\/www.mzone.cz\/en\/blog-komu-poslouzil-nejapny-pruzkum\/","og_locale":"en_US","og_type":"article","og_title":"Blog: Komu poslou\u017eil nejapn\u00fd pr\u016fzkum - Mzone","og_description":"V\u00a0z\u00e1v\u011bru V\u00e1no\u010dn\u00edho poselstv\u00ed citoval prezident v\u00fdsledky jednoho pr\u016fzkumu, kter\u00fd provedlo Centrum pro v\u00fdzkum ve\u0159ejn\u00e9ho m\u00edn\u011bn\u00ed (CVVM) v listopadu. Ten se sna\u017eil zjistit, jakou d\u016fv\u011bru maj\u00ed u ob\u010dan\u016f mimo jin\u00e9 instituce tak\u00e9 televize a c\u00edrkve.","og_url":"https:\/\/www.mzone.cz\/en\/blog-komu-poslouzil-nejapny-pruzkum\/","og_site_name":"Mzone","article_publisher":"https:\/\/www.facebook.com\/MzoneCZ\/","article_published_time":"2019-01-02T17:00:28+00:00","article_modified_time":"2019-10-02T14:35:57+00:00","og_image":[{"width":1667,"height":1121,"url":"https:\/\/www.mzone.cz\/wp-content\/uploads\/2019\/01\/blog_zeman.jpg","type":"image\/jpeg"}],"author":"Mzone","twitter_card":"summary_large_image","twitter_misc":{"Written by":"Mzone","Est. reading time":"3 minutes"},"schema":{"@context":"https:\/\/schema.org","@graph":[{"@type":"Article","@id":"https:\/\/www.mzone.cz\/blog-komu-poslouzil-nejapny-pruzkum\/#article","isPartOf":{"@id":"https:\/\/www.mzone.cz\/blog-komu-poslouzil-nejapny-pruzkum\/"},"author":{"name":"Mzone","@id":"https:\/\/www.mzone.cz\/#\/schema\/person\/9bc20cc422a99cac4af6ff9297da32d4"},"headline":"Blog: Komu poslou\u017eil nejapn\u00fd pr\u016fzkum","datePublished":"2019-01-02T17:00:28+00:00","dateModified":"2019-10-02T14:35:57+00:00","mainEntityOfPage":{"@id":"https:\/\/www.mzone.cz\/blog-komu-poslouzil-nejapny-pruzkum\/"},"wordCount":591,"commentCount":0,"image":{"@id":"https:\/\/www.mzone.cz\/blog-komu-poslouzil-nejapny-pruzkum\/#primaryimage"},"thumbnailUrl":"https:\/\/www.mzone.cz\/wp-content\/uploads\/2019\/01\/blog_zeman.jpg","keywords":["bez obalu","Blog","\u010cesk\u00e1 republika","c\u00edrkev","c\u00edrkve","CVVM","d\u016fv\u011bra","Milo\u0161 Zeman","politik","prezident","projev","proslov","pr\u016fzkum","st\u00e1tn\u00edk","televize","V\u00e1no\u010dn\u00ed poselstv\u00ed"],"articleSection":["Bez obalu","Blog"],"inLanguage":"en-US","potentialAction":[{"@type":"CommentAction","name":"Comment","target":["https:\/\/www.mzone.cz\/blog-komu-poslouzil-nejapny-pruzkum\/#respond"]}]},{"@type":"WebPage","@id":"https:\/\/www.mzone.cz\/blog-komu-poslouzil-nejapny-pruzkum\/","url":"https:\/\/www.mzone.cz\/blog-komu-poslouzil-nejapny-pruzkum\/","name":"Blog: Komu poslou\u017eil nejapn\u00fd pr\u016fzkum - Mzone","isPartOf":{"@id":"https:\/\/www.mzone.cz\/#website"},"primaryImageOfPage":{"@id":"https:\/\/www.mzone.cz\/blog-komu-poslouzil-nejapny-pruzkum\/#primaryimage"},"image":{"@id":"https:\/\/www.mzone.cz\/blog-komu-poslouzil-nejapny-pruzkum\/#primaryimage"},"thumbnailUrl":"https:\/\/www.mzone.cz\/wp-content\/uploads\/2019\/01\/blog_zeman.jpg","datePublished":"2019-01-02T17:00:28+00:00","dateModified":"2019-10-02T14:35:57+00:00","author":{"@id":"https:\/\/www.mzone.cz\/#\/schema\/person\/9bc20cc422a99cac4af6ff9297da32d4"},"description":"V\u00a0z\u00e1v\u011bru V\u00e1no\u010dn\u00edho poselstv\u00ed citoval prezident v\u00fdsledky jednoho pr\u016fzkumu, kter\u00fd provedlo Centrum pro v\u00fdzkum ve\u0159ejn\u00e9ho m\u00edn\u011bn\u00ed (CVVM) v listopadu. Ten se sna\u017eil zjistit, jakou d\u016fv\u011bru maj\u00ed u ob\u010dan\u016f mimo jin\u00e9 instituce tak\u00e9 televize a c\u00edrkve.","breadcrumb":{"@id":"https:\/\/www.mzone.cz\/blog-komu-poslouzil-nejapny-pruzkum\/#breadcrumb"},"inLanguage":"en-US","potentialAction":[{"@type":"ReadAction","target":["https:\/\/www.mzone.cz\/blog-komu-poslouzil-nejapny-pruzkum\/"]}]},{"@type":"ImageObject","inLanguage":"en-US","@id":"https:\/\/www.mzone.cz\/blog-komu-poslouzil-nejapny-pruzkum\/#primaryimage","url":"https:\/\/www.mzone.cz\/wp-content\/uploads\/2019\/01\/blog_zeman.jpg","contentUrl":"https:\/\/www.mzone.cz\/wp-content\/uploads\/2019\/01\/blog_zeman.jpg","width":1667,"height":1121},{"@type":"BreadcrumbList","@id":"https:\/\/www.mzone.cz\/blog-komu-poslouzil-nejapny-pruzkum\/#breadcrumb","itemListElement":[{"@type":"ListItem","position":1,"name":"Dom\u016f","item":"https:\/\/www.mzone.cz\/"},{"@type":"ListItem","position":2,"name":"Blog: Komu poslou\u017eil nejapn\u00fd pr\u016fzkum"}]},{"@type":"WebSite","@id":"https:\/\/www.mzone.cz\/#website","url":"https:\/\/www.mzone.cz\/","name":"Mzone","description":"Magaz\u00edn nejen pro mu\u017ee","potentialAction":[{"@type":"SearchAction","target":{"@type":"EntryPoint","urlTemplate":"https:\/\/www.mzone.cz\/?s={search_term_string}"},"query-input":{"@type":"PropertyValueSpecification","valueRequired":true,"valueName":"search_term_string"}}],"inLanguage":"en-US"},{"@type":"Person","@id":"https:\/\/www.mzone.cz\/#\/schema\/person\/9bc20cc422a99cac4af6ff9297da32d4","name":"Mzone","image":{"@type":"ImageObject","inLanguage":"en-US","@id":"https:\/\/secure.gravatar.com\/avatar\/e780a8630f3182a3d06dd667ab6bea151a0d155b0951bc15fe22633acdac0676?s=96&d=mm&r=g","url":"https:\/\/secure.gravatar.com\/avatar\/e780a8630f3182a3d06dd667ab6bea151a0d155b0951bc15fe22633acdac0676?s=96&d=mm&r=g","contentUrl":"https:\/\/secure.gravatar.com\/avatar\/e780a8630f3182a3d06dd667ab6bea151a0d155b0951bc15fe22633acdac0676?s=96&d=mm&r=g","caption":"Mzone"},"url":"https:\/\/www.mzone.cz\/en\/author\/jakub\/"}]}},"_links":{"self":[{"href":"https:\/\/www.mzone.cz\/en\/wp-json\/wp\/v2\/posts\/2806","targetHints":{"allow":["GET"]}}],"collection":[{"href":"https:\/\/www.mzone.cz\/en\/wp-json\/wp\/v2\/posts"}],"about":[{"href":"https:\/\/www.mzone.cz\/en\/wp-json\/wp\/v2\/types\/post"}],"author":[{"embeddable":true,"href":"https:\/\/www.mzone.cz\/en\/wp-json\/wp\/v2\/users\/4"}],"replies":[{"embeddable":true,"href":"https:\/\/www.mzone.cz\/en\/wp-json\/wp\/v2\/comments?post=2806"}],"version-history":[{"count":1,"href":"https:\/\/www.mzone.cz\/en\/wp-json\/wp\/v2\/posts\/2806\/revisions"}],"predecessor-version":[{"id":13133,"href":"https:\/\/www.mzone.cz\/en\/wp-json\/wp\/v2\/posts\/2806\/revisions\/13133"}],"wp:featuredmedia":[{"embeddable":true,"href":"https:\/\/www.mzone.cz\/en\/wp-json\/wp\/v2\/media\/2807"}],"wp:attachment":[{"href":"https:\/\/www.mzone.cz\/en\/wp-json\/wp\/v2\/media?parent=2806"}],"wp:term":[{"taxonomy":"category","embeddable":true,"href":"https:\/\/www.mzone.cz\/en\/wp-json\/wp\/v2\/categories?post=2806"},{"taxonomy":"post_tag","embeddable":true,"href":"https:\/\/www.mzone.cz\/en\/wp-json\/wp\/v2\/tags?post=2806"}],"curies":[{"name":"wp","href":"https:\/\/api.w.org\/{rel}","templated":true}]}}