{"id":28138,"date":"2021-05-06T05:00:00","date_gmt":"2021-05-06T03:00:00","guid":{"rendered":"https:\/\/www.mzone.cz\/?p=28138"},"modified":"2021-03-17T12:04:03","modified_gmt":"2021-03-17T11:04:03","slug":"vojenska-policie-slavi-30-let-k-cemu-slouzi","status":"publish","type":"post","link":"https:\/\/www.mzone.cz\/en\/vojenska-policie-slavi-30-let-k-cemu-slouzi\/","title":{"rendered":"Vojensk\u00e1 policie slav\u00ed 30 let! K \u010demu slou\u017e\u00ed?"},"content":{"rendered":"<p><strong>V lednu tohoto roku tomu bylo p\u0159esn\u011b 30 let od okam\u017eiku, kdy byla zalo\u017eena Vojensk\u00e1 policie (VP). A\u010dkoli t\u0159i dek\u00e1dy ve srovn\u00e1n\u00ed s existenc\u00ed ozbrojen\u00fdch sil jako takov\u00fdch jsou pouh\u00fdm zlomkem, Vojensk\u00e1 policie za tu dobu pro\u0161la v\u00fdznamnou prom\u011bnou a stala se z n\u00ed pln\u011b funk\u010dn\u00ed profesion\u00e1ln\u00ed slo\u017eka resortu obrany.<\/strong><\/p><br>\n\n\n\n<p>Ko\u0159eny Vojensk\u00e9 policie, d\u0159\u00edve poln\u00edho \u010detnictva, sahaj\u00ed ji\u017e do obdob\u00ed prvn\u00ed sv\u011btov\u00e9 v\u00e1lky. Odd\u00edly poln\u00edho \u010detnictva slou\u017eily u \u010deskoslovensk\u00fdch legi\u00ed v It\u00e1lii. Jejich znakem byl gran\u00e1t ho\u0159\u00edc\u00ed do boku. Tento symbol u\u017e\u00edv\u00e1 \u010desk\u00e1 VP i dnes. V listopadu roku 1918 byla zalo\u017eena nov\u00e1 arm\u00e1dn\u00ed slo\u017eka \u2013 vojensk\u00e1 policie. D\u00edky nestabiln\u00ed bezpe\u010dnostn\u00ed a politick\u00e9 situaci v\u0161ak ji\u017e v roce 1919 zanikla. V letech 1919-1938 pak ve\u0161kerou vojensko-policejn\u00ed \u010dinnost vykon\u00e1valo \u010deskoslovensk\u00e9 \u010detnictvo.<\/p><br>\n\n\n\n<p>Kr\u00e1tce p\u0159ed druhou sv\u011btovou v\u00e1lkou bylo v \u010deskoslovensk\u00e9 arm\u00e1d\u011b vytvo\u0159eno poln\u00ed \u010detnictvo. Jeho aktivace prob\u011bhla za mobilizace v roce 1938. Po 2. sv\u011btov\u00e9 v\u00e1lce vznikla v roce 1945 na z\u00e1kladech \u010detnictva organizace Sbor n\u00e1rodn\u00ed bezpe\u010dnosti, kter\u00e1 ve st\u00e1t\u011b celkov\u011b zaji\u0161\u0165ovala policejn\u011b-bezpe\u010dnostn\u00ed slu\u017ebu. Jedinou instituc\u00ed, je\u017e odr\u00e1\u017eela prvky poln\u00edho \u010detnictva \u010di vojensk\u00e9 policie, byla v t\u00e9 dob\u011b Tankov\u00e1 automobiln\u00ed inspekce. Ta dohl\u00ed\u017eela na bezpe\u010dnost provozu vojensk\u00fdch vozidel.<\/p>\n\n\n\n<blockquote class=\"wp-block-quote is-layout-flow wp-block-quote-is-layout-flow\"><p>Zlom nastal a\u017e v roce 1991, kdy byla z\u0159\u00edzena vojensk\u00e1 policie \u010ceskoslovensk\u00e9 arm\u00e1dy. Po rozd\u011blen\u00ed republiky, 1. ledna 1993, vznikl z\u00e1klad Vojensk\u00e9 policie, kterou zn\u00e1me dnes.<\/p><\/blockquote>\n\n\n\n<p>\u201eU Vojensk\u00e9 policie slou\u017e\u00edm od b\u0159ezna roku 1993, tedy t\u00e9m\u011b\u0159 od jej\u00edho po\u010d\u00e1tku. Tenkr\u00e1t p\u0159ed n\u00e1mi st\u00e1l obrovsk\u00fd \u00fakol \u2013 p\u0159ipravit person\u00e1l na pln\u011bn\u00ed \u00fakol\u016f VP, naj\u00edt ten spr\u00e1vn\u00fd sm\u011br p\u016fsoben\u00ed VP, po\u0159\u00eddit pot\u0159ebn\u00fd materi\u00e1l a techniku, zformovat organiza\u010dn\u00ed strukturu a nastavit spolupr\u00e1ci s Arm\u00e1dou \u010cesk\u00e9 republiky. Nebylo to v\u016fbec jednoduch\u00e9, u\u017e jen dok\u00e1zat, \u017ee nejsme pouze slo\u017ekou represivn\u00ed, ale dok\u00e1\u017eeme tak\u00e9 podat velitel\u016fm pomocnou ruku,\u201c vzpom\u00edn\u00e1 na budov\u00e1n\u00ed Vojensk\u00e9 policie jej\u00ed sou\u010dasn\u00fd velitel, n\u00e1\u010deln\u00edk Vojensk\u00e9 policie brig\u00e1dn\u00ed gener\u00e1l Miroslav Mur\u010dek.<\/p><br>\n\n\n\n<figure class=\"wp-block-image size-large\"><img loading=\"lazy\" decoding=\"async\" width=\"1024\" height=\"681\" src=\"https:\/\/www.mzone.cz\/wp-content\/uploads\/2021\/01\/motocykly-vp.jpg\" alt=\"Vojensk\u00e1 policie\" class=\"wp-image-28147\" srcset=\"https:\/\/www.mzone.cz\/wp-content\/uploads\/2021\/01\/motocykly-vp.jpg 1024w, https:\/\/www.mzone.cz\/wp-content\/uploads\/2021\/01\/motocykly-vp-300x200.jpg 300w, https:\/\/www.mzone.cz\/wp-content\/uploads\/2021\/01\/motocykly-vp-768x511.jpg 768w, https:\/\/www.mzone.cz\/wp-content\/uploads\/2021\/01\/motocykly-vp-16x12.jpg 16w, https:\/\/www.mzone.cz\/wp-content\/uploads\/2021\/01\/motocykly-vp-800x533.jpg 800w, https:\/\/www.mzone.cz\/wp-content\/uploads\/2021\/01\/motocykly-vp-400x267.jpg 400w, https:\/\/www.mzone.cz\/wp-content\/uploads\/2021\/01\/motocykly-vp-500x333.jpg 500w, https:\/\/www.mzone.cz\/wp-content\/uploads\/2021\/01\/motocykly-vp-590x392.jpg 590w\" sizes=\"auto, (max-width: 1024px) 100vw, 1024px\" \/><\/figure><br>\n\n\n\n<h2 class=\"wp-block-heading\"><strong>Ochrana majetku arm\u00e1dy i odhalov\u00e1n\u00ed trestn\u00fdch \u010din\u016f<\/strong><\/h2>\n\n\n\n<p>V \u010dele Vojensk\u00e9 policie stoj\u00ed n\u00e1\u010deln\u00edk, kter\u00fd je p\u0159\u00edmo pod\u0159\u00edzen ministrovi obrany. Vojensk\u00e1 policie v souladu se z\u00e1konem obecn\u011b pln\u00ed \u00fakoly policejn\u00ed ochrany ozbrojen\u00fdch sil, vojensk\u00fdch objekt\u016f, vojensk\u00e9ho materi\u00e1lu a ostatn\u00edho majetku st\u00e1tu, s n\u00edm\u017e hospoda\u0159\u00ed Ministerstvo obrany. Disponuje \u0159adou specializovan\u00fdch slu\u017eeb \u2013 dopravn\u00ed a po\u0159\u00e1dkovou, ochrannou a krimin\u00e1ln\u00ed. K jejich podpo\u0159e vyu\u017e\u00edv\u00e1 vlastn\u00ed specializovan\u00e9 policejn\u00ed \u010dinnosti \u2013 kynologickou a pyrotechnickou slu\u017ebu.<\/p>\n\n\n\n<blockquote class=\"wp-block-quote is-layout-flow wp-block-quote-is-layout-flow\"><p>Vojensk\u00e9 policisty lze spat\u0159it nap\u0159\u00edklad p\u0159i st\u0159e\u017een\u00ed objekt\u016f Ministerstva obrany a Gener\u00e1ln\u00edho \u0161t\u00e1bu A\u010cR, zaji\u0161\u0165uj\u00ed tak\u00e9 osobn\u00ed ochranu nejvy\u0161\u0161\u00edch p\u0159edstavitel\u016f resortu obrany a staraj\u00ed se o bezpe\u010dnost zahrani\u010dn\u00edch vojensk\u00fdch delegac\u00ed p\u0159i jejich pobytu v \u010cesku.<\/p><\/blockquote>\n\n\n\n<p>Doprov\u00e1zej\u00ed vojensk\u00e9 konvoje, zodpov\u00eddaj\u00ed za bezpe\u010dnost ulo\u017een\u00e9 munice v z\u00e1sobovac\u00edch \u00fasec\u00edch a za bezpe\u010dnost n\u011bkter\u00fdch vojensk\u00fdch let\u016f. Krimin\u00e1ln\u00ed slu\u017eba odhaluje trestn\u00e9 \u010diny a i pomoc\u00ed odborn\u00fdch expert\u00edz zji\u0161\u0165uje jejich pachatele. P\u0159ipraveni k proveden\u00ed rychl\u00e9ho z\u00e1sahu jsou v\u017edy p\u0159\u00edslu\u0161n\u00edci pohotovostn\u00edch odd\u011blen\u00ed.<\/p><br>\n\n\n\n<figure class=\"wp-block-image size-large\"><img loading=\"lazy\" decoding=\"async\" width=\"1024\" height=\"683\" src=\"https:\/\/www.mzone.cz\/wp-content\/uploads\/2021\/01\/kriminalni-sluzba.jpg\" alt=\"Krimin\u00e1ln\u00ed slu\u017eba Vojensk\u00e9 policie\" class=\"wp-image-28153\" srcset=\"https:\/\/www.mzone.cz\/wp-content\/uploads\/2021\/01\/kriminalni-sluzba.jpg 1024w, https:\/\/www.mzone.cz\/wp-content\/uploads\/2021\/01\/kriminalni-sluzba-300x200.jpg 300w, https:\/\/www.mzone.cz\/wp-content\/uploads\/2021\/01\/kriminalni-sluzba-768x512.jpg 768w, https:\/\/www.mzone.cz\/wp-content\/uploads\/2021\/01\/kriminalni-sluzba-16x12.jpg 16w, https:\/\/www.mzone.cz\/wp-content\/uploads\/2021\/01\/kriminalni-sluzba-800x533.jpg 800w, https:\/\/www.mzone.cz\/wp-content\/uploads\/2021\/01\/kriminalni-sluzba-400x267.jpg 400w, https:\/\/www.mzone.cz\/wp-content\/uploads\/2021\/01\/kriminalni-sluzba-500x333.jpg 500w, https:\/\/www.mzone.cz\/wp-content\/uploads\/2021\/01\/kriminalni-sluzba-590x394.jpg 590w\" sizes=\"auto, (max-width: 1024px) 100vw, 1024px\" \/><\/figure><br>\n\n\n\n<p>V r\u00e1mci spojeneck\u00fdch z\u00e1vazk\u016f rozv\u00edj\u00ed Vojensk\u00e1 policie schopnosti v oblastech nesmrt\u00edc\u00edch prost\u0159edk\u016f, biometrie, zadr\u017eovac\u00edch operac\u00ed a vy\u010dle\u0148ov\u00e1n\u00ed t\u00fdm\u016f na v\u00fdcvik policejn\u00edch slo\u017eek. Krom\u011b t\u011bchto standardn\u00edch \u00fakol\u016f VP pom\u00e1h\u00e1 v boji proti aktu\u00e1ln\u00ed pandemii koronaviru. Jej\u00ed p\u0159\u00edslu\u0161n\u00edci se specializac\u00ed bojov\u00fdch z\u00e1chran\u00e1\u0159\u016f jsou nasazeni ve zdravotnick\u00fdch a soci\u00e1ln\u00edch za\u0159\u00edzen\u00edch. A to je jen stru\u010dn\u00fd v\u00fdb\u011br z \u0161irok\u00e9ho spektra \u010dinnost\u00ed Vojensk\u00e9 policie.<\/p><br>\n\n\n\n<h2 class=\"wp-block-heading\"><strong>Zahrani\u010dn\u00ed mise od Balk\u00e1nu po Mali<\/strong><\/h2>\n\n\n\n<p>Vojensk\u00e1 policie m\u00e1 za sebou i dlouhou historii opera\u010dn\u00edho nasazen\u00ed v zahrani\u010d\u00ed. Ve v\u011bt\u0161in\u011b operac\u00ed, kde byly nasazeny ozbrojen\u00e9 s\u00edly \u010cR, byly p\u0159\u00edtomny tak\u00e9 prvky VP r\u016fzn\u00e9 velikosti a specializace.<\/p>\n\n\n\n<blockquote class=\"wp-block-quote is-layout-flow wp-block-quote-is-layout-flow\"><p>Stovky p\u0159\u00edslu\u0161n\u00edk\u016f Vojensk\u00e9 policie tak v pr\u016fb\u011bhu desetilet\u00ed pro\u0161ly operacemi od Balk\u00e1nu p\u0159es Ir\u00e1k a Afgh\u00e1nist\u00e1n, a\u017e po Sinajsk\u00fd poloostrov, africk\u00e9 Mali \u010di Pobalt\u00ed. A\u010dkoliv m\u00e1 Vojensk\u00e1 policie v zahrani\u010dn\u00edch operac\u00edch obvykle podp\u016frnou roli ve prosp\u011bch Ozbrojen\u00fdch sil \u010cR, v Ir\u00e1ku a Afgh\u00e1nist\u00e1nu p\u016fsobili jej\u00ed p\u0159\u00edslu\u0161n\u00edci i relativn\u011b samostatn\u011b, a to zejm\u00e9na p\u0159i v\u00fdcviku m\u00edstn\u00edch policejn\u00edch sil.<\/p><\/blockquote>\n\n\n\n<p>Velmi specifick\u00e9 je nasazen\u00ed p\u0159\u00edslu\u0161n\u00edk\u016f VP v operac\u00edch, kdy VP zaji\u0161\u0165ovala bezpe\u010dnost \u010desk\u00fdch diplomat\u016f p\u016fsob\u00edc\u00edch v metropol\u00edch Ir\u00e1ku a Afgh\u00e1nist\u00e1nu (zde \u00fakol st\u00e1le trv\u00e1). Pominout nelze ani nasazen\u00ed \u00datvaru speci\u00e1ln\u00edch operac\u00ed Vojensk\u00e9 policie, jeho\u017e p\u0159\u00edslu\u0161n\u00edci p\u016fsobili v Afgh\u00e1nist\u00e1nu v letech 2007-2009. Tato operace bohu\u017eel p\u0159inesla i t\u011b\u017ek\u00e1 zran\u011bn\u00ed a ztr\u00e1ty na \u017eivotech.<\/p><br>\n\n\n\n<figure class=\"wp-block-image size-large\"><img loading=\"lazy\" decoding=\"async\" width=\"953\" height=\"635\" src=\"https:\/\/www.mzone.cz\/wp-content\/uploads\/2021\/01\/strelecka-priprava-dnes.jpg\" alt=\"Vojensk\u00e1 policie\" class=\"wp-image-28160\" srcset=\"https:\/\/www.mzone.cz\/wp-content\/uploads\/2021\/01\/strelecka-priprava-dnes.jpg 953w, https:\/\/www.mzone.cz\/wp-content\/uploads\/2021\/01\/strelecka-priprava-dnes-300x200.jpg 300w, https:\/\/www.mzone.cz\/wp-content\/uploads\/2021\/01\/strelecka-priprava-dnes-768x512.jpg 768w, https:\/\/www.mzone.cz\/wp-content\/uploads\/2021\/01\/strelecka-priprava-dnes-16x12.jpg 16w, https:\/\/www.mzone.cz\/wp-content\/uploads\/2021\/01\/strelecka-priprava-dnes-800x533.jpg 800w, https:\/\/www.mzone.cz\/wp-content\/uploads\/2021\/01\/strelecka-priprava-dnes-400x267.jpg 400w, https:\/\/www.mzone.cz\/wp-content\/uploads\/2021\/01\/strelecka-priprava-dnes-500x333.jpg 500w, https:\/\/www.mzone.cz\/wp-content\/uploads\/2021\/01\/strelecka-priprava-dnes-590x393.jpg 590w\" sizes=\"auto, (max-width: 953px) 100vw, 953px\" \/><\/figure><br>\n\n\n\n<p>\u201eV\u00fdrazn\u011bj\u0161\u00ed zapojen\u00ed Vojensk\u00e9 policie do zahrani\u010dn\u00edch operac\u00ed, zejm\u00e9na od roku 2001, vn\u00edm\u00e1m jako zlomov\u00fd bod v pohledu na slo\u017eku. Spole\u010dn\u00e1 p\u0159\u00edprava a pln\u011bn\u00ed \u00fakol\u016f p\u0159\u00edslu\u0161n\u00edk\u016f arm\u00e1dy a vojensk\u00fdch policist\u016f uk\u00e1zala, \u017ee VP je slu\u017ebou pro resort obrany a mus\u00ed tomu tak b\u00fdt i nad\u00e1le. Jak \u0159\u00edk\u00e1m, pom\u00e1hat a chr\u00e1nit v zelen\u00e9m!\u201c dodal k mis\u00edm <a href=\"https:\/\/www.mocr.army.cz\/ministr-a-ministerstvo\/lide\/nacelnik-vojenske-policie-123273\/\" target=\"_blank\" rel=\"noreferrer noopener\">gener\u00e1l Mur\u010dek<\/a>.<\/p><br>\n\n\n\n<p>Vojensk\u00e1 policie m\u00e1 sv\u00e9 m\u00edsto i ve struktur\u00e1ch Severoatlantick\u00e9 aliance. P\u0159\u00edslu\u0161n\u00edci VP dlouhodob\u011b p\u016fsob\u00ed na zahrani\u010dn\u00edch pracovi\u0161t\u00edch NATO v Polsku, It\u00e1lii, N\u011bmecku a Belgii. D\u016fstojn\u00edci VP reprezentuj\u00ed \u010cR na kl\u00ed\u010dov\u00fdch postech u Military Police Centre of Excellence (CoE) a Stability Policing CoE.<\/p><br>\n\n\n\n<p>Vojensk\u00e1 policie rovn\u011b\u017e pravideln\u011b p\u0159isp\u00edv\u00e1 sv\u00fdmi jednotkami do pohotovostn\u00edch spojeneck\u00fdch syst\u00e9m\u016f, zejm\u00e9na EU Battlegroups a NATO Response Force. V\u00fdznamn\u00fdm mezin\u00e1rodn\u00edm projektem, do kter\u00e9ho je \u010desk\u00e1 VP dlouhodob\u011b zapojena, je Mnohon\u00e1rodn\u00ed prapor vojensk\u00e9 policie pro NATO, zn\u00e1m\u00fd pod zkratkou NATO MNMPBAT. Ten sdru\u017euje p\u0159\u00edslu\u0161n\u00edky VP Polska, \u010cR, Slovenska, Chorvatska a od roku 2020 i Gruzie. Jednotka pravideln\u011b po\u0159\u00e1d\u00e1 mezin\u00e1rodn\u00ed cvi\u010den\u00ed st\u0159\u00eddav\u011b na \u00fazem\u00ed jednotliv\u00fdch \u010dlensk\u00fdch st\u00e1t\u016f projektu a v oblasti v\u00fdcviku \u00fazce spolupracuje s velitelstv\u00edm Mnohon\u00e1rodn\u00edho sboru Severov\u00fdchod (HQ MNC NE).<\/p>\n\n\n\n<blockquote class=\"wp-block-quote is-layout-flow wp-block-quote-is-layout-flow\"><p>\u201eZapojen\u00ed Vojensk\u00e9 policie do zahrani\u010dn\u00edch operac\u00ed, struktur a projekt\u016f NATO, kde vojen\u0161t\u00ed policist\u00e9 byli a jsou za\u0159azeni do jednotliv\u00fdch \u0161t\u00e1b\u016f, zv\u00fd\u0161ilo jejich odbornou a jazykovou p\u0159ipravenost,\u201c vyzdvihl pozitiva mezin\u00e1rodn\u00edho p\u016fsoben\u00ed Mur\u010dek.<\/p><\/blockquote>\n\n\n\n<figure class=\"wp-block-image size-large\"><img loading=\"lazy\" decoding=\"async\" width=\"970\" height=\"435\" src=\"https:\/\/www.mzone.cz\/wp-content\/uploads\/2021\/01\/vozidlo-vp-v-90-letech.jpg\" alt=\"Vozidlo Vojensk\u00e9 policie v 90. letech\" class=\"wp-image-28176\" srcset=\"https:\/\/www.mzone.cz\/wp-content\/uploads\/2021\/01\/vozidlo-vp-v-90-letech.jpg 970w, https:\/\/www.mzone.cz\/wp-content\/uploads\/2021\/01\/vozidlo-vp-v-90-letech-300x135.jpg 300w, https:\/\/www.mzone.cz\/wp-content\/uploads\/2021\/01\/vozidlo-vp-v-90-letech-768x344.jpg 768w, https:\/\/www.mzone.cz\/wp-content\/uploads\/2021\/01\/vozidlo-vp-v-90-letech-16x7.jpg 16w, https:\/\/www.mzone.cz\/wp-content\/uploads\/2021\/01\/vozidlo-vp-v-90-letech-590x265.jpg 590w\" sizes=\"auto, (max-width: 970px) 100vw, 970px\" \/><\/figure><br>\n\n\n\n<h2 class=\"wp-block-heading\"><strong>Vojensk\u00e1 policie se chce zam\u011b\u0159it na protipr\u00e1vn\u00ed jedn\u00e1n\u00ed v kyberprostoru<\/strong><\/h2>\n\n\n\n<p>Vojensk\u00e1 police neust\u00e1le pracuje na sv\u00e9m rozvoji. V roce 2021 za\u010dali u n\u011bkter\u00fdch jednotek A\u010cR p\u016fsobit sty\u010dn\u00ed d\u016fstojn\u00edci VP (tzv. \u201eProvost Marshals\u201c), \u010d\u00edm\u017e doch\u00e1z\u00ed k prohlouben\u00ed a zlep\u0161\u00ed se spolupr\u00e1ce obou slo\u017eek. S pl\u00e1novanou novelizac\u00ed z\u00e1kona o Vojensk\u00e9 polici budou korespondovat i pl\u00e1novan\u00e9 n\u00e1kupy.<\/p>\n\n\n\n<blockquote class=\"wp-block-quote is-layout-flow wp-block-quote-is-layout-flow\"><p>Nad\u00e1le bude prob\u00edhat postupn\u00e1 modernizace v\u00fdstroje, v\u00fdzbroje a techniky (nap\u0159. drony), jako\u017e i rekonstrukce a budov\u00e1n\u00ed infrastruktury. Sv\u00e9 aktivity zam\u011b\u0159\u00ed Vojensk\u00e1 policie i na novodob\u00fd fenom\u00e9n hybridn\u00ed v\u00e1lky \u2013 bude se zab\u00fdvat protipr\u00e1vn\u00edm jedn\u00e1n\u00edm v kybernetick\u00e9m prostoru zam\u011b\u0159en\u00fdm proti Ministerstvu obrany \u010cR.<\/p><\/blockquote>\n\n\n\n<p>\u201eZ m\u00e9ho pohledu je v sou\u010dasnosti \u010dinnost Vojensk\u00e9 policie vn\u00edm\u00e1na pozitivn\u011b ze strany Ministerstva obrany i A\u010cR. Na\u0161\u00ed snahou je v\u017edy m\u00edt pln\u011b profesion\u00e1ln\u00ed a zodpov\u011bdn\u00fd p\u0159\u00edstup, jsme ochotni spolupracovat a zapojujeme se i do \u010dinnost\u00ed v r\u00e1mci krizov\u00fdch situac\u00ed. Jsem tak\u00e9 r\u00e1d, kdy\u017e ze strany hlavn\u00edch funkcion\u00e1\u0159\u016f resortu obrany sly\u0161\u00edm velmi kladn\u00e9 hodnocen\u00ed ochrann\u00e9 slu\u017eby. Ochrann\u00e9 t\u00fdmy zaji\u0161\u0165uj\u00ed bezpe\u010dnost chr\u00e1n\u011bn\u00fdch osob, zahrani\u010dn\u00edch delegac\u00ed, velvyslanc\u016f a velitel\u016f v zahrani\u010dn\u00edch operac\u00edch na vysok\u00e9 \u00farovni. Obrovsk\u00fd kredit m\u00e1me tak\u00e9 v kynologick\u00e9 a pyrotechnick\u00e9 slu\u017eb\u011b,\u201c hodnotil aktu\u00e1ln\u00ed stav VP Mur\u010dek jako jej\u00ed n\u00e1\u010deln\u00edk.<\/p><br>\n\n\n\n<figure class=\"wp-block-image size-large\"><img loading=\"lazy\" decoding=\"async\" width=\"1024\" height=\"655\" src=\"https:\/\/www.mzone.cz\/wp-content\/uploads\/2021\/01\/mnohonarodni-prapor-vojenske-policie-nato.jpg\" alt=\"Vojensk\u00e1 policie\" class=\"wp-image-28171\" srcset=\"https:\/\/www.mzone.cz\/wp-content\/uploads\/2021\/01\/mnohonarodni-prapor-vojenske-policie-nato.jpg 1024w, https:\/\/www.mzone.cz\/wp-content\/uploads\/2021\/01\/mnohonarodni-prapor-vojenske-policie-nato-300x192.jpg 300w, https:\/\/www.mzone.cz\/wp-content\/uploads\/2021\/01\/mnohonarodni-prapor-vojenske-policie-nato-768x491.jpg 768w, https:\/\/www.mzone.cz\/wp-content\/uploads\/2021\/01\/mnohonarodni-prapor-vojenske-policie-nato-16x10.jpg 16w, https:\/\/www.mzone.cz\/wp-content\/uploads\/2021\/01\/mnohonarodni-prapor-vojenske-policie-nato-590x377.jpg 590w\" sizes=\"auto, (max-width: 1024px) 100vw, 1024px\" \/><\/figure><br>\n\n\n\n<p>O budoucnosti Vojensk\u00e9 policie m\u00e1 brig\u00e1dn\u00ed gener\u00e1l Mur\u010dek jasno: \u201eSou\u010dasn\u00fd stav mus\u00edme udr\u017eet. Stejn\u011b tak d\u00e1le rozv\u00edjet na\u0161e schopnosti a prohlubovat spolupr\u00e1ci s A\u010cR, Polici\u00ed \u010cesk\u00e9 republiky, ostatn\u00edmi ozbrojen\u00fdmi sbory i koali\u010dn\u00edmi partnery. V\u011b\u0159\u00edm, \u017ee i v dal\u0161\u00edch 30 letech bude Vojensk\u00e1 policie pevnou sou\u010d\u00e1st\u00ed resortu obrany schopnou splnit ve\u0161ker\u00e9 \u00fakoly,\u201c uzav\u00edr\u00e1 ohl\u00e9dnut\u00ed se za p\u016fsoben\u00edm Vojensk\u00e9 policie jej\u00ed n\u00e1\u010deln\u00edk.<\/p><br>\n\n\n\n<div class=\"wp-block-media-text alignwide is-stacked-on-mobile is-vertically-aligned-top\" style=\"grid-template-columns:25% auto\"><figure class=\"wp-block-media-text__media\"><a href=\"https:\/\/www.mzone.cz\/za-15-let-provozu-naletaly-ceske-gripeny-30-000-hodin\/\"><img loading=\"lazy\" decoding=\"async\" width=\"983\" height=\"655\" src=\"https:\/\/www.mzone.cz\/wp-content\/uploads\/2020\/11\/Gripeny.jpg\" alt=\"\" class=\"wp-image-26015 size-full\" srcset=\"https:\/\/www.mzone.cz\/wp-content\/uploads\/2020\/11\/Gripeny.jpg 983w, https:\/\/www.mzone.cz\/wp-content\/uploads\/2020\/11\/Gripeny-300x200.jpg 300w, https:\/\/www.mzone.cz\/wp-content\/uploads\/2020\/11\/Gripeny-768x512.jpg 768w, https:\/\/www.mzone.cz\/wp-content\/uploads\/2020\/11\/Gripeny-16x12.jpg 16w, https:\/\/www.mzone.cz\/wp-content\/uploads\/2020\/11\/Gripeny-800x533.jpg 800w, https:\/\/www.mzone.cz\/wp-content\/uploads\/2020\/11\/Gripeny-400x267.jpg 400w, https:\/\/www.mzone.cz\/wp-content\/uploads\/2020\/11\/Gripeny-500x333.jpg 500w, https:\/\/www.mzone.cz\/wp-content\/uploads\/2020\/11\/Gripeny-590x393.jpg 590w\" sizes=\"auto, (max-width: 983px) 100vw, 983px\" \/><\/a><\/figure><div class=\"wp-block-media-text__content\">\n<h4><a href=\"https:\/\/www.mzone.cz\/za-15-let-provozu-naletaly-ceske-gripeny-30-000-hodin\/\">Za 15 let provozu nal\u00e9taly \u010desk\u00e9 Gripeny 30 000 hodin<\/a><\/h4><br>\n<\/div><\/div>","protected":false},"excerpt":{"rendered":"<p>V lednu tohoto roku tomu bylo p\u0159esn\u011b 30 let od okam\u017eiku, kdy byla zalo\u017eena Vojensk\u00e1 policie (VP). A\u010dkoli t\u0159i dek\u00e1dy ve srovn\u00e1n\u00ed s existenc\u00ed ozbrojen\u00fdch sil jako takov\u00fdch jsou pouh\u00fdm zlomkem, Vojensk\u00e1 policie za tu dobu pro\u0161la v\u00fdznamnou prom\u011bnou a stala se z n\u00ed pln\u011b funk\u010dn\u00ed profesion\u00e1ln\u00ed slo\u017eka resortu obrany. Ko\u0159eny Vojensk\u00e9 policie, d\u0159\u00edve poln\u00edho [&hellip;]<\/p>\n","protected":false},"author":4,"featured_media":28139,"comment_status":"open","ping_status":"closed","sticky":false,"template":"","format":"standard","meta":{"kk_blocks_editor_width":"","_kiokenblocks_attr":"","_kiokenblocks_dimensions":"","footnotes":""},"categories":[65,68],"tags":[1397,95,4656,2917,434,675,4655,674,920,39],"class_list":["post-28138","post","type-post","status-publish","format-standard","has-post-thumbnail","hentry","category-technika","category-zbrane","tag-30-let","tag-armada","tag-ozbrojene-slozky","tag-policie","tag-technika","tag-vojaci","tag-vojenska-policie","tag-vojsko","tag-vyroci","tag-zbrane"],"yoast_head":"<!-- This site is optimized with the Yoast SEO plugin v27.5 - https:\/\/yoast.com\/product\/yoast-seo-wordpress\/ -->\n<title>Vojensk\u00e1 policie slav\u00ed 30 let! K \u010demu slou\u017e\u00ed? - Mzone<\/title>\n<meta name=\"description\" content=\"V lednu tohoto roku tomu bylo p\u0159esn\u011b 30 let od okam\u017eiku, kdy byla zalo\u017eena Vojensk\u00e1 policie (VP).\" \/>\n<meta name=\"robots\" content=\"index, follow, max-snippet:-1, max-image-preview:large, max-video-preview:-1\" \/>\n<link rel=\"canonical\" href=\"https:\/\/www.mzone.cz\/en\/vojenska-policie-slavi-30-let-k-cemu-slouzi\/\" \/>\n<meta property=\"og:locale\" content=\"en_US\" \/>\n<meta property=\"og:type\" content=\"article\" \/>\n<meta property=\"og:title\" content=\"Vojensk\u00e1 policie slav\u00ed 30 let! K \u010demu slou\u017e\u00ed? - Mzone\" \/>\n<meta property=\"og:description\" content=\"V lednu tohoto roku tomu bylo p\u0159esn\u011b 30 let od okam\u017eiku, kdy byla zalo\u017eena Vojensk\u00e1 policie (VP).\" \/>\n<meta property=\"og:url\" content=\"https:\/\/www.mzone.cz\/en\/vojenska-policie-slavi-30-let-k-cemu-slouzi\/\" \/>\n<meta property=\"og:site_name\" content=\"Mzone\" \/>\n<meta property=\"article:publisher\" content=\"https:\/\/www.facebook.com\/MzoneCZ\/\" \/>\n<meta property=\"article:published_time\" content=\"2021-05-06T03:00:00+00:00\" \/>\n<meta property=\"og:image\" content=\"https:\/\/www.mzone.cz\/wp-content\/uploads\/2021\/01\/Vojenska-policie.jpg\" \/>\n\t<meta property=\"og:image:width\" content=\"794\" \/>\n\t<meta property=\"og:image:height\" content=\"530\" \/>\n\t<meta property=\"og:image:type\" content=\"image\/jpeg\" \/>\n<meta name=\"author\" content=\"Mzone\" \/>\n<meta name=\"twitter:card\" content=\"summary_large_image\" \/>\n<meta name=\"twitter:label1\" content=\"Written by\" \/>\n\t<meta name=\"twitter:data1\" content=\"Mzone\" \/>\n\t<meta name=\"twitter:label2\" content=\"Est. reading time\" \/>\n\t<meta name=\"twitter:data2\" content=\"7 minutes\" \/>\n<script type=\"application\/ld+json\" class=\"yoast-schema-graph\">{\"@context\":\"https:\\\/\\\/schema.org\",\"@graph\":[{\"@type\":\"Article\",\"@id\":\"https:\\\/\\\/www.mzone.cz\\\/vojenska-policie-slavi-30-let-k-cemu-slouzi\\\/#article\",\"isPartOf\":{\"@id\":\"https:\\\/\\\/www.mzone.cz\\\/vojenska-policie-slavi-30-let-k-cemu-slouzi\\\/\"},\"author\":{\"name\":\"Mzone\",\"@id\":\"https:\\\/\\\/www.mzone.cz\\\/#\\\/schema\\\/person\\\/9bc20cc422a99cac4af6ff9297da32d4\"},\"headline\":\"Vojensk\u00e1 policie slav\u00ed 30 let! K \u010demu slou\u017e\u00ed?\",\"datePublished\":\"2021-05-06T03:00:00+00:00\",\"mainEntityOfPage\":{\"@id\":\"https:\\\/\\\/www.mzone.cz\\\/vojenska-policie-slavi-30-let-k-cemu-slouzi\\\/\"},\"wordCount\":1535,\"commentCount\":0,\"image\":{\"@id\":\"https:\\\/\\\/www.mzone.cz\\\/vojenska-policie-slavi-30-let-k-cemu-slouzi\\\/#primaryimage\"},\"thumbnailUrl\":\"https:\\\/\\\/www.mzone.cz\\\/wp-content\\\/uploads\\\/2021\\\/01\\\/Vojenska-policie.jpg\",\"keywords\":[\"30 let\",\"Arm\u00e1da\",\"ozbrojen\u00e9 slo\u017eky\",\"policie\",\"technika\",\"voj\u00e1ci\",\"vojensk\u00e1 policie\",\"vojsko\",\"v\u00fdro\u010d\u00ed\",\"Zbran\u011b\"],\"articleSection\":[\"Technika\",\"Zbran\u011b\"],\"inLanguage\":\"en-US\",\"potentialAction\":[{\"@type\":\"CommentAction\",\"name\":\"Comment\",\"target\":[\"https:\\\/\\\/www.mzone.cz\\\/vojenska-policie-slavi-30-let-k-cemu-slouzi\\\/#respond\"]}]},{\"@type\":\"WebPage\",\"@id\":\"https:\\\/\\\/www.mzone.cz\\\/vojenska-policie-slavi-30-let-k-cemu-slouzi\\\/\",\"url\":\"https:\\\/\\\/www.mzone.cz\\\/vojenska-policie-slavi-30-let-k-cemu-slouzi\\\/\",\"name\":\"Vojensk\u00e1 policie slav\u00ed 30 let! K \u010demu slou\u017e\u00ed? - Mzone\",\"isPartOf\":{\"@id\":\"https:\\\/\\\/www.mzone.cz\\\/#website\"},\"primaryImageOfPage\":{\"@id\":\"https:\\\/\\\/www.mzone.cz\\\/vojenska-policie-slavi-30-let-k-cemu-slouzi\\\/#primaryimage\"},\"image\":{\"@id\":\"https:\\\/\\\/www.mzone.cz\\\/vojenska-policie-slavi-30-let-k-cemu-slouzi\\\/#primaryimage\"},\"thumbnailUrl\":\"https:\\\/\\\/www.mzone.cz\\\/wp-content\\\/uploads\\\/2021\\\/01\\\/Vojenska-policie.jpg\",\"datePublished\":\"2021-05-06T03:00:00+00:00\",\"author\":{\"@id\":\"https:\\\/\\\/www.mzone.cz\\\/#\\\/schema\\\/person\\\/9bc20cc422a99cac4af6ff9297da32d4\"},\"description\":\"V lednu tohoto roku tomu bylo p\u0159esn\u011b 30 let od okam\u017eiku, kdy byla zalo\u017eena Vojensk\u00e1 policie (VP).\",\"breadcrumb\":{\"@id\":\"https:\\\/\\\/www.mzone.cz\\\/vojenska-policie-slavi-30-let-k-cemu-slouzi\\\/#breadcrumb\"},\"inLanguage\":\"en-US\",\"potentialAction\":[{\"@type\":\"ReadAction\",\"target\":[\"https:\\\/\\\/www.mzone.cz\\\/vojenska-policie-slavi-30-let-k-cemu-slouzi\\\/\"]}]},{\"@type\":\"ImageObject\",\"inLanguage\":\"en-US\",\"@id\":\"https:\\\/\\\/www.mzone.cz\\\/vojenska-policie-slavi-30-let-k-cemu-slouzi\\\/#primaryimage\",\"url\":\"https:\\\/\\\/www.mzone.cz\\\/wp-content\\\/uploads\\\/2021\\\/01\\\/Vojenska-policie.jpg\",\"contentUrl\":\"https:\\\/\\\/www.mzone.cz\\\/wp-content\\\/uploads\\\/2021\\\/01\\\/Vojenska-policie.jpg\",\"width\":794,\"height\":530,\"caption\":\"Vojensk\u00e1 policie\"},{\"@type\":\"BreadcrumbList\",\"@id\":\"https:\\\/\\\/www.mzone.cz\\\/vojenska-policie-slavi-30-let-k-cemu-slouzi\\\/#breadcrumb\",\"itemListElement\":[{\"@type\":\"ListItem\",\"position\":1,\"name\":\"Dom\u016f\",\"item\":\"https:\\\/\\\/www.mzone.cz\\\/\"},{\"@type\":\"ListItem\",\"position\":2,\"name\":\"Vojensk\u00e1 policie slav\u00ed 30 let! K \u010demu slou\u017e\u00ed?\"}]},{\"@type\":\"WebSite\",\"@id\":\"https:\\\/\\\/www.mzone.cz\\\/#website\",\"url\":\"https:\\\/\\\/www.mzone.cz\\\/\",\"name\":\"Mzone\",\"description\":\"Magaz\u00edn nejen pro mu\u017ee\",\"potentialAction\":[{\"@type\":\"SearchAction\",\"target\":{\"@type\":\"EntryPoint\",\"urlTemplate\":\"https:\\\/\\\/www.mzone.cz\\\/?s={search_term_string}\"},\"query-input\":{\"@type\":\"PropertyValueSpecification\",\"valueRequired\":true,\"valueName\":\"search_term_string\"}}],\"inLanguage\":\"en-US\"},{\"@type\":\"Person\",\"@id\":\"https:\\\/\\\/www.mzone.cz\\\/#\\\/schema\\\/person\\\/9bc20cc422a99cac4af6ff9297da32d4\",\"name\":\"Mzone\",\"image\":{\"@type\":\"ImageObject\",\"inLanguage\":\"en-US\",\"@id\":\"https:\\\/\\\/secure.gravatar.com\\\/avatar\\\/e780a8630f3182a3d06dd667ab6bea151a0d155b0951bc15fe22633acdac0676?s=96&d=mm&r=g\",\"url\":\"https:\\\/\\\/secure.gravatar.com\\\/avatar\\\/e780a8630f3182a3d06dd667ab6bea151a0d155b0951bc15fe22633acdac0676?s=96&d=mm&r=g\",\"contentUrl\":\"https:\\\/\\\/secure.gravatar.com\\\/avatar\\\/e780a8630f3182a3d06dd667ab6bea151a0d155b0951bc15fe22633acdac0676?s=96&d=mm&r=g\",\"caption\":\"Mzone\"},\"url\":\"https:\\\/\\\/www.mzone.cz\\\/en\\\/author\\\/jakub\\\/\"}]}<\/script>\n<!-- \/ Yoast SEO plugin. -->","yoast_head_json":{"title":"Vojensk\u00e1 policie slav\u00ed 30 let! K \u010demu slou\u017e\u00ed? - Mzone","description":"V lednu tohoto roku tomu bylo p\u0159esn\u011b 30 let od okam\u017eiku, kdy byla zalo\u017eena Vojensk\u00e1 policie (VP).","robots":{"index":"index","follow":"follow","max-snippet":"max-snippet:-1","max-image-preview":"max-image-preview:large","max-video-preview":"max-video-preview:-1"},"canonical":"https:\/\/www.mzone.cz\/en\/vojenska-policie-slavi-30-let-k-cemu-slouzi\/","og_locale":"en_US","og_type":"article","og_title":"Vojensk\u00e1 policie slav\u00ed 30 let! K \u010demu slou\u017e\u00ed? - Mzone","og_description":"V lednu tohoto roku tomu bylo p\u0159esn\u011b 30 let od okam\u017eiku, kdy byla zalo\u017eena Vojensk\u00e1 policie (VP).","og_url":"https:\/\/www.mzone.cz\/en\/vojenska-policie-slavi-30-let-k-cemu-slouzi\/","og_site_name":"Mzone","article_publisher":"https:\/\/www.facebook.com\/MzoneCZ\/","article_published_time":"2021-05-06T03:00:00+00:00","og_image":[{"width":794,"height":530,"url":"https:\/\/www.mzone.cz\/wp-content\/uploads\/2021\/01\/Vojenska-policie.jpg","type":"image\/jpeg"}],"author":"Mzone","twitter_card":"summary_large_image","twitter_misc":{"Written by":"Mzone","Est. reading time":"7 minutes"},"schema":{"@context":"https:\/\/schema.org","@graph":[{"@type":"Article","@id":"https:\/\/www.mzone.cz\/vojenska-policie-slavi-30-let-k-cemu-slouzi\/#article","isPartOf":{"@id":"https:\/\/www.mzone.cz\/vojenska-policie-slavi-30-let-k-cemu-slouzi\/"},"author":{"name":"Mzone","@id":"https:\/\/www.mzone.cz\/#\/schema\/person\/9bc20cc422a99cac4af6ff9297da32d4"},"headline":"Vojensk\u00e1 policie slav\u00ed 30 let! K \u010demu slou\u017e\u00ed?","datePublished":"2021-05-06T03:00:00+00:00","mainEntityOfPage":{"@id":"https:\/\/www.mzone.cz\/vojenska-policie-slavi-30-let-k-cemu-slouzi\/"},"wordCount":1535,"commentCount":0,"image":{"@id":"https:\/\/www.mzone.cz\/vojenska-policie-slavi-30-let-k-cemu-slouzi\/#primaryimage"},"thumbnailUrl":"https:\/\/www.mzone.cz\/wp-content\/uploads\/2021\/01\/Vojenska-policie.jpg","keywords":["30 let","Arm\u00e1da","ozbrojen\u00e9 slo\u017eky","policie","technika","voj\u00e1ci","vojensk\u00e1 policie","vojsko","v\u00fdro\u010d\u00ed","Zbran\u011b"],"articleSection":["Technika","Zbran\u011b"],"inLanguage":"en-US","potentialAction":[{"@type":"CommentAction","name":"Comment","target":["https:\/\/www.mzone.cz\/vojenska-policie-slavi-30-let-k-cemu-slouzi\/#respond"]}]},{"@type":"WebPage","@id":"https:\/\/www.mzone.cz\/vojenska-policie-slavi-30-let-k-cemu-slouzi\/","url":"https:\/\/www.mzone.cz\/vojenska-policie-slavi-30-let-k-cemu-slouzi\/","name":"Vojensk\u00e1 policie slav\u00ed 30 let! K \u010demu slou\u017e\u00ed? - Mzone","isPartOf":{"@id":"https:\/\/www.mzone.cz\/#website"},"primaryImageOfPage":{"@id":"https:\/\/www.mzone.cz\/vojenska-policie-slavi-30-let-k-cemu-slouzi\/#primaryimage"},"image":{"@id":"https:\/\/www.mzone.cz\/vojenska-policie-slavi-30-let-k-cemu-slouzi\/#primaryimage"},"thumbnailUrl":"https:\/\/www.mzone.cz\/wp-content\/uploads\/2021\/01\/Vojenska-policie.jpg","datePublished":"2021-05-06T03:00:00+00:00","author":{"@id":"https:\/\/www.mzone.cz\/#\/schema\/person\/9bc20cc422a99cac4af6ff9297da32d4"},"description":"V lednu tohoto roku tomu bylo p\u0159esn\u011b 30 let od okam\u017eiku, kdy byla zalo\u017eena Vojensk\u00e1 policie (VP).","breadcrumb":{"@id":"https:\/\/www.mzone.cz\/vojenska-policie-slavi-30-let-k-cemu-slouzi\/#breadcrumb"},"inLanguage":"en-US","potentialAction":[{"@type":"ReadAction","target":["https:\/\/www.mzone.cz\/vojenska-policie-slavi-30-let-k-cemu-slouzi\/"]}]},{"@type":"ImageObject","inLanguage":"en-US","@id":"https:\/\/www.mzone.cz\/vojenska-policie-slavi-30-let-k-cemu-slouzi\/#primaryimage","url":"https:\/\/www.mzone.cz\/wp-content\/uploads\/2021\/01\/Vojenska-policie.jpg","contentUrl":"https:\/\/www.mzone.cz\/wp-content\/uploads\/2021\/01\/Vojenska-policie.jpg","width":794,"height":530,"caption":"Vojensk\u00e1 policie"},{"@type":"BreadcrumbList","@id":"https:\/\/www.mzone.cz\/vojenska-policie-slavi-30-let-k-cemu-slouzi\/#breadcrumb","itemListElement":[{"@type":"ListItem","position":1,"name":"Dom\u016f","item":"https:\/\/www.mzone.cz\/"},{"@type":"ListItem","position":2,"name":"Vojensk\u00e1 policie slav\u00ed 30 let! K \u010demu slou\u017e\u00ed?"}]},{"@type":"WebSite","@id":"https:\/\/www.mzone.cz\/#website","url":"https:\/\/www.mzone.cz\/","name":"Mzone","description":"Magaz\u00edn nejen pro mu\u017ee","potentialAction":[{"@type":"SearchAction","target":{"@type":"EntryPoint","urlTemplate":"https:\/\/www.mzone.cz\/?s={search_term_string}"},"query-input":{"@type":"PropertyValueSpecification","valueRequired":true,"valueName":"search_term_string"}}],"inLanguage":"en-US"},{"@type":"Person","@id":"https:\/\/www.mzone.cz\/#\/schema\/person\/9bc20cc422a99cac4af6ff9297da32d4","name":"Mzone","image":{"@type":"ImageObject","inLanguage":"en-US","@id":"https:\/\/secure.gravatar.com\/avatar\/e780a8630f3182a3d06dd667ab6bea151a0d155b0951bc15fe22633acdac0676?s=96&d=mm&r=g","url":"https:\/\/secure.gravatar.com\/avatar\/e780a8630f3182a3d06dd667ab6bea151a0d155b0951bc15fe22633acdac0676?s=96&d=mm&r=g","contentUrl":"https:\/\/secure.gravatar.com\/avatar\/e780a8630f3182a3d06dd667ab6bea151a0d155b0951bc15fe22633acdac0676?s=96&d=mm&r=g","caption":"Mzone"},"url":"https:\/\/www.mzone.cz\/en\/author\/jakub\/"}]}},"_links":{"self":[{"href":"https:\/\/www.mzone.cz\/en\/wp-json\/wp\/v2\/posts\/28138","targetHints":{"allow":["GET"]}}],"collection":[{"href":"https:\/\/www.mzone.cz\/en\/wp-json\/wp\/v2\/posts"}],"about":[{"href":"https:\/\/www.mzone.cz\/en\/wp-json\/wp\/v2\/types\/post"}],"author":[{"embeddable":true,"href":"https:\/\/www.mzone.cz\/en\/wp-json\/wp\/v2\/users\/4"}],"replies":[{"embeddable":true,"href":"https:\/\/www.mzone.cz\/en\/wp-json\/wp\/v2\/comments?post=28138"}],"version-history":[{"count":24,"href":"https:\/\/www.mzone.cz\/en\/wp-json\/wp\/v2\/posts\/28138\/revisions"}],"predecessor-version":[{"id":30450,"href":"https:\/\/www.mzone.cz\/en\/wp-json\/wp\/v2\/posts\/28138\/revisions\/30450"}],"wp:featuredmedia":[{"embeddable":true,"href":"https:\/\/www.mzone.cz\/en\/wp-json\/wp\/v2\/media\/28139"}],"wp:attachment":[{"href":"https:\/\/www.mzone.cz\/en\/wp-json\/wp\/v2\/media?parent=28138"}],"wp:term":[{"taxonomy":"category","embeddable":true,"href":"https:\/\/www.mzone.cz\/en\/wp-json\/wp\/v2\/categories?post=28138"},{"taxonomy":"post_tag","embeddable":true,"href":"https:\/\/www.mzone.cz\/en\/wp-json\/wp\/v2\/tags?post=28138"}],"curies":[{"name":"wp","href":"https:\/\/api.w.org\/{rel}","templated":true}]}}