{"id":28521,"date":"2021-03-13T05:00:00","date_gmt":"2021-03-13T04:00:00","guid":{"rendered":"https:\/\/www.mzone.cz\/?p=28521"},"modified":"2021-01-28T12:50:08","modified_gmt":"2021-01-28T11:50:08","slug":"zivi-mrtvi-pocatek-konce-se-vrati-v-dubnu","status":"publish","type":"post","link":"https:\/\/www.mzone.cz\/en\/zivi-mrtvi-pocatek-konce-se-vrati-v-dubnu\/","title":{"rendered":"Seri\u00e1l \u017div\u00ed mrtv\u00ed: Po\u010d\u00e1tek konce se vr\u00e1t\u00ed v dubnu"},"content":{"rendered":"<p><strong>Druh\u00e1 \u010d\u00e1st 6. \u0159ady obl\u00edben\u00e9ho seri\u00e1lu \u017div\u00ed mrtv\u00ed: Po\u010d\u00e1tek konce (Fear the Walking Dead) se vr\u00e1t\u00ed na televizn\u00ed obrazovky 12. dubna 2021.<\/strong><\/p><br>\n\n\n\n<p>V o\u010dek\u00e1van\u00fdch nov\u00fdch d\u00edlech se m\u016f\u017eete t\u011b\u0161it na t\u0159i nov\u00e9 postavy, kter\u00e9 hraj\u00ed John Glover (Dobr\u00e1 man\u017eelka, Smallvile, Stra\u0161ideln\u00e9 V\u00e1noce), Nick Stahl (Carnivale, Termin\u00e1tor 3: Vzpoura stroj\u016f, Sin City) a Keith Carradine (Pan\u00ed ministryn\u011b, Fargo, Deadwood).<\/p>\n\n\n\n<blockquote class=\"wp-block-quote is-layout-flow wp-block-quote-is-layout-flow\"><p>P\u0159i nat\u00e1\u010den\u00ed epizody s \u010d\u00edslem 613 do re\u017eis\u00e9rsk\u00e9ho k\u0159esla zasedla here\u010dka Aisha Tyler (Roswell, My\u0161lenky zlo\u010dince).\u00a0<\/p><\/blockquote>\n\n\n\n<p>Morgan (Lennie James) je ve sv\u00e9 snaze zachr\u00e1nit zb\u00fdvaj\u00edc\u00ed \u010dleny skupiny je\u0161t\u011b troufalej\u0161\u00ed ne\u017e p\u0159edt\u00edm. Mezit\u00edm se Virginia (Colby Minifie) se st\u00e1le zoufaleji sna\u017e\u00ed naj\u00edt svoji sestru a ochr\u00e1nit kolonii p\u0159ed silami, kter\u00e9 j\u00ed ohro\u017euj\u00ed zvenku i zevnit\u0159.<\/p><br>\n\n\n\n<figure class=\"wp-block-image size-large\"><img loading=\"lazy\" decoding=\"async\" width=\"1024\" height=\"683\" src=\"https:\/\/www.mzone.cz\/wp-content\/uploads\/2021\/01\/ftwd_607_rg_0225_0130_rt_50884020331_o-1024x683.jpg\" alt=\"Alycia Debnam-Carey jako Alicia Clark v seri\u00e1lu \u017div\u00ed mrtv\u00ed\" class=\"wp-image-28528\" srcset=\"https:\/\/www.mzone.cz\/wp-content\/uploads\/2021\/01\/ftwd_607_rg_0225_0130_rt_50884020331_o-1024x683.jpg 1024w, https:\/\/www.mzone.cz\/wp-content\/uploads\/2021\/01\/ftwd_607_rg_0225_0130_rt_50884020331_o-300x200.jpg 300w, https:\/\/www.mzone.cz\/wp-content\/uploads\/2021\/01\/ftwd_607_rg_0225_0130_rt_50884020331_o-768x512.jpg 768w, https:\/\/www.mzone.cz\/wp-content\/uploads\/2021\/01\/ftwd_607_rg_0225_0130_rt_50884020331_o-1536x1024.jpg 1536w, https:\/\/www.mzone.cz\/wp-content\/uploads\/2021\/01\/ftwd_607_rg_0225_0130_rt_50884020331_o-2048x1365.jpg 2048w, https:\/\/www.mzone.cz\/wp-content\/uploads\/2021\/01\/ftwd_607_rg_0225_0130_rt_50884020331_o-16x12.jpg 16w, https:\/\/www.mzone.cz\/wp-content\/uploads\/2021\/01\/ftwd_607_rg_0225_0130_rt_50884020331_o-800x533.jpg 800w, https:\/\/www.mzone.cz\/wp-content\/uploads\/2021\/01\/ftwd_607_rg_0225_0130_rt_50884020331_o-400x267.jpg 400w, https:\/\/www.mzone.cz\/wp-content\/uploads\/2021\/01\/ftwd_607_rg_0225_0130_rt_50884020331_o-500x333.jpg 500w, https:\/\/www.mzone.cz\/wp-content\/uploads\/2021\/01\/ftwd_607_rg_0225_0130_rt_50884020331_o-1170x780.jpg 1170w, https:\/\/www.mzone.cz\/wp-content\/uploads\/2021\/01\/ftwd_607_rg_0225_0130_rt_50884020331_o-590x393.jpg 590w\" sizes=\"auto, (max-width: 1024px) 100vw, 1024px\" \/><\/figure><br>\n\n\n\n<p>Nov\u00e9 d\u00edly \u0161est\u00e9 \u0159ady odhal\u00ed vliv, jak\u00fd m\u00e1 \u017eivot pod Virginiinou kontrolou na ka\u017ed\u00e9ho jednotliv\u00e9ho \u010dlena skupiny. V minulosti si mysleli, \u017ee jsou v podstat\u011b rodina, bude to tak i nad\u00e1le? Nov\u00e9 d\u00edly 6. \u0159ady prozrad\u00ed, kter\u00e1 nov\u00e1 spojenectv\u00ed budou vytvo\u0159ena, kter\u00e9 vztahy naopak nevydr\u017e\u00ed tlak okolnost\u00ed a pozn\u00e1te pro\u010d v\u011brnost a soun\u00e1le\u017eitost u\u017e nikdy nebudou jako d\u0159\u00edv.<\/p><br>\n\n\n\n<p>V seri\u00e1lu <a href=\"https:\/\/cs.wikipedia.org\/wiki\/\u017div%C3%AD_mrtv%C3%AD:_Po\u010d\u00e1tek_konce\" target=\"_blank\" rel=\"noreferrer noopener\">\u017div\u00ed mrtv\u00ed: Po\u010d\u00e1tek konce<\/a> hraj\u00ed Lennie James, Alycia Debnam-Carey, Maggie Grace, Colman Domingo, Danay Garcia, Garret Dillahunt, Austin Amelio, Mo Collins, Alexa Nisenson, Karen David, Colby Hollman, Zoe Colletti, Jenna Elfman a Rub\u00e9n Blades. V\u00fdkonn\u00fdm producentem kultovn\u00edho seri\u00e1lu je Scott M. Gimple, za jeho tvorbu jsou zodpov\u011bdn\u00ed Andrew Chambliss a Ian Goldberg, Robert Kirkman, Gale Anne Hurd, Greg Nicotero a David Alpert.<\/p><br>\n\n\n\n<p><strong>Sv\u011btov\u00e1 premi\u00e9ra druh\u00e9 \u010d\u00e1sti \u0161est\u00e9 \u0159ady seri\u00e1lu prob\u011bhne na televizn\u00ed stanici AMC 12. dubna 2021 ve 22:00.<\/strong><\/p><br>\n\n\n\n<div class=\"wp-block-media-text alignwide is-stacked-on-mobile is-vertically-aligned-top\" style=\"grid-template-columns:31% auto\"><figure class=\"wp-block-media-text__media\"><a href=\"https:\/\/www.mzone.cz\/fear-the-walking-dead-sesta-serie-je-tu\/\"><img loading=\"lazy\" decoding=\"async\" width=\"1024\" height=\"683\" src=\"https:\/\/www.mzone.cz\/wp-content\/uploads\/2020\/10\/Fear-the-Walking-Dead-1024x683.jpg\" alt=\"\" class=\"wp-image-24827 size-full\" srcset=\"https:\/\/www.mzone.cz\/wp-content\/uploads\/2020\/10\/Fear-the-Walking-Dead-1024x683.jpg 1024w, https:\/\/www.mzone.cz\/wp-content\/uploads\/2020\/10\/Fear-the-Walking-Dead-300x200.jpg 300w, https:\/\/www.mzone.cz\/wp-content\/uploads\/2020\/10\/Fear-the-Walking-Dead-768x512.jpg 768w, https:\/\/www.mzone.cz\/wp-content\/uploads\/2020\/10\/Fear-the-Walking-Dead-1536x1024.jpg 1536w, https:\/\/www.mzone.cz\/wp-content\/uploads\/2020\/10\/Fear-the-Walking-Dead-2048x1366.jpg 2048w, https:\/\/www.mzone.cz\/wp-content\/uploads\/2020\/10\/Fear-the-Walking-Dead-16x12.jpg 16w, https:\/\/www.mzone.cz\/wp-content\/uploads\/2020\/10\/Fear-the-Walking-Dead-800x533.jpg 800w, https:\/\/www.mzone.cz\/wp-content\/uploads\/2020\/10\/Fear-the-Walking-Dead-400x267.jpg 400w, https:\/\/www.mzone.cz\/wp-content\/uploads\/2020\/10\/Fear-the-Walking-Dead-500x333.jpg 500w, https:\/\/www.mzone.cz\/wp-content\/uploads\/2020\/10\/Fear-the-Walking-Dead-1170x780.jpg 1170w, https:\/\/www.mzone.cz\/wp-content\/uploads\/2020\/10\/Fear-the-Walking-Dead-590x393.jpg 590w\" sizes=\"auto, (max-width: 1024px) 100vw, 1024px\" \/><\/a><\/figure><div class=\"wp-block-media-text__content\">\n<h4><a href=\"https:\/\/www.mzone.cz\/fear-the-walking-dead-sesta-serie-je-tu\/\">Zomb\u00edci n\u00e1s op\u011bt nenechaj\u00ed klidn\u011b sp\u00e1t! \u0160est\u00e1 s\u00e9rie Fear the Walking Dead je tu<\/a><\/h4><br>\n<\/div><\/div>","protected":false},"excerpt":{"rendered":"<p>Druh\u00e1 \u010d\u00e1st 6. \u0159ady obl\u00edben\u00e9ho seri\u00e1lu \u017div\u00ed mrtv\u00ed: Po\u010d\u00e1tek konce (Fear the Walking Dead) se vr\u00e1t\u00ed na televizn\u00ed obrazovky 12. dubna 2021. V o\u010dek\u00e1van\u00fdch nov\u00fdch d\u00edlech se m\u016f\u017eete t\u011b\u0161it na t\u0159i nov\u00e9 postavy, kter\u00e9 hraj\u00ed John Glover (Dobr\u00e1 man\u017eelka, Smallvile, Stra\u0161ideln\u00e9 V\u00e1noce), Nick Stahl (Carnivale, Termin\u00e1tor 3: Vzpoura stroj\u016f, Sin City) a Keith Carradine (Pan\u00ed [&hellip;]<\/p>\n","protected":false},"author":4,"featured_media":28522,"comment_status":"open","ping_status":"closed","sticky":false,"template":"","format":"standard","meta":{"kk_blocks_editor_width":"","_kiokenblocks_attr":"","_kiokenblocks_dimensions":"","footnotes":""},"categories":[73,71],"tags":[4699,2230,2327,2231,314,31,4700,2586,2007,1122,1146,410,20,4701,1862],"class_list":["post-28521","post","type-post","status-publish","format-standard","has-post-thumbnail","hentry","category-filmy","category-kultura","tag-6-serie","tag-apokalypsa","tag-drama","tag-fear-the-walking-dead","tag-filmy","tag-kultura","tag-pocatek-konce","tag-pokracovani","tag-premiera","tag-serial","tag-serialy","tag-televize","tag-zabava","tag-zivi-mrtvi","tag-zombie"],"yoast_head":"<!-- This site is optimized with the Yoast SEO plugin v27.5 - https:\/\/yoast.com\/product\/yoast-seo-wordpress\/ -->\n<title>Seri\u00e1l \u017div\u00ed mrtv\u00ed: Po\u010d\u00e1tek konce se vr\u00e1t\u00ed v dubnu - Mzone<\/title>\n<meta name=\"description\" content=\"Druh\u00e1 \u010d\u00e1st 6. \u0159ady seri\u00e1lu \u017div\u00ed mrtv\u00ed: Po\u010d\u00e1tek konce se vr\u00e1t\u00ed na televizn\u00ed obrazovky 12. dubna.\" \/>\n<meta name=\"robots\" content=\"index, follow, max-snippet:-1, max-image-preview:large, max-video-preview:-1\" \/>\n<link rel=\"canonical\" href=\"https:\/\/www.mzone.cz\/en\/zivi-mrtvi-pocatek-konce-se-vrati-v-dubnu\/\" \/>\n<meta property=\"og:locale\" content=\"en_US\" \/>\n<meta property=\"og:type\" content=\"article\" \/>\n<meta property=\"og:title\" content=\"Seri\u00e1l \u017div\u00ed mrtv\u00ed: Po\u010d\u00e1tek konce se vr\u00e1t\u00ed v dubnu - Mzone\" \/>\n<meta property=\"og:description\" content=\"Druh\u00e1 \u010d\u00e1st 6. \u0159ady seri\u00e1lu \u017div\u00ed mrtv\u00ed: Po\u010d\u00e1tek konce se vr\u00e1t\u00ed na televizn\u00ed obrazovky 12. dubna.\" \/>\n<meta property=\"og:url\" content=\"https:\/\/www.mzone.cz\/en\/zivi-mrtvi-pocatek-konce-se-vrati-v-dubnu\/\" \/>\n<meta property=\"og:site_name\" content=\"Mzone\" \/>\n<meta property=\"article:publisher\" content=\"https:\/\/www.facebook.com\/MzoneCZ\/\" \/>\n<meta property=\"article:published_time\" content=\"2021-03-13T04:00:00+00:00\" \/>\n<meta property=\"og:image\" content=\"https:\/\/www.mzone.cz\/wp-content\/uploads\/2021\/01\/Zivi-mrtvi-scaled.jpg\" \/>\n\t<meta property=\"og:image:width\" content=\"2560\" \/>\n\t<meta property=\"og:image:height\" content=\"1706\" \/>\n\t<meta property=\"og:image:type\" content=\"image\/jpeg\" \/>\n<meta name=\"author\" content=\"Mzone\" \/>\n<meta name=\"twitter:card\" content=\"summary_large_image\" \/>\n<meta name=\"twitter:label1\" content=\"Written by\" \/>\n\t<meta name=\"twitter:data1\" content=\"Mzone\" \/>\n\t<meta name=\"twitter:label2\" content=\"Est. reading time\" \/>\n\t<meta name=\"twitter:data2\" content=\"2 minutes\" \/>\n<script type=\"application\/ld+json\" class=\"yoast-schema-graph\">{\"@context\":\"https:\\\/\\\/schema.org\",\"@graph\":[{\"@type\":\"Article\",\"@id\":\"https:\\\/\\\/www.mzone.cz\\\/zivi-mrtvi-pocatek-konce-se-vrati-v-dubnu\\\/#article\",\"isPartOf\":{\"@id\":\"https:\\\/\\\/www.mzone.cz\\\/zivi-mrtvi-pocatek-konce-se-vrati-v-dubnu\\\/\"},\"author\":{\"name\":\"Mzone\",\"@id\":\"https:\\\/\\\/www.mzone.cz\\\/#\\\/schema\\\/person\\\/9bc20cc422a99cac4af6ff9297da32d4\"},\"headline\":\"Seri\u00e1l \u017div\u00ed mrtv\u00ed: Po\u010d\u00e1tek konce se vr\u00e1t\u00ed v dubnu\",\"datePublished\":\"2021-03-13T04:00:00+00:00\",\"mainEntityOfPage\":{\"@id\":\"https:\\\/\\\/www.mzone.cz\\\/zivi-mrtvi-pocatek-konce-se-vrati-v-dubnu\\\/\"},\"wordCount\":335,\"commentCount\":0,\"image\":{\"@id\":\"https:\\\/\\\/www.mzone.cz\\\/zivi-mrtvi-pocatek-konce-se-vrati-v-dubnu\\\/#primaryimage\"},\"thumbnailUrl\":\"https:\\\/\\\/www.mzone.cz\\\/wp-content\\\/uploads\\\/2021\\\/01\\\/Zivi-mrtvi-scaled.jpg\",\"keywords\":[\"6. s\u00e9rie\",\"apokalypsa\",\"drama\",\"Fear the Walking Dead\",\"Filmy\",\"Kultura\",\"Po\u010d\u00e1tek konce\",\"pokra\u010dov\u00e1n\u00ed\",\"premi\u00e9ra\",\"seri\u00e1l\",\"seri\u00e1ly\",\"televize\",\"Z\u00e1bava\",\"\u017div\u00ed mrtv\u00ed\",\"zombie\"],\"articleSection\":[\"Filmy\",\"Kultura\"],\"inLanguage\":\"en-US\",\"potentialAction\":[{\"@type\":\"CommentAction\",\"name\":\"Comment\",\"target\":[\"https:\\\/\\\/www.mzone.cz\\\/zivi-mrtvi-pocatek-konce-se-vrati-v-dubnu\\\/#respond\"]}]},{\"@type\":\"WebPage\",\"@id\":\"https:\\\/\\\/www.mzone.cz\\\/zivi-mrtvi-pocatek-konce-se-vrati-v-dubnu\\\/\",\"url\":\"https:\\\/\\\/www.mzone.cz\\\/zivi-mrtvi-pocatek-konce-se-vrati-v-dubnu\\\/\",\"name\":\"Seri\u00e1l \u017div\u00ed mrtv\u00ed: Po\u010d\u00e1tek konce se vr\u00e1t\u00ed v dubnu - Mzone\",\"isPartOf\":{\"@id\":\"https:\\\/\\\/www.mzone.cz\\\/#website\"},\"primaryImageOfPage\":{\"@id\":\"https:\\\/\\\/www.mzone.cz\\\/zivi-mrtvi-pocatek-konce-se-vrati-v-dubnu\\\/#primaryimage\"},\"image\":{\"@id\":\"https:\\\/\\\/www.mzone.cz\\\/zivi-mrtvi-pocatek-konce-se-vrati-v-dubnu\\\/#primaryimage\"},\"thumbnailUrl\":\"https:\\\/\\\/www.mzone.cz\\\/wp-content\\\/uploads\\\/2021\\\/01\\\/Zivi-mrtvi-scaled.jpg\",\"datePublished\":\"2021-03-13T04:00:00+00:00\",\"author\":{\"@id\":\"https:\\\/\\\/www.mzone.cz\\\/#\\\/schema\\\/person\\\/9bc20cc422a99cac4af6ff9297da32d4\"},\"description\":\"Druh\u00e1 \u010d\u00e1st 6. \u0159ady seri\u00e1lu \u017div\u00ed mrtv\u00ed: Po\u010d\u00e1tek konce se vr\u00e1t\u00ed na televizn\u00ed obrazovky 12. dubna.\",\"breadcrumb\":{\"@id\":\"https:\\\/\\\/www.mzone.cz\\\/zivi-mrtvi-pocatek-konce-se-vrati-v-dubnu\\\/#breadcrumb\"},\"inLanguage\":\"en-US\",\"potentialAction\":[{\"@type\":\"ReadAction\",\"target\":[\"https:\\\/\\\/www.mzone.cz\\\/zivi-mrtvi-pocatek-konce-se-vrati-v-dubnu\\\/\"]}]},{\"@type\":\"ImageObject\",\"inLanguage\":\"en-US\",\"@id\":\"https:\\\/\\\/www.mzone.cz\\\/zivi-mrtvi-pocatek-konce-se-vrati-v-dubnu\\\/#primaryimage\",\"url\":\"https:\\\/\\\/www.mzone.cz\\\/wp-content\\\/uploads\\\/2021\\\/01\\\/Zivi-mrtvi-scaled.jpg\",\"contentUrl\":\"https:\\\/\\\/www.mzone.cz\\\/wp-content\\\/uploads\\\/2021\\\/01\\\/Zivi-mrtvi-scaled.jpg\",\"width\":2560,\"height\":1706,\"caption\":\"\u017div\u00ed mrtv\u00ed\"},{\"@type\":\"BreadcrumbList\",\"@id\":\"https:\\\/\\\/www.mzone.cz\\\/zivi-mrtvi-pocatek-konce-se-vrati-v-dubnu\\\/#breadcrumb\",\"itemListElement\":[{\"@type\":\"ListItem\",\"position\":1,\"name\":\"Dom\u016f\",\"item\":\"https:\\\/\\\/www.mzone.cz\\\/\"},{\"@type\":\"ListItem\",\"position\":2,\"name\":\"Seri\u00e1l \u017div\u00ed mrtv\u00ed: Po\u010d\u00e1tek konce se vr\u00e1t\u00ed v dubnu\"}]},{\"@type\":\"WebSite\",\"@id\":\"https:\\\/\\\/www.mzone.cz\\\/#website\",\"url\":\"https:\\\/\\\/www.mzone.cz\\\/\",\"name\":\"Mzone\",\"description\":\"Magaz\u00edn nejen pro mu\u017ee\",\"potentialAction\":[{\"@type\":\"SearchAction\",\"target\":{\"@type\":\"EntryPoint\",\"urlTemplate\":\"https:\\\/\\\/www.mzone.cz\\\/?s={search_term_string}\"},\"query-input\":{\"@type\":\"PropertyValueSpecification\",\"valueRequired\":true,\"valueName\":\"search_term_string\"}}],\"inLanguage\":\"en-US\"},{\"@type\":\"Person\",\"@id\":\"https:\\\/\\\/www.mzone.cz\\\/#\\\/schema\\\/person\\\/9bc20cc422a99cac4af6ff9297da32d4\",\"name\":\"Mzone\",\"image\":{\"@type\":\"ImageObject\",\"inLanguage\":\"en-US\",\"@id\":\"https:\\\/\\\/secure.gravatar.com\\\/avatar\\\/e780a8630f3182a3d06dd667ab6bea151a0d155b0951bc15fe22633acdac0676?s=96&d=mm&r=g\",\"url\":\"https:\\\/\\\/secure.gravatar.com\\\/avatar\\\/e780a8630f3182a3d06dd667ab6bea151a0d155b0951bc15fe22633acdac0676?s=96&d=mm&r=g\",\"contentUrl\":\"https:\\\/\\\/secure.gravatar.com\\\/avatar\\\/e780a8630f3182a3d06dd667ab6bea151a0d155b0951bc15fe22633acdac0676?s=96&d=mm&r=g\",\"caption\":\"Mzone\"},\"url\":\"https:\\\/\\\/www.mzone.cz\\\/en\\\/author\\\/jakub\\\/\"}]}<\/script>\n<!-- \/ Yoast SEO plugin. -->","yoast_head_json":{"title":"Seri\u00e1l \u017div\u00ed mrtv\u00ed: Po\u010d\u00e1tek konce se vr\u00e1t\u00ed v dubnu - Mzone","description":"Druh\u00e1 \u010d\u00e1st 6. \u0159ady seri\u00e1lu \u017div\u00ed mrtv\u00ed: Po\u010d\u00e1tek konce se vr\u00e1t\u00ed na televizn\u00ed obrazovky 12. dubna.","robots":{"index":"index","follow":"follow","max-snippet":"max-snippet:-1","max-image-preview":"max-image-preview:large","max-video-preview":"max-video-preview:-1"},"canonical":"https:\/\/www.mzone.cz\/en\/zivi-mrtvi-pocatek-konce-se-vrati-v-dubnu\/","og_locale":"en_US","og_type":"article","og_title":"Seri\u00e1l \u017div\u00ed mrtv\u00ed: Po\u010d\u00e1tek konce se vr\u00e1t\u00ed v dubnu - Mzone","og_description":"Druh\u00e1 \u010d\u00e1st 6. \u0159ady seri\u00e1lu \u017div\u00ed mrtv\u00ed: Po\u010d\u00e1tek konce se vr\u00e1t\u00ed na televizn\u00ed obrazovky 12. dubna.","og_url":"https:\/\/www.mzone.cz\/en\/zivi-mrtvi-pocatek-konce-se-vrati-v-dubnu\/","og_site_name":"Mzone","article_publisher":"https:\/\/www.facebook.com\/MzoneCZ\/","article_published_time":"2021-03-13T04:00:00+00:00","og_image":[{"width":2560,"height":1706,"url":"https:\/\/www.mzone.cz\/wp-content\/uploads\/2021\/01\/Zivi-mrtvi-scaled.jpg","type":"image\/jpeg"}],"author":"Mzone","twitter_card":"summary_large_image","twitter_misc":{"Written by":"Mzone","Est. reading time":"2 minutes"},"schema":{"@context":"https:\/\/schema.org","@graph":[{"@type":"Article","@id":"https:\/\/www.mzone.cz\/zivi-mrtvi-pocatek-konce-se-vrati-v-dubnu\/#article","isPartOf":{"@id":"https:\/\/www.mzone.cz\/zivi-mrtvi-pocatek-konce-se-vrati-v-dubnu\/"},"author":{"name":"Mzone","@id":"https:\/\/www.mzone.cz\/#\/schema\/person\/9bc20cc422a99cac4af6ff9297da32d4"},"headline":"Seri\u00e1l \u017div\u00ed mrtv\u00ed: Po\u010d\u00e1tek konce se vr\u00e1t\u00ed v dubnu","datePublished":"2021-03-13T04:00:00+00:00","mainEntityOfPage":{"@id":"https:\/\/www.mzone.cz\/zivi-mrtvi-pocatek-konce-se-vrati-v-dubnu\/"},"wordCount":335,"commentCount":0,"image":{"@id":"https:\/\/www.mzone.cz\/zivi-mrtvi-pocatek-konce-se-vrati-v-dubnu\/#primaryimage"},"thumbnailUrl":"https:\/\/www.mzone.cz\/wp-content\/uploads\/2021\/01\/Zivi-mrtvi-scaled.jpg","keywords":["6. s\u00e9rie","apokalypsa","drama","Fear the Walking Dead","Filmy","Kultura","Po\u010d\u00e1tek konce","pokra\u010dov\u00e1n\u00ed","premi\u00e9ra","seri\u00e1l","seri\u00e1ly","televize","Z\u00e1bava","\u017div\u00ed mrtv\u00ed","zombie"],"articleSection":["Filmy","Kultura"],"inLanguage":"en-US","potentialAction":[{"@type":"CommentAction","name":"Comment","target":["https:\/\/www.mzone.cz\/zivi-mrtvi-pocatek-konce-se-vrati-v-dubnu\/#respond"]}]},{"@type":"WebPage","@id":"https:\/\/www.mzone.cz\/zivi-mrtvi-pocatek-konce-se-vrati-v-dubnu\/","url":"https:\/\/www.mzone.cz\/zivi-mrtvi-pocatek-konce-se-vrati-v-dubnu\/","name":"Seri\u00e1l \u017div\u00ed mrtv\u00ed: Po\u010d\u00e1tek konce se vr\u00e1t\u00ed v dubnu - Mzone","isPartOf":{"@id":"https:\/\/www.mzone.cz\/#website"},"primaryImageOfPage":{"@id":"https:\/\/www.mzone.cz\/zivi-mrtvi-pocatek-konce-se-vrati-v-dubnu\/#primaryimage"},"image":{"@id":"https:\/\/www.mzone.cz\/zivi-mrtvi-pocatek-konce-se-vrati-v-dubnu\/#primaryimage"},"thumbnailUrl":"https:\/\/www.mzone.cz\/wp-content\/uploads\/2021\/01\/Zivi-mrtvi-scaled.jpg","datePublished":"2021-03-13T04:00:00+00:00","author":{"@id":"https:\/\/www.mzone.cz\/#\/schema\/person\/9bc20cc422a99cac4af6ff9297da32d4"},"description":"Druh\u00e1 \u010d\u00e1st 6. \u0159ady seri\u00e1lu \u017div\u00ed mrtv\u00ed: Po\u010d\u00e1tek konce se vr\u00e1t\u00ed na televizn\u00ed obrazovky 12. dubna.","breadcrumb":{"@id":"https:\/\/www.mzone.cz\/zivi-mrtvi-pocatek-konce-se-vrati-v-dubnu\/#breadcrumb"},"inLanguage":"en-US","potentialAction":[{"@type":"ReadAction","target":["https:\/\/www.mzone.cz\/zivi-mrtvi-pocatek-konce-se-vrati-v-dubnu\/"]}]},{"@type":"ImageObject","inLanguage":"en-US","@id":"https:\/\/www.mzone.cz\/zivi-mrtvi-pocatek-konce-se-vrati-v-dubnu\/#primaryimage","url":"https:\/\/www.mzone.cz\/wp-content\/uploads\/2021\/01\/Zivi-mrtvi-scaled.jpg","contentUrl":"https:\/\/www.mzone.cz\/wp-content\/uploads\/2021\/01\/Zivi-mrtvi-scaled.jpg","width":2560,"height":1706,"caption":"\u017div\u00ed mrtv\u00ed"},{"@type":"BreadcrumbList","@id":"https:\/\/www.mzone.cz\/zivi-mrtvi-pocatek-konce-se-vrati-v-dubnu\/#breadcrumb","itemListElement":[{"@type":"ListItem","position":1,"name":"Dom\u016f","item":"https:\/\/www.mzone.cz\/"},{"@type":"ListItem","position":2,"name":"Seri\u00e1l \u017div\u00ed mrtv\u00ed: Po\u010d\u00e1tek konce se vr\u00e1t\u00ed v dubnu"}]},{"@type":"WebSite","@id":"https:\/\/www.mzone.cz\/#website","url":"https:\/\/www.mzone.cz\/","name":"Mzone","description":"Magaz\u00edn nejen pro mu\u017ee","potentialAction":[{"@type":"SearchAction","target":{"@type":"EntryPoint","urlTemplate":"https:\/\/www.mzone.cz\/?s={search_term_string}"},"query-input":{"@type":"PropertyValueSpecification","valueRequired":true,"valueName":"search_term_string"}}],"inLanguage":"en-US"},{"@type":"Person","@id":"https:\/\/www.mzone.cz\/#\/schema\/person\/9bc20cc422a99cac4af6ff9297da32d4","name":"Mzone","image":{"@type":"ImageObject","inLanguage":"en-US","@id":"https:\/\/secure.gravatar.com\/avatar\/e780a8630f3182a3d06dd667ab6bea151a0d155b0951bc15fe22633acdac0676?s=96&d=mm&r=g","url":"https:\/\/secure.gravatar.com\/avatar\/e780a8630f3182a3d06dd667ab6bea151a0d155b0951bc15fe22633acdac0676?s=96&d=mm&r=g","contentUrl":"https:\/\/secure.gravatar.com\/avatar\/e780a8630f3182a3d06dd667ab6bea151a0d155b0951bc15fe22633acdac0676?s=96&d=mm&r=g","caption":"Mzone"},"url":"https:\/\/www.mzone.cz\/en\/author\/jakub\/"}]}},"_links":{"self":[{"href":"https:\/\/www.mzone.cz\/en\/wp-json\/wp\/v2\/posts\/28521","targetHints":{"allow":["GET"]}}],"collection":[{"href":"https:\/\/www.mzone.cz\/en\/wp-json\/wp\/v2\/posts"}],"about":[{"href":"https:\/\/www.mzone.cz\/en\/wp-json\/wp\/v2\/types\/post"}],"author":[{"embeddable":true,"href":"https:\/\/www.mzone.cz\/en\/wp-json\/wp\/v2\/users\/4"}],"replies":[{"embeddable":true,"href":"https:\/\/www.mzone.cz\/en\/wp-json\/wp\/v2\/comments?post=28521"}],"version-history":[{"count":8,"href":"https:\/\/www.mzone.cz\/en\/wp-json\/wp\/v2\/posts\/28521\/revisions"}],"predecessor-version":[{"id":28537,"href":"https:\/\/www.mzone.cz\/en\/wp-json\/wp\/v2\/posts\/28521\/revisions\/28537"}],"wp:featuredmedia":[{"embeddable":true,"href":"https:\/\/www.mzone.cz\/en\/wp-json\/wp\/v2\/media\/28522"}],"wp:attachment":[{"href":"https:\/\/www.mzone.cz\/en\/wp-json\/wp\/v2\/media?parent=28521"}],"wp:term":[{"taxonomy":"category","embeddable":true,"href":"https:\/\/www.mzone.cz\/en\/wp-json\/wp\/v2\/categories?post=28521"},{"taxonomy":"post_tag","embeddable":true,"href":"https:\/\/www.mzone.cz\/en\/wp-json\/wp\/v2\/tags?post=28521"}],"curies":[{"name":"wp","href":"https:\/\/api.w.org\/{rel}","templated":true}]}}