{"id":28601,"date":"2021-01-31T05:00:00","date_gmt":"2021-01-31T04:00:00","guid":{"rendered":"https:\/\/www.mzone.cz\/?p=28601"},"modified":"2021-01-29T13:00:00","modified_gmt":"2021-01-29T12:00:00","slug":"elektrifikovane-kamiony-v-nemecku-uz-realita","status":"publish","type":"post","link":"https:\/\/www.mzone.cz\/en\/elektrifikovane-kamiony-v-nemecku-uz-realita\/","title":{"rendered":"Elektrifikovan\u00e9 kamiony? V N\u011bmecku u\u017e realita"},"content":{"rendered":"<p><strong>Prvn\u00ed testovac\u00ed elektrifikovan\u00fd \u00fasek v N\u011bmecku s aktu\u00e1ln\u00ed d\u00e9lkou p\u011bt kilometr\u016f na d\u00e1lnici A5 pobl\u00ed\u017e Frankfurtu bude d\u00e1le roz\u0161\u00ed\u0159en o t\u00e9m\u011b\u0159 sedm kilometr\u016f nadzemn\u00edho elektrick\u00e9ho veden\u00ed.<\/strong><\/p><br>\n\n\n\n<p>Spole\u010dnost Scania v t\u00e9to souvislosti dod\u00e1 dal\u0161\u00edch sedm n\u00e1kladn\u00edch vozidel, kter\u00e1 budou jezdit po t\u00e9to silnici. Elektrifikovan\u00e1 n\u00e1kladn\u00ed vozidla t\u00e9to zna\u010dky jsou ji\u017e pou\u017e\u00edv\u00e1na v L\u00fcbecku a po dokon\u010den\u00ed t\u0159et\u00ed testovac\u00ed trati jich bude nasazeno do provozu je\u0161t\u011b v\u00edce \u2013 celkem bude br\u00e1zdit elektrifikovan\u00e9 silnice a\u017e 22 n\u00e1kladn\u00edch vozidel.<\/p>\n\n\n\n<blockquote class=\"wp-block-quote is-layout-flow wp-block-quote-is-layout-flow\"><p>V sou\u010dasn\u00e9 dob\u011b prob\u00edh\u00e1 v N\u011bmecku zku\u0161ebn\u00ed provoz elektrifikovan\u00fdch n\u00e1kladn\u00edch vozidel na t\u0159ech \u00fasec\u00edch. Roz\u0161\u00ed\u0159en\u00ed d\u00e1lni\u010dn\u00edho \u00faseku A5 v Hesensku, kter\u00e9 by m\u011blo b\u00fdt dokon\u010deno do konce roku 2022, nab\u00eddne celkem dvan\u00e1ct kilometr\u016f ve sm\u011bru na Darmstadt a p\u011bt kilometr\u016f ve sm\u011bru na Frankfurt.<\/p><\/blockquote>\n\n\n\n<p>Denn\u011b t\u00edmto \u00fasekem projede 135 000 automobil\u016f v\u010detn\u011b 14 000 n\u00e1kladn\u00edch vozidel, co\u017e jej \u0159ad\u00ed mezi jeden z nejru\u0161n\u011bj\u0161\u00edch \u00fasek\u016f d\u00e1lnice v N\u011bmecku s nejv\u011bt\u0161\u00ed koncentrac\u00ed zne\u010di\u0161\u0165uj\u00edc\u00edch l\u00e1tek. D\u00e1lnice A5 p\u0159edstavuje jednu ze t\u0159\u00ed silnic s nadzemn\u00edm elektrick\u00fdm veden\u00edm v N\u011bmecku, na nich\u017e prob\u00edh\u00e1 zku\u0161ebn\u00ed provoz.<\/p><br>\n\n\n\n<figure class=\"wp-block-image size-large\"><img loading=\"lazy\" decoding=\"async\" width=\"768\" height=\"336\" src=\"https:\/\/www.mzone.cz\/wp-content\/uploads\/2021\/01\/image001.jpg\" alt=\"Elektrifikovan\u00e9 kamiony\" class=\"wp-image-28607\" srcset=\"https:\/\/www.mzone.cz\/wp-content\/uploads\/2021\/01\/image001.jpg 768w, https:\/\/www.mzone.cz\/wp-content\/uploads\/2021\/01\/image001-300x131.jpg 300w, https:\/\/www.mzone.cz\/wp-content\/uploads\/2021\/01\/image001-16x7.jpg 16w, https:\/\/www.mzone.cz\/wp-content\/uploads\/2021\/01\/image001-590x258.jpg 590w\" sizes=\"auto, (max-width: 768px) 100vw, 768px\" \/><\/figure><br>\n\n\n\n<p>Druh\u00fd d\u00e1lni\u010dn\u00ed \u00fasek byl otev\u0159en na konci roku 2019 pobl\u00ed\u017e L\u00fcbecku ve \u0160lesvicku-Hol\u0161t\u00fdnsku (A1) a v sou\u010dasn\u00e9 dob\u011b je na n\u011bm testov\u00e1no jedno n\u00e1kladn\u00ed vozidlo Scania. Posledn\u00ed zku\u0161ebn\u00ed provoz bude zah\u00e1jen v B\u00e1densku-W\u00fcrttembersku (B462) v pr\u016fb\u011bhu roku 2021.<\/p><br>\n\n\n\n<h2 class=\"wp-block-heading\"><strong>Zv\u00fd\u0161en\u00ed st\u00e1vaj\u00edc\u00edho po\u010dtu vozidel<\/strong><\/h2>\n\n\n\n<p>Scania ji\u017e d\u0159\u00edve dodala p\u011bt <a href=\"https:\/\/www.scania.com\/cz\/cs\/home\/products-and-services\/articles\/scania-r450-is-the-green-truck-2019.html\" target=\"_blank\" rel=\"noreferrer noopener\">hybridn\u00edch n\u00e1kladn\u00edch vozidel R 450<\/a> vybaven\u00fdch sb\u011bra\u010di, je\u017e jsou nasazena na d\u00e1lnici A5, kde p\u0159isp\u00edvaj\u00ed ke sn\u00ed\u017een\u00ed emis\u00ed uhl\u00edku. Krom\u011b toho se Scania star\u00e1 tak\u00e9 o \u00fadr\u017ebu vozidel a shroma\u017e\u010fov\u00e1n\u00ed dat ze zku\u0161ebn\u00edho provozu. Ned\u00e1vno bylo rozhodnuto, \u017ee Scania dod\u00e1 nejpozd\u011bji ve druh\u00e9 polovin\u011b roku 2022 dal\u0161\u00edch sedm n\u00e1kladn\u00edch vozidel.\u00a0<\/p>\n\n\n\n<blockquote class=\"wp-block-quote is-layout-flow wp-block-quote-is-layout-flow\"><p>Elektrifika\u010dn\u00ed syst\u00e9m vyvinut\u00fd spole\u010dnost\u00ed Siemens a pou\u017e\u00edvan\u00fd na t\u011bchto silnic\u00edch umo\u017e\u0148uje n\u00e1kladn\u00edm vozidl\u016fm jet rychlost\u00ed a\u017e 90 km\/h. Po opu\u0161t\u011bn\u00ed elektrifikovan\u00e9ho \u00faseku se jejich pohon p\u0159epne zp\u011bt na spalovac\u00ed motor, kter\u00fd by m\u011bl v ide\u00e1ln\u00edm p\u0159\u00edpad\u011b vyu\u017e\u00edvat bionaftu kv\u016fli dosa\u017een\u00ed v\u011bt\u0161\u00ed udr\u017eitelnosti.\u00a0<\/p><\/blockquote>\n\n\n\n<figure class=\"wp-block-image size-large\"><img loading=\"lazy\" decoding=\"async\" width=\"1024\" height=\"656\" src=\"https:\/\/www.mzone.cz\/wp-content\/uploads\/2021\/01\/image2-1024x656.jpeg\" alt=\"Elektrifikovan\u00e9 kamiony\" class=\"wp-image-28615\" srcset=\"https:\/\/www.mzone.cz\/wp-content\/uploads\/2021\/01\/image2-1024x656.jpeg 1024w, https:\/\/www.mzone.cz\/wp-content\/uploads\/2021\/01\/image2-300x192.jpeg 300w, https:\/\/www.mzone.cz\/wp-content\/uploads\/2021\/01\/image2-768x492.jpeg 768w, https:\/\/www.mzone.cz\/wp-content\/uploads\/2021\/01\/image2-16x10.jpeg 16w, https:\/\/www.mzone.cz\/wp-content\/uploads\/2021\/01\/image2-590x378.jpeg 590w, https:\/\/www.mzone.cz\/wp-content\/uploads\/2021\/01\/image2.jpeg 1404w\" sizes=\"auto, (max-width: 1024px) 100vw, 1024px\" \/><\/figure><br>\n\n\n\n<h2 class=\"wp-block-heading\"><strong>Ide\u00e1ln\u00ed pro n\u00e1kladn\u00ed vozidla<\/strong><\/h2>\n\n\n\n<p>\u201eNa rozd\u00edl od osobn\u00edch automobil\u016f, kter\u00e9 z\u016fst\u00e1vaj\u00ed v\u011bt\u0161inu dne nehybn\u011b zaparkov\u00e1ny, vykon\u00e1vaj\u00ed n\u00e1kladn\u00ed vozidla r\u016fzn\u00e9 dopravn\u00ed operace po mnoho hodin, p\u0159i\u010dem\u017e nutnost zastaven\u00ed za \u00fa\u010delem nabit\u00ed by mohla jejich provoz velmi naru\u0161ovat. Elektrifikovan\u00e9 silnice nab\u00edzej\u00ed rozumn\u00e9 a efektivn\u00ed nab\u00edjen\u00ed b\u011bhem cest. I kdy\u017e se z technick\u00e9ho hlediska jedn\u00e1 jen o dal\u0161\u00ed zp\u016fsob nab\u00edjen\u00ed elektrick\u00fdch n\u00e1kladn\u00edch vozidel, m\u016f\u017ee b\u00fdt toto \u0159e\u0161en\u00ed vhodn\u00e9 zejm\u00e9na na siln\u011b frekventovan\u00fdch silnic\u00edch. Nav\u00edc tak\u00e9 \u0161et\u0159\u00ed akumul\u00e1tory a sni\u017euje zat\u00ed\u017een\u00ed energetick\u00e9 s\u00edt\u011b,\u201c \u0159\u00edk\u00e1 Magnus H\u00f6glund, vedouc\u00ed pro \u0159e\u0161en\u00ed infrastruktury a nab\u00edjen\u00ed ve spole\u010dnosti Scania.<\/p><br>\n\n\n\n<p>Podle n\u011bkolika studi\u00ed jsou elektrifikovan\u00e9 silnice alternativou, kter\u00e1 pom\u016f\u017ee v\u00fdrazn\u011b sn\u00ed\u017eit emise CO2. Technologie elektrifikovan\u00fdch silnic je proto jednou ze sou\u010d\u00e1st\u00ed \u0159e\u0161en\u00ed udr\u017eiteln\u00e9 dopravy.<\/p><br>\n\n\n\n<div class=\"wp-block-media-text alignwide is-stacked-on-mobile is-vertically-aligned-top\" style=\"grid-template-columns:23% auto\"><figure class=\"wp-block-media-text__media\"><a href=\"https:\/\/www.mzone.cz\/elektromobilita-elektricky-po-zemi-po-vode-i-vzduchem\/\"><img loading=\"lazy\" decoding=\"async\" width=\"1024\" height=\"683\" src=\"https:\/\/www.mzone.cz\/wp-content\/uploads\/2019\/12\/Elektrick\u00e1-doprava-1024x683.jpg\" alt=\"\" class=\"wp-image-15406 size-full\" srcset=\"https:\/\/www.mzone.cz\/wp-content\/uploads\/2019\/12\/Elektrick\u00e1-doprava-1024x683.jpg 1024w, https:\/\/www.mzone.cz\/wp-content\/uploads\/2019\/12\/Elektrick\u00e1-doprava-300x200.jpg 300w, https:\/\/www.mzone.cz\/wp-content\/uploads\/2019\/12\/Elektrick\u00e1-doprava-768x512.jpg 768w, https:\/\/www.mzone.cz\/wp-content\/uploads\/2019\/12\/Elektrick\u00e1-doprava-800x533.jpg 800w, https:\/\/www.mzone.cz\/wp-content\/uploads\/2019\/12\/Elektrick\u00e1-doprava-400x267.jpg 400w, https:\/\/www.mzone.cz\/wp-content\/uploads\/2019\/12\/Elektrick\u00e1-doprava-500x333.jpg 500w, https:\/\/www.mzone.cz\/wp-content\/uploads\/2019\/12\/Elektrick\u00e1-doprava-590x393.jpg 590w, https:\/\/www.mzone.cz\/wp-content\/uploads\/2019\/12\/Elektrick\u00e1-doprava.jpg 1095w\" sizes=\"auto, (max-width: 1024px) 100vw, 1024px\" \/><\/a><\/figure><div class=\"wp-block-media-text__content\">\n<h4><a href=\"https:\/\/www.mzone.cz\/elektromobilita-elektricky-po-zemi-po-vode-i-vzduchem\/\">Doba elektrick\u00e1? Elektricky nejen po zemi, ale i po vod\u011b nebo vzduchem<\/a><\/h4><br>\n<\/div><\/div>","protected":false},"excerpt":{"rendered":"<p>Prvn\u00ed testovac\u00ed elektrifikovan\u00fd \u00fasek v N\u011bmecku s aktu\u00e1ln\u00ed d\u00e9lkou p\u011bt kilometr\u016f na d\u00e1lnici A5 pobl\u00ed\u017e Frankfurtu bude d\u00e1le roz\u0161\u00ed\u0159en o t\u00e9m\u011b\u0159 sedm kilometr\u016f nadzemn\u00edho elektrick\u00e9ho veden\u00ed. Spole\u010dnost Scania v t\u00e9to souvislosti dod\u00e1 dal\u0161\u00edch sedm n\u00e1kladn\u00edch vozidel, kter\u00e1 budou jezdit po t\u00e9to silnici. Elektrifikovan\u00e1 n\u00e1kladn\u00ed vozidla t\u00e9to zna\u010dky jsou ji\u017e pou\u017e\u00edv\u00e1na v L\u00fcbecku a po dokon\u010den\u00ed [&hellip;]<\/p>\n","protected":false},"author":4,"featured_media":28602,"comment_status":"open","ping_status":"closed","sticky":false,"template":"","format":"standard","meta":{"kk_blocks_editor_width":"","_kiokenblocks_attr":"","_kiokenblocks_dimensions":"","footnotes":""},"categories":[69],"tags":[585,82,462,1675,751,605,4710,3041,692,4707,4708,4709,625,4711],"class_list":["post-28601","post","type-post","status-publish","format-standard","has-post-thumbnail","hentry","category-auto-moto","tag-auta","tag-auto","tag-auto-moto","tag-dalnice","tag-doprava","tag-elektrifikace","tag-elektrifikovane-kamiony","tag-elektrina","tag-elektromobilita","tag-kamion","tag-kamiony","tag-nakladni-doprava","tag-nemecko","tag-scania"],"yoast_head":"<!-- This site is optimized with the Yoast SEO plugin v27.5 - https:\/\/yoast.com\/product\/yoast-seo-wordpress\/ -->\n<title>Elektrifikovan\u00e9 kamiony? V N\u011bmecku u\u017e realita - Mzone<\/title>\n<meta name=\"description\" content=\"Prvn\u00ed testovac\u00ed elektrifikovan\u00fd \u00fasek v N\u011bmecku s aktu\u00e1ln\u00ed d\u00e9lkou p\u011bt kilometr\u016f na d\u00e1lnici A5 pobl\u00ed\u017e Frankfurtu bude d\u00e1le roz\u0161\u00ed\u0159en o t\u00e9m\u011b\u0159 sedm kilometr\u016f nadzemn\u00edho elektrick\u00e9ho veden\u00ed.\" \/>\n<meta name=\"robots\" content=\"index, follow, max-snippet:-1, max-image-preview:large, max-video-preview:-1\" \/>\n<link rel=\"canonical\" href=\"https:\/\/www.mzone.cz\/en\/elektrifikovane-kamiony-v-nemecku-uz-realita\/\" \/>\n<meta property=\"og:locale\" content=\"en_US\" \/>\n<meta property=\"og:type\" content=\"article\" \/>\n<meta property=\"og:title\" content=\"Elektrifikovan\u00e9 kamiony? V N\u011bmecku u\u017e realita - Mzone\" \/>\n<meta property=\"og:description\" content=\"Prvn\u00ed testovac\u00ed elektrifikovan\u00fd \u00fasek v N\u011bmecku s aktu\u00e1ln\u00ed d\u00e9lkou p\u011bt kilometr\u016f na d\u00e1lnici A5 pobl\u00ed\u017e Frankfurtu bude d\u00e1le roz\u0161\u00ed\u0159en o t\u00e9m\u011b\u0159 sedm kilometr\u016f nadzemn\u00edho elektrick\u00e9ho veden\u00ed.\" \/>\n<meta property=\"og:url\" content=\"https:\/\/www.mzone.cz\/en\/elektrifikovane-kamiony-v-nemecku-uz-realita\/\" \/>\n<meta property=\"og:site_name\" content=\"Mzone\" \/>\n<meta property=\"article:publisher\" content=\"https:\/\/www.facebook.com\/MzoneCZ\/\" \/>\n<meta property=\"article:published_time\" content=\"2021-01-31T04:00:00+00:00\" \/>\n<meta property=\"og:image\" content=\"https:\/\/www.mzone.cz\/wp-content\/uploads\/2021\/01\/Elektrifikovane-kamiony-scaled.jpg\" \/>\n\t<meta property=\"og:image:width\" content=\"2560\" \/>\n\t<meta property=\"og:image:height\" content=\"1707\" \/>\n\t<meta property=\"og:image:type\" content=\"image\/jpeg\" \/>\n<meta name=\"author\" content=\"Mzone\" \/>\n<meta name=\"twitter:card\" content=\"summary_large_image\" \/>\n<meta name=\"twitter:label1\" content=\"Written by\" \/>\n\t<meta name=\"twitter:data1\" content=\"Mzone\" \/>\n\t<meta name=\"twitter:label2\" content=\"Est. reading time\" \/>\n\t<meta name=\"twitter:data2\" content=\"3 minutes\" \/>\n<script type=\"application\/ld+json\" class=\"yoast-schema-graph\">{\"@context\":\"https:\\\/\\\/schema.org\",\"@graph\":[{\"@type\":\"Article\",\"@id\":\"https:\\\/\\\/www.mzone.cz\\\/elektrifikovane-kamiony-v-nemecku-uz-realita\\\/#article\",\"isPartOf\":{\"@id\":\"https:\\\/\\\/www.mzone.cz\\\/elektrifikovane-kamiony-v-nemecku-uz-realita\\\/\"},\"author\":{\"name\":\"Mzone\",\"@id\":\"https:\\\/\\\/www.mzone.cz\\\/#\\\/schema\\\/person\\\/9bc20cc422a99cac4af6ff9297da32d4\"},\"headline\":\"Elektrifikovan\u00e9 kamiony? V N\u011bmecku u\u017e realita\",\"datePublished\":\"2021-01-31T04:00:00+00:00\",\"mainEntityOfPage\":{\"@id\":\"https:\\\/\\\/www.mzone.cz\\\/elektrifikovane-kamiony-v-nemecku-uz-realita\\\/\"},\"wordCount\":615,\"commentCount\":1,\"image\":{\"@id\":\"https:\\\/\\\/www.mzone.cz\\\/elektrifikovane-kamiony-v-nemecku-uz-realita\\\/#primaryimage\"},\"thumbnailUrl\":\"https:\\\/\\\/www.mzone.cz\\\/wp-content\\\/uploads\\\/2021\\\/01\\\/Elektrifikovane-kamiony-scaled.jpg\",\"keywords\":[\"auta\",\"Auto\",\"auto-moto\",\"d\u00e1lnice\",\"doprava\",\"elektrifikace\",\"elektrifikovan\u00e9 kamiony\",\"elekt\u0159ina\",\"elektromobilita\",\"kamion\",\"kamiony\",\"n\u00e1kladn\u00ed doprava\",\"N\u011bmecko\",\"Scania\"],\"articleSection\":[\"Auto-moto\"],\"inLanguage\":\"en-US\",\"potentialAction\":[{\"@type\":\"CommentAction\",\"name\":\"Comment\",\"target\":[\"https:\\\/\\\/www.mzone.cz\\\/elektrifikovane-kamiony-v-nemecku-uz-realita\\\/#respond\"]}]},{\"@type\":\"WebPage\",\"@id\":\"https:\\\/\\\/www.mzone.cz\\\/elektrifikovane-kamiony-v-nemecku-uz-realita\\\/\",\"url\":\"https:\\\/\\\/www.mzone.cz\\\/elektrifikovane-kamiony-v-nemecku-uz-realita\\\/\",\"name\":\"Elektrifikovan\u00e9 kamiony? V N\u011bmecku u\u017e realita - Mzone\",\"isPartOf\":{\"@id\":\"https:\\\/\\\/www.mzone.cz\\\/#website\"},\"primaryImageOfPage\":{\"@id\":\"https:\\\/\\\/www.mzone.cz\\\/elektrifikovane-kamiony-v-nemecku-uz-realita\\\/#primaryimage\"},\"image\":{\"@id\":\"https:\\\/\\\/www.mzone.cz\\\/elektrifikovane-kamiony-v-nemecku-uz-realita\\\/#primaryimage\"},\"thumbnailUrl\":\"https:\\\/\\\/www.mzone.cz\\\/wp-content\\\/uploads\\\/2021\\\/01\\\/Elektrifikovane-kamiony-scaled.jpg\",\"datePublished\":\"2021-01-31T04:00:00+00:00\",\"author\":{\"@id\":\"https:\\\/\\\/www.mzone.cz\\\/#\\\/schema\\\/person\\\/9bc20cc422a99cac4af6ff9297da32d4\"},\"description\":\"Prvn\u00ed testovac\u00ed elektrifikovan\u00fd \u00fasek v N\u011bmecku s aktu\u00e1ln\u00ed d\u00e9lkou p\u011bt kilometr\u016f na d\u00e1lnici A5 pobl\u00ed\u017e Frankfurtu bude d\u00e1le roz\u0161\u00ed\u0159en o t\u00e9m\u011b\u0159 sedm kilometr\u016f nadzemn\u00edho elektrick\u00e9ho veden\u00ed.\",\"breadcrumb\":{\"@id\":\"https:\\\/\\\/www.mzone.cz\\\/elektrifikovane-kamiony-v-nemecku-uz-realita\\\/#breadcrumb\"},\"inLanguage\":\"en-US\",\"potentialAction\":[{\"@type\":\"ReadAction\",\"target\":[\"https:\\\/\\\/www.mzone.cz\\\/elektrifikovane-kamiony-v-nemecku-uz-realita\\\/\"]}]},{\"@type\":\"ImageObject\",\"inLanguage\":\"en-US\",\"@id\":\"https:\\\/\\\/www.mzone.cz\\\/elektrifikovane-kamiony-v-nemecku-uz-realita\\\/#primaryimage\",\"url\":\"https:\\\/\\\/www.mzone.cz\\\/wp-content\\\/uploads\\\/2021\\\/01\\\/Elektrifikovane-kamiony-scaled.jpg\",\"contentUrl\":\"https:\\\/\\\/www.mzone.cz\\\/wp-content\\\/uploads\\\/2021\\\/01\\\/Elektrifikovane-kamiony-scaled.jpg\",\"width\":2560,\"height\":1707,\"caption\":\"Elektrifikovan\u00e9 kamiony\"},{\"@type\":\"BreadcrumbList\",\"@id\":\"https:\\\/\\\/www.mzone.cz\\\/elektrifikovane-kamiony-v-nemecku-uz-realita\\\/#breadcrumb\",\"itemListElement\":[{\"@type\":\"ListItem\",\"position\":1,\"name\":\"Dom\u016f\",\"item\":\"https:\\\/\\\/www.mzone.cz\\\/\"},{\"@type\":\"ListItem\",\"position\":2,\"name\":\"Elektrifikovan\u00e9 kamiony? V N\u011bmecku u\u017e realita\"}]},{\"@type\":\"WebSite\",\"@id\":\"https:\\\/\\\/www.mzone.cz\\\/#website\",\"url\":\"https:\\\/\\\/www.mzone.cz\\\/\",\"name\":\"Mzone\",\"description\":\"Magaz\u00edn nejen pro mu\u017ee\",\"potentialAction\":[{\"@type\":\"SearchAction\",\"target\":{\"@type\":\"EntryPoint\",\"urlTemplate\":\"https:\\\/\\\/www.mzone.cz\\\/?s={search_term_string}\"},\"query-input\":{\"@type\":\"PropertyValueSpecification\",\"valueRequired\":true,\"valueName\":\"search_term_string\"}}],\"inLanguage\":\"en-US\"},{\"@type\":\"Person\",\"@id\":\"https:\\\/\\\/www.mzone.cz\\\/#\\\/schema\\\/person\\\/9bc20cc422a99cac4af6ff9297da32d4\",\"name\":\"Mzone\",\"image\":{\"@type\":\"ImageObject\",\"inLanguage\":\"en-US\",\"@id\":\"https:\\\/\\\/secure.gravatar.com\\\/avatar\\\/e780a8630f3182a3d06dd667ab6bea151a0d155b0951bc15fe22633acdac0676?s=96&d=mm&r=g\",\"url\":\"https:\\\/\\\/secure.gravatar.com\\\/avatar\\\/e780a8630f3182a3d06dd667ab6bea151a0d155b0951bc15fe22633acdac0676?s=96&d=mm&r=g\",\"contentUrl\":\"https:\\\/\\\/secure.gravatar.com\\\/avatar\\\/e780a8630f3182a3d06dd667ab6bea151a0d155b0951bc15fe22633acdac0676?s=96&d=mm&r=g\",\"caption\":\"Mzone\"},\"url\":\"https:\\\/\\\/www.mzone.cz\\\/en\\\/author\\\/jakub\\\/\"}]}<\/script>\n<!-- \/ Yoast SEO plugin. -->","yoast_head_json":{"title":"Elektrifikovan\u00e9 kamiony? V N\u011bmecku u\u017e realita - Mzone","description":"Prvn\u00ed testovac\u00ed elektrifikovan\u00fd \u00fasek v N\u011bmecku s aktu\u00e1ln\u00ed d\u00e9lkou p\u011bt kilometr\u016f na d\u00e1lnici A5 pobl\u00ed\u017e Frankfurtu bude d\u00e1le roz\u0161\u00ed\u0159en o t\u00e9m\u011b\u0159 sedm kilometr\u016f nadzemn\u00edho elektrick\u00e9ho veden\u00ed.","robots":{"index":"index","follow":"follow","max-snippet":"max-snippet:-1","max-image-preview":"max-image-preview:large","max-video-preview":"max-video-preview:-1"},"canonical":"https:\/\/www.mzone.cz\/en\/elektrifikovane-kamiony-v-nemecku-uz-realita\/","og_locale":"en_US","og_type":"article","og_title":"Elektrifikovan\u00e9 kamiony? V N\u011bmecku u\u017e realita - Mzone","og_description":"Prvn\u00ed testovac\u00ed elektrifikovan\u00fd \u00fasek v N\u011bmecku s aktu\u00e1ln\u00ed d\u00e9lkou p\u011bt kilometr\u016f na d\u00e1lnici A5 pobl\u00ed\u017e Frankfurtu bude d\u00e1le roz\u0161\u00ed\u0159en o t\u00e9m\u011b\u0159 sedm kilometr\u016f nadzemn\u00edho elektrick\u00e9ho veden\u00ed.","og_url":"https:\/\/www.mzone.cz\/en\/elektrifikovane-kamiony-v-nemecku-uz-realita\/","og_site_name":"Mzone","article_publisher":"https:\/\/www.facebook.com\/MzoneCZ\/","article_published_time":"2021-01-31T04:00:00+00:00","og_image":[{"width":2560,"height":1707,"url":"https:\/\/www.mzone.cz\/wp-content\/uploads\/2021\/01\/Elektrifikovane-kamiony-scaled.jpg","type":"image\/jpeg"}],"author":"Mzone","twitter_card":"summary_large_image","twitter_misc":{"Written by":"Mzone","Est. reading time":"3 minutes"},"schema":{"@context":"https:\/\/schema.org","@graph":[{"@type":"Article","@id":"https:\/\/www.mzone.cz\/elektrifikovane-kamiony-v-nemecku-uz-realita\/#article","isPartOf":{"@id":"https:\/\/www.mzone.cz\/elektrifikovane-kamiony-v-nemecku-uz-realita\/"},"author":{"name":"Mzone","@id":"https:\/\/www.mzone.cz\/#\/schema\/person\/9bc20cc422a99cac4af6ff9297da32d4"},"headline":"Elektrifikovan\u00e9 kamiony? V N\u011bmecku u\u017e realita","datePublished":"2021-01-31T04:00:00+00:00","mainEntityOfPage":{"@id":"https:\/\/www.mzone.cz\/elektrifikovane-kamiony-v-nemecku-uz-realita\/"},"wordCount":615,"commentCount":1,"image":{"@id":"https:\/\/www.mzone.cz\/elektrifikovane-kamiony-v-nemecku-uz-realita\/#primaryimage"},"thumbnailUrl":"https:\/\/www.mzone.cz\/wp-content\/uploads\/2021\/01\/Elektrifikovane-kamiony-scaled.jpg","keywords":["auta","Auto","auto-moto","d\u00e1lnice","doprava","elektrifikace","elektrifikovan\u00e9 kamiony","elekt\u0159ina","elektromobilita","kamion","kamiony","n\u00e1kladn\u00ed doprava","N\u011bmecko","Scania"],"articleSection":["Auto-moto"],"inLanguage":"en-US","potentialAction":[{"@type":"CommentAction","name":"Comment","target":["https:\/\/www.mzone.cz\/elektrifikovane-kamiony-v-nemecku-uz-realita\/#respond"]}]},{"@type":"WebPage","@id":"https:\/\/www.mzone.cz\/elektrifikovane-kamiony-v-nemecku-uz-realita\/","url":"https:\/\/www.mzone.cz\/elektrifikovane-kamiony-v-nemecku-uz-realita\/","name":"Elektrifikovan\u00e9 kamiony? V N\u011bmecku u\u017e realita - Mzone","isPartOf":{"@id":"https:\/\/www.mzone.cz\/#website"},"primaryImageOfPage":{"@id":"https:\/\/www.mzone.cz\/elektrifikovane-kamiony-v-nemecku-uz-realita\/#primaryimage"},"image":{"@id":"https:\/\/www.mzone.cz\/elektrifikovane-kamiony-v-nemecku-uz-realita\/#primaryimage"},"thumbnailUrl":"https:\/\/www.mzone.cz\/wp-content\/uploads\/2021\/01\/Elektrifikovane-kamiony-scaled.jpg","datePublished":"2021-01-31T04:00:00+00:00","author":{"@id":"https:\/\/www.mzone.cz\/#\/schema\/person\/9bc20cc422a99cac4af6ff9297da32d4"},"description":"Prvn\u00ed testovac\u00ed elektrifikovan\u00fd \u00fasek v N\u011bmecku s aktu\u00e1ln\u00ed d\u00e9lkou p\u011bt kilometr\u016f na d\u00e1lnici A5 pobl\u00ed\u017e Frankfurtu bude d\u00e1le roz\u0161\u00ed\u0159en o t\u00e9m\u011b\u0159 sedm kilometr\u016f nadzemn\u00edho elektrick\u00e9ho veden\u00ed.","breadcrumb":{"@id":"https:\/\/www.mzone.cz\/elektrifikovane-kamiony-v-nemecku-uz-realita\/#breadcrumb"},"inLanguage":"en-US","potentialAction":[{"@type":"ReadAction","target":["https:\/\/www.mzone.cz\/elektrifikovane-kamiony-v-nemecku-uz-realita\/"]}]},{"@type":"ImageObject","inLanguage":"en-US","@id":"https:\/\/www.mzone.cz\/elektrifikovane-kamiony-v-nemecku-uz-realita\/#primaryimage","url":"https:\/\/www.mzone.cz\/wp-content\/uploads\/2021\/01\/Elektrifikovane-kamiony-scaled.jpg","contentUrl":"https:\/\/www.mzone.cz\/wp-content\/uploads\/2021\/01\/Elektrifikovane-kamiony-scaled.jpg","width":2560,"height":1707,"caption":"Elektrifikovan\u00e9 kamiony"},{"@type":"BreadcrumbList","@id":"https:\/\/www.mzone.cz\/elektrifikovane-kamiony-v-nemecku-uz-realita\/#breadcrumb","itemListElement":[{"@type":"ListItem","position":1,"name":"Dom\u016f","item":"https:\/\/www.mzone.cz\/"},{"@type":"ListItem","position":2,"name":"Elektrifikovan\u00e9 kamiony? V N\u011bmecku u\u017e realita"}]},{"@type":"WebSite","@id":"https:\/\/www.mzone.cz\/#website","url":"https:\/\/www.mzone.cz\/","name":"Mzone","description":"Magaz\u00edn nejen pro mu\u017ee","potentialAction":[{"@type":"SearchAction","target":{"@type":"EntryPoint","urlTemplate":"https:\/\/www.mzone.cz\/?s={search_term_string}"},"query-input":{"@type":"PropertyValueSpecification","valueRequired":true,"valueName":"search_term_string"}}],"inLanguage":"en-US"},{"@type":"Person","@id":"https:\/\/www.mzone.cz\/#\/schema\/person\/9bc20cc422a99cac4af6ff9297da32d4","name":"Mzone","image":{"@type":"ImageObject","inLanguage":"en-US","@id":"https:\/\/secure.gravatar.com\/avatar\/e780a8630f3182a3d06dd667ab6bea151a0d155b0951bc15fe22633acdac0676?s=96&d=mm&r=g","url":"https:\/\/secure.gravatar.com\/avatar\/e780a8630f3182a3d06dd667ab6bea151a0d155b0951bc15fe22633acdac0676?s=96&d=mm&r=g","contentUrl":"https:\/\/secure.gravatar.com\/avatar\/e780a8630f3182a3d06dd667ab6bea151a0d155b0951bc15fe22633acdac0676?s=96&d=mm&r=g","caption":"Mzone"},"url":"https:\/\/www.mzone.cz\/en\/author\/jakub\/"}]}},"_links":{"self":[{"href":"https:\/\/www.mzone.cz\/en\/wp-json\/wp\/v2\/posts\/28601","targetHints":{"allow":["GET"]}}],"collection":[{"href":"https:\/\/www.mzone.cz\/en\/wp-json\/wp\/v2\/posts"}],"about":[{"href":"https:\/\/www.mzone.cz\/en\/wp-json\/wp\/v2\/types\/post"}],"author":[{"embeddable":true,"href":"https:\/\/www.mzone.cz\/en\/wp-json\/wp\/v2\/users\/4"}],"replies":[{"embeddable":true,"href":"https:\/\/www.mzone.cz\/en\/wp-json\/wp\/v2\/comments?post=28601"}],"version-history":[{"count":13,"href":"https:\/\/www.mzone.cz\/en\/wp-json\/wp\/v2\/posts\/28601\/revisions"}],"predecessor-version":[{"id":28622,"href":"https:\/\/www.mzone.cz\/en\/wp-json\/wp\/v2\/posts\/28601\/revisions\/28622"}],"wp:featuredmedia":[{"embeddable":true,"href":"https:\/\/www.mzone.cz\/en\/wp-json\/wp\/v2\/media\/28602"}],"wp:attachment":[{"href":"https:\/\/www.mzone.cz\/en\/wp-json\/wp\/v2\/media?parent=28601"}],"wp:term":[{"taxonomy":"category","embeddable":true,"href":"https:\/\/www.mzone.cz\/en\/wp-json\/wp\/v2\/categories?post=28601"},{"taxonomy":"post_tag","embeddable":true,"href":"https:\/\/www.mzone.cz\/en\/wp-json\/wp\/v2\/tags?post=28601"}],"curies":[{"name":"wp","href":"https:\/\/api.w.org\/{rel}","templated":true}]}}