{"id":28898,"date":"2021-04-01T05:00:00","date_gmt":"2021-04-01T03:00:00","guid":{"rendered":"https:\/\/www.mzone.cz\/?p=28898"},"modified":"2021-02-05T15:53:58","modified_gmt":"2021-02-05T14:53:58","slug":"auto-je-pro-mlade-lidi-stale-dulezitejsi-ukazuje-pruzkum","status":"publish","type":"post","link":"https:\/\/www.mzone.cz\/en\/auto-je-pro-mlade-lidi-stale-dulezitejsi-ukazuje-pruzkum\/","title":{"rendered":"Auto je pro mlad\u00e9 lidi st\u00e1le d\u016fle\u017eit\u011bj\u0161\u00ed, ukazuje nov\u00fd pr\u016fzkum"},"content":{"rendered":"<p><strong>Pandemie koronaviru nucen\u011b napom\u00e1h\u00e1 tomu, \u017ee se lid\u00e9 st\u00e1hnou mezi sv\u00e9 \u010dty\u0159i st\u011bny. Toto takzvan\u00e9 \u201ezakuklov\u00e1n\u00ed\u201c lze ale pozorovat tak\u00e9 na silnici. Jak ukazuje nov\u00e1 reprezentativn\u00ed studie institutu pro pr\u016fzkum trhu Innofact, mnoho lid\u00ed se tv\u00e1\u0159\u00ed v tv\u00e1\u0159 pandemii c\u00edt\u00ed v aut\u011b v\u00fdrazn\u011b l\u00e9pe ne\u017e ve ve\u0159ejn\u00fdch dopravn\u00edch prost\u0159edc\u00edch, a vyu\u017e\u00edvaj\u00ed ho proto v\u00edce. Zvl\u00e1\u0161\u0165 n\u00e1padn\u00e9 je, \u017ee nejsiln\u011bji se tento trend pro sv\u00e1 vlastn\u00ed \u010dty\u0159i kola projevuje u lid\u00ed ve v\u011bku 18 a\u017e 39 let.<\/strong><\/p><br>\n\n\n\n<p>V r\u00e1mci studie zadan\u00e9 <a href=\"https:\/\/www.kia.com\/eu\/\" target=\"_blank\" rel=\"noreferrer noopener\">automobilkou Kia<\/a> bylo v prosinci 2020 online dot\u00e1z\u00e1no 1000 \u0159idi\u010dek a \u0159idi\u010d\u016f z cel\u00e9ho N\u011bmecka.<\/p>\n\n\n\n<blockquote class=\"wp-block-quote is-layout-flow wp-block-quote-is-layout-flow\"><p>27 % dot\u00e1zan\u00fdch pou\u017e\u00edv\u00e1 od za\u010d\u00e1tku pandemie auto v\u00edce, aby se vyhnulo j\u00edzd\u011b ve ve\u0159ejn\u00fdch dopravn\u00edch prost\u0159edc\u00edch. U 18 &#8211; 39let\u00fdch je to dokonce 37 %.<\/p><\/blockquote>\n\n\n\n<p>Nav\u00edc se vyu\u017e\u00edv\u00e1n\u00ed automobilu zm\u011bnilo, jak uvedlo 39 % \u00fa\u010dastn\u00edk\u016f studie. U mlad\u0161\u00edch se to t\u00fdkalo v\u00edce ne\u017e jedn\u00e9 poloviny (51 %). Uv\u00e1d\u011bli, \u017ee auto pou\u017e\u00edvaj\u00ed v\u00edce pro cesty, kter\u00e9 d\u0159\u00edve zdol\u00e1vali prost\u0159ednictv\u00edm ve\u0159ejn\u00fdch dopravn\u00edch prost\u0159edk\u016f, nap\u0159. pro j\u00edzdy na n\u00e1kupy (kolem 26 %) nebo pro j\u00edzdy do pr\u00e1ce (24 %).<\/p><br>\n\n\n\n<figure class=\"wp-block-image size-large\"><img loading=\"lazy\" decoding=\"async\" width=\"1024\" height=\"668\" src=\"https:\/\/www.mzone.cz\/wp-content\/uploads\/2021\/02\/Mladi-lide-v-aute-1024x668.jpg\" alt=\"Mlad\u00ed lid\u00e9 vyu\u017e\u00edvaj\u00ed auto \u010d\u00edm d\u00e1l v\u00edc, ukazuje pr\u016fzkum\" class=\"wp-image-28905\" srcset=\"https:\/\/www.mzone.cz\/wp-content\/uploads\/2021\/02\/Mladi-lide-v-aute-1024x668.jpg 1024w, https:\/\/www.mzone.cz\/wp-content\/uploads\/2021\/02\/Mladi-lide-v-aute-300x196.jpg 300w, https:\/\/www.mzone.cz\/wp-content\/uploads\/2021\/02\/Mladi-lide-v-aute-768x501.jpg 768w, https:\/\/www.mzone.cz\/wp-content\/uploads\/2021\/02\/Mladi-lide-v-aute-1536x1001.jpg 1536w, https:\/\/www.mzone.cz\/wp-content\/uploads\/2021\/02\/Mladi-lide-v-aute-2048x1335.jpg 2048w, https:\/\/www.mzone.cz\/wp-content\/uploads\/2021\/02\/Mladi-lide-v-aute-16x10.jpg 16w, https:\/\/www.mzone.cz\/wp-content\/uploads\/2021\/02\/Mladi-lide-v-aute-590x385.jpg 590w\" sizes=\"auto, (max-width: 1024px) 100vw, 1024px\" \/><\/figure><br>\n\n\n\n<p>Zm\u011bna chov\u00e1n\u00ed v r\u00e1mci mobility se projevuje tak\u00e9 v dob\u011b vyu\u017e\u00edv\u00e1n\u00ed vozidla \u2013 p\u0159es omezen\u00ed ve\u0159ejn\u00e9ho \u017eivota a nar\u016fstaj\u00edc\u00edho objemu pr\u00e1ce na\u00a0home officu tr\u00e1v\u00ed 26 % dot\u00e1zan\u00fdch v aut\u011b v\u00edce \u010dasu ne\u017e p\u0159ed za\u010d\u00e1tkem pandemie. Mezi 18 -39let\u00fdmi se tento pod\u00edl pohybuje dokonce na 35 %. Pouze 19 % v\u0161ech \u00fa\u010dastn\u00edk\u016f studie se ve vozidle zdr\u017euje m\u00e9n\u011b ne\u017e d\u0159\u00edve, u 55 % z\u016fstala tato doba zhruba na stejn\u00e9 \u00farovni.<\/p><br>\n\n\n\n<h2 class=\"wp-block-heading\"><strong>Auto jako o\u00e1za dobr\u00e9ho pocitu<\/strong><strong><\/strong><\/h2>\n\n\n\n<p>Ze studie tak\u00e9 v\u00fdrazn\u011b vypl\u00fdv\u00e1, co je hlavn\u00edm d\u016fvodem pro intenzivn\u011bj\u0161\u00ed pou\u017e\u00edv\u00e1n\u00ed automobil\u016f. Tv\u00e1\u0159\u00ed v tv\u00e1\u0159 koronakrizi se v\u00edce ne\u017e polovina dot\u00e1zan\u00fdch (53 %) c\u00edt\u00ed v aut\u011b l\u00e9pe. U 18 &#8211; 39let\u00fdch je to je\u0161t\u011b ve vy\u0161\u0161\u00ed m\u00ed\u0159e (58 %). Pouze 2 % v\u0161ech \u00fa\u010dastn\u00edk\u016f studie se v aut\u011b c\u00edt\u00ed m\u00e9n\u011b dob\u0159e ne\u017e v dob\u011b p\u0159ed pandemi\u00ed.<\/p>\n\n\n\n<blockquote class=\"wp-block-quote is-layout-flow wp-block-quote-is-layout-flow\"><p>P\u0159i ot\u00e1zce, \u010d\u00edm by se dobr\u00fd pocit v aut\u011b dal je\u0161t\u011b vylep\u0161it, je dobr\u00e1 hudba na prvn\u00edm m\u00edst\u011b (62 %). Vysokou m\u00edru v\u00fdznamnosti maj\u00ed pohodln\u00e1 m\u00edsta k sezen\u00ed (51 %), dostatek m\u00edsta (46 %) a tak\u00e9 mo\u017enost u\u017e\u00edt si klid (47 %).<\/p><\/blockquote>\n\n\n\n<p>Stejn\u00e9 faktory plat\u00ed i pro 18 &#8211; 39let\u00e9, jsou pro n\u011b ale je\u0161t\u011b d\u016fle\u017eit\u011bj\u0161\u00ed (hudba 74 %, sedadla 60 %, dostatek m\u00edsta 52 %, klid 53 %). K trendu \u201ezakuklov\u00e1n\u00ed\u201c na \u010dty\u0159ech kolech tak\u00e9 pat\u0159\u00ed to, \u017ee 24 % v\u0161ech dot\u00e1zan\u00fdch \u2013 a 39 % mlad\u0161\u00edch \u2013 si od za\u010d\u00e1tku pandemie koupilo v\u011bci, kter\u00e9 zkr\u00e1\u0161luj\u00ed interi\u00e9r automobilu nebo ho \u010din\u00ed \u00fatuln\u011bj\u0161\u00edm. Nej\u010dast\u011bji se p\u0159itom jednalo o p\u0159\u00edjemnou interi\u00e9rovou v\u016fni, n\u00e1sledovanou funk\u010dn\u00edmi a komfort zvy\u0161uj\u00edc\u00edmi prvky a\u017e po dekorativn\u00ed p\u0159\u00edslu\u0161enstv\u00ed, uk\u00e1zal pr\u016fzkum.<\/p><br>\n\n\n\n<div class=\"wp-block-media-text alignwide is-stacked-on-mobile is-vertically-aligned-top\" style=\"grid-template-columns:29% auto\"><figure class=\"wp-block-media-text__media\"><a href=\"https:\/\/www.mzone.cz\/mladi-radi-smiruji-sousedy\/\"><img loading=\"lazy\" decoding=\"async\" width=\"1024\" height=\"683\" src=\"https:\/\/www.mzone.cz\/wp-content\/uploads\/2020\/12\/Smirovani-sousedu-1024x683.jpg\" alt=\"\" class=\"wp-image-26121 size-full\" srcset=\"https:\/\/www.mzone.cz\/wp-content\/uploads\/2020\/12\/Smirovani-sousedu-1024x683.jpg 1024w, https:\/\/www.mzone.cz\/wp-content\/uploads\/2020\/12\/Smirovani-sousedu-300x200.jpg 300w, https:\/\/www.mzone.cz\/wp-content\/uploads\/2020\/12\/Smirovani-sousedu-768x512.jpg 768w, https:\/\/www.mzone.cz\/wp-content\/uploads\/2020\/12\/Smirovani-sousedu-1536x1024.jpg 1536w, https:\/\/www.mzone.cz\/wp-content\/uploads\/2020\/12\/Smirovani-sousedu-2048x1365.jpg 2048w, https:\/\/www.mzone.cz\/wp-content\/uploads\/2020\/12\/Smirovani-sousedu-16x12.jpg 16w, https:\/\/www.mzone.cz\/wp-content\/uploads\/2020\/12\/Smirovani-sousedu-800x533.jpg 800w, https:\/\/www.mzone.cz\/wp-content\/uploads\/2020\/12\/Smirovani-sousedu-400x267.jpg 400w, https:\/\/www.mzone.cz\/wp-content\/uploads\/2020\/12\/Smirovani-sousedu-500x333.jpg 500w, https:\/\/www.mzone.cz\/wp-content\/uploads\/2020\/12\/Smirovani-sousedu-1170x780.jpg 1170w, https:\/\/www.mzone.cz\/wp-content\/uploads\/2020\/12\/Smirovani-sousedu-590x393.jpg 590w\" sizes=\"auto, (max-width: 1024px) 100vw, 1024px\" \/><\/a><\/figure><div class=\"wp-block-media-text__content\">\n<h4><a href=\"https:\/\/www.mzone.cz\/mladi-radi-smiruji-sousedy\/\">Zv\u011bdav\u00e1 jak Keli\u0161ka? Pr\u016fzkum uk\u00e1zal, \u017ee mlad\u00ed \u0161m\u00edruj\u00ed v\u00edc ne\u017e sta\u0159\u00ed!<\/a><\/h4><br>\n<\/div><\/div>","protected":false},"excerpt":{"rendered":"<p>Pandemie koronaviru nucen\u011b napom\u00e1h\u00e1 tomu, \u017ee se lid\u00e9 st\u00e1hnou mezi sv\u00e9 \u010dty\u0159i st\u011bny. Toto takzvan\u00e9 \u201ezakuklov\u00e1n\u00ed\u201c lze ale pozorovat tak\u00e9 na silnici. Jak ukazuje nov\u00e1 reprezentativn\u00ed studie institutu pro pr\u016fzkum trhu Innofact, mnoho lid\u00ed se tv\u00e1\u0159\u00ed v tv\u00e1\u0159 pandemii c\u00edt\u00ed v aut\u011b v\u00fdrazn\u011b l\u00e9pe ne\u017e ve ve\u0159ejn\u00fdch dopravn\u00edch prost\u0159edc\u00edch, a vyu\u017e\u00edvaj\u00ed ho proto v\u00edce. Zvl\u00e1\u0161\u0165 [&hellip;]<\/p>\n","protected":false},"author":4,"featured_media":28900,"comment_status":"open","ping_status":"closed","sticky":false,"template":"","format":"standard","meta":{"kk_blocks_editor_width":"","_kiokenblocks_attr":"","_kiokenblocks_dimensions":"","footnotes":""},"categories":[69,25,64],"tags":[585,82,462,552,761,1042,3013,3560,1652,3571,1025,825,490,148,250],"class_list":["post-28898","post","type-post","status-publish","format-standard","has-post-thumbnail","hentry","category-auto-moto","category-style","category-trendy","tag-auta","tag-auto","tag-auto-moto","tag-automobily","tag-bezpeci","tag-chovani","tag-epidemie","tag-koronavirus","tag-mladi-lide","tag-pandemie","tag-preference","tag-pruzkum","tag-style","tag-trendy","tag-vyzkum"],"yoast_head":"<!-- This site is optimized with the Yoast SEO plugin v27.5 - https:\/\/yoast.com\/product\/yoast-seo-wordpress\/ -->\n<title>Auto je pro mlad\u00e9 lidi st\u00e1le d\u016fle\u017eit\u011bj\u0161\u00ed, ukazuje nov\u00fd pr\u016fzkum - Mzone<\/title>\n<meta name=\"description\" content=\"Jak ukazuje nov\u00e1 studie, mnoho lid\u00ed se tv\u00e1\u0159\u00ed v tv\u00e1\u0159 pandemii c\u00edt\u00ed v aut\u011b v\u00fdrazn\u011b l\u00e9pe ne\u017e ve ve\u0159ejn\u00fdch dopravn\u00edch prost\u0159edc\u00edch, a vyu\u017e\u00edvaj\u00ed ho proto v\u00edce. Zvl\u00e1\u0161\u0165 n\u00e1padn\u00e9 je, \u017ee nejsiln\u011bji se tento trend pro sv\u00e1 vlastn\u00ed \u010dty\u0159i kola projevuje u mlad\u00fdch lid\u00ed.\" \/>\n<meta name=\"robots\" content=\"index, follow, max-snippet:-1, max-image-preview:large, max-video-preview:-1\" \/>\n<link rel=\"canonical\" href=\"https:\/\/www.mzone.cz\/en\/auto-je-pro-mlade-lidi-stale-dulezitejsi-ukazuje-pruzkum\/\" \/>\n<meta property=\"og:locale\" content=\"en_US\" \/>\n<meta property=\"og:type\" content=\"article\" \/>\n<meta property=\"og:title\" content=\"Auto je pro mlad\u00e9 lidi st\u00e1le d\u016fle\u017eit\u011bj\u0161\u00ed, ukazuje nov\u00fd pr\u016fzkum - Mzone\" \/>\n<meta property=\"og:description\" content=\"Jak ukazuje nov\u00e1 studie, mnoho lid\u00ed se tv\u00e1\u0159\u00ed v tv\u00e1\u0159 pandemii c\u00edt\u00ed v aut\u011b v\u00fdrazn\u011b l\u00e9pe ne\u017e ve ve\u0159ejn\u00fdch dopravn\u00edch prost\u0159edc\u00edch, a vyu\u017e\u00edvaj\u00ed ho proto v\u00edce. Zvl\u00e1\u0161\u0165 n\u00e1padn\u00e9 je, \u017ee nejsiln\u011bji se tento trend pro sv\u00e1 vlastn\u00ed \u010dty\u0159i kola projevuje u mlad\u00fdch lid\u00ed.\" \/>\n<meta property=\"og:url\" content=\"https:\/\/www.mzone.cz\/en\/auto-je-pro-mlade-lidi-stale-dulezitejsi-ukazuje-pruzkum\/\" \/>\n<meta property=\"og:site_name\" content=\"Mzone\" \/>\n<meta property=\"article:publisher\" content=\"https:\/\/www.facebook.com\/MzoneCZ\/\" \/>\n<meta property=\"article:published_time\" content=\"2021-04-01T03:00:00+00:00\" \/>\n<meta property=\"og:image\" content=\"https:\/\/www.mzone.cz\/wp-content\/uploads\/2021\/04\/Mlady-ridic-scaled.jpg\" \/>\n\t<meta property=\"og:image:width\" content=\"2560\" \/>\n\t<meta property=\"og:image:height\" content=\"1706\" \/>\n\t<meta property=\"og:image:type\" content=\"image\/jpeg\" \/>\n<meta name=\"author\" content=\"Mzone\" \/>\n<meta name=\"twitter:card\" content=\"summary_large_image\" \/>\n<meta name=\"twitter:label1\" content=\"Written by\" \/>\n\t<meta name=\"twitter:data1\" content=\"Mzone\" \/>\n\t<meta name=\"twitter:label2\" content=\"Est. reading time\" \/>\n\t<meta name=\"twitter:data2\" content=\"3 minutes\" \/>\n<script type=\"application\/ld+json\" class=\"yoast-schema-graph\">{\"@context\":\"https:\\\/\\\/schema.org\",\"@graph\":[{\"@type\":\"Article\",\"@id\":\"https:\\\/\\\/www.mzone.cz\\\/auto-je-pro-mlade-lidi-stale-dulezitejsi-ukazuje-pruzkum\\\/#article\",\"isPartOf\":{\"@id\":\"https:\\\/\\\/www.mzone.cz\\\/auto-je-pro-mlade-lidi-stale-dulezitejsi-ukazuje-pruzkum\\\/\"},\"author\":{\"name\":\"Mzone\",\"@id\":\"https:\\\/\\\/www.mzone.cz\\\/#\\\/schema\\\/person\\\/9bc20cc422a99cac4af6ff9297da32d4\"},\"headline\":\"Auto je pro mlad\u00e9 lidi st\u00e1le d\u016fle\u017eit\u011bj\u0161\u00ed, ukazuje nov\u00fd pr\u016fzkum\",\"datePublished\":\"2021-04-01T03:00:00+00:00\",\"mainEntityOfPage\":{\"@id\":\"https:\\\/\\\/www.mzone.cz\\\/auto-je-pro-mlade-lidi-stale-dulezitejsi-ukazuje-pruzkum\\\/\"},\"wordCount\":559,\"commentCount\":0,\"image\":{\"@id\":\"https:\\\/\\\/www.mzone.cz\\\/auto-je-pro-mlade-lidi-stale-dulezitejsi-ukazuje-pruzkum\\\/#primaryimage\"},\"thumbnailUrl\":\"https:\\\/\\\/www.mzone.cz\\\/wp-content\\\/uploads\\\/2021\\\/04\\\/Mlady-ridic-scaled.jpg\",\"keywords\":[\"auta\",\"Auto\",\"auto-moto\",\"automobily\",\"bezpe\u010d\u00ed\",\"chov\u00e1n\u00ed\",\"epidemie\",\"koronavirus\",\"mlad\u00ed lid\u00e9\",\"pandemie\",\"preference\",\"pr\u016fzkum\",\"style\",\"trendy\",\"v\u00fdzkum\"],\"articleSection\":[\"Auto-moto\",\"Style\",\"Trendy\"],\"inLanguage\":\"en-US\",\"potentialAction\":[{\"@type\":\"CommentAction\",\"name\":\"Comment\",\"target\":[\"https:\\\/\\\/www.mzone.cz\\\/auto-je-pro-mlade-lidi-stale-dulezitejsi-ukazuje-pruzkum\\\/#respond\"]}]},{\"@type\":\"WebPage\",\"@id\":\"https:\\\/\\\/www.mzone.cz\\\/auto-je-pro-mlade-lidi-stale-dulezitejsi-ukazuje-pruzkum\\\/\",\"url\":\"https:\\\/\\\/www.mzone.cz\\\/auto-je-pro-mlade-lidi-stale-dulezitejsi-ukazuje-pruzkum\\\/\",\"name\":\"Auto je pro mlad\u00e9 lidi st\u00e1le d\u016fle\u017eit\u011bj\u0161\u00ed, ukazuje nov\u00fd pr\u016fzkum - Mzone\",\"isPartOf\":{\"@id\":\"https:\\\/\\\/www.mzone.cz\\\/#website\"},\"primaryImageOfPage\":{\"@id\":\"https:\\\/\\\/www.mzone.cz\\\/auto-je-pro-mlade-lidi-stale-dulezitejsi-ukazuje-pruzkum\\\/#primaryimage\"},\"image\":{\"@id\":\"https:\\\/\\\/www.mzone.cz\\\/auto-je-pro-mlade-lidi-stale-dulezitejsi-ukazuje-pruzkum\\\/#primaryimage\"},\"thumbnailUrl\":\"https:\\\/\\\/www.mzone.cz\\\/wp-content\\\/uploads\\\/2021\\\/04\\\/Mlady-ridic-scaled.jpg\",\"datePublished\":\"2021-04-01T03:00:00+00:00\",\"author\":{\"@id\":\"https:\\\/\\\/www.mzone.cz\\\/#\\\/schema\\\/person\\\/9bc20cc422a99cac4af6ff9297da32d4\"},\"description\":\"Jak ukazuje nov\u00e1 studie, mnoho lid\u00ed se tv\u00e1\u0159\u00ed v tv\u00e1\u0159 pandemii c\u00edt\u00ed v aut\u011b v\u00fdrazn\u011b l\u00e9pe ne\u017e ve ve\u0159ejn\u00fdch dopravn\u00edch prost\u0159edc\u00edch, a vyu\u017e\u00edvaj\u00ed ho proto v\u00edce. Zvl\u00e1\u0161\u0165 n\u00e1padn\u00e9 je, \u017ee nejsiln\u011bji se tento trend pro sv\u00e1 vlastn\u00ed \u010dty\u0159i kola projevuje u mlad\u00fdch lid\u00ed.\",\"breadcrumb\":{\"@id\":\"https:\\\/\\\/www.mzone.cz\\\/auto-je-pro-mlade-lidi-stale-dulezitejsi-ukazuje-pruzkum\\\/#breadcrumb\"},\"inLanguage\":\"en-US\",\"potentialAction\":[{\"@type\":\"ReadAction\",\"target\":[\"https:\\\/\\\/www.mzone.cz\\\/auto-je-pro-mlade-lidi-stale-dulezitejsi-ukazuje-pruzkum\\\/\"]}]},{\"@type\":\"ImageObject\",\"inLanguage\":\"en-US\",\"@id\":\"https:\\\/\\\/www.mzone.cz\\\/auto-je-pro-mlade-lidi-stale-dulezitejsi-ukazuje-pruzkum\\\/#primaryimage\",\"url\":\"https:\\\/\\\/www.mzone.cz\\\/wp-content\\\/uploads\\\/2021\\\/04\\\/Mlady-ridic-scaled.jpg\",\"contentUrl\":\"https:\\\/\\\/www.mzone.cz\\\/wp-content\\\/uploads\\\/2021\\\/04\\\/Mlady-ridic-scaled.jpg\",\"width\":2560,\"height\":1706,\"caption\":\"Mlad\u00fd \u0159idi\u010d\"},{\"@type\":\"BreadcrumbList\",\"@id\":\"https:\\\/\\\/www.mzone.cz\\\/auto-je-pro-mlade-lidi-stale-dulezitejsi-ukazuje-pruzkum\\\/#breadcrumb\",\"itemListElement\":[{\"@type\":\"ListItem\",\"position\":1,\"name\":\"Dom\u016f\",\"item\":\"https:\\\/\\\/www.mzone.cz\\\/\"},{\"@type\":\"ListItem\",\"position\":2,\"name\":\"Auto je pro mlad\u00e9 lidi st\u00e1le d\u016fle\u017eit\u011bj\u0161\u00ed, ukazuje nov\u00fd pr\u016fzkum\"}]},{\"@type\":\"WebSite\",\"@id\":\"https:\\\/\\\/www.mzone.cz\\\/#website\",\"url\":\"https:\\\/\\\/www.mzone.cz\\\/\",\"name\":\"Mzone\",\"description\":\"Magaz\u00edn nejen pro mu\u017ee\",\"potentialAction\":[{\"@type\":\"SearchAction\",\"target\":{\"@type\":\"EntryPoint\",\"urlTemplate\":\"https:\\\/\\\/www.mzone.cz\\\/?s={search_term_string}\"},\"query-input\":{\"@type\":\"PropertyValueSpecification\",\"valueRequired\":true,\"valueName\":\"search_term_string\"}}],\"inLanguage\":\"en-US\"},{\"@type\":\"Person\",\"@id\":\"https:\\\/\\\/www.mzone.cz\\\/#\\\/schema\\\/person\\\/9bc20cc422a99cac4af6ff9297da32d4\",\"name\":\"Mzone\",\"image\":{\"@type\":\"ImageObject\",\"inLanguage\":\"en-US\",\"@id\":\"https:\\\/\\\/secure.gravatar.com\\\/avatar\\\/e780a8630f3182a3d06dd667ab6bea151a0d155b0951bc15fe22633acdac0676?s=96&d=mm&r=g\",\"url\":\"https:\\\/\\\/secure.gravatar.com\\\/avatar\\\/e780a8630f3182a3d06dd667ab6bea151a0d155b0951bc15fe22633acdac0676?s=96&d=mm&r=g\",\"contentUrl\":\"https:\\\/\\\/secure.gravatar.com\\\/avatar\\\/e780a8630f3182a3d06dd667ab6bea151a0d155b0951bc15fe22633acdac0676?s=96&d=mm&r=g\",\"caption\":\"Mzone\"},\"url\":\"https:\\\/\\\/www.mzone.cz\\\/en\\\/author\\\/jakub\\\/\"}]}<\/script>\n<!-- \/ Yoast SEO plugin. -->","yoast_head_json":{"title":"Auto je pro mlad\u00e9 lidi st\u00e1le d\u016fle\u017eit\u011bj\u0161\u00ed, ukazuje nov\u00fd pr\u016fzkum - Mzone","description":"Jak ukazuje nov\u00e1 studie, mnoho lid\u00ed se tv\u00e1\u0159\u00ed v tv\u00e1\u0159 pandemii c\u00edt\u00ed v aut\u011b v\u00fdrazn\u011b l\u00e9pe ne\u017e ve ve\u0159ejn\u00fdch dopravn\u00edch prost\u0159edc\u00edch, a vyu\u017e\u00edvaj\u00ed ho proto v\u00edce. Zvl\u00e1\u0161\u0165 n\u00e1padn\u00e9 je, \u017ee nejsiln\u011bji se tento trend pro sv\u00e1 vlastn\u00ed \u010dty\u0159i kola projevuje u mlad\u00fdch lid\u00ed.","robots":{"index":"index","follow":"follow","max-snippet":"max-snippet:-1","max-image-preview":"max-image-preview:large","max-video-preview":"max-video-preview:-1"},"canonical":"https:\/\/www.mzone.cz\/en\/auto-je-pro-mlade-lidi-stale-dulezitejsi-ukazuje-pruzkum\/","og_locale":"en_US","og_type":"article","og_title":"Auto je pro mlad\u00e9 lidi st\u00e1le d\u016fle\u017eit\u011bj\u0161\u00ed, ukazuje nov\u00fd pr\u016fzkum - Mzone","og_description":"Jak ukazuje nov\u00e1 studie, mnoho lid\u00ed se tv\u00e1\u0159\u00ed v tv\u00e1\u0159 pandemii c\u00edt\u00ed v aut\u011b v\u00fdrazn\u011b l\u00e9pe ne\u017e ve ve\u0159ejn\u00fdch dopravn\u00edch prost\u0159edc\u00edch, a vyu\u017e\u00edvaj\u00ed ho proto v\u00edce. Zvl\u00e1\u0161\u0165 n\u00e1padn\u00e9 je, \u017ee nejsiln\u011bji se tento trend pro sv\u00e1 vlastn\u00ed \u010dty\u0159i kola projevuje u mlad\u00fdch lid\u00ed.","og_url":"https:\/\/www.mzone.cz\/en\/auto-je-pro-mlade-lidi-stale-dulezitejsi-ukazuje-pruzkum\/","og_site_name":"Mzone","article_publisher":"https:\/\/www.facebook.com\/MzoneCZ\/","article_published_time":"2021-04-01T03:00:00+00:00","og_image":[{"width":2560,"height":1706,"url":"https:\/\/www.mzone.cz\/wp-content\/uploads\/2021\/04\/Mlady-ridic-scaled.jpg","type":"image\/jpeg"}],"author":"Mzone","twitter_card":"summary_large_image","twitter_misc":{"Written by":"Mzone","Est. reading time":"3 minutes"},"schema":{"@context":"https:\/\/schema.org","@graph":[{"@type":"Article","@id":"https:\/\/www.mzone.cz\/auto-je-pro-mlade-lidi-stale-dulezitejsi-ukazuje-pruzkum\/#article","isPartOf":{"@id":"https:\/\/www.mzone.cz\/auto-je-pro-mlade-lidi-stale-dulezitejsi-ukazuje-pruzkum\/"},"author":{"name":"Mzone","@id":"https:\/\/www.mzone.cz\/#\/schema\/person\/9bc20cc422a99cac4af6ff9297da32d4"},"headline":"Auto je pro mlad\u00e9 lidi st\u00e1le d\u016fle\u017eit\u011bj\u0161\u00ed, ukazuje nov\u00fd pr\u016fzkum","datePublished":"2021-04-01T03:00:00+00:00","mainEntityOfPage":{"@id":"https:\/\/www.mzone.cz\/auto-je-pro-mlade-lidi-stale-dulezitejsi-ukazuje-pruzkum\/"},"wordCount":559,"commentCount":0,"image":{"@id":"https:\/\/www.mzone.cz\/auto-je-pro-mlade-lidi-stale-dulezitejsi-ukazuje-pruzkum\/#primaryimage"},"thumbnailUrl":"https:\/\/www.mzone.cz\/wp-content\/uploads\/2021\/04\/Mlady-ridic-scaled.jpg","keywords":["auta","Auto","auto-moto","automobily","bezpe\u010d\u00ed","chov\u00e1n\u00ed","epidemie","koronavirus","mlad\u00ed lid\u00e9","pandemie","preference","pr\u016fzkum","style","trendy","v\u00fdzkum"],"articleSection":["Auto-moto","Style","Trendy"],"inLanguage":"en-US","potentialAction":[{"@type":"CommentAction","name":"Comment","target":["https:\/\/www.mzone.cz\/auto-je-pro-mlade-lidi-stale-dulezitejsi-ukazuje-pruzkum\/#respond"]}]},{"@type":"WebPage","@id":"https:\/\/www.mzone.cz\/auto-je-pro-mlade-lidi-stale-dulezitejsi-ukazuje-pruzkum\/","url":"https:\/\/www.mzone.cz\/auto-je-pro-mlade-lidi-stale-dulezitejsi-ukazuje-pruzkum\/","name":"Auto je pro mlad\u00e9 lidi st\u00e1le d\u016fle\u017eit\u011bj\u0161\u00ed, ukazuje nov\u00fd pr\u016fzkum - Mzone","isPartOf":{"@id":"https:\/\/www.mzone.cz\/#website"},"primaryImageOfPage":{"@id":"https:\/\/www.mzone.cz\/auto-je-pro-mlade-lidi-stale-dulezitejsi-ukazuje-pruzkum\/#primaryimage"},"image":{"@id":"https:\/\/www.mzone.cz\/auto-je-pro-mlade-lidi-stale-dulezitejsi-ukazuje-pruzkum\/#primaryimage"},"thumbnailUrl":"https:\/\/www.mzone.cz\/wp-content\/uploads\/2021\/04\/Mlady-ridic-scaled.jpg","datePublished":"2021-04-01T03:00:00+00:00","author":{"@id":"https:\/\/www.mzone.cz\/#\/schema\/person\/9bc20cc422a99cac4af6ff9297da32d4"},"description":"Jak ukazuje nov\u00e1 studie, mnoho lid\u00ed se tv\u00e1\u0159\u00ed v tv\u00e1\u0159 pandemii c\u00edt\u00ed v aut\u011b v\u00fdrazn\u011b l\u00e9pe ne\u017e ve ve\u0159ejn\u00fdch dopravn\u00edch prost\u0159edc\u00edch, a vyu\u017e\u00edvaj\u00ed ho proto v\u00edce. Zvl\u00e1\u0161\u0165 n\u00e1padn\u00e9 je, \u017ee nejsiln\u011bji se tento trend pro sv\u00e1 vlastn\u00ed \u010dty\u0159i kola projevuje u mlad\u00fdch lid\u00ed.","breadcrumb":{"@id":"https:\/\/www.mzone.cz\/auto-je-pro-mlade-lidi-stale-dulezitejsi-ukazuje-pruzkum\/#breadcrumb"},"inLanguage":"en-US","potentialAction":[{"@type":"ReadAction","target":["https:\/\/www.mzone.cz\/auto-je-pro-mlade-lidi-stale-dulezitejsi-ukazuje-pruzkum\/"]}]},{"@type":"ImageObject","inLanguage":"en-US","@id":"https:\/\/www.mzone.cz\/auto-je-pro-mlade-lidi-stale-dulezitejsi-ukazuje-pruzkum\/#primaryimage","url":"https:\/\/www.mzone.cz\/wp-content\/uploads\/2021\/04\/Mlady-ridic-scaled.jpg","contentUrl":"https:\/\/www.mzone.cz\/wp-content\/uploads\/2021\/04\/Mlady-ridic-scaled.jpg","width":2560,"height":1706,"caption":"Mlad\u00fd \u0159idi\u010d"},{"@type":"BreadcrumbList","@id":"https:\/\/www.mzone.cz\/auto-je-pro-mlade-lidi-stale-dulezitejsi-ukazuje-pruzkum\/#breadcrumb","itemListElement":[{"@type":"ListItem","position":1,"name":"Dom\u016f","item":"https:\/\/www.mzone.cz\/"},{"@type":"ListItem","position":2,"name":"Auto je pro mlad\u00e9 lidi st\u00e1le d\u016fle\u017eit\u011bj\u0161\u00ed, ukazuje nov\u00fd pr\u016fzkum"}]},{"@type":"WebSite","@id":"https:\/\/www.mzone.cz\/#website","url":"https:\/\/www.mzone.cz\/","name":"Mzone","description":"Magaz\u00edn nejen pro mu\u017ee","potentialAction":[{"@type":"SearchAction","target":{"@type":"EntryPoint","urlTemplate":"https:\/\/www.mzone.cz\/?s={search_term_string}"},"query-input":{"@type":"PropertyValueSpecification","valueRequired":true,"valueName":"search_term_string"}}],"inLanguage":"en-US"},{"@type":"Person","@id":"https:\/\/www.mzone.cz\/#\/schema\/person\/9bc20cc422a99cac4af6ff9297da32d4","name":"Mzone","image":{"@type":"ImageObject","inLanguage":"en-US","@id":"https:\/\/secure.gravatar.com\/avatar\/e780a8630f3182a3d06dd667ab6bea151a0d155b0951bc15fe22633acdac0676?s=96&d=mm&r=g","url":"https:\/\/secure.gravatar.com\/avatar\/e780a8630f3182a3d06dd667ab6bea151a0d155b0951bc15fe22633acdac0676?s=96&d=mm&r=g","contentUrl":"https:\/\/secure.gravatar.com\/avatar\/e780a8630f3182a3d06dd667ab6bea151a0d155b0951bc15fe22633acdac0676?s=96&d=mm&r=g","caption":"Mzone"},"url":"https:\/\/www.mzone.cz\/en\/author\/jakub\/"}]}},"_links":{"self":[{"href":"https:\/\/www.mzone.cz\/en\/wp-json\/wp\/v2\/posts\/28898","targetHints":{"allow":["GET"]}}],"collection":[{"href":"https:\/\/www.mzone.cz\/en\/wp-json\/wp\/v2\/posts"}],"about":[{"href":"https:\/\/www.mzone.cz\/en\/wp-json\/wp\/v2\/types\/post"}],"author":[{"embeddable":true,"href":"https:\/\/www.mzone.cz\/en\/wp-json\/wp\/v2\/users\/4"}],"replies":[{"embeddable":true,"href":"https:\/\/www.mzone.cz\/en\/wp-json\/wp\/v2\/comments?post=28898"}],"version-history":[{"count":14,"href":"https:\/\/www.mzone.cz\/en\/wp-json\/wp\/v2\/posts\/28898\/revisions"}],"predecessor-version":[{"id":28918,"href":"https:\/\/www.mzone.cz\/en\/wp-json\/wp\/v2\/posts\/28898\/revisions\/28918"}],"wp:featuredmedia":[{"embeddable":true,"href":"https:\/\/www.mzone.cz\/en\/wp-json\/wp\/v2\/media\/28900"}],"wp:attachment":[{"href":"https:\/\/www.mzone.cz\/en\/wp-json\/wp\/v2\/media?parent=28898"}],"wp:term":[{"taxonomy":"category","embeddable":true,"href":"https:\/\/www.mzone.cz\/en\/wp-json\/wp\/v2\/categories?post=28898"},{"taxonomy":"post_tag","embeddable":true,"href":"https:\/\/www.mzone.cz\/en\/wp-json\/wp\/v2\/tags?post=28898"}],"curies":[{"name":"wp","href":"https:\/\/api.w.org\/{rel}","templated":true}]}}