{"id":29175,"date":"2021-02-19T15:00:00","date_gmt":"2021-02-19T14:00:00","guid":{"rendered":"https:\/\/www.mzone.cz\/?p=29175"},"modified":"2021-02-12T19:55:14","modified_gmt":"2021-02-12T18:55:14","slug":"cesky-lev-pohled-do-prazdneho-kina","status":"publish","type":"post","link":"https:\/\/www.mzone.cz\/en\/cesky-lev-pohled-do-prazdneho-kina\/","title":{"rendered":"\u010cesk\u00e9 lvy letos symbolizuje pohled do pr\u00e1zdn\u00e9ho kina"},"content":{"rendered":"<p><strong>Mimo\u0159\u00e1dn\u00fd ro\u010dn\u00edk v\u00fdro\u010dn\u00edch cen \u010cesk\u00fd lev \u010cesk\u00e9 filmov\u00e9 a televizn\u00ed akademie (\u010cFTA) avizuje atypicky origin\u00e1ln\u00ed a hrav\u00fd, ale tak\u00e9 v\u00fdsti\u017en\u00fd vizu\u00e1l s moder\u00e1torem V\u00e1clavem Koptou v opu\u0161t\u011bn\u00e9m kin\u011b.<\/strong><\/p><br>\n\n\n\n<p>T\u00e9m\u011b\u0159 pr\u00e1zdn\u00e9 letos z\u016fstane i Rudolfinum, v n\u011bm\u017e budou 6. b\u0159ezna v p\u0159\u00edm\u00e9m p\u0159enosu na \u010cT1 ceny vyhl\u00e1\u0161eny bez div\u00e1k\u016f, jen za p\u0159\u00edtomnosti nominovan\u00fdch um\u011blc\u016f.<\/p>\n\n\n\n<blockquote class=\"wp-block-quote is-layout-flow wp-block-quote-is-layout-flow\"><p>\u201eJe jist\u00e9, \u017ee atmosf\u00e9ra ve\u010dera bude oproti p\u0159edchoz\u00edm ro\u010dn\u00edk\u016fm velmi odli\u0161n\u00e1. Prostory Rudolfina bez publika n\u00e1m v\u0161ak umo\u017e\u0148uj\u00ed pojmout p\u0159\u00edm\u00fd p\u0159enos ceremoni\u00e1lu trochu netradi\u010dn\u011bji a poskytnout v\u011bt\u0161\u00ed prostor kreativit\u011b tv\u016fr\u010d\u00edho t\u00fdmu. V\u011b\u0159\u00edme, \u017ee i toto pojet\u00ed televizn\u00ed div\u00e1ky zaujme,\u201c vysv\u011btluje v\u00fdkonn\u00e1 \u0159editelka \u010cFTA Tereza Rychnovsk\u00e1.<\/p><\/blockquote>\n\n\n\n<p>Pr\u016fb\u011bh slavnostn\u00edho vyhl\u00e1\u0161en\u00ed 28. \u010cesk\u00e9ho lva maj\u00ed pevn\u011b v rukou re\u017eijn\u00ed supervizor Marek Najbrt, re\u017eis\u00e9r ve\u010dera Michael \u010cech a sc\u00e9nograf Martin Chocholou\u0161ek. Ve\u010der prob\u011bhne za p\u0159\u00edsn\u00fdch hygienick\u00fdch podm\u00ednek, v\u010detn\u011b negativn\u00edch test\u016f v\u0161ech z\u00fa\u010dastn\u011bn\u00fdch.<\/p><br>\n\n\n\n<figure class=\"wp-block-image size-large\"><img loading=\"lazy\" decoding=\"async\" width=\"724\" height=\"1024\" src=\"https:\/\/www.mzone.cz\/wp-content\/uploads\/2021\/02\/Cesky-lev-vizual-724x1024.jpg\" alt=\"\u010cesk\u00fd lev - vizu\u00e1l\" class=\"wp-image-29181\" srcset=\"https:\/\/www.mzone.cz\/wp-content\/uploads\/2021\/02\/Cesky-lev-vizual-724x1024.jpg 724w, https:\/\/www.mzone.cz\/wp-content\/uploads\/2021\/02\/Cesky-lev-vizual-212x300.jpg 212w, https:\/\/www.mzone.cz\/wp-content\/uploads\/2021\/02\/Cesky-lev-vizual-768x1087.jpg 768w, https:\/\/www.mzone.cz\/wp-content\/uploads\/2021\/02\/Cesky-lev-vizual-1086x1536.jpg 1086w, https:\/\/www.mzone.cz\/wp-content\/uploads\/2021\/02\/Cesky-lev-vizual-8x12.jpg 8w, https:\/\/www.mzone.cz\/wp-content\/uploads\/2021\/02\/Cesky-lev-vizual-706x999.jpg 706w, https:\/\/www.mzone.cz\/wp-content\/uploads\/2021\/02\/Cesky-lev-vizual-590x835.jpg 590w, https:\/\/www.mzone.cz\/wp-content\/uploads\/2021\/02\/Cesky-lev-vizual.jpg 1200w\" sizes=\"auto, (max-width: 724px) 100vw, 724px\" \/><\/figure><br>\n\n\n\n<p>Z filmov\u00e9 produkce lo\u0148sk\u00e9ho roku nejv\u00edce akademiky zaujalo 15 nominacemi filmov\u00e9 drama Bohdana Sl\u00e1my <strong>Krajina ve st\u00ednu<\/strong>. Film je kronikou mal\u00e9 vesnice v pohrani\u010d\u00ed vl\u00e1\u010den\u00e9 d\u011bjinami t\u0159ic\u00e1t\u00fdch, \u010dty\u0159ic\u00e1t\u00fdch a pades\u00e1t\u00fdch let minul\u00e9ho stolet\u00ed. Po 14 nominac\u00edch shodn\u011b z\u00edskal film re\u017eis\u00e9ra Sl\u00e1vka Hor\u00e1ka <strong>Havel<\/strong> inspirovan\u00fd \u017eivotem V\u00e1clava Havla a p\u0159\u00edb\u011bh <strong>\u0160arlat\u00e1n<\/strong> re\u017eis\u00e9rky Agnieszky Holland vypr\u00e1v\u011bj\u00edc\u00ed osud l\u00e9\u010ditele Jana Mikol\u00e1\u0161ka.<\/p><br>\n\n\n\n<p>\u00dasp\u011b\u0161n\u011b si vedla tak\u00e9 televizn\u00ed minis\u00e9rie <strong>Herec<\/strong> v re\u017eii Petera Bebjaka a sn\u00edmek <strong>Model\u00e1\u0159<\/strong> Petra Zelenky, kter\u00e9 z\u00edskaly od akademik\u016f po 7 nominac\u00edch. \u010cFTA vyhl\u00e1sila poprv\u00e9 tak\u00e9 kategorie pro animovan\u00fd a kr\u00e1tk\u00fd film, kter\u00e9 v nominac\u00edch s p\u0159evahou ovl\u00e1dla nastupuj\u00edc\u00ed generace filma\u0159\u016f z \u0159ad student\u016f. O so\u0161ku \u010cesk\u00e9ho lva v 19 statut\u00e1rn\u00edch kategori\u00edch se uch\u00e1z\u00ed v z\u00e1v\u011bre\u010dn\u00e9m hlasov\u00e1n\u00ed 27 titul\u016f.<\/p>\n\n\n\n<blockquote class=\"wp-block-quote is-layout-flow wp-block-quote-is-layout-flow\"><p>Vizu\u00e1l 28. \u010cesk\u00e9ho lva s pohledem oknem do pr\u00e1zdn\u00e9ho kinos\u00e1lu upozor\u0148uje na nelehkou situaci filma\u0159\u016f ale i samotn\u00fdch kin, kter\u00e1 byla v lo\u0148sk\u00e9m roce z velk\u00e9 \u010d\u00e1sti zav\u0159en\u00e1.<\/p><\/blockquote>\n\n\n\n<p>Narozd\u00edl od p\u0159edchoz\u00edch ro\u010dn\u00edk\u016f, kdy \u00fast\u0159edn\u00ed motiv vizu\u00e1lu pracoval se so\u0161kou \u010cesk\u00e9ho lva, m\u00e1 hlavn\u00ed roli moder\u00e1tor slavnostn\u00edho ceremoni\u00e1lu V\u00e1clav Kopta, kter\u00e9ho nach\u00e1z\u00edme v pr\u00e1zdn\u00e9m kin\u011b jednou ve fraku jindy v py\u017eamu.<\/p><br>\n\n\n\n<p>Autory vizu\u00e1ln\u00edho stylu jsou Kry\u0161tof Proch\u00e1zka, Ond\u0159ej Vlk, Robert Houzar a Mat\u011bj \u010cech ze studia Formaat. \u201eV souladu s konceptem ve\u010dera jsme pracovali s fotografi\u00ed V\u00e1clava Kopty jako \u00fast\u0159edn\u00edm motivem. Bylo n\u00e1m ct\u00ed ke spolupr\u00e1ci p\u0159izvat fotografa V\u00e1clava Jir\u00e1ska, kter\u00fd je autorem tak trochu voyeursk\u00fdch fotografi\u00ed po\u0159\u00edzen\u00fdch skrze okno vedouc\u00ed do kinos\u00e1lu,\u201c popisuje Kry\u0161tof Proch\u00e1zka ze studia Formaat a dod\u00e1v\u00e1: \u201eSou\u010d\u00e1st\u00ed razantn\u00ed prom\u011bny hlavn\u00edho motivu je i odklon od dosud ust\u00e1len\u00e9 typografie. Zvolili jsme v\u00fdrazn\u00e9 Didone p\u00edsmo Ascentis z d\u00edlny newyorsk\u00e9 design\u00e9rky Emily Jing Sum Chan, kter\u00e9 umo\u017e\u0148uje vizu\u00e1ln\u00ed identifikaci i ve v\u00fdstupech, kde fotografii nelze pou\u017e\u00edt.&#8221;<\/p><br>\n\n\n\n<p>Kombinace charakteristick\u00e9 typografie a nem\u00e9n\u011b v\u00fdrazn\u00e9ho protagonisty tak dala vzniknout hrav\u00fdm vizu\u00e1l\u016fm. Grafick\u00fd design se odr\u00e1\u017e\u00ed i ve sc\u00e9nografii nomina\u010dn\u00edch medailonk\u016f, kter\u00e9 budou od 15. \u00fanora vys\u00edl\u00e1ny \u010ceskou televiz\u00ed, i samotn\u00e9ho slavnostn\u00edho ceremoni\u00e1lu a televizn\u00ed grafice.\u00a0<\/p>\n\n\n\n<blockquote class=\"wp-block-quote is-layout-flow wp-block-quote-is-layout-flow\"><p>Autorem k\u0159i\u0161\u0165\u00e1lov\u00e9 so\u0161ky \u010cesk\u00e9ho lva je design\u00e9r Rony Plesl. Na podstavec, kter\u00fd se ka\u017ed\u00fd rok m\u011bn\u00ed, zvolil osmi\u010dky z kruh\u016f. So\u0161ky pro ocen\u011bn\u00e9 um\u011blce vyr\u00e1b\u00ed \u010desk\u00e1 skl\u00e1rna R\u00fcckl.<\/p><\/blockquote>\n\n\n\n<p>\u010cesk\u00fd lev je presti\u017en\u00ed <a href=\"https:\/\/www.ceskylev.cz\/\" target=\"_blank\" rel=\"noreferrer noopener\">\u010desk\u00e1 filmov\u00e1 cena<\/a> ud\u011blovan\u00e1 od roku 1993. Filmy jsou hodnoceny na z\u00e1klad\u011b hlasov\u00e1n\u00ed \u010dlen\u016f \u010cesk\u00e9 filmov\u00e9 a televizn\u00ed akademie. Slavnostn\u00ed ceremoni\u00e1l vyhl\u00e1\u0161en\u00ed v\u00fdsledk\u016f se uskute\u010dn\u00ed v sobotu 6. b\u0159ezna 2021 v pra\u017esk\u00e9m Rudolfinu a v p\u0159\u00edm\u00e9m p\u0159enosu jej odvys\u00edl\u00e1 \u010cesk\u00e1 televize na \u010cT1 od 20.10 hod.<\/p><br>\n\n\n\n<div class=\"wp-block-media-text alignwide is-stacked-on-mobile is-vertically-aligned-top\" style=\"grid-template-columns:29% auto\"><figure class=\"wp-block-media-text__media\"><a href=\"https:\/\/www.mzone.cz\/nejvice-nominaci-na-ceskeho-lva-maji-filmy-krajina-ve-stinu-havel-a-sarlatan\/\"><img loading=\"lazy\" decoding=\"async\" width=\"1024\" height=\"682\" src=\"https:\/\/www.mzone.cz\/wp-content\/uploads\/2021\/01\/Sarlatan_foto-2_m-1024x682.jpg\" alt=\"\" class=\"wp-image-28009 size-full\" srcset=\"https:\/\/www.mzone.cz\/wp-content\/uploads\/2021\/01\/Sarlatan_foto-2_m-1024x682.jpg 1024w, https:\/\/www.mzone.cz\/wp-content\/uploads\/2021\/01\/Sarlatan_foto-2_m-300x200.jpg 300w, https:\/\/www.mzone.cz\/wp-content\/uploads\/2021\/01\/Sarlatan_foto-2_m-768x512.jpg 768w, https:\/\/www.mzone.cz\/wp-content\/uploads\/2021\/01\/Sarlatan_foto-2_m-1536x1023.jpg 1536w, https:\/\/www.mzone.cz\/wp-content\/uploads\/2021\/01\/Sarlatan_foto-2_m-16x12.jpg 16w, https:\/\/www.mzone.cz\/wp-content\/uploads\/2021\/01\/Sarlatan_foto-2_m-800x533.jpg 800w, https:\/\/www.mzone.cz\/wp-content\/uploads\/2021\/01\/Sarlatan_foto-2_m-400x267.jpg 400w, https:\/\/www.mzone.cz\/wp-content\/uploads\/2021\/01\/Sarlatan_foto-2_m-500x333.jpg 500w, https:\/\/www.mzone.cz\/wp-content\/uploads\/2021\/01\/Sarlatan_foto-2_m-1170x780.jpg 1170w, https:\/\/www.mzone.cz\/wp-content\/uploads\/2021\/01\/Sarlatan_foto-2_m-590x393.jpg 590w, https:\/\/www.mzone.cz\/wp-content\/uploads\/2021\/01\/Sarlatan_foto-2_m.jpg 1732w\" sizes=\"auto, (max-width: 1024px) 100vw, 1024px\" \/><\/a><\/figure><div class=\"wp-block-media-text__content\">\n<h4><a href=\"https:\/\/www.mzone.cz\/nejvice-nominaci-na-ceskeho-lva-maji-filmy-krajina-ve-stinu-havel-a-sarlatan\/\">Nejv\u00edce nominac\u00ed na \u010cesk\u00e9ho lva maj\u00ed filmy Krajina ve st\u00ednu, Havel a \u0160arlat\u00e1n<\/a><\/h4><br>\n<\/div><\/div>","protected":false},"excerpt":{"rendered":"<p>Mimo\u0159\u00e1dn\u00fd ro\u010dn\u00edk v\u00fdro\u010dn\u00edch cen \u010cesk\u00fd lev \u010cesk\u00e9 filmov\u00e9 a televizn\u00ed akademie (\u010cFTA) avizuje atypicky origin\u00e1ln\u00ed a hrav\u00fd, ale tak\u00e9 v\u00fdsti\u017en\u00fd vizu\u00e1l s moder\u00e1torem V\u00e1clavem Koptou v opu\u0161t\u011bn\u00e9m kin\u011b. T\u00e9m\u011b\u0159 pr\u00e1zdn\u00e9 letos z\u016fstane i Rudolfinum, v n\u011bm\u017e budou 6. b\u0159ezna v p\u0159\u00edm\u00e9m p\u0159enosu na \u010cT1 ceny vyhl\u00e1\u0161eny bez div\u00e1k\u016f, jen za p\u0159\u00edtomnosti nominovan\u00fdch um\u011blc\u016f. \u201eJe jist\u00e9, [&hellip;]<\/p>\n","protected":false},"author":4,"featured_media":29177,"comment_status":"open","ping_status":"closed","sticky":false,"template":"","format":"standard","meta":{"kk_blocks_editor_width":"","_kiokenblocks_attr":"","_kiokenblocks_dimensions":"","footnotes":""},"categories":[73,71],"tags":[2256,1792,3027,541,314,542,1104,31,1347,4778,4776,4777,4502],"class_list":["post-29175","post","type-post","status-publish","format-standard","has-post-thumbnail","hentry","category-filmy","category-kultura","tag-ceny","tag-cesky-lev","tag-cfta","tag-film","tag-filmy","tag-kinematografie","tag-kino","tag-kultura","tag-oceneni","tag-plakat","tag-prazdny-sal","tag-vaclav-kopta","tag-vizual"],"yoast_head":"<!-- This site is optimized with the Yoast SEO plugin v27.5 - https:\/\/yoast.com\/product\/yoast-seo-wordpress\/ -->\n<title>\u010cesk\u00e9 lvy letos symbolizuje pohled do pr\u00e1zdn\u00e9ho kina - Mzone<\/title>\n<meta name=\"description\" content=\"Mimo\u0159\u00e1dn\u00fd ro\u010dn\u00edk cen \u010cesk\u00fd lev avizuje atypicky origin\u00e1ln\u00ed a hrav\u00fd, ale tak\u00e9 v\u00fdsti\u017en\u00fd vizu\u00e1l s moder\u00e1torem V\u00e1clavem Koptou v opu\u0161t\u011bn\u00e9m kin\u011b.\" \/>\n<meta name=\"robots\" content=\"index, follow, max-snippet:-1, max-image-preview:large, max-video-preview:-1\" \/>\n<link rel=\"canonical\" href=\"https:\/\/www.mzone.cz\/en\/cesky-lev-pohled-do-prazdneho-kina\/\" \/>\n<meta property=\"og:locale\" content=\"en_US\" \/>\n<meta property=\"og:type\" content=\"article\" \/>\n<meta property=\"og:title\" content=\"\u010cesk\u00e9 lvy letos symbolizuje pohled do pr\u00e1zdn\u00e9ho kina - Mzone\" \/>\n<meta property=\"og:description\" content=\"Mimo\u0159\u00e1dn\u00fd ro\u010dn\u00edk cen \u010cesk\u00fd lev avizuje atypicky origin\u00e1ln\u00ed a hrav\u00fd, ale tak\u00e9 v\u00fdsti\u017en\u00fd vizu\u00e1l s moder\u00e1torem V\u00e1clavem Koptou v opu\u0161t\u011bn\u00e9m kin\u011b.\" \/>\n<meta property=\"og:url\" content=\"https:\/\/www.mzone.cz\/en\/cesky-lev-pohled-do-prazdneho-kina\/\" \/>\n<meta property=\"og:site_name\" content=\"Mzone\" \/>\n<meta property=\"article:publisher\" content=\"https:\/\/www.facebook.com\/MzoneCZ\/\" \/>\n<meta property=\"article:published_time\" content=\"2021-02-19T14:00:00+00:00\" \/>\n<meta property=\"og:image\" content=\"https:\/\/www.mzone.cz\/wp-content\/uploads\/2021\/02\/Cesky-lev.jpg\" \/>\n\t<meta property=\"og:image:width\" content=\"2000\" \/>\n\t<meta property=\"og:image:height\" content=\"1334\" \/>\n\t<meta property=\"og:image:type\" content=\"image\/jpeg\" \/>\n<meta name=\"author\" content=\"Mzone\" \/>\n<meta name=\"twitter:card\" content=\"summary_large_image\" \/>\n<meta name=\"twitter:label1\" content=\"Written by\" \/>\n\t<meta name=\"twitter:data1\" content=\"Mzone\" \/>\n\t<meta name=\"twitter:label2\" content=\"Est. reading time\" \/>\n\t<meta name=\"twitter:data2\" content=\"3 minutes\" \/>\n<script type=\"application\/ld+json\" class=\"yoast-schema-graph\">{\"@context\":\"https:\\\/\\\/schema.org\",\"@graph\":[{\"@type\":\"Article\",\"@id\":\"https:\\\/\\\/www.mzone.cz\\\/cesky-lev-pohled-do-prazdneho-kina\\\/#article\",\"isPartOf\":{\"@id\":\"https:\\\/\\\/www.mzone.cz\\\/cesky-lev-pohled-do-prazdneho-kina\\\/\"},\"author\":{\"name\":\"Mzone\",\"@id\":\"https:\\\/\\\/www.mzone.cz\\\/#\\\/schema\\\/person\\\/9bc20cc422a99cac4af6ff9297da32d4\"},\"headline\":\"\u010cesk\u00e9 lvy letos symbolizuje pohled do pr\u00e1zdn\u00e9ho kina\",\"datePublished\":\"2021-02-19T14:00:00+00:00\",\"mainEntityOfPage\":{\"@id\":\"https:\\\/\\\/www.mzone.cz\\\/cesky-lev-pohled-do-prazdneho-kina\\\/\"},\"wordCount\":771,\"commentCount\":0,\"image\":{\"@id\":\"https:\\\/\\\/www.mzone.cz\\\/cesky-lev-pohled-do-prazdneho-kina\\\/#primaryimage\"},\"thumbnailUrl\":\"https:\\\/\\\/www.mzone.cz\\\/wp-content\\\/uploads\\\/2021\\\/02\\\/Cesky-lev.jpg\",\"keywords\":[\"ceny\",\"\u010cesk\u00fd lev\",\"\u010cFTA\",\"film\",\"Filmy\",\"kinematografie\",\"kino\",\"Kultura\",\"ocen\u011bn\u00ed\",\"plak\u00e1t\",\"pr\u00e1zdn\u00fd s\u00e1l\",\"V\u00e1clav Kopta\",\"vizu\u00e1l\"],\"articleSection\":[\"Filmy\",\"Kultura\"],\"inLanguage\":\"en-US\",\"potentialAction\":[{\"@type\":\"CommentAction\",\"name\":\"Comment\",\"target\":[\"https:\\\/\\\/www.mzone.cz\\\/cesky-lev-pohled-do-prazdneho-kina\\\/#respond\"]}]},{\"@type\":\"WebPage\",\"@id\":\"https:\\\/\\\/www.mzone.cz\\\/cesky-lev-pohled-do-prazdneho-kina\\\/\",\"url\":\"https:\\\/\\\/www.mzone.cz\\\/cesky-lev-pohled-do-prazdneho-kina\\\/\",\"name\":\"\u010cesk\u00e9 lvy letos symbolizuje pohled do pr\u00e1zdn\u00e9ho kina - Mzone\",\"isPartOf\":{\"@id\":\"https:\\\/\\\/www.mzone.cz\\\/#website\"},\"primaryImageOfPage\":{\"@id\":\"https:\\\/\\\/www.mzone.cz\\\/cesky-lev-pohled-do-prazdneho-kina\\\/#primaryimage\"},\"image\":{\"@id\":\"https:\\\/\\\/www.mzone.cz\\\/cesky-lev-pohled-do-prazdneho-kina\\\/#primaryimage\"},\"thumbnailUrl\":\"https:\\\/\\\/www.mzone.cz\\\/wp-content\\\/uploads\\\/2021\\\/02\\\/Cesky-lev.jpg\",\"datePublished\":\"2021-02-19T14:00:00+00:00\",\"author\":{\"@id\":\"https:\\\/\\\/www.mzone.cz\\\/#\\\/schema\\\/person\\\/9bc20cc422a99cac4af6ff9297da32d4\"},\"description\":\"Mimo\u0159\u00e1dn\u00fd ro\u010dn\u00edk cen \u010cesk\u00fd lev avizuje atypicky origin\u00e1ln\u00ed a hrav\u00fd, ale tak\u00e9 v\u00fdsti\u017en\u00fd vizu\u00e1l s moder\u00e1torem V\u00e1clavem Koptou v opu\u0161t\u011bn\u00e9m kin\u011b.\",\"breadcrumb\":{\"@id\":\"https:\\\/\\\/www.mzone.cz\\\/cesky-lev-pohled-do-prazdneho-kina\\\/#breadcrumb\"},\"inLanguage\":\"en-US\",\"potentialAction\":[{\"@type\":\"ReadAction\",\"target\":[\"https:\\\/\\\/www.mzone.cz\\\/cesky-lev-pohled-do-prazdneho-kina\\\/\"]}]},{\"@type\":\"ImageObject\",\"inLanguage\":\"en-US\",\"@id\":\"https:\\\/\\\/www.mzone.cz\\\/cesky-lev-pohled-do-prazdneho-kina\\\/#primaryimage\",\"url\":\"https:\\\/\\\/www.mzone.cz\\\/wp-content\\\/uploads\\\/2021\\\/02\\\/Cesky-lev.jpg\",\"contentUrl\":\"https:\\\/\\\/www.mzone.cz\\\/wp-content\\\/uploads\\\/2021\\\/02\\\/Cesky-lev.jpg\",\"width\":2000,\"height\":1334,\"caption\":\"\u010cesk\u00fd lev\"},{\"@type\":\"BreadcrumbList\",\"@id\":\"https:\\\/\\\/www.mzone.cz\\\/cesky-lev-pohled-do-prazdneho-kina\\\/#breadcrumb\",\"itemListElement\":[{\"@type\":\"ListItem\",\"position\":1,\"name\":\"Dom\u016f\",\"item\":\"https:\\\/\\\/www.mzone.cz\\\/\"},{\"@type\":\"ListItem\",\"position\":2,\"name\":\"\u010cesk\u00e9 lvy letos symbolizuje pohled do pr\u00e1zdn\u00e9ho kina\"}]},{\"@type\":\"WebSite\",\"@id\":\"https:\\\/\\\/www.mzone.cz\\\/#website\",\"url\":\"https:\\\/\\\/www.mzone.cz\\\/\",\"name\":\"Mzone\",\"description\":\"Magaz\u00edn nejen pro mu\u017ee\",\"potentialAction\":[{\"@type\":\"SearchAction\",\"target\":{\"@type\":\"EntryPoint\",\"urlTemplate\":\"https:\\\/\\\/www.mzone.cz\\\/?s={search_term_string}\"},\"query-input\":{\"@type\":\"PropertyValueSpecification\",\"valueRequired\":true,\"valueName\":\"search_term_string\"}}],\"inLanguage\":\"en-US\"},{\"@type\":\"Person\",\"@id\":\"https:\\\/\\\/www.mzone.cz\\\/#\\\/schema\\\/person\\\/9bc20cc422a99cac4af6ff9297da32d4\",\"name\":\"Mzone\",\"image\":{\"@type\":\"ImageObject\",\"inLanguage\":\"en-US\",\"@id\":\"https:\\\/\\\/secure.gravatar.com\\\/avatar\\\/e780a8630f3182a3d06dd667ab6bea151a0d155b0951bc15fe22633acdac0676?s=96&d=mm&r=g\",\"url\":\"https:\\\/\\\/secure.gravatar.com\\\/avatar\\\/e780a8630f3182a3d06dd667ab6bea151a0d155b0951bc15fe22633acdac0676?s=96&d=mm&r=g\",\"contentUrl\":\"https:\\\/\\\/secure.gravatar.com\\\/avatar\\\/e780a8630f3182a3d06dd667ab6bea151a0d155b0951bc15fe22633acdac0676?s=96&d=mm&r=g\",\"caption\":\"Mzone\"},\"url\":\"https:\\\/\\\/www.mzone.cz\\\/en\\\/author\\\/jakub\\\/\"}]}<\/script>\n<!-- \/ Yoast SEO plugin. -->","yoast_head_json":{"title":"\u010cesk\u00e9 lvy letos symbolizuje pohled do pr\u00e1zdn\u00e9ho kina - Mzone","description":"Mimo\u0159\u00e1dn\u00fd ro\u010dn\u00edk cen \u010cesk\u00fd lev avizuje atypicky origin\u00e1ln\u00ed a hrav\u00fd, ale tak\u00e9 v\u00fdsti\u017en\u00fd vizu\u00e1l s moder\u00e1torem V\u00e1clavem Koptou v opu\u0161t\u011bn\u00e9m kin\u011b.","robots":{"index":"index","follow":"follow","max-snippet":"max-snippet:-1","max-image-preview":"max-image-preview:large","max-video-preview":"max-video-preview:-1"},"canonical":"https:\/\/www.mzone.cz\/en\/cesky-lev-pohled-do-prazdneho-kina\/","og_locale":"en_US","og_type":"article","og_title":"\u010cesk\u00e9 lvy letos symbolizuje pohled do pr\u00e1zdn\u00e9ho kina - Mzone","og_description":"Mimo\u0159\u00e1dn\u00fd ro\u010dn\u00edk cen \u010cesk\u00fd lev avizuje atypicky origin\u00e1ln\u00ed a hrav\u00fd, ale tak\u00e9 v\u00fdsti\u017en\u00fd vizu\u00e1l s moder\u00e1torem V\u00e1clavem Koptou v opu\u0161t\u011bn\u00e9m kin\u011b.","og_url":"https:\/\/www.mzone.cz\/en\/cesky-lev-pohled-do-prazdneho-kina\/","og_site_name":"Mzone","article_publisher":"https:\/\/www.facebook.com\/MzoneCZ\/","article_published_time":"2021-02-19T14:00:00+00:00","og_image":[{"width":2000,"height":1334,"url":"https:\/\/www.mzone.cz\/wp-content\/uploads\/2021\/02\/Cesky-lev.jpg","type":"image\/jpeg"}],"author":"Mzone","twitter_card":"summary_large_image","twitter_misc":{"Written by":"Mzone","Est. reading time":"3 minutes"},"schema":{"@context":"https:\/\/schema.org","@graph":[{"@type":"Article","@id":"https:\/\/www.mzone.cz\/cesky-lev-pohled-do-prazdneho-kina\/#article","isPartOf":{"@id":"https:\/\/www.mzone.cz\/cesky-lev-pohled-do-prazdneho-kina\/"},"author":{"name":"Mzone","@id":"https:\/\/www.mzone.cz\/#\/schema\/person\/9bc20cc422a99cac4af6ff9297da32d4"},"headline":"\u010cesk\u00e9 lvy letos symbolizuje pohled do pr\u00e1zdn\u00e9ho kina","datePublished":"2021-02-19T14:00:00+00:00","mainEntityOfPage":{"@id":"https:\/\/www.mzone.cz\/cesky-lev-pohled-do-prazdneho-kina\/"},"wordCount":771,"commentCount":0,"image":{"@id":"https:\/\/www.mzone.cz\/cesky-lev-pohled-do-prazdneho-kina\/#primaryimage"},"thumbnailUrl":"https:\/\/www.mzone.cz\/wp-content\/uploads\/2021\/02\/Cesky-lev.jpg","keywords":["ceny","\u010cesk\u00fd lev","\u010cFTA","film","Filmy","kinematografie","kino","Kultura","ocen\u011bn\u00ed","plak\u00e1t","pr\u00e1zdn\u00fd s\u00e1l","V\u00e1clav Kopta","vizu\u00e1l"],"articleSection":["Filmy","Kultura"],"inLanguage":"en-US","potentialAction":[{"@type":"CommentAction","name":"Comment","target":["https:\/\/www.mzone.cz\/cesky-lev-pohled-do-prazdneho-kina\/#respond"]}]},{"@type":"WebPage","@id":"https:\/\/www.mzone.cz\/cesky-lev-pohled-do-prazdneho-kina\/","url":"https:\/\/www.mzone.cz\/cesky-lev-pohled-do-prazdneho-kina\/","name":"\u010cesk\u00e9 lvy letos symbolizuje pohled do pr\u00e1zdn\u00e9ho kina - Mzone","isPartOf":{"@id":"https:\/\/www.mzone.cz\/#website"},"primaryImageOfPage":{"@id":"https:\/\/www.mzone.cz\/cesky-lev-pohled-do-prazdneho-kina\/#primaryimage"},"image":{"@id":"https:\/\/www.mzone.cz\/cesky-lev-pohled-do-prazdneho-kina\/#primaryimage"},"thumbnailUrl":"https:\/\/www.mzone.cz\/wp-content\/uploads\/2021\/02\/Cesky-lev.jpg","datePublished":"2021-02-19T14:00:00+00:00","author":{"@id":"https:\/\/www.mzone.cz\/#\/schema\/person\/9bc20cc422a99cac4af6ff9297da32d4"},"description":"Mimo\u0159\u00e1dn\u00fd ro\u010dn\u00edk cen \u010cesk\u00fd lev avizuje atypicky origin\u00e1ln\u00ed a hrav\u00fd, ale tak\u00e9 v\u00fdsti\u017en\u00fd vizu\u00e1l s moder\u00e1torem V\u00e1clavem Koptou v opu\u0161t\u011bn\u00e9m kin\u011b.","breadcrumb":{"@id":"https:\/\/www.mzone.cz\/cesky-lev-pohled-do-prazdneho-kina\/#breadcrumb"},"inLanguage":"en-US","potentialAction":[{"@type":"ReadAction","target":["https:\/\/www.mzone.cz\/cesky-lev-pohled-do-prazdneho-kina\/"]}]},{"@type":"ImageObject","inLanguage":"en-US","@id":"https:\/\/www.mzone.cz\/cesky-lev-pohled-do-prazdneho-kina\/#primaryimage","url":"https:\/\/www.mzone.cz\/wp-content\/uploads\/2021\/02\/Cesky-lev.jpg","contentUrl":"https:\/\/www.mzone.cz\/wp-content\/uploads\/2021\/02\/Cesky-lev.jpg","width":2000,"height":1334,"caption":"\u010cesk\u00fd lev"},{"@type":"BreadcrumbList","@id":"https:\/\/www.mzone.cz\/cesky-lev-pohled-do-prazdneho-kina\/#breadcrumb","itemListElement":[{"@type":"ListItem","position":1,"name":"Dom\u016f","item":"https:\/\/www.mzone.cz\/"},{"@type":"ListItem","position":2,"name":"\u010cesk\u00e9 lvy letos symbolizuje pohled do pr\u00e1zdn\u00e9ho kina"}]},{"@type":"WebSite","@id":"https:\/\/www.mzone.cz\/#website","url":"https:\/\/www.mzone.cz\/","name":"Mzone","description":"Magaz\u00edn nejen pro mu\u017ee","potentialAction":[{"@type":"SearchAction","target":{"@type":"EntryPoint","urlTemplate":"https:\/\/www.mzone.cz\/?s={search_term_string}"},"query-input":{"@type":"PropertyValueSpecification","valueRequired":true,"valueName":"search_term_string"}}],"inLanguage":"en-US"},{"@type":"Person","@id":"https:\/\/www.mzone.cz\/#\/schema\/person\/9bc20cc422a99cac4af6ff9297da32d4","name":"Mzone","image":{"@type":"ImageObject","inLanguage":"en-US","@id":"https:\/\/secure.gravatar.com\/avatar\/e780a8630f3182a3d06dd667ab6bea151a0d155b0951bc15fe22633acdac0676?s=96&d=mm&r=g","url":"https:\/\/secure.gravatar.com\/avatar\/e780a8630f3182a3d06dd667ab6bea151a0d155b0951bc15fe22633acdac0676?s=96&d=mm&r=g","contentUrl":"https:\/\/secure.gravatar.com\/avatar\/e780a8630f3182a3d06dd667ab6bea151a0d155b0951bc15fe22633acdac0676?s=96&d=mm&r=g","caption":"Mzone"},"url":"https:\/\/www.mzone.cz\/en\/author\/jakub\/"}]}},"_links":{"self":[{"href":"https:\/\/www.mzone.cz\/en\/wp-json\/wp\/v2\/posts\/29175","targetHints":{"allow":["GET"]}}],"collection":[{"href":"https:\/\/www.mzone.cz\/en\/wp-json\/wp\/v2\/posts"}],"about":[{"href":"https:\/\/www.mzone.cz\/en\/wp-json\/wp\/v2\/types\/post"}],"author":[{"embeddable":true,"href":"https:\/\/www.mzone.cz\/en\/wp-json\/wp\/v2\/users\/4"}],"replies":[{"embeddable":true,"href":"https:\/\/www.mzone.cz\/en\/wp-json\/wp\/v2\/comments?post=29175"}],"version-history":[{"count":10,"href":"https:\/\/www.mzone.cz\/en\/wp-json\/wp\/v2\/posts\/29175\/revisions"}],"predecessor-version":[{"id":29191,"href":"https:\/\/www.mzone.cz\/en\/wp-json\/wp\/v2\/posts\/29175\/revisions\/29191"}],"wp:featuredmedia":[{"embeddable":true,"href":"https:\/\/www.mzone.cz\/en\/wp-json\/wp\/v2\/media\/29177"}],"wp:attachment":[{"href":"https:\/\/www.mzone.cz\/en\/wp-json\/wp\/v2\/media?parent=29175"}],"wp:term":[{"taxonomy":"category","embeddable":true,"href":"https:\/\/www.mzone.cz\/en\/wp-json\/wp\/v2\/categories?post=29175"},{"taxonomy":"post_tag","embeddable":true,"href":"https:\/\/www.mzone.cz\/en\/wp-json\/wp\/v2\/tags?post=29175"}],"curies":[{"name":"wp","href":"https:\/\/api.w.org\/{rel}","templated":true}]}}