{"id":29386,"date":"2021-02-27T05:00:00","date_gmt":"2021-02-27T04:00:00","guid":{"rendered":"https:\/\/www.mzone.cz\/?p=29386"},"modified":"2021-02-17T19:03:20","modified_gmt":"2021-02-17T18:03:20","slug":"ford-elektrifikace-kolinska-tovarna-projde-transformaci-za-miliardu-dolaru","status":"publish","type":"post","link":"https:\/\/www.mzone.cz\/en\/ford-elektrifikace-kolinska-tovarna-projde-transformaci-za-miliardu-dolaru\/","title":{"rendered":"Fordy budou u\u017e jen na elekt\u0159inu! Kol\u00ednsk\u00e1 tov\u00e1rna projde transformac\u00ed za miliardu dolar\u016f"},"content":{"rendered":"<p><strong>Ford ozn\u00e1mil, \u017ee p\u0159ipravuje p\u0159echod cel\u00e9ho sv\u00e9ho portfolia osobn\u00edch voz\u016f na elektrick\u00fd pohon i v\u00fdrazn\u00e9 pos\u00edlen\u00ed sv\u00fdch aktivit \u2013 v\u010detn\u011b elektrifikace \u2013 v oblasti u\u017eitkov\u00fdch automobil\u016f.<\/strong><\/p><br>\n\n\n\n<p>Ford vyslovil z\u00e1vazek, \u017ee k polovin\u011b roku 2026 budou v\u0161echny modely z jeho evropsk\u00e9 nab\u00eddky osobn\u00edch voz\u016f schopny bezemisn\u00ed j\u00edzdy, a\u0165 u\u017e d\u00edky \u010dist\u011b elektrick\u00e9mu, nebo plug-in hybridn\u00edmu pohonu. V roce 2030 bude evropsk\u00e9 portfolio osobn\u00edch voz\u016f Ford ji\u017e 100% elektrick\u00e9.<\/p>\n\n\n\n<blockquote class=\"wp-block-quote is-layout-flow wp-block-quote-is-layout-flow\"><p>V\u0161echny u\u017eitkov\u00e9 vozy t\u00e9to zna\u010dky budou poh\u00e1n\u011bny \u010dist\u011b elektrick\u00fdm nebo plug-in hybridn\u00edm \u00fastroj\u00edm ji\u017e v roce 2024, p\u0159i\u010dem\u017e Ford p\u0159edpokl\u00e1d\u00e1, \u017ee v roce 2030 budou tyto varianty tvo\u0159it dv\u011b t\u0159etiny jeho celkov\u00e9ho prodejn\u00edho objemu u\u017eitkov\u00fdch voz\u016f na evropsk\u00e9m trhu.<\/p><\/blockquote>\n\n\n\n<p>Ozn\u00e1men\u00ed p\u0159i\u0161lo v n\u00e1vaznosti na zpr\u00e1vu, \u017ee evropsk\u00fd Ford se ve \u010dtvrt\u00e9m \u010dtvrtlet\u00ed 2020 vr\u00e1til do zisku a \u017ee spole\u010dnost p\u0159ipravuje masivn\u00ed celosv\u011btov\u00e9 investice do elektrifikace. Do roku 2025 Ford v t\u00e9to souvislosti proinvestuje nejm\u00e9n\u011b 22 miliard USD (v p\u0159epo\u010dtu p\u0159ibli\u017en\u011b 470 miliard korun), co\u017e je t\u00e9m\u011b\u0159 dvakr\u00e1t v\u00edc ne\u017e jeho d\u0159\u00edv\u011bj\u0161\u00ed z\u00e1vazek.<\/p><br>\n\n\n\n<figure class=\"wp-block-image size-large\"><img loading=\"lazy\" decoding=\"async\" width=\"1024\" height=\"683\" src=\"https:\/\/www.mzone.cz\/wp-content\/uploads\/2019\/04\/2019_FORD_KUGA_SIDE_CHARGING-1024x683.jpg\" alt=\"Ford vs\u00e1z\u00ed na elekt\u0159inu\" class=\"wp-image-7120\" srcset=\"https:\/\/www.mzone.cz\/wp-content\/uploads\/2019\/04\/2019_FORD_KUGA_SIDE_CHARGING-1024x683.jpg 1024w, https:\/\/www.mzone.cz\/wp-content\/uploads\/2019\/04\/2019_FORD_KUGA_SIDE_CHARGING-300x200.jpg 300w, https:\/\/www.mzone.cz\/wp-content\/uploads\/2019\/04\/2019_FORD_KUGA_SIDE_CHARGING-768x512.jpg 768w, https:\/\/www.mzone.cz\/wp-content\/uploads\/2019\/04\/2019_FORD_KUGA_SIDE_CHARGING-800x533.jpg 800w, https:\/\/www.mzone.cz\/wp-content\/uploads\/2019\/04\/2019_FORD_KUGA_SIDE_CHARGING-400x267.jpg 400w, https:\/\/www.mzone.cz\/wp-content\/uploads\/2019\/04\/2019_FORD_KUGA_SIDE_CHARGING-500x333.jpg 500w, https:\/\/www.mzone.cz\/wp-content\/uploads\/2019\/04\/2019_FORD_KUGA_SIDE_CHARGING-1170x780.jpg 1170w, https:\/\/www.mzone.cz\/wp-content\/uploads\/2019\/04\/2019_FORD_KUGA_SIDE_CHARGING-590x393.jpg 590w\" sizes=\"auto, (max-width: 1024px) 100vw, 1024px\" \/><\/figure><br>\n\n\n\n<p>\u201ePo \u00fasp\u011b\u0161n\u00e9 restrukturalizaci a n\u00e1vratu k ziskovosti na konci lo\u0148sk\u00e9ho roku nyn\u00ed s pot\u011b\u0161en\u00edm vstupujeme do dal\u0161\u00ed f\u00e1ze na\u0161eho pl\u00e1nu, vedeni z\u00e1vazkem p\u0159in\u00e1\u0161et na\u0161im z\u00e1kazn\u00edk\u016fm expresivn\u00ed nov\u00e9 vozy, zat\u00edmco zrychlujeme sm\u011b\u0159ov\u00e1n\u00ed k pln\u011b elektrick\u00e9 budoucnosti Fordu v Evrop\u011b,\u201c \u0159\u00edk\u00e1 prezident spole\u010dnosti Ford of Europe Stuart Rowley. \u201eO\u010dek\u00e1v\u00e1me, \u017ee i letos budeme v Evrop\u011b pokra\u010dovat v siln\u00e9m pozitivn\u00edm trendu a z\u016fstaneme na dobr\u00e9 cest\u011b k dosa\u017een\u00ed c\u00edlov\u00e9 \u0161estiprocentn\u00ed EBIT mar\u017ee,\u201c dod\u00e1v\u00e1 Rowley.<\/p><br>\n\n\n\n<h2 class=\"wp-block-heading\"><strong>Urychlen\u00ed r\u016fstu v u\u017eitkov\u00fdch vozidlech<\/strong><\/h2>\n\n\n\n<p>V roce 2020 se Ford stal ji\u017e po\u0161est\u00e9 v \u0159ad\u011b nejprod\u00e1van\u011bj\u0161\u00ed zna\u010dkou u\u017eitkov\u00fdch automobil\u016f v Evrop\u011b. R\u016fst v tomto segmentu je pro zna\u010dku kl\u00ed\u010dov\u00fd z hlediska ziskovosti. Proto investuje do produkt\u016f i slu\u017eeb, spolupracuje s rozs\u00e1hlou s\u00edt\u00ed p\u0159estavb\u00e1\u0159sk\u00fdch spole\u010dnost\u00ed a uzav\u0159ela strategickou alianci mezi Volkswagenem a sv\u00fdm joint-venture podnikem Ford Otosan, jej\u00edm\u017e c\u00edlem je sn\u00ed\u017een\u00ed n\u00e1klad\u016f pro ob\u011b strany.<\/p>\n\n\n\n<blockquote class=\"wp-block-quote is-layout-flow wp-block-quote-is-layout-flow\"><p>Motorem dal\u0161\u00edho r\u016fstu v segmentu u\u017eitkov\u00fdch automobil\u016f se stane ekosyst\u00e9m vybudovan\u00fd okolo online slu\u017eeb. Jsou vyv\u00edjen\u00e9 ve spolupr\u00e1ci se z\u00e1kazn\u00edky a jejich \u00fa\u010delem je p\u0159isp\u00edvat k prosperit\u011b jejich firem.<\/p><\/blockquote>\n\n\n\n<p>Pat\u0159\u00ed k nim slu\u017eby jako <a href=\"https:\/\/media.ford.com\/content\/fordmedia\/feu\/en\/news\/2019\/09\/19\/Ford_Pass_Pro.html\" target=\"_blank\" rel=\"noreferrer noopener\">aplikace FordPass Pro<\/a>, ur\u010den\u00e1 pro spr\u00e1vu a\u017e p\u011bti vozidel, nebo lo\u0148sk\u00e9 spu\u0161t\u011bn\u00ed slu\u017eby na spr\u00e1vu vozov\u00fdch park\u016f Ford Fleet Management ve spolupr\u00e1ci s ALD Automotive.<\/p><br>\n\n\n\n<p>Ford a Google tak\u00e9 ned\u00e1vno ozn\u00e1mily zalo\u017een\u00ed spole\u010dn\u00e9 pracovn\u00ed skupiny Team Upshift. Toto unik\u00e1tn\u00ed partnerstv\u00ed v kombinaci s vlastn\u00edm potenci\u00e1lem Fordu vytvo\u0159\u00ed p\u0159edpoklad pro z\u00e1sadn\u00ed zm\u011bny z\u00e1kaznick\u00e9 a u\u017eivatelsk\u00e9 zku\u0161enosti, a to jak v osobn\u00edch, tak v u\u017eitkov\u00fdch automobilech.<\/p><br>\n\n\n\n<h2 class=\"wp-block-heading\"><strong>Miliardov\u00e1 investice v Kol\u00edn\u011b nad R\u00fdnem<\/strong><\/h2>\n\n\n\n<p>V souvislosti s p\u0159\u00edpravami na svoji pln\u011b elektrickou budoucnost investuje Ford miliardu dolar\u016f (v p\u0159epo\u010dtu p\u0159ibli\u017en\u011b 22 miliard korun) do modernizace mont\u00e1\u017en\u00edho z\u00e1vodu v n\u011bmeck\u00e9m Kol\u00edn\u011b nad R\u00fdnem, kde m\u00e1 zna\u010dka svoji evropskou centr\u00e1lu i jednu z nejv\u011bt\u0161\u00edch v\u00fdrobn\u00edch z\u00e1kladen v Evrop\u011b. St\u00e1vaj\u00edc\u00ed mont\u00e1\u017en\u00ed z\u00e1vod se d\u00edky investici prom\u011bn\u00ed na\u00a0<em>Elektrifika\u010dn\u00ed st\u0159edisko Ford Kol\u00edn nad R\u00fdnem<\/em>.\u00a0<\/p>\n\n\n\n<blockquote class=\"wp-block-quote is-layout-flow wp-block-quote-is-layout-flow\"><p>Ford d\u00e1le ozn\u00e1mil, \u017ee v roce 2023 za\u010dne v tomto za\u0159\u00edzen\u00ed vznikat prvn\u00ed velkos\u00e9riov\u00fd v Evrop\u011b vyr\u00e1b\u011bn\u00fd a pro Evropu ur\u010den\u00fd osobn\u00ed elektromobil zna\u010dky. Zva\u017euje se i mo\u017enost vyr\u00e1b\u011bt zde je\u0161t\u011b jeden pln\u011b elektrick\u00fd model.<\/p><\/blockquote>\n\n\n\n<p>\u201eOzn\u00e1men\u00ed pl\u00e1novan\u00e9 transformace z\u00e1vodu v Kol\u00edn\u011b nad R\u00fdnem, kter\u00fd je ji\u017e 90 let na\u0161\u00edm n\u011bmeck\u00fdm domovem, je jedno z nejv\u00fdznamn\u011bj\u0161\u00edch, kter\u00e9 Ford u\u010dinil za celou generaci. Je potvrzen\u00edm na\u0161ich z\u00e1vazk\u016f v\u016f\u010di Evrop\u011b a modern\u00ed buducnosti elektrick\u00fdch automobil\u016f, na nich\u017e stoj\u00ed na\u0161e r\u016fstov\u00e1 strategie,\u201c \u0159\u00edk\u00e1 k transformaci Rowley.<\/p><br>\n\n\n\n<figure class=\"wp-block-image size-large\"><img loading=\"lazy\" decoding=\"async\" width=\"1024\" height=\"617\" src=\"https:\/\/www.mzone.cz\/wp-content\/uploads\/2021\/02\/uknufgkljx8wuc0qyfjf-1024x617.jpg\" alt=\"Transformace kol\u00ednsk\u00e9 fabriky\" class=\"wp-image-29404\" srcset=\"https:\/\/www.mzone.cz\/wp-content\/uploads\/2021\/02\/uknufgkljx8wuc0qyfjf-1024x617.jpg 1024w, https:\/\/www.mzone.cz\/wp-content\/uploads\/2021\/02\/uknufgkljx8wuc0qyfjf-300x181.jpg 300w, https:\/\/www.mzone.cz\/wp-content\/uploads\/2021\/02\/uknufgkljx8wuc0qyfjf-768x463.jpg 768w, https:\/\/www.mzone.cz\/wp-content\/uploads\/2021\/02\/uknufgkljx8wuc0qyfjf-16x10.jpg 16w, https:\/\/www.mzone.cz\/wp-content\/uploads\/2021\/02\/uknufgkljx8wuc0qyfjf-590x355.jpg 590w, https:\/\/www.mzone.cz\/wp-content\/uploads\/2021\/02\/uknufgkljx8wuc0qyfjf.jpg 1340w\" sizes=\"auto, (max-width: 1024px) 100vw, 1024px\" \/><\/figure><br>\n\n\n\n<p>\u201eRozhodnut\u00ed ud\u011blat z v\u00fdrobn\u00edho a v\u00fdvojov\u00e9ho za\u0159\u00edzen\u00ed v Kol\u00edn\u011b nad R\u00fdnem centrum elektrick\u00e9 mobility Fordu pro Evropu je d\u016fle\u017eit\u00fd sign\u00e1l pro v\u0161echny zam\u011bstnance,\u201c \u0159\u00edk\u00e1 p\u0159edseda zam\u011bstnaneck\u00e9 rady Fordu Martin Hennig.<\/p><br>\n\n\n\n<p>Rowley pak je\u0161t\u011b na z\u00e1v\u011br doplnil: \u201eBudeme nab\u00edzet v\u00fdjime\u010dnou \u0159adu elektrifikovan\u00fdch model\u016f, podporovanou digit\u00e1ln\u00edmi slu\u017ebami zam\u011b\u0159en\u00fdmi na spot\u0159ebitele, kter\u00e1 z\u00e1kazn\u00edk\u016fm umo\u017en\u00ed vydat se s n\u00e1mi na cestu do pln\u011b elektrick\u00e9 budoucnosti. Za\u010d\u00edn\u00e1me pr\u00e1v\u011b te\u010f uveden\u00edm nov\u00e9ho Mustangu Mach-E s v\u00fdhradn\u011b elektrick\u00fdm pohonem. V kombinaci s \u00fasp\u011b\u0161n\u00fdm sektorem u\u017eitkov\u00fdch automobil\u016f tak vytvo\u0159\u00edme z\u00e1klady pro udr\u017eiteln\u011b ziskov\u00fd byznys Fordu v Evrop\u011b.\u201c<\/p><br>\n\n\n\n<div class=\"wp-block-media-text alignwide is-stacked-on-mobile is-vertically-aligned-top\" style=\"grid-template-columns:23% auto\"><figure class=\"wp-block-media-text__media\"><a href=\"https:\/\/www.mzone.cz\/elektricky-mustang-vykouzli-usmev-na-tvari-slibuje-ford\/\"><img loading=\"lazy\" decoding=\"async\" width=\"1024\" height=\"683\" src=\"https:\/\/www.mzone.cz\/wp-content\/uploads\/2020\/09\/Elektricky-Mustang-Mach-E-1024x683.jpg\" alt=\"\" class=\"wp-image-24389 size-full\" srcset=\"https:\/\/www.mzone.cz\/wp-content\/uploads\/2020\/09\/Elektricky-Mustang-Mach-E-1024x683.jpg 1024w, https:\/\/www.mzone.cz\/wp-content\/uploads\/2020\/09\/Elektricky-Mustang-Mach-E-300x200.jpg 300w, https:\/\/www.mzone.cz\/wp-content\/uploads\/2020\/09\/Elektricky-Mustang-Mach-E-768x512.jpg 768w, https:\/\/www.mzone.cz\/wp-content\/uploads\/2020\/09\/Elektricky-Mustang-Mach-E-1536x1024.jpg 1536w, https:\/\/www.mzone.cz\/wp-content\/uploads\/2020\/09\/Elektricky-Mustang-Mach-E-2048x1366.jpg 2048w, https:\/\/www.mzone.cz\/wp-content\/uploads\/2020\/09\/Elektricky-Mustang-Mach-E-800x533.jpg 800w, https:\/\/www.mzone.cz\/wp-content\/uploads\/2020\/09\/Elektricky-Mustang-Mach-E-400x267.jpg 400w, https:\/\/www.mzone.cz\/wp-content\/uploads\/2020\/09\/Elektricky-Mustang-Mach-E-500x333.jpg 500w, https:\/\/www.mzone.cz\/wp-content\/uploads\/2020\/09\/Elektricky-Mustang-Mach-E-1170x780.jpg 1170w, https:\/\/www.mzone.cz\/wp-content\/uploads\/2020\/09\/Elektricky-Mustang-Mach-E-590x393.jpg 590w\" sizes=\"auto, (max-width: 1024px) 100vw, 1024px\" \/><\/a><\/figure><div class=\"wp-block-media-text__content\">\n<h4><a href=\"https:\/\/www.mzone.cz\/elektricky-mustang-vykouzli-usmev-na-tvari-slibuje-ford\/\">Nov\u00fd elektrick\u00fd Mustang vykouzl\u00ed \u0159idi\u010d\u016fm \u00fasm\u011bv na tv\u00e1\u0159i, slibuje Ford<\/a><\/h4><br>\n<\/div><\/div>","protected":false},"excerpt":{"rendered":"<p>Ford ozn\u00e1mil, \u017ee p\u0159ipravuje p\u0159echod cel\u00e9ho sv\u00e9ho portfolia osobn\u00edch voz\u016f na elektrick\u00fd pohon i v\u00fdrazn\u00e9 pos\u00edlen\u00ed sv\u00fdch aktivit \u2013 v\u010detn\u011b elektrifikace \u2013 v oblasti u\u017eitkov\u00fdch automobil\u016f. Ford vyslovil z\u00e1vazek, \u017ee k polovin\u011b roku 2026 budou v\u0161echny modely z jeho evropsk\u00e9 nab\u00eddky osobn\u00edch voz\u016f schopny bezemisn\u00ed j\u00edzdy, a\u0165 u\u017e d\u00edky \u010dist\u011b elektrick\u00e9mu, nebo plug-in hybridn\u00edmu pohonu. [&hellip;]<\/p>\n","protected":false},"author":4,"featured_media":29387,"comment_status":"open","ping_status":"closed","sticky":false,"template":"","format":"standard","meta":{"kk_blocks_editor_width":"","_kiokenblocks_attr":"","_kiokenblocks_dimensions":"","footnotes":""},"categories":[69],"tags":[585,82,462,1094,552,950,605,692,2613,3380,553,4797,624,3379,4796,622],"class_list":["post-29386","post","type-post","status-publish","format-standard","has-post-thumbnail","hentry","category-auto-moto","tag-auta","tag-auto","tag-auto-moto","tag-automobilovy-prumysl","tag-automobily","tag-budoucnost","tag-elektrifikace","tag-elektromobilita","tag-elektromobily","tag-fabrika","tag-ford","tag-prerod","tag-produkce","tag-tovarna","tag-transformace","tag-vyroba"],"yoast_head":"<!-- This site is optimized with the Yoast SEO plugin v27.5 - https:\/\/yoast.com\/product\/yoast-seo-wordpress\/ -->\n<title>Fordy budou u\u017e jen na elekt\u0159inu! Kol\u00ednsk\u00e1 tov\u00e1rna projde transformac\u00ed za miliardu dolar\u016f - Mzone<\/title>\n<meta name=\"description\" content=\"Ford ozn\u00e1mil, \u017ee p\u0159ipravuje p\u0159echod cel\u00e9ho sv\u00e9ho portfolia osobn\u00edch voz\u016f na elektrick\u00fd pohon i v\u00fdrazn\u00e9 pos\u00edlen\u00ed sv\u00fdch aktivit \u2013 v\u010detn\u011b elektrifikace \u2013 v oblasti u\u017eitkov\u00fdch automobil\u016f.\" \/>\n<meta name=\"robots\" content=\"index, follow, max-snippet:-1, max-image-preview:large, max-video-preview:-1\" \/>\n<link rel=\"canonical\" href=\"https:\/\/www.mzone.cz\/en\/ford-elektrifikace-kolinska-tovarna-projde-transformaci-za-miliardu-dolaru\/\" \/>\n<meta property=\"og:locale\" content=\"en_US\" \/>\n<meta property=\"og:type\" content=\"article\" \/>\n<meta property=\"og:title\" content=\"Fordy budou u\u017e jen na elekt\u0159inu! Kol\u00ednsk\u00e1 tov\u00e1rna projde transformac\u00ed za miliardu dolar\u016f - Mzone\" \/>\n<meta property=\"og:description\" content=\"Ford ozn\u00e1mil, \u017ee p\u0159ipravuje p\u0159echod cel\u00e9ho sv\u00e9ho portfolia osobn\u00edch voz\u016f na elektrick\u00fd pohon i v\u00fdrazn\u00e9 pos\u00edlen\u00ed sv\u00fdch aktivit \u2013 v\u010detn\u011b elektrifikace \u2013 v oblasti u\u017eitkov\u00fdch automobil\u016f.\" \/>\n<meta property=\"og:url\" content=\"https:\/\/www.mzone.cz\/en\/ford-elektrifikace-kolinska-tovarna-projde-transformaci-za-miliardu-dolaru\/\" \/>\n<meta property=\"og:site_name\" content=\"Mzone\" \/>\n<meta property=\"article:publisher\" content=\"https:\/\/www.facebook.com\/MzoneCZ\/\" \/>\n<meta property=\"article:published_time\" content=\"2021-02-27T04:00:00+00:00\" \/>\n<meta property=\"og:image\" content=\"https:\/\/www.mzone.cz\/wp-content\/uploads\/2021\/02\/Tovarna-Ford.jpg\" \/>\n\t<meta property=\"og:image:width\" content=\"1034\" \/>\n\t<meta property=\"og:image:height\" content=\"689\" \/>\n\t<meta property=\"og:image:type\" content=\"image\/jpeg\" \/>\n<meta name=\"author\" content=\"Mzone\" \/>\n<meta name=\"twitter:card\" content=\"summary_large_image\" \/>\n<meta name=\"twitter:label1\" content=\"Written by\" \/>\n\t<meta name=\"twitter:data1\" content=\"Mzone\" \/>\n\t<meta name=\"twitter:label2\" content=\"Est. reading time\" \/>\n\t<meta name=\"twitter:data2\" content=\"4 minutes\" \/>\n<script type=\"application\/ld+json\" class=\"yoast-schema-graph\">{\"@context\":\"https:\\\/\\\/schema.org\",\"@graph\":[{\"@type\":\"Article\",\"@id\":\"https:\\\/\\\/www.mzone.cz\\\/ford-elektrifikace-kolinska-tovarna-projde-transformaci-za-miliardu-dolaru\\\/#article\",\"isPartOf\":{\"@id\":\"https:\\\/\\\/www.mzone.cz\\\/ford-elektrifikace-kolinska-tovarna-projde-transformaci-za-miliardu-dolaru\\\/\"},\"author\":{\"name\":\"Mzone\",\"@id\":\"https:\\\/\\\/www.mzone.cz\\\/#\\\/schema\\\/person\\\/9bc20cc422a99cac4af6ff9297da32d4\"},\"headline\":\"Fordy budou u\u017e jen na elekt\u0159inu! Kol\u00ednsk\u00e1 tov\u00e1rna projde transformac\u00ed za miliardu dolar\u016f\",\"datePublished\":\"2021-02-27T04:00:00+00:00\",\"mainEntityOfPage\":{\"@id\":\"https:\\\/\\\/www.mzone.cz\\\/ford-elektrifikace-kolinska-tovarna-projde-transformaci-za-miliardu-dolaru\\\/\"},\"wordCount\":908,\"commentCount\":0,\"image\":{\"@id\":\"https:\\\/\\\/www.mzone.cz\\\/ford-elektrifikace-kolinska-tovarna-projde-transformaci-za-miliardu-dolaru\\\/#primaryimage\"},\"thumbnailUrl\":\"https:\\\/\\\/www.mzone.cz\\\/wp-content\\\/uploads\\\/2021\\\/02\\\/Tovarna-Ford.jpg\",\"keywords\":[\"auta\",\"Auto\",\"auto-moto\",\"automobilov\u00fd pr\u016fmysl\",\"automobily\",\"budoucnost\",\"elektrifikace\",\"elektromobilita\",\"elektromobily\",\"fabrika\",\"Ford\",\"p\u0159erod\",\"produkce\",\"tov\u00e1rna\",\"transformace\",\"v\u00fdroba\"],\"articleSection\":[\"Auto-moto\"],\"inLanguage\":\"en-US\",\"potentialAction\":[{\"@type\":\"CommentAction\",\"name\":\"Comment\",\"target\":[\"https:\\\/\\\/www.mzone.cz\\\/ford-elektrifikace-kolinska-tovarna-projde-transformaci-za-miliardu-dolaru\\\/#respond\"]}]},{\"@type\":\"WebPage\",\"@id\":\"https:\\\/\\\/www.mzone.cz\\\/ford-elektrifikace-kolinska-tovarna-projde-transformaci-za-miliardu-dolaru\\\/\",\"url\":\"https:\\\/\\\/www.mzone.cz\\\/ford-elektrifikace-kolinska-tovarna-projde-transformaci-za-miliardu-dolaru\\\/\",\"name\":\"Fordy budou u\u017e jen na elekt\u0159inu! Kol\u00ednsk\u00e1 tov\u00e1rna projde transformac\u00ed za miliardu dolar\u016f - Mzone\",\"isPartOf\":{\"@id\":\"https:\\\/\\\/www.mzone.cz\\\/#website\"},\"primaryImageOfPage\":{\"@id\":\"https:\\\/\\\/www.mzone.cz\\\/ford-elektrifikace-kolinska-tovarna-projde-transformaci-za-miliardu-dolaru\\\/#primaryimage\"},\"image\":{\"@id\":\"https:\\\/\\\/www.mzone.cz\\\/ford-elektrifikace-kolinska-tovarna-projde-transformaci-za-miliardu-dolaru\\\/#primaryimage\"},\"thumbnailUrl\":\"https:\\\/\\\/www.mzone.cz\\\/wp-content\\\/uploads\\\/2021\\\/02\\\/Tovarna-Ford.jpg\",\"datePublished\":\"2021-02-27T04:00:00+00:00\",\"author\":{\"@id\":\"https:\\\/\\\/www.mzone.cz\\\/#\\\/schema\\\/person\\\/9bc20cc422a99cac4af6ff9297da32d4\"},\"description\":\"Ford ozn\u00e1mil, \u017ee p\u0159ipravuje p\u0159echod cel\u00e9ho sv\u00e9ho portfolia osobn\u00edch voz\u016f na elektrick\u00fd pohon i v\u00fdrazn\u00e9 pos\u00edlen\u00ed sv\u00fdch aktivit \u2013 v\u010detn\u011b elektrifikace \u2013 v oblasti u\u017eitkov\u00fdch automobil\u016f.\",\"breadcrumb\":{\"@id\":\"https:\\\/\\\/www.mzone.cz\\\/ford-elektrifikace-kolinska-tovarna-projde-transformaci-za-miliardu-dolaru\\\/#breadcrumb\"},\"inLanguage\":\"en-US\",\"potentialAction\":[{\"@type\":\"ReadAction\",\"target\":[\"https:\\\/\\\/www.mzone.cz\\\/ford-elektrifikace-kolinska-tovarna-projde-transformaci-za-miliardu-dolaru\\\/\"]}]},{\"@type\":\"ImageObject\",\"inLanguage\":\"en-US\",\"@id\":\"https:\\\/\\\/www.mzone.cz\\\/ford-elektrifikace-kolinska-tovarna-projde-transformaci-za-miliardu-dolaru\\\/#primaryimage\",\"url\":\"https:\\\/\\\/www.mzone.cz\\\/wp-content\\\/uploads\\\/2021\\\/02\\\/Tovarna-Ford.jpg\",\"contentUrl\":\"https:\\\/\\\/www.mzone.cz\\\/wp-content\\\/uploads\\\/2021\\\/02\\\/Tovarna-Ford.jpg\",\"width\":1034,\"height\":689,\"caption\":\"Tov\u00e1rna Ford v Kol\u00edn\u011b\"},{\"@type\":\"BreadcrumbList\",\"@id\":\"https:\\\/\\\/www.mzone.cz\\\/ford-elektrifikace-kolinska-tovarna-projde-transformaci-za-miliardu-dolaru\\\/#breadcrumb\",\"itemListElement\":[{\"@type\":\"ListItem\",\"position\":1,\"name\":\"Dom\u016f\",\"item\":\"https:\\\/\\\/www.mzone.cz\\\/\"},{\"@type\":\"ListItem\",\"position\":2,\"name\":\"Fordy budou u\u017e jen na elekt\u0159inu! Kol\u00ednsk\u00e1 tov\u00e1rna projde transformac\u00ed za miliardu dolar\u016f\"}]},{\"@type\":\"WebSite\",\"@id\":\"https:\\\/\\\/www.mzone.cz\\\/#website\",\"url\":\"https:\\\/\\\/www.mzone.cz\\\/\",\"name\":\"Mzone\",\"description\":\"Magaz\u00edn nejen pro mu\u017ee\",\"potentialAction\":[{\"@type\":\"SearchAction\",\"target\":{\"@type\":\"EntryPoint\",\"urlTemplate\":\"https:\\\/\\\/www.mzone.cz\\\/?s={search_term_string}\"},\"query-input\":{\"@type\":\"PropertyValueSpecification\",\"valueRequired\":true,\"valueName\":\"search_term_string\"}}],\"inLanguage\":\"en-US\"},{\"@type\":\"Person\",\"@id\":\"https:\\\/\\\/www.mzone.cz\\\/#\\\/schema\\\/person\\\/9bc20cc422a99cac4af6ff9297da32d4\",\"name\":\"Mzone\",\"image\":{\"@type\":\"ImageObject\",\"inLanguage\":\"en-US\",\"@id\":\"https:\\\/\\\/secure.gravatar.com\\\/avatar\\\/e780a8630f3182a3d06dd667ab6bea151a0d155b0951bc15fe22633acdac0676?s=96&d=mm&r=g\",\"url\":\"https:\\\/\\\/secure.gravatar.com\\\/avatar\\\/e780a8630f3182a3d06dd667ab6bea151a0d155b0951bc15fe22633acdac0676?s=96&d=mm&r=g\",\"contentUrl\":\"https:\\\/\\\/secure.gravatar.com\\\/avatar\\\/e780a8630f3182a3d06dd667ab6bea151a0d155b0951bc15fe22633acdac0676?s=96&d=mm&r=g\",\"caption\":\"Mzone\"},\"url\":\"https:\\\/\\\/www.mzone.cz\\\/en\\\/author\\\/jakub\\\/\"}]}<\/script>\n<!-- \/ Yoast SEO plugin. -->","yoast_head_json":{"title":"Fordy budou u\u017e jen na elekt\u0159inu! Kol\u00ednsk\u00e1 tov\u00e1rna projde transformac\u00ed za miliardu dolar\u016f - Mzone","description":"Ford ozn\u00e1mil, \u017ee p\u0159ipravuje p\u0159echod cel\u00e9ho sv\u00e9ho portfolia osobn\u00edch voz\u016f na elektrick\u00fd pohon i v\u00fdrazn\u00e9 pos\u00edlen\u00ed sv\u00fdch aktivit \u2013 v\u010detn\u011b elektrifikace \u2013 v oblasti u\u017eitkov\u00fdch automobil\u016f.","robots":{"index":"index","follow":"follow","max-snippet":"max-snippet:-1","max-image-preview":"max-image-preview:large","max-video-preview":"max-video-preview:-1"},"canonical":"https:\/\/www.mzone.cz\/en\/ford-elektrifikace-kolinska-tovarna-projde-transformaci-za-miliardu-dolaru\/","og_locale":"en_US","og_type":"article","og_title":"Fordy budou u\u017e jen na elekt\u0159inu! Kol\u00ednsk\u00e1 tov\u00e1rna projde transformac\u00ed za miliardu dolar\u016f - Mzone","og_description":"Ford ozn\u00e1mil, \u017ee p\u0159ipravuje p\u0159echod cel\u00e9ho sv\u00e9ho portfolia osobn\u00edch voz\u016f na elektrick\u00fd pohon i v\u00fdrazn\u00e9 pos\u00edlen\u00ed sv\u00fdch aktivit \u2013 v\u010detn\u011b elektrifikace \u2013 v oblasti u\u017eitkov\u00fdch automobil\u016f.","og_url":"https:\/\/www.mzone.cz\/en\/ford-elektrifikace-kolinska-tovarna-projde-transformaci-za-miliardu-dolaru\/","og_site_name":"Mzone","article_publisher":"https:\/\/www.facebook.com\/MzoneCZ\/","article_published_time":"2021-02-27T04:00:00+00:00","og_image":[{"width":1034,"height":689,"url":"https:\/\/www.mzone.cz\/wp-content\/uploads\/2021\/02\/Tovarna-Ford.jpg","type":"image\/jpeg"}],"author":"Mzone","twitter_card":"summary_large_image","twitter_misc":{"Written by":"Mzone","Est. reading time":"4 minutes"},"schema":{"@context":"https:\/\/schema.org","@graph":[{"@type":"Article","@id":"https:\/\/www.mzone.cz\/ford-elektrifikace-kolinska-tovarna-projde-transformaci-za-miliardu-dolaru\/#article","isPartOf":{"@id":"https:\/\/www.mzone.cz\/ford-elektrifikace-kolinska-tovarna-projde-transformaci-za-miliardu-dolaru\/"},"author":{"name":"Mzone","@id":"https:\/\/www.mzone.cz\/#\/schema\/person\/9bc20cc422a99cac4af6ff9297da32d4"},"headline":"Fordy budou u\u017e jen na elekt\u0159inu! Kol\u00ednsk\u00e1 tov\u00e1rna projde transformac\u00ed za miliardu dolar\u016f","datePublished":"2021-02-27T04:00:00+00:00","mainEntityOfPage":{"@id":"https:\/\/www.mzone.cz\/ford-elektrifikace-kolinska-tovarna-projde-transformaci-za-miliardu-dolaru\/"},"wordCount":908,"commentCount":0,"image":{"@id":"https:\/\/www.mzone.cz\/ford-elektrifikace-kolinska-tovarna-projde-transformaci-za-miliardu-dolaru\/#primaryimage"},"thumbnailUrl":"https:\/\/www.mzone.cz\/wp-content\/uploads\/2021\/02\/Tovarna-Ford.jpg","keywords":["auta","Auto","auto-moto","automobilov\u00fd pr\u016fmysl","automobily","budoucnost","elektrifikace","elektromobilita","elektromobily","fabrika","Ford","p\u0159erod","produkce","tov\u00e1rna","transformace","v\u00fdroba"],"articleSection":["Auto-moto"],"inLanguage":"en-US","potentialAction":[{"@type":"CommentAction","name":"Comment","target":["https:\/\/www.mzone.cz\/ford-elektrifikace-kolinska-tovarna-projde-transformaci-za-miliardu-dolaru\/#respond"]}]},{"@type":"WebPage","@id":"https:\/\/www.mzone.cz\/ford-elektrifikace-kolinska-tovarna-projde-transformaci-za-miliardu-dolaru\/","url":"https:\/\/www.mzone.cz\/ford-elektrifikace-kolinska-tovarna-projde-transformaci-za-miliardu-dolaru\/","name":"Fordy budou u\u017e jen na elekt\u0159inu! Kol\u00ednsk\u00e1 tov\u00e1rna projde transformac\u00ed za miliardu dolar\u016f - Mzone","isPartOf":{"@id":"https:\/\/www.mzone.cz\/#website"},"primaryImageOfPage":{"@id":"https:\/\/www.mzone.cz\/ford-elektrifikace-kolinska-tovarna-projde-transformaci-za-miliardu-dolaru\/#primaryimage"},"image":{"@id":"https:\/\/www.mzone.cz\/ford-elektrifikace-kolinska-tovarna-projde-transformaci-za-miliardu-dolaru\/#primaryimage"},"thumbnailUrl":"https:\/\/www.mzone.cz\/wp-content\/uploads\/2021\/02\/Tovarna-Ford.jpg","datePublished":"2021-02-27T04:00:00+00:00","author":{"@id":"https:\/\/www.mzone.cz\/#\/schema\/person\/9bc20cc422a99cac4af6ff9297da32d4"},"description":"Ford ozn\u00e1mil, \u017ee p\u0159ipravuje p\u0159echod cel\u00e9ho sv\u00e9ho portfolia osobn\u00edch voz\u016f na elektrick\u00fd pohon i v\u00fdrazn\u00e9 pos\u00edlen\u00ed sv\u00fdch aktivit \u2013 v\u010detn\u011b elektrifikace \u2013 v oblasti u\u017eitkov\u00fdch automobil\u016f.","breadcrumb":{"@id":"https:\/\/www.mzone.cz\/ford-elektrifikace-kolinska-tovarna-projde-transformaci-za-miliardu-dolaru\/#breadcrumb"},"inLanguage":"en-US","potentialAction":[{"@type":"ReadAction","target":["https:\/\/www.mzone.cz\/ford-elektrifikace-kolinska-tovarna-projde-transformaci-za-miliardu-dolaru\/"]}]},{"@type":"ImageObject","inLanguage":"en-US","@id":"https:\/\/www.mzone.cz\/ford-elektrifikace-kolinska-tovarna-projde-transformaci-za-miliardu-dolaru\/#primaryimage","url":"https:\/\/www.mzone.cz\/wp-content\/uploads\/2021\/02\/Tovarna-Ford.jpg","contentUrl":"https:\/\/www.mzone.cz\/wp-content\/uploads\/2021\/02\/Tovarna-Ford.jpg","width":1034,"height":689,"caption":"Tov\u00e1rna Ford v Kol\u00edn\u011b"},{"@type":"BreadcrumbList","@id":"https:\/\/www.mzone.cz\/ford-elektrifikace-kolinska-tovarna-projde-transformaci-za-miliardu-dolaru\/#breadcrumb","itemListElement":[{"@type":"ListItem","position":1,"name":"Dom\u016f","item":"https:\/\/www.mzone.cz\/"},{"@type":"ListItem","position":2,"name":"Fordy budou u\u017e jen na elekt\u0159inu! Kol\u00ednsk\u00e1 tov\u00e1rna projde transformac\u00ed za miliardu dolar\u016f"}]},{"@type":"WebSite","@id":"https:\/\/www.mzone.cz\/#website","url":"https:\/\/www.mzone.cz\/","name":"Mzone","description":"Magaz\u00edn nejen pro mu\u017ee","potentialAction":[{"@type":"SearchAction","target":{"@type":"EntryPoint","urlTemplate":"https:\/\/www.mzone.cz\/?s={search_term_string}"},"query-input":{"@type":"PropertyValueSpecification","valueRequired":true,"valueName":"search_term_string"}}],"inLanguage":"en-US"},{"@type":"Person","@id":"https:\/\/www.mzone.cz\/#\/schema\/person\/9bc20cc422a99cac4af6ff9297da32d4","name":"Mzone","image":{"@type":"ImageObject","inLanguage":"en-US","@id":"https:\/\/secure.gravatar.com\/avatar\/e780a8630f3182a3d06dd667ab6bea151a0d155b0951bc15fe22633acdac0676?s=96&d=mm&r=g","url":"https:\/\/secure.gravatar.com\/avatar\/e780a8630f3182a3d06dd667ab6bea151a0d155b0951bc15fe22633acdac0676?s=96&d=mm&r=g","contentUrl":"https:\/\/secure.gravatar.com\/avatar\/e780a8630f3182a3d06dd667ab6bea151a0d155b0951bc15fe22633acdac0676?s=96&d=mm&r=g","caption":"Mzone"},"url":"https:\/\/www.mzone.cz\/en\/author\/jakub\/"}]}},"_links":{"self":[{"href":"https:\/\/www.mzone.cz\/en\/wp-json\/wp\/v2\/posts\/29386","targetHints":{"allow":["GET"]}}],"collection":[{"href":"https:\/\/www.mzone.cz\/en\/wp-json\/wp\/v2\/posts"}],"about":[{"href":"https:\/\/www.mzone.cz\/en\/wp-json\/wp\/v2\/types\/post"}],"author":[{"embeddable":true,"href":"https:\/\/www.mzone.cz\/en\/wp-json\/wp\/v2\/users\/4"}],"replies":[{"embeddable":true,"href":"https:\/\/www.mzone.cz\/en\/wp-json\/wp\/v2\/comments?post=29386"}],"version-history":[{"count":14,"href":"https:\/\/www.mzone.cz\/en\/wp-json\/wp\/v2\/posts\/29386\/revisions"}],"predecessor-version":[{"id":29411,"href":"https:\/\/www.mzone.cz\/en\/wp-json\/wp\/v2\/posts\/29386\/revisions\/29411"}],"wp:featuredmedia":[{"embeddable":true,"href":"https:\/\/www.mzone.cz\/en\/wp-json\/wp\/v2\/media\/29387"}],"wp:attachment":[{"href":"https:\/\/www.mzone.cz\/en\/wp-json\/wp\/v2\/media?parent=29386"}],"wp:term":[{"taxonomy":"category","embeddable":true,"href":"https:\/\/www.mzone.cz\/en\/wp-json\/wp\/v2\/categories?post=29386"},{"taxonomy":"post_tag","embeddable":true,"href":"https:\/\/www.mzone.cz\/en\/wp-json\/wp\/v2\/tags?post=29386"}],"curies":[{"name":"wp","href":"https:\/\/api.w.org\/{rel}","templated":true}]}}