{"id":29608,"date":"2021-02-28T05:00:00","date_gmt":"2021-02-28T04:00:00","guid":{"rendered":"https:\/\/www.mzone.cz\/?p=29608"},"modified":"2021-02-22T20:59:48","modified_gmt":"2021-02-22T19:59:48","slug":"zeniste-se-pripravuji-na-misi-v-lotyssku","status":"publish","type":"post","link":"https:\/\/www.mzone.cz\/en\/zeniste-se-pripravuji-na-misi-v-lotyssku\/","title":{"rendered":"\u010ce\u0161t\u00ed \u017eenist\u00e9 se v zim\u011b a na sn\u011bhu p\u0159ipravuj\u00ed na misi v Loty\u0161sku"},"content":{"rendered":"<p><strong>\u201eKontakt na \u0161est\u00e9 hodin\u011b!\u201c Informace se b\u011bhem vte\u0159iny oz\u00fdv\u00e1 ze v\u0161ech stran. T\u0159icet osm voj\u00e1k\u016f 15. \u017eenijn\u00edho pluku vyb\u00edh\u00e1 ze stan\u016f a zauj\u00edm\u00e1 m\u00edsta p\u0159i obran\u011b sv\u00e9ho prostoru rozm\u00edst\u011bn\u00ed. Zaleh\u00e1vaj\u00ed do bahna a sn\u011bhu a jsou p\u0159ipraven\u00ed st\u0159\u00edlet. Za\u010d\u00edn\u00e1 t\u0159et\u00ed den jejich praktick\u00e9ho v\u00fdcviku, kter\u00fd je m\u00e1 p\u0159ipravit na zahrani\u010dn\u00ed operaci v Loty\u0161sku.<\/strong><\/p><br>\n\n\n\n<p>\u201e7. \u00fakolov\u00e9&nbsp;uskupen\u00ed se nach\u00e1z\u00ed ve f\u00e1zi spole\u010dn\u00e9 p\u0159\u00edpravy. V sou\u010dasn\u00e9 dob\u011b prob\u00edh\u00e1 poln\u00ed v\u00fdcvik pos\u00edlen\u00e9 pontonov\u00e9 \u010dety v pos\u00e1dce Bechyn\u011b zam\u011b\u0159en\u00fd na bojov\u00e9 drily, \u010dinnost v prostoru rozm\u00edst\u011bn\u00ed nebo reakce na incidenty. Velitelsk\u00fd prvek z\u00e1rove\u0148 zpracov\u00e1v\u00e1 opera\u010dn\u00ed dokumentaci a pln\u00ed \u00fakoly logistick\u00e9 p\u0159\u00edpravy,\u201c up\u0159esnil n\u00e1pl\u0148 v\u00fdcviku velitel 7. \u00fakolov\u00e9ho uskupen\u00ed kapit\u00e1n Josef Kurfi\u0159t.<\/p><br>\n\n\n\n<h2 class=\"wp-block-heading\"><strong>Mise = nov\u00e9 zku\u0161enosti<\/strong><\/h2>\n\n\n\n<p>P\u0159ibli\u017en\u011b 80 voj\u00e1k\u016f nejen ze \u017eenijn\u00edho pluku u\u017e m\u00e1 od za\u010d\u00e1tku roku za sebou teoretickou p\u0159\u00edpravu na r\u016fzn\u00e1 t\u00e9mata, kter\u00e1 souvis\u00ed se zahrani\u010dn\u00ed operac\u00ed. \u201eKrom\u011b toho si n\u011bkte\u0159\u00ed voj\u00e1ci mus\u00ed je\u0161t\u011b doplnit chyb\u011bj\u00edc\u00ed kurzy, kter\u00e9 z d\u016fvodu protiepidemiologick\u00fdch opat\u0159en\u00ed nemohli absolvovat na konci minul\u00e9ho roku a kter\u00e9 jsou pro v\u00fdjezd do Loty\u0161ska nezbytn\u00e9,\u201c doplnil Kurfi\u0159t a dodal, \u017ee sou\u010dasn\u00e1 situace jim neust\u00e1le komplikuje pl\u00e1ny. I tak ale p\u0159\u00edprava pokra\u010duje d\u00e1l. Hlavn\u00edm \u00fakolem je, aby se jednotka sehr\u00e1la a voj\u00e1ci se navz\u00e1jem l\u00e9pe poznali, i v n\u00e1ro\u010dn\u00fdch podm\u00ednk\u00e1ch.<\/p>\n\n\n\n<blockquote class=\"wp-block-quote is-layout-flow wp-block-quote-is-layout-flow\"><p>\u201eU\u017e od za\u010d\u00e1tku jsme mezi sebou najeli na vlnu humoru, a i\u00a0p\u0159esto\u017ee n\u00e1m po\u010das\u00ed moc nep\u0159eje, za\u010d\u00edn\u00e1 t\u00e1t sn\u00edh a v\u0161ude je bl\u00e1to,\u00a0stmelujeme se a po\u0159\u00e1d se sna\u017e\u00edme dr\u017eet spr\u00e1vnou mor\u00e1lku,\u201c prozradil star\u0161\u00ed \u017eenista na 1. pontonov\u00e9 \u010det\u011b des\u00e1tn\u00edk Pavel Hanousek, pro kter\u00e9ho bude mise v Loty\u0161sku v\u016fbec prvn\u00ed zku\u0161enost\u00ed se zahrani\u010dn\u00ed operac\u00ed.<\/p><\/blockquote>\n\n\n\n<p>\u201eVid\u00edm v tom velkou p\u0159\u00edle\u017eitost k z\u00edsk\u00e1n\u00ed nov\u00fdch zku\u0161enost\u00ed a tak\u00e9 kari\u00e9rn\u00edho postupu,\u201c dod\u00e1v\u00e1 des\u00e1tn\u00edk Hanousek.<\/p><br>\n\n\n\n<figure class=\"wp-block-image size-large\"><img loading=\"lazy\" decoding=\"async\" width=\"979\" height=\"653\" src=\"https:\/\/www.mzone.cz\/wp-content\/uploads\/2021\/02\/1_4693.jpg\" alt=\"\u017denist\u00e9 cvi\u010d\u00ed na misi v Loty\u0161sku\" class=\"wp-image-29617\" srcset=\"https:\/\/www.mzone.cz\/wp-content\/uploads\/2021\/02\/1_4693.jpg 979w, https:\/\/www.mzone.cz\/wp-content\/uploads\/2021\/02\/1_4693-300x200.jpg 300w, https:\/\/www.mzone.cz\/wp-content\/uploads\/2021\/02\/1_4693-768x512.jpg 768w, https:\/\/www.mzone.cz\/wp-content\/uploads\/2021\/02\/1_4693-16x12.jpg 16w, https:\/\/www.mzone.cz\/wp-content\/uploads\/2021\/02\/1_4693-800x533.jpg 800w, https:\/\/www.mzone.cz\/wp-content\/uploads\/2021\/02\/1_4693-400x267.jpg 400w, https:\/\/www.mzone.cz\/wp-content\/uploads\/2021\/02\/1_4693-500x333.jpg 500w, https:\/\/www.mzone.cz\/wp-content\/uploads\/2021\/02\/1_4693-590x394.jpg 590w\" sizes=\"auto, (max-width: 979px) 100vw, 979px\" \/><\/figure><br>\n\n\n\n<h2 class=\"wp-block-heading\"><strong>Perfektn\u00ed v\u00fdkony i v t\u011b\u017ek\u00e9 dob\u011b<\/strong><\/h2>\n\n\n\n<p>Podobn\u011b to vn\u00edm\u00e1 i velitel dru\u017estva 1. pontonov\u00e9 \u010dety \u010deta\u0159 Tom\u00e1\u0161 Form\u00e1nek, kter\u00fd je s v\u00fdkonem sv\u00fdch sv\u011b\u0159enc\u016f velmi spokojen\u00fd. \u201eNejsme \u017e\u00e1dn\u00e1 mechanizovan\u00e1 \u010deta, ani speci\u00e1ln\u00ed jednotka. A na to, \u017ee te\u010f prakticky necvi\u010d\u00edme, tak kluci p\u0159edv\u00e1d\u011bj\u00ed perfektn\u00ed v\u00fdkony.\u201c \u010ceta\u0159 Form\u00e1nek nav\u00edc pouk\u00e1zal na to, \u017ee Baltsk\u00e9 zem\u011b pat\u0159\u00ed k t\u011bm chladn\u011bj\u0161\u00edm, tak\u017ee p\u0159\u00edprava v zim\u011b na sn\u011bhu i ledu je v\u00edce ne\u017e p\u0159\u00edhodn\u00e1.<\/p>\n\n\n\n<blockquote class=\"wp-block-quote is-layout-flow wp-block-quote-is-layout-flow\"><p>Pro 7. \u00fakolov\u00e9 uskupen\u00ed slo\u017een\u00e9ho zejm\u00e9na z p\u0159\u00edslu\u0161n\u00edk\u016f 15. \u017eenijn\u00edho pluku je to teprve za\u010d\u00e1tek. Hlavn\u00ed \u00fakoly jsou pl\u00e1nov\u00e1ny na\u00a0b\u0159ezen, kdy se v\u011bt\u0161ina jednotky p\u0159esune na vodn\u00ed cvi\u010di\u0161t\u011b v Litom\u011b\u0159ic\u00edch. Vy\u010dlen\u011bn\u00ed p\u0159\u00edslu\u0161n\u00edci zahrani\u010dn\u00ed operace nav\u00edc absolvuj\u00ed odbornou st\u00e1\u017e v m\u00edst\u011b nasazen\u00ed, tedy na loty\u0161sk\u00e9 z\u00e1kladn\u011b v Adazi.<\/p><\/blockquote>\n\n\n\n<figure class=\"wp-block-image size-large\"><img loading=\"lazy\" decoding=\"async\" width=\"1024\" height=\"660\" src=\"https:\/\/www.mzone.cz\/wp-content\/uploads\/2021\/02\/2_4027.jpg\" alt=\"\u017denist\u00e9 cvi\u010d\u00ed na misi v Loty\u0161sku\" class=\"wp-image-29621\" srcset=\"https:\/\/www.mzone.cz\/wp-content\/uploads\/2021\/02\/2_4027.jpg 1024w, https:\/\/www.mzone.cz\/wp-content\/uploads\/2021\/02\/2_4027-300x193.jpg 300w, https:\/\/www.mzone.cz\/wp-content\/uploads\/2021\/02\/2_4027-768x495.jpg 768w, https:\/\/www.mzone.cz\/wp-content\/uploads\/2021\/02\/2_4027-16x10.jpg 16w, https:\/\/www.mzone.cz\/wp-content\/uploads\/2021\/02\/2_4027-590x380.jpg 590w\" sizes=\"auto, (max-width: 1024px) 100vw, 1024px\" \/><\/figure><br>\n\n\n\n<h2 class=\"wp-block-heading\">Mise v <strong>Pobalt\u00ed<\/strong><\/h2>\n\n\n\n<p>Jednotky Arm\u00e1dy \u010cesk\u00e9 republiky p\u016fsob\u00ed v Pobalt\u00ed v r\u00e1mci Alian\u010dn\u00ed p\u0159edsunut\u00e9 p\u0159\u00edtomnosti eFP (<a href=\"https:\/\/en.wikipedia.org\/wiki\/NATO_Enhanced_Forward_Presence\" target=\"_blank\" rel=\"noreferrer noopener\">Enhanced Forward Presence<\/a>). Alian\u010dn\u00ed p\u0159edsunut\u00e1 p\u0159\u00edtomnost je jedn\u00edm z hlavn\u00edch v\u00fdstup\u016f Var\u0161avsk\u00e9ho summitu z \u010dervence 2016. Spo\u010d\u00edv\u00e1 ve vytvo\u0159en\u00ed \u010dty\u0159 bojov\u00fdch uskupen\u00ed v s\u00edle pos\u00edlen\u00e9ho praporu um\u00edst\u011bn\u00fdch v Polsku pod veden\u00edm USA, v Litv\u011b pod veden\u00edm N\u011bmecka, v Loty\u0161sku pod veden\u00edm Kanady a v Estonsku pod veden\u00edm Velk\u00e9 Brit\u00e1nie. Konkr\u00e9tn\u00ed vojensk\u00fd p\u0159\u00edsp\u011bvek \u010dlensk\u00fdch st\u00e1t\u016f je potvrzen\u00edm n\u00e1rodn\u00edho z\u00e1vazku vypl\u00fdvaj\u00edc\u00edho z principu kolektivn\u00ed obrany NATO.<\/p><br>\n\n\n\n<figure class=\"wp-block-image size-large\"><img loading=\"lazy\" decoding=\"async\" width=\"1024\" height=\"691\" src=\"https:\/\/www.mzone.cz\/wp-content\/uploads\/2021\/02\/9_1669.jpg\" alt=\"\u017denist\u00e9 cvi\u010d\u00ed na misi v Loty\u0161sku\" class=\"wp-image-29625\" srcset=\"https:\/\/www.mzone.cz\/wp-content\/uploads\/2021\/02\/9_1669.jpg 1024w, https:\/\/www.mzone.cz\/wp-content\/uploads\/2021\/02\/9_1669-300x202.jpg 300w, https:\/\/www.mzone.cz\/wp-content\/uploads\/2021\/02\/9_1669-768x518.jpg 768w, https:\/\/www.mzone.cz\/wp-content\/uploads\/2021\/02\/9_1669-16x12.jpg 16w, https:\/\/www.mzone.cz\/wp-content\/uploads\/2021\/02\/9_1669-590x398.jpg 590w\" sizes=\"auto, (max-width: 1024px) 100vw, 1024px\" \/><\/figure><br>\n\n\n\n<p>Od \u00fanora 2021 p\u016fsob\u00ed v Loty\u0161sku 6. \u00fakolov\u00e9 uskupen\u00ed, jeho\u017e j\u00e1dro tvo\u0159\u00ed p\u0159\u00edslu\u0161n\u00edci minometn\u00e9 \u010dety 72. mechanizovan\u00e9ho praporu v celkov\u00e9m po\u010dtu do 56 osob. \u010ce\u0161t\u00ed voj\u00e1ci p\u016fsob\u00ed v Loty\u0161sku v r\u00e1mci Alian\u010dn\u00ed p\u0159edsunut\u00e9 p\u0159\u00edtomnosti eFP spole\u010dn\u011b se z\u00e1stupci dal\u0161\u00edch osmi st\u00e1t\u016f pod veden\u00edm Kanady od \u010dervna 2018.<\/p><br>\n\n\n\n<div class=\"wp-block-media-text alignwide is-stacked-on-mobile is-vertically-aligned-top\" style=\"grid-template-columns:30% auto\"><figure class=\"wp-block-media-text__media\"><a href=\"https:\/\/www.mzone.cz\/chemicky-pozorovatel-musi-umet-ovladat-pristroje-v-rukavicich-i-poradit-veliteli\/\"><img loading=\"lazy\" decoding=\"async\" width=\"970\" height=\"647\" src=\"https:\/\/www.mzone.cz\/wp-content\/uploads\/2021\/01\/Chemicky-pozorovatel.jpg\" alt=\"\" class=\"wp-image-26041 size-full\" srcset=\"https:\/\/www.mzone.cz\/wp-content\/uploads\/2021\/01\/Chemicky-pozorovatel.jpg 970w, https:\/\/www.mzone.cz\/wp-content\/uploads\/2021\/01\/Chemicky-pozorovatel-300x200.jpg 300w, https:\/\/www.mzone.cz\/wp-content\/uploads\/2021\/01\/Chemicky-pozorovatel-768x512.jpg 768w, https:\/\/www.mzone.cz\/wp-content\/uploads\/2021\/01\/Chemicky-pozorovatel-16x12.jpg 16w, https:\/\/www.mzone.cz\/wp-content\/uploads\/2021\/01\/Chemicky-pozorovatel-800x533.jpg 800w, https:\/\/www.mzone.cz\/wp-content\/uploads\/2021\/01\/Chemicky-pozorovatel-400x267.jpg 400w, https:\/\/www.mzone.cz\/wp-content\/uploads\/2021\/01\/Chemicky-pozorovatel-500x333.jpg 500w, https:\/\/www.mzone.cz\/wp-content\/uploads\/2021\/01\/Chemicky-pozorovatel-590x394.jpg 590w\" sizes=\"auto, (max-width: 970px) 100vw, 970px\" \/><\/a><\/figure><div class=\"wp-block-media-text__content\">\n<h4><a href=\"https:\/\/www.mzone.cz\/chemicky-pozorovatel-musi-umet-ovladat-pristroje-v-rukavicich-i-poradit-veliteli\/\">Chemick\u00fd pozorovatel mus\u00ed um\u011bt ovl\u00e1dat p\u0159\u00edstroje v rukavic\u00edch i poradit veliteli<\/a><\/h4><br>\n<\/div><\/div>","protected":false},"excerpt":{"rendered":"<p>\u201eKontakt na \u0161est\u00e9 hodin\u011b!\u201c Informace se b\u011bhem vte\u0159iny oz\u00fdv\u00e1 ze v\u0161ech stran. T\u0159icet osm voj\u00e1k\u016f 15. \u017eenijn\u00edho pluku vyb\u00edh\u00e1 ze stan\u016f a zauj\u00edm\u00e1 m\u00edsta p\u0159i obran\u011b sv\u00e9ho prostoru rozm\u00edst\u011bn\u00ed. Zaleh\u00e1vaj\u00ed do bahna a sn\u011bhu a jsou p\u0159ipraven\u00ed st\u0159\u00edlet. Za\u010d\u00edn\u00e1 t\u0159et\u00ed den jejich praktick\u00e9ho v\u00fdcviku, kter\u00fd je m\u00e1 p\u0159ipravit na zahrani\u010dn\u00ed operaci v Loty\u0161sku. \u201e7. \u00fakolov\u00e9&nbsp;uskupen\u00ed [&hellip;]<\/p>\n","protected":false},"author":4,"featured_media":29610,"comment_status":"open","ping_status":"closed","sticky":false,"template":"","format":"standard","meta":{"kk_blocks_editor_width":"","_kiokenblocks_attr":"","_kiokenblocks_dimensions":"","footnotes":""},"categories":[65,68],"tags":[4385,95,4384,4809,2590,1168,434,675,674,1379,39,4808],"class_list":["post-29608","post","type-post","status-publish","format-standard","has-post-thumbnail","hentry","category-technika","category-zbrane","tag-acr","tag-armada","tag-armada-ceske-republiky","tag-lotyssko","tag-mise","tag-priprava","tag-technika","tag-vojaci","tag-vojsko","tag-vycvik","tag-zbrane","tag-zeniste"],"yoast_head":"<!-- This site is optimized with the Yoast SEO plugin v27.5 - https:\/\/yoast.com\/product\/yoast-seo-wordpress\/ -->\n<title>\u010ce\u0161t\u00ed \u017eenist\u00e9 se v zim\u011b a na sn\u011bhu p\u0159ipravuj\u00ed na misi v Loty\u0161sku - Mzone<\/title>\n<meta name=\"description\" content=\"\u201eKontakt na \u0161est\u00e9 hodin\u011b!\u201c Informace se b\u011bhem vte\u0159iny oz\u00fdv\u00e1 ze v\u0161ech stran. T\u0159icet osm voj\u00e1k\u016f 15. \u017eenijn\u00edho pluku vyb\u00edh\u00e1 ze stan\u016f a zauj\u00edm\u00e1 m\u00edsta p\u0159i obran\u011b sv\u00e9ho prostoru rozm\u00edst\u011bn\u00ed. Zaleh\u00e1vaj\u00ed do bahna a sn\u011bhu a jsou p\u0159ipraven\u00ed st\u0159\u00edlet. Za\u010d\u00edn\u00e1 t\u0159et\u00ed den jejich praktick\u00e9ho v\u00fdcviku, kter\u00fd je m\u00e1 p\u0159ipravit na zahrani\u010dn\u00ed operaci v Loty\u0161sku.\" \/>\n<meta name=\"robots\" content=\"index, follow, max-snippet:-1, max-image-preview:large, max-video-preview:-1\" \/>\n<link rel=\"canonical\" href=\"https:\/\/www.mzone.cz\/en\/zeniste-se-pripravuji-na-misi-v-lotyssku\/\" \/>\n<meta property=\"og:locale\" content=\"en_US\" \/>\n<meta property=\"og:type\" content=\"article\" \/>\n<meta property=\"og:title\" content=\"\u010ce\u0161t\u00ed \u017eenist\u00e9 se v zim\u011b a na sn\u011bhu p\u0159ipravuj\u00ed na misi v Loty\u0161sku - Mzone\" \/>\n<meta property=\"og:description\" content=\"\u201eKontakt na \u0161est\u00e9 hodin\u011b!\u201c Informace se b\u011bhem vte\u0159iny oz\u00fdv\u00e1 ze v\u0161ech stran. T\u0159icet osm voj\u00e1k\u016f 15. \u017eenijn\u00edho pluku vyb\u00edh\u00e1 ze stan\u016f a zauj\u00edm\u00e1 m\u00edsta p\u0159i obran\u011b sv\u00e9ho prostoru rozm\u00edst\u011bn\u00ed. Zaleh\u00e1vaj\u00ed do bahna a sn\u011bhu a jsou p\u0159ipraven\u00ed st\u0159\u00edlet. Za\u010d\u00edn\u00e1 t\u0159et\u00ed den jejich praktick\u00e9ho v\u00fdcviku, kter\u00fd je m\u00e1 p\u0159ipravit na zahrani\u010dn\u00ed operaci v Loty\u0161sku.\" \/>\n<meta property=\"og:url\" content=\"https:\/\/www.mzone.cz\/en\/zeniste-se-pripravuji-na-misi-v-lotyssku\/\" \/>\n<meta property=\"og:site_name\" content=\"Mzone\" \/>\n<meta property=\"article:publisher\" content=\"https:\/\/www.facebook.com\/MzoneCZ\/\" \/>\n<meta property=\"article:published_time\" content=\"2021-02-28T04:00:00+00:00\" \/>\n<meta property=\"og:image\" content=\"https:\/\/www.mzone.cz\/wp-content\/uploads\/2021\/02\/Zeniste-se-pripravuji-na-misi.jpg\" \/>\n\t<meta property=\"og:image:width\" content=\"1024\" \/>\n\t<meta property=\"og:image:height\" content=\"682\" \/>\n\t<meta property=\"og:image:type\" content=\"image\/jpeg\" \/>\n<meta name=\"author\" content=\"Mzone\" \/>\n<meta name=\"twitter:card\" content=\"summary_large_image\" \/>\n<meta name=\"twitter:label1\" content=\"Written by\" \/>\n\t<meta name=\"twitter:data1\" content=\"Mzone\" \/>\n\t<meta name=\"twitter:label2\" content=\"Est. reading time\" \/>\n\t<meta name=\"twitter:data2\" content=\"4 minutes\" \/>\n<script type=\"application\/ld+json\" class=\"yoast-schema-graph\">{\"@context\":\"https:\\\/\\\/schema.org\",\"@graph\":[{\"@type\":\"Article\",\"@id\":\"https:\\\/\\\/www.mzone.cz\\\/zeniste-se-pripravuji-na-misi-v-lotyssku\\\/#article\",\"isPartOf\":{\"@id\":\"https:\\\/\\\/www.mzone.cz\\\/zeniste-se-pripravuji-na-misi-v-lotyssku\\\/\"},\"author\":{\"name\":\"Mzone\",\"@id\":\"https:\\\/\\\/www.mzone.cz\\\/#\\\/schema\\\/person\\\/9bc20cc422a99cac4af6ff9297da32d4\"},\"headline\":\"\u010ce\u0161t\u00ed \u017eenist\u00e9 se v zim\u011b a na sn\u011bhu p\u0159ipravuj\u00ed na misi v Loty\u0161sku\",\"datePublished\":\"2021-02-28T04:00:00+00:00\",\"mainEntityOfPage\":{\"@id\":\"https:\\\/\\\/www.mzone.cz\\\/zeniste-se-pripravuji-na-misi-v-lotyssku\\\/\"},\"wordCount\":769,\"commentCount\":0,\"image\":{\"@id\":\"https:\\\/\\\/www.mzone.cz\\\/zeniste-se-pripravuji-na-misi-v-lotyssku\\\/#primaryimage\"},\"thumbnailUrl\":\"https:\\\/\\\/www.mzone.cz\\\/wp-content\\\/uploads\\\/2021\\\/02\\\/Zeniste-se-pripravuji-na-misi.jpg\",\"keywords\":[\"A\u010cR\",\"Arm\u00e1da\",\"Arm\u00e1da \u010cesk\u00e9 republiky\",\"Loty\u0161sko\",\"mise\",\"p\u0159\u00edprava\",\"technika\",\"voj\u00e1ci\",\"vojsko\",\"v\u00fdcvik\",\"Zbran\u011b\",\"\u017eenist\u00e9\"],\"articleSection\":[\"Technika\",\"Zbran\u011b\"],\"inLanguage\":\"en-US\",\"potentialAction\":[{\"@type\":\"CommentAction\",\"name\":\"Comment\",\"target\":[\"https:\\\/\\\/www.mzone.cz\\\/zeniste-se-pripravuji-na-misi-v-lotyssku\\\/#respond\"]}]},{\"@type\":\"WebPage\",\"@id\":\"https:\\\/\\\/www.mzone.cz\\\/zeniste-se-pripravuji-na-misi-v-lotyssku\\\/\",\"url\":\"https:\\\/\\\/www.mzone.cz\\\/zeniste-se-pripravuji-na-misi-v-lotyssku\\\/\",\"name\":\"\u010ce\u0161t\u00ed \u017eenist\u00e9 se v zim\u011b a na sn\u011bhu p\u0159ipravuj\u00ed na misi v Loty\u0161sku - Mzone\",\"isPartOf\":{\"@id\":\"https:\\\/\\\/www.mzone.cz\\\/#website\"},\"primaryImageOfPage\":{\"@id\":\"https:\\\/\\\/www.mzone.cz\\\/zeniste-se-pripravuji-na-misi-v-lotyssku\\\/#primaryimage\"},\"image\":{\"@id\":\"https:\\\/\\\/www.mzone.cz\\\/zeniste-se-pripravuji-na-misi-v-lotyssku\\\/#primaryimage\"},\"thumbnailUrl\":\"https:\\\/\\\/www.mzone.cz\\\/wp-content\\\/uploads\\\/2021\\\/02\\\/Zeniste-se-pripravuji-na-misi.jpg\",\"datePublished\":\"2021-02-28T04:00:00+00:00\",\"author\":{\"@id\":\"https:\\\/\\\/www.mzone.cz\\\/#\\\/schema\\\/person\\\/9bc20cc422a99cac4af6ff9297da32d4\"},\"description\":\"\u201eKontakt na \u0161est\u00e9 hodin\u011b!\u201c Informace se b\u011bhem vte\u0159iny oz\u00fdv\u00e1 ze v\u0161ech stran. T\u0159icet osm voj\u00e1k\u016f 15. \u017eenijn\u00edho pluku vyb\u00edh\u00e1 ze stan\u016f a zauj\u00edm\u00e1 m\u00edsta p\u0159i obran\u011b sv\u00e9ho prostoru rozm\u00edst\u011bn\u00ed. Zaleh\u00e1vaj\u00ed do bahna a sn\u011bhu a jsou p\u0159ipraven\u00ed st\u0159\u00edlet. Za\u010d\u00edn\u00e1 t\u0159et\u00ed den jejich praktick\u00e9ho v\u00fdcviku, kter\u00fd je m\u00e1 p\u0159ipravit na zahrani\u010dn\u00ed operaci v Loty\u0161sku.\",\"breadcrumb\":{\"@id\":\"https:\\\/\\\/www.mzone.cz\\\/zeniste-se-pripravuji-na-misi-v-lotyssku\\\/#breadcrumb\"},\"inLanguage\":\"en-US\",\"potentialAction\":[{\"@type\":\"ReadAction\",\"target\":[\"https:\\\/\\\/www.mzone.cz\\\/zeniste-se-pripravuji-na-misi-v-lotyssku\\\/\"]}]},{\"@type\":\"ImageObject\",\"inLanguage\":\"en-US\",\"@id\":\"https:\\\/\\\/www.mzone.cz\\\/zeniste-se-pripravuji-na-misi-v-lotyssku\\\/#primaryimage\",\"url\":\"https:\\\/\\\/www.mzone.cz\\\/wp-content\\\/uploads\\\/2021\\\/02\\\/Zeniste-se-pripravuji-na-misi.jpg\",\"contentUrl\":\"https:\\\/\\\/www.mzone.cz\\\/wp-content\\\/uploads\\\/2021\\\/02\\\/Zeniste-se-pripravuji-na-misi.jpg\",\"width\":1024,\"height\":682,\"caption\":\"\u017denist\u00e9 se p\u0159ipravuj\u00ed na misi\"},{\"@type\":\"BreadcrumbList\",\"@id\":\"https:\\\/\\\/www.mzone.cz\\\/zeniste-se-pripravuji-na-misi-v-lotyssku\\\/#breadcrumb\",\"itemListElement\":[{\"@type\":\"ListItem\",\"position\":1,\"name\":\"Dom\u016f\",\"item\":\"https:\\\/\\\/www.mzone.cz\\\/\"},{\"@type\":\"ListItem\",\"position\":2,\"name\":\"\u010ce\u0161t\u00ed \u017eenist\u00e9 se v zim\u011b a na sn\u011bhu p\u0159ipravuj\u00ed na misi v Loty\u0161sku\"}]},{\"@type\":\"WebSite\",\"@id\":\"https:\\\/\\\/www.mzone.cz\\\/#website\",\"url\":\"https:\\\/\\\/www.mzone.cz\\\/\",\"name\":\"Mzone\",\"description\":\"Magaz\u00edn nejen pro mu\u017ee\",\"potentialAction\":[{\"@type\":\"SearchAction\",\"target\":{\"@type\":\"EntryPoint\",\"urlTemplate\":\"https:\\\/\\\/www.mzone.cz\\\/?s={search_term_string}\"},\"query-input\":{\"@type\":\"PropertyValueSpecification\",\"valueRequired\":true,\"valueName\":\"search_term_string\"}}],\"inLanguage\":\"en-US\"},{\"@type\":\"Person\",\"@id\":\"https:\\\/\\\/www.mzone.cz\\\/#\\\/schema\\\/person\\\/9bc20cc422a99cac4af6ff9297da32d4\",\"name\":\"Mzone\",\"image\":{\"@type\":\"ImageObject\",\"inLanguage\":\"en-US\",\"@id\":\"https:\\\/\\\/secure.gravatar.com\\\/avatar\\\/e780a8630f3182a3d06dd667ab6bea151a0d155b0951bc15fe22633acdac0676?s=96&d=mm&r=g\",\"url\":\"https:\\\/\\\/secure.gravatar.com\\\/avatar\\\/e780a8630f3182a3d06dd667ab6bea151a0d155b0951bc15fe22633acdac0676?s=96&d=mm&r=g\",\"contentUrl\":\"https:\\\/\\\/secure.gravatar.com\\\/avatar\\\/e780a8630f3182a3d06dd667ab6bea151a0d155b0951bc15fe22633acdac0676?s=96&d=mm&r=g\",\"caption\":\"Mzone\"},\"url\":\"https:\\\/\\\/www.mzone.cz\\\/en\\\/author\\\/jakub\\\/\"}]}<\/script>\n<!-- \/ Yoast SEO plugin. -->","yoast_head_json":{"title":"\u010ce\u0161t\u00ed \u017eenist\u00e9 se v zim\u011b a na sn\u011bhu p\u0159ipravuj\u00ed na misi v Loty\u0161sku - Mzone","description":"\u201eKontakt na \u0161est\u00e9 hodin\u011b!\u201c Informace se b\u011bhem vte\u0159iny oz\u00fdv\u00e1 ze v\u0161ech stran. T\u0159icet osm voj\u00e1k\u016f 15. \u017eenijn\u00edho pluku vyb\u00edh\u00e1 ze stan\u016f a zauj\u00edm\u00e1 m\u00edsta p\u0159i obran\u011b sv\u00e9ho prostoru rozm\u00edst\u011bn\u00ed. Zaleh\u00e1vaj\u00ed do bahna a sn\u011bhu a jsou p\u0159ipraven\u00ed st\u0159\u00edlet. Za\u010d\u00edn\u00e1 t\u0159et\u00ed den jejich praktick\u00e9ho v\u00fdcviku, kter\u00fd je m\u00e1 p\u0159ipravit na zahrani\u010dn\u00ed operaci v Loty\u0161sku.","robots":{"index":"index","follow":"follow","max-snippet":"max-snippet:-1","max-image-preview":"max-image-preview:large","max-video-preview":"max-video-preview:-1"},"canonical":"https:\/\/www.mzone.cz\/en\/zeniste-se-pripravuji-na-misi-v-lotyssku\/","og_locale":"en_US","og_type":"article","og_title":"\u010ce\u0161t\u00ed \u017eenist\u00e9 se v zim\u011b a na sn\u011bhu p\u0159ipravuj\u00ed na misi v Loty\u0161sku - Mzone","og_description":"\u201eKontakt na \u0161est\u00e9 hodin\u011b!\u201c Informace se b\u011bhem vte\u0159iny oz\u00fdv\u00e1 ze v\u0161ech stran. T\u0159icet osm voj\u00e1k\u016f 15. \u017eenijn\u00edho pluku vyb\u00edh\u00e1 ze stan\u016f a zauj\u00edm\u00e1 m\u00edsta p\u0159i obran\u011b sv\u00e9ho prostoru rozm\u00edst\u011bn\u00ed. Zaleh\u00e1vaj\u00ed do bahna a sn\u011bhu a jsou p\u0159ipraven\u00ed st\u0159\u00edlet. Za\u010d\u00edn\u00e1 t\u0159et\u00ed den jejich praktick\u00e9ho v\u00fdcviku, kter\u00fd je m\u00e1 p\u0159ipravit na zahrani\u010dn\u00ed operaci v Loty\u0161sku.","og_url":"https:\/\/www.mzone.cz\/en\/zeniste-se-pripravuji-na-misi-v-lotyssku\/","og_site_name":"Mzone","article_publisher":"https:\/\/www.facebook.com\/MzoneCZ\/","article_published_time":"2021-02-28T04:00:00+00:00","og_image":[{"width":1024,"height":682,"url":"https:\/\/www.mzone.cz\/wp-content\/uploads\/2021\/02\/Zeniste-se-pripravuji-na-misi.jpg","type":"image\/jpeg"}],"author":"Mzone","twitter_card":"summary_large_image","twitter_misc":{"Written by":"Mzone","Est. reading time":"4 minutes"},"schema":{"@context":"https:\/\/schema.org","@graph":[{"@type":"Article","@id":"https:\/\/www.mzone.cz\/zeniste-se-pripravuji-na-misi-v-lotyssku\/#article","isPartOf":{"@id":"https:\/\/www.mzone.cz\/zeniste-se-pripravuji-na-misi-v-lotyssku\/"},"author":{"name":"Mzone","@id":"https:\/\/www.mzone.cz\/#\/schema\/person\/9bc20cc422a99cac4af6ff9297da32d4"},"headline":"\u010ce\u0161t\u00ed \u017eenist\u00e9 se v zim\u011b a na sn\u011bhu p\u0159ipravuj\u00ed na misi v Loty\u0161sku","datePublished":"2021-02-28T04:00:00+00:00","mainEntityOfPage":{"@id":"https:\/\/www.mzone.cz\/zeniste-se-pripravuji-na-misi-v-lotyssku\/"},"wordCount":769,"commentCount":0,"image":{"@id":"https:\/\/www.mzone.cz\/zeniste-se-pripravuji-na-misi-v-lotyssku\/#primaryimage"},"thumbnailUrl":"https:\/\/www.mzone.cz\/wp-content\/uploads\/2021\/02\/Zeniste-se-pripravuji-na-misi.jpg","keywords":["A\u010cR","Arm\u00e1da","Arm\u00e1da \u010cesk\u00e9 republiky","Loty\u0161sko","mise","p\u0159\u00edprava","technika","voj\u00e1ci","vojsko","v\u00fdcvik","Zbran\u011b","\u017eenist\u00e9"],"articleSection":["Technika","Zbran\u011b"],"inLanguage":"en-US","potentialAction":[{"@type":"CommentAction","name":"Comment","target":["https:\/\/www.mzone.cz\/zeniste-se-pripravuji-na-misi-v-lotyssku\/#respond"]}]},{"@type":"WebPage","@id":"https:\/\/www.mzone.cz\/zeniste-se-pripravuji-na-misi-v-lotyssku\/","url":"https:\/\/www.mzone.cz\/zeniste-se-pripravuji-na-misi-v-lotyssku\/","name":"\u010ce\u0161t\u00ed \u017eenist\u00e9 se v zim\u011b a na sn\u011bhu p\u0159ipravuj\u00ed na misi v Loty\u0161sku - Mzone","isPartOf":{"@id":"https:\/\/www.mzone.cz\/#website"},"primaryImageOfPage":{"@id":"https:\/\/www.mzone.cz\/zeniste-se-pripravuji-na-misi-v-lotyssku\/#primaryimage"},"image":{"@id":"https:\/\/www.mzone.cz\/zeniste-se-pripravuji-na-misi-v-lotyssku\/#primaryimage"},"thumbnailUrl":"https:\/\/www.mzone.cz\/wp-content\/uploads\/2021\/02\/Zeniste-se-pripravuji-na-misi.jpg","datePublished":"2021-02-28T04:00:00+00:00","author":{"@id":"https:\/\/www.mzone.cz\/#\/schema\/person\/9bc20cc422a99cac4af6ff9297da32d4"},"description":"\u201eKontakt na \u0161est\u00e9 hodin\u011b!\u201c Informace se b\u011bhem vte\u0159iny oz\u00fdv\u00e1 ze v\u0161ech stran. T\u0159icet osm voj\u00e1k\u016f 15. \u017eenijn\u00edho pluku vyb\u00edh\u00e1 ze stan\u016f a zauj\u00edm\u00e1 m\u00edsta p\u0159i obran\u011b sv\u00e9ho prostoru rozm\u00edst\u011bn\u00ed. Zaleh\u00e1vaj\u00ed do bahna a sn\u011bhu a jsou p\u0159ipraven\u00ed st\u0159\u00edlet. Za\u010d\u00edn\u00e1 t\u0159et\u00ed den jejich praktick\u00e9ho v\u00fdcviku, kter\u00fd je m\u00e1 p\u0159ipravit na zahrani\u010dn\u00ed operaci v Loty\u0161sku.","breadcrumb":{"@id":"https:\/\/www.mzone.cz\/zeniste-se-pripravuji-na-misi-v-lotyssku\/#breadcrumb"},"inLanguage":"en-US","potentialAction":[{"@type":"ReadAction","target":["https:\/\/www.mzone.cz\/zeniste-se-pripravuji-na-misi-v-lotyssku\/"]}]},{"@type":"ImageObject","inLanguage":"en-US","@id":"https:\/\/www.mzone.cz\/zeniste-se-pripravuji-na-misi-v-lotyssku\/#primaryimage","url":"https:\/\/www.mzone.cz\/wp-content\/uploads\/2021\/02\/Zeniste-se-pripravuji-na-misi.jpg","contentUrl":"https:\/\/www.mzone.cz\/wp-content\/uploads\/2021\/02\/Zeniste-se-pripravuji-na-misi.jpg","width":1024,"height":682,"caption":"\u017denist\u00e9 se p\u0159ipravuj\u00ed na misi"},{"@type":"BreadcrumbList","@id":"https:\/\/www.mzone.cz\/zeniste-se-pripravuji-na-misi-v-lotyssku\/#breadcrumb","itemListElement":[{"@type":"ListItem","position":1,"name":"Dom\u016f","item":"https:\/\/www.mzone.cz\/"},{"@type":"ListItem","position":2,"name":"\u010ce\u0161t\u00ed \u017eenist\u00e9 se v zim\u011b a na sn\u011bhu p\u0159ipravuj\u00ed na misi v Loty\u0161sku"}]},{"@type":"WebSite","@id":"https:\/\/www.mzone.cz\/#website","url":"https:\/\/www.mzone.cz\/","name":"Mzone","description":"Magaz\u00edn nejen pro mu\u017ee","potentialAction":[{"@type":"SearchAction","target":{"@type":"EntryPoint","urlTemplate":"https:\/\/www.mzone.cz\/?s={search_term_string}"},"query-input":{"@type":"PropertyValueSpecification","valueRequired":true,"valueName":"search_term_string"}}],"inLanguage":"en-US"},{"@type":"Person","@id":"https:\/\/www.mzone.cz\/#\/schema\/person\/9bc20cc422a99cac4af6ff9297da32d4","name":"Mzone","image":{"@type":"ImageObject","inLanguage":"en-US","@id":"https:\/\/secure.gravatar.com\/avatar\/e780a8630f3182a3d06dd667ab6bea151a0d155b0951bc15fe22633acdac0676?s=96&d=mm&r=g","url":"https:\/\/secure.gravatar.com\/avatar\/e780a8630f3182a3d06dd667ab6bea151a0d155b0951bc15fe22633acdac0676?s=96&d=mm&r=g","contentUrl":"https:\/\/secure.gravatar.com\/avatar\/e780a8630f3182a3d06dd667ab6bea151a0d155b0951bc15fe22633acdac0676?s=96&d=mm&r=g","caption":"Mzone"},"url":"https:\/\/www.mzone.cz\/en\/author\/jakub\/"}]}},"_links":{"self":[{"href":"https:\/\/www.mzone.cz\/en\/wp-json\/wp\/v2\/posts\/29608","targetHints":{"allow":["GET"]}}],"collection":[{"href":"https:\/\/www.mzone.cz\/en\/wp-json\/wp\/v2\/posts"}],"about":[{"href":"https:\/\/www.mzone.cz\/en\/wp-json\/wp\/v2\/types\/post"}],"author":[{"embeddable":true,"href":"https:\/\/www.mzone.cz\/en\/wp-json\/wp\/v2\/users\/4"}],"replies":[{"embeddable":true,"href":"https:\/\/www.mzone.cz\/en\/wp-json\/wp\/v2\/comments?post=29608"}],"version-history":[{"count":13,"href":"https:\/\/www.mzone.cz\/en\/wp-json\/wp\/v2\/posts\/29608\/revisions"}],"predecessor-version":[{"id":29632,"href":"https:\/\/www.mzone.cz\/en\/wp-json\/wp\/v2\/posts\/29608\/revisions\/29632"}],"wp:featuredmedia":[{"embeddable":true,"href":"https:\/\/www.mzone.cz\/en\/wp-json\/wp\/v2\/media\/29610"}],"wp:attachment":[{"href":"https:\/\/www.mzone.cz\/en\/wp-json\/wp\/v2\/media?parent=29608"}],"wp:term":[{"taxonomy":"category","embeddable":true,"href":"https:\/\/www.mzone.cz\/en\/wp-json\/wp\/v2\/categories?post=29608"},{"taxonomy":"post_tag","embeddable":true,"href":"https:\/\/www.mzone.cz\/en\/wp-json\/wp\/v2\/tags?post=29608"}],"curies":[{"name":"wp","href":"https:\/\/api.w.org\/{rel}","templated":true}]}}