{"id":29654,"date":"2021-02-25T16:00:00","date_gmt":"2021-02-25T15:00:00","guid":{"rendered":"https:\/\/www.mzone.cz\/?p=29654"},"modified":"2021-02-24T15:58:33","modified_gmt":"2021-02-24T14:58:33","slug":"martin-prokop-se-chysta-na-finskou-rallye-rozhovor","status":"publish","type":"post","link":"https:\/\/www.mzone.cz\/en\/martin-prokop-se-chysta-na-finskou-rallye-rozhovor\/","title":{"rendered":"Martin Prokop se chyst\u00e1 na Finskou rallye! ROZHOVOR"},"content":{"rendered":"<p><strong>Jeden z nej\u00fasp\u011b\u0161n\u011bj\u0161\u00edch \u010desk\u00fdch \u201esout\u011b\u017e\u00e1k\u016f\u201c Martin Prokop se po pauze vrac\u00ed do mistrovstv\u00ed sv\u011bta FIA v rallye. O body v kategorii WRC2 bude bojovat za volantem Fiesty R5 Mk. II, kterou pro n\u011bj p\u0159ipravuje specializovan\u00e1 britsk\u00e1 spole\u010dnost M-Sport. Premi\u00e9rov\u00fd start ho \u010dek\u00e1 u\u017e o nadch\u00e1zej\u00edc\u00edm v\u00edkendu na Arctic Rally ve Finsku. Zeptali jsme se Martina na dojmy z nov\u00e9ho vozu i vyhl\u00eddky pro leto\u0161n\u00ed sez\u00f3nu<\/strong>.<\/p><br>\n\n\n\n<h4 class=\"has-vivid-red-color has-text-color wp-block-heading\"><strong>V posledn\u00edch letech jste se soust\u0159edil hlavn\u011b na Dakar, odkud jste si letos p\u0159ivezl skv\u011bl\u00e9 dev\u00e1t\u00e9 m\u00edsto v kategorii aut. Co v\u00e1s p\u0159it\u00e1hlo zp\u011bt ke klasick\u00e9 rallye?<\/strong><\/h4>\n\n\n\n<p>Je pravda, \u017ee jsem se posledn\u00ed roky v\u011bnoval hlavn\u011b Dakaru, p\u0159\u00edprav\u011b a v\u0161emu okolo vytrvalostn\u00edch z\u00e1vod\u016f. Na druhou stranu jsem nikdy nep\u0159estal rallye sledovat a bylo mi jasn\u00e9, \u017ee se budu cht\u00edt n\u011bkdy vr\u00e1tit. Jen jsem nev\u011bd\u011bl kdy a v jak\u00e9 kategorii. Mysl\u00edm, \u017ee p\u0159i\u0161el ten spr\u00e1vn\u00fd \u010das.<\/p>\n\n\n\n<blockquote class=\"wp-block-quote is-layout-flow wp-block-quote-is-layout-flow\"><p>Kategorie R5, respektive WRC2, za posledn\u00ed roky velmi vysp\u011bla, ta auta se stra\u0161n\u011b posunula. Jsou hodn\u011b rychl\u00e1 a konkurence panuje obrovsk\u00e1, mo\u017en\u00e1 ob\u010das v\u011bt\u0161\u00ed ne\u017e ve kr\u00e1lovsk\u00e9 t\u0159\u00edd\u011b.<\/p><\/blockquote>\n\n\n\n<p>L\u00e1kalo m\u011b to zkusit, loni jsme otestovali v\u0161echny vozy R5 na trhu. Cht\u011bli jsme poznat techniku, abychom ji mohli porovnat a vyu\u017e\u00edt poznatky p\u0159i nastavov\u00e1n\u00ed vlastn\u00edho vozu. Nakonec jsme ale z\u016fstali v\u011brn\u00ed Fordu, proto\u017ee platformu Fiesty zn\u00e1m a s Fordem se mi velmi dob\u0159e spolupracuje.<\/p><br>\n\n\n\n<h4 class=\"has-vivid-red-color has-text-color wp-block-heading\"><strong>Se sv\u00fdm nov\u00fdm autem se poprv\u00e9 shled\u00e1v\u00e1te a\u017e tento t\u00fdden ve Finsku, kam v\u00e1m ho M-Sport p\u0159ivezl rovnou z tov\u00e1rny. M\u011bl jste mo\u017enost nasb\u00edrat n\u011bjak\u00e9 dojmy v p\u0159edstihu?<\/strong><\/h4>\n\n\n\n<p>Moc jich nen\u00ed. Absolvovali jsme jenom test v Anglii. Zato jsme m\u011bli k dispozici asi to nejspr\u00e1vn\u011bj\u0161\u00ed auto. Malcolm Wilson (majitel M-Sport) n\u00e1m p\u016fj\u010dil jejich tov\u00e1rn\u00ed R5, kter\u00e1 m\u011b samoz\u0159ejm\u011b zaujala. L\u00edbilo se mi, jak to auto fungovalo a jak bylo nastaven\u00e9. Sl\u00edbili n\u00e1m, \u017ee stejn\u00e9 nastaven\u00ed dostaneme i do na\u0161eho auta, m\u00e1me p\u0159isl\u00edben\u00e9 i d\u00edly a podporu p\u0159\u00edmo z tov\u00e1rn\u00edho t\u00fdmu. Proto jsme do toho s M-Sportem \u0161li.<\/p><br>\n\n\n\n<p><a href=\"https:\/\/en.wikipedia.org\/wiki\/Ford_Fiesta_R5\" target=\"_blank\" rel=\"noreferrer noopener\">Fiesta R5<\/a> je o deset let mlad\u0161\u00ed ne\u017e moje Fiesta WRC, tak\u017ee ta zm\u011bna je obrovsk\u00e1 a hrozn\u011b se na \u0159\u00edzen\u00ed t\u011b\u0161\u00edm. Ford se vyzna\u010duje t\u00edm, \u017ee je velmi p\u0159\u00edjemn\u00fd na \u0159\u00edzen\u00ed a jezdci to uleh\u010duje. Prvn\u00ed po\u0159\u00e1dn\u00e9 dojmy budu m\u00edt a\u017e po testu tady ve Finsku, kter\u00fd absolvujeme p\u0159ed z\u00e1vodem na sn\u011bhu a ledu mezi sn\u011bhov\u00fdmi bari\u00e9rami.<\/p><br>\n\n\n\n<h4 class=\"has-vivid-red-color has-text-color wp-block-heading\"><strong>Na to jsme se cht\u011bli zeptat. Jak se li\u0161\u00ed p\u0159\u00edprava techniky, jezdce a vlastn\u011b cel\u00e9ho t\u00fdmu na sout\u011b\u017e, kter\u00e1 se na rozd\u00edl od zbytku kalend\u00e1\u0159e jede kompletn\u011b v zimn\u00edch podm\u00ednk\u00e1ch?<\/strong><\/h4>\n\n\n\n<p>M\u011bli jsme jen m\u00e1lo \u010dasu, auto jsme vid\u011bli poprv\u00e9 a\u017e tady. Nejprve je pot\u0159eba upravit seda\u010dky, p\u00e1sy, ped\u00e1ly, \u0159azen\u00ed, volant, zkr\u00e1tka ergonomii. To ale nen\u00ed v\u0161echno. Mechanici mus\u00ed cel\u00e9 auto rozmontovat a p\u0159i op\u011btovn\u00e9 mont\u00e1\u017ei dot\u00e1hnout v\u0161echny \u0161roubov\u00e9 spoje spr\u00e1vn\u00fdm momentem, ale jde i o to, aby si vyzkou\u0161eli, jak se na aut\u011b pracuje a jak se prov\u00e1d\u011bj\u00ed konkr\u00e9tn\u00ed \u00fakony. Mont\u00e1\u017e p\u0159evodovky, v\u00fdm\u011bna sv\u011btel a podobn\u011b.<\/p><br>\n\n\n\n<p>Co se t\u00fd\u010de specifick\u00fdch podm\u00ednek na sn\u011bhu na ledu \u2013 u\u017e jsem n\u011bkolikr\u00e1t jel zimn\u00ed rallye ve \u0160v\u00e9dsku, tak\u017ee jsme tro\u0161ku v\u011bd\u011bli, co n\u00e1s \u010dek\u00e1. Hodn\u011b z\u00e1le\u017e\u00ed na osobn\u00edm vybaven\u00ed.&nbsp;<\/p>\n\n\n\n<blockquote class=\"wp-block-quote is-layout-flow wp-block-quote-is-layout-flow\"><p>Mr\u00e1z je vra\u017eedn\u00fd a v moment\u011b, kdy \u010dlov\u011bk vyleze ze z\u00e1vodn\u00edho auta, mus\u00ed b\u00fdt na tohle p\u0159ipraven\u00fd. I samotn\u00e1 j\u00edzda na sn\u011bhu je samoz\u0159ejm\u011b jin\u00e1. A nemysl\u00edm t\u00edm pomalej\u0161\u00ed. P\u0159ilnavost je d\u00edky h\u0159eb\u00edk\u016fm vysok\u00e1 a jezd\u00ed se tu velk\u00e9 rychlostn\u00ed pr\u016fm\u011bry, paradoxn\u011b mo\u017en\u00e1 nejrychlej\u0161\u00ed v cel\u00e9m kalend\u00e1\u0159i. Sn\u011bhov\u00e9 bari\u00e9ry se daj\u00ed pou\u017e\u00edvat k brzd\u011bn\u00ed a dod\u00e1vaj\u00ed \u010dlov\u011bku sebed\u016fv\u011bru.<\/p><\/blockquote>\n\n\n\n<p>\u0158\u00edk\u00e1te si, \u017ee se nem\u016f\u017ee st\u00e1t tolik, jako kdy\u017e je hned vedle trati p\u0159\u00edkop, k\u00e1men nebo strom, i kdy\u017e fyzika pochopiteln\u011b plat\u00ed i tady. Zimn\u00ed rallye jsem nejel od roku 2015. Ve \u0160v\u00e9dsku toti\u017e posledn\u00ed roky nebyla jistota sn\u011bhu, v podstat\u011b tam nebyl a jezdilo se p\u0159ev\u00e1\u017en\u011b na \u0161otolin\u011b. P\u0159est\u011bhov\u00e1n\u00ed zimn\u00ed sout\u011b\u017ee sv\u011btov\u00e9ho kalend\u00e1\u0159e do Finska to ale zm\u011bnilo, tady za pol\u00e1rn\u00edm kruhem jsou sn\u011bhov\u00e9 podm\u00ednky zaru\u010den\u00e9.<\/p><br>\n\n\n\n<figure class=\"wp-block-image size-large\"><img loading=\"lazy\" decoding=\"async\" width=\"1024\" height=\"683\" src=\"https:\/\/www.mzone.cz\/wp-content\/uploads\/2021\/02\/shutterstock_101293600-1024x683.jpg\" alt=\"Martin Prokop se na sn\u00edh t\u011b\u0161\u00ed\" class=\"wp-image-29679\" srcset=\"https:\/\/www.mzone.cz\/wp-content\/uploads\/2021\/02\/shutterstock_101293600-1024x683.jpg 1024w, https:\/\/www.mzone.cz\/wp-content\/uploads\/2021\/02\/shutterstock_101293600-300x200.jpg 300w, https:\/\/www.mzone.cz\/wp-content\/uploads\/2021\/02\/shutterstock_101293600-768x512.jpg 768w, https:\/\/www.mzone.cz\/wp-content\/uploads\/2021\/02\/shutterstock_101293600-1536x1024.jpg 1536w, https:\/\/www.mzone.cz\/wp-content\/uploads\/2021\/02\/shutterstock_101293600-2048x1365.jpg 2048w, https:\/\/www.mzone.cz\/wp-content\/uploads\/2021\/02\/shutterstock_101293600-16x12.jpg 16w, https:\/\/www.mzone.cz\/wp-content\/uploads\/2021\/02\/shutterstock_101293600-800x533.jpg 800w, https:\/\/www.mzone.cz\/wp-content\/uploads\/2021\/02\/shutterstock_101293600-400x267.jpg 400w, https:\/\/www.mzone.cz\/wp-content\/uploads\/2021\/02\/shutterstock_101293600-500x333.jpg 500w, https:\/\/www.mzone.cz\/wp-content\/uploads\/2021\/02\/shutterstock_101293600-1170x780.jpg 1170w, https:\/\/www.mzone.cz\/wp-content\/uploads\/2021\/02\/shutterstock_101293600-590x393.jpg 590w\" sizes=\"auto, (max-width: 1024px) 100vw, 1024px\" \/><\/figure><br>\n\n\n\n<h4 class=\"has-vivid-red-color has-text-color wp-block-heading\"><strong>Na kterou sout\u011b\u017e z kalend\u00e1\u0159e se t\u011b\u0161\u00edte nejv\u00edc?<\/strong><\/h4>\n\n\n\n<p>Pr\u00e1v\u011b na Finsko. Proto jsme se rozhodli na posledn\u00ed chv\u00edli, \u017ee do toho jdeme. Tato sout\u011b\u017e nemus\u00ed v mistrovstv\u00ed sv\u011bta z\u016fstat napo\u0159\u00e1d, tak\u017ee pro m\u011b to byla jasn\u00e1 volba a douf\u00e1m, \u017ee se mi potvrd\u00ed, \u017ee j\u00edzda na sn\u011bhu je jedna z nejz\u00e1bavn\u011bj\u0161\u00edch. Pak tam m\u00e1m favority jako Ke\u0148a nebo Chille, ale zat\u00edm nev\u00edme jist\u011b, jestli tam pojedeme. Ve Finsku se ov\u0161em kon\u00e1 je\u0161t\u011b jedna sout\u011b\u017e, v \u010dervenci se tu jede tradi\u010dn\u00ed \u201erallye tis\u00edce jezer\u201c. To je kr\u00e1lovna mistrovstv\u00ed sv\u011bta a nejv\u011bt\u0161\u00ed adrenalin. Letos dva z\u00e1vody ve Finsku \u2013 to by byla ur\u010dit\u011b bomba, kdyby se to zvl\u00e1dlo odjet. Pevn\u011b v\u011b\u0159\u00edm, \u017ee sou\u010dasn\u00e1 situace u\u017e kalend\u00e1\u0159 \u0161ampion\u00e1tu neovlivn\u00ed tolik jako loni.<\/p><br>\n\n\n\n<h4 class=\"has-vivid-red-color has-text-color wp-block-heading\"><strong>Nar\u00e1\u017e\u00edte na pandemii a s n\u00ed souvisej\u00edc\u00ed omezen\u00ed. Jak se v\u00e1m v t\u00e9to dob\u011b da\u0159\u00ed udr\u017eovat kontakt s fanou\u0161ky?<\/strong><\/h4>\n\n\n\n<p>D\u00edky soci\u00e1ln\u00edm s\u00edt\u00edm m\u016f\u017eeme fanou\u0161k\u016fm zprost\u0159edkovat svoje z\u00e1\u017eitky, pocity a novinky \u00fapln\u011b okam\u017eit\u011b. Je vid\u011bt, \u017ee to dob\u0159e funguje, \u017ee to lidi dr\u017e\u00ed alespo\u0148 v n\u011bjak\u00e9m soci\u00e1ln\u00edm kontaktu, i kdy\u017e na d\u00e1lku. Ale samoz\u0159ejm\u011b fanou\u0161ci u trati chyb\u00ed. To je to, co d\u011bl\u00e1 mistrovstv\u00ed sv\u011bta mistrovstv\u00edm sv\u011bta. Bez nich to bude trochu zvl\u00e1\u0161tn\u00ed, nejsme na to zvykl\u00ed. Takhle jsme jeli u\u017e loni na Sardinii, a p\u0159esto\u017ee \u010dlov\u011bk je samoz\u0159ejm\u011b r\u00e1d, \u017ee m\u016f\u017ee v tom z\u00e1vodn\u00edm aut\u011b v\u016fbec sed\u011bt, bez lid\u00ed to nebylo ono.<\/p>\n\n\n\n<blockquote class=\"wp-block-quote is-layout-flow wp-block-quote-is-layout-flow\"><p>Douf\u00e1m, \u017ee v pr\u016fb\u011bhu sez\u00f3ny situace fanou\u0161k\u016fm umo\u017en\u00ed vr\u00e1tit se na trat\u011b a tvo\u0159it atmosf\u00e9ru, d\u00edky n\u00ed\u017e je rallye pro n\u00e1s i pro n\u011b takov\u00fd z\u00e1\u017eitek. Mezit\u00edm n\u00e1s sledujte na Facebooku a Instagramu, kde jsme hodn\u011b aktivn\u00ed.<\/p><\/blockquote>\n\n\n\n<h4 class=\"has-vivid-red-color has-text-color wp-block-heading\"><strong>To m\u016f\u017eeme potvrdit. B\u011bhem Dakaru jsme m\u011bli d\u00edky insta stories skoro pocit, \u017ee tam jsme s v\u00e1mi. D\u00edky za rozhovor a p\u0159ejeme hodn\u011b sout\u011b\u017e\u00e1ck\u00e9ho \u0161t\u011bst\u00ed te\u010f ve Finsku i v cel\u00e9 sez\u00f3n\u011b!<\/strong><\/h4>\n\n\n\n<p>J\u00e1 d\u011bkuju za podporu. Dr\u017ete n\u00e1m te\u010f o v\u00edkendu palce.<\/p><br>\n\n\n\n<div class=\"wp-block-media-text alignwide is-stacked-on-mobile is-vertically-aligned-top\" style=\"grid-template-columns:23% auto\"><figure class=\"wp-block-media-text__media\"><a href=\"https:\/\/www.mzone.cz\/ondrej-klymciw-se-svou-skodovkou-aneb-jak-veteranka-dobyla-dakar\/\"><img loading=\"lazy\" decoding=\"async\" width=\"1024\" height=\"682\" src=\"https:\/\/www.mzone.cz\/wp-content\/uploads\/2021\/02\/Ondrej-Klymciw-a-jeho-Skoda-130-LR-1024x682.jpg\" alt=\"Ond\u0159ej Klym\u010diw a jeho \u0160koda 130 LR\" class=\"wp-image-29429 size-full\" srcset=\"https:\/\/www.mzone.cz\/wp-content\/uploads\/2021\/02\/Ondrej-Klymciw-a-jeho-Skoda-130-LR-1024x682.jpg 1024w, https:\/\/www.mzone.cz\/wp-content\/uploads\/2021\/02\/Ondrej-Klymciw-a-jeho-Skoda-130-LR-300x200.jpg 300w, https:\/\/www.mzone.cz\/wp-content\/uploads\/2021\/02\/Ondrej-Klymciw-a-jeho-Skoda-130-LR-768x512.jpg 768w, https:\/\/www.mzone.cz\/wp-content\/uploads\/2021\/02\/Ondrej-Klymciw-a-jeho-Skoda-130-LR-16x12.jpg 16w, https:\/\/www.mzone.cz\/wp-content\/uploads\/2021\/02\/Ondrej-Klymciw-a-jeho-Skoda-130-LR-800x533.jpg 800w, https:\/\/www.mzone.cz\/wp-content\/uploads\/2021\/02\/Ondrej-Klymciw-a-jeho-Skoda-130-LR-400x267.jpg 400w, https:\/\/www.mzone.cz\/wp-content\/uploads\/2021\/02\/Ondrej-Klymciw-a-jeho-Skoda-130-LR-500x333.jpg 500w, https:\/\/www.mzone.cz\/wp-content\/uploads\/2021\/02\/Ondrej-Klymciw-a-jeho-Skoda-130-LR-590x393.jpg 590w, https:\/\/www.mzone.cz\/wp-content\/uploads\/2021\/02\/Ondrej-Klymciw-a-jeho-Skoda-130-LR.jpg 1061w\" sizes=\"auto, (max-width: 1024px) 100vw, 1024px\" \/><\/a><\/figure><div class=\"wp-block-media-text__content\">\n<h4><a href=\"https:\/\/www.mzone.cz\/ondrej-klymciw-se-svou-skodovkou-aneb-jak-veteranka-dobyla-dakar\/\">Ond\u0159ej Klym\u010diw se svou \u0161kodovkou aneb jak veter\u00e1nka dobyla Dakar<\/a><\/h4><br>\n<\/div><\/div>","protected":false},"excerpt":{"rendered":"<p>Jeden z nej\u00fasp\u011b\u0161n\u011bj\u0161\u00edch \u010desk\u00fdch \u201esout\u011b\u017e\u00e1k\u016f\u201c Martin Prokop se po pauze vrac\u00ed do mistrovstv\u00ed sv\u011bta FIA v rallye. O body v kategorii WRC2 bude bojovat za volantem Fiesty R5 Mk. II, kterou pro n\u011bj p\u0159ipravuje specializovan\u00e1 britsk\u00e1 spole\u010dnost M-Sport. Premi\u00e9rov\u00fd start ho \u010dek\u00e1 u\u017e o nadch\u00e1zej\u00edc\u00edm v\u00edkendu na Arctic Rally ve Finsku. Zeptali jsme se Martina [&hellip;]<\/p>\n","protected":false},"author":4,"featured_media":29656,"comment_status":"open","ping_status":"closed","sticky":false,"template":"","format":"standard","meta":{"kk_blocks_editor_width":"","_kiokenblocks_attr":"","_kiokenblocks_dimensions":"","footnotes":""},"categories":[69,80],"tags":[4812,585,82,462,552,4813,4814,3215,2203,636,2085,2083,37,42,2902,735,102],"class_list":["post-29654","post","type-post","status-publish","format-standard","has-post-thumbnail","hentry","category-auto-moto","category-sport","tag-arctic-rally","tag-auta","tag-auto","tag-auto-moto","tag-automobily","tag-finska-rallye","tag-finsko","tag-martin-prokop","tag-mistrovstvi-sveta","tag-motorsport","tag-rally","tag-rallye","tag-rozhovor","tag-sport","tag-wrc","tag-zavod","tag-zavody"],"yoast_head":"<!-- This site is optimized with the Yoast SEO plugin v27.5 - https:\/\/yoast.com\/product\/yoast-seo-wordpress\/ -->\n<title>Martin Prokop se chyst\u00e1 na Finskou rallye! ROZHOVOR - Mzone<\/title>\n<meta name=\"description\" content=\"Jeden z nej\u00fasp\u011b\u0161n\u011bj\u0161\u00edch \u010desk\u00fdch \u201esout\u011b\u017e\u00e1k\u016f\u201c Martin Prokop se po pauze vrac\u00ed do mistrovstv\u00ed sv\u011bta FIA v rallye. Premi\u00e9rov\u00fd start ho \u010dek\u00e1 u\u017e o nadch\u00e1zej\u00edc\u00edm v\u00edkendu na Arctic Rally ve Finsku.\" \/>\n<meta name=\"robots\" content=\"index, follow, max-snippet:-1, max-image-preview:large, max-video-preview:-1\" \/>\n<link rel=\"canonical\" href=\"https:\/\/www.mzone.cz\/en\/martin-prokop-se-chysta-na-finskou-rallye-rozhovor\/\" \/>\n<meta property=\"og:locale\" content=\"en_US\" \/>\n<meta property=\"og:type\" content=\"article\" \/>\n<meta property=\"og:title\" content=\"Martin Prokop se chyst\u00e1 na Finskou rallye! ROZHOVOR - Mzone\" \/>\n<meta property=\"og:description\" content=\"Jeden z nej\u00fasp\u011b\u0161n\u011bj\u0161\u00edch \u010desk\u00fdch \u201esout\u011b\u017e\u00e1k\u016f\u201c Martin Prokop se po pauze vrac\u00ed do mistrovstv\u00ed sv\u011bta FIA v rallye. Premi\u00e9rov\u00fd start ho \u010dek\u00e1 u\u017e o nadch\u00e1zej\u00edc\u00edm v\u00edkendu na Arctic Rally ve Finsku.\" \/>\n<meta property=\"og:url\" content=\"https:\/\/www.mzone.cz\/en\/martin-prokop-se-chysta-na-finskou-rallye-rozhovor\/\" \/>\n<meta property=\"og:site_name\" content=\"Mzone\" \/>\n<meta property=\"article:publisher\" content=\"https:\/\/www.facebook.com\/MzoneCZ\/\" \/>\n<meta property=\"article:published_time\" content=\"2021-02-25T15:00:00+00:00\" \/>\n<meta property=\"og:image\" content=\"https:\/\/www.mzone.cz\/wp-content\/uploads\/2021\/02\/Martin-Prokop.jpg\" \/>\n\t<meta property=\"og:image:width\" content=\"868\" \/>\n\t<meta property=\"og:image:height\" content=\"579\" \/>\n\t<meta property=\"og:image:type\" content=\"image\/jpeg\" \/>\n<meta name=\"author\" content=\"Mzone\" \/>\n<meta name=\"twitter:card\" content=\"summary_large_image\" \/>\n<meta name=\"twitter:label1\" content=\"Written by\" \/>\n\t<meta name=\"twitter:data1\" content=\"Mzone\" \/>\n\t<meta name=\"twitter:label2\" content=\"Est. reading time\" \/>\n\t<meta name=\"twitter:data2\" content=\"5 minutes\" \/>\n<script type=\"application\/ld+json\" class=\"yoast-schema-graph\">{\"@context\":\"https:\\\/\\\/schema.org\",\"@graph\":[{\"@type\":\"Article\",\"@id\":\"https:\\\/\\\/www.mzone.cz\\\/martin-prokop-se-chysta-na-finskou-rallye-rozhovor\\\/#article\",\"isPartOf\":{\"@id\":\"https:\\\/\\\/www.mzone.cz\\\/martin-prokop-se-chysta-na-finskou-rallye-rozhovor\\\/\"},\"author\":{\"name\":\"Mzone\",\"@id\":\"https:\\\/\\\/www.mzone.cz\\\/#\\\/schema\\\/person\\\/9bc20cc422a99cac4af6ff9297da32d4\"},\"headline\":\"Martin Prokop se chyst\u00e1 na Finskou rallye! ROZHOVOR\",\"datePublished\":\"2021-02-25T15:00:00+00:00\",\"mainEntityOfPage\":{\"@id\":\"https:\\\/\\\/www.mzone.cz\\\/martin-prokop-se-chysta-na-finskou-rallye-rozhovor\\\/\"},\"wordCount\":1251,\"commentCount\":0,\"image\":{\"@id\":\"https:\\\/\\\/www.mzone.cz\\\/martin-prokop-se-chysta-na-finskou-rallye-rozhovor\\\/#primaryimage\"},\"thumbnailUrl\":\"https:\\\/\\\/www.mzone.cz\\\/wp-content\\\/uploads\\\/2021\\\/02\\\/Martin-Prokop.jpg\",\"keywords\":[\"Arctic Rally\",\"auta\",\"Auto\",\"auto-moto\",\"automobily\",\"Finsk\u00e1 rallye\",\"Finsko\",\"Martin Prokop\",\"mistrovstv\u00ed sv\u011bta\",\"motorsport\",\"rally\",\"rallye\",\"Rozhovor\",\"Sport\",\"WRC\",\"z\u00e1vod\",\"Z\u00e1vody\"],\"articleSection\":[\"Auto-moto\",\"Sport\"],\"inLanguage\":\"en-US\",\"potentialAction\":[{\"@type\":\"CommentAction\",\"name\":\"Comment\",\"target\":[\"https:\\\/\\\/www.mzone.cz\\\/martin-prokop-se-chysta-na-finskou-rallye-rozhovor\\\/#respond\"]}]},{\"@type\":\"WebPage\",\"@id\":\"https:\\\/\\\/www.mzone.cz\\\/martin-prokop-se-chysta-na-finskou-rallye-rozhovor\\\/\",\"url\":\"https:\\\/\\\/www.mzone.cz\\\/martin-prokop-se-chysta-na-finskou-rallye-rozhovor\\\/\",\"name\":\"Martin Prokop se chyst\u00e1 na Finskou rallye! ROZHOVOR - Mzone\",\"isPartOf\":{\"@id\":\"https:\\\/\\\/www.mzone.cz\\\/#website\"},\"primaryImageOfPage\":{\"@id\":\"https:\\\/\\\/www.mzone.cz\\\/martin-prokop-se-chysta-na-finskou-rallye-rozhovor\\\/#primaryimage\"},\"image\":{\"@id\":\"https:\\\/\\\/www.mzone.cz\\\/martin-prokop-se-chysta-na-finskou-rallye-rozhovor\\\/#primaryimage\"},\"thumbnailUrl\":\"https:\\\/\\\/www.mzone.cz\\\/wp-content\\\/uploads\\\/2021\\\/02\\\/Martin-Prokop.jpg\",\"datePublished\":\"2021-02-25T15:00:00+00:00\",\"author\":{\"@id\":\"https:\\\/\\\/www.mzone.cz\\\/#\\\/schema\\\/person\\\/9bc20cc422a99cac4af6ff9297da32d4\"},\"description\":\"Jeden z nej\u00fasp\u011b\u0161n\u011bj\u0161\u00edch \u010desk\u00fdch \u201esout\u011b\u017e\u00e1k\u016f\u201c Martin Prokop se po pauze vrac\u00ed do mistrovstv\u00ed sv\u011bta FIA v rallye. Premi\u00e9rov\u00fd start ho \u010dek\u00e1 u\u017e o nadch\u00e1zej\u00edc\u00edm v\u00edkendu na Arctic Rally ve Finsku.\",\"breadcrumb\":{\"@id\":\"https:\\\/\\\/www.mzone.cz\\\/martin-prokop-se-chysta-na-finskou-rallye-rozhovor\\\/#breadcrumb\"},\"inLanguage\":\"en-US\",\"potentialAction\":[{\"@type\":\"ReadAction\",\"target\":[\"https:\\\/\\\/www.mzone.cz\\\/martin-prokop-se-chysta-na-finskou-rallye-rozhovor\\\/\"]}]},{\"@type\":\"ImageObject\",\"inLanguage\":\"en-US\",\"@id\":\"https:\\\/\\\/www.mzone.cz\\\/martin-prokop-se-chysta-na-finskou-rallye-rozhovor\\\/#primaryimage\",\"url\":\"https:\\\/\\\/www.mzone.cz\\\/wp-content\\\/uploads\\\/2021\\\/02\\\/Martin-Prokop.jpg\",\"contentUrl\":\"https:\\\/\\\/www.mzone.cz\\\/wp-content\\\/uploads\\\/2021\\\/02\\\/Martin-Prokop.jpg\",\"width\":868,\"height\":579,\"caption\":\"Martin Prokop\"},{\"@type\":\"BreadcrumbList\",\"@id\":\"https:\\\/\\\/www.mzone.cz\\\/martin-prokop-se-chysta-na-finskou-rallye-rozhovor\\\/#breadcrumb\",\"itemListElement\":[{\"@type\":\"ListItem\",\"position\":1,\"name\":\"Dom\u016f\",\"item\":\"https:\\\/\\\/www.mzone.cz\\\/\"},{\"@type\":\"ListItem\",\"position\":2,\"name\":\"Martin Prokop se chyst\u00e1 na Finskou rallye! ROZHOVOR\"}]},{\"@type\":\"WebSite\",\"@id\":\"https:\\\/\\\/www.mzone.cz\\\/#website\",\"url\":\"https:\\\/\\\/www.mzone.cz\\\/\",\"name\":\"Mzone\",\"description\":\"Magaz\u00edn nejen pro mu\u017ee\",\"potentialAction\":[{\"@type\":\"SearchAction\",\"target\":{\"@type\":\"EntryPoint\",\"urlTemplate\":\"https:\\\/\\\/www.mzone.cz\\\/?s={search_term_string}\"},\"query-input\":{\"@type\":\"PropertyValueSpecification\",\"valueRequired\":true,\"valueName\":\"search_term_string\"}}],\"inLanguage\":\"en-US\"},{\"@type\":\"Person\",\"@id\":\"https:\\\/\\\/www.mzone.cz\\\/#\\\/schema\\\/person\\\/9bc20cc422a99cac4af6ff9297da32d4\",\"name\":\"Mzone\",\"image\":{\"@type\":\"ImageObject\",\"inLanguage\":\"en-US\",\"@id\":\"https:\\\/\\\/secure.gravatar.com\\\/avatar\\\/e780a8630f3182a3d06dd667ab6bea151a0d155b0951bc15fe22633acdac0676?s=96&d=mm&r=g\",\"url\":\"https:\\\/\\\/secure.gravatar.com\\\/avatar\\\/e780a8630f3182a3d06dd667ab6bea151a0d155b0951bc15fe22633acdac0676?s=96&d=mm&r=g\",\"contentUrl\":\"https:\\\/\\\/secure.gravatar.com\\\/avatar\\\/e780a8630f3182a3d06dd667ab6bea151a0d155b0951bc15fe22633acdac0676?s=96&d=mm&r=g\",\"caption\":\"Mzone\"},\"url\":\"https:\\\/\\\/www.mzone.cz\\\/en\\\/author\\\/jakub\\\/\"}]}<\/script>\n<!-- \/ Yoast SEO plugin. -->","yoast_head_json":{"title":"Martin Prokop se chyst\u00e1 na Finskou rallye! ROZHOVOR - Mzone","description":"Jeden z nej\u00fasp\u011b\u0161n\u011bj\u0161\u00edch \u010desk\u00fdch \u201esout\u011b\u017e\u00e1k\u016f\u201c Martin Prokop se po pauze vrac\u00ed do mistrovstv\u00ed sv\u011bta FIA v rallye. Premi\u00e9rov\u00fd start ho \u010dek\u00e1 u\u017e o nadch\u00e1zej\u00edc\u00edm v\u00edkendu na Arctic Rally ve Finsku.","robots":{"index":"index","follow":"follow","max-snippet":"max-snippet:-1","max-image-preview":"max-image-preview:large","max-video-preview":"max-video-preview:-1"},"canonical":"https:\/\/www.mzone.cz\/en\/martin-prokop-se-chysta-na-finskou-rallye-rozhovor\/","og_locale":"en_US","og_type":"article","og_title":"Martin Prokop se chyst\u00e1 na Finskou rallye! ROZHOVOR - Mzone","og_description":"Jeden z nej\u00fasp\u011b\u0161n\u011bj\u0161\u00edch \u010desk\u00fdch \u201esout\u011b\u017e\u00e1k\u016f\u201c Martin Prokop se po pauze vrac\u00ed do mistrovstv\u00ed sv\u011bta FIA v rallye. Premi\u00e9rov\u00fd start ho \u010dek\u00e1 u\u017e o nadch\u00e1zej\u00edc\u00edm v\u00edkendu na Arctic Rally ve Finsku.","og_url":"https:\/\/www.mzone.cz\/en\/martin-prokop-se-chysta-na-finskou-rallye-rozhovor\/","og_site_name":"Mzone","article_publisher":"https:\/\/www.facebook.com\/MzoneCZ\/","article_published_time":"2021-02-25T15:00:00+00:00","og_image":[{"width":868,"height":579,"url":"https:\/\/www.mzone.cz\/wp-content\/uploads\/2021\/02\/Martin-Prokop.jpg","type":"image\/jpeg"}],"author":"Mzone","twitter_card":"summary_large_image","twitter_misc":{"Written by":"Mzone","Est. reading time":"5 minutes"},"schema":{"@context":"https:\/\/schema.org","@graph":[{"@type":"Article","@id":"https:\/\/www.mzone.cz\/martin-prokop-se-chysta-na-finskou-rallye-rozhovor\/#article","isPartOf":{"@id":"https:\/\/www.mzone.cz\/martin-prokop-se-chysta-na-finskou-rallye-rozhovor\/"},"author":{"name":"Mzone","@id":"https:\/\/www.mzone.cz\/#\/schema\/person\/9bc20cc422a99cac4af6ff9297da32d4"},"headline":"Martin Prokop se chyst\u00e1 na Finskou rallye! ROZHOVOR","datePublished":"2021-02-25T15:00:00+00:00","mainEntityOfPage":{"@id":"https:\/\/www.mzone.cz\/martin-prokop-se-chysta-na-finskou-rallye-rozhovor\/"},"wordCount":1251,"commentCount":0,"image":{"@id":"https:\/\/www.mzone.cz\/martin-prokop-se-chysta-na-finskou-rallye-rozhovor\/#primaryimage"},"thumbnailUrl":"https:\/\/www.mzone.cz\/wp-content\/uploads\/2021\/02\/Martin-Prokop.jpg","keywords":["Arctic Rally","auta","Auto","auto-moto","automobily","Finsk\u00e1 rallye","Finsko","Martin Prokop","mistrovstv\u00ed sv\u011bta","motorsport","rally","rallye","Rozhovor","Sport","WRC","z\u00e1vod","Z\u00e1vody"],"articleSection":["Auto-moto","Sport"],"inLanguage":"en-US","potentialAction":[{"@type":"CommentAction","name":"Comment","target":["https:\/\/www.mzone.cz\/martin-prokop-se-chysta-na-finskou-rallye-rozhovor\/#respond"]}]},{"@type":"WebPage","@id":"https:\/\/www.mzone.cz\/martin-prokop-se-chysta-na-finskou-rallye-rozhovor\/","url":"https:\/\/www.mzone.cz\/martin-prokop-se-chysta-na-finskou-rallye-rozhovor\/","name":"Martin Prokop se chyst\u00e1 na Finskou rallye! ROZHOVOR - Mzone","isPartOf":{"@id":"https:\/\/www.mzone.cz\/#website"},"primaryImageOfPage":{"@id":"https:\/\/www.mzone.cz\/martin-prokop-se-chysta-na-finskou-rallye-rozhovor\/#primaryimage"},"image":{"@id":"https:\/\/www.mzone.cz\/martin-prokop-se-chysta-na-finskou-rallye-rozhovor\/#primaryimage"},"thumbnailUrl":"https:\/\/www.mzone.cz\/wp-content\/uploads\/2021\/02\/Martin-Prokop.jpg","datePublished":"2021-02-25T15:00:00+00:00","author":{"@id":"https:\/\/www.mzone.cz\/#\/schema\/person\/9bc20cc422a99cac4af6ff9297da32d4"},"description":"Jeden z nej\u00fasp\u011b\u0161n\u011bj\u0161\u00edch \u010desk\u00fdch \u201esout\u011b\u017e\u00e1k\u016f\u201c Martin Prokop se po pauze vrac\u00ed do mistrovstv\u00ed sv\u011bta FIA v rallye. Premi\u00e9rov\u00fd start ho \u010dek\u00e1 u\u017e o nadch\u00e1zej\u00edc\u00edm v\u00edkendu na Arctic Rally ve Finsku.","breadcrumb":{"@id":"https:\/\/www.mzone.cz\/martin-prokop-se-chysta-na-finskou-rallye-rozhovor\/#breadcrumb"},"inLanguage":"en-US","potentialAction":[{"@type":"ReadAction","target":["https:\/\/www.mzone.cz\/martin-prokop-se-chysta-na-finskou-rallye-rozhovor\/"]}]},{"@type":"ImageObject","inLanguage":"en-US","@id":"https:\/\/www.mzone.cz\/martin-prokop-se-chysta-na-finskou-rallye-rozhovor\/#primaryimage","url":"https:\/\/www.mzone.cz\/wp-content\/uploads\/2021\/02\/Martin-Prokop.jpg","contentUrl":"https:\/\/www.mzone.cz\/wp-content\/uploads\/2021\/02\/Martin-Prokop.jpg","width":868,"height":579,"caption":"Martin Prokop"},{"@type":"BreadcrumbList","@id":"https:\/\/www.mzone.cz\/martin-prokop-se-chysta-na-finskou-rallye-rozhovor\/#breadcrumb","itemListElement":[{"@type":"ListItem","position":1,"name":"Dom\u016f","item":"https:\/\/www.mzone.cz\/"},{"@type":"ListItem","position":2,"name":"Martin Prokop se chyst\u00e1 na Finskou rallye! ROZHOVOR"}]},{"@type":"WebSite","@id":"https:\/\/www.mzone.cz\/#website","url":"https:\/\/www.mzone.cz\/","name":"Mzone","description":"Magaz\u00edn nejen pro mu\u017ee","potentialAction":[{"@type":"SearchAction","target":{"@type":"EntryPoint","urlTemplate":"https:\/\/www.mzone.cz\/?s={search_term_string}"},"query-input":{"@type":"PropertyValueSpecification","valueRequired":true,"valueName":"search_term_string"}}],"inLanguage":"en-US"},{"@type":"Person","@id":"https:\/\/www.mzone.cz\/#\/schema\/person\/9bc20cc422a99cac4af6ff9297da32d4","name":"Mzone","image":{"@type":"ImageObject","inLanguage":"en-US","@id":"https:\/\/secure.gravatar.com\/avatar\/e780a8630f3182a3d06dd667ab6bea151a0d155b0951bc15fe22633acdac0676?s=96&d=mm&r=g","url":"https:\/\/secure.gravatar.com\/avatar\/e780a8630f3182a3d06dd667ab6bea151a0d155b0951bc15fe22633acdac0676?s=96&d=mm&r=g","contentUrl":"https:\/\/secure.gravatar.com\/avatar\/e780a8630f3182a3d06dd667ab6bea151a0d155b0951bc15fe22633acdac0676?s=96&d=mm&r=g","caption":"Mzone"},"url":"https:\/\/www.mzone.cz\/en\/author\/jakub\/"}]}},"_links":{"self":[{"href":"https:\/\/www.mzone.cz\/en\/wp-json\/wp\/v2\/posts\/29654","targetHints":{"allow":["GET"]}}],"collection":[{"href":"https:\/\/www.mzone.cz\/en\/wp-json\/wp\/v2\/posts"}],"about":[{"href":"https:\/\/www.mzone.cz\/en\/wp-json\/wp\/v2\/types\/post"}],"author":[{"embeddable":true,"href":"https:\/\/www.mzone.cz\/en\/wp-json\/wp\/v2\/users\/4"}],"replies":[{"embeddable":true,"href":"https:\/\/www.mzone.cz\/en\/wp-json\/wp\/v2\/comments?post=29654"}],"version-history":[{"count":20,"href":"https:\/\/www.mzone.cz\/en\/wp-json\/wp\/v2\/posts\/29654\/revisions"}],"predecessor-version":[{"id":29685,"href":"https:\/\/www.mzone.cz\/en\/wp-json\/wp\/v2\/posts\/29654\/revisions\/29685"}],"wp:featuredmedia":[{"embeddable":true,"href":"https:\/\/www.mzone.cz\/en\/wp-json\/wp\/v2\/media\/29656"}],"wp:attachment":[{"href":"https:\/\/www.mzone.cz\/en\/wp-json\/wp\/v2\/media?parent=29654"}],"wp:term":[{"taxonomy":"category","embeddable":true,"href":"https:\/\/www.mzone.cz\/en\/wp-json\/wp\/v2\/categories?post=29654"},{"taxonomy":"post_tag","embeddable":true,"href":"https:\/\/www.mzone.cz\/en\/wp-json\/wp\/v2\/tags?post=29654"}],"curies":[{"name":"wp","href":"https:\/\/api.w.org\/{rel}","templated":true}]}}