{"id":29863,"date":"2021-03-06T05:00:00","date_gmt":"2021-03-06T04:00:00","guid":{"rendered":"https:\/\/www.mzone.cz\/?p=29863"},"modified":"2021-03-03T18:41:27","modified_gmt":"2021-03-03T17:41:27","slug":"alpine-f1-vstupuje-do-formule-1","status":"publish","type":"post","link":"https:\/\/www.mzone.cz\/en\/alpine-f1-vstupuje-do-formule-1\/","title":{"rendered":"T\u00fdm Alpine F1 vstupuje do Formule 1"},"content":{"rendered":"<p><strong>Alpine F1 Team ofici\u00e1ln\u011b zapo\u010dal novou \u00e9ru virtu\u00e1ln\u00edm zah\u00e1jen\u00edm prvn\u00ed sezony sv\u00fdch d\u011bjin na Mistrovstv\u00ed sv\u011bta Formule 1.<\/strong><\/p><br>\n\n\n\n<p>Leto\u0161n\u00ed monopost, nazvan\u00fd A521, se py\u0161n\u00ed perfektn\u00edm \u00faborem proveden\u00fdm v barv\u00e1ch modr\u00e1, b\u00edl\u00e1 a \u010derven\u00e1, kter\u00e9 jsou synonymem d\u011bdictv\u00ed z\u00e1vodn\u00ed Alpine.<\/p>\n\n\n\n<blockquote class=\"wp-block-quote is-layout-flow wp-block-quote-is-layout-flow\"><p>V\u016fz je vybaven hnac\u00edm agreg\u00e1tem Renault E-Tech 20B V6 1,6 l, projektovan\u00fdm a vyvinut\u00fdm ve Viry-Ch\u00e2tillon, kde francouzsk\u00fd v\u00fdrobce motor\u016f p\u016fsob\u00ed ve F1 nep\u0159etr\u017eit\u011b ji\u017e p\u011bta\u010dty\u0159icet let.<\/p><\/blockquote>\n\n\n\n<p>Monopost A521 vych\u00e1z\u00ed z R.S.20, kter\u00fd sout\u011b\u017eil v sezon\u011b 2020. V d\u016fsledku lo\u0148sk\u00fdch zm\u011bn\u011bn\u00fdch p\u0159edpis\u016f v pr\u016fb\u011bhu pandemie byly hlavn\u00ed struktur\u00e1ln\u00ed d\u00edly A521 p\u0159evzaty z lo\u0148ska. Ka\u017ed\u00fd d\u00edl, kter\u00fd z tohoto r\u00e1mce vybo\u010doval, v\u0161ak byl vylep\u0161en, zejm\u00e9na vzadu, co\u017e si vy\u017e\u00e1dala nov\u00e1 pravidla FIA v oblasti aerodynamiky.<\/p><br>\n\n\n\n<figure class=\"wp-block-image size-large\"><img loading=\"lazy\" decoding=\"async\" width=\"1024\" height=\"576\" src=\"https:\/\/www.mzone.cz\/wp-content\/uploads\/2021\/03\/3-Alpine-F1-Team-Lancement-de-la-saison-2021-1024x576.jpg\" alt=\"Alpine F1 Team - Monopost A521\" class=\"wp-image-29870\" srcset=\"https:\/\/www.mzone.cz\/wp-content\/uploads\/2021\/03\/3-Alpine-F1-Team-Lancement-de-la-saison-2021-1024x576.jpg 1024w, https:\/\/www.mzone.cz\/wp-content\/uploads\/2021\/03\/3-Alpine-F1-Team-Lancement-de-la-saison-2021-300x169.jpg 300w, https:\/\/www.mzone.cz\/wp-content\/uploads\/2021\/03\/3-Alpine-F1-Team-Lancement-de-la-saison-2021-768x432.jpg 768w, https:\/\/www.mzone.cz\/wp-content\/uploads\/2021\/03\/3-Alpine-F1-Team-Lancement-de-la-saison-2021-1536x864.jpg 1536w, https:\/\/www.mzone.cz\/wp-content\/uploads\/2021\/03\/3-Alpine-F1-Team-Lancement-de-la-saison-2021-2048x1152.jpg 2048w, https:\/\/www.mzone.cz\/wp-content\/uploads\/2021\/03\/3-Alpine-F1-Team-Lancement-de-la-saison-2021-16x9.jpg 16w, https:\/\/www.mzone.cz\/wp-content\/uploads\/2021\/03\/3-Alpine-F1-Team-Lancement-de-la-saison-2021-590x332.jpg 590w\" sizes=\"auto, (max-width: 1024px) 100vw, 1024px\" \/><\/figure><br>\n\n\n\n<p>\u201eSpat\u0159it mocn\u00e9 a vzru\u0161uj\u00edc\u00ed jm\u00e9no Alpine na voze Formule 1 je skute\u010dnou radost\u00ed. Nov\u00e9 barvy, nov\u00e9 osobnosti, ambici\u00f3zn\u00ed projekty: je to nov\u00fd start zalo\u017een\u00fd na \u010dty\u0159icetilet\u00e9 historii. Spoj\u00edme hodnoty autenticity, elegance a kur\u00e1\u017ee Alpine s na\u0161imi znalostmi a zku\u0161enostmi v in\u017een\u00fdrstv\u00ed a stavb\u011b podvozku,&#8221; \u0159\u00edk\u00e1 gener\u00e1ln\u00ed \u0159editel skupiny Renault Luca De Meo.<\/p><br>\n\n\n\n<p>\u201eJe \u00fachvatn\u00e9 b\u00fdt konstrukt\u00e9rem ve Formuli 1. Budeme sout\u011b\u017eit s nejv\u011bt\u0161\u00edmi jm\u00e9ny t\u011bchto spektakul\u00e1rn\u00edch z\u00e1vod\u016f, po\u0159\u00e1dan\u00fdch a sledovan\u00fdch n\u00e1ru\u017eiv\u00fdmi nad\u0161enci. Nemohu se do\u010dkat, a\u017e sezona za\u010dne,\u201d dod\u00e1v\u00e1 Luca De Meo.<\/p>\n\n\n\n<blockquote class=\"wp-block-quote is-layout-flow wp-block-quote-is-layout-flow\"><p>Prvn\u00ed monopost Alpine F1 Team bude sv\u011b\u0159en Estebanu Oconovi a <a href=\"https:\/\/cs.wikipedia.org\/wiki\/Fernando_Alonso\" target=\"_blank\" rel=\"noreferrer noopener\">Fernandu Alonsovi<\/a>. Fernando se vrac\u00ed k Formuli 1 po dvoulet\u00e9 pauze a zam\u00ed\u0159il do st\u00e1je, v n\u00ed\u017e z\u00edskal sv\u00e9 dva tituly mistra sv\u011bta v letech 2005 a 2006.<\/p><\/blockquote>\n\n\n\n<p>Esteban zahajuje sv\u016fj druh\u00fd rok v t\u00fdmu a bude cht\u00edt zhodnotit svou \u00fasp\u011b\u0161nou sezonu 2020, kdy se poprv\u00e9 ocitl na stupn\u00edch v\u00edt\u011bz\u016f Formule 1 p\u0159i z\u00e1vodech Grand Prix Sakhir 2020. Tento \u010dty\u0159iadvacetilet\u00fd Francouz zahajuje sv\u00e9 \u010dtvrt\u00e9 kompletn\u00ed ta\u017een\u00ed v t\u00e9to discipl\u00edn\u011b od sv\u00fdch za\u010d\u00e1tk\u016f v srpnu 2016.<\/p><br>\n\n\n\n<figure class=\"wp-block-image size-large\"><img loading=\"lazy\" decoding=\"async\" width=\"1024\" height=\"576\" src=\"https:\/\/www.mzone.cz\/wp-content\/uploads\/2021\/03\/1-Alpine-F1-Team-Lancement-de-la-saison-2021-1024x576.jpg\" alt=\"Alpine F1 Team - Monopost A521\" class=\"wp-image-29878\" srcset=\"https:\/\/www.mzone.cz\/wp-content\/uploads\/2021\/03\/1-Alpine-F1-Team-Lancement-de-la-saison-2021-1024x576.jpg 1024w, https:\/\/www.mzone.cz\/wp-content\/uploads\/2021\/03\/1-Alpine-F1-Team-Lancement-de-la-saison-2021-300x169.jpg 300w, https:\/\/www.mzone.cz\/wp-content\/uploads\/2021\/03\/1-Alpine-F1-Team-Lancement-de-la-saison-2021-768x432.jpg 768w, https:\/\/www.mzone.cz\/wp-content\/uploads\/2021\/03\/1-Alpine-F1-Team-Lancement-de-la-saison-2021-1536x864.jpg 1536w, https:\/\/www.mzone.cz\/wp-content\/uploads\/2021\/03\/1-Alpine-F1-Team-Lancement-de-la-saison-2021-2048x1152.jpg 2048w, https:\/\/www.mzone.cz\/wp-content\/uploads\/2021\/03\/1-Alpine-F1-Team-Lancement-de-la-saison-2021-16x9.jpg 16w, https:\/\/www.mzone.cz\/wp-content\/uploads\/2021\/03\/1-Alpine-F1-Team-Lancement-de-la-saison-2021-590x332.jpg 590w\" sizes=\"auto, (max-width: 1024px) 100vw, 1024px\" \/><\/figure><br>\n\n\n\n<p>T\u00fdm nyn\u00ed \u0159\u00edd\u00ed nov\u00e1 trojice \u0159editel\u016f, kterou tvo\u0159\u00ed gener\u00e1ln\u00ed \u0159editel Alpine Laurent Rossi, v\u00fdkonn\u00fd \u0159editel Marcin Budkowski a Racing Director Davide Brivio. Na sv\u00fdch m\u00edstech z\u016fst\u00e1vaj\u00ed Pat Fry a R\u00e9mi Taffin jako technick\u00fd \u0159editel podvozk\u016f a technick\u00fd \u0159editel motor\u016f. \u010clen Alpine Academy Guanyu Zhou z\u016fst\u00e1v\u00e1 zku\u0161ebn\u00edm pilotem t\u00fdmu a sou\u010dasn\u011b z\u00e1vod\u00ed v mistrovstv\u00ed FIA Formule 2 s UNI-Virtuosi.<\/p>\n\n\n\n<blockquote class=\"wp-block-quote is-layout-flow wp-block-quote-is-layout-flow\"><p>Prvn\u00ed v\u016fz Formule 1 od Alpine F1 Team vyjel poprv\u00e9 ve \u010dtvrtek s Estebanem Oconem p\u0159i prvn\u00edm propaga\u010dn\u00edm nat\u00e1\u010den\u00ed v Silverstone, dva t\u00fddny p\u0159ed ofici\u00e1ln\u00edmi p\u0159edsezonn\u00edmi zkou\u0161kami na mezin\u00e1rodn\u00edm okruhu v Bahrajnu.<\/p><\/blockquote>\n\n\n\n<p>\u201eJsme hrd\u00ed, \u017ee m\u016f\u017eeme p\u0159edstavit \u00fapln\u011b prvn\u00ed v\u016fz Formule 1 Alpine F1 Team pro sezonu 2021. Jde o v\u00fdznamnou etapu, kterou p\u0159edstavuje zna\u010dka na \u0161pici inovac\u00ed skupiny Renault. Alpine nach\u00e1z\u00ed p\u0159irozen\u011b sv\u00e9 m\u00edsto v r\u00e1mci po\u017eadavk\u016f, presti\u017ee a v\u00fdkonnosti F1 a my netrp\u011bliv\u011b vyhl\u00ed\u017e\u00edme za\u010d\u00e1tky A521 s na\u0161imi piloty \u2013 dvojn\u00e1sobn\u00fdm mistrem sv\u011bta Formule 1 Fernandem Alonzem a Estebanem Oconem,&#8221; \u0159\u00edk\u00e1 gener\u00e1ln\u00ed \u0159editel Alpine Laurent Rossi a dod\u00e1v\u00e1: \u201eN\u00e1\u0161 leto\u0161n\u00ed c\u00edl je jasn\u00fd: pokra\u010dovat ve vzestupu zah\u00e1jen\u00e9m loni a bojovat o m\u00edsta na stupn\u00edch v\u00edt\u011bz\u016f. Na\u0161\u00ed dlouhodobou viz\u00ed je um\u00edst\u011bn\u00ed Alpine na nejvy\u0161\u0161\u00edm stupni v\u00edt\u011bz\u016f F1. Sout\u011b\u017e je sou\u010d\u00e1st\u00ed na\u0161\u00ed DNA a nastala vhodn\u00e1 chv\u00edle, aby se barvy Alpine ocitly na vrcholu automobilov\u00e9ho sportu, j\u00edm\u017e je Formule 1.\u201d<\/p><br>\n\n\n\n<div class=\"wp-block-media-text alignwide is-stacked-on-mobile is-vertically-aligned-top\" style=\"grid-template-columns:24% auto\"><figure class=\"wp-block-media-text__media\"><a href=\"https:\/\/www.mzone.cz\/znacka-alpine-bere-nove-pod-kridla-vsechny-sportovni-divize-renaultu\/\"><img loading=\"lazy\" decoding=\"async\" width=\"1024\" height=\"683\" src=\"https:\/\/www.mzone.cz\/wp-content\/uploads\/2021\/01\/Alpine-1024x683.jpg\" alt=\"Alpine A110S\" class=\"wp-image-27855 size-full\" srcset=\"https:\/\/www.mzone.cz\/wp-content\/uploads\/2021\/01\/Alpine-1024x683.jpg 1024w, https:\/\/www.mzone.cz\/wp-content\/uploads\/2021\/01\/Alpine-300x200.jpg 300w, https:\/\/www.mzone.cz\/wp-content\/uploads\/2021\/01\/Alpine-768x512.jpg 768w, https:\/\/www.mzone.cz\/wp-content\/uploads\/2021\/01\/Alpine-16x12.jpg 16w, https:\/\/www.mzone.cz\/wp-content\/uploads\/2021\/01\/Alpine-800x533.jpg 800w, https:\/\/www.mzone.cz\/wp-content\/uploads\/2021\/01\/Alpine-400x267.jpg 400w, https:\/\/www.mzone.cz\/wp-content\/uploads\/2021\/01\/Alpine-500x333.jpg 500w, https:\/\/www.mzone.cz\/wp-content\/uploads\/2021\/01\/Alpine-1170x780.jpg 1170w, https:\/\/www.mzone.cz\/wp-content\/uploads\/2021\/01\/Alpine-590x393.jpg 590w, https:\/\/www.mzone.cz\/wp-content\/uploads\/2021\/01\/Alpine.jpg 1189w\" sizes=\"auto, (max-width: 1024px) 100vw, 1024px\" \/><\/a><\/figure><div class=\"wp-block-media-text__content\">\n<h4><a href=\"https:\/\/www.mzone.cz\/znacka-alpine-bere-nove-pod-kridla-vsechny-sportovni-divize-renaultu\/\">Zna\u010dka Alpine bere nov\u011b pod k\u0159\u00eddla v\u0161echny sportovn\u00ed divize Renaultu<\/a><\/h4><br>\n<\/div><\/div>","protected":false},"excerpt":{"rendered":"<p>Alpine F1 Team ofici\u00e1ln\u011b zapo\u010dal novou \u00e9ru virtu\u00e1ln\u00edm zah\u00e1jen\u00edm prvn\u00ed sezony sv\u00fdch d\u011bjin na Mistrovstv\u00ed sv\u011bta Formule 1. Leto\u0161n\u00ed monopost, nazvan\u00fd A521, se py\u0161n\u00ed perfektn\u00edm \u00faborem proveden\u00fdm v barv\u00e1ch modr\u00e1, b\u00edl\u00e1 a \u010derven\u00e1, kter\u00e9 jsou synonymem d\u011bdictv\u00ed z\u00e1vodn\u00ed Alpine. V\u016fz je vybaven hnac\u00edm agreg\u00e1tem Renault E-Tech 20B V6 1,6 l, projektovan\u00fdm a vyvinut\u00fdm ve Viry-Ch\u00e2tillon, [&hellip;]<\/p>\n","protected":false},"author":4,"featured_media":29865,"comment_status":"open","ping_status":"closed","sticky":false,"template":"","format":"standard","meta":{"kk_blocks_editor_width":"","_kiokenblocks_attr":"","_kiokenblocks_dimensions":"","footnotes":""},"categories":[69,80],"tags":[4632,4823,4824,585,82,462,552,637,638,2203,636,42,2187,2907,102],"class_list":["post-29863","post","type-post","status-publish","format-standard","has-post-thumbnail","hentry","category-auto-moto","category-sport","tag-alpine","tag-alpine-f1","tag-alpine-f1-team","tag-auta","tag-auto","tag-auto-moto","tag-automobily","tag-formule","tag-formule-1","tag-mistrovstvi-sveta","tag-motorsport","tag-sport","tag-tym","tag-zavodni-vozy","tag-zavody"],"yoast_head":"<!-- This site is optimized with the Yoast SEO plugin v27.5 - https:\/\/yoast.com\/product\/yoast-seo-wordpress\/ -->\n<title>T\u00fdm Alpine F1 vstupuje do Formule 1 - Mzone<\/title>\n<meta name=\"description\" content=\"Alpine F1 Team ofici\u00e1ln\u011b zapo\u010dal novou \u00e9ru virtu\u00e1ln\u00edm zah\u00e1jen\u00edm prvn\u00ed sezony sv\u00fdch d\u011bjin na Mistrovstv\u00ed sv\u011bta Formule 1.\" \/>\n<meta name=\"robots\" content=\"index, follow, max-snippet:-1, max-image-preview:large, max-video-preview:-1\" \/>\n<link rel=\"canonical\" href=\"https:\/\/www.mzone.cz\/en\/alpine-f1-vstupuje-do-formule-1\/\" \/>\n<meta property=\"og:locale\" content=\"en_US\" \/>\n<meta property=\"og:type\" content=\"article\" \/>\n<meta property=\"og:title\" content=\"T\u00fdm Alpine F1 vstupuje do Formule 1 - Mzone\" \/>\n<meta property=\"og:description\" content=\"Alpine F1 Team ofici\u00e1ln\u011b zapo\u010dal novou \u00e9ru virtu\u00e1ln\u00edm zah\u00e1jen\u00edm prvn\u00ed sezony sv\u00fdch d\u011bjin na Mistrovstv\u00ed sv\u011bta Formule 1.\" \/>\n<meta property=\"og:url\" content=\"https:\/\/www.mzone.cz\/en\/alpine-f1-vstupuje-do-formule-1\/\" \/>\n<meta property=\"og:site_name\" content=\"Mzone\" \/>\n<meta property=\"article:publisher\" content=\"https:\/\/www.facebook.com\/MzoneCZ\/\" \/>\n<meta property=\"article:published_time\" content=\"2021-03-06T04:00:00+00:00\" \/>\n<meta property=\"og:image\" content=\"https:\/\/www.mzone.cz\/wp-content\/uploads\/2021\/03\/Alpine-F1.jpg\" \/>\n\t<meta property=\"og:image:width\" content=\"2423\" \/>\n\t<meta property=\"og:image:height\" content=\"1615\" \/>\n\t<meta property=\"og:image:type\" content=\"image\/jpeg\" \/>\n<meta name=\"author\" content=\"Mzone\" \/>\n<meta name=\"twitter:card\" content=\"summary_large_image\" \/>\n<meta name=\"twitter:label1\" content=\"Written by\" \/>\n\t<meta name=\"twitter:data1\" content=\"Mzone\" \/>\n\t<meta name=\"twitter:label2\" content=\"Est. reading time\" \/>\n\t<meta name=\"twitter:data2\" content=\"3 minutes\" \/>\n<script type=\"application\/ld+json\" class=\"yoast-schema-graph\">{\"@context\":\"https:\\\/\\\/schema.org\",\"@graph\":[{\"@type\":\"Article\",\"@id\":\"https:\\\/\\\/www.mzone.cz\\\/alpine-f1-vstupuje-do-formule-1\\\/#article\",\"isPartOf\":{\"@id\":\"https:\\\/\\\/www.mzone.cz\\\/alpine-f1-vstupuje-do-formule-1\\\/\"},\"author\":{\"name\":\"Mzone\",\"@id\":\"https:\\\/\\\/www.mzone.cz\\\/#\\\/schema\\\/person\\\/9bc20cc422a99cac4af6ff9297da32d4\"},\"headline\":\"T\u00fdm Alpine F1 vstupuje do Formule 1\",\"datePublished\":\"2021-03-06T04:00:00+00:00\",\"mainEntityOfPage\":{\"@id\":\"https:\\\/\\\/www.mzone.cz\\\/alpine-f1-vstupuje-do-formule-1\\\/\"},\"wordCount\":668,\"commentCount\":0,\"image\":{\"@id\":\"https:\\\/\\\/www.mzone.cz\\\/alpine-f1-vstupuje-do-formule-1\\\/#primaryimage\"},\"thumbnailUrl\":\"https:\\\/\\\/www.mzone.cz\\\/wp-content\\\/uploads\\\/2021\\\/03\\\/Alpine-F1.jpg\",\"keywords\":[\"Alpine\",\"Alpine F1\",\"Alpine F1 Team\",\"auta\",\"Auto\",\"auto-moto\",\"automobily\",\"formule\",\"Formule 1\",\"mistrovstv\u00ed sv\u011bta\",\"motorsport\",\"Sport\",\"t\u00fdm\",\"z\u00e1vodn\u00ed vozy\",\"Z\u00e1vody\"],\"articleSection\":[\"Auto-moto\",\"Sport\"],\"inLanguage\":\"en-US\",\"potentialAction\":[{\"@type\":\"CommentAction\",\"name\":\"Comment\",\"target\":[\"https:\\\/\\\/www.mzone.cz\\\/alpine-f1-vstupuje-do-formule-1\\\/#respond\"]}]},{\"@type\":\"WebPage\",\"@id\":\"https:\\\/\\\/www.mzone.cz\\\/alpine-f1-vstupuje-do-formule-1\\\/\",\"url\":\"https:\\\/\\\/www.mzone.cz\\\/alpine-f1-vstupuje-do-formule-1\\\/\",\"name\":\"T\u00fdm Alpine F1 vstupuje do Formule 1 - Mzone\",\"isPartOf\":{\"@id\":\"https:\\\/\\\/www.mzone.cz\\\/#website\"},\"primaryImageOfPage\":{\"@id\":\"https:\\\/\\\/www.mzone.cz\\\/alpine-f1-vstupuje-do-formule-1\\\/#primaryimage\"},\"image\":{\"@id\":\"https:\\\/\\\/www.mzone.cz\\\/alpine-f1-vstupuje-do-formule-1\\\/#primaryimage\"},\"thumbnailUrl\":\"https:\\\/\\\/www.mzone.cz\\\/wp-content\\\/uploads\\\/2021\\\/03\\\/Alpine-F1.jpg\",\"datePublished\":\"2021-03-06T04:00:00+00:00\",\"author\":{\"@id\":\"https:\\\/\\\/www.mzone.cz\\\/#\\\/schema\\\/person\\\/9bc20cc422a99cac4af6ff9297da32d4\"},\"description\":\"Alpine F1 Team ofici\u00e1ln\u011b zapo\u010dal novou \u00e9ru virtu\u00e1ln\u00edm zah\u00e1jen\u00edm prvn\u00ed sezony sv\u00fdch d\u011bjin na Mistrovstv\u00ed sv\u011bta Formule 1.\",\"breadcrumb\":{\"@id\":\"https:\\\/\\\/www.mzone.cz\\\/alpine-f1-vstupuje-do-formule-1\\\/#breadcrumb\"},\"inLanguage\":\"en-US\",\"potentialAction\":[{\"@type\":\"ReadAction\",\"target\":[\"https:\\\/\\\/www.mzone.cz\\\/alpine-f1-vstupuje-do-formule-1\\\/\"]}]},{\"@type\":\"ImageObject\",\"inLanguage\":\"en-US\",\"@id\":\"https:\\\/\\\/www.mzone.cz\\\/alpine-f1-vstupuje-do-formule-1\\\/#primaryimage\",\"url\":\"https:\\\/\\\/www.mzone.cz\\\/wp-content\\\/uploads\\\/2021\\\/03\\\/Alpine-F1.jpg\",\"contentUrl\":\"https:\\\/\\\/www.mzone.cz\\\/wp-content\\\/uploads\\\/2021\\\/03\\\/Alpine-F1.jpg\",\"width\":2423,\"height\":1615,\"caption\":\"Alpine F1\"},{\"@type\":\"BreadcrumbList\",\"@id\":\"https:\\\/\\\/www.mzone.cz\\\/alpine-f1-vstupuje-do-formule-1\\\/#breadcrumb\",\"itemListElement\":[{\"@type\":\"ListItem\",\"position\":1,\"name\":\"Dom\u016f\",\"item\":\"https:\\\/\\\/www.mzone.cz\\\/\"},{\"@type\":\"ListItem\",\"position\":2,\"name\":\"T\u00fdm Alpine F1 vstupuje do Formule 1\"}]},{\"@type\":\"WebSite\",\"@id\":\"https:\\\/\\\/www.mzone.cz\\\/#website\",\"url\":\"https:\\\/\\\/www.mzone.cz\\\/\",\"name\":\"Mzone\",\"description\":\"Magaz\u00edn nejen pro mu\u017ee\",\"potentialAction\":[{\"@type\":\"SearchAction\",\"target\":{\"@type\":\"EntryPoint\",\"urlTemplate\":\"https:\\\/\\\/www.mzone.cz\\\/?s={search_term_string}\"},\"query-input\":{\"@type\":\"PropertyValueSpecification\",\"valueRequired\":true,\"valueName\":\"search_term_string\"}}],\"inLanguage\":\"en-US\"},{\"@type\":\"Person\",\"@id\":\"https:\\\/\\\/www.mzone.cz\\\/#\\\/schema\\\/person\\\/9bc20cc422a99cac4af6ff9297da32d4\",\"name\":\"Mzone\",\"image\":{\"@type\":\"ImageObject\",\"inLanguage\":\"en-US\",\"@id\":\"https:\\\/\\\/secure.gravatar.com\\\/avatar\\\/e780a8630f3182a3d06dd667ab6bea151a0d155b0951bc15fe22633acdac0676?s=96&d=mm&r=g\",\"url\":\"https:\\\/\\\/secure.gravatar.com\\\/avatar\\\/e780a8630f3182a3d06dd667ab6bea151a0d155b0951bc15fe22633acdac0676?s=96&d=mm&r=g\",\"contentUrl\":\"https:\\\/\\\/secure.gravatar.com\\\/avatar\\\/e780a8630f3182a3d06dd667ab6bea151a0d155b0951bc15fe22633acdac0676?s=96&d=mm&r=g\",\"caption\":\"Mzone\"},\"url\":\"https:\\\/\\\/www.mzone.cz\\\/en\\\/author\\\/jakub\\\/\"}]}<\/script>\n<!-- \/ Yoast SEO plugin. -->","yoast_head_json":{"title":"T\u00fdm Alpine F1 vstupuje do Formule 1 - Mzone","description":"Alpine F1 Team ofici\u00e1ln\u011b zapo\u010dal novou \u00e9ru virtu\u00e1ln\u00edm zah\u00e1jen\u00edm prvn\u00ed sezony sv\u00fdch d\u011bjin na Mistrovstv\u00ed sv\u011bta Formule 1.","robots":{"index":"index","follow":"follow","max-snippet":"max-snippet:-1","max-image-preview":"max-image-preview:large","max-video-preview":"max-video-preview:-1"},"canonical":"https:\/\/www.mzone.cz\/en\/alpine-f1-vstupuje-do-formule-1\/","og_locale":"en_US","og_type":"article","og_title":"T\u00fdm Alpine F1 vstupuje do Formule 1 - Mzone","og_description":"Alpine F1 Team ofici\u00e1ln\u011b zapo\u010dal novou \u00e9ru virtu\u00e1ln\u00edm zah\u00e1jen\u00edm prvn\u00ed sezony sv\u00fdch d\u011bjin na Mistrovstv\u00ed sv\u011bta Formule 1.","og_url":"https:\/\/www.mzone.cz\/en\/alpine-f1-vstupuje-do-formule-1\/","og_site_name":"Mzone","article_publisher":"https:\/\/www.facebook.com\/MzoneCZ\/","article_published_time":"2021-03-06T04:00:00+00:00","og_image":[{"width":2423,"height":1615,"url":"https:\/\/www.mzone.cz\/wp-content\/uploads\/2021\/03\/Alpine-F1.jpg","type":"image\/jpeg"}],"author":"Mzone","twitter_card":"summary_large_image","twitter_misc":{"Written by":"Mzone","Est. reading time":"3 minutes"},"schema":{"@context":"https:\/\/schema.org","@graph":[{"@type":"Article","@id":"https:\/\/www.mzone.cz\/alpine-f1-vstupuje-do-formule-1\/#article","isPartOf":{"@id":"https:\/\/www.mzone.cz\/alpine-f1-vstupuje-do-formule-1\/"},"author":{"name":"Mzone","@id":"https:\/\/www.mzone.cz\/#\/schema\/person\/9bc20cc422a99cac4af6ff9297da32d4"},"headline":"T\u00fdm Alpine F1 vstupuje do Formule 1","datePublished":"2021-03-06T04:00:00+00:00","mainEntityOfPage":{"@id":"https:\/\/www.mzone.cz\/alpine-f1-vstupuje-do-formule-1\/"},"wordCount":668,"commentCount":0,"image":{"@id":"https:\/\/www.mzone.cz\/alpine-f1-vstupuje-do-formule-1\/#primaryimage"},"thumbnailUrl":"https:\/\/www.mzone.cz\/wp-content\/uploads\/2021\/03\/Alpine-F1.jpg","keywords":["Alpine","Alpine F1","Alpine F1 Team","auta","Auto","auto-moto","automobily","formule","Formule 1","mistrovstv\u00ed sv\u011bta","motorsport","Sport","t\u00fdm","z\u00e1vodn\u00ed vozy","Z\u00e1vody"],"articleSection":["Auto-moto","Sport"],"inLanguage":"en-US","potentialAction":[{"@type":"CommentAction","name":"Comment","target":["https:\/\/www.mzone.cz\/alpine-f1-vstupuje-do-formule-1\/#respond"]}]},{"@type":"WebPage","@id":"https:\/\/www.mzone.cz\/alpine-f1-vstupuje-do-formule-1\/","url":"https:\/\/www.mzone.cz\/alpine-f1-vstupuje-do-formule-1\/","name":"T\u00fdm Alpine F1 vstupuje do Formule 1 - Mzone","isPartOf":{"@id":"https:\/\/www.mzone.cz\/#website"},"primaryImageOfPage":{"@id":"https:\/\/www.mzone.cz\/alpine-f1-vstupuje-do-formule-1\/#primaryimage"},"image":{"@id":"https:\/\/www.mzone.cz\/alpine-f1-vstupuje-do-formule-1\/#primaryimage"},"thumbnailUrl":"https:\/\/www.mzone.cz\/wp-content\/uploads\/2021\/03\/Alpine-F1.jpg","datePublished":"2021-03-06T04:00:00+00:00","author":{"@id":"https:\/\/www.mzone.cz\/#\/schema\/person\/9bc20cc422a99cac4af6ff9297da32d4"},"description":"Alpine F1 Team ofici\u00e1ln\u011b zapo\u010dal novou \u00e9ru virtu\u00e1ln\u00edm zah\u00e1jen\u00edm prvn\u00ed sezony sv\u00fdch d\u011bjin na Mistrovstv\u00ed sv\u011bta Formule 1.","breadcrumb":{"@id":"https:\/\/www.mzone.cz\/alpine-f1-vstupuje-do-formule-1\/#breadcrumb"},"inLanguage":"en-US","potentialAction":[{"@type":"ReadAction","target":["https:\/\/www.mzone.cz\/alpine-f1-vstupuje-do-formule-1\/"]}]},{"@type":"ImageObject","inLanguage":"en-US","@id":"https:\/\/www.mzone.cz\/alpine-f1-vstupuje-do-formule-1\/#primaryimage","url":"https:\/\/www.mzone.cz\/wp-content\/uploads\/2021\/03\/Alpine-F1.jpg","contentUrl":"https:\/\/www.mzone.cz\/wp-content\/uploads\/2021\/03\/Alpine-F1.jpg","width":2423,"height":1615,"caption":"Alpine F1"},{"@type":"BreadcrumbList","@id":"https:\/\/www.mzone.cz\/alpine-f1-vstupuje-do-formule-1\/#breadcrumb","itemListElement":[{"@type":"ListItem","position":1,"name":"Dom\u016f","item":"https:\/\/www.mzone.cz\/"},{"@type":"ListItem","position":2,"name":"T\u00fdm Alpine F1 vstupuje do Formule 1"}]},{"@type":"WebSite","@id":"https:\/\/www.mzone.cz\/#website","url":"https:\/\/www.mzone.cz\/","name":"Mzone","description":"Magaz\u00edn nejen pro mu\u017ee","potentialAction":[{"@type":"SearchAction","target":{"@type":"EntryPoint","urlTemplate":"https:\/\/www.mzone.cz\/?s={search_term_string}"},"query-input":{"@type":"PropertyValueSpecification","valueRequired":true,"valueName":"search_term_string"}}],"inLanguage":"en-US"},{"@type":"Person","@id":"https:\/\/www.mzone.cz\/#\/schema\/person\/9bc20cc422a99cac4af6ff9297da32d4","name":"Mzone","image":{"@type":"ImageObject","inLanguage":"en-US","@id":"https:\/\/secure.gravatar.com\/avatar\/e780a8630f3182a3d06dd667ab6bea151a0d155b0951bc15fe22633acdac0676?s=96&d=mm&r=g","url":"https:\/\/secure.gravatar.com\/avatar\/e780a8630f3182a3d06dd667ab6bea151a0d155b0951bc15fe22633acdac0676?s=96&d=mm&r=g","contentUrl":"https:\/\/secure.gravatar.com\/avatar\/e780a8630f3182a3d06dd667ab6bea151a0d155b0951bc15fe22633acdac0676?s=96&d=mm&r=g","caption":"Mzone"},"url":"https:\/\/www.mzone.cz\/en\/author\/jakub\/"}]}},"_links":{"self":[{"href":"https:\/\/www.mzone.cz\/en\/wp-json\/wp\/v2\/posts\/29863","targetHints":{"allow":["GET"]}}],"collection":[{"href":"https:\/\/www.mzone.cz\/en\/wp-json\/wp\/v2\/posts"}],"about":[{"href":"https:\/\/www.mzone.cz\/en\/wp-json\/wp\/v2\/types\/post"}],"author":[{"embeddable":true,"href":"https:\/\/www.mzone.cz\/en\/wp-json\/wp\/v2\/users\/4"}],"replies":[{"embeddable":true,"href":"https:\/\/www.mzone.cz\/en\/wp-json\/wp\/v2\/comments?post=29863"}],"version-history":[{"count":13,"href":"https:\/\/www.mzone.cz\/en\/wp-json\/wp\/v2\/posts\/29863\/revisions"}],"predecessor-version":[{"id":29888,"href":"https:\/\/www.mzone.cz\/en\/wp-json\/wp\/v2\/posts\/29863\/revisions\/29888"}],"wp:featuredmedia":[{"embeddable":true,"href":"https:\/\/www.mzone.cz\/en\/wp-json\/wp\/v2\/media\/29865"}],"wp:attachment":[{"href":"https:\/\/www.mzone.cz\/en\/wp-json\/wp\/v2\/media?parent=29863"}],"wp:term":[{"taxonomy":"category","embeddable":true,"href":"https:\/\/www.mzone.cz\/en\/wp-json\/wp\/v2\/categories?post=29863"},{"taxonomy":"post_tag","embeddable":true,"href":"https:\/\/www.mzone.cz\/en\/wp-json\/wp\/v2\/tags?post=29863"}],"curies":[{"name":"wp","href":"https:\/\/api.w.org\/{rel}","templated":true}]}}