{"id":29897,"date":"2021-09-10T05:00:00","date_gmt":"2021-09-10T03:00:00","guid":{"rendered":"https:\/\/www.mzone.cz\/?p=29897"},"modified":"2021-05-14T14:57:20","modified_gmt":"2021-05-14T12:57:20","slug":"auto-budoucnosti-revolucni-sedan-ma-prijit-uz-v-roce-2026","status":"publish","type":"post","link":"https:\/\/www.mzone.cz\/en\/auto-budoucnosti-revolucni-sedan-ma-prijit-uz-v-roce-2026\/","title":{"rendered":"Auto budoucnosti? Revolu\u010dn\u00ed sedan m\u00e1 p\u0159ij\u00edt u\u017e v roce 2026!"},"content":{"rendered":"<p><strong>Volkswagen zve\u0159ejnil prvn\u00ed pohled na design projektu Trinity: Elektrick\u00fd sedan, kter\u00fd se bude od roku 2026 vyr\u00e1b\u011bt ve Wolfsburgu, stanov\u00ed nov\u00e1 m\u011b\u0159\u00edtka z&nbsp;hlediska dojezdu, rychlosti nab\u00edjen\u00ed a digitalizace. A nav\u00edc nab\u00eddne mo\u017enost vysoce automatizovan\u00e9 j\u00edzdy \u00farovn\u011b 4.<\/strong><\/p><br>\n\n\n\n<p>N\u00e1zev projektu Trinity je odvozen z&nbsp;latinsk\u00e9ho slova \u201etrinitas\u201c s&nbsp;v\u00fdznamem \u201etrojjedinost\u201c. Trinity toti\u017e zt\u011bles\u0148uje t\u0159i t\u00e9mata z\u00e1sadn\u00edho v\u00fdznamu: nov\u011b vyvinutou elektronickou platformu s&nbsp;nejmodern\u011bj\u0161\u00edm softwarem, nab\u00eddku se zjednodu\u0161enou strukturou a s\u00ed\u0165ov\u011b propojenou, inteligentn\u00ed v\u00fdrobu v&nbsp;hlavn\u00edm z\u00e1vod\u011b Wolfsburg.<\/p>\n\n\n\n<blockquote class=\"wp-block-quote is-layout-flow wp-block-quote-is-layout-flow\"><p>\u201eTrinity bude vrcholem na\u0161\u00ed strategie Accelerate, presti\u017en\u00edm projektem, na\u0161\u00edm softwarov\u00fdm automobilem sn\u016f,\u201c \u0159\u00edk\u00e1 p\u0159edseda p\u0159edstavenstva Volkswagenu Ralf Brandst\u00e4tter. Nov\u011b vyvinut\u00e1 automobilov\u00e1 platforma stanov\u00ed m\u011b\u0159\u00edtka z&nbsp;hlediska dojezdu, rychlosti nab\u00edjen\u00ed (\u201enab\u00edjen\u00ed stejn\u011b rychl\u00e9 jako dopln\u011bn\u00ed paliva\u201c) a digitalizace.<\/p><\/blockquote>\n\n\n\n<p>Trinity umo\u017en\u00ed autonomn\u00ed j\u00edzdu \u0161irok\u00e9mu okruhu lid\u00ed, proto\u017ee bude vozem mainstreamov\u00e9ho segmentu. P\u0159i pl\u00e1novan\u00e9m spu\u0161t\u011bn\u00ed v\u00fdroby v&nbsp;roce 2026 dos\u00e1hne Trinity ji\u017e \u00farovn\u011b autonomn\u00ed j\u00edzdy 2+ a technicky bude tento model p\u0159ipraven na \u00farove\u0148 4.<\/p><br>\n\n\n\n<figure class=\"wp-block-image size-large\"><img loading=\"lazy\" decoding=\"async\" width=\"1024\" height=\"503\" src=\"https:\/\/www.mzone.cz\/wp-content\/uploads\/2021\/03\/db2021nr00134_medium-1024x503.jpg\" alt=\"Projekt Trinity\" class=\"wp-image-29904\" srcset=\"https:\/\/www.mzone.cz\/wp-content\/uploads\/2021\/03\/db2021nr00134_medium-1024x503.jpg 1024w, https:\/\/www.mzone.cz\/wp-content\/uploads\/2021\/03\/db2021nr00134_medium-300x147.jpg 300w, https:\/\/www.mzone.cz\/wp-content\/uploads\/2021\/03\/db2021nr00134_medium-768x377.jpg 768w, https:\/\/www.mzone.cz\/wp-content\/uploads\/2021\/03\/db2021nr00134_medium-1536x754.jpg 1536w, https:\/\/www.mzone.cz\/wp-content\/uploads\/2021\/03\/db2021nr00134_medium-16x8.jpg 16w, https:\/\/www.mzone.cz\/wp-content\/uploads\/2021\/03\/db2021nr00134_medium-590x290.jpg 590w, https:\/\/www.mzone.cz\/wp-content\/uploads\/2021\/03\/db2021nr00134_medium.jpg 1795w\" sizes=\"auto, (max-width: 1024px) 100vw, 1024px\" \/><\/figure><br>\n\n\n\n<p>\u201eVyu\u017eijeme na\u0161e \u00faspory z&nbsp;rozsahu, abychom zp\u0159\u00edstupnili autonomn\u00ed j\u00edzdu mnoha lidem a vybudovali neuronovou s\u00ed\u0165 se schopnost\u00ed u\u010dit se. T\u00edm vytvo\u0159\u00edme p\u0159edpoklady pro nep\u0159etr\u017eitou v\u00fdm\u011bnu dat ve flotile na\u0161ich vozidel, kter\u00e1 se tak budou vz\u00e1jemn\u011b informovat nap\u0159\u00edklad o stavu dopravy, p\u0159ek\u00e1\u017ek\u00e1ch nebo nehod\u00e1ch,\u201c \u0159\u00edk\u00e1 Ralf Brandst\u00e4tter.<\/p>\n\n\n\n<blockquote class=\"wp-block-quote is-layout-flow wp-block-quote-is-layout-flow\"><p>Trinity v\u011bnuje lidem \u010das a u\u0161et\u0159\u00ed je stresu. Po dlouh\u00e9 j\u00edzd\u011b na d\u00e1lnici vystoup\u00ed cestuj\u00edc\u00ed v&nbsp;c\u00edli odpo\u010dat\u00ed. V\u016fz je toti\u017e do zvolen\u00e9 destinace s\u00e1m doveze, a\u0165 se jedn\u00e1 o cestu na dovolenou, nebo zp\u00e1te\u010dn\u00ed j\u00edzdu ze zam\u011bstn\u00e1n\u00ed dom\u016f.<\/p><\/blockquote>\n\n\n\n<p>\u201eTrinity bude pro na\u0161e z\u00e1kazn\u00edky jak\u00fdmsi \u201astrojem \u010dasu\u2018,\u201c \u0159\u00edk\u00e1 Ralf Brandst\u00e4tter.<\/p><br>\n\n\n\n<figure class=\"wp-block-image size-large\"><img loading=\"lazy\" decoding=\"async\" width=\"1024\" height=\"683\" src=\"https:\/\/www.mzone.cz\/wp-content\/uploads\/2021\/03\/DB2021AL00243_overfull-1024x683.jpg\" alt=\"Ralf Brandst\u00e4tter z Volkswagenu\" class=\"wp-image-29909\" srcset=\"https:\/\/www.mzone.cz\/wp-content\/uploads\/2021\/03\/DB2021AL00243_overfull-1024x683.jpg 1024w, https:\/\/www.mzone.cz\/wp-content\/uploads\/2021\/03\/DB2021AL00243_overfull-300x200.jpg 300w, https:\/\/www.mzone.cz\/wp-content\/uploads\/2021\/03\/DB2021AL00243_overfull-768x512.jpg 768w, https:\/\/www.mzone.cz\/wp-content\/uploads\/2021\/03\/DB2021AL00243_overfull-1536x1024.jpg 1536w, https:\/\/www.mzone.cz\/wp-content\/uploads\/2021\/03\/DB2021AL00243_overfull-2048x1365.jpg 2048w, https:\/\/www.mzone.cz\/wp-content\/uploads\/2021\/03\/DB2021AL00243_overfull-16x12.jpg 16w, https:\/\/www.mzone.cz\/wp-content\/uploads\/2021\/03\/DB2021AL00243_overfull-800x533.jpg 800w, https:\/\/www.mzone.cz\/wp-content\/uploads\/2021\/03\/DB2021AL00243_overfull-400x267.jpg 400w, https:\/\/www.mzone.cz\/wp-content\/uploads\/2021\/03\/DB2021AL00243_overfull-500x333.jpg 500w, https:\/\/www.mzone.cz\/wp-content\/uploads\/2021\/03\/DB2021AL00243_overfull-1170x780.jpg 1170w, https:\/\/www.mzone.cz\/wp-content\/uploads\/2021\/03\/DB2021AL00243_overfull-590x393.jpg 590w\" sizes=\"auto, (max-width: 1024px) 100vw, 1024px\" \/><\/figure><br>\n\n\n\n<p>Z\u00e1vod Wolfsburg se po zah\u00e1jen\u00ed v\u00fdroby s\u00e9riov\u00e9 verze stane v\u00fdkladn\u00ed sk\u0159\u00edn\u00ed nejmodern\u011bj\u0161\u00edch, inteligentn\u00edch a s\u00ed\u0165ov\u011b propojen\u00fdch v\u00fdrobn\u00edch proces\u016f. \u201eZp\u016fsob, j\u00edm\u017e vyr\u00e1b\u00edme automobily, <a href=\"https:\/\/www.greencarcongress.com\/2021\/03\/20210306-accelerate.html\" target=\"_blank\" rel=\"noreferrer noopener\">kompletn\u011b zm\u011bn\u00edme a zavedeme do n\u011bj revolu\u010dn\u00ed koncepty<\/a>. D\u016fle\u017eitou roli zde bude hr\u00e1t digitalizace, automatizace a lehk\u00e1 konstrukce,\u201c \u0159\u00edk\u00e1 Ralf Brandst\u00e4tter.<\/p>\n\n\n\n<blockquote class=\"wp-block-quote is-layout-flow wp-block-quote-is-layout-flow\"><p>Budouc\u00ed modely, jak\u00fdm je Trinity, budou vyr\u00e1b\u011bny ve v\u00fdrazn\u011b men\u0161\u00edch po\u010dtech variant. Hardware se t\u00edm dalekos\u00e1hle sjednot\u00ed. Automobily pak budou m\u00edt prakticky v\u0161echno ve sv\u00e9 v\u00fdbav\u011b a z\u00e1kazn\u00edk si bude moci kdykoli aktivovat po\u017eadovan\u00e9 funkce prost\u0159ednictv\u00edm digit\u00e1ln\u00edho ekosyst\u00e9mu vozu. T\u00edm se v\u00fdrazn\u011b sn\u00ed\u017e\u00ed slo\u017eitost v\u00fdroby.<\/p><\/blockquote>\n\n\n\n<p>Volkswagen vytv\u00e1\u0159\u00ed dal\u0161\u00edm v\u00fdvojem&nbsp;automobilu produkt zalo\u017een\u00fd na softwaru. To je d\u016fle\u017eit\u00fdm p\u0159edpokladem pro zav\u00e1d\u011bn\u00ed nov\u00fdch obchodn\u00edch model\u016f, jejich\u017e z\u00e1kladem budou data. P\u0159ek\u00e1\u017eky pro vstup do sv\u011bta individu\u00e1ln\u00ed mobility se sn\u00ed\u017e\u00ed, ale sou\u010dasn\u011b budou z\u00e1kazn\u00edk\u016fm nab\u00edzeny velmi atraktivn\u00ed bal\u00ed\u010dky slu\u017eeb pro mobilitu. Volkswagen bude t\u00edmto zp\u016fsobem generovat dodate\u010dn\u00e9 p\u0159\u00edjmy ve f\u00e1zi pou\u017e\u00edv\u00e1n\u00ed vozidel \u2013 nap\u0159\u00edklad za nab\u00edjec\u00ed slu\u017eby, dod\u00e1vky energie, softwarov\u00e9 funkce, kter\u00e9 si z\u00e1kazn\u00edci budou moci podle pot\u0159eby dodate\u010dn\u011b objedn\u00e1vat, nebo za automatizovanou j\u00edzdu.<\/p><br>\n\n\n\n<p>\u201eV budoucnosti ji\u017e nebude individu\u00e1ln\u00ed konfigurace vozidla ur\u010dov\u00e1na hardwarem p\u0159i jeho n\u00e1kupu. M\u00edsto toho si bude z\u00e1kazn\u00edk moci po\u017eadovan\u00e9 funkce kdykoli dodate\u010dn\u011b objednat prost\u0159ednictv\u00edm digit\u00e1ln\u00edho ekosyst\u00e9mu ve sv\u00e9m automobilu,\u201c \u0159\u00edk\u00e1 Ralf Brandst\u00e4tter.<\/p><br>\n\n\n\n<div class=\"wp-block-media-text alignwide is-stacked-on-mobile is-vertically-aligned-top\" style=\"grid-template-columns:23% auto\"><figure class=\"wp-block-media-text__media\"><a href=\"https:\/\/www.mzone.cz\/ve-fabrice-v-cvikove-uz-se-vyrabeji-jen-elektromobily\/\"><img loading=\"lazy\" decoding=\"async\" width=\"1024\" height=\"683\" src=\"https:\/\/www.mzone.cz\/wp-content\/uploads\/2020\/06\/V\u00fdroba-ve-Cvikov\u011b-1024x683.jpg\" alt=\"\" class=\"wp-image-22537 size-full\" srcset=\"https:\/\/www.mzone.cz\/wp-content\/uploads\/2020\/06\/V\u00fdroba-ve-Cvikov\u011b-1024x683.jpg 1024w, https:\/\/www.mzone.cz\/wp-content\/uploads\/2020\/06\/V\u00fdroba-ve-Cvikov\u011b-300x200.jpg 300w, https:\/\/www.mzone.cz\/wp-content\/uploads\/2020\/06\/V\u00fdroba-ve-Cvikov\u011b-768x512.jpg 768w, https:\/\/www.mzone.cz\/wp-content\/uploads\/2020\/06\/V\u00fdroba-ve-Cvikov\u011b-800x533.jpg 800w, https:\/\/www.mzone.cz\/wp-content\/uploads\/2020\/06\/V\u00fdroba-ve-Cvikov\u011b-400x267.jpg 400w, https:\/\/www.mzone.cz\/wp-content\/uploads\/2020\/06\/V\u00fdroba-ve-Cvikov\u011b-500x333.jpg 500w, https:\/\/www.mzone.cz\/wp-content\/uploads\/2020\/06\/V\u00fdroba-ve-Cvikov\u011b-1170x780.jpg 1170w, https:\/\/www.mzone.cz\/wp-content\/uploads\/2020\/06\/V\u00fdroba-ve-Cvikov\u011b-590x393.jpg 590w, https:\/\/www.mzone.cz\/wp-content\/uploads\/2020\/06\/V\u00fdroba-ve-Cvikov\u011b.jpg 1410w\" sizes=\"auto, (max-width: 1024px) 100vw, 1024px\" \/><\/a><\/figure><div class=\"wp-block-media-text__content\">\n<h4><a href=\"https:\/\/www.mzone.cz\/ve-fabrice-v-cvikove-uz-se-vyrabeji-jen-elektromobily\/\">Konec jedn\u00e9 \u00e9ry! Ve fabrice v Cvikov\u011b u\u017e se vyr\u00e1b\u011bj\u00ed jen elektromobily<\/a><\/h4><br>\n<\/div><\/div>","protected":false},"excerpt":{"rendered":"<p>Volkswagen zve\u0159ejnil prvn\u00ed pohled na design projektu Trinity: Elektrick\u00fd sedan, kter\u00fd se bude od roku 2026 vyr\u00e1b\u011bt ve Wolfsburgu, stanov\u00ed nov\u00e1 m\u011b\u0159\u00edtka z&nbsp;hlediska dojezdu, rychlosti nab\u00edjen\u00ed a digitalizace. A nav\u00edc nab\u00eddne mo\u017enost vysoce automatizovan\u00e9 j\u00edzdy \u00farovn\u011b 4. N\u00e1zev projektu Trinity je odvozen z&nbsp;latinsk\u00e9ho slova \u201etrinitas\u201c s&nbsp;v\u00fdznamem \u201etrojjedinost\u201c. Trinity toti\u017e zt\u011bles\u0148uje t\u0159i t\u00e9mata z\u00e1sadn\u00edho v\u00fdznamu: nov\u011b [&hellip;]<\/p>\n","protected":false},"author":4,"featured_media":29899,"comment_status":"open","ping_status":"closed","sticky":false,"template":"","format":"standard","meta":{"kk_blocks_editor_width":"","_kiokenblocks_attr":"","_kiokenblocks_dimensions":"","footnotes":""},"categories":[69],"tags":[585,82,462,552,950,3939,1159,692,4825,3657,1359,4279,2738],"class_list":["post-29897","post","type-post","status-publish","format-standard","has-post-thumbnail","hentry","category-auto-moto","tag-auta","tag-auto","tag-auto-moto","tag-automobily","tag-budoucnost","tag-digitalizace","tag-elektromobil","tag-elektromobilita","tag-koncern","tag-prelom","tag-revoluce","tag-sedan","tag-volkswagen"],"yoast_head":"<!-- This site is optimized with the Yoast SEO plugin v27.5 - https:\/\/yoast.com\/product\/yoast-seo-wordpress\/ -->\n<title>Auto budoucnosti? Revolu\u010dn\u00ed sedan m\u00e1 p\u0159ij\u00edt u\u017e v roce 2026! - Mzone<\/title>\n<meta name=\"description\" content=\"Volkswagen zve\u0159ejnil prvn\u00ed pohled na design projektu Trinity: Elektrick\u00fd sedan, kter\u00fd se bude od roku 2026 vyr\u00e1b\u011bt ve Wolfsburgu, stanov\u00ed nov\u00e1 m\u011b\u0159\u00edtka z hlediska dojezdu, rychlosti nab\u00edjen\u00ed a digitalizace\" \/>\n<meta name=\"robots\" content=\"index, follow, max-snippet:-1, max-image-preview:large, max-video-preview:-1\" \/>\n<link rel=\"canonical\" href=\"https:\/\/www.mzone.cz\/en\/auto-budoucnosti-revolucni-sedan-ma-prijit-uz-v-roce-2026\/\" \/>\n<meta property=\"og:locale\" content=\"en_US\" \/>\n<meta property=\"og:type\" content=\"article\" \/>\n<meta property=\"og:title\" content=\"Auto budoucnosti? Revolu\u010dn\u00ed sedan m\u00e1 p\u0159ij\u00edt u\u017e v roce 2026! - Mzone\" \/>\n<meta property=\"og:description\" content=\"Volkswagen zve\u0159ejnil prvn\u00ed pohled na design projektu Trinity: Elektrick\u00fd sedan, kter\u00fd se bude od roku 2026 vyr\u00e1b\u011bt ve Wolfsburgu, stanov\u00ed nov\u00e1 m\u011b\u0159\u00edtka z hlediska dojezdu, rychlosti nab\u00edjen\u00ed a digitalizace\" \/>\n<meta property=\"og:url\" content=\"https:\/\/www.mzone.cz\/en\/auto-budoucnosti-revolucni-sedan-ma-prijit-uz-v-roce-2026\/\" \/>\n<meta property=\"og:site_name\" content=\"Mzone\" \/>\n<meta property=\"article:publisher\" content=\"https:\/\/www.facebook.com\/MzoneCZ\/\" \/>\n<meta property=\"article:published_time\" content=\"2021-09-10T03:00:00+00:00\" \/>\n<meta property=\"og:image\" content=\"https:\/\/www.mzone.cz\/wp-content\/uploads\/2021\/05\/Projekt-Trinity.jpg\" \/>\n\t<meta property=\"og:image:width\" content=\"1098\" \/>\n\t<meta property=\"og:image:height\" content=\"732\" \/>\n\t<meta property=\"og:image:type\" content=\"image\/jpeg\" \/>\n<meta name=\"author\" content=\"Mzone\" \/>\n<meta name=\"twitter:card\" content=\"summary_large_image\" \/>\n<meta name=\"twitter:label1\" content=\"Written by\" \/>\n\t<meta name=\"twitter:data1\" content=\"Mzone\" \/>\n\t<meta name=\"twitter:label2\" content=\"Est. reading time\" \/>\n\t<meta name=\"twitter:data2\" content=\"3 minutes\" \/>\n<script type=\"application\/ld+json\" class=\"yoast-schema-graph\">{\"@context\":\"https:\\\/\\\/schema.org\",\"@graph\":[{\"@type\":\"Article\",\"@id\":\"https:\\\/\\\/www.mzone.cz\\\/auto-budoucnosti-revolucni-sedan-ma-prijit-uz-v-roce-2026\\\/#article\",\"isPartOf\":{\"@id\":\"https:\\\/\\\/www.mzone.cz\\\/auto-budoucnosti-revolucni-sedan-ma-prijit-uz-v-roce-2026\\\/\"},\"author\":{\"name\":\"Mzone\",\"@id\":\"https:\\\/\\\/www.mzone.cz\\\/#\\\/schema\\\/person\\\/9bc20cc422a99cac4af6ff9297da32d4\"},\"headline\":\"Auto budoucnosti? Revolu\u010dn\u00ed sedan m\u00e1 p\u0159ij\u00edt u\u017e v roce 2026!\",\"datePublished\":\"2021-09-10T03:00:00+00:00\",\"mainEntityOfPage\":{\"@id\":\"https:\\\/\\\/www.mzone.cz\\\/auto-budoucnosti-revolucni-sedan-ma-prijit-uz-v-roce-2026\\\/\"},\"wordCount\":666,\"commentCount\":0,\"image\":{\"@id\":\"https:\\\/\\\/www.mzone.cz\\\/auto-budoucnosti-revolucni-sedan-ma-prijit-uz-v-roce-2026\\\/#primaryimage\"},\"thumbnailUrl\":\"https:\\\/\\\/www.mzone.cz\\\/wp-content\\\/uploads\\\/2021\\\/05\\\/Projekt-Trinity.jpg\",\"keywords\":[\"auta\",\"Auto\",\"auto-moto\",\"automobily\",\"budoucnost\",\"digitalizace\",\"elektromobil\",\"elektromobilita\",\"koncern\",\"p\u0159elom\",\"revoluce\",\"sedan\",\"Volkswagen\"],\"articleSection\":[\"Auto-moto\"],\"inLanguage\":\"en-US\",\"potentialAction\":[{\"@type\":\"CommentAction\",\"name\":\"Comment\",\"target\":[\"https:\\\/\\\/www.mzone.cz\\\/auto-budoucnosti-revolucni-sedan-ma-prijit-uz-v-roce-2026\\\/#respond\"]}]},{\"@type\":\"WebPage\",\"@id\":\"https:\\\/\\\/www.mzone.cz\\\/auto-budoucnosti-revolucni-sedan-ma-prijit-uz-v-roce-2026\\\/\",\"url\":\"https:\\\/\\\/www.mzone.cz\\\/auto-budoucnosti-revolucni-sedan-ma-prijit-uz-v-roce-2026\\\/\",\"name\":\"Auto budoucnosti? Revolu\u010dn\u00ed sedan m\u00e1 p\u0159ij\u00edt u\u017e v roce 2026! - Mzone\",\"isPartOf\":{\"@id\":\"https:\\\/\\\/www.mzone.cz\\\/#website\"},\"primaryImageOfPage\":{\"@id\":\"https:\\\/\\\/www.mzone.cz\\\/auto-budoucnosti-revolucni-sedan-ma-prijit-uz-v-roce-2026\\\/#primaryimage\"},\"image\":{\"@id\":\"https:\\\/\\\/www.mzone.cz\\\/auto-budoucnosti-revolucni-sedan-ma-prijit-uz-v-roce-2026\\\/#primaryimage\"},\"thumbnailUrl\":\"https:\\\/\\\/www.mzone.cz\\\/wp-content\\\/uploads\\\/2021\\\/05\\\/Projekt-Trinity.jpg\",\"datePublished\":\"2021-09-10T03:00:00+00:00\",\"author\":{\"@id\":\"https:\\\/\\\/www.mzone.cz\\\/#\\\/schema\\\/person\\\/9bc20cc422a99cac4af6ff9297da32d4\"},\"description\":\"Volkswagen zve\u0159ejnil prvn\u00ed pohled na design projektu Trinity: Elektrick\u00fd sedan, kter\u00fd se bude od roku 2026 vyr\u00e1b\u011bt ve Wolfsburgu, stanov\u00ed nov\u00e1 m\u011b\u0159\u00edtka z hlediska dojezdu, rychlosti nab\u00edjen\u00ed a digitalizace\",\"breadcrumb\":{\"@id\":\"https:\\\/\\\/www.mzone.cz\\\/auto-budoucnosti-revolucni-sedan-ma-prijit-uz-v-roce-2026\\\/#breadcrumb\"},\"inLanguage\":\"en-US\",\"potentialAction\":[{\"@type\":\"ReadAction\",\"target\":[\"https:\\\/\\\/www.mzone.cz\\\/auto-budoucnosti-revolucni-sedan-ma-prijit-uz-v-roce-2026\\\/\"]}]},{\"@type\":\"ImageObject\",\"inLanguage\":\"en-US\",\"@id\":\"https:\\\/\\\/www.mzone.cz\\\/auto-budoucnosti-revolucni-sedan-ma-prijit-uz-v-roce-2026\\\/#primaryimage\",\"url\":\"https:\\\/\\\/www.mzone.cz\\\/wp-content\\\/uploads\\\/2021\\\/05\\\/Projekt-Trinity.jpg\",\"contentUrl\":\"https:\\\/\\\/www.mzone.cz\\\/wp-content\\\/uploads\\\/2021\\\/05\\\/Projekt-Trinity.jpg\",\"width\":1098,\"height\":732,\"caption\":\"Projekt Trinity\"},{\"@type\":\"BreadcrumbList\",\"@id\":\"https:\\\/\\\/www.mzone.cz\\\/auto-budoucnosti-revolucni-sedan-ma-prijit-uz-v-roce-2026\\\/#breadcrumb\",\"itemListElement\":[{\"@type\":\"ListItem\",\"position\":1,\"name\":\"Dom\u016f\",\"item\":\"https:\\\/\\\/www.mzone.cz\\\/\"},{\"@type\":\"ListItem\",\"position\":2,\"name\":\"Auto budoucnosti? Revolu\u010dn\u00ed sedan m\u00e1 p\u0159ij\u00edt u\u017e v roce 2026!\"}]},{\"@type\":\"WebSite\",\"@id\":\"https:\\\/\\\/www.mzone.cz\\\/#website\",\"url\":\"https:\\\/\\\/www.mzone.cz\\\/\",\"name\":\"Mzone\",\"description\":\"Magaz\u00edn nejen pro mu\u017ee\",\"potentialAction\":[{\"@type\":\"SearchAction\",\"target\":{\"@type\":\"EntryPoint\",\"urlTemplate\":\"https:\\\/\\\/www.mzone.cz\\\/?s={search_term_string}\"},\"query-input\":{\"@type\":\"PropertyValueSpecification\",\"valueRequired\":true,\"valueName\":\"search_term_string\"}}],\"inLanguage\":\"en-US\"},{\"@type\":\"Person\",\"@id\":\"https:\\\/\\\/www.mzone.cz\\\/#\\\/schema\\\/person\\\/9bc20cc422a99cac4af6ff9297da32d4\",\"name\":\"Mzone\",\"image\":{\"@type\":\"ImageObject\",\"inLanguage\":\"en-US\",\"@id\":\"https:\\\/\\\/secure.gravatar.com\\\/avatar\\\/e780a8630f3182a3d06dd667ab6bea151a0d155b0951bc15fe22633acdac0676?s=96&d=mm&r=g\",\"url\":\"https:\\\/\\\/secure.gravatar.com\\\/avatar\\\/e780a8630f3182a3d06dd667ab6bea151a0d155b0951bc15fe22633acdac0676?s=96&d=mm&r=g\",\"contentUrl\":\"https:\\\/\\\/secure.gravatar.com\\\/avatar\\\/e780a8630f3182a3d06dd667ab6bea151a0d155b0951bc15fe22633acdac0676?s=96&d=mm&r=g\",\"caption\":\"Mzone\"},\"url\":\"https:\\\/\\\/www.mzone.cz\\\/en\\\/author\\\/jakub\\\/\"}]}<\/script>\n<!-- \/ Yoast SEO plugin. -->","yoast_head_json":{"title":"Auto budoucnosti? Revolu\u010dn\u00ed sedan m\u00e1 p\u0159ij\u00edt u\u017e v roce 2026! - Mzone","description":"Volkswagen zve\u0159ejnil prvn\u00ed pohled na design projektu Trinity: Elektrick\u00fd sedan, kter\u00fd se bude od roku 2026 vyr\u00e1b\u011bt ve Wolfsburgu, stanov\u00ed nov\u00e1 m\u011b\u0159\u00edtka z hlediska dojezdu, rychlosti nab\u00edjen\u00ed a digitalizace","robots":{"index":"index","follow":"follow","max-snippet":"max-snippet:-1","max-image-preview":"max-image-preview:large","max-video-preview":"max-video-preview:-1"},"canonical":"https:\/\/www.mzone.cz\/en\/auto-budoucnosti-revolucni-sedan-ma-prijit-uz-v-roce-2026\/","og_locale":"en_US","og_type":"article","og_title":"Auto budoucnosti? Revolu\u010dn\u00ed sedan m\u00e1 p\u0159ij\u00edt u\u017e v roce 2026! - Mzone","og_description":"Volkswagen zve\u0159ejnil prvn\u00ed pohled na design projektu Trinity: Elektrick\u00fd sedan, kter\u00fd se bude od roku 2026 vyr\u00e1b\u011bt ve Wolfsburgu, stanov\u00ed nov\u00e1 m\u011b\u0159\u00edtka z hlediska dojezdu, rychlosti nab\u00edjen\u00ed a digitalizace","og_url":"https:\/\/www.mzone.cz\/en\/auto-budoucnosti-revolucni-sedan-ma-prijit-uz-v-roce-2026\/","og_site_name":"Mzone","article_publisher":"https:\/\/www.facebook.com\/MzoneCZ\/","article_published_time":"2021-09-10T03:00:00+00:00","og_image":[{"width":1098,"height":732,"url":"https:\/\/www.mzone.cz\/wp-content\/uploads\/2021\/05\/Projekt-Trinity.jpg","type":"image\/jpeg"}],"author":"Mzone","twitter_card":"summary_large_image","twitter_misc":{"Written by":"Mzone","Est. reading time":"3 minutes"},"schema":{"@context":"https:\/\/schema.org","@graph":[{"@type":"Article","@id":"https:\/\/www.mzone.cz\/auto-budoucnosti-revolucni-sedan-ma-prijit-uz-v-roce-2026\/#article","isPartOf":{"@id":"https:\/\/www.mzone.cz\/auto-budoucnosti-revolucni-sedan-ma-prijit-uz-v-roce-2026\/"},"author":{"name":"Mzone","@id":"https:\/\/www.mzone.cz\/#\/schema\/person\/9bc20cc422a99cac4af6ff9297da32d4"},"headline":"Auto budoucnosti? Revolu\u010dn\u00ed sedan m\u00e1 p\u0159ij\u00edt u\u017e v roce 2026!","datePublished":"2021-09-10T03:00:00+00:00","mainEntityOfPage":{"@id":"https:\/\/www.mzone.cz\/auto-budoucnosti-revolucni-sedan-ma-prijit-uz-v-roce-2026\/"},"wordCount":666,"commentCount":0,"image":{"@id":"https:\/\/www.mzone.cz\/auto-budoucnosti-revolucni-sedan-ma-prijit-uz-v-roce-2026\/#primaryimage"},"thumbnailUrl":"https:\/\/www.mzone.cz\/wp-content\/uploads\/2021\/05\/Projekt-Trinity.jpg","keywords":["auta","Auto","auto-moto","automobily","budoucnost","digitalizace","elektromobil","elektromobilita","koncern","p\u0159elom","revoluce","sedan","Volkswagen"],"articleSection":["Auto-moto"],"inLanguage":"en-US","potentialAction":[{"@type":"CommentAction","name":"Comment","target":["https:\/\/www.mzone.cz\/auto-budoucnosti-revolucni-sedan-ma-prijit-uz-v-roce-2026\/#respond"]}]},{"@type":"WebPage","@id":"https:\/\/www.mzone.cz\/auto-budoucnosti-revolucni-sedan-ma-prijit-uz-v-roce-2026\/","url":"https:\/\/www.mzone.cz\/auto-budoucnosti-revolucni-sedan-ma-prijit-uz-v-roce-2026\/","name":"Auto budoucnosti? Revolu\u010dn\u00ed sedan m\u00e1 p\u0159ij\u00edt u\u017e v roce 2026! - Mzone","isPartOf":{"@id":"https:\/\/www.mzone.cz\/#website"},"primaryImageOfPage":{"@id":"https:\/\/www.mzone.cz\/auto-budoucnosti-revolucni-sedan-ma-prijit-uz-v-roce-2026\/#primaryimage"},"image":{"@id":"https:\/\/www.mzone.cz\/auto-budoucnosti-revolucni-sedan-ma-prijit-uz-v-roce-2026\/#primaryimage"},"thumbnailUrl":"https:\/\/www.mzone.cz\/wp-content\/uploads\/2021\/05\/Projekt-Trinity.jpg","datePublished":"2021-09-10T03:00:00+00:00","author":{"@id":"https:\/\/www.mzone.cz\/#\/schema\/person\/9bc20cc422a99cac4af6ff9297da32d4"},"description":"Volkswagen zve\u0159ejnil prvn\u00ed pohled na design projektu Trinity: Elektrick\u00fd sedan, kter\u00fd se bude od roku 2026 vyr\u00e1b\u011bt ve Wolfsburgu, stanov\u00ed nov\u00e1 m\u011b\u0159\u00edtka z hlediska dojezdu, rychlosti nab\u00edjen\u00ed a digitalizace","breadcrumb":{"@id":"https:\/\/www.mzone.cz\/auto-budoucnosti-revolucni-sedan-ma-prijit-uz-v-roce-2026\/#breadcrumb"},"inLanguage":"en-US","potentialAction":[{"@type":"ReadAction","target":["https:\/\/www.mzone.cz\/auto-budoucnosti-revolucni-sedan-ma-prijit-uz-v-roce-2026\/"]}]},{"@type":"ImageObject","inLanguage":"en-US","@id":"https:\/\/www.mzone.cz\/auto-budoucnosti-revolucni-sedan-ma-prijit-uz-v-roce-2026\/#primaryimage","url":"https:\/\/www.mzone.cz\/wp-content\/uploads\/2021\/05\/Projekt-Trinity.jpg","contentUrl":"https:\/\/www.mzone.cz\/wp-content\/uploads\/2021\/05\/Projekt-Trinity.jpg","width":1098,"height":732,"caption":"Projekt Trinity"},{"@type":"BreadcrumbList","@id":"https:\/\/www.mzone.cz\/auto-budoucnosti-revolucni-sedan-ma-prijit-uz-v-roce-2026\/#breadcrumb","itemListElement":[{"@type":"ListItem","position":1,"name":"Dom\u016f","item":"https:\/\/www.mzone.cz\/"},{"@type":"ListItem","position":2,"name":"Auto budoucnosti? Revolu\u010dn\u00ed sedan m\u00e1 p\u0159ij\u00edt u\u017e v roce 2026!"}]},{"@type":"WebSite","@id":"https:\/\/www.mzone.cz\/#website","url":"https:\/\/www.mzone.cz\/","name":"Mzone","description":"Magaz\u00edn nejen pro mu\u017ee","potentialAction":[{"@type":"SearchAction","target":{"@type":"EntryPoint","urlTemplate":"https:\/\/www.mzone.cz\/?s={search_term_string}"},"query-input":{"@type":"PropertyValueSpecification","valueRequired":true,"valueName":"search_term_string"}}],"inLanguage":"en-US"},{"@type":"Person","@id":"https:\/\/www.mzone.cz\/#\/schema\/person\/9bc20cc422a99cac4af6ff9297da32d4","name":"Mzone","image":{"@type":"ImageObject","inLanguage":"en-US","@id":"https:\/\/secure.gravatar.com\/avatar\/e780a8630f3182a3d06dd667ab6bea151a0d155b0951bc15fe22633acdac0676?s=96&d=mm&r=g","url":"https:\/\/secure.gravatar.com\/avatar\/e780a8630f3182a3d06dd667ab6bea151a0d155b0951bc15fe22633acdac0676?s=96&d=mm&r=g","contentUrl":"https:\/\/secure.gravatar.com\/avatar\/e780a8630f3182a3d06dd667ab6bea151a0d155b0951bc15fe22633acdac0676?s=96&d=mm&r=g","caption":"Mzone"},"url":"https:\/\/www.mzone.cz\/en\/author\/jakub\/"}]}},"_links":{"self":[{"href":"https:\/\/www.mzone.cz\/en\/wp-json\/wp\/v2\/posts\/29897","targetHints":{"allow":["GET"]}}],"collection":[{"href":"https:\/\/www.mzone.cz\/en\/wp-json\/wp\/v2\/posts"}],"about":[{"href":"https:\/\/www.mzone.cz\/en\/wp-json\/wp\/v2\/types\/post"}],"author":[{"embeddable":true,"href":"https:\/\/www.mzone.cz\/en\/wp-json\/wp\/v2\/users\/4"}],"replies":[{"embeddable":true,"href":"https:\/\/www.mzone.cz\/en\/wp-json\/wp\/v2\/comments?post=29897"}],"version-history":[{"count":12,"href":"https:\/\/www.mzone.cz\/en\/wp-json\/wp\/v2\/posts\/29897\/revisions"}],"predecessor-version":[{"id":32423,"href":"https:\/\/www.mzone.cz\/en\/wp-json\/wp\/v2\/posts\/29897\/revisions\/32423"}],"wp:featuredmedia":[{"embeddable":true,"href":"https:\/\/www.mzone.cz\/en\/wp-json\/wp\/v2\/media\/29899"}],"wp:attachment":[{"href":"https:\/\/www.mzone.cz\/en\/wp-json\/wp\/v2\/media?parent=29897"}],"wp:term":[{"taxonomy":"category","embeddable":true,"href":"https:\/\/www.mzone.cz\/en\/wp-json\/wp\/v2\/categories?post=29897"},{"taxonomy":"post_tag","embeddable":true,"href":"https:\/\/www.mzone.cz\/en\/wp-json\/wp\/v2\/tags?post=29897"}],"curies":[{"name":"wp","href":"https:\/\/api.w.org\/{rel}","templated":true}]}}