{"id":30138,"date":"2021-03-19T05:00:00","date_gmt":"2021-03-19T04:00:00","guid":{"rendered":"https:\/\/www.mzone.cz\/?p=30138"},"modified":"2021-03-15T11:01:07","modified_gmt":"2021-03-15T10:01:07","slug":"interier-elektrickeho-mustangu-pripomina-teslu","status":"publish","type":"post","link":"https:\/\/www.mzone.cz\/en\/interier-elektrickeho-mustangu-pripomina-teslu\/","title":{"rendered":"Tohle u\u017e jsme n\u011bkde vid\u011bli! Interi\u00e9r elektrick\u00e9ho Mustangu n\u00e1padn\u011b p\u0159ipom\u00edn\u00e1 Teslu"},"content":{"rendered":"<p><strong>Po nasednut\u00ed do Fordu Mustang Mach-E uv\u00edt\u00e1 \u0159idi\u010de interi\u00e9r, kter\u00fd se nepodob\u00e1 \u017e\u00e1dn\u00e9mu dosavadn\u00edmu modelu zna\u010dky. N\u011bco ale p\u0159esto p\u0159ipom\u00edn\u00e1\u2026 Teslu!<\/strong><\/p><br>\n\n\n\n<p>Zat\u00edmco v posledn\u00edch dek\u00e1d\u00e1ch sm\u011b\u0159ovaly automobilov\u00e9 interi\u00e9ry k p\u0159id\u00e1v\u00e1n\u00ed v\u00edce tla\u010d\u00edtek, v\u00edce funkc\u00ed, v\u00edce prvk\u016f, v\u011bt\u0161ina automobilek v\u010detn\u011b Fordu nyn\u00ed zvolila reduktivn\u00ed p\u0159\u00edstup. Ford te\u010f vsadil na design vych\u00e1zej\u00edc\u00ed z lidsk\u00fdch pot\u0159eb a p\u0159irozenosti, zbavil interi\u00e9r ru\u0161iv\u00fdch prvk\u016f a vytvo\u0159il doslova holistick\u00fd prostor.&nbsp;<\/p>\n\n\n\n<blockquote class=\"wp-block-quote is-layout-flow wp-block-quote-is-layout-flow\"><p>\u0158idi\u010di elektrick\u00e9ho Mustangu Mach-E se tak zpoza volantu sk\u00fdt\u00e1 pohled, kter\u00fd podle automobilky definuje nov\u00fd standard na cest\u011b k elektrifikaci.<\/p><\/blockquote>\n\n\n\n<p>\u201eKdy\u017e uva\u017eujeme o tom, jak se auta m\u011bn\u00ed, zam\u011b\u0159ujeme se na to, jak vypadaj\u00ed zvenku. Jen\u017ee \u0159idi\u010di i spolucestuj\u00edc\u00ed v\u011bt\u0161inou auto vid\u00ed zevnit\u0159,\u201c \u0159\u00edk\u00e1 \u0159editel designu Ford of Europe Amko Leenarts. \u201eDynamick\u00fd, holistick\u00fd interi\u00e9r Mustangu Mach-E ukazuje, \u017ee v\u00edce m\u016f\u017ee opravdu znamenat m\u00e9n\u011b, a p\u0159itom jsou v n\u011bm v\u0161echny d\u016fle\u017eit\u00e9 ovl\u00e1dac\u00ed prvky snadno na dosah. Tento p\u0159\u00edstup budeme uplat\u0148ovat i v budouc\u00edch modelech. Naslouch\u00e1me sv\u00fdm z\u00e1kazn\u00edk\u016fm a navrhujeme interi\u00e9ry, kter\u00e9 nejl\u00e9pe vyhovuj\u00ed jejich pot\u0159eb\u00e1m,\u201c dod\u00e1v\u00e1 Leenarts.<\/p><br>\n\n\n\n<figure class=\"wp-block-image size-large\"><img loading=\"lazy\" decoding=\"async\" width=\"1024\" height=\"683\" src=\"https:\/\/www.mzone.cz\/wp-content\/uploads\/2021\/03\/Reductive_Design_05-1024x683.jpg\" alt=\"Interi\u00e9r nov\u00e9ho elektrick\u00e9ho Mustangu\" class=\"wp-image-30149\" srcset=\"https:\/\/www.mzone.cz\/wp-content\/uploads\/2021\/03\/Reductive_Design_05-1024x683.jpg 1024w, https:\/\/www.mzone.cz\/wp-content\/uploads\/2021\/03\/Reductive_Design_05-300x200.jpg 300w, https:\/\/www.mzone.cz\/wp-content\/uploads\/2021\/03\/Reductive_Design_05-768x512.jpg 768w, https:\/\/www.mzone.cz\/wp-content\/uploads\/2021\/03\/Reductive_Design_05-1536x1024.jpg 1536w, https:\/\/www.mzone.cz\/wp-content\/uploads\/2021\/03\/Reductive_Design_05-2048x1366.jpg 2048w, https:\/\/www.mzone.cz\/wp-content\/uploads\/2021\/03\/Reductive_Design_05-16x12.jpg 16w, https:\/\/www.mzone.cz\/wp-content\/uploads\/2021\/03\/Reductive_Design_05-800x533.jpg 800w, https:\/\/www.mzone.cz\/wp-content\/uploads\/2021\/03\/Reductive_Design_05-400x267.jpg 400w, https:\/\/www.mzone.cz\/wp-content\/uploads\/2021\/03\/Reductive_Design_05-500x333.jpg 500w, https:\/\/www.mzone.cz\/wp-content\/uploads\/2021\/03\/Reductive_Design_05-1170x780.jpg 1170w, https:\/\/www.mzone.cz\/wp-content\/uploads\/2021\/03\/Reductive_Design_05-590x393.jpg 590w\" sizes=\"auto, (max-width: 1024px) 100vw, 1024px\" \/><\/figure><br>\n\n\n\n<p>\u00da\u010delem reduktivn\u00edho designu je zajistit \u0159idi\u010di komfortn\u011bj\u0161\u00ed a jednodu\u0161\u0161\u00ed prost\u0159ed\u00ed. V p\u0159\u00edpad\u011b Mustangu Mach-E to znamen\u00e1 mimo jin\u00e9 velkou st\u0159edovou obrazovku, kter\u00e1 sdru\u017euje na jednom m\u00edst\u011b \u0159adu ovl\u00e1dac\u00edch prvk\u016f. Velmi podobn\u011b to je i ve zmi\u0148ovan\u00e9 Tesle.<\/p><br>\n\n\n\n<p>Hladk\u00e1 palubn\u00ed deska s integrovan\u00fdm reproduktorem je nejnov\u011bj\u0161\u00edm v\u00fdsledkem dlouhodob\u00e9 snahy o to, aby \u0159\u00edzen\u00ed a cestov\u00e1n\u00ed automobilem bylo co nejp\u0159\u00edjemn\u011bj\u0161\u00ed. Nap\u0159\u00edklad d\u00edky bezdr\u00e1tov\u00e9mu nab\u00edjen\u00ed telefon\u016f a digit\u00e1ln\u00edmu n\u00e1vodu k obsluze se lze obej\u00edt bez kabel\u016f a pap\u00edru.<\/p>\n\n\n\n<blockquote class=\"wp-block-quote is-layout-flow wp-block-quote-is-layout-flow\"><p>\u201eNov\u00e9 elektrifikovan\u00e9 automobily s plochou podlahou po cel\u00e9 d\u00e9lce umo\u017e\u0148uj\u00ed lep\u0161\u00ed obestav\u011bn\u00ed prostoru a nab\u00edzej\u00ed design\u00e9r\u016fm \u010dist\u00e9 pl\u00e1tno, na n\u011bm\u017e lze vytvo\u0159it interi\u00e9ry, kter\u00e9 kladou \u010dlov\u011bka na prvn\u00ed m\u00edsto,\u201c \u0159\u00edk\u00e1 Leenarts.&nbsp;<\/p><\/blockquote>\n\n\n\n<p>Aby Ford l\u00e9pe porozum\u011bl mlad\u0161\u00ed generaci, kter\u00e1 s digit\u00e1ln\u00edmi technologiemi ji\u017e vyr\u016fstala, a mohl p\u0159edv\u00eddat budouc\u00ed trendy, pustil se v lo\u0148sk\u00e9m roce do jedine\u010dn\u00e9ho projektu: navr\u017een\u00ed virtu\u00e1ln\u00edho z\u00e1vodn\u00edho vozu ve spolupr\u00e1ci s hr\u00e1\u010di. Bezm\u00e1la \u010dtvrt milionu fanou\u0161k\u016f e-sportu hlasovalo v online anket\u00e1ch, kter\u00e9 pomohly definovat vzhled extr\u00e9mn\u00edho z\u00e1vodn\u00edho vozu <a href=\"https:\/\/teamfordzilla.com\/page\/p1\/\" target=\"_blank\" rel=\"noreferrer noopener\">Team Fordzilla P1<\/a> \u2013 zvenku i uvnit\u0159.<\/p><br>\n\n\n\n<figure class=\"wp-block-image size-large\"><img loading=\"lazy\" decoding=\"async\" width=\"1024\" height=\"683\" src=\"https:\/\/www.mzone.cz\/wp-content\/uploads\/2021\/03\/Interier-1024x683.jpg\" alt=\"Interi\u00e9r elektrick\u00e9ho Mustangu n\u00e1padn\u011b p\u0159ipom\u00edn\u00e1 Teslu\" class=\"wp-image-30158\" srcset=\"https:\/\/www.mzone.cz\/wp-content\/uploads\/2021\/03\/Interier-1024x683.jpg 1024w, https:\/\/www.mzone.cz\/wp-content\/uploads\/2021\/03\/Interier-300x200.jpg 300w, https:\/\/www.mzone.cz\/wp-content\/uploads\/2021\/03\/Interier-768x512.jpg 768w, https:\/\/www.mzone.cz\/wp-content\/uploads\/2021\/03\/Interier-1536x1024.jpg 1536w, https:\/\/www.mzone.cz\/wp-content\/uploads\/2021\/03\/Interier-2048x1365.jpg 2048w, https:\/\/www.mzone.cz\/wp-content\/uploads\/2021\/03\/Interier-16x12.jpg 16w, https:\/\/www.mzone.cz\/wp-content\/uploads\/2021\/03\/Interier-800x533.jpg 800w, https:\/\/www.mzone.cz\/wp-content\/uploads\/2021\/03\/Interier-400x267.jpg 400w, https:\/\/www.mzone.cz\/wp-content\/uploads\/2021\/03\/Interier-500x333.jpg 500w, https:\/\/www.mzone.cz\/wp-content\/uploads\/2021\/03\/Interier-1170x780.jpg 1170w, https:\/\/www.mzone.cz\/wp-content\/uploads\/2021\/03\/Interier-590x393.jpg 590w\" sizes=\"auto, (max-width: 1024px) 100vw, 1024px\" \/><\/figure><br>\n\n\n\n<p>\u201eV p\u0159\u00edpad\u011b z\u00e1vodn\u00edho vozu P1 \u0161lo zejm\u00e9na o minimalizaci v\u0161eho, co nep\u0159isp\u00edv\u00e1 k z\u00e1kladn\u00edm vlastnostem typu rychlosti, um\u00edst\u011bn\u00ed v z\u00e1vod\u011b a \u010dasu na kolo. V kombinaci s decentn\u011bj\u0161\u00ed barevnou paletou je v\u00fdsledek m\u00e9n\u011b ru\u0161iv\u00fd, tak\u017ee \u0159idi\u010d se m\u016f\u017ee l\u00e9pe soust\u0159edit na z\u00e1vod. Minimalistick\u00fd p\u0159\u00edstup m\u016f\u017eeme pou\u017e\u00edt tak\u00e9 p\u0159i navrhov\u00e1n\u00ed interi\u00e9r\u016f budoucnosti, v nich\u017e se objev\u00ed to, co z\u00e1kazn\u00edci cht\u011bj\u00ed nejv\u00edc,\u201c \u0159\u00edk\u00e1 design\u00e9r interi\u00e9r\u016f Fordu Robert Engelmann.<\/p><br>\n\n\n\n<h2 class=\"wp-block-heading\"><strong>Evoluce \u0159idi\u010dova \u201epracovi\u0161t\u011b\u201c<\/strong><\/h2>\n\n\n\n<p>Od za\u010d\u00e1tk\u016f automobilismu se interi\u00e9ry v\u00fdrazn\u011b zm\u011bnily. Ford se rozhodl tento v\u00fdvoj uk\u00e1zat ve videu zachycuj\u00edc\u00edm pohled z m\u00edsta \u0159idi\u010de v tuctu r\u016fzn\u00fdch voz\u016f od Modelu T a\u017e po Mustang Mach-E a d\u00e1l. K sou\u010dasn\u00e9mu stavu dosp\u011bla automobilka d\u00edky \u0159ad\u011b inovac\u00ed, je\u017e vze\u0161ly z mnohalet\u00e9ho v\u00fdvoje a zdokonalov\u00e1n\u00ed. Video (n\u00ed\u017ee) ukazuje n\u011bkolik takov\u00fdch p\u0159\u00edklad\u016f:<\/p><br>\n\n\n\n<ul><li>Zpo\u010d\u00e1tku se do aut montovala domovn\u00ed okna \u2013 a to jen za p\u0159\u00edplatek<\/li><li>Zak\u0159iven\u00e1 \u010deln\u00ed okna vedla k v\u00fdvoji klimatizace, proto\u017ee je ji\u017e nebylo mo\u017en\u00e9 otev\u00edrat<\/li><li>Kdy\u017e se poprv\u00e9 objevilo v nab\u00eddce v\u00fdbavy, tvo\u0159ilo r\u00e1dio 20 procent ceny vozu<\/li><li>Pov\u00e1le\u010dn\u00fd z\u00e1vod o dobyt\u00ed vesm\u00edru se na podob\u011b automobilov\u00fdch interi\u00e9r\u016f odrazil vy\u0161\u0161\u00edm po\u010dtem ukazatel\u016f, sp\u00edna\u010d\u016f a p\u0159\u00edstroj\u016f<\/li><li>Vzestup videoher a jejich ovlada\u010d\u016f ovlivnil design volant\u016f, na nich\u017e se za\u010dala objevovat tla\u010d\u00edtka obsluhovateln\u00e1 palci<\/li><li>Dne\u0161n\u00ed interi\u00e9ry se ve v\u011bt\u0161\u00ed m\u00ed\u0159e vyr\u00e1b\u011bj\u00ed z odoln\u00fdch materi\u00e1l\u016f, kter\u00e9 l\u00e9pe odol\u00e1vaj\u00ed kontaktu s dezinfekc\u00ed, opalovac\u00edmi kr\u00e9my nebo repelenty<\/li><\/ul><br>\n\n\n\n<p><strong>Na video o v\u00fdvoji interi\u00e9r\u016f se m\u016f\u017eete pod\u00edvat zde:<\/strong><\/p>\n\n\n\n<figure class=\"wp-block-embed is-type-video is-provider-youtube wp-block-embed-youtube wp-embed-aspect-16-9 wp-has-aspect-ratio\"><div class=\"wp-block-embed__wrapper\">\n<iframe loading=\"lazy\" title=\"The evolution of the driver\u2019s view\" width=\"600\" height=\"338\" src=\"https:\/\/www.youtube.com\/embed\/nADFgzrE2WU?feature=oembed\" frameborder=\"0\" allow=\"accelerometer; autoplay; clipboard-write; encrypted-media; gyroscope; picture-in-picture; web-share\" referrerpolicy=\"strict-origin-when-cross-origin\" allowfullscreen><\/iframe>\n<\/div><\/figure><br>\n\n\n\n<div class=\"wp-block-media-text alignwide is-stacked-on-mobile is-vertically-aligned-top\" style=\"grid-template-columns:30% auto\"><figure class=\"wp-block-media-text__media\"><a href=\"https:\/\/www.mzone.cz\/mustang-mach-e-si-budou-moci-zakaznici-vylepsovat-na-dalku\/\"><img loading=\"lazy\" decoding=\"async\" width=\"1024\" height=\"683\" src=\"https:\/\/www.mzone.cz\/wp-content\/uploads\/2019\/11\/Ford-Mustang-Mach-E-1024x683.jpg\" alt=\"\" class=\"wp-image-14262 size-full\" srcset=\"https:\/\/www.mzone.cz\/wp-content\/uploads\/2019\/11\/Ford-Mustang-Mach-E-1024x683.jpg 1024w, https:\/\/www.mzone.cz\/wp-content\/uploads\/2019\/11\/Ford-Mustang-Mach-E-300x200.jpg 300w, https:\/\/www.mzone.cz\/wp-content\/uploads\/2019\/11\/Ford-Mustang-Mach-E-768x512.jpg 768w, https:\/\/www.mzone.cz\/wp-content\/uploads\/2019\/11\/Ford-Mustang-Mach-E-1536x1024.jpg 1536w, https:\/\/www.mzone.cz\/wp-content\/uploads\/2019\/11\/Ford-Mustang-Mach-E-2048x1365.jpg 2048w, https:\/\/www.mzone.cz\/wp-content\/uploads\/2019\/11\/Ford-Mustang-Mach-E-800x533.jpg 800w, https:\/\/www.mzone.cz\/wp-content\/uploads\/2019\/11\/Ford-Mustang-Mach-E-400x267.jpg 400w, https:\/\/www.mzone.cz\/wp-content\/uploads\/2019\/11\/Ford-Mustang-Mach-E-500x333.jpg 500w, https:\/\/www.mzone.cz\/wp-content\/uploads\/2019\/11\/Ford-Mustang-Mach-E-1170x780.jpg 1170w, https:\/\/www.mzone.cz\/wp-content\/uploads\/2019\/11\/Ford-Mustang-Mach-E-590x393.jpg 590w\" sizes=\"auto, (max-width: 1024px) 100vw, 1024px\" \/><\/a><\/figure><div class=\"wp-block-media-text__content\">\n<h4><a href=\"https:\/\/www.mzone.cz\/mustang-mach-e-si-budou-moci-zakaznici-vylepsovat-na-dalku\/\">Mustang Mach-E si budou moci z\u00e1kazn\u00edci vylep\u0161ovat na d\u00e1lku! Stejn\u011b to funguje i u Tesly<\/a><\/h4><br>\n<\/div><\/div>","protected":false},"excerpt":{"rendered":"<p>Po nasednut\u00ed do Fordu Mustang Mach-E uv\u00edt\u00e1 \u0159idi\u010de interi\u00e9r, kter\u00fd se nepodob\u00e1 \u017e\u00e1dn\u00e9mu dosavadn\u00edmu modelu zna\u010dky. N\u011bco ale p\u0159esto p\u0159ipom\u00edn\u00e1\u2026 Teslu! Zat\u00edmco v posledn\u00edch dek\u00e1d\u00e1ch sm\u011b\u0159ovaly automobilov\u00e9 interi\u00e9ry k p\u0159id\u00e1v\u00e1n\u00ed v\u00edce tla\u010d\u00edtek, v\u00edce funkc\u00ed, v\u00edce prvk\u016f, v\u011bt\u0161ina automobilek v\u010detn\u011b Fordu nyn\u00ed zvolila reduktivn\u00ed p\u0159\u00edstup. Ford te\u010f vsadil na design vych\u00e1zej\u00edc\u00ed z lidsk\u00fdch pot\u0159eb a p\u0159irozenosti, [&hellip;]<\/p>\n","protected":false},"author":4,"featured_media":30142,"comment_status":"open","ping_status":"closed","sticky":false,"template":"","format":"standard","meta":{"kk_blocks_editor_width":"","_kiokenblocks_attr":"","_kiokenblocks_dimensions":"","footnotes":""},"categories":[69],"tags":[585,82,462,724,159,3589,1159,692,553,2976,1315,460,101,4838,1979,4837,629],"class_list":["post-30138","post","type-post","status-publish","format-standard","has-post-thumbnail","hentry","category-auto-moto","tag-auta","tag-auto","tag-auto-moto","tag-automobil","tag-design","tag-displej","tag-elektromobil","tag-elektromobilita","tag-ford","tag-ford-mustang-mach-e","tag-inspirace","tag-interier","tag-mustang","tag-podobnost","tag-sportovni-vozy","tag-tesla","tag-vzhled"],"yoast_head":"<!-- This site is optimized with the Yoast SEO plugin v27.5 - https:\/\/yoast.com\/product\/yoast-seo-wordpress\/ -->\n<title>Tohle u\u017e jsme n\u011bkde vid\u011bli! Interi\u00e9r elektrick\u00e9ho Mustangu n\u00e1padn\u011b p\u0159ipom\u00edn\u00e1 Teslu - Mzone<\/title>\n<meta name=\"description\" content=\"Po nasednut\u00ed do Fordu Mustang Mach-E uv\u00edt\u00e1 \u0159idi\u010de interi\u00e9r, kter\u00fd se nepodob\u00e1 \u017e\u00e1dn\u00e9mu dosavadn\u00edmu modelu zna\u010dky. N\u011bco ale p\u0159esto p\u0159ipom\u00edn\u00e1... Teslu!\" \/>\n<meta name=\"robots\" content=\"index, follow, max-snippet:-1, max-image-preview:large, max-video-preview:-1\" \/>\n<link rel=\"canonical\" href=\"https:\/\/www.mzone.cz\/en\/interier-elektrickeho-mustangu-pripomina-teslu\/\" \/>\n<meta property=\"og:locale\" content=\"en_US\" \/>\n<meta property=\"og:type\" content=\"article\" \/>\n<meta property=\"og:title\" content=\"Tohle u\u017e jsme n\u011bkde vid\u011bli! Interi\u00e9r elektrick\u00e9ho Mustangu n\u00e1padn\u011b p\u0159ipom\u00edn\u00e1 Teslu - Mzone\" \/>\n<meta property=\"og:description\" content=\"Po nasednut\u00ed do Fordu Mustang Mach-E uv\u00edt\u00e1 \u0159idi\u010de interi\u00e9r, kter\u00fd se nepodob\u00e1 \u017e\u00e1dn\u00e9mu dosavadn\u00edmu modelu zna\u010dky. N\u011bco ale p\u0159esto p\u0159ipom\u00edn\u00e1... Teslu!\" \/>\n<meta property=\"og:url\" content=\"https:\/\/www.mzone.cz\/en\/interier-elektrickeho-mustangu-pripomina-teslu\/\" \/>\n<meta property=\"og:site_name\" content=\"Mzone\" \/>\n<meta property=\"article:publisher\" content=\"https:\/\/www.facebook.com\/MzoneCZ\/\" \/>\n<meta property=\"article:published_time\" content=\"2021-03-19T04:00:00+00:00\" \/>\n<meta property=\"og:image\" content=\"https:\/\/www.mzone.cz\/wp-content\/uploads\/2021\/03\/Interier-Fordu-Mustang-Mach-E-scaled.jpg\" \/>\n\t<meta property=\"og:image:width\" content=\"2560\" \/>\n\t<meta property=\"og:image:height\" content=\"1707\" \/>\n\t<meta property=\"og:image:type\" content=\"image\/jpeg\" \/>\n<meta name=\"author\" content=\"Mzone\" \/>\n<meta name=\"twitter:card\" content=\"summary_large_image\" \/>\n<meta name=\"twitter:label1\" content=\"Written by\" \/>\n\t<meta name=\"twitter:data1\" content=\"Mzone\" \/>\n\t<meta name=\"twitter:label2\" content=\"Est. reading time\" \/>\n\t<meta name=\"twitter:data2\" content=\"4 minutes\" \/>\n<script type=\"application\/ld+json\" class=\"yoast-schema-graph\">{\"@context\":\"https:\\\/\\\/schema.org\",\"@graph\":[{\"@type\":\"Article\",\"@id\":\"https:\\\/\\\/www.mzone.cz\\\/interier-elektrickeho-mustangu-pripomina-teslu\\\/#article\",\"isPartOf\":{\"@id\":\"https:\\\/\\\/www.mzone.cz\\\/interier-elektrickeho-mustangu-pripomina-teslu\\\/\"},\"author\":{\"name\":\"Mzone\",\"@id\":\"https:\\\/\\\/www.mzone.cz\\\/#\\\/schema\\\/person\\\/9bc20cc422a99cac4af6ff9297da32d4\"},\"headline\":\"Tohle u\u017e jsme n\u011bkde vid\u011bli! Interi\u00e9r elektrick\u00e9ho Mustangu n\u00e1padn\u011b p\u0159ipom\u00edn\u00e1 Teslu\",\"datePublished\":\"2021-03-19T04:00:00+00:00\",\"mainEntityOfPage\":{\"@id\":\"https:\\\/\\\/www.mzone.cz\\\/interier-elektrickeho-mustangu-pripomina-teslu\\\/\"},\"wordCount\":821,\"commentCount\":0,\"image\":{\"@id\":\"https:\\\/\\\/www.mzone.cz\\\/interier-elektrickeho-mustangu-pripomina-teslu\\\/#primaryimage\"},\"thumbnailUrl\":\"https:\\\/\\\/www.mzone.cz\\\/wp-content\\\/uploads\\\/2021\\\/03\\\/Interier-Fordu-Mustang-Mach-E-scaled.jpg\",\"keywords\":[\"auta\",\"Auto\",\"auto-moto\",\"automobil\",\"design\",\"displej\",\"elektromobil\",\"elektromobilita\",\"Ford\",\"Ford Mustang Mach-E\",\"inspirace\",\"interi\u00e9r\",\"Mustang\",\"podobnost\",\"sportovn\u00ed vozy\",\"Tesla\",\"vzhled\"],\"articleSection\":[\"Auto-moto\"],\"inLanguage\":\"en-US\",\"potentialAction\":[{\"@type\":\"CommentAction\",\"name\":\"Comment\",\"target\":[\"https:\\\/\\\/www.mzone.cz\\\/interier-elektrickeho-mustangu-pripomina-teslu\\\/#respond\"]}]},{\"@type\":\"WebPage\",\"@id\":\"https:\\\/\\\/www.mzone.cz\\\/interier-elektrickeho-mustangu-pripomina-teslu\\\/\",\"url\":\"https:\\\/\\\/www.mzone.cz\\\/interier-elektrickeho-mustangu-pripomina-teslu\\\/\",\"name\":\"Tohle u\u017e jsme n\u011bkde vid\u011bli! Interi\u00e9r elektrick\u00e9ho Mustangu n\u00e1padn\u011b p\u0159ipom\u00edn\u00e1 Teslu - Mzone\",\"isPartOf\":{\"@id\":\"https:\\\/\\\/www.mzone.cz\\\/#website\"},\"primaryImageOfPage\":{\"@id\":\"https:\\\/\\\/www.mzone.cz\\\/interier-elektrickeho-mustangu-pripomina-teslu\\\/#primaryimage\"},\"image\":{\"@id\":\"https:\\\/\\\/www.mzone.cz\\\/interier-elektrickeho-mustangu-pripomina-teslu\\\/#primaryimage\"},\"thumbnailUrl\":\"https:\\\/\\\/www.mzone.cz\\\/wp-content\\\/uploads\\\/2021\\\/03\\\/Interier-Fordu-Mustang-Mach-E-scaled.jpg\",\"datePublished\":\"2021-03-19T04:00:00+00:00\",\"author\":{\"@id\":\"https:\\\/\\\/www.mzone.cz\\\/#\\\/schema\\\/person\\\/9bc20cc422a99cac4af6ff9297da32d4\"},\"description\":\"Po nasednut\u00ed do Fordu Mustang Mach-E uv\u00edt\u00e1 \u0159idi\u010de interi\u00e9r, kter\u00fd se nepodob\u00e1 \u017e\u00e1dn\u00e9mu dosavadn\u00edmu modelu zna\u010dky. N\u011bco ale p\u0159esto p\u0159ipom\u00edn\u00e1... Teslu!\",\"breadcrumb\":{\"@id\":\"https:\\\/\\\/www.mzone.cz\\\/interier-elektrickeho-mustangu-pripomina-teslu\\\/#breadcrumb\"},\"inLanguage\":\"en-US\",\"potentialAction\":[{\"@type\":\"ReadAction\",\"target\":[\"https:\\\/\\\/www.mzone.cz\\\/interier-elektrickeho-mustangu-pripomina-teslu\\\/\"]}]},{\"@type\":\"ImageObject\",\"inLanguage\":\"en-US\",\"@id\":\"https:\\\/\\\/www.mzone.cz\\\/interier-elektrickeho-mustangu-pripomina-teslu\\\/#primaryimage\",\"url\":\"https:\\\/\\\/www.mzone.cz\\\/wp-content\\\/uploads\\\/2021\\\/03\\\/Interier-Fordu-Mustang-Mach-E-scaled.jpg\",\"contentUrl\":\"https:\\\/\\\/www.mzone.cz\\\/wp-content\\\/uploads\\\/2021\\\/03\\\/Interier-Fordu-Mustang-Mach-E-scaled.jpg\",\"width\":2560,\"height\":1707,\"caption\":\"Interi\u00e9r Fordu Mustang Mach-E\"},{\"@type\":\"BreadcrumbList\",\"@id\":\"https:\\\/\\\/www.mzone.cz\\\/interier-elektrickeho-mustangu-pripomina-teslu\\\/#breadcrumb\",\"itemListElement\":[{\"@type\":\"ListItem\",\"position\":1,\"name\":\"Dom\u016f\",\"item\":\"https:\\\/\\\/www.mzone.cz\\\/\"},{\"@type\":\"ListItem\",\"position\":2,\"name\":\"Tohle u\u017e jsme n\u011bkde vid\u011bli! Interi\u00e9r elektrick\u00e9ho Mustangu n\u00e1padn\u011b p\u0159ipom\u00edn\u00e1 Teslu\"}]},{\"@type\":\"WebSite\",\"@id\":\"https:\\\/\\\/www.mzone.cz\\\/#website\",\"url\":\"https:\\\/\\\/www.mzone.cz\\\/\",\"name\":\"Mzone\",\"description\":\"Magaz\u00edn nejen pro mu\u017ee\",\"potentialAction\":[{\"@type\":\"SearchAction\",\"target\":{\"@type\":\"EntryPoint\",\"urlTemplate\":\"https:\\\/\\\/www.mzone.cz\\\/?s={search_term_string}\"},\"query-input\":{\"@type\":\"PropertyValueSpecification\",\"valueRequired\":true,\"valueName\":\"search_term_string\"}}],\"inLanguage\":\"en-US\"},{\"@type\":\"Person\",\"@id\":\"https:\\\/\\\/www.mzone.cz\\\/#\\\/schema\\\/person\\\/9bc20cc422a99cac4af6ff9297da32d4\",\"name\":\"Mzone\",\"image\":{\"@type\":\"ImageObject\",\"inLanguage\":\"en-US\",\"@id\":\"https:\\\/\\\/secure.gravatar.com\\\/avatar\\\/e780a8630f3182a3d06dd667ab6bea151a0d155b0951bc15fe22633acdac0676?s=96&d=mm&r=g\",\"url\":\"https:\\\/\\\/secure.gravatar.com\\\/avatar\\\/e780a8630f3182a3d06dd667ab6bea151a0d155b0951bc15fe22633acdac0676?s=96&d=mm&r=g\",\"contentUrl\":\"https:\\\/\\\/secure.gravatar.com\\\/avatar\\\/e780a8630f3182a3d06dd667ab6bea151a0d155b0951bc15fe22633acdac0676?s=96&d=mm&r=g\",\"caption\":\"Mzone\"},\"url\":\"https:\\\/\\\/www.mzone.cz\\\/en\\\/author\\\/jakub\\\/\"}]}<\/script>\n<!-- \/ Yoast SEO plugin. -->","yoast_head_json":{"title":"Tohle u\u017e jsme n\u011bkde vid\u011bli! Interi\u00e9r elektrick\u00e9ho Mustangu n\u00e1padn\u011b p\u0159ipom\u00edn\u00e1 Teslu - Mzone","description":"Po nasednut\u00ed do Fordu Mustang Mach-E uv\u00edt\u00e1 \u0159idi\u010de interi\u00e9r, kter\u00fd se nepodob\u00e1 \u017e\u00e1dn\u00e9mu dosavadn\u00edmu modelu zna\u010dky. N\u011bco ale p\u0159esto p\u0159ipom\u00edn\u00e1... Teslu!","robots":{"index":"index","follow":"follow","max-snippet":"max-snippet:-1","max-image-preview":"max-image-preview:large","max-video-preview":"max-video-preview:-1"},"canonical":"https:\/\/www.mzone.cz\/en\/interier-elektrickeho-mustangu-pripomina-teslu\/","og_locale":"en_US","og_type":"article","og_title":"Tohle u\u017e jsme n\u011bkde vid\u011bli! Interi\u00e9r elektrick\u00e9ho Mustangu n\u00e1padn\u011b p\u0159ipom\u00edn\u00e1 Teslu - Mzone","og_description":"Po nasednut\u00ed do Fordu Mustang Mach-E uv\u00edt\u00e1 \u0159idi\u010de interi\u00e9r, kter\u00fd se nepodob\u00e1 \u017e\u00e1dn\u00e9mu dosavadn\u00edmu modelu zna\u010dky. N\u011bco ale p\u0159esto p\u0159ipom\u00edn\u00e1... Teslu!","og_url":"https:\/\/www.mzone.cz\/en\/interier-elektrickeho-mustangu-pripomina-teslu\/","og_site_name":"Mzone","article_publisher":"https:\/\/www.facebook.com\/MzoneCZ\/","article_published_time":"2021-03-19T04:00:00+00:00","og_image":[{"width":2560,"height":1707,"url":"https:\/\/www.mzone.cz\/wp-content\/uploads\/2021\/03\/Interier-Fordu-Mustang-Mach-E-scaled.jpg","type":"image\/jpeg"}],"author":"Mzone","twitter_card":"summary_large_image","twitter_misc":{"Written by":"Mzone","Est. reading time":"4 minutes"},"schema":{"@context":"https:\/\/schema.org","@graph":[{"@type":"Article","@id":"https:\/\/www.mzone.cz\/interier-elektrickeho-mustangu-pripomina-teslu\/#article","isPartOf":{"@id":"https:\/\/www.mzone.cz\/interier-elektrickeho-mustangu-pripomina-teslu\/"},"author":{"name":"Mzone","@id":"https:\/\/www.mzone.cz\/#\/schema\/person\/9bc20cc422a99cac4af6ff9297da32d4"},"headline":"Tohle u\u017e jsme n\u011bkde vid\u011bli! Interi\u00e9r elektrick\u00e9ho Mustangu n\u00e1padn\u011b p\u0159ipom\u00edn\u00e1 Teslu","datePublished":"2021-03-19T04:00:00+00:00","mainEntityOfPage":{"@id":"https:\/\/www.mzone.cz\/interier-elektrickeho-mustangu-pripomina-teslu\/"},"wordCount":821,"commentCount":0,"image":{"@id":"https:\/\/www.mzone.cz\/interier-elektrickeho-mustangu-pripomina-teslu\/#primaryimage"},"thumbnailUrl":"https:\/\/www.mzone.cz\/wp-content\/uploads\/2021\/03\/Interier-Fordu-Mustang-Mach-E-scaled.jpg","keywords":["auta","Auto","auto-moto","automobil","design","displej","elektromobil","elektromobilita","Ford","Ford Mustang Mach-E","inspirace","interi\u00e9r","Mustang","podobnost","sportovn\u00ed vozy","Tesla","vzhled"],"articleSection":["Auto-moto"],"inLanguage":"en-US","potentialAction":[{"@type":"CommentAction","name":"Comment","target":["https:\/\/www.mzone.cz\/interier-elektrickeho-mustangu-pripomina-teslu\/#respond"]}]},{"@type":"WebPage","@id":"https:\/\/www.mzone.cz\/interier-elektrickeho-mustangu-pripomina-teslu\/","url":"https:\/\/www.mzone.cz\/interier-elektrickeho-mustangu-pripomina-teslu\/","name":"Tohle u\u017e jsme n\u011bkde vid\u011bli! Interi\u00e9r elektrick\u00e9ho Mustangu n\u00e1padn\u011b p\u0159ipom\u00edn\u00e1 Teslu - Mzone","isPartOf":{"@id":"https:\/\/www.mzone.cz\/#website"},"primaryImageOfPage":{"@id":"https:\/\/www.mzone.cz\/interier-elektrickeho-mustangu-pripomina-teslu\/#primaryimage"},"image":{"@id":"https:\/\/www.mzone.cz\/interier-elektrickeho-mustangu-pripomina-teslu\/#primaryimage"},"thumbnailUrl":"https:\/\/www.mzone.cz\/wp-content\/uploads\/2021\/03\/Interier-Fordu-Mustang-Mach-E-scaled.jpg","datePublished":"2021-03-19T04:00:00+00:00","author":{"@id":"https:\/\/www.mzone.cz\/#\/schema\/person\/9bc20cc422a99cac4af6ff9297da32d4"},"description":"Po nasednut\u00ed do Fordu Mustang Mach-E uv\u00edt\u00e1 \u0159idi\u010de interi\u00e9r, kter\u00fd se nepodob\u00e1 \u017e\u00e1dn\u00e9mu dosavadn\u00edmu modelu zna\u010dky. N\u011bco ale p\u0159esto p\u0159ipom\u00edn\u00e1... Teslu!","breadcrumb":{"@id":"https:\/\/www.mzone.cz\/interier-elektrickeho-mustangu-pripomina-teslu\/#breadcrumb"},"inLanguage":"en-US","potentialAction":[{"@type":"ReadAction","target":["https:\/\/www.mzone.cz\/interier-elektrickeho-mustangu-pripomina-teslu\/"]}]},{"@type":"ImageObject","inLanguage":"en-US","@id":"https:\/\/www.mzone.cz\/interier-elektrickeho-mustangu-pripomina-teslu\/#primaryimage","url":"https:\/\/www.mzone.cz\/wp-content\/uploads\/2021\/03\/Interier-Fordu-Mustang-Mach-E-scaled.jpg","contentUrl":"https:\/\/www.mzone.cz\/wp-content\/uploads\/2021\/03\/Interier-Fordu-Mustang-Mach-E-scaled.jpg","width":2560,"height":1707,"caption":"Interi\u00e9r Fordu Mustang Mach-E"},{"@type":"BreadcrumbList","@id":"https:\/\/www.mzone.cz\/interier-elektrickeho-mustangu-pripomina-teslu\/#breadcrumb","itemListElement":[{"@type":"ListItem","position":1,"name":"Dom\u016f","item":"https:\/\/www.mzone.cz\/"},{"@type":"ListItem","position":2,"name":"Tohle u\u017e jsme n\u011bkde vid\u011bli! Interi\u00e9r elektrick\u00e9ho Mustangu n\u00e1padn\u011b p\u0159ipom\u00edn\u00e1 Teslu"}]},{"@type":"WebSite","@id":"https:\/\/www.mzone.cz\/#website","url":"https:\/\/www.mzone.cz\/","name":"Mzone","description":"Magaz\u00edn nejen pro mu\u017ee","potentialAction":[{"@type":"SearchAction","target":{"@type":"EntryPoint","urlTemplate":"https:\/\/www.mzone.cz\/?s={search_term_string}"},"query-input":{"@type":"PropertyValueSpecification","valueRequired":true,"valueName":"search_term_string"}}],"inLanguage":"en-US"},{"@type":"Person","@id":"https:\/\/www.mzone.cz\/#\/schema\/person\/9bc20cc422a99cac4af6ff9297da32d4","name":"Mzone","image":{"@type":"ImageObject","inLanguage":"en-US","@id":"https:\/\/secure.gravatar.com\/avatar\/e780a8630f3182a3d06dd667ab6bea151a0d155b0951bc15fe22633acdac0676?s=96&d=mm&r=g","url":"https:\/\/secure.gravatar.com\/avatar\/e780a8630f3182a3d06dd667ab6bea151a0d155b0951bc15fe22633acdac0676?s=96&d=mm&r=g","contentUrl":"https:\/\/secure.gravatar.com\/avatar\/e780a8630f3182a3d06dd667ab6bea151a0d155b0951bc15fe22633acdac0676?s=96&d=mm&r=g","caption":"Mzone"},"url":"https:\/\/www.mzone.cz\/en\/author\/jakub\/"}]}},"_links":{"self":[{"href":"https:\/\/www.mzone.cz\/en\/wp-json\/wp\/v2\/posts\/30138","targetHints":{"allow":["GET"]}}],"collection":[{"href":"https:\/\/www.mzone.cz\/en\/wp-json\/wp\/v2\/posts"}],"about":[{"href":"https:\/\/www.mzone.cz\/en\/wp-json\/wp\/v2\/types\/post"}],"author":[{"embeddable":true,"href":"https:\/\/www.mzone.cz\/en\/wp-json\/wp\/v2\/users\/4"}],"replies":[{"embeddable":true,"href":"https:\/\/www.mzone.cz\/en\/wp-json\/wp\/v2\/comments?post=30138"}],"version-history":[{"count":25,"href":"https:\/\/www.mzone.cz\/en\/wp-json\/wp\/v2\/posts\/30138\/revisions"}],"predecessor-version":[{"id":30272,"href":"https:\/\/www.mzone.cz\/en\/wp-json\/wp\/v2\/posts\/30138\/revisions\/30272"}],"wp:featuredmedia":[{"embeddable":true,"href":"https:\/\/www.mzone.cz\/en\/wp-json\/wp\/v2\/media\/30142"}],"wp:attachment":[{"href":"https:\/\/www.mzone.cz\/en\/wp-json\/wp\/v2\/media?parent=30138"}],"wp:term":[{"taxonomy":"category","embeddable":true,"href":"https:\/\/www.mzone.cz\/en\/wp-json\/wp\/v2\/categories?post=30138"},{"taxonomy":"post_tag","embeddable":true,"href":"https:\/\/www.mzone.cz\/en\/wp-json\/wp\/v2\/tags?post=30138"}],"curies":[{"name":"wp","href":"https:\/\/api.w.org\/{rel}","templated":true}]}}