{"id":30427,"date":"2021-03-20T05:00:00","date_gmt":"2021-03-20T04:00:00","guid":{"rendered":"https:\/\/www.mzone.cz\/?p=30427"},"modified":"2021-03-17T12:03:03","modified_gmt":"2021-03-17T11:03:03","slug":"petrinska-rozhledna-slavi-130-let","status":"publish","type":"post","link":"https:\/\/www.mzone.cz\/en\/petrinska-rozhledna-slavi-130-let\/","title":{"rendered":"Pet\u0159\u00ednsk\u00e1 rozhledna letos slav\u00ed 130 let"},"content":{"rendered":"<p><strong>Nejzn\u00e1m\u011bj\u0161\u00ed pra\u017esk\u00e1 rozhledna tento m\u011bs\u00edc slav\u00ed 130 let od doby, kdy byla zah\u00e1jena jej\u00ed stavba. Ta byla dokon\u010dena ke konci roku 1891 a je\u0161t\u011b v prosinci t\u00e9ho\u017e roku se na nov\u00e9 Pet\u0159\u00ednsk\u00e9 rozhledn\u011b rozsv\u00edtilo prvn\u00ed slavnostn\u00ed osv\u011btlen\u00ed. V sou\u010dasnosti hlavn\u00ed m\u011bsto rozhlednu pravideln\u011b vyu\u017e\u00edv\u00e1 jako sv\u011bteln\u00fd symbol, kter\u00fdm upozor\u0148uje na v\u00fdznamn\u00e9 dny nebo sv\u011btov\u00e9 ud\u00e1losti.<\/strong><\/p><br>\n\n\n\n<p>Jedna takov\u00e1 ud\u00e1lost se konala u\u017e tento t\u00fdden, kdy se ve st\u0159edu p\u0159i p\u0159\u00edle\u017eitosti celosv\u011btov\u00fdch oslav svat\u00e9ho Patrika rozhledna zbarvila do zelena. Naopak p\u0159\u00ed\u0161t\u00ed pond\u011bl\u00ed ji nech\u00e1 m\u011bstsk\u00e1 spole\u010dnost Technologie hlavn\u00edho m\u011bsta Prahy celou noc zhasnutou, Praha tak vyj\u00e1d\u0159\u00ed soucit s t\u011bmi, kte\u0159\u00ed podlehli nemoci covid-19, a s jejich bl\u00edzk\u00fdmi.<\/p>\n\n\n\n<blockquote class=\"wp-block-quote is-layout-flow wp-block-quote-is-layout-flow\"><p>\u201eK barevn\u00e9mu nasv\u00edcen\u00ed p\u011bta\u0161edes\u00e1t metr\u016f vysok\u00e9 rozhledny p\u0159istupujeme, pokud pova\u017eujeme za d\u016fle\u017eit\u00e9 obr\u00e1tit pozornost ve\u0159ejnosti k ur\u010dit\u00e9mu t\u00e9matu, v\u00fdznamn\u00e9mu dni nebo ud\u00e1losti. V pond\u011bl\u00ed uplyne pr\u00e1v\u011b rok ode dne, kdy v \u010cesku nemoci covid-19 podlehl prvn\u00ed pacient,\u201c&nbsp;vysv\u011btluje radn\u00ed Jan Chabr a dod\u00e1v\u00e1, \u017ee letos bude Pet\u0159\u00edn sv\u00edtit barevn\u011b nap\u0159\u00edklad i p\u0159i p\u0159\u00edle\u017eitost Dne autismu nebo hemofilie.<\/p><\/blockquote>\n\n\n\n<p>Na slavnostn\u00ed barevn\u00e9 osv\u011btlen\u00ed si rozhledna musela po\u010dkat a\u017e do roku 1998, tedy cel\u00fdch 107 let.&nbsp;\u201eNa konci devades\u00e1t\u00fdch let bylo osv\u011btlen\u00ed Pet\u0159\u00edna \u0159e\u0161eno kombinac\u00ed 32 sod\u00edkov\u00fdch a halogenidov\u00fdch sv\u00edtidel,\u201c&nbsp;popsal m\u00edstop\u0159edseda p\u0159edstavenstva THMP Tom\u00e1\u0161 Novotn\u00fd s t\u00edm, \u017ee sou\u010dasn\u00e1 podoba slavnostn\u00edho osv\u011btlen\u00ed Pet\u0159\u00ednsk\u00e9 rozhledny je z roku 2015.<\/p><br>\n\n\n\n<figure class=\"wp-block-image size-large\"><img loading=\"lazy\" decoding=\"async\" width=\"1024\" height=\"683\" src=\"https:\/\/www.mzone.cz\/wp-content\/uploads\/2021\/03\/3-1024x683.jpg\" alt=\"Pet\u0159\u00ednsk\u00e1 rozhledna\" class=\"wp-image-30435\" srcset=\"https:\/\/www.mzone.cz\/wp-content\/uploads\/2021\/03\/3-1024x683.jpg 1024w, https:\/\/www.mzone.cz\/wp-content\/uploads\/2021\/03\/3-300x200.jpg 300w, https:\/\/www.mzone.cz\/wp-content\/uploads\/2021\/03\/3-768x512.jpg 768w, https:\/\/www.mzone.cz\/wp-content\/uploads\/2021\/03\/3-1536x1024.jpg 1536w, https:\/\/www.mzone.cz\/wp-content\/uploads\/2021\/03\/3-2048x1365.jpg 2048w, https:\/\/www.mzone.cz\/wp-content\/uploads\/2021\/03\/3-16x12.jpg 16w, https:\/\/www.mzone.cz\/wp-content\/uploads\/2021\/03\/3-800x533.jpg 800w, https:\/\/www.mzone.cz\/wp-content\/uploads\/2021\/03\/3-400x267.jpg 400w, https:\/\/www.mzone.cz\/wp-content\/uploads\/2021\/03\/3-500x333.jpg 500w, https:\/\/www.mzone.cz\/wp-content\/uploads\/2021\/03\/3-1170x780.jpg 1170w, https:\/\/www.mzone.cz\/wp-content\/uploads\/2021\/03\/3-590x393.jpg 590w\" sizes=\"auto, (max-width: 1024px) 100vw, 1024px\" \/><\/figure><br>\n\n\n\n<p>\u201eV tomto roce na ni byla instalov\u00e1na soustava 40 barevn\u00fdch LED RGBW sv\u00edtidel, kter\u00e1 jsou na rozhledn\u011b rozd\u011blena do \u010dty\u0159 segment\u016f. D\u00edky t\u00e9to technologii, \u010dty\u0159barevn\u00e9mu proveden\u00ed sv\u00edtidel RGBW a d\u00edky rozd\u011blen\u00ed do segment\u016f lze nasv\u00edcen\u00ed rozhledny variovat, jeliko\u017e jsou sv\u00edtidla schopna produkovat jakoukoli barvu,\u201c&nbsp;doplnil Novotn\u00fd.<\/p><br>\n\n\n\n<p>Zm\u011bnu barev um\u00ed <a href=\"https:\/\/www.thmp.cz\/\" target=\"_blank\" rel=\"noreferrer noopener\">m\u011bstsk\u00e1 spole\u010dnost THMP<\/a> nastavovat i z mobiln\u00edho telefonu nebo z tabletu.&nbsp;\u201eV minul\u00e9m roce jsme spustili mobiln\u00ed aplikaci, prost\u0159ednictv\u00edm kter\u00e9 jsme schopni jak online monitorovat slavnostn\u00ed osv\u011btlen\u00ed Pet\u0159\u00ednsk\u00e9 rozhledny, tak ho i nastavovat a spou\u0161t\u011bt. Aktu\u00e1ln\u011b v aplikaci m\u00e1me p\u0159ednastaveno 30 typ\u016f statick\u00e9ho nebo sc\u00e9nick\u00e9ho nasv\u00edcen\u00ed, p\u0159\u00edpadn\u011b um\u00edme upravovat konkr\u00e9tn\u00ed barvy podle pot\u0159eby, a to z jak\u00e9hokoliv m\u00edsta,\u201c&nbsp;uzav\u0159el Tom\u00e1\u0161 Novotn\u00fd. Tak rozhledno, v\u0161echno nejlep\u0161\u00ed!<\/p><br>\n\n\n\n<div class=\"wp-block-media-text alignwide is-stacked-on-mobile is-vertically-aligned-top\" style=\"grid-template-columns:23% auto\"><figure class=\"wp-block-media-text__media\"><a href=\"https:\/\/www.mzone.cz\/planetarium-v-prazske-stromovce-slavi-60-let\/\"><img loading=\"lazy\" decoding=\"async\" width=\"1024\" height=\"682\" src=\"https:\/\/www.mzone.cz\/wp-content\/uploads\/2020\/11\/Planetarium-Praha-1024x682.jpg\" alt=\"\" class=\"wp-image-25921 size-full\" srcset=\"https:\/\/www.mzone.cz\/wp-content\/uploads\/2020\/11\/Planetarium-Praha-1024x682.jpg 1024w, https:\/\/www.mzone.cz\/wp-content\/uploads\/2020\/11\/Planetarium-Praha-300x200.jpg 300w, https:\/\/www.mzone.cz\/wp-content\/uploads\/2020\/11\/Planetarium-Praha-768x512.jpg 768w, https:\/\/www.mzone.cz\/wp-content\/uploads\/2020\/11\/Planetarium-Praha-1536x1023.jpg 1536w, https:\/\/www.mzone.cz\/wp-content\/uploads\/2020\/11\/Planetarium-Praha-16x12.jpg 16w, https:\/\/www.mzone.cz\/wp-content\/uploads\/2020\/11\/Planetarium-Praha-800x533.jpg 800w, https:\/\/www.mzone.cz\/wp-content\/uploads\/2020\/11\/Planetarium-Praha-400x267.jpg 400w, https:\/\/www.mzone.cz\/wp-content\/uploads\/2020\/11\/Planetarium-Praha-500x333.jpg 500w, https:\/\/www.mzone.cz\/wp-content\/uploads\/2020\/11\/Planetarium-Praha-1170x780.jpg 1170w, https:\/\/www.mzone.cz\/wp-content\/uploads\/2020\/11\/Planetarium-Praha-590x393.jpg 590w, https:\/\/www.mzone.cz\/wp-content\/uploads\/2020\/11\/Planetarium-Praha.jpg 1746w\" sizes=\"auto, (max-width: 1024px) 100vw, 1024px\" \/><\/a><\/figure><div class=\"wp-block-media-text__content\">\n<h4><a href=\"https:\/\/www.mzone.cz\/planetarium-v-prazske-stromovce-slavi-60-let\/\">Planet\u00e1rium v pra\u017esk\u00e9 Stromovce slav\u00ed 60 let<\/a><\/h4><br>\n<\/div><\/div>","protected":false},"excerpt":{"rendered":"<p>Nejzn\u00e1m\u011bj\u0161\u00ed pra\u017esk\u00e1 rozhledna tento m\u011bs\u00edc slav\u00ed 130 let od doby, kdy byla zah\u00e1jena jej\u00ed stavba. Ta byla dokon\u010dena ke konci roku 1891 a je\u0161t\u011b v prosinci t\u00e9ho\u017e roku se na nov\u00e9 Pet\u0159\u00ednsk\u00e9 rozhledn\u011b rozsv\u00edtilo prvn\u00ed slavnostn\u00ed osv\u011btlen\u00ed. V sou\u010dasnosti hlavn\u00ed m\u011bsto rozhlednu pravideln\u011b vyu\u017e\u00edv\u00e1 jako sv\u011bteln\u00fd symbol, kter\u00fdm upozor\u0148uje na v\u00fdznamn\u00e9 dny nebo sv\u011btov\u00e9 ud\u00e1losti. [&hellip;]<\/p>\n","protected":false},"author":4,"featured_media":30428,"comment_status":"open","ping_status":"closed","sticky":false,"template":"","format":"standard","meta":{"kk_blocks_editor_width":"","_kiokenblocks_attr":"","_kiokenblocks_dimensions":"","footnotes":""},"categories":[29,25],"tags":[4863,461,17,4052,4861,4860,363,4862,1238,490,4864,920],"class_list":["post-30427","post","type-post","status-publish","format-standard","has-post-thumbnail","hentry","category-lifestyle","category-style","tag-130-let","tag-architektura","tag-lifestyle","tag-osvetleni","tag-petrin","tag-petrinska-rozhledna","tag-praha","tag-rozhledna","tag-stavba","tag-style","tag-vez","tag-vyroci"],"yoast_head":"<!-- This site is optimized with the Yoast SEO plugin v27.5 - https:\/\/yoast.com\/product\/yoast-seo-wordpress\/ -->\n<title>Pet\u0159\u00ednsk\u00e1 rozhledna letos slav\u00ed 130 let - Mzone<\/title>\n<meta name=\"description\" content=\"Nejzn\u00e1m\u011bj\u0161\u00ed pra\u017esk\u00e1 rozhledna tento m\u011bs\u00edc slav\u00ed 130 let od doby, kdy byla zah\u00e1jena jej\u00ed stavba. Pet\u0159\u00ednsk\u00e1 rozhledna ro\u010dn\u011b p\u0159iv\u00edt\u00e1 700 tis\u00edc n\u00e1v\u0161t\u011bvn\u00edk\u016f.\" \/>\n<meta name=\"robots\" content=\"index, follow, max-snippet:-1, max-image-preview:large, max-video-preview:-1\" \/>\n<link rel=\"canonical\" href=\"https:\/\/www.mzone.cz\/en\/petrinska-rozhledna-slavi-130-let\/\" \/>\n<meta property=\"og:locale\" content=\"en_US\" \/>\n<meta property=\"og:type\" content=\"article\" \/>\n<meta property=\"og:title\" content=\"Pet\u0159\u00ednsk\u00e1 rozhledna letos slav\u00ed 130 let - Mzone\" \/>\n<meta property=\"og:description\" content=\"Nejzn\u00e1m\u011bj\u0161\u00ed pra\u017esk\u00e1 rozhledna tento m\u011bs\u00edc slav\u00ed 130 let od doby, kdy byla zah\u00e1jena jej\u00ed stavba. Pet\u0159\u00ednsk\u00e1 rozhledna ro\u010dn\u011b p\u0159iv\u00edt\u00e1 700 tis\u00edc n\u00e1v\u0161t\u011bvn\u00edk\u016f.\" \/>\n<meta property=\"og:url\" content=\"https:\/\/www.mzone.cz\/en\/petrinska-rozhledna-slavi-130-let\/\" \/>\n<meta property=\"og:site_name\" content=\"Mzone\" \/>\n<meta property=\"article:publisher\" content=\"https:\/\/www.facebook.com\/MzoneCZ\/\" \/>\n<meta property=\"article:published_time\" content=\"2021-03-20T04:00:00+00:00\" \/>\n<meta property=\"og:image\" content=\"https:\/\/www.mzone.cz\/wp-content\/uploads\/2021\/03\/Petrinska-rozhledna-scaled.jpg\" \/>\n\t<meta property=\"og:image:width\" content=\"2560\" \/>\n\t<meta property=\"og:image:height\" content=\"1707\" \/>\n\t<meta property=\"og:image:type\" content=\"image\/jpeg\" \/>\n<meta name=\"author\" content=\"Mzone\" \/>\n<meta name=\"twitter:card\" content=\"summary_large_image\" \/>\n<meta name=\"twitter:label1\" content=\"Written by\" \/>\n\t<meta name=\"twitter:data1\" content=\"Mzone\" \/>\n\t<meta name=\"twitter:label2\" content=\"Est. reading time\" \/>\n\t<meta name=\"twitter:data2\" content=\"2 minutes\" \/>\n<script type=\"application\/ld+json\" class=\"yoast-schema-graph\">{\"@context\":\"https:\\\/\\\/schema.org\",\"@graph\":[{\"@type\":\"Article\",\"@id\":\"https:\\\/\\\/www.mzone.cz\\\/petrinska-rozhledna-slavi-130-let\\\/#article\",\"isPartOf\":{\"@id\":\"https:\\\/\\\/www.mzone.cz\\\/petrinska-rozhledna-slavi-130-let\\\/\"},\"author\":{\"name\":\"Mzone\",\"@id\":\"https:\\\/\\\/www.mzone.cz\\\/#\\\/schema\\\/person\\\/9bc20cc422a99cac4af6ff9297da32d4\"},\"headline\":\"Pet\u0159\u00ednsk\u00e1 rozhledna letos slav\u00ed 130 let\",\"datePublished\":\"2021-03-20T04:00:00+00:00\",\"mainEntityOfPage\":{\"@id\":\"https:\\\/\\\/www.mzone.cz\\\/petrinska-rozhledna-slavi-130-let\\\/\"},\"wordCount\":463,\"commentCount\":0,\"image\":{\"@id\":\"https:\\\/\\\/www.mzone.cz\\\/petrinska-rozhledna-slavi-130-let\\\/#primaryimage\"},\"thumbnailUrl\":\"https:\\\/\\\/www.mzone.cz\\\/wp-content\\\/uploads\\\/2021\\\/03\\\/Petrinska-rozhledna-scaled.jpg\",\"keywords\":[\"130 let\",\"architektura\",\"Lifestyle\",\"osv\u011btlen\u00ed\",\"Pet\u0159\u00edn\",\"Pet\u0159\u00ednsk\u00e1 rozhledna\",\"Praha\",\"rozhledna\",\"stavba\",\"style\",\"v\u011b\u017e\",\"v\u00fdro\u010d\u00ed\"],\"articleSection\":[\"Lifestyle\",\"Style\"],\"inLanguage\":\"en-US\",\"potentialAction\":[{\"@type\":\"CommentAction\",\"name\":\"Comment\",\"target\":[\"https:\\\/\\\/www.mzone.cz\\\/petrinska-rozhledna-slavi-130-let\\\/#respond\"]}]},{\"@type\":\"WebPage\",\"@id\":\"https:\\\/\\\/www.mzone.cz\\\/petrinska-rozhledna-slavi-130-let\\\/\",\"url\":\"https:\\\/\\\/www.mzone.cz\\\/petrinska-rozhledna-slavi-130-let\\\/\",\"name\":\"Pet\u0159\u00ednsk\u00e1 rozhledna letos slav\u00ed 130 let - Mzone\",\"isPartOf\":{\"@id\":\"https:\\\/\\\/www.mzone.cz\\\/#website\"},\"primaryImageOfPage\":{\"@id\":\"https:\\\/\\\/www.mzone.cz\\\/petrinska-rozhledna-slavi-130-let\\\/#primaryimage\"},\"image\":{\"@id\":\"https:\\\/\\\/www.mzone.cz\\\/petrinska-rozhledna-slavi-130-let\\\/#primaryimage\"},\"thumbnailUrl\":\"https:\\\/\\\/www.mzone.cz\\\/wp-content\\\/uploads\\\/2021\\\/03\\\/Petrinska-rozhledna-scaled.jpg\",\"datePublished\":\"2021-03-20T04:00:00+00:00\",\"author\":{\"@id\":\"https:\\\/\\\/www.mzone.cz\\\/#\\\/schema\\\/person\\\/9bc20cc422a99cac4af6ff9297da32d4\"},\"description\":\"Nejzn\u00e1m\u011bj\u0161\u00ed pra\u017esk\u00e1 rozhledna tento m\u011bs\u00edc slav\u00ed 130 let od doby, kdy byla zah\u00e1jena jej\u00ed stavba. Pet\u0159\u00ednsk\u00e1 rozhledna ro\u010dn\u011b p\u0159iv\u00edt\u00e1 700 tis\u00edc n\u00e1v\u0161t\u011bvn\u00edk\u016f.\",\"breadcrumb\":{\"@id\":\"https:\\\/\\\/www.mzone.cz\\\/petrinska-rozhledna-slavi-130-let\\\/#breadcrumb\"},\"inLanguage\":\"en-US\",\"potentialAction\":[{\"@type\":\"ReadAction\",\"target\":[\"https:\\\/\\\/www.mzone.cz\\\/petrinska-rozhledna-slavi-130-let\\\/\"]}]},{\"@type\":\"ImageObject\",\"inLanguage\":\"en-US\",\"@id\":\"https:\\\/\\\/www.mzone.cz\\\/petrinska-rozhledna-slavi-130-let\\\/#primaryimage\",\"url\":\"https:\\\/\\\/www.mzone.cz\\\/wp-content\\\/uploads\\\/2021\\\/03\\\/Petrinska-rozhledna-scaled.jpg\",\"contentUrl\":\"https:\\\/\\\/www.mzone.cz\\\/wp-content\\\/uploads\\\/2021\\\/03\\\/Petrinska-rozhledna-scaled.jpg\",\"width\":2560,\"height\":1707,\"caption\":\"Pet\u0159\u00ednsk\u00e1 rozhledna\"},{\"@type\":\"BreadcrumbList\",\"@id\":\"https:\\\/\\\/www.mzone.cz\\\/petrinska-rozhledna-slavi-130-let\\\/#breadcrumb\",\"itemListElement\":[{\"@type\":\"ListItem\",\"position\":1,\"name\":\"Dom\u016f\",\"item\":\"https:\\\/\\\/www.mzone.cz\\\/\"},{\"@type\":\"ListItem\",\"position\":2,\"name\":\"Pet\u0159\u00ednsk\u00e1 rozhledna letos slav\u00ed 130 let\"}]},{\"@type\":\"WebSite\",\"@id\":\"https:\\\/\\\/www.mzone.cz\\\/#website\",\"url\":\"https:\\\/\\\/www.mzone.cz\\\/\",\"name\":\"Mzone\",\"description\":\"Magaz\u00edn nejen pro mu\u017ee\",\"potentialAction\":[{\"@type\":\"SearchAction\",\"target\":{\"@type\":\"EntryPoint\",\"urlTemplate\":\"https:\\\/\\\/www.mzone.cz\\\/?s={search_term_string}\"},\"query-input\":{\"@type\":\"PropertyValueSpecification\",\"valueRequired\":true,\"valueName\":\"search_term_string\"}}],\"inLanguage\":\"en-US\"},{\"@type\":\"Person\",\"@id\":\"https:\\\/\\\/www.mzone.cz\\\/#\\\/schema\\\/person\\\/9bc20cc422a99cac4af6ff9297da32d4\",\"name\":\"Mzone\",\"image\":{\"@type\":\"ImageObject\",\"inLanguage\":\"en-US\",\"@id\":\"https:\\\/\\\/secure.gravatar.com\\\/avatar\\\/e780a8630f3182a3d06dd667ab6bea151a0d155b0951bc15fe22633acdac0676?s=96&d=mm&r=g\",\"url\":\"https:\\\/\\\/secure.gravatar.com\\\/avatar\\\/e780a8630f3182a3d06dd667ab6bea151a0d155b0951bc15fe22633acdac0676?s=96&d=mm&r=g\",\"contentUrl\":\"https:\\\/\\\/secure.gravatar.com\\\/avatar\\\/e780a8630f3182a3d06dd667ab6bea151a0d155b0951bc15fe22633acdac0676?s=96&d=mm&r=g\",\"caption\":\"Mzone\"},\"url\":\"https:\\\/\\\/www.mzone.cz\\\/en\\\/author\\\/jakub\\\/\"}]}<\/script>\n<!-- \/ Yoast SEO plugin. -->","yoast_head_json":{"title":"Pet\u0159\u00ednsk\u00e1 rozhledna letos slav\u00ed 130 let - Mzone","description":"Nejzn\u00e1m\u011bj\u0161\u00ed pra\u017esk\u00e1 rozhledna tento m\u011bs\u00edc slav\u00ed 130 let od doby, kdy byla zah\u00e1jena jej\u00ed stavba. Pet\u0159\u00ednsk\u00e1 rozhledna ro\u010dn\u011b p\u0159iv\u00edt\u00e1 700 tis\u00edc n\u00e1v\u0161t\u011bvn\u00edk\u016f.","robots":{"index":"index","follow":"follow","max-snippet":"max-snippet:-1","max-image-preview":"max-image-preview:large","max-video-preview":"max-video-preview:-1"},"canonical":"https:\/\/www.mzone.cz\/en\/petrinska-rozhledna-slavi-130-let\/","og_locale":"en_US","og_type":"article","og_title":"Pet\u0159\u00ednsk\u00e1 rozhledna letos slav\u00ed 130 let - Mzone","og_description":"Nejzn\u00e1m\u011bj\u0161\u00ed pra\u017esk\u00e1 rozhledna tento m\u011bs\u00edc slav\u00ed 130 let od doby, kdy byla zah\u00e1jena jej\u00ed stavba. Pet\u0159\u00ednsk\u00e1 rozhledna ro\u010dn\u011b p\u0159iv\u00edt\u00e1 700 tis\u00edc n\u00e1v\u0161t\u011bvn\u00edk\u016f.","og_url":"https:\/\/www.mzone.cz\/en\/petrinska-rozhledna-slavi-130-let\/","og_site_name":"Mzone","article_publisher":"https:\/\/www.facebook.com\/MzoneCZ\/","article_published_time":"2021-03-20T04:00:00+00:00","og_image":[{"width":2560,"height":1707,"url":"https:\/\/www.mzone.cz\/wp-content\/uploads\/2021\/03\/Petrinska-rozhledna-scaled.jpg","type":"image\/jpeg"}],"author":"Mzone","twitter_card":"summary_large_image","twitter_misc":{"Written by":"Mzone","Est. reading time":"2 minutes"},"schema":{"@context":"https:\/\/schema.org","@graph":[{"@type":"Article","@id":"https:\/\/www.mzone.cz\/petrinska-rozhledna-slavi-130-let\/#article","isPartOf":{"@id":"https:\/\/www.mzone.cz\/petrinska-rozhledna-slavi-130-let\/"},"author":{"name":"Mzone","@id":"https:\/\/www.mzone.cz\/#\/schema\/person\/9bc20cc422a99cac4af6ff9297da32d4"},"headline":"Pet\u0159\u00ednsk\u00e1 rozhledna letos slav\u00ed 130 let","datePublished":"2021-03-20T04:00:00+00:00","mainEntityOfPage":{"@id":"https:\/\/www.mzone.cz\/petrinska-rozhledna-slavi-130-let\/"},"wordCount":463,"commentCount":0,"image":{"@id":"https:\/\/www.mzone.cz\/petrinska-rozhledna-slavi-130-let\/#primaryimage"},"thumbnailUrl":"https:\/\/www.mzone.cz\/wp-content\/uploads\/2021\/03\/Petrinska-rozhledna-scaled.jpg","keywords":["130 let","architektura","Lifestyle","osv\u011btlen\u00ed","Pet\u0159\u00edn","Pet\u0159\u00ednsk\u00e1 rozhledna","Praha","rozhledna","stavba","style","v\u011b\u017e","v\u00fdro\u010d\u00ed"],"articleSection":["Lifestyle","Style"],"inLanguage":"en-US","potentialAction":[{"@type":"CommentAction","name":"Comment","target":["https:\/\/www.mzone.cz\/petrinska-rozhledna-slavi-130-let\/#respond"]}]},{"@type":"WebPage","@id":"https:\/\/www.mzone.cz\/petrinska-rozhledna-slavi-130-let\/","url":"https:\/\/www.mzone.cz\/petrinska-rozhledna-slavi-130-let\/","name":"Pet\u0159\u00ednsk\u00e1 rozhledna letos slav\u00ed 130 let - Mzone","isPartOf":{"@id":"https:\/\/www.mzone.cz\/#website"},"primaryImageOfPage":{"@id":"https:\/\/www.mzone.cz\/petrinska-rozhledna-slavi-130-let\/#primaryimage"},"image":{"@id":"https:\/\/www.mzone.cz\/petrinska-rozhledna-slavi-130-let\/#primaryimage"},"thumbnailUrl":"https:\/\/www.mzone.cz\/wp-content\/uploads\/2021\/03\/Petrinska-rozhledna-scaled.jpg","datePublished":"2021-03-20T04:00:00+00:00","author":{"@id":"https:\/\/www.mzone.cz\/#\/schema\/person\/9bc20cc422a99cac4af6ff9297da32d4"},"description":"Nejzn\u00e1m\u011bj\u0161\u00ed pra\u017esk\u00e1 rozhledna tento m\u011bs\u00edc slav\u00ed 130 let od doby, kdy byla zah\u00e1jena jej\u00ed stavba. Pet\u0159\u00ednsk\u00e1 rozhledna ro\u010dn\u011b p\u0159iv\u00edt\u00e1 700 tis\u00edc n\u00e1v\u0161t\u011bvn\u00edk\u016f.","breadcrumb":{"@id":"https:\/\/www.mzone.cz\/petrinska-rozhledna-slavi-130-let\/#breadcrumb"},"inLanguage":"en-US","potentialAction":[{"@type":"ReadAction","target":["https:\/\/www.mzone.cz\/petrinska-rozhledna-slavi-130-let\/"]}]},{"@type":"ImageObject","inLanguage":"en-US","@id":"https:\/\/www.mzone.cz\/petrinska-rozhledna-slavi-130-let\/#primaryimage","url":"https:\/\/www.mzone.cz\/wp-content\/uploads\/2021\/03\/Petrinska-rozhledna-scaled.jpg","contentUrl":"https:\/\/www.mzone.cz\/wp-content\/uploads\/2021\/03\/Petrinska-rozhledna-scaled.jpg","width":2560,"height":1707,"caption":"Pet\u0159\u00ednsk\u00e1 rozhledna"},{"@type":"BreadcrumbList","@id":"https:\/\/www.mzone.cz\/petrinska-rozhledna-slavi-130-let\/#breadcrumb","itemListElement":[{"@type":"ListItem","position":1,"name":"Dom\u016f","item":"https:\/\/www.mzone.cz\/"},{"@type":"ListItem","position":2,"name":"Pet\u0159\u00ednsk\u00e1 rozhledna letos slav\u00ed 130 let"}]},{"@type":"WebSite","@id":"https:\/\/www.mzone.cz\/#website","url":"https:\/\/www.mzone.cz\/","name":"Mzone","description":"Magaz\u00edn nejen pro mu\u017ee","potentialAction":[{"@type":"SearchAction","target":{"@type":"EntryPoint","urlTemplate":"https:\/\/www.mzone.cz\/?s={search_term_string}"},"query-input":{"@type":"PropertyValueSpecification","valueRequired":true,"valueName":"search_term_string"}}],"inLanguage":"en-US"},{"@type":"Person","@id":"https:\/\/www.mzone.cz\/#\/schema\/person\/9bc20cc422a99cac4af6ff9297da32d4","name":"Mzone","image":{"@type":"ImageObject","inLanguage":"en-US","@id":"https:\/\/secure.gravatar.com\/avatar\/e780a8630f3182a3d06dd667ab6bea151a0d155b0951bc15fe22633acdac0676?s=96&d=mm&r=g","url":"https:\/\/secure.gravatar.com\/avatar\/e780a8630f3182a3d06dd667ab6bea151a0d155b0951bc15fe22633acdac0676?s=96&d=mm&r=g","contentUrl":"https:\/\/secure.gravatar.com\/avatar\/e780a8630f3182a3d06dd667ab6bea151a0d155b0951bc15fe22633acdac0676?s=96&d=mm&r=g","caption":"Mzone"},"url":"https:\/\/www.mzone.cz\/en\/author\/jakub\/"}]}},"_links":{"self":[{"href":"https:\/\/www.mzone.cz\/en\/wp-json\/wp\/v2\/posts\/30427","targetHints":{"allow":["GET"]}}],"collection":[{"href":"https:\/\/www.mzone.cz\/en\/wp-json\/wp\/v2\/posts"}],"about":[{"href":"https:\/\/www.mzone.cz\/en\/wp-json\/wp\/v2\/types\/post"}],"author":[{"embeddable":true,"href":"https:\/\/www.mzone.cz\/en\/wp-json\/wp\/v2\/users\/4"}],"replies":[{"embeddable":true,"href":"https:\/\/www.mzone.cz\/en\/wp-json\/wp\/v2\/comments?post=30427"}],"version-history":[{"count":13,"href":"https:\/\/www.mzone.cz\/en\/wp-json\/wp\/v2\/posts\/30427\/revisions"}],"predecessor-version":[{"id":30449,"href":"https:\/\/www.mzone.cz\/en\/wp-json\/wp\/v2\/posts\/30427\/revisions\/30449"}],"wp:featuredmedia":[{"embeddable":true,"href":"https:\/\/www.mzone.cz\/en\/wp-json\/wp\/v2\/media\/30428"}],"wp:attachment":[{"href":"https:\/\/www.mzone.cz\/en\/wp-json\/wp\/v2\/media?parent=30427"}],"wp:term":[{"taxonomy":"category","embeddable":true,"href":"https:\/\/www.mzone.cz\/en\/wp-json\/wp\/v2\/categories?post=30427"},{"taxonomy":"post_tag","embeddable":true,"href":"https:\/\/www.mzone.cz\/en\/wp-json\/wp\/v2\/tags?post=30427"}],"curies":[{"name":"wp","href":"https:\/\/api.w.org\/{rel}","templated":true}]}}