{"id":30803,"date":"2021-04-15T05:00:00","date_gmt":"2021-04-15T03:00:00","guid":{"rendered":"https:\/\/www.mzone.cz\/?p=30803"},"modified":"2021-03-26T11:20:16","modified_gmt":"2021-03-26T10:20:16","slug":"harley-davidson-praha-challenge-zahajeni-motosezony-nejen-pro-harlejare","status":"publish","type":"post","link":"https:\/\/www.mzone.cz\/en\/harley-davidson-praha-challenge-zahajeni-motosezony-nejen-pro-harlejare\/","title":{"rendered":"Harley-Davidson Praha Challenge: Zah\u00e1jen\u00ed motosez\u00f3ny nejen pro harlej\u00e1\u0159e"},"content":{"rendered":"<p><strong>T\u0159et\u00ed ro\u010dn\u00edk Harley-Davidson Praha Challenge se uskute\u010dn\u00ed i letos! Tentokr\u00e1t je jeho term\u00edn stanoven na sobotu 24. dubna a v\u00fdt\u011b\u017eek z\u00a0n\u011bj podpo\u0159\u00ed neziskovou organizaci Nedoklubko.<\/strong><\/p><br>\n\n\n\n<p>\u010ctvrt\u00e1 dubnov\u00e1 sobota, 24. dubna 2021, bude pat\u0159it ji\u017e 3. ro\u010dn\u00edku Harley-Davidson Praha Challenge. C\u00edlem z\u00e1vodu je projet 10 p\u0159edem stanoven\u00fdch bod\u016f p\u0159i najet\u00ed co nejni\u017e\u0161\u00edho po\u010dtu kilometr\u016f, tedy co nejkrat\u0161\u00ed trasy. V\u0161e samoz\u0159ejm\u011b za dodr\u017een\u00ed v\u0161ech dopravn\u00edch p\u0159edpis\u016f a jen po silnic\u00edch I., II. a III. t\u0159\u00eddy, bez jak\u00e9hokoli zkracov\u00e1n\u00ed trasy p\u0159es poln\u00ed cesty nebo louky.<\/p>\n\n\n\n<blockquote class=\"wp-block-quote is-layout-flow wp-block-quote-is-layout-flow\"><p>\u201eR\u00e1di bychom pozvali v\u0161echny jezdce na dal\u0161\u00ed ro\u010dn\u00edk Harley-Davidson Praha Challenge. A\u0165 u\u017e jezd\u00edte na jak\u00e9mkoli motocyklu jak\u00e9koli zna\u010dky pro v\u00e1s v\u0161echny je akce ur\u010dena. Nejen, \u017ee se na n\u00ed skv\u011ble pobav\u00edte, prov\u011b\u0159\u00edte si sv\u016fj orienta\u010dn\u00ed smysl a u\u017eijete si sobotu v\u00a0sedle motocyklu, ale tak\u00e9 napom\u016f\u017eete dobr\u00e9 v\u011bci a je\u0161t\u011b budete m\u00edt \u0161anci z\u00edskat nemal\u00fd finan\u010dn\u00ed obnos. V\u0161e samoz\u0159ejm\u011b s\u00a0respektov\u00e1n\u00edm aktu\u00e1ln\u00edch vl\u00e1dn\u00edch opat\u0159en\u00ed, a to a\u0165 u\u017e kontaktn\u00ed nebo bezkontaktn\u00ed metodou a checkingem p\u0159i registraci i pr\u016fjezdu jednotliv\u00fdmi body trasy,\u201c \u0159\u00edk\u00e1 organiz\u00e1tor akce Jaroslav Vav\u0159ina.<\/p><\/blockquote>\n\n\n\n<p>Vzhledem k\u00a0o\u010dek\u00e1van\u00e9mu velk\u00e9mu z\u00e1jmu je vhodn\u00e9 si m\u00edsto rezervovat ji\u017e nyn\u00ed. Startovn\u00e9 pro jednotlivce \u010din\u00ed 1\u00a0000 K\u010d a pro firmu 10\u00a0000 K\u010d, kdy n\u00e1sledn\u011b polovinu vybran\u00e9 \u010d\u00e1stky obdr\u017e\u00ed v\u00edt\u011bz a druh\u00e1 polovina pak poputuje na podporu <a href=\"https:\/\/www.nedoklubko.cz\/\" target=\"_blank\" rel=\"noreferrer noopener\">neziskov\u00e9 organizace Nedoklubko<\/a>, pom\u00e1haj\u00edc\u00ed rodin\u00e1m s p\u0159ed\u010dasn\u011b narozen\u00fdm d\u011btmi.<\/p><br>\n\n\n\n<figure class=\"wp-block-image size-large\"><img loading=\"lazy\" decoding=\"async\" width=\"1024\" height=\"683\" src=\"https:\/\/www.mzone.cz\/wp-content\/uploads\/2021\/03\/Testovaci-jizda_zena-1024x683.jpg\" alt=\"Harley-Davidson Praha Challenge je ur\u010den v\u0161em motork\u00e1\u0159\u016fm nehled\u011b na zna\u010dku stroje\" class=\"wp-image-30809\" srcset=\"https:\/\/www.mzone.cz\/wp-content\/uploads\/2021\/03\/Testovaci-jizda_zena-1024x683.jpg 1024w, https:\/\/www.mzone.cz\/wp-content\/uploads\/2021\/03\/Testovaci-jizda_zena-300x200.jpg 300w, https:\/\/www.mzone.cz\/wp-content\/uploads\/2021\/03\/Testovaci-jizda_zena-768x512.jpg 768w, https:\/\/www.mzone.cz\/wp-content\/uploads\/2021\/03\/Testovaci-jizda_zena-16x12.jpg 16w, https:\/\/www.mzone.cz\/wp-content\/uploads\/2021\/03\/Testovaci-jizda_zena-800x533.jpg 800w, https:\/\/www.mzone.cz\/wp-content\/uploads\/2021\/03\/Testovaci-jizda_zena-400x267.jpg 400w, https:\/\/www.mzone.cz\/wp-content\/uploads\/2021\/03\/Testovaci-jizda_zena-500x333.jpg 500w, https:\/\/www.mzone.cz\/wp-content\/uploads\/2021\/03\/Testovaci-jizda_zena-1170x780.jpg 1170w, https:\/\/www.mzone.cz\/wp-content\/uploads\/2021\/03\/Testovaci-jizda_zena-590x393.jpg 590w, https:\/\/www.mzone.cz\/wp-content\/uploads\/2021\/03\/Testovaci-jizda_zena.jpg 1200w\" sizes=\"auto, (max-width: 1024px) 100vw, 1024px\" \/><\/figure><br>\n\n\n\n<p>Trasa bude m\u011b\u0159it zhruba 200 km a s&nbsp;ohledem na aktu\u00e1ln\u00ed opat\u0159en\u00ed bude zahrnovat pr\u016fjezdn\u00e9 body bu\u010f jen po Praze, nebo v&nbsp;p\u0159\u00edpad\u011b uvoln\u011bn\u00ed i po st\u0159edn\u00edch \u010cech\u00e1ch. Registrovan\u00e9mu z\u00e1jemci sta\u010d\u00ed dorazit 24. dubna r\u00e1no na dealerstv\u00ed Harley-Davidson Praha (K M\u011bchurce 12, Praha 5), kde jezdec obdr\u017e\u00ed trackovac\u00ed za\u0159\u00edzen\u00ed a seznam pr\u016fjezdn\u00fdch bod\u016f a m\u016f\u017ee vyjet.<\/p><br>\n\n\n\n<p>Start i c\u00edl z\u00e1vodu je v\u00a0dealerstv\u00ed Harley-Davidson Praha a cel\u00fd z\u00e1vod se pojede v\u00a0b\u011b\u017en\u00e9m provozu. \u00da\u010dastn\u00edci proto mus\u00ed respektovat pravidla silni\u010dn\u00edho provozu, jet ohledupln\u011b a nezkracovat si trasu nap\u0159\u00edklad lesn\u00edmi cestami. O v\u00fdsledku a nejlep\u0161\u00edm jezdci rozhodne nejkrat\u0161\u00ed ujet\u00e1 vzd\u00e1lenost, nikoli rychlost!<\/p><br>\n\n\n\n<p>Neziskovou organizaci Nedoklubko mohou dokonce jezdci podpo\u0159it i takzvan\u011b \u201ena d\u00e1lku\u201c. Organiz\u00e1tor akce p\u0159id\u00e1v\u00e1 pro v\u0161echny je\u0161t\u011b speci\u00e1ln\u00ed 3. kategorii. Z\u00e1jemci tak po registraci a zaplacen\u00ed registra\u010dn\u00edho poplatku 500 K\u010d, kter\u00fd v\u00a0pln\u00e9 v\u00fd\u0161i poputuje pr\u00e1v\u011b Nedoklubku, vyraz\u00ed na svou libovoln\u011b zvolenou trasu. Tu je mo\u017en\u00e9 jet kdekoli po cel\u00e9 \u010cR, bez nutnosti cestovat do Prahy a zapojovat se do hlavn\u00edho z\u00e1vodu Harley-Davidson Praha Challenge 3. Zvolen\u00e1 trasa by se v\u0161ak co nejv\u00edce m\u011bla podobat tvaru srdce. N\u00e1sledn\u011b posta\u010d\u00ed, kdy\u017e \u00fa\u010dastn\u00edk po\u0161le sv\u016fj GPS obr\u00e1zek trasy jako d\u016fkaz na <a href=\"mailto:challenge@harley-davidson-praha.cz\">e-mail organiz\u00e1tora<\/a>.<\/p><br>\n\n\n\n<div class=\"wp-block-media-text alignwide is-stacked-on-mobile is-vertically-aligned-top\" style=\"grid-template-columns:23% auto\"><figure class=\"wp-block-media-text__media\"><a href=\"https:\/\/www.mzone.cz\/v-klipu-mariana-cekovskeho-buraceji-harleje\/\"><img loading=\"lazy\" decoding=\"async\" width=\"797\" height=\"531\" src=\"https:\/\/www.mzone.cz\/wp-content\/uploads\/2020\/05\/Klip_Mari\u00e1n-\u010cekovsk\u00fd.jpg\" alt=\"\" class=\"wp-image-21428 size-full\" srcset=\"https:\/\/www.mzone.cz\/wp-content\/uploads\/2020\/05\/Klip_Mari\u00e1n-\u010cekovsk\u00fd.jpg 797w, https:\/\/www.mzone.cz\/wp-content\/uploads\/2020\/05\/Klip_Mari\u00e1n-\u010cekovsk\u00fd-300x200.jpg 300w, https:\/\/www.mzone.cz\/wp-content\/uploads\/2020\/05\/Klip_Mari\u00e1n-\u010cekovsk\u00fd-768x512.jpg 768w, https:\/\/www.mzone.cz\/wp-content\/uploads\/2020\/05\/Klip_Mari\u00e1n-\u010cekovsk\u00fd-400x267.jpg 400w, https:\/\/www.mzone.cz\/wp-content\/uploads\/2020\/05\/Klip_Mari\u00e1n-\u010cekovsk\u00fd-500x333.jpg 500w, https:\/\/www.mzone.cz\/wp-content\/uploads\/2020\/05\/Klip_Mari\u00e1n-\u010cekovsk\u00fd-590x393.jpg 590w\" sizes=\"auto, (max-width: 797px) 100vw, 797px\" \/><\/a><\/figure><div class=\"wp-block-media-text__content\">\n<h4><a href=\"https:\/\/www.mzone.cz\/v-klipu-mariana-cekovskeho-buraceji-harleje\/\">Drs\u0148\u00e1k ze SuperStar? V nov\u00e9m klipu Mari\u00e1na \u010cekovsk\u00e9ho bur\u00e1cej\u00ed harleje<\/a><\/h4><br>\n<\/div><\/div>","protected":false},"excerpt":{"rendered":"<p>T\u0159et\u00ed ro\u010dn\u00edk Harley-Davidson Praha Challenge se uskute\u010dn\u00ed i letos! Tentokr\u00e1t je jeho term\u00edn stanoven na sobotu 24. dubna a v\u00fdt\u011b\u017eek z\u00a0n\u011bj podpo\u0159\u00ed neziskovou organizaci Nedoklubko. \u010ctvrt\u00e1 dubnov\u00e1 sobota, 24. dubna 2021, bude pat\u0159it ji\u017e 3. ro\u010dn\u00edku Harley-Davidson Praha Challenge. C\u00edlem z\u00e1vodu je projet 10 p\u0159edem stanoven\u00fdch bod\u016f p\u0159i najet\u00ed co nejni\u017e\u0161\u00edho po\u010dtu kilometr\u016f, tedy co [&hellip;]<\/p>\n","protected":false},"author":4,"featured_media":30805,"comment_status":"open","ping_status":"closed","sticky":false,"template":"","format":"standard","meta":{"kk_blocks_editor_width":"","_kiokenblocks_attr":"","_kiokenblocks_dimensions":"","footnotes":""},"categories":[69],"tags":[147,462,4897,601,3841,604,464,3658,463,363,3659],"class_list":["post-30803","post","type-post","status-publish","format-standard","has-post-thumbnail","hentry","category-auto-moto","tag-akce","tag-auto-moto","tag-harlejari","tag-harley-davidson","tag-harley-davidson-praha-challenge","tag-moto","tag-motocykly","tag-motorkari","tag-motorky","tag-praha","tag-zahajeni-sezony"],"yoast_head":"<!-- This site is optimized with the Yoast SEO plugin v27.5 - https:\/\/yoast.com\/product\/yoast-seo-wordpress\/ -->\n<title>Harley-Davidson Praha Challenge: Zah\u00e1jen\u00ed motosez\u00f3ny nejen pro harlej\u00e1\u0159e - Mzone<\/title>\n<meta name=\"description\" content=\"T\u0159et\u00ed ro\u010dn\u00edk Harley-Davidson Praha Challenge se uskute\u010dn\u00ed i letos! Tentokr\u00e1t je jeho term\u00edn stanoven na sobotu 24. dubna a v\u00fdt\u011b\u017eek z\u00a0n\u011bj podpo\u0159\u00ed neziskovou organizaci Nedoklubko.\" \/>\n<meta name=\"robots\" content=\"index, follow, max-snippet:-1, max-image-preview:large, max-video-preview:-1\" \/>\n<link rel=\"canonical\" href=\"https:\/\/www.mzone.cz\/en\/harley-davidson-praha-challenge-zahajeni-motosezony-nejen-pro-harlejare\/\" \/>\n<meta property=\"og:locale\" content=\"en_US\" \/>\n<meta property=\"og:type\" content=\"article\" \/>\n<meta property=\"og:title\" content=\"Harley-Davidson Praha Challenge: Zah\u00e1jen\u00ed motosez\u00f3ny nejen pro harlej\u00e1\u0159e - Mzone\" \/>\n<meta property=\"og:description\" content=\"T\u0159et\u00ed ro\u010dn\u00edk Harley-Davidson Praha Challenge se uskute\u010dn\u00ed i letos! Tentokr\u00e1t je jeho term\u00edn stanoven na sobotu 24. dubna a v\u00fdt\u011b\u017eek z\u00a0n\u011bj podpo\u0159\u00ed neziskovou organizaci Nedoklubko.\" \/>\n<meta property=\"og:url\" content=\"https:\/\/www.mzone.cz\/en\/harley-davidson-praha-challenge-zahajeni-motosezony-nejen-pro-harlejare\/\" \/>\n<meta property=\"og:site_name\" content=\"Mzone\" \/>\n<meta property=\"article:publisher\" content=\"https:\/\/www.facebook.com\/MzoneCZ\/\" \/>\n<meta property=\"article:published_time\" content=\"2021-04-15T03:00:00+00:00\" \/>\n<meta property=\"og:image\" content=\"https:\/\/www.mzone.cz\/wp-content\/uploads\/2021\/04\/Harley-Davidson-Praha-Challenge.jpeg\" \/>\n\t<meta property=\"og:image:width\" content=\"1002\" \/>\n\t<meta property=\"og:image:height\" content=\"668\" \/>\n\t<meta property=\"og:image:type\" content=\"image\/jpeg\" \/>\n<meta name=\"author\" content=\"Mzone\" \/>\n<meta name=\"twitter:card\" content=\"summary_large_image\" \/>\n<meta name=\"twitter:label1\" content=\"Written by\" \/>\n\t<meta name=\"twitter:data1\" content=\"Mzone\" \/>\n\t<meta name=\"twitter:label2\" content=\"Est. reading time\" \/>\n\t<meta name=\"twitter:data2\" content=\"3 minutes\" \/>\n<script type=\"application\/ld+json\" class=\"yoast-schema-graph\">{\"@context\":\"https:\\\/\\\/schema.org\",\"@graph\":[{\"@type\":\"Article\",\"@id\":\"https:\\\/\\\/www.mzone.cz\\\/en\\\/harley-davidson-praha-challenge-zahajeni-motosezony-nejen-pro-harlejare\\\/#article\",\"isPartOf\":{\"@id\":\"https:\\\/\\\/www.mzone.cz\\\/en\\\/harley-davidson-praha-challenge-zahajeni-motosezony-nejen-pro-harlejare\\\/\"},\"author\":{\"name\":\"Mzone\",\"@id\":\"https:\\\/\\\/www.mzone.cz\\\/#\\\/schema\\\/person\\\/9bc20cc422a99cac4af6ff9297da32d4\"},\"headline\":\"Harley-Davidson Praha Challenge: Zah\u00e1jen\u00ed motosez\u00f3ny nejen pro harlej\u00e1\u0159e\",\"datePublished\":\"2021-04-15T03:00:00+00:00\",\"mainEntityOfPage\":{\"@id\":\"https:\\\/\\\/www.mzone.cz\\\/en\\\/harley-davidson-praha-challenge-zahajeni-motosezony-nejen-pro-harlejare\\\/\"},\"wordCount\":560,\"commentCount\":0,\"image\":{\"@id\":\"https:\\\/\\\/www.mzone.cz\\\/en\\\/harley-davidson-praha-challenge-zahajeni-motosezony-nejen-pro-harlejare\\\/#primaryimage\"},\"thumbnailUrl\":\"https:\\\/\\\/www.mzone.cz\\\/wp-content\\\/uploads\\\/2021\\\/04\\\/Harley-Davidson-Praha-Challenge.jpeg\",\"keywords\":[\"akce\",\"auto-moto\",\"harlej\u00e1\u0159i\",\"Harley-Davidson\",\"Harley-Davidson Praha Challenge\",\"moto\",\"motocykly\",\"motork\u00e1\u0159i\",\"motorky\",\"Praha\",\"zah\u00e1jen\u00ed sez\u00f3ny\"],\"articleSection\":[\"Auto-moto\"],\"inLanguage\":\"en-US\",\"potentialAction\":[{\"@type\":\"CommentAction\",\"name\":\"Comment\",\"target\":[\"https:\\\/\\\/www.mzone.cz\\\/en\\\/harley-davidson-praha-challenge-zahajeni-motosezony-nejen-pro-harlejare\\\/#respond\"]}]},{\"@type\":\"WebPage\",\"@id\":\"https:\\\/\\\/www.mzone.cz\\\/en\\\/harley-davidson-praha-challenge-zahajeni-motosezony-nejen-pro-harlejare\\\/\",\"url\":\"https:\\\/\\\/www.mzone.cz\\\/en\\\/harley-davidson-praha-challenge-zahajeni-motosezony-nejen-pro-harlejare\\\/\",\"name\":\"Harley-Davidson Praha Challenge: Zah\u00e1jen\u00ed motosez\u00f3ny nejen pro harlej\u00e1\u0159e - Mzone\",\"isPartOf\":{\"@id\":\"https:\\\/\\\/www.mzone.cz\\\/#website\"},\"primaryImageOfPage\":{\"@id\":\"https:\\\/\\\/www.mzone.cz\\\/en\\\/harley-davidson-praha-challenge-zahajeni-motosezony-nejen-pro-harlejare\\\/#primaryimage\"},\"image\":{\"@id\":\"https:\\\/\\\/www.mzone.cz\\\/en\\\/harley-davidson-praha-challenge-zahajeni-motosezony-nejen-pro-harlejare\\\/#primaryimage\"},\"thumbnailUrl\":\"https:\\\/\\\/www.mzone.cz\\\/wp-content\\\/uploads\\\/2021\\\/04\\\/Harley-Davidson-Praha-Challenge.jpeg\",\"datePublished\":\"2021-04-15T03:00:00+00:00\",\"author\":{\"@id\":\"https:\\\/\\\/www.mzone.cz\\\/#\\\/schema\\\/person\\\/9bc20cc422a99cac4af6ff9297da32d4\"},\"description\":\"T\u0159et\u00ed ro\u010dn\u00edk Harley-Davidson Praha Challenge se uskute\u010dn\u00ed i letos! Tentokr\u00e1t je jeho term\u00edn stanoven na sobotu 24. dubna a v\u00fdt\u011b\u017eek z\u00a0n\u011bj podpo\u0159\u00ed neziskovou organizaci Nedoklubko.\",\"breadcrumb\":{\"@id\":\"https:\\\/\\\/www.mzone.cz\\\/en\\\/harley-davidson-praha-challenge-zahajeni-motosezony-nejen-pro-harlejare\\\/#breadcrumb\"},\"inLanguage\":\"en-US\",\"potentialAction\":[{\"@type\":\"ReadAction\",\"target\":[\"https:\\\/\\\/www.mzone.cz\\\/en\\\/harley-davidson-praha-challenge-zahajeni-motosezony-nejen-pro-harlejare\\\/\"]}]},{\"@type\":\"ImageObject\",\"inLanguage\":\"en-US\",\"@id\":\"https:\\\/\\\/www.mzone.cz\\\/en\\\/harley-davidson-praha-challenge-zahajeni-motosezony-nejen-pro-harlejare\\\/#primaryimage\",\"url\":\"https:\\\/\\\/www.mzone.cz\\\/wp-content\\\/uploads\\\/2021\\\/04\\\/Harley-Davidson-Praha-Challenge.jpeg\",\"contentUrl\":\"https:\\\/\\\/www.mzone.cz\\\/wp-content\\\/uploads\\\/2021\\\/04\\\/Harley-Davidson-Praha-Challenge.jpeg\",\"width\":1002,\"height\":668,\"caption\":\"Harley-Davidson Praha Challenge\"},{\"@type\":\"BreadcrumbList\",\"@id\":\"https:\\\/\\\/www.mzone.cz\\\/en\\\/harley-davidson-praha-challenge-zahajeni-motosezony-nejen-pro-harlejare\\\/#breadcrumb\",\"itemListElement\":[{\"@type\":\"ListItem\",\"position\":1,\"name\":\"Dom\u016f\",\"item\":\"https:\\\/\\\/www.mzone.cz\\\/\"},{\"@type\":\"ListItem\",\"position\":2,\"name\":\"Harley-Davidson Praha Challenge: Zah\u00e1jen\u00ed motosez\u00f3ny nejen pro harlej\u00e1\u0159e\"}]},{\"@type\":\"WebSite\",\"@id\":\"https:\\\/\\\/www.mzone.cz\\\/#website\",\"url\":\"https:\\\/\\\/www.mzone.cz\\\/\",\"name\":\"Mzone\",\"description\":\"Magaz\u00edn nejen pro mu\u017ee\",\"potentialAction\":[{\"@type\":\"SearchAction\",\"target\":{\"@type\":\"EntryPoint\",\"urlTemplate\":\"https:\\\/\\\/www.mzone.cz\\\/?s={search_term_string}\"},\"query-input\":{\"@type\":\"PropertyValueSpecification\",\"valueRequired\":true,\"valueName\":\"search_term_string\"}}],\"inLanguage\":\"en-US\"},{\"@type\":\"Person\",\"@id\":\"https:\\\/\\\/www.mzone.cz\\\/#\\\/schema\\\/person\\\/9bc20cc422a99cac4af6ff9297da32d4\",\"name\":\"Mzone\",\"image\":{\"@type\":\"ImageObject\",\"inLanguage\":\"en-US\",\"@id\":\"https:\\\/\\\/secure.gravatar.com\\\/avatar\\\/e780a8630f3182a3d06dd667ab6bea151a0d155b0951bc15fe22633acdac0676?s=96&d=mm&r=g\",\"url\":\"https:\\\/\\\/secure.gravatar.com\\\/avatar\\\/e780a8630f3182a3d06dd667ab6bea151a0d155b0951bc15fe22633acdac0676?s=96&d=mm&r=g\",\"contentUrl\":\"https:\\\/\\\/secure.gravatar.com\\\/avatar\\\/e780a8630f3182a3d06dd667ab6bea151a0d155b0951bc15fe22633acdac0676?s=96&d=mm&r=g\",\"caption\":\"Mzone\"},\"url\":\"https:\\\/\\\/www.mzone.cz\\\/en\\\/author\\\/jakub\\\/\"}]}<\/script>\n<!-- \/ Yoast SEO plugin. -->","yoast_head_json":{"title":"Harley-Davidson Praha Challenge: Zah\u00e1jen\u00ed motosez\u00f3ny nejen pro harlej\u00e1\u0159e - Mzone","description":"T\u0159et\u00ed ro\u010dn\u00edk Harley-Davidson Praha Challenge se uskute\u010dn\u00ed i letos! Tentokr\u00e1t je jeho term\u00edn stanoven na sobotu 24. dubna a v\u00fdt\u011b\u017eek z\u00a0n\u011bj podpo\u0159\u00ed neziskovou organizaci Nedoklubko.","robots":{"index":"index","follow":"follow","max-snippet":"max-snippet:-1","max-image-preview":"max-image-preview:large","max-video-preview":"max-video-preview:-1"},"canonical":"https:\/\/www.mzone.cz\/en\/harley-davidson-praha-challenge-zahajeni-motosezony-nejen-pro-harlejare\/","og_locale":"en_US","og_type":"article","og_title":"Harley-Davidson Praha Challenge: Zah\u00e1jen\u00ed motosez\u00f3ny nejen pro harlej\u00e1\u0159e - Mzone","og_description":"T\u0159et\u00ed ro\u010dn\u00edk Harley-Davidson Praha Challenge se uskute\u010dn\u00ed i letos! Tentokr\u00e1t je jeho term\u00edn stanoven na sobotu 24. dubna a v\u00fdt\u011b\u017eek z\u00a0n\u011bj podpo\u0159\u00ed neziskovou organizaci Nedoklubko.","og_url":"https:\/\/www.mzone.cz\/en\/harley-davidson-praha-challenge-zahajeni-motosezony-nejen-pro-harlejare\/","og_site_name":"Mzone","article_publisher":"https:\/\/www.facebook.com\/MzoneCZ\/","article_published_time":"2021-04-15T03:00:00+00:00","og_image":[{"width":1002,"height":668,"url":"https:\/\/www.mzone.cz\/wp-content\/uploads\/2021\/04\/Harley-Davidson-Praha-Challenge.jpeg","type":"image\/jpeg"}],"author":"Mzone","twitter_card":"summary_large_image","twitter_misc":{"Written by":"Mzone","Est. reading time":"3 minutes"},"schema":{"@context":"https:\/\/schema.org","@graph":[{"@type":"Article","@id":"https:\/\/www.mzone.cz\/en\/harley-davidson-praha-challenge-zahajeni-motosezony-nejen-pro-harlejare\/#article","isPartOf":{"@id":"https:\/\/www.mzone.cz\/en\/harley-davidson-praha-challenge-zahajeni-motosezony-nejen-pro-harlejare\/"},"author":{"name":"Mzone","@id":"https:\/\/www.mzone.cz\/#\/schema\/person\/9bc20cc422a99cac4af6ff9297da32d4"},"headline":"Harley-Davidson Praha Challenge: Zah\u00e1jen\u00ed motosez\u00f3ny nejen pro harlej\u00e1\u0159e","datePublished":"2021-04-15T03:00:00+00:00","mainEntityOfPage":{"@id":"https:\/\/www.mzone.cz\/en\/harley-davidson-praha-challenge-zahajeni-motosezony-nejen-pro-harlejare\/"},"wordCount":560,"commentCount":0,"image":{"@id":"https:\/\/www.mzone.cz\/en\/harley-davidson-praha-challenge-zahajeni-motosezony-nejen-pro-harlejare\/#primaryimage"},"thumbnailUrl":"https:\/\/www.mzone.cz\/wp-content\/uploads\/2021\/04\/Harley-Davidson-Praha-Challenge.jpeg","keywords":["akce","auto-moto","harlej\u00e1\u0159i","Harley-Davidson","Harley-Davidson Praha Challenge","moto","motocykly","motork\u00e1\u0159i","motorky","Praha","zah\u00e1jen\u00ed sez\u00f3ny"],"articleSection":["Auto-moto"],"inLanguage":"en-US","potentialAction":[{"@type":"CommentAction","name":"Comment","target":["https:\/\/www.mzone.cz\/en\/harley-davidson-praha-challenge-zahajeni-motosezony-nejen-pro-harlejare\/#respond"]}]},{"@type":"WebPage","@id":"https:\/\/www.mzone.cz\/en\/harley-davidson-praha-challenge-zahajeni-motosezony-nejen-pro-harlejare\/","url":"https:\/\/www.mzone.cz\/en\/harley-davidson-praha-challenge-zahajeni-motosezony-nejen-pro-harlejare\/","name":"Harley-Davidson Praha Challenge: Zah\u00e1jen\u00ed motosez\u00f3ny nejen pro harlej\u00e1\u0159e - Mzone","isPartOf":{"@id":"https:\/\/www.mzone.cz\/#website"},"primaryImageOfPage":{"@id":"https:\/\/www.mzone.cz\/en\/harley-davidson-praha-challenge-zahajeni-motosezony-nejen-pro-harlejare\/#primaryimage"},"image":{"@id":"https:\/\/www.mzone.cz\/en\/harley-davidson-praha-challenge-zahajeni-motosezony-nejen-pro-harlejare\/#primaryimage"},"thumbnailUrl":"https:\/\/www.mzone.cz\/wp-content\/uploads\/2021\/04\/Harley-Davidson-Praha-Challenge.jpeg","datePublished":"2021-04-15T03:00:00+00:00","author":{"@id":"https:\/\/www.mzone.cz\/#\/schema\/person\/9bc20cc422a99cac4af6ff9297da32d4"},"description":"T\u0159et\u00ed ro\u010dn\u00edk Harley-Davidson Praha Challenge se uskute\u010dn\u00ed i letos! Tentokr\u00e1t je jeho term\u00edn stanoven na sobotu 24. dubna a v\u00fdt\u011b\u017eek z\u00a0n\u011bj podpo\u0159\u00ed neziskovou organizaci Nedoklubko.","breadcrumb":{"@id":"https:\/\/www.mzone.cz\/en\/harley-davidson-praha-challenge-zahajeni-motosezony-nejen-pro-harlejare\/#breadcrumb"},"inLanguage":"en-US","potentialAction":[{"@type":"ReadAction","target":["https:\/\/www.mzone.cz\/en\/harley-davidson-praha-challenge-zahajeni-motosezony-nejen-pro-harlejare\/"]}]},{"@type":"ImageObject","inLanguage":"en-US","@id":"https:\/\/www.mzone.cz\/en\/harley-davidson-praha-challenge-zahajeni-motosezony-nejen-pro-harlejare\/#primaryimage","url":"https:\/\/www.mzone.cz\/wp-content\/uploads\/2021\/04\/Harley-Davidson-Praha-Challenge.jpeg","contentUrl":"https:\/\/www.mzone.cz\/wp-content\/uploads\/2021\/04\/Harley-Davidson-Praha-Challenge.jpeg","width":1002,"height":668,"caption":"Harley-Davidson Praha Challenge"},{"@type":"BreadcrumbList","@id":"https:\/\/www.mzone.cz\/en\/harley-davidson-praha-challenge-zahajeni-motosezony-nejen-pro-harlejare\/#breadcrumb","itemListElement":[{"@type":"ListItem","position":1,"name":"Dom\u016f","item":"https:\/\/www.mzone.cz\/"},{"@type":"ListItem","position":2,"name":"Harley-Davidson Praha Challenge: Zah\u00e1jen\u00ed motosez\u00f3ny nejen pro harlej\u00e1\u0159e"}]},{"@type":"WebSite","@id":"https:\/\/www.mzone.cz\/#website","url":"https:\/\/www.mzone.cz\/","name":"Mzone","description":"Magaz\u00edn nejen pro mu\u017ee","potentialAction":[{"@type":"SearchAction","target":{"@type":"EntryPoint","urlTemplate":"https:\/\/www.mzone.cz\/?s={search_term_string}"},"query-input":{"@type":"PropertyValueSpecification","valueRequired":true,"valueName":"search_term_string"}}],"inLanguage":"en-US"},{"@type":"Person","@id":"https:\/\/www.mzone.cz\/#\/schema\/person\/9bc20cc422a99cac4af6ff9297da32d4","name":"Mzone","image":{"@type":"ImageObject","inLanguage":"en-US","@id":"https:\/\/secure.gravatar.com\/avatar\/e780a8630f3182a3d06dd667ab6bea151a0d155b0951bc15fe22633acdac0676?s=96&d=mm&r=g","url":"https:\/\/secure.gravatar.com\/avatar\/e780a8630f3182a3d06dd667ab6bea151a0d155b0951bc15fe22633acdac0676?s=96&d=mm&r=g","contentUrl":"https:\/\/secure.gravatar.com\/avatar\/e780a8630f3182a3d06dd667ab6bea151a0d155b0951bc15fe22633acdac0676?s=96&d=mm&r=g","caption":"Mzone"},"url":"https:\/\/www.mzone.cz\/en\/author\/jakub\/"}]}},"_links":{"self":[{"href":"https:\/\/www.mzone.cz\/en\/wp-json\/wp\/v2\/posts\/30803","targetHints":{"allow":["GET"]}}],"collection":[{"href":"https:\/\/www.mzone.cz\/en\/wp-json\/wp\/v2\/posts"}],"about":[{"href":"https:\/\/www.mzone.cz\/en\/wp-json\/wp\/v2\/types\/post"}],"author":[{"embeddable":true,"href":"https:\/\/www.mzone.cz\/en\/wp-json\/wp\/v2\/users\/4"}],"replies":[{"embeddable":true,"href":"https:\/\/www.mzone.cz\/en\/wp-json\/wp\/v2\/comments?post=30803"}],"version-history":[{"count":8,"href":"https:\/\/www.mzone.cz\/en\/wp-json\/wp\/v2\/posts\/30803\/revisions"}],"predecessor-version":[{"id":30817,"href":"https:\/\/www.mzone.cz\/en\/wp-json\/wp\/v2\/posts\/30803\/revisions\/30817"}],"wp:featuredmedia":[{"embeddable":true,"href":"https:\/\/www.mzone.cz\/en\/wp-json\/wp\/v2\/media\/30805"}],"wp:attachment":[{"href":"https:\/\/www.mzone.cz\/en\/wp-json\/wp\/v2\/media?parent=30803"}],"wp:term":[{"taxonomy":"category","embeddable":true,"href":"https:\/\/www.mzone.cz\/en\/wp-json\/wp\/v2\/categories?post=30803"},{"taxonomy":"post_tag","embeddable":true,"href":"https:\/\/www.mzone.cz\/en\/wp-json\/wp\/v2\/tags?post=30803"}],"curies":[{"name":"wp","href":"https:\/\/api.w.org\/{rel}","templated":true}]}}