{"id":30867,"date":"2021-04-08T05:00:00","date_gmt":"2021-04-08T03:00:00","guid":{"rendered":"https:\/\/www.mzone.cz\/?p=30867"},"modified":"2021-03-30T14:19:51","modified_gmt":"2021-03-30T12:19:51","slug":"fear-the-walking-dead-zajimavosti-ze-zakulisi-zombie-serialu","status":"publish","type":"post","link":"https:\/\/www.mzone.cz\/en\/fear-the-walking-dead-zajimavosti-ze-zakulisi-zombie-serialu\/","title":{"rendered":"Fear the Walking Dead: 5 zaj\u00edmavost\u00ed ze z\u00e1kulis\u00ed zombie seri\u00e1lu"},"content":{"rendered":"<p><strong>U\u017e v pond\u011bl\u00ed 12. dubna startuje druh\u00e1 \u010d\u00e1st \u0161est\u00e9 \u0159ady hororov\u00e9ho seri\u00e1lu \u017div\u00ed mrtv\u00ed (Fear the Walking Dead). \u010cek\u00e1n\u00ed na kultovn\u00ed seri\u00e1l v\u00e1m zp\u0159\u00edjemn\u00edme p\u00e1r zaj\u00edmavostmi, kter\u00e9 jste o seri\u00e1lu pravd\u011bpodobn\u011b netu\u0161ili.<\/strong><\/p><br>\n\n\n\n<h2 class=\"wp-block-heading\">1. \u0160kola pro zombie<\/h2>\n\n\n\n<p>Cht\u011bli byste si zahr\u00e1t zomb\u00edka ve Fear the Walking Dead? Je to mo\u017en\u00e9! Z\u00e1jemci mus\u00ed absolvovat 3 m\u011bs\u00edce v tzv. \u0161kole pro chodce, kde se u\u010d\u00ed chodit, pohybovat a tv\u00e1\u0159it se jako spr\u00e1vn\u00e1 zombie. Zomb\u00edci nav\u00edc musej\u00ed p\u0159i nat\u00e1\u010den\u00ed ml\u010det. Ve\u0161ker\u00e9 zvuky jsou dod\u00e1v\u00e1ny a\u017e v postprodukci.<\/p><br>\n\n\n\n<h2 class=\"wp-block-heading\">2. Pozor na fanou\u0161ky<\/h2>\n\n\n\n<p>Herec Norman Reedus (Daryl) se \u00fa\u010dastnil <a href=\"https:\/\/walkerstalkercon.com\/\" target=\"_blank\" rel=\"noreferrer noopener\">Walker Stalker Conu<\/a> v New Jersey, fanou\u0161ci se tam mohli pozdravit a vyfotit se sv\u00fdmi obl\u00edben\u00fdmi hrdiny. Jedna euforick\u00e1 fanynka v\u0161ak podlehla s\u00edle okam\u017eiku a p\u0159i focen\u00ed herce kousla do hrudi! Obdobn\u011b dopadl i Tyler James Williams (Noe), kter\u00e9ho p\u0159i objet\u00ed pokousal fanou\u0161ek do ramene. Z toho vypl\u00fdv\u00e1 ponau\u010den\u00ed: nezkou\u0161ejte napodobit v\u0161e, co vid\u00edte v televizi!<\/p><br>\n\n\n\n<figure class=\"wp-block-image size-large\"><img loading=\"lazy\" decoding=\"async\" width=\"1024\" height=\"683\" src=\"https:\/\/www.mzone.cz\/wp-content\/uploads\/2021\/01\/ftwd_607_rg_0225_0130_rt_50884020331_o-1024x683.jpg\" alt=\"Fear the Walking Dead\" class=\"wp-image-28528\" srcset=\"https:\/\/www.mzone.cz\/wp-content\/uploads\/2021\/01\/ftwd_607_rg_0225_0130_rt_50884020331_o-1024x683.jpg 1024w, https:\/\/www.mzone.cz\/wp-content\/uploads\/2021\/01\/ftwd_607_rg_0225_0130_rt_50884020331_o-300x200.jpg 300w, https:\/\/www.mzone.cz\/wp-content\/uploads\/2021\/01\/ftwd_607_rg_0225_0130_rt_50884020331_o-768x512.jpg 768w, https:\/\/www.mzone.cz\/wp-content\/uploads\/2021\/01\/ftwd_607_rg_0225_0130_rt_50884020331_o-1536x1024.jpg 1536w, https:\/\/www.mzone.cz\/wp-content\/uploads\/2021\/01\/ftwd_607_rg_0225_0130_rt_50884020331_o-2048x1365.jpg 2048w, https:\/\/www.mzone.cz\/wp-content\/uploads\/2021\/01\/ftwd_607_rg_0225_0130_rt_50884020331_o-16x12.jpg 16w, https:\/\/www.mzone.cz\/wp-content\/uploads\/2021\/01\/ftwd_607_rg_0225_0130_rt_50884020331_o-800x533.jpg 800w, https:\/\/www.mzone.cz\/wp-content\/uploads\/2021\/01\/ftwd_607_rg_0225_0130_rt_50884020331_o-400x267.jpg 400w, https:\/\/www.mzone.cz\/wp-content\/uploads\/2021\/01\/ftwd_607_rg_0225_0130_rt_50884020331_o-500x333.jpg 500w, https:\/\/www.mzone.cz\/wp-content\/uploads\/2021\/01\/ftwd_607_rg_0225_0130_rt_50884020331_o-1170x780.jpg 1170w, https:\/\/www.mzone.cz\/wp-content\/uploads\/2021\/01\/ftwd_607_rg_0225_0130_rt_50884020331_o-590x393.jpg 590w\" sizes=\"auto, (max-width: 1024px) 100vw, 1024px\" \/><\/figure><br>\n\n\n\n<h2 class=\"wp-block-heading\">3. Hlavn\u011b se neh\u00e1dat<\/h2>\n\n\n\n<p>Po uveden\u00ed jednoho z d\u00edl\u016f t\u0159et\u00ed \u0159ady p\u0159ivezl mu\u017e do nemocnice nad Long Islandu svou \u017eenu se st\u0159eln\u00fdm zran\u011bn\u00edm. Do l\u00e9ka\u0159sk\u00e9 zpr\u00e1vy uvedl, \u017ee ji post\u0159elil p\u0159i h\u00e1dce o to, kter\u00e1 z postav zem\u0159e a jak bude seri\u00e1l pokra\u010dovat. Nem\u00e1me ov\u0161em zpr\u00e1vy o tom, jak tento man\u017eelsk\u00fd svazek dopadl.<\/p><br>\n\n\n\n<h2 class=\"wp-block-heading\">4. Selfie na place<\/h2>\n\n\n\n<p>Herci jsou zn\u00e1m\u00ed t\u00edm, \u017ee si r\u00e1di po\u0159izuj\u00ed selfie p\u0159\u00edmo na place. \u0160t\u00e1b seri\u00e1lu proto vydal na\u0159\u00edzen\u00ed, \u017ee kdo bude chycen, jak po\u0159izuje fotky b\u011bhem nat\u00e1\u010den\u00ed, bude okam\u017eit\u011b vyhozen. Norman Reedus od prvn\u00ed a\u017e po \u010dtvrtou s\u00e9rii obdr\u017eel celkem 25 napomenut\u00ed. Kdy\u017e to ud\u011blal po 26., produkce kapitulovala a p\u0159estala ho napom\u00ednat. To ur\u010dit\u011b pot\u011b\u0161\u00ed v\u0161echny milovn\u00edky soci\u00e1ln\u00edch s\u00edt\u00ed.<\/p><br>\n\n\n\n<h2 class=\"wp-block-heading\">5. J\u00eddlo je d\u016fle\u017eit\u00e9<\/h2>\n\n\n\n<p>Ka\u017ed\u00fd herec, kter\u00fd nat\u00e1\u010d\u00ed sc\u00e9nu, kde zem\u0159e, dostane v ten den \u201eposledn\u00ed ve\u010de\u0159i\u201c. Ta spo\u010d\u00edv\u00e1 v tom, \u017ee dostane v\u0161echno, na co m\u00e1 chu\u0165. Dal\u0161\u00ed kuriozitkou jsou st\u00ed\u017enosti \u201echodc\u016f\u201c, \u017ee maso, kter\u00e9 v r\u00e1mci sc\u00e9n poj\u00eddaj\u00ed, jim nechutn\u00e1. Tv\u016frci jim ho tedy za\u010dali nam\u00e1\u010det do BBQ om\u00e1\u010dky. Od t\u00e9 doby \u017e\u00e1dn\u00e9 nov\u00e9 st\u00ed\u017enosti nep\u0159ibyly.<\/p><br>\n\n\n\n<p><strong>Druh\u00e1 \u010d\u00e1st \u0161est\u00e9 \u0159ady pln\u00e9 nap\u011bt\u00ed a zvrat\u016f startuje na televizi AMC 12. dubna, 8 d\u00edl\u016f Fear the Walking Dead se bude vys\u00edlat ka\u017ed\u00e9 pond\u011bl\u00ed od 22:00. Tak p\u011bknou z\u00e1bavu!<\/strong><\/p><br>\n\n\n\n<div class=\"wp-block-media-text alignwide is-stacked-on-mobile is-vertically-aligned-top\" style=\"grid-template-columns:23% auto\"><figure class=\"wp-block-media-text__media\"><a href=\"https:\/\/www.mzone.cz\/zivi-mrtvi-pocatek-konce-se-vrati-v-dubnu\/\"><img loading=\"lazy\" decoding=\"async\" width=\"1024\" height=\"683\" src=\"https:\/\/www.mzone.cz\/wp-content\/uploads\/2021\/01\/Zivi-mrtvi-1024x683.jpg\" alt=\"\u017div\u00ed mrtv\u00ed\" class=\"wp-image-28522 size-full\" srcset=\"https:\/\/www.mzone.cz\/wp-content\/uploads\/2021\/01\/Zivi-mrtvi-1024x683.jpg 1024w, https:\/\/www.mzone.cz\/wp-content\/uploads\/2021\/01\/Zivi-mrtvi-300x200.jpg 300w, https:\/\/www.mzone.cz\/wp-content\/uploads\/2021\/01\/Zivi-mrtvi-768x512.jpg 768w, https:\/\/www.mzone.cz\/wp-content\/uploads\/2021\/01\/Zivi-mrtvi-1536x1024.jpg 1536w, https:\/\/www.mzone.cz\/wp-content\/uploads\/2021\/01\/Zivi-mrtvi-2048x1365.jpg 2048w, https:\/\/www.mzone.cz\/wp-content\/uploads\/2021\/01\/Zivi-mrtvi-16x12.jpg 16w, https:\/\/www.mzone.cz\/wp-content\/uploads\/2021\/01\/Zivi-mrtvi-800x533.jpg 800w, https:\/\/www.mzone.cz\/wp-content\/uploads\/2021\/01\/Zivi-mrtvi-400x267.jpg 400w, https:\/\/www.mzone.cz\/wp-content\/uploads\/2021\/01\/Zivi-mrtvi-500x333.jpg 500w, https:\/\/www.mzone.cz\/wp-content\/uploads\/2021\/01\/Zivi-mrtvi-1170x780.jpg 1170w, https:\/\/www.mzone.cz\/wp-content\/uploads\/2021\/01\/Zivi-mrtvi-590x393.jpg 590w\" sizes=\"auto, (max-width: 1024px) 100vw, 1024px\" \/><\/a><\/figure><div class=\"wp-block-media-text__content\">\n<h4><a href=\"https:\/\/www.mzone.cz\/zivi-mrtvi-pocatek-konce-se-vrati-v-dubnu\/\">Seri\u00e1l \u017div\u00ed mrtv\u00ed: Po\u010d\u00e1tek konce se vr\u00e1t\u00ed v dubnu<\/a><\/h4><br>\n<\/div><\/div>","protected":false},"excerpt":{"rendered":"<p>U\u017e v pond\u011bl\u00ed 12. dubna startuje druh\u00e1 \u010d\u00e1st \u0161est\u00e9 \u0159ady hororov\u00e9ho seri\u00e1lu \u017div\u00ed mrtv\u00ed (Fear the Walking Dead). \u010cek\u00e1n\u00ed na kultovn\u00ed seri\u00e1l v\u00e1m zp\u0159\u00edjemn\u00edme p\u00e1r zaj\u00edmavostmi, kter\u00e9 jste o seri\u00e1lu pravd\u011bpodobn\u011b netu\u0161ili. 1. \u0160kola pro zombie Cht\u011bli byste si zahr\u00e1t zomb\u00edka ve Fear the Walking Dead? Je to mo\u017en\u00e9! Z\u00e1jemci mus\u00ed absolvovat 3 m\u011bs\u00edce v [&hellip;]<\/p>\n","protected":false},"author":4,"featured_media":30869,"comment_status":"open","ping_status":"closed","sticky":false,"template":"","format":"standard","meta":{"kk_blocks_editor_width":"","_kiokenblocks_attr":"","_kiokenblocks_dimensions":"","footnotes":""},"categories":[73,71],"tags":[2231,541,314,31,3192,2007,1122,1146,410,20,1538,3045,124,1862],"class_list":["post-30867","post","type-post","status-publish","format-standard","has-post-thumbnail","hentry","category-filmy","category-kultura","tag-fear-the-walking-dead","tag-film","tag-filmy","tag-kultura","tag-nataceni","tag-premiera","tag-serial","tag-serialy","tag-televize","tag-zabava","tag-zajimavosti","tag-zakulisi","tag-zombici","tag-zombie"],"yoast_head":"<!-- This site is optimized with the Yoast SEO plugin v27.5 - https:\/\/yoast.com\/product\/yoast-seo-wordpress\/ -->\n<title>Fear the Walking Dead: 5 zaj\u00edmavost\u00ed ze z\u00e1kulis\u00ed zombie seri\u00e1lu - Mzone<\/title>\n<meta name=\"description\" content=\"U\u017e v pond\u011bl\u00ed 12. dubna startuje druh\u00e1 \u010d\u00e1st \u0161est\u00e9 \u0159ady hororov\u00e9ho seri\u00e1lu Fear the Walking Dead. \u010cek\u00e1n\u00ed na kultovn\u00ed seri\u00e1l v\u00e1m zp\u0159\u00edjemn\u00edme p\u00e1r zaj\u00edmavostmi, kter\u00e9 jste o seri\u00e1lu pravd\u011bpodobn\u011b netu\u0161ili.\" \/>\n<meta name=\"robots\" content=\"index, follow, max-snippet:-1, max-image-preview:large, max-video-preview:-1\" \/>\n<link rel=\"canonical\" href=\"https:\/\/www.mzone.cz\/en\/fear-the-walking-dead-zajimavosti-ze-zakulisi-zombie-serialu\/\" \/>\n<meta property=\"og:locale\" content=\"en_US\" \/>\n<meta property=\"og:type\" content=\"article\" \/>\n<meta property=\"og:title\" content=\"Fear the Walking Dead: 5 zaj\u00edmavost\u00ed ze z\u00e1kulis\u00ed zombie seri\u00e1lu - Mzone\" \/>\n<meta property=\"og:description\" content=\"U\u017e v pond\u011bl\u00ed 12. dubna startuje druh\u00e1 \u010d\u00e1st \u0161est\u00e9 \u0159ady hororov\u00e9ho seri\u00e1lu Fear the Walking Dead. \u010cek\u00e1n\u00ed na kultovn\u00ed seri\u00e1l v\u00e1m zp\u0159\u00edjemn\u00edme p\u00e1r zaj\u00edmavostmi, kter\u00e9 jste o seri\u00e1lu pravd\u011bpodobn\u011b netu\u0161ili.\" \/>\n<meta property=\"og:url\" content=\"https:\/\/www.mzone.cz\/en\/fear-the-walking-dead-zajimavosti-ze-zakulisi-zombie-serialu\/\" \/>\n<meta property=\"og:site_name\" content=\"Mzone\" \/>\n<meta property=\"article:publisher\" content=\"https:\/\/www.facebook.com\/MzoneCZ\/\" \/>\n<meta property=\"article:published_time\" content=\"2021-04-08T03:00:00+00:00\" \/>\n<meta property=\"og:image\" content=\"https:\/\/www.mzone.cz\/wp-content\/uploads\/2021\/04\/Fear-the-Walking-Dead-scaled.jpeg\" \/>\n\t<meta property=\"og:image:width\" content=\"2560\" \/>\n\t<meta property=\"og:image:height\" content=\"1706\" \/>\n\t<meta property=\"og:image:type\" content=\"image\/jpeg\" \/>\n<meta name=\"author\" content=\"Mzone\" \/>\n<meta name=\"twitter:card\" content=\"summary_large_image\" \/>\n<meta name=\"twitter:label1\" content=\"Written by\" \/>\n\t<meta name=\"twitter:data1\" content=\"Mzone\" \/>\n\t<meta name=\"twitter:label2\" content=\"Est. reading time\" \/>\n\t<meta name=\"twitter:data2\" content=\"2 minutes\" \/>\n<script type=\"application\/ld+json\" class=\"yoast-schema-graph\">{\"@context\":\"https:\\\/\\\/schema.org\",\"@graph\":[{\"@type\":\"Article\",\"@id\":\"https:\\\/\\\/www.mzone.cz\\\/fear-the-walking-dead-zajimavosti-ze-zakulisi-zombie-serialu\\\/#article\",\"isPartOf\":{\"@id\":\"https:\\\/\\\/www.mzone.cz\\\/fear-the-walking-dead-zajimavosti-ze-zakulisi-zombie-serialu\\\/\"},\"author\":{\"name\":\"Mzone\",\"@id\":\"https:\\\/\\\/www.mzone.cz\\\/#\\\/schema\\\/person\\\/9bc20cc422a99cac4af6ff9297da32d4\"},\"headline\":\"Fear the Walking Dead: 5 zaj\u00edmavost\u00ed ze z\u00e1kulis\u00ed zombie seri\u00e1lu\",\"datePublished\":\"2021-04-08T03:00:00+00:00\",\"mainEntityOfPage\":{\"@id\":\"https:\\\/\\\/www.mzone.cz\\\/fear-the-walking-dead-zajimavosti-ze-zakulisi-zombie-serialu\\\/\"},\"wordCount\":483,\"commentCount\":0,\"image\":{\"@id\":\"https:\\\/\\\/www.mzone.cz\\\/fear-the-walking-dead-zajimavosti-ze-zakulisi-zombie-serialu\\\/#primaryimage\"},\"thumbnailUrl\":\"https:\\\/\\\/www.mzone.cz\\\/wp-content\\\/uploads\\\/2021\\\/04\\\/Fear-the-Walking-Dead-scaled.jpeg\",\"keywords\":[\"Fear the Walking Dead\",\"film\",\"Filmy\",\"Kultura\",\"nat\u00e1\u010den\u00ed\",\"premi\u00e9ra\",\"seri\u00e1l\",\"seri\u00e1ly\",\"televize\",\"Z\u00e1bava\",\"zaj\u00edmavosti\",\"z\u00e1kulis\u00ed\",\"zomb\u00edci\",\"zombie\"],\"articleSection\":[\"Filmy\",\"Kultura\"],\"inLanguage\":\"en-US\",\"potentialAction\":[{\"@type\":\"CommentAction\",\"name\":\"Comment\",\"target\":[\"https:\\\/\\\/www.mzone.cz\\\/fear-the-walking-dead-zajimavosti-ze-zakulisi-zombie-serialu\\\/#respond\"]}]},{\"@type\":\"WebPage\",\"@id\":\"https:\\\/\\\/www.mzone.cz\\\/fear-the-walking-dead-zajimavosti-ze-zakulisi-zombie-serialu\\\/\",\"url\":\"https:\\\/\\\/www.mzone.cz\\\/fear-the-walking-dead-zajimavosti-ze-zakulisi-zombie-serialu\\\/\",\"name\":\"Fear the Walking Dead: 5 zaj\u00edmavost\u00ed ze z\u00e1kulis\u00ed zombie seri\u00e1lu - Mzone\",\"isPartOf\":{\"@id\":\"https:\\\/\\\/www.mzone.cz\\\/#website\"},\"primaryImageOfPage\":{\"@id\":\"https:\\\/\\\/www.mzone.cz\\\/fear-the-walking-dead-zajimavosti-ze-zakulisi-zombie-serialu\\\/#primaryimage\"},\"image\":{\"@id\":\"https:\\\/\\\/www.mzone.cz\\\/fear-the-walking-dead-zajimavosti-ze-zakulisi-zombie-serialu\\\/#primaryimage\"},\"thumbnailUrl\":\"https:\\\/\\\/www.mzone.cz\\\/wp-content\\\/uploads\\\/2021\\\/04\\\/Fear-the-Walking-Dead-scaled.jpeg\",\"datePublished\":\"2021-04-08T03:00:00+00:00\",\"author\":{\"@id\":\"https:\\\/\\\/www.mzone.cz\\\/#\\\/schema\\\/person\\\/9bc20cc422a99cac4af6ff9297da32d4\"},\"description\":\"U\u017e v pond\u011bl\u00ed 12. dubna startuje druh\u00e1 \u010d\u00e1st \u0161est\u00e9 \u0159ady hororov\u00e9ho seri\u00e1lu Fear the Walking Dead. \u010cek\u00e1n\u00ed na kultovn\u00ed seri\u00e1l v\u00e1m zp\u0159\u00edjemn\u00edme p\u00e1r zaj\u00edmavostmi, kter\u00e9 jste o seri\u00e1lu pravd\u011bpodobn\u011b netu\u0161ili.\",\"breadcrumb\":{\"@id\":\"https:\\\/\\\/www.mzone.cz\\\/fear-the-walking-dead-zajimavosti-ze-zakulisi-zombie-serialu\\\/#breadcrumb\"},\"inLanguage\":\"en-US\",\"potentialAction\":[{\"@type\":\"ReadAction\",\"target\":[\"https:\\\/\\\/www.mzone.cz\\\/fear-the-walking-dead-zajimavosti-ze-zakulisi-zombie-serialu\\\/\"]}]},{\"@type\":\"ImageObject\",\"inLanguage\":\"en-US\",\"@id\":\"https:\\\/\\\/www.mzone.cz\\\/fear-the-walking-dead-zajimavosti-ze-zakulisi-zombie-serialu\\\/#primaryimage\",\"url\":\"https:\\\/\\\/www.mzone.cz\\\/wp-content\\\/uploads\\\/2021\\\/04\\\/Fear-the-Walking-Dead-scaled.jpeg\",\"contentUrl\":\"https:\\\/\\\/www.mzone.cz\\\/wp-content\\\/uploads\\\/2021\\\/04\\\/Fear-the-Walking-Dead-scaled.jpeg\",\"width\":2560,\"height\":1706,\"caption\":\"Fear the Walking Dead\"},{\"@type\":\"BreadcrumbList\",\"@id\":\"https:\\\/\\\/www.mzone.cz\\\/fear-the-walking-dead-zajimavosti-ze-zakulisi-zombie-serialu\\\/#breadcrumb\",\"itemListElement\":[{\"@type\":\"ListItem\",\"position\":1,\"name\":\"Dom\u016f\",\"item\":\"https:\\\/\\\/www.mzone.cz\\\/\"},{\"@type\":\"ListItem\",\"position\":2,\"name\":\"Fear the Walking Dead: 5 zaj\u00edmavost\u00ed ze z\u00e1kulis\u00ed zombie seri\u00e1lu\"}]},{\"@type\":\"WebSite\",\"@id\":\"https:\\\/\\\/www.mzone.cz\\\/#website\",\"url\":\"https:\\\/\\\/www.mzone.cz\\\/\",\"name\":\"Mzone\",\"description\":\"Magaz\u00edn nejen pro mu\u017ee\",\"potentialAction\":[{\"@type\":\"SearchAction\",\"target\":{\"@type\":\"EntryPoint\",\"urlTemplate\":\"https:\\\/\\\/www.mzone.cz\\\/?s={search_term_string}\"},\"query-input\":{\"@type\":\"PropertyValueSpecification\",\"valueRequired\":true,\"valueName\":\"search_term_string\"}}],\"inLanguage\":\"en-US\"},{\"@type\":\"Person\",\"@id\":\"https:\\\/\\\/www.mzone.cz\\\/#\\\/schema\\\/person\\\/9bc20cc422a99cac4af6ff9297da32d4\",\"name\":\"Mzone\",\"image\":{\"@type\":\"ImageObject\",\"inLanguage\":\"en-US\",\"@id\":\"https:\\\/\\\/secure.gravatar.com\\\/avatar\\\/e780a8630f3182a3d06dd667ab6bea151a0d155b0951bc15fe22633acdac0676?s=96&d=mm&r=g\",\"url\":\"https:\\\/\\\/secure.gravatar.com\\\/avatar\\\/e780a8630f3182a3d06dd667ab6bea151a0d155b0951bc15fe22633acdac0676?s=96&d=mm&r=g\",\"contentUrl\":\"https:\\\/\\\/secure.gravatar.com\\\/avatar\\\/e780a8630f3182a3d06dd667ab6bea151a0d155b0951bc15fe22633acdac0676?s=96&d=mm&r=g\",\"caption\":\"Mzone\"},\"url\":\"https:\\\/\\\/www.mzone.cz\\\/en\\\/author\\\/jakub\\\/\"}]}<\/script>\n<!-- \/ Yoast SEO plugin. -->","yoast_head_json":{"title":"Fear the Walking Dead: 5 zaj\u00edmavost\u00ed ze z\u00e1kulis\u00ed zombie seri\u00e1lu - Mzone","description":"U\u017e v pond\u011bl\u00ed 12. dubna startuje druh\u00e1 \u010d\u00e1st \u0161est\u00e9 \u0159ady hororov\u00e9ho seri\u00e1lu Fear the Walking Dead. \u010cek\u00e1n\u00ed na kultovn\u00ed seri\u00e1l v\u00e1m zp\u0159\u00edjemn\u00edme p\u00e1r zaj\u00edmavostmi, kter\u00e9 jste o seri\u00e1lu pravd\u011bpodobn\u011b netu\u0161ili.","robots":{"index":"index","follow":"follow","max-snippet":"max-snippet:-1","max-image-preview":"max-image-preview:large","max-video-preview":"max-video-preview:-1"},"canonical":"https:\/\/www.mzone.cz\/en\/fear-the-walking-dead-zajimavosti-ze-zakulisi-zombie-serialu\/","og_locale":"en_US","og_type":"article","og_title":"Fear the Walking Dead: 5 zaj\u00edmavost\u00ed ze z\u00e1kulis\u00ed zombie seri\u00e1lu - Mzone","og_description":"U\u017e v pond\u011bl\u00ed 12. dubna startuje druh\u00e1 \u010d\u00e1st \u0161est\u00e9 \u0159ady hororov\u00e9ho seri\u00e1lu Fear the Walking Dead. \u010cek\u00e1n\u00ed na kultovn\u00ed seri\u00e1l v\u00e1m zp\u0159\u00edjemn\u00edme p\u00e1r zaj\u00edmavostmi, kter\u00e9 jste o seri\u00e1lu pravd\u011bpodobn\u011b netu\u0161ili.","og_url":"https:\/\/www.mzone.cz\/en\/fear-the-walking-dead-zajimavosti-ze-zakulisi-zombie-serialu\/","og_site_name":"Mzone","article_publisher":"https:\/\/www.facebook.com\/MzoneCZ\/","article_published_time":"2021-04-08T03:00:00+00:00","og_image":[{"width":2560,"height":1706,"url":"https:\/\/www.mzone.cz\/wp-content\/uploads\/2021\/04\/Fear-the-Walking-Dead-scaled.jpeg","type":"image\/jpeg"}],"author":"Mzone","twitter_card":"summary_large_image","twitter_misc":{"Written by":"Mzone","Est. reading time":"2 minutes"},"schema":{"@context":"https:\/\/schema.org","@graph":[{"@type":"Article","@id":"https:\/\/www.mzone.cz\/fear-the-walking-dead-zajimavosti-ze-zakulisi-zombie-serialu\/#article","isPartOf":{"@id":"https:\/\/www.mzone.cz\/fear-the-walking-dead-zajimavosti-ze-zakulisi-zombie-serialu\/"},"author":{"name":"Mzone","@id":"https:\/\/www.mzone.cz\/#\/schema\/person\/9bc20cc422a99cac4af6ff9297da32d4"},"headline":"Fear the Walking Dead: 5 zaj\u00edmavost\u00ed ze z\u00e1kulis\u00ed zombie seri\u00e1lu","datePublished":"2021-04-08T03:00:00+00:00","mainEntityOfPage":{"@id":"https:\/\/www.mzone.cz\/fear-the-walking-dead-zajimavosti-ze-zakulisi-zombie-serialu\/"},"wordCount":483,"commentCount":0,"image":{"@id":"https:\/\/www.mzone.cz\/fear-the-walking-dead-zajimavosti-ze-zakulisi-zombie-serialu\/#primaryimage"},"thumbnailUrl":"https:\/\/www.mzone.cz\/wp-content\/uploads\/2021\/04\/Fear-the-Walking-Dead-scaled.jpeg","keywords":["Fear the Walking Dead","film","Filmy","Kultura","nat\u00e1\u010den\u00ed","premi\u00e9ra","seri\u00e1l","seri\u00e1ly","televize","Z\u00e1bava","zaj\u00edmavosti","z\u00e1kulis\u00ed","zomb\u00edci","zombie"],"articleSection":["Filmy","Kultura"],"inLanguage":"en-US","potentialAction":[{"@type":"CommentAction","name":"Comment","target":["https:\/\/www.mzone.cz\/fear-the-walking-dead-zajimavosti-ze-zakulisi-zombie-serialu\/#respond"]}]},{"@type":"WebPage","@id":"https:\/\/www.mzone.cz\/fear-the-walking-dead-zajimavosti-ze-zakulisi-zombie-serialu\/","url":"https:\/\/www.mzone.cz\/fear-the-walking-dead-zajimavosti-ze-zakulisi-zombie-serialu\/","name":"Fear the Walking Dead: 5 zaj\u00edmavost\u00ed ze z\u00e1kulis\u00ed zombie seri\u00e1lu - Mzone","isPartOf":{"@id":"https:\/\/www.mzone.cz\/#website"},"primaryImageOfPage":{"@id":"https:\/\/www.mzone.cz\/fear-the-walking-dead-zajimavosti-ze-zakulisi-zombie-serialu\/#primaryimage"},"image":{"@id":"https:\/\/www.mzone.cz\/fear-the-walking-dead-zajimavosti-ze-zakulisi-zombie-serialu\/#primaryimage"},"thumbnailUrl":"https:\/\/www.mzone.cz\/wp-content\/uploads\/2021\/04\/Fear-the-Walking-Dead-scaled.jpeg","datePublished":"2021-04-08T03:00:00+00:00","author":{"@id":"https:\/\/www.mzone.cz\/#\/schema\/person\/9bc20cc422a99cac4af6ff9297da32d4"},"description":"U\u017e v pond\u011bl\u00ed 12. dubna startuje druh\u00e1 \u010d\u00e1st \u0161est\u00e9 \u0159ady hororov\u00e9ho seri\u00e1lu Fear the Walking Dead. \u010cek\u00e1n\u00ed na kultovn\u00ed seri\u00e1l v\u00e1m zp\u0159\u00edjemn\u00edme p\u00e1r zaj\u00edmavostmi, kter\u00e9 jste o seri\u00e1lu pravd\u011bpodobn\u011b netu\u0161ili.","breadcrumb":{"@id":"https:\/\/www.mzone.cz\/fear-the-walking-dead-zajimavosti-ze-zakulisi-zombie-serialu\/#breadcrumb"},"inLanguage":"en-US","potentialAction":[{"@type":"ReadAction","target":["https:\/\/www.mzone.cz\/fear-the-walking-dead-zajimavosti-ze-zakulisi-zombie-serialu\/"]}]},{"@type":"ImageObject","inLanguage":"en-US","@id":"https:\/\/www.mzone.cz\/fear-the-walking-dead-zajimavosti-ze-zakulisi-zombie-serialu\/#primaryimage","url":"https:\/\/www.mzone.cz\/wp-content\/uploads\/2021\/04\/Fear-the-Walking-Dead-scaled.jpeg","contentUrl":"https:\/\/www.mzone.cz\/wp-content\/uploads\/2021\/04\/Fear-the-Walking-Dead-scaled.jpeg","width":2560,"height":1706,"caption":"Fear the Walking Dead"},{"@type":"BreadcrumbList","@id":"https:\/\/www.mzone.cz\/fear-the-walking-dead-zajimavosti-ze-zakulisi-zombie-serialu\/#breadcrumb","itemListElement":[{"@type":"ListItem","position":1,"name":"Dom\u016f","item":"https:\/\/www.mzone.cz\/"},{"@type":"ListItem","position":2,"name":"Fear the Walking Dead: 5 zaj\u00edmavost\u00ed ze z\u00e1kulis\u00ed zombie seri\u00e1lu"}]},{"@type":"WebSite","@id":"https:\/\/www.mzone.cz\/#website","url":"https:\/\/www.mzone.cz\/","name":"Mzone","description":"Magaz\u00edn nejen pro mu\u017ee","potentialAction":[{"@type":"SearchAction","target":{"@type":"EntryPoint","urlTemplate":"https:\/\/www.mzone.cz\/?s={search_term_string}"},"query-input":{"@type":"PropertyValueSpecification","valueRequired":true,"valueName":"search_term_string"}}],"inLanguage":"en-US"},{"@type":"Person","@id":"https:\/\/www.mzone.cz\/#\/schema\/person\/9bc20cc422a99cac4af6ff9297da32d4","name":"Mzone","image":{"@type":"ImageObject","inLanguage":"en-US","@id":"https:\/\/secure.gravatar.com\/avatar\/e780a8630f3182a3d06dd667ab6bea151a0d155b0951bc15fe22633acdac0676?s=96&d=mm&r=g","url":"https:\/\/secure.gravatar.com\/avatar\/e780a8630f3182a3d06dd667ab6bea151a0d155b0951bc15fe22633acdac0676?s=96&d=mm&r=g","contentUrl":"https:\/\/secure.gravatar.com\/avatar\/e780a8630f3182a3d06dd667ab6bea151a0d155b0951bc15fe22633acdac0676?s=96&d=mm&r=g","caption":"Mzone"},"url":"https:\/\/www.mzone.cz\/en\/author\/jakub\/"}]}},"_links":{"self":[{"href":"https:\/\/www.mzone.cz\/en\/wp-json\/wp\/v2\/posts\/30867","targetHints":{"allow":["GET"]}}],"collection":[{"href":"https:\/\/www.mzone.cz\/en\/wp-json\/wp\/v2\/posts"}],"about":[{"href":"https:\/\/www.mzone.cz\/en\/wp-json\/wp\/v2\/types\/post"}],"author":[{"embeddable":true,"href":"https:\/\/www.mzone.cz\/en\/wp-json\/wp\/v2\/users\/4"}],"replies":[{"embeddable":true,"href":"https:\/\/www.mzone.cz\/en\/wp-json\/wp\/v2\/comments?post=30867"}],"version-history":[{"count":10,"href":"https:\/\/www.mzone.cz\/en\/wp-json\/wp\/v2\/posts\/30867\/revisions"}],"predecessor-version":[{"id":30883,"href":"https:\/\/www.mzone.cz\/en\/wp-json\/wp\/v2\/posts\/30867\/revisions\/30883"}],"wp:featuredmedia":[{"embeddable":true,"href":"https:\/\/www.mzone.cz\/en\/wp-json\/wp\/v2\/media\/30869"}],"wp:attachment":[{"href":"https:\/\/www.mzone.cz\/en\/wp-json\/wp\/v2\/media?parent=30867"}],"wp:term":[{"taxonomy":"category","embeddable":true,"href":"https:\/\/www.mzone.cz\/en\/wp-json\/wp\/v2\/categories?post=30867"},{"taxonomy":"post_tag","embeddable":true,"href":"https:\/\/www.mzone.cz\/en\/wp-json\/wp\/v2\/tags?post=30867"}],"curies":[{"name":"wp","href":"https:\/\/api.w.org\/{rel}","templated":true}]}}