{"id":31468,"date":"2021-06-07T05:00:00","date_gmt":"2021-06-07T03:00:00","guid":{"rendered":"https:\/\/www.mzone.cz\/?p=31468"},"modified":"2021-04-14T18:20:26","modified_gmt":"2021-04-14T16:20:26","slug":"festka-se-dostala-na-newyorsky-trh","status":"publish","type":"post","link":"https:\/\/www.mzone.cz\/en\/festka-se-dostala-na-newyorsky-trh\/","title":{"rendered":"\u010cesk\u00e1 Festka se d\u00edky akc\u00edm organizovan\u00fdm b\u011bhem pandemie dostala na newyorsk\u00fd trh"},"content":{"rendered":"<p><strong>\u010cesk\u00fd v\u00fdrobce j\u00edzdn\u00edch kol Festka se d\u00edky cyklistick\u00fdm pop-up akc\u00edm organizovan\u00fdm b\u011bhem pandemie COVID-19 komunitn\u00edm cyklistick\u00fdm sdru\u017een\u00edm Rubber N\u2019 Road dostal z centra Prahy a\u017e na hlavn\u00ed t\u0159\u00eddy Manhattanu.<\/strong><\/p><br>\n\n\n\n<p>Sdru\u017een\u00ed cyklist\u016f s\u00a0n\u00e1zvem Rubber N\u2019 Road bylo zalo\u017eeno b\u011bhem pandemie COVID-19 newyorsk\u00fdmi cyklisty Gilem Lavim a Maxem Davisem jako e-commerce platforma a po\u0159adatel cyklistick\u00fdch pop-up akc\u00ed a jako zp\u016fsob propojen\u00ed Newyor\u010dan\u016f s\u00a0nov\u011b vznikaj\u00edc\u00edmi nez\u00e1visl\u00fdmi glob\u00e1ln\u00edmi cyklistick\u00fdmi zna\u010dkami, v\u010detn\u011b \u010desk\u00e9ho v\u00fdrobce \u0161pi\u010dkov\u00fdch karbonov\u00fdch r\u00e1m\u016f pro silni\u010dn\u00ed kola Festka.<\/p><br>\n\n\n\n<p>Lavi a Davis nav\u00e1zali partnerstv\u00ed se spole\u010dnost\u00ed Volvo Cars USA pro po\u0159\u00e1d\u00e1n\u00ed akce v\u00a0prostor\u00e1ch Volvo Cars Manhattan, st\u011b\u017eejn\u00edho prodejn\u00edho sal\u00f3nu automobilky, kter\u00e9 komunit\u011b nab\u00edzej\u00ed modern\u00ed a prostorn\u00e9 prost\u0159ed\u00ed k\u00a0setk\u00e1n\u00ed a kter\u00e9 jsou p\u0159\u00edhodn\u011b um\u00edst\u011bn\u00e9 pouze jeden blok v\u00fdchodn\u011b od zelen\u00e9 cyklostezky na z\u00e1padn\u00ed stran\u011b Manhattanu (West Side Bike Path Greenway). Newyor\u010dan\u00e9 si tak nyn\u00ed mohou na\u017eivo prohl\u00e9dnout, osahat a vyzkou\u0161et si j\u00edzdn\u00ed kola a vybaven\u00ed, kter\u00e9 se jim d\u0159\u00edve mohlo zd\u00e1t nedosa\u017eiteln\u00e9.<\/p><br>\n\n\n\n<figure class=\"wp-block-image size-large\"><img loading=\"lazy\" decoding=\"async\" width=\"1024\" height=\"576\" src=\"https:\/\/www.mzone.cz\/wp-content\/uploads\/2021\/04\/2-1024x576.jpeg\" alt=\"Showroom v New York\" class=\"wp-image-31474\" srcset=\"https:\/\/www.mzone.cz\/wp-content\/uploads\/2021\/04\/2-1024x576.jpeg 1024w, https:\/\/www.mzone.cz\/wp-content\/uploads\/2021\/04\/2-300x169.jpeg 300w, https:\/\/www.mzone.cz\/wp-content\/uploads\/2021\/04\/2-768x432.jpeg 768w, https:\/\/www.mzone.cz\/wp-content\/uploads\/2021\/04\/2-16x9.jpeg 16w, https:\/\/www.mzone.cz\/wp-content\/uploads\/2021\/04\/2-590x332.jpeg 590w, https:\/\/www.mzone.cz\/wp-content\/uploads\/2021\/04\/2.jpeg 1280w\" sizes=\"auto, (max-width: 1024px) 100vw, 1024px\" \/><\/figure><br>\n\n\n\n<p>\u201eJakmile se na podzim zm\u00edrnila opat\u0159en\u00ed proti COVID-19, cht\u011bli jsme naj\u00edt zp\u016fsob, jak poskytnout na\u0161\u00ed komunit\u011b cyklistick\u00fd z\u00e1\u017eitek jako nikdy p\u0159edt\u00edm. Rozhodli jsme se v New Yorku uspo\u0159\u00e1dat cyklistick\u00e9 pop-up akce v partnerstv\u00ed se zna\u010dkou Volvo, a to spole\u010dn\u011b s\u00a0t\u011bmi celosv\u011btov\u011b nev\u00fdznamn\u011bj\u0161\u00edmi cyklistick\u00fdmi zna\u010dkami vyr\u00e1b\u011bj\u00edc\u00edmi na zak\u00e1zku, a umo\u017enit tak lidem se s\u00a0touto kulturou propojit,\u201c \u0159\u00edk\u00e1 Gil Lavi, spoluzakladatel sdru\u017een\u00ed Rubber N\u2019 Road.<\/p>\n\n\n\n<blockquote class=\"wp-block-quote is-layout-flow wp-block-quote-is-layout-flow\"><p>\u201eDo m\u011bsta jsme p\u0159ivezli kola, kter\u00e1 nikdy nikdo p\u0159edt\u00edm nevid\u011bl. Festka Scalatore Mummy bylo jedno z\u00a0t\u011bch nejzaj\u00edmav\u011bj\u0161\u00edch. Trhu jsme p\u0159edstavili oble\u010den\u00ed a dopl\u0148ky od zna\u010dek, kter\u00e9 nab\u00edzej\u00ed \u00farove\u0148 kvality, jak\u00e1 zde nikdy nebyla k\u00a0dispozici, a vystavili jsme \u0161pi\u010dkov\u00e9 komponenty s\u00a0neuv\u011b\u0159iteln\u00fdm smyslem pro kr\u00e1su a design,\u201c vysv\u011btluje Lavi.<\/p><\/blockquote>\n\n\n\n<p>\u0160iroce otev\u0159en\u00e1 plocha v sal\u00f3nu Volvo poskytuje dostatek prostoru, kter\u00fd lidem navzdory koronaviru dodal pocit pohodl\u00ed, na rozd\u00edl od mnoha newyorsk\u00fdch prostor\u016f a obchod\u016f, kter\u00e9 bu\u010f pozastavily provoz, nebo jsou mal\u00e9 a musely omezovat po\u010det z\u00e1kazn\u00edk\u016f s\u00a0ohledem na udr\u017eov\u00e1n\u00ed odstupu mezi lidmi.<\/p><br>\n\n\n\n<figure class=\"wp-block-image size-large\"><img loading=\"lazy\" decoding=\"async\" width=\"1024\" height=\"682\" src=\"https:\/\/www.mzone.cz\/wp-content\/uploads\/2021\/04\/5-1024x682.jpeg\" alt=\"Festka v New Yorku\" class=\"wp-image-31478\" srcset=\"https:\/\/www.mzone.cz\/wp-content\/uploads\/2021\/04\/5-1024x682.jpeg 1024w, https:\/\/www.mzone.cz\/wp-content\/uploads\/2021\/04\/5-300x200.jpeg 300w, https:\/\/www.mzone.cz\/wp-content\/uploads\/2021\/04\/5-768x512.jpeg 768w, https:\/\/www.mzone.cz\/wp-content\/uploads\/2021\/04\/5-16x12.jpeg 16w, https:\/\/www.mzone.cz\/wp-content\/uploads\/2021\/04\/5-800x533.jpeg 800w, https:\/\/www.mzone.cz\/wp-content\/uploads\/2021\/04\/5-400x267.jpeg 400w, https:\/\/www.mzone.cz\/wp-content\/uploads\/2021\/04\/5-500x333.jpeg 500w, https:\/\/www.mzone.cz\/wp-content\/uploads\/2021\/04\/5-1170x780.jpeg 1170w, https:\/\/www.mzone.cz\/wp-content\/uploads\/2021\/04\/5-590x393.jpeg 590w, https:\/\/www.mzone.cz\/wp-content\/uploads\/2021\/04\/5.jpeg 1280w\" sizes=\"auto, (max-width: 1024px) 100vw, 1024px\" \/><\/figure><br>\n\n\n\n<p>B\u011bhem 3 dn\u016f nav\u0161t\u00edvilo akci p\u0159es 700 host\u016f. Tato prvn\u00ed akce byla tak \u00fasp\u011b\u0161n\u00e1, \u017ee se Rubber N\u2019 Road rozhodli uspo\u0159\u00e1dat dal\u0161\u00ed, av\u0161ak s\u00a0n\u011bkter\u00fdmi p\u0159ekvapiv\u00fdmi zm\u011bnami, jako bylo um\u00edst\u011bn\u00ed akce do 30. patra v\u00fd\u0161kov\u00e9 budovy Park Avenue s\u00a0mo\u017enost\u00ed \u00fa\u010dasti pouze po p\u0159edchoz\u00ed domluv\u011b. Cyklistika se nyn\u00ed op\u011bt dost\u00e1v\u00e1 do centra d\u011bn\u00ed v\u00a0srdci New Yorku, a to ka\u017edou ned\u011bli, kdy Rubber N\u2019 Road p\u0159edstavuj\u00ed novou verzi s\u00e9rie akc\u00ed\u00a0<a href=\"https:\/\/rubbernroad.com\/pages\/nyc-spring-cycling-pop-up\" target=\"_blank\" rel=\"noreferrer noopener\">NYC Cycling Pop Up Series<\/a>. Tato akce zahrnuje p\u0159edstaven\u00ed jarn\u00edch novinek a prvn\u00ed uveden\u00ed nov\u00fdch produkt\u016f od nejluxusn\u011bj\u0161\u00edch sv\u011btov\u00fdch cyklistick\u00fdch zna\u010dek na glob\u00e1ln\u00ed trh, a to op\u011bt v\u010detn\u011b zna\u010dky Festka.<\/p>\n\n\n\n<blockquote class=\"wp-block-quote is-layout-flow wp-block-quote-is-layout-flow\"><p>\u201eNew York byl v\u017edy m\u00edstem ur\u010duj\u00edc\u00edm trendy pro luxusn\u00ed pr\u00e9miov\u00e9 zna\u010dky, um\u011bn\u00ed a design. Jsme r\u00e1di, \u017ee jsme v Rubber N\u2019 Road na\u0161li tak skv\u011bl\u00e9ho partnera a \u017ee m\u00e1me mo\u017enost p\u0159edv\u00e9st na\u0161e nov\u00e1 kola Newyor\u010dan\u016fm prost\u0159ednictv\u00edm jejich unik\u00e1tn\u00edch pop-up akc\u00ed,\u201c \u0159\u00edk\u00e1 spoluzakladatel Festky Michael Moure\u010dek.<\/p><\/blockquote>\n\n\n\n<p>\u201eZa norm\u00e1ln\u00edch okolnost\u00ed bychom jen t\u011b\u017eko hledali p\u0159\u00edle\u017eitost p\u0159edstavit na\u0161e kola na Manhattanu a pravd\u011bpodobn\u011b by nebylo ani mo\u017en\u00e9 takov\u00e9 pop-up eventy zorganizovat, zcela jist\u011b ne v t\u011bchto atraktivn\u00edch prostor\u00e1ch. Pandemick\u00e1 situace n\u00e1m tedy vlastn\u011b t\u00edmto zp\u016fsobem pomohla,\u201c dod\u00e1v\u00e1 Moure\u010dek.<\/p><br>\n\n\n\n<figure class=\"wp-block-image size-large\"><img loading=\"lazy\" decoding=\"async\" width=\"1024\" height=\"683\" src=\"https:\/\/www.mzone.cz\/wp-content\/uploads\/2021\/04\/DSC04673-1024x683.jpg\" alt=\"Kola Festka dobyla Manhattan\" class=\"wp-image-31484\" srcset=\"https:\/\/www.mzone.cz\/wp-content\/uploads\/2021\/04\/DSC04673-1024x683.jpg 1024w, https:\/\/www.mzone.cz\/wp-content\/uploads\/2021\/04\/DSC04673-300x200.jpg 300w, https:\/\/www.mzone.cz\/wp-content\/uploads\/2021\/04\/DSC04673-768x512.jpg 768w, https:\/\/www.mzone.cz\/wp-content\/uploads\/2021\/04\/DSC04673-1536x1024.jpg 1536w, https:\/\/www.mzone.cz\/wp-content\/uploads\/2021\/04\/DSC04673-2048x1365.jpg 2048w, https:\/\/www.mzone.cz\/wp-content\/uploads\/2021\/04\/DSC04673-16x12.jpg 16w, https:\/\/www.mzone.cz\/wp-content\/uploads\/2021\/04\/DSC04673-800x533.jpg 800w, https:\/\/www.mzone.cz\/wp-content\/uploads\/2021\/04\/DSC04673-400x267.jpg 400w, https:\/\/www.mzone.cz\/wp-content\/uploads\/2021\/04\/DSC04673-500x333.jpg 500w, https:\/\/www.mzone.cz\/wp-content\/uploads\/2021\/04\/DSC04673-1170x780.jpg 1170w, https:\/\/www.mzone.cz\/wp-content\/uploads\/2021\/04\/DSC04673-590x393.jpg 590w\" sizes=\"auto, (max-width: 1024px) 100vw, 1024px\" \/><\/figure><br>\n\n\n\n<p>Ud\u00e1lost, kter\u00e1 nov\u011b definovala cyklistickou kulturu New Yorku v\u00a0roce 2020, se op\u011bt do New Yorku vr\u00e1tila i v\u00a0roce 2021. Akce, kter\u00e9 prob\u011bhly b\u011bhem m\u011bs\u00edce dubna, poskytly newyorsk\u00e9 cyklistick\u00e9 komunit\u011b novou p\u0159\u00edle\u017eitost spojit se s glob\u00e1ln\u00ed cyklistickou kulturou a vyzkou\u0161et si nov\u00e9 cyklistick\u00e9 produkty a vybaven\u00ed z cel\u00e9ho sv\u011bta. Tyto pop-up akce spojuje komplexn\u00ed komunitn\u00ed p\u0159\u00edstup s pr\u00e9miov\u00fdmi nez\u00e1visl\u00fdmi zna\u010dkami v bezkonkuren\u010dn\u00edm fyzick\u00e9m prost\u0159ed\u00ed. My Festce k tomuto velk\u00e9mu \u00fasp\u011bchu gratulujeme!<\/p><br>\n\n\n\n<div class=\"wp-block-media-text alignwide is-stacked-on-mobile is-vertically-aligned-top\" style=\"grid-template-columns:30% auto\"><figure class=\"wp-block-media-text__media\"><a href=\"https:\/\/www.mzone.cz\/festka-slavi-deset-let-limitovanou-edici-tri-nejprodavanejsich-modelu\/\"><img loading=\"lazy\" decoding=\"async\" width=\"768\" height=\"512\" src=\"https:\/\/www.mzone.cz\/wp-content\/uploads\/2021\/03\/FESTKA_X_compotech_LQ.jpg\" alt=\"Festka X\" class=\"wp-image-29746 size-full\" srcset=\"https:\/\/www.mzone.cz\/wp-content\/uploads\/2021\/03\/FESTKA_X_compotech_LQ.jpg 768w, https:\/\/www.mzone.cz\/wp-content\/uploads\/2021\/03\/FESTKA_X_compotech_LQ-300x200.jpg 300w, https:\/\/www.mzone.cz\/wp-content\/uploads\/2021\/03\/FESTKA_X_compotech_LQ-16x12.jpg 16w, https:\/\/www.mzone.cz\/wp-content\/uploads\/2021\/03\/FESTKA_X_compotech_LQ-400x267.jpg 400w, https:\/\/www.mzone.cz\/wp-content\/uploads\/2021\/03\/FESTKA_X_compotech_LQ-500x333.jpg 500w, https:\/\/www.mzone.cz\/wp-content\/uploads\/2021\/03\/FESTKA_X_compotech_LQ-590x393.jpg 590w\" sizes=\"auto, (max-width: 768px) 100vw, 768px\" \/><\/a><\/figure><div class=\"wp-block-media-text__content\">\n<h4><a href=\"https:\/\/www.mzone.cz\/festka-slavi-deset-let-limitovanou-edici-tri-nejprodavanejsich-modelu\/\">V\u00fdrobce kol Festka slav\u00ed deset let limitovanou edic\u00ed t\u0159\u00ed nejprod\u00e1van\u011bj\u0161\u00edch model\u016f<\/a><\/h4><br>\n<\/div><\/div>","protected":false},"excerpt":{"rendered":"<p>\u010cesk\u00fd v\u00fdrobce j\u00edzdn\u00edch kol Festka se d\u00edky cyklistick\u00fdm pop-up akc\u00edm organizovan\u00fdm b\u011bhem pandemie COVID-19 komunitn\u00edm cyklistick\u00fdm sdru\u017een\u00edm Rubber N\u2019 Road dostal z centra Prahy a\u017e na hlavn\u00ed t\u0159\u00eddy Manhattanu. Sdru\u017een\u00ed cyklist\u016f s\u00a0n\u00e1zvem Rubber N\u2019 Road bylo zalo\u017eeno b\u011bhem pandemie COVID-19 newyorsk\u00fdmi cyklisty Gilem Lavim a Maxem Davisem jako e-commerce platforma a po\u0159adatel cyklistick\u00fdch pop-up akc\u00ed [&hellip;]<\/p>\n","protected":false},"author":4,"featured_media":31472,"comment_status":"open","ping_status":"closed","sticky":false,"template":"","format":"standard","meta":{"kk_blocks_editor_width":"","_kiokenblocks_attr":"","_kiokenblocks_dimensions":"","footnotes":""},"categories":[80],"tags":[147,1950,3287,3283,3282,3407,4951,3566,42,527,4349],"class_list":["post-31468","post","type-post","status-publish","format-standard","has-post-thumbnail","hentry","category-sport","tag-akce","tag-cyklistika","tag-festka","tag-jizdni-kola","tag-kola","tag-new-york","tag-novy-trh","tag-rozsireni","tag-sport","tag-usa","tag-vyrobce"],"yoast_head":"<!-- This site is optimized with the Yoast SEO plugin v27.5 - https:\/\/yoast.com\/product\/yoast-seo-wordpress\/ -->\n<title>\u010cesk\u00e1 Festka se d\u00edky akc\u00edm organizovan\u00fdm b\u011bhem pandemie dostala na newyorsk\u00fd trh - Mzone<\/title>\n<meta name=\"description\" content=\"\u010cesk\u00fd v\u00fdrobce j\u00edzdn\u00edch kol Festka se d\u00edky cyklistick\u00fdm pop-up akc\u00edm organizovan\u00fdm b\u011bhem pandemie COVID-19 komunitn\u00edm cyklistick\u00fdm sdru\u017een\u00edm Rubber N\u2019 Road dostal z centra Prahy a\u017e na hlavn\u00ed t\u0159\u00eddy Manhattanu.\" \/>\n<meta name=\"robots\" content=\"index, follow, max-snippet:-1, max-image-preview:large, max-video-preview:-1\" \/>\n<link rel=\"canonical\" href=\"https:\/\/www.mzone.cz\/en\/festka-se-dostala-na-newyorsky-trh\/\" \/>\n<meta property=\"og:locale\" content=\"en_US\" \/>\n<meta property=\"og:type\" content=\"article\" \/>\n<meta property=\"og:title\" content=\"\u010cesk\u00e1 Festka se d\u00edky akc\u00edm organizovan\u00fdm b\u011bhem pandemie dostala na newyorsk\u00fd trh - Mzone\" \/>\n<meta property=\"og:description\" content=\"\u010cesk\u00fd v\u00fdrobce j\u00edzdn\u00edch kol Festka se d\u00edky cyklistick\u00fdm pop-up akc\u00edm organizovan\u00fdm b\u011bhem pandemie COVID-19 komunitn\u00edm cyklistick\u00fdm sdru\u017een\u00edm Rubber N\u2019 Road dostal z centra Prahy a\u017e na hlavn\u00ed t\u0159\u00eddy Manhattanu.\" \/>\n<meta property=\"og:url\" content=\"https:\/\/www.mzone.cz\/en\/festka-se-dostala-na-newyorsky-trh\/\" \/>\n<meta property=\"og:site_name\" content=\"Mzone\" \/>\n<meta property=\"article:publisher\" content=\"https:\/\/www.facebook.com\/MzoneCZ\/\" \/>\n<meta property=\"article:published_time\" content=\"2021-06-07T03:00:00+00:00\" \/>\n<meta property=\"og:image\" content=\"https:\/\/www.mzone.cz\/wp-content\/uploads\/2021\/06\/Festka-v-New-Yorku.jpeg\" \/>\n\t<meta property=\"og:image:width\" content=\"1239\" \/>\n\t<meta property=\"og:image:height\" content=\"826\" \/>\n\t<meta property=\"og:image:type\" content=\"image\/jpeg\" \/>\n<meta name=\"author\" content=\"Mzone\" \/>\n<meta name=\"twitter:card\" content=\"summary_large_image\" \/>\n<meta name=\"twitter:label1\" content=\"Written by\" \/>\n\t<meta name=\"twitter:data1\" content=\"Mzone\" \/>\n\t<meta name=\"twitter:label2\" content=\"Est. reading time\" \/>\n\t<meta name=\"twitter:data2\" content=\"4 minutes\" \/>\n<script type=\"application\/ld+json\" class=\"yoast-schema-graph\">{\"@context\":\"https:\\\/\\\/schema.org\",\"@graph\":[{\"@type\":\"Article\",\"@id\":\"https:\\\/\\\/www.mzone.cz\\\/festka-se-dostala-na-newyorsky-trh\\\/#article\",\"isPartOf\":{\"@id\":\"https:\\\/\\\/www.mzone.cz\\\/festka-se-dostala-na-newyorsky-trh\\\/\"},\"author\":{\"name\":\"Mzone\",\"@id\":\"https:\\\/\\\/www.mzone.cz\\\/#\\\/schema\\\/person\\\/9bc20cc422a99cac4af6ff9297da32d4\"},\"headline\":\"\u010cesk\u00e1 Festka se d\u00edky akc\u00edm organizovan\u00fdm b\u011bhem pandemie dostala na newyorsk\u00fd trh\",\"datePublished\":\"2021-06-07T03:00:00+00:00\",\"mainEntityOfPage\":{\"@id\":\"https:\\\/\\\/www.mzone.cz\\\/festka-se-dostala-na-newyorsky-trh\\\/\"},\"wordCount\":812,\"commentCount\":0,\"image\":{\"@id\":\"https:\\\/\\\/www.mzone.cz\\\/festka-se-dostala-na-newyorsky-trh\\\/#primaryimage\"},\"thumbnailUrl\":\"https:\\\/\\\/www.mzone.cz\\\/wp-content\\\/uploads\\\/2021\\\/06\\\/Festka-v-New-Yorku.jpeg\",\"keywords\":[\"akce\",\"cyklistika\",\"Festka\",\"j\u00edzdn\u00ed kola\",\"kola\",\"New York\",\"nov\u00fd trh\",\"roz\u0161\u00ed\u0159en\u00ed\",\"Sport\",\"USA\",\"v\u00fdrobce\"],\"articleSection\":[\"Sport\"],\"inLanguage\":\"en-US\",\"potentialAction\":[{\"@type\":\"CommentAction\",\"name\":\"Comment\",\"target\":[\"https:\\\/\\\/www.mzone.cz\\\/festka-se-dostala-na-newyorsky-trh\\\/#respond\"]}]},{\"@type\":\"WebPage\",\"@id\":\"https:\\\/\\\/www.mzone.cz\\\/festka-se-dostala-na-newyorsky-trh\\\/\",\"url\":\"https:\\\/\\\/www.mzone.cz\\\/festka-se-dostala-na-newyorsky-trh\\\/\",\"name\":\"\u010cesk\u00e1 Festka se d\u00edky akc\u00edm organizovan\u00fdm b\u011bhem pandemie dostala na newyorsk\u00fd trh - Mzone\",\"isPartOf\":{\"@id\":\"https:\\\/\\\/www.mzone.cz\\\/#website\"},\"primaryImageOfPage\":{\"@id\":\"https:\\\/\\\/www.mzone.cz\\\/festka-se-dostala-na-newyorsky-trh\\\/#primaryimage\"},\"image\":{\"@id\":\"https:\\\/\\\/www.mzone.cz\\\/festka-se-dostala-na-newyorsky-trh\\\/#primaryimage\"},\"thumbnailUrl\":\"https:\\\/\\\/www.mzone.cz\\\/wp-content\\\/uploads\\\/2021\\\/06\\\/Festka-v-New-Yorku.jpeg\",\"datePublished\":\"2021-06-07T03:00:00+00:00\",\"author\":{\"@id\":\"https:\\\/\\\/www.mzone.cz\\\/#\\\/schema\\\/person\\\/9bc20cc422a99cac4af6ff9297da32d4\"},\"description\":\"\u010cesk\u00fd v\u00fdrobce j\u00edzdn\u00edch kol Festka se d\u00edky cyklistick\u00fdm pop-up akc\u00edm organizovan\u00fdm b\u011bhem pandemie COVID-19 komunitn\u00edm cyklistick\u00fdm sdru\u017een\u00edm Rubber N\u2019 Road dostal z centra Prahy a\u017e na hlavn\u00ed t\u0159\u00eddy Manhattanu.\",\"breadcrumb\":{\"@id\":\"https:\\\/\\\/www.mzone.cz\\\/festka-se-dostala-na-newyorsky-trh\\\/#breadcrumb\"},\"inLanguage\":\"en-US\",\"potentialAction\":[{\"@type\":\"ReadAction\",\"target\":[\"https:\\\/\\\/www.mzone.cz\\\/festka-se-dostala-na-newyorsky-trh\\\/\"]}]},{\"@type\":\"ImageObject\",\"inLanguage\":\"en-US\",\"@id\":\"https:\\\/\\\/www.mzone.cz\\\/festka-se-dostala-na-newyorsky-trh\\\/#primaryimage\",\"url\":\"https:\\\/\\\/www.mzone.cz\\\/wp-content\\\/uploads\\\/2021\\\/06\\\/Festka-v-New-Yorku.jpeg\",\"contentUrl\":\"https:\\\/\\\/www.mzone.cz\\\/wp-content\\\/uploads\\\/2021\\\/06\\\/Festka-v-New-Yorku.jpeg\",\"width\":1239,\"height\":826,\"caption\":\"Festka v New Yorku\"},{\"@type\":\"BreadcrumbList\",\"@id\":\"https:\\\/\\\/www.mzone.cz\\\/festka-se-dostala-na-newyorsky-trh\\\/#breadcrumb\",\"itemListElement\":[{\"@type\":\"ListItem\",\"position\":1,\"name\":\"Dom\u016f\",\"item\":\"https:\\\/\\\/www.mzone.cz\\\/\"},{\"@type\":\"ListItem\",\"position\":2,\"name\":\"\u010cesk\u00e1 Festka se d\u00edky akc\u00edm organizovan\u00fdm b\u011bhem pandemie dostala na newyorsk\u00fd trh\"}]},{\"@type\":\"WebSite\",\"@id\":\"https:\\\/\\\/www.mzone.cz\\\/#website\",\"url\":\"https:\\\/\\\/www.mzone.cz\\\/\",\"name\":\"Mzone\",\"description\":\"Magaz\u00edn nejen pro mu\u017ee\",\"potentialAction\":[{\"@type\":\"SearchAction\",\"target\":{\"@type\":\"EntryPoint\",\"urlTemplate\":\"https:\\\/\\\/www.mzone.cz\\\/?s={search_term_string}\"},\"query-input\":{\"@type\":\"PropertyValueSpecification\",\"valueRequired\":true,\"valueName\":\"search_term_string\"}}],\"inLanguage\":\"en-US\"},{\"@type\":\"Person\",\"@id\":\"https:\\\/\\\/www.mzone.cz\\\/#\\\/schema\\\/person\\\/9bc20cc422a99cac4af6ff9297da32d4\",\"name\":\"Mzone\",\"image\":{\"@type\":\"ImageObject\",\"inLanguage\":\"en-US\",\"@id\":\"https:\\\/\\\/secure.gravatar.com\\\/avatar\\\/e780a8630f3182a3d06dd667ab6bea151a0d155b0951bc15fe22633acdac0676?s=96&d=mm&r=g\",\"url\":\"https:\\\/\\\/secure.gravatar.com\\\/avatar\\\/e780a8630f3182a3d06dd667ab6bea151a0d155b0951bc15fe22633acdac0676?s=96&d=mm&r=g\",\"contentUrl\":\"https:\\\/\\\/secure.gravatar.com\\\/avatar\\\/e780a8630f3182a3d06dd667ab6bea151a0d155b0951bc15fe22633acdac0676?s=96&d=mm&r=g\",\"caption\":\"Mzone\"},\"url\":\"https:\\\/\\\/www.mzone.cz\\\/en\\\/author\\\/jakub\\\/\"}]}<\/script>\n<!-- \/ Yoast SEO plugin. -->","yoast_head_json":{"title":"\u010cesk\u00e1 Festka se d\u00edky akc\u00edm organizovan\u00fdm b\u011bhem pandemie dostala na newyorsk\u00fd trh - Mzone","description":"\u010cesk\u00fd v\u00fdrobce j\u00edzdn\u00edch kol Festka se d\u00edky cyklistick\u00fdm pop-up akc\u00edm organizovan\u00fdm b\u011bhem pandemie COVID-19 komunitn\u00edm cyklistick\u00fdm sdru\u017een\u00edm Rubber N\u2019 Road dostal z centra Prahy a\u017e na hlavn\u00ed t\u0159\u00eddy Manhattanu.","robots":{"index":"index","follow":"follow","max-snippet":"max-snippet:-1","max-image-preview":"max-image-preview:large","max-video-preview":"max-video-preview:-1"},"canonical":"https:\/\/www.mzone.cz\/en\/festka-se-dostala-na-newyorsky-trh\/","og_locale":"en_US","og_type":"article","og_title":"\u010cesk\u00e1 Festka se d\u00edky akc\u00edm organizovan\u00fdm b\u011bhem pandemie dostala na newyorsk\u00fd trh - Mzone","og_description":"\u010cesk\u00fd v\u00fdrobce j\u00edzdn\u00edch kol Festka se d\u00edky cyklistick\u00fdm pop-up akc\u00edm organizovan\u00fdm b\u011bhem pandemie COVID-19 komunitn\u00edm cyklistick\u00fdm sdru\u017een\u00edm Rubber N\u2019 Road dostal z centra Prahy a\u017e na hlavn\u00ed t\u0159\u00eddy Manhattanu.","og_url":"https:\/\/www.mzone.cz\/en\/festka-se-dostala-na-newyorsky-trh\/","og_site_name":"Mzone","article_publisher":"https:\/\/www.facebook.com\/MzoneCZ\/","article_published_time":"2021-06-07T03:00:00+00:00","og_image":[{"width":1239,"height":826,"url":"https:\/\/www.mzone.cz\/wp-content\/uploads\/2021\/06\/Festka-v-New-Yorku.jpeg","type":"image\/jpeg"}],"author":"Mzone","twitter_card":"summary_large_image","twitter_misc":{"Written by":"Mzone","Est. reading time":"4 minutes"},"schema":{"@context":"https:\/\/schema.org","@graph":[{"@type":"Article","@id":"https:\/\/www.mzone.cz\/festka-se-dostala-na-newyorsky-trh\/#article","isPartOf":{"@id":"https:\/\/www.mzone.cz\/festka-se-dostala-na-newyorsky-trh\/"},"author":{"name":"Mzone","@id":"https:\/\/www.mzone.cz\/#\/schema\/person\/9bc20cc422a99cac4af6ff9297da32d4"},"headline":"\u010cesk\u00e1 Festka se d\u00edky akc\u00edm organizovan\u00fdm b\u011bhem pandemie dostala na newyorsk\u00fd trh","datePublished":"2021-06-07T03:00:00+00:00","mainEntityOfPage":{"@id":"https:\/\/www.mzone.cz\/festka-se-dostala-na-newyorsky-trh\/"},"wordCount":812,"commentCount":0,"image":{"@id":"https:\/\/www.mzone.cz\/festka-se-dostala-na-newyorsky-trh\/#primaryimage"},"thumbnailUrl":"https:\/\/www.mzone.cz\/wp-content\/uploads\/2021\/06\/Festka-v-New-Yorku.jpeg","keywords":["akce","cyklistika","Festka","j\u00edzdn\u00ed kola","kola","New York","nov\u00fd trh","roz\u0161\u00ed\u0159en\u00ed","Sport","USA","v\u00fdrobce"],"articleSection":["Sport"],"inLanguage":"en-US","potentialAction":[{"@type":"CommentAction","name":"Comment","target":["https:\/\/www.mzone.cz\/festka-se-dostala-na-newyorsky-trh\/#respond"]}]},{"@type":"WebPage","@id":"https:\/\/www.mzone.cz\/festka-se-dostala-na-newyorsky-trh\/","url":"https:\/\/www.mzone.cz\/festka-se-dostala-na-newyorsky-trh\/","name":"\u010cesk\u00e1 Festka se d\u00edky akc\u00edm organizovan\u00fdm b\u011bhem pandemie dostala na newyorsk\u00fd trh - Mzone","isPartOf":{"@id":"https:\/\/www.mzone.cz\/#website"},"primaryImageOfPage":{"@id":"https:\/\/www.mzone.cz\/festka-se-dostala-na-newyorsky-trh\/#primaryimage"},"image":{"@id":"https:\/\/www.mzone.cz\/festka-se-dostala-na-newyorsky-trh\/#primaryimage"},"thumbnailUrl":"https:\/\/www.mzone.cz\/wp-content\/uploads\/2021\/06\/Festka-v-New-Yorku.jpeg","datePublished":"2021-06-07T03:00:00+00:00","author":{"@id":"https:\/\/www.mzone.cz\/#\/schema\/person\/9bc20cc422a99cac4af6ff9297da32d4"},"description":"\u010cesk\u00fd v\u00fdrobce j\u00edzdn\u00edch kol Festka se d\u00edky cyklistick\u00fdm pop-up akc\u00edm organizovan\u00fdm b\u011bhem pandemie COVID-19 komunitn\u00edm cyklistick\u00fdm sdru\u017een\u00edm Rubber N\u2019 Road dostal z centra Prahy a\u017e na hlavn\u00ed t\u0159\u00eddy Manhattanu.","breadcrumb":{"@id":"https:\/\/www.mzone.cz\/festka-se-dostala-na-newyorsky-trh\/#breadcrumb"},"inLanguage":"en-US","potentialAction":[{"@type":"ReadAction","target":["https:\/\/www.mzone.cz\/festka-se-dostala-na-newyorsky-trh\/"]}]},{"@type":"ImageObject","inLanguage":"en-US","@id":"https:\/\/www.mzone.cz\/festka-se-dostala-na-newyorsky-trh\/#primaryimage","url":"https:\/\/www.mzone.cz\/wp-content\/uploads\/2021\/06\/Festka-v-New-Yorku.jpeg","contentUrl":"https:\/\/www.mzone.cz\/wp-content\/uploads\/2021\/06\/Festka-v-New-Yorku.jpeg","width":1239,"height":826,"caption":"Festka v New Yorku"},{"@type":"BreadcrumbList","@id":"https:\/\/www.mzone.cz\/festka-se-dostala-na-newyorsky-trh\/#breadcrumb","itemListElement":[{"@type":"ListItem","position":1,"name":"Dom\u016f","item":"https:\/\/www.mzone.cz\/"},{"@type":"ListItem","position":2,"name":"\u010cesk\u00e1 Festka se d\u00edky akc\u00edm organizovan\u00fdm b\u011bhem pandemie dostala na newyorsk\u00fd trh"}]},{"@type":"WebSite","@id":"https:\/\/www.mzone.cz\/#website","url":"https:\/\/www.mzone.cz\/","name":"Mzone","description":"Magaz\u00edn nejen pro mu\u017ee","potentialAction":[{"@type":"SearchAction","target":{"@type":"EntryPoint","urlTemplate":"https:\/\/www.mzone.cz\/?s={search_term_string}"},"query-input":{"@type":"PropertyValueSpecification","valueRequired":true,"valueName":"search_term_string"}}],"inLanguage":"en-US"},{"@type":"Person","@id":"https:\/\/www.mzone.cz\/#\/schema\/person\/9bc20cc422a99cac4af6ff9297da32d4","name":"Mzone","image":{"@type":"ImageObject","inLanguage":"en-US","@id":"https:\/\/secure.gravatar.com\/avatar\/e780a8630f3182a3d06dd667ab6bea151a0d155b0951bc15fe22633acdac0676?s=96&d=mm&r=g","url":"https:\/\/secure.gravatar.com\/avatar\/e780a8630f3182a3d06dd667ab6bea151a0d155b0951bc15fe22633acdac0676?s=96&d=mm&r=g","contentUrl":"https:\/\/secure.gravatar.com\/avatar\/e780a8630f3182a3d06dd667ab6bea151a0d155b0951bc15fe22633acdac0676?s=96&d=mm&r=g","caption":"Mzone"},"url":"https:\/\/www.mzone.cz\/en\/author\/jakub\/"}]}},"_links":{"self":[{"href":"https:\/\/www.mzone.cz\/en\/wp-json\/wp\/v2\/posts\/31468","targetHints":{"allow":["GET"]}}],"collection":[{"href":"https:\/\/www.mzone.cz\/en\/wp-json\/wp\/v2\/posts"}],"about":[{"href":"https:\/\/www.mzone.cz\/en\/wp-json\/wp\/v2\/types\/post"}],"author":[{"embeddable":true,"href":"https:\/\/www.mzone.cz\/en\/wp-json\/wp\/v2\/users\/4"}],"replies":[{"embeddable":true,"href":"https:\/\/www.mzone.cz\/en\/wp-json\/wp\/v2\/comments?post=31468"}],"version-history":[{"count":14,"href":"https:\/\/www.mzone.cz\/en\/wp-json\/wp\/v2\/posts\/31468\/revisions"}],"predecessor-version":[{"id":31493,"href":"https:\/\/www.mzone.cz\/en\/wp-json\/wp\/v2\/posts\/31468\/revisions\/31493"}],"wp:featuredmedia":[{"embeddable":true,"href":"https:\/\/www.mzone.cz\/en\/wp-json\/wp\/v2\/media\/31472"}],"wp:attachment":[{"href":"https:\/\/www.mzone.cz\/en\/wp-json\/wp\/v2\/media?parent=31468"}],"wp:term":[{"taxonomy":"category","embeddable":true,"href":"https:\/\/www.mzone.cz\/en\/wp-json\/wp\/v2\/categories?post=31468"},{"taxonomy":"post_tag","embeddable":true,"href":"https:\/\/www.mzone.cz\/en\/wp-json\/wp\/v2\/tags?post=31468"}],"curies":[{"name":"wp","href":"https:\/\/api.w.org\/{rel}","templated":true}]}}